{"id":36783,"date":"2025-07-08T17:39:22","date_gmt":"2025-07-08T23:39:22","guid":{"rendered":"https:\/\/soymigrante.com\/revista\/?p=36783"},"modified":"2025-07-08T17:39:26","modified_gmt":"2025-07-08T23:39:26","slug":"actuar-con-serenidad-en-una-emergencia-puede-salvar-vidas-en-usa-y-guatemala","status":"publish","type":"post","link":"https:\/\/soymigrante.com\/revista\/actuar-con-serenidad-en-una-emergencia-puede-salvar-vidas-en-usa-y-guatemala\/","title":{"rendered":"Actuar con serenidad en una emergencia por sismo o clima puede salvar vidas en USA y Guatemala"},"content":{"rendered":"\t\t<div data-elementor-type=\"wp-post\" data-elementor-id=\"36783\" class=\"elementor elementor-36783\" data-elementor-post-type=\"post\">\n\t\t\t\t<div data-particle_enable=\"false\" data-particle-mobile-disabled=\"false\" class=\"elementor-element elementor-element-9886c0c e-flex e-con-boxed e-con e-parent\" data-id=\"9886c0c\" data-element_type=\"container\" data-e-type=\"container\">\n\t\t\t\t\t<div class=\"e-con-inner\">\n\t\t\t\t<div class=\"elementor-element elementor-element-e061553 elementor-widget elementor-widget-heading\" data-id=\"e061553\" data-element_type=\"widget\" data-e-type=\"widget\" data-widget_type=\"heading.default\">\n\t\t\t\t\t<h2 class=\"elementor-heading-title elementor-size-default\">Una emergencia puede ser por un desastre natural, pero debes saber estos consejos para salvar vidas en Guatemala o en USA. \n<\/h2>\t\t\t\t<\/div>\n\t\t\t\t\t<\/div>\n\t\t\t\t<\/div>\n\t\t<div data-particle_enable=\"false\" data-particle-mobile-disabled=\"false\" class=\"elementor-element elementor-element-5ac9ec8 e-flex e-con-boxed e-con e-parent\" data-id=\"5ac9ec8\" data-element_type=\"container\" data-e-type=\"container\">\n\t\t\t\t\t<div class=\"e-con-inner\">\n\t\t\t\t<div class=\"elementor-element elementor-element-cbddad9 elementor-widget elementor-widget-text-editor\" data-id=\"cbddad9\" data-element_type=\"widget\" data-e-type=\"widget\" data-widget_type=\"text-editor.default\">\n\t\t\t\t\t\t\t\t\t<p>Cuando una emergencia ocurre \u2014ya sea un hurac\u00e1n, terremoto, incendio, inundaci\u00f3n o tiroteo\u2014 el primer instinto suele ser buscar respuestas r\u00e1pidas. Sin embargo, actuar con prudencia, <a href=\"https:\/\/soymigrante.com\/revista\/estas-lejos-de-tus-hijos-seis-claves-para-mantener-una-comunicacion-efectiva\/\" target=\"_blank\" rel=\"noopener\">esperar informaci\u00f3n oficial y tener una estrategia familiar puede marcar la diferencia entre la seguridad y el caos, tanto en Guatemala como en Estados Unidos.<\/a><\/p><p>En ambas naciones, los eventos naturales y humanos de alto riesgo son parte de la realidad. Mientras en Guatemala los sismos, las lluvias extremas y las erupciones volc\u00e1nicas son amenazas comunes, en Estados Unidos hay zonas propensas a incendios forestales, tornados, tormentas de nieve e incluso tiroteos masivos. Sin importar la ubicaci\u00f3n, la clave es prepararse con anticipaci\u00f3n y mantener la calma ante lo desconocido.<\/p>\t\t\t\t\t\t\t\t<\/div>\n\t\t\t\t\t<\/div>\n\t\t\t\t<\/div>\n\t\t<div data-particle_enable=\"false\" data-particle-mobile-disabled=\"false\" class=\"elementor-element elementor-element-e7b9176 e-flex e-con-boxed e-con e-parent\" data-id=\"e7b9176\" data-element_type=\"container\" data-e-type=\"container\">\n\t\t\t\t\t<div class=\"e-con-inner\">\n\t\t\t\t<div class=\"elementor-element elementor-element-c71e761 elementor-widget elementor-widget-heading\" data-id=\"c71e761\" data-element_type=\"widget\" data-e-type=\"widget\" data-widget_type=\"heading.default\">\n\t\t\t\t\t<h3 class=\"elementor-heading-title elementor-size-default\">Comunicaci\u00f3n familiar: establecer frases clave y puntos de encuentro<\/h3>\t\t\t\t<\/div>\n\t\t\t\t\t<\/div>\n\t\t\t\t<\/div>\n\t\t<div data-particle_enable=\"false\" data-particle-mobile-disabled=\"false\" class=\"elementor-element elementor-element-f6e4501 e-flex e-con-boxed e-con e-parent\" data-id=\"f6e4501\" data-element_type=\"container\" data-e-type=\"container\">\n\t\t\t\t\t<div class=\"e-con-inner\">\n\t\t\t\t<div class=\"elementor-element elementor-element-c74ea79 elementor-widget elementor-widget-text-editor\" data-id=\"c74ea79\" data-element_type=\"widget\" data-e-type=\"widget\" data-widget_type=\"text-editor.default\">\n\t\t\t\t\t\t\t\t\t<div><a href=\"https:\/\/soymigrante.com\/revista\/estas-lejos-de-tus-hijos-seis-claves-para-mantener-una-comunicacion-efectiva\/\" target=\"_blank\" rel=\"noopener\">Una de las primeras acciones que recomiendan los expertos en protecci\u00f3n civil es crear un plan de comunicaci\u00f3n familiar para emergencias<\/a>. Esto incluye:<\/div><div>\u2022Establecer una frase clave que indique que alguien est\u00e1 a salvo (por ejemplo: \u201cEstoy con la abuela, estamos bien\u201d).<\/div><div>\u2022Tener un grupo familiar por mensaje de texto o una lista de contactos de emergencia.<\/div><div>\u2022Definir un punto de encuentro en caso de evacuaci\u00f3n (una casa vecina, un parque o tienda cercana).<\/div><div>\u2022Ense\u00f1ar a todos los miembros de la familia, incluso los ni\u00f1os, a recordar n\u00fameros de tel\u00e9fono importantes y saber c\u00f3mo pedir ayuda.<\/div><div>\u00a0<\/div><div>\u201c<em>Durante una emergencia, el miedo puede bloquear la capacidad de pensar con claridad. Por eso, hablar antes con la familia sobre qu\u00e9 hacer en diferentes escenarios puede reducir la ansiedad y salvar vidas<\/em>\u201d, explica Alejandra L\u00f3pez, especialista en gesti\u00f3n del riesgo en Guatemala.<\/div>\t\t\t\t\t\t\t\t<\/div>\n\t\t\t\t\t<\/div>\n\t\t\t\t<\/div>\n\t\t<div data-particle_enable=\"false\" data-particle-mobile-disabled=\"false\" class=\"elementor-element elementor-element-437b270 e-flex e-con-boxed e-con e-parent\" data-id=\"437b270\" data-element_type=\"container\" data-e-type=\"container\">\n\t\t\t\t\t<div class=\"e-con-inner\">\n\t\t\t\t<div class=\"elementor-element elementor-element-8a073fe elementor-invisible elementor-widget elementor-widget-facebook-embed\" data-id=\"8a073fe\" data-element_type=\"widget\" data-e-type=\"widget\" data-settings=\"{&quot;_animation&quot;:&quot;zoomInDown&quot;}\" data-widget_type=\"facebook-embed.default\">\n\t\t\t\t\t<div style=\"min-height: 1px\" class=\"elementor-facebook-widget fb-post\" data-href=\"https:\/\/www.facebook.com\/photo.php?fbid=1139589064878038&#038;set=pb.100064808647866.-2207520000&#038;type=3\" data-show-text=\"false\"><\/div>\t\t\t\t<\/div>\n\t\t\t\t\t<\/div>\n\t\t\t\t<\/div>\n\t\t<div data-particle_enable=\"false\" data-particle-mobile-disabled=\"false\" class=\"elementor-element elementor-element-fba8fc7 e-flex e-con-boxed e-con e-parent\" data-id=\"fba8fc7\" data-element_type=\"container\" data-e-type=\"container\">\n\t\t\t\t\t<div class=\"e-con-inner\">\n\t\t\t\t<div class=\"elementor-element elementor-element-cd7566b elementor-widget elementor-widget-heading\" data-id=\"cd7566b\" data-element_type=\"widget\" data-e-type=\"widget\" data-widget_type=\"heading.default\">\n\t\t\t\t\t<h3 class=\"elementor-heading-title elementor-size-default\">Cuidado con los rumores: confiar solo en fuentes oficiales<\/h3>\t\t\t\t<\/div>\n\t\t\t\t\t<\/div>\n\t\t\t\t<\/div>\n\t\t<div data-particle_enable=\"false\" data-particle-mobile-disabled=\"false\" class=\"elementor-element elementor-element-7a787c3 e-flex e-con-boxed e-con e-parent\" data-id=\"7a787c3\" data-element_type=\"container\" data-e-type=\"container\">\n\t\t\t\t\t<div class=\"e-con-inner\">\n\t\t\t\t<div class=\"elementor-element elementor-element-c2c2ac1 elementor-widget elementor-widget-text-editor\" data-id=\"c2c2ac1\" data-element_type=\"widget\" data-e-type=\"widget\" data-widget_type=\"text-editor.default\">\n\t\t\t\t\t\t\t\t\t<p><a href=\"https:\/\/soymigrante.com\/revista\/estas-lejos-de-tus-hijos-seis-claves-para-mantener-una-comunicacion-efectiva\/\" target=\"_blank\" rel=\"noopener\">Uno de los mayores peligros durante una crisis es la desinformaci\u00f3n<\/a>, especialmente en redes sociales y videos que circulan sin verificaci\u00f3n. En muchos casos, los contenidos que parecen ayudar solo contribuyen al p\u00e1nico.<\/p>\t\t\t\t\t\t\t\t<\/div>\n\t\t\t\t\t<\/div>\n\t\t\t\t<\/div>\n\t\t<div data-particle_enable=\"false\" data-particle-mobile-disabled=\"false\" class=\"elementor-element elementor-element-462480a e-flex e-con-boxed e-con e-parent\" data-id=\"462480a\" data-element_type=\"container\" data-e-type=\"container\">\n\t\t\t\t\t<div class=\"e-con-inner\">\n\t\t\t\t<div class=\"elementor-element elementor-element-fe6469a elementor-invisible elementor-widget elementor-widget-facebook-embed\" data-id=\"fe6469a\" data-element_type=\"widget\" data-e-type=\"widget\" data-settings=\"{&quot;_animation&quot;:&quot;zoomInDown&quot;}\" data-widget_type=\"facebook-embed.default\">\n\t\t\t\t\t<div style=\"min-height: 1px\" class=\"elementor-facebook-widget fb-post\" data-href=\"https:\/\/www.facebook.com\/photo.php?fbid=1150881353744294&#038;set=pb.100064673203154.-2207520000&#038;type=3\" data-show-text=\"false\"><\/div>\t\t\t\t<\/div>\n\t\t\t\t\t<\/div>\n\t\t\t\t<\/div>\n\t\t<div data-particle_enable=\"false\" data-particle-mobile-disabled=\"false\" class=\"elementor-element elementor-element-0e360d5 e-flex e-con-boxed e-con e-parent\" data-id=\"0e360d5\" data-element_type=\"container\" data-e-type=\"container\">\n\t\t\t\t\t<div class=\"e-con-inner\">\n\t\t\t\t<div class=\"elementor-element elementor-element-a741cf7 elementor-widget elementor-widget-text-editor\" data-id=\"a741cf7\" data-element_type=\"widget\" data-e-type=\"widget\" data-widget_type=\"text-editor.default\">\n\t\t\t\t\t\t\t\t\t<div><strong>En Guatemala, fuentes confiables incluyen:<\/strong><\/div><div>\u2022<a href=\"https:\/\/conred.gob.gt\/\" target=\"_blank\" rel=\"noopener\">CONRED<\/a> (Coordinadora Nacional para la Reducci\u00f3n de Desastres)<\/div><div><a href=\"https:\/\/insivumeh.gob.gt\/\" target=\"_blank\" rel=\"noopener\">\u2022INSIVUMEH<\/a> (Instituto Nacional de Sismolog\u00eda, Vulcanolog\u00eda, Meteorolog\u00eda e Hidrolog\u00eda)<\/div><div>\u2022Medios period\u00edsticos reconocidos<\/div>\t\t\t\t\t\t\t\t<\/div>\n\t\t\t\t\t<\/div>\n\t\t\t\t<\/div>\n\t\t<div data-particle_enable=\"false\" data-particle-mobile-disabled=\"false\" class=\"elementor-element elementor-element-7d2579f e-flex e-con-boxed e-con e-parent\" data-id=\"7d2579f\" data-element_type=\"container\" data-e-type=\"container\">\n\t\t\t\t\t<div class=\"e-con-inner\">\n\t\t\t\t<div class=\"elementor-element elementor-element-f7530f8 elementor-invisible elementor-widget elementor-widget-facebook-embed\" data-id=\"f7530f8\" data-element_type=\"widget\" data-e-type=\"widget\" data-settings=\"{&quot;_animation&quot;:&quot;zoomInDown&quot;}\" data-widget_type=\"facebook-embed.default\">\n\t\t\t\t\t<div style=\"min-height: 1px\" class=\"elementor-facebook-widget fb-post\" data-href=\"https:\/\/www.facebook.com\/photo.php?fbid=1177562791068240&#038;set=pb.100064435913958.-2207520000&#038;type=3\" data-show-text=\"false\"><\/div>\t\t\t\t<\/div>\n\t\t\t\t\t<\/div>\n\t\t\t\t<\/div>\n\t\t<div data-particle_enable=\"false\" data-particle-mobile-disabled=\"false\" class=\"elementor-element elementor-element-2a73a0e e-flex e-con-boxed e-con e-parent\" data-id=\"2a73a0e\" data-element_type=\"container\" data-e-type=\"container\">\n\t\t\t\t\t<div class=\"e-con-inner\">\n\t\t\t\t<div class=\"elementor-element elementor-element-d176230 elementor-widget elementor-widget-text-editor\" data-id=\"d176230\" data-element_type=\"widget\" data-e-type=\"widget\" data-widget_type=\"text-editor.default\">\n\t\t\t\t\t\t\t\t\t<div><strong>En Estados Unidos, se recomienda seguir a:<\/strong><\/div><div>\u2022<a href=\"https:\/\/www.fema.gov\/\" target=\"_blank\" rel=\"noopener\">FEMA<\/a> (Federal Emergency Management Agency)<\/div><div>\u2022<a href=\"https:\/\/www.noaa.gov\/\" target=\"_blank\" rel=\"noopener\">NOAA<\/a> (Administraci\u00f3n Nacional Oce\u00e1nica y Atmosf\u00e9rica)<\/div><div>\u2022Cuerpos locales de bomberos o protecci\u00f3n civil<\/div><div>\u2022Aplicaciones de emergencia estatales o municipales<\/div>\t\t\t\t\t\t\t\t<\/div>\n\t\t\t\t\t<\/div>\n\t\t\t\t<\/div>\n\t\t<div data-particle_enable=\"false\" data-particle-mobile-disabled=\"false\" class=\"elementor-element elementor-element-8877aa7 e-flex e-con-boxed e-con e-parent\" data-id=\"8877aa7\" data-element_type=\"container\" data-e-type=\"container\">\n\t\t\t\t\t<div class=\"e-con-inner\">\n\t\t\t\t<div class=\"elementor-element elementor-element-924a823 elementor-invisible elementor-widget elementor-widget-facebook-embed\" data-id=\"924a823\" data-element_type=\"widget\" data-e-type=\"widget\" data-settings=\"{&quot;_animation&quot;:&quot;zoomInDown&quot;}\" data-widget_type=\"facebook-embed.default\">\n\t\t\t\t\t<div style=\"min-height: 1px\" class=\"elementor-facebook-widget fb-post\" data-href=\"https:\/\/www.facebook.com\/photo\/?fbid=1188979406607896&#038;set=pcb.1188979436607893\" data-show-text=\"false\"><\/div>\t\t\t\t<\/div>\n\t\t\t\t\t<\/div>\n\t\t\t\t<\/div>\n\t\t<div data-particle_enable=\"false\" data-particle-mobile-disabled=\"false\" class=\"elementor-element elementor-element-0a4526c e-flex e-con-boxed e-con e-parent\" data-id=\"0a4526c\" data-element_type=\"container\" data-e-type=\"container\">\n\t\t\t\t\t<div class=\"e-con-inner\">\n\t\t\t\t<div class=\"elementor-element elementor-element-9267f42 elementor-widget elementor-widget-heading\" data-id=\"9267f42\" data-element_type=\"widget\" data-e-type=\"widget\" data-widget_type=\"heading.default\">\n\t\t\t\t\t<h3 class=\"elementor-heading-title elementor-size-default\">Preparaci\u00f3n previa: pr\u00e1cticas que hacen la diferencia<\/h3>\t\t\t\t<\/div>\n\t\t\t\t\t<\/div>\n\t\t\t\t<\/div>\n\t\t<div data-particle_enable=\"false\" data-particle-mobile-disabled=\"false\" class=\"elementor-element elementor-element-b1f834a e-flex e-con-boxed e-con e-parent\" data-id=\"b1f834a\" data-element_type=\"container\" data-e-type=\"container\">\n\t\t\t\t\t<div class=\"e-con-inner\">\n\t\t\t\t<div class=\"elementor-element elementor-element-c13dadd elementor-widget elementor-widget-text-editor\" data-id=\"c13dadd\" data-element_type=\"widget\" data-e-type=\"widget\" data-widget_type=\"text-editor.default\">\n\t\t\t\t\t\t\t\t\t<div>Tanto en zonas urbanas como rurales, <a href=\"https:\/\/soymigrante.com\/revista\/estas-lejos-de-tus-hijos-seis-claves-para-mantener-una-comunicacion-efectiva\/\" target=\"_blank\" rel=\"noopener\">prepararse antes de que ocurra una emergencia es una inversi\u00f3n que salva vidas. Algunas medidas recomendadas incluyen:<\/a><\/div><div>\u2022Simulacros familiares de evacuaci\u00f3n y ubicaci\u00f3n de rutas de escape.<\/div><div>\u2022Mochila de emergencia lista, con agua, alimentos, linterna, radio de bater\u00edas, copia de documentos y medicinas.<\/div><div>\u2022Identificar zonas seguras dentro y fuera del hogar en caso de sismo, erupci\u00f3n volc\u00e1nica o tiroteo.<\/div><div>\u2022En \u00e1reas propensas a inundaciones, conocer los niveles del agua y no cruzar corrientes.<\/div><div>\u2022En zonas de fr\u00edo extremo, tener mantas, ropa t\u00e9rmica, sal para el hielo y dispositivos de calefacci\u00f3n adecuados.<\/div><div>\u00a0<\/div><div>En muchos lugares de Estados Unidos, las escuelas ense\u00f1an desde peque\u00f1os c\u00f3mo actuar durante terremotos o tiroteos. En Guatemala, varias instituciones educativas tambi\u00e9n comienzan a implementar protocolos de seguridad y evacuaci\u00f3n con apoyo de entidades como la CONRED.<\/div>\t\t\t\t\t\t\t\t<\/div>\n\t\t\t\t\t<\/div>\n\t\t\t\t<\/div>\n\t\t<div data-particle_enable=\"false\" data-particle-mobile-disabled=\"false\" class=\"elementor-element elementor-element-5d5876a e-flex e-con-boxed e-con e-parent\" data-id=\"5d5876a\" data-element_type=\"container\" data-e-type=\"container\">\n\t\t\t\t\t<div class=\"e-con-inner\">\n\t\t\t\t<div class=\"elementor-element elementor-element-d207de4 elementor-invisible elementor-widget elementor-widget-facebook-embed\" data-id=\"d207de4\" data-element_type=\"widget\" data-e-type=\"widget\" data-settings=\"{&quot;_animation&quot;:&quot;zoomInDown&quot;}\" data-widget_type=\"facebook-embed.default\">\n\t\t\t\t\t<div style=\"min-height: 1px\" class=\"elementor-facebook-widget fb-post\" data-href=\"https:\/\/www.facebook.com\/photo.php?fbid=1139266451576966&#038;set=pb.100064808647866.-2207520000&#038;type=3\" data-show-text=\"false\"><\/div>\t\t\t\t<\/div>\n\t\t\t\t\t<\/div>\n\t\t\t\t<\/div>\n\t\t<div data-particle_enable=\"false\" data-particle-mobile-disabled=\"false\" class=\"elementor-element elementor-element-b5a5e7b e-flex e-con-boxed e-con e-parent\" data-id=\"b5a5e7b\" data-element_type=\"container\" data-e-type=\"container\">\n\t\t\t\t\t<div class=\"e-con-inner\">\n\t\t\t\t<div class=\"elementor-element elementor-element-50d65cd elementor-widget elementor-widget-heading\" data-id=\"50d65cd\" data-element_type=\"widget\" data-e-type=\"widget\" data-widget_type=\"heading.default\">\n\t\t\t\t\t<h3 class=\"elementor-heading-title elementor-size-default\">La calma salva m\u00e1s que el p\u00e1nico<\/h3>\t\t\t\t<\/div>\n\t\t\t\t\t<\/div>\n\t\t\t\t<\/div>\n\t\t<div data-particle_enable=\"false\" data-particle-mobile-disabled=\"false\" class=\"elementor-element elementor-element-ac96f69 e-flex e-con-boxed e-con e-parent\" data-id=\"ac96f69\" data-element_type=\"container\" data-e-type=\"container\">\n\t\t\t\t\t<div class=\"e-con-inner\">\n\t\t\t\t<div class=\"elementor-element elementor-element-ca458a4 elementor-widget elementor-widget-text-editor\" data-id=\"ca458a4\" data-element_type=\"widget\" data-e-type=\"widget\" data-widget_type=\"text-editor.default\">\n\t\t\t\t\t\t\t\t\t<p><a href=\"https:\/\/soymigrante.com\/revista\/estas-lejos-de-tus-hijos-seis-claves-para-mantener-una-comunicacion-efectiva\/\" target=\"_blank\" rel=\"noopener\">En momentos de crisis, el p\u00e1nico colectivo puede agravar una situaci\u00f3n ya complicada<\/a>. En cambio, mantener la serenidad, seguir los planes establecidos y esperar las instrucciones oficiales contribuye a proteger a quienes nos rodean y a uno mismo.<\/p><p>\u201cNo siempre se puede evitar la emergencia, pero s\u00ed podemos decidir c\u00f3mo reaccionar\u201d, concluye L\u00f3pez.<\/p><p>En estos tiempos, prepararse es un acto de amor por la vida y por los dem\u00e1s. La informaci\u00f3n salva, la prevenci\u00f3n protege, y la prudencia en el momento clave puede hacer la diferencia entre el desastre y la resiliencia.<\/p>\t\t\t\t\t\t\t\t<\/div>\n\t\t\t\t\t<\/div>\n\t\t\t\t<\/div>\n\t\t<div data-particle_enable=\"false\" data-particle-mobile-disabled=\"false\" class=\"elementor-element elementor-element-de3abb3 e-flex e-con-boxed e-con e-parent\" data-id=\"de3abb3\" data-element_type=\"container\" data-e-type=\"container\">\n\t\t\t\t\t<div class=\"e-con-inner\">\n\t\t\t\t<div class=\"elementor-element elementor-element-8b51879 elementor-widget elementor-widget-heading\" data-id=\"8b51879\" data-element_type=\"widget\" data-e-type=\"widget\" data-widget_type=\"heading.default\">\n\t\t\t\t\t<h2 class=\"elementor-heading-title elementor-size-default\">Estos temas te pueden interesar...<\/h2>\t\t\t\t<\/div>\n\t\t\t\t\t<\/div>\n\t\t\t\t<\/div>\n\t\t<div data-particle_enable=\"false\" data-particle-mobile-disabled=\"false\" class=\"elementor-element elementor-element-709f4bc e-flex e-con-boxed e-con e-parent\" data-id=\"709f4bc\" data-element_type=\"container\" data-e-type=\"container\">\n\t\t\t\t\t<div class=\"e-con-inner\">\n\t\t\t\t<div class=\"elementor-element elementor-element-d8461d5 elementor-grid-eael-col-3 elementor-grid-tablet-eael-col-2 elementor-grid-mobile-eael-col-1 elementor-invisible elementor-widget elementor-widget-eael-post-grid\" data-id=\"d8461d5\" data-element_type=\"widget\" data-e-type=\"widget\" data-settings=\"{&quot;eael_post_grid_columns&quot;:&quot;eael-col-3&quot;,&quot;_animation&quot;:&quot;rollIn&quot;,&quot;eael_post_grid_columns_tablet&quot;:&quot;eael-col-2&quot;,&quot;eael_post_grid_columns_mobile&quot;:&quot;eael-col-1&quot;}\" data-widget_type=\"eael-post-grid.default\">\n\t\t\t\t\t<div id=\"eael-post-grid-d8461d5\" class=\"eael-post-grid-container\">\n            <div class=\"eael-post-grid eael-post-appender eael-post-appender-d8461d5 eael-post-grid-style-one\" data-layout-mode=\"masonry\"><article class=\"eael-grid-post  eael-post-grid-column eael-pg-post-30400 category-bienestar\" data-id=\"30400\">\n        <div class=\"eael-grid-post-holder\">\n            <div class=\"eael-grid-post-holder-inner\"><div class=\"eael-entry-media\"><div class=\"eael-entry-overlay fade-in\"><i class=\"far fa-hand-pointer\" aria-hidden=\"true\"><\/i><a href=\"https:\/\/soymigrante.com\/revista\/modales-digitales-claves-para-la-comunicacion-efectiva-en-mensajes-y-videollamadas\/\"><\/a><\/div><div class=\"eael-entry-thumbnail \">\n                <img fetchpriority=\"high\" decoding=\"async\" width=\"1024\" height=\"576\" src=\"https:\/\/soymigrante.com\/revista\/wp-content\/uploads\/2025\/04\/Como-comunicarnos-con-respeto-en-tiempos-de-mensajes-y-videollamadas1-1024x576.jpeg\" class=\"attachment-large size-large wp-image-30401\" alt=\"Conversaciones virtuales en estilo profesional, enfocado en trabajo y comunicaci\u00f3n en l\u00ednea, con gr\u00e1ficos y datos financieros de fondo, en el contexto de SoyMigrante.com REVISTA.\" \/>\n            <\/div>\n        <\/div><div class=\"eael-entry-wrapper\"><header class=\"eael-entry-header\"><h2 class=\"eael-entry-title\"><a class=\"eael-grid-post-link\" href=\"https:\/\/soymigrante.com\/revista\/modales-digitales-claves-para-la-comunicacion-efectiva-en-mensajes-y-videollamadas\/\" title=\"Modales digitales: claves para la comunicaci\u00f3n efectiva en mensajes y videollamadas\">Modales digitales: claves para la comunicaci\u00f3n efectiva en mensajes y videollamadas<\/a><\/h2><\/header><div class=\"eael-entry-content\">\n                        <div class=\"eael-grid-post-excerpt\"><a href=\"https:\/\/soymigrante.com\/revista\/modales-digitales-claves-para-la-comunicacion-efectiva-en-mensajes-y-videollamadas\/\" class=\"eael-post-elements-readmore-btn\">CONOCE SU HISTORIA <\/a><\/div>\n                    <\/div><\/div><\/div>\n        <\/div>\n    <\/article><article class=\"eael-grid-post  eael-post-grid-column eael-pg-post-9130 category-bienestar\" data-id=\"9130\">\n        <div class=\"eael-grid-post-holder\">\n            <div class=\"eael-grid-post-holder-inner\"><div class=\"eael-entry-media\"><div class=\"eael-entry-overlay fade-in\"><i class=\"far fa-hand-pointer\" aria-hidden=\"true\"><\/i><a href=\"https:\/\/soymigrante.com\/revista\/estas-lejos-de-tus-hijos-seis-claves-para-mantener-una-comunicacion-efectiva\/\"><\/a><\/div><div class=\"eael-entry-thumbnail \">\n                <img decoding=\"async\" width=\"693\" height=\"693\" src=\"https:\/\/soymigrante.com\/revista\/wp-content\/uploads\/2024\/09\/hijos-videollamada.webp\" class=\"attachment-large size-large wp-image-9215\" alt=\"Conexi\u00f3n familiar, maternidad, tecnolog\u00eda para ni\u00f1os, educaci\u00f3n digital, entretenimiento infantil, interacci\u00f3n madre e hija, uso responsable de dispositivos, aprendizaje y diversi\u00f3n, innovaci\u00f3n en la educaci\u00f3n familiar.\" srcset=\"https:\/\/soymigrante.com\/revista\/wp-content\/uploads\/2024\/09\/hijos-videollamada.webp 693w, https:\/\/soymigrante.com\/revista\/wp-content\/uploads\/2024\/09\/hijos-videollamada-300x300.webp 300w, https:\/\/soymigrante.com\/revista\/wp-content\/uploads\/2024\/09\/hijos-videollamada-150x150.webp 150w, https:\/\/soymigrante.com\/revista\/wp-content\/uploads\/2024\/09\/hijos-videollamada-75x75.webp 75w\" sizes=\"(max-width: 693px) 100vw, 693px\" \/>\n            <\/div>\n        <\/div><div class=\"eael-entry-wrapper\"><header class=\"eael-entry-header\"><h2 class=\"eael-entry-title\"><a class=\"eael-grid-post-link\" href=\"https:\/\/soymigrante.com\/revista\/estas-lejos-de-tus-hijos-seis-claves-para-mantener-una-comunicacion-efectiva\/\" title=\"\u00bfEst\u00e1s lejos de tus hijos? Seis claves para mantener una comunicaci\u00f3n efectiva\">\u00bfEst\u00e1s lejos de tus hijos? Seis claves para mantener una comunicaci\u00f3n efectiva<\/a><\/h2><\/header><div class=\"eael-entry-content\">\n                        <div class=\"eael-grid-post-excerpt\"><a href=\"https:\/\/soymigrante.com\/revista\/estas-lejos-de-tus-hijos-seis-claves-para-mantener-una-comunicacion-efectiva\/\" class=\"eael-post-elements-readmore-btn\">CONOCE SU HISTORIA <\/a><\/div>\n                    <\/div><\/div><\/div>\n        <\/div>\n    <\/article><article class=\"eael-grid-post  eael-post-grid-column eael-pg-post-2715 category-guate-nuestra tags-en-familia\" data-id=\"2715\">\n        <div class=\"eael-grid-post-holder\">\n            <div class=\"eael-grid-post-holder-inner\"><div class=\"eael-entry-media\"><div class=\"eael-entry-overlay fade-in\"><i class=\"far fa-hand-pointer\" aria-hidden=\"true\"><\/i><a href=\"https:\/\/soymigrante.com\/revista\/la-fe-de-las-familias-acompana-a-migrantes-guatemaltecos-que-buscan-salir-adelante\/\"><\/a><\/div><div class=\"eael-entry-thumbnail \">\n                <img decoding=\"async\" width=\"1024\" height=\"682\" src=\"https:\/\/soymigrante.com\/revista\/wp-content\/uploads\/2023\/09\/Las-celebraciones-de-misa-acuden-familiares-madres-esposas-e-hijos-de-migrantes-guatemaltecos-1024x682.webp\" class=\"attachment-large size-large wp-image-2725\" alt=\"Las celebraciones de misa acuden familiares madres, esposas e hijos de migrantes guatemaltecos\" srcset=\"https:\/\/soymigrante.com\/revista\/wp-content\/uploads\/2023\/09\/Las-celebraciones-de-misa-acuden-familiares-madres-esposas-e-hijos-de-migrantes-guatemaltecos-1024x682.webp 1024w, https:\/\/soymigrante.com\/revista\/wp-content\/uploads\/2023\/09\/Las-celebraciones-de-misa-acuden-familiares-madres-esposas-e-hijos-de-migrantes-guatemaltecos-300x200.webp 300w, https:\/\/soymigrante.com\/revista\/wp-content\/uploads\/2023\/09\/Las-celebraciones-de-misa-acuden-familiares-madres-esposas-e-hijos-de-migrantes-guatemaltecos-768x512.webp 768w, https:\/\/soymigrante.com\/revista\/wp-content\/uploads\/2023\/09\/Las-celebraciones-de-misa-acuden-familiares-madres-esposas-e-hijos-de-migrantes-guatemaltecos-1536x1023.webp 1536w, https:\/\/soymigrante.com\/revista\/wp-content\/uploads\/2023\/09\/Las-celebraciones-de-misa-acuden-familiares-madres-esposas-e-hijos-de-migrantes-guatemaltecos-750x500.webp 750w, https:\/\/soymigrante.com\/revista\/wp-content\/uploads\/2023\/09\/Las-celebraciones-de-misa-acuden-familiares-madres-esposas-e-hijos-de-migrantes-guatemaltecos-1140x760.webp 1140w, https:\/\/soymigrante.com\/revista\/wp-content\/uploads\/2023\/09\/Las-celebraciones-de-misa-acuden-familiares-madres-esposas-e-hijos-de-migrantes-guatemaltecos-600x400.webp 600w, https:\/\/soymigrante.com\/revista\/wp-content\/uploads\/2023\/09\/Las-celebraciones-de-misa-acuden-familiares-madres-esposas-e-hijos-de-migrantes-guatemaltecos.webp 1600w\" sizes=\"(max-width: 1024px) 100vw, 1024px\" \/>\n            <\/div>\n        <\/div><div class=\"eael-entry-wrapper\"><header class=\"eael-entry-header\"><h2 class=\"eael-entry-title\"><a class=\"eael-grid-post-link\" href=\"https:\/\/soymigrante.com\/revista\/la-fe-de-las-familias-acompana-a-migrantes-guatemaltecos-que-buscan-salir-adelante\/\" title=\"La fe de las familias acompa\u00f1a a migrantes guatemaltecos que buscan salir adelante\">La fe de las familias acompa\u00f1a a migrantes guatemaltecos que buscan salir adelante<\/a><\/h2><\/header><div class=\"eael-entry-content\">\n                        <div class=\"eael-grid-post-excerpt\"><a href=\"https:\/\/soymigrante.com\/revista\/la-fe-de-las-familias-acompana-a-migrantes-guatemaltecos-que-buscan-salir-adelante\/\" class=\"eael-post-elements-readmore-btn\">CONOCE SU HISTORIA <\/a><\/div>\n                    <\/div><\/div><\/div>\n        <\/div>\n    <\/article><\/div>\n            <div class=\"clearfix\"><\/div>\n        <\/div>\t\t\t\t<\/div>\n\t\t\t\t\t<\/div>\n\t\t\t\t<\/div>\n\t\t\t\t<\/div>\n\t\t","protected":false},"excerpt":{"rendered":"<p>Una emergencia puede ser por un desastre natural, pero debes saber estos consejos para salvar vidas en Guatemala o en USA. Cuando una emergencia ocurre \u2014ya sea un hurac\u00e1n, terremoto, incendio, inundaci\u00f3n o tiroteo\u2014 el primer instinto suele ser buscar respuestas r\u00e1pidas. Sin embargo, actuar con prudencia, esperar informaci\u00f3n oficial y tener una estrategia familiar [&hellip;]<\/p>\n","protected":false},"author":19,"featured_media":36784,"comment_status":"open","ping_status":"open","sticky":false,"template":"","format":"standard","meta":{"_acf_changed":false,"_eb_attr":"","footnotes":""},"categories":[54],"tags":[],"class_list":["post-36783","post","type-post","status-publish","format-standard","has-post-thumbnail","hentry","category-estamos-unidos"],"acf":[],"aioseo_notices":[],"aioseo_head":"\n\t\t<!-- All in One SEO Pro 4.9.6.2 - aioseo.com -->\n\t<meta name=\"description\" content=\"El apoyo y aporte de migrantes guatemaltecos para las familias en Guatemala durante las ferias patronales muestran un significado de fe y devoci\u00f3n.\" \/>\n\t<meta name=\"robots\" content=\"max-snippet:-1, max-image-preview:large, max-video-preview:-1\" \/>\n\t<meta name=\"author\" content=\"Diana Batz\"\/>\n\t<link rel=\"canonical\" href=\"https:\/\/soymigrante.com\/revista\/la-fe-de-las-familias-acompana-a-migrantes-guatemaltecos-que-buscan-salir-adelante\/\" \/>\n\t<meta name=\"generator\" content=\"All in One SEO Pro (AIOSEO) 4.9.6.2\" \/>\n\n\t\t<link rel=\"preconnect\" href=\"https:\/\/fonts.googleapis.com\" crossorigin>\n<link rel=\"preconnect\" href=\"https:\/\/fonts.gstatic.com\" crossorigin>\n\t\t<meta property=\"og:locale\" content=\"es_ES\" \/>\n\t\t<meta property=\"og:site_name\" content=\"SoyMigrante.com REVISTA \u2013 Nuestra misi\u00f3n es reconocer y dignificar al migrante.\" \/>\n\t\t<meta property=\"og:type\" content=\"article\" \/>\n\t\t<meta property=\"og:title\" content=\"La fe de las familias acompa\u00f1a a migrantes guatemaltecos que buscan salir adelante\" \/>\n\t\t<meta property=\"og:description\" content=\"El apoyo y aporte de migrantes guatemaltecos para las familias en Guatemala durante las ferias patronales muestran un significado de fe y devoci\u00f3n.\" \/>\n\t\t<meta property=\"og:url\" content=\"https:\/\/soymigrante.com\/revista\/la-fe-de-las-familias-acompana-a-migrantes-guatemaltecos-que-buscan-salir-adelante\/\" \/>\n\t\t<meta property=\"og:image\" content=\"https:\/\/soymigrante.com\/revista\/wp-content\/uploads\/2023\/09\/Las-celebraciones-de-misa-acuden-familiares-madres-esposas-e-hijos-de-migrantes-guatemaltecos.webp\" \/>\n\t\t<meta property=\"og:image:secure_url\" content=\"https:\/\/soymigrante.com\/revista\/wp-content\/uploads\/2023\/09\/Las-celebraciones-de-misa-acuden-familiares-madres-esposas-e-hijos-de-migrantes-guatemaltecos.webp\" \/>\n\t\t<meta property=\"og:image:width\" content=\"1600\" \/>\n\t\t<meta property=\"og:image:height\" content=\"1066\" \/>\n\t\t<meta property=\"article:published_time\" content=\"2023-09-28T13:29:52+00:00\" \/>\n\t\t<meta property=\"article:modified_time\" content=\"2025-08-28T05:43:35+00:00\" \/>\n\t\t<meta property=\"article:publisher\" content=\"https:\/\/www.facebook.com\/soymigrantecom\" \/>\n\t\t<meta name=\"twitter:card\" content=\"summary_large_image\" \/>\n\t\t<meta name=\"twitter:site\" content=\"@SoyMigrante_com\" \/>\n\t\t<meta name=\"twitter:title\" content=\"La fe de las familias acompa\u00f1a a migrantes guatemaltecos que buscan salir adelante\" \/>\n\t\t<meta name=\"twitter:description\" content=\"El apoyo y aporte de migrantes guatemaltecos para las familias en Guatemala durante las ferias patronales muestran un significado de fe y devoci\u00f3n.\" \/>\n\t\t<meta name=\"twitter:creator\" content=\"@SoyMigrante_com\" \/>\n\t\t<meta name=\"twitter:image\" content=\"https:\/\/soymigrante.com\/revista\/wp-content\/uploads\/2023\/09\/Las-celebraciones-de-misa-acuden-familiares-madres-esposas-e-hijos-de-migrantes-guatemaltecos.webp\" \/>\n\t\t<!-- All in One SEO Pro -->\r\n\t\t<title>La fe de las familias acompa\u00f1a a migrantes guatemaltecos que buscan salir adelante<\/title>\n\n","aioseo_head_json":{"title":"La fe de las familias acompa\u00f1a a migrantes guatemaltecos que buscan salir adelante","description":"El apoyo y aporte de migrantes guatemaltecos para las familias en Guatemala durante las ferias patronales muestran un significado de fe y devoci\u00f3n.","canonical_url":"https:\/\/soymigrante.com\/revista\/la-fe-de-las-familias-acompana-a-migrantes-guatemaltecos-que-buscan-salir-adelante\/","robots":"max-snippet:-1, max-image-preview:large, max-video-preview:-1","keywords":"","webmasterTools":{"miscellaneous":"&lt;link rel=\"preconnect\" href=\"https:\/\/fonts.googleapis.com\" crossorigin&gt;\n&lt;link rel=\"preconnect\" href=\"https:\/\/fonts.gstatic.com\" crossorigin&gt;"},"schema":null,"og:locale":"es_ES","og:site_name":"SoyMigrante.com REVISTA \u2013 Nuestra misi\u00f3n es reconocer y dignificar al migrante.","og:type":"article","og:title":"La fe de las familias acompa\u00f1a a migrantes guatemaltecos que buscan salir adelante","og:description":"El apoyo y aporte de migrantes guatemaltecos para las familias en Guatemala durante las ferias patronales muestran un significado de fe y devoci\u00f3n.","og:url":"https:\/\/soymigrante.com\/revista\/la-fe-de-las-familias-acompana-a-migrantes-guatemaltecos-que-buscan-salir-adelante\/","og:image":"https:\/\/soymigrante.com\/revista\/wp-content\/uploads\/2023\/09\/Las-celebraciones-de-misa-acuden-familiares-madres-esposas-e-hijos-de-migrantes-guatemaltecos.webp","og:image:secure_url":"https:\/\/soymigrante.com\/revista\/wp-content\/uploads\/2023\/09\/Las-celebraciones-de-misa-acuden-familiares-madres-esposas-e-hijos-de-migrantes-guatemaltecos.webp","og:image:width":1600,"og:image:height":1066,"article:published_time":"2023-09-28T13:29:52+00:00","article:modified_time":"2025-08-28T05:43:35+00:00","article:publisher":"https:\/\/www.facebook.com\/soymigrantecom","twitter:card":"summary_large_image","twitter:site":"@SoyMigrante_com","twitter:title":"La fe de las familias acompa\u00f1a a migrantes guatemaltecos que buscan salir adelante","twitter:description":"El apoyo y aporte de migrantes guatemaltecos para las familias en Guatemala durante las ferias patronales muestran un significado de fe y devoci\u00f3n.","twitter:creator":"@SoyMigrante_com","twitter:image":"https:\/\/soymigrante.com\/revista\/wp-content\/uploads\/2023\/09\/Las-celebraciones-de-misa-acuden-familiares-madres-esposas-e-hijos-de-migrantes-guatemaltecos.webp"},"aioseo_meta_data":{"post_id":"36783","title":null,"description":"El riesgo clim\u00e1tico no tiene fronteras. Tiene diversas formas, pero al momento de una emergencia es clave mantener la calma. Estos consejos pueden salvar vidas.","keywords":null,"keyphrases":{"focus":{"keyphrase":"Guatemala","score":74,"analysis":{"keyphraseInTitle":{"score":9,"maxScore":9,"error":0},"keyphraseInDescription":{"score":3,"maxScore":9,"error":1},"keyphraseLength":{"score":9,"maxScore":9,"error":0,"length":1},"keyphraseInURL":{"score":5,"maxScore":5,"error":0},"keyphraseInIntroduction":{"score":9,"maxScore":9,"error":0},"keyphraseInSubHeadings":{"score":3,"maxScore":9,"error":1},"keyphraseInImageAlt":{"score":3,"maxScore":9,"error":1},"keywordDensity":{"type":"best","score":9,"maxScore":9,"error":0}}},"additional":[{"keyphrase":"Guatemala","score":73,"analysis":{"keyphraseInDescription":{"score":3,"maxScore":9,"error":1},"keyphraseLength":{"score":9,"maxScore":9,"error":0,"length":1},"keyphraseInIntroduction":{"score":9,"maxScore":9,"error":0},"keyphraseInImageAlt":{"score":3,"maxScore":9,"error":1},"keywordDensity":{"type":"best","score":9,"maxScore":9,"error":0}}},{"keyphrase":"USA","score":40,"analysis":{"keyphraseInDescription":{"score":3,"maxScore":9,"error":1},"keyphraseLength":{"score":9,"maxScore":9,"error":0,"length":1},"keyphraseInIntroduction":{"score":3,"maxScore":9,"error":1},"keyphraseInImageAlt":{"score":3,"maxScore":9,"error":1},"keywordDensity":{"score":0,"type":"low","maxScore":9,"error":1}}},{"keyphrase":"Desastre natural","score":40,"analysis":{"keyphraseInDescription":{"score":3,"maxScore":9,"error":1},"keyphraseLength":{"score":9,"maxScore":9,"error":0,"length":2},"keyphraseInIntroduction":{"score":3,"maxScore":9,"error":1},"keyphraseInImageAlt":{"score":3,"maxScore":9,"error":1},"keywordDensity":{"score":0,"type":"low","maxScore":9,"error":1}}}]},"primary_term":null,"canonical_url":null,"og_title":null,"og_description":null,"og_object_type":"default","og_image_type":"default","og_image_url":null,"og_image_width":null,"og_image_height":null,"og_image_custom_url":null,"og_image_custom_fields":null,"og_video":"","og_custom_url":null,"og_article_section":null,"og_article_tags":null,"twitter_use_og":false,"twitter_card":"default","twitter_image_type":"default","twitter_image_url":null,"twitter_image_custom_url":null,"twitter_image_custom_fields":null,"twitter_title":null,"twitter_description":null,"schema":{"blockGraphs":[],"customGraphs":[],"default":{"data":{"Article":[],"Course":[],"Dataset":[],"FAQPage":[],"Movie":[],"Person":[],"Product":[],"ProductReview":[],"Car":[],"Recipe":[],"Service":[],"SoftwareApplication":[],"WebPage":[]},"graphName":"none","isEnabled":true},"graphs":[]},"schema_type":"default","schema_type_options":null,"pillar_content":false,"robots_default":true,"robots_noindex":false,"robots_noarchive":false,"robots_nosnippet":false,"robots_nofollow":false,"robots_noimageindex":false,"robots_noodp":false,"robots_notranslate":false,"robots_max_snippet":"-1","robots_max_videopreview":"-1","robots_max_imagepreview":"large","priority":null,"frequency":"default","local_seo":null,"seo_analyzer_scan_date":"2025-10-09 06:38:07","breadcrumb_settings":null,"limit_modified_date":false,"reviewed_by":"0","open_ai":"{\"title\":{\"suggestions\":[],\"usage\":0},\"description\":{\"suggestions\":[],\"usage\":0}}","ai":{"faqs":[],"keyPoints":[],"titles":[],"descriptions":[],"socialPosts":{"email":[],"linkedin":[],"twitter":[],"facebook":[],"instagram":[]}},"created":"2025-06-19 19:49:53","updated":"2026-02-05 02:49:49"},"aioseo_breadcrumb":"<div class=\"aioseo-breadcrumbs\"><span class=\"aioseo-breadcrumb\">\n\t<a href=\"https:\/\/soymigrante.com\/revista\" title=\"Home\">Home<\/a>\n<\/span><span class=\"aioseo-breadcrumb-separator\">\u00bb<\/span><span class=\"aioseo-breadcrumb\">\n\t<a href=\"https:\/\/soymigrante.com\/revista\/category\/estamos-unidos\/\" title=\"Estamos Unidos\">Estamos Unidos<\/a>\n<\/span><span class=\"aioseo-breadcrumb-separator\">\u00bb<\/span><span class=\"aioseo-breadcrumb\">\n\tActuar con serenidad en una emergencia por sismo o clima puede salvar vidas en USA y Guatemala\n<\/span><\/div>","aioseo_breadcrumb_json":[{"label":"Home","link":"https:\/\/soymigrante.com\/revista"},{"label":"Estamos Unidos","link":"https:\/\/soymigrante.com\/revista\/category\/estamos-unidos\/"},{"label":"Actuar con serenidad en una emergencia por sismo o clima puede salvar vidas en USA y Guatemala","link":"https:\/\/soymigrante.com\/revista\/actuar-con-serenidad-en-una-emergencia-puede-salvar-vidas-en-usa-y-guatemala\/"}],"_links":{"self":[{"href":"https:\/\/soymigrante.com\/revista\/wp-json\/wp\/v2\/posts\/36783","targetHints":{"allow":["GET"]}}],"collection":[{"href":"https:\/\/soymigrante.com\/revista\/wp-json\/wp\/v2\/posts"}],"about":[{"href":"https:\/\/soymigrante.com\/revista\/wp-json\/wp\/v2\/types\/post"}],"author":[{"embeddable":true,"href":"https:\/\/soymigrante.com\/revista\/wp-json\/wp\/v2\/users\/19"}],"replies":[{"embeddable":true,"href":"https:\/\/soymigrante.com\/revista\/wp-json\/wp\/v2\/comments?post=36783"}],"version-history":[{"count":22,"href":"https:\/\/soymigrante.com\/revista\/wp-json\/wp\/v2\/posts\/36783\/revisions"}],"predecessor-version":[{"id":38732,"href":"https:\/\/soymigrante.com\/revista\/wp-json\/wp\/v2\/posts\/36783\/revisions\/38732"}],"wp:featuredmedia":[{"embeddable":true,"href":"https:\/\/soymigrante.com\/revista\/wp-json\/wp\/v2\/media\/36784"}],"wp:attachment":[{"href":"https:\/\/soymigrante.com\/revista\/wp-json\/wp\/v2\/media?parent=36783"}],"wp:term":[{"taxonomy":"category","embeddable":true,"href":"https:\/\/soymigrante.com\/revista\/wp-json\/wp\/v2\/categories?post=36783"},{"taxonomy":"post_tag","embeddable":true,"href":"https:\/\/soymigrante.com\/revista\/wp-json\/wp\/v2\/tags?post=36783"}],"curies":[{"name":"wp","href":"https:\/\/api.w.org\/{rel}","templated":true}]}}