{"id":36707,"date":"2025-06-26T13:19:03","date_gmt":"2025-06-26T19:19:03","guid":{"rendered":"https:\/\/soymigrante.com\/revista\/?p=36707"},"modified":"2025-06-26T13:22:46","modified_gmt":"2025-06-26T19:22:46","slug":"magica-y-antanona-ruta-para-redescubrir-a-pie-la-senorial-antigua-guatemala","status":"publish","type":"post","link":"https:\/\/soymigrante.com\/revista\/magica-y-antanona-ruta-para-redescubrir-a-pie-la-senorial-antigua-guatemala\/","title":{"rendered":"M\u00e1gica y anta\u00f1ona: ruta para redescubrir a pie la se\u00f1orial Antigua Guatemala"},"content":{"rendered":"\t\t<div data-elementor-type=\"wp-post\" data-elementor-id=\"36707\" class=\"elementor elementor-36707\" data-elementor-post-type=\"post\">\n\t\t\t\t<div data-particle_enable=\"false\" data-particle-mobile-disabled=\"false\" class=\"elementor-element elementor-element-dcd3875 e-flex e-con-boxed e-con e-parent\" data-id=\"dcd3875\" data-element_type=\"container\" data-e-type=\"container\">\n\t\t\t\t\t<div class=\"e-con-inner\">\n\t\t\t\t<div class=\"elementor-element elementor-element-5b81e3a elementor-widget elementor-widget-heading\" data-id=\"5b81e3a\" data-element_type=\"widget\" data-e-type=\"widget\" data-widget_type=\"heading.default\">\n\t\t\t\t\t<h2 class=\"elementor-heading-title elementor-size-default\">Las iglesias de Antigua Guatemala son unos de los atractivos principales del lugar, esta es la ruta que puede seguir para conocerlas. <\/h2>\t\t\t\t<\/div>\n\t\t\t\t\t<\/div>\n\t\t\t\t<\/div>\n\t\t<div data-particle_enable=\"false\" data-particle-mobile-disabled=\"false\" class=\"elementor-element elementor-element-a2abc3d e-flex e-con-boxed e-con e-parent\" data-id=\"a2abc3d\" data-element_type=\"container\" data-e-type=\"container\">\n\t\t\t\t\t<div class=\"e-con-inner\">\n\t\t\t\t<div class=\"elementor-element elementor-element-4233d50 elementor-widget elementor-widget-text-editor\" data-id=\"4233d50\" data-element_type=\"widget\" data-e-type=\"widget\" data-widget_type=\"text-editor.default\">\n\t\t\t\t\t\t\t\t\t<p><a href=\"https:\/\/soymigrante.com\/revista\/antigua-guatemala-arco-de-santa-catalina-tesoro-colonial-patrimonio\/\" target=\"_blank\" rel=\"noopener\">Antigua Guatemala, declarada Patrimonio Cultural de la Humanidad por la UNESCO<\/a>, es uno de los destinos tur\u00edsticos m\u00e1s visitados del pa\u00eds por su riqueza arquitect\u00f3nica colonial, su historia y su atm\u00f3sfera vibrante. Sin embargo, recorrerla puede resultar abrumador si no se tiene una ruta planificada.<\/p><p>Para quienes buscan admirar lo mejor de sus ruinas sin cansarse en exceso, existe una ruta eficiente que permite visitar los principales puntos hist\u00f3ricos a pie, de forma c\u00f3moda y en un solo d\u00eda.<\/p><p>La ciudad conserva una gran cantidad de iglesias, conventos y estructuras en ruinas que fueron afectadas por terremotos a lo largo de los siglos, principalmente en 1773. Hoy, estos espacios representan una mezcla de misticismo, historia y belleza arquitect\u00f3nica que encanta a visitantes nacionales e internacionales.<\/p>\t\t\t\t\t\t\t\t<\/div>\n\t\t\t\t\t<\/div>\n\t\t\t\t<\/div>\n\t\t<div data-particle_enable=\"false\" data-particle-mobile-disabled=\"false\" class=\"elementor-element elementor-element-12269c8 e-flex e-con-boxed e-con e-parent\" data-id=\"12269c8\" data-element_type=\"container\" data-e-type=\"container\">\n\t\t\t\t\t<div class=\"e-con-inner\">\n\t\t\t\t<div class=\"elementor-element elementor-element-77246ef elementor-widget elementor-widget-heading\" data-id=\"77246ef\" data-element_type=\"widget\" data-e-type=\"widget\" data-widget_type=\"heading.default\">\n\t\t\t\t\t<h3 class=\"elementor-heading-title elementor-size-default\">10 paradas imperdibles en una sola caminata<\/h3>\t\t\t\t<\/div>\n\t\t\t\t\t<\/div>\n\t\t\t\t<\/div>\n\t\t<div data-particle_enable=\"false\" data-particle-mobile-disabled=\"false\" class=\"elementor-element elementor-element-8f224b2 e-flex e-con-boxed e-con e-parent\" data-id=\"8f224b2\" data-element_type=\"container\" data-e-type=\"container\">\n\t\t\t\t\t<div class=\"e-con-inner\">\n\t\t\t\t<div class=\"elementor-element elementor-element-c5071bf elementor-widget elementor-widget-heading\" data-id=\"c5071bf\" data-element_type=\"widget\" data-e-type=\"widget\" data-widget_type=\"heading.default\">\n\t\t\t\t\t<h3 class=\"elementor-heading-title elementor-size-default\">\t1.\tEl Arco de Santa Catalina<\/h3>\t\t\t\t<\/div>\n\t\t\t\t\t<\/div>\n\t\t\t\t<\/div>\n\t\t<div data-particle_enable=\"false\" data-particle-mobile-disabled=\"false\" class=\"elementor-element elementor-element-b4400e5 e-flex e-con-boxed e-con e-parent\" data-id=\"b4400e5\" data-element_type=\"container\" data-e-type=\"container\">\n\t\t\t\t\t<div class=\"e-con-inner\">\n\t\t\t\t<div class=\"elementor-element elementor-element-df1dd71 elementor-widget elementor-widget-text-editor\" data-id=\"df1dd71\" data-element_type=\"widget\" data-e-type=\"widget\" data-widget_type=\"text-editor.default\">\n\t\t\t\t\t\t\t\t\t<p><a href=\"https:\/\/soymigrante.com\/revista\/antigua-guatemala-arco-de-santa-catalina-tesoro-colonial-patrimonio\/\" target=\"_blank\" rel=\"noopener\">El punto de partida ideal. Este \u00edcono de Antigua es probablemente el sitio m\u00e1s fotografiado de la ciudad<\/a>. Fue construido en el siglo XVII para permitir el paso de las monjas del convento de Santa Catalina sin ser vistas. Desde aqu\u00ed se puede iniciar el recorrido hacia el sur.<\/p>\t\t\t\t\t\t\t\t<\/div>\n\t\t\t\t\t<\/div>\n\t\t\t\t<\/div>\n\t\t<div data-particle_enable=\"false\" data-particle-mobile-disabled=\"false\" class=\"elementor-element elementor-element-bf55ae5 e-flex e-con-boxed e-con e-parent\" data-id=\"bf55ae5\" data-element_type=\"container\" data-e-type=\"container\">\n\t\t\t\t\t<div class=\"e-con-inner\">\n\t\t\t\t<div class=\"elementor-element elementor-element-b424d0b elementor-widget elementor-widget-image\" data-id=\"b424d0b\" data-element_type=\"widget\" data-e-type=\"widget\" data-widget_type=\"image.default\">\n\t\t\t\t\t\t\t\t\t\t\t\t<figure class=\"wp-caption\">\n\t\t\t\t\t\t\t\t\t\t<img fetchpriority=\"high\" decoding=\"async\" width=\"474\" height=\"266\" src=\"https:\/\/soymigrante.com\/revista\/wp-content\/uploads\/2025\/06\/arco-de-santa-catalina.webp\" class=\"attachment-large size-large wp-image-36709\" alt=\"Puerta de entrada colorida en una calle de pueblo con arquitectura colonial, en un d\u00eda soleado, en Guatemala, en el contexto de la comunidad migrante y cultura local, destacando tradici\u00f3n y convivencia.\" srcset=\"https:\/\/soymigrante.com\/revista\/wp-content\/uploads\/2025\/06\/arco-de-santa-catalina.webp 474w, https:\/\/soymigrante.com\/revista\/wp-content\/uploads\/2025\/06\/arco-de-santa-catalina-300x168.jpg 300w\" sizes=\"(max-width: 474px) 100vw, 474px\" title=\"El Arco de Santa Catalina es uno de los atractivos m\u00e1s importantes de Antigua Guatemala. (Foto: INGUAT) \u2013 SoyMigrante.com REVISTA\" \/>\t\t\t\t\t\t\t\t\t\t\t<figcaption class=\"widget-image-caption wp-caption-text\">Puerta de entrada hist\u00f3rica en un pueblo mexicano con arquitectura colonial, destacada por su estructura amarilla y reloj en el centro, s\u00edmbolo del patrimonio cultural.<\/figcaption>\n\t\t\t\t\t\t\t\t\t\t<\/figure>\n\t\t\t\t\t\t\t\t\t<\/div>\n\t\t\t\t\t<\/div>\n\t\t\t\t<\/div>\n\t\t<div data-particle_enable=\"false\" data-particle-mobile-disabled=\"false\" class=\"elementor-element elementor-element-3eb44e2 e-flex e-con-boxed e-con e-parent\" data-id=\"3eb44e2\" data-element_type=\"container\" data-e-type=\"container\">\n\t\t\t\t\t<div class=\"e-con-inner\">\n\t\t\t\t<div class=\"elementor-element elementor-element-387915c elementor-widget elementor-widget-google_maps\" data-id=\"387915c\" data-element_type=\"widget\" data-e-type=\"widget\" data-widget_type=\"google_maps.default\">\n\t\t\t\t\t\t\t<div class=\"elementor-custom-embed\">\n\t\t\t<iframe loading=\"lazy\"\n\t\t\t\t\tsrc=\"https:\/\/maps.google.com\/maps?q=ARCO%20DE%20SANTA%20CATALINA&#038;t=m&#038;z=10&#038;output=embed&#038;iwloc=near\"\n\t\t\t\t\ttitle=\"ARCO DE SANTA CATALINA\"\n\t\t\t\t\taria-label=\"ARCO DE SANTA CATALINA\"\n\t\t\t><\/iframe>\n\t\t<\/div>\n\t\t\t\t\t\t<\/div>\n\t\t\t\t\t<\/div>\n\t\t\t\t<\/div>\n\t\t<div data-particle_enable=\"false\" data-particle-mobile-disabled=\"false\" class=\"elementor-element elementor-element-6e94e5c e-flex e-con-boxed e-con e-parent\" data-id=\"6e94e5c\" data-element_type=\"container\" data-e-type=\"container\">\n\t\t\t\t\t<div class=\"e-con-inner\">\n\t\t\t\t<div class=\"elementor-element elementor-element-70d8ae0 elementor-widget elementor-widget-heading\" data-id=\"70d8ae0\" data-element_type=\"widget\" data-e-type=\"widget\" data-widget_type=\"heading.default\">\n\t\t\t\t\t<h3 class=\"elementor-heading-title elementor-size-default\">\t2.\tIglesia y Convento de La Merced<\/h3>\t\t\t\t<\/div>\n\t\t\t\t\t<\/div>\n\t\t\t\t<\/div>\n\t\t<div data-particle_enable=\"false\" data-particle-mobile-disabled=\"false\" class=\"elementor-element elementor-element-9c0242a e-flex e-con-boxed e-con e-parent\" data-id=\"9c0242a\" data-element_type=\"container\" data-e-type=\"container\">\n\t\t\t\t\t<div class=\"e-con-inner\">\n\t\t\t\t<div class=\"elementor-element elementor-element-06034ec elementor-widget elementor-widget-text-editor\" data-id=\"06034ec\" data-element_type=\"widget\" data-e-type=\"widget\" data-widget_type=\"text-editor.default\">\n\t\t\t\t\t\t\t\t\t<p>A solo una cuadra del arco, se encuentra esta imponente iglesia de fachada barroca amarilla, una de las m\u00e1s bellas de la ciudad. Su claustro y fuente interior son ideales para tomarse un respiro.<\/p>\t\t\t\t\t\t\t\t<\/div>\n\t\t\t\t\t<\/div>\n\t\t\t\t<\/div>\n\t\t<div data-particle_enable=\"false\" data-particle-mobile-disabled=\"false\" class=\"elementor-element elementor-element-4ed5df9 e-flex e-con-boxed e-con e-parent\" data-id=\"4ed5df9\" data-element_type=\"container\" data-e-type=\"container\">\n\t\t\t\t\t<div class=\"e-con-inner\">\n\t\t\t\t<div class=\"elementor-element elementor-element-f17a001 elementor-widget elementor-widget-image\" data-id=\"f17a001\" data-element_type=\"widget\" data-e-type=\"widget\" data-widget_type=\"image.default\">\n\t\t\t\t\t\t\t\t\t\t\t\t<figure class=\"wp-caption\">\n\t\t\t\t\t\t\t\t\t\t<img decoding=\"async\" width=\"474\" height=\"349\" src=\"https:\/\/soymigrante.com\/revista\/wp-content\/uploads\/2025\/06\/Iglesia-la-merced.webp\" class=\"attachment-large size-large wp-image-36710\" alt=\"Catedral de Antigua Guatemala con arquitectura colonial y fachada hist\u00f3rica en un d\u00eda soleado.\" srcset=\"https:\/\/soymigrante.com\/revista\/wp-content\/uploads\/2025\/06\/Iglesia-la-merced.webp 474w, https:\/\/soymigrante.com\/revista\/wp-content\/uploads\/2025\/06\/Iglesia-la-merced-300x221.jpg 300w\" sizes=\"(max-width: 474px) 100vw, 474px\" title=\"La Iglesia La Merced es conocida por su belleza. (Foto: INGUAT) \u2013 SoyMigrante.com REVISTA\" \/>\t\t\t\t\t\t\t\t\t\t\t<figcaption class=\"widget-image-caption wp-caption-text\">Catedral de Antigua Guatemala, un emblem\u00e1tico monumento colonial, muestra su impresionante fachada en un d\u00eda soleado, reflejando su historia y belleza arquitect\u00f3nica en el centro hist\u00f3rico de Guatemala.<\/figcaption>\n\t\t\t\t\t\t\t\t\t\t<\/figure>\n\t\t\t\t\t\t\t\t\t<\/div>\n\t\t\t\t\t<\/div>\n\t\t\t\t<\/div>\n\t\t<div data-particle_enable=\"false\" data-particle-mobile-disabled=\"false\" class=\"elementor-element elementor-element-e8c76be e-flex e-con-boxed e-con e-parent\" data-id=\"e8c76be\" data-element_type=\"container\" data-e-type=\"container\">\n\t\t\t\t\t<div class=\"e-con-inner\">\n\t\t\t\t<div class=\"elementor-element elementor-element-397a645 elementor-widget elementor-widget-google_maps\" data-id=\"397a645\" data-element_type=\"widget\" data-e-type=\"widget\" data-widget_type=\"google_maps.default\">\n\t\t\t\t\t\t\t<div class=\"elementor-custom-embed\">\n\t\t\t<iframe loading=\"lazy\"\n\t\t\t\t\tsrc=\"https:\/\/maps.google.com\/maps?q=IGLESIA%20LA%20MERCED%20ANTIGUA%20GUATEMALA&#038;t=m&#038;z=10&#038;output=embed&#038;iwloc=near\"\n\t\t\t\t\ttitle=\"IGLESIA LA MERCED ANTIGUA GUATEMALA\"\n\t\t\t\t\taria-label=\"IGLESIA LA MERCED ANTIGUA GUATEMALA\"\n\t\t\t><\/iframe>\n\t\t<\/div>\n\t\t\t\t\t\t<\/div>\n\t\t\t\t\t<\/div>\n\t\t\t\t<\/div>\n\t\t<div data-particle_enable=\"false\" data-particle-mobile-disabled=\"false\" class=\"elementor-element elementor-element-ea94413 e-flex e-con-boxed e-con e-parent\" data-id=\"ea94413\" data-element_type=\"container\" data-e-type=\"container\">\n\t\t\t\t\t<div class=\"e-con-inner\">\n\t\t\t\t<div class=\"elementor-element elementor-element-3616f61 elementor-widget elementor-widget-heading\" data-id=\"3616f61\" data-element_type=\"widget\" data-e-type=\"widget\" data-widget_type=\"heading.default\">\n\t\t\t\t\t<h3 class=\"elementor-heading-title elementor-size-default\">3.\tRuinas de la Catedral de San Jos\u00e9<\/h3>\t\t\t\t<\/div>\n\t\t\t\t\t<\/div>\n\t\t\t\t<\/div>\n\t\t<div data-particle_enable=\"false\" data-particle-mobile-disabled=\"false\" class=\"elementor-element elementor-element-cdaeb22 e-flex e-con-boxed e-con e-parent\" data-id=\"cdaeb22\" data-element_type=\"container\" data-e-type=\"container\">\n\t\t\t\t\t<div class=\"e-con-inner\">\n\t\t\t\t<div class=\"elementor-element elementor-element-f134635 elementor-widget elementor-widget-text-editor\" data-id=\"f134635\" data-element_type=\"widget\" data-e-type=\"widget\" data-widget_type=\"text-editor.default\">\n\t\t\t\t\t\t\t\t\t<p>Al llegar al Parque Central, se puede visitar lo que fue la Catedral de Santiago. Aunque parte del edificio fue restaurado, su secci\u00f3n trasera en ruinas ofrece una experiencia impactante del poder destructivo de los terremotos y la resiliencia de la arquitectura colonial.<\/p>\t\t\t\t\t\t\t\t<\/div>\n\t\t\t\t\t<\/div>\n\t\t\t\t<\/div>\n\t\t<div data-particle_enable=\"false\" data-particle-mobile-disabled=\"false\" class=\"elementor-element elementor-element-9ce0ace e-flex e-con-boxed e-con e-parent\" data-id=\"9ce0ace\" data-element_type=\"container\" data-e-type=\"container\">\n\t\t\t\t\t<div class=\"e-con-inner\">\n\t\t\t\t<div class=\"elementor-element elementor-element-90ea3e8 elementor-widget elementor-widget-image\" data-id=\"90ea3e8\" data-element_type=\"widget\" data-e-type=\"widget\" data-widget_type=\"image.default\">\n\t\t\t\t\t\t\t\t\t\t\t\t<figure class=\"wp-caption\">\n\t\t\t\t\t\t\t\t\t\t<img decoding=\"async\" width=\"768\" height=\"549\" src=\"https:\/\/soymigrante.com\/revista\/wp-content\/uploads\/2025\/06\/catedral-de-antigua-1024x732.jpg\" class=\"attachment-large size-large wp-image-36714\" alt=\"Impresi\u00f3n arquitect\u00f3nica de una iglesia barroca iluminada al atardecer, destacando su fachada con detalles ornamentales y estatuas religiosas para contenidos sobre cultura mexicana y patrimonio arquitect\u00f3nico.\" srcset=\"https:\/\/soymigrante.com\/revista\/wp-content\/uploads\/2025\/06\/catedral-de-antigua-1024x732.jpg 1024w, https:\/\/soymigrante.com\/revista\/wp-content\/uploads\/2025\/06\/catedral-de-antigua-300x214.jpg 300w, https:\/\/soymigrante.com\/revista\/wp-content\/uploads\/2025\/06\/catedral-de-antigua-768x549.jpg 768w, https:\/\/soymigrante.com\/revista\/wp-content\/uploads\/2025\/06\/catedral-de-antigua-1536x1097.jpg 1536w, https:\/\/soymigrante.com\/revista\/wp-content\/uploads\/2025\/06\/catedral-de-antigua-120x86.webp 120w, https:\/\/soymigrante.com\/revista\/wp-content\/uploads\/2025\/06\/catedral-de-antigua-350x250.webp 350w, https:\/\/soymigrante.com\/revista\/wp-content\/uploads\/2025\/06\/catedral-de-antigua-750x536.webp 750w, https:\/\/soymigrante.com\/revista\/wp-content\/uploads\/2025\/06\/catedral-de-antigua-1140x814.jpg 1140w, https:\/\/soymigrante.com\/revista\/wp-content\/uploads\/2025\/06\/catedral-de-antigua.webp 1600w\" sizes=\"(max-width: 768px) 100vw, 768px\" title=\"La catedral es el coraz\u00f3n de Antigua Guatemala. (Foto: INGUAT) \u2013 SoyMigrante.com REVISTA\" \/>\t\t\t\t\t\t\t\t\t\t\t<figcaption class=\"widget-image-caption wp-caption-text\">Fachada de iglesia barroca iluminada al atardecer, resaltando detalles ornamentales y esculturas religiosas, ideal para art\u00edculos sobre patrimonio cultural y arquitectura en M\u00e9xico.<\/figcaption>\n\t\t\t\t\t\t\t\t\t\t<\/figure>\n\t\t\t\t\t\t\t\t\t<\/div>\n\t\t\t\t\t<\/div>\n\t\t\t\t<\/div>\n\t\t<div data-particle_enable=\"false\" data-particle-mobile-disabled=\"false\" class=\"elementor-element elementor-element-bf8a878 e-flex e-con-boxed e-con e-parent\" data-id=\"bf8a878\" data-element_type=\"container\" data-e-type=\"container\">\n\t\t\t\t\t<div class=\"e-con-inner\">\n\t\t\t\t<div class=\"elementor-element elementor-element-0e5880a elementor-widget elementor-widget-google_maps\" data-id=\"0e5880a\" data-element_type=\"widget\" data-e-type=\"widget\" data-widget_type=\"google_maps.default\">\n\t\t\t\t\t\t\t<div class=\"elementor-custom-embed\">\n\t\t\t<iframe loading=\"lazy\"\n\t\t\t\t\tsrc=\"https:\/\/maps.google.com\/maps?q=CATEDRAL%20DE%20ANTIGUA%20&#038;t=m&#038;z=10&#038;output=embed&#038;iwloc=near\"\n\t\t\t\t\ttitle=\"CATEDRAL DE ANTIGUA \"\n\t\t\t\t\taria-label=\"CATEDRAL DE ANTIGUA \"\n\t\t\t><\/iframe>\n\t\t<\/div>\n\t\t\t\t\t\t<\/div>\n\t\t\t\t\t<\/div>\n\t\t\t\t<\/div>\n\t\t<div data-particle_enable=\"false\" data-particle-mobile-disabled=\"false\" class=\"elementor-element elementor-element-81ecba3 e-flex e-con-boxed e-con e-parent\" data-id=\"81ecba3\" data-element_type=\"container\" data-e-type=\"container\">\n\t\t\t\t\t<div class=\"e-con-inner\">\n\t\t\t\t<div class=\"elementor-element elementor-element-d2381b3 elementor-widget elementor-widget-heading\" data-id=\"d2381b3\" data-element_type=\"widget\" data-e-type=\"widget\" data-widget_type=\"heading.default\">\n\t\t\t\t\t<h3 class=\"elementor-heading-title elementor-size-default\">4.\tConvento de Santa Clara<\/h3>\t\t\t\t<\/div>\n\t\t\t\t\t<\/div>\n\t\t\t\t<\/div>\n\t\t<div data-particle_enable=\"false\" data-particle-mobile-disabled=\"false\" class=\"elementor-element elementor-element-866bffd e-flex e-con-boxed e-con e-parent\" data-id=\"866bffd\" data-element_type=\"container\" data-e-type=\"container\">\n\t\t\t\t\t<div class=\"e-con-inner\">\n\t\t\t\t<div class=\"elementor-element elementor-element-1383c40 elementor-widget elementor-widget-text-editor\" data-id=\"1383c40\" data-element_type=\"widget\" data-e-type=\"widget\" data-widget_type=\"text-editor.default\">\n\t\t\t\t\t\t\t\t\t<p>Un lugar tranquilo, con jardines en medio de ruinas. Este convento fue fundado en 1699 y sus restos muestran la grandeza de lo que alguna vez fue un centro religioso importante.<\/p>\t\t\t\t\t\t\t\t<\/div>\n\t\t\t\t\t<\/div>\n\t\t\t\t<\/div>\n\t\t<div data-particle_enable=\"false\" data-particle-mobile-disabled=\"false\" class=\"elementor-element elementor-element-dd43adb e-flex e-con-boxed e-con e-parent\" data-id=\"dd43adb\" data-element_type=\"container\" data-e-type=\"container\">\n\t\t\t\t\t<div class=\"e-con-inner\">\n\t\t\t\t<div class=\"elementor-element elementor-element-514adaa elementor-widget elementor-widget-image\" data-id=\"514adaa\" data-element_type=\"widget\" data-e-type=\"widget\" data-widget_type=\"image.default\">\n\t\t\t\t\t\t\t\t\t\t\t\t<figure class=\"wp-caption\">\n\t\t\t\t\t\t\t\t\t\t<img loading=\"lazy\" decoding=\"async\" width=\"768\" height=\"384\" src=\"https:\/\/soymigrante.com\/revista\/wp-content\/uploads\/2025\/06\/convento-de-santa-clara.webp\" class=\"attachment-large size-large wp-image-36726\" alt=\"Antiguo convento en ruinas con jardines y fuente central, patrimonio hist\u00f3rico y cultural en M\u00e9xico.\" srcset=\"https:\/\/soymigrante.com\/revista\/wp-content\/uploads\/2025\/06\/convento-de-santa-clara.webp 800w, https:\/\/soymigrante.com\/revista\/wp-content\/uploads\/2025\/06\/convento-de-santa-clara-300x150.jpg 300w, https:\/\/soymigrante.com\/revista\/wp-content\/uploads\/2025\/06\/convento-de-santa-clara-768x384.jpg 768w, https:\/\/soymigrante.com\/revista\/wp-content\/uploads\/2025\/06\/convento-de-santa-clara-360x180.webp 360w, https:\/\/soymigrante.com\/revista\/wp-content\/uploads\/2025\/06\/convento-de-santa-clara-750x375.webp 750w\" sizes=\"(max-width: 768px) 100vw, 768px\" title=\"El convento Santa Clara es un espacio para caminar y conocer sobre La Antigua Guatemala. (Foto: INGUAT) \u2013 SoyMigrante.com REVISTA\" \/>\t\t\t\t\t\t\t\t\t\t\t<figcaption class=\"widget-image-caption wp-caption-text\">Majestuoso convento colonial en ruinas con jardines y fuente, patrimonio cultural en M\u00e9xico, ideal para turismo hist\u00f3rico y arquitectura antigua.<\/figcaption>\n\t\t\t\t\t\t\t\t\t\t<\/figure>\n\t\t\t\t\t\t\t\t\t<\/div>\n\t\t\t\t\t<\/div>\n\t\t\t\t<\/div>\n\t\t<div data-particle_enable=\"false\" data-particle-mobile-disabled=\"false\" class=\"elementor-element elementor-element-21cf029 e-flex e-con-boxed e-con e-parent\" data-id=\"21cf029\" data-element_type=\"container\" data-e-type=\"container\">\n\t\t\t\t\t<div class=\"e-con-inner\">\n\t\t\t\t<div class=\"elementor-element elementor-element-beda19b elementor-widget elementor-widget-google_maps\" data-id=\"beda19b\" data-element_type=\"widget\" data-e-type=\"widget\" data-widget_type=\"google_maps.default\">\n\t\t\t\t\t\t\t<div class=\"elementor-custom-embed\">\n\t\t\t<iframe loading=\"lazy\"\n\t\t\t\t\tsrc=\"https:\/\/maps.google.com\/maps?q=CONVENTO%20SANTA%20CLARA%20ANTIGUA%20&#038;t=m&#038;z=10&#038;output=embed&#038;iwloc=near\"\n\t\t\t\t\ttitle=\"CONVENTO SANTA CLARA ANTIGUA \"\n\t\t\t\t\taria-label=\"CONVENTO SANTA CLARA ANTIGUA \"\n\t\t\t><\/iframe>\n\t\t<\/div>\n\t\t\t\t\t\t<\/div>\n\t\t\t\t\t<\/div>\n\t\t\t\t<\/div>\n\t\t<div data-particle_enable=\"false\" data-particle-mobile-disabled=\"false\" class=\"elementor-element elementor-element-13345da e-flex e-con-boxed e-con e-parent\" data-id=\"13345da\" data-element_type=\"container\" data-e-type=\"container\">\n\t\t\t\t\t<div class=\"e-con-inner\">\n\t\t\t\t<div class=\"elementor-element elementor-element-8a94dba elementor-widget elementor-widget-heading\" data-id=\"8a94dba\" data-element_type=\"widget\" data-e-type=\"widget\" data-widget_type=\"heading.default\">\n\t\t\t\t\t<h3 class=\"elementor-heading-title elementor-size-default\">\t5.\tIglesia y Convento de San Francisco el Grande<\/h3>\t\t\t\t<\/div>\n\t\t\t\t\t<\/div>\n\t\t\t\t<\/div>\n\t\t<div data-particle_enable=\"false\" data-particle-mobile-disabled=\"false\" class=\"elementor-element elementor-element-f504bde e-flex e-con-boxed e-con e-parent\" data-id=\"f504bde\" data-element_type=\"container\" data-e-type=\"container\">\n\t\t\t\t\t<div class=\"e-con-inner\">\n\t\t\t\t<div class=\"elementor-element elementor-element-8451ef1 elementor-widget elementor-widget-text-editor\" data-id=\"8451ef1\" data-element_type=\"widget\" data-e-type=\"widget\" data-widget_type=\"text-editor.default\">\n\t\t\t\t\t\t\t\t\t<p>Un poco m\u00e1s hacia el sur, esta iglesia a\u00fan est\u00e1 en funcionamiento, pero tambi\u00e9n tiene ruinas que se pueden visitar. Aqu\u00ed se encuentra la tumba de Santo Hermano Pedro, uno de los santos m\u00e1s venerados en Guatemala.<\/p>\t\t\t\t\t\t\t\t<\/div>\n\t\t\t\t\t<\/div>\n\t\t\t\t<\/div>\n\t\t<div data-particle_enable=\"false\" data-particle-mobile-disabled=\"false\" class=\"elementor-element elementor-element-6a76cfe e-flex e-con-boxed e-con e-parent\" data-id=\"6a76cfe\" data-element_type=\"container\" data-e-type=\"container\">\n\t\t\t\t\t<div class=\"e-con-inner\">\n\t\t\t\t<div class=\"elementor-element elementor-element-f8eb31b elementor-widget elementor-widget-image\" data-id=\"f8eb31b\" data-element_type=\"widget\" data-e-type=\"widget\" data-widget_type=\"image.default\">\n\t\t\t\t\t\t\t\t\t\t\t\t<figure class=\"wp-caption\">\n\t\t\t\t\t\t\t\t\t\t<img loading=\"lazy\" decoding=\"async\" width=\"768\" height=\"576\" src=\"https:\/\/soymigrante.com\/revista\/wp-content\/uploads\/2025\/06\/san-francisco-el-grande-1024x768.jpg\" class=\"attachment-large size-large wp-image-36737\" alt=\"Impresionante imagen de la fachada de una iglesia colonial con arquitectura barroca, detalles escult\u00f3ricos y ruinas antiguas, en un d\u00eda nublado.\" srcset=\"https:\/\/soymigrante.com\/revista\/wp-content\/uploads\/2025\/06\/san-francisco-el-grande-1024x768.jpg 1024w, https:\/\/soymigrante.com\/revista\/wp-content\/uploads\/2025\/06\/san-francisco-el-grande-300x225.jpg 300w, https:\/\/soymigrante.com\/revista\/wp-content\/uploads\/2025\/06\/san-francisco-el-grande-768x576.jpg 768w, https:\/\/soymigrante.com\/revista\/wp-content\/uploads\/2025\/06\/san-francisco-el-grande-1536x1152.jpg 1536w, https:\/\/soymigrante.com\/revista\/wp-content\/uploads\/2025\/06\/san-francisco-el-grande-750x563.webp 750w, https:\/\/soymigrante.com\/revista\/wp-content\/uploads\/2025\/06\/san-francisco-el-grande-1140x855.webp 1140w, https:\/\/soymigrante.com\/revista\/wp-content\/uploads\/2025\/06\/san-francisco-el-grande.webp 1600w\" sizes=\"(max-width: 768px) 100vw, 768px\" title=\"La iglesia es conocida por su historia y ser a la tumba del hermano Pedro. (Foto: INGUAT) \u2013 SoyMigrante.com REVISTA\" \/>\t\t\t\t\t\t\t\t\t\t\t<figcaption class=\"widget-image-caption wp-caption-text\">Descubre la historia y arquitectura de iglesias coloniales mexicanas a trav\u00e9s de esta bella imagen en SoyMigrante.com REVISTA.<\/figcaption>\n\t\t\t\t\t\t\t\t\t\t<\/figure>\n\t\t\t\t\t\t\t\t\t<\/div>\n\t\t\t\t\t<\/div>\n\t\t\t\t<\/div>\n\t\t<div data-particle_enable=\"false\" data-particle-mobile-disabled=\"false\" class=\"elementor-element elementor-element-9e06ba8 e-flex e-con-boxed e-con e-parent\" data-id=\"9e06ba8\" data-element_type=\"container\" data-e-type=\"container\">\n\t\t\t\t\t<div class=\"e-con-inner\">\n\t\t\t\t<div class=\"elementor-element elementor-element-374fb3d elementor-widget elementor-widget-google_maps\" data-id=\"374fb3d\" data-element_type=\"widget\" data-e-type=\"widget\" data-widget_type=\"google_maps.default\">\n\t\t\t\t\t\t\t<div class=\"elementor-custom-embed\">\n\t\t\t<iframe loading=\"lazy\"\n\t\t\t\t\tsrc=\"https:\/\/maps.google.com\/maps?q=San%20francisco%20el%20grande%20&#038;t=m&#038;z=10&#038;output=embed&#038;iwloc=near\"\n\t\t\t\t\ttitle=\"San francisco el grande \"\n\t\t\t\t\taria-label=\"San francisco el grande \"\n\t\t\t><\/iframe>\n\t\t<\/div>\n\t\t\t\t\t\t<\/div>\n\t\t\t\t\t<\/div>\n\t\t\t\t<\/div>\n\t\t<div data-particle_enable=\"false\" data-particle-mobile-disabled=\"false\" class=\"elementor-element elementor-element-baaa192 e-flex e-con-boxed e-con e-parent\" data-id=\"baaa192\" data-element_type=\"container\" data-e-type=\"container\">\n\t\t\t\t\t<div class=\"e-con-inner\">\n\t\t\t\t<div class=\"elementor-element elementor-element-4236f81 elementor-widget elementor-widget-heading\" data-id=\"4236f81\" data-element_type=\"widget\" data-e-type=\"widget\" data-widget_type=\"heading.default\">\n\t\t\t\t\t<h3 class=\"elementor-heading-title elementor-size-default\">6.\tTemplo de El Calvario<\/h3>\t\t\t\t<\/div>\n\t\t\t\t\t<\/div>\n\t\t\t\t<\/div>\n\t\t<div data-particle_enable=\"false\" data-particle-mobile-disabled=\"false\" class=\"elementor-element elementor-element-bf1d3ec e-flex e-con-boxed e-con e-parent\" data-id=\"bf1d3ec\" data-element_type=\"container\" data-e-type=\"container\">\n\t\t\t\t\t<div class=\"e-con-inner\">\n\t\t\t\t<div class=\"elementor-element elementor-element-321cb20 elementor-widget elementor-widget-text-editor\" data-id=\"321cb20\" data-element_type=\"widget\" data-e-type=\"widget\" data-widget_type=\"text-editor.default\">\n\t\t\t\t\t\t\t\t\t<p>Este punto est\u00e1 en el extremo sur de la ciudad, ideal para quienes desean alejarse brevemente del centro. Aunque queda un poco m\u00e1s apartado, se puede llegar en tuk tuk o continuar caminando si se desea alargar el paseo. El templo es pintoresco y fotog\u00e9nico.<\/p>\t\t\t\t\t\t\t\t<\/div>\n\t\t\t\t\t<\/div>\n\t\t\t\t<\/div>\n\t\t<div data-particle_enable=\"false\" data-particle-mobile-disabled=\"false\" class=\"elementor-element elementor-element-84deb57 e-flex e-con-boxed e-con e-parent\" data-id=\"84deb57\" data-element_type=\"container\" data-e-type=\"container\">\n\t\t\t\t\t<div class=\"e-con-inner\">\n\t\t\t\t<div class=\"elementor-element elementor-element-74be564 elementor-widget elementor-widget-image\" data-id=\"74be564\" data-element_type=\"widget\" data-e-type=\"widget\" data-widget_type=\"image.default\">\n\t\t\t\t\t\t\t\t\t\t\t\t<figure class=\"wp-caption\">\n\t\t\t\t\t\t\t\t\t\t<img loading=\"lazy\" decoding=\"async\" width=\"768\" height=\"512\" src=\"https:\/\/soymigrante.com\/revista\/wp-content\/uploads\/2025\/06\/El-calvario-antigua-guatemala.webp\" class=\"attachment-large size-large wp-image-36743\" alt=\"Puerta de iglesia colonial en Antigua Guatemala, con fondo de volc\u00e1n y naturaleza, resaltando la arquitectura tradicional y cultural de la regi\u00f3n.\" srcset=\"https:\/\/soymigrante.com\/revista\/wp-content\/uploads\/2025\/06\/El-calvario-antigua-guatemala.webp 900w, https:\/\/soymigrante.com\/revista\/wp-content\/uploads\/2025\/06\/El-calvario-antigua-guatemala-300x200.jpg 300w, https:\/\/soymigrante.com\/revista\/wp-content\/uploads\/2025\/06\/El-calvario-antigua-guatemala-768x512.jpg 768w, https:\/\/soymigrante.com\/revista\/wp-content\/uploads\/2025\/06\/El-calvario-antigua-guatemala-750x500.jpg 750w\" sizes=\"(max-width: 768px) 100vw, 768px\" title=\"El Calvario es conocido por su color y tama\u00f1o. (Foto: INGUAT) \u2013 SoyMigrante.com REVISTA\" \/>\t\t\t\t\t\t\t\t\t\t\t<figcaption class=\"widget-image-caption wp-caption-text\">La imagen muestra la fachada de una iglesia colonial en Antigua Guatemala, con detalles arquitect\u00f3nicos en color amarillo y blanco, rodeada de naturaleza y con un volc\u00e1n en el fondo, representando patrimonio cultural y religioso.<\/figcaption>\n\t\t\t\t\t\t\t\t\t\t<\/figure>\n\t\t\t\t\t\t\t\t\t<\/div>\n\t\t\t\t\t<\/div>\n\t\t\t\t<\/div>\n\t\t<div data-particle_enable=\"false\" data-particle-mobile-disabled=\"false\" class=\"elementor-element elementor-element-a55562d e-flex e-con-boxed e-con e-parent\" data-id=\"a55562d\" data-element_type=\"container\" data-e-type=\"container\">\n\t\t\t\t\t<div class=\"e-con-inner\">\n\t\t\t\t<div class=\"elementor-element elementor-element-4a2f3fe elementor-widget elementor-widget-google_maps\" data-id=\"4a2f3fe\" data-element_type=\"widget\" data-e-type=\"widget\" data-widget_type=\"google_maps.default\">\n\t\t\t\t\t\t\t<div class=\"elementor-custom-embed\">\n\t\t\t<iframe loading=\"lazy\"\n\t\t\t\t\tsrc=\"https:\/\/maps.google.com\/maps?q=TEMPLO%20EL%20CALVARIO%20ANTIGUA%20&#038;t=m&#038;z=10&#038;output=embed&#038;iwloc=near\"\n\t\t\t\t\ttitle=\"TEMPLO EL CALVARIO ANTIGUA \"\n\t\t\t\t\taria-label=\"TEMPLO EL CALVARIO ANTIGUA \"\n\t\t\t><\/iframe>\n\t\t<\/div>\n\t\t\t\t\t\t<\/div>\n\t\t\t\t\t<\/div>\n\t\t\t\t<\/div>\n\t\t<div data-particle_enable=\"false\" data-particle-mobile-disabled=\"false\" class=\"elementor-element elementor-element-c26d4c9 e-flex e-con-boxed e-con e-parent\" data-id=\"c26d4c9\" data-element_type=\"container\" data-e-type=\"container\">\n\t\t\t\t\t<div class=\"e-con-inner\">\n\t\t\t\t<div class=\"elementor-element elementor-element-b11ca53 elementor-widget elementor-widget-heading\" data-id=\"b11ca53\" data-element_type=\"widget\" data-e-type=\"widget\" data-widget_type=\"heading.default\">\n\t\t\t\t\t<h3 class=\"elementor-heading-title elementor-size-default\">7.\tMercado Municipal de Artesan\u00edas<\/h3>\t\t\t\t<\/div>\n\t\t\t\t\t<\/div>\n\t\t\t\t<\/div>\n\t\t<div data-particle_enable=\"false\" data-particle-mobile-disabled=\"false\" class=\"elementor-element elementor-element-6d753b0 e-flex e-con-boxed e-con e-parent\" data-id=\"6d753b0\" data-element_type=\"container\" data-e-type=\"container\">\n\t\t\t\t\t<div class=\"e-con-inner\">\n\t\t\t\t<div class=\"elementor-element elementor-element-50f2603 elementor-widget elementor-widget-text-editor\" data-id=\"50f2603\" data-element_type=\"widget\" data-e-type=\"widget\" data-widget_type=\"text-editor.default\">\n\t\t\t\t\t\t\t\t\t<p>De regreso hacia el centro, este es el lugar ideal para hacer una pausa y conocer la variedad de artesan\u00edas guatemaltecas. Se pueden encontrar textiles, jade, cer\u00e1mica, art\u00edculos de cuero y m\u00e1s.<\/p>\t\t\t\t\t\t\t\t<\/div>\n\t\t\t\t\t<\/div>\n\t\t\t\t<\/div>\n\t\t<div data-particle_enable=\"false\" data-particle-mobile-disabled=\"false\" class=\"elementor-element elementor-element-ab28988 e-flex e-con-boxed e-con e-parent\" data-id=\"ab28988\" data-element_type=\"container\" data-e-type=\"container\">\n\t\t\t\t\t<div class=\"e-con-inner\">\n\t\t\t\t<div class=\"elementor-element elementor-element-14b2ebe elementor-widget elementor-widget-image\" data-id=\"14b2ebe\" data-element_type=\"widget\" data-e-type=\"widget\" data-widget_type=\"image.default\">\n\t\t\t\t\t\t\t\t\t\t\t\t<figure class=\"wp-caption\">\n\t\t\t\t\t\t\t\t\t\t<img loading=\"lazy\" decoding=\"async\" width=\"768\" height=\"384\" src=\"https:\/\/soymigrante.com\/revista\/wp-content\/uploads\/2025\/06\/mercado-de-artesanias.webp\" class=\"attachment-large size-large wp-image-36747\" alt=\"Variedad de puestos de artesan\u00edas en un mercado tradicional en Puebla, M\u00e9xico, con la iglesia en el fondo, mostrando cultura, turismo y arte popular.\" srcset=\"https:\/\/soymigrante.com\/revista\/wp-content\/uploads\/2025\/06\/mercado-de-artesanias.webp 800w, https:\/\/soymigrante.com\/revista\/wp-content\/uploads\/2025\/06\/mercado-de-artesanias-300x150.jpg 300w, https:\/\/soymigrante.com\/revista\/wp-content\/uploads\/2025\/06\/mercado-de-artesanias-768x384.jpg 768w, https:\/\/soymigrante.com\/revista\/wp-content\/uploads\/2025\/06\/mercado-de-artesanias-360x180.webp 360w, https:\/\/soymigrante.com\/revista\/wp-content\/uploads\/2025\/06\/mercado-de-artesanias-750x375.webp 750w\" sizes=\"(max-width: 768px) 100vw, 768px\" title=\"En el mercado se pueden encontrar productos de Guatemala a buen precio. (Foto: INGUAT) \u2013 SoyMigrante.com REVISTA\" \/>\t\t\t\t\t\t\t\t\t\t\t<figcaption class=\"widget-image-caption wp-caption-text\">Coloridos puestos de artesan\u00edas en mercado tradicional de Puebla, con la iglesia en el fondo, resaltando cultura, turismo y productos locales en M\u00e9xico.<\/figcaption>\n\t\t\t\t\t\t\t\t\t\t<\/figure>\n\t\t\t\t\t\t\t\t\t<\/div>\n\t\t\t\t\t<\/div>\n\t\t\t\t<\/div>\n\t\t<div data-particle_enable=\"false\" data-particle-mobile-disabled=\"false\" class=\"elementor-element elementor-element-837e54c e-flex e-con-boxed e-con e-parent\" data-id=\"837e54c\" data-element_type=\"container\" data-e-type=\"container\">\n\t\t\t\t\t<div class=\"e-con-inner\">\n\t\t\t\t<div class=\"elementor-element elementor-element-89ae946 elementor-widget elementor-widget-google_maps\" data-id=\"89ae946\" data-element_type=\"widget\" data-e-type=\"widget\" data-widget_type=\"google_maps.default\">\n\t\t\t\t\t\t\t<div class=\"elementor-custom-embed\">\n\t\t\t<iframe loading=\"lazy\"\n\t\t\t\t\tsrc=\"https:\/\/maps.google.com\/maps?q=MERCADO%20DE%20ARTESANIAS%20ANTIGUA&#038;t=m&#038;z=10&#038;output=embed&#038;iwloc=near\"\n\t\t\t\t\ttitle=\"MERCADO DE ARTESANIAS ANTIGUA\"\n\t\t\t\t\taria-label=\"MERCADO DE ARTESANIAS ANTIGUA\"\n\t\t\t><\/iframe>\n\t\t<\/div>\n\t\t\t\t\t\t<\/div>\n\t\t\t\t\t<\/div>\n\t\t\t\t<\/div>\n\t\t<div data-particle_enable=\"false\" data-particle-mobile-disabled=\"false\" class=\"elementor-element elementor-element-a38096e e-flex e-con-boxed e-con e-parent\" data-id=\"a38096e\" data-element_type=\"container\" data-e-type=\"container\">\n\t\t\t\t\t<div class=\"e-con-inner\">\n\t\t\t\t<div class=\"elementor-element elementor-element-a345149 elementor-widget elementor-widget-heading\" data-id=\"a345149\" data-element_type=\"widget\" data-e-type=\"widget\" data-widget_type=\"heading.default\">\n\t\t\t\t\t<h3 class=\"elementor-heading-title elementor-size-default\">\t8.\tCerro de la Cruz<\/h3>\t\t\t\t<\/div>\n\t\t\t\t\t<\/div>\n\t\t\t\t<\/div>\n\t\t<div data-particle_enable=\"false\" data-particle-mobile-disabled=\"false\" class=\"elementor-element elementor-element-6425ee1 e-flex e-con-boxed e-con e-parent\" data-id=\"6425ee1\" data-element_type=\"container\" data-e-type=\"container\">\n\t\t\t\t\t<div class=\"e-con-inner\">\n\t\t\t\t<div class=\"elementor-element elementor-element-b529bff elementor-widget elementor-widget-text-editor\" data-id=\"b529bff\" data-element_type=\"widget\" data-e-type=\"widget\" data-widget_type=\"text-editor.default\">\n\t\t\t\t\t\t\t\t\t<p>Para tener una vista panor\u00e1mica de Antigua, subir al Cerro de la Cruz es un cl\u00e1sico. Aunque implica una caminata empinada, el esfuerzo es recompensado con una vista inigualable de la ciudad y del volc\u00e1n de Agua. Se recomienda hacerlo temprano en la ma\u00f1ana o al atardecer, y de preferencia en grupo por seguridad.<\/p>\t\t\t\t\t\t\t\t<\/div>\n\t\t\t\t\t<\/div>\n\t\t\t\t<\/div>\n\t\t<div data-particle_enable=\"false\" data-particle-mobile-disabled=\"false\" class=\"elementor-element elementor-element-a5e2d84 e-flex e-con-boxed e-con e-parent\" data-id=\"a5e2d84\" data-element_type=\"container\" data-e-type=\"container\">\n\t\t\t\t\t<div class=\"e-con-inner\">\n\t\t\t\t<div class=\"elementor-element elementor-element-74b8af6 elementor-widget elementor-widget-image\" data-id=\"74b8af6\" data-element_type=\"widget\" data-e-type=\"widget\" data-widget_type=\"image.default\">\n\t\t\t\t\t\t\t\t\t\t\t\t<figure class=\"wp-caption\">\n\t\t\t\t\t\t\t\t\t\t<img loading=\"lazy\" decoding=\"async\" width=\"768\" height=\"436\" src=\"https:\/\/soymigrante.com\/revista\/wp-content\/uploads\/2025\/06\/cerro-de-la-cruz-antigua.webp\" class=\"attachment-large size-large wp-image-36751\" alt=\"Limpieza y conexi\u00f3n en lugar emblem\u00e1tico en Panajachel, Guatemala con vista al volc\u00e1n San Pedro en fondo, en proceso de restauraci\u00f3n, con personas trabajando en el sitio.\" srcset=\"https:\/\/soymigrante.com\/revista\/wp-content\/uploads\/2025\/06\/cerro-de-la-cruz-antigua.webp 890w, https:\/\/soymigrante.com\/revista\/wp-content\/uploads\/2025\/06\/cerro-de-la-cruz-antigua-300x170.jpg 300w, https:\/\/soymigrante.com\/revista\/wp-content\/uploads\/2025\/06\/cerro-de-la-cruz-antigua-768x436.jpg 768w, https:\/\/soymigrante.com\/revista\/wp-content\/uploads\/2025\/06\/cerro-de-la-cruz-antigua-750x426.jpg 750w\" sizes=\"(max-width: 768px) 100vw, 768px\" title=\"El cerro de la cruz es de los lugares m\u00e1s visitados de Antigua Guatemala. (Foto: INGUAT) \u2013 SoyMigrante.com REVISTA\" \/>\t\t\t\t\t\t\t\t\t\t\t<figcaption class=\"widget-image-caption wp-caption-text\">Situaci\u00f3n del lugar emblem\u00e1tico en Panajachel, Guatemala, en proceso de restauraci\u00f3n, con vista panor\u00e1mica al volc\u00e1n San Pedro y participaci\u00f3n comunitaria.<\/figcaption>\n\t\t\t\t\t\t\t\t\t\t<\/figure>\n\t\t\t\t\t\t\t\t\t<\/div>\n\t\t\t\t\t<\/div>\n\t\t\t\t<\/div>\n\t\t<div data-particle_enable=\"false\" data-particle-mobile-disabled=\"false\" class=\"elementor-element elementor-element-0bac6eb e-flex e-con-boxed e-con e-parent\" data-id=\"0bac6eb\" data-element_type=\"container\" data-e-type=\"container\">\n\t\t\t\t\t<div class=\"e-con-inner\">\n\t\t\t\t<div class=\"elementor-element elementor-element-c4f28a2 elementor-widget elementor-widget-google_maps\" data-id=\"c4f28a2\" data-element_type=\"widget\" data-e-type=\"widget\" data-widget_type=\"google_maps.default\">\n\t\t\t\t\t\t\t<div class=\"elementor-custom-embed\">\n\t\t\t<iframe loading=\"lazy\"\n\t\t\t\t\tsrc=\"https:\/\/maps.google.com\/maps?q=CERRO%20DE%20LA%20CRUZ&#038;t=m&#038;z=10&#038;output=embed&#038;iwloc=near\"\n\t\t\t\t\ttitle=\"CERRO DE LA CRUZ\"\n\t\t\t\t\taria-label=\"CERRO DE LA CRUZ\"\n\t\t\t><\/iframe>\n\t\t<\/div>\n\t\t\t\t\t\t<\/div>\n\t\t\t\t\t<\/div>\n\t\t\t\t<\/div>\n\t\t<div data-particle_enable=\"false\" data-particle-mobile-disabled=\"false\" class=\"elementor-element elementor-element-e7485c5 e-flex e-con-boxed e-con e-parent\" data-id=\"e7485c5\" data-element_type=\"container\" data-e-type=\"container\">\n\t\t\t\t\t<div class=\"e-con-inner\">\n\t\t\t\t<div class=\"elementor-element elementor-element-3049830 elementor-widget elementor-widget-heading\" data-id=\"3049830\" data-element_type=\"widget\" data-e-type=\"widget\" data-widget_type=\"heading.default\">\n\t\t\t\t\t<h3 class=\"elementor-heading-title elementor-size-default\">9.\tLa Recolecci\u00f3n<\/h3>\t\t\t\t<\/div>\n\t\t\t\t\t<\/div>\n\t\t\t\t<\/div>\n\t\t<div data-particle_enable=\"false\" data-particle-mobile-disabled=\"false\" class=\"elementor-element elementor-element-745f075 e-flex e-con-boxed e-con e-parent\" data-id=\"745f075\" data-element_type=\"container\" data-e-type=\"container\">\n\t\t\t\t\t<div class=\"e-con-inner\">\n\t\t\t\t<div class=\"elementor-element elementor-element-6cbb1ea elementor-widget elementor-widget-text-editor\" data-id=\"6cbb1ea\" data-element_type=\"widget\" data-e-type=\"widget\" data-widget_type=\"text-editor.default\">\n\t\t\t\t\t\t\t\t\t<p>Estas ruinas son de las m\u00e1s impresionantes de Antigua. Antiguamente un convento franciscano, su arquitectura semidestruida y la magnitud de sus estructuras permiten imaginar la vida mon\u00e1stica de siglos atr\u00e1s. Tambi\u00e9n se ha usado como escenario para producciones de cine y fotograf\u00eda.<\/p>\t\t\t\t\t\t\t\t<\/div>\n\t\t\t\t\t<\/div>\n\t\t\t\t<\/div>\n\t\t<div data-particle_enable=\"false\" data-particle-mobile-disabled=\"false\" class=\"elementor-element elementor-element-8603eb6 e-flex e-con-boxed e-con e-parent\" data-id=\"8603eb6\" data-element_type=\"container\" data-e-type=\"container\">\n\t\t\t\t\t<div class=\"e-con-inner\">\n\t\t\t\t<div class=\"elementor-element elementor-element-21973a7 elementor-widget elementor-widget-image\" data-id=\"21973a7\" data-element_type=\"widget\" data-e-type=\"widget\" data-widget_type=\"image.default\">\n\t\t\t\t\t\t\t\t\t\t\t\t<figure class=\"wp-caption\">\n\t\t\t\t\t\t\t\t\t\t<img loading=\"lazy\" decoding=\"async\" width=\"768\" height=\"512\" src=\"https:\/\/soymigrante.com\/revista\/wp-content\/uploads\/2025\/06\/la-recoleccion-antigua-guatemala.webp\" class=\"attachment-large size-large wp-image-36756\" alt=\"Ruinas arqueol\u00f3gicas en M\u00e9xico, antiguo sitio maya con arco y escalinata, patrimonio hist\u00f3rico y cultural, turismo hist\u00f3rico y cultura mexicana.\" srcset=\"https:\/\/soymigrante.com\/revista\/wp-content\/uploads\/2025\/06\/la-recoleccion-antigua-guatemala.webp 1024w, https:\/\/soymigrante.com\/revista\/wp-content\/uploads\/2025\/06\/la-recoleccion-antigua-guatemala-300x200.jpg 300w, https:\/\/soymigrante.com\/revista\/wp-content\/uploads\/2025\/06\/la-recoleccion-antigua-guatemala-768x512.jpg 768w, https:\/\/soymigrante.com\/revista\/wp-content\/uploads\/2025\/06\/la-recoleccion-antigua-guatemala-750x500.webp 750w\" sizes=\"(max-width: 768px) 100vw, 768px\" title=\"La recolecci\u00f3n es utilizada para bodas y celebraciones. (Foto: INGUAT) \u2013 SoyMigrante.com REVISTA\" \/>\t\t\t\t\t\t\t\t\t\t\t<figcaption class=\"widget-image-caption wp-caption-text\">Ruinas arqueol\u00f3gicas en M\u00e9xico con arco y escalinata, patrimonio hist\u00f3rico y cultura maya, destino tur\u00edstico para explorar historia antigua y arqueolog\u00eda, patrimonio cultural.<\/figcaption>\n\t\t\t\t\t\t\t\t\t\t<\/figure>\n\t\t\t\t\t\t\t\t\t<\/div>\n\t\t\t\t\t<\/div>\n\t\t\t\t<\/div>\n\t\t<div data-particle_enable=\"false\" data-particle-mobile-disabled=\"false\" class=\"elementor-element elementor-element-ee3e9ce e-flex e-con-boxed e-con e-parent\" data-id=\"ee3e9ce\" data-element_type=\"container\" data-e-type=\"container\">\n\t\t\t\t\t<div class=\"e-con-inner\">\n\t\t\t\t<div class=\"elementor-element elementor-element-bf78fbb elementor-widget elementor-widget-google_maps\" data-id=\"bf78fbb\" data-element_type=\"widget\" data-e-type=\"widget\" data-widget_type=\"google_maps.default\">\n\t\t\t\t\t\t\t<div class=\"elementor-custom-embed\">\n\t\t\t<iframe loading=\"lazy\"\n\t\t\t\t\tsrc=\"https:\/\/maps.google.com\/maps?q=LA%20RECOLECCI%C3%93N%20ANTIGUA&#038;t=m&#038;z=10&#038;output=embed&#038;iwloc=near\"\n\t\t\t\t\ttitle=\"LA RECOLECCI\u00d3N ANTIGUA\"\n\t\t\t\t\taria-label=\"LA RECOLECCI\u00d3N ANTIGUA\"\n\t\t\t><\/iframe>\n\t\t<\/div>\n\t\t\t\t\t\t<\/div>\n\t\t\t\t\t<\/div>\n\t\t\t\t<\/div>\n\t\t<div data-particle_enable=\"false\" data-particle-mobile-disabled=\"false\" class=\"elementor-element elementor-element-6e1aff8 e-flex e-con-boxed e-con e-parent\" data-id=\"6e1aff8\" data-element_type=\"container\" data-e-type=\"container\">\n\t\t\t\t\t<div class=\"e-con-inner\">\n\t\t\t\t<div class=\"elementor-element elementor-element-5de81c1 elementor-widget elementor-widget-heading\" data-id=\"5de81c1\" data-element_type=\"widget\" data-e-type=\"widget\" data-widget_type=\"heading.default\">\n\t\t\t\t\t<h3 class=\"elementor-heading-title elementor-size-default\">10.\tParque Central<\/h3>\t\t\t\t<\/div>\n\t\t\t\t\t<\/div>\n\t\t\t\t<\/div>\n\t\t<div data-particle_enable=\"false\" data-particle-mobile-disabled=\"false\" class=\"elementor-element elementor-element-01454b7 e-flex e-con-boxed e-con e-parent\" data-id=\"01454b7\" data-element_type=\"container\" data-e-type=\"container\">\n\t\t\t\t\t<div class=\"e-con-inner\">\n\t\t\t\t<div class=\"elementor-element elementor-element-fbac522 elementor-widget elementor-widget-text-editor\" data-id=\"fbac522\" data-element_type=\"widget\" data-e-type=\"widget\" data-widget_type=\"text-editor.default\">\n\t\t\t\t\t\t\t\t\t<p>La caminata concluye aqu\u00ed, ideal para descansar, disfrutar de un helado, sentarse a observar la vida antigue\u00f1a o visitar alguno de los caf\u00e9s y restaurantes aleda\u00f1os.<\/p>\t\t\t\t\t\t\t\t<\/div>\n\t\t\t\t\t<\/div>\n\t\t\t\t<\/div>\n\t\t<div data-particle_enable=\"false\" data-particle-mobile-disabled=\"false\" class=\"elementor-element elementor-element-1f9f706 e-flex e-con-boxed e-con e-parent\" data-id=\"1f9f706\" data-element_type=\"container\" data-e-type=\"container\">\n\t\t\t\t\t<div class=\"e-con-inner\">\n\t\t\t\t<div class=\"elementor-element elementor-element-45c73a0 elementor-widget elementor-widget-image\" data-id=\"45c73a0\" data-element_type=\"widget\" data-e-type=\"widget\" data-widget_type=\"image.default\">\n\t\t\t\t\t\t\t\t\t\t\t\t<figure class=\"wp-caption\">\n\t\t\t\t\t\t\t\t\t\t<img loading=\"lazy\" decoding=\"async\" width=\"768\" height=\"511\" src=\"https:\/\/soymigrante.com\/revista\/wp-content\/uploads\/2025\/06\/parque-central-de-antigua-1024x681.jpg\" class=\"attachment-large size-large wp-image-36764\" alt=\"Fachada de la iglesia en el centro hist\u00f3rico con fuente y \u00e1rboles en la noche, en una ciudad de M\u00e9xico.\" srcset=\"https:\/\/soymigrante.com\/revista\/wp-content\/uploads\/2025\/06\/parque-central-de-antigua-1024x681.jpg 1024w, https:\/\/soymigrante.com\/revista\/wp-content\/uploads\/2025\/06\/parque-central-de-antigua-300x200.jpg 300w, https:\/\/soymigrante.com\/revista\/wp-content\/uploads\/2025\/06\/parque-central-de-antigua-768x511.jpg 768w, https:\/\/soymigrante.com\/revista\/wp-content\/uploads\/2025\/06\/parque-central-de-antigua-750x499.jpg 750w, https:\/\/soymigrante.com\/revista\/wp-content\/uploads\/2025\/06\/parque-central-de-antigua-1140x758.jpg 1140w, https:\/\/soymigrante.com\/revista\/wp-content\/uploads\/2025\/06\/parque-central-de-antigua.webp 1201w\" sizes=\"(max-width: 768px) 100vw, 768px\" title=\"El parque central de Antigua Guatemala tiene historia. (Foto: INGUAT) \u2013 SoyMigrante.com REVISTA\" \/>\t\t\t\t\t\t\t\t\t\t\t<figcaption class=\"widget-image-caption wp-caption-text\">Iglesia en el centro hist\u00f3rico de M\u00e9xico con fuente y ambiente nocturno, destacando la cultura y arquitectura mexicana en un entorno vibrante y tradicional.<\/figcaption>\n\t\t\t\t\t\t\t\t\t\t<\/figure>\n\t\t\t\t\t\t\t\t\t<\/div>\n\t\t\t\t\t<\/div>\n\t\t\t\t<\/div>\n\t\t<div data-particle_enable=\"false\" data-particle-mobile-disabled=\"false\" class=\"elementor-element elementor-element-6f00f82 e-flex e-con-boxed e-con e-parent\" data-id=\"6f00f82\" data-element_type=\"container\" data-e-type=\"container\">\n\t\t\t\t\t<div class=\"e-con-inner\">\n\t\t\t\t<div class=\"elementor-element elementor-element-e2b840f elementor-widget elementor-widget-google_maps\" data-id=\"e2b840f\" data-element_type=\"widget\" data-e-type=\"widget\" data-widget_type=\"google_maps.default\">\n\t\t\t\t\t\t\t<div class=\"elementor-custom-embed\">\n\t\t\t<iframe loading=\"lazy\"\n\t\t\t\t\tsrc=\"https:\/\/maps.google.com\/maps?q=PARQUE%20CENTRAL%20DE%20ANTIGUA%20&#038;t=m&#038;z=10&#038;output=embed&#038;iwloc=near\"\n\t\t\t\t\ttitle=\"PARQUE CENTRAL DE ANTIGUA \"\n\t\t\t\t\taria-label=\"PARQUE CENTRAL DE ANTIGUA \"\n\t\t\t><\/iframe>\n\t\t<\/div>\n\t\t\t\t\t\t<\/div>\n\t\t\t\t\t<\/div>\n\t\t\t\t<\/div>\n\t\t<div data-particle_enable=\"false\" data-particle-mobile-disabled=\"false\" class=\"elementor-element elementor-element-6a2a787 e-flex e-con-boxed e-con e-parent\" data-id=\"6a2a787\" data-element_type=\"container\" data-e-type=\"container\">\n\t\t\t\t\t<div class=\"e-con-inner\">\n\t\t\t\t<div class=\"elementor-element elementor-element-3469316 elementor-widget elementor-widget-heading\" data-id=\"3469316\" data-element_type=\"widget\" data-e-type=\"widget\" data-widget_type=\"heading.default\">\n\t\t\t\t\t<h3 class=\"elementor-heading-title elementor-size-default\">Consejos para el recorrido<\/h3>\t\t\t\t<\/div>\n\t\t\t\t\t<\/div>\n\t\t\t\t<\/div>\n\t\t<div data-particle_enable=\"false\" data-particle-mobile-disabled=\"false\" class=\"elementor-element elementor-element-f3e5bce e-flex e-con-boxed e-con e-parent\" data-id=\"f3e5bce\" data-element_type=\"container\" data-e-type=\"container\">\n\t\t\t\t\t<div class=\"e-con-inner\">\n\t\t\t\t<div class=\"elementor-element elementor-element-83956e3 elementor-widget elementor-widget-text-editor\" data-id=\"83956e3\" data-element_type=\"widget\" data-e-type=\"widget\" data-widget_type=\"text-editor.default\">\n\t\t\t\t\t\t\t\t\t<div><strong>\u2022 Calzado c\u00f3modo:<\/strong> Las calles empedradas pueden ser desafiantes para quienes no est\u00e9n acostumbrados.<\/div><div><strong>\u2022Bloqueador solar y agua:<\/strong> El sol puede ser intenso al mediod\u00eda.<\/div><div><strong>\u2022Entradas:<\/strong> Algunas ruinas, como Santa Clara, La Recolecci\u00f3n o San Francisco, cobran una peque\u00f1a cuota de ingreso que ayuda a su conservaci\u00f3n.<\/div><div><strong>\u2022Seguridad<\/strong>: Aunque Antigua es una ciudad bastante segura, se recomienda no hacer caminatas solitarias por zonas poco transitadas o al anochecer.<\/div>\t\t\t\t\t\t\t\t<\/div>\n\t\t\t\t\t<\/div>\n\t\t\t\t<\/div>\n\t\t<div data-particle_enable=\"false\" data-particle-mobile-disabled=\"false\" class=\"elementor-element elementor-element-7ebeb8c e-flex e-con-boxed e-con e-parent\" data-id=\"7ebeb8c\" data-element_type=\"container\" data-e-type=\"container\">\n\t\t\t\t\t<div class=\"e-con-inner\">\n\t\t\t\t<div class=\"elementor-element elementor-element-7fa8aa6 elementor-widget elementor-widget-heading\" data-id=\"7fa8aa6\" data-element_type=\"widget\" data-e-type=\"widget\" data-widget_type=\"heading.default\">\n\t\t\t\t\t<h3 class=\"elementor-heading-title elementor-size-default\">Un paseo por el pasado<\/h3>\t\t\t\t<\/div>\n\t\t\t\t\t<\/div>\n\t\t\t\t<\/div>\n\t\t<div data-particle_enable=\"false\" data-particle-mobile-disabled=\"false\" class=\"elementor-element elementor-element-87f71d2 e-flex e-con-boxed e-con e-parent\" data-id=\"87f71d2\" data-element_type=\"container\" data-e-type=\"container\">\n\t\t\t\t\t<div class=\"e-con-inner\">\n\t\t\t\t<div class=\"elementor-element elementor-element-7619ac7 elementor-widget elementor-widget-text-editor\" data-id=\"7619ac7\" data-element_type=\"widget\" data-e-type=\"widget\" data-widget_type=\"text-editor.default\">\n\t\t\t\t\t\t\t\t\t<p><a href=\"https:\/\/soymigrante.com\/revista\/antigua-guatemala-arco-de-santa-catalina-tesoro-colonial-patrimonio\/\" target=\"_blank\" rel=\"noopener\">Recorrer Antigua Guatemala a trav\u00e9s de sus ruinas es hacer un viaje al pasado colonial del pa\u00eds.<\/a> Esta ruta eficiente permite apreciar lo mejor de la ciudad sin caminar de m\u00e1s, integrando historia, cultura, arte y vistas impresionantes en una sola jornada.<\/p><p>Ya sea por inter\u00e9s hist\u00f3rico, pasi\u00f3n por la fotograf\u00eda o simple admiraci\u00f3n por la belleza, este recorrido demuestra por qu\u00e9 Antigua sigue siendo una joya colonial que enamora a cada paso.<\/p>\t\t\t\t\t\t\t\t<\/div>\n\t\t\t\t\t<\/div>\n\t\t\t\t<\/div>\n\t\t<div data-particle_enable=\"false\" data-particle-mobile-disabled=\"false\" class=\"elementor-element elementor-element-95dba63 e-flex e-con-boxed e-con e-parent\" data-id=\"95dba63\" data-element_type=\"container\" data-e-type=\"container\">\n\t\t\t\t\t<div class=\"e-con-inner\">\n\t\t\t\t<div class=\"elementor-element elementor-element-c99ca28 elementor-widget elementor-widget-heading\" data-id=\"c99ca28\" data-element_type=\"widget\" data-e-type=\"widget\" data-widget_type=\"heading.default\">\n\t\t\t\t\t<h2 class=\"elementor-heading-title elementor-size-default\">Conoce estos temas que te pueden interesar...<\/h2>\t\t\t\t<\/div>\n\t\t\t\t\t<\/div>\n\t\t\t\t<\/div>\n\t\t<div data-particle_enable=\"false\" data-particle-mobile-disabled=\"false\" class=\"elementor-element elementor-element-9098a03 e-flex e-con-boxed e-con e-parent\" data-id=\"9098a03\" data-element_type=\"container\" data-e-type=\"container\">\n\t\t\t\t\t<div class=\"e-con-inner\">\n\t\t\t\t<div class=\"elementor-element elementor-element-eab07f5 elementor-grid-eael-col-3 elementor-grid-tablet-eael-col-2 elementor-grid-mobile-eael-col-1 elementor-invisible elementor-widget elementor-widget-eael-post-grid\" data-id=\"eab07f5\" data-element_type=\"widget\" data-e-type=\"widget\" data-settings=\"{&quot;eael_post_grid_columns&quot;:&quot;eael-col-3&quot;,&quot;_animation&quot;:&quot;rollIn&quot;,&quot;eael_post_grid_columns_tablet&quot;:&quot;eael-col-2&quot;,&quot;eael_post_grid_columns_mobile&quot;:&quot;eael-col-1&quot;}\" data-widget_type=\"eael-post-grid.default\">\n\t\t\t\t\t<div id=\"eael-post-grid-eab07f5\" class=\"eael-post-grid-container\">\n            <div class=\"eael-post-grid eael-post-appender eael-post-appender-eab07f5 eael-post-grid-style-one\" data-layout-mode=\"masonry\"><article class=\"eael-grid-post  eael-post-grid-column eael-pg-post-7919 category-guate-nuestra\" data-id=\"7919\">\n        <div class=\"eael-grid-post-holder\">\n            <div class=\"eael-grid-post-holder-inner\"><div class=\"eael-entry-media\"><div class=\"eael-entry-overlay fade-in\"><i class=\"far fa-hand-pointer\" aria-hidden=\"true\"><\/i><a href=\"https:\/\/soymigrante.com\/revista\/tantas-parejas-suenan-con-celebrar-sus-bodas-en-antigua-guatemala\/\"><\/a><\/div><div class=\"eael-entry-thumbnail \">\n                <img loading=\"lazy\" decoding=\"async\" width=\"1024\" height=\"681\" src=\"https:\/\/soymigrante.com\/revista\/wp-content\/uploads\/2024\/08\/boda-ana-melissa-wedding-guatemala-1024x681.webp\" class=\"attachment-large size-large wp-image-7954\" alt=\"Elegante pareja de reci\u00e9n casados en sesi\u00f3n fotogr\u00e1fica con coche cl\u00e1sico blanco, fondo de arquitectura hist\u00f3rica, celebraci\u00f3n de amor y cultura en M\u00e9xico.\" srcset=\"https:\/\/soymigrante.com\/revista\/wp-content\/uploads\/2024\/08\/boda-ana-melissa-wedding-guatemala-1024x681.webp 1024w, https:\/\/soymigrante.com\/revista\/wp-content\/uploads\/2024\/08\/boda-ana-melissa-wedding-guatemala-300x200.webp 300w, https:\/\/soymigrante.com\/revista\/wp-content\/uploads\/2024\/08\/boda-ana-melissa-wedding-guatemala-768x511.webp 768w, https:\/\/soymigrante.com\/revista\/wp-content\/uploads\/2024\/08\/boda-ana-melissa-wedding-guatemala-750x499.webp 750w, https:\/\/soymigrante.com\/revista\/wp-content\/uploads\/2024\/08\/boda-ana-melissa-wedding-guatemala-1140x758.webp 1140w, https:\/\/soymigrante.com\/revista\/wp-content\/uploads\/2024\/08\/boda-ana-melissa-wedding-guatemala.webp 1440w\" sizes=\"(max-width: 1024px) 100vw, 1024px\" \/>\n            <\/div>\n        <\/div><div class=\"eael-entry-wrapper\"><header class=\"eael-entry-header\"><h2 class=\"eael-entry-title\"><a class=\"eael-grid-post-link\" href=\"https:\/\/soymigrante.com\/revista\/tantas-parejas-suenan-con-celebrar-sus-bodas-en-antigua-guatemala\/\" title=\"Tantas parejas sue\u00f1an con celebrar sus bodas en Antigua Guatemala\">Tantas parejas sue\u00f1an con celebrar sus bodas en Antigua Guatemala<\/a><\/h2><\/header><div class=\"eael-entry-content\">\n                        <div class=\"eael-grid-post-excerpt\"><a href=\"https:\/\/soymigrante.com\/revista\/tantas-parejas-suenan-con-celebrar-sus-bodas-en-antigua-guatemala\/\" class=\"eael-post-elements-readmore-btn\">CONOCE SU HISTORIA <\/a><\/div>\n                    <\/div><\/div><\/div>\n        <\/div>\n    <\/article><article class=\"eael-grid-post  eael-post-grid-column eael-pg-post-6872 category-guate-nuestra\" data-id=\"6872\">\n        <div class=\"eael-grid-post-holder\">\n            <div class=\"eael-grid-post-holder-inner\"><div class=\"eael-entry-media\"><div class=\"eael-entry-overlay fade-in\"><i class=\"far fa-hand-pointer\" aria-hidden=\"true\"><\/i><a href=\"https:\/\/soymigrante.com\/revista\/un-domingo-cualquiera-es-especial-en-la-antigua-guatemala\/\"><\/a><\/div><div class=\"eael-entry-thumbnail \">\n                <img loading=\"lazy\" decoding=\"async\" width=\"798\" height=\"798\" src=\"https:\/\/soymigrante.com\/revista\/wp-content\/uploads\/2024\/06\/antigua-guatemala.webp\" class=\"attachment-large size-large wp-image-6873\" alt=\"Bast\u00f3n de algod\u00f3n de az\u00facar multicolor en el parque, rodeado de personas disfrutando del evento y la feria, s\u00edmbolo tradicional de dulzura y celebraciones populares en M\u00e9xico.\" srcset=\"https:\/\/soymigrante.com\/revista\/wp-content\/uploads\/2024\/06\/antigua-guatemala.webp 798w, https:\/\/soymigrante.com\/revista\/wp-content\/uploads\/2024\/06\/antigua-guatemala-300x300.webp 300w, https:\/\/soymigrante.com\/revista\/wp-content\/uploads\/2024\/06\/antigua-guatemala-150x150.webp 150w, https:\/\/soymigrante.com\/revista\/wp-content\/uploads\/2024\/06\/antigua-guatemala-768x768.webp 768w, https:\/\/soymigrante.com\/revista\/wp-content\/uploads\/2024\/06\/antigua-guatemala-75x75.webp 75w, https:\/\/soymigrante.com\/revista\/wp-content\/uploads\/2024\/06\/antigua-guatemala-750x750.webp 750w\" sizes=\"(max-width: 798px) 100vw, 798px\" \/>\n            <\/div>\n        <\/div><div class=\"eael-entry-wrapper\"><header class=\"eael-entry-header\"><h2 class=\"eael-entry-title\"><a class=\"eael-grid-post-link\" href=\"https:\/\/soymigrante.com\/revista\/un-domingo-cualquiera-es-especial-en-la-antigua-guatemala\/\" title=\"Un domingo cualquiera es tan especial en La Antigua Guatemala\">Un domingo cualquiera es tan especial en La Antigua Guatemala<\/a><\/h2><\/header><div class=\"eael-entry-content\">\n                        <div class=\"eael-grid-post-excerpt\"><a href=\"https:\/\/soymigrante.com\/revista\/un-domingo-cualquiera-es-especial-en-la-antigua-guatemala\/\" class=\"eael-post-elements-readmore-btn\">CONOCE SU HISTORIA <\/a><\/div>\n                    <\/div><\/div><\/div>\n        <\/div>\n    <\/article><article class=\"eael-grid-post  eael-post-grid-column eael-pg-post-383 category-guate-nuestra\" data-id=\"383\">\n        <div class=\"eael-grid-post-holder\">\n            <div class=\"eael-grid-post-holder-inner\"><div class=\"eael-entry-media\"><div class=\"eael-entry-overlay fade-in\"><i class=\"far fa-hand-pointer\" aria-hidden=\"true\"><\/i><a href=\"https:\/\/soymigrante.com\/revista\/los-mas-famosos-anfitriones-de-antigua-guatemala-uno-tranquilo-y-el-otro-impredecible\/\"><\/a><\/div><div class=\"eael-entry-thumbnail \">\n                <img loading=\"lazy\" decoding=\"async\" width=\"1024\" height=\"629\" src=\"https:\/\/soymigrante.com\/revista\/wp-content\/uploads\/2024\/02\/Captura-de-pantalla-2024-02-24-231728-1024x629.webp\" class=\"attachment-large size-large wp-image-5040\" alt=\"Vplc\u00e1n de Agua en primer plano y a la derecha, el volc\u00e1n de Fuego, desde Antigua Guatemala.\" srcset=\"https:\/\/soymigrante.com\/revista\/wp-content\/uploads\/2024\/02\/Captura-de-pantalla-2024-02-24-231728-1024x629.webp 1024w, https:\/\/soymigrante.com\/revista\/wp-content\/uploads\/2024\/02\/Captura-de-pantalla-2024-02-24-231728-300x184.webp 300w, https:\/\/soymigrante.com\/revista\/wp-content\/uploads\/2024\/02\/Captura-de-pantalla-2024-02-24-231728-768x472.webp 768w, https:\/\/soymigrante.com\/revista\/wp-content\/uploads\/2024\/02\/Captura-de-pantalla-2024-02-24-231728-750x461.webp 750w, https:\/\/soymigrante.com\/revista\/wp-content\/uploads\/2024\/02\/Captura-de-pantalla-2024-02-24-231728-1140x700.webp 1140w, https:\/\/soymigrante.com\/revista\/wp-content\/uploads\/2024\/02\/Captura-de-pantalla-2024-02-24-231728.webp 1216w\" sizes=\"(max-width: 1024px) 100vw, 1024px\" \/>\n            <\/div>\n        <\/div><div class=\"eael-entry-wrapper\"><header class=\"eael-entry-header\"><h2 class=\"eael-entry-title\"><a class=\"eael-grid-post-link\" href=\"https:\/\/soymigrante.com\/revista\/los-mas-famosos-anfitriones-de-antigua-guatemala-uno-tranquilo-y-el-otro-impredecible\/\" title=\"Los m\u00e1s famosos anfitriones de Antigua Guatemala: volc\u00e1n de Agua y volc\u00e1n de Fuego\">Los m\u00e1s famosos anfitriones de Antigua Guatemala: volc\u00e1n de Agua y volc\u00e1n de Fuego<\/a><\/h2><\/header><div class=\"eael-entry-content\">\n                        <div class=\"eael-grid-post-excerpt\"><a href=\"https:\/\/soymigrante.com\/revista\/los-mas-famosos-anfitriones-de-antigua-guatemala-uno-tranquilo-y-el-otro-impredecible\/\" class=\"eael-post-elements-readmore-btn\">CONOCE SU HISTORIA <\/a><\/div>\n                    <\/div><\/div><\/div>\n        <\/div>\n    <\/article><\/div>\n            <div class=\"clearfix\"><\/div>\n        <\/div>\t\t\t\t<\/div>\n\t\t\t\t\t<\/div>\n\t\t\t\t<\/div>\n\t\t\t\t<\/div>\n\t\t","protected":false},"excerpt":{"rendered":"<p>Las iglesias de Antigua Guatemala son unos de los atractivos principales del lugar, esta es la ruta que puede seguir para conocerlas. Antigua Guatemala, declarada Patrimonio Cultural de la Humanidad por la UNESCO, es uno de los destinos tur\u00edsticos m\u00e1s visitados del pa\u00eds por su riqueza arquitect\u00f3nica colonial, su historia y su atm\u00f3sfera vibrante. Sin [&hellip;]<\/p>\n","protected":false},"author":19,"featured_media":9627,"comment_status":"open","ping_status":"open","sticky":false,"template":"","format":"standard","meta":{"_acf_changed":false,"_eb_attr":"","footnotes":""},"categories":[58],"tags":[],"class_list":["post-36707","post","type-post","status-publish","format-standard","has-post-thumbnail","hentry","category-guate-nuestra"],"acf":[],"aioseo_notices":[],"aioseo_head":"\n\t\t<!-- All in One SEO Pro 4.9.6.2 - aioseo.com -->\n\t<meta name=\"description\" content=\"La presencia de los volcanes de Agua y Fuego marca el paisaje guatemalteco de manera \u00fanica e impresionante. Los nombres de dos elementos opuestos lo dice todo y el reciente incendio contrapuso significados. Volc\u00e1n de Agua Desde las referencias prehisp\u00e1nicas ten\u00edan hombres opuestos en antiguo mayak kaqchikel: Hun Ajp\u00fa, el de \u201cAgua\u201d y Chi Kaak,\" \/>\n\t<meta name=\"robots\" content=\"max-snippet:-1, max-image-preview:large, max-video-preview:-1\" \/>\n\t<meta name=\"author\" content=\"Gustavo Montenegro\"\/>\n\t<link rel=\"canonical\" href=\"https:\/\/soymigrante.com\/revista\/los-mas-famosos-anfitriones-de-antigua-guatemala-uno-tranquilo-y-el-otro-impredecible\/\" \/>\n\t<meta name=\"generator\" content=\"All in One SEO Pro (AIOSEO) 4.9.6.2\" \/>\n\n\t\t<link rel=\"preconnect\" href=\"https:\/\/fonts.googleapis.com\" crossorigin>\n<link rel=\"preconnect\" href=\"https:\/\/fonts.gstatic.com\" crossorigin>\n\t\t<meta property=\"og:locale\" content=\"es_ES\" \/>\n\t\t<meta property=\"og:site_name\" content=\"SoyMigrante.com REVISTA \u2013 Nuestra misi\u00f3n es reconocer y dignificar al migrante.\" \/>\n\t\t<meta property=\"og:type\" content=\"article\" \/>\n\t\t<meta property=\"og:title\" content=\"Los m\u00e1s famosos anfitriones de Antigua Guatemala: volc\u00e1n de Agua y volc\u00e1n de Fuego\" \/>\n\t\t<meta property=\"og:description\" content=\"La presencia de los volcanes de Agua y Fuego marca el paisaje guatemalteco de manera \u00fanica e impresionante. Los nombres de dos elementos opuestos lo dice todo y el reciente incendio contrapuso significados. Volc\u00e1n de Agua Desde las referencias prehisp\u00e1nicas ten\u00edan hombres opuestos en antiguo mayak kaqchikel: Hun Ajp\u00fa, el de \u201cAgua\u201d y Chi Kaak,\" \/>\n\t\t<meta property=\"og:url\" content=\"https:\/\/soymigrante.com\/revista\/los-mas-famosos-anfitriones-de-antigua-guatemala-uno-tranquilo-y-el-otro-impredecible\/\" \/>\n\t\t<meta property=\"og:image\" content=\"https:\/\/soymigrante.com\/revista\/wp-content\/uploads\/2024\/02\/Captura-de-pantalla-2024-02-24-231728.webp\" \/>\n\t\t<meta property=\"og:image:secure_url\" content=\"https:\/\/soymigrante.com\/revista\/wp-content\/uploads\/2024\/02\/Captura-de-pantalla-2024-02-24-231728.webp\" \/>\n\t\t<meta property=\"og:image:width\" content=\"1216\" \/>\n\t\t<meta property=\"og:image:height\" content=\"747\" \/>\n\t\t<meta property=\"article:published_time\" content=\"2024-02-25T05:37:00+00:00\" \/>\n\t\t<meta property=\"article:modified_time\" content=\"2024-02-25T05:50:50+00:00\" \/>\n\t\t<meta property=\"article:publisher\" content=\"https:\/\/www.facebook.com\/soymigrantecom\" \/>\n\t\t<meta name=\"twitter:card\" content=\"summary_large_image\" \/>\n\t\t<meta name=\"twitter:site\" content=\"@SoyMigrante_com\" \/>\n\t\t<meta name=\"twitter:title\" content=\"Los m\u00e1s famosos anfitriones de Antigua Guatemala: volc\u00e1n de Agua y volc\u00e1n de Fuego\" \/>\n\t\t<meta name=\"twitter:description\" content=\"La presencia de los volcanes de Agua y Fuego marca el paisaje guatemalteco de manera \u00fanica e impresionante. Los nombres de dos elementos opuestos lo dice todo y el reciente incendio contrapuso significados. Volc\u00e1n de Agua Desde las referencias prehisp\u00e1nicas ten\u00edan hombres opuestos en antiguo mayak kaqchikel: Hun Ajp\u00fa, el de \u201cAgua\u201d y Chi Kaak,\" \/>\n\t\t<meta name=\"twitter:creator\" content=\"@SoyMigrante_com\" \/>\n\t\t<meta name=\"twitter:image\" content=\"https:\/\/soymigrante.com\/revista\/wp-content\/uploads\/2024\/02\/Captura-de-pantalla-2024-02-24-231728.webp\" \/>\n\t\t<!-- All in One SEO Pro -->\r\n\t\t<title>Los m\u00e1s famosos anfitriones de Antigua Guatemala: volc\u00e1n de Agua y volc\u00e1n de Fuego<\/title>\n\n","aioseo_head_json":{"title":"Los m\u00e1s famosos anfitriones de Antigua Guatemala: volc\u00e1n de Agua y volc\u00e1n de Fuego","description":"La presencia de los volcanes de Agua y Fuego marca el paisaje guatemalteco de manera \u00fanica e impresionante. Los nombres de dos elementos opuestos lo dice todo y el reciente incendio contrapuso significados. Volc\u00e1n de Agua Desde las referencias prehisp\u00e1nicas ten\u00edan hombres opuestos en antiguo mayak kaqchikel: Hun Ajp\u00fa, el de \u201cAgua\u201d y Chi Kaak,","canonical_url":"https:\/\/soymigrante.com\/revista\/los-mas-famosos-anfitriones-de-antigua-guatemala-uno-tranquilo-y-el-otro-impredecible\/","robots":"max-snippet:-1, max-image-preview:large, max-video-preview:-1","keywords":"","webmasterTools":{"miscellaneous":"&lt;link rel=\"preconnect\" href=\"https:\/\/fonts.googleapis.com\" crossorigin&gt;\n&lt;link rel=\"preconnect\" href=\"https:\/\/fonts.gstatic.com\" crossorigin&gt;"},"schema":null,"og:locale":"es_ES","og:site_name":"SoyMigrante.com REVISTA \u2013 Nuestra misi\u00f3n es reconocer y dignificar al migrante.","og:type":"article","og:title":"Los m\u00e1s famosos anfitriones de Antigua Guatemala: volc\u00e1n de Agua y volc\u00e1n de Fuego","og:description":"La presencia de los volcanes de Agua y Fuego marca el paisaje guatemalteco de manera \u00fanica e impresionante. Los nombres de dos elementos opuestos lo dice todo y el reciente incendio contrapuso significados. Volc\u00e1n de Agua Desde las referencias prehisp\u00e1nicas ten\u00edan hombres opuestos en antiguo mayak kaqchikel: Hun Ajp\u00fa, el de \u201cAgua\u201d y Chi Kaak,","og:url":"https:\/\/soymigrante.com\/revista\/los-mas-famosos-anfitriones-de-antigua-guatemala-uno-tranquilo-y-el-otro-impredecible\/","og:image":"https:\/\/soymigrante.com\/revista\/wp-content\/uploads\/2024\/02\/Captura-de-pantalla-2024-02-24-231728.webp","og:image:secure_url":"https:\/\/soymigrante.com\/revista\/wp-content\/uploads\/2024\/02\/Captura-de-pantalla-2024-02-24-231728.webp","og:image:width":1216,"og:image:height":747,"article:published_time":"2024-02-25T05:37:00+00:00","article:modified_time":"2024-02-25T05:50:50+00:00","article:publisher":"https:\/\/www.facebook.com\/soymigrantecom","twitter:card":"summary_large_image","twitter:site":"@SoyMigrante_com","twitter:title":"Los m\u00e1s famosos anfitriones de Antigua Guatemala: volc\u00e1n de Agua y volc\u00e1n de Fuego","twitter:description":"La presencia de los volcanes de Agua y Fuego marca el paisaje guatemalteco de manera \u00fanica e impresionante. Los nombres de dos elementos opuestos lo dice todo y el reciente incendio contrapuso significados. Volc\u00e1n de Agua Desde las referencias prehisp\u00e1nicas ten\u00edan hombres opuestos en antiguo mayak kaqchikel: Hun Ajp\u00fa, el de \u201cAgua\u201d y Chi Kaak,","twitter:creator":"@SoyMigrante_com","twitter:image":"https:\/\/soymigrante.com\/revista\/wp-content\/uploads\/2024\/02\/Captura-de-pantalla-2024-02-24-231728.webp"},"aioseo_meta_data":{"post_id":"36707","title":null,"description":"Las iglesias de Antigua Guatemala son unos de los atractivos principales del lugar, esta es la ruta que puede seguir para conocerlas.","keywords":null,"keyphrases":{"focus":{"keyphrase":"Antigua Guatemala","score":91,"analysis":{"keyphraseInTitle":{"score":9,"maxScore":9,"error":0},"keyphraseInDescription":{"score":9,"maxScore":9,"error":0},"keyphraseLength":{"score":9,"maxScore":9,"error":0,"length":2},"keyphraseInURL":{"score":5,"maxScore":5,"error":0},"keyphraseInIntroduction":{"score":9,"maxScore":9,"error":0},"keyphraseInSubHeadings":{"score":3,"maxScore":9,"error":1},"keyphraseInImageAlt":{"score":9,"maxScore":9,"error":0},"keywordDensity":{"type":"best","score":9,"maxScore":9,"error":0}}},"additional":[{"keyphrase":"Antigua Guatemala","score":100,"analysis":{"keyphraseInDescription":{"score":9,"maxScore":9,"error":0},"keyphraseLength":{"score":9,"maxScore":9,"error":0,"length":2},"keyphraseInIntroduction":{"score":9,"maxScore":9,"error":0},"keyphraseInImageAlt":{"score":9,"maxScore":9,"error":0},"keywordDensity":{"type":"best","score":9,"maxScore":9,"error":0}}},{"keyphrase":"ruta","score":87,"analysis":{"keyphraseInDescription":{"score":9,"maxScore":9,"error":0},"keyphraseLength":{"score":9,"maxScore":9,"error":0,"length":1},"keyphraseInIntroduction":{"score":9,"maxScore":9,"error":0},"keyphraseInImageAlt":{"score":3,"maxScore":9,"error":1},"keywordDensity":{"type":"best","score":9,"maxScore":9,"error":0}}}]},"primary_term":null,"canonical_url":null,"og_title":null,"og_description":null,"og_object_type":"default","og_image_type":"default","og_image_url":null,"og_image_width":null,"og_image_height":null,"og_image_custom_url":null,"og_image_custom_fields":null,"og_video":"","og_custom_url":null,"og_article_section":null,"og_article_tags":null,"twitter_use_og":false,"twitter_card":"default","twitter_image_type":"default","twitter_image_url":null,"twitter_image_custom_url":null,"twitter_image_custom_fields":null,"twitter_title":null,"twitter_description":null,"schema":{"blockGraphs":[],"customGraphs":[],"default":{"data":{"Article":[],"Course":[],"Dataset":[],"FAQPage":[],"Movie":[],"Person":[],"Product":[],"ProductReview":[],"Car":[],"Recipe":[],"Service":[],"SoftwareApplication":[],"WebPage":[]},"graphName":"none","isEnabled":true},"graphs":[]},"schema_type":"default","schema_type_options":null,"pillar_content":false,"robots_default":true,"robots_noindex":false,"robots_noarchive":false,"robots_nosnippet":false,"robots_nofollow":false,"robots_noimageindex":false,"robots_noodp":false,"robots_notranslate":false,"robots_max_snippet":"-1","robots_max_videopreview":"-1","robots_max_imagepreview":"large","priority":null,"frequency":"default","local_seo":null,"seo_analyzer_scan_date":"2025-10-09 06:14:12","breadcrumb_settings":null,"limit_modified_date":false,"reviewed_by":"0","open_ai":"{\"title\":{\"suggestions\":[],\"usage\":0},\"description\":{\"suggestions\":[],\"usage\":0}}","ai":{"faqs":[],"keyPoints":[],"titles":[],"descriptions":[],"socialPosts":{"email":[],"linkedin":[],"twitter":[],"facebook":[],"instagram":[]}},"created":"2025-06-19 18:10:16","updated":"2026-02-05 01:23:32"},"aioseo_breadcrumb":"<div class=\"aioseo-breadcrumbs\"><span class=\"aioseo-breadcrumb\">\n\t<a href=\"https:\/\/soymigrante.com\/revista\" title=\"Home\">Home<\/a>\n<\/span><span class=\"aioseo-breadcrumb-separator\">\u00bb<\/span><span class=\"aioseo-breadcrumb\">\n\t<a href=\"https:\/\/soymigrante.com\/revista\/category\/guate-nuestra\/\" title=\"Guate Nuestra\">Guate Nuestra<\/a>\n<\/span><span class=\"aioseo-breadcrumb-separator\">\u00bb<\/span><span class=\"aioseo-breadcrumb\">\n\tM\u00e1gica y anta\u00f1ona: ruta para redescubrir a pie la se\u00f1orial Antigua Guatemala\n<\/span><\/div>","aioseo_breadcrumb_json":[{"label":"Home","link":"https:\/\/soymigrante.com\/revista"},{"label":"Guate Nuestra","link":"https:\/\/soymigrante.com\/revista\/category\/guate-nuestra\/"},{"label":"M\u00e1gica y anta\u00f1ona: ruta para redescubrir a pie la se\u00f1orial Antigua Guatemala","link":"https:\/\/soymigrante.com\/revista\/magica-y-antanona-ruta-para-redescubrir-a-pie-la-senorial-antigua-guatemala\/"}],"_links":{"self":[{"href":"https:\/\/soymigrante.com\/revista\/wp-json\/wp\/v2\/posts\/36707","targetHints":{"allow":["GET"]}}],"collection":[{"href":"https:\/\/soymigrante.com\/revista\/wp-json\/wp\/v2\/posts"}],"about":[{"href":"https:\/\/soymigrante.com\/revista\/wp-json\/wp\/v2\/types\/post"}],"author":[{"embeddable":true,"href":"https:\/\/soymigrante.com\/revista\/wp-json\/wp\/v2\/users\/19"}],"replies":[{"embeddable":true,"href":"https:\/\/soymigrante.com\/revista\/wp-json\/wp\/v2\/comments?post=36707"}],"version-history":[{"count":58,"href":"https:\/\/soymigrante.com\/revista\/wp-json\/wp\/v2\/posts\/36707\/revisions"}],"predecessor-version":[{"id":37888,"href":"https:\/\/soymigrante.com\/revista\/wp-json\/wp\/v2\/posts\/36707\/revisions\/37888"}],"wp:featuredmedia":[{"embeddable":true,"href":"https:\/\/soymigrante.com\/revista\/wp-json\/wp\/v2\/media\/9627"}],"wp:attachment":[{"href":"https:\/\/soymigrante.com\/revista\/wp-json\/wp\/v2\/media?parent=36707"}],"wp:term":[{"taxonomy":"category","embeddable":true,"href":"https:\/\/soymigrante.com\/revista\/wp-json\/wp\/v2\/categories?post=36707"},{"taxonomy":"post_tag","embeddable":true,"href":"https:\/\/soymigrante.com\/revista\/wp-json\/wp\/v2\/tags?post=36707"}],"curies":[{"name":"wp","href":"https:\/\/api.w.org\/{rel}","templated":true}]}}