{"id":36696,"date":"2025-06-20T04:00:00","date_gmt":"2025-06-20T10:00:00","guid":{"rendered":"https:\/\/soymigrante.com\/revista\/?p=36696"},"modified":"2025-06-20T10:35:02","modified_gmt":"2025-06-20T16:35:02","slug":"guatemala-es-electa-y-premiada-como-mejor-destino-internacional-de-turismo-2025","status":"publish","type":"post","link":"https:\/\/soymigrante.com\/revista\/guatemala-es-electa-y-premiada-como-mejor-destino-internacional-de-turismo-2025\/","title":{"rendered":"Inolvidable y Real: Guatemala es el Mejor Destino 2025"},"content":{"rendered":"\t\t<div data-elementor-type=\"wp-post\" data-elementor-id=\"36696\" class=\"elementor elementor-36696\" data-elementor-post-type=\"post\">\n\t\t\t\t<div data-particle_enable=\"false\" data-particle-mobile-disabled=\"false\" class=\"elementor-element elementor-element-19c0021 e-flex e-con-boxed e-con e-parent\" data-id=\"19c0021\" data-element_type=\"container\" data-e-type=\"container\">\n\t\t\t\t\t<div class=\"e-con-inner\">\n\t\t\t\t<div class=\"elementor-element elementor-element-4fcd6d6 elementor-widget elementor-widget-heading\" data-id=\"4fcd6d6\" data-element_type=\"widget\" data-e-type=\"widget\" data-widget_type=\"heading.default\">\n\t\t\t\t\t<h2 class=\"elementor-heading-title elementor-size-default\">Guatemala es el Mejor Destino Internacional 2025 por su turismo de lujo y destaca en el mundo. <\/h2>\t\t\t\t<\/div>\n\t\t\t\t\t<\/div>\n\t\t\t\t<\/div>\n\t\t<div data-particle_enable=\"false\" data-particle-mobile-disabled=\"false\" class=\"elementor-element elementor-element-d2d5278 e-flex e-con-boxed e-con e-parent\" data-id=\"d2d5278\" data-element_type=\"container\" data-e-type=\"container\">\n\t\t\t\t\t<div class=\"e-con-inner\">\n\t\t\t\t<div class=\"elementor-element elementor-element-49670e5 elementor-widget elementor-widget-text-editor\" data-id=\"49670e5\" data-element_type=\"widget\" data-e-type=\"widget\" data-widget_type=\"text-editor.default\">\n\t\t\t\t\t\t\t\t\t<p>Guatemala ha sido reconocida como el Mejor Destino Internacional 2025 en los prestigiosos <a href=\"https:\/\/www.cntraveler.com\/inspiration\/readers-choice-awards\" target=\"_blank\" rel=\"noopener\">Readers\u2019 Choice Awards<\/a>, organizados por la <a href=\"https:\/\/www.cntraveler.com\/\" target=\"_blank\" rel=\"noopener\">revista global Cond\u00e9 Nast Traveler,<\/a> especializada en turismo de lujo, cultura y estilo de vida.<\/p><p>El anuncio fue dado a conocer oficialmente por el Instituto Guatemalteco de Turismo (Inguat), que celebr\u00f3 el galard\u00f3n como un hito para el pa\u00eds y para la industria tur\u00edstica nacional.<\/p><p>La premiaci\u00f3n tuvo lugar en Madrid, Espa\u00f1a, donde Harris Whitbeck, director del Inguat, recibi\u00f3 el reconocimiento en nombre de Guatemala. Durante su discurso, expres\u00f3 su gratitud a la revista y a sus lectores, destacando el papel de los guatemaltecos en el posicionamiento del pa\u00eds como un destino de clase mundial.<\/p>\t\t\t\t\t\t\t\t<\/div>\n\t\t\t\t\t<\/div>\n\t\t\t\t<\/div>\n\t\t<div data-particle_enable=\"false\" data-particle-mobile-disabled=\"false\" class=\"elementor-element elementor-element-f637c0d e-flex e-con-boxed e-con e-parent\" data-id=\"f637c0d\" data-element_type=\"container\" data-e-type=\"container\">\n\t\t\t\t\t<div class=\"e-con-inner\">\n\t\t\t\t<div class=\"elementor-element elementor-element-9e422c7 elementor-invisible elementor-widget elementor-widget-facebook-embed\" data-id=\"9e422c7\" data-element_type=\"widget\" data-e-type=\"widget\" data-settings=\"{&quot;_animation&quot;:&quot;zoomInDown&quot;}\" data-widget_type=\"facebook-embed.default\">\n\t\t\t\t\t<div style=\"min-height: 1px\" class=\"elementor-facebook-widget fb-video\" data-href=\"https:\/\/www.facebook.com\/reel\/686415487632515\" data-show-text=\"false\" data-allowfullscreen=\"false\" data-autoplay=\"false\" data-show-captions=\"false\"><\/div>\t\t\t\t<\/div>\n\t\t\t\t\t<\/div>\n\t\t\t\t<\/div>\n\t\t<div data-particle_enable=\"false\" data-particle-mobile-disabled=\"false\" class=\"elementor-element elementor-element-abdbe48 e-flex e-con-boxed e-con e-parent\" data-id=\"abdbe48\" data-element_type=\"container\" data-e-type=\"container\">\n\t\t\t\t\t<div class=\"e-con-inner\">\n\t\t\t\t<div class=\"elementor-element elementor-element-88fd50a elementor-widget elementor-widget-text-editor\" data-id=\"88fd50a\" data-element_type=\"widget\" data-e-type=\"widget\" data-widget_type=\"text-editor.default\">\n\t\t\t\t\t\t\t\t\t<p>\u201cEs un reconocimiento a nuestra gente, nuestras tradiciones y nuestro compromiso por ofrecer un turismo responsable, respetuoso y profundamente humano\u201d, afirm\u00f3 Whitbeck.<\/p><p>La distinci\u00f3n fue el resultado de una votaci\u00f3n directa en la que participaron miles de lectores y viajeros de todo el mundo. Seg\u00fan el Inguat, este respaldo masivo refleja la percepci\u00f3n internacional de Guatemala como un pa\u00eds aut\u00e9ntico, con una vasta riqueza cultural y paisajes naturales impresionantes que ofrecen una experiencia tur\u00edstica \u00fanica.<\/p><p><a href=\"https:\/\/www.cntraveler.com\/inspiration\/readers-choice-awards\" target=\"_blank\" rel=\"noopener\">Los Readers\u2019 Choice Awards de Cond\u00e9 Nast Traveler son considerados uno de los reconocimientos m\u00e1s influyentes dentro de la industria global del turismo.<\/a> En ellos, los propios viajeros eligen sus destinos, hoteles, aerol\u00edneas y experiencias preferidas, bas\u00e1ndose en criterios de calidad, sostenibilidad, originalidad y conexi\u00f3n cultural.<\/p>\t\t\t\t\t\t\t\t<\/div>\n\t\t\t\t\t<\/div>\n\t\t\t\t<\/div>\n\t\t<div data-particle_enable=\"false\" data-particle-mobile-disabled=\"false\" class=\"elementor-element elementor-element-8d3ef5f e-flex e-con-boxed e-con e-parent\" data-id=\"8d3ef5f\" data-element_type=\"container\" data-e-type=\"container\">\n\t\t\t\t\t<div class=\"e-con-inner\">\n\t\t\t\t<div class=\"elementor-element elementor-element-6d62290 elementor-invisible elementor-widget elementor-widget-facebook-embed\" data-id=\"6d62290\" data-element_type=\"widget\" data-e-type=\"widget\" data-settings=\"{&quot;_animation&quot;:&quot;zoomInDown&quot;}\" data-widget_type=\"facebook-embed.default\">\n\t\t\t\t\t<div style=\"min-height: 1px\" class=\"elementor-facebook-widget fb-post\" data-href=\"https:\/\/www.facebook.com\/photo?fbid=1172067874965554&#038;set=pcb.1172068831632125\" data-show-text=\"false\"><\/div>\t\t\t\t<\/div>\n\t\t\t\t\t<\/div>\n\t\t\t\t<\/div>\n\t\t<div data-particle_enable=\"false\" data-particle-mobile-disabled=\"false\" class=\"elementor-element elementor-element-ba43523 e-flex e-con-boxed e-con e-parent\" data-id=\"ba43523\" data-element_type=\"container\" data-e-type=\"container\">\n\t\t\t\t\t<div class=\"e-con-inner\">\n\t\t\t\t<div class=\"elementor-element elementor-element-4deb8fd elementor-widget elementor-widget-heading\" data-id=\"4deb8fd\" data-element_type=\"widget\" data-e-type=\"widget\" data-widget_type=\"heading.default\">\n\t\t\t\t\t<h3 class=\"elementor-heading-title elementor-size-default\">Turismo en auge<\/h3>\t\t\t\t<\/div>\n\t\t\t\t\t<\/div>\n\t\t\t\t<\/div>\n\t\t<div data-particle_enable=\"false\" data-particle-mobile-disabled=\"false\" class=\"elementor-element elementor-element-5dcdef6 e-flex e-con-boxed e-con e-parent\" data-id=\"5dcdef6\" data-element_type=\"container\" data-e-type=\"container\">\n\t\t\t\t\t<div class=\"e-con-inner\">\n\t\t\t\t<div class=\"elementor-element elementor-element-8665782 elementor-widget elementor-widget-text-editor\" data-id=\"8665782\" data-element_type=\"widget\" data-e-type=\"widget\" data-widget_type=\"text-editor.default\">\n\t\t\t\t\t\t\t\t\t<p><a href=\"https:\/\/www.cntraveler.com\/inspiration\/readers-choice-awards\" target=\"_blank\" rel=\"noopener\">En los \u00faltimos a\u00f1os, Guatemala ha incrementado sus esfuerzos para posicionarse como un destino de alto nivel,<\/a> atrayendo tanto al viajero que busca experiencias inmersivas y aut\u00e9nticas, como a aquel que valora el lujo consciente y respetuoso con el entorno.<\/p><p>Desde la riqueza hist\u00f3rica de sitios mayas como Tikal y Yaxh\u00e1, pasando por la vibrante vida cultural de Antigua Guatemala, hasta el turismo natural en el Lago de Atitl\u00e1n o Semuc Champey, el pa\u00eds ha diversificado su oferta y mejorado su infraestructura tur\u00edstica.<\/p><p>Whitbeck tambi\u00e9n ha insistido en la importancia del turismo como motor de desarrollo econ\u00f3mico: \u201cEste premio es una vitrina que nos impulsa a continuar trabajando por un turismo sostenible, que beneficie a nuestras comunidades y conserve nuestro patrimonio\u201d.<\/p>\t\t\t\t\t\t\t\t<\/div>\n\t\t\t\t\t<\/div>\n\t\t\t\t<\/div>\n\t\t<div data-particle_enable=\"false\" data-particle-mobile-disabled=\"false\" class=\"elementor-element elementor-element-e8d052f e-flex e-con-boxed e-con e-parent\" data-id=\"e8d052f\" data-element_type=\"container\" data-e-type=\"container\">\n\t\t\t\t\t<div class=\"e-con-inner\">\n\t\t\t\t<div class=\"elementor-element elementor-element-8e5aaac elementor-invisible elementor-widget elementor-widget-facebook-embed\" data-id=\"8e5aaac\" data-element_type=\"widget\" data-e-type=\"widget\" data-settings=\"{&quot;_animation&quot;:&quot;zoomInDown&quot;}\" data-widget_type=\"facebook-embed.default\">\n\t\t\t\t\t<div style=\"min-height: 1px\" class=\"elementor-facebook-widget fb-post\" data-href=\"https:\/\/www.facebook.com\/photo?fbid=1146546877509622&#038;set=pcb.1146547317509578\" data-show-text=\"false\"><\/div>\t\t\t\t<\/div>\n\t\t\t\t\t<\/div>\n\t\t\t\t<\/div>\n\t\t<div data-particle_enable=\"false\" data-particle-mobile-disabled=\"false\" class=\"elementor-element elementor-element-efb4a01 e-flex e-con-boxed e-con e-parent\" data-id=\"efb4a01\" data-element_type=\"container\" data-e-type=\"container\">\n\t\t\t\t\t<div class=\"e-con-inner\">\n\t\t\t\t<div class=\"elementor-element elementor-element-1ed3f41 elementor-widget elementor-widget-heading\" data-id=\"1ed3f41\" data-element_type=\"widget\" data-e-type=\"widget\" data-widget_type=\"heading.default\">\n\t\t\t\t\t<h3 class=\"elementor-heading-title elementor-size-default\">Reconocimiento internacional<\/h3>\t\t\t\t<\/div>\n\t\t\t\t\t<\/div>\n\t\t\t\t<\/div>\n\t\t<div data-particle_enable=\"false\" data-particle-mobile-disabled=\"false\" class=\"elementor-element elementor-element-22fd3db e-flex e-con-boxed e-con e-parent\" data-id=\"22fd3db\" data-element_type=\"container\" data-e-type=\"container\">\n\t\t\t\t\t<div class=\"e-con-inner\">\n\t\t\t\t<div class=\"elementor-element elementor-element-66adb57 elementor-widget elementor-widget-text-editor\" data-id=\"66adb57\" data-element_type=\"widget\" data-e-type=\"widget\" data-widget_type=\"text-editor.default\">\n\t\t\t\t\t\t\t\t\t<p>Con esta distinci\u00f3n, Guatemala se une a un selecto grupo de pa\u00edses que han sido reconocidos por <a href=\"https:\/\/www.cntraveler.com\/inspiration\/readers-choice-awards\" target=\"_blank\" rel=\"noopener\">Cond\u00e9 Nast Traveler en categor\u00edas internacionales.<\/a> El premio no solo refuerza su presencia en la industria del turismo de lujo, sino que tambi\u00e9n representa una oportunidad para atraer nuevos mercados y fortalecer la marca pa\u00eds.<\/p><p>El Inguat ha indicado que, en los pr\u00f3ximos meses, se lanzar\u00e1n campa\u00f1as de promoci\u00f3n internacional aprovechando la visibilidad del galard\u00f3n. Se espera que este impulso motive a m\u00e1s viajeros de alto perfil a descubrir Guatemala como un destino de experiencias \u00fanicas, con una conexi\u00f3n genuina con su gente, cultura y naturaleza.<\/p>\t\t\t\t\t\t\t\t<\/div>\n\t\t\t\t\t<\/div>\n\t\t\t\t<\/div>\n\t\t<div data-particle_enable=\"false\" data-particle-mobile-disabled=\"false\" class=\"elementor-element elementor-element-bbaaf4e e-flex e-con-boxed e-con e-parent\" data-id=\"bbaaf4e\" data-element_type=\"container\" data-e-type=\"container\">\n\t\t\t\t\t<div class=\"e-con-inner\">\n\t\t\t\t<div class=\"elementor-element elementor-element-1ad7e29 elementor-invisible elementor-widget elementor-widget-facebook-embed\" data-id=\"1ad7e29\" data-element_type=\"widget\" data-e-type=\"widget\" data-settings=\"{&quot;_animation&quot;:&quot;zoomInDown&quot;}\" data-widget_type=\"facebook-embed.default\">\n\t\t\t\t\t<div style=\"min-height: 1px\" class=\"elementor-facebook-widget fb-post\" data-href=\"https:\/\/www.facebook.com\/photo\/?fbid=1143116864519290&#038;set=pcb.1143120684518908\" data-show-text=\"false\"><\/div>\t\t\t\t<\/div>\n\t\t\t\t\t<\/div>\n\t\t\t\t<\/div>\n\t\t<div data-particle_enable=\"false\" data-particle-mobile-disabled=\"false\" class=\"elementor-element elementor-element-02e98fd e-flex e-con-boxed e-con e-parent\" data-id=\"02e98fd\" data-element_type=\"container\" data-e-type=\"container\">\n\t\t\t\t\t<div class=\"e-con-inner\">\n\t\t\t\t<div class=\"elementor-element elementor-element-f6a8458 elementor-widget elementor-widget-heading\" data-id=\"f6a8458\" data-element_type=\"widget\" data-e-type=\"widget\" data-widget_type=\"heading.default\">\n\t\t\t\t\t<h2 class=\"elementor-heading-title elementor-size-default\">Conoce estos temas que te pueden interesar...<\/h2>\t\t\t\t<\/div>\n\t\t\t\t\t<\/div>\n\t\t\t\t<\/div>\n\t\t<div data-particle_enable=\"false\" data-particle-mobile-disabled=\"false\" class=\"elementor-element elementor-element-f78f400 e-flex e-con-boxed e-con e-parent\" data-id=\"f78f400\" data-element_type=\"container\" data-e-type=\"container\">\n\t\t\t\t\t<div class=\"e-con-inner\">\n\t\t\t\t<div class=\"elementor-element elementor-element-7bc7748 elementor-grid-eael-col-3 elementor-grid-tablet-eael-col-2 elementor-grid-mobile-eael-col-1 elementor-invisible elementor-widget elementor-widget-eael-post-grid\" data-id=\"7bc7748\" data-element_type=\"widget\" data-e-type=\"widget\" data-settings=\"{&quot;eael_post_grid_columns&quot;:&quot;eael-col-3&quot;,&quot;_animation&quot;:&quot;rollIn&quot;,&quot;eael_post_grid_columns_tablet&quot;:&quot;eael-col-2&quot;,&quot;eael_post_grid_columns_mobile&quot;:&quot;eael-col-1&quot;}\" data-widget_type=\"eael-post-grid.default\">\n\t\t\t\t\t<div id=\"eael-post-grid-7bc7748\" class=\"eael-post-grid-container\">\n            <div class=\"eael-post-grid eael-post-appender eael-post-appender-7bc7748 eael-post-grid-style-one\" data-layout-mode=\"masonry\"><article class=\"eael-grid-post  eael-post-grid-column eael-pg-post-15953 category-guate-nuestra tags-departamentos-de-guatemala\" data-id=\"15953\">\n        <div class=\"eael-grid-post-holder\">\n            <div class=\"eael-grid-post-holder-inner\"><div class=\"eael-entry-media\"><div class=\"eael-entry-overlay fade-in\"><i class=\"far fa-hand-pointer\" aria-hidden=\"true\"><\/i><a href=\"https:\/\/soymigrante.com\/revista\/departamentos-de-guatemala-alta-verapaz-mosaico-cultural-y-natural\/\"><\/a><\/div><div class=\"eael-entry-thumbnail \">\n                <img fetchpriority=\"high\" decoding=\"async\" width=\"1024\" height=\"1024\" src=\"https:\/\/soymigrante.com\/revista\/wp-content\/uploads\/2024\/12\/Alta-verapaz-e1733850705973-1024x1024.jpeg\" class=\"attachment-large size-large wp-image-15955\" alt=\"L\u00e1grimas gigantes en la selva tropical con cascada y piscina de agua, vista a\u00e9rea de exuberante vegetaci\u00f3n verde en un paisaje natural impresionante.\" srcset=\"https:\/\/soymigrante.com\/revista\/wp-content\/uploads\/2024\/12\/Alta-verapaz-e1733850705973-1024x1024.jpeg 1024w, https:\/\/soymigrante.com\/revista\/wp-content\/uploads\/2024\/12\/Alta-verapaz-e1733850705973-300x300.jpeg 300w, https:\/\/soymigrante.com\/revista\/wp-content\/uploads\/2024\/12\/Alta-verapaz-e1733850705973-150x150.jpeg 150w, https:\/\/soymigrante.com\/revista\/wp-content\/uploads\/2024\/12\/Alta-verapaz-e1733850705973-768x768.jpeg 768w, https:\/\/soymigrante.com\/revista\/wp-content\/uploads\/2024\/12\/Alta-verapaz-e1733850705973-75x75.webp 75w, https:\/\/soymigrante.com\/revista\/wp-content\/uploads\/2024\/12\/Alta-verapaz-e1733850705973-750x750.webp 750w, https:\/\/soymigrante.com\/revista\/wp-content\/uploads\/2024\/12\/Alta-verapaz-e1733850705973.webp 1078w\" sizes=\"(max-width: 1024px) 100vw, 1024px\" \/>\n            <\/div>\n        <\/div><div class=\"eael-entry-wrapper\"><header class=\"eael-entry-header\"><h2 class=\"eael-entry-title\"><a class=\"eael-grid-post-link\" href=\"https:\/\/soymigrante.com\/revista\/departamentos-de-guatemala-alta-verapaz-mosaico-cultural-y-natural\/\" title=\"Departamentos de Guatemala : Alta Verapaz, cuna de la Monja Blanca\">Departamentos de Guatemala : Alta Verapaz, cuna de la Monja Blanca<\/a><\/h2><\/header><div class=\"eael-entry-content\">\n                        <div class=\"eael-grid-post-excerpt\"><a href=\"https:\/\/soymigrante.com\/revista\/departamentos-de-guatemala-alta-verapaz-mosaico-cultural-y-natural\/\" class=\"eael-post-elements-readmore-btn\">CONOCE SU HISTORIA <\/a><\/div>\n                    <\/div><\/div><\/div>\n        <\/div>\n    <\/article><article class=\"eael-grid-post  eael-post-grid-column eael-pg-post-7501 category-guate-nuestra tags-volcanes-de-guatemala\" data-id=\"7501\">\n        <div class=\"eael-grid-post-holder\">\n            <div class=\"eael-grid-post-holder-inner\"><div class=\"eael-entry-media\"><div class=\"eael-entry-overlay fade-in\"><i class=\"far fa-hand-pointer\" aria-hidden=\"true\"><\/i><a href=\"https:\/\/soymigrante.com\/revista\/7-volcanes-de-guatemala-datos-y-leyenda-que-quiza-ya-sabias-o-tal-vez-no\/\"><\/a><\/div><div class=\"eael-entry-thumbnail \">\n                <img decoding=\"async\" width=\"638\" height=\"642\" src=\"https:\/\/soymigrante.com\/revista\/wp-content\/uploads\/2024\/07\/volcanes-de-guatemala-2.webp\" class=\"attachment-large size-large wp-image-7502\" alt=\"Volc\u00e1n de Fuego, volcanes de Guatemala, fotograf\u00edas de Abel Juarez\" srcset=\"https:\/\/soymigrante.com\/revista\/wp-content\/uploads\/2024\/07\/volcanes-de-guatemala-2.webp 638w, https:\/\/soymigrante.com\/revista\/wp-content\/uploads\/2024\/07\/volcanes-de-guatemala-2-298x300.webp 298w, https:\/\/soymigrante.com\/revista\/wp-content\/uploads\/2024\/07\/volcanes-de-guatemala-2-150x150.webp 150w, https:\/\/soymigrante.com\/revista\/wp-content\/uploads\/2024\/07\/volcanes-de-guatemala-2-75x75.webp 75w\" sizes=\"(max-width: 638px) 100vw, 638px\" \/>\n            <\/div>\n        <\/div><div class=\"eael-entry-wrapper\"><header class=\"eael-entry-header\"><h2 class=\"eael-entry-title\"><a class=\"eael-grid-post-link\" href=\"https:\/\/soymigrante.com\/revista\/7-volcanes-de-guatemala-datos-y-leyenda-que-quiza-ya-sabias-o-tal-vez-no\/\" title=\"7 volcanes de Guatemala: datos y leyenda que quiz\u00e1 ya sab\u00edas&#8230; o tal vez no\">7 volcanes de Guatemala: datos y leyenda que quiz\u00e1 ya sab\u00edas&#8230; o tal vez no<\/a><\/h2><\/header><div class=\"eael-entry-content\">\n                        <div class=\"eael-grid-post-excerpt\"><a href=\"https:\/\/soymigrante.com\/revista\/7-volcanes-de-guatemala-datos-y-leyenda-que-quiza-ya-sabias-o-tal-vez-no\/\" class=\"eael-post-elements-readmore-btn\">CONOCE SU HISTORIA <\/a><\/div>\n                    <\/div><\/div><\/div>\n        <\/div>\n    <\/article><article class=\"eael-grid-post  eael-post-grid-column eael-pg-post-7346 category-guate-nuestra tags-joyas-mayas-migrantes\" data-id=\"7346\">\n        <div class=\"eael-grid-post-holder\">\n            <div class=\"eael-grid-post-holder-inner\"><div class=\"eael-entry-media\"><div class=\"eael-entry-overlay fade-in\"><i class=\"far fa-hand-pointer\" aria-hidden=\"true\"><\/i><a href=\"https:\/\/soymigrante.com\/revista\/piezas-mayas-en-usa-estela-11-de-piedras-negras-se-conserva-en-houston\/\"><\/a><\/div><div class=\"eael-entry-thumbnail \">\n                <img decoding=\"async\" width=\"252\" height=\"252\" src=\"https:\/\/soymigrante.com\/revista\/wp-content\/uploads\/2024\/07\/joyas-mayas-estela-de-piedras-negras-guatemala.webp\" class=\"attachment-large size-large wp-image-7351\" alt=\"Arte prehisp\u00e1nico en piedra con detalladas esculturas de rostro humano y motivos geometricos, representando la riqueza cultural de las civilizaciones antiguas en Mesoam\u00e9rica.\" srcset=\"https:\/\/soymigrante.com\/revista\/wp-content\/uploads\/2024\/07\/joyas-mayas-estela-de-piedras-negras-guatemala.webp 252w, https:\/\/soymigrante.com\/revista\/wp-content\/uploads\/2024\/07\/joyas-mayas-estela-de-piedras-negras-guatemala-150x150.webp 150w, https:\/\/soymigrante.com\/revista\/wp-content\/uploads\/2024\/07\/joyas-mayas-estela-de-piedras-negras-guatemala-75x75.webp 75w\" sizes=\"(max-width: 252px) 100vw, 252px\" \/>\n            <\/div>\n        <\/div><div class=\"eael-entry-wrapper\"><header class=\"eael-entry-header\"><h2 class=\"eael-entry-title\"><a class=\"eael-grid-post-link\" href=\"https:\/\/soymigrante.com\/revista\/piezas-mayas-en-usa-estela-11-de-piedras-negras-se-conserva-en-houston\/\" title=\"Joyas mayas migrantes: Estela 11 de Piedras Negras se conserva en Houston\">Joyas mayas migrantes: Estela 11 de Piedras Negras se conserva en Houston<\/a><\/h2><\/header><div class=\"eael-entry-content\">\n                        <div class=\"eael-grid-post-excerpt\"><a href=\"https:\/\/soymigrante.com\/revista\/piezas-mayas-en-usa-estela-11-de-piedras-negras-se-conserva-en-houston\/\" class=\"eael-post-elements-readmore-btn\">CONOCE SU HISTORIA <\/a><\/div>\n                    <\/div><\/div><\/div>\n        <\/div>\n    <\/article><\/div>\n            <div class=\"clearfix\"><\/div>\n        <\/div>\t\t\t\t<\/div>\n\t\t\t\t\t<\/div>\n\t\t\t\t<\/div>\n\t\t\t\t<\/div>\n\t\t","protected":false},"excerpt":{"rendered":"<p>Guatemala es el Mejor Destino Internacional 2025 por su turismo de lujo y destaca en el mundo. Guatemala ha sido reconocida como el Mejor Destino Internacional 2025 en los prestigiosos Readers\u2019 Choice Awards, organizados por la revista global Cond\u00e9 Nast Traveler, especializada en turismo de lujo, cultura y estilo de vida. El anuncio fue dado [&hellip;]<\/p>\n","protected":false},"author":19,"featured_media":32972,"comment_status":"open","ping_status":"open","sticky":false,"template":"","format":"standard","meta":{"_acf_changed":false,"_eb_attr":"","footnotes":""},"categories":[58],"tags":[],"class_list":["post-36696","post","type-post","status-publish","format-standard","has-post-thumbnail","hentry","category-guate-nuestra"],"acf":[],"aioseo_notices":[],"aioseo_head":"\n\t\t<!-- All in One SEO Pro 4.9.6.2 - aioseo.com -->\n\t<meta name=\"description\" content=\"Gobernante 4 del Reino de Piedras Negras aparece en esta joya maya conservada en el Museo de Bellas Artes de Houston, Texas. Conoce m\u00e1s sobre ella aqu\u00ed\" \/>\n\t<meta name=\"robots\" content=\"max-snippet:-1, max-image-preview:large, max-video-preview:-1\" \/>\n\t<meta name=\"author\" content=\"Gustavo Montenegro\"\/>\n\t<link rel=\"canonical\" href=\"https:\/\/soymigrante.com\/revista\/piezas-mayas-en-usa-estela-11-de-piedras-negras-se-conserva-en-houston\/\" \/>\n\t<meta name=\"generator\" content=\"All in One SEO Pro (AIOSEO) 4.9.6.2\" \/>\n\n\t\t<link rel=\"preconnect\" href=\"https:\/\/fonts.googleapis.com\" crossorigin>\n<link rel=\"preconnect\" href=\"https:\/\/fonts.gstatic.com\" crossorigin>\n\t\t<meta property=\"og:locale\" content=\"es_ES\" \/>\n\t\t<meta property=\"og:site_name\" content=\"SoyMigrante.com REVISTA \u2013 Nuestra misi\u00f3n es reconocer y dignificar al migrante.\" \/>\n\t\t<meta property=\"og:type\" content=\"article\" \/>\n\t\t<meta property=\"og:title\" content=\"Piezas mayas en USA: Estela de Piedras Negras est\u00e1 en Houston\" \/>\n\t\t<meta property=\"og:description\" content=\"Gobernante 4 del Reino de Piedras Negras aparece en esta joya maya conservada en el Museo de Bellas Artes de Houston, Texas. Conoce m\u00e1s sobre ella aqu\u00ed\" \/>\n\t\t<meta property=\"og:url\" content=\"https:\/\/soymigrante.com\/revista\/piezas-mayas-en-usa-estela-11-de-piedras-negras-se-conserva-en-houston\/\" \/>\n\t\t<meta property=\"og:image\" content=\"https:\/\/soymigrante.com\/revista\/wp-content\/uploads\/2024\/07\/joyas-mayas-estela-de-piedras-negras-guatemala.webp\" \/>\n\t\t<meta property=\"og:image:secure_url\" content=\"https:\/\/soymigrante.com\/revista\/wp-content\/uploads\/2024\/07\/joyas-mayas-estela-de-piedras-negras-guatemala.webp\" \/>\n\t\t<meta property=\"og:image:width\" content=\"252\" \/>\n\t\t<meta property=\"og:image:height\" content=\"252\" \/>\n\t\t<meta property=\"article:published_time\" content=\"2024-07-08T04:53:43+00:00\" \/>\n\t\t<meta property=\"article:modified_time\" content=\"2025-05-15T16:52:11+00:00\" \/>\n\t\t<meta property=\"article:publisher\" content=\"https:\/\/www.facebook.com\/soymigrantecom\" \/>\n\t\t<meta name=\"twitter:card\" content=\"summary_large_image\" \/>\n\t\t<meta name=\"twitter:site\" content=\"@SoyMigrante_com\" \/>\n\t\t<meta name=\"twitter:title\" content=\"Piezas mayas en USA: Estela de Piedras Negras est\u00e1 en Houston\" \/>\n\t\t<meta name=\"twitter:description\" content=\"Gobernante 4 del Reino de Piedras Negras aparece en esta joya maya conservada en el Museo de Bellas Artes de Houston, Texas. Conoce m\u00e1s sobre ella aqu\u00ed\" \/>\n\t\t<meta name=\"twitter:creator\" content=\"@SoyMigrante_com\" \/>\n\t\t<meta name=\"twitter:image\" content=\"https:\/\/soymigrante.com\/revista\/wp-content\/uploads\/2024\/07\/joyas-mayas-estela-de-piedras-negras-guatemala.webp\" \/>\n\t\t<!-- All in One SEO Pro -->\r\n\t\t<title>Piezas mayas en USA: Estela de Piedras Negras est\u00e1 en Houston<\/title>\n\n","aioseo_head_json":{"title":"Piezas mayas en USA: Estela de Piedras Negras est\u00e1 en Houston","description":"Gobernante 4 del Reino de Piedras Negras aparece en esta joya maya conservada en el Museo de Bellas Artes de Houston, Texas. Conoce m\u00e1s sobre ella aqu\u00ed","canonical_url":"https:\/\/soymigrante.com\/revista\/piezas-mayas-en-usa-estela-11-de-piedras-negras-se-conserva-en-houston\/","robots":"max-snippet:-1, max-image-preview:large, max-video-preview:-1","keywords":"","webmasterTools":{"miscellaneous":"&lt;link rel=\"preconnect\" href=\"https:\/\/fonts.googleapis.com\" crossorigin&gt;\n&lt;link rel=\"preconnect\" href=\"https:\/\/fonts.gstatic.com\" crossorigin&gt;"},"schema":null,"og:locale":"es_ES","og:site_name":"SoyMigrante.com REVISTA \u2013 Nuestra misi\u00f3n es reconocer y dignificar al migrante.","og:type":"article","og:title":"Piezas mayas en USA: Estela de Piedras Negras est\u00e1 en Houston","og:description":"Gobernante 4 del Reino de Piedras Negras aparece en esta joya maya conservada en el Museo de Bellas Artes de Houston, Texas. Conoce m\u00e1s sobre ella aqu\u00ed","og:url":"https:\/\/soymigrante.com\/revista\/piezas-mayas-en-usa-estela-11-de-piedras-negras-se-conserva-en-houston\/","og:image":"https:\/\/soymigrante.com\/revista\/wp-content\/uploads\/2024\/07\/joyas-mayas-estela-de-piedras-negras-guatemala.webp","og:image:secure_url":"https:\/\/soymigrante.com\/revista\/wp-content\/uploads\/2024\/07\/joyas-mayas-estela-de-piedras-negras-guatemala.webp","og:image:width":252,"og:image:height":252,"article:published_time":"2024-07-08T04:53:43+00:00","article:modified_time":"2025-05-15T16:52:11+00:00","article:publisher":"https:\/\/www.facebook.com\/soymigrantecom","twitter:card":"summary_large_image","twitter:site":"@SoyMigrante_com","twitter:title":"Piezas mayas en USA: Estela de Piedras Negras est\u00e1 en Houston","twitter:description":"Gobernante 4 del Reino de Piedras Negras aparece en esta joya maya conservada en el Museo de Bellas Artes de Houston, Texas. Conoce m\u00e1s sobre ella aqu\u00ed","twitter:creator":"@SoyMigrante_com","twitter:image":"https:\/\/soymigrante.com\/revista\/wp-content\/uploads\/2024\/07\/joyas-mayas-estela-de-piedras-negras-guatemala.webp"},"aioseo_meta_data":{"post_id":"36696","title":"Por votaci\u00f3n Guatemala fue premiada como mejor destino tur\u00edstico","description":"Guatemala fue galardonada como Mejor Destino Internacional 2025 por su turismo de lujo: una distinci\u00f3n sin precedentes. \u00bfC\u00f3mo ocurri\u00f3 aqu\u00ed te lo contamos?","keywords":null,"keyphrases":{"focus":{"keyphrase":"Guatemala","score":100,"analysis":{"keyphraseInTitle":{"score":9,"maxScore":9,"error":0},"keyphraseInDescription":{"score":9,"maxScore":9,"error":0},"keyphraseLength":{"score":9,"maxScore":9,"error":0,"length":1},"keyphraseInURL":{"score":5,"maxScore":5,"error":0},"keyphraseInIntroduction":{"score":9,"maxScore":9,"error":0},"keyphraseInSubHeadings":{"score":9,"maxScore":9,"error":0},"keyphraseInImageAlt":{"score":9,"maxScore":9,"error":0},"keywordDensity":{"type":"best","score":9,"maxScore":9,"error":0}}},"additional":[{"keyphrase":"Guatemala","score":100,"analysis":{"keyphraseInDescription":{"score":9,"maxScore":9,"error":0},"keyphraseLength":{"score":9,"maxScore":9,"error":0,"length":1},"keyphraseInIntroduction":{"score":9,"maxScore":9,"error":0},"keyphraseInImageAlt":{"score":9,"maxScore":9,"error":0},"keywordDensity":{"type":"best","score":9,"maxScore":9,"error":0}}},{"keyphrase":"Mejor Destino Internacional","score":67,"analysis":{"keyphraseInDescription":{"score":9,"maxScore":9,"error":0},"keyphraseLength":{"score":9,"maxScore":9,"error":0,"length":3},"keyphraseInIntroduction":{"score":9,"maxScore":9,"error":0},"keyphraseInImageAlt":{"score":3,"maxScore":9,"error":1},"keywordDensity":{"score":0,"type":"low","maxScore":9,"error":1}}}]},"primary_term":null,"canonical_url":null,"og_title":null,"og_description":null,"og_object_type":"default","og_image_type":"default","og_image_url":null,"og_image_width":null,"og_image_height":null,"og_image_custom_url":null,"og_image_custom_fields":null,"og_video":"","og_custom_url":null,"og_article_section":null,"og_article_tags":null,"twitter_use_og":false,"twitter_card":"default","twitter_image_type":"default","twitter_image_url":null,"twitter_image_custom_url":null,"twitter_image_custom_fields":null,"twitter_title":null,"twitter_description":null,"schema":{"blockGraphs":[],"customGraphs":[],"default":{"data":{"Article":[],"Course":[],"Dataset":[],"FAQPage":[],"Movie":[],"Person":[],"Product":[],"ProductReview":[],"Car":[],"Recipe":[],"Service":[],"SoftwareApplication":[],"WebPage":[]},"graphName":"none","isEnabled":true},"graphs":[]},"schema_type":"default","schema_type_options":null,"pillar_content":false,"robots_default":true,"robots_noindex":false,"robots_noarchive":false,"robots_nosnippet":false,"robots_nofollow":false,"robots_noimageindex":false,"robots_noodp":false,"robots_notranslate":false,"robots_max_snippet":"-1","robots_max_videopreview":"-1","robots_max_imagepreview":"large","priority":null,"frequency":"default","local_seo":null,"seo_analyzer_scan_date":"2025-10-09 06:04:12","breadcrumb_settings":null,"limit_modified_date":false,"reviewed_by":"0","open_ai":"{\"title\":{\"suggestions\":[],\"usage\":0},\"description\":{\"suggestions\":[],\"usage\":0}}","ai":null,"created":"2025-06-19 17:31:21","updated":"2026-02-05 01:17:19"},"aioseo_breadcrumb":"<div class=\"aioseo-breadcrumbs\"><span class=\"aioseo-breadcrumb\">\n\t<a href=\"https:\/\/soymigrante.com\/revista\" title=\"Home\">Home<\/a>\n<\/span><span class=\"aioseo-breadcrumb-separator\">\u00bb<\/span><span class=\"aioseo-breadcrumb\">\n\t<a href=\"https:\/\/soymigrante.com\/revista\/category\/guate-nuestra\/\" title=\"Guate Nuestra\">Guate Nuestra<\/a>\n<\/span><span class=\"aioseo-breadcrumb-separator\">\u00bb<\/span><span class=\"aioseo-breadcrumb\">\n\tInolvidable y Real: Guatemala es el Mejor Destino 2025\n<\/span><\/div>","aioseo_breadcrumb_json":[{"label":"Home","link":"https:\/\/soymigrante.com\/revista"},{"label":"Guate Nuestra","link":"https:\/\/soymigrante.com\/revista\/category\/guate-nuestra\/"},{"label":"Inolvidable y Real: Guatemala es el Mejor Destino 2025","link":"https:\/\/soymigrante.com\/revista\/guatemala-es-electa-y-premiada-como-mejor-destino-internacional-de-turismo-2025\/"}],"_links":{"self":[{"href":"https:\/\/soymigrante.com\/revista\/wp-json\/wp\/v2\/posts\/36696","targetHints":{"allow":["GET"]}}],"collection":[{"href":"https:\/\/soymigrante.com\/revista\/wp-json\/wp\/v2\/posts"}],"about":[{"href":"https:\/\/soymigrante.com\/revista\/wp-json\/wp\/v2\/types\/post"}],"author":[{"embeddable":true,"href":"https:\/\/soymigrante.com\/revista\/wp-json\/wp\/v2\/users\/19"}],"replies":[{"embeddable":true,"href":"https:\/\/soymigrante.com\/revista\/wp-json\/wp\/v2\/comments?post=36696"}],"version-history":[{"count":17,"href":"https:\/\/soymigrante.com\/revista\/wp-json\/wp\/v2\/posts\/36696\/revisions"}],"predecessor-version":[{"id":36870,"href":"https:\/\/soymigrante.com\/revista\/wp-json\/wp\/v2\/posts\/36696\/revisions\/36870"}],"wp:featuredmedia":[{"embeddable":true,"href":"https:\/\/soymigrante.com\/revista\/wp-json\/wp\/v2\/media\/32972"}],"wp:attachment":[{"href":"https:\/\/soymigrante.com\/revista\/wp-json\/wp\/v2\/media?parent=36696"}],"wp:term":[{"taxonomy":"category","embeddable":true,"href":"https:\/\/soymigrante.com\/revista\/wp-json\/wp\/v2\/categories?post=36696"},{"taxonomy":"post_tag","embeddable":true,"href":"https:\/\/soymigrante.com\/revista\/wp-json\/wp\/v2\/tags?post=36696"}],"curies":[{"name":"wp","href":"https:\/\/api.w.org\/{rel}","templated":true}]}}