{"id":3663,"date":"2023-12-05T09:24:50","date_gmt":"2023-12-05T15:24:50","guid":{"rendered":"https:\/\/soymigrante.com\/revista\/?p=3663"},"modified":"2024-11-01T15:51:48","modified_gmt":"2024-11-01T21:51:48","slug":"remesas-migrantes-guatemaltecos-noviembre-superan-2023","status":"publish","type":"post","link":"https:\/\/soymigrante.com\/revista\/remesas-migrantes-guatemaltecos-noviembre-superan-2023\/","title":{"rendered":"Migrantes guatemaltecos igualan remesas de 2022 en solo 11 meses de 2023"},"content":{"rendered":"\t\t<div data-elementor-type=\"wp-post\" data-elementor-id=\"3663\" class=\"elementor elementor-3663\" data-elementor-post-type=\"post\">\n\t\t\t\t\t\t<section data-particle_enable=\"false\" data-particle-mobile-disabled=\"false\" class=\"elementor-section elementor-top-section elementor-element elementor-element-335544d elementor-section-boxed elementor-section-height-default elementor-section-height-default\" data-id=\"335544d\" data-element_type=\"section\" data-e-type=\"section\">\n\t\t\t\t\t\t<div class=\"elementor-container elementor-column-gap-default\">\n\t\t\t\t\t<div class=\"elementor-column elementor-col-100 elementor-top-column elementor-element elementor-element-3fd80be\" data-id=\"3fd80be\" data-element_type=\"column\" data-e-type=\"column\">\n\t\t\t<div class=\"elementor-widget-wrap elementor-element-populated\">\n\t\t\t\t\t\t<div class=\"elementor-element elementor-element-d67f432 elementor-widget elementor-widget-heading\" data-id=\"d67f432\" data-element_type=\"widget\" data-e-type=\"widget\" data-widget_type=\"heading.default\">\n\t\t\t\t\t<h2 class=\"elementor-heading-title elementor-size-default\">Seg\u00fan estudios de la Organizaci\u00f3n Internacional de las Migraciones (OIM) el 80% de migrantes guatemaltecos en Estados Unidos env\u00eda remesas a sus familias en el pa\u00eds: en  solo 11 meses enviaron 18 mil 39 millones de d\u00f3lares; en 2022 fueron 18 mil 40 millones.<\/h2>\t\t\t\t<\/div>\n\t\t\t\t\t<\/div>\n\t\t<\/div>\n\t\t\t\t\t<\/div>\n\t\t<\/section>\n\t\t\t\t<section data-particle_enable=\"false\" data-particle-mobile-disabled=\"false\" class=\"elementor-section elementor-top-section elementor-element elementor-element-93427ad elementor-section-boxed elementor-section-height-default elementor-section-height-default\" data-id=\"93427ad\" data-element_type=\"section\" data-e-type=\"section\">\n\t\t\t\t\t\t<div class=\"elementor-container elementor-column-gap-default\">\n\t\t\t\t\t<div class=\"elementor-column elementor-col-100 elementor-top-column elementor-element elementor-element-aeed3ad\" data-id=\"aeed3ad\" data-element_type=\"column\" data-e-type=\"column\">\n\t\t\t<div class=\"elementor-widget-wrap elementor-element-populated\">\n\t\t\t\t\t\t<div class=\"elementor-element elementor-element-4329f42 elementor-widget elementor-widget-image\" data-id=\"4329f42\" data-element_type=\"widget\" data-e-type=\"widget\" data-settings=\"{&quot;motion_fx_motion_fx_mouse&quot;:&quot;yes&quot;,&quot;motion_fx_tilt_effect&quot;:&quot;yes&quot;,&quot;motion_fx_tilt_speed&quot;:{&quot;unit&quot;:&quot;px&quot;,&quot;size&quot;:4,&quot;sizes&quot;:[]}}\" data-widget_type=\"image.default\">\n\t\t\t\t\t\t\t\t\t\t\t\t<figure class=\"wp-caption\">\n\t\t\t\t\t\t\t\t\t\t<img fetchpriority=\"high\" decoding=\"async\" width=\"768\" height=\"432\" src=\"https:\/\/soymigrante.com\/revista\/wp-content\/uploads\/2023\/12\/dolaritos-cocina-1024x576.webp\" class=\"attachment-large size-large wp-image-3664\" alt=\"Detr\u00e1s de cada dolar de cada remesa hay horas, d\u00edas, semanas, meses de trabajo tesonero y esfuerzo constante de muchos guatemaltecos.\" srcset=\"https:\/\/soymigrante.com\/revista\/wp-content\/uploads\/2023\/12\/dolaritos-cocina-1024x576.webp 1024w, https:\/\/soymigrante.com\/revista\/wp-content\/uploads\/2023\/12\/dolaritos-cocina-300x169.webp 300w, https:\/\/soymigrante.com\/revista\/wp-content\/uploads\/2023\/12\/dolaritos-cocina-768x432.webp 768w, https:\/\/soymigrante.com\/revista\/wp-content\/uploads\/2023\/12\/dolaritos-cocina-750x422.webp 750w, https:\/\/soymigrante.com\/revista\/wp-content\/uploads\/2023\/12\/dolaritos-cocina-1140x641.webp 1140w, https:\/\/soymigrante.com\/revista\/wp-content\/uploads\/2023\/12\/dolaritos-cocina.webp 1280w\" sizes=\"(max-width: 768px) 100vw, 768px\" title=\"Detr\u00e1s de cada dolar de cada remesa hay horas, d\u00edas, semanas, meses de trabajo tesonero y esfuerzo constante de muchos guatemaltecos. \u2013 SoyMigrante.com REVISTA\" \/>\t\t\t\t\t\t\t\t\t\t\t<figcaption class=\"widget-image-caption wp-caption-text\">Los migrantes guatemaltecos trabajan muy duro , a veces en dos y tres empleos, para poder enviar remesas a sus familias en el pa\u00eds.<\/figcaption>\n\t\t\t\t\t\t\t\t\t\t<\/figure>\n\t\t\t\t\t\t\t\t\t<\/div>\n\t\t\t\t\t<\/div>\n\t\t<\/div>\n\t\t\t\t\t<\/div>\n\t\t<\/section>\n\t\t\t\t<section data-particle_enable=\"false\" data-particle-mobile-disabled=\"false\" class=\"elementor-section elementor-top-section elementor-element elementor-element-a3ad727 elementor-section-boxed elementor-section-height-default elementor-section-height-default\" data-id=\"a3ad727\" data-element_type=\"section\" data-e-type=\"section\">\n\t\t\t\t\t\t<div class=\"elementor-container elementor-column-gap-default\">\n\t\t\t\t\t<div class=\"elementor-column elementor-col-100 elementor-top-column elementor-element elementor-element-c4bff94\" data-id=\"c4bff94\" data-element_type=\"column\" data-e-type=\"column\">\n\t\t\t<div class=\"elementor-widget-wrap elementor-element-populated\">\n\t\t\t\t\t\t<div class=\"elementor-element elementor-element-9514cf8 elementor-widget elementor-widget-heading\" data-id=\"9514cf8\" data-element_type=\"widget\" data-e-type=\"widget\" data-widget_type=\"heading.default\">\n\t\t\t\t\t<h2 class=\"elementor-heading-title elementor-size-default\">Acci\u00f3n de amor con impacto nacional<\/h2>\t\t\t\t<\/div>\n\t\t\t\t\t<\/div>\n\t\t<\/div>\n\t\t\t\t\t<\/div>\n\t\t<\/section>\n\t\t\t\t<section data-particle_enable=\"false\" data-particle-mobile-disabled=\"false\" class=\"elementor-section elementor-top-section elementor-element elementor-element-f898fba elementor-section-boxed elementor-section-height-default elementor-section-height-default\" data-id=\"f898fba\" data-element_type=\"section\" data-e-type=\"section\">\n\t\t\t\t\t\t<div class=\"elementor-container elementor-column-gap-default\">\n\t\t\t\t\t<div class=\"elementor-column elementor-col-100 elementor-top-column elementor-element elementor-element-3a2609f\" data-id=\"3a2609f\" data-element_type=\"column\" data-e-type=\"column\">\n\t\t\t<div class=\"elementor-widget-wrap elementor-element-populated\">\n\t\t\t\t\t\t<div class=\"elementor-element elementor-element-e056769 elementor-widget elementor-widget-text-editor\" data-id=\"e056769\" data-element_type=\"widget\" data-e-type=\"widget\" data-widget_type=\"text-editor.default\">\n\t\t\t\t\t\t\t\t\t<p>Do\u00f1a Catalina tiene 80 a\u00f1os y vive en la Costa Sur. Recibe, aproximadamente cada mes, un env\u00edo de 150 a 200 d\u00f3lares que le hace su hijo, radicado en el medio oeste de Estados Unidos. Es una ayuda clave para poder alimentarse y comprar medicamentos, que no recibir\u00eda de otra manera de no contar con esta remesa.<\/p><p>La historia se repite con distintos nombres, montos, localidades y circunstancias a lo largo y ancho de Guatemala. Es una acci\u00f3n de amor filial, fraternal o paternal que al sumarse, d\u00eda a d\u00eda, mes a mes, sostiene la econom\u00eda de Guatemala, pues representa el 20% del Producto Interno reportado, a trav\u00e9s de compras de consumo, inversi\u00f3n en construcci\u00f3n, ahorro y adquisici\u00f3n de servicios.\u00a0<\/p><p>Dicha remesa forma parte de los 18 mil 39 millones de d\u00f3lares enviados a Guatemala hasta noviembre de 2023, los cuales pr\u00e1cticamente equiparan los 18 mil 40 millones enviados durante todo el 2022, por lo cual es previsible que este a\u00f1o cierre con un nuevo r\u00e9cord que incluso podr\u00eda\u00a0 llegar a rebasar los 20 mil millones de d\u00f3lares.<\/p>\t\t\t\t\t\t\t\t<\/div>\n\t\t\t\t\t<\/div>\n\t\t<\/div>\n\t\t\t\t\t<\/div>\n\t\t<\/section>\n\t\t\t\t<section data-particle_enable=\"false\" data-particle-mobile-disabled=\"false\" class=\"elementor-section elementor-top-section elementor-element elementor-element-b727b33 elementor-section-boxed elementor-section-height-default elementor-section-height-default\" data-id=\"b727b33\" data-element_type=\"section\" data-e-type=\"section\">\n\t\t\t\t\t\t<div class=\"elementor-container elementor-column-gap-default\">\n\t\t\t\t\t<div class=\"elementor-column elementor-col-100 elementor-top-column elementor-element elementor-element-d01050c\" data-id=\"d01050c\" data-element_type=\"column\" data-e-type=\"column\">\n\t\t\t<div class=\"elementor-widget-wrap elementor-element-populated\">\n\t\t\t\t\t\t<div class=\"elementor-element elementor-element-20406d1 elementor-headline--style-highlight elementor-widget elementor-widget-animated-headline\" data-id=\"20406d1\" data-element_type=\"widget\" data-e-type=\"widget\" data-settings=\"{&quot;marker&quot;:&quot;underline_zigzag&quot;,&quot;highlighted_text&quot;:&quot;1,614.6 millones de d\\u00f3lares&quot;,&quot;headline_style&quot;:&quot;highlight&quot;,&quot;loop&quot;:&quot;yes&quot;,&quot;highlight_animation_duration&quot;:1200,&quot;highlight_iteration_delay&quot;:8000}\" data-widget_type=\"animated-headline.default\">\n\t\t\t\t\t\t\t<h3 class=\"elementor-headline\">\n\t\t\t\t\t<span class=\"elementor-headline-plain-text elementor-headline-text-wrapper\">Durante noviembre de 2023, los migrantes guatemaltecos enviaron <\/span>\n\t\t\t\t<span class=\"elementor-headline-dynamic-wrapper elementor-headline-text-wrapper\">\n\t\t\t\t\t<span class=\"elementor-headline-dynamic-text elementor-headline-text-active\">1,614.6 millones de d\u00f3lares<\/span>\n\t\t\t\t<\/span>\n\t\t\t\t\t<span class=\"elementor-headline-plain-text elementor-headline-text-wrapper\">mientras que en 2022 fueron 1,455 millones<\/span>\n\t\t\t\t\t<\/h3>\n\t\t\t\t\t\t<\/div>\n\t\t\t\t<div class=\"elementor-element elementor-element-841feaa elementor-widget elementor-widget-image\" data-id=\"841feaa\" data-element_type=\"widget\" data-e-type=\"widget\" data-settings=\"{&quot;motion_fx_motion_fx_mouse&quot;:&quot;yes&quot;,&quot;motion_fx_tilt_effect&quot;:&quot;yes&quot;,&quot;motion_fx_tilt_speed&quot;:{&quot;unit&quot;:&quot;px&quot;,&quot;size&quot;:4.6,&quot;sizes&quot;:[]}}\" data-widget_type=\"image.default\">\n\t\t\t\t\t\t\t\t\t\t\t\t<figure class=\"wp-caption\">\n\t\t\t\t\t\t\t\t\t\t<img decoding=\"async\" width=\"768\" height=\"432\" src=\"https:\/\/soymigrante.com\/revista\/wp-content\/uploads\/2023\/12\/DOLARITOS-TRABAJADOR-1024x576.webp\" class=\"attachment-large size-large wp-image-3665\" alt=\"\" srcset=\"https:\/\/soymigrante.com\/revista\/wp-content\/uploads\/2023\/12\/DOLARITOS-TRABAJADOR-1024x576.webp 1024w, https:\/\/soymigrante.com\/revista\/wp-content\/uploads\/2023\/12\/DOLARITOS-TRABAJADOR-1140x641.webp 1140w\" sizes=\"(max-width: 768px) 100vw, 768px\" title=\"DOLARITOS TRABAJADOR \u2013 SoyMigrante.com REVISTA\" \/>\t\t\t\t\t\t\t\t\t\t\t<figcaption class=\"widget-image-caption wp-caption-text\">\"Ganar los d\u00f3lares en Estados Unidos es muy duro. Se gana en d\u00f3lares y se gasta en d\u00f3lares\" es una expresi\u00f3n usual de los migrantes guatemaltecos acerca de las dificultades de la vida en otro suelo.<\/figcaption>\n\t\t\t\t\t\t\t\t\t\t<\/figure>\n\t\t\t\t\t\t\t\t\t<\/div>\n\t\t\t\t\t<\/div>\n\t\t<\/div>\n\t\t\t\t\t<\/div>\n\t\t<\/section>\n\t\t\t\t<section data-particle_enable=\"false\" data-particle-mobile-disabled=\"false\" class=\"elementor-section elementor-top-section elementor-element elementor-element-45bb016 elementor-section-boxed elementor-section-height-default elementor-section-height-default\" data-id=\"45bb016\" data-element_type=\"section\" data-e-type=\"section\">\n\t\t\t\t\t\t<div class=\"elementor-container elementor-column-gap-default\">\n\t\t\t\t\t<div class=\"elementor-column elementor-col-100 elementor-top-column elementor-element elementor-element-12bb187\" data-id=\"12bb187\" data-element_type=\"column\" data-e-type=\"column\">\n\t\t\t<div class=\"elementor-widget-wrap elementor-element-populated\">\n\t\t\t\t\t\t<div class=\"elementor-element elementor-element-ce5d6a0 elementor-headline--style-highlight elementor-widget elementor-widget-animated-headline\" data-id=\"ce5d6a0\" data-element_type=\"widget\" data-e-type=\"widget\" data-settings=\"{&quot;highlighted_text&quot;:&quot;138 mil millones de quetzales&quot;,&quot;headline_style&quot;:&quot;highlight&quot;,&quot;marker&quot;:&quot;circle&quot;,&quot;loop&quot;:&quot;yes&quot;,&quot;highlight_animation_duration&quot;:1200,&quot;highlight_iteration_delay&quot;:8000}\" data-widget_type=\"animated-headline.default\">\n\t\t\t\t\t\t\t<h3 class=\"elementor-headline\">\n\t\t\t\t\t<span class=\"elementor-headline-plain-text elementor-headline-text-wrapper\">\u00a1\u00a1\u00a1UNA CIFRA IMPRESIONANTE!!! Las remesas en d\u00f3lares enviadas por migrantes guatemaltecos desde Estados Unidos hasta noviembre equivalen a unos <\/span>\n\t\t\t\t<span class=\"elementor-headline-dynamic-wrapper elementor-headline-text-wrapper\">\n\t\t\t\t\t<span class=\"elementor-headline-dynamic-text elementor-headline-text-active\">138 mil millones de quetzales<\/span>\n\t\t\t\t<\/span>\n\t\t\t\t<\/h3>\n\t\t\t\t\t\t<\/div>\n\t\t\t\t\t<\/div>\n\t\t<\/div>\n\t\t\t\t\t<\/div>\n\t\t<\/section>\n\t\t\t\t<section data-particle_enable=\"false\" data-particle-mobile-disabled=\"false\" class=\"elementor-section elementor-top-section elementor-element elementor-element-f73c4c6 elementor-section-boxed elementor-section-height-default elementor-section-height-default\" data-id=\"f73c4c6\" data-element_type=\"section\" data-e-type=\"section\">\n\t\t\t\t\t\t<div class=\"elementor-container elementor-column-gap-default\">\n\t\t\t\t\t<div class=\"elementor-column elementor-col-100 elementor-top-column elementor-element elementor-element-baf85ed\" data-id=\"baf85ed\" data-element_type=\"column\" data-e-type=\"column\">\n\t\t\t<div class=\"elementor-widget-wrap elementor-element-populated\">\n\t\t\t\t\t\t<div class=\"elementor-element elementor-element-5190a3d elementor-widget elementor-widget-video\" data-id=\"5190a3d\" data-element_type=\"widget\" data-e-type=\"widget\" data-settings=\"{&quot;youtube_url&quot;:&quot;https:\\\/\\\/www.youtube.com\\\/watch?v=KjrYL8LG3nQ&amp;t=8s&quot;,&quot;video_type&quot;:&quot;youtube&quot;,&quot;controls&quot;:&quot;yes&quot;}\" data-widget_type=\"video.default\">\n\t\t\t\t\t\t\t<div class=\"elementor-wrapper elementor-open-inline\">\n\t\t\t<div class=\"elementor-video\"><\/div>\t\t<\/div>\n\t\t\t\t\t\t<\/div>\n\t\t\t\t\t<\/div>\n\t\t<\/div>\n\t\t\t\t\t<\/div>\n\t\t<\/section>\n\t\t\t\t<section data-particle_enable=\"false\" data-particle-mobile-disabled=\"false\" class=\"elementor-section elementor-top-section elementor-element elementor-element-8b95bee elementor-section-boxed elementor-section-height-default elementor-section-height-default\" data-id=\"8b95bee\" data-element_type=\"section\" data-e-type=\"section\">\n\t\t\t\t\t\t<div class=\"elementor-container elementor-column-gap-default\">\n\t\t\t\t\t<div class=\"elementor-column elementor-col-100 elementor-top-column elementor-element elementor-element-6f5b9d6\" data-id=\"6f5b9d6\" data-element_type=\"column\" data-e-type=\"column\">\n\t\t\t<div class=\"elementor-widget-wrap elementor-element-populated\">\n\t\t\t\t\t\t<div class=\"elementor-element elementor-element-dc9c2e8 elementor-widget elementor-widget-heading\" data-id=\"dc9c2e8\" data-element_type=\"widget\" data-e-type=\"widget\" data-widget_type=\"heading.default\">\n\t\t\t\t\t<h2 class=\"elementor-heading-title elementor-size-default\">La Guatemala fuera de Guatemala<\/h2>\t\t\t\t<\/div>\n\t\t\t\t\t<\/div>\n\t\t<\/div>\n\t\t\t\t\t<\/div>\n\t\t<\/section>\n\t\t\t\t<section data-particle_enable=\"false\" data-particle-mobile-disabled=\"false\" class=\"elementor-section elementor-top-section elementor-element elementor-element-5873f9f elementor-section-boxed elementor-section-height-default elementor-section-height-default\" data-id=\"5873f9f\" data-element_type=\"section\" data-e-type=\"section\">\n\t\t\t\t\t\t<div class=\"elementor-container elementor-column-gap-default\">\n\t\t\t\t\t<div class=\"elementor-column elementor-col-100 elementor-top-column elementor-element elementor-element-cf54e55\" data-id=\"cf54e55\" data-element_type=\"column\" data-e-type=\"column\">\n\t\t\t<div class=\"elementor-widget-wrap elementor-element-populated\">\n\t\t\t\t\t\t<div class=\"elementor-element elementor-element-f4d7211 elementor-widget elementor-widget-text-editor\" data-id=\"f4d7211\" data-element_type=\"widget\" data-e-type=\"widget\" data-widget_type=\"text-editor.default\">\n\t\t\t\t\t\t\t\t\t<p>La falta de oportunidades de desarrollo econ\u00f3mico, la corrupci\u00f3n estatal, el desempleo y la inseguridad son algunos de los factores que golpean a muchos guatemaltecos, quienes tienen necesidades muy concretas que les obligan a salir forzosamente del pa\u00eds en busca de trabajo.<\/p><p><span style=\"font-family: Roboto, sans-serif; font-size: 16px; font-style: normal; font-variant-ligatures: normal; font-variant-caps: normal; font-weight: 400;\">La estad\u00eda en Estados Unidos requiere de enormes sacrificios: el costo de vida es m\u00e1s alto que en Guatemala, por lo cual los migrantes necesitan desempe\u00f1ar dos y hasta tres empleos para poder pagar vivienda, alimentaci\u00f3n y transporte, adem\u00e1s de enviar recursos a sus familias.<\/span><\/p><p><span style=\"color: var( --e-global-color-text );\">Seg\u00fan estudios de la OIM, el 98% de migrantes guatemaltecos tienen una motivaci\u00f3n econ\u00f3mica. Las remesas que env\u00edan ayudan a sus familiares a sufragar gastos de alimentaci\u00f3n, manutenci\u00f3n del hogar y mejoras en la vivienda. Dicha entidad calculaba, a mediados de 2023, en 2.5 millones la cantidad de guatemaltecos en Estados Unidos: el 73% varfones y el 27% mujeres, sin embargo existe subregistro y aunque se ha reducido, respecto de a\u00f1os anteriores, el \u00e9xodo contin\u00faa.\u00a0<\/span><\/p><p><span style=\"color: var( --e-global-color-text );\">A la larga, se\u00f1ala el Informe de Remesas 2022 de la OIM, &#8220;las remesas son recursos privados que dinamizan la econom\u00eda del pa\u00eds y forman parte del PIB&#8221;.<\/span><\/p>\t\t\t\t\t\t\t\t<\/div>\n\t\t\t\t\t<\/div>\n\t\t<\/div>\n\t\t\t\t\t<\/div>\n\t\t<\/section>\n\t\t\t\t<section data-particle_enable=\"false\" data-particle-mobile-disabled=\"false\" class=\"elementor-section elementor-top-section elementor-element elementor-element-81471f1 elementor-section-boxed elementor-section-height-default elementor-section-height-default\" data-id=\"81471f1\" data-element_type=\"section\" data-e-type=\"section\">\n\t\t\t\t\t\t<div class=\"elementor-container elementor-column-gap-default\">\n\t\t\t\t\t<div class=\"elementor-column elementor-col-100 elementor-top-column elementor-element elementor-element-3483118\" data-id=\"3483118\" data-element_type=\"column\" data-e-type=\"column\">\n\t\t\t<div class=\"elementor-widget-wrap elementor-element-populated\">\n\t\t\t\t\t\t<div class=\"elementor-element elementor-element-a4d115c elementor-headline--style-highlight elementor-invisible elementor-widget elementor-widget-animated-headline\" data-id=\"a4d115c\" data-element_type=\"widget\" data-e-type=\"widget\" data-settings=\"{&quot;marker&quot;:&quot;underline_zigzag&quot;,&quot;highlighted_text&quot;:&quot;20 mil millones de d\\u00f3lares&quot;,&quot;_animation&quot;:&quot;rotateInUpLeft&quot;,&quot;headline_style&quot;:&quot;highlight&quot;,&quot;loop&quot;:&quot;yes&quot;,&quot;highlight_animation_duration&quot;:1200,&quot;highlight_iteration_delay&quot;:8000}\" data-widget_type=\"animated-headline.default\">\n\t\t\t\t\t\t\t<h3 class=\"elementor-headline\">\n\t\t\t\t\t<span class=\"elementor-headline-plain-text elementor-headline-text-wrapper\">La tendencia marcada en este a\u00f1o apunta a que en 2023 las remesas enviadas por Guatemaltecos  podr\u00edan superar los<\/span>\n\t\t\t\t<span class=\"elementor-headline-dynamic-wrapper elementor-headline-text-wrapper\">\n\t\t\t\t\t<span class=\"elementor-headline-dynamic-text elementor-headline-text-active\">20 mil millones de d\u00f3lares<\/span>\n\t\t\t\t<\/span>\n\t\t\t\t<\/h3>\n\t\t\t\t\t\t<\/div>\n\t\t\t\t\t<\/div>\n\t\t<\/div>\n\t\t\t\t\t<\/div>\n\t\t<\/section>\n\t\t\t\t<section data-particle_enable=\"false\" data-particle-mobile-disabled=\"false\" class=\"elementor-section elementor-top-section elementor-element elementor-element-02a7a95 elementor-section-boxed elementor-section-height-default elementor-section-height-default\" data-id=\"02a7a95\" data-element_type=\"section\" data-e-type=\"section\">\n\t\t\t\t\t\t<div class=\"elementor-container elementor-column-gap-default\">\n\t\t\t\t\t<div class=\"elementor-column elementor-col-100 elementor-top-column elementor-element elementor-element-30ce72f\" data-id=\"30ce72f\" data-element_type=\"column\" data-e-type=\"column\">\n\t\t\t<div class=\"elementor-widget-wrap elementor-element-populated\">\n\t\t\t\t\t\t<div class=\"elementor-element elementor-element-634638d elementor-widget elementor-widget-heading\" data-id=\"634638d\" data-element_type=\"widget\" data-e-type=\"widget\" data-widget_type=\"heading.default\">\n\t\t\t\t\t<h2 class=\"elementor-heading-title elementor-size-default\">Conozca historias reales de esfuerzo y \u00e9xito<\/h2>\t\t\t\t<\/div>\n\t\t\t\t\t<\/div>\n\t\t<\/div>\n\t\t\t\t\t<\/div>\n\t\t<\/section>\n\t\t\t\t<section data-particle_enable=\"false\" data-particle-mobile-disabled=\"false\" class=\"elementor-section elementor-top-section elementor-element elementor-element-f60ace7 elementor-section-boxed elementor-section-height-default elementor-section-height-default\" data-id=\"f60ace7\" data-element_type=\"section\" data-e-type=\"section\">\n\t\t\t\t\t\t<div class=\"elementor-container elementor-column-gap-default\">\n\t\t\t\t\t<div class=\"elementor-column elementor-col-100 elementor-top-column elementor-element elementor-element-a337fca\" data-id=\"a337fca\" data-element_type=\"column\" data-e-type=\"column\">\n\t\t\t<div class=\"elementor-widget-wrap elementor-element-populated\">\n\t\t\t\t\t\t<div class=\"elementor-element elementor-element-a845a2d elementor-grid-eael-col-4 elementor-grid-tablet-eael-col-2 elementor-grid-mobile-eael-col-1 elementor-invisible elementor-widget elementor-widget-eael-post-grid\" data-id=\"a845a2d\" data-element_type=\"widget\" data-e-type=\"widget\" data-settings=\"{&quot;_animation&quot;:&quot;slideInDown&quot;,&quot;eael_post_grid_columns&quot;:&quot;eael-col-4&quot;,&quot;eael_post_grid_columns_tablet&quot;:&quot;eael-col-2&quot;,&quot;eael_post_grid_columns_mobile&quot;:&quot;eael-col-1&quot;}\" data-widget_type=\"eael-post-grid.default\">\n\t\t\t\t\t<div id=\"eael-post-grid-a845a2d\" class=\"eael-post-grid-container\">\n            <div class=\"eael-post-grid eael-post-appender eael-post-appender-a845a2d eael-post-grid-style-one\" data-layout-mode=\"masonry\"><article class=\"eael-grid-post  eael-post-grid-column eael-pg-post-3220 category-exitos-guatemala\" data-id=\"3220\">\n        <div class=\"eael-grid-post-holder\">\n            <div class=\"eael-grid-post-holder-inner\"><div class=\"eael-entry-media\"><div class=\"eael-entry-overlay fade-in\"><i class=\"fas fa-long-arrow-alt-right\" aria-hidden=\"true\"><\/i><a href=\"https:\/\/soymigrante.com\/revista\/el-sueno-migrante-de-yara-reynolds-se-dibuja-con-sombrero\/\"><\/a><\/div><div class=\"eael-entry-thumbnail \">\n                <img decoding=\"async\" width=\"300\" height=\"300\" src=\"https:\/\/soymigrante.com\/revista\/wp-content\/uploads\/2023\/11\/yara-reynolds-sombreros-6-300x300.jpg\" class=\"attachment-medium size-medium wp-image-30122\" alt=\"Sombreros de charro artesanales hechos a mano en diversos colores y dise\u00f1os para celebraci\u00f3n y cultura mexicana.\" srcset=\"https:\/\/soymigrante.com\/revista\/wp-content\/uploads\/2023\/11\/yara-reynolds-sombreros-6-300x300.jpg 300w, https:\/\/soymigrante.com\/revista\/wp-content\/uploads\/2023\/11\/yara-reynolds-sombreros-6-150x150.jpg 150w, https:\/\/soymigrante.com\/revista\/wp-content\/uploads\/2023\/11\/yara-reynolds-sombreros-6-768x768.jpg 768w, https:\/\/soymigrante.com\/revista\/wp-content\/uploads\/2023\/11\/yara-reynolds-sombreros-6-75x75.webp 75w, https:\/\/soymigrante.com\/revista\/wp-content\/uploads\/2023\/11\/yara-reynolds-sombreros-6-750x750.webp 750w, https:\/\/soymigrante.com\/revista\/wp-content\/uploads\/2023\/11\/yara-reynolds-sombreros-6.webp 978w\" sizes=\"(max-width: 300px) 100vw, 300px\" \/>\n            <\/div>\n        <\/div><div class=\"eael-entry-wrapper\"><header class=\"eael-entry-header\"><h2 class=\"eael-entry-title\"><a class=\"eael-grid-post-link\" href=\"https:\/\/soymigrante.com\/revista\/el-sueno-migrante-de-yara-reynolds-se-dibuja-con-sombrero\/\" title=\"El sue\u00f1o migrante de Yara crea y luce creativos sombrero y zapatos en Alabama\">El sue\u00f1o migrante de Yara crea y luce creativos sombrero y zapatos en Alabama<\/a><\/h2><\/header><div class=\"eael-entry-content\">\n                        <div class=\"eael-grid-post-excerpt\"><p>Migrante guatemalteca Yara Reynolds vende creativos sombreros y sombreros, con...<\/p><a href=\"https:\/\/soymigrante.com\/revista\/el-sueno-migrante-de-yara-reynolds-se-dibuja-con-sombrero\/\" class=\"eael-post-elements-readmore-btn\">Leer m\u00e1s<\/a><\/div>\n                    <\/div><div class=\"eael-entry-footer\"><div class=\"eael-author-avatar\"><a href=\"https:\/\/soymigrante.com\/revista\/author\/soymigrante\/\"><img alt='SoyMigrante.com REVISTA' src='https:\/\/soymigrante.com\/revista\/wp-content\/uploads\/2023\/04\/SoyMigrante.com-V-color_profile-288x300.webp' srcset='https:\/\/soymigrante.com\/revista\/wp-content\/uploads\/2023\/04\/SoyMigrante.com-V-color_profile-288x300.webp 288w, https:\/\/soymigrante.com\/revista\/wp-content\/uploads\/2023\/04\/SoyMigrante.com-V-color_profile-982x1024.png 982w, https:\/\/soymigrante.com\/revista\/wp-content\/uploads\/2023\/04\/SoyMigrante.com-V-color_profile-768x801.png 768w, https:\/\/soymigrante.com\/revista\/wp-content\/uploads\/2023\/04\/SoyMigrante.com-V-color_profile-1473x1536.png 1473w, https:\/\/soymigrante.com\/revista\/wp-content\/uploads\/2023\/04\/SoyMigrante.com-V-color_profile-750x782.webp 750w, https:\/\/soymigrante.com\/revista\/wp-content\/uploads\/2023\/04\/SoyMigrante.com-V-color_profile-1140x1188.png 1140w, https:\/\/soymigrante.com\/revista\/wp-content\/uploads\/2023\/04\/SoyMigrante.com-V-color_profile.webp 1672w' class='avatar avatar-96 photo' height='96' width='96' \/><\/a><\/div><div class=\"eael-entry-meta\"><span class=\"eael-posted-by\"><a href=\"https:\/\/soymigrante.com\/revista\/author\/soymigrante\/\" title=\"Entradas de SoyMigrante.com REVISTA\" rel=\"author\">SoyMigrante.com REVISTA<\/a><\/span><span class=\"eael-posted-on\"><time datetime=\"04\/04\/2025\">04\/04\/2025<\/time><\/span><\/div><\/div><\/div><\/div>\n        <\/div>\n    <\/article><article class=\"eael-grid-post  eael-post-grid-column eael-pg-post-2671 category-exitos\" data-id=\"2671\">\n        <div class=\"eael-grid-post-holder\">\n            <div class=\"eael-grid-post-holder-inner\"><div class=\"eael-entry-media\"><div class=\"eael-entry-overlay fade-in\"><i class=\"fas fa-long-arrow-alt-right\" aria-hidden=\"true\"><\/i><a href=\"https:\/\/soymigrante.com\/revista\/panadero-y-migrante-guatemalteco-lleva-un-sabor-tradicional-a-brooklyn\/\"><\/a><\/div><div class=\"eael-entry-thumbnail \">\n                <img loading=\"lazy\" decoding=\"async\" width=\"300\" height=\"143\" src=\"https:\/\/soymigrante.com\/revista\/wp-content\/uploads\/2023\/09\/Totopan-Bakery-se-ubica-en-Brooklin-New-York-300x143.webp\" class=\"attachment-medium size-medium wp-image-2666\" alt=\"Totopan Bakery se ubica en Brooklin New York\" srcset=\"https:\/\/soymigrante.com\/revista\/wp-content\/uploads\/2023\/09\/Totopan-Bakery-se-ubica-en-Brooklin-New-York-300x143.webp 300w, https:\/\/soymigrante.com\/revista\/wp-content\/uploads\/2023\/09\/Totopan-Bakery-se-ubica-en-Brooklin-New-York-1024x486.webp 1024w, https:\/\/soymigrante.com\/revista\/wp-content\/uploads\/2023\/09\/Totopan-Bakery-se-ubica-en-Brooklin-New-York-768x365.webp 768w, https:\/\/soymigrante.com\/revista\/wp-content\/uploads\/2023\/09\/Totopan-Bakery-se-ubica-en-Brooklin-New-York-750x356.webp 750w, https:\/\/soymigrante.com\/revista\/wp-content\/uploads\/2023\/09\/Totopan-Bakery-se-ubica-en-Brooklin-New-York.webp 1080w\" sizes=\"(max-width: 300px) 100vw, 300px\" \/>\n            <\/div>\n        <\/div><div class=\"eael-entry-wrapper\"><header class=\"eael-entry-header\"><h2 class=\"eael-entry-title\"><a class=\"eael-grid-post-link\" href=\"https:\/\/soymigrante.com\/revista\/panadero-y-migrante-guatemalteco-lleva-un-sabor-tradicional-a-brooklyn\/\" title=\"Panadero y migrante guatemalteco Miguel Chuc lleva un sabor tradicional a Brooklyn\">Panadero y migrante guatemalteco Miguel Chuc lleva un sabor tradicional a Brooklyn<\/a><\/h2><\/header><div class=\"eael-entry-content\">\n                        <div class=\"eael-grid-post-excerpt\"><p>Miguel Chun es panadero y migrante guatemalteco. Fund\u00f3 una panader\u00eda...<\/p><a href=\"https:\/\/soymigrante.com\/revista\/panadero-y-migrante-guatemalteco-lleva-un-sabor-tradicional-a-brooklyn\/\" class=\"eael-post-elements-readmore-btn\">Leer m\u00e1s<\/a><\/div>\n                    <\/div><div class=\"eael-entry-footer\"><div class=\"eael-author-avatar\"><a href=\"https:\/\/soymigrante.com\/revista\/author\/diana\/\"><img alt='Diana Batz' src='https:\/\/soymigrante.com\/revista\/wp-content\/uploads\/2023\/06\/foto-de-perfil.webp' srcset='https:\/\/soymigrante.com\/revista\/wp-content\/uploads\/2023\/06\/foto-de-perfil.webp 181w, https:\/\/soymigrante.com\/revista\/wp-content\/uploads\/2023\/06\/foto-de-perfil-150x150.webp 150w, https:\/\/soymigrante.com\/revista\/wp-content\/uploads\/2023\/06\/foto-de-perfil-75x75.webp 75w' class='avatar avatar-96 photo' height='96' width='96' \/><\/a><\/div><div class=\"eael-entry-meta\"><span class=\"eael-posted-by\"><a href=\"https:\/\/soymigrante.com\/revista\/author\/diana\/\" title=\"Entradas de Diana Batz\" rel=\"author\">Diana Batz<\/a><\/span><span class=\"eael-posted-on\"><time datetime=\"25\/09\/2023\">25\/09\/2023<\/time><\/span><\/div><\/div><\/div><\/div>\n        <\/div>\n    <\/article><article class=\"eael-grid-post  eael-post-grid-column eael-pg-post-2480 category-exitos\" data-id=\"2480\">\n        <div class=\"eael-grid-post-holder\">\n            <div class=\"eael-grid-post-holder-inner\"><div class=\"eael-entry-media\"><div class=\"eael-entry-overlay fade-in\"><i class=\"fas fa-long-arrow-alt-right\" aria-hidden=\"true\"><\/i><a href=\"https:\/\/soymigrante.com\/revista\/isabel-emprendedora-y-migrante-conquista-con-el-sabor-guatemalteco-en-estados-unidos\/\"><\/a><\/div><div class=\"eael-entry-thumbnail \">\n                <img loading=\"lazy\" decoding=\"async\" width=\"300\" height=\"142\" src=\"https:\/\/soymigrante.com\/revista\/wp-content\/uploads\/2023\/09\/Isabel-llego-a-Estados-Unidos-en-busca-de-una-oportunidad-pero-fue-una-etapa-dificil-a-partir-de-ello-nace-el-emprendimiento-familiar-Granizadas-guatemaltecas-502--300x142.webp\" class=\"attachment-medium size-medium wp-image-2464\" alt=\"Isabel llego a Estados Unidos en busca de una oportunidad pero fue una etapa dif\u00edcil a partir de ello nace el emprendimiento familiar Granizadas guatemaltecas 502\" srcset=\"https:\/\/soymigrante.com\/revista\/wp-content\/uploads\/2023\/09\/Isabel-llego-a-Estados-Unidos-en-busca-de-una-oportunidad-pero-fue-una-etapa-dificil-a-partir-de-ello-nace-el-emprendimiento-familiar-Granizadas-guatemaltecas-502--300x142.webp 300w, https:\/\/soymigrante.com\/revista\/wp-content\/uploads\/2023\/09\/Isabel-llego-a-Estados-Unidos-en-busca-de-una-oportunidad-pero-fue-una-etapa-dificil-a-partir-de-ello-nace-el-emprendimiento-familiar-Granizadas-guatemaltecas-502--1024x485.webp 1024w, https:\/\/soymigrante.com\/revista\/wp-content\/uploads\/2023\/09\/Isabel-llego-a-Estados-Unidos-en-busca-de-una-oportunidad-pero-fue-una-etapa-dificil-a-partir-de-ello-nace-el-emprendimiento-familiar-Granizadas-guatemaltecas-502--768x364.webp 768w, https:\/\/soymigrante.com\/revista\/wp-content\/uploads\/2023\/09\/Isabel-llego-a-Estados-Unidos-en-busca-de-una-oportunidad-pero-fue-una-etapa-dificil-a-partir-de-ello-nace-el-emprendimiento-familiar-Granizadas-guatemaltecas-502--1536x728.webp 1536w, https:\/\/soymigrante.com\/revista\/wp-content\/uploads\/2023\/09\/Isabel-llego-a-Estados-Unidos-en-busca-de-una-oportunidad-pero-fue-una-etapa-dificil-a-partir-de-ello-nace-el-emprendimiento-familiar-Granizadas-guatemaltecas-502--750x355.webp 750w, https:\/\/soymigrante.com\/revista\/wp-content\/uploads\/2023\/09\/Isabel-llego-a-Estados-Unidos-en-busca-de-una-oportunidad-pero-fue-una-etapa-dificil-a-partir-de-ello-nace-el-emprendimiento-familiar-Granizadas-guatemaltecas-502--1140x540.webp 1140w, https:\/\/soymigrante.com\/revista\/wp-content\/uploads\/2023\/09\/Isabel-llego-a-Estados-Unidos-en-busca-de-una-oportunidad-pero-fue-una-etapa-dificil-a-partir-de-ello-nace-el-emprendimiento-familiar-Granizadas-guatemaltecas-502-.webp 1600w\" sizes=\"(max-width: 300px) 100vw, 300px\" \/>\n            <\/div>\n        <\/div><div class=\"eael-entry-wrapper\"><header class=\"eael-entry-header\"><h2 class=\"eael-entry-title\"><a class=\"eael-grid-post-link\" href=\"https:\/\/soymigrante.com\/revista\/isabel-emprendedora-y-migrante-conquista-con-el-sabor-guatemalteco-en-estados-unidos\/\" title=\"Isabel emprendedora y migrante refresca con sabor guatemalteco en Los Angeles, California\">Isabel emprendedora y migrante refresca con sabor guatemalteco en Los Angeles, California<\/a><\/h2><\/header><div class=\"eael-entry-content\">\n                        <div class=\"eael-grid-post-excerpt\"><p>Isabel L\u00f3pez es una mujer migrante guatemalteca que emprendi\u00f3 su...<\/p><a href=\"https:\/\/soymigrante.com\/revista\/isabel-emprendedora-y-migrante-conquista-con-el-sabor-guatemalteco-en-estados-unidos\/\" class=\"eael-post-elements-readmore-btn\">Leer m\u00e1s<\/a><\/div>\n                    <\/div><div class=\"eael-entry-footer\"><div class=\"eael-author-avatar\"><a href=\"https:\/\/soymigrante.com\/revista\/author\/diana\/\"><img alt='Diana Batz' src='https:\/\/soymigrante.com\/revista\/wp-content\/uploads\/2023\/06\/foto-de-perfil.webp' srcset='https:\/\/soymigrante.com\/revista\/wp-content\/uploads\/2023\/06\/foto-de-perfil.webp 181w, https:\/\/soymigrante.com\/revista\/wp-content\/uploads\/2023\/06\/foto-de-perfil-150x150.webp 150w, https:\/\/soymigrante.com\/revista\/wp-content\/uploads\/2023\/06\/foto-de-perfil-75x75.webp 75w' class='avatar avatar-96 photo' height='96' width='96' \/><\/a><\/div><div class=\"eael-entry-meta\"><span class=\"eael-posted-by\"><a href=\"https:\/\/soymigrante.com\/revista\/author\/diana\/\" title=\"Entradas de Diana Batz\" rel=\"author\">Diana Batz<\/a><\/span><span class=\"eael-posted-on\"><time datetime=\"08\/09\/2023\">08\/09\/2023<\/time><\/span><\/div><\/div><\/div><\/div>\n        <\/div>\n    <\/article><article class=\"eael-grid-post  eael-post-grid-column eael-pg-post-229 category-exitos\" data-id=\"229\">\n        <div class=\"eael-grid-post-holder\">\n            <div class=\"eael-grid-post-holder-inner\"><div class=\"eael-entry-media\"><div class=\"eael-entry-overlay fade-in\"><i class=\"fas fa-long-arrow-alt-right\" aria-hidden=\"true\"><\/i><a href=\"https:\/\/soymigrante.com\/revista\/susana-madrigal-por-a-barahona\/\"><\/a><\/div><div class=\"eael-entry-thumbnail \">\n                <img loading=\"lazy\" decoding=\"async\" width=\"300\" height=\"225\" src=\"https:\/\/soymigrante.com\/revista\/wp-content\/uploads\/2023\/02\/1-EXITOS-MADRIGAL-2-1-300x225.webp\" class=\"attachment-medium size-medium wp-image-230\" alt=\"\" srcset=\"https:\/\/soymigrante.com\/revista\/wp-content\/uploads\/2023\/02\/1-EXITOS-MADRIGAL-2-1-300x225.webp 300w, https:\/\/soymigrante.com\/revista\/wp-content\/uploads\/2023\/02\/1-EXITOS-MADRIGAL-2-1-768x576.jpeg 768w, https:\/\/soymigrante.com\/revista\/wp-content\/uploads\/2023\/02\/1-EXITOS-MADRIGAL-2-1-750x563.webp 750w, https:\/\/soymigrante.com\/revista\/wp-content\/uploads\/2023\/02\/1-EXITOS-MADRIGAL-2-1.webp 1024w\" sizes=\"(max-width: 300px) 100vw, 300px\" \/>\n            <\/div>\n        <\/div><div class=\"eael-entry-wrapper\"><header class=\"eael-entry-header\"><h2 class=\"eael-entry-title\"><a class=\"eael-grid-post-link\" href=\"https:\/\/soymigrante.com\/revista\/susana-madrigal-por-a-barahona\/\" title=\"Susana Madrigal: madre, esposa y emprendedora\">Susana Madrigal: madre, esposa y emprendedora<\/a><\/h2><\/header><div class=\"eael-entry-content\">\n                        <div class=\"eael-grid-post-excerpt\"><p>Susana Madrigales de Montenegro, actualmente reside en Chicago, Illinois desde...<\/p><a href=\"https:\/\/soymigrante.com\/revista\/susana-madrigal-por-a-barahona\/\" class=\"eael-post-elements-readmore-btn\">Leer m\u00e1s<\/a><\/div>\n                    <\/div><div class=\"eael-entry-footer\"><div class=\"eael-author-avatar\"><a href=\"https:\/\/soymigrante.com\/revista\/author\/soymigrante\/\"><img alt='SoyMigrante.com REVISTA' src='https:\/\/soymigrante.com\/revista\/wp-content\/uploads\/2023\/04\/SoyMigrante.com-V-color_profile-288x300.webp' srcset='https:\/\/soymigrante.com\/revista\/wp-content\/uploads\/2023\/04\/SoyMigrante.com-V-color_profile-288x300.webp 288w, https:\/\/soymigrante.com\/revista\/wp-content\/uploads\/2023\/04\/SoyMigrante.com-V-color_profile-982x1024.png 982w, https:\/\/soymigrante.com\/revista\/wp-content\/uploads\/2023\/04\/SoyMigrante.com-V-color_profile-768x801.png 768w, https:\/\/soymigrante.com\/revista\/wp-content\/uploads\/2023\/04\/SoyMigrante.com-V-color_profile-1473x1536.png 1473w, https:\/\/soymigrante.com\/revista\/wp-content\/uploads\/2023\/04\/SoyMigrante.com-V-color_profile-750x782.webp 750w, https:\/\/soymigrante.com\/revista\/wp-content\/uploads\/2023\/04\/SoyMigrante.com-V-color_profile-1140x1188.png 1140w, https:\/\/soymigrante.com\/revista\/wp-content\/uploads\/2023\/04\/SoyMigrante.com-V-color_profile.webp 1672w' class='avatar avatar-96 photo' height='96' width='96' \/><\/a><\/div><div class=\"eael-entry-meta\"><span class=\"eael-posted-by\"><a href=\"https:\/\/soymigrante.com\/revista\/author\/soymigrante\/\" title=\"Entradas de SoyMigrante.com REVISTA\" rel=\"author\">SoyMigrante.com REVISTA<\/a><\/span><span class=\"eael-posted-on\"><time datetime=\"26\/05\/2023\">26\/05\/2023<\/time><\/span><\/div><\/div><\/div><\/div>\n        <\/div>\n    <\/article><\/div>\n            <div class=\"clearfix\"><\/div>\n        <\/div>\t\t\t\t<\/div>\n\t\t\t\t\t<\/div>\n\t\t<\/div>\n\t\t\t\t\t<\/div>\n\t\t<\/section>\n\t\t\t\t<\/div>\n\t\t","protected":false},"excerpt":{"rendered":"<p>Seg\u00fan estudios de la Organizaci\u00f3n Internacional de las Migraciones (OIM) el 80% de migrantes guatemaltecos en Estados Unidos env\u00eda remesas a sus familias en el pa\u00eds: en solo 11 meses enviaron 18 mil 39 millones de d\u00f3lares; en 2022 fueron 18 mil 40 millones. Los migrantes guatemaltecos trabajan muy duro , a veces en dos [&hellip;]<\/p>\n","protected":false},"author":7,"featured_media":3665,"comment_status":"open","ping_status":"open","sticky":false,"template":"","format":"standard","meta":{"_acf_changed":false,"_eb_attr":"","footnotes":""},"categories":[54],"tags":[84],"class_list":["post-3663","post","type-post","status-publish","format-standard","has-post-thumbnail","hentry","category-estamos-unidos","tag-remesas-migrantes"],"acf":[],"aioseo_notices":[],"aioseo_head":"\n\t\t<!-- All in One SEO Pro 4.9.6.2 - aioseo.com -->\n\t<meta name=\"description\" content=\"Susana Madrigales de Montenegro, actualmente reside en Chicago, Illinois desde hace 25 a\u00f1os, es esposa de Jorge Montenegro con quien se cas\u00f3 en el a\u00f1o 1994 y con quien procre\u00f3 a sus dos hijos, Douglas de 27 a\u00f1os y Eunice de 25 a\u00f1os.\" \/>\n\t<meta name=\"robots\" content=\"max-snippet:-1, max-image-preview:large, max-video-preview:-1\" \/>\n\t<meta name=\"author\" content=\"SoyMigrante.com REVISTA\"\/>\n\t<link rel=\"canonical\" href=\"https:\/\/soymigrante.com\/revista\/susana-madrigal-por-a-barahona\/\" \/>\n\t<meta name=\"generator\" content=\"All in One SEO Pro (AIOSEO) 4.9.6.2\" \/>\n\n\t\t<link rel=\"preconnect\" href=\"https:\/\/fonts.googleapis.com\" crossorigin>\n<link rel=\"preconnect\" href=\"https:\/\/fonts.gstatic.com\" crossorigin>\n\t\t<meta property=\"og:locale\" content=\"es_ES\" \/>\n\t\t<meta property=\"og:site_name\" content=\"SoyMigrante.com REVISTA \u2013 Nuestra misi\u00f3n es reconocer y dignificar al migrante.\" \/>\n\t\t<meta property=\"og:type\" content=\"article\" \/>\n\t\t<meta property=\"og:title\" content=\"Susana Madrigal: madre, esposa y emprendedora\" \/>\n\t\t<meta property=\"og:description\" content=\"Susana Madrigales de Montenegro, actualmente reside en Chicago, Illinois desde hace 25 a\u00f1os, es esposa de Jorge Montenegro con quien se cas\u00f3 en el a\u00f1o 1994 y con quien procre\u00f3 a sus dos hijos, Douglas de 27 a\u00f1os y Eunice de 25 a\u00f1os.\" \/>\n\t\t<meta property=\"og:url\" content=\"https:\/\/soymigrante.com\/revista\/susana-madrigal-por-a-barahona\/\" \/>\n\t\t<meta property=\"og:image\" content=\"https:\/\/soymigrante.com\/revista\/wp-content\/uploads\/2023\/02\/1-EXITOS-MADRIGAL-2-1.webp\" \/>\n\t\t<meta property=\"og:image:secure_url\" content=\"https:\/\/soymigrante.com\/revista\/wp-content\/uploads\/2023\/02\/1-EXITOS-MADRIGAL-2-1.webp\" \/>\n\t\t<meta property=\"og:image:width\" content=\"1024\" \/>\n\t\t<meta property=\"og:image:height\" content=\"768\" \/>\n\t\t<meta property=\"article:published_time\" content=\"2023-05-26T00:50:14+00:00\" \/>\n\t\t<meta property=\"article:modified_time\" content=\"2024-06-25T22:20:44+00:00\" \/>\n\t\t<meta property=\"article:publisher\" content=\"https:\/\/www.facebook.com\/soymigrantecom\" \/>\n\t\t<meta name=\"twitter:card\" content=\"summary_large_image\" \/>\n\t\t<meta name=\"twitter:site\" content=\"@SoyMigrante_com\" \/>\n\t\t<meta name=\"twitter:title\" content=\"Susana Madrigal: madre, esposa y emprendedora\" \/>\n\t\t<meta name=\"twitter:description\" content=\"Susana Madrigales de Montenegro, actualmente reside en Chicago, Illinois desde hace 25 a\u00f1os, es esposa de Jorge Montenegro con quien se cas\u00f3 en el a\u00f1o 1994 y con quien procre\u00f3 a sus dos hijos, Douglas de 27 a\u00f1os y Eunice de 25 a\u00f1os.\" \/>\n\t\t<meta name=\"twitter:creator\" content=\"@SoyMigrante_com\" \/>\n\t\t<meta name=\"twitter:image\" content=\"https:\/\/soymigrante.com\/revista\/wp-content\/uploads\/2023\/02\/1-EXITOS-MADRIGAL-2-1.webp\" \/>\n\t\t<!-- All in One SEO Pro -->\r\n\t\t<title>Susana Madrigal: madre, esposa y emprendedora<\/title>\n\n","aioseo_head_json":{"title":"Susana Madrigal: madre, esposa y emprendedora","description":"Susana Madrigales de Montenegro, actualmente reside en Chicago, Illinois desde hace 25 a\u00f1os, es esposa de Jorge Montenegro con quien se cas\u00f3 en el a\u00f1o 1994 y con quien procre\u00f3 a sus dos hijos, Douglas de 27 a\u00f1os y Eunice de 25 a\u00f1os.","canonical_url":"https:\/\/soymigrante.com\/revista\/susana-madrigal-por-a-barahona\/","robots":"max-snippet:-1, max-image-preview:large, max-video-preview:-1","keywords":"","webmasterTools":{"miscellaneous":"&lt;link rel=\"preconnect\" href=\"https:\/\/fonts.googleapis.com\" crossorigin&gt;\n&lt;link rel=\"preconnect\" href=\"https:\/\/fonts.gstatic.com\" crossorigin&gt;"},"schema":null,"og:locale":"es_ES","og:site_name":"SoyMigrante.com REVISTA \u2013 Nuestra misi\u00f3n es reconocer y dignificar al migrante.","og:type":"article","og:title":"Susana Madrigal: madre, esposa y emprendedora","og:description":"Susana Madrigales de Montenegro, actualmente reside en Chicago, Illinois desde hace 25 a\u00f1os, es esposa de Jorge Montenegro con quien se cas\u00f3 en el a\u00f1o 1994 y con quien procre\u00f3 a sus dos hijos, Douglas de 27 a\u00f1os y Eunice de 25 a\u00f1os.","og:url":"https:\/\/soymigrante.com\/revista\/susana-madrigal-por-a-barahona\/","og:image":"https:\/\/soymigrante.com\/revista\/wp-content\/uploads\/2023\/02\/1-EXITOS-MADRIGAL-2-1.webp","og:image:secure_url":"https:\/\/soymigrante.com\/revista\/wp-content\/uploads\/2023\/02\/1-EXITOS-MADRIGAL-2-1.webp","og:image:width":1024,"og:image:height":768,"article:published_time":"2023-05-26T00:50:14+00:00","article:modified_time":"2024-06-25T22:20:44+00:00","article:publisher":"https:\/\/www.facebook.com\/soymigrantecom","twitter:card":"summary_large_image","twitter:site":"@SoyMigrante_com","twitter:title":"Susana Madrigal: madre, esposa y emprendedora","twitter:description":"Susana Madrigales de Montenegro, actualmente reside en Chicago, Illinois desde hace 25 a\u00f1os, es esposa de Jorge Montenegro con quien se cas\u00f3 en el a\u00f1o 1994 y con quien procre\u00f3 a sus dos hijos, Douglas de 27 a\u00f1os y Eunice de 25 a\u00f1os.","twitter:creator":"@SoyMigrante_com","twitter:image":"https:\/\/soymigrante.com\/revista\/wp-content\/uploads\/2023\/02\/1-EXITOS-MADRIGAL-2-1.webp"},"aioseo_meta_data":{"post_id":"3663","title":null,"description":null,"keywords":[],"keyphrases":{"focus":{"keyphrase":"Remesas ","score":74,"analysis":{"keyphraseInTitle":{"score":9,"maxScore":9,"error":0},"keyphraseInDescription":{"score":9,"maxScore":9,"error":0},"keyphraseLength":{"score":9,"maxScore":9,"error":0,"length":1},"keyphraseInURL":{"score":5,"maxScore":5,"error":0},"keyphraseInIntroduction":{"score":3,"maxScore":9,"error":1},"keyphraseInSubHeadings":{"score":3,"maxScore":9,"error":1},"keyphraseInImageAlt":{"score":3,"maxScore":9,"error":1},"keywordDensity":{"type":"best","score":9,"maxScore":9,"error":0}}},"additional":[]},"primary_term":null,"canonical_url":null,"og_title":null,"og_description":null,"og_object_type":"default","og_image_type":"default","og_image_url":null,"og_image_width":null,"og_image_height":null,"og_image_custom_url":null,"og_image_custom_fields":null,"og_video":"","og_custom_url":null,"og_article_section":null,"og_article_tags":[],"twitter_use_og":false,"twitter_card":"default","twitter_image_type":"default","twitter_image_url":null,"twitter_image_custom_url":null,"twitter_image_custom_fields":null,"twitter_title":null,"twitter_description":null,"schema":{"blockGraphs":[],"customGraphs":[],"default":{"data":{"Article":[],"Course":[],"Dataset":[],"FAQPage":[],"Movie":[],"Person":[],"Product":[],"ProductReview":[],"Car":[],"Recipe":[],"Service":[],"SoftwareApplication":[],"WebPage":[]},"graphName":"BlogPosting","isEnabled":true},"graphs":[]},"schema_type":"default","schema_type_options":null,"pillar_content":false,"robots_default":true,"robots_noindex":false,"robots_noarchive":false,"robots_nosnippet":false,"robots_nofollow":false,"robots_noimageindex":false,"robots_noodp":false,"robots_notranslate":false,"robots_max_snippet":"-1","robots_max_videopreview":"-1","robots_max_imagepreview":"large","priority":null,"frequency":"default","local_seo":null,"seo_analyzer_scan_date":"2025-10-08 20:45:23","breadcrumb_settings":null,"limit_modified_date":false,"reviewed_by":null,"open_ai":null,"ai":null,"created":"2023-12-05 15:14:16","updated":"2026-02-04 09:59:17"},"aioseo_breadcrumb":"<div class=\"aioseo-breadcrumbs\"><span class=\"aioseo-breadcrumb\">\n\t<a href=\"https:\/\/soymigrante.com\/revista\" title=\"Home\">Home<\/a>\n<\/span><span class=\"aioseo-breadcrumb-separator\">\u00bb<\/span><span class=\"aioseo-breadcrumb\">\n\t<a href=\"https:\/\/soymigrante.com\/revista\/category\/estamos-unidos\/\" title=\"Estamos Unidos\">Estamos Unidos<\/a>\n<\/span><span class=\"aioseo-breadcrumb-separator\">\u00bb<\/span><span class=\"aioseo-breadcrumb\">\n\tMigrantes guatemaltecos igualan remesas de 2022 en solo 11 meses de 2023\n<\/span><\/div>","aioseo_breadcrumb_json":[{"label":"Home","link":"https:\/\/soymigrante.com\/revista"},{"label":"Estamos Unidos","link":"https:\/\/soymigrante.com\/revista\/category\/estamos-unidos\/"},{"label":"Migrantes guatemaltecos igualan remesas de 2022 en solo 11 meses de 2023","link":"https:\/\/soymigrante.com\/revista\/remesas-migrantes-guatemaltecos-noviembre-superan-2023\/"}],"_links":{"self":[{"href":"https:\/\/soymigrante.com\/revista\/wp-json\/wp\/v2\/posts\/3663","targetHints":{"allow":["GET"]}}],"collection":[{"href":"https:\/\/soymigrante.com\/revista\/wp-json\/wp\/v2\/posts"}],"about":[{"href":"https:\/\/soymigrante.com\/revista\/wp-json\/wp\/v2\/types\/post"}],"author":[{"embeddable":true,"href":"https:\/\/soymigrante.com\/revista\/wp-json\/wp\/v2\/users\/7"}],"replies":[{"embeddable":true,"href":"https:\/\/soymigrante.com\/revista\/wp-json\/wp\/v2\/comments?post=3663"}],"version-history":[{"count":0,"href":"https:\/\/soymigrante.com\/revista\/wp-json\/wp\/v2\/posts\/3663\/revisions"}],"wp:featuredmedia":[{"embeddable":true,"href":"https:\/\/soymigrante.com\/revista\/wp-json\/wp\/v2\/media\/3665"}],"wp:attachment":[{"href":"https:\/\/soymigrante.com\/revista\/wp-json\/wp\/v2\/media?parent=3663"}],"wp:term":[{"taxonomy":"category","embeddable":true,"href":"https:\/\/soymigrante.com\/revista\/wp-json\/wp\/v2\/categories?post=3663"},{"taxonomy":"post_tag","embeddable":true,"href":"https:\/\/soymigrante.com\/revista\/wp-json\/wp\/v2\/tags?post=3663"}],"curies":[{"name":"wp","href":"https:\/\/api.w.org\/{rel}","templated":true}]}}