{"id":36480,"date":"2025-06-19T05:00:00","date_gmt":"2025-06-19T11:00:00","guid":{"rendered":"https:\/\/soymigrante.com\/revista\/?p=36480"},"modified":"2025-06-18T23:04:06","modified_gmt":"2025-06-19T05:04:06","slug":"los-volcanes-de-jutiapa-gigantes-dormidos-que-guardan-historia-paisaje-y-aventura","status":"publish","type":"post","link":"https:\/\/soymigrante.com\/revista\/los-volcanes-de-jutiapa-gigantes-dormidos-que-guardan-historia-paisaje-y-aventura\/","title":{"rendered":"Los volcanes de Jutiapa: gigantes dormidos que guardan historia, paisaje y aventura"},"content":{"rendered":"\t\t<div data-elementor-type=\"wp-post\" data-elementor-id=\"36480\" class=\"elementor elementor-36480\" data-elementor-post-type=\"post\">\n\t\t\t\t<div data-particle_enable=\"false\" data-particle-mobile-disabled=\"false\" class=\"elementor-element elementor-element-3484356 e-flex e-con-boxed e-con e-parent\" data-id=\"3484356\" data-element_type=\"container\" data-e-type=\"container\">\n\t\t\t\t\t<div class=\"e-con-inner\">\n\t\t\t\t<div class=\"elementor-element elementor-element-aa635c6 elementor-widget elementor-widget-heading\" data-id=\"aa635c6\" data-element_type=\"widget\" data-e-type=\"widget\" data-widget_type=\"heading.default\">\n\t\t\t\t\t<h2 class=\"elementor-heading-title elementor-size-default\">Los volcanes de Jutiapa son lugares perfectos para la aventura, pero tambi\u00e9n guardan historia en cada paso. \n<\/h2>\t\t\t\t<\/div>\n\t\t\t\t\t<\/div>\n\t\t\t\t<\/div>\n\t\t<div data-particle_enable=\"false\" data-particle-mobile-disabled=\"false\" class=\"elementor-element elementor-element-05115db e-flex e-con-boxed e-con e-parent\" data-id=\"05115db\" data-element_type=\"container\" data-e-type=\"container\">\n\t\t\t\t\t<div class=\"e-con-inner\">\n\t\t\t\t<div class=\"elementor-element elementor-element-17126bb elementor-widget elementor-widget-text-editor\" data-id=\"17126bb\" data-element_type=\"widget\" data-e-type=\"widget\" data-widget_type=\"text-editor.default\">\n\t\t\t\t\t\t\t\t\t<p><a href=\"https:\/\/soymigrante.com\/revista\/departamentos-de-guatemala-jutiapa-es-cuna-del-sol-entre-playas-y-montanas\/\" target=\"_blank\" rel=\"noopener\">El departamento de Jutiapa,<\/a> ubicado en el oriente de Guatemala, no solo es conocido por su clima c\u00e1lido y su producci\u00f3n ganadera, sino tambi\u00e9n por sus volcanes que, aunque menos conocidos que los del occidente, forman parte esencial de su paisaje, identidad e historia. Se estima que Jutiapa cuenta con al menos 4 volcanes principales, algunos extintos y otros con caracter\u00edsticas geol\u00f3gicas particulares que los convierten en destinos ideales para el turismo ecol\u00f3gico, la fotograf\u00eda y el senderismo.<\/p><p>A continuaci\u00f3n, presentamos un recorrido por los volcanes m\u00e1s representativos del departamento, <a href=\"https:\/\/soymigrante.com\/revista\/departamentos-de-guatemala-jutiapa-es-cuna-del-sol-entre-playas-y-montanas\/\" target=\"_blank\" rel=\"noopener\">sus ubicaciones y las actividades que se pueden realizar en cada uno.<\/a><\/p>\t\t\t\t\t\t\t\t<\/div>\n\t\t\t\t\t<\/div>\n\t\t\t\t<\/div>\n\t\t<div data-particle_enable=\"false\" data-particle-mobile-disabled=\"false\" class=\"elementor-element elementor-element-400b0af e-flex e-con-boxed e-con e-parent\" data-id=\"400b0af\" data-element_type=\"container\" data-e-type=\"container\">\n\t\t\t\t\t<div class=\"e-con-inner\">\n\t\t\t\t<div class=\"elementor-element elementor-element-42553c3 elementor-widget elementor-widget-heading\" data-id=\"42553c3\" data-element_type=\"widget\" data-e-type=\"widget\" data-widget_type=\"heading.default\">\n\t\t\t\t\t<h3 class=\"elementor-heading-title elementor-size-default\">1. Volc\u00e1n Chingo<\/h3>\t\t\t\t<\/div>\n\t\t\t\t\t<\/div>\n\t\t\t\t<\/div>\n\t\t<div data-particle_enable=\"false\" data-particle-mobile-disabled=\"false\" class=\"elementor-element elementor-element-9bf7f06 e-flex e-con-boxed e-con e-parent\" data-id=\"9bf7f06\" data-element_type=\"container\" data-e-type=\"container\">\n\t\t\t\t\t<div class=\"e-con-inner\">\n\t\t\t\t<div class=\"elementor-element elementor-element-92b95f8 elementor-widget elementor-widget-text-editor\" data-id=\"92b95f8\" data-element_type=\"widget\" data-e-type=\"widget\" data-widget_type=\"text-editor.default\">\n\t\t\t\t\t\t\t\t\t<div><strong>\u2022 Ubicaci\u00f3n:<\/strong> Frontera entre Guatemala y El Salvador, en el municipio de Jerez, Jutiapa.<\/div><div><strong>\u2022Altura:<\/strong> Aproximadamente 1,775 metros sobre el nivel del mar.<\/div><div><strong>\u2022Estado:<\/strong> Inactivo.<\/div><div>\u00a0<\/div><div><strong>\u00bfQu\u00e9 se puede hacer?<\/strong><\/div><div>Este volc\u00e1n es uno de los m\u00e1s accesibles de la regi\u00f3n y es muy apreciado por caminantes y aventureros. Desde su cima se puede observar el mar Pac\u00edfico, los valles de<a href=\"https:\/\/soymigrante.com\/revista\/departamentos-de-guatemala-jutiapa-es-cuna-del-sol-entre-playas-y-montanas\/\" target=\"_blank\" rel=\"noopener\"> Jutiapa y parte de El Salvador<\/a>. Es una excelente opci\u00f3n para practicar senderismo de dificultad media. Adem\u00e1s, su entorno natural ofrece vegetaci\u00f3n de bosque seco y avistamiento de aves.<\/div><div>\u00a0<\/div>\t\t\t\t\t\t\t\t<\/div>\n\t\t\t\t\t<\/div>\n\t\t\t\t<\/div>\n\t\t<div data-particle_enable=\"false\" data-particle-mobile-disabled=\"false\" class=\"elementor-element elementor-element-6ccf7fc e-flex e-con-boxed e-con e-parent\" data-id=\"6ccf7fc\" data-element_type=\"container\" data-e-type=\"container\">\n\t\t\t\t\t<div class=\"e-con-inner\">\n\t\t\t\t<div class=\"elementor-element elementor-element-1bfb7ae elementor-widget elementor-widget-google_maps\" data-id=\"1bfb7ae\" data-element_type=\"widget\" data-e-type=\"widget\" data-widget_type=\"google_maps.default\">\n\t\t\t\t\t\t\t<div class=\"elementor-custom-embed\">\n\t\t\t<iframe loading=\"lazy\"\n\t\t\t\t\tsrc=\"https:\/\/maps.google.com\/maps?q=Volc%C3%A1n%20chingo&#038;t=m&#038;z=10&#038;output=embed&#038;iwloc=near\"\n\t\t\t\t\ttitle=\"Volc\u00e1n chingo\"\n\t\t\t\t\taria-label=\"Volc\u00e1n chingo\"\n\t\t\t><\/iframe>\n\t\t<\/div>\n\t\t\t\t\t\t<\/div>\n\t\t\t\t\t<\/div>\n\t\t\t\t<\/div>\n\t\t<div data-particle_enable=\"false\" data-particle-mobile-disabled=\"false\" class=\"elementor-element elementor-element-b4ae7c4 e-flex e-con-boxed e-con e-parent\" data-id=\"b4ae7c4\" data-element_type=\"container\" data-e-type=\"container\">\n\t\t\t\t\t<div class=\"e-con-inner\">\n\t\t\t\t<div class=\"elementor-element elementor-element-98dd50f elementor-widget elementor-widget-heading\" data-id=\"98dd50f\" data-element_type=\"widget\" data-e-type=\"widget\" data-widget_type=\"heading.default\">\n\t\t\t\t\t<h3 class=\"elementor-heading-title elementor-size-default\">2. Volc\u00e1n Las V\u00edboras<\/h3>\t\t\t\t<\/div>\n\t\t\t\t\t<\/div>\n\t\t\t\t<\/div>\n\t\t<div data-particle_enable=\"false\" data-particle-mobile-disabled=\"false\" class=\"elementor-element elementor-element-457d8f4 e-flex e-con-boxed e-con e-parent\" data-id=\"457d8f4\" data-element_type=\"container\" data-e-type=\"container\">\n\t\t\t\t\t<div class=\"e-con-inner\">\n\t\t\t\t<div class=\"elementor-element elementor-element-86a3a37 elementor-widget elementor-widget-text-editor\" data-id=\"86a3a37\" data-element_type=\"widget\" data-e-type=\"widget\" data-widget_type=\"text-editor.default\">\n\t\t\t\t\t\t\t\t\t<div><strong>\u2022 Ubicaci\u00f3n:<\/strong> Municipio de Comapa, Jutiapa.<\/div><div><strong>\u2022Altura:<\/strong> Aproximadamente 1,000 metros sobre el nivel del mar.<\/div><div><strong>\u2022Estado:<\/strong> Extinto.<\/div><div>\u00a0<\/div><div><strong>\u00bfQu\u00e9 se puede hacer?<\/strong><\/div><div>Aunque es poco conocido a nivel nacional, el Volc\u00e1n Las V\u00edboras es visitado por pobladores locales y amantes de la naturaleza. Se pueden realizar caminatas y recorridos guiados por las aldeas cercanas<a href=\"https:\/\/soymigrante.com\/revista\/departamentos-de-guatemala-jutiapa-es-cuna-del-sol-entre-playas-y-montanas\/\" target=\"_blank\" rel=\"noopener\">, donde tambi\u00e9n se cuentan leyendas sobre serpientes gigantes y esp\u00edritus del bosque.<\/a><\/div><div>\u00a0<\/div>\t\t\t\t\t\t\t\t<\/div>\n\t\t\t\t\t<\/div>\n\t\t\t\t<\/div>\n\t\t<div data-particle_enable=\"false\" data-particle-mobile-disabled=\"false\" class=\"elementor-element elementor-element-d36089e e-flex e-con-boxed e-con e-parent\" data-id=\"d36089e\" data-element_type=\"container\" data-e-type=\"container\">\n\t\t\t\t\t<div class=\"e-con-inner\">\n\t\t\t\t<div class=\"elementor-element elementor-element-322b0e3 elementor-widget elementor-widget-google_maps\" data-id=\"322b0e3\" data-element_type=\"widget\" data-e-type=\"widget\" data-widget_type=\"google_maps.default\">\n\t\t\t\t\t\t\t<div class=\"elementor-custom-embed\">\n\t\t\t<iframe loading=\"lazy\"\n\t\t\t\t\tsrc=\"https:\/\/maps.google.com\/maps?q=volc%C3%A1n%20las%20v%C3%ADboras&#038;t=m&#038;z=10&#038;output=embed&#038;iwloc=near\"\n\t\t\t\t\ttitle=\"volc\u00e1n las v\u00edboras\"\n\t\t\t\t\taria-label=\"volc\u00e1n las v\u00edboras\"\n\t\t\t><\/iframe>\n\t\t<\/div>\n\t\t\t\t\t\t<\/div>\n\t\t\t\t\t<\/div>\n\t\t\t\t<\/div>\n\t\t<div data-particle_enable=\"false\" data-particle-mobile-disabled=\"false\" class=\"elementor-element elementor-element-a9a41c8 e-flex e-con-boxed e-con e-parent\" data-id=\"a9a41c8\" data-element_type=\"container\" data-e-type=\"container\">\n\t\t\t\t\t<div class=\"e-con-inner\">\n\t\t\t\t<div class=\"elementor-element elementor-element-f1fa4e6 elementor-widget elementor-widget-heading\" data-id=\"f1fa4e6\" data-element_type=\"widget\" data-e-type=\"widget\" data-widget_type=\"heading.default\">\n\t\t\t\t\t<h3 class=\"elementor-heading-title elementor-size-default\">3. Volc\u00e1n Moyuta<\/h3>\t\t\t\t<\/div>\n\t\t\t\t\t<\/div>\n\t\t\t\t<\/div>\n\t\t<div data-particle_enable=\"false\" data-particle-mobile-disabled=\"false\" class=\"elementor-element elementor-element-9e986bd e-flex e-con-boxed e-con e-parent\" data-id=\"9e986bd\" data-element_type=\"container\" data-e-type=\"container\">\n\t\t\t\t\t<div class=\"e-con-inner\">\n\t\t\t\t<div class=\"elementor-element elementor-element-6535e8b elementor-widget elementor-widget-text-editor\" data-id=\"6535e8b\" data-element_type=\"widget\" data-e-type=\"widget\" data-widget_type=\"text-editor.default\">\n\t\t\t\t\t\t\t\t\t<div><strong>\u2022Ubicaci\u00f3n:<\/strong> Municipio de Moyuta, al sur de Jutiapa.<\/div><div><strong>\u2022Altura:<\/strong> 1,662 metros sobre el nivel del mar.<\/div><div><strong>\u2022Estado:<\/strong> Extinto.<\/div><div>\u00a0<\/div><div><strong>\u00bfQu\u00e9 se puede hacer?<\/strong><\/div><div>Este volc\u00e1n es ideal para quienes buscan una experiencia m\u00e1s tranquila. El ascenso es suave y ofrece vistas panor\u00e1micas del sur del pa\u00eds, adem\u00e1s de la posibilidad de explorar cafetales y peque\u00f1as fincas. En temporada seca, se organizan caminatas comunitarias y actividades religiosas en la cima. <a href=\"https:\/\/soymigrante.com\/revista\/departamentos-de-guatemala-jutiapa-es-cuna-del-sol-entre-playas-y-montanas\/\" target=\"_blank\" rel=\"noopener\">Tambi\u00e9n es frecuente encontrar peque\u00f1as cavernas y nacimientos de agua.<\/a><\/div><div>\u00a0<\/div>\t\t\t\t\t\t\t\t<\/div>\n\t\t\t\t\t<\/div>\n\t\t\t\t<\/div>\n\t\t<div data-particle_enable=\"false\" data-particle-mobile-disabled=\"false\" class=\"elementor-element elementor-element-da291d8 e-flex e-con-boxed e-con e-parent\" data-id=\"da291d8\" data-element_type=\"container\" data-e-type=\"container\">\n\t\t\t\t\t<div class=\"e-con-inner\">\n\t\t\t\t<div class=\"elementor-element elementor-element-56885b4 elementor-widget elementor-widget-google_maps\" data-id=\"56885b4\" data-element_type=\"widget\" data-e-type=\"widget\" data-widget_type=\"google_maps.default\">\n\t\t\t\t\t\t\t<div class=\"elementor-custom-embed\">\n\t\t\t<iframe loading=\"lazy\"\n\t\t\t\t\tsrc=\"https:\/\/maps.google.com\/maps?q=Volc%C3%A1n%20moyuta&#038;t=m&#038;z=10&#038;output=embed&#038;iwloc=near\"\n\t\t\t\t\ttitle=\"Volc\u00e1n moyuta\"\n\t\t\t\t\taria-label=\"Volc\u00e1n moyuta\"\n\t\t\t><\/iframe>\n\t\t<\/div>\n\t\t\t\t\t\t<\/div>\n\t\t\t\t\t<\/div>\n\t\t\t\t<\/div>\n\t\t<div data-particle_enable=\"false\" data-particle-mobile-disabled=\"false\" class=\"elementor-element elementor-element-19aa8d5 e-flex e-con-boxed e-con e-parent\" data-id=\"19aa8d5\" data-element_type=\"container\" data-e-type=\"container\">\n\t\t\t\t\t<div class=\"e-con-inner\">\n\t\t\t\t<div class=\"elementor-element elementor-element-e037e1a elementor-widget elementor-widget-heading\" data-id=\"e037e1a\" data-element_type=\"widget\" data-e-type=\"widget\" data-widget_type=\"heading.default\">\n\t\t\t\t\t<h3 class=\"elementor-heading-title elementor-size-default\">4. Volc\u00e1n Culma<\/h3>\t\t\t\t<\/div>\n\t\t\t\t\t<\/div>\n\t\t\t\t<\/div>\n\t\t<div data-particle_enable=\"false\" data-particle-mobile-disabled=\"false\" class=\"elementor-element elementor-element-154c1a1 e-flex e-con-boxed e-con e-parent\" data-id=\"154c1a1\" data-element_type=\"container\" data-e-type=\"container\">\n\t\t\t\t\t<div class=\"e-con-inner\">\n\t\t\t\t<div class=\"elementor-element elementor-element-d8da53b elementor-widget elementor-widget-text-editor\" data-id=\"d8da53b\" data-element_type=\"widget\" data-e-type=\"widget\" data-widget_type=\"text-editor.default\">\n\t\t\t\t\t\t\t\t\t<div><strong>\u2022 Ubicaci\u00f3n<\/strong>: Entre los municipios de Jalpatagua y Comapa.<\/div><div><strong>\u2022Altura:<\/strong> Aproximadamente 1,200 metros sobre el nivel del mar.<\/div><div><strong>\u2022Estado:<\/strong> Extinto.<\/div><div>\u00a0<\/div><div><strong>\u00bfQu\u00e9 se puede hacer?<\/strong><\/div><div>Aunque poco visitado, este volc\u00e1n es parte de la cadena monta\u00f1osa que recorre el sur de Jutiapa. Es un sitio que atrae a quienes desean explorar fuera de las rutas tur\u00edsticas habituales. Ideal para caminatas de exploraci\u00f3n, observaci\u00f3n de flora y contacto con la vida rural guatemalteca.<\/div><div>\u00a0<\/div>\t\t\t\t\t\t\t\t<\/div>\n\t\t\t\t\t<\/div>\n\t\t\t\t<\/div>\n\t\t<div data-particle_enable=\"false\" data-particle-mobile-disabled=\"false\" class=\"elementor-element elementor-element-0d0a78e e-flex e-con-boxed e-con e-parent\" data-id=\"0d0a78e\" data-element_type=\"container\" data-e-type=\"container\">\n\t\t\t\t\t<div class=\"e-con-inner\">\n\t\t\t\t<div class=\"elementor-element elementor-element-caaf4c1 elementor-widget elementor-widget-google_maps\" data-id=\"caaf4c1\" data-element_type=\"widget\" data-e-type=\"widget\" data-widget_type=\"google_maps.default\">\n\t\t\t\t\t\t\t<div class=\"elementor-custom-embed\">\n\t\t\t<iframe loading=\"lazy\"\n\t\t\t\t\tsrc=\"https:\/\/maps.google.com\/maps?q=volc%C3%A1n%20culma&#038;t=m&#038;z=10&#038;output=embed&#038;iwloc=near\"\n\t\t\t\t\ttitle=\"volc\u00e1n culma\"\n\t\t\t\t\taria-label=\"volc\u00e1n culma\"\n\t\t\t><\/iframe>\n\t\t<\/div>\n\t\t\t\t\t\t<\/div>\n\t\t\t\t\t<\/div>\n\t\t\t\t<\/div>\n\t\t<div data-particle_enable=\"false\" data-particle-mobile-disabled=\"false\" class=\"elementor-element elementor-element-a77e084 e-flex e-con-boxed e-con e-parent\" data-id=\"a77e084\" data-element_type=\"container\" data-e-type=\"container\">\n\t\t\t\t\t<div class=\"e-con-inner\">\n\t\t\t\t<div class=\"elementor-element elementor-element-2518bd6 elementor-widget elementor-widget-heading\" data-id=\"2518bd6\" data-element_type=\"widget\" data-e-type=\"widget\" data-widget_type=\"heading.default\">\n\t\t\t\t\t<h3 class=\"elementor-heading-title elementor-size-default\">Importancia cultural y ecol\u00f3gica<\/h3>\t\t\t\t<\/div>\n\t\t\t\t\t<\/div>\n\t\t\t\t<\/div>\n\t\t<div data-particle_enable=\"false\" data-particle-mobile-disabled=\"false\" class=\"elementor-element elementor-element-3bb3b3f e-flex e-con-boxed e-con e-parent\" data-id=\"3bb3b3f\" data-element_type=\"container\" data-e-type=\"container\">\n\t\t\t\t\t<div class=\"e-con-inner\">\n\t\t\t\t<div class=\"elementor-element elementor-element-fe4e1ca elementor-widget elementor-widget-text-editor\" data-id=\"fe4e1ca\" data-element_type=\"widget\" data-e-type=\"widget\" data-widget_type=\"text-editor.default\">\n\t\t\t\t\t\t\t\t\t<p><a href=\"https:\/\/soymigrante.com\/revista\/departamentos-de-guatemala-jutiapa-es-cuna-del-sol-entre-playas-y-montanas\/\" target=\"_blank\" rel=\"noopener\">Los volcanes de Jutiapa<\/a> han influido en la cultura y las tradiciones de las comunidades locales. En muchas \u00e1reas se les atribuyen leyendas, como las de cerros encantados, tesoros escondidos o guardianes naturales. Adem\u00e1s, son fuente de biodiversidad y funcionan como pulmones ecol\u00f3gicos en una regi\u00f3n de clima predominantemente seco.<\/p>\t\t\t\t\t\t\t\t<\/div>\n\t\t\t\t\t<\/div>\n\t\t\t\t<\/div>\n\t\t<div data-particle_enable=\"false\" data-particle-mobile-disabled=\"false\" class=\"elementor-element elementor-element-53e1e89 e-flex e-con-boxed e-con e-parent\" data-id=\"53e1e89\" data-element_type=\"container\" data-e-type=\"container\">\n\t\t\t\t\t<div class=\"e-con-inner\">\n\t\t\t\t<div class=\"elementor-element elementor-element-9bb28a3 elementor-widget elementor-widget-image\" data-id=\"9bb28a3\" data-element_type=\"widget\" data-e-type=\"widget\" data-widget_type=\"image.default\">\n\t\t\t\t\t\t\t\t\t\t\t\t<figure class=\"wp-caption\">\n\t\t\t\t\t\t\t\t\t\t<img fetchpriority=\"high\" decoding=\"async\" width=\"768\" height=\"436\" src=\"https:\/\/soymigrante.com\/revista\/wp-content\/uploads\/2025\/06\/Volcanes-de-jutiapa-2.webp\" class=\"attachment-large size-large wp-image-36502\" alt=\"Cristo en la cima de una monta\u00f1a con vista panor\u00e1mica, nubes y paisaje natural, s\u00edmbolo de espiritualidad y turismo en destinos de monta\u00f1a en Colombia.\" srcset=\"https:\/\/soymigrante.com\/revista\/wp-content\/uploads\/2025\/06\/Volcanes-de-jutiapa-2.webp 890w, https:\/\/soymigrante.com\/revista\/wp-content\/uploads\/2025\/06\/Volcanes-de-jutiapa-2-300x170.jpg 300w, https:\/\/soymigrante.com\/revista\/wp-content\/uploads\/2025\/06\/Volcanes-de-jutiapa-2-768x436.jpg 768w, https:\/\/soymigrante.com\/revista\/wp-content\/uploads\/2025\/06\/Volcanes-de-jutiapa-2-750x426.jpg 750w\" sizes=\"(max-width: 768px) 100vw, 768px\" title=\"Los volcanes de Jutiapa son conocidos por ser un reto para escalar. (Foto: INGUAT) \u2013 SoyMigrante.com REVISTA\" \/>\t\t\t\t\t\t\t\t\t\t\t<figcaption class=\"widget-image-caption wp-caption-text\">Vista panor\u00e1mica de una monta\u00f1a con un crucifijo y una persona disfrutando de la vista, en un entorno natural con nubes y paisaje urbano, promoviendo turismo y espiritualidad en Colombia.<\/figcaption>\n\t\t\t\t\t\t\t\t\t\t<\/figure>\n\t\t\t\t\t\t\t\t\t<\/div>\n\t\t\t\t\t<\/div>\n\t\t\t\t<\/div>\n\t\t<div data-particle_enable=\"false\" data-particle-mobile-disabled=\"false\" class=\"elementor-element elementor-element-1fd7557 e-flex e-con-boxed e-con e-parent\" data-id=\"1fd7557\" data-element_type=\"container\" data-e-type=\"container\">\n\t\t\t\t\t<div class=\"e-con-inner\">\n\t\t\t\t<div class=\"elementor-element elementor-element-b0aff75 elementor-widget elementor-widget-heading\" data-id=\"b0aff75\" data-element_type=\"widget\" data-e-type=\"widget\" data-widget_type=\"heading.default\">\n\t\t\t\t\t<h3 class=\"elementor-heading-title elementor-size-default\">Retos y oportunidades<\/h3>\t\t\t\t<\/div>\n\t\t\t\t\t<\/div>\n\t\t\t\t<\/div>\n\t\t<div data-particle_enable=\"false\" data-particle-mobile-disabled=\"false\" class=\"elementor-element elementor-element-48d4cf9 e-flex e-con-boxed e-con e-parent\" data-id=\"48d4cf9\" data-element_type=\"container\" data-e-type=\"container\">\n\t\t\t\t\t<div class=\"e-con-inner\">\n\t\t\t\t<div class=\"elementor-element elementor-element-7dd0477 elementor-widget elementor-widget-text-editor\" data-id=\"7dd0477\" data-element_type=\"widget\" data-e-type=\"widget\" data-widget_type=\"text-editor.default\">\n\t\t\t\t\t\t\t\t\t<p>A diferencia de volcanes como el de Pacaya o Acatenango, los de <a href=\"https:\/\/soymigrante.com\/revista\/departamentos-de-guatemala-jutiapa-es-cuna-del-sol-entre-playas-y-montanas\/\" target=\"_blank\" rel=\"noopener\">Jutiapa a\u00fan no est\u00e1n desarrollados como destinos tur\u00edsticos formales,<\/a> lo cual representa tanto un reto como una oportunidad. La falta de se\u00f1alizaci\u00f3n, caminos adecuados o promoci\u00f3n impide que m\u00e1s visitantes conozcan estos tesoros naturales. Sin embargo, varias comunidades est\u00e1n empezando a organizar caminatas guiadas, actividades educativas y circuitos tur\u00edsticos rurales.<\/p>\t\t\t\t\t\t\t\t<\/div>\n\t\t\t\t\t<\/div>\n\t\t\t\t<\/div>\n\t\t<div data-particle_enable=\"false\" data-particle-mobile-disabled=\"false\" class=\"elementor-element elementor-element-dca2347 e-flex e-con-boxed e-con e-parent\" data-id=\"dca2347\" data-element_type=\"container\" data-e-type=\"container\">\n\t\t\t\t\t<div class=\"e-con-inner\">\n\t\t\t\t<div class=\"elementor-element elementor-element-d947ee1 elementor-widget elementor-widget-text-editor\" data-id=\"d947ee1\" data-element_type=\"widget\" data-e-type=\"widget\" data-widget_type=\"text-editor.default\">\n\t\t\t\t\t\t\t\t\t<p><a href=\"https:\/\/soymigrante.com\/revista\/departamentos-de-guatemala-jutiapa-es-cuna-del-sol-entre-playas-y-montanas\/\" target=\"_blank\" rel=\"noopener\">Los volcanes de Jutiapa<\/a> no son los m\u00e1s altos ni los m\u00e1s famosos de Guatemala, pero s\u00ed est\u00e1n llenos de paisaje, historia, cultura y potencial tur\u00edstico. Ya sea para caminar, aprender sobre leyendas locales, o simplemente contemplar la belleza natural del oriente del pa\u00eds, estos colosos dormidos son una joya por descubrir.<\/p>\t\t\t\t\t\t\t\t<\/div>\n\t\t\t\t\t<\/div>\n\t\t\t\t<\/div>\n\t\t<div data-particle_enable=\"false\" data-particle-mobile-disabled=\"false\" class=\"elementor-element elementor-element-40c1c7e e-flex e-con-boxed e-con e-parent\" data-id=\"40c1c7e\" data-element_type=\"container\" data-e-type=\"container\">\n\t\t\t\t\t<div class=\"e-con-inner\">\n\t\t\t\t<div class=\"elementor-element elementor-element-5a7f149 elementor-widget elementor-widget-heading\" data-id=\"5a7f149\" data-element_type=\"widget\" data-e-type=\"widget\" data-widget_type=\"heading.default\">\n\t\t\t\t\t<h2 class=\"elementor-heading-title elementor-size-default\">Conoce estos temas que te pueden interesar...<\/h2>\t\t\t\t<\/div>\n\t\t\t\t\t<\/div>\n\t\t\t\t<\/div>\n\t\t<div data-particle_enable=\"false\" data-particle-mobile-disabled=\"false\" class=\"elementor-element elementor-element-461766b e-flex e-con-boxed e-con e-parent\" data-id=\"461766b\" data-element_type=\"container\" data-e-type=\"container\">\n\t\t\t\t\t<div class=\"e-con-inner\">\n\t\t\t\t<div class=\"elementor-element elementor-element-6a6e19c elementor-grid-eael-col-3 elementor-grid-tablet-eael-col-2 elementor-grid-mobile-eael-col-1 elementor-invisible elementor-widget elementor-widget-eael-post-grid\" data-id=\"6a6e19c\" data-element_type=\"widget\" data-e-type=\"widget\" data-settings=\"{&quot;eael_post_grid_columns&quot;:&quot;eael-col-3&quot;,&quot;_animation&quot;:&quot;rollIn&quot;,&quot;eael_post_grid_columns_tablet&quot;:&quot;eael-col-2&quot;,&quot;eael_post_grid_columns_mobile&quot;:&quot;eael-col-1&quot;}\" data-widget_type=\"eael-post-grid.default\">\n\t\t\t\t\t<div id=\"eael-post-grid-6a6e19c\" class=\"eael-post-grid-container\">\n            <div class=\"eael-post-grid eael-post-appender eael-post-appender-6a6e19c eael-post-grid-style-one\" data-layout-mode=\"masonry\"><article class=\"eael-grid-post  eael-post-grid-column eael-pg-post-34648 category-guate-nuestra tags-volcanes-de-guatemala\" data-id=\"34648\">\n        <div class=\"eael-grid-post-holder\">\n            <div class=\"eael-grid-post-holder-inner\"><div class=\"eael-entry-media\"><div class=\"eael-entry-overlay fade-in\"><i class=\"far fa-hand-pointer\" aria-hidden=\"true\"><\/i><a href=\"https:\/\/soymigrante.com\/revista\/cuantos-volcanes-hay-en-guatemala\/\"><\/a><\/div><div class=\"eael-entry-thumbnail \">\n                <img decoding=\"async\" width=\"647\" height=\"647\" src=\"https:\/\/soymigrante.com\/revista\/wp-content\/uploads\/2025\/02\/VOLCAN-DE-FUEGO.webp\" class=\"attachment-large size-large wp-image-27556\" alt=\"Erupci\u00f3n volc\u00e1nica activa en noche estrellada, explosi\u00f3n de lava y ceniza emergiendo del volc\u00e1n. Imagen impresionante de un volc\u00e1n en erupci\u00f3n en un entorno natural y nocturno.\" srcset=\"https:\/\/soymigrante.com\/revista\/wp-content\/uploads\/2025\/02\/VOLCAN-DE-FUEGO.webp 647w, https:\/\/soymigrante.com\/revista\/wp-content\/uploads\/2025\/02\/VOLCAN-DE-FUEGO-300x300.jpg 300w, https:\/\/soymigrante.com\/revista\/wp-content\/uploads\/2025\/02\/VOLCAN-DE-FUEGO-150x150.jpg 150w, https:\/\/soymigrante.com\/revista\/wp-content\/uploads\/2025\/02\/VOLCAN-DE-FUEGO-75x75.webp 75w\" sizes=\"(max-width: 647px) 100vw, 647px\" \/>\n            <\/div>\n        <\/div><div class=\"eael-entry-wrapper\"><header class=\"eael-entry-header\"><h2 class=\"eael-entry-title\"><a class=\"eael-grid-post-link\" href=\"https:\/\/soymigrante.com\/revista\/cuantos-volcanes-hay-en-guatemala\/\" title=\"\u00bfCu\u00e1ntos volcanes hay en Guatemala?\">\u00bfCu\u00e1ntos volcanes hay en Guatemala?<\/a><\/h2><\/header><div class=\"eael-entry-content\">\n                        <div class=\"eael-grid-post-excerpt\"><a href=\"https:\/\/soymigrante.com\/revista\/cuantos-volcanes-hay-en-guatemala\/\" class=\"eael-post-elements-readmore-btn\">CONOCE SU HISTORIA <\/a><\/div>\n                    <\/div><\/div><\/div>\n        <\/div>\n    <\/article><article class=\"eael-grid-post  eael-post-grid-column eael-pg-post-10355 category-guate-nuestra tags-volcanes-de-guatemala\" data-id=\"10355\">\n        <div class=\"eael-grid-post-holder\">\n            <div class=\"eael-grid-post-holder-inner\"><div class=\"eael-entry-media\"><div class=\"eael-entry-overlay fade-in\"><i class=\"far fa-hand-pointer\" aria-hidden=\"true\"><\/i><a href=\"https:\/\/soymigrante.com\/revista\/tres-hermanos-tres-guardianes-del-lago-los-volcanes-atitlan-toliman-y-san-pedro\/\"><\/a><\/div><div class=\"eael-entry-thumbnail \">\n                <img decoding=\"async\" width=\"1024\" height=\"683\" src=\"https:\/\/soymigrante.com\/revista\/wp-content\/uploads\/2023\/02\/3-ATITLAN-2-1024x683.jpg\" class=\"attachment-large size-large wp-image-366\" alt=\"Los volcanes de Tolim\u00e1n y Atitl\u00e1n, en esta fotograf\u00eda, son el marco incomparable del lago. Foto Gustavo Montenegro\" srcset=\"https:\/\/soymigrante.com\/revista\/wp-content\/uploads\/2023\/02\/3-ATITLAN-2-1024x683.jpg 1024w, https:\/\/soymigrante.com\/revista\/wp-content\/uploads\/2023\/02\/3-ATITLAN-2-300x200.webp 300w, https:\/\/soymigrante.com\/revista\/wp-content\/uploads\/2023\/02\/3-ATITLAN-2-768x512.jpg 768w, https:\/\/soymigrante.com\/revista\/wp-content\/uploads\/2023\/02\/3-ATITLAN-2-1536x1024.jpg 1536w, https:\/\/soymigrante.com\/revista\/wp-content\/uploads\/2023\/02\/3-ATITLAN-2-2048x1365.jpg 2048w, https:\/\/soymigrante.com\/revista\/wp-content\/uploads\/2023\/02\/3-ATITLAN-2-750x500.webp 750w, https:\/\/soymigrante.com\/revista\/wp-content\/uploads\/2023\/02\/3-ATITLAN-2-1140x760.jpg 1140w, https:\/\/soymigrante.com\/revista\/wp-content\/uploads\/2023\/02\/3-ATITLAN-2-600x400.jpg 600w, https:\/\/soymigrante.com\/revista\/wp-content\/uploads\/2023\/02\/3-ATITLAN-2-scaled.webp 1920w\" sizes=\"(max-width: 1024px) 100vw, 1024px\" \/>\n            <\/div>\n        <\/div><div class=\"eael-entry-wrapper\"><header class=\"eael-entry-header\"><h2 class=\"eael-entry-title\"><a class=\"eael-grid-post-link\" href=\"https:\/\/soymigrante.com\/revista\/tres-hermanos-tres-guardianes-del-lago-los-volcanes-atitlan-toliman-y-san-pedro\/\" title=\"Tres gigantes custodian el lago de Atitl\u00e1n: los volcanes Atitl\u00e1n, Tolim\u00e1n y San Pedro\">Tres gigantes custodian el lago de Atitl\u00e1n: los volcanes Atitl\u00e1n, Tolim\u00e1n y San Pedro<\/a><\/h2><\/header><div class=\"eael-entry-content\">\n                        <div class=\"eael-grid-post-excerpt\"><a href=\"https:\/\/soymigrante.com\/revista\/tres-hermanos-tres-guardianes-del-lago-los-volcanes-atitlan-toliman-y-san-pedro\/\" class=\"eael-post-elements-readmore-btn\">CONOCE SU HISTORIA <\/a><\/div>\n                    <\/div><\/div><\/div>\n        <\/div>\n    <\/article><article class=\"eael-grid-post  eael-post-grid-column eael-pg-post-7501 category-guate-nuestra tags-volcanes-de-guatemala\" data-id=\"7501\">\n        <div class=\"eael-grid-post-holder\">\n            <div class=\"eael-grid-post-holder-inner\"><div class=\"eael-entry-media\"><div class=\"eael-entry-overlay fade-in\"><i class=\"far fa-hand-pointer\" aria-hidden=\"true\"><\/i><a href=\"https:\/\/soymigrante.com\/revista\/7-volcanes-de-guatemala-datos-y-leyenda-que-quiza-ya-sabias-o-tal-vez-no\/\"><\/a><\/div><div class=\"eael-entry-thumbnail \">\n                <img loading=\"lazy\" decoding=\"async\" width=\"638\" height=\"642\" src=\"https:\/\/soymigrante.com\/revista\/wp-content\/uploads\/2024\/07\/volcanes-de-guatemala-2.webp\" class=\"attachment-large size-large wp-image-7502\" alt=\"Volc\u00e1n de Fuego, volcanes de Guatemala, fotograf\u00edas de Abel Juarez\" srcset=\"https:\/\/soymigrante.com\/revista\/wp-content\/uploads\/2024\/07\/volcanes-de-guatemala-2.webp 638w, https:\/\/soymigrante.com\/revista\/wp-content\/uploads\/2024\/07\/volcanes-de-guatemala-2-298x300.webp 298w, https:\/\/soymigrante.com\/revista\/wp-content\/uploads\/2024\/07\/volcanes-de-guatemala-2-150x150.webp 150w, https:\/\/soymigrante.com\/revista\/wp-content\/uploads\/2024\/07\/volcanes-de-guatemala-2-75x75.webp 75w\" sizes=\"(max-width: 638px) 100vw, 638px\" \/>\n            <\/div>\n        <\/div><div class=\"eael-entry-wrapper\"><header class=\"eael-entry-header\"><h2 class=\"eael-entry-title\"><a class=\"eael-grid-post-link\" href=\"https:\/\/soymigrante.com\/revista\/7-volcanes-de-guatemala-datos-y-leyenda-que-quiza-ya-sabias-o-tal-vez-no\/\" title=\"7 volcanes de Guatemala: datos y leyenda que quiz\u00e1 ya sab\u00edas&#8230; o tal vez no\">7 volcanes de Guatemala: datos y leyenda que quiz\u00e1 ya sab\u00edas&#8230; o tal vez no<\/a><\/h2><\/header><div class=\"eael-entry-content\">\n                        <div class=\"eael-grid-post-excerpt\"><a href=\"https:\/\/soymigrante.com\/revista\/7-volcanes-de-guatemala-datos-y-leyenda-que-quiza-ya-sabias-o-tal-vez-no\/\" class=\"eael-post-elements-readmore-btn\">CONOCE SU HISTORIA <\/a><\/div>\n                    <\/div><\/div><\/div>\n        <\/div>\n    <\/article><\/div>\n            <div class=\"clearfix\"><\/div>\n        <\/div>\t\t\t\t<\/div>\n\t\t\t\t\t<\/div>\n\t\t\t\t<\/div>\n\t\t\t\t<\/div>\n\t\t","protected":false},"excerpt":{"rendered":"<p>Los volcanes de Jutiapa son lugares perfectos para la aventura, pero tambi\u00e9n guardan historia en cada paso. El departamento de Jutiapa, ubicado en el oriente de Guatemala, no solo es conocido por su clima c\u00e1lido y su producci\u00f3n ganadera, sino tambi\u00e9n por sus volcanes que, aunque menos conocidos que los del occidente, forman parte esencial [&hellip;]<\/p>\n","protected":false},"author":19,"featured_media":36481,"comment_status":"open","ping_status":"open","sticky":false,"template":"","format":"standard","meta":{"_acf_changed":false,"_eb_attr":"","footnotes":""},"categories":[58],"tags":[245],"class_list":["post-36480","post","type-post","status-publish","format-standard","has-post-thumbnail","hentry","category-guate-nuestra","tag-volcanes-de-guatemala"],"acf":[],"aioseo_notices":[],"aioseo_head":"\n\t\t<!-- All in One SEO Pro 4.9.6.2 - aioseo.com -->\n\t<meta name=\"description\" content=\"El paisaje volc\u00e1nico de Guatemala es \u00fanico en el mundo. Cada volc\u00e1n tiene su propia &quot;personalidad&quot;, historia y detalles. Con incre\u00edbles fotos de Abel Ju\u00e1rez.\" \/>\n\t<meta name=\"robots\" content=\"max-snippet:-1, max-image-preview:large, max-video-preview:-1\" \/>\n\t<meta name=\"author\" content=\"Gustavo Montenegro\"\/>\n\t<link rel=\"canonical\" href=\"https:\/\/soymigrante.com\/revista\/7-volcanes-de-guatemala-datos-y-leyenda-que-quiza-ya-sabias-o-tal-vez-no\/\" \/>\n\t<meta name=\"generator\" content=\"All in One SEO Pro (AIOSEO) 4.9.6.2\" \/>\n\n\t\t<link rel=\"preconnect\" href=\"https:\/\/fonts.googleapis.com\" crossorigin>\n<link rel=\"preconnect\" href=\"https:\/\/fonts.gstatic.com\" crossorigin>\n\t\t<meta property=\"og:locale\" content=\"es_ES\" \/>\n\t\t<meta property=\"og:site_name\" content=\"SoyMigrante.com REVISTA \u2013 Nuestra misi\u00f3n es reconocer y dignificar al migrante.\" \/>\n\t\t<meta property=\"og:type\" content=\"article\" \/>\n\t\t<meta property=\"og:title\" content=\"7 Volcanes de Guatemala: datos y leyendas que quiz\u00e1 no sab\u00edas\" \/>\n\t\t<meta property=\"og:description\" content=\"El paisaje volc\u00e1nico de Guatemala es \u00fanico en el mundo. Cada volc\u00e1n tiene su propia &quot;personalidad&quot;, historia y detalles. Con incre\u00edbles fotos de Abel Ju\u00e1rez.\" \/>\n\t\t<meta property=\"og:url\" content=\"https:\/\/soymigrante.com\/revista\/7-volcanes-de-guatemala-datos-y-leyenda-que-quiza-ya-sabias-o-tal-vez-no\/\" \/>\n\t\t<meta property=\"og:image\" content=\"https:\/\/soymigrante.com\/revista\/wp-content\/uploads\/2024\/07\/volcanes-de-guatemala-2.webp\" \/>\n\t\t<meta property=\"og:image:secure_url\" content=\"https:\/\/soymigrante.com\/revista\/wp-content\/uploads\/2024\/07\/volcanes-de-guatemala-2.webp\" \/>\n\t\t<meta property=\"og:image:width\" content=\"638\" \/>\n\t\t<meta property=\"og:image:height\" content=\"642\" \/>\n\t\t<meta property=\"article:published_time\" content=\"2024-07-17T18:33:15+00:00\" \/>\n\t\t<meta property=\"article:modified_time\" content=\"2025-09-16T13:55:49+00:00\" \/>\n\t\t<meta property=\"article:publisher\" content=\"https:\/\/www.facebook.com\/soymigrantecom\" \/>\n\t\t<meta name=\"twitter:card\" content=\"summary_large_image\" \/>\n\t\t<meta name=\"twitter:site\" content=\"@SoyMigrante_com\" \/>\n\t\t<meta name=\"twitter:title\" content=\"7 Volcanes de Guatemala: datos y leyendas que quiz\u00e1 no sab\u00edas\" \/>\n\t\t<meta name=\"twitter:description\" content=\"El paisaje volc\u00e1nico de Guatemala es \u00fanico en el mundo. Cada volc\u00e1n tiene su propia &quot;personalidad&quot;, historia y detalles. Con incre\u00edbles fotos de Abel Ju\u00e1rez.\" \/>\n\t\t<meta name=\"twitter:creator\" content=\"@SoyMigrante_com\" \/>\n\t\t<meta name=\"twitter:image\" content=\"https:\/\/soymigrante.com\/revista\/wp-content\/uploads\/2024\/07\/volcanes-de-guatemala-2.webp\" \/>\n\t\t<!-- All in One SEO Pro -->\r\n\t\t<title>7 Volcanes de Guatemala: datos y leyendas que quiz\u00e1 no sab\u00edas<\/title>\n\n","aioseo_head_json":{"title":"7 Volcanes de Guatemala: datos y leyendas que quiz\u00e1 no sab\u00edas","description":"El paisaje volc\u00e1nico de Guatemala es \u00fanico en el mundo. Cada volc\u00e1n tiene su propia \"personalidad\", historia y detalles. Con incre\u00edbles fotos de Abel Ju\u00e1rez.","canonical_url":"https:\/\/soymigrante.com\/revista\/7-volcanes-de-guatemala-datos-y-leyenda-que-quiza-ya-sabias-o-tal-vez-no\/","robots":"max-snippet:-1, max-image-preview:large, max-video-preview:-1","keywords":"","webmasterTools":{"miscellaneous":"&lt;link rel=\"preconnect\" href=\"https:\/\/fonts.googleapis.com\" crossorigin&gt;\n&lt;link rel=\"preconnect\" href=\"https:\/\/fonts.gstatic.com\" crossorigin&gt;"},"schema":null,"og:locale":"es_ES","og:site_name":"SoyMigrante.com REVISTA \u2013 Nuestra misi\u00f3n es reconocer y dignificar al migrante.","og:type":"article","og:title":"7 Volcanes de Guatemala: datos y leyendas que quiz\u00e1 no sab\u00edas","og:description":"El paisaje volc\u00e1nico de Guatemala es \u00fanico en el mundo. Cada volc\u00e1n tiene su propia &quot;personalidad&quot;, historia y detalles. Con incre\u00edbles fotos de Abel Ju\u00e1rez.","og:url":"https:\/\/soymigrante.com\/revista\/7-volcanes-de-guatemala-datos-y-leyenda-que-quiza-ya-sabias-o-tal-vez-no\/","og:image":"https:\/\/soymigrante.com\/revista\/wp-content\/uploads\/2024\/07\/volcanes-de-guatemala-2.webp","og:image:secure_url":"https:\/\/soymigrante.com\/revista\/wp-content\/uploads\/2024\/07\/volcanes-de-guatemala-2.webp","og:image:width":638,"og:image:height":642,"article:published_time":"2024-07-17T18:33:15+00:00","article:modified_time":"2025-09-16T13:55:49+00:00","article:publisher":"https:\/\/www.facebook.com\/soymigrantecom","twitter:card":"summary_large_image","twitter:site":"@SoyMigrante_com","twitter:title":"7 Volcanes de Guatemala: datos y leyendas que quiz\u00e1 no sab\u00edas","twitter:description":"El paisaje volc\u00e1nico de Guatemala es \u00fanico en el mundo. Cada volc\u00e1n tiene su propia &quot;personalidad&quot;, historia y detalles. Con incre\u00edbles fotos de Abel Ju\u00e1rez.","twitter:creator":"@SoyMigrante_com","twitter:image":"https:\/\/soymigrante.com\/revista\/wp-content\/uploads\/2024\/07\/volcanes-de-guatemala-2.webp"},"aioseo_meta_data":{"post_id":"36480","title":null,"description":"Los volcanes de Jutiapa son lugares perfectos para la aventura, pero tambi\u00e9n guardan historia en cada paso.","keywords":null,"keyphrases":{"focus":{"keyphrase":"Jutiapa","score":91,"analysis":{"keyphraseInTitle":{"score":9,"maxScore":9,"error":0},"keyphraseInDescription":{"score":9,"maxScore":9,"error":0},"keyphraseLength":{"score":9,"maxScore":9,"error":0,"length":1},"keyphraseInURL":{"score":5,"maxScore":5,"error":0},"keyphraseInIntroduction":{"score":9,"maxScore":9,"error":0},"keyphraseInSubHeadings":{"score":3,"maxScore":9,"error":1},"keyphraseInImageAlt":{"score":9,"maxScore":9,"error":0},"keywordDensity":{"type":"best","score":9,"maxScore":9,"error":0}}},"additional":[{"keyphrase":"Jutiapa","score":100,"analysis":{"keyphraseInDescription":{"score":9,"maxScore":9,"error":0},"keyphraseLength":{"score":9,"maxScore":9,"error":0,"length":1},"keyphraseInIntroduction":{"score":9,"maxScore":9,"error":0},"keyphraseInImageAlt":{"score":9,"maxScore":9,"error":0},"keywordDensity":{"type":"best","score":9,"maxScore":9,"error":0}}},{"keyphrase":"Volcanes","score":100,"analysis":{"keyphraseInDescription":{"score":9,"maxScore":9,"error":0},"keyphraseLength":{"score":9,"maxScore":9,"error":0,"length":1},"keyphraseInIntroduction":{"score":9,"maxScore":9,"error":0},"keyphraseInImageAlt":{"score":9,"maxScore":9,"error":0},"keywordDensity":{"type":"best","score":9,"maxScore":9,"error":0}}}]},"primary_term":null,"canonical_url":null,"og_title":null,"og_description":null,"og_object_type":"default","og_image_type":"default","og_image_url":null,"og_image_width":null,"og_image_height":null,"og_image_custom_url":null,"og_image_custom_fields":null,"og_video":"","og_custom_url":null,"og_article_section":null,"og_article_tags":null,"twitter_use_og":false,"twitter_card":"default","twitter_image_type":"default","twitter_image_url":null,"twitter_image_custom_url":null,"twitter_image_custom_fields":null,"twitter_title":null,"twitter_description":null,"schema":{"blockGraphs":[],"customGraphs":[],"default":{"data":{"Article":[],"Course":[],"Dataset":[],"FAQPage":[],"Movie":[],"Person":[],"Product":[],"ProductReview":[],"Car":[],"Recipe":[],"Service":[],"SoftwareApplication":[],"WebPage":[]},"graphName":"none","isEnabled":true},"graphs":[]},"schema_type":"default","schema_type_options":null,"pillar_content":false,"robots_default":true,"robots_noindex":false,"robots_noarchive":false,"robots_nosnippet":false,"robots_nofollow":false,"robots_noimageindex":false,"robots_noodp":false,"robots_notranslate":false,"robots_max_snippet":"-1","robots_max_videopreview":"-1","robots_max_imagepreview":"large","priority":null,"frequency":"default","local_seo":null,"seo_analyzer_scan_date":"2025-10-09 06:02:10","breadcrumb_settings":null,"limit_modified_date":false,"reviewed_by":"0","open_ai":"{\"title\":{\"suggestions\":[],\"usage\":0},\"description\":{\"suggestions\":[],\"usage\":0}}","ai":null,"created":"2025-06-17 19:38:58","updated":"2026-02-05 01:15:30"},"aioseo_breadcrumb":"<div class=\"aioseo-breadcrumbs\"><span class=\"aioseo-breadcrumb\">\n\t<a href=\"https:\/\/soymigrante.com\/revista\" title=\"Home\">Home<\/a>\n<\/span><span class=\"aioseo-breadcrumb-separator\">\u00bb<\/span><span class=\"aioseo-breadcrumb\">\n\t<a href=\"https:\/\/soymigrante.com\/revista\/category\/guate-nuestra\/\" title=\"Guate Nuestra\">Guate Nuestra<\/a>\n<\/span><span class=\"aioseo-breadcrumb-separator\">\u00bb<\/span><span class=\"aioseo-breadcrumb\">\n\tLos volcanes de Jutiapa: gigantes dormidos que guardan historia, paisaje y aventura\n<\/span><\/div>","aioseo_breadcrumb_json":[{"label":"Home","link":"https:\/\/soymigrante.com\/revista"},{"label":"Guate Nuestra","link":"https:\/\/soymigrante.com\/revista\/category\/guate-nuestra\/"},{"label":"Los volcanes de Jutiapa: gigantes dormidos que guardan historia, paisaje y aventura","link":"https:\/\/soymigrante.com\/revista\/los-volcanes-de-jutiapa-gigantes-dormidos-que-guardan-historia-paisaje-y-aventura\/"}],"_links":{"self":[{"href":"https:\/\/soymigrante.com\/revista\/wp-json\/wp\/v2\/posts\/36480","targetHints":{"allow":["GET"]}}],"collection":[{"href":"https:\/\/soymigrante.com\/revista\/wp-json\/wp\/v2\/posts"}],"about":[{"href":"https:\/\/soymigrante.com\/revista\/wp-json\/wp\/v2\/types\/post"}],"author":[{"embeddable":true,"href":"https:\/\/soymigrante.com\/revista\/wp-json\/wp\/v2\/users\/19"}],"replies":[{"embeddable":true,"href":"https:\/\/soymigrante.com\/revista\/wp-json\/wp\/v2\/comments?post=36480"}],"version-history":[{"count":30,"href":"https:\/\/soymigrante.com\/revista\/wp-json\/wp\/v2\/posts\/36480\/revisions"}],"predecessor-version":[{"id":36683,"href":"https:\/\/soymigrante.com\/revista\/wp-json\/wp\/v2\/posts\/36480\/revisions\/36683"}],"wp:featuredmedia":[{"embeddable":true,"href":"https:\/\/soymigrante.com\/revista\/wp-json\/wp\/v2\/media\/36481"}],"wp:attachment":[{"href":"https:\/\/soymigrante.com\/revista\/wp-json\/wp\/v2\/media?parent=36480"}],"wp:term":[{"taxonomy":"category","embeddable":true,"href":"https:\/\/soymigrante.com\/revista\/wp-json\/wp\/v2\/categories?post=36480"},{"taxonomy":"post_tag","embeddable":true,"href":"https:\/\/soymigrante.com\/revista\/wp-json\/wp\/v2\/tags?post=36480"}],"curies":[{"name":"wp","href":"https:\/\/api.w.org\/{rel}","templated":true}]}}