{"id":36455,"date":"2025-06-24T05:00:00","date_gmt":"2025-06-24T11:00:00","guid":{"rendered":"https:\/\/soymigrante.com\/revista\/?p=36455"},"modified":"2025-06-23T22:51:37","modified_gmt":"2025-06-24T04:51:37","slug":"tan-alegres-los-baby-shower-que-hacer-que-evitar-y-que-regalos-dar","status":"publish","type":"post","link":"https:\/\/soymigrante.com\/revista\/tan-alegres-los-baby-shower-que-hacer-que-evitar-y-que-regalos-dar\/","title":{"rendered":"Tan alegres los baby shower \u00bfQu\u00e9 hacer, qu\u00e9 evitar y qu\u00e9 regalos dar?"},"content":{"rendered":"\t\t<div data-elementor-type=\"wp-post\" data-elementor-id=\"36455\" class=\"elementor elementor-36455\" data-elementor-post-type=\"post\">\n\t\t\t\t<div data-particle_enable=\"false\" data-particle-mobile-disabled=\"false\" class=\"elementor-element elementor-element-00ff562 e-flex e-con-boxed e-con e-parent\" data-id=\"00ff562\" data-element_type=\"container\" data-e-type=\"container\">\n\t\t\t\t\t<div class=\"e-con-inner\">\n\t\t\t\t<div class=\"elementor-element elementor-element-90f8484 elementor-widget elementor-widget-heading\" data-id=\"90f8484\" data-element_type=\"widget\" data-e-type=\"widget\" data-widget_type=\"heading.default\">\n\t\t\t\t\t<h2 class=\"elementor-heading-title elementor-size-default\">Los baby shower son una celebraci\u00f3n especial, pero hay regalos con los que puedes impactar. <\/h2>\t\t\t\t<\/div>\n\t\t\t\t\t<\/div>\n\t\t\t\t<\/div>\n\t\t<div data-particle_enable=\"false\" data-particle-mobile-disabled=\"false\" class=\"elementor-element elementor-element-0c613de e-flex e-con-boxed e-con e-parent\" data-id=\"0c613de\" data-element_type=\"container\" data-e-type=\"container\">\n\t\t\t\t\t<div class=\"e-con-inner\">\n\t\t\t\t<div class=\"elementor-element elementor-element-3f6706a elementor-widget elementor-widget-text-editor\" data-id=\"3f6706a\" data-element_type=\"widget\" data-e-type=\"widget\" data-widget_type=\"text-editor.default\">\n\t\t\t\t\t\t\t\t\t<p>Celebrar la llegada de un beb\u00e9 es una de las tradiciones m\u00e1s emotivas y significativas en muchas culturas, y en Guatemala, los baby shower se han convertido en una ocasi\u00f3n especial para reunir a la familia y amigos en torno a la futura mam\u00e1.<\/p><p>Aunque cada celebraci\u00f3n puede tener su estilo propio, <a href=\"https:\/\/soymigrante.com\/revista\/donde-buscar-servicios-prenatales-y-atencion-medica-para-madres-migrantes-en-usa\/\" target=\"_blank\" rel=\"noopener\">hay ciertas recomendaciones que conviene tener en cuenta para que el evento sea realmente inolvidable,<\/a> respetuoso y \u00fatil para la madre y el beb\u00e9.<\/p>\t\t\t\t\t\t\t\t<\/div>\n\t\t\t\t\t<\/div>\n\t\t\t\t<\/div>\n\t\t<div data-particle_enable=\"false\" data-particle-mobile-disabled=\"false\" class=\"elementor-element elementor-element-09dfcff e-flex e-con-boxed e-con e-parent\" data-id=\"09dfcff\" data-element_type=\"container\" data-e-type=\"container\">\n\t\t\t\t\t<div class=\"e-con-inner\">\n\t\t\t\t<div class=\"elementor-element elementor-element-ddf11af elementor-widget elementor-widget-heading\" data-id=\"ddf11af\" data-element_type=\"widget\" data-e-type=\"widget\" data-widget_type=\"heading.default\">\n\t\t\t\t\t<h3 class=\"elementor-heading-title elementor-size-default\">\u00bfQu\u00e9 hacer en un baby shower?<\/h3>\t\t\t\t<\/div>\n\t\t\t\t\t<\/div>\n\t\t\t\t<\/div>\n\t\t<div data-particle_enable=\"false\" data-particle-mobile-disabled=\"false\" class=\"elementor-element elementor-element-9e04a65 e-flex e-con-boxed e-con e-parent\" data-id=\"9e04a65\" data-element_type=\"container\" data-e-type=\"container\">\n\t\t\t\t\t<div class=\"e-con-inner\">\n\t\t\t\t<div class=\"elementor-element elementor-element-fd7a56e elementor-widget elementor-widget-text-editor\" data-id=\"fd7a56e\" data-element_type=\"widget\" data-e-type=\"widget\" data-widget_type=\"text-editor.default\">\n\t\t\t\t\t\t\t\t\t<div><strong>1. Planear con tiempo:<\/strong> Un buen baby shower se organiza al menos con un mes de anticipaci\u00f3n. Esto permite coordinar invitados, espacio, decoraci\u00f3n, comida y juegos sin presi\u00f3n.<\/div><div><strong>2.Consultar con la mam\u00e1:<\/strong> Aunque muchas veces es una sorpresa, es ideal conocer sus preferencias. Algunas mam\u00e1s prefieren eventos \u00edntimos, otras desean algo m\u00e1s social.<\/div><div><strong>3.Elige una tem\u00e1tica suave y acogedora:<\/strong> No se trata de un carnaval, sino de un evento familiar. Temas como animalitos, estrellas, naturaleza o colores neutros funcionan muy bien.<\/div><div><strong>4.Incluir din\u00e1micas alegres y respetuosas:<\/strong> Juegos que no incomoden a la mam\u00e1 ni se centren solo en el cuerpo o aspectos f\u00edsicos del embarazo. Actividades como adivinar el sabor de papillas, hacer predicciones sobre el beb\u00e9 o escribirle cartas pueden ser divertidas y emotivas.<\/div><div><strong>5.Pensar en el bienestar de la embarazada<\/strong>: Contar con un lugar c\u00f3modo, alimentos suaves, buena hidrataci\u00f3n y poco ruido es esencial para que ella disfrute del momento.<\/div>\t\t\t\t\t\t\t\t<\/div>\n\t\t\t\t\t<\/div>\n\t\t\t\t<\/div>\n\t\t<div data-particle_enable=\"false\" data-particle-mobile-disabled=\"false\" class=\"elementor-element elementor-element-c1efe90 e-flex e-con-boxed e-con e-parent\" data-id=\"c1efe90\" data-element_type=\"container\" data-e-type=\"container\">\n\t\t\t\t\t<div class=\"e-con-inner\">\n\t\t\t\t<div class=\"elementor-element elementor-element-89771ce elementor-widget elementor-widget-heading\" data-id=\"89771ce\" data-element_type=\"widget\" data-e-type=\"widget\" data-widget_type=\"heading.default\">\n\t\t\t\t\t<h3 class=\"elementor-heading-title elementor-size-default\">\u00bfQu\u00e9 evitar en un baby shower?<\/h3>\t\t\t\t<\/div>\n\t\t\t\t\t<\/div>\n\t\t\t\t<\/div>\n\t\t<div data-particle_enable=\"false\" data-particle-mobile-disabled=\"false\" class=\"elementor-element elementor-element-4c3690a e-flex e-con-boxed e-con e-parent\" data-id=\"4c3690a\" data-element_type=\"container\" data-e-type=\"container\">\n\t\t\t\t\t<div class=\"e-con-inner\">\n\t\t\t\t<div class=\"elementor-element elementor-element-c479b17 elementor-widget elementor-widget-text-editor\" data-id=\"c479b17\" data-element_type=\"widget\" data-e-type=\"widget\" data-widget_type=\"text-editor.default\">\n\t\t\t\t\t\t\t\t\t<div><strong>1. Evitar comentarios inc\u00f3modos o bromas sobre el cuerpo:<\/strong> Decir cosas como \u201c\u00a1qu\u00e9 grande est\u00e1s!\u201d puede sonar ofensivo o poco emp\u00e1tico.<\/div><div><strong>2.No improvisar la organizaci\u00f3n:<\/strong> Un evento mal planeado puede causar estr\u00e9s o incomodidad. La improvisaci\u00f3n no siempre resulta bien, sobre todo en eventos donde hay varias personas reunidas.<\/div><div><strong>3.No regalar solo ropa de reci\u00e9n nacido:<\/strong> Es com\u00fan regalar ropita talla 0 a 3 meses, pero los beb\u00e9s crecen r\u00e1pido. Pensar m\u00e1s all\u00e1 puede ser m\u00e1s \u00fatil para la familia.<\/div><div><strong>4.Evitar comidas que la mam\u00e1 no puede consumir:<\/strong> Algunas embarazadas no pueden comer ciertos alimentos (mariscos, productos crudos, cafe\u00edna), por lo que el men\u00fa debe ser amigable y seguro.<\/div><div>\u00a0<\/div>\t\t\t\t\t\t\t\t<\/div>\n\t\t\t\t\t<\/div>\n\t\t\t\t<\/div>\n\t\t<div data-particle_enable=\"false\" data-particle-mobile-disabled=\"false\" class=\"elementor-element elementor-element-0e05e02 e-flex e-con-boxed e-con e-parent\" data-id=\"0e05e02\" data-element_type=\"container\" data-e-type=\"container\">\n\t\t\t\t\t<div class=\"e-con-inner\">\n\t\t\t\t<div class=\"elementor-element elementor-element-1debba4 elementor-widget elementor-widget-image\" data-id=\"1debba4\" data-element_type=\"widget\" data-e-type=\"widget\" data-widget_type=\"image.default\">\n\t\t\t\t\t\t\t\t\t\t\t\t<figure class=\"wp-caption\">\n\t\t\t\t\t\t\t\t\t\t<img fetchpriority=\"high\" decoding=\"async\" width=\"768\" height=\"527\" src=\"https:\/\/soymigrante.com\/revista\/wp-content\/uploads\/2025\/06\/Lo-que-debes-saber-sobre-los-baby-shower-que-hacer-que-evitar-y-que-regalos-originales-dar2-1024x702.jpeg\" class=\"attachment-large size-large wp-image-36468\" alt=\"Embarazada en celebraci\u00f3n de beb\u00e9, amigos festejando, regalos y colores pastel, fiesta de maternidad, comunidad latina, celebraci\u00f3n entre amigas.\" srcset=\"https:\/\/soymigrante.com\/revista\/wp-content\/uploads\/2025\/06\/Lo-que-debes-saber-sobre-los-baby-shower-que-hacer-que-evitar-y-que-regalos-originales-dar2-1024x702.jpeg 1024w, https:\/\/soymigrante.com\/revista\/wp-content\/uploads\/2025\/06\/Lo-que-debes-saber-sobre-los-baby-shower-que-hacer-que-evitar-y-que-regalos-originales-dar2-300x206.jpeg 300w, https:\/\/soymigrante.com\/revista\/wp-content\/uploads\/2025\/06\/Lo-que-debes-saber-sobre-los-baby-shower-que-hacer-que-evitar-y-que-regalos-originales-dar2-768x527.jpeg 768w, https:\/\/soymigrante.com\/revista\/wp-content\/uploads\/2025\/06\/Lo-que-debes-saber-sobre-los-baby-shower-que-hacer-que-evitar-y-que-regalos-originales-dar2-1536x1053.jpeg 1536w, https:\/\/soymigrante.com\/revista\/wp-content\/uploads\/2025\/06\/Lo-que-debes-saber-sobre-los-baby-shower-que-hacer-que-evitar-y-que-regalos-originales-dar2-750x514.webp 750w, https:\/\/soymigrante.com\/revista\/wp-content\/uploads\/2025\/06\/Lo-que-debes-saber-sobre-los-baby-shower-que-hacer-que-evitar-y-que-regalos-originales-dar2-1140x782.webp 1140w, https:\/\/soymigrante.com\/revista\/wp-content\/uploads\/2025\/06\/Lo-que-debes-saber-sobre-los-baby-shower-que-hacer-que-evitar-y-que-regalos-originales-dar2.webp 1600w\" sizes=\"(max-width: 768px) 100vw, 768px\" title=\"Los Baby shower son una celebraci\u00f3n para el nuevo bebe. (Foto: Envato) \u2013 SoyMigrante.com REVISTA\" \/>\t\t\t\t\t\t\t\t\t\t\t<figcaption class=\"widget-image-caption wp-caption-text\">Celebraci\u00f3n de embarazo y baby shower entre amigas, evento festivo con regalos y decoraci\u00f3n colorida, resaltando la alegr\u00eda y uni\u00f3n en comunidad latina en torno a la maternidad.<\/figcaption>\n\t\t\t\t\t\t\t\t\t\t<\/figure>\n\t\t\t\t\t\t\t\t\t<\/div>\n\t\t\t\t\t<\/div>\n\t\t\t\t<\/div>\n\t\t<div data-particle_enable=\"false\" data-particle-mobile-disabled=\"false\" class=\"elementor-element elementor-element-73b7fcc e-flex e-con-boxed e-con e-parent\" data-id=\"73b7fcc\" data-element_type=\"container\" data-e-type=\"container\">\n\t\t\t\t\t<div class=\"e-con-inner\">\n\t\t\t\t<div class=\"elementor-element elementor-element-3c0cdb7 elementor-widget elementor-widget-heading\" data-id=\"3c0cdb7\" data-element_type=\"widget\" data-e-type=\"widget\" data-widget_type=\"heading.default\">\n\t\t\t\t\t<h3 class=\"elementor-heading-title elementor-size-default\">Regalos originales y \u00fatiles para la mam\u00e1 y el beb\u00e9<\/h3>\t\t\t\t<\/div>\n\t\t\t\t\t<\/div>\n\t\t\t\t<\/div>\n\t\t<div data-particle_enable=\"false\" data-particle-mobile-disabled=\"false\" class=\"elementor-element elementor-element-afe44fb e-flex e-con-boxed e-con e-parent\" data-id=\"afe44fb\" data-element_type=\"container\" data-e-type=\"container\">\n\t\t\t\t\t<div class=\"e-con-inner\">\n\t\t\t\t<div class=\"elementor-element elementor-element-74ebe22 elementor-widget elementor-widget-text-editor\" data-id=\"74ebe22\" data-element_type=\"widget\" data-e-type=\"widget\" data-widget_type=\"text-editor.default\">\n\t\t\t\t\t\t\t\t\t<div><strong>\u2022 Cajas de cuidado posparto:<\/strong> <a href=\"https:\/\/soymigrante.com\/revista\/donde-buscar-servicios-prenatales-y-atencion-medica-para-madres-migrantes-en-usa\/\" target=\"_blank\" rel=\"noopener\">Productos para el cuidado corporal de la madre,<\/a> como cremas naturales, aceites, toallas h\u00famedas especiales, pantuflas o infusiones relajantes.<\/div><div><strong>\u2022Sesi\u00f3n fotogr\u00e1fica para reci\u00e9n nacidos:<\/strong> Es un regalo que perdura en el tiempo y guarda recuerdos emotivos.<\/div><div><strong>\u2022Libros para el beb\u00e9 o la mam\u00e1:<\/strong> Desde cuentos para la primera infancia hasta libros sobre crianza respetuosa.<\/div><div><strong>\u2022Set de pa\u00f1ales ecol\u00f3gicos o suscripciones:<\/strong> Muchos padres buscan alternativas sustentables o pr\u00e1cticas como suscripciones a pa\u00f1ales o productos para beb\u00e9.<\/div><div><strong>\u2022Tarjetas regalo de tiendas confiables:<\/strong> Permiten que la madre elija lo que m\u00e1s necesita sin repetir art\u00edculos.<\/div><div><strong>\u2022Canastas personalizadas:<\/strong> Combina baberos, toallas, lociones, mantitas, pa\u00f1ales y un peluche en una sola presentaci\u00f3n.<\/div>\t\t\t\t\t\t\t\t<\/div>\n\t\t\t\t\t<\/div>\n\t\t\t\t<\/div>\n\t\t<div data-particle_enable=\"false\" data-particle-mobile-disabled=\"false\" class=\"elementor-element elementor-element-d4834b5 e-flex e-con-boxed e-con e-parent\" data-id=\"d4834b5\" data-element_type=\"container\" data-e-type=\"container\">\n\t\t\t\t\t<div class=\"e-con-inner\">\n\t\t\t\t<div class=\"elementor-element elementor-element-588f018 elementor-widget elementor-widget-heading\" data-id=\"588f018\" data-element_type=\"widget\" data-e-type=\"widget\" data-widget_type=\"heading.default\">\n\t\t\t\t\t<h3 class=\"elementor-heading-title elementor-size-default\">\u00bfD\u00f3nde comprar desde Guatemala o Estados Unidos? La opci\u00f3n est\u00e1 en Mercado<\/h3>\t\t\t\t<\/div>\n\t\t\t\t\t<\/div>\n\t\t\t\t<\/div>\n\t\t<div data-particle_enable=\"false\" data-particle-mobile-disabled=\"false\" class=\"elementor-element elementor-element-7092e1d e-flex e-con-boxed e-con e-parent\" data-id=\"7092e1d\" data-element_type=\"container\" data-e-type=\"container\">\n\t\t\t\t\t<div class=\"e-con-inner\">\n\t\t\t\t<div class=\"elementor-element elementor-element-86b7494 elementor-widget elementor-widget-text-editor\" data-id=\"86b7494\" data-element_type=\"widget\" data-e-type=\"widget\" data-widget_type=\"text-editor.default\">\n\t\t\t\t\t\t\t\t\t<p><a href=\"https:\/\/soymigrante.com\/revista\/donde-buscar-servicios-prenatales-y-atencion-medica-para-madres-migrantes-en-usa\/\" target=\"_blank\" rel=\"noopener\">Si est\u00e1s en el extranjero, especialmente en Estados Unidos,<\/a> o simplemente quieres enviar algo especial sin complicarte con el env\u00edo, la tienda virtual<a href=\"https:\/\/soymigrante.com\/mercado\/\" target=\"_blank\" rel=\"noopener\"> Mercado<\/a> es una excelente opci\u00f3n. Esta plataforma guatemalteca permite comprar productos locales y enviarlos a cualquier parte del pa\u00eds, o incluso hacer llegar art\u00edculos a tus seres queridos si est\u00e1s fuera.<\/p><p><a href=\"https:\/\/soymigrante.com\/mercado\/\" target=\"_blank\" rel=\"noopener\">Mercado<\/a> trabaja con emprendedores guatemaltecos y ofrece desde ropa de beb\u00e9 y productos de higiene hasta detalles personalizados, como collares artesanales o canastas especiales. Adem\u00e1s, su plataforma facilita compras seguras y eficientes para quienes quieren celebrar desde la distancia.<\/p>\t\t\t\t\t\t\t\t<\/div>\n\t\t\t\t\t<\/div>\n\t\t\t\t<\/div>\n\t\t<div data-particle_enable=\"false\" data-particle-mobile-disabled=\"false\" class=\"elementor-element elementor-element-79d4ef6 e-flex e-con-boxed e-con e-parent\" data-id=\"79d4ef6\" data-element_type=\"container\" data-e-type=\"container\">\n\t\t\t\t\t<div class=\"e-con-inner\">\n\t\t\t\t<div class=\"elementor-element elementor-element-3fea09c elementor-widget elementor-widget-heading\" data-id=\"3fea09c\" data-element_type=\"widget\" data-e-type=\"widget\" data-widget_type=\"heading.default\">\n\t\t\t\t\t<h3 class=\"elementor-heading-title elementor-size-default\">Productos que puedes encontrar en Mercado <\/h3>\t\t\t\t<\/div>\n\t\t\t\t\t<\/div>\n\t\t\t\t<\/div>\n\t\t<div data-particle_enable=\"false\" data-particle-mobile-disabled=\"false\" class=\"elementor-element elementor-element-fb7e354 e-flex e-con-boxed e-con e-parent\" data-id=\"fb7e354\" data-element_type=\"container\" data-e-type=\"container\">\n\t\t\t\t\t<div class=\"e-con-inner\">\n\t\t\t\t<div class=\"elementor-element elementor-element-ff8ee8f elementor-widget elementor-widget-text-editor\" data-id=\"ff8ee8f\" data-element_type=\"widget\" data-e-type=\"widget\" data-widget_type=\"text-editor.default\">\n\t\t\t\t\t\t\t\t\t<p><strong>Colchitas para bebes<\/strong><\/p><p>En la tienda <a href=\"https:\/\/soymigrante.com\/mercado\/marketplace\/seller\/profile\/Azulterciopelo\" target=\"_blank\" rel=\"noopener\">Azul Tercipelo<\/a> se encuentran mantas o frazadas para mantener a los bebes calientes, su uso es muy pr\u00e1ctico y la limpieza es f\u00e1cil, adem\u00e1s, tienen un precio accesible.<\/p>\t\t\t\t\t\t\t\t<\/div>\n\t\t\t\t\t<\/div>\n\t\t\t\t<\/div>\n\t\t<div data-particle_enable=\"false\" data-particle-mobile-disabled=\"false\" class=\"elementor-element elementor-element-8d047ef e-flex e-con-boxed e-con e-parent\" data-id=\"8d047ef\" data-element_type=\"container\" data-e-type=\"container\">\n\t\t\t\t\t<div class=\"e-con-inner\">\n\t\t\t\t<div class=\"elementor-element elementor-element-1e82a16 elementor-widget elementor-widget-image\" data-id=\"1e82a16\" data-element_type=\"widget\" data-e-type=\"widget\" data-widget_type=\"image.default\">\n\t\t\t\t\t\t\t\t\t\t\t\t<figure class=\"wp-caption\">\n\t\t\t\t\t\t\t\t\t\t<img decoding=\"async\" width=\"768\" height=\"434\" src=\"https:\/\/soymigrante.com\/revista\/wp-content\/uploads\/2025\/06\/Captura-de-pantalla-2025-06-17-124817-1024x579.png\" class=\"attachment-large size-large wp-image-36464\" alt=\"Su\u00e9ter beb\u00e9 a rayas en color beige, ideal para reci\u00e9n nacidos y ni\u00f1os peque\u00f1os, disponible en tienda de moda infantil en Guatemala.\" srcset=\"https:\/\/soymigrante.com\/revista\/wp-content\/uploads\/2025\/06\/Captura-de-pantalla-2025-06-17-124817-1024x579.png 1024w, https:\/\/soymigrante.com\/revista\/wp-content\/uploads\/2025\/06\/Captura-de-pantalla-2025-06-17-124817-300x170.png 300w, https:\/\/soymigrante.com\/revista\/wp-content\/uploads\/2025\/06\/Captura-de-pantalla-2025-06-17-124817-768x434.png 768w, https:\/\/soymigrante.com\/revista\/wp-content\/uploads\/2025\/06\/Captura-de-pantalla-2025-06-17-124817-1536x869.png 1536w, https:\/\/soymigrante.com\/revista\/wp-content\/uploads\/2025\/06\/Captura-de-pantalla-2025-06-17-124817-750x424.webp 750w, https:\/\/soymigrante.com\/revista\/wp-content\/uploads\/2025\/06\/Captura-de-pantalla-2025-06-17-124817-1140x645.webp 1140w, https:\/\/soymigrante.com\/revista\/wp-content\/uploads\/2025\/06\/Captura-de-pantalla-2025-06-17-124817.webp 1558w\" sizes=\"(max-width: 768px) 100vw, 768px\" title=\"La tienda Azul Terciopelo tiene productos de buena calidad y a buen precio. (Foto: Captura de pantalla) \u2013 SoyMigrante.com REVISTA\" \/>\t\t\t\t\t\t\t\t\t\t\t<figcaption class=\"widget-image-caption wp-caption-text\">Frazada \"Baby Voga\", perfecta para mantener a los beb\u00e9s c\u00e1lidos y c\u00f3modos, disponible en varios colores en la tienda de moda infantil.<\/figcaption>\n\t\t\t\t\t\t\t\t\t\t<\/figure>\n\t\t\t\t\t\t\t\t\t<\/div>\n\t\t\t\t\t<\/div>\n\t\t\t\t<\/div>\n\t\t<div data-particle_enable=\"false\" data-particle-mobile-disabled=\"false\" class=\"elementor-element elementor-element-6aaaa37 e-flex e-con-boxed e-con e-parent\" data-id=\"6aaaa37\" data-element_type=\"container\" data-e-type=\"container\">\n\t\t\t\t\t<div class=\"e-con-inner\">\n\t\t\t\t<div class=\"elementor-element elementor-element-87ea8f3 elementor-grid-eael-col-1 elementor-grid-tablet-eael-col-2 elementor-grid-mobile-eael-col-1 elementor-invisible elementor-widget elementor-widget-eael-post-grid\" data-id=\"87ea8f3\" data-element_type=\"widget\" data-e-type=\"widget\" data-settings=\"{&quot;eael_post_grid_columns&quot;:&quot;eael-col-1&quot;,&quot;_animation&quot;:&quot;rollIn&quot;,&quot;eael_post_grid_columns_tablet&quot;:&quot;eael-col-2&quot;,&quot;eael_post_grid_columns_mobile&quot;:&quot;eael-col-1&quot;}\" data-widget_type=\"eael-post-grid.default\">\n\t\t\t\t\t<div id=\"eael-post-grid-87ea8f3\" class=\"eael-post-grid-container\">\n            <div class=\"eael-post-grid eael-post-appender eael-post-appender-87ea8f3 eael-post-grid-style-one\" data-layout-mode=\"masonry\"><article class=\"eael-grid-post  eael-post-grid-column eael-pg-post-35259 category-guate-nuestra tags-mercado-emprendedores\" data-id=\"35259\">\n        <div class=\"eael-grid-post-holder\">\n            <div class=\"eael-grid-post-holder-inner\"><div class=\"eael-entry-media\"><div class=\"eael-entry-overlay fade-in\"><i class=\"far fa-hand-pointer\" aria-hidden=\"true\"><\/i><a href=\"https:\/\/soymigrante.com\/revista\/emprendedora-isabel-rey-hallo-en-la-venta-en-linea-la-oportunidad-de-cuidar-a-su-hijo\/\"><\/a><\/div><div class=\"eael-entry-thumbnail \">\n                <img decoding=\"async\" width=\"396\" height=\"396\" src=\"https:\/\/soymigrante.com\/revista\/wp-content\/uploads\/2025\/06\/Isabel-Rey-la-emprendedora-que-encontro-en-la-venta-en-linea-una-forma-de-cuidar-a-su-hijo-4.jpeg\" class=\"attachment-large size-large wp-image-35260\" alt=\"Padres e hijos sonrientes en un parque, destacando la importancia de la familia y la migraci\u00f3n en la sociedad.\" srcset=\"https:\/\/soymigrante.com\/revista\/wp-content\/uploads\/2025\/06\/Isabel-Rey-la-emprendedora-que-encontro-en-la-venta-en-linea-una-forma-de-cuidar-a-su-hijo-4.jpeg 396w, https:\/\/soymigrante.com\/revista\/wp-content\/uploads\/2025\/06\/Isabel-Rey-la-emprendedora-que-encontro-en-la-venta-en-linea-una-forma-de-cuidar-a-su-hijo-4-300x300.jpeg 300w, https:\/\/soymigrante.com\/revista\/wp-content\/uploads\/2025\/06\/Isabel-Rey-la-emprendedora-que-encontro-en-la-venta-en-linea-una-forma-de-cuidar-a-su-hijo-4-150x150.jpeg 150w, https:\/\/soymigrante.com\/revista\/wp-content\/uploads\/2025\/06\/Isabel-Rey-la-emprendedora-que-encontro-en-la-venta-en-linea-una-forma-de-cuidar-a-su-hijo-4-75x75.jpeg 75w\" sizes=\"(max-width: 396px) 100vw, 396px\" \/>\n            <\/div>\n        <\/div><div class=\"eael-entry-wrapper\"><header class=\"eael-entry-header\"><h2 class=\"eael-entry-title\"><a class=\"eael-grid-post-link\" href=\"https:\/\/soymigrante.com\/revista\/emprendedora-isabel-rey-hallo-en-la-venta-en-linea-la-oportunidad-de-cuidar-a-su-hijo\/\" title=\"Emprendedora Isabel Rey vende accesorios en l\u00ednea, cuida a su hijo y ahora est\u00e1 en MERCADO\">Emprendedora Isabel Rey vende accesorios en l\u00ednea, cuida a su hijo y ahora est\u00e1 en MERCADO<\/a><\/h2><\/header><div class=\"eael-entry-content\">\n                        <div class=\"eael-grid-post-excerpt\"><a href=\"https:\/\/soymigrante.com\/revista\/emprendedora-isabel-rey-hallo-en-la-venta-en-linea-la-oportunidad-de-cuidar-a-su-hijo\/\" class=\"eael-post-elements-readmore-btn\">CONOCE SU HISTORIA <\/a><\/div>\n                    <\/div><\/div><\/div>\n        <\/div>\n    <\/article><\/div>\n            <div class=\"clearfix\"><\/div>\n        <\/div>\t\t\t\t<\/div>\n\t\t\t\t\t<\/div>\n\t\t\t\t<\/div>\n\t\t<div data-particle_enable=\"false\" data-particle-mobile-disabled=\"false\" class=\"elementor-element elementor-element-5d0f6a1 e-flex e-con-boxed e-con e-parent\" data-id=\"5d0f6a1\" data-element_type=\"container\" data-e-type=\"container\">\n\t\t\t\t\t<div class=\"e-con-inner\">\n\t\t\t\t<div class=\"elementor-element elementor-element-d943bfa elementor-widget elementor-widget-text-editor\" data-id=\"d943bfa\" data-element_type=\"widget\" data-e-type=\"widget\" data-widget_type=\"text-editor.default\">\n\t\t\t\t\t\t\t\t\t<p><strong>Barco para bebes<\/strong><\/p><p>En la tienda <a href=\"https:\/\/soymigrante.com\/mercado\/marketplace\/seller\/profile\/hamacaskemert\" target=\"_blank\" rel=\"noopener\">Hamacas Kemert<\/a> tambi\u00e9n hay buenas ofertas, una de ellas podr\u00eda ser un barco para mecer a los bebes, hay en varias tonalidades y el precio es adecuado para comprarlo.<\/p>\t\t\t\t\t\t\t\t<\/div>\n\t\t\t\t\t<\/div>\n\t\t\t\t<\/div>\n\t\t<div data-particle_enable=\"false\" data-particle-mobile-disabled=\"false\" class=\"elementor-element elementor-element-48b8826 e-flex e-con-boxed e-con e-parent\" data-id=\"48b8826\" data-element_type=\"container\" data-e-type=\"container\">\n\t\t\t\t\t<div class=\"e-con-inner\">\n\t\t\t\t<div class=\"elementor-element elementor-element-4afe48d elementor-widget elementor-widget-image\" data-id=\"4afe48d\" data-element_type=\"widget\" data-e-type=\"widget\" data-widget_type=\"image.default\">\n\t\t\t\t\t\t\t\t\t\t\t\t<figure class=\"wp-caption\">\n\t\t\t\t\t\t\t\t\t\t<img loading=\"lazy\" decoding=\"async\" width=\"768\" height=\"436\" src=\"https:\/\/soymigrante.com\/revista\/wp-content\/uploads\/2025\/06\/Captura-de-pantalla-2025-06-17-125134-1024x581.png\" class=\"attachment-large size-large wp-image-36462\" alt=\"Juguete para beb\u00e9 en forma de caba\u00f1a con tonos blanco y amarillo, ideal como accesorio para habitaci\u00f3n infantil, disponible en SoyMigrante.com Revista.\" srcset=\"https:\/\/soymigrante.com\/revista\/wp-content\/uploads\/2025\/06\/Captura-de-pantalla-2025-06-17-125134-1024x581.png 1024w, https:\/\/soymigrante.com\/revista\/wp-content\/uploads\/2025\/06\/Captura-de-pantalla-2025-06-17-125134-300x170.png 300w, https:\/\/soymigrante.com\/revista\/wp-content\/uploads\/2025\/06\/Captura-de-pantalla-2025-06-17-125134-768x436.png 768w, https:\/\/soymigrante.com\/revista\/wp-content\/uploads\/2025\/06\/Captura-de-pantalla-2025-06-17-125134-750x426.webp 750w, https:\/\/soymigrante.com\/revista\/wp-content\/uploads\/2025\/06\/Captura-de-pantalla-2025-06-17-125134-1140x647.webp 1140w, https:\/\/soymigrante.com\/revista\/wp-content\/uploads\/2025\/06\/Captura-de-pantalla-2025-06-17-125134.webp 1461w\" sizes=\"(max-width: 768px) 100vw, 768px\" title=\"Este es un barco que sirve para mecer a los bebes. (Foto: captura de pantalla) \u2013 SoyMigrante.com REVISTA\" \/>\t\t\t\t\t\t\t\t\t\t\t<figcaption class=\"widget-image-caption wp-caption-text\">Caba\u00f1a para beb\u00e9 con tonos blanco y amarillo, perfecta para decorar y estimular a los ni\u00f1os en el hogar, en tonos suaves y elegantes, oferta especial en Revista SoyMigrante.com.<\/figcaption>\n\t\t\t\t\t\t\t\t\t\t<\/figure>\n\t\t\t\t\t\t\t\t\t<\/div>\n\t\t\t\t\t<\/div>\n\t\t\t\t<\/div>\n\t\t<div data-particle_enable=\"false\" data-particle-mobile-disabled=\"false\" class=\"elementor-element elementor-element-35544ac e-flex e-con-boxed e-con e-parent\" data-id=\"35544ac\" data-element_type=\"container\" data-e-type=\"container\">\n\t\t\t\t\t<div class=\"e-con-inner\">\n\t\t\t\t<div class=\"elementor-element elementor-element-e1c0469 elementor-grid-eael-col-1 elementor-grid-tablet-eael-col-2 elementor-grid-mobile-eael-col-1 elementor-invisible elementor-widget elementor-widget-eael-post-grid\" data-id=\"e1c0469\" data-element_type=\"widget\" data-e-type=\"widget\" data-settings=\"{&quot;eael_post_grid_columns&quot;:&quot;eael-col-1&quot;,&quot;_animation&quot;:&quot;rollIn&quot;,&quot;eael_post_grid_columns_tablet&quot;:&quot;eael-col-2&quot;,&quot;eael_post_grid_columns_mobile&quot;:&quot;eael-col-1&quot;}\" data-widget_type=\"eael-post-grid.default\">\n\t\t\t\t\t<div id=\"eael-post-grid-e1c0469\" class=\"eael-post-grid-container\">\n            <div class=\"eael-post-grid eael-post-appender eael-post-appender-e1c0469 eael-post-grid-style-one\" data-layout-mode=\"masonry\"><article class=\"eael-grid-post  eael-post-grid-column eael-pg-post-19696 category-guate-nuestra tags-mercado-emprendedores\" data-id=\"19696\">\n        <div class=\"eael-grid-post-holder\">\n            <div class=\"eael-grid-post-holder-inner\"><div class=\"eael-entry-media\"><div class=\"eael-entry-overlay fade-in\"><i class=\"far fa-hand-pointer\" aria-hidden=\"true\"><\/i><a href=\"https:\/\/soymigrante.com\/revista\/hamacas-kemert-25-anos-de-historia-calidad-y-tradicion-familiar-ahora-en-mercado\/\"><\/a><\/div><div class=\"eael-entry-thumbnail \">\n                <img loading=\"lazy\" decoding=\"async\" width=\"1024\" height=\"368\" src=\"https:\/\/soymigrante.com\/revista\/wp-content\/uploads\/2025\/01\/IMG-20250108-WA0005-1024x368.jpg\" class=\"attachment-large size-large wp-image-19835\" alt=\"Entretejido artesanal colorido en mercado tradicional mexicano, exhibiendo tejidos y accesorios culturales, representando la riqueza de la cultura ind\u00edgena en comunidades rurales.\" srcset=\"https:\/\/soymigrante.com\/revista\/wp-content\/uploads\/2025\/01\/IMG-20250108-WA0005-1024x368.jpg 1024w, https:\/\/soymigrante.com\/revista\/wp-content\/uploads\/2025\/01\/IMG-20250108-WA0005-300x108.jpg 300w, https:\/\/soymigrante.com\/revista\/wp-content\/uploads\/2025\/01\/IMG-20250108-WA0005-768x276.jpg 768w, https:\/\/soymigrante.com\/revista\/wp-content\/uploads\/2025\/01\/IMG-20250108-WA0005-750x270.webp 750w, https:\/\/soymigrante.com\/revista\/wp-content\/uploads\/2025\/01\/IMG-20250108-WA0005-1140x410.webp 1140w, https:\/\/soymigrante.com\/revista\/wp-content\/uploads\/2025\/01\/IMG-20250108-WA0005.webp 1280w\" sizes=\"(max-width: 1024px) 100vw, 1024px\" \/>\n            <\/div>\n        <\/div><div class=\"eael-entry-wrapper\"><header class=\"eael-entry-header\"><h2 class=\"eael-entry-title\"><a class=\"eael-grid-post-link\" href=\"https:\/\/soymigrante.com\/revista\/hamacas-kemert-25-anos-de-historia-calidad-y-tradicion-familiar-ahora-en-mercado\/\" title=\"Hamacas Kemert: 25 a\u00f1os de  tradici\u00f3n familiar, calidad y descanso, ahora en MERCADO\">Hamacas Kemert: 25 a\u00f1os de  tradici\u00f3n familiar, calidad y descanso, ahora en MERCADO<\/a><\/h2><\/header><div class=\"eael-entry-content\">\n                        <div class=\"eael-grid-post-excerpt\"><a href=\"https:\/\/soymigrante.com\/revista\/hamacas-kemert-25-anos-de-historia-calidad-y-tradicion-familiar-ahora-en-mercado\/\" class=\"eael-post-elements-readmore-btn\">CONOCE SU HISTORIA <\/a><\/div>\n                    <\/div><\/div><\/div>\n        <\/div>\n    <\/article><\/div>\n            <div class=\"clearfix\"><\/div>\n        <\/div>\t\t\t\t<\/div>\n\t\t\t\t\t<\/div>\n\t\t\t\t<\/div>\n\t\t<div data-particle_enable=\"false\" data-particle-mobile-disabled=\"false\" class=\"elementor-element elementor-element-0e5d8fb e-flex e-con-boxed e-con e-parent\" data-id=\"0e5d8fb\" data-element_type=\"container\" data-e-type=\"container\">\n\t\t\t\t\t<div class=\"e-con-inner\">\n\t\t\t\t<div class=\"elementor-element elementor-element-1284985 elementor-widget elementor-widget-text-editor\" data-id=\"1284985\" data-element_type=\"widget\" data-e-type=\"widget\" data-widget_type=\"text-editor.default\">\n\t\t\t\t\t\t\t\t\t<p>Un baby shower no es solo una fiesta: es una muestra de amor, acompa\u00f1amiento y buenos deseos para la madre y el nuevo ser que est\u00e1 por nacer. Cuidar los detalles, evitar errores comunes y elegir regalos \u00fatiles y con sentido es una forma de hacer que esta etapa se viva con alegr\u00eda y apoyo. Y gracias a herramientas como <a href=\"https:\/\/soymigrante.com\/mercado\/\" target=\"_blank\" rel=\"noopener\">Mercado,<\/a> ahora es m\u00e1s f\u00e1cil compartir ese cari\u00f1o desde cualquier rinc\u00f3n del mundo.<\/p>\t\t\t\t\t\t\t\t<\/div>\n\t\t\t\t\t<\/div>\n\t\t\t\t<\/div>\n\t\t<div data-particle_enable=\"false\" data-particle-mobile-disabled=\"false\" class=\"elementor-element elementor-element-bdf8201 e-flex e-con-boxed e-con e-parent\" data-id=\"bdf8201\" data-element_type=\"container\" data-e-type=\"container\">\n\t\t\t\t\t<div class=\"e-con-inner\">\n\t\t\t\t<div class=\"elementor-element elementor-element-a4fa954 elementor-widget elementor-widget-heading\" data-id=\"a4fa954\" data-element_type=\"widget\" data-e-type=\"widget\" data-widget_type=\"heading.default\">\n\t\t\t\t\t<h2 class=\"elementor-heading-title elementor-size-default\">Conoce otros temas que te pueden interesar...<\/h2>\t\t\t\t<\/div>\n\t\t\t\t\t<\/div>\n\t\t\t\t<\/div>\n\t\t<div data-particle_enable=\"false\" data-particle-mobile-disabled=\"false\" class=\"elementor-element elementor-element-8e35159 e-flex e-con-boxed e-con e-parent\" data-id=\"8e35159\" data-element_type=\"container\" data-e-type=\"container\">\n\t\t\t\t\t<div class=\"e-con-inner\">\n\t\t\t\t<div class=\"elementor-element elementor-element-7e418b0 elementor-grid-eael-col-3 elementor-grid-tablet-eael-col-2 elementor-grid-mobile-eael-col-1 elementor-invisible elementor-widget elementor-widget-eael-post-grid\" data-id=\"7e418b0\" data-element_type=\"widget\" data-e-type=\"widget\" data-settings=\"{&quot;eael_post_grid_columns&quot;:&quot;eael-col-3&quot;,&quot;_animation&quot;:&quot;rollIn&quot;,&quot;eael_post_grid_columns_tablet&quot;:&quot;eael-col-2&quot;,&quot;eael_post_grid_columns_mobile&quot;:&quot;eael-col-1&quot;}\" data-widget_type=\"eael-post-grid.default\">\n\t\t\t\t\t<div id=\"eael-post-grid-7e418b0\" class=\"eael-post-grid-container\">\n            <div class=\"eael-post-grid eael-post-appender eael-post-appender-7e418b0 eael-post-grid-style-one\" data-layout-mode=\"masonry\"><article class=\"eael-grid-post  eael-post-grid-column eael-pg-post-28695 category-guate-nuestra\" data-id=\"28695\">\n        <div class=\"eael-grid-post-holder\">\n            <div class=\"eael-grid-post-holder-inner\"><div class=\"eael-entry-media\"><div class=\"eael-entry-overlay fade-in\"><i class=\"far fa-hand-pointer\" aria-hidden=\"true\"><\/i><a href=\"https:\/\/soymigrante.com\/revista\/llevar-un-bebe-en-el-turno-y-otras-costumbres-populares-de-cucuruchos-en-procesiones\/\"><\/a><\/div><div class=\"eael-entry-thumbnail \">\n                <img loading=\"lazy\" decoding=\"async\" width=\"683\" height=\"1024\" src=\"https:\/\/soymigrante.com\/revista\/wp-content\/uploads\/2025\/03\/cordon-683x1024.jpeg\" class=\"attachment-large size-large wp-image-27912\" alt=\"El D\u00eda del Cucurucho: Devoci\u00f3n y tradici\u00f3n de Guatemala\" \/>\n            <\/div>\n        <\/div><div class=\"eael-entry-wrapper\"><header class=\"eael-entry-header\"><h2 class=\"eael-entry-title\"><a class=\"eael-grid-post-link\" href=\"https:\/\/soymigrante.com\/revista\/llevar-un-bebe-en-el-turno-y-otras-costumbres-populares-de-cucuruchos-en-procesiones\/\" title=\"Llevar un beb\u00e9 en el turno y otras costumbres populares de cucuruchos en procesiones\">Llevar un beb\u00e9 en el turno y otras costumbres populares de cucuruchos en procesiones<\/a><\/h2><\/header><div class=\"eael-entry-content\">\n                        <div class=\"eael-grid-post-excerpt\"><a href=\"https:\/\/soymigrante.com\/revista\/llevar-un-bebe-en-el-turno-y-otras-costumbres-populares-de-cucuruchos-en-procesiones\/\" class=\"eael-post-elements-readmore-btn\">CONOCE SU HISTORIA <\/a><\/div>\n                    <\/div><\/div><\/div>\n        <\/div>\n    <\/article><article class=\"eael-grid-post  eael-post-grid-column eael-pg-post-26934 category-en-familia tags-en-familia\" data-id=\"26934\">\n        <div class=\"eael-grid-post-holder\">\n            <div class=\"eael-grid-post-holder-inner\"><div class=\"eael-entry-media\"><div class=\"eael-entry-overlay fade-in\"><i class=\"far fa-hand-pointer\" aria-hidden=\"true\"><\/i><a href=\"https:\/\/soymigrante.com\/revista\/acuerdos-entre-padres-e-hijos-son-lo-mas-inteligente-para-fortalecer-la-familia\/\"><\/a><\/div><div class=\"eael-entry-thumbnail \">\n                <img loading=\"lazy\" decoding=\"async\" width=\"1024\" height=\"1024\" src=\"https:\/\/soymigrante.com\/revista\/wp-content\/uploads\/2025\/03\/Acuerdos-entre-padres-e-hijos-para-fortalecer-la-relacio\u0301n-2-scaled-e1741126493868-1024x1024.webp\" class=\"attachment-large size-large wp-image-26935\" alt=\"Acuerdos entre padres e hijos para fortalecer la relaci\u00f3n\" srcset=\"https:\/\/soymigrante.com\/revista\/wp-content\/uploads\/2025\/03\/Acuerdos-entre-padres-e-hijos-para-fortalecer-la-relacio\u0301n-2-scaled-e1741126493868-1024x1024.webp 1024w, https:\/\/soymigrante.com\/revista\/wp-content\/uploads\/2025\/03\/Acuerdos-entre-padres-e-hijos-para-fortalecer-la-relacio\u0301n-2-scaled-e1741126493868-300x300.webp 300w, https:\/\/soymigrante.com\/revista\/wp-content\/uploads\/2025\/03\/Acuerdos-entre-padres-e-hijos-para-fortalecer-la-relacio\u0301n-2-scaled-e1741126493868-150x150.webp 150w, https:\/\/soymigrante.com\/revista\/wp-content\/uploads\/2025\/03\/Acuerdos-entre-padres-e-hijos-para-fortalecer-la-relacio\u0301n-2-scaled-e1741126493868-768x768.webp 768w, https:\/\/soymigrante.com\/revista\/wp-content\/uploads\/2025\/03\/Acuerdos-entre-padres-e-hijos-para-fortalecer-la-relacio\u0301n-2-scaled-e1741126493868-75x75.webp 75w, https:\/\/soymigrante.com\/revista\/wp-content\/uploads\/2025\/03\/Acuerdos-entre-padres-e-hijos-para-fortalecer-la-relacio\u0301n-2-scaled-e1741126493868-750x750.webp 750w, https:\/\/soymigrante.com\/revista\/wp-content\/uploads\/2025\/03\/Acuerdos-entre-padres-e-hijos-para-fortalecer-la-relacio\u0301n-2-scaled-e1741126493868-1140x1140.webp 1140w, https:\/\/soymigrante.com\/revista\/wp-content\/uploads\/2025\/03\/Acuerdos-entre-padres-e-hijos-para-fortalecer-la-relacio\u0301n-2-scaled-e1741126493868.webp 1437w\" sizes=\"(max-width: 1024px) 100vw, 1024px\" \/>\n            <\/div>\n        <\/div><div class=\"eael-entry-wrapper\"><header class=\"eael-entry-header\"><h2 class=\"eael-entry-title\"><a class=\"eael-grid-post-link\" href=\"https:\/\/soymigrante.com\/revista\/acuerdos-entre-padres-e-hijos-son-lo-mas-inteligente-para-fortalecer-la-familia\/\" title=\"Acuerdos entre padres e hijos son lo m\u00e1s inteligente para fortalecer la familia\">Acuerdos entre padres e hijos son lo m\u00e1s inteligente para fortalecer la familia<\/a><\/h2><\/header><div class=\"eael-entry-content\">\n                        <div class=\"eael-grid-post-excerpt\"><a href=\"https:\/\/soymigrante.com\/revista\/acuerdos-entre-padres-e-hijos-son-lo-mas-inteligente-para-fortalecer-la-familia\/\" class=\"eael-post-elements-readmore-btn\">CONOCE SU HISTORIA <\/a><\/div>\n                    <\/div><\/div><\/div>\n        <\/div>\n    <\/article><article class=\"eael-grid-post  eael-post-grid-column eael-pg-post-12756 category-guate-nuestra tags-mercado-emprendedores\" data-id=\"12756\">\n        <div class=\"eael-grid-post-holder\">\n            <div class=\"eael-grid-post-holder-inner\"><div class=\"eael-entry-media\"><div class=\"eael-entry-overlay fade-in\"><i class=\"far fa-hand-pointer\" aria-hidden=\"true\"><\/i><a href=\"https:\/\/soymigrante.com\/revista\/granola-del-comal-nacio-del-amor-de-marina-chen-al-esperar-a-su-bebe\/\"><\/a><\/div><div class=\"eael-entry-thumbnail \">\n                <img loading=\"lazy\" decoding=\"async\" width=\"1024\" height=\"768\" src=\"https:\/\/soymigrante.com\/revista\/wp-content\/uploads\/2024\/11\/Marina-Chen-y-su-emprendimiento-de-granola-saludable-1-1024x768.jpeg\" class=\"attachment-large size-large wp-image-12758\" alt=\"Artesan\u00eda mexicana, tradiciones culturales, cultura de M\u00e9xico, autodidacta, comunidad ind\u00edgena, belleza cultural.\" \/>\n            <\/div>\n        <\/div><div class=\"eael-entry-wrapper\"><header class=\"eael-entry-header\"><h2 class=\"eael-entry-title\"><a class=\"eael-grid-post-link\" href=\"https:\/\/soymigrante.com\/revista\/granola-del-comal-nacio-del-amor-de-marina-chen-al-esperar-a-su-bebe\/\" title=\"Granola Del Comal naci\u00f3 del amor de Marina Chen al esperar a su beb\u00e9\">Granola Del Comal naci\u00f3 del amor de Marina Chen al esperar a su beb\u00e9<\/a><\/h2><\/header><div class=\"eael-entry-content\">\n                        <div class=\"eael-grid-post-excerpt\"><a href=\"https:\/\/soymigrante.com\/revista\/granola-del-comal-nacio-del-amor-de-marina-chen-al-esperar-a-su-bebe\/\" class=\"eael-post-elements-readmore-btn\">CONOCE SU HISTORIA <\/a><\/div>\n                    <\/div><\/div><\/div>\n        <\/div>\n    <\/article><\/div>\n            <div class=\"clearfix\"><\/div>\n        <\/div>\t\t\t\t<\/div>\n\t\t\t\t\t<\/div>\n\t\t\t\t<\/div>\n\t\t\t\t<\/div>\n\t\t","protected":false},"excerpt":{"rendered":"<p>Los baby shower son una celebraci\u00f3n especial, pero hay regalos con los que puedes impactar. Celebrar la llegada de un beb\u00e9 es una de las tradiciones m\u00e1s emotivas y significativas en muchas culturas, y en Guatemala, los baby shower se han convertido en una ocasi\u00f3n especial para reunir a la familia y amigos en torno [&hellip;]<\/p>\n","protected":false},"author":19,"featured_media":36456,"comment_status":"open","ping_status":"open","sticky":false,"template":"","format":"standard","meta":{"_acf_changed":false,"_eb_attr":"","footnotes":""},"categories":[55],"tags":[],"class_list":["post-36455","post","type-post","status-publish","format-standard","has-post-thumbnail","hentry","category-bienestar"],"acf":[],"aioseo_notices":[],"aioseo_head":"\n\t\t<!-- All in One SEO Pro 4.9.6.2 - aioseo.com -->\n\t<meta name=\"description\" content=\"Buscando una opci\u00f3n saludable de alimentaci\u00f3n durante el embarazo Marina Chen cre\u00f3 su propia y natural receta de granola artesanal. As\u00ed surgi\u00f3 su emprendimiento\" \/>\n\t<meta name=\"robots\" content=\"max-snippet:-1, max-image-preview:large, max-video-preview:-1\" \/>\n\t<meta name=\"author\" content=\"Marysabel Aldana\"\/>\n\t<link rel=\"canonical\" href=\"https:\/\/soymigrante.com\/revista\/granola-del-comal-nacio-del-amor-de-marina-chen-al-esperar-a-su-bebe\/\" \/>\n\t<meta name=\"generator\" content=\"All in One SEO Pro (AIOSEO) 4.9.6.2\" \/>\n\n\t\t<link rel=\"preconnect\" href=\"https:\/\/fonts.googleapis.com\" crossorigin>\n<link rel=\"preconnect\" href=\"https:\/\/fonts.gstatic.com\" crossorigin>\n\t\t<meta property=\"og:locale\" content=\"es_ES\" \/>\n\t\t<meta property=\"og:site_name\" content=\"SoyMigrante.com REVISTA \u2013 Nuestra misi\u00f3n es reconocer y dignificar al migrante.\" \/>\n\t\t<meta property=\"og:type\" content=\"article\" \/>\n\t\t<meta property=\"og:title\" content=\"Granola Del Comal naci\u00f3 del amor de Marina Chen al esperar a su beb\u00e9\" \/>\n\t\t<meta property=\"og:description\" content=\"Buscando una opci\u00f3n saludable de alimentaci\u00f3n durante el embarazo Marina Chen cre\u00f3 su propia y natural receta de granola artesanal. As\u00ed surgi\u00f3 su emprendimiento\" \/>\n\t\t<meta property=\"og:url\" content=\"https:\/\/soymigrante.com\/revista\/granola-del-comal-nacio-del-amor-de-marina-chen-al-esperar-a-su-bebe\/\" \/>\n\t\t<meta property=\"og:image\" content=\"https:\/\/soymigrante.com\/revista\/wp-content\/uploads\/2024\/11\/Marina-Chen-y-su-emprendimiento-de-granola-saludable-1-e1731095028577.webp\" \/>\n\t\t<meta property=\"og:image:secure_url\" content=\"https:\/\/soymigrante.com\/revista\/wp-content\/uploads\/2024\/11\/Marina-Chen-y-su-emprendimiento-de-granola-saludable-1-e1731095028577.webp\" \/>\n\t\t<meta property=\"og:image:width\" content=\"1197\" \/>\n\t\t<meta property=\"og:image:height\" content=\"1197\" \/>\n\t\t<meta property=\"article:published_time\" content=\"2024-11-11T16:42:57+00:00\" \/>\n\t\t<meta property=\"article:modified_time\" content=\"2025-07-26T15:18:49+00:00\" \/>\n\t\t<meta property=\"article:publisher\" content=\"https:\/\/www.facebook.com\/soymigrantecom\" \/>\n\t\t<meta name=\"twitter:card\" content=\"summary_large_image\" \/>\n\t\t<meta name=\"twitter:site\" content=\"@SoyMigrante_com\" \/>\n\t\t<meta name=\"twitter:title\" content=\"Granola Del Comal naci\u00f3 del amor de Marina Chen al esperar a su beb\u00e9\" \/>\n\t\t<meta name=\"twitter:description\" content=\"Buscando una opci\u00f3n saludable de alimentaci\u00f3n durante el embarazo Marina Chen cre\u00f3 su propia y natural receta de granola artesanal. As\u00ed surgi\u00f3 su emprendimiento\" \/>\n\t\t<meta name=\"twitter:creator\" content=\"@SoyMigrante_com\" \/>\n\t\t<meta name=\"twitter:image\" content=\"https:\/\/soymigrante.com\/revista\/wp-content\/uploads\/2024\/11\/Marina-Chen-y-su-emprendimiento-de-granola-saludable-1-e1731095028577.webp\" \/>\n\t\t<!-- All in One SEO Pro -->\r\n\t\t<title>Granola Del Comal naci\u00f3 del amor de Marina Chen al esperar a su beb\u00e9<\/title>\n\n","aioseo_head_json":{"title":"Granola Del Comal naci\u00f3 del amor de Marina Chen al esperar a su beb\u00e9","description":"Buscando una opci\u00f3n saludable de alimentaci\u00f3n durante el embarazo Marina Chen cre\u00f3 su propia y natural receta de granola artesanal. As\u00ed surgi\u00f3 su emprendimiento","canonical_url":"https:\/\/soymigrante.com\/revista\/granola-del-comal-nacio-del-amor-de-marina-chen-al-esperar-a-su-bebe\/","robots":"max-snippet:-1, max-image-preview:large, max-video-preview:-1","keywords":"","webmasterTools":{"miscellaneous":"&lt;link rel=\"preconnect\" href=\"https:\/\/fonts.googleapis.com\" crossorigin&gt;\n&lt;link rel=\"preconnect\" href=\"https:\/\/fonts.gstatic.com\" crossorigin&gt;"},"schema":null,"og:locale":"es_ES","og:site_name":"SoyMigrante.com REVISTA \u2013 Nuestra misi\u00f3n es reconocer y dignificar al migrante.","og:type":"article","og:title":"Granola Del Comal naci\u00f3 del amor de Marina Chen al esperar a su beb\u00e9","og:description":"Buscando una opci\u00f3n saludable de alimentaci\u00f3n durante el embarazo Marina Chen cre\u00f3 su propia y natural receta de granola artesanal. As\u00ed surgi\u00f3 su emprendimiento","og:url":"https:\/\/soymigrante.com\/revista\/granola-del-comal-nacio-del-amor-de-marina-chen-al-esperar-a-su-bebe\/","og:image":"https:\/\/soymigrante.com\/revista\/wp-content\/uploads\/2024\/11\/Marina-Chen-y-su-emprendimiento-de-granola-saludable-1-e1731095028577.webp","og:image:secure_url":"https:\/\/soymigrante.com\/revista\/wp-content\/uploads\/2024\/11\/Marina-Chen-y-su-emprendimiento-de-granola-saludable-1-e1731095028577.webp","og:image:width":1197,"og:image:height":1197,"article:published_time":"2024-11-11T16:42:57+00:00","article:modified_time":"2025-07-26T15:18:49+00:00","article:publisher":"https:\/\/www.facebook.com\/soymigrantecom","twitter:card":"summary_large_image","twitter:site":"@SoyMigrante_com","twitter:title":"Granola Del Comal naci\u00f3 del amor de Marina Chen al esperar a su beb\u00e9","twitter:description":"Buscando una opci\u00f3n saludable de alimentaci\u00f3n durante el embarazo Marina Chen cre\u00f3 su propia y natural receta de granola artesanal. As\u00ed surgi\u00f3 su emprendimiento","twitter:creator":"@SoyMigrante_com","twitter:image":"https:\/\/soymigrante.com\/revista\/wp-content\/uploads\/2024\/11\/Marina-Chen-y-su-emprendimiento-de-granola-saludable-1-e1731095028577.webp"},"aioseo_meta_data":{"post_id":"36455","title":"\u00bfQu\u00e9 hacer, qu\u00e9 evitar y qu\u00e9 regalos dar en un baby shower?","description":"Los baby shower son una celebraci\u00f3n especial por una nueva vida que llega a una familia. Para que sean un \u00e9xito puedes tomar en cuenta estas claves.","keywords":null,"keyphrases":{"focus":{"keyphrase":"Baby Shower","score":91,"analysis":{"keyphraseInTitle":{"score":9,"maxScore":9,"error":0},"keyphraseInDescription":{"score":9,"maxScore":9,"error":0},"keyphraseLength":{"score":9,"maxScore":9,"error":0,"length":2},"keyphraseInURL":{"score":5,"maxScore":5,"error":0},"keyphraseInIntroduction":{"score":9,"maxScore":9,"error":0},"keyphraseInSubHeadings":{"score":3,"maxScore":9,"error":1},"keyphraseInImageAlt":{"score":9,"maxScore":9,"error":0},"keywordDensity":{"type":"best","score":9,"maxScore":9,"error":0}}},"additional":[{"keyphrase":"Baby Shower","score":100,"analysis":{"keyphraseInDescription":{"score":9,"maxScore":9,"error":0},"keyphraseLength":{"score":9,"maxScore":9,"error":0,"length":2},"keyphraseInIntroduction":{"score":9,"maxScore":9,"error":0},"keyphraseInImageAlt":{"score":9,"maxScore":9,"error":0},"keywordDensity":{"type":"best","score":9,"maxScore":9,"error":0}}}]},"primary_term":null,"canonical_url":null,"og_title":null,"og_description":null,"og_object_type":"default","og_image_type":"default","og_image_url":null,"og_image_width":null,"og_image_height":null,"og_image_custom_url":null,"og_image_custom_fields":null,"og_video":"","og_custom_url":null,"og_article_section":null,"og_article_tags":null,"twitter_use_og":false,"twitter_card":"default","twitter_image_type":"default","twitter_image_url":null,"twitter_image_custom_url":null,"twitter_image_custom_fields":null,"twitter_title":null,"twitter_description":null,"schema":{"blockGraphs":[],"customGraphs":[],"default":{"data":{"Article":[],"Course":[],"Dataset":[],"FAQPage":[],"Movie":[],"Person":[],"Product":[],"ProductReview":[],"Car":[],"Recipe":[],"Service":[],"SoftwareApplication":[],"WebPage":[]},"graphName":"none","isEnabled":true},"graphs":[]},"schema_type":"default","schema_type_options":null,"pillar_content":false,"robots_default":true,"robots_noindex":false,"robots_noarchive":false,"robots_nosnippet":false,"robots_nofollow":false,"robots_noimageindex":false,"robots_noodp":false,"robots_notranslate":false,"robots_max_snippet":"-1","robots_max_videopreview":"-1","robots_max_imagepreview":"large","priority":null,"frequency":"default","local_seo":null,"seo_analyzer_scan_date":"2025-10-09 06:09:13","breadcrumb_settings":null,"limit_modified_date":false,"reviewed_by":"0","open_ai":"{\"title\":{\"suggestions\":[],\"usage\":0},\"description\":{\"suggestions\":[],\"usage\":0}}","ai":null,"created":"2025-06-17 19:08:50","updated":"2026-02-05 01:19:30"},"aioseo_breadcrumb":"<div class=\"aioseo-breadcrumbs\"><span class=\"aioseo-breadcrumb\">\n\t<a href=\"https:\/\/soymigrante.com\/revista\" title=\"Home\">Home<\/a>\n<\/span><span class=\"aioseo-breadcrumb-separator\">\u00bb<\/span><span class=\"aioseo-breadcrumb\">\n\t<a href=\"https:\/\/soymigrante.com\/revista\/category\/bienestar\/\" title=\"Bienestar\">Bienestar<\/a>\n<\/span><span class=\"aioseo-breadcrumb-separator\">\u00bb<\/span><span class=\"aioseo-breadcrumb\">\n\tTan alegres los baby shower \u00bfQu\u00e9 hacer, qu\u00e9 evitar y qu\u00e9 regalos dar?\n<\/span><\/div>","aioseo_breadcrumb_json":[{"label":"Home","link":"https:\/\/soymigrante.com\/revista"},{"label":"Bienestar","link":"https:\/\/soymigrante.com\/revista\/category\/bienestar\/"},{"label":"Tan alegres los baby shower \u00bfQu\u00e9 hacer, qu\u00e9 evitar y qu\u00e9 regalos dar?","link":"https:\/\/soymigrante.com\/revista\/tan-alegres-los-baby-shower-que-hacer-que-evitar-y-que-regalos-dar\/"}],"_links":{"self":[{"href":"https:\/\/soymigrante.com\/revista\/wp-json\/wp\/v2\/posts\/36455","targetHints":{"allow":["GET"]}}],"collection":[{"href":"https:\/\/soymigrante.com\/revista\/wp-json\/wp\/v2\/posts"}],"about":[{"href":"https:\/\/soymigrante.com\/revista\/wp-json\/wp\/v2\/types\/post"}],"author":[{"embeddable":true,"href":"https:\/\/soymigrante.com\/revista\/wp-json\/wp\/v2\/users\/19"}],"replies":[{"embeddable":true,"href":"https:\/\/soymigrante.com\/revista\/wp-json\/wp\/v2\/comments?post=36455"}],"version-history":[{"count":20,"href":"https:\/\/soymigrante.com\/revista\/wp-json\/wp\/v2\/posts\/36455\/revisions"}],"predecessor-version":[{"id":37610,"href":"https:\/\/soymigrante.com\/revista\/wp-json\/wp\/v2\/posts\/36455\/revisions\/37610"}],"wp:featuredmedia":[{"embeddable":true,"href":"https:\/\/soymigrante.com\/revista\/wp-json\/wp\/v2\/media\/36456"}],"wp:attachment":[{"href":"https:\/\/soymigrante.com\/revista\/wp-json\/wp\/v2\/media?parent=36455"}],"wp:term":[{"taxonomy":"category","embeddable":true,"href":"https:\/\/soymigrante.com\/revista\/wp-json\/wp\/v2\/categories?post=36455"},{"taxonomy":"post_tag","embeddable":true,"href":"https:\/\/soymigrante.com\/revista\/wp-json\/wp\/v2\/tags?post=36455"}],"curies":[{"name":"wp","href":"https:\/\/api.w.org\/{rel}","templated":true}]}}