{"id":36452,"date":"2025-06-18T11:34:22","date_gmt":"2025-06-18T17:34:22","guid":{"rendered":"https:\/\/soymigrante.com\/revista\/?p=36452"},"modified":"2025-06-19T12:22:46","modified_gmt":"2025-06-19T18:22:46","slug":"guatemala-copa-oro-migrantes-guatemaltecos-fotografo-migrante-alegria","status":"publish","type":"post","link":"https:\/\/soymigrante.com\/revista\/guatemala-copa-oro-migrantes-guatemaltecos-fotografo-migrante-alegria\/","title":{"rendered":"Alegr\u00eda guatemalteca en Copa Oro 2025 captada por el fot\u00f3grafo migrante Edson L\u00f3pez"},"content":{"rendered":"\t\t<div data-elementor-type=\"wp-post\" data-elementor-id=\"36452\" class=\"elementor elementor-36452\" data-elementor-post-type=\"post\">\n\t\t\t\t<div data-particle_enable=\"false\" data-particle-mobile-disabled=\"false\" class=\"elementor-element elementor-element-0a8afa7 e-flex e-con-boxed e-con e-parent\" data-id=\"0a8afa7\" data-element_type=\"container\" data-e-type=\"container\">\n\t\t\t\t\t<div class=\"e-con-inner\">\n\t\t\t\t<div class=\"elementor-element elementor-element-759ab3a elementor-widget elementor-widget-heading\" data-id=\"759ab3a\" data-element_type=\"widget\" data-e-type=\"widget\" data-widget_type=\"heading.default\">\n\t\t\t\t\t<h2 class=\"elementor-heading-title elementor-size-default\"><span style=\"font-size: 31.2px\">Viene el juego Guatemala-Panam\u00e1 en la Copa Oro pero para la historia est\u00e1 el j\u00fabilo del triunfo 1-0 contra Jamaica. \"Ver miles de almas alentando a Guatemala fue fant\u00e1stico\", dice el fot\u00f3grafo Edson Bladimir L\u00f3pez quien retrat\u00f3 esa uni\u00f3n desde la gramilla.<\/span><\/h2>\t\t\t\t<\/div>\n\t\t\t\t<div class=\"elementor-element elementor-element-e630dff elementor-widget elementor-widget-html\" data-id=\"e630dff\" data-element_type=\"widget\" data-e-type=\"widget\" data-widget_type=\"html.default\">\n\t\t\t\t\t<div id=\"buzzsprout-player-17332730\"><\/div><script src=\"https:\/\/www.buzzsprout.com\/2444168\/episodes\/17332730-el-gran-sueno-fotografico-y-deportivo-de-edson-bladimir-lopez-migrante-guatemalteco.js?container_id=buzzsprout-player-17332730&player=small\" type=\"text\/javascript\" charset=\"utf-8\"><\/script>\t\t\t\t<\/div>\n\t\t\t\t\t<\/div>\n\t\t\t\t<\/div>\n\t\t<div data-particle_enable=\"false\" data-particle-mobile-disabled=\"false\" class=\"elementor-element elementor-element-1cd00f6 e-flex e-con-boxed e-con e-parent\" data-id=\"1cd00f6\" data-element_type=\"container\" data-e-type=\"container\">\n\t\t\t\t\t<div class=\"e-con-inner\">\n\t\t\t\t<div class=\"elementor-element elementor-element-73f0734 elementor-widget elementor-widget-text-editor\" data-id=\"73f0734\" data-element_type=\"widget\" data-e-type=\"widget\" data-widget_type=\"text-editor.default\">\n\t\t\t\t\t\t\t\t\t<p>&#8220;Al principio se miraba muy poca gente faltando dos horas para el juego (contra Jamaica&#8221;, dice el fot\u00f3grafo <a href=\"https:\/\/soymigrante.com\/revista\/lente-del-migrante-guatemalteco-bladimir-lopez-cubrira-mundial-de-clubes-y-la-copa-oro-2025\/\">Edson Bladimir L\u00f3pez<\/a>, quien desde la gramilla del estadio Dignity Health de <a href=\"https:\/\/soymigrante.com\/revista\/los-angeles-nacio-con-alma-hispana-10-datos-y-anecdotas-sobre-su-historia\/\">Los Angeles <\/a>cubri\u00f3 dicho partido, que dej\u00f3 un triunfo pero sobre todo im\u00e1genes de hermandad, uni\u00f3n y alegr\u00eda guatemalteca. Cabe recordar que en esta ciudad se encuentra <a href=\"https:\/\/soymigrante.com\/revista\/cuantos-guatemaltecos-hay-en-estados-unidos-minex-2024-cifras-migrantes\/\">la mayor comunidad chapina de todo Estados Unidos.<\/a><\/p><p>&#8220;Pero ya en el inicio del partido hab\u00eda miles de almas alentando a Guatemala a una sola voz, todos como hermanos, fue fant\u00e1stico&#8221;, dice Edson. &#8220;Es como si estuvi\u00e9ramos en el Doroteo Guamuch o en el estadio Cementos Progreso. Se sent\u00eda la uni\u00f3n y la identidad chapina&#8221;, comenta.<\/p><p>Y eso es justo lo que retrat\u00f3: rostros llenos de algarab\u00eda, familias migrantes que llevan a Guatemala en el coraz\u00f3n. Estas son las im\u00e1genes.<\/p>\t\t\t\t\t\t\t\t<\/div>\n\t\t\t\t\t<\/div>\n\t\t\t\t<\/div>\n\t\t<div data-particle_enable=\"false\" data-particle-mobile-disabled=\"false\" class=\"elementor-element elementor-element-c03b251 e-flex e-con-boxed e-con e-parent\" data-id=\"c03b251\" data-element_type=\"container\" data-e-type=\"container\">\n\t\t\t\t\t<div class=\"e-con-inner\">\n\t\t\t\t<div class=\"elementor-element elementor-element-d6e2a5a elementor-widget elementor-widget-image\" data-id=\"d6e2a5a\" data-element_type=\"widget\" data-e-type=\"widget\" data-widget_type=\"image.default\">\n\t\t\t\t\t\t\t\t\t\t\t\t<figure class=\"wp-caption\">\n\t\t\t\t\t\t\t\t\t\t<img fetchpriority=\"high\" decoding=\"async\" width=\"768\" height=\"512\" src=\"https:\/\/soymigrante.com\/revista\/wp-content\/uploads\/2025\/06\/Copa-de-Oro-Guatemaltecos-fotos-Edson-Bladimir-Bla-Lopez-10-1024x683.jpg\" class=\"attachment-large size-large wp-image-36551\" alt=\"Pasajeros de la selecci\u00f3n de Guatemala con banderas y sombreros en apoyo y celebraci\u00f3n del equipo en un evento de f\u00fatbol.\" srcset=\"https:\/\/soymigrante.com\/revista\/wp-content\/uploads\/2025\/06\/Copa-de-Oro-Guatemaltecos-fotos-Edson-Bladimir-Bla-Lopez-10-1024x683.jpg 1024w, https:\/\/soymigrante.com\/revista\/wp-content\/uploads\/2025\/06\/Copa-de-Oro-Guatemaltecos-fotos-Edson-Bladimir-Bla-Lopez-10-300x200.jpg 300w, https:\/\/soymigrante.com\/revista\/wp-content\/uploads\/2025\/06\/Copa-de-Oro-Guatemaltecos-fotos-Edson-Bladimir-Bla-Lopez-10-768x512.jpg 768w, https:\/\/soymigrante.com\/revista\/wp-content\/uploads\/2025\/06\/Copa-de-Oro-Guatemaltecos-fotos-Edson-Bladimir-Bla-Lopez-10-1536x1024.jpg 1536w, https:\/\/soymigrante.com\/revista\/wp-content\/uploads\/2025\/06\/Copa-de-Oro-Guatemaltecos-fotos-Edson-Bladimir-Bla-Lopez-10-750x500.webp 750w, https:\/\/soymigrante.com\/revista\/wp-content\/uploads\/2025\/06\/Copa-de-Oro-Guatemaltecos-fotos-Edson-Bladimir-Bla-Lopez-10-1140x760.webp 1140w, https:\/\/soymigrante.com\/revista\/wp-content\/uploads\/2025\/06\/Copa-de-Oro-Guatemaltecos-fotos-Edson-Bladimir-Bla-Lopez-10.webp 1920w\" sizes=\"(max-width: 768px) 100vw, 768px\" title=\"De principio a fin se sinti\u00f3 el optimismo y al deseo de triunfo de la Selecci\u00f3n. Todos a una sola voz animando a Guatemala (Foto Edson Bladimir L\u00f3pez) \u2013 SoyMigrante.com REVISTA\" \/>\t\t\t\t\t\t\t\t\t\t\t<figcaption class=\"widget-image-caption wp-caption-text\">J\u00f3venes guatemaltecos celebrando en un evento deportivo, llevando banderas y sombreros con motivos culturales, mostrando su orgullo nacional.<\/figcaption>\n\t\t\t\t\t\t\t\t\t\t<\/figure>\n\t\t\t\t\t\t\t\t\t<\/div>\n\t\t\t\t\t<\/div>\n\t\t\t\t<\/div>\n\t\t<div data-particle_enable=\"false\" data-particle-mobile-disabled=\"false\" class=\"elementor-element elementor-element-9a866d9 e-flex e-con-boxed e-con e-parent\" data-id=\"9a866d9\" data-element_type=\"container\" data-e-type=\"container\">\n\t\t\t\t\t<div class=\"e-con-inner\">\n\t\t\t\t<div class=\"elementor-element elementor-element-9a4d3ad elementor-widget elementor-widget-image\" data-id=\"9a4d3ad\" data-element_type=\"widget\" data-e-type=\"widget\" data-widget_type=\"image.default\">\n\t\t\t\t\t\t\t\t\t\t\t\t<figure class=\"wp-caption\">\n\t\t\t\t\t\t\t\t\t\t<img decoding=\"async\" width=\"768\" height=\"512\" src=\"https:\/\/soymigrante.com\/revista\/wp-content\/uploads\/2025\/06\/Copa-de-Oro-Guatemaltecos-fotos-Edson-Bladimir-Bla-Lopez-6-1024x683.jpg\" class=\"attachment-large size-large wp-image-36552\" alt=\"Ni\u00f1a con cabello rizado y coleta, atenta y emocionada en evento escolar, rodeada de compa\u00f1eros y adultos, sosteniendo un peluche verde en las manos, en un ambiente de participaci\u00f3n comunitaria y cultura escolar.\" srcset=\"https:\/\/soymigrante.com\/revista\/wp-content\/uploads\/2025\/06\/Copa-de-Oro-Guatemaltecos-fotos-Edson-Bladimir-Bla-Lopez-6-1024x683.jpg 1024w, https:\/\/soymigrante.com\/revista\/wp-content\/uploads\/2025\/06\/Copa-de-Oro-Guatemaltecos-fotos-Edson-Bladimir-Bla-Lopez-6-300x200.jpg 300w, https:\/\/soymigrante.com\/revista\/wp-content\/uploads\/2025\/06\/Copa-de-Oro-Guatemaltecos-fotos-Edson-Bladimir-Bla-Lopez-6-768x512.jpg 768w, https:\/\/soymigrante.com\/revista\/wp-content\/uploads\/2025\/06\/Copa-de-Oro-Guatemaltecos-fotos-Edson-Bladimir-Bla-Lopez-6-1536x1024.jpg 1536w, https:\/\/soymigrante.com\/revista\/wp-content\/uploads\/2025\/06\/Copa-de-Oro-Guatemaltecos-fotos-Edson-Bladimir-Bla-Lopez-6-750x500.webp 750w, https:\/\/soymigrante.com\/revista\/wp-content\/uploads\/2025\/06\/Copa-de-Oro-Guatemaltecos-fotos-Edson-Bladimir-Bla-Lopez-6-1140x760.webp 1140w, https:\/\/soymigrante.com\/revista\/wp-content\/uploads\/2025\/06\/Copa-de-Oro-Guatemaltecos-fotos-Edson-Bladimir-Bla-Lopez-6.webp 1920w\" sizes=\"(max-width: 768px) 100vw, 768px\" title=\"No pod\u00eda faltar el Ave Nacional El Quetzal entre el p\u00fablico Guatemalteco(Foto Edson Bladimir L\u00f3pez) \u2013 SoyMigrante.com REVISTA\" \/>\t\t\t\t\t\t\t\t\t\t\t<figcaption class=\"widget-image-caption wp-caption-text\">Joven en un evento comunitario, mostrando inter\u00e9s en la actividad, rodeada de otras personas, en un ambiente participativo y din\u00e1mico.<\/figcaption>\n\t\t\t\t\t\t\t\t\t\t<\/figure>\n\t\t\t\t\t\t\t\t\t<\/div>\n\t\t\t\t\t<\/div>\n\t\t\t\t<\/div>\n\t\t<div data-particle_enable=\"false\" data-particle-mobile-disabled=\"false\" class=\"elementor-element elementor-element-dfc7346 e-flex e-con-boxed e-con e-parent\" data-id=\"dfc7346\" data-element_type=\"container\" data-e-type=\"container\">\n\t\t\t\t\t<div class=\"e-con-inner\">\n\t\t\t\t<div class=\"elementor-element elementor-element-8d40d90 elementor-widget elementor-widget-image\" data-id=\"8d40d90\" data-element_type=\"widget\" data-e-type=\"widget\" data-widget_type=\"image.default\">\n\t\t\t\t\t\t\t\t\t\t\t\t<figure class=\"wp-caption\">\n\t\t\t\t\t\t\t\t\t\t<img decoding=\"async\" width=\"768\" height=\"512\" src=\"https:\/\/soymigrante.com\/revista\/wp-content\/uploads\/2025\/06\/Copa-de-Oro-Guatemaltecos-fotos-Edson-Bladimir-Bla-Lopez-4-1024x683.jpg\" class=\"attachment-large size-large wp-image-36553\" alt=\"Orgullo nacional de Guatemala con ciudadanos celebrando con la bandera y el escudo del pa\u00eds en un evento deportivo o c\u00edvico.\" srcset=\"https:\/\/soymigrante.com\/revista\/wp-content\/uploads\/2025\/06\/Copa-de-Oro-Guatemaltecos-fotos-Edson-Bladimir-Bla-Lopez-4-1024x683.jpg 1024w, https:\/\/soymigrante.com\/revista\/wp-content\/uploads\/2025\/06\/Copa-de-Oro-Guatemaltecos-fotos-Edson-Bladimir-Bla-Lopez-4-300x200.jpg 300w, https:\/\/soymigrante.com\/revista\/wp-content\/uploads\/2025\/06\/Copa-de-Oro-Guatemaltecos-fotos-Edson-Bladimir-Bla-Lopez-4-768x512.jpg 768w, https:\/\/soymigrante.com\/revista\/wp-content\/uploads\/2025\/06\/Copa-de-Oro-Guatemaltecos-fotos-Edson-Bladimir-Bla-Lopez-4-1536x1024.jpg 1536w, https:\/\/soymigrante.com\/revista\/wp-content\/uploads\/2025\/06\/Copa-de-Oro-Guatemaltecos-fotos-Edson-Bladimir-Bla-Lopez-4-750x500.webp 750w, https:\/\/soymigrante.com\/revista\/wp-content\/uploads\/2025\/06\/Copa-de-Oro-Guatemaltecos-fotos-Edson-Bladimir-Bla-Lopez-4-1140x760.webp 1140w, https:\/\/soymigrante.com\/revista\/wp-content\/uploads\/2025\/06\/Copa-de-Oro-Guatemaltecos-fotos-Edson-Bladimir-Bla-Lopez-4.webp 1920w\" sizes=\"(max-width: 768px) 100vw, 768px\" title=\"&quot;Le agradec\u00ed a Dios en el carro por poder cubrir una Copa de Oro.  Hace justamente 2 a\u00f1os estaba cubriendo un amistoso y ahora ver a la bicolor acompa\u00f1ada de tantos paisanos es emocionante&quot;, relat\u00f3 Edson Bladimir L\u00f3pez. (Fotos Edson Bladimir L\u00f3pez) \u2013 SoyMigrante.com REVISTA\" \/>\t\t\t\t\t\t\t\t\t\t\t<figcaption class=\"widget-image-caption wp-caption-text\">\"Le agradec\u00ed a Dios en el carro por poder cubrir una Copa de Oro.  Hace justamente 2 a\u00f1os estaba cubriendo un amistoso y ahora ver a la bicolor acompa\u00f1ada de tantos paisanos es emocionante\", relat\u00f3 Edson Bladimir L\u00f3pez. (Fotos Edson Bladimir L\u00f3pez)<\/figcaption>\n\t\t\t\t\t\t\t\t\t\t<\/figure>\n\t\t\t\t\t\t\t\t\t<\/div>\n\t\t\t\t\t<\/div>\n\t\t\t\t<\/div>\n\t\t<div data-particle_enable=\"false\" data-particle-mobile-disabled=\"false\" class=\"elementor-element elementor-element-4cf88ff e-flex e-con-boxed e-con e-parent\" data-id=\"4cf88ff\" data-element_type=\"container\" data-e-type=\"container\">\n\t\t\t\t\t<div class=\"e-con-inner\">\n\t\t\t\t<div class=\"elementor-element elementor-element-758a5de elementor-widget elementor-widget-image\" data-id=\"758a5de\" data-element_type=\"widget\" data-e-type=\"widget\" data-widget_type=\"image.default\">\n\t\t\t\t\t\t\t\t\t\t\t\t<figure class=\"wp-caption\">\n\t\t\t\t\t\t\t\t\t\t<img loading=\"lazy\" decoding=\"async\" width=\"768\" height=\"512\" src=\"https:\/\/soymigrante.com\/revista\/wp-content\/uploads\/2025\/06\/Copa-de-Oro-Guatemaltecos-fotos-Edson-Bladimir-Bla-Lopez-2-1024x683.jpg\" class=\"attachment-large size-large wp-image-36557\" alt=\"Guatemalteco con diadema durante evento cultural, usando un peluche de loro en la cabeza en el contexto de la Revista SoyMigrante.com.\" srcset=\"https:\/\/soymigrante.com\/revista\/wp-content\/uploads\/2025\/06\/Copa-de-Oro-Guatemaltecos-fotos-Edson-Bladimir-Bla-Lopez-2-1024x683.jpg 1024w, https:\/\/soymigrante.com\/revista\/wp-content\/uploads\/2025\/06\/Copa-de-Oro-Guatemaltecos-fotos-Edson-Bladimir-Bla-Lopez-2-300x200.jpg 300w, https:\/\/soymigrante.com\/revista\/wp-content\/uploads\/2025\/06\/Copa-de-Oro-Guatemaltecos-fotos-Edson-Bladimir-Bla-Lopez-2-768x512.jpg 768w, https:\/\/soymigrante.com\/revista\/wp-content\/uploads\/2025\/06\/Copa-de-Oro-Guatemaltecos-fotos-Edson-Bladimir-Bla-Lopez-2-1536x1024.jpg 1536w, https:\/\/soymigrante.com\/revista\/wp-content\/uploads\/2025\/06\/Copa-de-Oro-Guatemaltecos-fotos-Edson-Bladimir-Bla-Lopez-2-750x500.webp 750w, https:\/\/soymigrante.com\/revista\/wp-content\/uploads\/2025\/06\/Copa-de-Oro-Guatemaltecos-fotos-Edson-Bladimir-Bla-Lopez-2-1140x760.webp 1140w, https:\/\/soymigrante.com\/revista\/wp-content\/uploads\/2025\/06\/Copa-de-Oro-Guatemaltecos-fotos-Edson-Bladimir-Bla-Lopez-2.webp 1920w\" sizes=\"(max-width: 768px) 100vw, 768px\" title=\"Otro Quetzal, s\u00edmbolo de libertad y de constante anhelo de triunfo guatemalteco. (Foto Edson Bladimir L\u00f3pez) \u2013 SoyMigrante.com REVISTA\" \/>\t\t\t\t\t\t\t\t\t\t\t<figcaption class=\"widget-image-caption wp-caption-text\">Ni\u00f1o con diadema con la bandera de Guatemala y un peluche en la cabeza, participando en un evento cultural de la comunidad guatemalteca.<\/figcaption>\n\t\t\t\t\t\t\t\t\t\t<\/figure>\n\t\t\t\t\t\t\t\t\t<\/div>\n\t\t\t\t\t<\/div>\n\t\t\t\t<\/div>\n\t\t<div data-particle_enable=\"false\" data-particle-mobile-disabled=\"false\" class=\"elementor-element elementor-element-a8be348 e-flex e-con-boxed e-con e-parent\" data-id=\"a8be348\" data-element_type=\"container\" data-e-type=\"container\">\n\t\t\t\t\t<div class=\"e-con-inner\">\n\t\t\t\t<div class=\"elementor-element elementor-element-ab42342 elementor-arrows-position-inside elementor-pagination-position-outside elementor-widget elementor-widget-image-carousel\" data-id=\"ab42342\" data-element_type=\"widget\" data-e-type=\"widget\" data-settings=\"{&quot;slides_to_show&quot;:&quot;1&quot;,&quot;autoplay_speed&quot;:1000,&quot;effect&quot;:&quot;fade&quot;,&quot;navigation&quot;:&quot;both&quot;,&quot;autoplay&quot;:&quot;yes&quot;,&quot;pause_on_hover&quot;:&quot;yes&quot;,&quot;pause_on_interaction&quot;:&quot;yes&quot;,&quot;infinite&quot;:&quot;yes&quot;,&quot;speed&quot;:500}\" data-widget_type=\"image-carousel.default\">\n\t\t\t\t\t\t\t<div class=\"elementor-image-carousel-wrapper swiper\" role=\"region\" aria-roledescription=\"carousel\" aria-label=\"Carrusel de im\u00e1genes\" dir=\"ltr\">\n\t\t\t<div class=\"elementor-image-carousel swiper-wrapper\" aria-live=\"off\">\n\t\t\t\t\t\t\t\t<div class=\"swiper-slide\" role=\"group\" aria-roledescription=\"slide\" aria-label=\"1 de 2\"><figure class=\"swiper-slide-inner\"><img decoding=\"async\" class=\"swiper-slide-image\" src=\"https:\/\/soymigrante.com\/revista\/wp-content\/uploads\/2025\/06\/Copa-de-Oro-Guatemaltecos-fotos-Edson-Bladimir-Bla-Lopez-8-1024x683.jpg\" alt=\"Futbolista con camiseta de M\u00e9xico, vista desde atr\u00e1s, en un estadio lleno de espectadores, destacando el apellido Herrera y el n\u00famero 7 en su camiseta.\" \/><figcaption class=\"elementor-image-carousel-caption\">Jugador de f\u00fatbol mexicano en acci\u00f3n durante partido importante, con multitud en estadio, vistiendo uniforme azul con detalles blancos, representando talento y pasi\u00f3n deportiva.<\/figcaption><\/figure><\/div><div class=\"swiper-slide\" role=\"group\" aria-roledescription=\"slide\" aria-label=\"2 de 2\"><figure class=\"swiper-slide-inner\"><img decoding=\"async\" class=\"swiper-slide-image\" src=\"https:\/\/soymigrante.com\/revista\/wp-content\/uploads\/2025\/06\/Copa-de-Oro-Guatemaltecos-fotos-Edson-Bladimir-Bla-Lopez-7-1024x683.jpg\" alt=\"Entusiasta aficionado tomando foto en un partido de f\u00fatbol con jugadores y p\u00fablico en el fondo.\" \/><figcaption class=\"elementor-image-carousel-caption\">Captura de un fan\u00e1tico en un partido de f\u00fatbol en Guatemala, tomando una foto de la jugadora Herrera con su tel\u00e9fono, durante un evento deportivo importante.<\/figcaption><\/figure><\/div>\t\t\t<\/div>\n\t\t\t\t\t\t\t\t\t\t\t\t<div class=\"elementor-swiper-button elementor-swiper-button-prev\" role=\"button\" tabindex=\"0\">\n\t\t\t\t\t\t<i aria-hidden=\"true\" class=\"eicon-chevron-left\"><\/i>\t\t\t\t\t<\/div>\n\t\t\t\t\t<div class=\"elementor-swiper-button elementor-swiper-button-next\" role=\"button\" tabindex=\"0\">\n\t\t\t\t\t\t<i aria-hidden=\"true\" class=\"eicon-chevron-right\"><\/i>\t\t\t\t\t<\/div>\n\t\t\t\t\n\t\t\t\t\t\t\t\t\t<div class=\"swiper-pagination\"><\/div>\n\t\t\t\t\t\t\t\t\t<\/div>\n\t\t\t\t\t\t<\/div>\n\t\t\t\t\t<\/div>\n\t\t\t\t<\/div>\n\t\t<div data-particle_enable=\"false\" data-particle-mobile-disabled=\"false\" class=\"elementor-element elementor-element-fe8999b e-flex e-con-boxed e-con e-parent\" data-id=\"fe8999b\" data-element_type=\"container\" data-e-type=\"container\">\n\t\t\t\t\t<div class=\"e-con-inner\">\n\t\t\t\t<div class=\"elementor-element elementor-element-82ae85a elementor-widget elementor-widget-image\" data-id=\"82ae85a\" data-element_type=\"widget\" data-e-type=\"widget\" data-widget_type=\"image.default\">\n\t\t\t\t\t\t\t\t\t\t\t\t<figure class=\"wp-caption\">\n\t\t\t\t\t\t\t\t\t\t<img loading=\"lazy\" decoding=\"async\" width=\"768\" height=\"512\" src=\"https:\/\/soymigrante.com\/revista\/wp-content\/uploads\/2025\/06\/Copa-de-Oro-Guatemaltecos-fotos-Edson-Bladimir-Bla-Lopez-14-1024x683.jpg\" class=\"attachment-large size-large wp-image-36562\" alt=\"Apoyo a los migrantes guatemaltecos en evento deportivo con bandera nacional en celebraci\u00f3n de la independencia.\" srcset=\"https:\/\/soymigrante.com\/revista\/wp-content\/uploads\/2025\/06\/Copa-de-Oro-Guatemaltecos-fotos-Edson-Bladimir-Bla-Lopez-14-1024x683.jpg 1024w, https:\/\/soymigrante.com\/revista\/wp-content\/uploads\/2025\/06\/Copa-de-Oro-Guatemaltecos-fotos-Edson-Bladimir-Bla-Lopez-14-300x200.jpg 300w, https:\/\/soymigrante.com\/revista\/wp-content\/uploads\/2025\/06\/Copa-de-Oro-Guatemaltecos-fotos-Edson-Bladimir-Bla-Lopez-14-768x512.jpg 768w, https:\/\/soymigrante.com\/revista\/wp-content\/uploads\/2025\/06\/Copa-de-Oro-Guatemaltecos-fotos-Edson-Bladimir-Bla-Lopez-14-1536x1024.jpg 1536w, https:\/\/soymigrante.com\/revista\/wp-content\/uploads\/2025\/06\/Copa-de-Oro-Guatemaltecos-fotos-Edson-Bladimir-Bla-Lopez-14-750x500.webp 750w, https:\/\/soymigrante.com\/revista\/wp-content\/uploads\/2025\/06\/Copa-de-Oro-Guatemaltecos-fotos-Edson-Bladimir-Bla-Lopez-14-1140x760.webp 1140w, https:\/\/soymigrante.com\/revista\/wp-content\/uploads\/2025\/06\/Copa-de-Oro-Guatemaltecos-fotos-Edson-Bladimir-Bla-Lopez-14.webp 1920w\" sizes=\"(max-width: 768px) 100vw, 768px\" title=\"Todos los guatemaltecos somos hermanos pero venimos a descubrirlo y a confirmarlo aqu\u00ed en Estados Unidos. (Fotos Edson Bladimir L\u00f3pez) \u2013 SoyMigrante.com REVISTA\" \/>\t\t\t\t\t\t\t\t\t\t\t<figcaption class=\"widget-image-caption wp-caption-text\">Celebraci\u00f3n de la independencia de Guatemala con presencia de migrantes y aficionados en evento deportivo.<\/figcaption>\n\t\t\t\t\t\t\t\t\t\t<\/figure>\n\t\t\t\t\t\t\t\t\t<\/div>\n\t\t\t\t\t<\/div>\n\t\t\t\t<\/div>\n\t\t<div data-particle_enable=\"false\" data-particle-mobile-disabled=\"false\" class=\"elementor-element elementor-element-08e0881 e-flex e-con-boxed e-con e-parent\" data-id=\"08e0881\" data-element_type=\"container\" data-e-type=\"container\">\n\t\t\t\t\t<div class=\"e-con-inner\">\n\t\t\t\t<div class=\"elementor-element elementor-element-36b2461 elementor-widget elementor-widget-image\" data-id=\"36b2461\" data-element_type=\"widget\" data-e-type=\"widget\" data-widget_type=\"image.default\">\n\t\t\t\t\t\t\t\t\t\t\t\t<figure class=\"wp-caption\">\n\t\t\t\t\t\t\t\t\t\t<img loading=\"lazy\" decoding=\"async\" width=\"768\" height=\"512\" src=\"https:\/\/soymigrante.com\/revista\/wp-content\/uploads\/2025\/06\/Copa-de-Oro-Guatemaltecos-fotos-Edson-Bladimir-Bla-Lopez-2-1024x683.jpg\" class=\"attachment-large size-large wp-image-36557\" alt=\"Guatemalteco con diadema durante evento cultural, usando un peluche de loro en la cabeza en el contexto de la Revista SoyMigrante.com.\" srcset=\"https:\/\/soymigrante.com\/revista\/wp-content\/uploads\/2025\/06\/Copa-de-Oro-Guatemaltecos-fotos-Edson-Bladimir-Bla-Lopez-2-1024x683.jpg 1024w, https:\/\/soymigrante.com\/revista\/wp-content\/uploads\/2025\/06\/Copa-de-Oro-Guatemaltecos-fotos-Edson-Bladimir-Bla-Lopez-2-300x200.jpg 300w, https:\/\/soymigrante.com\/revista\/wp-content\/uploads\/2025\/06\/Copa-de-Oro-Guatemaltecos-fotos-Edson-Bladimir-Bla-Lopez-2-768x512.jpg 768w, https:\/\/soymigrante.com\/revista\/wp-content\/uploads\/2025\/06\/Copa-de-Oro-Guatemaltecos-fotos-Edson-Bladimir-Bla-Lopez-2-1536x1024.jpg 1536w, https:\/\/soymigrante.com\/revista\/wp-content\/uploads\/2025\/06\/Copa-de-Oro-Guatemaltecos-fotos-Edson-Bladimir-Bla-Lopez-2-750x500.webp 750w, https:\/\/soymigrante.com\/revista\/wp-content\/uploads\/2025\/06\/Copa-de-Oro-Guatemaltecos-fotos-Edson-Bladimir-Bla-Lopez-2-1140x760.webp 1140w, https:\/\/soymigrante.com\/revista\/wp-content\/uploads\/2025\/06\/Copa-de-Oro-Guatemaltecos-fotos-Edson-Bladimir-Bla-Lopez-2.webp 1920w\" sizes=\"(max-width: 768px) 100vw, 768px\" title=\"Otro Quetzal, s\u00edmbolo de libertad y de constante anhelo de triunfo guatemalteco. (Foto Edson Bladimir L\u00f3pez) \u2013 SoyMigrante.com REVISTA\" \/>\t\t\t\t\t\t\t\t\t\t\t<figcaption class=\"widget-image-caption wp-caption-text\">Ni\u00f1o con diadema con la bandera de Guatemala y un peluche en la cabeza, participando en un evento cultural de la comunidad guatemalteca.<\/figcaption>\n\t\t\t\t\t\t\t\t\t\t<\/figure>\n\t\t\t\t\t\t\t\t\t<\/div>\n\t\t\t\t\t<\/div>\n\t\t\t\t<\/div>\n\t\t<div data-particle_enable=\"false\" data-particle-mobile-disabled=\"false\" class=\"elementor-element elementor-element-70eac88 e-flex e-con-boxed e-con e-parent\" data-id=\"70eac88\" data-element_type=\"container\" data-e-type=\"container\">\n\t\t\t\t\t<div class=\"e-con-inner\">\n\t\t\t\t<div class=\"elementor-element elementor-element-6c129b7 elementor-widget elementor-widget-heading\" data-id=\"6c129b7\" data-element_type=\"widget\" data-e-type=\"widget\" data-widget_type=\"heading.default\">\n\t\t\t\t\t<h3 class=\"elementor-heading-title elementor-size-default\">El j\u00fabilo del gol <\/h3>\t\t\t\t<\/div>\n\t\t\t\t\t<\/div>\n\t\t\t\t<\/div>\n\t\t<div data-particle_enable=\"false\" data-particle-mobile-disabled=\"false\" class=\"elementor-element elementor-element-3a8a23b e-flex e-con-boxed e-con e-parent\" data-id=\"3a8a23b\" data-element_type=\"container\" data-e-type=\"container\">\n\t\t\t\t\t<div class=\"e-con-inner\">\n\t\t\t\t<div class=\"elementor-element elementor-element-01a1264 elementor-widget elementor-widget-text-editor\" data-id=\"01a1264\" data-element_type=\"widget\" data-e-type=\"widget\" data-widget_type=\"text-editor.default\">\n\t\t\t\t\t\t\t\t\t<p>&#8220;De repente pod\u00eda sentirse una subida de intensidad del equipo chap\u00edn. Fue incre\u00edble. Ya le hab\u00edan anulado un gol a Santis.. pero pronto vendr\u00eda la revancha. A pase de taco puntea y manda el gol a la red. Festeja Santis y todo un equipo y todo un pa\u00eds a un solo pulm\u00f3n. \u00a1Gooool de <a href=\"https:\/\/soymigrante.com\/revista\/tag\/departamentos-de-guatemala\/\">Guatemala<\/a>! Gritan miles de espectadores presentes. Para captar esta alegr\u00eda vine, pero era solo un sue\u00f1o, ahora es realidad tenerla en el lente, en la memoria y el coraz\u00f3n&#8221;: Edson Bladimir L\u00f3pez.<\/p>\t\t\t\t\t\t\t\t<\/div>\n\t\t\t\t\t<\/div>\n\t\t\t\t<\/div>\n\t\t<div data-particle_enable=\"false\" data-particle-mobile-disabled=\"false\" class=\"elementor-element elementor-element-2693b26 e-flex e-con-boxed e-con e-parent\" data-id=\"2693b26\" data-element_type=\"container\" data-e-type=\"container\">\n\t\t\t\t\t<div class=\"e-con-inner\">\n\t\t\t\t<div class=\"elementor-element elementor-element-602f002 elementor-widget elementor-widget-image\" data-id=\"602f002\" data-element_type=\"widget\" data-e-type=\"widget\" data-widget_type=\"image.default\">\n\t\t\t\t\t\t\t\t\t\t\t\t<figure class=\"wp-caption\">\n\t\t\t\t\t\t\t\t\t\t<img loading=\"lazy\" decoding=\"async\" width=\"768\" height=\"512\" src=\"https:\/\/soymigrante.com\/revista\/wp-content\/uploads\/2025\/06\/Copa-de-Oro-Guatemaltecos-fotos-Edson-Bladimir-Bla-Lopez-9-1-1024x683.jpg\" class=\"attachment-large size-large wp-image-36565\" alt=\"Jugadores de f\u00fatbol en acci\u00f3n durante un partido internacional, con audiencia entusiasta en las gradas, resaltando la pasi\u00f3n y emoci\u00f3n del f\u00fatbol en vivo.\" srcset=\"https:\/\/soymigrante.com\/revista\/wp-content\/uploads\/2025\/06\/Copa-de-Oro-Guatemaltecos-fotos-Edson-Bladimir-Bla-Lopez-9-1-1024x683.jpg 1024w, https:\/\/soymigrante.com\/revista\/wp-content\/uploads\/2025\/06\/Copa-de-Oro-Guatemaltecos-fotos-Edson-Bladimir-Bla-Lopez-9-1-300x200.jpg 300w, https:\/\/soymigrante.com\/revista\/wp-content\/uploads\/2025\/06\/Copa-de-Oro-Guatemaltecos-fotos-Edson-Bladimir-Bla-Lopez-9-1-768x512.jpg 768w, https:\/\/soymigrante.com\/revista\/wp-content\/uploads\/2025\/06\/Copa-de-Oro-Guatemaltecos-fotos-Edson-Bladimir-Bla-Lopez-9-1-1536x1024.jpg 1536w, https:\/\/soymigrante.com\/revista\/wp-content\/uploads\/2025\/06\/Copa-de-Oro-Guatemaltecos-fotos-Edson-Bladimir-Bla-Lopez-9-1-750x500.webp 750w, https:\/\/soymigrante.com\/revista\/wp-content\/uploads\/2025\/06\/Copa-de-Oro-Guatemaltecos-fotos-Edson-Bladimir-Bla-Lopez-9-1-1140x760.webp 1140w, https:\/\/soymigrante.com\/revista\/wp-content\/uploads\/2025\/06\/Copa-de-Oro-Guatemaltecos-fotos-Edson-Bladimir-Bla-Lopez-9-1.webp 1920w\" sizes=\"(max-width: 768px) 100vw, 768px\" title=\"El seleccionado Oscar Santis celebra el gol anotado a Jamaica que le dio su primera victoria a Guatemala en esta Copa Oro. &quot;Fue hist\u00f3rico porque hac\u00eda muchos a\u00f1os no se derrotaba a Jamaica&quot;. (Fotos Edson Bladimir L\u00f3pez) \u2013 SoyMigrante.com REVISTA\" \/>\t\t\t\t\t\t\t\t\t\t\t<figcaption class=\"widget-image-caption wp-caption-text\">Partido de f\u00fatbol internacional con jugadores en acci\u00f3n, la emoci\u00f3n en las gradas y la pasi\u00f3n por el deporte se reflejan en este vibrante encuentro deportivo.<\/figcaption>\n\t\t\t\t\t\t\t\t\t\t<\/figure>\n\t\t\t\t\t\t\t\t\t<\/div>\n\t\t\t\t\t<\/div>\n\t\t\t\t<\/div>\n\t\t<div data-particle_enable=\"false\" data-particle-mobile-disabled=\"false\" class=\"elementor-element elementor-element-a4e1af2 e-flex e-con-boxed e-con e-parent\" data-id=\"a4e1af2\" data-element_type=\"container\" data-e-type=\"container\">\n\t\t\t\t\t<div class=\"e-con-inner\">\n\t\t\t\t<div class=\"elementor-element elementor-element-df7830a elementor-widget elementor-widget-image\" data-id=\"df7830a\" data-element_type=\"widget\" data-e-type=\"widget\" data-widget_type=\"image.default\">\n\t\t\t\t\t\t\t\t\t\t\t\t<figure class=\"wp-caption\">\n\t\t\t\t\t\t\t\t\t\t<img loading=\"lazy\" decoding=\"async\" width=\"768\" height=\"512\" src=\"https:\/\/soymigrante.com\/revista\/wp-content\/uploads\/2025\/06\/Copa-de-Oro-Guatemaltecos-fotos-Edson-Bladimir-Bla-Lopez-12-1024x683.jpg\" class=\"attachment-large size-large wp-image-36568\" alt=\"Vendedor de parrillada en torneo de f\u00fatbol con aficionado disfrazado de jugador en las gradas pintado con el escudo de la selecci\u00f3n nacional.\" srcset=\"https:\/\/soymigrante.com\/revista\/wp-content\/uploads\/2025\/06\/Copa-de-Oro-Guatemaltecos-fotos-Edson-Bladimir-Bla-Lopez-12-1024x683.jpg 1024w, https:\/\/soymigrante.com\/revista\/wp-content\/uploads\/2025\/06\/Copa-de-Oro-Guatemaltecos-fotos-Edson-Bladimir-Bla-Lopez-12-300x200.jpg 300w, https:\/\/soymigrante.com\/revista\/wp-content\/uploads\/2025\/06\/Copa-de-Oro-Guatemaltecos-fotos-Edson-Bladimir-Bla-Lopez-12-768x512.jpg 768w, https:\/\/soymigrante.com\/revista\/wp-content\/uploads\/2025\/06\/Copa-de-Oro-Guatemaltecos-fotos-Edson-Bladimir-Bla-Lopez-12-1536x1024.jpg 1536w, https:\/\/soymigrante.com\/revista\/wp-content\/uploads\/2025\/06\/Copa-de-Oro-Guatemaltecos-fotos-Edson-Bladimir-Bla-Lopez-12-750x500.webp 750w, https:\/\/soymigrante.com\/revista\/wp-content\/uploads\/2025\/06\/Copa-de-Oro-Guatemaltecos-fotos-Edson-Bladimir-Bla-Lopez-12-1140x760.webp 1140w, https:\/\/soymigrante.com\/revista\/wp-content\/uploads\/2025\/06\/Copa-de-Oro-Guatemaltecos-fotos-Edson-Bladimir-Bla-Lopez-12.webp 1920w\" sizes=\"(max-width: 768px) 100vw, 768px\" title=\"Alegr\u00eda total. Captar este instante es un sue\u00f1o cumplido. (Fotograf\u00edas cortes\u00eda Edson Bladimir L\u00f3pez) \u2013 SoyMigrante.com REVISTA\" \/>\t\t\t\t\t\t\t\t\t\t\t<figcaption class=\"widget-image-caption wp-caption-text\">Revista SoyMigrante.com presenta historias y noticias de comunidad, cultura e integraci\u00f3n de migrantes en el mundo.<\/figcaption>\n\t\t\t\t\t\t\t\t\t\t<\/figure>\n\t\t\t\t\t\t\t\t\t<\/div>\n\t\t\t\t\t<\/div>\n\t\t\t\t<\/div>\n\t\t<div data-particle_enable=\"false\" data-particle-mobile-disabled=\"false\" class=\"elementor-element elementor-element-94cf5d0 e-flex e-con-boxed e-con e-parent\" data-id=\"94cf5d0\" data-element_type=\"container\" data-e-type=\"container\">\n\t\t\t\t\t<div class=\"e-con-inner\">\n\t\t\t\t<div class=\"elementor-element elementor-element-b46f336 elementor-widget elementor-widget-video\" data-id=\"b46f336\" data-element_type=\"widget\" data-e-type=\"widget\" data-settings=\"{&quot;video_type&quot;:&quot;hosted&quot;,&quot;controls&quot;:&quot;yes&quot;}\" data-widget_type=\"video.default\">\n\t\t\t\t\t\t\t<div class=\"e-hosted-video elementor-wrapper elementor-open-inline\">\n\t\t\t\t\t<video class=\"elementor-video\" src=\"https:\/\/soymigrante.com\/revista\/wp-content\/uploads\/2025\/06\/Copa-de-Oro-Guatemaltecos-fotos-Edson-Bladimir-Bla-Lopez-1.mp4\" controls=\"\" preload=\"metadata\" controlsList=\"nodownload\"><\/video>\n\t\t\t\t<\/div>\n\t\t\t\t\t\t<\/div>\n\t\t\t\t\t<\/div>\n\t\t\t\t<\/div>\n\t\t<div data-particle_enable=\"false\" data-particle-mobile-disabled=\"false\" class=\"elementor-element elementor-element-b1439e2 e-flex e-con-boxed e-con e-parent\" data-id=\"b1439e2\" data-element_type=\"container\" data-e-type=\"container\">\n\t\t\t\t\t<div class=\"e-con-inner\">\n\t\t\t\t<div class=\"elementor-element elementor-element-74fd328 elementor-widget elementor-widget-heading\" data-id=\"74fd328\" data-element_type=\"widget\" data-e-type=\"widget\" data-widget_type=\"heading.default\">\n\t\t\t\t\t<h2 class=\"elementor-heading-title elementor-size-default\">Arriba Guatemala<\/h2>\t\t\t\t<\/div>\n\t\t\t\t\t<\/div>\n\t\t\t\t<\/div>\n\t\t<div data-particle_enable=\"false\" data-particle-mobile-disabled=\"false\" class=\"elementor-element elementor-element-f7f50ae e-flex e-con-boxed e-con e-parent\" data-id=\"f7f50ae\" data-element_type=\"container\" data-e-type=\"container\">\n\t\t\t\t\t<div class=\"e-con-inner\">\n\t\t\t\t<div class=\"elementor-element elementor-element-6c2061b elementor-grid-eael-col-3 elementor-grid-tablet-eael-col-2 elementor-grid-mobile-eael-col-1 elementor-invisible elementor-widget elementor-widget-eael-post-grid\" data-id=\"6c2061b\" data-element_type=\"widget\" data-e-type=\"widget\" data-settings=\"{&quot;eael_post_grid_columns&quot;:&quot;eael-col-3&quot;,&quot;_animation&quot;:&quot;rollIn&quot;,&quot;eael_post_grid_columns_tablet&quot;:&quot;eael-col-2&quot;,&quot;eael_post_grid_columns_mobile&quot;:&quot;eael-col-1&quot;}\" data-widget_type=\"eael-post-grid.default\">\n\t\t\t\t\t<div id=\"eael-post-grid-6c2061b\" class=\"eael-post-grid-container\">\n            <div class=\"eael-post-grid eael-post-appender eael-post-appender-6c2061b eael-post-grid-style-one\" data-layout-mode=\"masonry\"><article class=\"eael-grid-post  eael-post-grid-column eael-pg-post-43238 category-simbolos-patrios-guate-nuestra\" data-id=\"43238\">\n        <div class=\"eael-grid-post-holder\">\n            <div class=\"eael-grid-post-holder-inner\"><div class=\"eael-entry-media\"><div class=\"eael-entry-overlay fade-in\"><i class=\"far fa-hand-pointer\" aria-hidden=\"true\"><\/i><a href=\"https:\/\/soymigrante.com\/revista\/guia-de-los-7-simbolos-patrios-de-guatemala-origen-fechas-y-mas\/\"><\/a><\/div><div class=\"eael-entry-thumbnail \">\n                <img loading=\"lazy\" decoding=\"async\" width=\"1000\" height=\"1000\" src=\"https:\/\/soymigrante.com\/revista\/wp-content\/uploads\/2025\/08\/migrantes-guatemaltecos-quetzal-fotografia-marcos-zarate.webp\" class=\"attachment-large size-large wp-image-43239\" alt=\"Colorido loro de la selva tropical con un pez en el pico, en medio de la naturaleza exuberante, representando biodiversidad y conservaci\u00f3n de especies en Am\u00e9rica Latina.\" srcset=\"https:\/\/soymigrante.com\/revista\/wp-content\/uploads\/2025\/08\/migrantes-guatemaltecos-quetzal-fotografia-marcos-zarate.webp 1000w, https:\/\/soymigrante.com\/revista\/wp-content\/uploads\/2025\/08\/migrantes-guatemaltecos-quetzal-fotografia-marcos-zarate-300x300.png 300w, https:\/\/soymigrante.com\/revista\/wp-content\/uploads\/2025\/08\/migrantes-guatemaltecos-quetzal-fotografia-marcos-zarate-150x150.png 150w, https:\/\/soymigrante.com\/revista\/wp-content\/uploads\/2025\/08\/migrantes-guatemaltecos-quetzal-fotografia-marcos-zarate-768x768.png 768w, https:\/\/soymigrante.com\/revista\/wp-content\/uploads\/2025\/08\/migrantes-guatemaltecos-quetzal-fotografia-marcos-zarate-75x75.webp 75w, https:\/\/soymigrante.com\/revista\/wp-content\/uploads\/2025\/08\/migrantes-guatemaltecos-quetzal-fotografia-marcos-zarate-750x750.webp 750w\" sizes=\"(max-width: 1000px) 100vw, 1000px\" \/>\n            <\/div>\n        <\/div><div class=\"eael-entry-wrapper\"><header class=\"eael-entry-header\"><h2 class=\"eael-entry-title\"><a class=\"eael-grid-post-link\" href=\"https:\/\/soymigrante.com\/revista\/guia-de-los-7-simbolos-patrios-de-guatemala-origen-fechas-y-mas\/\" title=\"Gu\u00eda de los 7 S\u00edmbolos Patrios de Guatemala: origen, fechas y m\u00e1s\">Gu\u00eda de los 7 S\u00edmbolos Patrios de Guatemala: origen, fechas y m\u00e1s<\/a><\/h2><\/header><div class=\"eael-entry-content\">\n                        <div class=\"eael-grid-post-excerpt\"><a href=\"https:\/\/soymigrante.com\/revista\/guia-de-los-7-simbolos-patrios-de-guatemala-origen-fechas-y-mas\/\" class=\"eael-post-elements-readmore-btn\">CONOCE SU HISTORIA <\/a><\/div>\n                    <\/div><\/div><\/div>\n        <\/div>\n    <\/article><article class=\"eael-grid-post  eael-post-grid-column eael-pg-post-26080 category-arte-cultura-simbolos-patrios-guate-nuestra\" data-id=\"26080\">\n        <div class=\"eael-grid-post-holder\">\n            <div class=\"eael-grid-post-holder-inner\"><div class=\"eael-entry-media\"><div class=\"eael-entry-overlay fade-in\"><i class=\"far fa-hand-pointer\" aria-hidden=\"true\"><\/i><a href=\"https:\/\/soymigrante.com\/revista\/lee-y-escucha-el-mas-famoso-poema-a-la-marimba-guatemalteca\/\"><\/a><\/div><div class=\"eael-entry-thumbnail \">\n                <img loading=\"lazy\" decoding=\"async\" width=\"1024\" height=\"1024\" src=\"https:\/\/soymigrante.com\/revista\/wp-content\/uploads\/2025\/02\/marimba-dia-de-la-marimba-1024x1024.jpg\" class=\"attachment-large size-large wp-image-26082\" alt=\"Ni\u00f1os tocando xil\u00f3fono en evento escolar en un espacio abierto con flores y \u00e1rboles.\" srcset=\"https:\/\/soymigrante.com\/revista\/wp-content\/uploads\/2025\/02\/marimba-dia-de-la-marimba-1024x1024.jpg 1024w, https:\/\/soymigrante.com\/revista\/wp-content\/uploads\/2025\/02\/marimba-dia-de-la-marimba-300x300.jpg 300w, https:\/\/soymigrante.com\/revista\/wp-content\/uploads\/2025\/02\/marimba-dia-de-la-marimba-150x150.jpg 150w, https:\/\/soymigrante.com\/revista\/wp-content\/uploads\/2025\/02\/marimba-dia-de-la-marimba-768x768.jpg 768w, https:\/\/soymigrante.com\/revista\/wp-content\/uploads\/2025\/02\/marimba-dia-de-la-marimba-75x75.webp 75w, https:\/\/soymigrante.com\/revista\/wp-content\/uploads\/2025\/02\/marimba-dia-de-la-marimba-750x750.webp 750w, https:\/\/soymigrante.com\/revista\/wp-content\/uploads\/2025\/02\/marimba-dia-de-la-marimba-1140x1140.webp 1140w, https:\/\/soymigrante.com\/revista\/wp-content\/uploads\/2025\/02\/marimba-dia-de-la-marimba.webp 1299w\" sizes=\"(max-width: 1024px) 100vw, 1024px\" \/>\n            <\/div>\n        <\/div><div class=\"eael-entry-wrapper\"><header class=\"eael-entry-header\"><h2 class=\"eael-entry-title\"><a class=\"eael-grid-post-link\" href=\"https:\/\/soymigrante.com\/revista\/lee-y-escucha-el-mas-famoso-poema-a-la-marimba-guatemalteca\/\" title=\"Lee y escucha el m\u00e1s famoso poema a la Marimba, Instrumento Nacional de Guatemala\">Lee y escucha el m\u00e1s famoso poema a la Marimba, Instrumento Nacional de Guatemala<\/a><\/h2><\/header><div class=\"eael-entry-content\">\n                        <div class=\"eael-grid-post-excerpt\"><a href=\"https:\/\/soymigrante.com\/revista\/lee-y-escucha-el-mas-famoso-poema-a-la-marimba-guatemalteca\/\" class=\"eael-post-elements-readmore-btn\">CONOCE SU HISTORIA <\/a><\/div>\n                    <\/div><\/div><\/div>\n        <\/div>\n    <\/article><article class=\"eael-grid-post  eael-post-grid-column eael-pg-post-7188 category-guate-nuestra-simbolos-patrios-guate-nuestra\" data-id=\"7188\">\n        <div class=\"eael-grid-post-holder\">\n            <div class=\"eael-grid-post-holder-inner\"><div class=\"eael-entry-media\"><div class=\"eael-entry-overlay fade-in\"><i class=\"far fa-hand-pointer\" aria-hidden=\"true\"><\/i><a href=\"https:\/\/soymigrante.com\/revista\/tecun-uman-500-anos-del-heroe-nacional-de-guatemala\/\"><\/a><\/div><div class=\"eael-entry-thumbnail \">\n                <img loading=\"lazy\" decoding=\"async\" width=\"697\" height=\"697\" src=\"https:\/\/soymigrante.com\/revista\/wp-content\/uploads\/2024\/06\/tecuncito-1.webp\" class=\"attachment-large size-large wp-image-7189\" alt=\"Tecun Uman o Tec\u00fan Um\u00e1n, con tildes para el buscador. Es el h\u00e9roe nacional de Guatemala desde 1960. Muri\u00f3 en batalla en febrero de 1524 y su nombre se escribi\u00f3 por primera vez hacia 1550 en el T\u00edtulo Coyoy, documento ind\u00edgena. Imagen generada por IA\" srcset=\"https:\/\/soymigrante.com\/revista\/wp-content\/uploads\/2024\/06\/tecuncito-1.webp 697w, https:\/\/soymigrante.com\/revista\/wp-content\/uploads\/2024\/06\/tecuncito-1-300x300.webp 300w, https:\/\/soymigrante.com\/revista\/wp-content\/uploads\/2024\/06\/tecuncito-1-150x150.webp 150w, https:\/\/soymigrante.com\/revista\/wp-content\/uploads\/2024\/06\/tecuncito-1-75x75.webp 75w\" sizes=\"(max-width: 697px) 100vw, 697px\" \/>\n            <\/div>\n        <\/div><div class=\"eael-entry-wrapper\"><header class=\"eael-entry-header\"><h2 class=\"eael-entry-title\"><a class=\"eael-grid-post-link\" href=\"https:\/\/soymigrante.com\/revista\/tecun-uman-500-anos-del-heroe-nacional-de-guatemala\/\" title=\"\u00bfCu\u00e1ndo se conmemora el D\u00eda de Tec\u00fan Uman H\u00e9roe Nacional de Guatemala?\">\u00bfCu\u00e1ndo se conmemora el D\u00eda de Tec\u00fan Uman H\u00e9roe Nacional de Guatemala?<\/a><\/h2><\/header><div class=\"eael-entry-content\">\n                        <div class=\"eael-grid-post-excerpt\"><a href=\"https:\/\/soymigrante.com\/revista\/tecun-uman-500-anos-del-heroe-nacional-de-guatemala\/\" class=\"eael-post-elements-readmore-btn\">CONOCE SU HISTORIA <\/a><\/div>\n                    <\/div><\/div><\/div>\n        <\/div>\n    <\/article><\/div>\n            <div class=\"clearfix\"><\/div>\n        <\/div>            <div class=\"eael-load-more-button-wrap eael-force-hide\">\n                <button class=\"eael-load-more-button\" id=\"eael-load-more-btn-6c2061b\" data-widget-id=\"6c2061b\" data-widget=\"6c2061b\" data-page-id=\"36452\" data-template=\"{&quot;dir&quot;:&quot;lite&quot;,&quot;file_name&quot;:&quot;one.php&quot;,&quot;name&quot;:&quot;Post-Grid&quot;}\" data-class=\"Essential_Addons_Elementor\\Elements\\Post_Grid\" data-layout=\"masonry\" data-page=\"1\" data-args=\"orderby=date&amp;order=desc&amp;ignore_sticky_posts=1&amp;post_status=publish&amp;posts_per_page=3&amp;offset=0&amp;post_type=post&amp;tax_query%5B0%5D%5Btaxonomy%5D=category&amp;tax_query%5B0%5D%5Bfield%5D=term_id&amp;tax_query%5B0%5D%5Bterms%5D%5B0%5D=96&amp;tax_query%5Brelation%5D=AND\" data-max-page=\"5\">\n                    <span class=\"eael-btn-loader button__loader\"><\/span>\n                    <span class=\"eael_load_more_text\">Load More<\/span>\n                <\/button>\n            <\/div>\n            \t\t\t\t<\/div>\n\t\t\t\t\t<\/div>\n\t\t\t\t<\/div>\n\t\t\t\t<\/div>\n\t\t","protected":false},"excerpt":{"rendered":"<p>Viene el juego Guatemala-Panam\u00e1 en la Copa Oro pero para la historia est\u00e1 el j\u00fabilo del triunfo 1-0 contra Jamaica. &#8220;Ver miles de almas alentando a Guatemala fue fant\u00e1stico&#8221;, dice el fot\u00f3grafo Edson Bladimir L\u00f3pez quien retrat\u00f3 esa uni\u00f3n desde la gramilla. &#8220;Al principio se miraba muy poca gente faltando dos horas para el juego [&hellip;]<\/p>\n","protected":false},"author":7,"featured_media":36546,"comment_status":"open","ping_status":"open","sticky":false,"template":"","format":"standard","meta":{"_acf_changed":false,"_eb_attr":"","footnotes":""},"categories":[54],"tags":[],"class_list":["post-36452","post","type-post","status-publish","format-standard","has-post-thumbnail","hentry","category-estamos-unidos"],"acf":[],"aioseo_notices":[],"aioseo_head":"\n\t\t<!-- All in One SEO Pro 4.9.6.2 - aioseo.com -->\n\t<meta name=\"description\" content=\"El combate del guerrero k&#039;iche&#039; contra el invasor Pedro de Alvarado fue en febrero de 1524. Conoce m\u00e1s sobre el H\u00e9roe Nacional de Guatemala.\" \/>\n\t<meta name=\"robots\" content=\"max-snippet:-1, max-image-preview:large, max-video-preview:-1\" \/>\n\t<meta name=\"author\" content=\"SoyMigrante.com REVISTA\"\/>\n\t<link rel=\"canonical\" href=\"https:\/\/soymigrante.com\/revista\/tecun-uman-500-anos-del-heroe-nacional-de-guatemala\/\" \/>\n\t<meta name=\"generator\" content=\"All in One SEO Pro (AIOSEO) 4.9.6.2\" \/>\n\n\t\t<link rel=\"preconnect\" href=\"https:\/\/fonts.googleapis.com\" crossorigin>\n<link rel=\"preconnect\" href=\"https:\/\/fonts.gstatic.com\" crossorigin>\n\t\t<meta property=\"og:locale\" content=\"es_ES\" \/>\n\t\t<meta property=\"og:site_name\" content=\"SoyMigrante.com REVISTA \u2013 Nuestra misi\u00f3n es reconocer y dignificar al migrante.\" \/>\n\t\t<meta property=\"og:type\" content=\"article\" \/>\n\t\t<meta property=\"og:title\" content=\"\u00bfEn qu\u00e9 fecha de febrero es el D\u00eda de Tec\u00fan Um\u00e1n?\" \/>\n\t\t<meta property=\"og:description\" content=\"El combate del guerrero k&#039;iche&#039; contra el invasor Pedro de Alvarado fue en febrero de 1524. Conoce m\u00e1s sobre el H\u00e9roe Nacional de Guatemala.\" \/>\n\t\t<meta property=\"og:url\" content=\"https:\/\/soymigrante.com\/revista\/tecun-uman-500-anos-del-heroe-nacional-de-guatemala\/\" \/>\n\t\t<meta property=\"og:image\" content=\"https:\/\/soymigrante.com\/revista\/wp-content\/uploads\/2024\/06\/tecuncito-1.webp\" \/>\n\t\t<meta property=\"og:image:secure_url\" content=\"https:\/\/soymigrante.com\/revista\/wp-content\/uploads\/2024\/06\/tecuncito-1.webp\" \/>\n\t\t<meta property=\"og:image:width\" content=\"697\" \/>\n\t\t<meta property=\"og:image:height\" content=\"697\" \/>\n\t\t<meta property=\"article:published_time\" content=\"2026-02-15T18:53:40+00:00\" \/>\n\t\t<meta property=\"article:modified_time\" content=\"2026-02-15T18:53:47+00:00\" \/>\n\t\t<meta property=\"article:publisher\" content=\"https:\/\/www.facebook.com\/soymigrantecom\" \/>\n\t\t<meta name=\"twitter:card\" content=\"summary_large_image\" \/>\n\t\t<meta name=\"twitter:site\" content=\"@SoyMigrante_com\" \/>\n\t\t<meta name=\"twitter:title\" content=\"\u00bfEn qu\u00e9 fecha de febrero es el D\u00eda de Tec\u00fan Um\u00e1n?\" \/>\n\t\t<meta name=\"twitter:description\" content=\"El combate del guerrero k&#039;iche&#039; contra el invasor Pedro de Alvarado fue en febrero de 1524. Conoce m\u00e1s sobre el H\u00e9roe Nacional de Guatemala.\" \/>\n\t\t<meta name=\"twitter:creator\" content=\"@SoyMigrante_com\" \/>\n\t\t<meta name=\"twitter:image\" content=\"https:\/\/soymigrante.com\/revista\/wp-content\/uploads\/2024\/06\/tecuncito-1.webp\" \/>\n\t\t<!-- All in One SEO Pro -->\r\n\t\t<title>\u00bfEn qu\u00e9 fecha de febrero es el D\u00eda de Tec\u00fan Um\u00e1n?<\/title>\n\n","aioseo_head_json":{"title":"\u00bfEn qu\u00e9 fecha de febrero es el D\u00eda de Tec\u00fan Um\u00e1n?","description":"El combate del guerrero k'iche' contra el invasor Pedro de Alvarado fue en febrero de 1524. Conoce m\u00e1s sobre el H\u00e9roe Nacional de Guatemala.","canonical_url":"https:\/\/soymigrante.com\/revista\/tecun-uman-500-anos-del-heroe-nacional-de-guatemala\/","robots":"max-snippet:-1, max-image-preview:large, max-video-preview:-1","keywords":"","webmasterTools":{"miscellaneous":"&lt;link rel=\"preconnect\" href=\"https:\/\/fonts.googleapis.com\" crossorigin&gt;\n&lt;link rel=\"preconnect\" href=\"https:\/\/fonts.gstatic.com\" crossorigin&gt;"},"schema":null,"og:locale":"es_ES","og:site_name":"SoyMigrante.com REVISTA \u2013 Nuestra misi\u00f3n es reconocer y dignificar al migrante.","og:type":"article","og:title":"\u00bfEn qu\u00e9 fecha de febrero es el D\u00eda de Tec\u00fan Um\u00e1n?","og:description":"El combate del guerrero k'iche' contra el invasor Pedro de Alvarado fue en febrero de 1524. Conoce m\u00e1s sobre el H\u00e9roe Nacional de Guatemala.","og:url":"https:\/\/soymigrante.com\/revista\/tecun-uman-500-anos-del-heroe-nacional-de-guatemala\/","og:image":"https:\/\/soymigrante.com\/revista\/wp-content\/uploads\/2024\/06\/tecuncito-1.webp","og:image:secure_url":"https:\/\/soymigrante.com\/revista\/wp-content\/uploads\/2024\/06\/tecuncito-1.webp","og:image:width":697,"og:image:height":697,"article:published_time":"2026-02-15T18:53:40+00:00","article:modified_time":"2026-02-15T18:53:47+00:00","article:publisher":"https:\/\/www.facebook.com\/soymigrantecom","twitter:card":"summary_large_image","twitter:site":"@SoyMigrante_com","twitter:title":"\u00bfEn qu\u00e9 fecha de febrero es el D\u00eda de Tec\u00fan Um\u00e1n?","twitter:description":"El combate del guerrero k'iche' contra el invasor Pedro de Alvarado fue en febrero de 1524. Conoce m\u00e1s sobre el H\u00e9roe Nacional de Guatemala.","twitter:creator":"@SoyMigrante_com","twitter:image":"https:\/\/soymigrante.com\/revista\/wp-content\/uploads\/2024\/06\/tecuncito-1.webp"},"aioseo_meta_data":{"post_id":"36452","title":"Copa Oro 2025: Alegr\u00eda guatemalteca brilla en im\u00e1genes","description":"As\u00ed relata y retrata el fot\u00f3grafo migrante guatemalteco Edson Bladimir L\u00f3pez j\u00fabilo chap\u00edn en apoyo a la Selecci\u00f3n bicolor en estadio Dignity Health de Los Angeles.","keywords":null,"keyphrases":{"focus":{"keyphrase":"Copa Oro","score":60,"analysis":{"keyphraseInTitle":{"score":9,"maxScore":9,"error":0},"keyphraseInDescription":{"score":3,"maxScore":9,"error":1},"keyphraseLength":{"score":9,"maxScore":9,"error":0,"length":2},"keyphraseInURL":{"score":5,"maxScore":5,"error":0},"keyphraseInIntroduction":{"score":3,"maxScore":9,"error":1},"keyphraseInSubHeadings":{"score":3,"maxScore":9,"error":1},"keyphraseInImageAlt":{"score":9,"maxScore":9,"error":0},"keywordDensity":{"score":0,"type":"low","maxScore":9,"error":1}}},"additional":[{"keyphrase":"Guatemala","score":73,"analysis":{"keyphraseInDescription":{"score":3,"maxScore":9,"error":1},"keyphraseLength":{"score":9,"maxScore":9,"error":0,"length":1},"keyphraseInIntroduction":{"score":3,"maxScore":9,"error":1},"keyphraseInImageAlt":{"score":9,"maxScore":9,"error":0},"keywordDensity":{"type":"best","score":9,"maxScore":9,"error":0}}},{"keyphrase":"Gol","score":73,"analysis":{"keyphraseInDescription":{"score":3,"maxScore":9,"error":1},"keyphraseLength":{"score":9,"maxScore":9,"error":0,"length":1},"keyphraseInIntroduction":{"score":3,"maxScore":9,"error":1},"keyphraseInImageAlt":{"score":9,"maxScore":9,"error":0},"keywordDensity":{"type":"best","score":9,"maxScore":9,"error":0}}},{"keyphrase":"Alegr\u00eda","score":67,"analysis":{"keyphraseInDescription":{"score":3,"maxScore":9,"error":1},"keyphraseLength":{"score":9,"maxScore":9,"error":0,"length":2},"keyphraseInIntroduction":{"score":9,"maxScore":9,"error":0},"keyphraseInImageAlt":{"score":9,"maxScore":9,"error":0},"keywordDensity":{"score":0,"type":"low","maxScore":9,"error":1}}},{"keyphrase":"Guatemalteca","score":53,"analysis":{"keyphraseInDescription":{"score":3,"maxScore":9,"error":1},"keyphraseLength":{"score":9,"maxScore":9,"error":0,"length":1},"keyphraseInIntroduction":{"score":9,"maxScore":9,"error":0},"keyphraseInImageAlt":{"score":3,"maxScore":9,"error":1},"keywordDensity":{"score":0,"type":"low","maxScore":9,"error":1}}},{"keyphrase":"Guatemalteco","score":87,"analysis":{"keyphraseInDescription":{"score":9,"maxScore":9,"error":0},"keyphraseLength":{"score":9,"maxScore":9,"error":0,"length":1},"keyphraseInIntroduction":{"score":3,"maxScore":9,"error":1},"keyphraseInImageAlt":{"score":9,"maxScore":9,"error":0},"keywordDensity":{"type":"best","score":9,"maxScore":9,"error":0}}},{"keyphrase":"En im\u00e1genes","score":40,"analysis":{"keyphraseInDescription":{"score":3,"maxScore":9,"error":1},"keyphraseLength":{"score":9,"maxScore":9,"error":0,"length":3},"keyphraseInIntroduction":{"score":3,"maxScore":9,"error":1},"keyphraseInImageAlt":{"score":3,"maxScore":9,"error":1},"keywordDensity":{"score":0,"type":"low","maxScore":9,"error":1}}}]},"primary_term":null,"canonical_url":null,"og_title":null,"og_description":null,"og_object_type":"default","og_image_type":"default","og_image_url":null,"og_image_width":null,"og_image_height":null,"og_image_custom_url":null,"og_image_custom_fields":null,"og_video":"","og_custom_url":null,"og_article_section":null,"og_article_tags":null,"twitter_use_og":false,"twitter_card":"default","twitter_image_type":"default","twitter_image_url":null,"twitter_image_custom_url":null,"twitter_image_custom_fields":null,"twitter_title":null,"twitter_description":null,"schema":{"blockGraphs":[],"customGraphs":[],"default":{"data":{"Article":[],"Course":[],"Dataset":[],"FAQPage":[],"Movie":[],"Person":[],"Product":[],"ProductReview":[],"Car":[],"Recipe":[],"Service":[],"SoftwareApplication":[],"WebPage":[]},"graphName":"none","isEnabled":true},"graphs":[]},"schema_type":"default","schema_type_options":null,"pillar_content":false,"robots_default":true,"robots_noindex":false,"robots_noarchive":false,"robots_nosnippet":false,"robots_nofollow":false,"robots_noimageindex":false,"robots_noodp":false,"robots_notranslate":false,"robots_max_snippet":"-1","robots_max_videopreview":"-1","robots_max_imagepreview":"large","priority":null,"frequency":"default","local_seo":null,"seo_analyzer_scan_date":"2025-10-09 06:00:12","breadcrumb_settings":null,"limit_modified_date":false,"reviewed_by":"0","open_ai":"{\"title\":{\"suggestions\":[],\"usage\":0},\"description\":{\"suggestions\":[],\"usage\":0}}","ai":null,"created":"2025-06-17 16:24:09","updated":"2026-02-05 01:15:29"},"aioseo_breadcrumb":"<div class=\"aioseo-breadcrumbs\"><span class=\"aioseo-breadcrumb\">\n\t<a href=\"https:\/\/soymigrante.com\/revista\" title=\"Home\">Home<\/a>\n<\/span><span class=\"aioseo-breadcrumb-separator\">\u00bb<\/span><span class=\"aioseo-breadcrumb\">\n\t<a href=\"https:\/\/soymigrante.com\/revista\/category\/estamos-unidos\/\" title=\"Estamos Unidos\">Estamos Unidos<\/a>\n<\/span><span class=\"aioseo-breadcrumb-separator\">\u00bb<\/span><span class=\"aioseo-breadcrumb\">\n\tAlegr\u00eda guatemalteca en Copa Oro 2025 captada por el fot\u00f3grafo migrante Edson L\u00f3pez\n<\/span><\/div>","aioseo_breadcrumb_json":[{"label":"Home","link":"https:\/\/soymigrante.com\/revista"},{"label":"Estamos Unidos","link":"https:\/\/soymigrante.com\/revista\/category\/estamos-unidos\/"},{"label":"Alegr\u00eda guatemalteca en Copa Oro 2025 captada por el fot\u00f3grafo migrante Edson L\u00f3pez","link":"https:\/\/soymigrante.com\/revista\/guatemala-copa-oro-migrantes-guatemaltecos-fotografo-migrante-alegria\/"}],"_links":{"self":[{"href":"https:\/\/soymigrante.com\/revista\/wp-json\/wp\/v2\/posts\/36452","targetHints":{"allow":["GET"]}}],"collection":[{"href":"https:\/\/soymigrante.com\/revista\/wp-json\/wp\/v2\/posts"}],"about":[{"href":"https:\/\/soymigrante.com\/revista\/wp-json\/wp\/v2\/types\/post"}],"author":[{"embeddable":true,"href":"https:\/\/soymigrante.com\/revista\/wp-json\/wp\/v2\/users\/7"}],"replies":[{"embeddable":true,"href":"https:\/\/soymigrante.com\/revista\/wp-json\/wp\/v2\/comments?post=36452"}],"version-history":[{"count":22,"href":"https:\/\/soymigrante.com\/revista\/wp-json\/wp\/v2\/posts\/36452\/revisions"}],"predecessor-version":[{"id":36733,"href":"https:\/\/soymigrante.com\/revista\/wp-json\/wp\/v2\/posts\/36452\/revisions\/36733"}],"wp:featuredmedia":[{"embeddable":true,"href":"https:\/\/soymigrante.com\/revista\/wp-json\/wp\/v2\/media\/36546"}],"wp:attachment":[{"href":"https:\/\/soymigrante.com\/revista\/wp-json\/wp\/v2\/media?parent=36452"}],"wp:term":[{"taxonomy":"category","embeddable":true,"href":"https:\/\/soymigrante.com\/revista\/wp-json\/wp\/v2\/categories?post=36452"},{"taxonomy":"post_tag","embeddable":true,"href":"https:\/\/soymigrante.com\/revista\/wp-json\/wp\/v2\/tags?post=36452"}],"curies":[{"name":"wp","href":"https:\/\/api.w.org\/{rel}","templated":true}]}}