{"id":36441,"date":"2025-06-17T06:00:00","date_gmt":"2025-06-17T12:00:00","guid":{"rendered":"https:\/\/soymigrante.com\/revista\/?p=36441"},"modified":"2025-06-16T23:20:55","modified_gmt":"2025-06-17T05:20:55","slug":"siete-historias-inspiradoras-de-padres-guatemaltecos-migrantes","status":"publish","type":"post","link":"https:\/\/soymigrante.com\/revista\/siete-historias-inspiradoras-de-padres-guatemaltecos-migrantes\/","title":{"rendered":"Siete historias inspiradoras de padres guatemaltecos migrantes"},"content":{"rendered":"\t\t<div data-elementor-type=\"wp-post\" data-elementor-id=\"36441\" class=\"elementor elementor-36441\" data-elementor-post-type=\"post\">\n\t\t\t\t<div data-particle_enable=\"false\" data-particle-mobile-disabled=\"false\" class=\"elementor-element elementor-element-b5d2318 e-flex e-con-boxed e-con e-parent\" data-id=\"b5d2318\" data-element_type=\"container\" data-e-type=\"container\">\n\t\t\t\t\t<div class=\"e-con-inner\">\n\t\t\t\t<div class=\"elementor-element elementor-element-687332a elementor-widget elementor-widget-heading\" data-id=\"687332a\" data-element_type=\"widget\" data-e-type=\"widget\" data-widget_type=\"heading.default\">\n\t\t\t\t\t<h2 class=\"elementor-heading-title elementor-size-default\">En Estados Unidos el D\u00eda del Padre cay\u00f3 en 15 de junio (tercer domingo de mes) y en Guatemala es, fijo, el 17 de junio: ocasi\u00f3n perfecta para reconocer y valorar el aporte, amor y trabajo de tantos guatemaltecos por sus hijos.<\/h2>\t\t\t\t<\/div>\n\t\t\t\t\t<\/div>\n\t\t\t\t<\/div>\n\t\t<div data-particle_enable=\"false\" data-particle-mobile-disabled=\"false\" class=\"elementor-element elementor-element-fce06bf e-flex e-con-boxed e-con e-parent\" data-id=\"fce06bf\" data-element_type=\"container\" data-e-type=\"container\">\n\t\t\t\t\t<div class=\"e-con-inner\">\n\t\t\t\t<div class=\"elementor-element elementor-element-cd9fd32 elementor-widget elementor-widget-text-editor\" data-id=\"cd9fd32\" data-element_type=\"widget\" data-e-type=\"widget\" data-widget_type=\"text-editor.default\">\n\t\t\t\t\t\t\t\t\t<p>En este medio a\u00f1o en SoyMigrante.com\/Revista hemos tenido fant\u00e1sticos e inspiradores relatos de vida de padres guatemaltecos. En diversos campos productivos, con historias \u00fanicas y constante inspiraci\u00f3n en sus hijos y nietos, estos hombres buscan la excelencia, la innovaci\u00f3n, la constante creatividad y la superaci\u00f3n de sus hijos. Su vida es testimonio. Su testimonio es ejemplo. Su ejemplo es todo un homenaje a los grandes valores guatemaltecos.\u00a0<\/p>\t\t\t\t\t\t\t\t<\/div>\n\t\t\t\t\t<\/div>\n\t\t\t\t<\/div>\n\t\t<div data-particle_enable=\"false\" data-particle-mobile-disabled=\"false\" class=\"elementor-element elementor-element-c911ae2 e-flex e-con-boxed e-con e-parent\" data-id=\"c911ae2\" data-element_type=\"container\" data-e-type=\"container\">\n\t\t\t\t\t<div class=\"e-con-inner\">\n\t\t\t\t<div class=\"elementor-element elementor-element-5ba6833 elementor-grid-eael-col-1 elementor-grid-tablet-eael-col-2 elementor-grid-mobile-eael-col-1 elementor-invisible elementor-widget elementor-widget-eael-post-grid\" data-id=\"5ba6833\" data-element_type=\"widget\" data-e-type=\"widget\" data-settings=\"{&quot;eael_post_grid_columns&quot;:&quot;eael-col-1&quot;,&quot;_animation&quot;:&quot;rollIn&quot;,&quot;eael_post_grid_columns_tablet&quot;:&quot;eael-col-2&quot;,&quot;eael_post_grid_columns_mobile&quot;:&quot;eael-col-1&quot;}\" data-widget_type=\"eael-post-grid.default\">\n\t\t\t\t\t<div id=\"eael-post-grid-5ba6833\" class=\"eael-post-grid-container\">\n            <div class=\"eael-post-grid eael-post-appender eael-post-appender-5ba6833 eael-post-grid-style-one\" data-layout-mode=\"masonry\"><article class=\"eael-grid-post  eael-post-grid-column eael-pg-post-19522 category-exitos\" data-id=\"19522\">\n        <div class=\"eael-grid-post-holder\">\n            <div class=\"eael-grid-post-holder-inner\"><div class=\"eael-entry-media\"><div class=\"eael-entry-overlay fade-in\"><i class=\"far fa-hand-pointer\" aria-hidden=\"true\"><\/i><a href=\"https:\/\/soymigrante.com\/revista\/lui-donis-radio-viejo-guatemalteco-musico-los-angeles\/\"><\/a><\/div><div class=\"eael-entry-thumbnail eael-image-ratio\">\n                <img fetchpriority=\"high\" decoding=\"async\" width=\"1011\" height=\"1011\" src=\"https:\/\/soymigrante.com\/revista\/wp-content\/uploads\/2025\/01\/luigi-donis-2.webp\" class=\"attachment-large size-large wp-image-19524\" alt=\"Discurso y m\u00fasica en celebraci\u00f3n de inmigrantes en una multitud en un evento cultural y social.\" srcset=\"https:\/\/soymigrante.com\/revista\/wp-content\/uploads\/2025\/01\/luigi-donis-2.webp 1011w, https:\/\/soymigrante.com\/revista\/wp-content\/uploads\/2025\/01\/luigi-donis-2-300x300.jpg 300w, https:\/\/soymigrante.com\/revista\/wp-content\/uploads\/2025\/01\/luigi-donis-2-150x150.jpg 150w, https:\/\/soymigrante.com\/revista\/wp-content\/uploads\/2025\/01\/luigi-donis-2-768x768.jpg 768w, https:\/\/soymigrante.com\/revista\/wp-content\/uploads\/2025\/01\/luigi-donis-2-75x75.webp 75w, https:\/\/soymigrante.com\/revista\/wp-content\/uploads\/2025\/01\/luigi-donis-2-750x750.webp 750w\" sizes=\"(max-width: 1011px) 100vw, 1011px\" \/>\n            <\/div>\n        <\/div><div class=\"eael-entry-wrapper\"><header class=\"eael-entry-header\"><h2 class=\"eael-entry-title\"><a class=\"eael-grid-post-link\" href=\"https:\/\/soymigrante.com\/revista\/lui-donis-radio-viejo-guatemalteco-musico-los-angeles\/\" title=\"Volviendo a nacer como m\u00fasico, pap\u00e1 y guatemalteco en Los Angeles: Lui Donis, de Radio Viejo\">Volviendo a nacer como m\u00fasico, pap\u00e1 y guatemalteco en Los Angeles: Lui Donis, de Radio Viejo<\/a><\/h2><\/header><div class=\"eael-entry-content\">\n                        <div class=\"eael-grid-post-excerpt\"><p>Despu\u00e9s de 12 a\u00f1os en Los Angeles, California, Lui Donis, cantante, compositor y vocalista de la banda guatemalteca Radio Viejo, se confiesa en constante renovaci\u00f3n y desaf\u00edo, como pap\u00e1, como esposo, tambi\u00e9n como guatemalteco. Historias, vivencias, anhelos y canciones se cruzan en la conversaci\u00f3n. &#8220;Aqu\u00ed en Los Angeles he encontrado...<\/p><a href=\"https:\/\/soymigrante.com\/revista\/lui-donis-radio-viejo-guatemalteco-musico-los-angeles\/\" class=\"eael-post-elements-readmore-btn\">SIGUE LEYENDO, TE INSPIRAR\u00c1<\/a><\/div>\n                    <\/div><\/div><\/div>\n        <\/div>\n    <\/article><article class=\"eael-grid-post  eael-post-grid-column eael-pg-post-32026 category-exitos-guatemala\" data-id=\"32026\">\n        <div class=\"eael-grid-post-holder\">\n            <div class=\"eael-grid-post-holder-inner\"><div class=\"eael-entry-media\"><div class=\"eael-entry-overlay fade-in\"><i class=\"far fa-hand-pointer\" aria-hidden=\"true\"><\/i><a href=\"https:\/\/soymigrante.com\/revista\/migrante-guatemalteco-julio-veras-miami-vende-casas-bienes-raices-historia\/\"><\/a><\/div><div class=\"eael-entry-thumbnail eael-image-ratio\">\n                <img decoding=\"async\" width=\"1024\" height=\"1024\" src=\"https:\/\/soymigrante.com\/revista\/wp-content\/uploads\/2025\/04\/julio-veras-guatemalteco-miami-real-estate-1024x1024.png\" class=\"attachment-large size-large wp-image-32027\" alt=\"Casa moderna con plano de vivienda en dise\u00f1o arquitect\u00f3nico y un hombre sonriendo y dando un pulgar arriba.\" srcset=\"https:\/\/soymigrante.com\/revista\/wp-content\/uploads\/2025\/04\/julio-veras-guatemalteco-miami-real-estate-1024x1024.png 1024w, https:\/\/soymigrante.com\/revista\/wp-content\/uploads\/2025\/04\/julio-veras-guatemalteco-miami-real-estate-300x300.png 300w, https:\/\/soymigrante.com\/revista\/wp-content\/uploads\/2025\/04\/julio-veras-guatemalteco-miami-real-estate-150x150.png 150w, https:\/\/soymigrante.com\/revista\/wp-content\/uploads\/2025\/04\/julio-veras-guatemalteco-miami-real-estate-768x768.png 768w, https:\/\/soymigrante.com\/revista\/wp-content\/uploads\/2025\/04\/julio-veras-guatemalteco-miami-real-estate-75x75.png 75w, https:\/\/soymigrante.com\/revista\/wp-content\/uploads\/2025\/04\/julio-veras-guatemalteco-miami-real-estate-750x750.png 750w, https:\/\/soymigrante.com\/revista\/wp-content\/uploads\/2025\/04\/julio-veras-guatemalteco-miami-real-estate.png 1120w\" sizes=\"(max-width: 1024px) 100vw, 1024px\" \/>\n            <\/div>\n        <\/div><div class=\"eael-entry-wrapper\"><header class=\"eael-entry-header\"><h2 class=\"eael-entry-title\"><a class=\"eael-grid-post-link\" href=\"https:\/\/soymigrante.com\/revista\/migrante-guatemalteco-julio-veras-miami-vende-casas-bienes-raices-historia\/\" title=\"Vend\u00eda ollas de casa en casa y ahora vende casas: Julio Veras, emprendedor en Miami\">Vend\u00eda ollas de casa en casa y ahora vende casas: Julio Veras, emprendedor en Miami<\/a><\/h2><\/header><div class=\"eael-entry-content\">\n                        <div class=\"eael-grid-post-excerpt\"><p>El guatemalteco Julio Veras lleva 35 a\u00f1os en Estados Unidos. Es un exitoso empresario en el sector de bienes ra\u00edces y la industria restaurantera. No le fue muy bien en sus primeros trabajos, pero esas lecciones lo han llevado muy alto. Esta es su historia. Julio Veras cumpli\u00f3 18 a\u00f1os...<\/p><a href=\"https:\/\/soymigrante.com\/revista\/migrante-guatemalteco-julio-veras-miami-vende-casas-bienes-raices-historia\/\" class=\"eael-post-elements-readmore-btn\">SIGUE LEYENDO, TE INSPIRAR\u00c1<\/a><\/div>\n                    <\/div><\/div><\/div>\n        <\/div>\n    <\/article><article class=\"eael-grid-post  eael-post-grid-column eael-pg-post-31525 category-exitos-guatemala\" data-id=\"31525\">\n        <div class=\"eael-grid-post-holder\">\n            <div class=\"eael-grid-post-holder-inner\"><div class=\"eael-entry-media\"><div class=\"eael-entry-overlay fade-in\"><i class=\"far fa-hand-pointer\" aria-hidden=\"true\"><\/i><a href=\"https:\/\/soymigrante.com\/revista\/melvin-falla-migrante-guatemalteco-locutor-radio-solidaridad-minnesota\/\"><\/a><\/div><div class=\"eael-entry-thumbnail eael-image-ratio\">\n                <img decoding=\"async\" width=\"954\" height=\"954\" src=\"https:\/\/soymigrante.com\/revista\/wp-content\/uploads\/2025\/04\/melvin-falla-migrante-guatemalteco-minnesota.jpg\" class=\"attachment-large size-large wp-image-31526\" alt=\"Radioaficionado con auriculares en estudio de grabaci\u00f3n, promocionando SoyMigrante.com Revista sobre migraci\u00f3n, cultura y comunidad en medio de entorno profesional de radio y comunicaci\u00f3n.\" srcset=\"https:\/\/soymigrante.com\/revista\/wp-content\/uploads\/2025\/04\/melvin-falla-migrante-guatemalteco-minnesota.jpg 954w, https:\/\/soymigrante.com\/revista\/wp-content\/uploads\/2025\/04\/melvin-falla-migrante-guatemalteco-minnesota-300x300.jpg 300w, https:\/\/soymigrante.com\/revista\/wp-content\/uploads\/2025\/04\/melvin-falla-migrante-guatemalteco-minnesota-150x150.jpg 150w, https:\/\/soymigrante.com\/revista\/wp-content\/uploads\/2025\/04\/melvin-falla-migrante-guatemalteco-minnesota-768x768.jpg 768w, https:\/\/soymigrante.com\/revista\/wp-content\/uploads\/2025\/04\/melvin-falla-migrante-guatemalteco-minnesota-75x75.jpg 75w, https:\/\/soymigrante.com\/revista\/wp-content\/uploads\/2025\/04\/melvin-falla-migrante-guatemalteco-minnesota-750x750.jpg 750w\" sizes=\"(max-width: 954px) 100vw, 954px\" \/>\n            <\/div>\n        <\/div><div class=\"eael-entry-wrapper\"><header class=\"eael-entry-header\"><h2 class=\"eael-entry-title\"><a class=\"eael-grid-post-link\" href=\"https:\/\/soymigrante.com\/revista\/melvin-falla-migrante-guatemalteco-locutor-radio-solidaridad-minnesota\/\" title=\"Melvin Falla: voz al aire que es puente, abrazo y solidaridad entre Minnesota y Guatemala\">Melvin Falla: voz al aire que es puente, abrazo y solidaridad entre Minnesota y Guatemala<\/a><\/h2><\/header><div class=\"eael-entry-content\">\n                        <div class=\"eael-grid-post-excerpt\"><p>Tres d\u00e9cadas y media en Estados Unidos no han bastado para que Melvin Falla se olvide de su natal Estancia de la Virgen, aldea de San Crist\u00f3bal Acasaguastl\u00e1n, El Progreso. Locutor e impulsor de m\u00faltiples ayudas, tiene el sue\u00f1o de instalar su radio Stereo Stancia, en su tierra. Con apenas...<\/p><a href=\"https:\/\/soymigrante.com\/revista\/melvin-falla-migrante-guatemalteco-locutor-radio-solidaridad-minnesota\/\" class=\"eael-post-elements-readmore-btn\">SIGUE LEYENDO, TE INSPIRAR\u00c1<\/a><\/div>\n                    <\/div><\/div><\/div>\n        <\/div>\n    <\/article><article class=\"eael-grid-post  eael-post-grid-column eael-pg-post-35255 category-exitos-guatemala\" data-id=\"35255\">\n        <div class=\"eael-grid-post-holder\">\n            <div class=\"eael-grid-post-holder-inner\"><div class=\"eael-entry-media\"><div class=\"eael-entry-overlay fade-in\"><i class=\"far fa-hand-pointer\" aria-hidden=\"true\"><\/i><a href=\"https:\/\/soymigrante.com\/revista\/guatemalteco-rey-garcia-salas-capitan-del-ejercito-canadiense-los-migrantes-aportamos-mucho\/\"><\/a><\/div><div class=\"eael-entry-thumbnail eael-image-ratio\">\n                <img loading=\"lazy\" decoding=\"async\" width=\"750\" height=\"750\" src=\"https:\/\/soymigrante.com\/revista\/wp-content\/uploads\/2025\/06\/capitan-rey-garcia-salas-guatemalteco-en-el-ejercito-canadiense.png\" class=\"attachment-large size-large wp-image-35299\" alt=\"Celebraci\u00f3n cultural de migrantes en evento internacional, mostrando diversidad y tradiciones ancestrales. Participantes con trajes t\u00edpicos y madres migrantes honradas en acto de recordaci\u00f3n y orgullo.\" srcset=\"https:\/\/soymigrante.com\/revista\/wp-content\/uploads\/2025\/06\/capitan-rey-garcia-salas-guatemalteco-en-el-ejercito-canadiense.png 750w, https:\/\/soymigrante.com\/revista\/wp-content\/uploads\/2025\/06\/capitan-rey-garcia-salas-guatemalteco-en-el-ejercito-canadiense-300x300.png 300w, https:\/\/soymigrante.com\/revista\/wp-content\/uploads\/2025\/06\/capitan-rey-garcia-salas-guatemalteco-en-el-ejercito-canadiense-150x150.png 150w, https:\/\/soymigrante.com\/revista\/wp-content\/uploads\/2025\/06\/capitan-rey-garcia-salas-guatemalteco-en-el-ejercito-canadiense-75x75.png 75w\" sizes=\"(max-width: 750px) 100vw, 750px\" \/>\n            <\/div>\n        <\/div><div class=\"eael-entry-wrapper\"><header class=\"eael-entry-header\"><h2 class=\"eael-entry-title\"><a class=\"eael-grid-post-link\" href=\"https:\/\/soymigrante.com\/revista\/guatemalteco-rey-garcia-salas-capitan-del-ejercito-canadiense-los-migrantes-aportamos-mucho\/\" title=\"Guatemalteco Rey Garc\u00eda-Salas, capit\u00e1n del Ej\u00e9rcito canadiense: &#8220;Los migrantes aportamos mucho&#8221;.\">Guatemalteco Rey Garc\u00eda-Salas, capit\u00e1n del Ej\u00e9rcito canadiense: &#8220;Los migrantes aportamos mucho&#8221;.<\/a><\/h2><\/header><div class=\"eael-entry-content\">\n                        <div class=\"eael-grid-post-excerpt\"><p>Rey Garc\u00eda-Salas se gradu\u00f3 de ingeniero y emigr\u00f3 a Canad\u00e1; ingres\u00f3 en el Ej\u00e9rcito y actualmente ostenta el grado grado de capit\u00e1n. Desde 2016 investiga la historia de hispanos y guatemaltecos que han formado parte de dichas fuerzas armadas. Esta es su historia. Su nombre es Reynerio, pero un error...<\/p><a href=\"https:\/\/soymigrante.com\/revista\/guatemalteco-rey-garcia-salas-capitan-del-ejercito-canadiense-los-migrantes-aportamos-mucho\/\" class=\"eael-post-elements-readmore-btn\">SIGUE LEYENDO, TE INSPIRAR\u00c1<\/a><\/div>\n                    <\/div><\/div><\/div>\n        <\/div>\n    <\/article><article class=\"eael-grid-post  eael-post-grid-column eael-pg-post-25479 category-exitos\" data-id=\"25479\">\n        <div class=\"eael-grid-post-holder\">\n            <div class=\"eael-grid-post-holder-inner\"><div class=\"eael-entry-media\"><div class=\"eael-entry-overlay fade-in\"><i class=\"far fa-hand-pointer\" aria-hidden=\"true\"><\/i><a href=\"https:\/\/soymigrante.com\/revista\/chef-cristian-de-leon-pone-el-sazon-guatemalteco-en-minnesota-con-su-restaurante-xelas\/\"><\/a><\/div><div class=\"eael-entry-thumbnail eael-image-ratio\">\n                <img loading=\"lazy\" decoding=\"async\" width=\"1024\" height=\"1024\" src=\"https:\/\/soymigrante.com\/revista\/wp-content\/uploads\/2025\/02\/chef-cristian-de-leon-minnesota-2-1024x1024.jpg\" class=\"attachment-large size-large wp-image-25480\" alt=\"Plato de comida elaborado por un chef sonriente en un restaurante mexicano, enfatizando gastronom\u00eda y cultura culinaria en el contexto de la revista SoyMigrante.com REVISTA.\" srcset=\"https:\/\/soymigrante.com\/revista\/wp-content\/uploads\/2025\/02\/chef-cristian-de-leon-minnesota-2-1024x1024.jpg 1024w, https:\/\/soymigrante.com\/revista\/wp-content\/uploads\/2025\/02\/chef-cristian-de-leon-minnesota-2-300x300.jpg 300w, https:\/\/soymigrante.com\/revista\/wp-content\/uploads\/2025\/02\/chef-cristian-de-leon-minnesota-2-150x150.jpg 150w, https:\/\/soymigrante.com\/revista\/wp-content\/uploads\/2025\/02\/chef-cristian-de-leon-minnesota-2-768x768.jpg 768w, https:\/\/soymigrante.com\/revista\/wp-content\/uploads\/2025\/02\/chef-cristian-de-leon-minnesota-2-1536x1536.jpg 1536w, https:\/\/soymigrante.com\/revista\/wp-content\/uploads\/2025\/02\/chef-cristian-de-leon-minnesota-2-2048x2048.jpg 2048w, https:\/\/soymigrante.com\/revista\/wp-content\/uploads\/2025\/02\/chef-cristian-de-leon-minnesota-2-75x75.webp 75w, https:\/\/soymigrante.com\/revista\/wp-content\/uploads\/2025\/02\/chef-cristian-de-leon-minnesota-2-750x750.webp 750w, https:\/\/soymigrante.com\/revista\/wp-content\/uploads\/2025\/02\/chef-cristian-de-leon-minnesota-2-1140x1140.webp 1140w, https:\/\/soymigrante.com\/revista\/wp-content\/uploads\/2025\/02\/chef-cristian-de-leon-minnesota-2.webp 1920w\" sizes=\"(max-width: 1024px) 100vw, 1024px\" \/>\n            <\/div>\n        <\/div><div class=\"eael-entry-wrapper\"><header class=\"eael-entry-header\"><h2 class=\"eael-entry-title\"><a class=\"eael-grid-post-link\" href=\"https:\/\/soymigrante.com\/revista\/chef-cristian-de-leon-pone-el-sazon-guatemalteco-en-minnesota-con-su-restaurante-xelas\/\" title=\"Chef Cristian de Le\u00f3n pone el saz\u00f3n guatemalteco en Minnesota con su restaurante Xelas\">Chef Cristian de Le\u00f3n pone el saz\u00f3n guatemalteco en Minnesota con su restaurante Xelas<\/a><\/h2><\/header><div class=\"eael-entry-content\">\n                        <div class=\"eael-grid-post-excerpt\"><p>Despu\u00e9s de trabajar en cocinas en Minnesota por 15 a\u00f1os, el guatemalteco Cristian de Le\u00f3n decidi\u00f3 emprender su propio restaurante: El Saz\u00f3n, con comida hispana y guatemalteca; ya ha abierto tres locales en las ciudades de Eagan, Stillwater y Minneapolis. Esta es su historia. Nada es imposible, y la gran...<\/p><a href=\"https:\/\/soymigrante.com\/revista\/chef-cristian-de-leon-pone-el-sazon-guatemalteco-en-minnesota-con-su-restaurante-xelas\/\" class=\"eael-post-elements-readmore-btn\">SIGUE LEYENDO, TE INSPIRAR\u00c1<\/a><\/div>\n                    <\/div><\/div><\/div>\n        <\/div>\n    <\/article><article class=\"eael-grid-post  eael-post-grid-column eael-pg-post-33626 category-exitos-guatemala\" data-id=\"33626\">\n        <div class=\"eael-grid-post-holder\">\n            <div class=\"eael-grid-post-holder-inner\"><div class=\"eael-entry-media\"><div class=\"eael-entry-overlay fade-in\"><i class=\"far fa-hand-pointer\" aria-hidden=\"true\"><\/i><a href=\"https:\/\/soymigrante.com\/revista\/arnoldo-estrada-un-pionero-de-la-marimba-guatemalteca-en-chicago-mas-de-50-anos-de-musica-y-legado\/\"><\/a><\/div><div class=\"eael-entry-thumbnail eael-image-ratio\">\n                <img loading=\"lazy\" decoding=\"async\" width=\"638\" height=\"638\" src=\"https:\/\/soymigrante.com\/revista\/wp-content\/uploads\/2025\/05\/marimbista-migrante-chicago-15.webp\" class=\"attachment-large size-large wp-image-33630\" alt=\"Disfrutando en pareja en un entorno urbano junto al r\u00edo, promoviendo historias de migrantes y comunidad en SoyMigrante.com Revista.\" srcset=\"https:\/\/soymigrante.com\/revista\/wp-content\/uploads\/2025\/05\/marimbista-migrante-chicago-15.webp 638w, https:\/\/soymigrante.com\/revista\/wp-content\/uploads\/2025\/05\/marimbista-migrante-chicago-15-300x300.jpg 300w, https:\/\/soymigrante.com\/revista\/wp-content\/uploads\/2025\/05\/marimbista-migrante-chicago-15-150x150.jpg 150w, https:\/\/soymigrante.com\/revista\/wp-content\/uploads\/2025\/05\/marimbista-migrante-chicago-15-75x75.jpg 75w\" sizes=\"(max-width: 638px) 100vw, 638px\" \/>\n            <\/div>\n        <\/div><div class=\"eael-entry-wrapper\"><header class=\"eael-entry-header\"><h2 class=\"eael-entry-title\"><a class=\"eael-grid-post-link\" href=\"https:\/\/soymigrante.com\/revista\/arnoldo-estrada-un-pionero-de-la-marimba-guatemalteca-en-chicago-mas-de-50-anos-de-musica-y-legado\/\" title=\"Arnoldo Estrada, un pionero de la marimba guatemalteca en Chicago: m\u00e1s de 50 a\u00f1os de m\u00fasica y legado\">Arnoldo Estrada, un pionero de la marimba guatemalteca en Chicago: m\u00e1s de 50 a\u00f1os de m\u00fasica y legado<\/a><\/h2><\/header><div class=\"eael-entry-content\">\n                        <div class=\"eael-grid-post-excerpt\"><p>Arnoldo Estrada aprendi\u00f3 a tocar marimba con las ense\u00f1anzas de su abuelo y a los 8 a\u00f1os ya se presentaba en celebraciones. Integr\u00f3 varios conjuntos y vive en Chicago desde 1975, en donde nunca ha dejado de promover el instrumento nacional con el mismo entusiasmo de cuando era ni\u00f1o. Esta...<\/p><a href=\"https:\/\/soymigrante.com\/revista\/arnoldo-estrada-un-pionero-de-la-marimba-guatemalteca-en-chicago-mas-de-50-anos-de-musica-y-legado\/\" class=\"eael-post-elements-readmore-btn\">SIGUE LEYENDO, TE INSPIRAR\u00c1<\/a><\/div>\n                    <\/div><\/div><\/div>\n        <\/div>\n    <\/article><article class=\"eael-grid-post  eael-post-grid-column eael-pg-post-23843 category-exitos\" data-id=\"23843\">\n        <div class=\"eael-grid-post-holder\">\n            <div class=\"eael-grid-post-holder-inner\"><div class=\"eael-entry-media\"><div class=\"eael-entry-overlay fade-in\"><i class=\"far fa-hand-pointer\" aria-hidden=\"true\"><\/i><a href=\"https:\/\/soymigrante.com\/revista\/gian-villatoro-pastor-consejero-doctor-guatemalteco-en-texas\/\"><\/a><\/div><div class=\"eael-entry-thumbnail eael-image-ratio\">\n                <img loading=\"lazy\" decoding=\"async\" width=\"960\" height=\"958\" src=\"https:\/\/soymigrante.com\/revista\/wp-content\/uploads\/2025\/02\/PASTOR-GIAN-VILLATORO-copia.webp\" class=\"attachment-large size-large wp-image-23844\" alt=\"Hombre sonriendo con su\u00e9ter gris claro en un entorno al aire libre.\" srcset=\"https:\/\/soymigrante.com\/revista\/wp-content\/uploads\/2025\/02\/PASTOR-GIAN-VILLATORO-copia.webp 960w, https:\/\/soymigrante.com\/revista\/wp-content\/uploads\/2025\/02\/PASTOR-GIAN-VILLATORO-copia-300x300.jpg 300w, https:\/\/soymigrante.com\/revista\/wp-content\/uploads\/2025\/02\/PASTOR-GIAN-VILLATORO-copia-150x150.jpg 150w, https:\/\/soymigrante.com\/revista\/wp-content\/uploads\/2025\/02\/PASTOR-GIAN-VILLATORO-copia-768x766.jpg 768w, https:\/\/soymigrante.com\/revista\/wp-content\/uploads\/2025\/02\/PASTOR-GIAN-VILLATORO-copia-75x75.webp 75w, https:\/\/soymigrante.com\/revista\/wp-content\/uploads\/2025\/02\/PASTOR-GIAN-VILLATORO-copia-750x748.webp 750w\" sizes=\"(max-width: 960px) 100vw, 960px\" \/>\n            <\/div>\n        <\/div><div class=\"eael-entry-wrapper\"><header class=\"eael-entry-header\"><h2 class=\"eael-entry-title\"><a class=\"eael-grid-post-link\" href=\"https:\/\/soymigrante.com\/revista\/gian-villatoro-pastor-consejero-doctor-guatemalteco-en-texas\/\" title=\"&#8220;Guatemala puede cambiar&#8221;: Gian Carlo Villatoro, ingeniero, pastor, cantante y consejero familiar, en Texas\">&#8220;Guatemala puede cambiar&#8221;: Gian Carlo Villatoro, ingeniero, pastor, cantante y consejero familiar, en Texas<\/a><\/h2><\/header><div class=\"eael-entry-content\">\n                        <div class=\"eael-grid-post-excerpt\"><p>Gian Carlo Villatoro lleg\u00f3 a Estados Unidos hace m\u00e1s de 30 a\u00f1os pero nunca olvida el ejemplo de valores en acci\u00f3n de sus padres. Es pastor, fundador de la iglesia Victory en Odessa y doctor en consejer\u00eda familiar; cantante, escritor y sobre todo: guatemalteco. Esta es su historia. &#8220;\u00bfEn d\u00f3nde...<\/p><a href=\"https:\/\/soymigrante.com\/revista\/gian-villatoro-pastor-consejero-doctor-guatemalteco-en-texas\/\" class=\"eael-post-elements-readmore-btn\">SIGUE LEYENDO, TE INSPIRAR\u00c1<\/a><\/div>\n                    <\/div><\/div><\/div>\n        <\/div>\n    <\/article><\/div>\n            <div class=\"clearfix\"><\/div>\n        <\/div>\t\t\t\t<\/div>\n\t\t\t\t\t<\/div>\n\t\t\t\t<\/div>\n\t\t<div data-particle_enable=\"false\" data-particle-mobile-disabled=\"false\" class=\"elementor-element elementor-element-5f4cc98 e-flex e-con-boxed e-con e-parent\" data-id=\"5f4cc98\" data-element_type=\"container\" data-e-type=\"container\">\n\t\t\t\t\t<div class=\"e-con-inner\">\n\t\t\t\t<div class=\"elementor-element elementor-element-cd08ef6 elementor-widget elementor-widget-heading\" data-id=\"cd08ef6\" data-element_type=\"widget\" data-e-type=\"widget\" data-widget_type=\"heading.default\">\n\t\t\t\t\t<h2 class=\"elementor-heading-title elementor-size-default\">Porque los guatemaltecos aportamos y vivimos grandes valores<\/h2>\t\t\t\t<\/div>\n\t\t\t\t\t<\/div>\n\t\t\t\t<\/div>\n\t\t<div data-particle_enable=\"false\" data-particle-mobile-disabled=\"false\" class=\"elementor-element elementor-element-9862036 e-flex e-con-boxed e-con e-parent\" data-id=\"9862036\" data-element_type=\"container\" data-e-type=\"container\">\n\t\t\t\t\t<div class=\"e-con-inner\">\n\t\t\t\t<div class=\"elementor-element elementor-element-e31dc3e elementor-grid-eael-col-3 elementor-grid-tablet-eael-col-2 elementor-grid-mobile-eael-col-1 elementor-invisible elementor-widget elementor-widget-eael-post-grid\" data-id=\"e31dc3e\" data-element_type=\"widget\" data-e-type=\"widget\" data-settings=\"{&quot;eael_post_grid_columns&quot;:&quot;eael-col-3&quot;,&quot;_animation&quot;:&quot;rollIn&quot;,&quot;eael_post_grid_columns_tablet&quot;:&quot;eael-col-2&quot;,&quot;eael_post_grid_columns_mobile&quot;:&quot;eael-col-1&quot;}\" data-widget_type=\"eael-post-grid.default\">\n\t\t\t\t\t<div id=\"eael-post-grid-e31dc3e\" class=\"eael-post-grid-container\">\n            <div class=\"eael-post-grid eael-post-appender eael-post-appender-e31dc3e eael-post-grid-style-one\" data-layout-mode=\"masonry\"><article class=\"eael-grid-post  eael-post-grid-column eael-pg-post-33413 category-en-familia tags-en-familia\" data-id=\"33413\">\n        <div class=\"eael-grid-post-holder\">\n            <div class=\"eael-grid-post-holder-inner\"><div class=\"eael-entry-media\"><div class=\"eael-entry-overlay fade-in\"><i class=\"far fa-hand-pointer\" aria-hidden=\"true\"><\/i><a href=\"https:\/\/soymigrante.com\/revista\/virtudes-cardinales-en-la-familia-la-templanza-que-es-y-como-fomentarla\/\"><\/a><\/div><div class=\"eael-entry-thumbnail \">\n                <img loading=\"lazy\" decoding=\"async\" width=\"1024\" height=\"1024\" src=\"https:\/\/soymigrante.com\/revista\/wp-content\/uploads\/2025\/05\/Virtudes-cardinales-en-la-familia-la-templanza-e1747170677722-1024x1024.webp\" class=\"attachment-large size-large wp-image-33414\" alt=\"Un mujer con corona de flores sostenido una linterna en un bosque, simbolizando conexi\u00f3n con la naturaleza y espiritualidad. Perfecta para art\u00edculos sobre migraci\u00f3n, cultura, bienestar y noticias relacionadas.\" srcset=\"https:\/\/soymigrante.com\/revista\/wp-content\/uploads\/2025\/05\/Virtudes-cardinales-en-la-familia-la-templanza-e1747170677722-1024x1024.webp 1024w, https:\/\/soymigrante.com\/revista\/wp-content\/uploads\/2025\/05\/Virtudes-cardinales-en-la-familia-la-templanza-e1747170677722-300x300.webp 300w, https:\/\/soymigrante.com\/revista\/wp-content\/uploads\/2025\/05\/Virtudes-cardinales-en-la-familia-la-templanza-e1747170677722-150x150.webp 150w, https:\/\/soymigrante.com\/revista\/wp-content\/uploads\/2025\/05\/Virtudes-cardinales-en-la-familia-la-templanza-e1747170677722-768x768.webp 768w, https:\/\/soymigrante.com\/revista\/wp-content\/uploads\/2025\/05\/Virtudes-cardinales-en-la-familia-la-templanza-e1747170677722-75x75.webp 75w, https:\/\/soymigrante.com\/revista\/wp-content\/uploads\/2025\/05\/Virtudes-cardinales-en-la-familia-la-templanza-e1747170677722-750x750.webp 750w, https:\/\/soymigrante.com\/revista\/wp-content\/uploads\/2025\/05\/Virtudes-cardinales-en-la-familia-la-templanza-e1747170677722.webp 1079w\" sizes=\"(max-width: 1024px) 100vw, 1024px\" \/>\n            <\/div>\n        <\/div><div class=\"eael-entry-wrapper\"><header class=\"eael-entry-header\"><h2 class=\"eael-entry-title\"><a class=\"eael-grid-post-link\" href=\"https:\/\/soymigrante.com\/revista\/virtudes-cardinales-en-la-familia-la-templanza-que-es-y-como-fomentarla\/\" title=\"Virtudes cardinales en la familia: la templanza, qu\u00e9 es y c\u00f3mo fomentarla\">Virtudes cardinales en la familia: la templanza, qu\u00e9 es y c\u00f3mo fomentarla<\/a><\/h2><\/header><div class=\"eael-entry-content\">\n                        <div class=\"eael-grid-post-excerpt\"><a href=\"https:\/\/soymigrante.com\/revista\/virtudes-cardinales-en-la-familia-la-templanza-que-es-y-como-fomentarla\/\" class=\"eael-post-elements-readmore-btn\">CONOCE SU HISTORIA <\/a><\/div>\n                    <\/div><\/div><\/div>\n        <\/div>\n    <\/article><article class=\"eael-grid-post  eael-post-grid-column eael-pg-post-9555 category-guate-nuestra\" data-id=\"9555\">\n        <div class=\"eael-grid-post-holder\">\n            <div class=\"eael-grid-post-holder-inner\"><div class=\"eael-entry-media\"><div class=\"eael-entry-overlay fade-in\"><i class=\"far fa-hand-pointer\" aria-hidden=\"true\"><\/i><a href=\"https:\/\/soymigrante.com\/revista\/claves-para-la-valorar-el-origen-guatemalteco-y-reforzar-la-dignidad-como-migrante-en-ee-uu\/\"><\/a><\/div><div class=\"eael-entry-thumbnail \">\n                <img loading=\"lazy\" decoding=\"async\" width=\"673\" height=\"1024\" src=\"https:\/\/soymigrante.com\/revista\/wp-content\/uploads\/2024\/09\/leonel-arenas-migrante-4-1-e1727933333533-673x1024.webp\" class=\"attachment-large size-large wp-image-9613\" alt=\"Bandera de Guatemala en manifestaci\u00f3n con personas con diversidad cultural frente a la Casa Blanca.\" srcset=\"https:\/\/soymigrante.com\/revista\/wp-content\/uploads\/2024\/09\/leonel-arenas-migrante-4-1-e1727933333533-673x1024.webp 673w, https:\/\/soymigrante.com\/revista\/wp-content\/uploads\/2024\/09\/leonel-arenas-migrante-4-1-e1727933333533-197x300.webp 197w, https:\/\/soymigrante.com\/revista\/wp-content\/uploads\/2024\/09\/leonel-arenas-migrante-4-1-e1727933333533-768x1168.webp 768w, https:\/\/soymigrante.com\/revista\/wp-content\/uploads\/2024\/09\/leonel-arenas-migrante-4-1-e1727933333533-750x1141.webp 750w, https:\/\/soymigrante.com\/revista\/wp-content\/uploads\/2024\/09\/leonel-arenas-migrante-4-1-e1727933333533.webp 816w\" sizes=\"(max-width: 673px) 100vw, 673px\" \/>\n            <\/div>\n        <\/div><div class=\"eael-entry-wrapper\"><header class=\"eael-entry-header\"><h2 class=\"eael-entry-title\"><a class=\"eael-grid-post-link\" href=\"https:\/\/soymigrante.com\/revista\/claves-para-la-valorar-el-origen-guatemalteco-y-reforzar-la-dignidad-como-migrante-en-ee-uu\/\" title=\"Claves para la valorar el origen guatemalteco y reforzar la dignidad como migrante en EE.UU.\">Claves para la valorar el origen guatemalteco y reforzar la dignidad como migrante en EE.UU.<\/a><\/h2><\/header><div class=\"eael-entry-content\">\n                        <div class=\"eael-grid-post-excerpt\"><a href=\"https:\/\/soymigrante.com\/revista\/claves-para-la-valorar-el-origen-guatemalteco-y-reforzar-la-dignidad-como-migrante-en-ee-uu\/\" class=\"eael-post-elements-readmore-btn\">CONOCE SU HISTORIA <\/a><\/div>\n                    <\/div><\/div><\/div>\n        <\/div>\n    <\/article><article class=\"eael-grid-post  eael-post-grid-column eael-pg-post-7041 category-guate-nuestra\" data-id=\"7041\">\n        <div class=\"eael-grid-post-holder\">\n            <div class=\"eael-grid-post-holder-inner\"><div class=\"eael-entry-media\"><div class=\"eael-entry-overlay fade-in\"><i class=\"far fa-hand-pointer\" aria-hidden=\"true\"><\/i><a href=\"https:\/\/soymigrante.com\/revista\/juguetes-tradicionales-guatemaltecos-siguen-vivos\/\"><\/a><\/div><div class=\"eael-entry-thumbnail \">\n                <img loading=\"lazy\" decoding=\"async\" width=\"1024\" height=\"684\" src=\"https:\/\/soymigrante.com\/revista\/wp-content\/uploads\/2024\/06\/toys-4620231_1280-1024x684.webp\" class=\"attachment-large size-large wp-image-7043\" alt=\"Juguetes tradicionales guatemaltecos siguen vivos\" srcset=\"https:\/\/soymigrante.com\/revista\/wp-content\/uploads\/2024\/06\/toys-4620231_1280-1024x684.webp 1024w, https:\/\/soymigrante.com\/revista\/wp-content\/uploads\/2024\/06\/toys-4620231_1280-300x200.webp 300w, https:\/\/soymigrante.com\/revista\/wp-content\/uploads\/2024\/06\/toys-4620231_1280-768x513.webp 768w, https:\/\/soymigrante.com\/revista\/wp-content\/uploads\/2024\/06\/toys-4620231_1280-750x501.webp 750w, https:\/\/soymigrante.com\/revista\/wp-content\/uploads\/2024\/06\/toys-4620231_1280-1140x761.webp 1140w, https:\/\/soymigrante.com\/revista\/wp-content\/uploads\/2024\/06\/toys-4620231_1280.webp 1280w\" sizes=\"(max-width: 1024px) 100vw, 1024px\" \/>\n            <\/div>\n        <\/div><div class=\"eael-entry-wrapper\"><header class=\"eael-entry-header\"><h2 class=\"eael-entry-title\"><a class=\"eael-grid-post-link\" href=\"https:\/\/soymigrante.com\/revista\/juguetes-tradicionales-guatemaltecos-siguen-vivos\/\" title=\"Juguetes tradicionales guatemaltecos siguen vivos\">Juguetes tradicionales guatemaltecos siguen vivos<\/a><\/h2><\/header><div class=\"eael-entry-content\">\n                        <div class=\"eael-grid-post-excerpt\"><a href=\"https:\/\/soymigrante.com\/revista\/juguetes-tradicionales-guatemaltecos-siguen-vivos\/\" class=\"eael-post-elements-readmore-btn\">CONOCE SU HISTORIA <\/a><\/div>\n                    <\/div><\/div><\/div>\n        <\/div>\n    <\/article><\/div>\n            <div class=\"clearfix\"><\/div>\n        <\/div>\t\t\t\t<\/div>\n\t\t\t\t\t<\/div>\n\t\t\t\t<\/div>\n\t\t\t\t<\/div>\n\t\t","protected":false},"excerpt":{"rendered":"<p>En Estados Unidos el D\u00eda del Padre cay\u00f3 en 15 de junio (tercer domingo de mes) y en Guatemala es, fijo, el 17 de junio: ocasi\u00f3n perfecta para reconocer y valorar el aporte, amor y trabajo de tantos guatemaltecos por sus hijos. En este medio a\u00f1o en SoyMigrante.com\/Revista hemos tenido fant\u00e1sticos e inspiradores relatos de [&hellip;]<\/p>\n","protected":false},"author":7,"featured_media":36444,"comment_status":"open","ping_status":"open","sticky":false,"template":"","format":"standard","meta":{"_acf_changed":false,"_eb_attr":"","footnotes":""},"categories":[54],"tags":[],"class_list":["post-36441","post","type-post","status-publish","format-standard","has-post-thumbnail","hentry","category-estamos-unidos"],"acf":[],"aioseo_notices":[],"aioseo_head":"\n\t\t<!-- All in One SEO Pro 4.9.6.2 - aioseo.com -->\n\t<meta name=\"description\" content=\"Eran tiempos sin internet ni videojuegos. \u00a1Pero cu\u00e1nta alegr\u00eda daban los juguetes tradicionales guatemaltecos! Jugar trompo o &quot;cincos&quot;. \u00bfCu\u00e1les recuerdas?\" \/>\n\t<meta name=\"robots\" content=\"max-snippet:-1, max-image-preview:large, max-video-preview:-1\" \/>\n\t<meta name=\"author\" content=\"Marysabel Aldana\"\/>\n\t<link rel=\"canonical\" href=\"https:\/\/soymigrante.com\/revista\/juguetes-tradicionales-guatemaltecos-siguen-vivos\/\" \/>\n\t<meta name=\"generator\" content=\"All in One SEO Pro (AIOSEO) 4.9.6.2\" \/>\n\n\t\t<link rel=\"preconnect\" href=\"https:\/\/fonts.googleapis.com\" crossorigin>\n<link rel=\"preconnect\" href=\"https:\/\/fonts.gstatic.com\" crossorigin>\n\t\t<meta property=\"og:locale\" content=\"es_ES\" \/>\n\t\t<meta property=\"og:site_name\" content=\"SoyMigrante.com REVISTA \u2013 Nuestra misi\u00f3n es reconocer y dignificar al migrante.\" \/>\n\t\t<meta property=\"og:type\" content=\"article\" \/>\n\t\t<meta property=\"og:title\" content=\"Juguetes tradicionales guatemaltecos siguen vivos\" \/>\n\t\t<meta property=\"og:description\" content=\"Eran tiempos sin internet ni videojuegos. \u00a1Pero cu\u00e1nta alegr\u00eda daban los juguetes tradicionales guatemaltecos! Jugar trompo o &quot;cincos&quot;. \u00bfCu\u00e1les recuerdas?\" \/>\n\t\t<meta property=\"og:url\" content=\"https:\/\/soymigrante.com\/revista\/juguetes-tradicionales-guatemaltecos-siguen-vivos\/\" \/>\n\t\t<meta property=\"og:image\" content=\"https:\/\/soymigrante.com\/revista\/wp-content\/uploads\/2024\/06\/toys-4620231_1280.webp\" \/>\n\t\t<meta property=\"og:image:secure_url\" content=\"https:\/\/soymigrante.com\/revista\/wp-content\/uploads\/2024\/06\/toys-4620231_1280.webp\" \/>\n\t\t<meta property=\"og:image:width\" content=\"1280\" \/>\n\t\t<meta property=\"og:image:height\" content=\"855\" \/>\n\t\t<meta property=\"article:published_time\" content=\"2024-07-05T17:32:19+00:00\" \/>\n\t\t<meta property=\"article:modified_time\" content=\"2025-09-16T13:14:48+00:00\" \/>\n\t\t<meta property=\"article:publisher\" content=\"https:\/\/www.facebook.com\/soymigrantecom\" \/>\n\t\t<meta name=\"twitter:card\" content=\"summary_large_image\" \/>\n\t\t<meta name=\"twitter:site\" content=\"@SoyMigrante_com\" \/>\n\t\t<meta name=\"twitter:title\" content=\"Juguetes tradicionales guatemaltecos siguen vivos\" \/>\n\t\t<meta name=\"twitter:description\" content=\"Eran tiempos sin internet ni videojuegos. \u00a1Pero cu\u00e1nta alegr\u00eda daban los juguetes tradicionales guatemaltecos! Jugar trompo o &quot;cincos&quot;. \u00bfCu\u00e1les recuerdas?\" \/>\n\t\t<meta name=\"twitter:creator\" content=\"@SoyMigrante_com\" \/>\n\t\t<meta name=\"twitter:image\" content=\"https:\/\/soymigrante.com\/revista\/wp-content\/uploads\/2024\/06\/toys-4620231_1280.webp\" \/>\n\t\t<!-- All in One SEO Pro -->\r\n\t\t<title>Juguetes tradicionales guatemaltecos siguen vivos<\/title>\n\n","aioseo_head_json":{"title":"Juguetes tradicionales guatemaltecos siguen vivos","description":"Eran tiempos sin internet ni videojuegos. \u00a1Pero cu\u00e1nta alegr\u00eda daban los juguetes tradicionales guatemaltecos! Jugar trompo o \"cincos\". \u00bfCu\u00e1les recuerdas?","canonical_url":"https:\/\/soymigrante.com\/revista\/juguetes-tradicionales-guatemaltecos-siguen-vivos\/","robots":"max-snippet:-1, max-image-preview:large, max-video-preview:-1","keywords":"","webmasterTools":{"miscellaneous":"&lt;link rel=\"preconnect\" href=\"https:\/\/fonts.googleapis.com\" crossorigin&gt;\n&lt;link rel=\"preconnect\" href=\"https:\/\/fonts.gstatic.com\" crossorigin&gt;"},"schema":null,"og:locale":"es_ES","og:site_name":"SoyMigrante.com REVISTA \u2013 Nuestra misi\u00f3n es reconocer y dignificar al migrante.","og:type":"article","og:title":"Juguetes tradicionales guatemaltecos siguen vivos","og:description":"Eran tiempos sin internet ni videojuegos. \u00a1Pero cu\u00e1nta alegr\u00eda daban los juguetes tradicionales guatemaltecos! Jugar trompo o &quot;cincos&quot;. \u00bfCu\u00e1les recuerdas?","og:url":"https:\/\/soymigrante.com\/revista\/juguetes-tradicionales-guatemaltecos-siguen-vivos\/","og:image":"https:\/\/soymigrante.com\/revista\/wp-content\/uploads\/2024\/06\/toys-4620231_1280.webp","og:image:secure_url":"https:\/\/soymigrante.com\/revista\/wp-content\/uploads\/2024\/06\/toys-4620231_1280.webp","og:image:width":1280,"og:image:height":855,"article:published_time":"2024-07-05T17:32:19+00:00","article:modified_time":"2025-09-16T13:14:48+00:00","article:publisher":"https:\/\/www.facebook.com\/soymigrantecom","twitter:card":"summary_large_image","twitter:site":"@SoyMigrante_com","twitter:title":"Juguetes tradicionales guatemaltecos siguen vivos","twitter:description":"Eran tiempos sin internet ni videojuegos. \u00a1Pero cu\u00e1nta alegr\u00eda daban los juguetes tradicionales guatemaltecos! Jugar trompo o &quot;cincos&quot;. \u00bfCu\u00e1les recuerdas?","twitter:creator":"@SoyMigrante_com","twitter:image":"https:\/\/soymigrante.com\/revista\/wp-content\/uploads\/2024\/06\/toys-4620231_1280.webp"},"aioseo_meta_data":{"post_id":"36441","title":"Siete historias de padres guatemaltecos migrantes","description":"En este D\u00eda del Padre reconocemos el aporte de tantos guatemaltecos enfocados en brindar afecto y sustento a sus familias. Estos padres inspiran con su ejemplo.","keywords":null,"keyphrases":{"focus":{"keyphrase":"D\u00eda del Padre","score":46,"analysis":{"keyphraseInTitle":{"score":3,"maxScore":9,"error":1},"keyphraseInDescription":{"score":9,"maxScore":9,"error":0},"keyphraseLength":{"score":9,"maxScore":9,"error":0,"length":4},"keyphraseInURL":{"score":1,"maxScore":5,"error":1},"keyphraseInIntroduction":{"score":3,"maxScore":9,"error":1},"keyphraseInSubHeadings":{"score":3,"maxScore":9,"error":1},"keyphraseInImageAlt":{"score":3,"maxScore":9,"error":1},"keywordDensity":{"score":0,"type":"low","maxScore":9,"error":1}}},"additional":[{"keyphrase":"Padre","score":53,"analysis":{"keyphraseInDescription":{"score":9,"maxScore":9,"error":0},"keyphraseLength":{"score":9,"maxScore":9,"error":0,"length":1},"keyphraseInIntroduction":{"score":3,"maxScore":9,"error":1},"keyphraseInImageAlt":{"score":3,"maxScore":9,"error":1},"keywordDensity":{"score":0,"type":"low","maxScore":9,"error":1}}},{"keyphrase":"Padres","score":67,"analysis":{"keyphraseInDescription":{"score":9,"maxScore":9,"error":0},"keyphraseLength":{"score":9,"maxScore":9,"error":0,"length":1},"keyphraseInIntroduction":{"score":9,"maxScore":9,"error":0},"keyphraseInImageAlt":{"score":3,"maxScore":9,"error":1},"keywordDensity":{"score":0,"type":"low","maxScore":9,"error":1}}},{"keyphrase":"Familia","score":53,"analysis":{"keyphraseInDescription":{"score":3,"maxScore":9,"error":1},"keyphraseLength":{"score":9,"maxScore":9,"error":0,"length":1},"keyphraseInIntroduction":{"score":3,"maxScore":9,"error":1},"keyphraseInImageAlt":{"score":9,"maxScore":9,"error":0},"keywordDensity":{"score":0,"type":"low","maxScore":9,"error":1}}}]},"primary_term":null,"canonical_url":null,"og_title":null,"og_description":null,"og_object_type":"default","og_image_type":"default","og_image_url":null,"og_image_width":null,"og_image_height":null,"og_image_custom_url":null,"og_image_custom_fields":null,"og_video":"","og_custom_url":null,"og_article_section":null,"og_article_tags":null,"twitter_use_og":false,"twitter_card":"default","twitter_image_type":"default","twitter_image_url":null,"twitter_image_custom_url":null,"twitter_image_custom_fields":null,"twitter_title":null,"twitter_description":null,"schema":{"blockGraphs":[],"customGraphs":[],"default":{"data":{"Article":[],"Course":[],"Dataset":[],"FAQPage":[],"Movie":[],"Person":[],"Product":[],"ProductReview":[],"Car":[],"Recipe":[],"Service":[],"SoftwareApplication":[],"WebPage":[]},"graphName":"none","isEnabled":true},"graphs":[]},"schema_type":"default","schema_type_options":null,"pillar_content":false,"robots_default":true,"robots_noindex":false,"robots_noarchive":false,"robots_nosnippet":false,"robots_nofollow":false,"robots_noimageindex":false,"robots_noodp":false,"robots_notranslate":false,"robots_max_snippet":"-1","robots_max_videopreview":"-1","robots_max_imagepreview":"large","priority":null,"frequency":"default","local_seo":null,"seo_analyzer_scan_date":"2025-10-09 05:57:52","breadcrumb_settings":null,"limit_modified_date":false,"reviewed_by":"0","open_ai":"{\"title\":{\"suggestions\":[],\"usage\":0},\"description\":{\"suggestions\":[],\"usage\":0}}","ai":null,"created":"2025-06-17 05:06:12","updated":"2026-02-05 01:15:27"},"aioseo_breadcrumb":"<div class=\"aioseo-breadcrumbs\"><span class=\"aioseo-breadcrumb\">\n\t<a href=\"https:\/\/soymigrante.com\/revista\" title=\"Home\">Home<\/a>\n<\/span><span class=\"aioseo-breadcrumb-separator\">\u00bb<\/span><span class=\"aioseo-breadcrumb\">\n\t<a href=\"https:\/\/soymigrante.com\/revista\/category\/estamos-unidos\/\" title=\"Estamos Unidos\">Estamos Unidos<\/a>\n<\/span><span class=\"aioseo-breadcrumb-separator\">\u00bb<\/span><span class=\"aioseo-breadcrumb\">\n\tSiete historias inspiradoras de padres guatemaltecos migrantes\n<\/span><\/div>","aioseo_breadcrumb_json":[{"label":"Home","link":"https:\/\/soymigrante.com\/revista"},{"label":"Estamos Unidos","link":"https:\/\/soymigrante.com\/revista\/category\/estamos-unidos\/"},{"label":"Siete historias inspiradoras de padres guatemaltecos migrantes","link":"https:\/\/soymigrante.com\/revista\/siete-historias-inspiradoras-de-padres-guatemaltecos-migrantes\/"}],"_links":{"self":[{"href":"https:\/\/soymigrante.com\/revista\/wp-json\/wp\/v2\/posts\/36441","targetHints":{"allow":["GET"]}}],"collection":[{"href":"https:\/\/soymigrante.com\/revista\/wp-json\/wp\/v2\/posts"}],"about":[{"href":"https:\/\/soymigrante.com\/revista\/wp-json\/wp\/v2\/types\/post"}],"author":[{"embeddable":true,"href":"https:\/\/soymigrante.com\/revista\/wp-json\/wp\/v2\/users\/7"}],"replies":[{"embeddable":true,"href":"https:\/\/soymigrante.com\/revista\/wp-json\/wp\/v2\/comments?post=36441"}],"version-history":[{"count":7,"href":"https:\/\/soymigrante.com\/revista\/wp-json\/wp\/v2\/posts\/36441\/revisions"}],"predecessor-version":[{"id":36450,"href":"https:\/\/soymigrante.com\/revista\/wp-json\/wp\/v2\/posts\/36441\/revisions\/36450"}],"wp:featuredmedia":[{"embeddable":true,"href":"https:\/\/soymigrante.com\/revista\/wp-json\/wp\/v2\/media\/36444"}],"wp:attachment":[{"href":"https:\/\/soymigrante.com\/revista\/wp-json\/wp\/v2\/media?parent=36441"}],"wp:term":[{"taxonomy":"category","embeddable":true,"href":"https:\/\/soymigrante.com\/revista\/wp-json\/wp\/v2\/categories?post=36441"},{"taxonomy":"post_tag","embeddable":true,"href":"https:\/\/soymigrante.com\/revista\/wp-json\/wp\/v2\/tags?post=36441"}],"curies":[{"name":"wp","href":"https:\/\/api.w.org\/{rel}","templated":true}]}}