{"id":3639,"date":"2023-12-05T11:22:49","date_gmt":"2023-12-05T17:22:49","guid":{"rendered":"https:\/\/soymigrante.com\/revista\/?p=3639"},"modified":"2024-08-08T17:49:34","modified_gmt":"2024-08-08T23:49:34","slug":"migrante-awal-marimba-tradicion-guatemala-washington","status":"publish","type":"post","link":"https:\/\/soymigrante.com\/revista\/migrante-awal-marimba-tradicion-guatemala-washington\/","title":{"rendered":"Familias migrantes integran una sola en Danza Awal"},"content":{"rendered":"\t\t<div data-elementor-type=\"wp-post\" data-elementor-id=\"3639\" class=\"elementor elementor-3639\" data-elementor-post-type=\"post\">\n\t\t\t\t\t\t<section data-particle_enable=\"false\" data-particle-mobile-disabled=\"false\" class=\"elementor-section elementor-top-section elementor-element elementor-element-1408e37 elementor-section-boxed elementor-section-height-default elementor-section-height-default\" data-id=\"1408e37\" data-element_type=\"section\" data-e-type=\"section\">\n\t\t\t\t\t\t<div class=\"elementor-container elementor-column-gap-default\">\n\t\t\t\t\t<div class=\"elementor-column elementor-col-100 elementor-top-column elementor-element elementor-element-1917a52\" data-id=\"1917a52\" data-element_type=\"column\" data-e-type=\"column\">\n\t\t\t<div class=\"elementor-widget-wrap elementor-element-populated\">\n\t\t\t\t\t\t<div class=\"elementor-element elementor-element-591e81b elementor-widget elementor-widget-heading\" data-id=\"591e81b\" data-element_type=\"widget\" data-e-type=\"widget\" data-widget_type=\"heading.default\">\n\t\t\t\t\t<h1 class=\"elementor-heading-title elementor-size-default\">Cinco familias guatemaltecas integran el grupo Maya Awal, impulsado porel migrante Vinicio Cabrera. Desean mantener sus ra\u00edces, identidad y cultura mam al son de la marimba e indumentaria tradicional en EE.UU.\n<\/h1>\t\t\t\t<\/div>\n\t\t\t\t\t<\/div>\n\t\t<\/div>\n\t\t\t\t\t<\/div>\n\t\t<\/section>\n\t\t\t\t<section data-particle_enable=\"false\" data-particle-mobile-disabled=\"false\" class=\"elementor-section elementor-top-section elementor-element elementor-element-6052ceb elementor-section-boxed elementor-section-height-default elementor-section-height-default\" data-id=\"6052ceb\" data-element_type=\"section\" data-e-type=\"section\">\n\t\t\t\t\t\t<div class=\"elementor-container elementor-column-gap-default\">\n\t\t\t\t\t<div class=\"elementor-column elementor-col-100 elementor-top-column elementor-element elementor-element-c252517\" data-id=\"c252517\" data-element_type=\"column\" data-e-type=\"column\">\n\t\t\t<div class=\"elementor-widget-wrap elementor-element-populated\">\n\t\t\t\t\t\t<div class=\"elementor-element elementor-element-c219a65 elementor-widget elementor-widget-video\" data-id=\"c219a65\" data-element_type=\"widget\" data-e-type=\"widget\" data-settings=\"{&quot;youtube_url&quot;:&quot;https:\\\/\\\/www.youtube.com\\\/watch?v=6jJenhMxdp8&quot;,&quot;start&quot;:180,&quot;autoplay&quot;:&quot;yes&quot;,&quot;video_type&quot;:&quot;youtube&quot;}\" data-widget_type=\"video.default\">\n\t\t\t\t\t\t\t<div class=\"elementor-wrapper elementor-open-inline\">\n\t\t\t<div class=\"elementor-video\"><\/div>\t\t<\/div>\n\t\t\t\t\t\t<\/div>\n\t\t\t\t\t<\/div>\n\t\t<\/div>\n\t\t\t\t\t<\/div>\n\t\t<\/section>\n\t\t\t\t<section data-particle_enable=\"false\" data-particle-mobile-disabled=\"false\" class=\"elementor-section elementor-top-section elementor-element elementor-element-b985622 elementor-section-boxed elementor-section-height-default elementor-section-height-default\" data-id=\"b985622\" data-element_type=\"section\" data-e-type=\"section\">\n\t\t\t\t\t\t<div class=\"elementor-container elementor-column-gap-default\">\n\t\t\t\t\t<div class=\"elementor-column elementor-col-100 elementor-top-column elementor-element elementor-element-94af88f\" data-id=\"94af88f\" data-element_type=\"column\" data-e-type=\"column\">\n\t\t\t<div class=\"elementor-widget-wrap elementor-element-populated\">\n\t\t\t\t\t\t<div class=\"elementor-element elementor-element-6dbd115 elementor-widget elementor-widget-heading\" data-id=\"6dbd115\" data-element_type=\"widget\" data-e-type=\"widget\" data-widget_type=\"heading.default\">\n\t\t\t\t\t<h2 class=\"elementor-heading-title elementor-size-default\">Sembradores de la danza\n<\/h2>\t\t\t\t<\/div>\n\t\t\t\t\t<\/div>\n\t\t<\/div>\n\t\t\t\t\t<\/div>\n\t\t<\/section>\n\t\t\t\t<section data-particle_enable=\"false\" data-particle-mobile-disabled=\"false\" class=\"elementor-section elementor-top-section elementor-element elementor-element-c6183ca elementor-section-boxed elementor-section-height-default elementor-section-height-default\" data-id=\"c6183ca\" data-element_type=\"section\" data-e-type=\"section\">\n\t\t\t\t\t\t<div class=\"elementor-container elementor-column-gap-default\">\n\t\t\t\t\t<div class=\"elementor-column elementor-col-100 elementor-top-column elementor-element elementor-element-3e7da9a\" data-id=\"3e7da9a\" data-element_type=\"column\" data-e-type=\"column\">\n\t\t\t<div class=\"elementor-widget-wrap elementor-element-populated\">\n\t\t\t\t\t\t<div class=\"elementor-element elementor-element-549269d elementor-widget elementor-widget-text-editor\" data-id=\"549269d\" data-element_type=\"widget\" data-e-type=\"widget\" data-widget_type=\"text-editor.default\">\n\t\t\t\t\t\t\t\t\t<p><span style=\"font-weight: 400;\">Awal significa Sembrador en idioma mam.\u00a0 La agrupaci\u00f3n comenz\u00f3 hace 18 a\u00f1os con seis integrantes, entre ellos Vinicio Cabrera, originario Concepci\u00f3n Chiquirichapa, Quetzaltenango, qui\u00e9n migr\u00f3 a Estados Unidos en el a\u00f1o de 1,999. Desde su tierra natal era integrante de la agrupaci\u00f3n de danza de la Casa de la Cultura y participaba en\u00a0 eventos de su comunidad.<\/span><\/p><p><span style=\"font-weight: 400;\">Desde su llegada a la Uni\u00f3n Americana, el migrante Cabrera siempre tuvo la inquietud de continuar con la pr\u00e1ctica de la danza. Fue en 2005, con la llegada de su esposa, que decidieron reunir a un grupo de amigos y formar la agrupaci\u00f3n. Su primera presentaci\u00f3n fue en el desfile de las naciones en Washington, Estados Unidos.\u00a0<\/span><\/p><p><span style=\"font-weight: 400;\">Las presentaciones se realizaban con pistas musicales, pero no era lo mismo. Naci\u00f3 el objetivo de danzar al ritmo de marimba guatemalteca en vivo. No fue f\u00e1cil ni r\u00e1pido, pero en el a\u00f1o 2009 compraron una marimba. Hab\u00eda un problema: no sab\u00edan como tocarla. Estuvo guardada hasta que los visit\u00f3 un maestro de nombre\u00a0<\/span><span style=\"color: var( --e-global-color-text ); font-weight: 400;\">Marvin M\u00e9rida quien les ense\u00f1\u00f3 a ejecutar algunas piezas musicales.<\/span><\/p><p><span style=\"font-weight: 400;\">\u201cNosotros como integrantes tratamos de aprender, pero fue un amigo que tuvo el inter\u00e9s de aprender a ejecutar la marimba, luego mis hijos comenzaron a practicar el instrumento\u201d.\u00a0 Actualmente nueve personas interpretan el s\u00edmbolo nacional guatemalteco. L<\/span><\/p><p><span style=\"font-weight: 400; color: var( --e-global-color-text );\">Las familias Diaz, P\u00e9rez, Miranda, Baran y Cabrera, todas guatemaltecas, todas migrantes, son las integrantes de Maya Awal. Tambi\u00e9n son organizadores del evento denominado \u201cPrincesa maya\u201d actividad que busca recuperar las tradiciones guatemaltecas.,<\/span><\/p>\t\t\t\t\t\t\t\t<\/div>\n\t\t\t\t\t<\/div>\n\t\t<\/div>\n\t\t\t\t\t<\/div>\n\t\t<\/section>\n\t\t\t\t<section data-particle_enable=\"false\" data-particle-mobile-disabled=\"false\" class=\"elementor-section elementor-top-section elementor-element elementor-element-660091a elementor-section-boxed elementor-section-height-default elementor-section-height-default\" data-id=\"660091a\" data-element_type=\"section\" data-e-type=\"section\">\n\t\t\t\t\t\t<div class=\"elementor-container elementor-column-gap-default\">\n\t\t\t\t\t<div class=\"elementor-column elementor-col-100 elementor-top-column elementor-element elementor-element-ebcb0e9\" data-id=\"ebcb0e9\" data-element_type=\"column\" data-e-type=\"column\">\n\t\t\t<div class=\"elementor-widget-wrap elementor-element-populated\">\n\t\t\t\t\t\t<div class=\"elementor-element elementor-element-48f0ebd elementor-arrows-position-inside elementor-pagination-position-outside elementor-invisible elementor-widget elementor-widget-image-carousel\" data-id=\"48f0ebd\" data-element_type=\"widget\" data-e-type=\"widget\" data-settings=\"{&quot;slides_to_show&quot;:&quot;1&quot;,&quot;_animation&quot;:&quot;rotateInDownRight&quot;,&quot;navigation&quot;:&quot;both&quot;,&quot;autoplay&quot;:&quot;yes&quot;,&quot;pause_on_hover&quot;:&quot;yes&quot;,&quot;pause_on_interaction&quot;:&quot;yes&quot;,&quot;autoplay_speed&quot;:5000,&quot;infinite&quot;:&quot;yes&quot;,&quot;effect&quot;:&quot;slide&quot;,&quot;speed&quot;:500}\" data-widget_type=\"image-carousel.default\">\n\t\t\t\t\t\t\t<div class=\"elementor-image-carousel-wrapper swiper\" role=\"region\" aria-roledescription=\"carousel\" aria-label=\"Carrusel de im\u00e1genes\" dir=\"ltr\">\n\t\t\t<div class=\"elementor-image-carousel swiper-wrapper\" aria-live=\"off\">\n\t\t\t\t\t\t\t\t<div class=\"swiper-slide\" role=\"group\" aria-roledescription=\"slide\" aria-label=\"1 de 6\"><figure class=\"swiper-slide-inner\"><img decoding=\"async\" class=\"swiper-slide-image\" src=\"https:\/\/soymigrante.com\/revista\/wp-content\/uploads\/2023\/12\/Integrantes-Awal--768x768.webp\" alt=\"Son familias migrantes guatemaltecas que integran la agrupaci\u00f3n de danza y marimba Maya Awal. Portadores de la cultura e identidad\" \/><figcaption class=\"elementor-image-carousel-caption\">Son familias migrantes guatemaltecas que integran la agrupaci\u00f3n de danza y marimba Maya Awal. Portadores de la cultura e identidad<\/figcaption><\/figure><\/div><div class=\"swiper-slide\" role=\"group\" aria-roledescription=\"slide\" aria-label=\"2 de 6\"><figure class=\"swiper-slide-inner\"><img decoding=\"async\" class=\"swiper-slide-image\" src=\"https:\/\/soymigrante.com\/revista\/wp-content\/uploads\/2023\/12\/mujeres-integrantes-indumentaria-maya-768x768.webp\" alt=\"Participan hijos e hijas de las familias migrantes guatemaltecos utilizan la indumentaria maya de su tierra de origen\" \/><figcaption class=\"elementor-image-carousel-caption\">Participan hijos e hijas de las familias migrantes guatemaltecos utilizan la indumentaria maya de su tierra de origen <\/figcaption><\/figure><\/div><div class=\"swiper-slide\" role=\"group\" aria-roledescription=\"slide\" aria-label=\"3 de 6\"><figure class=\"swiper-slide-inner\"><img decoding=\"async\" class=\"swiper-slide-image\" src=\"https:\/\/soymigrante.com\/revista\/wp-content\/uploads\/2023\/12\/indumentaria-maya--768x768.webp\" alt=\"La indumentaria maya es parte de las presentaciones del grupo Awal\" \/><figcaption class=\"elementor-image-carousel-caption\">La indumentaria maya es parte de las presentaciones del grupo Awal<\/figcaption><\/figure><\/div><div class=\"swiper-slide\" role=\"group\" aria-roledescription=\"slide\" aria-label=\"4 de 6\"><figure class=\"swiper-slide-inner\"><img decoding=\"async\" class=\"swiper-slide-image\" src=\"https:\/\/soymigrante.com\/revista\/wp-content\/uploads\/2023\/12\/eleccion-de-reinas-768x768.webp\" alt=\"La agrupaci\u00f3n Awal organiza varios eventos entre ellos &quot;Princesa Maya&quot; evento que busca mantener las tradiciones y cultura guatemalteca\" \/><figcaption class=\"elementor-image-carousel-caption\">La agrupaci\u00f3n Awal organiza varios eventos entre ellos \"Princesa Maya\" evento que busca mantener las tradiciones y cultura guatemalteca<\/figcaption><\/figure><\/div><div class=\"swiper-slide\" role=\"group\" aria-roledescription=\"slide\" aria-label=\"5 de 6\"><figure class=\"swiper-slide-inner\"><img decoding=\"async\" class=\"swiper-slide-image\" src=\"https:\/\/soymigrante.com\/revista\/wp-content\/uploads\/2023\/12\/eleccion--768x768.webp\" alt=\"En la tradicional elecci\u00f3n de princesa maya participan hijas de migrantes guatemaltecos en diversas comunidades de EE.UU. Portan diferentes indumentarias mayas\" \/><figcaption class=\"elementor-image-carousel-caption\">En la tradicional elecci\u00f3n de princesa maya participan hijas de migrantes guatemaltecos en diversas comunidades de EE.UU. Portan diferentes indumentarias mayas<\/figcaption><\/figure><\/div><div class=\"swiper-slide\" role=\"group\" aria-roledescription=\"slide\" aria-label=\"6 de 6\"><figure class=\"swiper-slide-inner\"><img decoding=\"async\" class=\"swiper-slide-image\" src=\"https:\/\/soymigrante.com\/revista\/wp-content\/uploads\/2023\/12\/Awal-integrantes-familias-768x768.webp\" alt=\"Awal naci\u00f3 con el objetivo de mantener la cultura a trav\u00e9s de la danza. Tambi\u00e9n crearon la marimba Maya Awal, misma que interpreta temas musicales con la marimba\" \/><figcaption class=\"elementor-image-carousel-caption\">Awal naci\u00f3 con el objetivo de mantener la cultura a trav\u00e9s de la danza. Tambi\u00e9n crearon la marimba Maya Awal, misma que interpreta temas musicales con la marimba<\/figcaption><\/figure><\/div>\t\t\t<\/div>\n\t\t\t\t\t\t\t\t\t\t\t\t<div class=\"elementor-swiper-button elementor-swiper-button-prev\" role=\"button\" tabindex=\"0\">\n\t\t\t\t\t\t<i aria-hidden=\"true\" class=\"eicon-chevron-left\"><\/i>\t\t\t\t\t<\/div>\n\t\t\t\t\t<div class=\"elementor-swiper-button elementor-swiper-button-next\" role=\"button\" tabindex=\"0\">\n\t\t\t\t\t\t<i aria-hidden=\"true\" class=\"eicon-chevron-right\"><\/i>\t\t\t\t\t<\/div>\n\t\t\t\t\n\t\t\t\t\t\t\t\t\t<div class=\"swiper-pagination\"><\/div>\n\t\t\t\t\t\t\t\t\t<\/div>\n\t\t\t\t\t\t<\/div>\n\t\t\t\t\t<\/div>\n\t\t<\/div>\n\t\t\t\t\t<\/div>\n\t\t<\/section>\n\t\t\t\t<section data-particle_enable=\"false\" data-particle-mobile-disabled=\"false\" class=\"elementor-section elementor-top-section elementor-element elementor-element-0059fac elementor-section-boxed elementor-section-height-default elementor-section-height-default\" data-id=\"0059fac\" data-element_type=\"section\" data-e-type=\"section\">\n\t\t\t\t\t\t<div class=\"elementor-container elementor-column-gap-default\">\n\t\t\t\t\t<div class=\"elementor-column elementor-col-100 elementor-top-column elementor-element elementor-element-025b100\" data-id=\"025b100\" data-element_type=\"column\" data-e-type=\"column\">\n\t\t\t<div class=\"elementor-widget-wrap elementor-element-populated\">\n\t\t\t\t\t\t<div class=\"elementor-element elementor-element-3bb8e06 elementor-widget elementor-widget-heading\" data-id=\"3bb8e06\" data-element_type=\"widget\" data-e-type=\"widget\" data-widget_type=\"heading.default\">\n\t\t\t\t\t<h2 class=\"elementor-heading-title elementor-size-default\">Ra\u00edz que florece lejos de la tierra natal\n<\/h2>\t\t\t\t<\/div>\n\t\t\t\t\t<\/div>\n\t\t<\/div>\n\t\t\t\t\t<\/div>\n\t\t<\/section>\n\t\t\t\t<section data-particle_enable=\"false\" data-particle-mobile-disabled=\"false\" class=\"elementor-section elementor-top-section elementor-element elementor-element-a55d734 elementor-section-boxed elementor-section-height-default elementor-section-height-default\" data-id=\"a55d734\" data-element_type=\"section\" data-e-type=\"section\">\n\t\t\t\t\t\t<div class=\"elementor-container elementor-column-gap-default\">\n\t\t\t\t\t<div class=\"elementor-column elementor-col-100 elementor-top-column elementor-element elementor-element-6dd5b0a\" data-id=\"6dd5b0a\" data-element_type=\"column\" data-e-type=\"column\">\n\t\t\t<div class=\"elementor-widget-wrap elementor-element-populated\">\n\t\t\t\t\t\t<div class=\"elementor-element elementor-element-6d085b4 elementor-widget elementor-widget-text-editor\" data-id=\"6d085b4\" data-element_type=\"widget\" data-e-type=\"widget\" data-widget_type=\"text-editor.default\">\n\t\t\t\t\t\t\t\t\t<p><span style=\"font-weight: 400;\">El grupo de Danza y m\u00fasica Awal participa en varios eventos en el estado Washington D.C. y busca mantener la cultura con la m\u00fasica y la danza ancestral. En las actividades p\u00fablicas se ve la participaci\u00f3n de ni\u00f1os, ni\u00f1as y j\u00f3venes de migrantes guatemaltecos \u201cSi varios asisten con la indumentaria maya del lugar de donde sus padres son originarios. Nuestro objetivo es mantener y no perder la cultura al estar en el exterior\u201d<\/span><\/p><p><span style=\"font-weight: 400;\">El evento de princesa maya nace con el objetivo de recordar las tradiciones y sobre todo mantener la identidad cultural son hijas de migrantes quienes participan y desarrollan intervenciones en el escenario, bailes, danzas e interpretaciones musicales se disfrutan durante la velada.<\/span><\/p><p><span style=\"font-weight: 400;\">La experiencia de la familia Cabrera ha sido ic\u00f3nica. Los hijos de Vinicio se han incluido desde muy peque\u00f1os tanto en la danza como la integraci\u00f3n de marimba. \u201cPor ejemplo la danza del venado, mandamos hacer unas m\u00e1scaras y mi hijo desde los cuatro a\u00f1os nos acompa\u00f1aba\u201d.<\/span><\/p>\t\t\t\t\t\t\t\t<\/div>\n\t\t\t\t\t<\/div>\n\t\t<\/div>\n\t\t\t\t\t<\/div>\n\t\t<\/section>\n\t\t\t\t<section data-particle_enable=\"false\" data-particle-mobile-disabled=\"false\" class=\"elementor-section elementor-top-section elementor-element elementor-element-ebb74da elementor-section-boxed elementor-section-height-default elementor-section-height-default\" data-id=\"ebb74da\" data-element_type=\"section\" data-e-type=\"section\">\n\t\t\t\t\t\t<div class=\"elementor-container elementor-column-gap-default\">\n\t\t\t\t\t<div class=\"elementor-column elementor-col-100 elementor-top-column elementor-element elementor-element-ca10fda\" data-id=\"ca10fda\" data-element_type=\"column\" data-e-type=\"column\">\n\t\t\t<div class=\"elementor-widget-wrap elementor-element-populated\">\n\t\t\t\t\t\t<div class=\"elementor-element elementor-element-9032995 elementor-widget elementor-widget-facebook-embed\" data-id=\"9032995\" data-element_type=\"widget\" data-e-type=\"widget\" data-widget_type=\"facebook-embed.default\">\n\t\t\t\t\t<div style=\"min-height: 1px\" class=\"elementor-facebook-widget fb-video\" data-href=\"https:\/\/www.facebook.com\/100063557383203\/videos\/1035169914420311\" data-show-text=\"false\" data-allowfullscreen=\"false\" data-autoplay=\"false\" data-show-captions=\"false\"><\/div>\t\t\t\t<\/div>\n\t\t\t\t\t<\/div>\n\t\t<\/div>\n\t\t\t\t\t<\/div>\n\t\t<\/section>\n\t\t\t\t<section data-particle_enable=\"false\" data-particle-mobile-disabled=\"false\" class=\"elementor-section elementor-top-section elementor-element elementor-element-36ae10d elementor-section-boxed elementor-section-height-default elementor-section-height-default\" data-id=\"36ae10d\" data-element_type=\"section\" data-e-type=\"section\">\n\t\t\t\t\t\t<div class=\"elementor-container elementor-column-gap-default\">\n\t\t\t\t\t<div class=\"elementor-column elementor-col-100 elementor-top-column elementor-element elementor-element-f355dd7\" data-id=\"f355dd7\" data-element_type=\"column\" data-e-type=\"column\">\n\t\t\t<div class=\"elementor-widget-wrap elementor-element-populated\">\n\t\t\t\t\t\t<div class=\"elementor-element elementor-element-438b249 elementor-widget elementor-widget-text-editor\" data-id=\"438b249\" data-element_type=\"widget\" data-e-type=\"widget\" data-widget_type=\"text-editor.default\">\n\t\t\t\t\t\t\t\t\t<p><span style=\"font-weight: 400;\">Una de las decisiones m\u00e1s dif\u00edciles para Vinicio, fue migrar a Estados Unidos en el a\u00f1o de 1999, debido a la falta de oportunidades laborales. \u201cMe gradu\u00e9 y estudi\u00e9 cuatro meses en la universidad, pero ten\u00eda que viajar diario y apenas ajustaba para el pasaje. Entonces fue dif\u00edcil\u201d.<\/span><\/p><p><span style=\"font-weight: 400;\">La idea inicial era migrar y residir tres a\u00f1os, pero pasaron los a\u00f1os y se estableci\u00f3 definitivamente con la llegada de su esposa Julia S\u00e1nchez.\u00a0<\/span><span style=\"font-weight: 400; color: var( --e-global-color-text );\">\u00a0\u201cElla lleg\u00f3 en el a\u00f1o 2005 y ya luego formalizamos nuestro hogar migrante\u201d. La decisi\u00f3n de quedarse la tomaron para buscar mejores oportunidades.\u00a0\u00a0<\/span><\/p>\t\t\t\t\t\t\t\t<\/div>\n\t\t\t\t\t<\/div>\n\t\t<\/div>\n\t\t\t\t\t<\/div>\n\t\t<\/section>\n\t\t\t\t<section data-particle_enable=\"false\" data-particle-mobile-disabled=\"false\" class=\"elementor-section elementor-top-section elementor-element elementor-element-50f899e elementor-section-boxed elementor-section-height-default elementor-section-height-default\" data-id=\"50f899e\" data-element_type=\"section\" data-e-type=\"section\">\n\t\t\t\t\t\t<div class=\"elementor-container elementor-column-gap-default\">\n\t\t\t\t\t<div class=\"elementor-column elementor-col-100 elementor-top-column elementor-element elementor-element-9ff7d86\" data-id=\"9ff7d86\" data-element_type=\"column\" data-e-type=\"column\">\n\t\t\t<div class=\"elementor-widget-wrap elementor-element-populated\">\n\t\t\t\t\t\t<div class=\"elementor-element elementor-element-d716a75 elementor-widget elementor-widget-heading\" data-id=\"d716a75\" data-element_type=\"widget\" data-e-type=\"widget\" data-widget_type=\"heading.default\">\n\t\t\t\t\t<h2 class=\"elementor-heading-title elementor-size-default\">El valor de la danza <\/h2>\t\t\t\t<\/div>\n\t\t\t\t\t<\/div>\n\t\t<\/div>\n\t\t\t\t\t<\/div>\n\t\t<\/section>\n\t\t\t\t<section data-particle_enable=\"false\" data-particle-mobile-disabled=\"false\" class=\"elementor-section elementor-top-section elementor-element elementor-element-ce5b507 elementor-section-boxed elementor-section-height-default elementor-section-height-default\" data-id=\"ce5b507\" data-element_type=\"section\" data-e-type=\"section\">\n\t\t\t\t\t\t<div class=\"elementor-container elementor-column-gap-default\">\n\t\t\t\t\t<div class=\"elementor-column elementor-col-100 elementor-top-column elementor-element elementor-element-743d5b0\" data-id=\"743d5b0\" data-element_type=\"column\" data-e-type=\"column\">\n\t\t\t<div class=\"elementor-widget-wrap elementor-element-populated\">\n\t\t\t\t\t\t<div class=\"elementor-element elementor-element-506341d elementor-widget elementor-widget-text-editor\" data-id=\"506341d\" data-element_type=\"widget\" data-e-type=\"widget\" data-widget_type=\"text-editor.default\">\n\t\t\t\t\t\t\t\t\t<p><span style=\"font-weight: 400;\">Para la comunidad guatemalteca radicada en Estados Unidos Maya Awal representa un recordatorio de su tierra natal. Tambi\u00e9n existe una minor\u00eda que ha estado en desacuerdo. \u201cRespetamos el pensamiento de cada uno, los locales siempre admiran lo nuestro. Nosotros continuaremos con esta tradici\u00f3n\u201d.<\/span><\/p><p><span style=\"font-weight: 400;\">El grupo Awal tambi\u00e9n ha organizado la recaudaci\u00f3n de fondos para canastas navide\u00f1as, con el fin de enviarlas a Guatemala, a familias necesitadas. En 2014 comenz\u00f3 la elecci\u00f3n anual de la princesa maya, en la cual hay m\u00fasica, danza, conexi\u00f3n con la multiculturalidad.<\/span><\/p><p><span style=\"font-weight: 400;\">El grupo del torito y moros \u201cEl \u00faltimo Vaquero de San Juan Ostuncalco\u201d\u00a0 y el Convite Femenino Chiquiricapense han participado en el magno evento de que se realiza en el sal\u00f3n comunitario de Maryland.<\/span><\/p>\t\t\t\t\t\t\t\t<\/div>\n\t\t\t\t\t<\/div>\n\t\t<\/div>\n\t\t\t\t\t<\/div>\n\t\t<\/section>\n\t\t\t\t<section data-particle_enable=\"false\" data-particle-mobile-disabled=\"false\" class=\"elementor-section elementor-top-section elementor-element elementor-element-6a585a8 elementor-section-boxed elementor-section-height-default elementor-section-height-default\" data-id=\"6a585a8\" data-element_type=\"section\" data-e-type=\"section\">\n\t\t\t\t\t\t<div class=\"elementor-container elementor-column-gap-default\">\n\t\t\t\t\t<div class=\"elementor-column elementor-col-100 elementor-top-column elementor-element elementor-element-0bb7e07\" data-id=\"0bb7e07\" data-element_type=\"column\" data-e-type=\"column\">\n\t\t\t<div class=\"elementor-widget-wrap elementor-element-populated\">\n\t\t\t\t\t\t<div class=\"elementor-element elementor-element-f15023b elementor-widget elementor-widget-video\" data-id=\"f15023b\" data-element_type=\"widget\" data-e-type=\"widget\" data-settings=\"{&quot;youtube_url&quot;:&quot;https:\\\/\\\/www.youtube.com\\\/watch?v=yo9Bm1QHN_s&quot;,&quot;video_type&quot;:&quot;youtube&quot;,&quot;controls&quot;:&quot;yes&quot;}\" data-widget_type=\"video.default\">\n\t\t\t\t\t\t\t<div class=\"elementor-wrapper elementor-open-inline\">\n\t\t\t<div class=\"elementor-video\"><\/div>\t\t<\/div>\n\t\t\t\t\t\t<\/div>\n\t\t\t\t\t<\/div>\n\t\t<\/div>\n\t\t\t\t\t<\/div>\n\t\t<\/section>\n\t\t\t\t<section data-particle_enable=\"false\" data-particle-mobile-disabled=\"false\" class=\"elementor-section elementor-top-section elementor-element elementor-element-7d1e933 elementor-section-boxed elementor-section-height-default elementor-section-height-default\" data-id=\"7d1e933\" data-element_type=\"section\" data-e-type=\"section\">\n\t\t\t\t\t\t<div class=\"elementor-container elementor-column-gap-default\">\n\t\t\t\t\t<div class=\"elementor-column elementor-col-100 elementor-top-column elementor-element elementor-element-a78f15f\" data-id=\"a78f15f\" data-element_type=\"column\" data-e-type=\"column\">\n\t\t\t<div class=\"elementor-widget-wrap elementor-element-populated\">\n\t\t\t\t\t\t<div class=\"elementor-element elementor-element-66ec4bf elementor-widget elementor-widget-heading\" data-id=\"66ec4bf\" data-element_type=\"widget\" data-e-type=\"widget\" data-widget_type=\"heading.default\">\n\t\t\t\t\t<h2 class=\"elementor-heading-title elementor-size-default\">Presentaci\u00f3n del Grupo Awal<\/h2>\t\t\t\t<\/div>\n\t\t\t\t\t<\/div>\n\t\t<\/div>\n\t\t\t\t\t<\/div>\n\t\t<\/section>\n\t\t\t\t<section data-particle_enable=\"false\" data-particle-mobile-disabled=\"false\" class=\"elementor-section elementor-top-section elementor-element elementor-element-db9fb52 elementor-section-boxed elementor-section-height-default elementor-section-height-default\" data-id=\"db9fb52\" data-element_type=\"section\" data-e-type=\"section\">\n\t\t\t\t\t\t<div class=\"elementor-container elementor-column-gap-default\">\n\t\t\t\t\t<div class=\"elementor-column elementor-col-100 elementor-top-column elementor-element elementor-element-5b8e681\" data-id=\"5b8e681\" data-element_type=\"column\" data-e-type=\"column\">\n\t\t\t<div class=\"elementor-widget-wrap elementor-element-populated\">\n\t\t\t\t\t\t<div class=\"elementor-element elementor-element-b940685 elementor-widget elementor-widget-facebook-embed\" data-id=\"b940685\" data-element_type=\"widget\" data-e-type=\"widget\" data-widget_type=\"facebook-embed.default\">\n\t\t\t\t\t<div style=\"min-height: 1px\" class=\"elementor-facebook-widget fb-video\" data-href=\"https:\/\/fb.watch\/tR4LMcTiY5\/\" data-show-text=\"false\" data-allowfullscreen=\"false\" data-autoplay=\"false\" data-show-captions=\"false\"><\/div>\t\t\t\t<\/div>\n\t\t\t\t\t<\/div>\n\t\t<\/div>\n\t\t\t\t\t<\/div>\n\t\t<\/section>\n\t\t\t\t<section data-particle_enable=\"false\" data-particle-mobile-disabled=\"false\" class=\"elementor-section elementor-top-section elementor-element elementor-element-934aa44 elementor-section-boxed elementor-section-height-default elementor-section-height-default\" data-id=\"934aa44\" data-element_type=\"section\" data-e-type=\"section\">\n\t\t\t\t\t\t<div class=\"elementor-container elementor-column-gap-default\">\n\t\t\t\t\t<div class=\"elementor-column elementor-col-100 elementor-top-column elementor-element elementor-element-67a39ae\" data-id=\"67a39ae\" data-element_type=\"column\" data-e-type=\"column\">\n\t\t\t<div class=\"elementor-widget-wrap elementor-element-populated\">\n\t\t\t\t\t\t<div class=\"elementor-element elementor-element-071f4d3 elementor-testimonial--skin-default elementor-testimonial--layout-image_inline elementor-testimonial--align-center elementor-arrows-yes elementor-pagination-type-bullets elementor-widget elementor-widget-testimonial-carousel\" data-id=\"071f4d3\" data-element_type=\"widget\" data-e-type=\"widget\" data-settings=\"{&quot;show_arrows&quot;:&quot;yes&quot;,&quot;pagination&quot;:&quot;bullets&quot;,&quot;speed&quot;:500,&quot;autoplay&quot;:&quot;yes&quot;,&quot;autoplay_speed&quot;:5000,&quot;loop&quot;:&quot;yes&quot;,&quot;pause_on_hover&quot;:&quot;yes&quot;,&quot;pause_on_interaction&quot;:&quot;yes&quot;,&quot;space_between&quot;:{&quot;unit&quot;:&quot;px&quot;,&quot;size&quot;:10,&quot;sizes&quot;:[]},&quot;space_between_tablet&quot;:{&quot;unit&quot;:&quot;px&quot;,&quot;size&quot;:10,&quot;sizes&quot;:[]},&quot;space_between_mobile&quot;:{&quot;unit&quot;:&quot;px&quot;,&quot;size&quot;:10,&quot;sizes&quot;:[]}}\" data-widget_type=\"testimonial-carousel.default\">\n\t\t\t\t\t\t\t\t\t\t<div class=\"elementor-main-swiper swiper\" role=\"region\" aria-roledescription=\"carousel\" aria-label=\"Diapositivas\">\n\t\t\t\t<div class=\"swiper-wrapper\">\n\t\t\t\t\t\t\t\t\t\t\t<div class=\"swiper-slide\" role=\"group\" aria-roledescription=\"slide\">\n\t\t\t\t\t\t\t\t\t<div class=\"elementor-testimonial\">\n\t\t\t\t\t\t\t<div class=\"elementor-testimonial__content\">\n\t\t\t\t\t<div class=\"elementor-testimonial__text\">\n\t\t\t\t\t\t\u201cEstamos seguros de que continuar con la cultura para nuestras generaciones y no perder nuestra identidad. No solo ac\u00e1 si no tambi\u00e9n en Guatemala. Por eso es primordial ense\u00f1arles a nuestros hijos los valores de nuestra tierra y que puedan replicarlo a donde quiera que vayan\u201d.\t\t\t\t\t<\/div>\n\t\t\t\t\t\t\t\t\t<\/div>\n\t\t\t\t\t\t<div class=\"elementor-testimonial__footer\">\n\t\t\t\t\t\t\t\t\t<div class=\"elementor-testimonial__image\">\n\t\t\t\t\t\t<img decoding=\"async\" src=\"https:\/\/soymigrante.com\/revista\/wp-content\/uploads\/2023\/12\/familias--e1701746294436.webp\" alt=\"Vinicio Cabrera\">\n\t\t\t\t\t\t\t\t\t\t\t<\/div>\n\t\t\t\t\t\t\t\t<cite class=\"elementor-testimonial__cite\"><span class=\"elementor-testimonial__name\">Vinicio Cabrera<\/span><span class=\"elementor-testimonial__title\">Migrante guatemalteco<\/span><\/cite>\t\t\t<\/div>\n\t\t<\/div>\n\t\t\t\t\t\t\t\t<\/div>\n\t\t\t\t\t\t\t\t\t<\/div>\n\t\t\t\t\t\t\t<\/div>\n\t\t\t\t\t\t\t\t<\/div>\n\t\t\t\t\t<\/div>\n\t\t<\/div>\n\t\t\t\t\t<\/div>\n\t\t<\/section>\n\t\t\t\t<section data-particle_enable=\"false\" data-particle-mobile-disabled=\"false\" class=\"elementor-section elementor-top-section elementor-element elementor-element-107e262 elementor-section-boxed elementor-section-height-default elementor-section-height-default\" data-id=\"107e262\" data-element_type=\"section\" data-e-type=\"section\">\n\t\t\t\t\t\t<div class=\"elementor-container elementor-column-gap-default\">\n\t\t\t\t\t<div class=\"elementor-column elementor-col-100 elementor-top-column elementor-element elementor-element-8be0626\" data-id=\"8be0626\" data-element_type=\"column\" data-e-type=\"column\">\n\t\t\t<div class=\"elementor-widget-wrap elementor-element-populated\">\n\t\t\t\t\t\t<div class=\"elementor-element elementor-element-3b34b24 elementor-widget elementor-widget-heading\" data-id=\"3b34b24\" data-element_type=\"widget\" data-e-type=\"widget\" data-widget_type=\"heading.default\">\n\t\t\t\t\t<h2 class=\"elementor-heading-title elementor-size-default\">La invitaci\u00f3n est\u00e1 abierta para todo migrante guatemalteco que desee integrar la agrupaci\u00f3n.\n<\/h2>\t\t\t\t<\/div>\n\t\t\t\t\t<\/div>\n\t\t<\/div>\n\t\t\t\t\t<\/div>\n\t\t<\/section>\n\t\t\t\t<section data-particle_enable=\"false\" data-particle-mobile-disabled=\"false\" class=\"elementor-section elementor-top-section elementor-element elementor-element-7ea7de1 elementor-section-boxed elementor-section-height-default elementor-section-height-default\" data-id=\"7ea7de1\" data-element_type=\"section\" data-e-type=\"section\">\n\t\t\t\t\t\t<div class=\"elementor-container elementor-column-gap-default\">\n\t\t\t\t\t<div class=\"elementor-column elementor-col-100 elementor-top-column elementor-element elementor-element-3535110\" data-id=\"3535110\" data-element_type=\"column\" data-e-type=\"column\">\n\t\t\t<div class=\"elementor-widget-wrap elementor-element-populated\">\n\t\t\t\t\t\t<div class=\"elementor-element elementor-element-5969c2d elementor-widget elementor-widget-facebook-page\" data-id=\"5969c2d\" data-element_type=\"widget\" data-e-type=\"widget\" data-widget_type=\"facebook-page.default\">\n\t\t\t\t\t<div class=\"elementor-facebook-widget fb-page\" data-href=\"https:\/\/www.facebook.com\/profile.php?id=100063685294603&amp;mibextid=kFxxJD\" data-tabs=\"timeline\" data-height=\"500px\" data-width=\"500px\" data-small-header=\"false\" data-hide-cover=\"false\" data-show-facepile=\"true\" data-hide-cta=\"false\" style=\"min-height: 1px;height:500px\"><\/div>\t\t\t\t<\/div>\n\t\t\t\t\t<\/div>\n\t\t<\/div>\n\t\t\t\t\t<\/div>\n\t\t<\/section>\n\t\t\t\t<section data-particle_enable=\"false\" data-particle-mobile-disabled=\"false\" class=\"elementor-section elementor-top-section elementor-element elementor-element-349ae26 elementor-section-boxed elementor-section-height-default elementor-section-height-default\" data-id=\"349ae26\" data-element_type=\"section\" data-e-type=\"section\">\n\t\t\t\t\t\t<div class=\"elementor-container elementor-column-gap-default\">\n\t\t\t\t\t<div class=\"elementor-column elementor-col-100 elementor-top-column elementor-element elementor-element-ccaa2ad\" data-id=\"ccaa2ad\" data-element_type=\"column\" data-e-type=\"column\">\n\t\t\t<div class=\"elementor-widget-wrap elementor-element-populated\">\n\t\t\t\t\t\t<div class=\"elementor-element elementor-element-1433e09 elementor-widget elementor-widget-heading\" data-id=\"1433e09\" data-element_type=\"widget\" data-e-type=\"widget\" data-widget_type=\"heading.default\">\n\t\t\t\t\t<h2 class=\"elementor-heading-title elementor-size-default\">M\u00e1s razones para amar a Guatemala <\/h2>\t\t\t\t<\/div>\n\t\t\t\t\t<\/div>\n\t\t<\/div>\n\t\t\t\t\t<\/div>\n\t\t<\/section>\n\t\t\t\t<section data-particle_enable=\"false\" data-particle-mobile-disabled=\"false\" class=\"elementor-section elementor-top-section elementor-element elementor-element-64bd034 elementor-section-boxed elementor-section-height-default elementor-section-height-default\" data-id=\"64bd034\" data-element_type=\"section\" data-e-type=\"section\">\n\t\t\t\t\t\t<div class=\"elementor-container elementor-column-gap-default\">\n\t\t\t\t\t<div class=\"elementor-column elementor-col-100 elementor-top-column elementor-element elementor-element-41d320e\" data-id=\"41d320e\" data-element_type=\"column\" data-e-type=\"column\">\n\t\t\t<div class=\"elementor-widget-wrap elementor-element-populated\">\n\t\t\t\t\t\t<div class=\"elementor-element elementor-element-26f283d elementor-widget elementor-widget-blfe-post-grid\" data-id=\"26f283d\" data-element_type=\"widget\" data-e-type=\"widget\" data-settings=\"{&quot;columns&quot;:&quot;3&quot;,&quot;columns_tablet&quot;:&quot;6&quot;,&quot;columns_mobile&quot;:&quot;12&quot;,&quot;hero1_slides_to_show&quot;:3,&quot;hero1_slides_to_show_tablet&quot;:2,&quot;hero1_slides_to_show_mobile&quot;:1,&quot;hero1_autoplay&quot;:&quot;yes&quot;,&quot;hero1_autoplay_speed&quot;:5000,&quot;hero1_pause_on_hover&quot;:&quot;no&quot;,&quot;hero1_loop&quot;:&quot;yes&quot;,&quot;hero1_animation_speed&quot;:200,&quot;hero1_navigation&quot;:&quot;dots&quot;,&quot;hero1_carousel_arrow_size&quot;:{&quot;unit&quot;:&quot;px&quot;,&quot;size&quot;:&quot;&quot;,&quot;sizes&quot;:[]},&quot;hero1_carousel_arrow_size_tablet&quot;:{&quot;unit&quot;:&quot;px&quot;,&quot;size&quot;:&quot;&quot;,&quot;sizes&quot;:[]},&quot;hero1_carousel_arrow_size_mobile&quot;:{&quot;unit&quot;:&quot;px&quot;,&quot;size&quot;:&quot;&quot;,&quot;sizes&quot;:[]},&quot;hero1_carousel_arrow_height&quot;:{&quot;unit&quot;:&quot;px&quot;,&quot;size&quot;:&quot;&quot;,&quot;sizes&quot;:[]},&quot;hero1_carousel_arrow_height_tablet&quot;:{&quot;unit&quot;:&quot;px&quot;,&quot;size&quot;:&quot;&quot;,&quot;sizes&quot;:[]},&quot;hero1_carousel_arrow_height_mobile&quot;:{&quot;unit&quot;:&quot;px&quot;,&quot;size&quot;:&quot;&quot;,&quot;sizes&quot;:[]},&quot;hero1_carousel_arrow_width&quot;:{&quot;unit&quot;:&quot;px&quot;,&quot;size&quot;:&quot;&quot;,&quot;sizes&quot;:[]},&quot;hero1_carousel_arrow_width_tablet&quot;:{&quot;unit&quot;:&quot;px&quot;,&quot;size&quot;:&quot;&quot;,&quot;sizes&quot;:[]},&quot;hero1_carousel_arrow_width_mobile&quot;:{&quot;unit&quot;:&quot;px&quot;,&quot;size&quot;:&quot;&quot;,&quot;sizes&quot;:[]},&quot;hero1_carousel_dots_size&quot;:{&quot;unit&quot;:&quot;px&quot;,&quot;size&quot;:&quot;&quot;,&quot;sizes&quot;:[]},&quot;hero1_carousel_dots_size_tablet&quot;:{&quot;unit&quot;:&quot;px&quot;,&quot;size&quot;:&quot;&quot;,&quot;sizes&quot;:[]},&quot;hero1_carousel_dots_size_mobile&quot;:{&quot;unit&quot;:&quot;px&quot;,&quot;size&quot;:&quot;&quot;,&quot;sizes&quot;:[]}}\" data-widget_type=\"blfe-post-grid.hero1\">\n\t\t\t\t<div class=\"elementor-widget-container\">\n\t\t\t\t\t\n            \n                <div data-skin=\"hero1\" class=\"blfe-row blfe-posts-inner blfe-hero1      blfe-carousel  \">\n                            <div class=\"blfe-post-grid-item\">\n            <div class=\"blfe-post-grid-item-inner blfe-modern-zoom\">\n                        <div class=\"blfe-post-grid-bg-image\">\n            <a class=\"blfe-post-grid-image-inner\" href=\"https:\/\/soymigrante.com\/revista\/dulces-guatemaltecos-se-saborean-en-la-feria-la-memoria-y-el-corazon\/\" title=\"Dulces guatemaltecos se saborean en la feria, la memoria y el coraz\u00f3n\" rel=\"nofollow\" target=\"_blank\"><img decoding=\"async\" src=\"https:\/\/soymigrante.com\/revista\/wp-content\/uploads\/2024\/08\/dulces-guatemaltecos-1.webp\" alt=\"Dulces guatemaltecos se saborean en la feria, la memoria y el coraz\u00f3n\"\/><\/a>        <\/div>\n                        <div class=\"blfe-post-grid-details\">\n                    <div class=\"blfe-post-grid-details-inner\">\n                        <span class=\"blfe-post-category\"><a href=\"https:\/\/soymigrante.com\/revista\/category\/guate-nuestra\/\">Guate Nuestra<\/a><\/span>                        <h3 class=\"blfe-post-grid-title\">\n            <a href=\"https:\/\/soymigrante.com\/revista\/dulces-guatemaltecos-se-saborean-en-la-feria-la-memoria-y-el-corazon\/\" title=\"Dulces guatemaltecos se saborean en la feria, la memoria y el coraz\u00f3n\" rel=\"nofollow\" target=\"_blank\">Dulces guatemaltecos se saborean en la feria, la memoria y el coraz\u00f3n<\/a>\n            <\/h3>                                                            <div class=\"blfe-post-grid-meta\">\n                <span class=\"blfe-post-grid-time\"><i class=\"fas fa-book-reader\"><\/i>3 Min read<\/span>            <\/div>\n                                                        <\/div>\n                <\/div>\n\n            <\/div>\n        <\/div>\n                <div class=\"blfe-post-grid-item\">\n            <div class=\"blfe-post-grid-item-inner blfe-modern-zoom\">\n                        <div class=\"blfe-post-grid-bg-image\">\n            <a class=\"blfe-post-grid-image-inner\" href=\"https:\/\/soymigrante.com\/revista\/joyas-jade-luis-prieto-emprendedores-mercado\/\" title=\"Luis F. Prieto Jeweler y la pasi\u00f3n por crear piezas originales en jade y otros materiales\" rel=\"nofollow\" target=\"_blank\"><img decoding=\"async\" src=\"https:\/\/soymigrante.com\/revista\/wp-content\/uploads\/2024\/12\/joyas3-1.webp\" alt=\"Luis F. Prieto Jeweler y la pasi\u00f3n por crear piezas originales en jade y otros materiales\"\/><\/a>        <\/div>\n                        <div class=\"blfe-post-grid-details\">\n                    <div class=\"blfe-post-grid-details-inner\">\n                        <span class=\"blfe-post-category\"><a href=\"https:\/\/soymigrante.com\/revista\/category\/guate-nuestra\/\">Guate Nuestra<\/a><\/span>                        <h3 class=\"blfe-post-grid-title\">\n            <a href=\"https:\/\/soymigrante.com\/revista\/joyas-jade-luis-prieto-emprendedores-mercado\/\" title=\"Luis F. Prieto Jeweler y la pasi\u00f3n por crear piezas originales en jade y otros materiales\" rel=\"nofollow\" target=\"_blank\">Luis F. Prieto Jeweler y la pasi\u00f3n por crear piezas originales en jade y otros materiales<\/a>\n            <\/h3>                                                            <div class=\"blfe-post-grid-meta\">\n                <span class=\"blfe-post-grid-time\"><i class=\"fas fa-book-reader\"><\/i>4 Min read<\/span>            <\/div>\n                                                        <\/div>\n                <\/div>\n\n            <\/div>\n        <\/div>\n                <div class=\"blfe-post-grid-item\">\n            <div class=\"blfe-post-grid-item-inner blfe-modern-zoom\">\n                        <div class=\"blfe-post-grid-bg-image\">\n            <a class=\"blfe-post-grid-image-inner\" href=\"https:\/\/soymigrante.com\/revista\/galeria-de-barriletes-gigantes-2025-en-santiago-y-sumpango-sacatepequez\/\" title=\"Galer\u00eda de barriletes gigantes 2025 en Santiago y Sumpango Sacatep\u00e9quez\" rel=\"nofollow\" target=\"_blank\"><img decoding=\"async\" src=\"https:\/\/soymigrante.com\/revista\/wp-content\/uploads\/2025\/11\/sumpango-2025-barrilete-gigante.jpg\" alt=\"Galer\u00eda de barriletes gigantes 2025 en Santiago y Sumpango Sacatep\u00e9quez\"\/><\/a>        <\/div>\n                        <div class=\"blfe-post-grid-details\">\n                    <div class=\"blfe-post-grid-details-inner\">\n                        <span class=\"blfe-post-category\"><a href=\"https:\/\/soymigrante.com\/revista\/category\/guate-nuestra\/\">Guate Nuestra<\/a><\/span>                        <h3 class=\"blfe-post-grid-title\">\n            <a href=\"https:\/\/soymigrante.com\/revista\/galeria-de-barriletes-gigantes-2025-en-santiago-y-sumpango-sacatepequez\/\" title=\"Galer\u00eda de barriletes gigantes 2025 en Santiago y Sumpango Sacatep\u00e9quez\" rel=\"nofollow\" target=\"_blank\">Galer\u00eda de barriletes gigantes 2025 en Santiago y Sumpango Sacatep\u00e9quez<\/a>\n            <\/h3>                                                            <div class=\"blfe-post-grid-meta\">\n                <span class=\"blfe-post-grid-time\"><i class=\"fas fa-book-reader\"><\/i>3 Min read<\/span>            <\/div>\n                                                        <\/div>\n                <\/div>\n\n            <\/div>\n        <\/div>\n                <div class=\"blfe-post-grid-item\">\n            <div class=\"blfe-post-grid-item-inner blfe-modern-zoom\">\n                        <div class=\"blfe-post-grid-bg-image\">\n            <a class=\"blfe-post-grid-image-inner\" href=\"https:\/\/soymigrante.com\/revista\/el-dia-del-cucurucho-devocion-y-tradicion-de-guatemala\/\" title=\"El D\u00eda del Cucurucho: Devoci\u00f3n y tradici\u00f3n de Guatemala\" rel=\"nofollow\" target=\"_blank\"><img decoding=\"async\" src=\"https:\/\/soymigrante.com\/revista\/wp-content\/uploads\/2025\/03\/oscar-rivas.webp\" alt=\"El D\u00eda del Cucurucho: Devoci\u00f3n y tradici\u00f3n de Guatemala\"\/><\/a>        <\/div>\n                        <div class=\"blfe-post-grid-details\">\n                    <div class=\"blfe-post-grid-details-inner\">\n                        <span class=\"blfe-post-category\"><a href=\"https:\/\/soymigrante.com\/revista\/category\/guate-nuestra\/\">Guate Nuestra<\/a><\/span>                        <h3 class=\"blfe-post-grid-title\">\n            <a href=\"https:\/\/soymigrante.com\/revista\/el-dia-del-cucurucho-devocion-y-tradicion-de-guatemala\/\" title=\"El D\u00eda del Cucurucho: Devoci\u00f3n y tradici\u00f3n de Guatemala\" rel=\"nofollow\" target=\"_blank\">El D\u00eda del Cucurucho: Devoci\u00f3n y tradici\u00f3n de Guatemala<\/a>\n            <\/h3>                                                            <div class=\"blfe-post-grid-meta\">\n                <span class=\"blfe-post-grid-time\"><i class=\"fas fa-book-reader\"><\/i>4 Min read<\/span>            <\/div>\n                                                        <\/div>\n                <\/div>\n\n            <\/div>\n        <\/div>\n                <div class=\"blfe-post-grid-item\">\n            <div class=\"blfe-post-grid-item-inner blfe-modern-zoom\">\n                        <div class=\"blfe-post-grid-bg-image\">\n            <a class=\"blfe-post-grid-image-inner\" href=\"https:\/\/soymigrante.com\/revista\/simbolos-patrios-de-guatemala-bandera-nacional\/\" title=\"La bandera Nacional de Guatemala: colores azul y blanco tambi\u00e9n son bicentenarios\" rel=\"nofollow\" target=\"_blank\"><img decoding=\"async\" src=\"https:\/\/soymigrante.com\/revista\/wp-content\/uploads\/2023\/10\/guatemaltecos-houston-1.webp\" alt=\"La bandera Nacional de Guatemala: colores azul y blanco tambi\u00e9n son bicentenarios\"\/><\/a>        <\/div>\n                        <div class=\"blfe-post-grid-details\">\n                    <div class=\"blfe-post-grid-details-inner\">\n                        <span class=\"blfe-post-category\"><a href=\"https:\/\/soymigrante.com\/revista\/category\/guate-nuestra\/\">Guate Nuestra<\/a><\/span>                        <h3 class=\"blfe-post-grid-title\">\n            <a href=\"https:\/\/soymigrante.com\/revista\/simbolos-patrios-de-guatemala-bandera-nacional\/\" title=\"La bandera Nacional de Guatemala: colores azul y blanco tambi\u00e9n son bicentenarios\" rel=\"nofollow\" target=\"_blank\">La bandera Nacional de Guatemala: colores azul y blanco tambi\u00e9n son bicentenarios<\/a>\n            <\/h3>                                                            <div class=\"blfe-post-grid-meta\">\n                <span class=\"blfe-post-grid-time\"><i class=\"fas fa-book-reader\"><\/i>7 Min read<\/span>            <\/div>\n                                                        <\/div>\n                <\/div>\n\n            <\/div>\n        <\/div>\n                <div class=\"blfe-post-grid-item\">\n            <div class=\"blfe-post-grid-item-inner blfe-modern-zoom\">\n                        <div class=\"blfe-post-grid-bg-image\">\n            <a class=\"blfe-post-grid-image-inner\" href=\"https:\/\/soymigrante.com\/revista\/el-pueblo-mopan-surgio-junto-a-un-rio-que-une-peten-y-belice\/\" title=\"El Pueblo Mop\u00e1n surgi\u00f3 junto a un r\u00edo que une Pet\u00e9n y Belice\" rel=\"nofollow\" target=\"_blank\"><img decoding=\"async\" src=\"https:\/\/soymigrante.com\/revista\/wp-content\/uploads\/2024\/09\/mopan-muni-san-luis-peten2-1.webp\" alt=\"El Pueblo Mop\u00e1n surgi\u00f3 junto a un r\u00edo que une Pet\u00e9n y Belice\"\/><\/a>        <\/div>\n                        <div class=\"blfe-post-grid-details\">\n                    <div class=\"blfe-post-grid-details-inner\">\n                        <span class=\"blfe-post-category\"><a href=\"https:\/\/soymigrante.com\/revista\/category\/guate-nuestra\/pueblos-de-guatemala\/\">Pueblos de Guatemala<\/a><\/span>                        <h3 class=\"blfe-post-grid-title\">\n            <a href=\"https:\/\/soymigrante.com\/revista\/el-pueblo-mopan-surgio-junto-a-un-rio-que-une-peten-y-belice\/\" title=\"El Pueblo Mop\u00e1n surgi\u00f3 junto a un r\u00edo que une Pet\u00e9n y Belice\" rel=\"nofollow\" target=\"_blank\">El Pueblo Mop\u00e1n surgi\u00f3 junto a un r\u00edo que une Pet\u00e9n y Belice<\/a>\n            <\/h3>                                                            <div class=\"blfe-post-grid-meta\">\n                <span class=\"blfe-post-grid-time\"><i class=\"fas fa-book-reader\"><\/i>6 Min read<\/span>            <\/div>\n                                                        <\/div>\n                <\/div>\n\n            <\/div>\n        <\/div>\n                        <\/div>\n\n            \n            \t\t\t\t<\/div>\n\t\t\t\t<\/div>\n\t\t\t\t\t<\/div>\n\t\t<\/div>\n\t\t\t\t\t<\/div>\n\t\t<\/section>\n\t\t\t\t<\/div>\n\t\t","protected":false},"excerpt":{"rendered":"<p>Cinco familias guatemaltecas integran el grupo Maya Awal, impulsado porel migrante Vinicio Cabrera. Desean mantener sus ra\u00edces, identidad y cultura mam al son de la marimba e indumentaria tradicional en EE.UU. Sembradores de la danza Awal significa Sembrador en idioma mam.\u00a0 La agrupaci\u00f3n comenz\u00f3 hace 18 a\u00f1os con seis integrantes, entre ellos Vinicio Cabrera, originario [&hellip;]<\/p>\n","protected":false},"author":10,"featured_media":3659,"comment_status":"open","ping_status":"open","sticky":false,"template":"","format":"standard","meta":{"_acf_changed":false,"_eb_attr":"","footnotes":""},"categories":[50],"tags":[],"class_list":["post-3639","post","type-post","status-publish","format-standard","has-post-thumbnail","hentry","category-exitos"],"acf":[],"aioseo_notices":[],"aioseo_head":"\n\t\t<!-- All in One SEO Pro 4.9.6.2 - aioseo.com -->\n\t<meta name=\"description\" content=\"El idioma mop\u00e1n es uno de los idiomas de Guatemala, pertenece a la rama yukateka. Tiene unos 3 mil 300 hablantes en Guatemala, aunque los hay tambi\u00e9n en Belice.\" \/>\n\t<meta name=\"robots\" content=\"max-snippet:-1, max-image-preview:large, max-video-preview:-1\" \/>\n\t<meta name=\"author\" content=\"Edwin Castro\"\/>\n\t<link rel=\"canonical\" href=\"https:\/\/soymigrante.com\/revista\/el-pueblo-mopan-surgio-junto-a-un-rio-que-une-peten-y-belice\/\" \/>\n\t<meta name=\"generator\" content=\"All in One SEO Pro (AIOSEO) 4.9.6.2\" \/>\n\n\t\t<link rel=\"preconnect\" href=\"https:\/\/fonts.googleapis.com\" crossorigin>\n<link rel=\"preconnect\" href=\"https:\/\/fonts.gstatic.com\" crossorigin>\n\t\t<meta property=\"og:locale\" content=\"es_ES\" \/>\n\t\t<meta property=\"og:site_name\" content=\"SoyMigrante.com REVISTA \u2013 Nuestra misi\u00f3n es reconocer y dignificar al migrante.\" \/>\n\t\t<meta property=\"og:type\" content=\"article\" \/>\n\t\t<meta property=\"og:title\" content=\"El Pueblo Mop\u00e1n surgi\u00f3 junto a un r\u00edo que une Pet\u00e9n y Belice\" \/>\n\t\t<meta property=\"og:description\" content=\"El idioma mop\u00e1n es uno de los idiomas de Guatemala, pertenece a la rama yukateka. Tiene unos 3 mil 300 hablantes en Guatemala, aunque los hay tambi\u00e9n en Belice.\" \/>\n\t\t<meta property=\"og:url\" content=\"https:\/\/soymigrante.com\/revista\/el-pueblo-mopan-surgio-junto-a-un-rio-que-une-peten-y-belice\/\" \/>\n\t\t<meta property=\"og:image\" content=\"https:\/\/soymigrante.com\/revista\/wp-content\/uploads\/2024\/09\/mopan-muni-san-luis-peten2-1.webp\" \/>\n\t\t<meta property=\"og:image:secure_url\" content=\"https:\/\/soymigrante.com\/revista\/wp-content\/uploads\/2024\/09\/mopan-muni-san-luis-peten2-1.webp\" \/>\n\t\t<meta property=\"og:image:width\" content=\"915\" \/>\n\t\t<meta property=\"og:image:height\" content=\"915\" \/>\n\t\t<meta property=\"article:published_time\" content=\"2024-09-20T17:16:13+00:00\" \/>\n\t\t<meta property=\"article:modified_time\" content=\"2025-09-17T14:35:23+00:00\" \/>\n\t\t<meta property=\"article:publisher\" content=\"https:\/\/www.facebook.com\/soymigrantecom\" \/>\n\t\t<meta name=\"twitter:card\" content=\"summary_large_image\" \/>\n\t\t<meta name=\"twitter:site\" content=\"@SoyMigrante_com\" \/>\n\t\t<meta name=\"twitter:title\" content=\"El Pueblo Mop\u00e1n surgi\u00f3 junto a un r\u00edo que une Pet\u00e9n y Belice\" \/>\n\t\t<meta name=\"twitter:description\" content=\"El idioma mop\u00e1n es uno de los idiomas de Guatemala, pertenece a la rama yukateka. Tiene unos 3 mil 300 hablantes en Guatemala, aunque los hay tambi\u00e9n en Belice.\" \/>\n\t\t<meta name=\"twitter:creator\" content=\"@SoyMigrante_com\" \/>\n\t\t<meta name=\"twitter:image\" content=\"https:\/\/soymigrante.com\/revista\/wp-content\/uploads\/2024\/09\/mopan-muni-san-luis-peten2-1.webp\" \/>\n\t\t<!-- All in One SEO Pro -->\r\n\t\t<title>El Pueblo Mop\u00e1n surgi\u00f3 junto a un r\u00edo que une Pet\u00e9n y Belice<\/title>\n\n","aioseo_head_json":{"title":"El Pueblo Mop\u00e1n surgi\u00f3 junto a un r\u00edo que une Pet\u00e9n y Belice","description":"El idioma mop\u00e1n es uno de los idiomas de Guatemala, pertenece a la rama yukateka. Tiene unos 3 mil 300 hablantes en Guatemala, aunque los hay tambi\u00e9n en Belice.","canonical_url":"https:\/\/soymigrante.com\/revista\/el-pueblo-mopan-surgio-junto-a-un-rio-que-une-peten-y-belice\/","robots":"max-snippet:-1, max-image-preview:large, max-video-preview:-1","keywords":"","webmasterTools":{"miscellaneous":"&lt;link rel=\"preconnect\" href=\"https:\/\/fonts.googleapis.com\" crossorigin&gt;\n&lt;link rel=\"preconnect\" href=\"https:\/\/fonts.gstatic.com\" crossorigin&gt;"},"schema":null,"og:locale":"es_ES","og:site_name":"SoyMigrante.com REVISTA \u2013 Nuestra misi\u00f3n es reconocer y dignificar al migrante.","og:type":"article","og:title":"El Pueblo Mop\u00e1n surgi\u00f3 junto a un r\u00edo que une Pet\u00e9n y Belice","og:description":"El idioma mop\u00e1n es uno de los idiomas de Guatemala, pertenece a la rama yukateka. Tiene unos 3 mil 300 hablantes en Guatemala, aunque los hay tambi\u00e9n en Belice.","og:url":"https:\/\/soymigrante.com\/revista\/el-pueblo-mopan-surgio-junto-a-un-rio-que-une-peten-y-belice\/","og:image":"https:\/\/soymigrante.com\/revista\/wp-content\/uploads\/2024\/09\/mopan-muni-san-luis-peten2-1.webp","og:image:secure_url":"https:\/\/soymigrante.com\/revista\/wp-content\/uploads\/2024\/09\/mopan-muni-san-luis-peten2-1.webp","og:image:width":915,"og:image:height":915,"article:published_time":"2024-09-20T17:16:13+00:00","article:modified_time":"2025-09-17T14:35:23+00:00","article:publisher":"https:\/\/www.facebook.com\/soymigrantecom","twitter:card":"summary_large_image","twitter:site":"@SoyMigrante_com","twitter:title":"El Pueblo Mop\u00e1n surgi\u00f3 junto a un r\u00edo que une Pet\u00e9n y Belice","twitter:description":"El idioma mop\u00e1n es uno de los idiomas de Guatemala, pertenece a la rama yukateka. Tiene unos 3 mil 300 hablantes en Guatemala, aunque los hay tambi\u00e9n en Belice.","twitter:creator":"@SoyMigrante_com","twitter:image":"https:\/\/soymigrante.com\/revista\/wp-content\/uploads\/2024\/09\/mopan-muni-san-luis-peten2-1.webp"},"aioseo_meta_data":{"post_id":"3639","title":"Migrantes guatemaltecos danzan al ritmo de marimba pura en","description":"#post_excerpt Son migrantes guatemaltecos y forman parte del grupo Awal, recuperan el origen y su descendencia a trav\u00e9s de la danza y la marimba.","keywords":[],"keyphrases":{"focus":{"keyphrase":"Migrantes","score":76,"analysis":{"keyphraseInTitle":{"score":9,"maxScore":9,"error":0},"keyphraseInDescription":{"score":9,"maxScore":9,"error":0},"keyphraseLength":{"score":9,"maxScore":9,"error":0,"length":1},"keyphraseInURL":{"score":1,"maxScore":5,"error":1},"keyphraseInIntroduction":{"score":3,"maxScore":9,"error":1},"keyphraseInSubHeadings":{"score":3,"maxScore":9,"error":1},"keyphraseInImageAlt":{"score":9,"maxScore":9,"error":0},"keywordDensity":{"type":"best","score":9,"maxScore":9,"error":0}}},"additional":[]},"primary_term":null,"canonical_url":null,"og_title":null,"og_description":null,"og_object_type":"default","og_image_type":"default","og_image_url":null,"og_image_width":null,"og_image_height":null,"og_image_custom_url":null,"og_image_custom_fields":null,"og_video":"","og_custom_url":null,"og_article_section":null,"og_article_tags":[],"twitter_use_og":false,"twitter_card":"default","twitter_image_type":"default","twitter_image_url":null,"twitter_image_custom_url":null,"twitter_image_custom_fields":null,"twitter_title":null,"twitter_description":null,"schema":{"blockGraphs":[],"customGraphs":[],"default":{"data":{"Article":[],"Course":[],"Dataset":[],"FAQPage":[],"Movie":[],"Person":[],"Product":[],"ProductReview":[],"Car":[],"Recipe":[],"Service":[],"SoftwareApplication":[],"WebPage":[]},"graphName":"BlogPosting","isEnabled":true},"graphs":[]},"schema_type":"default","schema_type_options":null,"pillar_content":false,"robots_default":true,"robots_noindex":false,"robots_noarchive":false,"robots_nosnippet":false,"robots_nofollow":false,"robots_noimageindex":false,"robots_noodp":false,"robots_notranslate":false,"robots_max_snippet":"-1","robots_max_videopreview":"-1","robots_max_imagepreview":"large","priority":null,"frequency":"default","local_seo":null,"seo_analyzer_scan_date":"2025-10-08 20:47:17","breadcrumb_settings":null,"limit_modified_date":false,"reviewed_by":null,"open_ai":null,"ai":null,"created":"2023-12-04 20:02:06","updated":"2026-02-04 09:59:18"},"aioseo_breadcrumb":"<div class=\"aioseo-breadcrumbs\"><span class=\"aioseo-breadcrumb\">\n\t<a href=\"https:\/\/soymigrante.com\/revista\" title=\"Home\">Home<\/a>\n<\/span><span class=\"aioseo-breadcrumb-separator\">\u00bb<\/span><span class=\"aioseo-breadcrumb\">\n\t<a href=\"https:\/\/soymigrante.com\/revista\/category\/exitos\/\" title=\"\u00c9xitos\">\u00c9xitos<\/a>\n<\/span><span class=\"aioseo-breadcrumb-separator\">\u00bb<\/span><span class=\"aioseo-breadcrumb\">\n\tFamilias migrantes integran una sola en Danza Awal\n<\/span><\/div>","aioseo_breadcrumb_json":[{"label":"Home","link":"https:\/\/soymigrante.com\/revista"},{"label":"\u00c9xitos","link":"https:\/\/soymigrante.com\/revista\/category\/exitos\/"},{"label":"Familias migrantes integran una sola en Danza Awal","link":"https:\/\/soymigrante.com\/revista\/migrante-awal-marimba-tradicion-guatemala-washington\/"}],"_links":{"self":[{"href":"https:\/\/soymigrante.com\/revista\/wp-json\/wp\/v2\/posts\/3639","targetHints":{"allow":["GET"]}}],"collection":[{"href":"https:\/\/soymigrante.com\/revista\/wp-json\/wp\/v2\/posts"}],"about":[{"href":"https:\/\/soymigrante.com\/revista\/wp-json\/wp\/v2\/types\/post"}],"author":[{"embeddable":true,"href":"https:\/\/soymigrante.com\/revista\/wp-json\/wp\/v2\/users\/10"}],"replies":[{"embeddable":true,"href":"https:\/\/soymigrante.com\/revista\/wp-json\/wp\/v2\/comments?post=3639"}],"version-history":[{"count":0,"href":"https:\/\/soymigrante.com\/revista\/wp-json\/wp\/v2\/posts\/3639\/revisions"}],"wp:featuredmedia":[{"embeddable":true,"href":"https:\/\/soymigrante.com\/revista\/wp-json\/wp\/v2\/media\/3659"}],"wp:attachment":[{"href":"https:\/\/soymigrante.com\/revista\/wp-json\/wp\/v2\/media?parent=3639"}],"wp:term":[{"taxonomy":"category","embeddable":true,"href":"https:\/\/soymigrante.com\/revista\/wp-json\/wp\/v2\/categories?post=3639"},{"taxonomy":"post_tag","embeddable":true,"href":"https:\/\/soymigrante.com\/revista\/wp-json\/wp\/v2\/tags?post=3639"}],"curies":[{"name":"wp","href":"https:\/\/api.w.org\/{rel}","templated":true}]}}