{"id":36385,"date":"2025-06-17T05:00:00","date_gmt":"2025-06-17T11:00:00","guid":{"rendered":"https:\/\/soymigrante.com\/revista\/?p=36385"},"modified":"2025-06-16T20:52:43","modified_gmt":"2025-06-17T02:52:43","slug":"el-aire-acondicionado-en-usa-es-clave-por-eso-tambien-es-vital-limpiarlo-periodicamente","status":"publish","type":"post","link":"https:\/\/soymigrante.com\/revista\/el-aire-acondicionado-en-usa-es-clave-por-eso-tambien-es-vital-limpiarlo-periodicamente\/","title":{"rendered":"El aire acondicionado en USA es clave. Por eso tambi\u00e9n es vital limpiarlo peri\u00f3dicamente."},"content":{"rendered":"\t\t<div data-elementor-type=\"wp-post\" data-elementor-id=\"36385\" class=\"elementor elementor-36385\" data-elementor-post-type=\"post\">\n\t\t\t\t<div data-particle_enable=\"false\" data-particle-mobile-disabled=\"false\" class=\"elementor-element elementor-element-439faaa e-flex e-con-boxed e-con e-parent\" data-id=\"439faaa\" data-element_type=\"container\" data-e-type=\"container\">\n\t\t\t\t\t<div class=\"e-con-inner\">\n\t\t\t\t<div class=\"elementor-element elementor-element-0850510 elementor-widget elementor-widget-heading\" data-id=\"0850510\" data-element_type=\"widget\" data-e-type=\"widget\" data-widget_type=\"heading.default\">\n\t\t\t\t\t<h2 class=\"elementor-heading-title elementor-size-default\">El aire que respiras tambi\u00e9n se limpia: por qu\u00e9 es crucial mantener limpios los aires acondicionados en Estados Unidos\n<\/h2>\t\t\t\t<\/div>\n\t\t\t\t\t<\/div>\n\t\t\t\t<\/div>\n\t\t<div data-particle_enable=\"false\" data-particle-mobile-disabled=\"false\" class=\"elementor-element elementor-element-fc3db5d e-flex e-con-boxed e-con e-parent\" data-id=\"fc3db5d\" data-element_type=\"container\" data-e-type=\"container\">\n\t\t\t\t\t<div class=\"e-con-inner\">\n\t\t\t\t<div class=\"elementor-element elementor-element-57ad674 elementor-widget elementor-widget-text-editor\" data-id=\"57ad674\" data-element_type=\"widget\" data-e-type=\"widget\" data-widget_type=\"text-editor.default\">\n\t\t\t\t\t\t\t\t\t<p>En los hogares, oficinas, restaurantes y hasta en las iglesias de Estados Unidos, <a href=\"https:\/\/soymigrante.com\/revista\/como-cuidar-tu-piel-hidratacion-y-proteccion-contra-el-calor\/\" target=\"_blank\" rel=\"noopener\">especialmente durante los meses m\u00e1s calurosos, el aire acondicionado no es un lujo, es una necesidad.<\/a> Sin embargo, lo que muchos desconocen o descuidan es que estos sistemas pueden convertirse en focos de contaminaci\u00f3n y riesgos para la salud si no se limpian regularmente.<\/p><p>Con el cambio clim\u00e1tico provocando veranos cada vez m\u00e1s intensos y prolongados, el uso constante de los aires acondicionados aumenta. Pero, \u00bfqu\u00e9 hay detr\u00e1s de ese aire fresco que respiramos? \u00bfQu\u00e9 pasa cuando los filtros no se limpian por meses o incluso a\u00f1os?<\/p>\t\t\t\t\t\t\t\t<\/div>\n\t\t\t\t\t<\/div>\n\t\t\t\t<\/div>\n\t\t<div data-particle_enable=\"false\" data-particle-mobile-disabled=\"false\" class=\"elementor-element elementor-element-20dd94e e-flex e-con-boxed e-con e-parent\" data-id=\"20dd94e\" data-element_type=\"container\" data-e-type=\"container\">\n\t\t\t\t\t<div class=\"e-con-inner\">\n\t\t\t\t<div class=\"elementor-element elementor-element-6b63fb8 elementor-widget elementor-widget-heading\" data-id=\"6b63fb8\" data-element_type=\"widget\" data-e-type=\"widget\" data-widget_type=\"heading.default\">\n\t\t\t\t\t<h3 class=\"elementor-heading-title elementor-size-default\">1. Un sistema sucio puede enfermarte<\/h3>\t\t\t\t<\/div>\n\t\t\t\t\t<\/div>\n\t\t\t\t<\/div>\n\t\t<div data-particle_enable=\"false\" data-particle-mobile-disabled=\"false\" class=\"elementor-element elementor-element-6fc47a5 e-flex e-con-boxed e-con e-parent\" data-id=\"6fc47a5\" data-element_type=\"container\" data-e-type=\"container\">\n\t\t\t\t\t<div class=\"e-con-inner\">\n\t\t\t\t<div class=\"elementor-element elementor-element-9aea25f elementor-widget elementor-widget-text-editor\" data-id=\"9aea25f\" data-element_type=\"widget\" data-e-type=\"widget\" data-widget_type=\"text-editor.default\">\n\t\t\t\t\t\t\t\t\t<p>Los filtros del aire acondicionado atrapan polvo, esporas de moho, polen, pelos de mascotas, bacterias y, en algunos casos, virus<a href=\"https:\/\/soymigrante.com\/revista\/como-cuidar-tu-piel-hidratacion-y-proteccion-contra-el-calor\/\" target=\"_blank\" rel=\"noopener\">. Si no se limpian o reemplazan a tiempo, estas part\u00edculas vuelven al aire que respiras,<\/a> aumentando los riesgos de enfermedades respiratorias.<\/p><p>\u201cEl sistema puede propagar al\u00e9rgenos o agentes infecciosos como si fuera un ventilador gigante contaminado\u201d, explica Dra. Patricia Moreno, neum\u00f3loga. \u201cLas personas con asma o alergias son las m\u00e1s afectadas, pero tambi\u00e9n puede da\u00f1ar a personas sanas con exposici\u00f3n prolongada\u201d.<\/p>\t\t\t\t\t\t\t\t<\/div>\n\t\t\t\t\t<\/div>\n\t\t\t\t<\/div>\n\t\t<div data-particle_enable=\"false\" data-particle-mobile-disabled=\"false\" class=\"elementor-element elementor-element-d029493 e-flex e-con-boxed e-con e-parent\" data-id=\"d029493\" data-element_type=\"container\" data-e-type=\"container\">\n\t\t\t\t\t<div class=\"e-con-inner\">\n\t\t\t\t<div class=\"elementor-element elementor-element-395fe6f elementor-widget elementor-widget-heading\" data-id=\"395fe6f\" data-element_type=\"widget\" data-e-type=\"widget\" data-widget_type=\"heading.default\">\n\t\t\t\t\t<h3 class=\"elementor-heading-title elementor-size-default\">2. \u00bfQu\u00e9 contiene un filtro sucio?<\/h3>\t\t\t\t<\/div>\n\t\t\t\t\t<\/div>\n\t\t\t\t<\/div>\n\t\t<div data-particle_enable=\"false\" data-particle-mobile-disabled=\"false\" class=\"elementor-element elementor-element-6a9024e e-flex e-con-boxed e-con e-parent\" data-id=\"6a9024e\" data-element_type=\"container\" data-e-type=\"container\">\n\t\t\t\t\t<div class=\"e-con-inner\">\n\t\t\t\t<div class=\"elementor-element elementor-element-492eec7 elementor-widget elementor-widget-text-editor\" data-id=\"492eec7\" data-element_type=\"widget\" data-e-type=\"widget\" data-widget_type=\"text-editor.default\">\n\t\t\t\t\t\t\t\t\t<div>Expertos en mantenimiento de HVAC (Heating, Ventilation and Air Conditioning) explican que un filtro sin limpiar puede contener:<\/div><div>\u2022Polvo dom\u00e9stico<\/div><div>\u2022Restos de insectos<\/div><div>\u2022Cabello humano o de animales<\/div><div>\u2022Esporas de moho<\/div><div>\u2022Bacterias y g\u00e9rmenes<\/div><div>\u2022Residuos t\u00f3xicos del ambiente, como humo o vapores de productos de limpieza<\/div><div>\u00a0<\/div><div>En algunos casos, incluso se han encontrado restos de ratones, cucarachas o excremento de aves en ductos de aires centrales.<\/div>\t\t\t\t\t\t\t\t<\/div>\n\t\t\t\t\t<\/div>\n\t\t\t\t<\/div>\n\t\t<div data-particle_enable=\"false\" data-particle-mobile-disabled=\"false\" class=\"elementor-element elementor-element-cf29a0b e-flex e-con-boxed e-con e-parent\" data-id=\"cf29a0b\" data-element_type=\"container\" data-e-type=\"container\">\n\t\t\t\t\t<div class=\"e-con-inner\">\n\t\t\t\t<div class=\"elementor-element elementor-element-806a371 elementor-widget elementor-widget-heading\" data-id=\"806a371\" data-element_type=\"widget\" data-e-type=\"widget\" data-widget_type=\"heading.default\">\n\t\t\t\t\t<h3 class=\"elementor-heading-title elementor-size-default\">3. Moho invisible, pero peligroso<\/h3>\t\t\t\t<\/div>\n\t\t\t\t\t<\/div>\n\t\t\t\t<\/div>\n\t\t<div data-particle_enable=\"false\" data-particle-mobile-disabled=\"false\" class=\"elementor-element elementor-element-6352414 e-flex e-con-boxed e-con e-parent\" data-id=\"6352414\" data-element_type=\"container\" data-e-type=\"container\">\n\t\t\t\t\t<div class=\"e-con-inner\">\n\t\t\t\t<div class=\"elementor-element elementor-element-28d98ff elementor-widget elementor-widget-text-editor\" data-id=\"28d98ff\" data-element_type=\"widget\" data-e-type=\"widget\" data-widget_type=\"text-editor.default\">\n\t\t\t\t\t\t\t\t\t<div><a href=\"https:\/\/soymigrante.com\/revista\/como-cuidar-tu-piel-hidratacion-y-proteccion-contra-el-calor\/\" target=\"_blank\" rel=\"noopener\">Una de las amenazas m\u00e1s comunes pero invisibles es el moho, especialmente en zonas h\u00famedas como Florida, Louisiana o partes de California.<\/a> El moho puede desarrollarse en las tuber\u00edas internas del sistema de aire acondicionado si hay condensaci\u00f3n acumulada. Respirarlo con frecuencia puede causar:<\/div><div>\u2022Dolores de cabeza<\/div><div>\u2022Irritaci\u00f3n de garganta<\/div><div>\u2022Dificultad para respirar<\/div><div>\u2022Crisis asm\u00e1ticas<\/div><div>\u2022Infecciones pulmonares en casos extremos<\/div>\t\t\t\t\t\t\t\t<\/div>\n\t\t\t\t\t<\/div>\n\t\t\t\t<\/div>\n\t\t<div data-particle_enable=\"false\" data-particle-mobile-disabled=\"false\" class=\"elementor-element elementor-element-ded8aa0 e-flex e-con-boxed e-con e-parent\" data-id=\"ded8aa0\" data-element_type=\"container\" data-e-type=\"container\">\n\t\t\t\t\t<div class=\"e-con-inner\">\n\t\t\t\t<div class=\"elementor-element elementor-element-f324bf6 elementor-widget elementor-widget-heading\" data-id=\"f324bf6\" data-element_type=\"widget\" data-e-type=\"widget\" data-widget_type=\"heading.default\">\n\t\t\t\t\t<h3 class=\"elementor-heading-title elementor-size-default\">4. Aire viciado = rendimiento pobre<\/h3>\t\t\t\t<\/div>\n\t\t\t\t\t<\/div>\n\t\t\t\t<\/div>\n\t\t<div data-particle_enable=\"false\" data-particle-mobile-disabled=\"false\" class=\"elementor-element elementor-element-bdc4e8e e-flex e-con-boxed e-con e-parent\" data-id=\"bdc4e8e\" data-element_type=\"container\" data-e-type=\"container\">\n\t\t\t\t\t<div class=\"e-con-inner\">\n\t\t\t\t<div class=\"elementor-element elementor-element-9983aa6 elementor-widget elementor-widget-text-editor\" data-id=\"9983aa6\" data-element_type=\"widget\" data-e-type=\"widget\" data-widget_type=\"text-editor.default\">\n\t\t\t\t\t\t\t\t\t<p>Adem\u00e1s de afectar la salud, un aire acondicionado sucio consume m\u00e1s energ\u00eda. El sistema trabaja m\u00e1s para enfriar el ambiente porque el flujo de aire est\u00e1 restringido por la suciedad. Esto se traduce en facturas de electricidad m\u00e1s altas y mayor desgaste del equipo.<\/p>\t\t\t\t\t\t\t\t<\/div>\n\t\t\t\t\t<\/div>\n\t\t\t\t<\/div>\n\t\t<div data-particle_enable=\"false\" data-particle-mobile-disabled=\"false\" class=\"elementor-element elementor-element-de51534 e-flex e-con-boxed e-con e-parent\" data-id=\"de51534\" data-element_type=\"container\" data-e-type=\"container\">\n\t\t\t\t\t<div class=\"e-con-inner\">\n\t\t\t\t<div class=\"elementor-element elementor-element-1211d22 elementor-widget elementor-widget-image\" data-id=\"1211d22\" data-element_type=\"widget\" data-e-type=\"widget\" data-widget_type=\"image.default\">\n\t\t\t\t\t\t\t\t\t\t\t\t<figure class=\"wp-caption\">\n\t\t\t\t\t\t\t\t\t\t<img fetchpriority=\"high\" decoding=\"async\" width=\"474\" height=\"266\" src=\"https:\/\/soymigrante.com\/revista\/wp-content\/uploads\/2025\/06\/aire-acondicionado-2.webp\" class=\"attachment-large size-large wp-image-36401\" alt=\"Aire acondicionado funcionando en una habitaci\u00f3n moderna con control remoto en mano.\" srcset=\"https:\/\/soymigrante.com\/revista\/wp-content\/uploads\/2025\/06\/aire-acondicionado-2.webp 474w, https:\/\/soymigrante.com\/revista\/wp-content\/uploads\/2025\/06\/aire-acondicionado-2-300x168.jpg 300w\" sizes=\"(max-width: 474px) 100vw, 474px\" title=\"Los aires deben ser limpiados por lo menos una vez cada tres meses. (Foto: ENVATO) \u2013 SoyMigrante.com REVISTA\" \/>\t\t\t\t\t\t\t\t\t\t\t<figcaption class=\"widget-image-caption wp-caption-text\">Aire acondicionado en uso en interior moderno, control remoto para mantener una temperatura confortable y eficiente.<\/figcaption>\n\t\t\t\t\t\t\t\t\t\t<\/figure>\n\t\t\t\t\t\t\t\t\t<\/div>\n\t\t\t\t\t<\/div>\n\t\t\t\t<\/div>\n\t\t<div data-particle_enable=\"false\" data-particle-mobile-disabled=\"false\" class=\"elementor-element elementor-element-aff14c3 e-flex e-con-boxed e-con e-parent\" data-id=\"aff14c3\" data-element_type=\"container\" data-e-type=\"container\">\n\t\t\t\t\t<div class=\"e-con-inner\">\n\t\t\t\t<div class=\"elementor-element elementor-element-dda1504 elementor-widget elementor-widget-heading\" data-id=\"dda1504\" data-element_type=\"widget\" data-e-type=\"widget\" data-widget_type=\"heading.default\">\n\t\t\t\t\t<h3 class=\"elementor-heading-title elementor-size-default\">5. La frecuencia ideal para limpiar<\/h3>\t\t\t\t<\/div>\n\t\t\t\t\t<\/div>\n\t\t\t\t<\/div>\n\t\t<div data-particle_enable=\"false\" data-particle-mobile-disabled=\"false\" class=\"elementor-element elementor-element-be364be e-flex e-con-boxed e-con e-parent\" data-id=\"be364be\" data-element_type=\"container\" data-e-type=\"container\">\n\t\t\t\t\t<div class=\"e-con-inner\">\n\t\t\t\t<div class=\"elementor-element elementor-element-b30a5dc elementor-widget elementor-widget-text-editor\" data-id=\"b30a5dc\" data-element_type=\"widget\" data-e-type=\"widget\" data-widget_type=\"text-editor.default\">\n\t\t\t\t\t\t\t\t\t<div>Los especialistas recomiendan lo siguiente:<\/div><div><strong>\u2022Filtros de aire:<\/strong> cambiar o limpiar cada 1 a 3 meses, dependiendo del uso.<\/div><div><strong>\u2022Limpieza de ductos:<\/strong> cada 2 a 3 a\u00f1os, o antes si hay evidencia de moho, plagas o mucho polvo.<\/div><div><strong>\u2022Revisi\u00f3n completa del sistema:<\/strong> al menos una vez al a\u00f1o, idealmente antes del verano.<\/div>\t\t\t\t\t\t\t\t<\/div>\n\t\t\t\t\t<\/div>\n\t\t\t\t<\/div>\n\t\t<div data-particle_enable=\"false\" data-particle-mobile-disabled=\"false\" class=\"elementor-element elementor-element-a503ef5 e-flex e-con-boxed e-con e-parent\" data-id=\"a503ef5\" data-element_type=\"container\" data-e-type=\"container\">\n\t\t\t\t\t<div class=\"e-con-inner\">\n\t\t\t\t<div class=\"elementor-element elementor-element-58335a3 elementor-widget elementor-widget-heading\" data-id=\"58335a3\" data-element_type=\"widget\" data-e-type=\"widget\" data-widget_type=\"heading.default\">\n\t\t\t\t\t<h3 class=\"elementor-heading-title elementor-size-default\">6. Se\u00f1ales de alerta<\/h3>\t\t\t\t<\/div>\n\t\t\t\t\t<\/div>\n\t\t\t\t<\/div>\n\t\t<div data-particle_enable=\"false\" data-particle-mobile-disabled=\"false\" class=\"elementor-element elementor-element-96f7001 e-flex e-con-boxed e-con e-parent\" data-id=\"96f7001\" data-element_type=\"container\" data-e-type=\"container\">\n\t\t\t\t\t<div class=\"e-con-inner\">\n\t\t\t\t<div class=\"elementor-element elementor-element-b5334da elementor-widget elementor-widget-text-editor\" data-id=\"b5334da\" data-element_type=\"widget\" data-e-type=\"widget\" data-widget_type=\"text-editor.default\">\n\t\t\t\t\t\t\t\t\t<div>Hay ciertos s\u00edntomas que indican que tu aire acondicionado necesita limpieza urgente:<\/div><div>\u2022Olores desagradables al encenderlo<\/div><div>\u2022Polvo acumulado cerca de las rejillas<\/div><div>\u2022Alergias constantes en casa<\/div><div>\u2022Ruido inusual al funcionar<\/div><div>\u2022Aire que no enfr\u00eda como antes<\/div><div>\u00a0<\/div>\t\t\t\t\t\t\t\t<\/div>\n\t\t\t\t\t<\/div>\n\t\t\t\t<\/div>\n\t\t<div data-particle_enable=\"false\" data-particle-mobile-disabled=\"false\" class=\"elementor-element elementor-element-f6ab7b3 e-flex e-con-boxed e-con e-parent\" data-id=\"f6ab7b3\" data-element_type=\"container\" data-e-type=\"container\">\n\t\t\t\t\t<div class=\"e-con-inner\">\n\t\t\t\t<div class=\"elementor-element elementor-element-0fa1055 elementor-widget elementor-widget-heading\" data-id=\"0fa1055\" data-element_type=\"widget\" data-e-type=\"widget\" data-widget_type=\"heading.default\">\n\t\t\t\t\t<h3 class=\"elementor-heading-title elementor-size-default\">7. \u00bfQui\u00e9n debe hacerlo?<\/h3>\t\t\t\t<\/div>\n\t\t\t\t\t<\/div>\n\t\t\t\t<\/div>\n\t\t<div data-particle_enable=\"false\" data-particle-mobile-disabled=\"false\" class=\"elementor-element elementor-element-947b1db e-flex e-con-boxed e-con e-parent\" data-id=\"947b1db\" data-element_type=\"container\" data-e-type=\"container\">\n\t\t\t\t\t<div class=\"e-con-inner\">\n\t\t\t\t<div class=\"elementor-element elementor-element-eefa01a elementor-widget elementor-widget-text-editor\" data-id=\"eefa01a\" data-element_type=\"widget\" data-e-type=\"widget\" data-widget_type=\"text-editor.default\">\n\t\t\t\t\t\t\t\t\t<p><a href=\"https:\/\/soymigrante.com\/revista\/como-cuidar-tu-piel-hidratacion-y-proteccion-contra-el-calor\/\" target=\"_blank\" rel=\"noopener\">Si bien los filtros pueden ser cambiados por el usuario, la limpieza de ductos y partes internas debe hacerla un profesional certificado,<\/a> ya que involucra el uso de productos qu\u00edmicos, aspiradoras industriales y revisi\u00f3n de posibles contaminantes.<\/p><p>Hay compa\u00f1\u00edas registradas en cada estado, y algunas incluso ofrecen servicios gratuitos o descuentos para personas mayores o con bajos ingresos.<\/p>\t\t\t\t\t\t\t\t<\/div>\n\t\t\t\t\t<\/div>\n\t\t\t\t<\/div>\n\t\t<div data-particle_enable=\"false\" data-particle-mobile-disabled=\"false\" class=\"elementor-element elementor-element-2cdf770 e-flex e-con-boxed e-con e-parent\" data-id=\"2cdf770\" data-element_type=\"container\" data-e-type=\"container\">\n\t\t\t\t\t<div class=\"e-con-inner\">\n\t\t\t\t<div class=\"elementor-element elementor-element-eb403ae elementor-widget elementor-widget-image\" data-id=\"eb403ae\" data-element_type=\"widget\" data-e-type=\"widget\" data-widget_type=\"image.default\">\n\t\t\t\t\t\t\t\t\t\t\t\t<figure class=\"wp-caption\">\n\t\t\t\t\t\t\t\t\t\t<img decoding=\"async\" width=\"768\" height=\"539\" src=\"https:\/\/soymigrante.com\/revista\/wp-content\/uploads\/2025\/06\/aire-acondicinoado.webp\" class=\"attachment-large size-large wp-image-36402\" alt=\"Aire acondicionado blanco en pared moderna, ideal para espacios laborales y hogares para mantener la temperatura perfecta.\" srcset=\"https:\/\/soymigrante.com\/revista\/wp-content\/uploads\/2025\/06\/aire-acondicinoado.webp 820w, https:\/\/soymigrante.com\/revista\/wp-content\/uploads\/2025\/06\/aire-acondicinoado-300x211.jpg 300w, https:\/\/soymigrante.com\/revista\/wp-content\/uploads\/2025\/06\/aire-acondicinoado-768x539.jpg 768w, https:\/\/soymigrante.com\/revista\/wp-content\/uploads\/2025\/06\/aire-acondicinoado-750x527.jpg 750w\" sizes=\"(max-width: 768px) 100vw, 768px\" title=\"Los aires acondicionados deben mantenerse limpios para mantener la calidad del aire. (Foto: ENVATO) \u2013 SoyMigrante.com REVISTA\" \/>\t\t\t\t\t\t\t\t\t\t\t<figcaption class=\"widget-image-caption wp-caption-text\">Revista SoyMigrante.com presenta art\u00edculos sobre movilidad, cultura y vida en el extranjero con enfoque en migrantes.<\/figcaption>\n\t\t\t\t\t\t\t\t\t\t<\/figure>\n\t\t\t\t\t\t\t\t\t<\/div>\n\t\t\t\t\t<\/div>\n\t\t\t\t<\/div>\n\t\t<div data-particle_enable=\"false\" data-particle-mobile-disabled=\"false\" class=\"elementor-element elementor-element-b5956be e-flex e-con-boxed e-con e-parent\" data-id=\"b5956be\" data-element_type=\"container\" data-e-type=\"container\">\n\t\t\t\t\t<div class=\"e-con-inner\">\n\t\t\t\t<div class=\"elementor-element elementor-element-29d6f56 elementor-widget elementor-widget-heading\" data-id=\"29d6f56\" data-element_type=\"widget\" data-e-type=\"widget\" data-widget_type=\"heading.default\">\n\t\t\t\t\t<h3 class=\"elementor-heading-title elementor-size-default\">8. Pol\u00edticas locales y protecci\u00f3n al consumidor<\/h3>\t\t\t\t<\/div>\n\t\t\t\t\t<\/div>\n\t\t\t\t<\/div>\n\t\t<div data-particle_enable=\"false\" data-particle-mobile-disabled=\"false\" class=\"elementor-element elementor-element-dfba11f e-flex e-con-boxed e-con e-parent\" data-id=\"dfba11f\" data-element_type=\"container\" data-e-type=\"container\">\n\t\t\t\t\t<div class=\"e-con-inner\">\n\t\t\t\t<div class=\"elementor-element elementor-element-1563286 elementor-widget elementor-widget-text-editor\" data-id=\"1563286\" data-element_type=\"widget\" data-e-type=\"widget\" data-widget_type=\"text-editor.default\">\n\t\t\t\t\t\t\t\t\t<p>En algunos estados como California y Nueva York, los inquilinos pueden exigir legalmente que el aire acondicionado est\u00e9 en condiciones adecuadas, especialmente si se trata de edificios de renta regulada o viviendas p\u00fablicas. Informarse sobre los derechos del inquilino puede hacer la diferencia.<\/p>\t\t\t\t\t\t\t\t<\/div>\n\t\t\t\t\t<\/div>\n\t\t\t\t<\/div>\n\t\t<div data-particle_enable=\"false\" data-particle-mobile-disabled=\"false\" class=\"elementor-element elementor-element-b9dbb87 e-flex e-con-boxed e-con e-parent\" data-id=\"b9dbb87\" data-element_type=\"container\" data-e-type=\"container\">\n\t\t\t\t\t<div class=\"e-con-inner\">\n\t\t\t\t<div class=\"elementor-element elementor-element-0a69a90 elementor-widget elementor-widget-heading\" data-id=\"0a69a90\" data-element_type=\"widget\" data-e-type=\"widget\" data-widget_type=\"heading.default\">\n\t\t\t\t\t<h3 class=\"elementor-heading-title elementor-size-default\">9. Tu salud empieza por el aire<\/h3>\t\t\t\t<\/div>\n\t\t\t\t\t<\/div>\n\t\t\t\t<\/div>\n\t\t<div data-particle_enable=\"false\" data-particle-mobile-disabled=\"false\" class=\"elementor-element elementor-element-b617fb0 e-flex e-con-boxed e-con e-parent\" data-id=\"b617fb0\" data-element_type=\"container\" data-e-type=\"container\">\n\t\t\t\t\t<div class=\"e-con-inner\">\n\t\t\t\t<div class=\"elementor-element elementor-element-fc158d2 elementor-widget elementor-widget-text-editor\" data-id=\"fc158d2\" data-element_type=\"widget\" data-e-type=\"widget\" data-widget_type=\"text-editor.default\">\n\t\t\t\t\t\t\t\t\t<p><a href=\"https:\/\/soymigrante.com\/revista\/como-cuidar-tu-piel-hidratacion-y-proteccion-contra-el-calor\/\" target=\"_blank\" rel=\"noopener\">Mantener limpio el aire acondicionado no es solo una cuesti\u00f3n de confort,<\/a> sino de salud p\u00fablica. Respirar aire contaminado dentro del hogar puede ser igual o m\u00e1s peligroso que la contaminaci\u00f3n exterior. En Estados Unidos, donde se pasa el 90% del tiempo en interiores, esto cobra a\u00fan m\u00e1s importancia.<\/p>\t\t\t\t\t\t\t\t<\/div>\n\t\t\t\t\t<\/div>\n\t\t\t\t<\/div>\n\t\t<div data-particle_enable=\"false\" data-particle-mobile-disabled=\"false\" class=\"elementor-element elementor-element-b750258 e-flex e-con-boxed e-con e-parent\" data-id=\"b750258\" data-element_type=\"container\" data-e-type=\"container\">\n\t\t\t\t\t<div class=\"e-con-inner\">\n\t\t\t\t<div class=\"elementor-element elementor-element-ab9e7a9 elementor-widget elementor-widget-text-editor\" data-id=\"ab9e7a9\" data-element_type=\"widget\" data-e-type=\"widget\" data-widget_type=\"text-editor.default\">\n\t\t\t\t\t\t\t\t\t<p><a href=\"https:\/\/soymigrante.com\/revista\/como-cuidar-tu-piel-hidratacion-y-proteccion-contra-el-calor\/\" target=\"_blank\" rel=\"noopener\">Los aires acondicionados son aliados frente al calor,<\/a> pero si no se limpian correctamente, pueden convertirse en enemigos silenciosos. Invertir en su mantenimiento no solo prolonga su vida \u00fatil, sino que protege tu salud y la de tu familia. Porque el aire limpio, aunque no se ve, s\u00ed se siente y se respira.<\/p>\t\t\t\t\t\t\t\t<\/div>\n\t\t\t\t\t<\/div>\n\t\t\t\t<\/div>\n\t\t<div data-particle_enable=\"false\" data-particle-mobile-disabled=\"false\" class=\"elementor-element elementor-element-f067338 e-flex e-con-boxed e-con e-parent\" data-id=\"f067338\" data-element_type=\"container\" data-e-type=\"container\">\n\t\t\t\t\t<div class=\"e-con-inner\">\n\t\t\t\t<div class=\"elementor-element elementor-element-f6e97b8 elementor-widget elementor-widget-heading\" data-id=\"f6e97b8\" data-element_type=\"widget\" data-e-type=\"widget\" data-widget_type=\"heading.default\">\n\t\t\t\t\t<h2 class=\"elementor-heading-title elementor-size-default\">Conoce otros temas que te pueden interesar...<\/h2>\t\t\t\t<\/div>\n\t\t\t\t\t<\/div>\n\t\t\t\t<\/div>\n\t\t<div data-particle_enable=\"false\" data-particle-mobile-disabled=\"false\" class=\"elementor-element elementor-element-3512f83 e-flex e-con-boxed e-con e-parent\" data-id=\"3512f83\" data-element_type=\"container\" data-e-type=\"container\">\n\t\t\t\t\t<div class=\"e-con-inner\">\n\t\t\t\t<div class=\"elementor-element elementor-element-f3df68c elementor-grid-eael-col-3 elementor-grid-tablet-eael-col-2 elementor-grid-mobile-eael-col-1 elementor-invisible elementor-widget elementor-widget-eael-post-grid\" data-id=\"f3df68c\" data-element_type=\"widget\" data-e-type=\"widget\" data-settings=\"{&quot;eael_post_grid_columns&quot;:&quot;eael-col-3&quot;,&quot;_animation&quot;:&quot;rollIn&quot;,&quot;eael_post_grid_columns_tablet&quot;:&quot;eael-col-2&quot;,&quot;eael_post_grid_columns_mobile&quot;:&quot;eael-col-1&quot;}\" data-widget_type=\"eael-post-grid.default\">\n\t\t\t\t\t<div id=\"eael-post-grid-f3df68c\" class=\"eael-post-grid-container\">\n            <div class=\"eael-post-grid eael-post-appender eael-post-appender-f3df68c eael-post-grid-style-one\" data-layout-mode=\"masonry\"><article class=\"eael-grid-post  eael-post-grid-column eael-pg-post-1423 category-bienestar\" data-id=\"1423\">\n        <div class=\"eael-grid-post-holder\">\n            <div class=\"eael-grid-post-holder-inner\"><div class=\"eael-entry-media\"><div class=\"eael-entry-overlay fade-in\"><i class=\"far fa-hand-pointer\" aria-hidden=\"true\"><\/i><a href=\"https:\/\/soymigrante.com\/revista\/salud-migrante-como-prevenir-un-golpe-de-calor-por-altas-temperaturas\/\"><\/a><\/div><div class=\"eael-entry-thumbnail \">\n                <img decoding=\"async\" width=\"920\" height=\"920\" src=\"https:\/\/soymigrante.com\/revista\/wp-content\/uploads\/2023\/06\/ola-de-calor-estados-unidos-2025.webp\" class=\"attachment-large size-large wp-image-37659\" alt=\"Estados Unidos y Canad\u00e1 resaltados en un mapa de migraci\u00f3n y movilidad internacional, relacionado con temas de migrantes y comunidades latinas en Estados Unidos.\" srcset=\"https:\/\/soymigrante.com\/revista\/wp-content\/uploads\/2023\/06\/ola-de-calor-estados-unidos-2025.webp 920w, https:\/\/soymigrante.com\/revista\/wp-content\/uploads\/2023\/06\/ola-de-calor-estados-unidos-2025-300x300.png 300w, https:\/\/soymigrante.com\/revista\/wp-content\/uploads\/2023\/06\/ola-de-calor-estados-unidos-2025-150x150.png 150w, https:\/\/soymigrante.com\/revista\/wp-content\/uploads\/2023\/06\/ola-de-calor-estados-unidos-2025-768x768.png 768w, https:\/\/soymigrante.com\/revista\/wp-content\/uploads\/2023\/06\/ola-de-calor-estados-unidos-2025-75x75.png 75w, https:\/\/soymigrante.com\/revista\/wp-content\/uploads\/2023\/06\/ola-de-calor-estados-unidos-2025-750x750.png 750w\" sizes=\"(max-width: 920px) 100vw, 920px\" \/>\n            <\/div>\n        <\/div><div class=\"eael-entry-wrapper\"><header class=\"eael-entry-header\"><h2 class=\"eael-entry-title\"><a class=\"eael-grid-post-link\" href=\"https:\/\/soymigrante.com\/revista\/salud-migrante-como-prevenir-un-golpe-de-calor-por-altas-temperaturas\/\" title=\"Altas temperaturas 2025 en USA: Es vital evitar el golpe de calor\">Altas temperaturas 2025 en USA: Es vital evitar el golpe de calor<\/a><\/h2><\/header><div class=\"eael-entry-content\">\n                        <div class=\"eael-grid-post-excerpt\"><a href=\"https:\/\/soymigrante.com\/revista\/salud-migrante-como-prevenir-un-golpe-de-calor-por-altas-temperaturas\/\" class=\"eael-post-elements-readmore-btn\">CONOCE SU HISTORIA <\/a><\/div>\n                    <\/div><\/div><\/div>\n        <\/div>\n    <\/article><article class=\"eael-grid-post  eael-post-grid-column eael-pg-post-28134 category-bienestar\" data-id=\"28134\">\n        <div class=\"eael-grid-post-holder\">\n            <div class=\"eael-grid-post-holder-inner\"><div class=\"eael-entry-media\"><div class=\"eael-entry-overlay fade-in\"><i class=\"far fa-hand-pointer\" aria-hidden=\"true\"><\/i><a href=\"https:\/\/soymigrante.com\/revista\/como-cuidar-tu-piel-hidratacion-y-proteccion-contra-el-calor\/\"><\/a><\/div><div class=\"eael-entry-thumbnail \">\n                <img loading=\"lazy\" decoding=\"async\" width=\"1024\" height=\"682\" src=\"https:\/\/soymigrante.com\/revista\/wp-content\/uploads\/2025\/03\/Co\u0301mo-cuidar-tu-piel1-1024x682.jpg\" class=\"attachment-large size-large wp-image-28135\" alt=\"C\u00f3mo cuidar tu piel: Hidrataci\u00f3n y protecci\u00f3n contra el calor\" \/>\n            <\/div>\n        <\/div><div class=\"eael-entry-wrapper\"><header class=\"eael-entry-header\"><h2 class=\"eael-entry-title\"><a class=\"eael-grid-post-link\" href=\"https:\/\/soymigrante.com\/revista\/como-cuidar-tu-piel-hidratacion-y-proteccion-contra-el-calor\/\" title=\"C\u00f3mo cuidar tu piel: Hidrataci\u00f3n y protecci\u00f3n contra el calor\">C\u00f3mo cuidar tu piel: Hidrataci\u00f3n y protecci\u00f3n contra el calor<\/a><\/h2><\/header><div class=\"eael-entry-content\">\n                        <div class=\"eael-grid-post-excerpt\"><a href=\"https:\/\/soymigrante.com\/revista\/como-cuidar-tu-piel-hidratacion-y-proteccion-contra-el-calor\/\" class=\"eael-post-elements-readmore-btn\">CONOCE SU HISTORIA <\/a><\/div>\n                    <\/div><\/div><\/div>\n        <\/div>\n    <\/article><article class=\"eael-grid-post  eael-post-grid-column eael-pg-post-13268 category-recetas-guatemaltecas\" data-id=\"13268\">\n        <div class=\"eael-grid-post-holder\">\n            <div class=\"eael-grid-post-holder-inner\"><div class=\"eael-entry-media\"><div class=\"eael-entry-overlay fade-in\"><i class=\"far fa-hand-pointer\" aria-hidden=\"true\"><\/i><a href=\"https:\/\/soymigrante.com\/revista\/el-ponche-navideno-guatemalteco-el-mejor-remedio-para-el-frio\/\"><\/a><\/div><div class=\"eael-entry-thumbnail \">\n                <img loading=\"lazy\" decoding=\"async\" width=\"675\" height=\"675\" src=\"https:\/\/soymigrante.com\/revista\/wp-content\/uploads\/2024\/11\/ponche-guatemalteco2.webp\" class=\"attachment-large size-large wp-image-13299\" alt=\"Queso, jitomate, aceitunas, sopa tradicional mexicana, ingredientes frescos, comida casera, sabor aut\u00e9ntico, receta tradicional, cocina mexicana, ingredientes naturales, comida saludable, plato t\u00edpico mexicano.\" srcset=\"https:\/\/soymigrante.com\/revista\/wp-content\/uploads\/2024\/11\/ponche-guatemalteco2.webp 675w, https:\/\/soymigrante.com\/revista\/wp-content\/uploads\/2024\/11\/ponche-guatemalteco2-300x300.jpg 300w, https:\/\/soymigrante.com\/revista\/wp-content\/uploads\/2024\/11\/ponche-guatemalteco2-150x150.jpg 150w, https:\/\/soymigrante.com\/revista\/wp-content\/uploads\/2024\/11\/ponche-guatemalteco2-75x75.webp 75w\" sizes=\"(max-width: 675px) 100vw, 675px\" \/>\n            <\/div>\n        <\/div><div class=\"eael-entry-wrapper\"><header class=\"eael-entry-header\"><h2 class=\"eael-entry-title\"><a class=\"eael-grid-post-link\" href=\"https:\/\/soymigrante.com\/revista\/el-ponche-navideno-guatemalteco-el-mejor-remedio-para-el-frio\/\" title=\"El ponche navide\u00f1o guatemalteco: el mejor remedio para el fr\u00edo\">El ponche navide\u00f1o guatemalteco: el mejor remedio para el fr\u00edo<\/a><\/h2><\/header><div class=\"eael-entry-content\">\n                        <div class=\"eael-grid-post-excerpt\"><a href=\"https:\/\/soymigrante.com\/revista\/el-ponche-navideno-guatemalteco-el-mejor-remedio-para-el-frio\/\" class=\"eael-post-elements-readmore-btn\">CONOCE SU HISTORIA <\/a><\/div>\n                    <\/div><\/div><\/div>\n        <\/div>\n    <\/article><\/div>\n            <div class=\"clearfix\"><\/div>\n        <\/div>\t\t\t\t<\/div>\n\t\t\t\t\t<\/div>\n\t\t\t\t<\/div>\n\t\t\t\t<\/div>\n\t\t","protected":false},"excerpt":{"rendered":"<p>El aire que respiras tambi\u00e9n se limpia: por qu\u00e9 es crucial mantener limpios los aires acondicionados en Estados Unidos En los hogares, oficinas, restaurantes y hasta en las iglesias de Estados Unidos, especialmente durante los meses m\u00e1s calurosos, el aire acondicionado no es un lujo, es una necesidad. Sin embargo, lo que muchos desconocen o [&hellip;]<\/p>\n","protected":false},"author":19,"featured_media":36386,"comment_status":"open","ping_status":"open","sticky":false,"template":"","format":"standard","meta":{"_acf_changed":false,"_eb_attr":"","footnotes":""},"categories":[55],"tags":[],"class_list":["post-36385","post","type-post","status-publish","format-standard","has-post-thumbnail","hentry","category-bienestar"],"acf":[],"aioseo_notices":[],"aioseo_head":"\n\t\t<!-- All in One SEO Pro 4.9.6.2 - aioseo.com -->\n\t<meta name=\"description\" content=\"El ambiente navide\u00f1o se apodera de las calles y tambien de las cocinas. El ponche guatemalteco es una tradici\u00f3n cuya historia de presentamos con todo y receta\" \/>\n\t<meta name=\"robots\" content=\"max-snippet:-1, max-image-preview:large, max-video-preview:-1\" \/>\n\t<meta name=\"author\" content=\"Beatriz Tercero\"\/>\n\t<link rel=\"canonical\" href=\"https:\/\/soymigrante.com\/revista\/el-ponche-navideno-guatemalteco-el-mejor-remedio-para-el-frio\/\" \/>\n\t<meta name=\"generator\" content=\"All in One SEO Pro (AIOSEO) 4.9.6.2\" \/>\n\n\t\t<link rel=\"preconnect\" href=\"https:\/\/fonts.googleapis.com\" crossorigin>\n<link rel=\"preconnect\" href=\"https:\/\/fonts.gstatic.com\" crossorigin>\n\t\t<meta property=\"og:locale\" content=\"es_ES\" \/>\n\t\t<meta property=\"og:site_name\" content=\"SoyMigrante.com REVISTA \u2013 Nuestra misi\u00f3n es reconocer y dignificar al migrante.\" \/>\n\t\t<meta property=\"og:type\" content=\"article\" \/>\n\t\t<meta property=\"og:title\" content=\"El ponche navide\u00f1o en Guatemala: Una bebida con historia\" \/>\n\t\t<meta property=\"og:description\" content=\"El ambiente navide\u00f1o se apodera de las calles y tambien de las cocinas. El ponche guatemalteco es una tradici\u00f3n cuya historia de presentamos con todo y receta\" \/>\n\t\t<meta property=\"og:url\" content=\"https:\/\/soymigrante.com\/revista\/el-ponche-navideno-guatemalteco-el-mejor-remedio-para-el-frio\/\" \/>\n\t\t<meta property=\"og:image\" content=\"https:\/\/soymigrante.com\/revista\/wp-content\/uploads\/2024\/11\/ponche-guatemalteco2.webp\" \/>\n\t\t<meta property=\"og:image:secure_url\" content=\"https:\/\/soymigrante.com\/revista\/wp-content\/uploads\/2024\/11\/ponche-guatemalteco2.webp\" \/>\n\t\t<meta property=\"og:image:width\" content=\"675\" \/>\n\t\t<meta property=\"og:image:height\" content=\"675\" \/>\n\t\t<meta property=\"article:published_time\" content=\"2024-12-04T12:00:00+00:00\" \/>\n\t\t<meta property=\"article:modified_time\" content=\"2025-08-28T05:33:21+00:00\" \/>\n\t\t<meta property=\"article:publisher\" content=\"https:\/\/www.facebook.com\/soymigrantecom\" \/>\n\t\t<meta name=\"twitter:card\" content=\"summary_large_image\" \/>\n\t\t<meta name=\"twitter:site\" content=\"@SoyMigrante_com\" \/>\n\t\t<meta name=\"twitter:title\" content=\"El ponche navide\u00f1o en Guatemala: Una bebida con historia\" \/>\n\t\t<meta name=\"twitter:description\" content=\"El ambiente navide\u00f1o se apodera de las calles y tambien de las cocinas. El ponche guatemalteco es una tradici\u00f3n cuya historia de presentamos con todo y receta\" \/>\n\t\t<meta name=\"twitter:creator\" content=\"@SoyMigrante_com\" \/>\n\t\t<meta name=\"twitter:image\" content=\"https:\/\/soymigrante.com\/revista\/wp-content\/uploads\/2024\/11\/ponche-guatemalteco2.webp\" \/>\n\t\t<!-- All in One SEO Pro -->\r\n\t\t<title>El ponche navide\u00f1o en Guatemala: Una bebida con historia<\/title>\n\n","aioseo_head_json":{"title":"El ponche navide\u00f1o en Guatemala: Una bebida con historia","description":"El ambiente navide\u00f1o se apodera de las calles y tambien de las cocinas. El ponche guatemalteco es una tradici\u00f3n cuya historia de presentamos con todo y receta","canonical_url":"https:\/\/soymigrante.com\/revista\/el-ponche-navideno-guatemalteco-el-mejor-remedio-para-el-frio\/","robots":"max-snippet:-1, max-image-preview:large, max-video-preview:-1","keywords":"","webmasterTools":{"miscellaneous":"&lt;link rel=\"preconnect\" href=\"https:\/\/fonts.googleapis.com\" crossorigin&gt;\n&lt;link rel=\"preconnect\" href=\"https:\/\/fonts.gstatic.com\" crossorigin&gt;"},"schema":null,"og:locale":"es_ES","og:site_name":"SoyMigrante.com REVISTA \u2013 Nuestra misi\u00f3n es reconocer y dignificar al migrante.","og:type":"article","og:title":"El ponche navide\u00f1o en Guatemala: Una bebida con historia","og:description":"El ambiente navide\u00f1o se apodera de las calles y tambien de las cocinas. El ponche guatemalteco es una tradici\u00f3n cuya historia de presentamos con todo y receta","og:url":"https:\/\/soymigrante.com\/revista\/el-ponche-navideno-guatemalteco-el-mejor-remedio-para-el-frio\/","og:image":"https:\/\/soymigrante.com\/revista\/wp-content\/uploads\/2024\/11\/ponche-guatemalteco2.webp","og:image:secure_url":"https:\/\/soymigrante.com\/revista\/wp-content\/uploads\/2024\/11\/ponche-guatemalteco2.webp","og:image:width":675,"og:image:height":675,"article:published_time":"2024-12-04T12:00:00+00:00","article:modified_time":"2025-08-28T05:33:21+00:00","article:publisher":"https:\/\/www.facebook.com\/soymigrantecom","twitter:card":"summary_large_image","twitter:site":"@SoyMigrante_com","twitter:title":"El ponche navide\u00f1o en Guatemala: Una bebida con historia","twitter:description":"El ambiente navide\u00f1o se apodera de las calles y tambien de las cocinas. El ponche guatemalteco es una tradici\u00f3n cuya historia de presentamos con todo y receta","twitter:creator":"@SoyMigrante_com","twitter:image":"https:\/\/soymigrante.com\/revista\/wp-content\/uploads\/2024\/11\/ponche-guatemalteco2.webp"},"aioseo_meta_data":{"post_id":"36385","title":"El aire acondicionado puede condicionar la salud si no se limpia","description":"En cualquier estaci\u00f3n, el aire acondicionado es necesario en edificios, oficinas o viviendas en Estados Unidos. Por eso mismo se debe mantener limpio. \u00bfC\u00f3mo?","keywords":null,"keyphrases":{"focus":{"keyphrase":"aire acondicionado","score":91,"analysis":{"keyphraseInTitle":{"score":9,"maxScore":9,"error":0},"keyphraseInDescription":{"score":9,"maxScore":9,"error":0},"keyphraseLength":{"score":9,"maxScore":9,"error":0,"length":2},"keyphraseInURL":{"score":5,"maxScore":5,"error":0},"keyphraseInIntroduction":{"score":9,"maxScore":9,"error":0},"keyphraseInSubHeadings":{"score":3,"maxScore":9,"error":1},"keyphraseInImageAlt":{"score":9,"maxScore":9,"error":0},"keywordDensity":{"type":"best","score":9,"maxScore":9,"error":0}}},"additional":[{"keyphrase":"aire","score":80,"analysis":{"keyphraseInDescription":{"score":9,"maxScore":9,"error":0},"keyphraseLength":{"score":9,"maxScore":9,"error":0,"length":1},"keyphraseInIntroduction":{"score":9,"maxScore":9,"error":0},"keyphraseInImageAlt":{"score":9,"maxScore":9,"error":0},"keywordDensity":{"type":"high","score":0,"maxScore":9,"error":1}}},{"keyphrase":"acondicionado","score":100,"analysis":{"keyphraseInDescription":{"score":9,"maxScore":9,"error":0},"keyphraseLength":{"score":9,"maxScore":9,"error":0,"length":1},"keyphraseInIntroduction":{"score":9,"maxScore":9,"error":0},"keyphraseInImageAlt":{"score":9,"maxScore":9,"error":0},"keywordDensity":{"type":"best","score":9,"maxScore":9,"error":0}}},{"keyphrase":"limpiar","score":40,"analysis":{"keyphraseInDescription":{"score":3,"maxScore":9,"error":1},"keyphraseLength":{"score":9,"maxScore":9,"error":0,"length":1},"keyphraseInIntroduction":{"score":3,"maxScore":9,"error":1},"keyphraseInImageAlt":{"score":3,"maxScore":9,"error":1},"keywordDensity":{"score":0,"type":"low","maxScore":9,"error":1}}}]},"primary_term":null,"canonical_url":null,"og_title":null,"og_description":null,"og_object_type":"default","og_image_type":"default","og_image_url":null,"og_image_width":null,"og_image_height":null,"og_image_custom_url":null,"og_image_custom_fields":null,"og_video":"","og_custom_url":null,"og_article_section":null,"og_article_tags":null,"twitter_use_og":false,"twitter_card":"default","twitter_image_type":"default","twitter_image_url":null,"twitter_image_custom_url":null,"twitter_image_custom_fields":null,"twitter_title":null,"twitter_description":null,"schema":{"blockGraphs":[],"customGraphs":[],"default":{"data":{"Article":[],"Course":[],"Dataset":[],"FAQPage":[],"Movie":[],"Person":[],"Product":[],"ProductReview":[],"Car":[],"Recipe":[],"Service":[],"SoftwareApplication":[],"WebPage":[]},"graphName":"none","isEnabled":true},"graphs":[]},"schema_type":"default","schema_type_options":null,"pillar_content":false,"robots_default":true,"robots_noindex":false,"robots_noarchive":false,"robots_nosnippet":false,"robots_nofollow":false,"robots_noimageindex":false,"robots_noodp":false,"robots_notranslate":false,"robots_max_snippet":"-1","robots_max_videopreview":"-1","robots_max_imagepreview":"large","priority":null,"frequency":"default","local_seo":null,"seo_analyzer_scan_date":"2025-10-09 05:57:51","breadcrumb_settings":null,"limit_modified_date":false,"reviewed_by":"0","open_ai":"{\"title\":{\"suggestions\":[],\"usage\":0},\"description\":{\"suggestions\":[],\"usage\":0}}","ai":null,"created":"2025-06-16 20:36:05","updated":"2026-02-05 01:11:36"},"aioseo_breadcrumb":"<div class=\"aioseo-breadcrumbs\"><span class=\"aioseo-breadcrumb\">\n\t<a href=\"https:\/\/soymigrante.com\/revista\" title=\"Home\">Home<\/a>\n<\/span><span class=\"aioseo-breadcrumb-separator\">\u00bb<\/span><span class=\"aioseo-breadcrumb\">\n\t<a href=\"https:\/\/soymigrante.com\/revista\/category\/bienestar\/\" title=\"Bienestar\">Bienestar<\/a>\n<\/span><span class=\"aioseo-breadcrumb-separator\">\u00bb<\/span><span class=\"aioseo-breadcrumb\">\n\tEl aire acondicionado en USA es clave. Por eso tambi\u00e9n es vital limpiarlo peri\u00f3dicamente.\n<\/span><\/div>","aioseo_breadcrumb_json":[{"label":"Home","link":"https:\/\/soymigrante.com\/revista"},{"label":"Bienestar","link":"https:\/\/soymigrante.com\/revista\/category\/bienestar\/"},{"label":"El aire acondicionado en USA es clave. Por eso tambi\u00e9n es vital limpiarlo peri\u00f3dicamente.","link":"https:\/\/soymigrante.com\/revista\/el-aire-acondicionado-en-usa-es-clave-por-eso-tambien-es-vital-limpiarlo-periodicamente\/"}],"_links":{"self":[{"href":"https:\/\/soymigrante.com\/revista\/wp-json\/wp\/v2\/posts\/36385","targetHints":{"allow":["GET"]}}],"collection":[{"href":"https:\/\/soymigrante.com\/revista\/wp-json\/wp\/v2\/posts"}],"about":[{"href":"https:\/\/soymigrante.com\/revista\/wp-json\/wp\/v2\/types\/post"}],"author":[{"embeddable":true,"href":"https:\/\/soymigrante.com\/revista\/wp-json\/wp\/v2\/users\/19"}],"replies":[{"embeddable":true,"href":"https:\/\/soymigrante.com\/revista\/wp-json\/wp\/v2\/comments?post=36385"}],"version-history":[{"count":20,"href":"https:\/\/soymigrante.com\/revista\/wp-json\/wp\/v2\/posts\/36385\/revisions"}],"predecessor-version":[{"id":36440,"href":"https:\/\/soymigrante.com\/revista\/wp-json\/wp\/v2\/posts\/36385\/revisions\/36440"}],"wp:featuredmedia":[{"embeddable":true,"href":"https:\/\/soymigrante.com\/revista\/wp-json\/wp\/v2\/media\/36386"}],"wp:attachment":[{"href":"https:\/\/soymigrante.com\/revista\/wp-json\/wp\/v2\/media?parent=36385"}],"wp:term":[{"taxonomy":"category","embeddable":true,"href":"https:\/\/soymigrante.com\/revista\/wp-json\/wp\/v2\/categories?post=36385"},{"taxonomy":"post_tag","embeddable":true,"href":"https:\/\/soymigrante.com\/revista\/wp-json\/wp\/v2\/tags?post=36385"}],"curies":[{"name":"wp","href":"https:\/\/api.w.org\/{rel}","templated":true}]}}