{"id":36374,"date":"2025-06-17T15:31:36","date_gmt":"2025-06-17T21:31:36","guid":{"rendered":"https:\/\/soymigrante.com\/revista\/?p=36374"},"modified":"2025-06-17T15:31:39","modified_gmt":"2025-06-17T21:31:39","slug":"los-angeles-nacio-con-alma-hispana-10-datos-y-anecdotas-sobre-su-historia","status":"publish","type":"post","link":"https:\/\/soymigrante.com\/revista\/los-angeles-nacio-con-alma-hispana-10-datos-y-anecdotas-sobre-su-historia\/","title":{"rendered":"Los \u00c1ngeles naci\u00f3 con alma hispana: 10 datos y an\u00e9cdotas sobre su historia"},"content":{"rendered":"\t\t<div data-elementor-type=\"wp-post\" data-elementor-id=\"36374\" class=\"elementor elementor-36374\" data-elementor-post-type=\"post\">\n\t\t\t\t<div data-particle_enable=\"false\" data-particle-mobile-disabled=\"false\" class=\"elementor-element elementor-element-15409b9 e-flex e-con-boxed e-con e-parent\" data-id=\"15409b9\" data-element_type=\"container\" data-e-type=\"container\">\n\t\t\t\t\t<div class=\"e-con-inner\">\n\t\t\t\t<div class=\"elementor-element elementor-element-953caa7 elementor-widget elementor-widget-heading\" data-id=\"953caa7\" data-element_type=\"widget\" data-e-type=\"widget\" data-widget_type=\"heading.default\">\n\t\t\t\t\t<h2 class=\"elementor-heading-title elementor-size-default\">Los \u00c1ngeles es una ciudad hispana con un alma llena de historias. <\/h2>\t\t\t\t<\/div>\n\t\t\t\t\t<\/div>\n\t\t\t\t<\/div>\n\t\t<div data-particle_enable=\"false\" data-particle-mobile-disabled=\"false\" class=\"elementor-element elementor-element-bf16741 e-flex e-con-boxed e-con e-parent\" data-id=\"bf16741\" data-element_type=\"container\" data-e-type=\"container\">\n\t\t\t\t\t<div class=\"e-con-inner\">\n\t\t\t\t<div class=\"elementor-element elementor-element-c37d84c elementor-widget elementor-widget-text-editor\" data-id=\"c37d84c\" data-element_type=\"widget\" data-e-type=\"widget\" data-widget_type=\"text-editor.default\">\n\t\t\t\t\t\t\t\t\t<p>La ciudad de <a href=\"https:\/\/soymigrante.com\/revista\/conoce-a-los-connacionales-que-seran-homenajeados-el-dia-del-guatemalteco-en-los-angeles\/\" target=\"_blank\" rel=\"noopener\">Los \u00c1ngeles, California,<\/a> es sin duda una de las urbes m\u00e1s ic\u00f3nicas del mundo. Pero detr\u00e1s de su fama por Hollywood, el entretenimiento y su vibrante vida urbana, hay una historia profundamente multicultural, ind\u00edgena e hispana.<\/p><p>Su pasado como territorio mexicano, su crecimiento acelerado en el siglo XX y su diversidad actual son pilares que la definen. <a href=\"https:\/\/soymigrante.com\/revista\/conoce-a-los-connacionales-que-seran-homenajeados-el-dia-del-guatemalteco-en-los-angeles\/\" target=\"_blank\" rel=\"noopener\">Aqu\u00ed te presentamos 10 datos y an\u00e9cdotas clave para comprender mejor el origen<\/a> y evoluci\u00f3n de esta ciudad.<\/p>\t\t\t\t\t\t\t\t<\/div>\n\t\t\t\t\t<\/div>\n\t\t\t\t<\/div>\n\t\t<div data-particle_enable=\"false\" data-particle-mobile-disabled=\"false\" class=\"elementor-element elementor-element-36e9d94 e-flex e-con-boxed e-con e-parent\" data-id=\"36e9d94\" data-element_type=\"container\" data-e-type=\"container\">\n\t\t\t\t\t<div class=\"e-con-inner\">\n\t\t\t\t<div class=\"elementor-element elementor-element-6cac458 elementor-grid-eael-col-1 elementor-grid-tablet-eael-col-2 elementor-grid-mobile-eael-col-1 elementor-invisible elementor-widget elementor-widget-eael-post-grid\" data-id=\"6cac458\" data-element_type=\"widget\" data-e-type=\"widget\" data-settings=\"{&quot;eael_post_grid_columns&quot;:&quot;eael-col-1&quot;,&quot;_animation&quot;:&quot;rollIn&quot;,&quot;eael_post_grid_columns_tablet&quot;:&quot;eael-col-2&quot;,&quot;eael_post_grid_columns_mobile&quot;:&quot;eael-col-1&quot;}\" data-widget_type=\"eael-post-grid.default\">\n\t\t\t\t\t<div id=\"eael-post-grid-6cac458\" class=\"eael-post-grid-container\">\n            <div class=\"eael-post-grid eael-post-appender eael-post-appender-6cac458 eael-post-grid-style-one\" data-layout-mode=\"masonry\"><article class=\"eael-grid-post  eael-post-grid-column eael-pg-post-8427 category-estamos-unidos\" data-id=\"8427\">\n        <div class=\"eael-grid-post-holder\">\n            <div class=\"eael-grid-post-holder-inner\"><div class=\"eael-entry-media\"><div class=\"eael-entry-overlay fade-in\"><i class=\"far fa-hand-pointer\" aria-hidden=\"true\"><\/i><a href=\"https:\/\/soymigrante.com\/revista\/historico-la-ciudad-de-los-angeles-proclama-la-semana-del-guatemalteco\/\"><\/a><\/div><div class=\"eael-entry-thumbnail \">\n                <img fetchpriority=\"high\" decoding=\"async\" width=\"900\" height=\"900\" src=\"https:\/\/soymigrante.com\/revista\/wp-content\/uploads\/2024\/08\/WhatsApp-Image-2024-08-27-at-124901-PM-copia.webp\" class=\"attachment-large size-large wp-image-8429\" alt=\"Reconocidas representantes de comunidades ind\u00edgenas mexicanas reciben reconocimiento oficial en un acto con autoridades en un entorno urbano, destacando la importancia de la cultura y los derechos de los migrantes.\" srcset=\"https:\/\/soymigrante.com\/revista\/wp-content\/uploads\/2024\/08\/WhatsApp-Image-2024-08-27-at-124901-PM-copia.webp 900w, https:\/\/soymigrante.com\/revista\/wp-content\/uploads\/2024\/08\/WhatsApp-Image-2024-08-27-at-124901-PM-copia-300x300.webp 300w, https:\/\/soymigrante.com\/revista\/wp-content\/uploads\/2024\/08\/WhatsApp-Image-2024-08-27-at-124901-PM-copia-150x150.webp 150w, https:\/\/soymigrante.com\/revista\/wp-content\/uploads\/2024\/08\/WhatsApp-Image-2024-08-27-at-124901-PM-copia-768x768.webp 768w, https:\/\/soymigrante.com\/revista\/wp-content\/uploads\/2024\/08\/WhatsApp-Image-2024-08-27-at-124901-PM-copia-75x75.webp 75w, https:\/\/soymigrante.com\/revista\/wp-content\/uploads\/2024\/08\/WhatsApp-Image-2024-08-27-at-124901-PM-copia-750x750.webp 750w\" sizes=\"(max-width: 900px) 100vw, 900px\" \/>\n            <\/div>\n        <\/div><div class=\"eael-entry-wrapper\"><header class=\"eael-entry-header\"><h2 class=\"eael-entry-title\"><a class=\"eael-grid-post-link\" href=\"https:\/\/soymigrante.com\/revista\/historico-la-ciudad-de-los-angeles-proclama-la-semana-del-guatemalteco\/\" title=\"Hist\u00f3rico:  La ciudad de Los Angeles proclama la Semana del Guatemalteco\">Hist\u00f3rico:  La ciudad de Los Angeles proclama la Semana del Guatemalteco<\/a><\/h2><\/header><div class=\"eael-entry-content\">\n                        <div class=\"eael-grid-post-excerpt\"><a href=\"https:\/\/soymigrante.com\/revista\/historico-la-ciudad-de-los-angeles-proclama-la-semana-del-guatemalteco\/\" class=\"eael-post-elements-readmore-btn\">CONOCE SU HISTORIA <\/a><\/div>\n                    <\/div><\/div><\/div>\n        <\/div>\n    <\/article><\/div>\n            <div class=\"clearfix\"><\/div>\n        <\/div>\t\t\t\t<\/div>\n\t\t\t\t\t<\/div>\n\t\t\t\t<\/div>\n\t\t<div data-particle_enable=\"false\" data-particle-mobile-disabled=\"false\" class=\"elementor-element elementor-element-44a107c e-flex e-con-boxed e-con e-parent\" data-id=\"44a107c\" data-element_type=\"container\" data-e-type=\"container\">\n\t\t\t\t\t<div class=\"e-con-inner\">\n\t\t\t\t<div class=\"elementor-element elementor-element-c41d601 elementor-widget elementor-widget-heading\" data-id=\"c41d601\" data-element_type=\"widget\" data-e-type=\"widget\" data-widget_type=\"heading.default\">\n\t\t\t\t\t<h3 class=\"elementor-heading-title elementor-size-default\">1. Naci\u00f3 como un pueblo hispano: El Pueblo de Nuestra Se\u00f1ora la Reina de los \u00c1ngeles<\/h3>\t\t\t\t<\/div>\n\t\t\t\t\t<\/div>\n\t\t\t\t<\/div>\n\t\t<div data-particle_enable=\"false\" data-particle-mobile-disabled=\"false\" class=\"elementor-element elementor-element-28f923d e-flex e-con-boxed e-con e-parent\" data-id=\"28f923d\" data-element_type=\"container\" data-e-type=\"container\">\n\t\t\t\t\t<div class=\"e-con-inner\">\n\t\t\t\t<div class=\"elementor-element elementor-element-405251b elementor-widget elementor-widget-text-editor\" data-id=\"405251b\" data-element_type=\"widget\" data-e-type=\"widget\" data-widget_type=\"text-editor.default\">\n\t\t\t\t\t\t\t\t\t<p>El 4 de septiembre de 1781, 44 colonos \u2014entre ellos mestizos, ind\u00edgenas, afrodescendientes y espa\u00f1oles\u2014 fundaron un peque\u00f1o asentamiento con el nombre de \u201cEl Pueblo de Nuestra Se\u00f1ora la Reina de los \u00c1ngeles de Porci\u00fancula\u201d.<a href=\"https:\/\/soymigrante.com\/revista\/conoce-a-los-connacionales-que-seran-homenajeados-el-dia-del-guatemalteco-en-los-angeles\/\" target=\"_blank\" rel=\"noopener\"> Eran enviados por las autoridades coloniales espa\u00f1olas desde el Virreinato de Nueva Espa\u00f1a<\/a> (hoy M\u00e9xico). Esta fue la semilla de lo que hoy conocemos como Los \u00c1ngeles.<\/p>\t\t\t\t\t\t\t\t<\/div>\n\t\t\t\t\t<\/div>\n\t\t\t\t<\/div>\n\t\t<div data-particle_enable=\"false\" data-particle-mobile-disabled=\"false\" class=\"elementor-element elementor-element-c3b672e e-flex e-con-boxed e-con e-parent\" data-id=\"c3b672e\" data-element_type=\"container\" data-e-type=\"container\">\n\t\t\t\t\t<div class=\"e-con-inner\">\n\t\t\t\t<div class=\"elementor-element elementor-element-7b9b62b elementor-widget elementor-widget-heading\" data-id=\"7b9b62b\" data-element_type=\"widget\" data-e-type=\"widget\" data-widget_type=\"heading.default\">\n\t\t\t\t\t<h3 class=\"elementor-heading-title elementor-size-default\">2. Territorio mexicano hasta 1848<\/h3>\t\t\t\t<\/div>\n\t\t\t\t\t<\/div>\n\t\t\t\t<\/div>\n\t\t<div data-particle_enable=\"false\" data-particle-mobile-disabled=\"false\" class=\"elementor-element elementor-element-8daf4c4 e-flex e-con-boxed e-con e-parent\" data-id=\"8daf4c4\" data-element_type=\"container\" data-e-type=\"container\">\n\t\t\t\t\t<div class=\"e-con-inner\">\n\t\t\t\t<div class=\"elementor-element elementor-element-848e581 elementor-widget elementor-widget-text-editor\" data-id=\"848e581\" data-element_type=\"widget\" data-e-type=\"widget\" data-widget_type=\"text-editor.default\">\n\t\t\t\t\t\t\t\t\t<p>Cuando M\u00e9xico obtuvo su independencia de Espa\u00f1a en 1821, <a href=\"https:\/\/soymigrante.com\/revista\/conoce-a-los-connacionales-que-seran-homenajeados-el-dia-del-guatemalteco-en-los-angeles\/\" target=\"_blank\" rel=\"noopener\">Los \u00c1ngeles pas\u00f3 a formar parte del reci\u00e9n creado pa\u00eds.<\/a> Sin embargo, tras la guerra entre Estados Unidos y M\u00e9xico (1846\u20131848), el Tratado de Guadalupe Hidalgo marc\u00f3 un cambio hist\u00f3rico: California fue anexada a Estados Unidos, y con ello, tambi\u00e9n Los \u00c1ngeles.<\/p>\t\t\t\t\t\t\t\t<\/div>\n\t\t\t\t\t<\/div>\n\t\t\t\t<\/div>\n\t\t<div data-particle_enable=\"false\" data-particle-mobile-disabled=\"false\" class=\"elementor-element elementor-element-4b4f43c e-flex e-con-boxed e-con e-parent\" data-id=\"4b4f43c\" data-element_type=\"container\" data-e-type=\"container\">\n\t\t\t\t\t<div class=\"e-con-inner\">\n\t\t\t\t<div class=\"elementor-element elementor-element-d85b95c elementor-widget elementor-widget-heading\" data-id=\"d85b95c\" data-element_type=\"widget\" data-e-type=\"widget\" data-widget_type=\"heading.default\">\n\t\t\t\t\t<h3 class=\"elementor-heading-title elementor-size-default\">3. Los primeros pobladores eran de sangre mestiza<\/h3>\t\t\t\t<\/div>\n\t\t\t\t\t<\/div>\n\t\t\t\t<\/div>\n\t\t<div data-particle_enable=\"false\" data-particle-mobile-disabled=\"false\" class=\"elementor-element elementor-element-3788557 e-flex e-con-boxed e-con e-parent\" data-id=\"3788557\" data-element_type=\"container\" data-e-type=\"container\">\n\t\t\t\t\t<div class=\"e-con-inner\">\n\t\t\t\t<div class=\"elementor-element elementor-element-e12c84f elementor-widget elementor-widget-text-editor\" data-id=\"e12c84f\" data-element_type=\"widget\" data-e-type=\"widget\" data-widget_type=\"text-editor.default\">\n\t\t\t\t\t\t\t\t\t<p>De los 44 fundadores del pueblo, solo dos eran de origen europeo puro. El resto eran ind\u00edgenas, africanos o mestizos. Esto demuestra que Los \u00c1ngeles, desde sus inicios, fue una comunidad diversa y plural, algo que sigue caracteriz\u00e1ndola hoy en d\u00eda.<\/p>\t\t\t\t\t\t\t\t<\/div>\n\t\t\t\t\t<\/div>\n\t\t\t\t<\/div>\n\t\t<div data-particle_enable=\"false\" data-particle-mobile-disabled=\"false\" class=\"elementor-element elementor-element-e39ef45 e-flex e-con-boxed e-con e-parent\" data-id=\"e39ef45\" data-element_type=\"container\" data-e-type=\"container\">\n\t\t\t\t\t<div class=\"e-con-inner\">\n\t\t\t\t<div class=\"elementor-element elementor-element-c372c42 elementor-widget elementor-widget-heading\" data-id=\"c372c42\" data-element_type=\"widget\" data-e-type=\"widget\" data-widget_type=\"heading.default\">\n\t\t\t\t\t<h3 class=\"elementor-heading-title elementor-size-default\">4. El nombre espa\u00f1ol sigue vivo en sus calles<\/h3>\t\t\t\t<\/div>\n\t\t\t\t\t<\/div>\n\t\t\t\t<\/div>\n\t\t<div data-particle_enable=\"false\" data-particle-mobile-disabled=\"false\" class=\"elementor-element elementor-element-ebdf58f e-flex e-con-boxed e-con e-parent\" data-id=\"ebdf58f\" data-element_type=\"container\" data-e-type=\"container\">\n\t\t\t\t\t<div class=\"e-con-inner\">\n\t\t\t\t<div class=\"elementor-element elementor-element-c25cf52 elementor-widget elementor-widget-text-editor\" data-id=\"c25cf52\" data-element_type=\"widget\" data-e-type=\"widget\" data-widget_type=\"text-editor.default\">\n\t\t\t\t\t\t\t\t\t<p>Aunque se abrevi\u00f3 su nombre, muchas zonas de Los \u00c1ngeles conservan nombres en espa\u00f1ol: Los Feliz, El Sereno, La Brea, San Pedro, Pico Rivera, Montebello y m\u00e1s. <a href=\"https:\/\/soymigrante.com\/revista\/conoce-a-los-connacionales-que-seran-homenajeados-el-dia-del-guatemalteco-en-los-angeles\/\" target=\"_blank\" rel=\"noopener\">Son recordatorios del pasado hispano que nunca se ha borrado del todo<\/a>, a pesar del paso de los siglos.<\/p>\t\t\t\t\t\t\t\t<\/div>\n\t\t\t\t\t<\/div>\n\t\t\t\t<\/div>\n\t\t<div data-particle_enable=\"false\" data-particle-mobile-disabled=\"false\" class=\"elementor-element elementor-element-2a4a8a8 e-flex e-con-boxed e-con e-parent\" data-id=\"2a4a8a8\" data-element_type=\"container\" data-e-type=\"container\">\n\t\t\t\t\t<div class=\"e-con-inner\">\n\t\t\t\t<div class=\"elementor-element elementor-element-091ee3f elementor-widget elementor-widget-heading\" data-id=\"091ee3f\" data-element_type=\"widget\" data-e-type=\"widget\" data-widget_type=\"heading.default\">\n\t\t\t\t\t<h3 class=\"elementor-heading-title elementor-size-default\">5. De aldea a metr\u00f3polis gracias al ferrocarril y al oro<\/h3>\t\t\t\t<\/div>\n\t\t\t\t\t<\/div>\n\t\t\t\t<\/div>\n\t\t<div data-particle_enable=\"false\" data-particle-mobile-disabled=\"false\" class=\"elementor-element elementor-element-be6cebd e-flex e-con-boxed e-con e-parent\" data-id=\"be6cebd\" data-element_type=\"container\" data-e-type=\"container\">\n\t\t\t\t\t<div class=\"e-con-inner\">\n\t\t\t\t<div class=\"elementor-element elementor-element-f7855bf elementor-widget elementor-widget-text-editor\" data-id=\"f7855bf\" data-element_type=\"widget\" data-e-type=\"widget\" data-widget_type=\"text-editor.default\">\n\t\t\t\t\t\t\t\t\t<p>Durante el siglo XIX, el descubrimiento de oro y la llegada del ferrocarril conectaron a Los \u00c1ngeles con el resto del pa\u00eds. Esto provoc\u00f3 un crecimiento poblacional explosivo. La ciudad se transform\u00f3 de un tranquilo poblado agr\u00edcola a una potencia econ\u00f3mica y cultural.<\/p>\t\t\t\t\t\t\t\t<\/div>\n\t\t\t\t\t<\/div>\n\t\t\t\t<\/div>\n\t\t<div data-particle_enable=\"false\" data-particle-mobile-disabled=\"false\" class=\"elementor-element elementor-element-eab40e4 e-flex e-con-boxed e-con e-parent\" data-id=\"eab40e4\" data-element_type=\"container\" data-e-type=\"container\">\n\t\t\t\t\t<div class=\"e-con-inner\">\n\t\t\t\t<div class=\"elementor-element elementor-element-0500010 elementor-grid-eael-col-1 elementor-grid-tablet-eael-col-2 elementor-grid-mobile-eael-col-1 elementor-invisible elementor-widget elementor-widget-eael-post-grid\" data-id=\"0500010\" data-element_type=\"widget\" data-e-type=\"widget\" data-settings=\"{&quot;eael_post_grid_columns&quot;:&quot;eael-col-1&quot;,&quot;_animation&quot;:&quot;rollIn&quot;,&quot;eael_post_grid_columns_tablet&quot;:&quot;eael-col-2&quot;,&quot;eael_post_grid_columns_mobile&quot;:&quot;eael-col-1&quot;}\" data-widget_type=\"eael-post-grid.default\">\n\t\t\t\t\t<div id=\"eael-post-grid-0500010\" class=\"eael-post-grid-container\">\n            <div class=\"eael-post-grid eael-post-appender eael-post-appender-0500010 eael-post-grid-style-one\" data-layout-mode=\"masonry\"><article class=\"eael-grid-post  eael-post-grid-column eael-pg-post-8299 category-estamos-unidos\" data-id=\"8299\">\n        <div class=\"eael-grid-post-holder\">\n            <div class=\"eael-grid-post-holder-inner\"><div class=\"eael-entry-media\"><div class=\"eael-entry-overlay fade-in\"><i class=\"far fa-hand-pointer\" aria-hidden=\"true\"><\/i><a href=\"https:\/\/soymigrante.com\/revista\/semana-del-guatemalteco-l-a-los-5-homenajeados-del-2024\/\"><\/a><\/div><div class=\"eael-entry-thumbnail \">\n                <img decoding=\"async\" width=\"445\" height=\"445\" src=\"https:\/\/soymigrante.com\/revista\/wp-content\/uploads\/2024\/08\/quetzalino.webp\" class=\"attachment-large size-large wp-image-8354\" alt=\"Colibr\u00ed h\u00edbrido con colores vibrantes posado en un \u00e1rbol en un entorno natural, resaltando la biodiversidad y las especies \u00fanicas en la naturaleza.\" srcset=\"https:\/\/soymigrante.com\/revista\/wp-content\/uploads\/2024\/08\/quetzalino.webp 445w, https:\/\/soymigrante.com\/revista\/wp-content\/uploads\/2024\/08\/quetzalino-300x300.webp 300w, https:\/\/soymigrante.com\/revista\/wp-content\/uploads\/2024\/08\/quetzalino-150x150.webp 150w, https:\/\/soymigrante.com\/revista\/wp-content\/uploads\/2024\/08\/quetzalino-75x75.webp 75w\" sizes=\"(max-width: 445px) 100vw, 445px\" \/>\n            <\/div>\n        <\/div><div class=\"eael-entry-wrapper\"><header class=\"eael-entry-header\"><h2 class=\"eael-entry-title\"><a class=\"eael-grid-post-link\" href=\"https:\/\/soymigrante.com\/revista\/semana-del-guatemalteco-l-a-los-5-homenajeados-del-2024\/\" title=\"Los 5 homenajeados en la Semana del Guatemalteco de Los Angeles\">Los 5 homenajeados en la Semana del Guatemalteco de Los Angeles<\/a><\/h2><\/header><div class=\"eael-entry-content\">\n                        <div class=\"eael-grid-post-excerpt\"><a href=\"https:\/\/soymigrante.com\/revista\/semana-del-guatemalteco-l-a-los-5-homenajeados-del-2024\/\" class=\"eael-post-elements-readmore-btn\">CONOCE SU HISTORIA <\/a><\/div>\n                    <\/div><\/div><\/div>\n        <\/div>\n    <\/article><\/div>\n            <div class=\"clearfix\"><\/div>\n        <\/div>\t\t\t\t<\/div>\n\t\t\t\t\t<\/div>\n\t\t\t\t<\/div>\n\t\t<div data-particle_enable=\"false\" data-particle-mobile-disabled=\"false\" class=\"elementor-element elementor-element-9ec5eff e-flex e-con-boxed e-con e-parent\" data-id=\"9ec5eff\" data-element_type=\"container\" data-e-type=\"container\">\n\t\t\t\t\t<div class=\"e-con-inner\">\n\t\t\t\t<div class=\"elementor-element elementor-element-6c97586 elementor-widget elementor-widget-heading\" data-id=\"6c97586\" data-element_type=\"widget\" data-e-type=\"widget\" data-widget_type=\"heading.default\">\n\t\t\t\t\t<h3 class=\"elementor-heading-title elementor-size-default\">6. Hollywood y el auge del cine<\/h3>\t\t\t\t<\/div>\n\t\t\t\t\t<\/div>\n\t\t\t\t<\/div>\n\t\t<div data-particle_enable=\"false\" data-particle-mobile-disabled=\"false\" class=\"elementor-element elementor-element-4213632 e-flex e-con-boxed e-con e-parent\" data-id=\"4213632\" data-element_type=\"container\" data-e-type=\"container\">\n\t\t\t\t\t<div class=\"e-con-inner\">\n\t\t\t\t<div class=\"elementor-element elementor-element-3855182 elementor-widget elementor-widget-text-editor\" data-id=\"3855182\" data-element_type=\"widget\" data-e-type=\"widget\" data-widget_type=\"text-editor.default\">\n\t\t\t\t\t\t\t\t\t<p>A principios del siglo XX, Los \u00c1ngeles se convirti\u00f3 en la capital mundial del cine. Con estudios como Universal, Paramount y Warner Bros., el distrito de Hollywood atrajo a miles de actores, t\u00e9cnicos, escritores y migrantes. <a href=\"https:\/\/soymigrante.com\/revista\/conoce-a-los-connacionales-que-seran-homenajeados-el-dia-del-guatemalteco-en-los-angeles\/\" target=\"_blank\" rel=\"noopener\">La industria del entretenimiento solidific\u00f3 su papel protag\u00f3nico a nivel internacional.<\/a><\/p>\t\t\t\t\t\t\t\t<\/div>\n\t\t\t\t\t<\/div>\n\t\t\t\t<\/div>\n\t\t<div data-particle_enable=\"false\" data-particle-mobile-disabled=\"false\" class=\"elementor-element elementor-element-1fa015d e-flex e-con-boxed e-con e-parent\" data-id=\"1fa015d\" data-element_type=\"container\" data-e-type=\"container\">\n\t\t\t\t\t<div class=\"e-con-inner\">\n\t\t\t\t<div class=\"elementor-element elementor-element-9e67633 elementor-widget elementor-widget-heading\" data-id=\"9e67633\" data-element_type=\"widget\" data-e-type=\"widget\" data-widget_type=\"heading.default\">\n\t\t\t\t\t<h3 class=\"elementor-heading-title elementor-size-default\">7. Crecimiento urbano gracias al agua<\/h3>\t\t\t\t<\/div>\n\t\t\t\t\t<\/div>\n\t\t\t\t<\/div>\n\t\t<div data-particle_enable=\"false\" data-particle-mobile-disabled=\"false\" class=\"elementor-element elementor-element-0fa4844 e-flex e-con-boxed e-con e-parent\" data-id=\"0fa4844\" data-element_type=\"container\" data-e-type=\"container\">\n\t\t\t\t\t<div class=\"e-con-inner\">\n\t\t\t\t<div class=\"elementor-element elementor-element-ec3ffd7 elementor-widget elementor-widget-text-editor\" data-id=\"ec3ffd7\" data-element_type=\"widget\" data-e-type=\"widget\" data-widget_type=\"text-editor.default\">\n\t\t\t\t\t\t\t\t\t<p>Una de las claves del crecimiento de Los \u00c1ngeles fue el acueducto de Los \u00c1ngeles (1913), que trajo agua desde el r\u00edo Owens, a m\u00e1s de 300 km. Este proyecto permiti\u00f3 que la ciudad se expandiera en el desierto californiano, algo impensable sin ese recurso vital. <\/p>\t\t\t\t\t\t\t\t<\/div>\n\t\t\t\t\t<\/div>\n\t\t\t\t<\/div>\n\t\t<div data-particle_enable=\"false\" data-particle-mobile-disabled=\"false\" class=\"elementor-element elementor-element-be5e531 e-flex e-con-boxed e-con e-parent\" data-id=\"be5e531\" data-element_type=\"container\" data-e-type=\"container\">\n\t\t\t\t\t<div class=\"e-con-inner\">\n\t\t\t\t<div class=\"elementor-element elementor-element-23aaa7d elementor-widget elementor-widget-image\" data-id=\"23aaa7d\" data-element_type=\"widget\" data-e-type=\"widget\" data-widget_type=\"image.default\">\n\t\t\t\t\t\t\t\t\t\t\t\t<figure class=\"wp-caption\">\n\t\t\t\t\t\t\t\t\t\t<img decoding=\"async\" width=\"768\" height=\"511\" src=\"https:\/\/soymigrante.com\/revista\/wp-content\/uploads\/2025\/06\/Los-Angeles-una-ciudad-con-alma-hispana-10-datos-y-anecdotas-sobre-su-historia-2-1024x681.jpeg\" class=\"attachment-large size-large wp-image-36381\" alt=\"Vistas nocturnas del skyline de Los \u00c1ngeles con rascacielos iluminados y calles vibrantes, resaltando la diversidad y energ\u00eda de la ciudad en la revista SoyMigrante.com REVISTA.\" srcset=\"https:\/\/soymigrante.com\/revista\/wp-content\/uploads\/2025\/06\/Los-Angeles-una-ciudad-con-alma-hispana-10-datos-y-anecdotas-sobre-su-historia-2-1024x681.jpeg 1024w, https:\/\/soymigrante.com\/revista\/wp-content\/uploads\/2025\/06\/Los-Angeles-una-ciudad-con-alma-hispana-10-datos-y-anecdotas-sobre-su-historia-2-300x200.jpeg 300w, https:\/\/soymigrante.com\/revista\/wp-content\/uploads\/2025\/06\/Los-Angeles-una-ciudad-con-alma-hispana-10-datos-y-anecdotas-sobre-su-historia-2-768x511.jpeg 768w, https:\/\/soymigrante.com\/revista\/wp-content\/uploads\/2025\/06\/Los-Angeles-una-ciudad-con-alma-hispana-10-datos-y-anecdotas-sobre-su-historia-2-1536x1021.jpeg 1536w, https:\/\/soymigrante.com\/revista\/wp-content\/uploads\/2025\/06\/Los-Angeles-una-ciudad-con-alma-hispana-10-datos-y-anecdotas-sobre-su-historia-2-750x499.webp 750w, https:\/\/soymigrante.com\/revista\/wp-content\/uploads\/2025\/06\/Los-Angeles-una-ciudad-con-alma-hispana-10-datos-y-anecdotas-sobre-su-historia-2-1140x758.webp 1140w, https:\/\/soymigrante.com\/revista\/wp-content\/uploads\/2025\/06\/Los-Angeles-una-ciudad-con-alma-hispana-10-datos-y-anecdotas-sobre-su-historia-2.webp 1600w\" sizes=\"(max-width: 768px) 100vw, 768px\" title=\"Los \u00c1ngeles es una ciudad llena de historia que ha atra\u00eddo a millones de personas. (Foto: ENVATO) \u2013 SoyMigrante.com REVISTA\" \/>\t\t\t\t\t\t\t\t\t\t\t<figcaption class=\"widget-image-caption wp-caption-text\">La imagen muestra la impresionante vista panor\u00e1mica del centro de Los \u00c1ngeles por la noche, con edificios emblem\u00e1ticos y calles llenas de luces, reflejando la vida urbana y multicultural de la destino destacado en la revista SoyMigrante.com REVISTA.<\/figcaption>\n\t\t\t\t\t\t\t\t\t\t<\/figure>\n\t\t\t\t\t\t\t\t\t<\/div>\n\t\t\t\t\t<\/div>\n\t\t\t\t<\/div>\n\t\t<div data-particle_enable=\"false\" data-particle-mobile-disabled=\"false\" class=\"elementor-element elementor-element-537f2f3 e-flex e-con-boxed e-con e-parent\" data-id=\"537f2f3\" data-element_type=\"container\" data-e-type=\"container\">\n\t\t\t\t\t<div class=\"e-con-inner\">\n\t\t\t\t<div class=\"elementor-element elementor-element-9976ac5 elementor-widget elementor-widget-heading\" data-id=\"9976ac5\" data-element_type=\"widget\" data-e-type=\"widget\" data-widget_type=\"heading.default\">\n\t\t\t\t\t<h3 class=\"elementor-heading-title elementor-size-default\">8. Epicentro de migraci\u00f3n latina<\/h3>\t\t\t\t<\/div>\n\t\t\t\t\t<\/div>\n\t\t\t\t<\/div>\n\t\t<div data-particle_enable=\"false\" data-particle-mobile-disabled=\"false\" class=\"elementor-element elementor-element-3ce38cd e-flex e-con-boxed e-con e-parent\" data-id=\"3ce38cd\" data-element_type=\"container\" data-e-type=\"container\">\n\t\t\t\t\t<div class=\"e-con-inner\">\n\t\t\t\t<div class=\"elementor-element elementor-element-85f55d4 elementor-widget elementor-widget-text-editor\" data-id=\"85f55d4\" data-element_type=\"widget\" data-e-type=\"widget\" data-widget_type=\"text-editor.default\">\n\t\t\t\t\t\t\t\t\t<p>Desde mediados del siglo XX, Los \u00c1ngeles se ha convertido en uno de los principales destinos de migrantes hispanos, especialmente mexicanos, centroamericanos y caribe\u00f1os. Hoy, casi el 50% de la poblaci\u00f3n es de origen latino, lo que hace que la lengua espa\u00f1ola y la cultura latina sean parte esencial de su identidad.<\/p>\t\t\t\t\t\t\t\t<\/div>\n\t\t\t\t\t<\/div>\n\t\t\t\t<\/div>\n\t\t<div data-particle_enable=\"false\" data-particle-mobile-disabled=\"false\" class=\"elementor-element elementor-element-4d689d5 e-flex e-con-boxed e-con e-parent\" data-id=\"4d689d5\" data-element_type=\"container\" data-e-type=\"container\">\n\t\t\t\t\t<div class=\"e-con-inner\">\n\t\t\t\t<div class=\"elementor-element elementor-element-387d2c0 elementor-widget elementor-widget-heading\" data-id=\"387d2c0\" data-element_type=\"widget\" data-e-type=\"widget\" data-widget_type=\"heading.default\">\n\t\t\t\t\t<h3 class=\"elementor-heading-title elementor-size-default\">9. Disturbios de 1992: una ciudad en tensi\u00f3n social<\/h3>\t\t\t\t<\/div>\n\t\t\t\t\t<\/div>\n\t\t\t\t<\/div>\n\t\t<div data-particle_enable=\"false\" data-particle-mobile-disabled=\"false\" class=\"elementor-element elementor-element-8b713ef e-flex e-con-boxed e-con e-parent\" data-id=\"8b713ef\" data-element_type=\"container\" data-e-type=\"container\">\n\t\t\t\t\t<div class=\"e-con-inner\">\n\t\t\t\t<div class=\"elementor-element elementor-element-36c2e62 elementor-widget elementor-widget-text-editor\" data-id=\"36c2e62\" data-element_type=\"widget\" data-e-type=\"widget\" data-widget_type=\"text-editor.default\">\n\t\t\t\t\t\t\t\t\t<p>El 29 de abril de 1992 estallaron los disturbios de Los \u00c1ngeles tras la absoluci\u00f3n de cuatro polic\u00edas que golpearon brutalmente al afroamericano Rodney King. M\u00e1s de 60 personas murieron. <a href=\"https:\/\/soymigrante.com\/revista\/conoce-a-los-connacionales-que-seran-homenajeados-el-dia-del-guatemalteco-en-los-angeles\/\" target=\"_blank\" rel=\"noopener\">Fue un momento de gran tensi\u00f3n racial y social, que reflej\u00f3 la complejidad multicultural de la ciudad<\/a> y la necesidad urgente de justicia social.<\/p>\t\t\t\t\t\t\t\t<\/div>\n\t\t\t\t\t<\/div>\n\t\t\t\t<\/div>\n\t\t<div data-particle_enable=\"false\" data-particle-mobile-disabled=\"false\" class=\"elementor-element elementor-element-a931ee7 e-flex e-con-boxed e-con e-parent\" data-id=\"a931ee7\" data-element_type=\"container\" data-e-type=\"container\">\n\t\t\t\t\t<div class=\"e-con-inner\">\n\t\t\t\t<div class=\"elementor-element elementor-element-896fd03 elementor-widget elementor-widget-heading\" data-id=\"896fd03\" data-element_type=\"widget\" data-e-type=\"widget\" data-widget_type=\"heading.default\">\n\t\t\t\t\t<h3 class=\"elementor-heading-title elementor-size-default\">10. Una ciudad de identidades m\u00faltiples<\/h3>\t\t\t\t<\/div>\n\t\t\t\t\t<\/div>\n\t\t\t\t<\/div>\n\t\t<div data-particle_enable=\"false\" data-particle-mobile-disabled=\"false\" class=\"elementor-element elementor-element-f807c47 e-flex e-con-boxed e-con e-parent\" data-id=\"f807c47\" data-element_type=\"container\" data-e-type=\"container\">\n\t\t\t\t\t<div class=\"e-con-inner\">\n\t\t\t\t<div class=\"elementor-element elementor-element-46c5054 elementor-widget elementor-widget-text-editor\" data-id=\"46c5054\" data-element_type=\"widget\" data-e-type=\"widget\" data-widget_type=\"text-editor.default\">\n\t\t\t\t\t\t\t\t\t<p>Hoy Los \u00c1ngeles no solo es latina: es tambi\u00e9n asi\u00e1tica, afroamericana, armenia, coreana, filipina, ind\u00edgena, y estadounidense. Desde el festival de D\u00eda de Muertos en Hollywood hasta el A\u00f1o Nuevo Chino en Chinatown, Los \u00c1ngeles demuestra que su coraz\u00f3n es multicultural y profundamente diverso.<\/p>\t\t\t\t\t\t\t\t<\/div>\n\t\t\t\t\t<\/div>\n\t\t\t\t<\/div>\n\t\t<div data-particle_enable=\"false\" data-particle-mobile-disabled=\"false\" class=\"elementor-element elementor-element-2d9ae8e e-flex e-con-boxed e-con e-parent\" data-id=\"2d9ae8e\" data-element_type=\"container\" data-e-type=\"container\">\n\t\t\t\t\t<div class=\"e-con-inner\">\n\t\t\t\t<div class=\"elementor-element elementor-element-9bb1da1 elementor-widget elementor-widget-text-editor\" data-id=\"9bb1da1\" data-element_type=\"widget\" data-e-type=\"widget\" data-widget_type=\"text-editor.default\">\n\t\t\t\t\t\t\t\t\t<p><a href=\"https:\/\/soymigrante.com\/revista\/conoce-a-los-connacionales-que-seran-homenajeados-el-dia-del-guatemalteco-en-los-angeles\/\" target=\"_blank\" rel=\"noopener\">La historia de Los \u00c1ngeles es la historia de territorios cambiantes, pueblos mezclados, luchas sociales y sue\u00f1os migrantes.<\/a> Su pasado mexicano no solo es un cap\u00edtulo, sino la ra\u00edz que ha nutrido su presente. Hoy, Los \u00c1ngeles sigue creciendo como una ciudad donde muchas culturas conviven, construyen y sue\u00f1an. En sus calles a\u00fan resuena el eco de aquellos primeros 44 fundadores, y el espa\u00f1ol sigue vivo entre sus muros, mercados y corazones.<\/p>\t\t\t\t\t\t\t\t<\/div>\n\t\t\t\t\t<\/div>\n\t\t\t\t<\/div>\n\t\t<div data-particle_enable=\"false\" data-particle-mobile-disabled=\"false\" class=\"elementor-element elementor-element-19bb56e e-flex e-con-boxed e-con e-parent\" data-id=\"19bb56e\" data-element_type=\"container\" data-e-type=\"container\">\n\t\t\t\t\t<div class=\"e-con-inner\">\n\t\t\t\t<div class=\"elementor-element elementor-element-95abacc elementor-widget elementor-widget-heading\" data-id=\"95abacc\" data-element_type=\"widget\" data-e-type=\"widget\" data-widget_type=\"heading.default\">\n\t\t\t\t\t<h2 class=\"elementor-heading-title elementor-size-default\">Conoce estos temas que te pueden interesar....<\/h2>\t\t\t\t<\/div>\n\t\t\t\t\t<\/div>\n\t\t\t\t<\/div>\n\t\t<div data-particle_enable=\"false\" data-particle-mobile-disabled=\"false\" class=\"elementor-element elementor-element-2c801ed e-flex e-con-boxed e-con e-parent\" data-id=\"2c801ed\" data-element_type=\"container\" data-e-type=\"container\">\n\t\t\t\t\t<div class=\"e-con-inner\">\n\t\t\t\t<div class=\"elementor-element elementor-element-66a5dfc elementor-grid-eael-col-3 elementor-grid-tablet-eael-col-2 elementor-grid-mobile-eael-col-1 elementor-invisible elementor-widget elementor-widget-eael-post-grid\" data-id=\"66a5dfc\" data-element_type=\"widget\" data-e-type=\"widget\" data-settings=\"{&quot;eael_post_grid_columns&quot;:&quot;eael-col-3&quot;,&quot;_animation&quot;:&quot;rollIn&quot;,&quot;eael_post_grid_columns_tablet&quot;:&quot;eael-col-2&quot;,&quot;eael_post_grid_columns_mobile&quot;:&quot;eael-col-1&quot;}\" data-widget_type=\"eael-post-grid.default\">\n\t\t\t\t\t<div id=\"eael-post-grid-66a5dfc\" class=\"eael-post-grid-container\">\n            <div class=\"eael-post-grid eael-post-appender eael-post-appender-66a5dfc eael-post-grid-style-one\" data-layout-mode=\"masonry\"><article class=\"eael-grid-post  eael-post-grid-column eael-pg-post-6735 category-estamos-unidos\" data-id=\"6735\">\n        <div class=\"eael-grid-post-holder\">\n            <div class=\"eael-grid-post-holder-inner\"><div class=\"eael-entry-media\"><div class=\"eael-entry-overlay fade-in\"><i class=\"far fa-hand-pointer\" aria-hidden=\"true\"><\/i><a href=\"https:\/\/soymigrante.com\/revista\/migrantes-de-los-angeles-impulsan-casas-de-la-cultura-en-el-pais\/\"><\/a><\/div><div class=\"eael-entry-thumbnail \">\n                <img loading=\"lazy\" decoding=\"async\" width=\"1024\" height=\"1024\" src=\"https:\/\/soymigrante.com\/revista\/wp-content\/uploads\/2024\/05\/Casa-de-la-Cultur-de-Guatemala-en-Los-Angeles-subsede-Mazatenango.webp\" class=\"attachment-large size-large wp-image-6736\" alt=\"Guatemalan culture emblem featuring iconic architecture and traditional symbols, promoting cultural heritage and identity.\" srcset=\"https:\/\/soymigrante.com\/revista\/wp-content\/uploads\/2024\/05\/Casa-de-la-Cultur-de-Guatemala-en-Los-Angeles-subsede-Mazatenango.webp 1024w, https:\/\/soymigrante.com\/revista\/wp-content\/uploads\/2024\/05\/Casa-de-la-Cultur-de-Guatemala-en-Los-Angeles-subsede-Mazatenango-300x300.webp 300w, https:\/\/soymigrante.com\/revista\/wp-content\/uploads\/2024\/05\/Casa-de-la-Cultur-de-Guatemala-en-Los-Angeles-subsede-Mazatenango-150x150.webp 150w, https:\/\/soymigrante.com\/revista\/wp-content\/uploads\/2024\/05\/Casa-de-la-Cultur-de-Guatemala-en-Los-Angeles-subsede-Mazatenango-768x768.webp 768w, https:\/\/soymigrante.com\/revista\/wp-content\/uploads\/2024\/05\/Casa-de-la-Cultur-de-Guatemala-en-Los-Angeles-subsede-Mazatenango-75x75.jpg 75w, https:\/\/soymigrante.com\/revista\/wp-content\/uploads\/2024\/05\/Casa-de-la-Cultur-de-Guatemala-en-Los-Angeles-subsede-Mazatenango-750x750.jpg 750w\" sizes=\"(max-width: 1024px) 100vw, 1024px\" \/>\n            <\/div>\n        <\/div><div class=\"eael-entry-wrapper\"><header class=\"eael-entry-header\"><h2 class=\"eael-entry-title\"><a class=\"eael-grid-post-link\" href=\"https:\/\/soymigrante.com\/revista\/migrantes-de-los-angeles-impulsan-casas-de-la-cultura-en-el-pais\/\" title=\"Migrantes de Los Angeles impulsan casas de la cultura en el pa\u00eds\">Migrantes de Los Angeles impulsan casas de la cultura en el pa\u00eds<\/a><\/h2><\/header><div class=\"eael-entry-content\">\n                        <div class=\"eael-grid-post-excerpt\"><a href=\"https:\/\/soymigrante.com\/revista\/migrantes-de-los-angeles-impulsan-casas-de-la-cultura-en-el-pais\/\" class=\"eael-post-elements-readmore-btn\">CONOCE SU HISTORIA <\/a><\/div>\n                    <\/div><\/div><\/div>\n        <\/div>\n    <\/article><article class=\"eael-grid-post  eael-post-grid-column eael-pg-post-1214 category-estamos-unidos\" data-id=\"1214\">\n        <div class=\"eael-grid-post-holder\">\n            <div class=\"eael-grid-post-holder-inner\"><div class=\"eael-entry-media\"><div class=\"eael-entry-overlay fade-in\"><i class=\"far fa-hand-pointer\" aria-hidden=\"true\"><\/i><a href=\"https:\/\/soymigrante.com\/revista\/super-fiesta-migrante-guatemalteca-se-celebrara-en-los-angeles\/\"><\/a><\/div><div class=\"eael-entry-thumbnail \">\n                <img loading=\"lazy\" decoding=\"async\" width=\"1024\" height=\"682\" src=\"https:\/\/soymigrante.com\/revista\/wp-content\/uploads\/2023\/06\/fiesta-guatemalteca-1024x682.jpeg\" class=\"attachment-large size-large wp-image-1226\" alt=\"\" srcset=\"https:\/\/soymigrante.com\/revista\/wp-content\/uploads\/2023\/06\/fiesta-guatemalteca-1024x682.jpeg 1024w, https:\/\/soymigrante.com\/revista\/wp-content\/uploads\/2023\/06\/fiesta-guatemalteca-300x200.webp 300w, https:\/\/soymigrante.com\/revista\/wp-content\/uploads\/2023\/06\/fiesta-guatemalteca-768x511.jpeg 768w, https:\/\/soymigrante.com\/revista\/wp-content\/uploads\/2023\/06\/fiesta-guatemalteca-1536x1022.jpeg 1536w, https:\/\/soymigrante.com\/revista\/wp-content\/uploads\/2023\/06\/fiesta-guatemalteca-2048x1363.jpeg 2048w, https:\/\/soymigrante.com\/revista\/wp-content\/uploads\/2023\/06\/fiesta-guatemalteca-750x499.webp 750w, https:\/\/soymigrante.com\/revista\/wp-content\/uploads\/2023\/06\/fiesta-guatemalteca-1140x759.jpeg 1140w, https:\/\/soymigrante.com\/revista\/wp-content\/uploads\/2023\/06\/fiesta-guatemalteca-600x400.jpeg 600w, https:\/\/soymigrante.com\/revista\/wp-content\/uploads\/2023\/06\/fiesta-guatemalteca-scaled.webp 1920w\" sizes=\"(max-width: 1024px) 100vw, 1024px\" \/>\n            <\/div>\n        <\/div><div class=\"eael-entry-wrapper\"><header class=\"eael-entry-header\"><h2 class=\"eael-entry-title\"><a class=\"eael-grid-post-link\" href=\"https:\/\/soymigrante.com\/revista\/super-fiesta-migrante-guatemalteca-se-celebrara-en-los-angeles\/\" title=\"S\u00faper fiesta migrante guatemalteca se celebrar\u00e1 en Los Angeles\">S\u00faper fiesta migrante guatemalteca se celebrar\u00e1 en Los Angeles<\/a><\/h2><\/header><div class=\"eael-entry-content\">\n                        <div class=\"eael-grid-post-excerpt\"><a href=\"https:\/\/soymigrante.com\/revista\/super-fiesta-migrante-guatemalteca-se-celebrara-en-los-angeles\/\" class=\"eael-post-elements-readmore-btn\">CONOCE SU HISTORIA <\/a><\/div>\n                    <\/div><\/div><\/div>\n        <\/div>\n    <\/article><article class=\"eael-grid-post  eael-post-grid-column eael-pg-post-774 category-exitos tags-california\" data-id=\"774\">\n        <div class=\"eael-grid-post-holder\">\n            <div class=\"eael-grid-post-holder-inner\"><div class=\"eael-entry-media\"><div class=\"eael-entry-overlay fade-in\"><i class=\"far fa-hand-pointer\" aria-hidden=\"true\"><\/i><a href=\"https:\/\/soymigrante.com\/revista\/asi-nacio-un-nucleo-de-sabor-guatemalteco-en-el-corazon-de-los-angeles\/\"><\/a><\/div><div class=\"eael-entry-thumbnail \">\n                <img loading=\"lazy\" decoding=\"async\" width=\"736\" height=\"1024\" src=\"https:\/\/soymigrante.com\/revista\/wp-content\/uploads\/2023\/03\/1-EXITOS-RESTAURANTE-PUCHICA-LA-FERNANDO-LURSSEN-1-736x1024.jpg\" class=\"attachment-large size-large wp-image-775\" alt=\"Restaurante guatemalteco P\u00fachica en Los Angeles\" srcset=\"https:\/\/soymigrante.com\/revista\/wp-content\/uploads\/2023\/03\/1-EXITOS-RESTAURANTE-PUCHICA-LA-FERNANDO-LURSSEN-1-736x1024.jpg 736w, https:\/\/soymigrante.com\/revista\/wp-content\/uploads\/2023\/03\/1-EXITOS-RESTAURANTE-PUCHICA-LA-FERNANDO-LURSSEN-1-216x300.webp 216w, https:\/\/soymigrante.com\/revista\/wp-content\/uploads\/2023\/03\/1-EXITOS-RESTAURANTE-PUCHICA-LA-FERNANDO-LURSSEN-1.webp 750w\" sizes=\"(max-width: 736px) 100vw, 736px\" \/>\n            <\/div>\n        <\/div><div class=\"eael-entry-wrapper\"><header class=\"eael-entry-header\"><h2 class=\"eael-entry-title\"><a class=\"eael-grid-post-link\" href=\"https:\/\/soymigrante.com\/revista\/asi-nacio-un-nucleo-de-sabor-guatemalteco-en-el-corazon-de-los-angeles\/\" title=\"As\u00ed naci\u00f3 el restaurante guatemalteco Puchica, un n\u00facleo de sabor chap\u00edn en el coraz\u00f3n de Los Angeles\">As\u00ed naci\u00f3 el restaurante guatemalteco Puchica, un n\u00facleo de sabor chap\u00edn en el coraz\u00f3n de Los Angeles<\/a><\/h2><\/header><div class=\"eael-entry-content\">\n                        <div class=\"eael-grid-post-excerpt\"><a href=\"https:\/\/soymigrante.com\/revista\/asi-nacio-un-nucleo-de-sabor-guatemalteco-en-el-corazon-de-los-angeles\/\" class=\"eael-post-elements-readmore-btn\">CONOCE SU HISTORIA <\/a><\/div>\n                    <\/div><\/div><\/div>\n        <\/div>\n    <\/article><\/div>\n            <div class=\"clearfix\"><\/div>\n        <\/div>\t\t\t\t<\/div>\n\t\t\t\t\t<\/div>\n\t\t\t\t<\/div>\n\t\t\t\t<\/div>\n\t\t","protected":false},"excerpt":{"rendered":"<p>Los \u00c1ngeles es una ciudad hispana con un alma llena de historias. La ciudad de Los \u00c1ngeles, California, es sin duda una de las urbes m\u00e1s ic\u00f3nicas del mundo. Pero detr\u00e1s de su fama por Hollywood, el entretenimiento y su vibrante vida urbana, hay una historia profundamente multicultural, ind\u00edgena e hispana. Su pasado como territorio [&hellip;]<\/p>\n","protected":false},"author":19,"featured_media":36375,"comment_status":"open","ping_status":"open","sticky":false,"template":"","format":"standard","meta":{"_acf_changed":false,"_eb_attr":"","footnotes":""},"categories":[54],"tags":[],"class_list":["post-36374","post","type-post","status-publish","format-standard","has-post-thumbnail","hentry","category-estamos-unidos"],"acf":[],"aioseo_notices":[],"aioseo_head":"\n\t\t<!-- All in One SEO Pro 4.9.6.2 - aioseo.com -->\n\t<meta name=\"description\" content=\"El restaurante guatemalteco P\u00fachica es ya un referente de la gastronom\u00eda popular chapina y naci\u00f3 de una conjunci\u00f3n de circunstancias, seg\u00fan cuenta su fundador, Fernando L\u00fcrsen. Hace 7 a\u00f1os, Fernando L\u00fcrssen, originario de San Francisco Zapotitl\u00e1n, Suchitep\u00e9quez, Guatemala no pensaba que los sabores y aromas de la comida cotidiana de su pa\u00eds fueran a convertirse\" \/>\n\t<meta name=\"robots\" content=\"max-snippet:-1, max-image-preview:large, max-video-preview:-1\" \/>\n\t<meta name=\"author\" content=\"SoyMigrante.com REVISTA\"\/>\n\t<link rel=\"canonical\" href=\"https:\/\/soymigrante.com\/revista\/asi-nacio-un-nucleo-de-sabor-guatemalteco-en-el-corazon-de-los-angeles\/\" \/>\n\t<meta name=\"generator\" content=\"All in One SEO Pro (AIOSEO) 4.9.6.2\" \/>\n\n\t\t<link rel=\"preconnect\" href=\"https:\/\/fonts.googleapis.com\" crossorigin>\n<link rel=\"preconnect\" href=\"https:\/\/fonts.gstatic.com\" crossorigin>\n\t\t<meta property=\"og:locale\" content=\"es_ES\" \/>\n\t\t<meta property=\"og:site_name\" content=\"SoyMigrante.com REVISTA \u2013 Nuestra misi\u00f3n es reconocer y dignificar al migrante.\" \/>\n\t\t<meta property=\"og:type\" content=\"article\" \/>\n\t\t<meta property=\"og:title\" content=\"As\u00ed naci\u00f3 el restaurante guatemalteco Puchica, un n\u00facleo de sabor chap\u00edn en el coraz\u00f3n de Los Angeles\" \/>\n\t\t<meta property=\"og:description\" content=\"El restaurante guatemalteco P\u00fachica es ya un referente de la gastronom\u00eda popular chapina y naci\u00f3 de una conjunci\u00f3n de circunstancias, seg\u00fan cuenta su fundador, Fernando L\u00fcrsen. Hace 7 a\u00f1os, Fernando L\u00fcrssen, originario de San Francisco Zapotitl\u00e1n, Suchitep\u00e9quez, Guatemala no pensaba que los sabores y aromas de la comida cotidiana de su pa\u00eds fueran a convertirse\" \/>\n\t\t<meta property=\"og:url\" content=\"https:\/\/soymigrante.com\/revista\/asi-nacio-un-nucleo-de-sabor-guatemalteco-en-el-corazon-de-los-angeles\/\" \/>\n\t\t<meta property=\"og:image\" content=\"https:\/\/soymigrante.com\/revista\/wp-content\/uploads\/2023\/03\/1-EXITOS-RESTAURANTE-PUCHICA-LA-FERNANDO-LURSSEN-1.webp\" \/>\n\t\t<meta property=\"og:image:secure_url\" content=\"https:\/\/soymigrante.com\/revista\/wp-content\/uploads\/2023\/03\/1-EXITOS-RESTAURANTE-PUCHICA-LA-FERNANDO-LURSSEN-1.webp\" \/>\n\t\t<meta property=\"og:image:width\" content=\"750\" \/>\n\t\t<meta property=\"og:image:height\" content=\"1043\" \/>\n\t\t<meta property=\"article:published_time\" content=\"2023-05-26T00:17:30+00:00\" \/>\n\t\t<meta property=\"article:modified_time\" content=\"2026-03-11T20:40:17+00:00\" \/>\n\t\t<meta property=\"article:publisher\" content=\"https:\/\/www.facebook.com\/soymigrantecom\" \/>\n\t\t<meta name=\"twitter:card\" content=\"summary_large_image\" \/>\n\t\t<meta name=\"twitter:site\" content=\"@SoyMigrante_com\" \/>\n\t\t<meta name=\"twitter:title\" content=\"As\u00ed naci\u00f3 el restaurante guatemalteco Puchica, un n\u00facleo de sabor chap\u00edn en el coraz\u00f3n de Los Angeles\" \/>\n\t\t<meta name=\"twitter:description\" content=\"El restaurante guatemalteco P\u00fachica es ya un referente de la gastronom\u00eda popular chapina y naci\u00f3 de una conjunci\u00f3n de circunstancias, seg\u00fan cuenta su fundador, Fernando L\u00fcrsen. Hace 7 a\u00f1os, Fernando L\u00fcrssen, originario de San Francisco Zapotitl\u00e1n, Suchitep\u00e9quez, Guatemala no pensaba que los sabores y aromas de la comida cotidiana de su pa\u00eds fueran a convertirse\" \/>\n\t\t<meta name=\"twitter:creator\" content=\"@SoyMigrante_com\" \/>\n\t\t<meta name=\"twitter:image\" content=\"https:\/\/soymigrante.com\/revista\/wp-content\/uploads\/2023\/03\/1-EXITOS-RESTAURANTE-PUCHICA-LA-FERNANDO-LURSSEN-1.webp\" \/>\n\t\t<!-- All in One SEO Pro -->\r\n\t\t<title>As\u00ed naci\u00f3 el restaurante guatemalteco Puchica, un n\u00facleo de sabor chap\u00edn en el coraz\u00f3n de Los Angeles<\/title>\n\n","aioseo_head_json":{"title":"As\u00ed naci\u00f3 el restaurante guatemalteco Puchica, un n\u00facleo de sabor chap\u00edn en el coraz\u00f3n de Los Angeles","description":"El restaurante guatemalteco P\u00fachica es ya un referente de la gastronom\u00eda popular chapina y naci\u00f3 de una conjunci\u00f3n de circunstancias, seg\u00fan cuenta su fundador, Fernando L\u00fcrsen. Hace 7 a\u00f1os, Fernando L\u00fcrssen, originario de San Francisco Zapotitl\u00e1n, Suchitep\u00e9quez, Guatemala no pensaba que los sabores y aromas de la comida cotidiana de su pa\u00eds fueran a convertirse","canonical_url":"https:\/\/soymigrante.com\/revista\/asi-nacio-un-nucleo-de-sabor-guatemalteco-en-el-corazon-de-los-angeles\/","robots":"max-snippet:-1, max-image-preview:large, max-video-preview:-1","keywords":"","webmasterTools":{"miscellaneous":"&lt;link rel=\"preconnect\" href=\"https:\/\/fonts.googleapis.com\" crossorigin&gt;\n&lt;link rel=\"preconnect\" href=\"https:\/\/fonts.gstatic.com\" crossorigin&gt;"},"schema":null,"og:locale":"es_ES","og:site_name":"SoyMigrante.com REVISTA \u2013 Nuestra misi\u00f3n es reconocer y dignificar al migrante.","og:type":"article","og:title":"As\u00ed naci\u00f3 el restaurante guatemalteco Puchica, un n\u00facleo de sabor chap\u00edn en el coraz\u00f3n de Los Angeles","og:description":"El restaurante guatemalteco P\u00fachica es ya un referente de la gastronom\u00eda popular chapina y naci\u00f3 de una conjunci\u00f3n de circunstancias, seg\u00fan cuenta su fundador, Fernando L\u00fcrsen. Hace 7 a\u00f1os, Fernando L\u00fcrssen, originario de San Francisco Zapotitl\u00e1n, Suchitep\u00e9quez, Guatemala no pensaba que los sabores y aromas de la comida cotidiana de su pa\u00eds fueran a convertirse","og:url":"https:\/\/soymigrante.com\/revista\/asi-nacio-un-nucleo-de-sabor-guatemalteco-en-el-corazon-de-los-angeles\/","og:image":"https:\/\/soymigrante.com\/revista\/wp-content\/uploads\/2023\/03\/1-EXITOS-RESTAURANTE-PUCHICA-LA-FERNANDO-LURSSEN-1.webp","og:image:secure_url":"https:\/\/soymigrante.com\/revista\/wp-content\/uploads\/2023\/03\/1-EXITOS-RESTAURANTE-PUCHICA-LA-FERNANDO-LURSSEN-1.webp","og:image:width":750,"og:image:height":1043,"article:published_time":"2023-05-26T00:17:30+00:00","article:modified_time":"2026-03-11T20:40:17+00:00","article:publisher":"https:\/\/www.facebook.com\/soymigrantecom","twitter:card":"summary_large_image","twitter:site":"@SoyMigrante_com","twitter:title":"As\u00ed naci\u00f3 el restaurante guatemalteco Puchica, un n\u00facleo de sabor chap\u00edn en el coraz\u00f3n de Los Angeles","twitter:description":"El restaurante guatemalteco P\u00fachica es ya un referente de la gastronom\u00eda popular chapina y naci\u00f3 de una conjunci\u00f3n de circunstancias, seg\u00fan cuenta su fundador, Fernando L\u00fcrsen. Hace 7 a\u00f1os, Fernando L\u00fcrssen, originario de San Francisco Zapotitl\u00e1n, Suchitep\u00e9quez, Guatemala no pensaba que los sabores y aromas de la comida cotidiana de su pa\u00eds fueran a convertirse","twitter:creator":"@SoyMigrante_com","twitter:image":"https:\/\/soymigrante.com\/revista\/wp-content\/uploads\/2023\/03\/1-EXITOS-RESTAURANTE-PUCHICA-LA-FERNANDO-LURSSEN-1.webp"},"aioseo_meta_data":{"post_id":"36374","title":null,"description":"Los \u00c1ngeles es una ciudad hispana con un alma llena de historias.","keywords":null,"keyphrases":{"focus":{"keyphrase":"Los \u00c1ngeles","score":100,"analysis":{"keyphraseInTitle":{"score":9,"maxScore":9,"error":0},"keyphraseInDescription":{"score":9,"maxScore":9,"error":0},"keyphraseLength":{"score":9,"maxScore":9,"error":0,"length":2},"keyphraseInURL":{"score":5,"maxScore":5,"error":0},"keyphraseInIntroduction":{"score":9,"maxScore":9,"error":0},"keyphraseInSubHeadings":{"score":9,"maxScore":9,"error":0},"keyphraseInImageAlt":{"score":9,"maxScore":9,"error":0},"keywordDensity":{"type":"best","score":9,"maxScore":9,"error":0}}},"additional":[{"keyphrase":"Los \u00c1ngeles","score":100,"analysis":{"keyphraseInDescription":{"score":9,"maxScore":9,"error":0},"keyphraseLength":{"score":9,"maxScore":9,"error":0,"length":2},"keyphraseInIntroduction":{"score":9,"maxScore":9,"error":0},"keyphraseInImageAlt":{"score":9,"maxScore":9,"error":0},"keywordDensity":{"type":"best","score":9,"maxScore":9,"error":0}}}]},"primary_term":null,"canonical_url":null,"og_title":null,"og_description":null,"og_object_type":"default","og_image_type":"default","og_image_url":null,"og_image_width":null,"og_image_height":null,"og_image_custom_url":null,"og_image_custom_fields":null,"og_video":"","og_custom_url":null,"og_article_section":null,"og_article_tags":null,"twitter_use_og":false,"twitter_card":"default","twitter_image_type":"default","twitter_image_url":null,"twitter_image_custom_url":null,"twitter_image_custom_fields":null,"twitter_title":null,"twitter_description":null,"schema":{"blockGraphs":[],"customGraphs":[],"default":{"data":{"Article":[],"Course":[],"Dataset":[],"FAQPage":[],"Movie":[],"Person":[],"Product":[],"ProductReview":[],"Car":[],"Recipe":[],"Service":[],"SoftwareApplication":[],"WebPage":[]},"graphName":"none","isEnabled":true},"graphs":[]},"schema_type":"default","schema_type_options":null,"pillar_content":false,"robots_default":true,"robots_noindex":false,"robots_noarchive":false,"robots_nosnippet":false,"robots_nofollow":false,"robots_noimageindex":false,"robots_noodp":false,"robots_notranslate":false,"robots_max_snippet":"-1","robots_max_videopreview":"-1","robots_max_imagepreview":"large","priority":null,"frequency":"default","local_seo":null,"seo_analyzer_scan_date":"2025-10-09 05:57:52","breadcrumb_settings":null,"limit_modified_date":false,"reviewed_by":"0","open_ai":"{\"title\":{\"suggestions\":[],\"usage\":0},\"description\":{\"suggestions\":[],\"usage\":0}}","ai":null,"created":"2025-06-16 20:00:04","updated":"2026-02-05 01:15:27"},"aioseo_breadcrumb":"<div class=\"aioseo-breadcrumbs\"><span class=\"aioseo-breadcrumb\">\n\t<a href=\"https:\/\/soymigrante.com\/revista\" title=\"Home\">Home<\/a>\n<\/span><span class=\"aioseo-breadcrumb-separator\">\u00bb<\/span><span class=\"aioseo-breadcrumb\">\n\t<a href=\"https:\/\/soymigrante.com\/revista\/category\/estamos-unidos\/\" title=\"Estamos Unidos\">Estamos Unidos<\/a>\n<\/span><span class=\"aioseo-breadcrumb-separator\">\u00bb<\/span><span class=\"aioseo-breadcrumb\">\n\tLos \u00c1ngeles naci\u00f3 con alma hispana: 10 datos y an\u00e9cdotas sobre su historia\n<\/span><\/div>","aioseo_breadcrumb_json":[{"label":"Home","link":"https:\/\/soymigrante.com\/revista"},{"label":"Estamos Unidos","link":"https:\/\/soymigrante.com\/revista\/category\/estamos-unidos\/"},{"label":"Los \u00c1ngeles naci\u00f3 con alma hispana: 10 datos y an\u00e9cdotas sobre su historia","link":"https:\/\/soymigrante.com\/revista\/los-angeles-nacio-con-alma-hispana-10-datos-y-anecdotas-sobre-su-historia\/"}],"_links":{"self":[{"href":"https:\/\/soymigrante.com\/revista\/wp-json\/wp\/v2\/posts\/36374","targetHints":{"allow":["GET"]}}],"collection":[{"href":"https:\/\/soymigrante.com\/revista\/wp-json\/wp\/v2\/posts"}],"about":[{"href":"https:\/\/soymigrante.com\/revista\/wp-json\/wp\/v2\/types\/post"}],"author":[{"embeddable":true,"href":"https:\/\/soymigrante.com\/revista\/wp-json\/wp\/v2\/users\/19"}],"replies":[{"embeddable":true,"href":"https:\/\/soymigrante.com\/revista\/wp-json\/wp\/v2\/comments?post=36374"}],"version-history":[{"count":8,"href":"https:\/\/soymigrante.com\/revista\/wp-json\/wp\/v2\/posts\/36374\/revisions"}],"predecessor-version":[{"id":36526,"href":"https:\/\/soymigrante.com\/revista\/wp-json\/wp\/v2\/posts\/36374\/revisions\/36526"}],"wp:featuredmedia":[{"embeddable":true,"href":"https:\/\/soymigrante.com\/revista\/wp-json\/wp\/v2\/media\/36375"}],"wp:attachment":[{"href":"https:\/\/soymigrante.com\/revista\/wp-json\/wp\/v2\/media?parent=36374"}],"wp:term":[{"taxonomy":"category","embeddable":true,"href":"https:\/\/soymigrante.com\/revista\/wp-json\/wp\/v2\/categories?post=36374"},{"taxonomy":"post_tag","embeddable":true,"href":"https:\/\/soymigrante.com\/revista\/wp-json\/wp\/v2\/tags?post=36374"}],"curies":[{"name":"wp","href":"https:\/\/api.w.org\/{rel}","templated":true}]}}