{"id":36358,"date":"2025-06-17T04:00:00","date_gmt":"2025-06-17T10:00:00","guid":{"rendered":"https:\/\/soymigrante.com\/revista\/?p=36358"},"modified":"2025-06-16T20:49:52","modified_gmt":"2025-06-17T02:49:52","slug":"el-dia-del-padre-se-celebra-menos-que-el-dia-de-la-madre-una-respuesta-con-datos","status":"publish","type":"post","link":"https:\/\/soymigrante.com\/revista\/el-dia-del-padre-se-celebra-menos-que-el-dia-de-la-madre-una-respuesta-con-datos\/","title":{"rendered":"\u00bfEl D\u00eda del Padre se celebra menos que el D\u00eda de la Madre? Una respuesta con datos"},"content":{"rendered":"\t\t<div data-elementor-type=\"wp-post\" data-elementor-id=\"36358\" class=\"elementor elementor-36358\" data-elementor-post-type=\"post\">\n\t\t\t\t<div data-particle_enable=\"false\" data-particle-mobile-disabled=\"false\" class=\"elementor-element elementor-element-83d7669 e-flex e-con-boxed e-con e-parent\" data-id=\"83d7669\" data-element_type=\"container\" data-e-type=\"container\">\n\t\t\t\t\t<div class=\"e-con-inner\">\n\t\t\t\t<div class=\"elementor-element elementor-element-e76b109 elementor-widget elementor-widget-heading\" data-id=\"e76b109\" data-element_type=\"widget\" data-e-type=\"widget\" data-widget_type=\"heading.default\">\n\t\t\t\t\t<h2 class=\"elementor-heading-title elementor-size-default\">El d\u00eda del Padre deber\u00eda celebrarse como el D\u00eda de la Madre, pero este an\u00e1lisis de datos explica algunos detalles. \n<\/h2>\t\t\t\t<\/div>\n\t\t\t\t\t<\/div>\n\t\t\t\t<\/div>\n\t\t<div data-particle_enable=\"false\" data-particle-mobile-disabled=\"false\" class=\"elementor-element elementor-element-d01dcdf e-flex e-con-boxed e-con e-parent\" data-id=\"d01dcdf\" data-element_type=\"container\" data-e-type=\"container\">\n\t\t\t\t\t<div class=\"e-con-inner\">\n\t\t\t\t<div class=\"elementor-element elementor-element-4d536eb elementor-widget elementor-widget-text-editor\" data-id=\"4d536eb\" data-element_type=\"widget\" data-e-type=\"widget\" data-widget_type=\"text-editor.default\">\n\t\t\t\t\t\t\t\t\t<p>El D\u00eda del Padre, aunque significativo, <a href=\"https:\/\/soymigrante.com\/revista\/feliz-dia-del-padre-migrantes-recuerdan-sabios-consejos-de-papa\/\" target=\"_blank\" rel=\"noopener\">no genera el mismo nivel de celebraci\u00f3n ni de gasto que el D\u00eda de la Madre.<\/a><\/p><p>Esta diferencia no es solo una percepci\u00f3n, sino una realidad respaldada por datos y estudios que evidencian factores culturales, econ\u00f3micos y sociales que influyen en esta disparidad.<\/p>\t\t\t\t\t\t\t\t<\/div>\n\t\t\t\t\t<\/div>\n\t\t\t\t<\/div>\n\t\t<div data-particle_enable=\"false\" data-particle-mobile-disabled=\"false\" class=\"elementor-element elementor-element-55d27cc e-flex e-con-boxed e-con e-parent\" data-id=\"55d27cc\" data-element_type=\"container\" data-e-type=\"container\">\n\t\t\t\t\t<div class=\"e-con-inner\">\n\t\t\t\t<div class=\"elementor-element elementor-element-0657855 elementor-widget elementor-widget-heading\" data-id=\"0657855\" data-element_type=\"widget\" data-e-type=\"widget\" data-widget_type=\"heading.default\">\n\t\t\t\t\t<h3 class=\"elementor-heading-title elementor-size-default\">1. Diferencias en el gasto promedio<\/h3>\t\t\t\t<\/div>\n\t\t\t\t\t<\/div>\n\t\t\t\t<\/div>\n\t\t<div data-particle_enable=\"false\" data-particle-mobile-disabled=\"false\" class=\"elementor-element elementor-element-491ad2e e-flex e-con-boxed e-con e-parent\" data-id=\"491ad2e\" data-element_type=\"container\" data-e-type=\"container\">\n\t\t\t\t\t<div class=\"e-con-inner\">\n\t\t\t\t<div class=\"elementor-element elementor-element-26bbe60 elementor-widget elementor-widget-text-editor\" data-id=\"26bbe60\" data-element_type=\"widget\" data-e-type=\"widget\" data-widget_type=\"text-editor.default\">\n\t\t\t\t\t\t\t\t\t<p><a href=\"https:\/\/soymigrante.com\/revista\/feliz-dia-del-padre-migrantes-recuerdan-sabios-consejos-de-papa\/\" target=\"_blank\" rel=\"noopener\">Diversos estudios han mostrado que el gasto promedio en regalos<\/a> para el D\u00eda de la Madre supera al del D\u00eda del Padre. Por ejemplo:<\/p><p>En Estados Unidos, seg\u00fan la Federaci\u00f3n Nacional de Minoristas (NRF), en 2021 se estim\u00f3 que cada persona gastar\u00eda un promedio de $220 en regalos para el D\u00eda de la Madre, mientras que para el D\u00eda del Padre la cifra fue de $174, lo que representa una diferencia de casi el 40% (telemundo62.com).<\/p><p>En el Reino Unido, la Asociaci\u00f3n de Tarjetas del Reino Unido report\u00f3 que en 2016, el gasto promedio en tarjetas para el D\u00eda de la Madre fue de $2.66, mientras que para el D\u00eda del Padre fue de $2.36 (bbc.com).<\/p>\t\t\t\t\t\t\t\t<\/div>\n\t\t\t\t\t<\/div>\n\t\t\t\t<\/div>\n\t\t<div data-particle_enable=\"false\" data-particle-mobile-disabled=\"false\" class=\"elementor-element elementor-element-864c8ac e-flex e-con-boxed e-con e-parent\" data-id=\"864c8ac\" data-element_type=\"container\" data-e-type=\"container\">\n\t\t\t\t\t<div class=\"e-con-inner\">\n\t\t\t\t<div class=\"elementor-element elementor-element-ea7d5c8 elementor-grid-eael-col-1 elementor-grid-tablet-eael-col-2 elementor-grid-mobile-eael-col-1 elementor-invisible elementor-widget elementor-widget-eael-post-grid\" data-id=\"ea7d5c8\" data-element_type=\"widget\" data-e-type=\"widget\" data-settings=\"{&quot;eael_post_grid_columns&quot;:&quot;eael-col-1&quot;,&quot;_animation&quot;:&quot;rollIn&quot;,&quot;eael_post_grid_columns_tablet&quot;:&quot;eael-col-2&quot;,&quot;eael_post_grid_columns_mobile&quot;:&quot;eael-col-1&quot;}\" data-widget_type=\"eael-post-grid.default\">\n\t\t\t\t\t<div id=\"eael-post-grid-ea7d5c8\" class=\"eael-post-grid-container\">\n            <div class=\"eael-post-grid eael-post-appender eael-post-appender-ea7d5c8 eael-post-grid-style-one\" data-layout-mode=\"masonry\"><article class=\"eael-grid-post  eael-post-grid-column eael-pg-post-1289 category-bienestar tags-en-familia\" data-id=\"1289\">\n        <div class=\"eael-grid-post-holder\">\n            <div class=\"eael-grid-post-holder-inner\"><div class=\"eael-entry-media\"><div class=\"eael-entry-overlay fade-in\"><i class=\"far fa-hand-pointer\" aria-hidden=\"true\"><\/i><a href=\"https:\/\/soymigrante.com\/revista\/autoridad-de-ambos-padres-psicologia\/\"><\/a><\/div><div class=\"eael-entry-thumbnail \">\n                <img fetchpriority=\"high\" decoding=\"async\" width=\"1024\" height=\"707\" src=\"https:\/\/soymigrante.com\/revista\/wp-content\/uploads\/2023\/06\/20221108_123554-1024x707.jpg\" class=\"attachment-large size-large wp-image-1291\" alt=\"\" srcset=\"https:\/\/soymigrante.com\/revista\/wp-content\/uploads\/2023\/06\/20221108_123554-1024x707.jpg 1024w, https:\/\/soymigrante.com\/revista\/wp-content\/uploads\/2023\/06\/20221108_123554-300x207.webp 300w, https:\/\/soymigrante.com\/revista\/wp-content\/uploads\/2023\/06\/20221108_123554-768x531.jpg 768w, https:\/\/soymigrante.com\/revista\/wp-content\/uploads\/2023\/06\/20221108_123554-1536x1061.jpg 1536w, https:\/\/soymigrante.com\/revista\/wp-content\/uploads\/2023\/06\/20221108_123554-2048x1415.jpg 2048w, https:\/\/soymigrante.com\/revista\/wp-content\/uploads\/2023\/06\/20221108_123554-750x518.webp 750w, https:\/\/soymigrante.com\/revista\/wp-content\/uploads\/2023\/06\/20221108_123554-1140x787.jpg 1140w, https:\/\/soymigrante.com\/revista\/wp-content\/uploads\/2023\/06\/20221108_123554.webp 1920w\" sizes=\"(max-width: 1024px) 100vw, 1024px\" \/>\n            <\/div>\n        <\/div><div class=\"eael-entry-wrapper\"><header class=\"eael-entry-header\"><h2 class=\"eael-entry-title\"><a class=\"eael-grid-post-link\" href=\"https:\/\/soymigrante.com\/revista\/autoridad-de-ambos-padres-psicologia\/\" title=\"\u00bfC\u00f3mo pueden los padres ejercer m\u00e1s eficientemente su autoridad?\">\u00bfC\u00f3mo pueden los padres ejercer m\u00e1s eficientemente su autoridad?<\/a><\/h2><\/header><div class=\"eael-entry-content\">\n                        <div class=\"eael-grid-post-excerpt\"><a href=\"https:\/\/soymigrante.com\/revista\/autoridad-de-ambos-padres-psicologia\/\" class=\"eael-post-elements-readmore-btn\">CONOCE SU HISTORIA <\/a><\/div>\n                    <\/div><\/div><\/div>\n        <\/div>\n    <\/article><\/div>\n            <div class=\"clearfix\"><\/div>\n        <\/div>\t\t\t\t<\/div>\n\t\t\t\t\t<\/div>\n\t\t\t\t<\/div>\n\t\t<div data-particle_enable=\"false\" data-particle-mobile-disabled=\"false\" class=\"elementor-element elementor-element-1e62234 e-flex e-con-boxed e-con e-parent\" data-id=\"1e62234\" data-element_type=\"container\" data-e-type=\"container\">\n\t\t\t\t\t<div class=\"e-con-inner\">\n\t\t\t\t<div class=\"elementor-element elementor-element-824da5a elementor-widget elementor-widget-heading\" data-id=\"824da5a\" data-element_type=\"widget\" data-e-type=\"widget\" data-widget_type=\"heading.default\">\n\t\t\t\t\t<h3 class=\"elementor-heading-title elementor-size-default\">2. Mayor presencia de madres en los hogares<\/h3>\t\t\t\t<\/div>\n\t\t\t\t\t<\/div>\n\t\t\t\t<\/div>\n\t\t<div data-particle_enable=\"false\" data-particle-mobile-disabled=\"false\" class=\"elementor-element elementor-element-a96d7bc e-flex e-con-boxed e-con e-parent\" data-id=\"a96d7bc\" data-element_type=\"container\" data-e-type=\"container\">\n\t\t\t\t\t<div class=\"e-con-inner\">\n\t\t\t\t<div class=\"elementor-element elementor-element-4657457 elementor-widget elementor-widget-text-editor\" data-id=\"4657457\" data-element_type=\"widget\" data-e-type=\"widget\" data-widget_type=\"text-editor.default\">\n\t\t\t\t\t\t\t\t\t<p>La estructura familiar tambi\u00e9n influye en la celebraci\u00f3n de estas fechas. En M\u00e9xico, por ejemplo, el 33% de los hogares son encabezados por mujeres, lo que representa un incremento del 67% en trece a\u00f1os (infobae.com).<\/p><p>Esta mayor presencia de madres como figuras centrales en el hogar contribuye a que el <a href=\"https:\/\/soymigrante.com\/revista\/feliz-dia-del-padre-migrantes-recuerdan-sabios-consejos-de-papa\/\" target=\"_blank\" rel=\"noopener\">D\u00eda de la Madre sea una celebraci\u00f3n m\u00e1s arraigada y significativa.<\/a><\/p>\t\t\t\t\t\t\t\t<\/div>\n\t\t\t\t\t<\/div>\n\t\t\t\t<\/div>\n\t\t<div data-particle_enable=\"false\" data-particle-mobile-disabled=\"false\" class=\"elementor-element elementor-element-aa7b3fe e-flex e-con-boxed e-con e-parent\" data-id=\"aa7b3fe\" data-element_type=\"container\" data-e-type=\"container\">\n\t\t\t\t\t<div class=\"e-con-inner\">\n\t\t\t\t<div class=\"elementor-element elementor-element-5d3f746 elementor-widget elementor-widget-heading\" data-id=\"5d3f746\" data-element_type=\"widget\" data-e-type=\"widget\" data-widget_type=\"heading.default\">\n\t\t\t\t\t<h3 class=\"elementor-heading-title elementor-size-default\">3. Diferencias en la percepci\u00f3n y roles de g\u00e9nero<\/h3>\t\t\t\t<\/div>\n\t\t\t\t\t<\/div>\n\t\t\t\t<\/div>\n\t\t<div data-particle_enable=\"false\" data-particle-mobile-disabled=\"false\" class=\"elementor-element elementor-element-a8cda1f e-flex e-con-boxed e-con e-parent\" data-id=\"a8cda1f\" data-element_type=\"container\" data-e-type=\"container\">\n\t\t\t\t\t<div class=\"e-con-inner\">\n\t\t\t\t<div class=\"elementor-element elementor-element-9fbccbf elementor-widget elementor-widget-text-editor\" data-id=\"9fbccbf\" data-element_type=\"widget\" data-e-type=\"widget\" data-widget_type=\"text-editor.default\">\n\t\t\t\t\t\t\t\t\t<p>Las expectativas sociales y culturales tambi\u00e9n juegan un papel crucial. Tradicionalmente, las madres han sido vistas como las principales cuidadoras y responsables emocionales del hogar, lo que ha reforzado la importancia del D\u00eda de la Madre. <a href=\"https:\/\/soymigrante.com\/revista\/feliz-dia-del-padre-migrantes-recuerdan-sabios-consejos-de-papa\/\" target=\"_blank\" rel=\"noopener\">En cambio, el rol del padre ha sido m\u00e1s asociado con el proveedor econ\u00f3mico,<\/a> lo que puede llevar a una menor expresi\u00f3n emocional en su celebraci\u00f3n.<\/p>\t\t\t\t\t\t\t\t<\/div>\n\t\t\t\t\t<\/div>\n\t\t\t\t<\/div>\n\t\t<div data-particle_enable=\"false\" data-particle-mobile-disabled=\"false\" class=\"elementor-element elementor-element-1350298 e-flex e-con-boxed e-con e-parent\" data-id=\"1350298\" data-element_type=\"container\" data-e-type=\"container\">\n\t\t\t\t\t<div class=\"e-con-inner\">\n\t\t\t\t<div class=\"elementor-element elementor-element-e33dc08 elementor-grid-eael-col-1 elementor-grid-tablet-eael-col-2 elementor-grid-mobile-eael-col-1 elementor-invisible elementor-widget elementor-widget-eael-post-grid\" data-id=\"e33dc08\" data-element_type=\"widget\" data-e-type=\"widget\" data-settings=\"{&quot;eael_post_grid_columns&quot;:&quot;eael-col-1&quot;,&quot;_animation&quot;:&quot;rollIn&quot;,&quot;eael_post_grid_columns_tablet&quot;:&quot;eael-col-2&quot;,&quot;eael_post_grid_columns_mobile&quot;:&quot;eael-col-1&quot;}\" data-widget_type=\"eael-post-grid.default\">\n\t\t\t\t\t<div id=\"eael-post-grid-e33dc08\" class=\"eael-post-grid-container\">\n            <div class=\"eael-post-grid eael-post-appender eael-post-appender-e33dc08 eael-post-grid-style-one\" data-layout-mode=\"masonry\"><article class=\"eael-grid-post  eael-post-grid-column eael-pg-post-26934 category-en-familia tags-en-familia\" data-id=\"26934\">\n        <div class=\"eael-grid-post-holder\">\n            <div class=\"eael-grid-post-holder-inner\"><div class=\"eael-entry-media\"><div class=\"eael-entry-overlay fade-in\"><i class=\"far fa-hand-pointer\" aria-hidden=\"true\"><\/i><a href=\"https:\/\/soymigrante.com\/revista\/acuerdos-entre-padres-e-hijos-son-lo-mas-inteligente-para-fortalecer-la-familia\/\"><\/a><\/div><div class=\"eael-entry-thumbnail \">\n                <img decoding=\"async\" width=\"1024\" height=\"1024\" src=\"https:\/\/soymigrante.com\/revista\/wp-content\/uploads\/2025\/03\/Acuerdos-entre-padres-e-hijos-para-fortalecer-la-relacio\u0301n-2-scaled-e1741126493868-1024x1024.webp\" class=\"attachment-large size-large wp-image-26935\" alt=\"Acuerdos entre padres e hijos para fortalecer la relaci\u00f3n\" srcset=\"https:\/\/soymigrante.com\/revista\/wp-content\/uploads\/2025\/03\/Acuerdos-entre-padres-e-hijos-para-fortalecer-la-relacio\u0301n-2-scaled-e1741126493868-1024x1024.webp 1024w, https:\/\/soymigrante.com\/revista\/wp-content\/uploads\/2025\/03\/Acuerdos-entre-padres-e-hijos-para-fortalecer-la-relacio\u0301n-2-scaled-e1741126493868-300x300.webp 300w, https:\/\/soymigrante.com\/revista\/wp-content\/uploads\/2025\/03\/Acuerdos-entre-padres-e-hijos-para-fortalecer-la-relacio\u0301n-2-scaled-e1741126493868-150x150.webp 150w, https:\/\/soymigrante.com\/revista\/wp-content\/uploads\/2025\/03\/Acuerdos-entre-padres-e-hijos-para-fortalecer-la-relacio\u0301n-2-scaled-e1741126493868-768x768.webp 768w, https:\/\/soymigrante.com\/revista\/wp-content\/uploads\/2025\/03\/Acuerdos-entre-padres-e-hijos-para-fortalecer-la-relacio\u0301n-2-scaled-e1741126493868-75x75.webp 75w, https:\/\/soymigrante.com\/revista\/wp-content\/uploads\/2025\/03\/Acuerdos-entre-padres-e-hijos-para-fortalecer-la-relacio\u0301n-2-scaled-e1741126493868-750x750.webp 750w, https:\/\/soymigrante.com\/revista\/wp-content\/uploads\/2025\/03\/Acuerdos-entre-padres-e-hijos-para-fortalecer-la-relacio\u0301n-2-scaled-e1741126493868-1140x1140.webp 1140w, https:\/\/soymigrante.com\/revista\/wp-content\/uploads\/2025\/03\/Acuerdos-entre-padres-e-hijos-para-fortalecer-la-relacio\u0301n-2-scaled-e1741126493868.webp 1437w\" sizes=\"(max-width: 1024px) 100vw, 1024px\" \/>\n            <\/div>\n        <\/div><div class=\"eael-entry-wrapper\"><header class=\"eael-entry-header\"><h2 class=\"eael-entry-title\"><a class=\"eael-grid-post-link\" href=\"https:\/\/soymigrante.com\/revista\/acuerdos-entre-padres-e-hijos-son-lo-mas-inteligente-para-fortalecer-la-familia\/\" title=\"Acuerdos entre padres e hijos son lo m\u00e1s inteligente para fortalecer la familia\">Acuerdos entre padres e hijos son lo m\u00e1s inteligente para fortalecer la familia<\/a><\/h2><\/header><div class=\"eael-entry-content\">\n                        <div class=\"eael-grid-post-excerpt\"><a href=\"https:\/\/soymigrante.com\/revista\/acuerdos-entre-padres-e-hijos-son-lo-mas-inteligente-para-fortalecer-la-familia\/\" class=\"eael-post-elements-readmore-btn\">CONOCE SU HISTORIA <\/a><\/div>\n                    <\/div><\/div><\/div>\n        <\/div>\n    <\/article><\/div>\n            <div class=\"clearfix\"><\/div>\n        <\/div>\t\t\t\t<\/div>\n\t\t\t\t\t<\/div>\n\t\t\t\t<\/div>\n\t\t<div data-particle_enable=\"false\" data-particle-mobile-disabled=\"false\" class=\"elementor-element elementor-element-9b0408e e-flex e-con-boxed e-con e-parent\" data-id=\"9b0408e\" data-element_type=\"container\" data-e-type=\"container\">\n\t\t\t\t\t<div class=\"e-con-inner\">\n\t\t\t\t<div class=\"elementor-element elementor-element-7d8752a elementor-widget elementor-widget-heading\" data-id=\"7d8752a\" data-element_type=\"widget\" data-e-type=\"widget\" data-widget_type=\"heading.default\">\n\t\t\t\t\t<h3 class=\"elementor-heading-title elementor-size-default\">4. Tendencias de consumo y marketing<\/h3>\t\t\t\t<\/div>\n\t\t\t\t\t<\/div>\n\t\t\t\t<\/div>\n\t\t<div data-particle_enable=\"false\" data-particle-mobile-disabled=\"false\" class=\"elementor-element elementor-element-3d0587d e-flex e-con-boxed e-con e-parent\" data-id=\"3d0587d\" data-element_type=\"container\" data-e-type=\"container\">\n\t\t\t\t\t<div class=\"e-con-inner\">\n\t\t\t\t<div class=\"elementor-element elementor-element-6d37595 elementor-widget elementor-widget-text-editor\" data-id=\"6d37595\" data-element_type=\"widget\" data-e-type=\"widget\" data-widget_type=\"text-editor.default\">\n\t\t\t\t\t\t\t\t\t<p>El marketing y la publicidad tambi\u00e9n han influido en esta disparidad. Las campa\u00f1as comerciales suelen enfocarse m\u00e1s en el D\u00eda de la Madre, aprovechando la oportunidad para promover productos relacionados con el cuidado personal, flores, joyer\u00eda y otros regalos asociados a la figura materna. Aunque en los \u00faltimos a\u00f1os ha habido un aumento en la promoci\u00f3n del D\u00eda del Padre, la diferencia en el enfoque comercial persiste.<\/p>\t\t\t\t\t\t\t\t<\/div>\n\t\t\t\t\t<\/div>\n\t\t\t\t<\/div>\n\t\t<div data-particle_enable=\"false\" data-particle-mobile-disabled=\"false\" class=\"elementor-element elementor-element-10aabbb e-flex e-con-boxed e-con e-parent\" data-id=\"10aabbb\" data-element_type=\"container\" data-e-type=\"container\">\n\t\t\t\t\t<div class=\"e-con-inner\">\n\t\t\t\t<div class=\"elementor-element elementor-element-5cb9f7b elementor-widget elementor-widget-heading\" data-id=\"5cb9f7b\" data-element_type=\"widget\" data-e-type=\"widget\" data-widget_type=\"heading.default\">\n\t\t\t\t\t<h3 class=\"elementor-heading-title elementor-size-default\">5. Paternidad irresponsable y su impacto en la celebraci\u00f3n<\/h3>\t\t\t\t<\/div>\n\t\t\t\t\t<\/div>\n\t\t\t\t<\/div>\n\t\t<div data-particle_enable=\"false\" data-particle-mobile-disabled=\"false\" class=\"elementor-element elementor-element-0fad6e8 e-flex e-con-boxed e-con e-parent\" data-id=\"0fad6e8\" data-element_type=\"container\" data-e-type=\"container\">\n\t\t\t\t\t<div class=\"e-con-inner\">\n\t\t\t\t<div class=\"elementor-element elementor-element-358f430 elementor-widget elementor-widget-text-editor\" data-id=\"358f430\" data-element_type=\"widget\" data-e-type=\"widget\" data-widget_type=\"text-editor.default\">\n\t\t\t\t\t\t\t\t\t<p><a href=\"https:\/\/soymigrante.com\/revista\/feliz-dia-del-padre-migrantes-recuerdan-sabios-consejos-de-papa\/\" target=\"_blank\" rel=\"noopener\">La ausencia de padres responsables es una realidad documentada en Am\u00e9rica Latina.<\/a> En M\u00e9xico, por ejemplo, el 41% de los hogares carecen de una figura paterna presente, lo que afecta directamente la celebraci\u00f3n del D\u00eda del Padre en muchas familias (infobae.com).<\/p><p>En El Salvador, el 37% de la ni\u00f1ez de hasta 17 a\u00f1os vive sin uno o ambos padres, seg\u00fan la Encuesta de Hogares de Prop\u00f3sitos M\u00faltiples de 2022 (laprensagrafica.com).<\/p><p>Estos datos reflejan una tendencia regional donde la figura paterna est\u00e1 ausente en una proporci\u00f3n significativa de hogares, lo que disminuye la relevancia y la celebraci\u00f3n del D\u00eda del Padre.<\/p>\t\t\t\t\t\t\t\t<\/div>\n\t\t\t\t\t<\/div>\n\t\t\t\t<\/div>\n\t\t<div data-particle_enable=\"false\" data-particle-mobile-disabled=\"false\" class=\"elementor-element elementor-element-c9de995 e-flex e-con-boxed e-con e-parent\" data-id=\"c9de995\" data-element_type=\"container\" data-e-type=\"container\">\n\t\t\t\t\t<div class=\"e-con-inner\">\n\t\t\t\t<div class=\"elementor-element elementor-element-23722ff elementor-widget elementor-widget-text-editor\" data-id=\"23722ff\" data-element_type=\"widget\" data-e-type=\"widget\" data-widget_type=\"text-editor.default\">\n\t\t\t\t\t\t\t\t\t<p>La menor celebraci\u00f3n del D\u00eda del Padre en comparaci\u00f3n con el D\u00eda de la Madre es un fen\u00f3meno multifac\u00e9tico respaldado por datos y estudios. <a href=\"https:\/\/soymigrante.com\/revista\/feliz-dia-del-padre-migrantes-recuerdan-sabios-consejos-de-papa\/\" target=\"_blank\" rel=\"noopener\">Factores como el mayor gasto en regalos, la estructura familiar, las percepciones de g\u00e9nero, las estrategias de marketing y la ausencia de padres responsables contribuyen a esta disparidad.<\/a> Reconocer estos elementos es esencial para comprender las din\u00e1micas sociales que influyen en la celebraci\u00f3n de estas fechas.<\/p>\t\t\t\t\t\t\t\t<\/div>\n\t\t\t\t\t<\/div>\n\t\t\t\t<\/div>\n\t\t<div data-particle_enable=\"false\" data-particle-mobile-disabled=\"false\" class=\"elementor-element elementor-element-f8d44a5 e-flex e-con-boxed e-con e-parent\" data-id=\"f8d44a5\" data-element_type=\"container\" data-e-type=\"container\">\n\t\t\t\t\t<div class=\"e-con-inner\">\n\t\t\t\t<div class=\"elementor-element elementor-element-f6e092c elementor-widget elementor-widget-heading\" data-id=\"f6e092c\" data-element_type=\"widget\" data-e-type=\"widget\" data-widget_type=\"heading.default\">\n\t\t\t\t\t<h2 class=\"elementor-heading-title elementor-size-default\">Conoce estos temas que te pueden interesar...<\/h2>\t\t\t\t<\/div>\n\t\t\t\t\t<\/div>\n\t\t\t\t<\/div>\n\t\t<div data-particle_enable=\"false\" data-particle-mobile-disabled=\"false\" class=\"elementor-element elementor-element-2562977 e-flex e-con-boxed e-con e-parent\" data-id=\"2562977\" data-element_type=\"container\" data-e-type=\"container\">\n\t\t\t\t\t<div class=\"e-con-inner\">\n\t\t\t\t<div class=\"elementor-element elementor-element-c4583b6 elementor-grid-eael-col-3 elementor-grid-tablet-eael-col-2 elementor-grid-mobile-eael-col-1 elementor-invisible elementor-widget elementor-widget-eael-post-grid\" data-id=\"c4583b6\" data-element_type=\"widget\" data-e-type=\"widget\" data-settings=\"{&quot;eael_post_grid_columns&quot;:&quot;eael-col-3&quot;,&quot;_animation&quot;:&quot;rollIn&quot;,&quot;eael_post_grid_columns_tablet&quot;:&quot;eael-col-2&quot;,&quot;eael_post_grid_columns_mobile&quot;:&quot;eael-col-1&quot;}\" data-widget_type=\"eael-post-grid.default\">\n\t\t\t\t\t<div id=\"eael-post-grid-c4583b6\" class=\"eael-post-grid-container\">\n            <div class=\"eael-post-grid eael-post-appender eael-post-appender-c4583b6 eael-post-grid-style-one\" data-layout-mode=\"masonry\"><article class=\"eael-grid-post  eael-post-grid-column eael-pg-post-9097 category-bienestar\" data-id=\"9097\">\n        <div class=\"eael-grid-post-holder\">\n            <div class=\"eael-grid-post-holder-inner\"><div class=\"eael-entry-media\"><div class=\"eael-entry-overlay fade-in\"><i class=\"far fa-hand-pointer\" aria-hidden=\"true\"><\/i><a href=\"https:\/\/soymigrante.com\/revista\/como-apoyar-a-menores-en-caso-de-ausencia-de-padres-migrantes\/\"><\/a><\/div><div class=\"eael-entry-thumbnail \">\n                <img decoding=\"async\" width=\"1024\" height=\"1024\" src=\"https:\/\/soymigrante.com\/revista\/wp-content\/uploads\/2024\/09\/park-holding-hands-and-back-of-child-parent-and-2023-11-27-05-05-44-utc-1024x1024.jpg\" class=\"attachment-large size-large wp-image-21817\" alt=\"Manos entrelazadas de diferentes generaciones, simbolizando uni\u00f3n y apoyo en la comunidad migrante.\" srcset=\"https:\/\/soymigrante.com\/revista\/wp-content\/uploads\/2024\/09\/park-holding-hands-and-back-of-child-parent-and-2023-11-27-05-05-44-utc-1024x1024.jpg 1024w, https:\/\/soymigrante.com\/revista\/wp-content\/uploads\/2024\/09\/park-holding-hands-and-back-of-child-parent-and-2023-11-27-05-05-44-utc-300x300.jpg 300w, https:\/\/soymigrante.com\/revista\/wp-content\/uploads\/2024\/09\/park-holding-hands-and-back-of-child-parent-and-2023-11-27-05-05-44-utc-150x150.jpg 150w, https:\/\/soymigrante.com\/revista\/wp-content\/uploads\/2024\/09\/park-holding-hands-and-back-of-child-parent-and-2023-11-27-05-05-44-utc-768x768.jpg 768w, https:\/\/soymigrante.com\/revista\/wp-content\/uploads\/2024\/09\/park-holding-hands-and-back-of-child-parent-and-2023-11-27-05-05-44-utc-1536x1536.jpg 1536w, https:\/\/soymigrante.com\/revista\/wp-content\/uploads\/2024\/09\/park-holding-hands-and-back-of-child-parent-and-2023-11-27-05-05-44-utc-75x75.webp 75w, https:\/\/soymigrante.com\/revista\/wp-content\/uploads\/2024\/09\/park-holding-hands-and-back-of-child-parent-and-2023-11-27-05-05-44-utc-750x750.webp 750w, https:\/\/soymigrante.com\/revista\/wp-content\/uploads\/2024\/09\/park-holding-hands-and-back-of-child-parent-and-2023-11-27-05-05-44-utc-1140x1140.webp 1140w, https:\/\/soymigrante.com\/revista\/wp-content\/uploads\/2024\/09\/park-holding-hands-and-back-of-child-parent-and-2023-11-27-05-05-44-utc.webp 1717w\" sizes=\"(max-width: 1024px) 100vw, 1024px\" \/>\n            <\/div>\n        <\/div><div class=\"eael-entry-wrapper\"><header class=\"eael-entry-header\"><h2 class=\"eael-entry-title\"><a class=\"eael-grid-post-link\" href=\"https:\/\/soymigrante.com\/revista\/como-apoyar-a-menores-en-caso-de-ausencia-de-padres-migrantes\/\" title=\"C\u00f3mo apoyar a menores en caso de ausencia de padres migrantes\">C\u00f3mo apoyar a menores en caso de ausencia de padres migrantes<\/a><\/h2><\/header><div class=\"eael-entry-content\">\n                        <div class=\"eael-grid-post-excerpt\"><a href=\"https:\/\/soymigrante.com\/revista\/como-apoyar-a-menores-en-caso-de-ausencia-de-padres-migrantes\/\" class=\"eael-post-elements-readmore-btn\">CONOCE SU HISTORIA <\/a><\/div>\n                    <\/div><\/div><\/div>\n        <\/div>\n    <\/article><article class=\"eael-grid-post  eael-post-grid-column eael-pg-post-7018 category-bienestar\" data-id=\"7018\">\n        <div class=\"eael-grid-post-holder\">\n            <div class=\"eael-grid-post-holder-inner\"><div class=\"eael-entry-media\"><div class=\"eael-entry-overlay fade-in\"><i class=\"far fa-hand-pointer\" aria-hidden=\"true\"><\/i><a href=\"https:\/\/soymigrante.com\/revista\/los-consejos-de-mi-padre-te-suena-alguno-de-ellos\/\"><\/a><\/div><div class=\"eael-entry-thumbnail \">\n                <img loading=\"lazy\" decoding=\"async\" width=\"652\" height=\"652\" src=\"https:\/\/soymigrante.com\/revista\/wp-content\/uploads\/2024\/06\/Captura-de-pantalla-2024-06-14-160311.webp\" class=\"attachment-large size-large wp-image-7019\" alt=\"Adulto mayor y joven en un abrazo afectuoso en un ambiente de comunidad y apoyo para migrantes.\" srcset=\"https:\/\/soymigrante.com\/revista\/wp-content\/uploads\/2024\/06\/Captura-de-pantalla-2024-06-14-160311.webp 652w, https:\/\/soymigrante.com\/revista\/wp-content\/uploads\/2024\/06\/Captura-de-pantalla-2024-06-14-160311-300x300.webp 300w, https:\/\/soymigrante.com\/revista\/wp-content\/uploads\/2024\/06\/Captura-de-pantalla-2024-06-14-160311-150x150.webp 150w, https:\/\/soymigrante.com\/revista\/wp-content\/uploads\/2024\/06\/Captura-de-pantalla-2024-06-14-160311-75x75.webp 75w\" sizes=\"(max-width: 652px) 100vw, 652px\" \/>\n            <\/div>\n        <\/div><div class=\"eael-entry-wrapper\"><header class=\"eael-entry-header\"><h2 class=\"eael-entry-title\"><a class=\"eael-grid-post-link\" href=\"https:\/\/soymigrante.com\/revista\/los-consejos-de-mi-padre-te-suena-alguno-de-ellos\/\" title=\"Recuerdo los consejos de mi padre en su d\u00eda y todos los d\u00edas\">Recuerdo los consejos de mi padre en su d\u00eda y todos los d\u00edas<\/a><\/h2><\/header><div class=\"eael-entry-content\">\n                        <div class=\"eael-grid-post-excerpt\"><a href=\"https:\/\/soymigrante.com\/revista\/los-consejos-de-mi-padre-te-suena-alguno-de-ellos\/\" class=\"eael-post-elements-readmore-btn\">CONOCE SU HISTORIA <\/a><\/div>\n                    <\/div><\/div><\/div>\n        <\/div>\n    <\/article><article class=\"eael-grid-post  eael-post-grid-column eael-pg-post-6048 category-lugar-de-voces\" data-id=\"6048\">\n        <div class=\"eael-grid-post-holder\">\n            <div class=\"eael-grid-post-holder-inner\"><div class=\"eael-entry-media\"><div class=\"eael-entry-overlay fade-in\"><i class=\"far fa-hand-pointer\" aria-hidden=\"true\"><\/i><a href=\"https:\/\/soymigrante.com\/revista\/padre-guatemalteco-dedica-emotivo-poema-a-sus-hijos-migrantes\/\"><\/a><\/div><div class=\"eael-entry-thumbnail \">\n                <img loading=\"lazy\" decoding=\"async\" width=\"1024\" height=\"682\" src=\"https:\/\/soymigrante.com\/revista\/wp-content\/uploads\/2023\/10\/El-monumento-esta-un-poco-de-lado-como-viendo-hacia-atras-el-brazo-derecho-lo-tiene-alzado-para-despedir-a-su-gente-1024x682.webp\" class=\"attachment-large size-large wp-image-3026\" alt=\"\u201cEl monumento est\u00e1 un poco de lado como viendo hacia atr\u00e1s, el brazo derecho lo tiene alzado para despedir a su gente\u201d\" srcset=\"https:\/\/soymigrante.com\/revista\/wp-content\/uploads\/2023\/10\/El-monumento-esta-un-poco-de-lado-como-viendo-hacia-atras-el-brazo-derecho-lo-tiene-alzado-para-despedir-a-su-gente-1024x682.webp 1024w, https:\/\/soymigrante.com\/revista\/wp-content\/uploads\/2023\/10\/El-monumento-esta-un-poco-de-lado-como-viendo-hacia-atras-el-brazo-derecho-lo-tiene-alzado-para-despedir-a-su-gente-300x200.webp 300w, https:\/\/soymigrante.com\/revista\/wp-content\/uploads\/2023\/10\/El-monumento-esta-un-poco-de-lado-como-viendo-hacia-atras-el-brazo-derecho-lo-tiene-alzado-para-despedir-a-su-gente-768x511.webp 768w, https:\/\/soymigrante.com\/revista\/wp-content\/uploads\/2023\/10\/El-monumento-esta-un-poco-de-lado-como-viendo-hacia-atras-el-brazo-derecho-lo-tiene-alzado-para-despedir-a-su-gente-1536x1022.webp 1536w, https:\/\/soymigrante.com\/revista\/wp-content\/uploads\/2023\/10\/El-monumento-esta-un-poco-de-lado-como-viendo-hacia-atras-el-brazo-derecho-lo-tiene-alzado-para-despedir-a-su-gente-750x499.webp 750w, https:\/\/soymigrante.com\/revista\/wp-content\/uploads\/2023\/10\/El-monumento-esta-un-poco-de-lado-como-viendo-hacia-atras-el-brazo-derecho-lo-tiene-alzado-para-despedir-a-su-gente-1140x759.webp 1140w, https:\/\/soymigrante.com\/revista\/wp-content\/uploads\/2023\/10\/El-monumento-esta-un-poco-de-lado-como-viendo-hacia-atras-el-brazo-derecho-lo-tiene-alzado-para-despedir-a-su-gente-600x400.webp 600w, https:\/\/soymigrante.com\/revista\/wp-content\/uploads\/2023\/10\/El-monumento-esta-un-poco-de-lado-como-viendo-hacia-atras-el-brazo-derecho-lo-tiene-alzado-para-despedir-a-su-gente.webp 1920w\" sizes=\"(max-width: 1024px) 100vw, 1024px\" \/>\n            <\/div>\n        <\/div><div class=\"eael-entry-wrapper\"><header class=\"eael-entry-header\"><h2 class=\"eael-entry-title\"><a class=\"eael-grid-post-link\" href=\"https:\/\/soymigrante.com\/revista\/padre-guatemalteco-dedica-emotivo-poema-a-sus-hijos-migrantes\/\" title=\"Padre guatemalteco dedica emotivo poema a sus hijos migrantes\">Padre guatemalteco dedica emotivo poema a sus hijos migrantes<\/a><\/h2><\/header><div class=\"eael-entry-content\">\n                        <div class=\"eael-grid-post-excerpt\"><a href=\"https:\/\/soymigrante.com\/revista\/padre-guatemalteco-dedica-emotivo-poema-a-sus-hijos-migrantes\/\" class=\"eael-post-elements-readmore-btn\">CONOCE SU HISTORIA <\/a><\/div>\n                    <\/div><\/div><\/div>\n        <\/div>\n    <\/article><\/div>\n            <div class=\"clearfix\"><\/div>\n        <\/div>\t\t\t\t<\/div>\n\t\t\t\t\t<\/div>\n\t\t\t\t<\/div>\n\t\t\t\t<\/div>\n\t\t","protected":false},"excerpt":{"rendered":"<p>El d\u00eda del Padre deber\u00eda celebrarse como el D\u00eda de la Madre, pero este an\u00e1lisis de datos explica algunos detalles. El D\u00eda del Padre, aunque significativo, no genera el mismo nivel de celebraci\u00f3n ni de gasto que el D\u00eda de la Madre. Esta diferencia no es solo una percepci\u00f3n, sino una realidad respaldada por datos [&hellip;]<\/p>\n","protected":false},"author":19,"featured_media":36359,"comment_status":"open","ping_status":"open","sticky":false,"template":"","format":"standard","meta":{"_acf_changed":false,"_eb_attr":"","footnotes":""},"categories":[55],"tags":[],"class_list":["post-36358","post","type-post","status-publish","format-standard","has-post-thumbnail","hentry","category-bienestar"],"acf":[],"aioseo_notices":[],"aioseo_head":"\n\t\t<!-- All in One SEO Pro 4.9.6.2 - aioseo.com -->\n\t<meta name=\"description\" content=\"Conmovido por la partida de su segundo hijo hacia EE.UU., Jerem\u00edas P\u00e9rez, escribi\u00f3 un poema dedicado a sus hijos migrantes y a todos los guatemaltecos\" \/>\n\t<meta name=\"robots\" content=\"max-snippet:-1, max-image-preview:large, max-video-preview:-1\" \/>\n\t<meta name=\"author\" content=\"Mynor Toc\"\/>\n\t<link rel=\"canonical\" href=\"https:\/\/soymigrante.com\/revista\/padre-guatemalteco-dedica-emotivo-poema-a-sus-hijos-migrantes\/\" \/>\n\t<meta name=\"generator\" content=\"All in One SEO Pro (AIOSEO) 4.9.6.2\" \/>\n\n\t\t<link rel=\"preconnect\" href=\"https:\/\/fonts.googleapis.com\" crossorigin>\n<link rel=\"preconnect\" href=\"https:\/\/fonts.gstatic.com\" crossorigin>\n\t\t<meta property=\"og:locale\" content=\"es_ES\" \/>\n\t\t<meta property=\"og:site_name\" content=\"SoyMigrante.com REVISTA \u2013 Nuestra misi\u00f3n es reconocer y dignificar al migrante.\" \/>\n\t\t<meta property=\"og:type\" content=\"article\" \/>\n\t\t<meta property=\"og:title\" content=\"Padre guatemalteco dedica emotivo poema a sus hijos migrantes\" \/>\n\t\t<meta property=\"og:description\" content=\"Conmovido por la partida de su segundo hijo hacia EE.UU., Jerem\u00edas P\u00e9rez, escribi\u00f3 un poema dedicado a sus hijos migrantes y a todos los guatemaltecos\" \/>\n\t\t<meta property=\"og:url\" content=\"https:\/\/soymigrante.com\/revista\/padre-guatemalteco-dedica-emotivo-poema-a-sus-hijos-migrantes\/\" \/>\n\t\t<meta property=\"og:image\" content=\"https:\/\/soymigrante.com\/revista\/wp-content\/uploads\/2023\/10\/El-monumento-esta-un-poco-de-lado-como-viendo-hacia-atras-el-brazo-derecho-lo-tiene-alzado-para-despedir-a-su-gente.webp\" \/>\n\t\t<meta property=\"og:image:secure_url\" content=\"https:\/\/soymigrante.com\/revista\/wp-content\/uploads\/2023\/10\/El-monumento-esta-un-poco-de-lado-como-viendo-hacia-atras-el-brazo-derecho-lo-tiene-alzado-para-despedir-a-su-gente.webp\" \/>\n\t\t<meta property=\"og:image:width\" content=\"1920\" \/>\n\t\t<meta property=\"og:image:height\" content=\"1278\" \/>\n\t\t<meta property=\"article:published_time\" content=\"2024-04-17T21:09:04+00:00\" \/>\n\t\t<meta property=\"article:modified_time\" content=\"2024-07-30T02:49:22+00:00\" \/>\n\t\t<meta property=\"article:publisher\" content=\"https:\/\/www.facebook.com\/soymigrantecom\" \/>\n\t\t<meta name=\"twitter:card\" content=\"summary_large_image\" \/>\n\t\t<meta name=\"twitter:site\" content=\"@SoyMigrante_com\" \/>\n\t\t<meta name=\"twitter:title\" content=\"Padre guatemalteco dedica emotivo poema a sus hijos migrantes\" \/>\n\t\t<meta name=\"twitter:description\" content=\"Conmovido por la partida de su segundo hijo hacia EE.UU., Jerem\u00edas P\u00e9rez, escribi\u00f3 un poema dedicado a sus hijos migrantes y a todos los guatemaltecos\" \/>\n\t\t<meta name=\"twitter:creator\" content=\"@SoyMigrante_com\" \/>\n\t\t<meta name=\"twitter:image\" content=\"https:\/\/soymigrante.com\/revista\/wp-content\/uploads\/2023\/10\/El-monumento-esta-un-poco-de-lado-como-viendo-hacia-atras-el-brazo-derecho-lo-tiene-alzado-para-despedir-a-su-gente.webp\" \/>\n\t\t<!-- All in One SEO Pro -->\r\n\t\t<title>Padre guatemalteco dedica emotivo poema a sus hijos migrantes<\/title>\n\n","aioseo_head_json":{"title":"Padre guatemalteco dedica emotivo poema a sus hijos migrantes","description":"Conmovido por la partida de su segundo hijo hacia EE.UU., Jerem\u00edas P\u00e9rez, escribi\u00f3 un poema dedicado a sus hijos migrantes y a todos los guatemaltecos","canonical_url":"https:\/\/soymigrante.com\/revista\/padre-guatemalteco-dedica-emotivo-poema-a-sus-hijos-migrantes\/","robots":"max-snippet:-1, max-image-preview:large, max-video-preview:-1","keywords":"","webmasterTools":{"miscellaneous":"&lt;link rel=\"preconnect\" href=\"https:\/\/fonts.googleapis.com\" crossorigin&gt;\n&lt;link rel=\"preconnect\" href=\"https:\/\/fonts.gstatic.com\" crossorigin&gt;"},"schema":null,"og:locale":"es_ES","og:site_name":"SoyMigrante.com REVISTA \u2013 Nuestra misi\u00f3n es reconocer y dignificar al migrante.","og:type":"article","og:title":"Padre guatemalteco dedica emotivo poema a sus hijos migrantes","og:description":"Conmovido por la partida de su segundo hijo hacia EE.UU., Jerem\u00edas P\u00e9rez, escribi\u00f3 un poema dedicado a sus hijos migrantes y a todos los guatemaltecos","og:url":"https:\/\/soymigrante.com\/revista\/padre-guatemalteco-dedica-emotivo-poema-a-sus-hijos-migrantes\/","og:image":"https:\/\/soymigrante.com\/revista\/wp-content\/uploads\/2023\/10\/El-monumento-esta-un-poco-de-lado-como-viendo-hacia-atras-el-brazo-derecho-lo-tiene-alzado-para-despedir-a-su-gente.webp","og:image:secure_url":"https:\/\/soymigrante.com\/revista\/wp-content\/uploads\/2023\/10\/El-monumento-esta-un-poco-de-lado-como-viendo-hacia-atras-el-brazo-derecho-lo-tiene-alzado-para-despedir-a-su-gente.webp","og:image:width":1920,"og:image:height":1278,"article:published_time":"2024-04-17T21:09:04+00:00","article:modified_time":"2024-07-30T02:49:22+00:00","article:publisher":"https:\/\/www.facebook.com\/soymigrantecom","twitter:card":"summary_large_image","twitter:site":"@SoyMigrante_com","twitter:title":"Padre guatemalteco dedica emotivo poema a sus hijos migrantes","twitter:description":"Conmovido por la partida de su segundo hijo hacia EE.UU., Jerem\u00edas P\u00e9rez, escribi\u00f3 un poema dedicado a sus hijos migrantes y a todos los guatemaltecos","twitter:creator":"@SoyMigrante_com","twitter:image":"https:\/\/soymigrante.com\/revista\/wp-content\/uploads\/2023\/10\/El-monumento-esta-un-poco-de-lado-como-viendo-hacia-atras-el-brazo-derecho-lo-tiene-alzado-para-despedir-a-su-gente.webp"},"aioseo_meta_data":{"post_id":"36358","title":"\u00bfSe celebra menos el D\u00eda del Padre que el D de la Madre?","description":"\u00bfEs cierto o solo es percepci\u00f3n que el D\u00eda del Padre se festeja menos? Estos son algunos datos. Eso s\u00ed: Felicitamos a todos los Padres, hoy y siempre.","keywords":null,"keyphrases":{"focus":{"keyphrase":"D\u00eda del padre","score":91,"analysis":{"keyphraseInTitle":{"score":9,"maxScore":9,"error":0},"keyphraseInDescription":{"score":9,"maxScore":9,"error":0},"keyphraseLength":{"score":9,"maxScore":9,"error":0,"length":4},"keyphraseInURL":{"score":5,"maxScore":5,"error":0},"keyphraseInIntroduction":{"score":9,"maxScore":9,"error":0},"keyphraseInSubHeadings":{"score":3,"maxScore":9,"error":1},"keyphraseInImageAlt":{"score":9,"maxScore":9,"error":0},"keywordDensity":{"type":"best","score":9,"maxScore":9,"error":0}}},"additional":[{"keyphrase":"D\u00eda del Padre","score":100,"analysis":{"keyphraseInDescription":{"score":9,"maxScore":9,"error":0},"keyphraseLength":{"score":9,"maxScore":9,"error":0,"length":4},"keyphraseInIntroduction":{"score":9,"maxScore":9,"error":0},"keyphraseInImageAlt":{"score":9,"maxScore":9,"error":0},"keywordDensity":{"type":"best","score":9,"maxScore":9,"error":0}}},{"keyphrase":"D\u00eda de la madre","score":67,"analysis":{"keyphraseInDescription":{"score":3,"maxScore":9,"error":1},"keyphraseLength":{"score":6,"maxScore":9,"error":1,"length":5},"keyphraseInIntroduction":{"score":9,"maxScore":9,"error":0},"keyphraseInImageAlt":{"score":3,"maxScore":9,"error":1},"keywordDensity":{"type":"best","score":9,"maxScore":9,"error":0}}}]},"primary_term":null,"canonical_url":null,"og_title":null,"og_description":null,"og_object_type":"default","og_image_type":"default","og_image_url":null,"og_image_width":null,"og_image_height":null,"og_image_custom_url":null,"og_image_custom_fields":null,"og_video":"","og_custom_url":null,"og_article_section":null,"og_article_tags":null,"twitter_use_og":false,"twitter_card":"default","twitter_image_type":"default","twitter_image_url":null,"twitter_image_custom_url":null,"twitter_image_custom_fields":null,"twitter_title":null,"twitter_description":null,"schema":{"blockGraphs":[],"customGraphs":[],"default":{"data":{"Article":[],"Course":[],"Dataset":[],"FAQPage":[],"Movie":[],"Person":[],"Product":[],"ProductReview":[],"Car":[],"Recipe":[],"Service":[],"SoftwareApplication":[],"WebPage":[]},"graphName":"none","isEnabled":true},"graphs":[]},"schema_type":"default","schema_type_options":null,"pillar_content":false,"robots_default":true,"robots_noindex":false,"robots_noarchive":false,"robots_nosnippet":false,"robots_nofollow":false,"robots_noimageindex":false,"robots_noodp":false,"robots_notranslate":false,"robots_max_snippet":"-1","robots_max_videopreview":"-1","robots_max_imagepreview":"large","priority":null,"frequency":"default","local_seo":null,"seo_analyzer_scan_date":"2025-10-09 05:57:51","breadcrumb_settings":null,"limit_modified_date":false,"reviewed_by":"0","open_ai":"{\"title\":{\"suggestions\":[],\"usage\":0},\"description\":{\"suggestions\":[],\"usage\":0}}","ai":null,"created":"2025-06-16 18:13:31","updated":"2026-02-05 01:11:35"},"aioseo_breadcrumb":"<div class=\"aioseo-breadcrumbs\"><span class=\"aioseo-breadcrumb\">\n\t<a href=\"https:\/\/soymigrante.com\/revista\" title=\"Home\">Home<\/a>\n<\/span><span class=\"aioseo-breadcrumb-separator\">\u00bb<\/span><span class=\"aioseo-breadcrumb\">\n\t<a href=\"https:\/\/soymigrante.com\/revista\/category\/bienestar\/\" title=\"Bienestar\">Bienestar<\/a>\n<\/span><span class=\"aioseo-breadcrumb-separator\">\u00bb<\/span><span class=\"aioseo-breadcrumb\">\n\t\u00bfEl D\u00eda del Padre se celebra menos que el D\u00eda de la Madre? Una respuesta con datos\n<\/span><\/div>","aioseo_breadcrumb_json":[{"label":"Home","link":"https:\/\/soymigrante.com\/revista"},{"label":"Bienestar","link":"https:\/\/soymigrante.com\/revista\/category\/bienestar\/"},{"label":"\u00bfEl D\u00eda del Padre se celebra menos que el D\u00eda de la Madre? Una respuesta con datos","link":"https:\/\/soymigrante.com\/revista\/el-dia-del-padre-se-celebra-menos-que-el-dia-de-la-madre-una-respuesta-con-datos\/"}],"_links":{"self":[{"href":"https:\/\/soymigrante.com\/revista\/wp-json\/wp\/v2\/posts\/36358","targetHints":{"allow":["GET"]}}],"collection":[{"href":"https:\/\/soymigrante.com\/revista\/wp-json\/wp\/v2\/posts"}],"about":[{"href":"https:\/\/soymigrante.com\/revista\/wp-json\/wp\/v2\/types\/post"}],"author":[{"embeddable":true,"href":"https:\/\/soymigrante.com\/revista\/wp-json\/wp\/v2\/users\/19"}],"replies":[{"embeddable":true,"href":"https:\/\/soymigrante.com\/revista\/wp-json\/wp\/v2\/comments?post=36358"}],"version-history":[{"count":14,"href":"https:\/\/soymigrante.com\/revista\/wp-json\/wp\/v2\/posts\/36358\/revisions"}],"predecessor-version":[{"id":36438,"href":"https:\/\/soymigrante.com\/revista\/wp-json\/wp\/v2\/posts\/36358\/revisions\/36438"}],"wp:featuredmedia":[{"embeddable":true,"href":"https:\/\/soymigrante.com\/revista\/wp-json\/wp\/v2\/media\/36359"}],"wp:attachment":[{"href":"https:\/\/soymigrante.com\/revista\/wp-json\/wp\/v2\/media?parent=36358"}],"wp:term":[{"taxonomy":"category","embeddable":true,"href":"https:\/\/soymigrante.com\/revista\/wp-json\/wp\/v2\/categories?post=36358"},{"taxonomy":"post_tag","embeddable":true,"href":"https:\/\/soymigrante.com\/revista\/wp-json\/wp\/v2\/tags?post=36358"}],"curies":[{"name":"wp","href":"https:\/\/api.w.org\/{rel}","templated":true}]}}