{"id":363,"date":"2026-02-28T13:32:03","date_gmt":"2026-02-28T19:32:03","guid":{"rendered":"https:\/\/soymigrante.wpengine.com\/?p=363"},"modified":"2026-02-28T13:32:59","modified_gmt":"2026-02-28T19:32:59","slug":"atitlan-lago-de-atitlan","status":"publish","type":"post","link":"https:\/\/soymigrante.com\/revista\/atitlan-lago-de-atitlan\/","title":{"rendered":"\u00bfQu\u00e9 profundidad tiene el lago de Atitl\u00e1n?&#8230; y otras preguntas con respuesta fascinante"},"content":{"rendered":"\t\t<div data-elementor-type=\"wp-post\" data-elementor-id=\"363\" class=\"elementor elementor-363\" data-elementor-post-type=\"post\">\n\t\t\t\t\t\t<section data-particle_enable=\"false\" data-particle-mobile-disabled=\"false\" class=\"elementor-section elementor-top-section elementor-element elementor-element-7ce5295 elementor-section-boxed elementor-section-height-default elementor-section-height-default\" data-id=\"7ce5295\" data-element_type=\"section\" data-e-type=\"section\">\n\t\t\t\t\t\t<div class=\"elementor-container elementor-column-gap-default\">\n\t\t\t\t\t<div class=\"elementor-column elementor-col-100 elementor-top-column elementor-element elementor-element-3094b54\" data-id=\"3094b54\" data-element_type=\"column\" data-e-type=\"column\">\n\t\t\t<div class=\"elementor-widget-wrap elementor-element-populated\">\n\t\t\t\t\t\t<div class=\"elementor-element elementor-element-eaeed6e elementor-widget elementor-widget-heading\" data-id=\"eaeed6e\" data-element_type=\"widget\" data-e-type=\"widget\" data-widget_type=\"heading.default\">\n\t\t\t\t\t<h2 class=\"elementor-heading-title elementor-size-default\">Atitl\u00e1n es, sin duda alguna, el lago guatemalteco m\u00e1s famoso del mundo, por su paisaje \u00fanico, sus volcanes y sus pueblos circundantes.  Por eso mismo desata muchas preguntas: \u00bfQu\u00e9 extensi\u00f3n y qu\u00e9 profundidad tiene? \u00bfCu\u00e1ntos municipios hay su alrededor?<\/h2>\t\t\t\t<\/div>\n\t\t\t\t\t<\/div>\n\t\t<\/div>\n\t\t\t\t\t<\/div>\n\t\t<\/section>\n\t\t\t\t<section data-particle_enable=\"false\" data-particle-mobile-disabled=\"false\" class=\"elementor-section elementor-top-section elementor-element elementor-element-3468f7e elementor-section-boxed elementor-section-height-default elementor-section-height-default\" data-id=\"3468f7e\" data-element_type=\"section\" data-e-type=\"section\">\n\t\t\t\t\t\t<div class=\"elementor-container elementor-column-gap-default\">\n\t\t\t\t\t<div class=\"elementor-column elementor-col-100 elementor-top-column elementor-element elementor-element-f5945af\" data-id=\"f5945af\" data-element_type=\"column\" data-e-type=\"column\">\n\t\t\t<div class=\"elementor-widget-wrap elementor-element-populated\">\n\t\t\t\t\t\t<div class=\"elementor-element elementor-element-1ac22cf elementor-widget elementor-widget-text-editor\" data-id=\"1ac22cf\" data-element_type=\"widget\" data-e-type=\"widget\" data-widget_type=\"text-editor.default\">\n\t\t\t\t\t\t\t\t\t<p><i><b>Emoci\u00f3n ancestral<br \/><\/b><\/i><i><b><span style=\"color: var( --e-global-color-text );\">hecha l\u00e1grima: Lago:<br \/><\/span><\/b><\/i><i><b><span style=\"color: var( --e-global-color-text );\">suspiro horizontal.<\/span><\/b><\/i><\/p><p><span style=\"color: var( --e-global-color-text );\">As\u00ed describi\u00f3 el gran poeta guatemalteco Flavio Herrera al lago de Atitl\u00e1n, sin duda el m\u00e1s emblem\u00e1tico de Guatemala. Hay lagos muy hermosos: <a href=\"https:\/\/soymigrante.com\/revista\/lago-de-izabal-es-el-gigante-de-agua-dulce-en-guatemala\/\">Izabal<\/a>, <a href=\"https:\/\/soymigrante.com\/revista\/10-cosas-que-ya-conocias-o-quiza-no-del-lago-peten-itza\/\">Pet\u00e9n Itz\u00e1<\/a>, <a href=\"https:\/\/soymigrante.com\/revista\/laguna-de-ayarza-un-paraiso-natural-en-el-suroriente-de-guatemala\/\">Ayarza<\/a>&#8230; pero sin duda alguna el de Atitl\u00e1n m\u00e1s frecuentado, concurrido, admirado, fotografiado, elogiado (y todo lo que rima con encantado).\u00a0\u00a0<\/span><\/p><p>Estas son algunas preguntas sobre este emblem\u00e1tico lago en el coraz\u00f3n de <a href=\"https:\/\/soymigrante.com\/revista\/departamentos-de-guatemala-solola-tiene-un-corazon-de-agua-cristalina-entre-montanas\/\">Solol\u00e1.<\/a><\/p>\t\t\t\t\t\t\t\t<\/div>\n\t\t\t\t\t<\/div>\n\t\t<\/div>\n\t\t\t\t\t<\/div>\n\t\t<\/section>\n\t\t\t\t<section data-particle_enable=\"false\" data-particle-mobile-disabled=\"false\" class=\"elementor-section elementor-top-section elementor-element elementor-element-38fed81 elementor-section-boxed elementor-section-height-default elementor-section-height-default\" data-id=\"38fed81\" data-element_type=\"section\" data-e-type=\"section\">\n\t\t\t\t\t\t<div class=\"elementor-container elementor-column-gap-default\">\n\t\t\t\t\t<div class=\"elementor-column elementor-col-100 elementor-top-column elementor-element elementor-element-683330b\" data-id=\"683330b\" data-element_type=\"column\" data-e-type=\"column\">\n\t\t\t<div class=\"elementor-widget-wrap elementor-element-populated\">\n\t\t\t\t\t\t<div class=\"elementor-element elementor-element-f2e5e3d elementor-widget elementor-widget-heading\" data-id=\"f2e5e3d\" data-element_type=\"widget\" data-e-type=\"widget\" data-widget_type=\"heading.default\">\n\t\t\t\t\t<h3 class=\"elementor-heading-title elementor-size-default\">1. Para empezar \u00bfQu\u00e9 significa Atitl\u00e1n? <\/h3>\t\t\t\t<\/div>\n\t\t\t\t\t<\/div>\n\t\t<\/div>\n\t\t\t\t\t<\/div>\n\t\t<\/section>\n\t\t\t\t<section data-particle_enable=\"false\" data-particle-mobile-disabled=\"false\" class=\"elementor-section elementor-top-section elementor-element elementor-element-65bc8e7 elementor-section-boxed elementor-section-height-default elementor-section-height-default\" data-id=\"65bc8e7\" data-element_type=\"section\" data-e-type=\"section\">\n\t\t\t\t\t\t<div class=\"elementor-container elementor-column-gap-default\">\n\t\t\t\t\t<div class=\"elementor-column elementor-col-100 elementor-top-column elementor-element elementor-element-2f5ea1b\" data-id=\"2f5ea1b\" data-element_type=\"column\" data-e-type=\"column\">\n\t\t\t<div class=\"elementor-widget-wrap elementor-element-populated\">\n\t\t\t\t\t\t<div class=\"elementor-element elementor-element-a38f938 elementor-widget elementor-widget-text-editor\" data-id=\"a38f938\" data-element_type=\"widget\" data-e-type=\"widget\" data-widget_type=\"text-editor.default\">\n\t\t\t\t\t\t\t\t\t<p>Atitl\u00e1n es un t\u00e9rmino de raiz n\u00e1huatl que significa &#8220;entre las aguas&#8221;. Sin duda alguna ello hace alusi\u00f3n a su peculiar posici\u00f3n entre tres volcanes, en una cuenca geol\u00f3gica.<\/p>\t\t\t\t\t\t\t\t<\/div>\n\t\t\t\t\t<\/div>\n\t\t<\/div>\n\t\t\t\t\t<\/div>\n\t\t<\/section>\n\t\t\t\t<section data-particle_enable=\"false\" data-particle-mobile-disabled=\"false\" class=\"elementor-section elementor-top-section elementor-element elementor-element-096cf6f elementor-section-boxed elementor-section-height-default elementor-section-height-default\" data-id=\"096cf6f\" data-element_type=\"section\" data-e-type=\"section\">\n\t\t\t\t\t\t<div class=\"elementor-container elementor-column-gap-default\">\n\t\t\t\t\t<div class=\"elementor-column elementor-col-100 elementor-top-column elementor-element elementor-element-4e5d07e\" data-id=\"4e5d07e\" data-element_type=\"column\" data-e-type=\"column\">\n\t\t\t<div class=\"elementor-widget-wrap elementor-element-populated\">\n\t\t\t\t\t\t<div class=\"elementor-element elementor-element-572bee2 elementor-widget elementor-widget-image\" data-id=\"572bee2\" data-element_type=\"widget\" data-e-type=\"widget\" data-widget_type=\"image.default\">\n\t\t\t\t\t\t\t\t\t\t\t\t<figure class=\"wp-caption\">\n\t\t\t\t\t\t\t\t\t\t<img fetchpriority=\"high\" decoding=\"async\" width=\"1024\" height=\"906\" src=\"https:\/\/soymigrante.com\/revista\/wp-content\/uploads\/2023\/02\/3-ATITLAN-4-1024x906.jpg\" class=\"attachment-large size-large wp-image-368\" alt=\"Ya que hay tantas im\u00e1genes modernas del Lago de Atitl\u00e1n, te presentamos esta de c\u00f3mo ses miraba hace 80 a\u00f1os. Fotograf\u00eda de 1940.\" srcset=\"https:\/\/soymigrante.com\/revista\/wp-content\/uploads\/2023\/02\/3-ATITLAN-4-1024x906.jpg 1024w, https:\/\/soymigrante.com\/revista\/wp-content\/uploads\/2023\/02\/3-ATITLAN-4-300x265.webp 300w, https:\/\/soymigrante.com\/revista\/wp-content\/uploads\/2023\/02\/3-ATITLAN-4-768x679.jpg 768w, https:\/\/soymigrante.com\/revista\/wp-content\/uploads\/2023\/02\/3-ATITLAN-4-1536x1359.jpg 1536w, https:\/\/soymigrante.com\/revista\/wp-content\/uploads\/2023\/02\/3-ATITLAN-4-750x663.webp 750w, https:\/\/soymigrante.com\/revista\/wp-content\/uploads\/2023\/02\/3-ATITLAN-4-1140x1008.jpg 1140w, https:\/\/soymigrante.com\/revista\/wp-content\/uploads\/2023\/02\/3-ATITLAN-4.webp 1733w\" sizes=\"(max-width: 1024px) 100vw, 1024px\" title=\"Ya que hay tantas im\u00e1genes modernas del Lago de Atitl\u00e1n, te presentamos esta de c\u00f3mo ses miraba hace 80 a\u00f1os. Fotograf\u00eda de 1940. \u2013 SoyMigrante.com REVISTA\" \/>\t\t\t\t\t\t\t\t\t\t\t<figcaption class=\"widget-image-caption wp-caption-text\">Ya que hay tantas im\u00e1genes modernas del Lago de Atitl\u00e1n, te presentamos esta de c\u00f3mo ses miraba hace 80 a\u00f1os. Fotograf\u00eda de 1940.<\/figcaption>\n\t\t\t\t\t\t\t\t\t\t<\/figure>\n\t\t\t\t\t\t\t\t\t<\/div>\n\t\t\t\t\t<\/div>\n\t\t<\/div>\n\t\t\t\t\t<\/div>\n\t\t<\/section>\n\t\t\t\t<section data-particle_enable=\"false\" data-particle-mobile-disabled=\"false\" class=\"elementor-section elementor-top-section elementor-element elementor-element-2e7e1aa elementor-section-boxed elementor-section-height-default elementor-section-height-default\" data-id=\"2e7e1aa\" data-element_type=\"section\" data-e-type=\"section\">\n\t\t\t\t\t\t<div class=\"elementor-container elementor-column-gap-default\">\n\t\t\t\t\t<div class=\"elementor-column elementor-col-100 elementor-top-column elementor-element elementor-element-ca2035c\" data-id=\"ca2035c\" data-element_type=\"column\" data-e-type=\"column\">\n\t\t\t<div class=\"elementor-widget-wrap elementor-element-populated\">\n\t\t\t\t\t\t<div class=\"elementor-element elementor-element-f82729c elementor-widget elementor-widget-heading\" data-id=\"f82729c\" data-element_type=\"widget\" data-e-type=\"widget\" data-widget_type=\"heading.default\">\n\t\t\t\t\t<h3 class=\"elementor-heading-title elementor-size-default\">2. \u00bfCu\u00e1ntos pueblos y municipios est\u00e1n alrededor del lago de Atitl\u00e1n y su cuenca? <\/h3>\t\t\t\t<\/div>\n\t\t\t\t\t<\/div>\n\t\t<\/div>\n\t\t\t\t\t<\/div>\n\t\t<\/section>\n\t\t\t\t<section data-particle_enable=\"false\" data-particle-mobile-disabled=\"false\" class=\"elementor-section elementor-top-section elementor-element elementor-element-809ac09 elementor-section-boxed elementor-section-height-default elementor-section-height-default\" data-id=\"809ac09\" data-element_type=\"section\" data-e-type=\"section\">\n\t\t\t\t\t\t<div class=\"elementor-container elementor-column-gap-default\">\n\t\t\t\t\t<div class=\"elementor-column elementor-col-100 elementor-top-column elementor-element elementor-element-a6c5cb4\" data-id=\"a6c5cb4\" data-element_type=\"column\" data-e-type=\"column\">\n\t\t\t<div class=\"elementor-widget-wrap elementor-element-populated\">\n\t\t\t\t\t\t<div class=\"elementor-element elementor-element-2add5b5 elementor-widget elementor-widget-text-editor\" data-id=\"2add5b5\" data-element_type=\"widget\" data-e-type=\"widget\" data-widget_type=\"text-editor.default\">\n\t\t\t\t\t\t\t\t\t<p style=\"font-style: normal; font-variant-ligatures: normal; font-variant-caps: normal;\">\u00a0Son diez los territorios municipales que circundan el lago: <a href=\"https:\/\/soymigrante.com\/revista\/panajachel-lago-atitlan-puerta-entrada-guatemala\/\">\u00a0Panajachel<\/a>, <a href=\"https:\/\/soymigrante.com\/revista\/san-antonio-palopo-enclave-de-cultura-kaqchiquel-a-orillas-del-lago-de-atitlan\/\">San Antonio Palop\u00f3<\/a>, <a href=\"https:\/\/soymigrante.com\/revista\/san-lucas-toliman-refugio-de-aves-frente-al-lago-de-atitlan-y-al-pie-de-un-majestuoso-volcan\/\">San Lucas Tolim\u00e1n<\/a>, <a href=\"https:\/\/soymigrante.com\/revista\/san-juan-la-laguna-tesoro-cultural-a-la-orilla-del-lago-de-atitlan-fue-aspirante-a-best-tourism-villages\/\">San Juan La Laguna<\/a>, <a href=\"https:\/\/soymigrante.com\/revista\/san-marcos-la-laguna-pueblos-del-lago-de-atitlan\/\">San Marcos La Laguna<\/a>, <a href=\"https:\/\/soymigrante.com\/revista\/san-pablo-la-laguna-tradicion-historia-y-encanto-del-pueblo-tzutujil\/\">San Pablo La Laguna<\/a>, <a href=\"https:\/\/soymigrante.com\/revista\/santa-catarina-palopo-7-kilometros-de-encanto-en-la-ribera-noreste-del-lago-de-atitlan\/\">Santa Catarina Palop\u00f3<\/a>, <a href=\"https:\/\/soymigrante.com\/revista\/pueblos-de-atitlan-santa-cruz-la-laguna-es-un-joyero-cultural-y-natural\/\">Santa Cruz La Laguna<\/a>, Solol\u00e1 y <a href=\"https:\/\/soymigrante.com\/revista\/indumentaria-tradicional-del-varon-tzutujil\/\">Santiago Atitl\u00e1n<\/a>.<\/p><p style=\"font-style: normal; font-variant-ligatures: normal; font-variant-caps: normal;\">\u00a0Sin embargo, existen otros cinco que no est\u00e1n directamente conectados a la ribera del lago pero cuyas cuencas h\u00eddricas se conectan con \u00e9l: es decir barrancas y riachuelos que terminan desembocando en sus aguas. Es decir, en total hay 15 municipios en la cuenca del Lago, aunque no todos est\u00e9n a su orilla.<\/p><p style=\"font-style: normal; font-variant-ligatures: normal; font-variant-caps: normal;\">Por ello todos incluidos en los planes para frenar\u00a0 la contaminaci\u00f3n con basura, desag\u00fces o fertilizantes.<\/p>\t\t\t\t\t\t\t\t<\/div>\n\t\t\t\t\t<\/div>\n\t\t<\/div>\n\t\t\t\t\t<\/div>\n\t\t<\/section>\n\t\t\t\t<section data-particle_enable=\"false\" data-particle-mobile-disabled=\"false\" class=\"elementor-section elementor-top-section elementor-element elementor-element-17d8a15 elementor-section-boxed elementor-section-height-default elementor-section-height-default\" data-id=\"17d8a15\" data-element_type=\"section\" data-e-type=\"section\">\n\t\t\t\t\t\t<div class=\"elementor-container elementor-column-gap-default\">\n\t\t\t\t\t<div class=\"elementor-column elementor-col-100 elementor-top-column elementor-element elementor-element-7a870cd\" data-id=\"7a870cd\" data-element_type=\"column\" data-e-type=\"column\">\n\t\t\t<div class=\"elementor-widget-wrap elementor-element-populated\">\n\t\t\t\t\t\t<div class=\"elementor-element elementor-element-9bd76b1 elementor-widget elementor-widget-image\" data-id=\"9bd76b1\" data-element_type=\"widget\" data-e-type=\"widget\" data-widget_type=\"image.default\">\n\t\t\t\t\t\t\t\t\t\t\t\t<figure class=\"wp-caption\">\n\t\t\t\t\t\t\t\t\t\t<img decoding=\"async\" width=\"1007\" height=\"788\" src=\"https:\/\/soymigrante.com\/revista\/wp-content\/uploads\/2023\/02\/cuenca-total-de-amatitlan.webp\" class=\"attachment-large size-large wp-image-971\" alt=\"Son 15 los municipios cuyos r\u00edos, aguas de lluvia y tambi\u00e9n drenajes desembocan en el lago de Atitl\u00e1n, aunque no est\u00e9n a sus orillas. En esta imagen se puede ver el lago en celeste y la l\u00ednea roja marca la cuenca, es decir desde donde bajan corrientes. (Imagen de un informe de la Autoridad del Manejo Sustentable de Atitl\u00e1n, de 2018)\" srcset=\"https:\/\/soymigrante.com\/revista\/wp-content\/uploads\/2023\/02\/cuenca-total-de-amatitlan.webp 1007w, https:\/\/soymigrante.com\/revista\/wp-content\/uploads\/2023\/02\/cuenca-total-de-amatitlan-300x235.webp 300w, https:\/\/soymigrante.com\/revista\/wp-content\/uploads\/2023\/02\/cuenca-total-de-amatitlan-768x601.jpg 768w, https:\/\/soymigrante.com\/revista\/wp-content\/uploads\/2023\/02\/cuenca-total-de-amatitlan-750x587.webp 750w\" sizes=\"(max-width: 1007px) 100vw, 1007px\" title=\"Son 15 los municipios  cuyos r\u00edos, aguas de lluvia y tambi\u00e9n drenajes desembocan en el lago de Atitl\u00e1n, aunque no est\u00e9n a sus orillas. En esta imagen se puede ver el lago en celeste y la l\u00ednea roja marca la cuenca, es decir desde donde bajan corrientes. (Imagen de un informe de la Autoridad del Manejo Sustentable de Atitl\u00e1n, de 2018) \u2013 SoyMigrante.com REVISTA\" \/>\t\t\t\t\t\t\t\t\t\t\t<figcaption class=\"widget-image-caption wp-caption-text\">Son 15 los municipios  cuyos r\u00edos, aguas de lluvia y tambi\u00e9n drenajes desembocan en el lago de Atitl\u00e1n, aunque no est\u00e9n a sus orillas. En esta imagen se puede ver el lago en celeste y la l\u00ednea roja marca la cuenca, es decir desde donde bajan corrientes. (Imagen de un informe de la Autoridad del Manejo Sustentable de Atitl\u00e1n, de 2018)<\/figcaption>\n\t\t\t\t\t\t\t\t\t\t<\/figure>\n\t\t\t\t\t\t\t\t\t<\/div>\n\t\t\t\t\t<\/div>\n\t\t<\/div>\n\t\t\t\t\t<\/div>\n\t\t<\/section>\n\t\t\t\t<section data-particle_enable=\"false\" data-particle-mobile-disabled=\"false\" class=\"elementor-section elementor-top-section elementor-element elementor-element-24b7864 elementor-section-boxed elementor-section-height-default elementor-section-height-default\" data-id=\"24b7864\" data-element_type=\"section\" data-e-type=\"section\">\n\t\t\t\t\t\t<div class=\"elementor-container elementor-column-gap-default\">\n\t\t\t\t\t<div class=\"elementor-column elementor-col-100 elementor-top-column elementor-element elementor-element-884c5b9\" data-id=\"884c5b9\" data-element_type=\"column\" data-e-type=\"column\">\n\t\t\t<div class=\"elementor-widget-wrap elementor-element-populated\">\n\t\t\t\t\t\t<div class=\"elementor-element elementor-element-cdb4d54 elementor-widget elementor-widget-heading\" data-id=\"cdb4d54\" data-element_type=\"widget\" data-e-type=\"widget\" data-widget_type=\"heading.default\">\n\t\t\t\t\t<h3 class=\"elementor-heading-title elementor-size-default\">3. \u00bfQu\u00e9 extensi\u00f3n tiene la superficie del lago de Atitl\u00e1n?<\/h3>\t\t\t\t<\/div>\n\t\t\t\t\t<\/div>\n\t\t<\/div>\n\t\t\t\t\t<\/div>\n\t\t<\/section>\n\t\t\t\t<section data-particle_enable=\"false\" data-particle-mobile-disabled=\"false\" class=\"elementor-section elementor-top-section elementor-element elementor-element-b014bda elementor-section-boxed elementor-section-height-default elementor-section-height-default\" data-id=\"b014bda\" data-element_type=\"section\" data-e-type=\"section\">\n\t\t\t\t\t\t<div class=\"elementor-container elementor-column-gap-default\">\n\t\t\t\t\t<div class=\"elementor-column elementor-col-100 elementor-top-column elementor-element elementor-element-ff24bef\" data-id=\"ff24bef\" data-element_type=\"column\" data-e-type=\"column\">\n\t\t\t<div class=\"elementor-widget-wrap elementor-element-populated\">\n\t\t\t\t\t\t<div class=\"elementor-element elementor-element-59642b7 elementor-widget elementor-widget-text-editor\" data-id=\"59642b7\" data-element_type=\"widget\" data-e-type=\"widget\" data-widget_type=\"text-editor.default\">\n\t\t\t\t\t\t\t\t\t<p>\u00a0Si a usted le preguntan qu\u00e9 extensi\u00f3n tiene el Lago de Atitl\u00e1n, el dato oficial es 125.70 kil\u00f3metros cuadrados, seg\u00fan estimadaciones del Instituto Geogr\u00e1fico Nacional. Ahora, bien esto var\u00eda seg\u00fan la elevaci\u00f3n de la superficie, que no siempre es la misma.<\/p><p><span style=\"color: var( --e-global-color-text ); background-color: var(--ak-bg-color);\">La superficie del agua de Atitl\u00e1n era de 1,562 metros sobre el nivel del mar en la d\u00e9cada\u00a01960.\u00a0\u00a0<\/span><span style=\"color: var( --e-global-color-text ); background-color: var(--ak-bg-color);\">En 2019 era de 1554 metros. Las variaciones son constantes, de hecho\u00a0todos los d\u00edas se mide su nivel por la ma\u00f1ana y la tarde, labor a cargo de la\u00a0<\/span><span style=\"color: var( --e-global-color-text ); background-color: var(--ak-bg-color);\">Autoridad para el Manejo Sustentable de la cuenca.<\/span><\/p><p><span style=\"background-color: var(--ak-bg-color); color: var( --e-global-color-text );\">Las variaciones se deben a la cantidad de lluvias, al manejo de los desag\u00fces que van a dar al lago y a las temperaturas clim\u00e1ticas que pueden aumentar la evaporaci\u00f3n.<\/span><\/p><p><span style=\"background-color: var(--ak-bg-color); color: var( --e-global-color-text );\">\u00bfY sabe d\u00f3nde est\u00e1 el punto m\u00e1s profundo?\u00a0 Existe un \u00e1rea localizada en l\u00ednea recta aproximadamente entre las cabeceras de Santa Cruz La Laguna y Santiago Atitl\u00e1n: 312 metros de profundidad.\u00a0<\/span><\/p>\t\t\t\t\t\t\t\t<\/div>\n\t\t\t\t\t<\/div>\n\t\t<\/div>\n\t\t\t\t\t<\/div>\n\t\t<\/section>\n\t\t\t\t<section data-particle_enable=\"false\" data-particle-mobile-disabled=\"false\" class=\"elementor-section elementor-top-section elementor-element elementor-element-9a1d4ab elementor-section-boxed elementor-section-height-default elementor-section-height-default\" data-id=\"9a1d4ab\" data-element_type=\"section\" data-e-type=\"section\">\n\t\t\t\t\t\t<div class=\"elementor-container elementor-column-gap-default\">\n\t\t\t\t\t<div class=\"elementor-column elementor-col-100 elementor-top-column elementor-element elementor-element-da0776a\" data-id=\"da0776a\" data-element_type=\"column\" data-e-type=\"column\">\n\t\t\t<div class=\"elementor-widget-wrap elementor-element-populated\">\n\t\t\t\t\t\t<div class=\"elementor-element elementor-element-9f63fba elementor-widget elementor-widget-image\" data-id=\"9f63fba\" data-element_type=\"widget\" data-e-type=\"widget\" data-widget_type=\"image.default\">\n\t\t\t\t\t\t\t\t\t\t\t\t<figure class=\"wp-caption\">\n\t\t\t\t\t\t\t\t\t\t<img decoding=\"async\" width=\"1024\" height=\"429\" src=\"https:\/\/soymigrante.com\/revista\/wp-content\/uploads\/2023\/02\/3-ATITLAN-5-1024x429.jpg\" class=\"attachment-large size-large wp-image-369\" alt=\"Los registros del nivel de la superficie del lago de Atitl\u00e1n muestra variaciones, por efecto de lluvias y temporadas secas. Es evidente una paulatina baja en su nivel. Gr\u00e1fico: AMSCLAE.\" srcset=\"https:\/\/soymigrante.com\/revista\/wp-content\/uploads\/2023\/02\/3-ATITLAN-5-1024x429.jpg 1024w, https:\/\/soymigrante.com\/revista\/wp-content\/uploads\/2023\/02\/3-ATITLAN-5-300x126.webp 300w, https:\/\/soymigrante.com\/revista\/wp-content\/uploads\/2023\/02\/3-ATITLAN-5-768x322.jpg 768w, https:\/\/soymigrante.com\/revista\/wp-content\/uploads\/2023\/02\/3-ATITLAN-5-750x315.webp 750w, https:\/\/soymigrante.com\/revista\/wp-content\/uploads\/2023\/02\/3-ATITLAN-5-1140x478.jpg 1140w, https:\/\/soymigrante.com\/revista\/wp-content\/uploads\/2023\/02\/3-ATITLAN-5.webp 1235w\" sizes=\"(max-width: 1024px) 100vw, 1024px\" title=\"Los registros del nivel de la superficie del lago de Atitl\u00e1n muestra variaciones, por efecto de lluvias y temporadas secas. Es evidente una paulatina baja en su nivel. Gr\u00e1fico: AMSCLAE. \u2013 SoyMigrante.com REVISTA\" \/>\t\t\t\t\t\t\t\t\t\t\t<figcaption class=\"widget-image-caption wp-caption-text\">Los registros del nivel de la superficie del lago de Atitl\u00e1n muestra variaciones, por efecto de lluvias y temporadas secas. Es evidente una paulatina baja en su nivel. Gr\u00e1fico: AMSCLAE.<\/figcaption>\n\t\t\t\t\t\t\t\t\t\t<\/figure>\n\t\t\t\t\t\t\t\t\t<\/div>\n\t\t\t\t\t<\/div>\n\t\t<\/div>\n\t\t\t\t\t<\/div>\n\t\t<\/section>\n\t\t\t\t<section data-particle_enable=\"false\" data-particle-mobile-disabled=\"false\" class=\"elementor-section elementor-top-section elementor-element elementor-element-fb65d91 elementor-section-boxed elementor-section-height-default elementor-section-height-default\" data-id=\"fb65d91\" data-element_type=\"section\" data-e-type=\"section\">\n\t\t\t\t\t\t<div class=\"elementor-container elementor-column-gap-default\">\n\t\t\t\t\t<div class=\"elementor-column elementor-col-100 elementor-top-column elementor-element elementor-element-35d6f16\" data-id=\"35d6f16\" data-element_type=\"column\" data-e-type=\"column\">\n\t\t\t<div class=\"elementor-widget-wrap elementor-element-populated\">\n\t\t\t\t\t\t<div class=\"elementor-element elementor-element-be57dd4 elementor-widget elementor-widget-text-editor\" data-id=\"be57dd4\" data-element_type=\"widget\" data-e-type=\"widget\" data-widget_type=\"text-editor.default\">\n\t\t\t\t\t\t\t\t\t<h3>4.\u00a0 \u00bfHace cu\u00e1ntos a\u00f1os se form\u00f3 el Lago de Atitl\u00e1n?\u00a0<\/h3><p><span style=\"color: var( --e-global-color-text ); background-color: var(--ak-bg-color);\">\u00a0El origen de la cuenca de Atitl\u00e1n se debe, seg\u00fan el ge\u00f3logo Howel Williams (1898-1980), se debe \u00a0se debe al hundimiento de bloques en una cubeta estructural debido a la migraci\u00f3n de magma en la profundidad. \u00a0<br \/>La cuenca fue taponada por lava de <a href=\"https:\/\/soymigrante.com\/revista\/tres-hermanos-tres-guardianes-del-lago-los-volcanes-atitlan-toliman-y-san-pedro\/\">los volcanes Tolim\u00e1n y Atitl\u00e1n <\/a>hace al menos 80 mil a\u00f1os. As\u00ed se form\u00f3 el embalse y tambi\u00e9n su presunta salida subterr\u00e1nea de agua posiblemente hacia el r\u00edo Madre Vieja. Hasta la fecha no existe ning\u00fan efluente superficial: es decir, ning\u00fan r\u00edo que salga desde el lago de Atitl\u00e1n.<\/span><\/p>\t\t\t\t\t\t\t\t<\/div>\n\t\t\t\t\t<\/div>\n\t\t<\/div>\n\t\t\t\t\t<\/div>\n\t\t<\/section>\n\t\t\t\t<section data-particle_enable=\"false\" data-particle-mobile-disabled=\"false\" class=\"elementor-section elementor-top-section elementor-element elementor-element-77cb839 elementor-section-boxed elementor-section-height-default elementor-section-height-default\" data-id=\"77cb839\" data-element_type=\"section\" data-e-type=\"section\">\n\t\t\t\t\t\t<div class=\"elementor-container elementor-column-gap-default\">\n\t\t\t\t\t<div class=\"elementor-column elementor-col-100 elementor-top-column elementor-element elementor-element-55829c4\" data-id=\"55829c4\" data-element_type=\"column\" data-e-type=\"column\">\n\t\t\t<div class=\"elementor-widget-wrap elementor-element-populated\">\n\t\t\t\t\t\t<div class=\"elementor-element elementor-element-08f8fc6 elementor-widget elementor-widget-image\" data-id=\"08f8fc6\" data-element_type=\"widget\" data-e-type=\"widget\" data-widget_type=\"image.default\">\n\t\t\t\t\t\t\t\t\t\t\t\t<figure class=\"wp-caption\">\n\t\t\t\t\t\t\t\t\t\t<img loading=\"lazy\" decoding=\"async\" width=\"1024\" height=\"684\" src=\"https:\/\/soymigrante.com\/revista\/wp-content\/uploads\/2023\/05\/atitlan-marcos-zarate-1024x684.webp\" class=\"attachment-large size-large wp-image-6045\" alt=\"Puente de madera sobre un lago con monta\u00f1as y cielo despejado, paisaje natural turistico en Guatemala.\" srcset=\"https:\/\/soymigrante.com\/revista\/wp-content\/uploads\/2023\/05\/atitlan-marcos-zarate-1024x684.webp 1024w, https:\/\/soymigrante.com\/revista\/wp-content\/uploads\/2023\/05\/atitlan-marcos-zarate-300x200.webp 300w, https:\/\/soymigrante.com\/revista\/wp-content\/uploads\/2023\/05\/atitlan-marcos-zarate-768x513.webp 768w, https:\/\/soymigrante.com\/revista\/wp-content\/uploads\/2023\/05\/atitlan-marcos-zarate-750x501.webp 750w, https:\/\/soymigrante.com\/revista\/wp-content\/uploads\/2023\/05\/atitlan-marcos-zarate-600x400.webp 600w, https:\/\/soymigrante.com\/revista\/wp-content\/uploads\/2023\/05\/atitlan-marcos-zarate.webp 1118w\" sizes=\"(max-width: 1024px) 100vw, 1024px\" title=\"El nivel del lago de Atitl\u00e1n sube y baja seg\u00fan las temporadas; lo que siempre sigue subiendo son los \u00e1ngulos, momentos y luces para fotografiarlo; y lo que nunca baja es su magia para los ojos de pobladores y visitantes. (Fotograf\u00eda Marcos Z\u00e1rate) \u2013 SoyMigrante.com REVISTA\" \/>\t\t\t\t\t\t\t\t\t\t\t<figcaption class=\"widget-image-caption wp-caption-text\">Espectacular vista del volc\u00e1n de Agua reflejado en el lago Atitl\u00e1n en Guatemala, rodeado de naturaleza, turismo y cultura local.<\/figcaption>\n\t\t\t\t\t\t\t\t\t\t<\/figure>\n\t\t\t\t\t\t\t\t\t<\/div>\n\t\t\t\t\t<\/div>\n\t\t<\/div>\n\t\t\t\t\t<\/div>\n\t\t<\/section>\n\t\t\t\t<section data-particle_enable=\"false\" data-particle-mobile-disabled=\"false\" class=\"elementor-section elementor-top-section elementor-element elementor-element-f50bc10 elementor-section-boxed elementor-section-height-default elementor-section-height-default\" data-id=\"f50bc10\" data-element_type=\"section\" data-e-type=\"section\">\n\t\t\t\t\t\t<div class=\"elementor-container elementor-column-gap-default\">\n\t\t\t\t\t<div class=\"elementor-column elementor-col-100 elementor-top-column elementor-element elementor-element-2c69a4a\" data-id=\"2c69a4a\" data-element_type=\"column\" data-e-type=\"column\">\n\t\t\t<div class=\"elementor-widget-wrap elementor-element-populated\">\n\t\t\t\t\t\t<div class=\"elementor-element elementor-element-79917a4 elementor-widget elementor-widget-heading\" data-id=\"79917a4\" data-element_type=\"widget\" data-e-type=\"widget\" data-widget_type=\"heading.default\">\n\t\t\t\t\t<h3 class=\"elementor-heading-title elementor-size-default\">5. \u00bfCu\u00e1l es la leyenda que hay en el Lago de Atitl\u00e1n? <\/h3>\t\t\t\t<\/div>\n\t\t\t\t\t<\/div>\n\t\t<\/div>\n\t\t\t\t\t<\/div>\n\t\t<\/section>\n\t\t\t\t<section data-particle_enable=\"false\" data-particle-mobile-disabled=\"false\" class=\"elementor-section elementor-top-section elementor-element elementor-element-5d2acbc elementor-section-boxed elementor-section-height-default elementor-section-height-default\" data-id=\"5d2acbc\" data-element_type=\"section\" data-e-type=\"section\">\n\t\t\t\t\t\t<div class=\"elementor-container elementor-column-gap-default\">\n\t\t\t\t\t<div class=\"elementor-column elementor-col-100 elementor-top-column elementor-element elementor-element-cf017b5\" data-id=\"cf017b5\" data-element_type=\"column\" data-e-type=\"column\">\n\t\t\t<div class=\"elementor-widget-wrap elementor-element-populated\">\n\t\t\t\t\t\t<div class=\"elementor-element elementor-element-abb7146 elementor-widget elementor-widget-text-editor\" data-id=\"abb7146\" data-element_type=\"widget\" data-e-type=\"widget\" data-widget_type=\"text-editor.default\">\n\t\t\t\t\t\t\t\t\t<p><span style=\"color: var( --e-global-color-text );\">El famoso Xocomil (traducido como furor de los dioses) es la agitaci\u00f3n causada por fuertes vientos o remolinos causados por el choque de los vientos c\u00e1lidos originados por la proximidad de la bocacosta los cuales chocan con los vientos templados del Altiplano, lo cual explica por qu\u00e9 se produce durante la tarde.\u00a0<\/span><\/p><p><span style=\"color: var( --e-global-color-text );\">Ahora en el plano de la tradici\u00f3n y la leyenda existen <a href=\"https:\/\/soymigrante.com\/revista\/el-popol-vuh-es-migrante-esta-en-chicago-y-8-datos-que-quiza-no-sabias\/\">muchas tradiciones prehisp\u00e1nicas<\/a>. En el caso de Atitl\u00e1n hay un relato acerca de una princesa maya que estaba prometida a un joven heredero de un se\u00f1or\u00edo, pero ella estaba enamorada de un muchacho humilde.\u00a0<\/span><\/p><p><span style=\"color: var( --e-global-color-text );\">Ambos sol\u00edan encontrarse en el lago. Un d\u00eda cuando el muchacho se estaba ba\u00f1ando, el viento trat\u00f3 de empujarlo hacia el centro del lago para que se ahogara. Ella se dio cuenta y nad\u00f3 hacia \u00e9l para salvarlo. Se ahogaron y por ello cada tarde los vientos, arrepentidos, tratan de sacarlos para que vivan su amor.<\/span><\/p>\t\t\t\t\t\t\t\t<\/div>\n\t\t\t\t\t<\/div>\n\t\t<\/div>\n\t\t\t\t\t<\/div>\n\t\t<\/section>\n\t\t\t\t<section data-particle_enable=\"false\" data-particle-mobile-disabled=\"false\" class=\"elementor-section elementor-top-section elementor-element elementor-element-a51ede9 elementor-section-boxed elementor-section-height-default elementor-section-height-default\" data-id=\"a51ede9\" data-element_type=\"section\" data-e-type=\"section\">\n\t\t\t\t\t\t<div class=\"elementor-container elementor-column-gap-default\">\n\t\t\t\t\t<div class=\"elementor-column elementor-col-100 elementor-top-column elementor-element elementor-element-d86d90b\" data-id=\"d86d90b\" data-element_type=\"column\" data-e-type=\"column\">\n\t\t\t<div class=\"elementor-widget-wrap elementor-element-populated\">\n\t\t\t\t\t\t<div class=\"elementor-element elementor-element-ecf77e8 elementor-widget elementor-widget-image\" data-id=\"ecf77e8\" data-element_type=\"widget\" data-e-type=\"widget\" data-widget_type=\"image.default\">\n\t\t\t\t\t\t\t\t\t\t\t\t<figure class=\"wp-caption\">\n\t\t\t\t\t\t\t\t\t\t<img loading=\"lazy\" decoding=\"async\" width=\"1024\" height=\"683\" src=\"https:\/\/soymigrante.com\/revista\/wp-content\/uploads\/2023\/02\/3-ATITLAN-2-1024x683.jpg\" class=\"attachment-large size-large wp-image-366\" alt=\"Los volcanes de Tolim\u00e1n y Atitl\u00e1n, en esta fotograf\u00eda, son el marco incomparable del lago. Foto Gustavo Montenegro\" srcset=\"https:\/\/soymigrante.com\/revista\/wp-content\/uploads\/2023\/02\/3-ATITLAN-2-1024x683.jpg 1024w, https:\/\/soymigrante.com\/revista\/wp-content\/uploads\/2023\/02\/3-ATITLAN-2-300x200.webp 300w, https:\/\/soymigrante.com\/revista\/wp-content\/uploads\/2023\/02\/3-ATITLAN-2-768x512.jpg 768w, https:\/\/soymigrante.com\/revista\/wp-content\/uploads\/2023\/02\/3-ATITLAN-2-1536x1024.jpg 1536w, https:\/\/soymigrante.com\/revista\/wp-content\/uploads\/2023\/02\/3-ATITLAN-2-2048x1365.jpg 2048w, https:\/\/soymigrante.com\/revista\/wp-content\/uploads\/2023\/02\/3-ATITLAN-2-750x500.webp 750w, https:\/\/soymigrante.com\/revista\/wp-content\/uploads\/2023\/02\/3-ATITLAN-2-1140x760.jpg 1140w, https:\/\/soymigrante.com\/revista\/wp-content\/uploads\/2023\/02\/3-ATITLAN-2-600x400.jpg 600w, https:\/\/soymigrante.com\/revista\/wp-content\/uploads\/2023\/02\/3-ATITLAN-2-scaled.webp 1920w\" sizes=\"(max-width: 1024px) 100vw, 1024px\" title=\"Los volcanes de Tolim\u00e1n y Atitl\u00e1n, en esta fotograf\u00eda, son el marco incomparable del lago. Foto Gustavo Montenegro \u2013 SoyMigrante.com REVISTA\" \/>\t\t\t\t\t\t\t\t\t\t\t<figcaption class=\"widget-image-caption wp-caption-text\">Los volcanes de Tolim\u00e1n y Atitl\u00e1n, en esta fotograf\u00eda, son el marco incomparable del lago. Foto Gustavo Montenegro<\/figcaption>\n\t\t\t\t\t\t\t\t\t\t<\/figure>\n\t\t\t\t\t\t\t\t\t<\/div>\n\t\t\t\t\t<\/div>\n\t\t<\/div>\n\t\t\t\t\t<\/div>\n\t\t<\/section>\n\t\t\t\t<section data-particle_enable=\"false\" data-particle-mobile-disabled=\"false\" class=\"elementor-section elementor-top-section elementor-element elementor-element-03dbe9b elementor-section-boxed elementor-section-height-default elementor-section-height-default\" data-id=\"03dbe9b\" data-element_type=\"section\" data-e-type=\"section\">\n\t\t\t\t\t\t<div class=\"elementor-container elementor-column-gap-default\">\n\t\t\t\t\t<div class=\"elementor-column elementor-col-100 elementor-top-column elementor-element elementor-element-2d6b51c\" data-id=\"2d6b51c\" data-element_type=\"column\" data-e-type=\"column\">\n\t\t\t<div class=\"elementor-widget-wrap elementor-element-populated\">\n\t\t\t\t\t\t<div class=\"elementor-element elementor-element-9eebc41 elementor-widget elementor-widget-heading\" data-id=\"9eebc41\" data-element_type=\"widget\" data-e-type=\"widget\" data-widget_type=\"heading.default\">\n\t\t\t\t\t<h3 class=\"elementor-heading-title elementor-size-default\">6. \u00bfQu\u00e9 especie de ave ahora extinta habitaba el lago de Atitl\u00e1n? <\/h3>\t\t\t\t<\/div>\n\t\t\t\t\t<\/div>\n\t\t<\/div>\n\t\t\t\t\t<\/div>\n\t\t<\/section>\n\t\t\t\t<section data-particle_enable=\"false\" data-particle-mobile-disabled=\"false\" class=\"elementor-section elementor-top-section elementor-element elementor-element-30b5074 elementor-section-boxed elementor-section-height-default elementor-section-height-default\" data-id=\"30b5074\" data-element_type=\"section\" data-e-type=\"section\">\n\t\t\t\t\t\t<div class=\"elementor-container elementor-column-gap-default\">\n\t\t\t\t\t<div class=\"elementor-column elementor-col-100 elementor-top-column elementor-element elementor-element-66ddc44\" data-id=\"66ddc44\" data-element_type=\"column\" data-e-type=\"column\">\n\t\t\t<div class=\"elementor-widget-wrap elementor-element-populated\">\n\t\t\t\t\t\t<div class=\"elementor-element elementor-element-8750743 elementor-widget elementor-widget-text-editor\" data-id=\"8750743\" data-element_type=\"widget\" data-e-type=\"widget\" data-widget_type=\"text-editor.default\">\n\t\t\t\t\t\t\t\t\t<p>\u00a0<span style=\"color: var( --e-global-color-text );\">El 23 de enero de 1959 se public\u00f3 un acuerdo gubernativo que prohibi\u00f3 terminantemente la caza de aves acu\u00e1ticas con la finalidad de proteger al denominado \u201cpato zambullidor\u201d o \u201cpoc\u201d, que en realidad no era un pato sino un zampull\u00edn. As\u00ed se llama la especie.<\/span><\/p><p><span style=\"color: var( --e-global-color-text );\">Sin embargo la causa de su desaparici\u00f3n no fue tanto la cacer\u00eda sino la introducci\u00f3n de peces denominados &#8220;percas&#8221; supuestamente para fomentar la pesca deportiva y alimenticia.\u00a0<\/span><\/p><p><span style=\"color: var( --e-global-color-text );\">Estos peces comenzaron a devorar especies de crust\u00e1ceos de los cuales se alimentaban los &#8220;poc&#8221;, cuyo nombre cient\u00edfico era Podylimbus Gigas y que \u00fanicamente exist\u00eda en Atitl\u00e1n. A pesar de las campa\u00f1as efectuadas para impulsar su reproducci\u00f3n, el da\u00f1o estaba hecho.<\/span><\/p><p>El Poc fue declarado oficialmente extinto en 1987.\u00a0<\/p>\t\t\t\t\t\t\t\t<\/div>\n\t\t\t\t\t<\/div>\n\t\t<\/div>\n\t\t\t\t\t<\/div>\n\t\t<\/section>\n\t\t\t\t<section data-particle_enable=\"false\" data-particle-mobile-disabled=\"false\" class=\"elementor-section elementor-top-section elementor-element elementor-element-1b5b7c0 elementor-section-boxed elementor-section-height-default elementor-section-height-default\" data-id=\"1b5b7c0\" data-element_type=\"section\" data-e-type=\"section\">\n\t\t\t\t\t\t<div class=\"elementor-container elementor-column-gap-default\">\n\t\t\t\t\t<div class=\"elementor-column elementor-col-100 elementor-top-column elementor-element elementor-element-338ee47\" data-id=\"338ee47\" data-element_type=\"column\" data-e-type=\"column\">\n\t\t\t<div class=\"elementor-widget-wrap elementor-element-populated\">\n\t\t\t\t\t\t<div class=\"elementor-element elementor-element-f1da9b7 elementor-widget elementor-widget-image\" data-id=\"f1da9b7\" data-element_type=\"widget\" data-e-type=\"widget\" data-widget_type=\"image.default\">\n\t\t\t\t\t\t\t\t\t\t\t\t<figure class=\"wp-caption\">\n\t\t\t\t\t\t\t\t\t\t<img loading=\"lazy\" decoding=\"async\" width=\"1024\" height=\"779\" src=\"https:\/\/soymigrante.com\/revista\/wp-content\/uploads\/2023\/02\/patito-zambullidor-1024x779.jpg\" class=\"attachment-large size-large wp-image-974\" alt=\"\" srcset=\"https:\/\/soymigrante.com\/revista\/wp-content\/uploads\/2023\/02\/patito-zambullidor-1024x779.jpg 1024w, https:\/\/soymigrante.com\/revista\/wp-content\/uploads\/2023\/02\/patito-zambullidor-300x228.webp 300w, https:\/\/soymigrante.com\/revista\/wp-content\/uploads\/2023\/02\/patito-zambullidor-768x585.jpg 768w, https:\/\/soymigrante.com\/revista\/wp-content\/uploads\/2023\/02\/patito-zambullidor-750x571.webp 750w, https:\/\/soymigrante.com\/revista\/wp-content\/uploads\/2023\/02\/patito-zambullidor.webp 1072w\" sizes=\"(max-width: 1024px) 100vw, 1024px\" title=\"patito zambullidor \u2013 SoyMigrante.com REVISTA\" \/>\t\t\t\t\t\t\t\t\t\t\t<figcaption class=\"widget-image-caption wp-caption-text\">Sello postal de 1970 dedicado a promover la conservaci\u00f3n del Zambuillidor.<\/figcaption>\n\t\t\t\t\t\t\t\t\t\t<\/figure>\n\t\t\t\t\t\t\t\t\t<\/div>\n\t\t\t\t\t<\/div>\n\t\t<\/div>\n\t\t\t\t\t<\/div>\n\t\t<\/section>\n\t\t\t\t<section data-particle_enable=\"false\" data-particle-mobile-disabled=\"false\" class=\"elementor-section elementor-top-section elementor-element elementor-element-0bf25b3 elementor-section-boxed elementor-section-height-default elementor-section-height-default\" data-id=\"0bf25b3\" data-element_type=\"section\" data-e-type=\"section\">\n\t\t\t\t\t\t<div class=\"elementor-container elementor-column-gap-default\">\n\t\t\t\t\t<div class=\"elementor-column elementor-col-100 elementor-top-column elementor-element elementor-element-8267ebb\" data-id=\"8267ebb\" data-element_type=\"column\" data-e-type=\"column\">\n\t\t\t<div class=\"elementor-widget-wrap elementor-element-populated\">\n\t\t\t\t\t\t<div class=\"elementor-element elementor-element-d97e046 elementor-widget elementor-widget-heading\" data-id=\"d97e046\" data-element_type=\"widget\" data-e-type=\"widget\" data-widget_type=\"heading.default\">\n\t\t\t\t\t<h3 class=\"elementor-heading-title elementor-size-default\">7. \u00bfDesde hace cu\u00e1nto tiempo han existido poblados alrededor del lago de Atitl\u00e1n?<\/h3>\t\t\t\t<\/div>\n\t\t\t\t\t<\/div>\n\t\t<\/div>\n\t\t\t\t\t<\/div>\n\t\t<\/section>\n\t\t\t\t<section data-particle_enable=\"false\" data-particle-mobile-disabled=\"false\" class=\"elementor-section elementor-top-section elementor-element elementor-element-9d64644 elementor-section-boxed elementor-section-height-default elementor-section-height-default\" data-id=\"9d64644\" data-element_type=\"section\" data-e-type=\"section\">\n\t\t\t\t\t\t<div class=\"elementor-container elementor-column-gap-default\">\n\t\t\t\t\t<div class=\"elementor-column elementor-col-100 elementor-top-column elementor-element elementor-element-655b93a\" data-id=\"655b93a\" data-element_type=\"column\" data-e-type=\"column\">\n\t\t\t<div class=\"elementor-widget-wrap elementor-element-populated\">\n\t\t\t\t\t\t<div class=\"elementor-element elementor-element-88a2de0 elementor-widget elementor-widget-text-editor\" data-id=\"88a2de0\" data-element_type=\"widget\" data-e-type=\"widget\" data-widget_type=\"text-editor.default\">\n\t\t\t\t\t\t\t\t\t<p><span style=\"color: var( --e-global-color-text );\">Desde tiempos inmemoriales, las riberas del lago de Atitl\u00e1n han estado pobladas por las etnias tzutuhil, k&#8217;aqchikel y k&#8217;iche. Los vestigios arqueol\u00f3gicos sit\u00faan esos asentamientos hacia el a\u00f1o 1000 antes de Cristo. Es decir, suman m\u00e1s de 3 mil a\u00f1os de pueblos alrededor de Atitl\u00e1n.<\/span><\/p><p><span style=\"color: var( --e-global-color-text );\">\u00a0El Memorial de Solol\u00e1 o Anales de los Kaqchiqueles estipula la divisi\u00f3n, una distribuci\u00f3n que todav\u00eda persiste, ya que por el sur y\u00a0suroeste habitan varios pueblos de idioma tzutuhil, incluyendo el de Santiago Atitl\u00e1n que es el m\u00e1s importante porque fue corte de los reyes Ahtziquinehay.<\/span>\u00a0<\/p><p>Por el norte y este se encuentra Solol\u00e1 y varios pueblos kaqchiqueles, mientras que al oeste se encuentran ahora tambi\u00e9n algunos poblados de origen quich\u00e9. <a href=\"https:\/\/soymigrante.com\/revista\/10-pueblos-a-la-orilla-del-lago-de-atitlan-que-debes-descubrir\/\">En cada uno de ellos hay riqueza cultural, artesanal y natural.<\/a><\/p>\t\t\t\t\t\t\t\t<\/div>\n\t\t\t\t\t<\/div>\n\t\t<\/div>\n\t\t\t\t\t<\/div>\n\t\t<\/section>\n\t\t\t\t<section data-particle_enable=\"false\" data-particle-mobile-disabled=\"false\" class=\"elementor-section elementor-top-section elementor-element elementor-element-d9fc856 elementor-section-boxed elementor-section-height-default elementor-section-height-default\" data-id=\"d9fc856\" data-element_type=\"section\" data-e-type=\"section\">\n\t\t\t\t\t\t<div class=\"elementor-container elementor-column-gap-default\">\n\t\t\t\t\t<div class=\"elementor-column elementor-col-100 elementor-top-column elementor-element elementor-element-043951c\" data-id=\"043951c\" data-element_type=\"column\" data-e-type=\"column\">\n\t\t\t<div class=\"elementor-widget-wrap elementor-element-populated\">\n\t\t\t\t\t\t<div class=\"elementor-element elementor-element-d1987fd elementor-widget elementor-widget-image\" data-id=\"d1987fd\" data-element_type=\"widget\" data-e-type=\"widget\" data-widget_type=\"image.default\">\n\t\t\t\t\t\t\t\t\t\t\t\t<figure class=\"wp-caption\">\n\t\t\t\t\t\t\t\t\t\t<img loading=\"lazy\" decoding=\"async\" width=\"1024\" height=\"758\" src=\"https:\/\/soymigrante.com\/revista\/wp-content\/uploads\/2023\/02\/3-ATITLAN-3-1024x758.jpg\" class=\"attachment-large size-large wp-image-367\" alt=\"\" srcset=\"https:\/\/soymigrante.com\/revista\/wp-content\/uploads\/2023\/02\/3-ATITLAN-3-1024x758.jpg 1024w, https:\/\/soymigrante.com\/revista\/wp-content\/uploads\/2023\/02\/3-ATITLAN-3-300x222.webp 300w, https:\/\/soymigrante.com\/revista\/wp-content\/uploads\/2023\/02\/3-ATITLAN-3-768x569.jpg 768w, https:\/\/soymigrante.com\/revista\/wp-content\/uploads\/2023\/02\/3-ATITLAN-3-750x555.webp 750w, https:\/\/soymigrante.com\/revista\/wp-content\/uploads\/2023\/02\/3-ATITLAN-3-1140x844.jpg 1140w, https:\/\/soymigrante.com\/revista\/wp-content\/uploads\/2023\/02\/3-ATITLAN-3.webp 1448w\" sizes=\"(max-width: 1024px) 100vw, 1024px\" title=\"Atitl\u00e1n Siglo XVII \u2013 SoyMigrante.com REVISTA\" \/>\t\t\t\t\t\t\t\t\t\t\t<figcaption class=\"widget-image-caption wp-caption-text\">Mapa del curato de Atitl\u00e1n en 1696, Recordaci\u00f3n Florida de Francisco Antonio de Fuentes  y Guzm\u00e1n<\/figcaption>\n\t\t\t\t\t\t\t\t\t\t<\/figure>\n\t\t\t\t\t\t\t\t\t<\/div>\n\t\t\t\t\t<\/div>\n\t\t<\/div>\n\t\t\t\t\t<\/div>\n\t\t<\/section>\n\t\t\t\t<section data-particle_enable=\"false\" data-particle-mobile-disabled=\"false\" class=\"elementor-section elementor-top-section elementor-element elementor-element-c7938ef elementor-section-boxed elementor-section-height-default elementor-section-height-default\" data-id=\"c7938ef\" data-element_type=\"section\" data-e-type=\"section\">\n\t\t\t\t\t\t<div class=\"elementor-container elementor-column-gap-default\">\n\t\t\t\t\t<div class=\"elementor-column elementor-col-100 elementor-top-column elementor-element elementor-element-bb37ac7\" data-id=\"bb37ac7\" data-element_type=\"column\" data-e-type=\"column\">\n\t\t\t<div class=\"elementor-widget-wrap elementor-element-populated\">\n\t\t\t\t\t\t<div class=\"elementor-element elementor-element-4b990ca elementor-widget elementor-widget-heading\" data-id=\"4b990ca\" data-element_type=\"widget\" data-e-type=\"widget\" data-widget_type=\"heading.default\">\n\t\t\t\t\t<h3 class=\"elementor-heading-title elementor-size-default\">8. \u00bfEs cierto que alguna vez el lago de Atitl\u00e1n tuvo una isla? <\/h3>\t\t\t\t<\/div>\n\t\t\t\t\t<\/div>\n\t\t<\/div>\n\t\t\t\t\t<\/div>\n\t\t<\/section>\n\t\t\t\t<section data-particle_enable=\"false\" data-particle-mobile-disabled=\"false\" class=\"elementor-section elementor-top-section elementor-element elementor-element-3dee282 elementor-section-boxed elementor-section-height-default elementor-section-height-default\" data-id=\"3dee282\" data-element_type=\"section\" data-e-type=\"section\">\n\t\t\t\t\t\t<div class=\"elementor-container elementor-column-gap-default\">\n\t\t\t\t\t<div class=\"elementor-column elementor-col-100 elementor-top-column elementor-element elementor-element-b9eba54\" data-id=\"b9eba54\" data-element_type=\"column\" data-e-type=\"column\">\n\t\t\t<div class=\"elementor-widget-wrap elementor-element-populated\">\n\t\t\t\t\t\t<div class=\"elementor-element elementor-element-ed7d896 elementor-widget elementor-widget-text-editor\" data-id=\"ed7d896\" data-element_type=\"widget\" data-e-type=\"widget\" data-widget_type=\"text-editor.default\">\n\t\t\t\t\t\t\t\t\t<p>S\u00ed, de hecho no fue una sino tres.\u00a0<span style=\"color: var( --e-global-color-text );\">Samabaj es el nombre que se dio al sitio arqueol\u00f3gico localizado bajo la superficie de Atitl\u00e1n. Data del a\u00f1o 1700 a 2000 antes de Cristo.\u00a0 El \u00e1rea principal se encuentra en la mayor de tres islotes, hoy hundidos por posibles hundimientos de la caldera sobre la cual se asienta el lago, quiz\u00e1 a causa de un sismo.\u00a0<\/span><\/p><p><span style=\"color: var( --e-global-color-text );\">El sitio fue descubierto en 1996 por el explorador Roberto Samayoa, por lo cual el nombre otorgado actualmente proviene de las primeras dos s\u00edlabas de su apellido y de la palabra maya Abaj, que significa piedra.<\/span><\/p><p>Las estructuras encontradas abarcan unos 1,500 metros cuadrados; se supone que este era un pueblo pesquero, con muelles. El explorador Tommy Vawter efectu\u00f3 un recorrido subacu\u00e1tico en el cual se pueden ver estelas y las bases de varias estructuras del sitio cuyo nombre prehisp\u00e1nico a\u00fan es un misterio.<\/p>\t\t\t\t\t\t\t\t<\/div>\n\t\t\t\t\t<\/div>\n\t\t<\/div>\n\t\t\t\t\t<\/div>\n\t\t<\/section>\n\t\t\t\t<section data-particle_enable=\"false\" data-particle-mobile-disabled=\"false\" class=\"elementor-section elementor-top-section elementor-element elementor-element-d8b47e4 elementor-section-boxed elementor-section-height-default elementor-section-height-default\" data-id=\"d8b47e4\" data-element_type=\"section\" data-e-type=\"section\">\n\t\t\t\t\t\t<div class=\"elementor-container elementor-column-gap-default\">\n\t\t\t\t\t<div class=\"elementor-column elementor-col-100 elementor-top-column elementor-element elementor-element-3c9e150\" data-id=\"3c9e150\" data-element_type=\"column\" data-e-type=\"column\">\n\t\t\t<div class=\"elementor-widget-wrap elementor-element-populated\">\n\t\t\t\t\t\t<div class=\"elementor-element elementor-element-68a7602 elementor-widget elementor-widget-heading\" data-id=\"68a7602\" data-element_type=\"widget\" data-e-type=\"widget\" data-widget_type=\"heading.default\">\n\t\t\t\t\t<h4 class=\"elementor-heading-title elementor-size-default\">Sum\u00e9rjase y vea la ciudad bajo las aguas del lago de Atitl\u00e1n<\/h4>\t\t\t\t<\/div>\n\t\t\t\t\t<\/div>\n\t\t<\/div>\n\t\t\t\t\t<\/div>\n\t\t<\/section>\n\t\t\t\t<section data-particle_enable=\"false\" data-particle-mobile-disabled=\"false\" class=\"elementor-section elementor-top-section elementor-element elementor-element-4f15e9d elementor-section-boxed elementor-section-height-default elementor-section-height-default\" data-id=\"4f15e9d\" data-element_type=\"section\" data-e-type=\"section\">\n\t\t\t\t\t\t<div class=\"elementor-container elementor-column-gap-default\">\n\t\t\t\t\t<div class=\"elementor-column elementor-col-100 elementor-top-column elementor-element elementor-element-50bd964\" data-id=\"50bd964\" data-element_type=\"column\" data-e-type=\"column\">\n\t\t\t<div class=\"elementor-widget-wrap elementor-element-populated\">\n\t\t\t\t\t\t<div class=\"elementor-element elementor-element-bb921b7 elementor-widget elementor-widget-video\" data-id=\"bb921b7\" data-element_type=\"widget\" data-e-type=\"widget\" data-settings=\"{&quot;youtube_url&quot;:&quot;https:\\\/\\\/www.youtube.com\\\/watch?v=CPglw8f64zk&amp;t=538s&quot;,&quot;start&quot;:360,&quot;video_type&quot;:&quot;youtube&quot;,&quot;controls&quot;:&quot;yes&quot;}\" data-widget_type=\"video.default\">\n\t\t\t\t\t\t\t<div class=\"elementor-wrapper elementor-open-inline\">\n\t\t\t<div class=\"elementor-video\"><\/div>\t\t<\/div>\n\t\t\t\t\t\t<\/div>\n\t\t\t\t\t<\/div>\n\t\t<\/div>\n\t\t\t\t\t<\/div>\n\t\t<\/section>\n\t\t\t\t<section data-particle_enable=\"false\" data-particle-mobile-disabled=\"false\" class=\"elementor-section elementor-top-section elementor-element elementor-element-ddab424 elementor-section-boxed elementor-section-height-default elementor-section-height-default\" data-id=\"ddab424\" data-element_type=\"section\" data-e-type=\"section\">\n\t\t\t\t\t\t<div class=\"elementor-container elementor-column-gap-default\">\n\t\t\t\t\t<div class=\"elementor-column elementor-col-100 elementor-top-column elementor-element elementor-element-a7f62b7\" data-id=\"a7f62b7\" data-element_type=\"column\" data-e-type=\"column\">\n\t\t\t<div class=\"elementor-widget-wrap elementor-element-populated\">\n\t\t\t\t\t\t<div class=\"elementor-element elementor-element-6e95b4b elementor-widget elementor-widget-heading\" data-id=\"6e95b4b\" data-element_type=\"widget\" data-e-type=\"widget\" data-widget_type=\"heading.default\">\n\t\t\t\t\t<h3 class=\"elementor-heading-title elementor-size-default\">9. \u00bfSigue la contaminaci\u00f3n llegando al lago de Atitl\u00e1n? <\/h3>\t\t\t\t<\/div>\n\t\t\t\t\t<\/div>\n\t\t<\/div>\n\t\t\t\t\t<\/div>\n\t\t<\/section>\n\t\t\t\t<section data-particle_enable=\"false\" data-particle-mobile-disabled=\"false\" class=\"elementor-section elementor-top-section elementor-element elementor-element-bddc468 elementor-section-boxed elementor-section-height-default elementor-section-height-default\" data-id=\"bddc468\" data-element_type=\"section\" data-e-type=\"section\">\n\t\t\t\t\t\t<div class=\"elementor-container elementor-column-gap-default\">\n\t\t\t\t\t<div class=\"elementor-column elementor-col-100 elementor-top-column elementor-element elementor-element-459150f\" data-id=\"459150f\" data-element_type=\"column\" data-e-type=\"column\">\n\t\t\t<div class=\"elementor-widget-wrap elementor-element-populated\">\n\t\t\t\t\t\t<div class=\"elementor-element elementor-element-fcef9e6 elementor-widget elementor-widget-text-editor\" data-id=\"fcef9e6\" data-element_type=\"widget\" data-e-type=\"widget\" data-widget_type=\"text-editor.default\">\n\t\t\t\t\t\t\t\t\t<p>\u00a0Desde la d\u00e9cada de 1980 la contaminaci\u00f3n del Lago de Atitl\u00e1n, debido al aumento poblacional. M\u00e1s gente significa m\u00e1s desag\u00fces directos a sus aguas. Se han instalado algunas plantas de tratamiento pero son insuficientes.\u00a0<\/p><p>Tambi\u00e9n se ha talado la cobertura de bosques, con lo cual hay mayor arrastre de tierra suelta. Adem\u00e1s, la tala de bosques se da por mayor uso de suelo para agricultura y eso significa m\u00e1s uso de fertilizantes e insecticidas, cuyos residuos son arrastrados por las lluvias hasta el lago.<\/p><p>Esto ha cambiado la estructura ecol\u00f3gica del lago. Por eso desde 2008 se ha detectado el crecimiento de cianobacterias, que se alimentan de residuos de abonos y que van oscureciendo las aguas.\u00a0<\/p><p>Tambi\u00e9n llegan al lago otros residuos como basura pl\u00e1stica, aceites de motores, desinfectantes, detergentes, jabones, que impactan en las especies de peces del lago.<\/p><p>Para eso se creo la <a href=\"https:\/\/www.amsclae.gob.gt\/\">Autoridad para el Manejo Sustentable del Lago de Atitl\u00e1n<\/a>, que efect\u00faa constantes esfuerzos. Sin embarego la limitaci\u00f3n de recursos y de apoyo del gobierno central, as\u00ed como las deficiencias y problemas de municipalidades circundantes complica su labor.<\/p><p><b>Lamentablemente, la llegada de aguas negras al Lago m\u00e1s hermoso del mundo contin\u00faa. Se debe actuar para remediarlo.<\/b><\/p>\t\t\t\t\t\t\t\t<\/div>\n\t\t\t\t\t<\/div>\n\t\t<\/div>\n\t\t\t\t\t<\/div>\n\t\t<\/section>\n\t\t<div data-particle_enable=\"false\" data-particle-mobile-disabled=\"false\" class=\"elementor-element elementor-element-ca3d6c0 e-flex e-con-boxed e-con e-parent\" data-id=\"ca3d6c0\" data-element_type=\"container\" data-e-type=\"container\">\n\t\t\t\t\t<div class=\"e-con-inner\">\n\t\t\t\t<div class=\"elementor-element elementor-element-b0293f6 elementor-widget elementor-widget-video\" data-id=\"b0293f6\" data-element_type=\"widget\" data-e-type=\"widget\" data-settings=\"{&quot;youtube_url&quot;:&quot;https:\\\/\\\/www.youtube.com\\\/watch?v=M8Q9Rz_X6xc&quot;,&quot;video_type&quot;:&quot;youtube&quot;,&quot;controls&quot;:&quot;yes&quot;}\" data-widget_type=\"video.default\">\n\t\t\t\t\t\t\t<div class=\"elementor-wrapper elementor-open-inline\">\n\t\t\t<div class=\"elementor-video\"><\/div>\t\t<\/div>\n\t\t\t\t\t\t<\/div>\n\t\t\t\t\t<\/div>\n\t\t\t\t<\/div>\n\t\t\t\t<section data-particle_enable=\"false\" data-particle-mobile-disabled=\"false\" class=\"elementor-section elementor-top-section elementor-element elementor-element-8211b3b elementor-section-boxed elementor-section-height-default elementor-section-height-default\" data-id=\"8211b3b\" data-element_type=\"section\" data-e-type=\"section\">\n\t\t\t\t\t\t<div class=\"elementor-container elementor-column-gap-default\">\n\t\t\t\t\t<div class=\"elementor-column elementor-col-100 elementor-top-column elementor-element elementor-element-8ae472f\" data-id=\"8ae472f\" data-element_type=\"column\" data-e-type=\"column\">\n\t\t\t<div class=\"elementor-widget-wrap elementor-element-populated\">\n\t\t\t\t\t\t<div class=\"elementor-element elementor-element-8b9a78c elementor-widget elementor-widget-heading\" data-id=\"8b9a78c\" data-element_type=\"widget\" data-e-type=\"widget\" data-widget_type=\"heading.default\">\n\t\t\t\t\t<h3 class=\"elementor-heading-title elementor-size-default\">10. \u00bfQui\u00e9n le escribi\u00f3 su canci\u00f3n a Atitl\u00e1n? <\/h3>\t\t\t\t<\/div>\n\t\t\t\t\t<\/div>\n\t\t<\/div>\n\t\t\t\t\t<\/div>\n\t\t<\/section>\n\t\t\t\t<section data-particle_enable=\"false\" data-particle-mobile-disabled=\"false\" class=\"elementor-section elementor-top-section elementor-element elementor-element-75b2221 elementor-section-boxed elementor-section-height-default elementor-section-height-default\" data-id=\"75b2221\" data-element_type=\"section\" data-e-type=\"section\">\n\t\t\t\t\t\t<div class=\"elementor-container elementor-column-gap-default\">\n\t\t\t\t\t<div class=\"elementor-column elementor-col-100 elementor-top-column elementor-element elementor-element-eec2512\" data-id=\"eec2512\" data-element_type=\"column\" data-e-type=\"column\">\n\t\t\t<div class=\"elementor-widget-wrap elementor-element-populated\">\n\t\t\t\t\t\t<div class=\"elementor-element elementor-element-3f8c8e0 elementor-widget elementor-widget-text-editor\" data-id=\"3f8c8e0\" data-element_type=\"widget\" data-e-type=\"widget\" data-widget_type=\"text-editor.default\">\n\t\t\t\t\t\t\t\t\t<p>El cantautor guatemalteco Jos\u00e9 Ernesto Monz\u00f3n, llamado popularmente El Cantor del Paisaje, le compuso una canci\u00f3n a Atitl\u00e1n, que interpretada en voces de ni\u00f1os de Santiago Atitl\u00e1n despierta sublimes sentimientos.\u00a0 Aqu\u00ed est\u00e1 la letra, y <a href=\"https:\/\/pentagramamineduc.blogspot.com\/p\/quienes-somos.html#:~:text=El%20Programa%20Pentagrama%20es%20una,los%2022%20departamentos%20del%20pa%C3%ADs.\">la siguiente interpretaci\u00f3n infantil impulsada por el Pentagrama Musical del Ministerio de Educaci\u00f3n.<\/a><\/p>\t\t\t\t\t\t\t\t<\/div>\n\t\t\t\t\t<\/div>\n\t\t<\/div>\n\t\t\t\t\t<\/div>\n\t\t<\/section>\n\t\t\t\t<section data-particle_enable=\"false\" data-particle-mobile-disabled=\"false\" class=\"elementor-section elementor-top-section elementor-element elementor-element-d5f2292 elementor-section-boxed elementor-section-height-default elementor-section-height-default\" data-id=\"d5f2292\" data-element_type=\"section\" data-e-type=\"section\">\n\t\t\t\t\t\t<div class=\"elementor-container elementor-column-gap-default\">\n\t\t\t\t\t<div class=\"elementor-column elementor-col-100 elementor-top-column elementor-element elementor-element-7330c53\" data-id=\"7330c53\" data-element_type=\"column\" data-e-type=\"column\">\n\t\t\t<div class=\"elementor-widget-wrap elementor-element-populated\">\n\t\t\t\t\t\t<div class=\"elementor-element elementor-element-a243146 elementor-widget__width-initial elementor-widget elementor-widget-text-editor\" data-id=\"a243146\" data-element_type=\"widget\" data-e-type=\"widget\" data-widget_type=\"text-editor.default\">\n\t\t\t\t\t\t\t\t\t<p>\u00a1Qu\u00e9 primoroso es el paisaje!<br><span style=\"color: var( --e-global-color-text );\">que entre <i>celajes las olas dan,<br><\/i><\/span><i><span style=\"color: var( --e-global-color-text );\">cuando temprano voy navegando<br><\/span><span style=\"color: var( --e-global-color-text );\">sobre las aguas del Atitl\u00e1n.<\/span><\/i><\/p>\n<p><i><span style=\"color: var( --e-global-color-text );\">Lindos pueblecitos en sus orillas<br><\/span><span style=\"color: var( --e-global-color-text );\">llenan de gracia con su primor<br><\/span><span style=\"color: var( --e-global-color-text );\">y sus volcanes son los guardianes<br><\/span><span style=\"color: var( --e-global-color-text );\">tan majestuosos que puso Dios.<\/span><\/i><\/p>\n<p><i><span style=\"color: var( --e-global-color-text );\">\u00a1Ah\u2026 qu\u00e9 divino, por la ma\u00f1ana!<br><\/span><span style=\"color: var( --e-global-color-text );\">ir navegando con mi canci\u00f3n,<br><\/span><span style=\"color: var( --e-global-color-text );\">parece un sue\u00f1o ver el espejo<br><\/span><span style=\"color: var( --e-global-color-text );\">donde se mira la cara el Sol.<\/span><\/i><\/p>\n<p><i><span style=\"color: var( --e-global-color-text );\">Y c\u00f3mo cambian color sus aguas<br><\/span><span style=\"color: var( --e-global-color-text );\">pasan de verde al azul y a\u00f1il<br><\/span><span style=\"color: var( --e-global-color-text );\">y por la tarde es peligroso<br><\/span><span style=\"color: var( --e-global-color-text );\">cuando lo azota el Xocomil.<\/span><\/i><\/p>\n<p><i><span style=\"color: var( --e-global-color-text );\">Es un orgullo de Guatemala<br><\/span><span style=\"color: var( --e-global-color-text );\">ese paseo de Solol\u00e1,<br><\/span><span style=\"color: var( --e-global-color-text );\">con sus inditas vendiendo fresas<br><\/span><span style=\"color: var( --e-global-color-text );\">en las orillas del Atitl\u00e1n.<\/span><\/i><\/p>\n<p><i><span style=\"color: var( --e-global-color-text );\">Lindo paisaje, es \u201cEl Para\u00edso\u201d,<br><\/span><span style=\"color: var( --e-global-color-text );\">tiene sabor de luna de miel\u2026<br><\/span><span style=\"color: var( --e-global-color-text );\">guardabarrancas y clarineros<br><\/span><span style=\"color: var( --e-global-color-text );\">dan la alborada en Panajachel.<\/span><\/i><\/p>\n<p><i><span style=\"color: var( --e-global-color-text );\">\u00a1Ah\u2026 qu\u00e9 divino, por la ma\u00f1ana!<br><\/span><span style=\"color: var( --e-global-color-text );\">ir navegando con mi canci\u00f3n,<br><\/span><span style=\"color: var( --e-global-color-text );\">parece un sue\u00f1o ver el espejo<br><\/span><span style=\"color: var( --e-global-color-text );\">donde se mira la cara el Sol.<\/span><\/i><\/p>\n<p><i><span style=\"color: var( --e-global-color-text );\">Y c\u00f3mo cambian color sus aguas<br><\/span><span style=\"color: var( --e-global-color-text );\">pasan de verde al azul y a\u00f1il<br><\/span><span style=\"color: var( --e-global-color-text );\">y por la tarde es peligroso<br><\/span><span style=\"color: var( --e-global-color-text );\">cuando lo azota el Xocomil.<\/span><\/i><\/p>\n<p><i><span style=\"color: var( --e-global-color-text );\">Autor de letra y m\u00fasica:<a href=\"https:\/\/es.wikipedia.org\/wiki\/Jos%C3%A9_Ernesto_Monz%C3%B3n\"> Jos\u00e9 Ernesto Monz\u00f3n<\/a><\/span><\/i><\/p>\t\t\t\t\t\t\t\t<\/div>\n\t\t\t\t\t<\/div>\n\t\t<\/div>\n\t\t\t\t\t<\/div>\n\t\t<\/section>\n\t\t\t\t<section data-particle_enable=\"false\" data-particle-mobile-disabled=\"false\" class=\"elementor-section elementor-top-section elementor-element elementor-element-a9f1e06 elementor-section-boxed elementor-section-height-default elementor-section-height-default\" data-id=\"a9f1e06\" data-element_type=\"section\" data-e-type=\"section\">\n\t\t\t\t\t\t<div class=\"elementor-container elementor-column-gap-default\">\n\t\t\t\t\t<div class=\"elementor-column elementor-col-100 elementor-top-column elementor-element elementor-element-035d5b4\" data-id=\"035d5b4\" data-element_type=\"column\" data-e-type=\"column\">\n\t\t\t<div class=\"elementor-widget-wrap elementor-element-populated\">\n\t\t\t\t\t\t<div class=\"elementor-element elementor-element-2a0c14a elementor-widget elementor-widget-video\" data-id=\"2a0c14a\" data-element_type=\"widget\" data-e-type=\"widget\" data-settings=\"{&quot;youtube_url&quot;:&quot;https:\\\/\\\/www.youtube.com\\\/watch?v=HKGeCuSaQws&quot;,&quot;start&quot;:10,&quot;autoplay&quot;:&quot;yes&quot;,&quot;lazy_load&quot;:&quot;yes&quot;,&quot;end&quot;:30,&quot;video_type&quot;:&quot;youtube&quot;,&quot;controls&quot;:&quot;yes&quot;}\" data-widget_type=\"video.default\">\n\t\t\t\t\t\t\t<div class=\"elementor-wrapper elementor-open-inline\">\n\t\t\t<div class=\"elementor-video\"><\/div>\t\t<\/div>\n\t\t\t\t\t\t<\/div>\n\t\t\t\t\t<\/div>\n\t\t<\/div>\n\t\t\t\t\t<\/div>\n\t\t<\/section>\n\t\t\t\t<section data-particle_enable=\"false\" data-particle-mobile-disabled=\"false\" class=\"elementor-section elementor-top-section elementor-element elementor-element-a373e87 elementor-section-boxed elementor-section-height-default elementor-section-height-default\" data-id=\"a373e87\" data-element_type=\"section\" data-e-type=\"section\">\n\t\t\t\t\t\t<div class=\"elementor-container elementor-column-gap-default\">\n\t\t\t\t\t<div class=\"elementor-column elementor-col-100 elementor-top-column elementor-element elementor-element-a363ad2\" data-id=\"a363ad2\" data-element_type=\"column\" data-e-type=\"column\">\n\t\t\t<div class=\"elementor-widget-wrap elementor-element-populated\">\n\t\t\t\t\t\t<div class=\"elementor-element elementor-element-a147d16 elementor-widget elementor-widget-heading\" data-id=\"a147d16\" data-element_type=\"widget\" data-e-type=\"widget\" data-widget_type=\"heading.default\">\n\t\t\t\t\t<h2 class=\"elementor-heading-title elementor-size-default\">Guatemala es deslumbrante<\/h2>\t\t\t\t<\/div>\n\t\t\t\t\t<\/div>\n\t\t<\/div>\n\t\t\t\t\t<\/div>\n\t\t<\/section>\n\t\t\t\t<section data-particle_enable=\"false\" data-particle-mobile-disabled=\"false\" class=\"elementor-section elementor-top-section elementor-element elementor-element-b3254b3 elementor-section-boxed elementor-section-height-default elementor-section-height-default\" data-id=\"b3254b3\" data-element_type=\"section\" data-e-type=\"section\">\n\t\t\t\t\t\t<div class=\"elementor-container elementor-column-gap-default\">\n\t\t\t\t\t<div class=\"elementor-column elementor-col-100 elementor-top-column elementor-element elementor-element-dcfb2ca\" data-id=\"dcfb2ca\" data-element_type=\"column\" data-e-type=\"column\">\n\t\t\t<div class=\"elementor-widget-wrap elementor-element-populated\">\n\t\t\t\t\t\t<div class=\"elementor-element elementor-element-9bc9b58 elementor-widget elementor-widget-blfe-post-grid\" data-id=\"9bc9b58\" data-element_type=\"widget\" data-e-type=\"widget\" data-settings=\"{&quot;columns&quot;:&quot;3&quot;,&quot;columns_tablet&quot;:&quot;6&quot;,&quot;columns_mobile&quot;:&quot;12&quot;,&quot;hero1_layout_column_gap&quot;:{&quot;unit&quot;:&quot;px&quot;,&quot;size&quot;:30,&quot;sizes&quot;:[]},&quot;hero1_layout_column_gap_tablet&quot;:{&quot;unit&quot;:&quot;px&quot;,&quot;size&quot;:&quot;&quot;,&quot;sizes&quot;:[]},&quot;hero1_layout_column_gap_mobile&quot;:{&quot;unit&quot;:&quot;px&quot;,&quot;size&quot;:&quot;&quot;,&quot;sizes&quot;:[]},&quot;hero1_layout_row_gap&quot;:{&quot;unit&quot;:&quot;px&quot;,&quot;size&quot;:30,&quot;sizes&quot;:[]},&quot;hero1_layout_row_gap_tablet&quot;:{&quot;unit&quot;:&quot;px&quot;,&quot;size&quot;:&quot;&quot;,&quot;sizes&quot;:[]},&quot;hero1_layout_row_gap_mobile&quot;:{&quot;unit&quot;:&quot;px&quot;,&quot;size&quot;:&quot;&quot;,&quot;sizes&quot;:[]}}\" data-widget_type=\"blfe-post-grid.hero1\">\n\t\t\t\t<div class=\"elementor-widget-container\">\n\t\t\t\t\t\n                        <div class=\"blfe-post-grid-container \">\n            \n                <div data-skin=\"hero1\" class=\"blfe-row blfe-posts-inner blfe-hero1 blfe-posts-inner blfe-col-3 blfe-col-tab-6 blfe-col-mob-12     \">\n                            <div class=\"blfe-post-grid-item\">\n            <div class=\"blfe-post-grid-item-inner blfe-modern-zoom\">\n                        <div class=\"blfe-post-grid-bg-image\">\n            <a class=\"blfe-post-grid-image-inner\" href=\"https:\/\/soymigrante.com\/revista\/como-fue-vencido-cabrakan-el-gigante-de-los-terremotos-en-el-popol-vuh\/\" title=\"\u00bfC\u00f3mo fue vencido Cabrak\u00e1n, el gigante de los terremotos en el Popol Vuh?\" rel=\"nofollow\" target=\"_blank\"><img decoding=\"async\" src=\"https:\/\/soymigrante.com\/revista\/wp-content\/uploads\/2025\/07\/cabracan-o-cabrakan-dios-maya-de-los-terremotos-2.webp\" alt=\"\u00bfC\u00f3mo fue vencido Cabrak\u00e1n, el gigante de los terremotos en el Popol Vuh?\"\/><\/a>        <\/div>\n                        <div class=\"blfe-post-grid-details\">\n                    <div class=\"blfe-post-grid-details-inner\">\n                        <span class=\"blfe-post-category\"><a href=\"https:\/\/soymigrante.com\/revista\/category\/guate-nuestra\/\">Guate Nuestra<\/a><\/span>                        <h3 class=\"blfe-post-grid-title\">\n            <a href=\"https:\/\/soymigrante.com\/revista\/como-fue-vencido-cabrakan-el-gigante-de-los-terremotos-en-el-popol-vuh\/\" title=\"\u00bfC\u00f3mo fue vencido Cabrak\u00e1n, el gigante de los terremotos en el Popol Vuh?\" rel=\"nofollow\" target=\"_blank\">\u00bfC\u00f3mo fue vencido Cabrak\u00e1n, el gigante de los terremotos en el Popol Vuh?<\/a>\n            <\/h3>                                                            <div class=\"blfe-post-grid-meta\">\n                <span class=\"blfe-post-grid-time\"><i class=\"fas fa-book-reader\"><\/i>6 Min read<\/span>            <\/div>\n                                                        <\/div>\n                <\/div>\n\n            <\/div>\n        <\/div>\n                <div class=\"blfe-post-grid-item\">\n            <div class=\"blfe-post-grid-item-inner blfe-modern-zoom\">\n                        <div class=\"blfe-post-grid-bg-image\">\n            <a class=\"blfe-post-grid-image-inner\" href=\"https:\/\/soymigrante.com\/revista\/piedras-de-kabtzin-huehuetenango-cuchumatanes-leyenda-misterio\/\" title=\"\u00bfConoces la leyenda de las piedras de Kab&#8217;Tzin en Huehuetenango?\" rel=\"nofollow\" target=\"_blank\"><img decoding=\"async\" src=\"https:\/\/soymigrante.com\/revista\/wp-content\/uploads\/2025\/07\/piedras-de-capsin-5-e1753064925683.webp\" alt=\"\u00bfConoces la leyenda de las piedras de Kab&#8217;Tzin en Huehuetenango?\"\/><\/a>        <\/div>\n                        <div class=\"blfe-post-grid-details\">\n                    <div class=\"blfe-post-grid-details-inner\">\n                        <span class=\"blfe-post-category\"><a href=\"https:\/\/soymigrante.com\/revista\/category\/guate-nuestra\/\">Guate Nuestra<\/a><\/span>                        <h3 class=\"blfe-post-grid-title\">\n            <a href=\"https:\/\/soymigrante.com\/revista\/piedras-de-kabtzin-huehuetenango-cuchumatanes-leyenda-misterio\/\" title=\"\u00bfConoces la leyenda de las piedras de Kab&#8217;Tzin en Huehuetenango?\" rel=\"nofollow\" target=\"_blank\">\u00bfConoces la leyenda de las piedras de Kab&#8217;Tzin en Huehuetenango?<\/a>\n            <\/h3>                                                            <div class=\"blfe-post-grid-meta\">\n                <span class=\"blfe-post-grid-time\"><i class=\"fas fa-book-reader\"><\/i>4 Min read<\/span>            <\/div>\n                                                        <\/div>\n                <\/div>\n\n            <\/div>\n        <\/div>\n                <div class=\"blfe-post-grid-item\">\n            <div class=\"blfe-post-grid-item-inner blfe-modern-zoom\">\n                        <div class=\"blfe-post-grid-bg-image\">\n            <a class=\"blfe-post-grid-image-inner\" href=\"https:\/\/soymigrante.com\/revista\/ruta-volcanica-hunahpu-el-antiguo-nombre-del-volcan-de-agua-lo-sabias\/\" title=\"\u00bfCu\u00e1l es el nombre prehisp\u00e1nico del Volc\u00e1n de Agua?\" rel=\"nofollow\" target=\"_blank\"><img decoding=\"async\" src=\"https:\/\/soymigrante.com\/revista\/wp-content\/uploads\/2025\/02\/Volcan-de-Agua-desde-el-Acatenango-1.webp\" alt=\"\u00bfCu\u00e1l es el nombre prehisp\u00e1nico del Volc\u00e1n de Agua?\"\/><\/a>        <\/div>\n                        <div class=\"blfe-post-grid-details\">\n                    <div class=\"blfe-post-grid-details-inner\">\n                        <span class=\"blfe-post-category\"><a href=\"https:\/\/soymigrante.com\/revista\/category\/guate-nuestra\/\">Guate Nuestra<\/a><\/span>                        <h3 class=\"blfe-post-grid-title\">\n            <a href=\"https:\/\/soymigrante.com\/revista\/ruta-volcanica-hunahpu-el-antiguo-nombre-del-volcan-de-agua-lo-sabias\/\" title=\"\u00bfCu\u00e1l es el nombre prehisp\u00e1nico del Volc\u00e1n de Agua?\" rel=\"nofollow\" target=\"_blank\">\u00bfCu\u00e1l es el nombre prehisp\u00e1nico del Volc\u00e1n de Agua?<\/a>\n            <\/h3>                                                            <div class=\"blfe-post-grid-meta\">\n                <span class=\"blfe-post-grid-time\"><i class=\"fas fa-book-reader\"><\/i>4 Min read<\/span>            <\/div>\n                                                        <\/div>\n                <\/div>\n\n            <\/div>\n        <\/div>\n                        <\/div>\n\n                        <\/div>\n            \n                        <div class=\"blfe-post-footer\">\n                        <\/div>\n            \t\t\t\t<\/div>\n\t\t\t\t<\/div>\n\t\t\t\t\t<\/div>\n\t\t<\/div>\n\t\t\t\t\t<\/div>\n\t\t<\/section>\n\t\t\t\t<\/div>\n\t\t","protected":false},"excerpt":{"rendered":"<p>Atitl\u00e1n es, sin duda alguna, el lago guatemalteco m\u00e1s famoso del mundo, por su paisaje \u00fanico, sus volcanes y sus pueblos circundantes. Por eso mismo desata muchas preguntas: \u00bfQu\u00e9 extensi\u00f3n y qu\u00e9 profundidad tiene? \u00bfCu\u00e1ntos municipios hay su alrededor? Emoci\u00f3n ancestralhecha l\u00e1grima: Lago:suspiro horizontal. As\u00ed describi\u00f3 el gran poeta guatemalteco Flavio Herrera al lago de [&hellip;]<\/p>\n","protected":false},"author":7,"featured_media":681,"comment_status":"open","ping_status":"open","sticky":false,"template":"","format":"standard","meta":{"_acf_changed":false,"_eb_attr":"","footnotes":""},"categories":[58],"tags":[],"class_list":["post-363","post","type-post","status-publish","format-standard","has-post-thumbnail","hentry","category-guate-nuestra"],"acf":[],"aioseo_notices":[],"aioseo_head":"\n\t\t<!-- All in One SEO Pro 4.9.6.2 - aioseo.com -->\n\t<meta name=\"description\" content=\"El Volc\u00e1n de Agua, con sus 3,766 metros de altura, se alza majestuosamente entre Escuintla y Sacatep\u00e9quez. Expl\u00f3ralo.\" \/>\n\t<meta name=\"robots\" content=\"max-snippet:-1, max-image-preview:large, max-video-preview:-1\" \/>\n\t<meta name=\"author\" content=\"SoyMigrante.com REVISTA\"\/>\n\t<link rel=\"canonical\" href=\"https:\/\/soymigrante.com\/revista\/ruta-volcanica-hunahpu-el-antiguo-nombre-del-volcan-de-agua-lo-sabias\/\" \/>\n\t<meta name=\"generator\" content=\"All in One SEO Pro (AIOSEO) 4.9.6.2\" \/>\n\n\t\t<link rel=\"preconnect\" href=\"https:\/\/fonts.googleapis.com\" crossorigin>\n<link rel=\"preconnect\" href=\"https:\/\/fonts.gstatic.com\" crossorigin>\n\t\t<meta property=\"og:locale\" content=\"es_ES\" \/>\n\t\t<meta property=\"og:site_name\" content=\"SoyMigrante.com REVISTA \u2013 Nuestra misi\u00f3n es reconocer y dignificar al migrante.\" \/>\n\t\t<meta property=\"og:type\" content=\"article\" \/>\n\t\t<meta property=\"og:title\" content=\"Hunahp\u00fa, el antiguo nombre del volc\u00e1n de Agua \u00bfLo sab\u00edas?\" \/>\n\t\t<meta property=\"og:description\" content=\"El Volc\u00e1n de Agua, con sus 3,766 metros de altura, se alza majestuosamente entre Escuintla y Sacatep\u00e9quez. Expl\u00f3ralo.\" \/>\n\t\t<meta property=\"og:url\" content=\"https:\/\/soymigrante.com\/revista\/ruta-volcanica-hunahpu-el-antiguo-nombre-del-volcan-de-agua-lo-sabias\/\" \/>\n\t\t<meta property=\"og:image\" content=\"https:\/\/soymigrante.com\/revista\/wp-content\/uploads\/2025\/02\/Volcan-de-Agua-desde-el-Acatenango-1.webp\" \/>\n\t\t<meta property=\"og:image:secure_url\" content=\"https:\/\/soymigrante.com\/revista\/wp-content\/uploads\/2025\/02\/Volcan-de-Agua-desde-el-Acatenango-1.webp\" \/>\n\t\t<meta property=\"og:image:width\" content=\"720\" \/>\n\t\t<meta property=\"og:image:height\" content=\"720\" \/>\n\t\t<meta property=\"article:published_time\" content=\"2025-06-06T10:00:00+00:00\" \/>\n\t\t<meta property=\"article:modified_time\" content=\"2025-09-17T14:12:35+00:00\" \/>\n\t\t<meta property=\"article:publisher\" content=\"https:\/\/www.facebook.com\/soymigrantecom\" \/>\n\t\t<meta name=\"twitter:card\" content=\"summary_large_image\" \/>\n\t\t<meta name=\"twitter:site\" content=\"@SoyMigrante_com\" \/>\n\t\t<meta name=\"twitter:title\" content=\"Hunahp\u00fa, el antiguo nombre del volc\u00e1n de Agua \u00bfLo sab\u00edas?\" \/>\n\t\t<meta name=\"twitter:description\" content=\"El Volc\u00e1n de Agua, con sus 3,766 metros de altura, se alza majestuosamente entre Escuintla y Sacatep\u00e9quez. Expl\u00f3ralo.\" \/>\n\t\t<meta name=\"twitter:creator\" content=\"@SoyMigrante_com\" \/>\n\t\t<meta name=\"twitter:image\" content=\"https:\/\/soymigrante.com\/revista\/wp-content\/uploads\/2025\/02\/Volcan-de-Agua-desde-el-Acatenango-1.webp\" \/>\n\t\t<!-- All in One SEO Pro -->\r\n\t\t<title>Hunahp\u00fa, el antiguo nombre del volc\u00e1n de Agua \u00bfLo sab\u00edas?<\/title>\n\n","aioseo_head_json":{"title":"Hunahp\u00fa, el antiguo nombre del volc\u00e1n de Agua \u00bfLo sab\u00edas?","description":"El Volc\u00e1n de Agua, con sus 3,766 metros de altura, se alza majestuosamente entre Escuintla y Sacatep\u00e9quez. Expl\u00f3ralo.","canonical_url":"https:\/\/soymigrante.com\/revista\/ruta-volcanica-hunahpu-el-antiguo-nombre-del-volcan-de-agua-lo-sabias\/","robots":"max-snippet:-1, max-image-preview:large, max-video-preview:-1","keywords":"","webmasterTools":{"miscellaneous":"&lt;link rel=\"preconnect\" href=\"https:\/\/fonts.googleapis.com\" crossorigin&gt;\n&lt;link rel=\"preconnect\" href=\"https:\/\/fonts.gstatic.com\" crossorigin&gt;"},"schema":null,"og:locale":"es_ES","og:site_name":"SoyMigrante.com REVISTA \u2013 Nuestra misi\u00f3n es reconocer y dignificar al migrante.","og:type":"article","og:title":"Hunahp\u00fa, el antiguo nombre del volc\u00e1n de Agua \u00bfLo sab\u00edas?","og:description":"El Volc\u00e1n de Agua, con sus 3,766 metros de altura, se alza majestuosamente entre Escuintla y Sacatep\u00e9quez. Expl\u00f3ralo.","og:url":"https:\/\/soymigrante.com\/revista\/ruta-volcanica-hunahpu-el-antiguo-nombre-del-volcan-de-agua-lo-sabias\/","og:image":"https:\/\/soymigrante.com\/revista\/wp-content\/uploads\/2025\/02\/Volcan-de-Agua-desde-el-Acatenango-1.webp","og:image:secure_url":"https:\/\/soymigrante.com\/revista\/wp-content\/uploads\/2025\/02\/Volcan-de-Agua-desde-el-Acatenango-1.webp","og:image:width":720,"og:image:height":720,"article:published_time":"2025-06-06T10:00:00+00:00","article:modified_time":"2025-09-17T14:12:35+00:00","article:publisher":"https:\/\/www.facebook.com\/soymigrantecom","twitter:card":"summary_large_image","twitter:site":"@SoyMigrante_com","twitter:title":"Hunahp\u00fa, el antiguo nombre del volc\u00e1n de Agua \u00bfLo sab\u00edas?","twitter:description":"El Volc\u00e1n de Agua, con sus 3,766 metros de altura, se alza majestuosamente entre Escuintla y Sacatep\u00e9quez. Expl\u00f3ralo.","twitter:creator":"@SoyMigrante_com","twitter:image":"https:\/\/soymigrante.com\/revista\/wp-content\/uploads\/2025\/02\/Volcan-de-Agua-desde-el-Acatenango-1.webp"},"aioseo_meta_data":{"post_id":"363","title":"\u00bfQu\u00e9 profundidad tiene el Lago de Atitl\u00e1n?","description":"\u00bfQu\u00e9 antig\u00fcedad tiene el lago m\u00e1s famoso de Guatemala? \u00bfCu\u00e1ntos pueblos hay en su cuenca? Las respuestas y varias interesantes im\u00e1genes del Lago las hallas aqu\u00ed","keywords":null,"keyphrases":{"focus":{"keyphrase":"Atitl\u00e1n","score":74,"analysis":{"keyphraseInTitle":{"score":9,"maxScore":9,"error":0},"keyphraseInDescription":{"score":3,"maxScore":9,"error":1},"keyphraseLength":{"score":9,"maxScore":9,"error":0,"length":2},"keyphraseInURL":{"score":5,"maxScore":5,"error":0},"keyphraseInIntroduction":{"score":3,"maxScore":9,"error":1},"keyphraseInSubHeadings":{"score":3,"maxScore":9,"error":1},"keyphraseInImageAlt":{"score":9,"maxScore":9,"error":0},"keywordDensity":{"type":"best","score":9,"maxScore":9,"error":0}}},"additional":[{"keyphrase":"Lago de Atitl\u00e1n","score":73,"analysis":{"keyphraseInDescription":{"score":3,"maxScore":9,"error":1},"keyphraseLength":{"score":9,"maxScore":9,"error":0,"length":4},"keyphraseInIntroduction":{"score":3,"maxScore":9,"error":1},"keyphraseInImageAlt":{"score":9,"maxScore":9,"error":0},"keywordDensity":{"type":"best","score":9,"maxScore":9,"error":0}}},{"keyphrase":"Im\u00e1genes del lago de Atitl\u00e1n","score":47,"analysis":{"keyphraseInDescription":{"score":3,"maxScore":9,"error":1},"keyphraseLength":{"score":6,"maxScore":9,"error":1,"length":7},"keyphraseInIntroduction":{"score":3,"maxScore":9,"error":1},"keyphraseInImageAlt":{"score":9,"maxScore":9,"error":0},"keywordDensity":{"score":0,"type":"low","maxScore":9,"error":1}}},{"keyphrase":"solol\u00e1","score":40,"analysis":{"keyphraseInDescription":{"score":3,"maxScore":9,"error":1},"keyphraseLength":{"score":9,"maxScore":9,"error":0,"length":1},"keyphraseInIntroduction":{"score":3,"maxScore":9,"error":1},"keyphraseInImageAlt":{"score":3,"maxScore":9,"error":1},"keywordDensity":{"score":0,"type":"low","maxScore":9,"error":1}}}]},"primary_term":null,"canonical_url":null,"og_title":null,"og_description":null,"og_object_type":"default","og_image_type":"default","og_image_url":null,"og_image_width":null,"og_image_height":null,"og_image_custom_url":null,"og_image_custom_fields":null,"og_video":"","og_custom_url":null,"og_article_section":null,"og_article_tags":null,"twitter_use_og":false,"twitter_card":"default","twitter_image_type":"default","twitter_image_url":null,"twitter_image_custom_url":null,"twitter_image_custom_fields":null,"twitter_title":null,"twitter_description":null,"schema":{"blockGraphs":[],"customGraphs":[],"default":{"data":{"Article":[],"Course":[],"Dataset":[],"FAQPage":[],"Movie":[],"Person":[],"Product":[],"ProductReview":[],"Car":[],"Recipe":[],"Service":[],"SoftwareApplication":[],"WebPage":[]},"graphName":"NewsArticle","isEnabled":true},"graphs":[]},"schema_type":"default","schema_type_options":null,"pillar_content":false,"robots_default":true,"robots_noindex":false,"robots_noarchive":false,"robots_nosnippet":false,"robots_nofollow":false,"robots_noimageindex":false,"robots_noodp":false,"robots_notranslate":false,"robots_max_snippet":"-1","robots_max_videopreview":"-1","robots_max_imagepreview":"large","priority":null,"frequency":"default","local_seo":null,"seo_analyzer_scan_date":null,"breadcrumb_settings":null,"limit_modified_date":false,"reviewed_by":"0","open_ai":"{\"title\":{\"suggestions\":[],\"usage\":0},\"description\":{\"suggestions\":[],\"usage\":0}}","ai":{"faqs":[],"keyPoints":[],"titles":[],"descriptions":[],"socialPosts":{"email":[],"linkedin":[],"twitter":[],"facebook":[],"instagram":[]}},"created":"2023-08-17 09:47:47","updated":"2026-03-06 15:45:43"},"aioseo_breadcrumb":"<div class=\"aioseo-breadcrumbs\"><span class=\"aioseo-breadcrumb\">\n\t<a href=\"https:\/\/soymigrante.com\/revista\" title=\"Home\">Home<\/a>\n<\/span><span class=\"aioseo-breadcrumb-separator\">\u00bb<\/span><span class=\"aioseo-breadcrumb\">\n\t<a href=\"https:\/\/soymigrante.com\/revista\/category\/guate-nuestra\/\" title=\"Guate Nuestra\">Guate Nuestra<\/a>\n<\/span><span class=\"aioseo-breadcrumb-separator\">\u00bb<\/span><span class=\"aioseo-breadcrumb\">\n\t\u00bfQu\u00e9 profundidad tiene el lago de Atitl\u00e1n?\u2026 y otras preguntas con respuesta fascinante\n<\/span><\/div>","aioseo_breadcrumb_json":[{"label":"Home","link":"https:\/\/soymigrante.com\/revista"},{"label":"Guate Nuestra","link":"https:\/\/soymigrante.com\/revista\/category\/guate-nuestra\/"},{"label":"\u00bfQu\u00e9 profundidad tiene el lago de Atitl\u00e1n?&#8230; y otras preguntas con respuesta fascinante","link":"https:\/\/soymigrante.com\/revista\/atitlan-lago-de-atitlan\/"}],"_links":{"self":[{"href":"https:\/\/soymigrante.com\/revista\/wp-json\/wp\/v2\/posts\/363","targetHints":{"allow":["GET"]}}],"collection":[{"href":"https:\/\/soymigrante.com\/revista\/wp-json\/wp\/v2\/posts"}],"about":[{"href":"https:\/\/soymigrante.com\/revista\/wp-json\/wp\/v2\/types\/post"}],"author":[{"embeddable":true,"href":"https:\/\/soymigrante.com\/revista\/wp-json\/wp\/v2\/users\/7"}],"replies":[{"embeddable":true,"href":"https:\/\/soymigrante.com\/revista\/wp-json\/wp\/v2\/comments?post=363"}],"version-history":[{"count":2,"href":"https:\/\/soymigrante.com\/revista\/wp-json\/wp\/v2\/posts\/363\/revisions"}],"predecessor-version":[{"id":53014,"href":"https:\/\/soymigrante.com\/revista\/wp-json\/wp\/v2\/posts\/363\/revisions\/53014"}],"wp:featuredmedia":[{"embeddable":true,"href":"https:\/\/soymigrante.com\/revista\/wp-json\/wp\/v2\/media\/681"}],"wp:attachment":[{"href":"https:\/\/soymigrante.com\/revista\/wp-json\/wp\/v2\/media?parent=363"}],"wp:term":[{"taxonomy":"category","embeddable":true,"href":"https:\/\/soymigrante.com\/revista\/wp-json\/wp\/v2\/categories?post=363"},{"taxonomy":"post_tag","embeddable":true,"href":"https:\/\/soymigrante.com\/revista\/wp-json\/wp\/v2\/tags?post=363"}],"curies":[{"name":"wp","href":"https:\/\/api.w.org\/{rel}","templated":true}]}}