{"id":36245,"date":"2025-06-16T06:00:00","date_gmt":"2025-06-16T12:00:00","guid":{"rendered":"https:\/\/soymigrante.com\/revista\/?p=36245"},"modified":"2025-06-15T21:36:11","modified_gmt":"2025-06-16T03:36:11","slug":"del-mal-de-ojo-al-empacho-realidades-de-las-enfermedades-populares-guatemaltecas","status":"publish","type":"post","link":"https:\/\/soymigrante.com\/revista\/del-mal-de-ojo-al-empacho-realidades-de-las-enfermedades-populares-guatemaltecas\/","title":{"rendered":"Del &#8220;mal de ojo&#8221; al &#8220;empacho&#8221;: realidades de las enfermedades populares guatemaltecas"},"content":{"rendered":"\t\t<div data-elementor-type=\"wp-post\" data-elementor-id=\"36245\" class=\"elementor elementor-36245\" data-elementor-post-type=\"post\">\n\t\t\t\t<div data-particle_enable=\"false\" data-particle-mobile-disabled=\"false\" class=\"elementor-element elementor-element-81b731f e-flex e-con-boxed e-con e-parent\" data-id=\"81b731f\" data-element_type=\"container\" data-e-type=\"container\">\n\t\t\t\t\t<div class=\"e-con-inner\">\n\t\t\t\t<div class=\"elementor-element elementor-element-82ea54a elementor-widget elementor-widget-heading\" data-id=\"82ea54a\" data-element_type=\"widget\" data-e-type=\"widget\" data-widget_type=\"heading.default\">\n\t\t\t\t\t<h2 class=\"elementor-heading-title elementor-size-default\">Las enfermedades populares guatemaltecas se les conoce con nombres coloquiales, pero no quiere decir que no sean importantes. \n<\/h2>\t\t\t\t<\/div>\n\t\t\t\t\t<\/div>\n\t\t\t\t<\/div>\n\t\t<div data-particle_enable=\"false\" data-particle-mobile-disabled=\"false\" class=\"elementor-element elementor-element-3192689 e-flex e-con-boxed e-con e-parent\" data-id=\"3192689\" data-element_type=\"container\" data-e-type=\"container\">\n\t\t\t\t\t<div class=\"e-con-inner\">\n\t\t\t\t<div class=\"elementor-element elementor-element-d64dbd7 elementor-widget elementor-widget-text-editor\" data-id=\"d64dbd7\" data-element_type=\"widget\" data-e-type=\"widget\" data-widget_type=\"text-editor.default\">\n\t\t\t\t\t\t\t\t\t<p>En Guatemala, al igual que en muchos pa\u00edses con ra\u00edces ind\u00edgenas y tradiciones orales fuertes, la salud no solo se trata en hospitales o cl\u00ednicas. De hecho, en tiempos remotos, la cura a determinados malestares se obten\u00eda de ancianas o ancianos con conocimientos de hierbas, emplastos y formas de masajear el cuerpo.<\/p>\n<p><a href=\"https:\/\/soymigrante.com\/revista\/maternidad-qeqchi-sabiduria-ancestral-y-desafios-contemporaneos\/\" target=\"_blank\" rel=\"noopener\">Existen padecimientos que no aparecen en manuales m\u00e9dicos, pero que son parte del vocabulario diario de muchas familias<\/a>: el mal de ojo, el susto, el coraje, el soplo, el jiote y hasta el temido \u201cse me cay\u00f3 la mollera\u201d.<\/p>\n<p>Estas enfermedades populares, transmitidas de generaci\u00f3n en generaci\u00f3n, combinan elementos espirituales, emocionales y f\u00edsicos. Esto no quiere decir que no tengan un sustrato real, aunque a menudo la medicina occidental no le da cr\u00e9dito a estas tradiciones.<\/p>\n<p><a href=\"https:\/\/soymigrante.com\/revista\/maternidad-qeqchi-sabiduria-ancestral-y-desafios-contemporaneos\/\" target=\"_blank\" rel=\"noopener\">Algunas son interpretaciones culturales de trastornos reales,<\/a> otras reflejan emociones intensas o desequilibrios percibidos en el cuerpo y el alma. A continuaci\u00f3n, una mirada a lo que significan estas dolencias y c\u00f3mo se entienden hoy en d\u00eda.<\/p>\t\t\t\t\t\t\t\t<\/div>\n\t\t\t\t\t<\/div>\n\t\t\t\t<\/div>\n\t\t<div data-particle_enable=\"false\" data-particle-mobile-disabled=\"false\" class=\"elementor-element elementor-element-da4b0d0 e-flex e-con-boxed e-con e-parent\" data-id=\"da4b0d0\" data-element_type=\"container\" data-e-type=\"container\">\n\t\t\t\t\t<div class=\"e-con-inner\">\n\t\t\t\t<div class=\"elementor-element elementor-element-f44f906 elementor-widget elementor-widget-image\" data-id=\"f44f906\" data-element_type=\"widget\" data-e-type=\"widget\" data-widget_type=\"image.default\">\n\t\t\t\t\t\t\t\t\t\t\t\t<figure class=\"wp-caption\">\n\t\t\t\t\t\t\t\t\t\t<img fetchpriority=\"high\" decoding=\"async\" width=\"600\" height=\"800\" src=\"https:\/\/soymigrante.com\/revista\/wp-content\/uploads\/2025\/06\/enfermedades-guatemaltecas-2.webp\" class=\"attachment-large size-large wp-image-36255\" alt=\"Ni\u00f1a migrante con ni\u00f1o en un entorno urbano, mostrando la realidad de los migrantes en Am\u00e9rica Latina, la importancia del apoyo social y la lucha por el bienestar infantil en comunidades vulnerables.\" srcset=\"https:\/\/soymigrante.com\/revista\/wp-content\/uploads\/2025\/06\/enfermedades-guatemaltecas-2.webp 600w, https:\/\/soymigrante.com\/revista\/wp-content\/uploads\/2025\/06\/enfermedades-guatemaltecas-2-225x300.jpg 225w\" sizes=\"(max-width: 600px) 100vw, 600px\" title=\"Los ni\u00f1os son mayormente quienes padecen estas enfermedades. (Foto: INGUAT) \u2013 SoyMigrante.com REVISTA\" \/>\t\t\t\t\t\t\t\t\t\t\t<figcaption class=\"widget-image-caption wp-caption-text\">Migrant girl with child in an urban setting highlighting the migrant reality in Latin America and the importance of social support for vulnerable children.<\/figcaption>\n\t\t\t\t\t\t\t\t\t\t<\/figure>\n\t\t\t\t\t\t\t\t\t<\/div>\n\t\t\t\t\t<\/div>\n\t\t\t\t<\/div>\n\t\t<div data-particle_enable=\"false\" data-particle-mobile-disabled=\"false\" class=\"elementor-element elementor-element-5f36e78 e-flex e-con-boxed e-con e-parent\" data-id=\"5f36e78\" data-element_type=\"container\" data-e-type=\"container\">\n\t\t\t\t\t<div class=\"e-con-inner\">\n\t\t\t\t<div class=\"elementor-element elementor-element-0208da3 elementor-widget elementor-widget-heading\" data-id=\"0208da3\" data-element_type=\"widget\" data-e-type=\"widget\" data-widget_type=\"heading.default\">\n\t\t\t\t\t<h3 class=\"elementor-heading-title elementor-size-default\">El mal de ojo<\/h3>\t\t\t\t<\/div>\n\t\t\t\t\t<\/div>\n\t\t\t\t<\/div>\n\t\t<div data-particle_enable=\"false\" data-particle-mobile-disabled=\"false\" class=\"elementor-element elementor-element-32306e3 e-flex e-con-boxed e-con e-parent\" data-id=\"32306e3\" data-element_type=\"container\" data-e-type=\"container\">\n\t\t\t\t\t<div class=\"e-con-inner\">\n\t\t\t\t<div class=\"elementor-element elementor-element-3c626cc elementor-widget elementor-widget-text-editor\" data-id=\"3c626cc\" data-element_type=\"widget\" data-e-type=\"widget\" data-widget_type=\"text-editor.default\">\n\t\t\t\t\t\t\t\t\t<p>Se cree que una persona, especialmente un ni\u00f1o, puede enfermarse si alguien lo mira con envidia o con mucha intensidad.<\/p><p><a href=\"https:\/\/soymigrante.com\/revista\/maternidad-qeqchi-sabiduria-ancestral-y-desafios-contemporaneos\/\" target=\"_blank\" rel=\"noopener\">Los s\u00edntomas incluyen llanto inconsolable, falta de apetito y fiebre ligera.<\/a> En t\u00e9rminos m\u00e9dicos, podr\u00eda tratarse de una combinaci\u00f3n de ansiedad, alteraciones emocionales o problemas gastrointestinales leves. El remedio tradicional suele ser una limpia con huevo o hierbas.<\/p>\t\t\t\t\t\t\t\t<\/div>\n\t\t\t\t\t<\/div>\n\t\t\t\t<\/div>\n\t\t<div data-particle_enable=\"false\" data-particle-mobile-disabled=\"false\" class=\"elementor-element elementor-element-867b281 e-flex e-con-boxed e-con e-parent\" data-id=\"867b281\" data-element_type=\"container\" data-e-type=\"container\">\n\t\t\t\t\t<div class=\"e-con-inner\">\n\t\t\t\t<div class=\"elementor-element elementor-element-48f6bfc elementor-widget elementor-widget-heading\" data-id=\"48f6bfc\" data-element_type=\"widget\" data-e-type=\"widget\" data-widget_type=\"heading.default\">\n\t\t\t\t\t<h3 class=\"elementor-heading-title elementor-size-default\">El susto<\/h3>\t\t\t\t<\/div>\n\t\t\t\t\t<\/div>\n\t\t\t\t<\/div>\n\t\t<div data-particle_enable=\"false\" data-particle-mobile-disabled=\"false\" class=\"elementor-element elementor-element-4f68569 e-flex e-con-boxed e-con e-parent\" data-id=\"4f68569\" data-element_type=\"container\" data-e-type=\"container\">\n\t\t\t\t\t<div class=\"e-con-inner\">\n\t\t\t\t<div class=\"elementor-element elementor-element-15269eb elementor-widget elementor-widget-text-editor\" data-id=\"15269eb\" data-element_type=\"widget\" data-e-type=\"widget\" data-widget_type=\"text-editor.default\">\n\t\t\t\t\t\t\t\t\t<p><a href=\"https:\/\/soymigrante.com\/revista\/maternidad-qeqchi-sabiduria-ancestral-y-desafios-contemporaneos\/\" target=\"_blank\" rel=\"noopener\">Este padecimiento es com\u00fanmente diagnosticado cuando alguien sufre un evento traum\u00e1tico o un gran susto.<\/a> Se manifiesta en forma de insomnio, p\u00e9rdida de apetito, tristeza o falta de energ\u00eda. Para la medicina occidental, estos s\u00edntomas podr\u00edan relacionarse con estr\u00e9s postraum\u00e1tico o trastornos de ansiedad. Tradicionalmente, se trata con rezos, ba\u00f1os con plantas medicinales y la presencia de un curandero.<\/p>\t\t\t\t\t\t\t\t<\/div>\n\t\t\t\t\t<\/div>\n\t\t\t\t<\/div>\n\t\t<div data-particle_enable=\"false\" data-particle-mobile-disabled=\"false\" class=\"elementor-element elementor-element-ec9166b e-flex e-con-boxed e-con e-parent\" data-id=\"ec9166b\" data-element_type=\"container\" data-e-type=\"container\">\n\t\t\t\t\t<div class=\"e-con-inner\">\n\t\t\t\t<div class=\"elementor-element elementor-element-be753db elementor-widget elementor-widget-heading\" data-id=\"be753db\" data-element_type=\"widget\" data-e-type=\"widget\" data-widget_type=\"heading.default\">\n\t\t\t\t\t<h3 class=\"elementor-heading-title elementor-size-default\">Jiote<\/h3>\t\t\t\t<\/div>\n\t\t\t\t\t<\/div>\n\t\t\t\t<\/div>\n\t\t<div data-particle_enable=\"false\" data-particle-mobile-disabled=\"false\" class=\"elementor-element elementor-element-0ec78ef e-flex e-con-boxed e-con e-parent\" data-id=\"0ec78ef\" data-element_type=\"container\" data-e-type=\"container\">\n\t\t\t\t\t<div class=\"e-con-inner\">\n\t\t\t\t<div class=\"elementor-element elementor-element-4bdb3c7 elementor-widget elementor-widget-text-editor\" data-id=\"4bdb3c7\" data-element_type=\"widget\" data-e-type=\"widget\" data-widget_type=\"text-editor.default\">\n\t\t\t\t\t\t\t\t\t<p>Se refiere a una enfermedad de la piel, que presenta ronchas, escamas o costras, especialmente en ni\u00f1os. A menudo es confundida con enfermedades dermatol\u00f3gicas como la ti\u00f1a, eczema o dermatitis. Su tratamiento popular incluye ung\u00fcentos caseros y ba\u00f1os con hojas medicinales como chilca o salvia.<\/p>\t\t\t\t\t\t\t\t<\/div>\n\t\t\t\t\t<\/div>\n\t\t\t\t<\/div>\n\t\t<div data-particle_enable=\"false\" data-particle-mobile-disabled=\"false\" class=\"elementor-element elementor-element-7956222 e-flex e-con-boxed e-con e-parent\" data-id=\"7956222\" data-element_type=\"container\" data-e-type=\"container\">\n\t\t\t\t\t<div class=\"e-con-inner\">\n\t\t\t\t<div class=\"elementor-element elementor-element-24c27d9 elementor-widget elementor-widget-heading\" data-id=\"24c27d9\" data-element_type=\"widget\" data-e-type=\"widget\" data-widget_type=\"heading.default\">\n\t\t\t\t\t<h3 class=\"elementor-heading-title elementor-size-default\">\u201cLe entr\u00f3 un aire\u201d<\/h3>\t\t\t\t<\/div>\n\t\t\t\t\t<\/div>\n\t\t\t\t<\/div>\n\t\t<div data-particle_enable=\"false\" data-particle-mobile-disabled=\"false\" class=\"elementor-element elementor-element-c39926d e-flex e-con-boxed e-con e-parent\" data-id=\"c39926d\" data-element_type=\"container\" data-e-type=\"container\">\n\t\t\t\t\t<div class=\"e-con-inner\">\n\t\t\t\t<div class=\"elementor-element elementor-element-ca692dd elementor-widget elementor-widget-text-editor\" data-id=\"ca692dd\" data-element_type=\"widget\" data-e-type=\"widget\" data-widget_type=\"text-editor.default\">\n\t\t\t\t\t\t\t\t\t<p><a href=\"https:\/\/soymigrante.com\/revista\/maternidad-qeqchi-sabiduria-ancestral-y-desafios-contemporaneos\/\" target=\"_blank\" rel=\"noopener\">Esta expresi\u00f3n hace referencia a un malestar general que incluye dolor muscular, cansancio o incluso par\u00e1lisis facial leve,<\/a> y se cree que ocurre por exponerse a una corriente de aire o cambio brusco de temperatura.<\/p><p>M\u00e9dicamente, podr\u00eda asociarse a contracturas musculares, resfriados o problemas del nervio facial. En el \u00e1mbito tradicional, se alivia con sobadas y frotaciones con alcohol y hierbas calientes.<\/p>\t\t\t\t\t\t\t\t<\/div>\n\t\t\t\t\t<\/div>\n\t\t\t\t<\/div>\n\t\t<div data-particle_enable=\"false\" data-particle-mobile-disabled=\"false\" class=\"elementor-element elementor-element-12bbd0f e-flex e-con-boxed e-con e-parent\" data-id=\"12bbd0f\" data-element_type=\"container\" data-e-type=\"container\">\n\t\t\t\t\t<div class=\"e-con-inner\">\n\t\t\t\t<div class=\"elementor-element elementor-element-9714e8d elementor-widget elementor-widget-image\" data-id=\"9714e8d\" data-element_type=\"widget\" data-e-type=\"widget\" data-widget_type=\"image.default\">\n\t\t\t\t\t\t\t\t\t\t\t\t<figure class=\"wp-caption\">\n\t\t\t\t\t\t\t\t\t\t<img decoding=\"async\" width=\"474\" height=\"338\" src=\"https:\/\/soymigrante.com\/revista\/wp-content\/uploads\/2025\/06\/enfermedades-guatemaltecas.webp\" class=\"attachment-large size-large wp-image-36256\" alt=\"Ni\u00f1a migrante sonriendo con sombrero tradicional, cultura y comunidad inmigrante en evidencias en Suzm\u00edn, Guatemala.\" srcset=\"https:\/\/soymigrante.com\/revista\/wp-content\/uploads\/2025\/06\/enfermedades-guatemaltecas.webp 474w, https:\/\/soymigrante.com\/revista\/wp-content\/uploads\/2025\/06\/enfermedades-guatemaltecas-300x214.jpg 300w, https:\/\/soymigrante.com\/revista\/wp-content\/uploads\/2025\/06\/enfermedades-guatemaltecas-120x86.webp 120w, https:\/\/soymigrante.com\/revista\/wp-content\/uploads\/2025\/06\/enfermedades-guatemaltecas-350x250.webp 350w\" sizes=\"(max-width: 474px) 100vw, 474px\" title=\"Las abuelas son quienes com\u00fanmente tienen los remedios para estas enfermedades. (Foto: INGUAT) \u2013 SoyMigrante.com REVISTA\" \/>\t\t\t\t\t\t\t\t\t\t\t<figcaption class=\"widget-image-caption wp-caption-text\">Ni\u00f1a mexicana con sombrero tradicional y sonrisa brillante, s\u00edmbolo de cultura y comunidad inmigrante en Suzm\u00edn, Guatemala, en la revista SoyMigrante.com.<\/figcaption>\n\t\t\t\t\t\t\t\t\t\t<\/figure>\n\t\t\t\t\t\t\t\t\t<\/div>\n\t\t\t\t\t<\/div>\n\t\t\t\t<\/div>\n\t\t<div data-particle_enable=\"false\" data-particle-mobile-disabled=\"false\" class=\"elementor-element elementor-element-fab2c1f e-flex e-con-boxed e-con e-parent\" data-id=\"fab2c1f\" data-element_type=\"container\" data-e-type=\"container\">\n\t\t\t\t\t<div class=\"e-con-inner\">\n\t\t\t\t<div class=\"elementor-element elementor-element-2b1ed34 elementor-widget elementor-widget-heading\" data-id=\"2b1ed34\" data-element_type=\"widget\" data-e-type=\"widget\" data-widget_type=\"heading.default\">\n\t\t\t\t\t<h3 class=\"elementor-heading-title elementor-size-default\">\u201cSe le cay\u00f3 la mollera\u201d<\/h3>\t\t\t\t<\/div>\n\t\t\t\t\t<\/div>\n\t\t\t\t<\/div>\n\t\t<div data-particle_enable=\"false\" data-particle-mobile-disabled=\"false\" class=\"elementor-element elementor-element-30a8502 e-flex e-con-boxed e-con e-parent\" data-id=\"30a8502\" data-element_type=\"container\" data-e-type=\"container\">\n\t\t\t\t\t<div class=\"e-con-inner\">\n\t\t\t\t<div class=\"elementor-element elementor-element-05f4326 elementor-widget elementor-widget-text-editor\" data-id=\"05f4326\" data-element_type=\"widget\" data-e-type=\"widget\" data-widget_type=\"text-editor.default\">\n\t\t\t\t\t\t\t\t\t<p>Se refiere al hundimiento de la fontanela (parte blanda del cr\u00e1neo) en beb\u00e9s, interpretado como causa de llanto persistente, v\u00f3mitos o falta de apetito. Aunque algunos creen que se produce al cargar mal al ni\u00f1o, en realidad puede indicar deshidrataci\u00f3n o alguna otra condici\u00f3n m\u00e9dica. En la tradici\u00f3n, se trata con masajes en el paladar, volteando al beb\u00e9 boca abajo, algo que debe hacerse con mucha precauci\u00f3n.<\/p>\t\t\t\t\t\t\t\t<\/div>\n\t\t\t\t\t<\/div>\n\t\t\t\t<\/div>\n\t\t<div data-particle_enable=\"false\" data-particle-mobile-disabled=\"false\" class=\"elementor-element elementor-element-1bbee9d e-flex e-con-boxed e-con e-parent\" data-id=\"1bbee9d\" data-element_type=\"container\" data-e-type=\"container\">\n\t\t\t\t\t<div class=\"e-con-inner\">\n\t\t\t\t<div class=\"elementor-element elementor-element-fc45299 elementor-widget elementor-widget-heading\" data-id=\"fc45299\" data-element_type=\"widget\" data-e-type=\"widget\" data-widget_type=\"heading.default\">\n\t\t\t\t\t<h3 class=\"elementor-heading-title elementor-size-default\">El coraje<\/h3>\t\t\t\t<\/div>\n\t\t\t\t\t<\/div>\n\t\t\t\t<\/div>\n\t\t<div data-particle_enable=\"false\" data-particle-mobile-disabled=\"false\" class=\"elementor-element elementor-element-8fb3c3d e-flex e-con-boxed e-con e-parent\" data-id=\"8fb3c3d\" data-element_type=\"container\" data-e-type=\"container\">\n\t\t\t\t\t<div class=\"e-con-inner\">\n\t\t\t\t<div class=\"elementor-element elementor-element-de3d51c elementor-widget elementor-widget-text-editor\" data-id=\"de3d51c\" data-element_type=\"widget\" data-e-type=\"widget\" data-widget_type=\"text-editor.default\">\n\t\t\t\t\t\t\t\t\t<p><a href=\"https:\/\/soymigrante.com\/revista\/maternidad-qeqchi-sabiduria-ancestral-y-desafios-contemporaneos\/\" target=\"_blank\" rel=\"noopener\">Esta dolencia, relacionada con un enojo intenso, puede provocar v\u00f3mitos, diarrea, dolor de est\u00f3mago o nerviosismo.<\/a> Suele tratarse con infusiones de manzanilla, ruda o valeriana. La medicina moderna podr\u00eda identificar esto como una somatizaci\u00f3n del estr\u00e9s o alteraciones digestivas por ansiedad.<\/p>\t\t\t\t\t\t\t\t<\/div>\n\t\t\t\t\t<\/div>\n\t\t\t\t<\/div>\n\t\t<div data-particle_enable=\"false\" data-particle-mobile-disabled=\"false\" class=\"elementor-element elementor-element-4fbeaa0 e-flex e-con-boxed e-con e-parent\" data-id=\"4fbeaa0\" data-element_type=\"container\" data-e-type=\"container\">\n\t\t\t\t\t<div class=\"e-con-inner\">\n\t\t\t\t<div class=\"elementor-element elementor-element-3687de9 elementor-widget elementor-widget-heading\" data-id=\"3687de9\" data-element_type=\"widget\" data-e-type=\"widget\" data-widget_type=\"heading.default\">\n\t\t\t\t\t<h3 class=\"elementor-heading-title elementor-size-default\">El soplo al coraz\u00f3n<\/h3>\t\t\t\t<\/div>\n\t\t\t\t\t<\/div>\n\t\t\t\t<\/div>\n\t\t<div data-particle_enable=\"false\" data-particle-mobile-disabled=\"false\" class=\"elementor-element elementor-element-dec4ef2 e-flex e-con-boxed e-con e-parent\" data-id=\"dec4ef2\" data-element_type=\"container\" data-e-type=\"container\">\n\t\t\t\t\t<div class=\"e-con-inner\">\n\t\t\t\t<div class=\"elementor-element elementor-element-b0eb0f8 elementor-widget elementor-widget-text-editor\" data-id=\"b0eb0f8\" data-element_type=\"widget\" data-e-type=\"widget\" data-widget_type=\"text-editor.default\">\n\t\t\t\t\t\t\t\t\t<p>Aunque en la tradici\u00f3n guatemalteca se habla del \u201csoplo\u201d como algo grave, muchos soplos card\u00edacos son inocuos. Sin embargo, algunos s\u00ed requieren atenci\u00f3n m\u00e9dica. En contextos rurales, el diagn\u00f3stico es m\u00e1s emp\u00edrico y puede causar preocupaci\u00f3n innecesaria si no hay acceso a una evaluaci\u00f3n cardiol\u00f3gica.<\/p>\t\t\t\t\t\t\t\t<\/div>\n\t\t\t\t\t<\/div>\n\t\t\t\t<\/div>\n\t\t<div data-particle_enable=\"false\" data-particle-mobile-disabled=\"false\" class=\"elementor-element elementor-element-a352924 e-flex e-con-boxed e-con e-parent\" data-id=\"a352924\" data-element_type=\"container\" data-e-type=\"container\">\n\t\t\t\t\t<div class=\"e-con-inner\">\n\t\t\t\t<div class=\"elementor-element elementor-element-bbc68f3 elementor-widget elementor-widget-heading\" data-id=\"bbc68f3\" data-element_type=\"widget\" data-e-type=\"widget\" data-widget_type=\"heading.default\">\n\t\t\t\t\t<h3 class=\"elementor-heading-title elementor-size-default\">El empacho<\/h3>\t\t\t\t<\/div>\n\t\t\t\t\t<\/div>\n\t\t\t\t<\/div>\n\t\t<div data-particle_enable=\"false\" data-particle-mobile-disabled=\"false\" class=\"elementor-element elementor-element-fa63b42 e-flex e-con-boxed e-con e-parent\" data-id=\"fa63b42\" data-element_type=\"container\" data-e-type=\"container\">\n\t\t\t\t\t<div class=\"e-con-inner\">\n\t\t\t\t<div class=\"elementor-element elementor-element-3847c5d elementor-widget elementor-widget-text-editor\" data-id=\"3847c5d\" data-element_type=\"widget\" data-e-type=\"widget\" data-widget_type=\"text-editor.default\">\n\t\t\t\t\t\t\t\t\t<p>Es una sensaci\u00f3n permanente de indigesti\u00f3n, llenura del est\u00f3mago y tambi\u00e9n pesadez abdominal. Puede presentarse cierto dolor, pero es m\u00e1s la sensaci\u00f3n de malestar que puede incluir mareos, estre\u00f1imiento y falta de apetito. En los ni\u00f1os suele atribuirse al consumo de ciertas leches en polvo o exceso en comidas, sobre todo despu\u00e9s de haber tenido mucha hambre. En los adultos, el asunto puede ser mucho m\u00e1s cr\u00f3nico.\u00a0<\/p>\n<p>Por lo regular, la cura es provista por una &#8220;sobadora&#8221; o &#8220;sobador&#8221;, una persona de experiencia en efectuar un masaje abdominal que permite fluir a la materia acumulada. En ocasiones se trata, efectivamente, de restos sin digerir de ciertos alimentos.\u00a0<\/p>\t\t\t\t\t\t\t\t<\/div>\n\t\t\t\t\t<\/div>\n\t\t\t\t<\/div>\n\t\t<div data-particle_enable=\"false\" data-particle-mobile-disabled=\"false\" class=\"elementor-element elementor-element-ebf6446 e-flex e-con-boxed e-con e-parent\" data-id=\"ebf6446\" data-element_type=\"container\" data-e-type=\"container\">\n\t\t\t\t\t<div class=\"e-con-inner\">\n\t\t\t\t<div class=\"elementor-element elementor-element-55a55b0 elementor-grid-eael-col-1 elementor-grid-tablet-eael-col-2 elementor-grid-mobile-eael-col-1 elementor-widget elementor-widget-eael-post-grid\" data-id=\"55a55b0\" data-element_type=\"widget\" data-e-type=\"widget\" data-settings=\"{&quot;eael_post_grid_columns&quot;:&quot;eael-col-1&quot;,&quot;eael_post_grid_columns_tablet&quot;:&quot;eael-col-2&quot;,&quot;eael_post_grid_columns_mobile&quot;:&quot;eael-col-1&quot;}\" data-widget_type=\"eael-post-grid.default\">\n\t\t\t\t\t<div id=\"eael-post-grid-55a55b0\" class=\"eael-post-grid-container\">\n            <div class=\"eael-post-grid eael-post-appender eael-post-appender-55a55b0 eael-post-grid-style-one\" data-layout-mode=\"masonry\"><article class=\"eael-grid-post  eael-post-grid-column eael-pg-post-12937 category-bienestar\" data-id=\"12937\">\n        <div class=\"eael-grid-post-holder\">\n            <div class=\"eael-grid-post-holder-inner\"><div class=\"eael-entry-media\"><div class=\"eael-entry-overlay fade-in\"><i class=\"far fa-hand-pointer\" aria-hidden=\"true\"><\/i><a href=\"https:\/\/soymigrante.com\/revista\/dolor-de-espalda-que-puedo-hacer-para-aliviarlo\/\"><\/a><\/div><div class=\"eael-entry-thumbnail \">\n                <img decoding=\"async\" width=\"1024\" height=\"683\" src=\"https:\/\/soymigrante.com\/revista\/wp-content\/uploads\/2024\/11\/Dolor-de-espalda-1024x683.jpg\" class=\"attachment-large size-large wp-image-12939\" alt=\"Mujer recibiendo atenci\u00f3n m\u00e9dica por un problema de salud en el pecho, en consulta cl\u00ednica, atenci\u00f3n m\u00e9dica especializada, imagen que refleja temas de salud, bienestar y servicios para migrantes.\" srcset=\"https:\/\/soymigrante.com\/revista\/wp-content\/uploads\/2024\/11\/Dolor-de-espalda-1024x683.jpg 1024w, https:\/\/soymigrante.com\/revista\/wp-content\/uploads\/2024\/11\/Dolor-de-espalda-300x200.webp 300w, https:\/\/soymigrante.com\/revista\/wp-content\/uploads\/2024\/11\/Dolor-de-espalda-768x512.jpg 768w, https:\/\/soymigrante.com\/revista\/wp-content\/uploads\/2024\/11\/Dolor-de-espalda-1536x1024.jpg 1536w, https:\/\/soymigrante.com\/revista\/wp-content\/uploads\/2024\/11\/Dolor-de-espalda-2048x1365.jpg 2048w, https:\/\/soymigrante.com\/revista\/wp-content\/uploads\/2024\/11\/Dolor-de-espalda-750x500.webp 750w, https:\/\/soymigrante.com\/revista\/wp-content\/uploads\/2024\/11\/Dolor-de-espalda-1140x760.jpg 1140w, https:\/\/soymigrante.com\/revista\/wp-content\/uploads\/2024\/11\/Dolor-de-espalda-scaled.webp 1920w\" sizes=\"(max-width: 1024px) 100vw, 1024px\" \/>\n            <\/div>\n        <\/div><div class=\"eael-entry-wrapper\"><header class=\"eael-entry-header\"><h2 class=\"eael-entry-title\"><a class=\"eael-grid-post-link\" href=\"https:\/\/soymigrante.com\/revista\/dolor-de-espalda-que-puedo-hacer-para-aliviarlo\/\" title=\"Dolor de espalda: \u00bfQu\u00e9 puedo hacer para aliviarlo?\">Dolor de espalda: \u00bfQu\u00e9 puedo hacer para aliviarlo?<\/a><\/h2><\/header><div class=\"eael-entry-content\">\n                        <div class=\"eael-grid-post-excerpt\"><a href=\"https:\/\/soymigrante.com\/revista\/dolor-de-espalda-que-puedo-hacer-para-aliviarlo\/\" class=\"eael-post-elements-readmore-btn\">CONOCE SU HISTORIA <\/a><\/div>\n                    <\/div><\/div><\/div>\n        <\/div>\n    <\/article><\/div>\n            <div class=\"clearfix\"><\/div>\n        <\/div>\t\t\t\t<\/div>\n\t\t\t\t\t<\/div>\n\t\t\t\t<\/div>\n\t\t<div data-particle_enable=\"false\" data-particle-mobile-disabled=\"false\" class=\"elementor-element elementor-element-ecd6322 e-flex e-con-boxed e-con e-parent\" data-id=\"ecd6322\" data-element_type=\"container\" data-e-type=\"container\">\n\t\t\t\t\t<div class=\"e-con-inner\">\n\t\t\t\t<div class=\"elementor-element elementor-element-d58054b elementor-widget elementor-widget-heading\" data-id=\"d58054b\" data-element_type=\"widget\" data-e-type=\"widget\" data-widget_type=\"heading.default\">\n\t\t\t\t\t<h3 class=\"elementor-heading-title elementor-size-default\">Tradici\u00f3n y ciencia, \u00bfenemigas?<\/h3>\t\t\t\t<\/div>\n\t\t\t\t\t<\/div>\n\t\t\t\t<\/div>\n\t\t<div data-particle_enable=\"false\" data-particle-mobile-disabled=\"false\" class=\"elementor-element elementor-element-11d4882 e-flex e-con-boxed e-con e-parent\" data-id=\"11d4882\" data-element_type=\"container\" data-e-type=\"container\">\n\t\t\t\t\t<div class=\"e-con-inner\">\n\t\t\t\t<div class=\"elementor-element elementor-element-f5f22ca elementor-widget elementor-widget-text-editor\" data-id=\"f5f22ca\" data-element_type=\"widget\" data-e-type=\"widget\" data-widget_type=\"text-editor.default\">\n\t\t\t\t\t\t\t\t\t<p><a href=\"https:\/\/soymigrante.com\/revista\/maternidad-qeqchi-sabiduria-ancestral-y-desafios-contemporaneos\/\" target=\"_blank\" rel=\"noopener\">Lejos de ridiculizar estas creencias, expertos en salud p\u00fablica se\u00f1alan la importancia de entenderlas como parte del contexto cultural del paciente.<\/a> La medicina tradicional guatemalteca no es un obst\u00e1culo, sino una herramienta que puede complementarse con la medicina moderna.<\/p><p>\u201c<em>El reto est\u00e1 en encontrar un punto de encuentro entre el conocimiento ancestral y el m\u00e9dico. Los curanderos y las abuelas son figuras de confianza. Si logramos trabajar con ellas, podr\u00edamos mejorar el acceso al sistema de salud sin romper la confianza comunitaria<\/em>\u201d, explica la antrop\u00f3loga m\u00e9dica Ana Marroqu\u00edn.<\/p><p>En definitiva, estas \u201cenfermedades\u201d son m\u00e1s que simples supersticiones: son una expresi\u00f3n del cuerpo y del alma, un lenguaje cultural que, aunque no se traduzca directamente a t\u00e9rminos cl\u00ednicos, sigue vigente y merece ser escuchado.<\/p>\t\t\t\t\t\t\t\t<\/div>\n\t\t\t\t\t<\/div>\n\t\t\t\t<\/div>\n\t\t<div data-particle_enable=\"false\" data-particle-mobile-disabled=\"false\" class=\"elementor-element elementor-element-08ab6ac e-flex e-con-boxed e-con e-parent\" data-id=\"08ab6ac\" data-element_type=\"container\" data-e-type=\"container\">\n\t\t\t\t\t<div class=\"e-con-inner\">\n\t\t\t\t<div class=\"elementor-element elementor-element-26456d0 elementor-widget elementor-widget-heading\" data-id=\"26456d0\" data-element_type=\"widget\" data-e-type=\"widget\" data-widget_type=\"heading.default\">\n\t\t\t\t\t<h2 class=\"elementor-heading-title elementor-size-default\">Estos temas te pueden interesar...<\/h2>\t\t\t\t<\/div>\n\t\t\t\t\t<\/div>\n\t\t\t\t<\/div>\n\t\t<div data-particle_enable=\"false\" data-particle-mobile-disabled=\"false\" class=\"elementor-element elementor-element-94d8ce4 e-flex e-con-boxed e-con e-parent\" data-id=\"94d8ce4\" data-element_type=\"container\" data-e-type=\"container\">\n\t\t\t\t\t<div class=\"e-con-inner\">\n\t\t\t\t<div class=\"elementor-element elementor-element-6990b5d elementor-grid-eael-col-3 elementor-grid-tablet-eael-col-2 elementor-grid-mobile-eael-col-1 elementor-widget elementor-widget-eael-post-grid\" data-id=\"6990b5d\" data-element_type=\"widget\" data-e-type=\"widget\" data-settings=\"{&quot;eael_post_grid_columns&quot;:&quot;eael-col-3&quot;,&quot;eael_post_grid_columns_tablet&quot;:&quot;eael-col-2&quot;,&quot;eael_post_grid_columns_mobile&quot;:&quot;eael-col-1&quot;}\" data-widget_type=\"eael-post-grid.default\">\n\t\t\t\t\t<div id=\"eael-post-grid-6990b5d\" class=\"eael-post-grid-container\">\n            <div class=\"eael-post-grid eael-post-appender eael-post-appender-6990b5d eael-post-grid-style-one\" data-layout-mode=\"masonry\"><article class=\"eael-grid-post  eael-post-grid-column eael-pg-post-35976 category-salud-fisica tags-salud-fisica\" data-id=\"35976\">\n        <div class=\"eael-grid-post-holder\">\n            <div class=\"eael-grid-post-holder-inner\"><div class=\"eael-entry-media\"><div class=\"eael-entry-overlay fade-in\"><i class=\"far fa-hand-pointer\" aria-hidden=\"true\"><\/i><a href=\"https:\/\/soymigrante.com\/revista\/plantas-medicinales-que-alivian-el-dolor-de-estomago-una-tradicion-natural\/\"><\/a><\/div><div class=\"eael-entry-thumbnail \">\n                <img loading=\"lazy\" decoding=\"async\" width=\"1024\" height=\"683\" src=\"https:\/\/soymigrante.com\/revista\/wp-content\/uploads\/2025\/06\/plantas-medicinales-1024x683.jpg\" class=\"attachment-large size-large wp-image-35977\" alt=\"Flores de manzanilla con p\u00e9talos blancos y centros amarillos en un jard\u00edn, representando temas de plantas, naturaleza y salud para la revista SoyMigrante.com.\" srcset=\"https:\/\/soymigrante.com\/revista\/wp-content\/uploads\/2025\/06\/plantas-medicinales-1024x683.jpg 1024w, https:\/\/soymigrante.com\/revista\/wp-content\/uploads\/2025\/06\/plantas-medicinales-300x200.jpg 300w, https:\/\/soymigrante.com\/revista\/wp-content\/uploads\/2025\/06\/plantas-medicinales-768x512.jpg 768w, https:\/\/soymigrante.com\/revista\/wp-content\/uploads\/2025\/06\/plantas-medicinales-1536x1025.jpg 1536w, https:\/\/soymigrante.com\/revista\/wp-content\/uploads\/2025\/06\/plantas-medicinales-750x500.jpg 750w, https:\/\/soymigrante.com\/revista\/wp-content\/uploads\/2025\/06\/plantas-medicinales-1140x761.jpg 1140w, https:\/\/soymigrante.com\/revista\/wp-content\/uploads\/2025\/06\/plantas-medicinales.webp 1920w\" sizes=\"(max-width: 1024px) 100vw, 1024px\" \/>\n            <\/div>\n        <\/div><div class=\"eael-entry-wrapper\"><header class=\"eael-entry-header\"><h2 class=\"eael-entry-title\"><a class=\"eael-grid-post-link\" href=\"https:\/\/soymigrante.com\/revista\/plantas-medicinales-que-alivian-el-dolor-de-estomago-una-tradicion-natural\/\" title=\"Plantas medicinales que alivian el dolor de est\u00f3mago: una tradici\u00f3n natural\">Plantas medicinales que alivian el dolor de est\u00f3mago: una tradici\u00f3n natural<\/a><\/h2><\/header><div class=\"eael-entry-content\">\n                        <div class=\"eael-grid-post-excerpt\"><a href=\"https:\/\/soymigrante.com\/revista\/plantas-medicinales-que-alivian-el-dolor-de-estomago-una-tradicion-natural\/\" class=\"eael-post-elements-readmore-btn\">CONOCE SU HISTORIA <\/a><\/div>\n                    <\/div><\/div><\/div>\n        <\/div>\n    <\/article><article class=\"eael-grid-post  eael-post-grid-column eael-pg-post-35484 category-salud-emocional tags-salud-emocional\" data-id=\"35484\">\n        <div class=\"eael-grid-post-holder\">\n            <div class=\"eael-grid-post-holder-inner\"><div class=\"eael-entry-media\"><div class=\"eael-entry-overlay fade-in\"><i class=\"far fa-hand-pointer\" aria-hidden=\"true\"><\/i><a href=\"https:\/\/soymigrante.com\/revista\/como-hablar-con-los-ninos-sobre-una-enfermedad-consejos-para-padres\/\"><\/a><\/div><div class=\"eael-entry-thumbnail \">\n                <img loading=\"lazy\" decoding=\"async\" width=\"1024\" height=\"682\" src=\"https:\/\/soymigrante.com\/revista\/wp-content\/uploads\/2025\/06\/Como-hablar-con-los-ninos-sobre-una-enfermedad-Consejos-para-padres2-1024x682.jpeg\" class=\"attachment-large size-large wp-image-35485\" alt=\"Enfermera atendiendo a un ni\u00f1o enfermo con fiebre en la cl\u00ednica, atenci\u00f3n m\u00e9dica infantil, cuidado y salud para migrantes y comunidades vulnerables.\" srcset=\"https:\/\/soymigrante.com\/revista\/wp-content\/uploads\/2025\/06\/Como-hablar-con-los-ninos-sobre-una-enfermedad-Consejos-para-padres2-1024x682.jpeg 1024w, https:\/\/soymigrante.com\/revista\/wp-content\/uploads\/2025\/06\/Como-hablar-con-los-ninos-sobre-una-enfermedad-Consejos-para-padres2-300x200.jpeg 300w, https:\/\/soymigrante.com\/revista\/wp-content\/uploads\/2025\/06\/Como-hablar-con-los-ninos-sobre-una-enfermedad-Consejos-para-padres2-768x512.jpeg 768w, https:\/\/soymigrante.com\/revista\/wp-content\/uploads\/2025\/06\/Como-hablar-con-los-ninos-sobre-una-enfermedad-Consejos-para-padres2-1536x1023.jpeg 1536w, https:\/\/soymigrante.com\/revista\/wp-content\/uploads\/2025\/06\/Como-hablar-con-los-ninos-sobre-una-enfermedad-Consejos-para-padres2-750x500.webp 750w, https:\/\/soymigrante.com\/revista\/wp-content\/uploads\/2025\/06\/Como-hablar-con-los-ninos-sobre-una-enfermedad-Consejos-para-padres2-1140x760.webp 1140w, https:\/\/soymigrante.com\/revista\/wp-content\/uploads\/2025\/06\/Como-hablar-con-los-ninos-sobre-una-enfermedad-Consejos-para-padres2.webp 1600w\" sizes=\"(max-width: 1024px) 100vw, 1024px\" \/>\n            <\/div>\n        <\/div><div class=\"eael-entry-wrapper\"><header class=\"eael-entry-header\"><h2 class=\"eael-entry-title\"><a class=\"eael-grid-post-link\" href=\"https:\/\/soymigrante.com\/revista\/como-hablar-con-los-ninos-sobre-una-enfermedad-consejos-para-padres\/\" title=\"\u00bfC\u00f3mo hablar con los ni\u00f1os sobre una enfermedad? Consejos para padres\">\u00bfC\u00f3mo hablar con los ni\u00f1os sobre una enfermedad? Consejos para padres<\/a><\/h2><\/header><div class=\"eael-entry-content\">\n                        <div class=\"eael-grid-post-excerpt\"><a href=\"https:\/\/soymigrante.com\/revista\/como-hablar-con-los-ninos-sobre-una-enfermedad-consejos-para-padres\/\" class=\"eael-post-elements-readmore-btn\">CONOCE SU HISTORIA <\/a><\/div>\n                    <\/div><\/div><\/div>\n        <\/div>\n    <\/article><article class=\"eael-grid-post  eael-post-grid-column eael-pg-post-9250 category-bienestar\" data-id=\"9250\">\n        <div class=\"eael-grid-post-holder\">\n            <div class=\"eael-grid-post-holder-inner\"><div class=\"eael-entry-media\"><div class=\"eael-entry-overlay fade-in\"><i class=\"far fa-hand-pointer\" aria-hidden=\"true\"><\/i><a href=\"https:\/\/soymigrante.com\/revista\/salud-preventiva-enfermedades-cronicas-afectan-mas-a-hombres-en-usa\/\"><\/a><\/div><div class=\"eael-entry-thumbnail \">\n                <img loading=\"lazy\" decoding=\"async\" width=\"1024\" height=\"1024\" src=\"https:\/\/soymigrante.com\/revista\/wp-content\/uploads\/2024\/09\/cheque-medico-hombres-soy-migrante2-1024x1024.webp\" class=\"attachment-large size-large wp-image-9256\" alt=\"Medicamento, consulta m\u00e9dica, tratamiento farmac\u00e9utico, salud, atenci\u00f3n m\u00e9dica.\" srcset=\"https:\/\/soymigrante.com\/revista\/wp-content\/uploads\/2024\/09\/cheque-medico-hombres-soy-migrante2-1024x1024.webp 1024w, https:\/\/soymigrante.com\/revista\/wp-content\/uploads\/2024\/09\/cheque-medico-hombres-soy-migrante2-300x300.webp 300w, https:\/\/soymigrante.com\/revista\/wp-content\/uploads\/2024\/09\/cheque-medico-hombres-soy-migrante2-150x150.webp 150w, https:\/\/soymigrante.com\/revista\/wp-content\/uploads\/2024\/09\/cheque-medico-hombres-soy-migrante2-768x768.webp 768w, https:\/\/soymigrante.com\/revista\/wp-content\/uploads\/2024\/09\/cheque-medico-hombres-soy-migrante2-1536x1536.webp 1536w, https:\/\/soymigrante.com\/revista\/wp-content\/uploads\/2024\/09\/cheque-medico-hombres-soy-migrante2-scaled.webp 1920w, https:\/\/soymigrante.com\/revista\/wp-content\/uploads\/2024\/09\/cheque-medico-hombres-soy-migrante2-75x75.webp 75w, https:\/\/soymigrante.com\/revista\/wp-content\/uploads\/2024\/09\/cheque-medico-hombres-soy-migrante2-750x750.webp 750w, https:\/\/soymigrante.com\/revista\/wp-content\/uploads\/2024\/09\/cheque-medico-hombres-soy-migrante2-1140x1140.webp 1140w\" sizes=\"(max-width: 1024px) 100vw, 1024px\" \/>\n            <\/div>\n        <\/div><div class=\"eael-entry-wrapper\"><header class=\"eael-entry-header\"><h2 class=\"eael-entry-title\"><a class=\"eael-grid-post-link\" href=\"https:\/\/soymigrante.com\/revista\/salud-preventiva-enfermedades-cronicas-afectan-mas-a-hombres-en-usa\/\" title=\"Salud preventiva: Enfermedades cr\u00f3nicas afectan m\u00e1s a hombres en USA\">Salud preventiva: Enfermedades cr\u00f3nicas afectan m\u00e1s a hombres en USA<\/a><\/h2><\/header><div class=\"eael-entry-content\">\n                        <div class=\"eael-grid-post-excerpt\"><a href=\"https:\/\/soymigrante.com\/revista\/salud-preventiva-enfermedades-cronicas-afectan-mas-a-hombres-en-usa\/\" class=\"eael-post-elements-readmore-btn\">CONOCE SU HISTORIA <\/a><\/div>\n                    <\/div><\/div><\/div>\n        <\/div>\n    <\/article><\/div>\n            <div class=\"clearfix\"><\/div>\n        <\/div>\t\t\t\t<\/div>\n\t\t\t\t\t<\/div>\n\t\t\t\t<\/div>\n\t\t\t\t<\/div>\n\t\t","protected":false},"excerpt":{"rendered":"<p>Las enfermedades populares guatemaltecas se les conoce con nombres coloquiales, pero no quiere decir que no sean importantes. En Guatemala, al igual que en muchos pa\u00edses con ra\u00edces ind\u00edgenas y tradiciones orales fuertes, la salud no solo se trata en hospitales o cl\u00ednicas. De hecho, en tiempos remotos, la cura a determinados malestares se obten\u00eda [&hellip;]<\/p>\n","protected":false},"author":19,"featured_media":36246,"comment_status":"open","ping_status":"open","sticky":false,"template":"","format":"standard","meta":{"_acf_changed":false,"_eb_attr":"","footnotes":""},"categories":[58],"tags":[],"class_list":["post-36245","post","type-post","status-publish","format-standard","has-post-thumbnail","hentry","category-guate-nuestra"],"acf":[],"aioseo_notices":[],"aioseo_head":"\n\t\t<!-- All in One SEO Pro 4.9.6.2 - aioseo.com -->\n\t<meta name=\"description\" content=\"De acuerdo con el Instituto Nacional de la Salud de USA, los hombres tienen una esperanza de vida de seis a\u00f1os menos que las mujeres\" \/>\n\t<meta name=\"robots\" content=\"max-snippet:-1, max-image-preview:large, max-video-preview:-1\" \/>\n\t<meta name=\"author\" content=\"Beatriz Tercero\"\/>\n\t<link rel=\"canonical\" href=\"https:\/\/soymigrante.com\/revista\/salud-preventiva-enfermedades-cronicas-afectan-mas-a-hombres-en-usa\/\" \/>\n\t<meta name=\"generator\" content=\"All in One SEO Pro (AIOSEO) 4.9.6.2\" \/>\n\n\t\t<link rel=\"preconnect\" href=\"https:\/\/fonts.googleapis.com\" crossorigin>\n<link rel=\"preconnect\" href=\"https:\/\/fonts.gstatic.com\" crossorigin>\n\t\t<meta property=\"og:locale\" content=\"es_ES\" \/>\n\t\t<meta property=\"og:site_name\" content=\"SoyMigrante.com REVISTA \u2013 Nuestra misi\u00f3n es reconocer y dignificar al migrante.\" \/>\n\t\t<meta property=\"og:type\" content=\"article\" \/>\n\t\t<meta property=\"og:title\" content=\"Salud preventiva: Enfermedades cr\u00f3nicas afectan m\u00e1s a hombres en USA\" \/>\n\t\t<meta property=\"og:description\" content=\"De acuerdo con el Instituto Nacional de la Salud de USA, los hombres tienen una esperanza de vida de seis a\u00f1os menos que las mujeres\" \/>\n\t\t<meta property=\"og:url\" content=\"https:\/\/soymigrante.com\/revista\/salud-preventiva-enfermedades-cronicas-afectan-mas-a-hombres-en-usa\/\" \/>\n\t\t<meta property=\"og:image\" content=\"https:\/\/soymigrante.com\/revista\/wp-content\/uploads\/2024\/09\/cheque-medico-hombres-soy-migrante2-scaled.webp\" \/>\n\t\t<meta property=\"og:image:secure_url\" content=\"https:\/\/soymigrante.com\/revista\/wp-content\/uploads\/2024\/09\/cheque-medico-hombres-soy-migrante2-scaled.webp\" \/>\n\t\t<meta property=\"og:image:width\" content=\"1920\" \/>\n\t\t<meta property=\"og:image:height\" content=\"1920\" \/>\n\t\t<meta property=\"article:published_time\" content=\"2024-09-16T17:04:09+00:00\" \/>\n\t\t<meta property=\"article:modified_time\" content=\"2024-09-16T20:59:38+00:00\" \/>\n\t\t<meta property=\"article:publisher\" content=\"https:\/\/www.facebook.com\/soymigrantecom\" \/>\n\t\t<meta name=\"twitter:card\" content=\"summary_large_image\" \/>\n\t\t<meta name=\"twitter:site\" content=\"@SoyMigrante_com\" \/>\n\t\t<meta name=\"twitter:title\" content=\"Salud preventiva: Enfermedades cr\u00f3nicas afectan m\u00e1s a hombres en USA\" \/>\n\t\t<meta name=\"twitter:description\" content=\"De acuerdo con el Instituto Nacional de la Salud de USA, los hombres tienen una esperanza de vida de seis a\u00f1os menos que las mujeres\" \/>\n\t\t<meta name=\"twitter:creator\" content=\"@SoyMigrante_com\" \/>\n\t\t<meta name=\"twitter:image\" content=\"https:\/\/soymigrante.com\/revista\/wp-content\/uploads\/2024\/09\/cheque-medico-hombres-soy-migrante2-scaled.webp\" \/>\n\t\t<!-- All in One SEO Pro -->\r\n\t\t<title>Salud preventiva: Enfermedades cr\u00f3nicas afectan m\u00e1s a hombres en USA<\/title>\n\n","aioseo_head_json":{"title":"Salud preventiva: Enfermedades cr\u00f3nicas afectan m\u00e1s a hombres en USA","description":"De acuerdo con el Instituto Nacional de la Salud de USA, los hombres tienen una esperanza de vida de seis a\u00f1os menos que las mujeres","canonical_url":"https:\/\/soymigrante.com\/revista\/salud-preventiva-enfermedades-cronicas-afectan-mas-a-hombres-en-usa\/","robots":"max-snippet:-1, max-image-preview:large, max-video-preview:-1","keywords":"","webmasterTools":{"miscellaneous":"&lt;link rel=\"preconnect\" href=\"https:\/\/fonts.googleapis.com\" crossorigin&gt;\n&lt;link rel=\"preconnect\" href=\"https:\/\/fonts.gstatic.com\" crossorigin&gt;"},"schema":null,"og:locale":"es_ES","og:site_name":"SoyMigrante.com REVISTA \u2013 Nuestra misi\u00f3n es reconocer y dignificar al migrante.","og:type":"article","og:title":"Salud preventiva: Enfermedades cr\u00f3nicas afectan m\u00e1s a hombres en USA","og:description":"De acuerdo con el Instituto Nacional de la Salud de USA, los hombres tienen una esperanza de vida de seis a\u00f1os menos que las mujeres","og:url":"https:\/\/soymigrante.com\/revista\/salud-preventiva-enfermedades-cronicas-afectan-mas-a-hombres-en-usa\/","og:image":"https:\/\/soymigrante.com\/revista\/wp-content\/uploads\/2024\/09\/cheque-medico-hombres-soy-migrante2-scaled.webp","og:image:secure_url":"https:\/\/soymigrante.com\/revista\/wp-content\/uploads\/2024\/09\/cheque-medico-hombres-soy-migrante2-scaled.webp","og:image:width":1920,"og:image:height":1920,"article:published_time":"2024-09-16T17:04:09+00:00","article:modified_time":"2024-09-16T20:59:38+00:00","article:publisher":"https:\/\/www.facebook.com\/soymigrantecom","twitter:card":"summary_large_image","twitter:site":"@SoyMigrante_com","twitter:title":"Salud preventiva: Enfermedades cr\u00f3nicas afectan m\u00e1s a hombres en USA","twitter:description":"De acuerdo con el Instituto Nacional de la Salud de USA, los hombres tienen una esperanza de vida de seis a\u00f1os menos que las mujeres","twitter:creator":"@SoyMigrante_com","twitter:image":"https:\/\/soymigrante.com\/revista\/wp-content\/uploads\/2024\/09\/cheque-medico-hombres-soy-migrante2-scaled.webp"},"aioseo_meta_data":{"post_id":"36245","title":null,"description":"Las enfermedades populares guatemaltecas se les conoce con nombres coloquiales, pero esp no quiere decir que no sean importantes. De hecho tienen s\u00edntomas muy reales.","keywords":null,"keyphrases":{"focus":{"keyphrase":"enfermedades","score":82,"analysis":{"keyphraseInTitle":{"score":9,"maxScore":9,"error":0},"keyphraseInDescription":{"score":9,"maxScore":9,"error":0},"keyphraseLength":{"score":9,"maxScore":9,"error":0,"length":1},"keyphraseInURL":{"score":5,"maxScore":5,"error":0},"keyphraseInIntroduction":{"score":3,"maxScore":9,"error":1},"keyphraseInSubHeadings":{"score":3,"maxScore":9,"error":1},"keyphraseInImageAlt":{"score":9,"maxScore":9,"error":0},"keywordDensity":{"type":"best","score":9,"maxScore":9,"error":0}}},"additional":[{"keyphrase":"guatemaltecas","score":53,"analysis":{"keyphraseInDescription":{"score":9,"maxScore":9,"error":0},"keyphraseLength":{"score":9,"maxScore":9,"error":0,"length":1},"keyphraseInIntroduction":{"score":3,"maxScore":9,"error":1},"keyphraseInImageAlt":{"score":3,"maxScore":9,"error":1},"keywordDensity":{"score":0,"type":"low","maxScore":9,"error":1}}},{"keyphrase":"enfermedades","score":87,"analysis":{"keyphraseInDescription":{"score":9,"maxScore":9,"error":0},"keyphraseLength":{"score":9,"maxScore":9,"error":0,"length":1},"keyphraseInIntroduction":{"score":3,"maxScore":9,"error":1},"keyphraseInImageAlt":{"score":9,"maxScore":9,"error":0},"keywordDensity":{"type":"best","score":9,"maxScore":9,"error":0}}}]},"primary_term":null,"canonical_url":null,"og_title":null,"og_description":null,"og_object_type":"default","og_image_type":"default","og_image_url":null,"og_image_width":null,"og_image_height":null,"og_image_custom_url":null,"og_image_custom_fields":null,"og_video":"","og_custom_url":null,"og_article_section":null,"og_article_tags":null,"twitter_use_og":false,"twitter_card":"default","twitter_image_type":"default","twitter_image_url":null,"twitter_image_custom_url":null,"twitter_image_custom_fields":null,"twitter_title":null,"twitter_description":null,"schema":{"blockGraphs":[],"customGraphs":[],"default":{"data":{"Article":[],"Course":[],"Dataset":[],"FAQPage":[],"Movie":[],"Person":[],"Product":[],"ProductReview":[],"Car":[],"Recipe":[],"Service":[],"SoftwareApplication":[],"WebPage":[]},"graphName":"none","isEnabled":true},"graphs":[]},"schema_type":"default","schema_type_options":null,"pillar_content":false,"robots_default":true,"robots_noindex":false,"robots_noarchive":false,"robots_nosnippet":false,"robots_nofollow":false,"robots_noimageindex":false,"robots_noodp":false,"robots_notranslate":false,"robots_max_snippet":"-1","robots_max_videopreview":"-1","robots_max_imagepreview":"large","priority":null,"frequency":"default","local_seo":null,"seo_analyzer_scan_date":"2025-10-09 05:56:14","breadcrumb_settings":null,"limit_modified_date":false,"reviewed_by":"0","open_ai":"{\"title\":{\"suggestions\":[],\"usage\":0},\"description\":{\"suggestions\":[],\"usage\":0}}","ai":null,"created":"2025-06-13 17:44:12","updated":"2026-02-05 01:11:34"},"aioseo_breadcrumb":"<div class=\"aioseo-breadcrumbs\"><span class=\"aioseo-breadcrumb\">\n\t<a href=\"https:\/\/soymigrante.com\/revista\" title=\"Home\">Home<\/a>\n<\/span><span class=\"aioseo-breadcrumb-separator\">\u00bb<\/span><span class=\"aioseo-breadcrumb\">\n\t<a href=\"https:\/\/soymigrante.com\/revista\/category\/guate-nuestra\/\" title=\"Guate Nuestra\">Guate Nuestra<\/a>\n<\/span><span class=\"aioseo-breadcrumb-separator\">\u00bb<\/span><span class=\"aioseo-breadcrumb\">\n\tDel \u201cmal de ojo\u201d al \u201cempacho\u201d: realidades de las enfermedades populares guatemaltecas\n<\/span><\/div>","aioseo_breadcrumb_json":[{"label":"Home","link":"https:\/\/soymigrante.com\/revista"},{"label":"Guate Nuestra","link":"https:\/\/soymigrante.com\/revista\/category\/guate-nuestra\/"},{"label":"Del &#8220;mal de ojo&#8221; al &#8220;empacho&#8221;: realidades de las enfermedades populares guatemaltecas","link":"https:\/\/soymigrante.com\/revista\/del-mal-de-ojo-al-empacho-realidades-de-las-enfermedades-populares-guatemaltecas\/"}],"_links":{"self":[{"href":"https:\/\/soymigrante.com\/revista\/wp-json\/wp\/v2\/posts\/36245","targetHints":{"allow":["GET"]}}],"collection":[{"href":"https:\/\/soymigrante.com\/revista\/wp-json\/wp\/v2\/posts"}],"about":[{"href":"https:\/\/soymigrante.com\/revista\/wp-json\/wp\/v2\/types\/post"}],"author":[{"embeddable":true,"href":"https:\/\/soymigrante.com\/revista\/wp-json\/wp\/v2\/users\/19"}],"replies":[{"embeddable":true,"href":"https:\/\/soymigrante.com\/revista\/wp-json\/wp\/v2\/comments?post=36245"}],"version-history":[{"count":17,"href":"https:\/\/soymigrante.com\/revista\/wp-json\/wp\/v2\/posts\/36245\/revisions"}],"predecessor-version":[{"id":36357,"href":"https:\/\/soymigrante.com\/revista\/wp-json\/wp\/v2\/posts\/36245\/revisions\/36357"}],"wp:featuredmedia":[{"embeddable":true,"href":"https:\/\/soymigrante.com\/revista\/wp-json\/wp\/v2\/media\/36246"}],"wp:attachment":[{"href":"https:\/\/soymigrante.com\/revista\/wp-json\/wp\/v2\/media?parent=36245"}],"wp:term":[{"taxonomy":"category","embeddable":true,"href":"https:\/\/soymigrante.com\/revista\/wp-json\/wp\/v2\/categories?post=36245"},{"taxonomy":"post_tag","embeddable":true,"href":"https:\/\/soymigrante.com\/revista\/wp-json\/wp\/v2\/tags?post=36245"}],"curies":[{"name":"wp","href":"https:\/\/api.w.org\/{rel}","templated":true}]}}