{"id":36164,"date":"2025-06-13T04:00:00","date_gmt":"2025-06-13T10:00:00","guid":{"rendered":"https:\/\/soymigrante.com\/revista\/?p=36164"},"modified":"2025-06-12T22:08:32","modified_gmt":"2025-06-13T04:08:32","slug":"artistas-y-figuras-publicas-alzan-la-voz-en-apoyo-a-migrantes-en-estados-unidos","status":"publish","type":"post","link":"https:\/\/soymigrante.com\/revista\/artistas-y-figuras-publicas-alzan-la-voz-en-apoyo-a-migrantes-en-estados-unidos\/","title":{"rendered":"Artistas y figuras p\u00fablicas alzan la voz en apoyo a migrantes en Estados Unidos"},"content":{"rendered":"\t\t<div data-elementor-type=\"wp-post\" data-elementor-id=\"36164\" class=\"elementor elementor-36164\" data-elementor-post-type=\"post\">\n\t\t\t\t<div data-particle_enable=\"false\" data-particle-mobile-disabled=\"false\" class=\"elementor-element elementor-element-6b2fbf5 e-flex e-con-boxed e-con e-parent\" data-id=\"6b2fbf5\" data-element_type=\"container\" data-e-type=\"container\">\n\t\t\t\t\t<div class=\"e-con-inner\">\n\t\t\t\t<div class=\"elementor-element elementor-element-988270c elementor-widget elementor-widget-heading\" data-id=\"988270c\" data-element_type=\"widget\" data-e-type=\"widget\" data-widget_type=\"heading.default\">\n\t\t\t\t\t<h2 class=\"elementor-heading-title elementor-size-default\">Algunos artistas se han pronunciado ante las redadas y trato injusto a los migrantes en Estados Unidos, estos piden tratos m\u00e1s humanos.\n<\/h2>\t\t\t\t<\/div>\n\t\t\t\t\t<\/div>\n\t\t\t\t<\/div>\n\t\t<div data-particle_enable=\"false\" data-particle-mobile-disabled=\"false\" class=\"elementor-element elementor-element-74af1f6 e-flex e-con-boxed e-con e-parent\" data-id=\"74af1f6\" data-element_type=\"container\" data-e-type=\"container\">\n\t\t\t\t\t<div class=\"e-con-inner\">\n\t\t\t\t<div class=\"elementor-element elementor-element-0092e85 elementor-widget elementor-widget-text-editor\" data-id=\"0092e85\" data-element_type=\"widget\" data-e-type=\"widget\" data-widget_type=\"text-editor.default\">\n\t\t\t\t\t\t\t\t\t<p><a href=\"https:\/\/soymigrante.com\/revista\/tu-lucha-no-es-pequena-es-sagrada-poderoso-mensaje-del-motivador-daniel-habif-a-los-migrantes\/\" target=\"_blank\" rel=\"noopener\">En medio del endurecimiento de las pol\u00edticas migratorias y las redadas llevadas a cabo en distintas ciudades de Estados Unidos,<\/a> varios artistas, influencers, actores y figuras p\u00fablicas han mostrado su solidaridad con los migrantes.<\/p><p>Estas voces reconocidas han denunciado p\u00fablicamente el trato inhumano hacia personas migrantes y han exigido un cambio que respete los derechos humanos.<\/p><p>Las redadas migratorias y las condiciones en los centros de detenci\u00f3n han generado indignaci\u00f3n en distintos sectores. En respuesta, celebridades de diversas nacionalidades han usado su influencia para visibilizar la situaci\u00f3n y pedir respeto hacia quienes buscan una vida mejor fuera de sus pa\u00edses de origen.<\/p>\t\t\t\t\t\t\t\t<\/div>\n\t\t\t\t\t<\/div>\n\t\t\t\t<\/div>\n\t\t<div data-particle_enable=\"false\" data-particle-mobile-disabled=\"false\" class=\"elementor-element elementor-element-924a045 e-flex e-con-boxed e-con e-parent\" data-id=\"924a045\" data-element_type=\"container\" data-e-type=\"container\">\n\t\t\t\t\t<div class=\"e-con-inner\">\n\t\t\t\t<div class=\"elementor-element elementor-element-4404c4c elementor-widget elementor-widget-image\" data-id=\"4404c4c\" data-element_type=\"widget\" data-e-type=\"widget\" data-widget_type=\"image.default\">\n\t\t\t\t\t\t\t\t\t\t\t\t<figure class=\"wp-caption\">\n\t\t\t\t\t\t\t\t\t\t<img fetchpriority=\"high\" decoding=\"async\" width=\"578\" height=\"1024\" src=\"https:\/\/soymigrante.com\/revista\/wp-content\/uploads\/2025\/06\/gaby-moreno-migrantes-redadas-578x1024.jpeg\" class=\"attachment-large size-large wp-image-36224\" alt=\"Inmigrantes en manifestaci\u00f3n con cartel que dice &quot;Immigrants make America great&quot;, en un contexto de protesta y derechos migrantes en Estados Unidos.\" srcset=\"https:\/\/soymigrante.com\/revista\/wp-content\/uploads\/2025\/06\/gaby-moreno-migrantes-redadas-578x1024.jpeg 578w, https:\/\/soymigrante.com\/revista\/wp-content\/uploads\/2025\/06\/gaby-moreno-migrantes-redadas-169x300.jpeg 169w, https:\/\/soymigrante.com\/revista\/wp-content\/uploads\/2025\/06\/gaby-moreno-migrantes-redadas-768x1361.jpeg 768w, https:\/\/soymigrante.com\/revista\/wp-content\/uploads\/2025\/06\/gaby-moreno-migrantes-redadas-867x1536.jpeg 867w, https:\/\/soymigrante.com\/revista\/wp-content\/uploads\/2025\/06\/gaby-moreno-migrantes-redadas-750x1329.webp 750w, https:\/\/soymigrante.com\/revista\/wp-content\/uploads\/2025\/06\/gaby-moreno-migrantes-redadas.webp 1084w\" sizes=\"(max-width: 578px) 100vw, 578px\" title=\"En una historia de Instagram, la cantautora guatemalteca Gaby Moreno poste\u00f3 una fotograf\u00eda de su participaci\u00f3n en una protesta pac\u00edfica frente al Ayuntamiento de Los Angeles, para exigir respeto a los migrantes y consideraci\u00f3n a su aporte social, cultural y econ\u00f3mico. &quot;Los migrantes hacen grande a Am\u00e9rica&quot;, dec\u00eda su pancarta. \u2013 SoyMigrante.com REVISTA\" \/>\t\t\t\t\t\t\t\t\t\t\t<figcaption class=\"widget-image-caption wp-caption-text\">Manifestantes en una protesta por los derechos de los inmigrantes en un evento en una ciudad estadounidense con edificios emblem\u00e1ticos.<\/figcaption>\n\t\t\t\t\t\t\t\t\t\t<\/figure>\n\t\t\t\t\t\t\t\t\t<\/div>\n\t\t\t\t\t<\/div>\n\t\t\t\t<\/div>\n\t\t<div data-particle_enable=\"false\" data-particle-mobile-disabled=\"false\" class=\"elementor-element elementor-element-bfc5ebc e-flex e-con-boxed e-con e-parent\" data-id=\"bfc5ebc\" data-element_type=\"container\" data-e-type=\"container\">\n\t\t\t\t\t<div class=\"e-con-inner\">\n\t\t\t\t<div class=\"elementor-element elementor-element-77c1b77 elementor-widget elementor-widget-heading\" data-id=\"77c1b77\" data-element_type=\"widget\" data-e-type=\"widget\" data-widget_type=\"heading.default\">\n\t\t\t\t\t<h3 class=\"elementor-heading-title elementor-size-default\">Artistas que no se quedan callados:<\/h3>\t\t\t\t<\/div>\n\t\t\t\t\t<\/div>\n\t\t\t\t<\/div>\n\t\t<div data-particle_enable=\"false\" data-particle-mobile-disabled=\"false\" class=\"elementor-element elementor-element-f20f87f e-flex e-con-boxed e-con e-parent\" data-id=\"f20f87f\" data-element_type=\"container\" data-e-type=\"container\">\n\t\t\t\t\t<div class=\"e-con-inner\">\n\t\t\t\t<div class=\"elementor-element elementor-element-07f310f elementor-widget elementor-widget-text-editor\" data-id=\"07f310f\" data-element_type=\"widget\" data-e-type=\"widget\" data-widget_type=\"text-editor.default\">\n\t\t\t\t\t\t\t\t\t<p><a href=\"https:\/\/soymigrante.com\/revista\/tu-lucha-no-es-pequena-es-sagrada-poderoso-mensaje-del-motivador-daniel-habif-a-los-migrantes\/\" target=\"_blank\" rel=\"noopener\">Una de las artistas m\u00e1s activas en este tema<\/a> ha sido Thal\u00eda, cantante y actriz mexicana, quien ha usado sus plataformas digitales para expresar su preocupaci\u00f3n por la separaci\u00f3n de familias y las condiciones en los centros de detenci\u00f3n.<b> \u201cMe duele el alma por cada ni\u00f1o separado de sus padres. Nadie deber\u00eda pasar por esto\u201d, escribi\u00f3 en una publicaci\u00f3n en Instagram que fue ampliamente compartida.<\/b><\/p>\t\t\t\t\t\t\t\t<\/div>\n\t\t\t\t\t<\/div>\n\t\t\t\t<\/div>\n\t\t<div data-particle_enable=\"false\" data-particle-mobile-disabled=\"false\" class=\"elementor-element elementor-element-4a59535 e-flex e-con-boxed e-con e-parent\" data-id=\"4a59535\" data-element_type=\"container\" data-e-type=\"container\">\n\t\t\t\t\t<div class=\"e-con-inner\">\n\t\t\t\t<div class=\"elementor-element elementor-element-7044c30 elementor-invisible elementor-widget elementor-widget-facebook-embed\" data-id=\"7044c30\" data-element_type=\"widget\" data-e-type=\"widget\" data-settings=\"{&quot;_animation&quot;:&quot;zoomInDown&quot;}\" data-widget_type=\"facebook-embed.default\">\n\t\t\t\t\t<div style=\"min-height: 1px\" class=\"elementor-facebook-widget fb-post\" data-href=\"https:\/\/www.facebook.com\/photo.php?fbid=8661304853962206&#038;set=t.100044020664651&#038;type=3\" data-show-text=\"false\"><\/div>\t\t\t\t<\/div>\n\t\t\t\t\t<\/div>\n\t\t\t\t<\/div>\n\t\t<div data-particle_enable=\"false\" data-particle-mobile-disabled=\"false\" class=\"elementor-element elementor-element-6dfc8d7 e-flex e-con-boxed e-con e-parent\" data-id=\"6dfc8d7\" data-element_type=\"container\" data-e-type=\"container\">\n\t\t\t\t\t<div class=\"e-con-inner\">\n\t\t\t\t<div class=\"elementor-element elementor-element-01a4c6e elementor-widget elementor-widget-text-editor\" data-id=\"01a4c6e\" data-element_type=\"widget\" data-e-type=\"widget\" data-widget_type=\"text-editor.default\">\n\t\t\t\t\t\t\t\t\t<p>Por su parte, el actor y comediante Eugenio Derbez ha criticado duramente la manera en que se ha criminalizado a los migrantes latinos. En entrevistas y publicaciones, ha recordado que muchos de ellos solo buscan trabajo y oportunidades. <b>\u201cSer migrante no es un crimen. Los migrantes construyen este pa\u00eds con su esfuerzo\u201d, afirm\u00f3 en un v<\/b>ideo viral.<\/p>\t\t\t\t\t\t\t\t<\/div>\n\t\t\t\t\t<\/div>\n\t\t\t\t<\/div>\n\t\t<div data-particle_enable=\"false\" data-particle-mobile-disabled=\"false\" class=\"elementor-element elementor-element-f2587dd e-flex e-con-boxed e-con e-parent\" data-id=\"f2587dd\" data-element_type=\"container\" data-e-type=\"container\">\n\t\t\t\t\t<div class=\"e-con-inner\">\n\t\t\t\t<div class=\"elementor-element elementor-element-38dbbfc elementor-invisible elementor-widget elementor-widget-facebook-embed\" data-id=\"38dbbfc\" data-element_type=\"widget\" data-e-type=\"widget\" data-settings=\"{&quot;_animation&quot;:&quot;zoomInDown&quot;}\" data-widget_type=\"facebook-embed.default\">\n\t\t\t\t\t<div style=\"min-height: 1px\" class=\"elementor-facebook-widget fb-post\" data-href=\"https:\/\/www.facebook.com\/photo.php?fbid=1279277893564340&#038;set=pb.100044464238155.-2207520000&#038;type=3\" data-show-text=\"false\"><\/div>\t\t\t\t<\/div>\n\t\t\t\t\t<\/div>\n\t\t\t\t<\/div>\n\t\t<div data-particle_enable=\"false\" data-particle-mobile-disabled=\"false\" class=\"elementor-element elementor-element-c5218f7 e-flex e-con-boxed e-con e-parent\" data-id=\"c5218f7\" data-element_type=\"container\" data-e-type=\"container\">\n\t\t\t\t\t<div class=\"e-con-inner\">\n\t\t\t\t<div class=\"elementor-element elementor-element-5c0709e elementor-widget elementor-widget-text-editor\" data-id=\"5c0709e\" data-element_type=\"widget\" data-e-type=\"widget\" data-widget_type=\"text-editor.default\">\n\t\t\t\t\t\t\t\t\t<p>La actriz Zoe Salda\u00f1a, de ascendencia dominicana y puertorrique\u00f1a, ha participado en eventos de recaudaci\u00f3n de fondos y ha promovido mensajes en defensa de los derechos humanos. En un evento organizado por la organizaci\u00f3n FWD.us, expres\u00f3: <b>\u201cNo podemos ignorar la injusticia. Debemos hablar por quienes no pueden hacerlo por miedo\u201d.<\/b><\/p>\t\t\t\t\t\t\t\t<\/div>\n\t\t\t\t\t<\/div>\n\t\t\t\t<\/div>\n\t\t<div data-particle_enable=\"false\" data-particle-mobile-disabled=\"false\" class=\"elementor-element elementor-element-4ae3091 e-flex e-con-boxed e-con e-parent\" data-id=\"4ae3091\" data-element_type=\"container\" data-e-type=\"container\">\n\t\t\t\t\t<div class=\"e-con-inner\">\n\t\t\t\t<div class=\"elementor-element elementor-element-c4734b6 elementor-widget elementor-widget-video\" data-id=\"c4734b6\" data-element_type=\"widget\" data-e-type=\"widget\" data-settings=\"{&quot;youtube_url&quot;:&quot;https:\\\/\\\/www.youtube.com\\\/watch?v=h32d2sX27Ag&quot;,&quot;video_type&quot;:&quot;youtube&quot;,&quot;controls&quot;:&quot;yes&quot;}\" data-widget_type=\"video.default\">\n\t\t\t\t\t\t\t<div class=\"elementor-wrapper elementor-open-inline\">\n\t\t\t<div class=\"elementor-video\"><\/div>\t\t<\/div>\n\t\t\t\t\t\t<\/div>\n\t\t\t\t\t<\/div>\n\t\t\t\t<\/div>\n\t\t<div data-particle_enable=\"false\" data-particle-mobile-disabled=\"false\" class=\"elementor-element elementor-element-5f4fb7b e-flex e-con-boxed e-con e-parent\" data-id=\"5f4fb7b\" data-element_type=\"container\" data-e-type=\"container\">\n\t\t\t\t\t<div class=\"e-con-inner\">\n\t\t\t\t<div class=\"elementor-element elementor-element-347f9af elementor-widget elementor-widget-text-editor\" data-id=\"347f9af\" data-element_type=\"widget\" data-e-type=\"widget\" data-widget_type=\"text-editor.default\">\n\t\t\t\t\t\t\t\t\t<p>Salma Hayek, actriz mexicana de reconocimiento internacional, ha sido una de las voces m\u00e1s constantes en defensa de los migrantes. En varias entrevistas y publicaciones en redes sociales, ha recordado que <b>\u201cnadie deja su pa\u00eds por gusto\u201d <\/b>y ha pedido a las autoridades <b>\u201cm\u00e1s humanidad y compasi\u00f3n\u201d.<\/b><\/p>\t\t\t\t\t\t\t\t<\/div>\n\t\t\t\t\t<\/div>\n\t\t\t\t<\/div>\n\t\t<div data-particle_enable=\"false\" data-particle-mobile-disabled=\"false\" class=\"elementor-element elementor-element-46fc848 e-flex e-con-boxed e-con e-parent\" data-id=\"46fc848\" data-element_type=\"container\" data-e-type=\"container\">\n\t\t\t\t\t<div class=\"e-con-inner\">\n\t\t\t\t<div class=\"elementor-element elementor-element-57d24c6 elementor-invisible elementor-widget elementor-widget-facebook-embed\" data-id=\"57d24c6\" data-element_type=\"widget\" data-e-type=\"widget\" data-settings=\"{&quot;_animation&quot;:&quot;zoomInDown&quot;}\" data-widget_type=\"facebook-embed.default\">\n\t\t\t\t\t<div style=\"min-height: 1px\" class=\"elementor-facebook-widget fb-post\" data-href=\"https:\/\/www.facebook.com\/photo\/?fbid=1032045029043258&#038;set=a.574591154788650\" data-show-text=\"false\"><\/div>\t\t\t\t<\/div>\n\t\t\t\t\t<\/div>\n\t\t\t\t<\/div>\n\t\t<div data-particle_enable=\"false\" data-particle-mobile-disabled=\"false\" class=\"elementor-element elementor-element-7d38103 e-flex e-con-boxed e-con e-parent\" data-id=\"7d38103\" data-element_type=\"container\" data-e-type=\"container\">\n\t\t\t\t\t<div class=\"e-con-inner\">\n\t\t\t\t<div class=\"elementor-element elementor-element-39b0ae1 elementor-widget elementor-widget-text-editor\" data-id=\"39b0ae1\" data-element_type=\"widget\" data-e-type=\"widget\" data-widget_type=\"text-editor.default\">\n\t\t\t\t\t\t\t\t\t<p>America Ferrera, actriz y activista estadounidense de ra\u00edces hondure\u00f1as, ha participado en protestas, marchas y campa\u00f1as para frenar las deportaciones masivas. En una intervenci\u00f3n p\u00fablica, afirm\u00f3: <b>\u201cNo podemos quedarnos callados mientras nuestras comunidades viven con miedo\u201d.<\/b><\/p>\t\t\t\t\t\t\t\t<\/div>\n\t\t\t\t\t<\/div>\n\t\t\t\t<\/div>\n\t\t<div data-particle_enable=\"false\" data-particle-mobile-disabled=\"false\" class=\"elementor-element elementor-element-7312771 e-flex e-con-boxed e-con e-parent\" data-id=\"7312771\" data-element_type=\"container\" data-e-type=\"container\">\n\t\t\t\t\t<div class=\"e-con-inner\">\n\t\t\t\t<div class=\"elementor-element elementor-element-1a391c6 elementor-invisible elementor-widget elementor-widget-facebook-embed\" data-id=\"1a391c6\" data-element_type=\"widget\" data-e-type=\"widget\" data-settings=\"{&quot;_animation&quot;:&quot;zoomInDown&quot;}\" data-widget_type=\"facebook-embed.default\">\n\t\t\t\t\t<div style=\"min-height: 1px\" class=\"elementor-facebook-widget fb-post\" data-href=\"https:\/\/www.facebook.com\/530691596947564\/photos\/pb.100083169827198.-2207520000\/530691713614219\/?type=3\" data-show-text=\"false\"><\/div>\t\t\t\t<\/div>\n\t\t\t\t\t<\/div>\n\t\t\t\t<\/div>\n\t\t<div data-particle_enable=\"false\" data-particle-mobile-disabled=\"false\" class=\"elementor-element elementor-element-70ef4bc e-flex e-con-boxed e-con e-parent\" data-id=\"70ef4bc\" data-element_type=\"container\" data-e-type=\"container\">\n\t\t\t\t\t<div class=\"e-con-inner\">\n\t\t\t\t<div class=\"elementor-element elementor-element-79541dd elementor-widget elementor-widget-text-editor\" data-id=\"79541dd\" data-element_type=\"widget\" data-e-type=\"widget\" data-widget_type=\"text-editor.default\">\n\t\t\t\t\t\t\t\t\t<p>Lin-Manuel Miranda, creador de \u201cHamilton\u201d e hijo de migrantes puertorrique\u00f1os, ha producido videos, participado en conciertos ben\u00e9ficos y recaudado fondos para organizaciones que apoyan a las familias separadas por ICE (Servicio de Inmigraci\u00f3n y Control de Aduanas). <b>\u201cEsto no se trata de pol\u00edtica, se trata de humanidad\u201d<\/b>, declar\u00f3.<\/p>\t\t\t\t\t\t\t\t<\/div>\n\t\t\t\t\t<\/div>\n\t\t\t\t<\/div>\n\t\t<div data-particle_enable=\"false\" data-particle-mobile-disabled=\"false\" class=\"elementor-element elementor-element-2c0ba19 e-flex e-con-boxed e-con e-parent\" data-id=\"2c0ba19\" data-element_type=\"container\" data-e-type=\"container\">\n\t\t\t\t\t<div class=\"e-con-inner\">\n\t\t\t\t<div class=\"elementor-element elementor-element-4551d0a elementor-invisible elementor-widget elementor-widget-facebook-embed\" data-id=\"4551d0a\" data-element_type=\"widget\" data-e-type=\"widget\" data-settings=\"{&quot;_animation&quot;:&quot;zoomInDown&quot;}\" data-widget_type=\"facebook-embed.default\">\n\t\t\t\t\t<div style=\"min-height: 1px\" class=\"elementor-facebook-widget fb-post\" data-href=\"https:\/\/www.facebook.com\/photo.php?fbid=714281563395570&#038;set=pb.100044411980061.-2207520000&#038;type=3\" data-show-text=\"false\"><\/div>\t\t\t\t<\/div>\n\t\t\t\t\t<\/div>\n\t\t\t\t<\/div>\n\t\t<div data-particle_enable=\"false\" data-particle-mobile-disabled=\"false\" class=\"elementor-element elementor-element-2d24b2d e-flex e-con-boxed e-con e-parent\" data-id=\"2d24b2d\" data-element_type=\"container\" data-e-type=\"container\">\n\t\t\t\t\t<div class=\"e-con-inner\">\n\t\t\t\t<div class=\"elementor-element elementor-element-cab48be elementor-widget elementor-widget-text-editor\" data-id=\"cab48be\" data-element_type=\"widget\" data-e-type=\"widget\" data-widget_type=\"text-editor.default\">\n\t\t\t\t\t\t\t\t\t<p>Cardi B, rapera nacida en el Bronx y de padres migrantes caribe\u00f1os, tambi\u00e9n ha usado sus redes para denunciar las condiciones en los centros de detenci\u00f3n. En un video que se hizo viral, expres\u00f3:<b> \u201cEstas personas no son criminales, est\u00e1n buscando una oportunidad\u201d.<\/b><\/p>\t\t\t\t\t\t\t\t<\/div>\n\t\t\t\t\t<\/div>\n\t\t\t\t<\/div>\n\t\t<div data-particle_enable=\"false\" data-particle-mobile-disabled=\"false\" class=\"elementor-element elementor-element-9b7f030 e-flex e-con-boxed e-con e-parent\" data-id=\"9b7f030\" data-element_type=\"container\" data-e-type=\"container\">\n\t\t\t\t\t<div class=\"e-con-inner\">\n\t\t\t\t<div class=\"elementor-element elementor-element-bc1d4cd elementor-invisible elementor-widget elementor-widget-facebook-embed\" data-id=\"bc1d4cd\" data-element_type=\"widget\" data-e-type=\"widget\" data-settings=\"{&quot;_animation&quot;:&quot;zoomInDown&quot;}\" data-widget_type=\"facebook-embed.default\">\n\t\t\t\t\t<div style=\"min-height: 1px\" class=\"elementor-facebook-widget fb-post\" data-href=\"https:\/\/www.facebook.com\/photo\/?fbid=1279939103493628&#038;set=pcb.1279939166826955\" data-show-text=\"false\"><\/div>\t\t\t\t<\/div>\n\t\t\t\t\t<\/div>\n\t\t\t\t<\/div>\n\t\t<div data-particle_enable=\"false\" data-particle-mobile-disabled=\"false\" class=\"elementor-element elementor-element-4e7caaa e-flex e-con-boxed e-con e-parent\" data-id=\"4e7caaa\" data-element_type=\"container\" data-e-type=\"container\">\n\t\t\t\t\t<div class=\"e-con-inner\">\n\t\t\t\t<div class=\"elementor-element elementor-element-f6a5656 elementor-widget elementor-widget-text-editor\" data-id=\"f6a5656\" data-element_type=\"widget\" data-e-type=\"widget\" data-widget_type=\"text-editor.default\">\n\t\t\t\t\t\t\t\t\t<p>Desde el mundo digital, influencers como Johanna Toru\u00f1o, artista salvadore\u00f1a radicada en Nueva York, ha creado obras de arte urbano y campa\u00f1as visuales en defensa de la dignidad migrante. Sus mensajes, compartidos por miles, promueven la resistencia cultural y el orgullo de origen.<\/p>\t\t\t\t\t\t\t\t<\/div>\n\t\t\t\t\t<\/div>\n\t\t\t\t<\/div>\n\t\t<div data-particle_enable=\"false\" data-particle-mobile-disabled=\"false\" class=\"elementor-element elementor-element-cc2552d e-flex e-con-boxed e-con e-parent\" data-id=\"cc2552d\" data-element_type=\"container\" data-e-type=\"container\">\n\t\t\t\t\t<div class=\"e-con-inner\">\n\t\t\t\t<div class=\"elementor-element elementor-element-5c5b9c5 elementor-widget elementor-widget-text-editor\" data-id=\"5c5b9c5\" data-element_type=\"widget\" data-e-type=\"widget\" data-widget_type=\"text-editor.default\">\n\t\t\t\t\t\t\t\t\t<p>Gael Garc\u00eda Bernal, actor y director mexicano, tambi\u00e9n ha sido claro en su postura. En una intervenci\u00f3n ante las Naciones Unidas, declar\u00f3:<b> \u201cCerrar fronteras no resuelve las causas del desplazamiento, solo crea m\u00e1s dolor\u201d.<\/b><\/p>\t\t\t\t\t\t\t\t<\/div>\n\t\t\t\t\t<\/div>\n\t\t\t\t<\/div>\n\t\t<div data-particle_enable=\"false\" data-particle-mobile-disabled=\"false\" class=\"elementor-element elementor-element-71ffd22 e-flex e-con-boxed e-con e-parent\" data-id=\"71ffd22\" data-element_type=\"container\" data-e-type=\"container\">\n\t\t\t\t\t<div class=\"e-con-inner\">\n\t\t\t\t<div class=\"elementor-element elementor-element-7470ef1 elementor-invisible elementor-widget elementor-widget-facebook-embed\" data-id=\"7470ef1\" data-element_type=\"widget\" data-e-type=\"widget\" data-settings=\"{&quot;_animation&quot;:&quot;zoomInDown&quot;}\" data-widget_type=\"facebook-embed.default\">\n\t\t\t\t\t<div style=\"min-height: 1px\" class=\"elementor-facebook-widget fb-post\" data-href=\"https:\/\/www.facebook.com\/photo\/?fbid=1120105226802213&#038;set=pcb.1120105290135540\" data-show-text=\"false\"><\/div>\t\t\t\t<\/div>\n\t\t\t\t\t<\/div>\n\t\t\t\t<\/div>\n\t\t<div data-particle_enable=\"false\" data-particle-mobile-disabled=\"false\" class=\"elementor-element elementor-element-c26706b e-flex e-con-boxed e-con e-parent\" data-id=\"c26706b\" data-element_type=\"container\" data-e-type=\"container\">\n\t\t\t\t\t<div class=\"e-con-inner\">\n\t\t\t\t<div class=\"elementor-element elementor-element-1e3d7b8 elementor-widget elementor-widget-heading\" data-id=\"1e3d7b8\" data-element_type=\"widget\" data-e-type=\"widget\" data-widget_type=\"heading.default\">\n\t\t\t\t\t<h3 class=\"elementor-heading-title elementor-size-default\">Piden m\u00e1s humanidad<\/h3>\t\t\t\t<\/div>\n\t\t\t\t\t<\/div>\n\t\t\t\t<\/div>\n\t\t<div data-particle_enable=\"false\" data-particle-mobile-disabled=\"false\" class=\"elementor-element elementor-element-98dd819 e-flex e-con-boxed e-con e-parent\" data-id=\"98dd819\" data-element_type=\"container\" data-e-type=\"container\">\n\t\t\t\t\t<div class=\"e-con-inner\">\n\t\t\t\t<div class=\"elementor-element elementor-element-e5fdc08 elementor-widget elementor-widget-text-editor\" data-id=\"e5fdc08\" data-element_type=\"widget\" data-e-type=\"widget\" data-widget_type=\"text-editor.default\">\n\t\t\t\t\t\t\t\t\t<p><a href=\"https:\/\/soymigrante.com\/revista\/tu-lucha-no-es-pequena-es-sagrada-poderoso-mensaje-del-motivador-daniel-habif-a-los-migrantes\/\" target=\"_blank\" rel=\"noopener\">En un tiempo en que el miedo y la incertidumbre golpean a miles de familias migrantes<\/a>, las voces de artistas y figuras p\u00fablicas se convierten en una herramienta poderosa de visibilizaci\u00f3n y resistencia. Su solidaridad no solo humaniza la lucha, sino que tambi\u00e9n recuerda que la empat\u00eda no tiene fronteras.<\/p>\t\t\t\t\t\t\t\t<\/div>\n\t\t\t\t\t<\/div>\n\t\t\t\t<\/div>\n\t\t<div data-particle_enable=\"false\" data-particle-mobile-disabled=\"false\" class=\"elementor-element elementor-element-d4946e7 e-flex e-con-boxed e-con e-parent\" data-id=\"d4946e7\" data-element_type=\"container\" data-e-type=\"container\">\n\t\t\t\t\t<div class=\"e-con-inner\">\n\t\t\t\t<div class=\"elementor-element elementor-element-edf6b46 elementor-widget elementor-widget-heading\" data-id=\"edf6b46\" data-element_type=\"widget\" data-e-type=\"widget\" data-widget_type=\"heading.default\">\n\t\t\t\t\t<h2 class=\"elementor-heading-title elementor-size-default\">Estos temas te pueden interesar...<\/h2>\t\t\t\t<\/div>\n\t\t\t\t\t<\/div>\n\t\t\t\t<\/div>\n\t\t<div data-particle_enable=\"false\" data-particle-mobile-disabled=\"false\" class=\"elementor-element elementor-element-6b7c13a e-flex e-con-boxed e-con e-parent\" data-id=\"6b7c13a\" data-element_type=\"container\" data-e-type=\"container\">\n\t\t\t\t\t<div class=\"e-con-inner\">\n\t\t\t\t<div class=\"elementor-element elementor-element-7d3721f elementor-grid-eael-col-3 elementor-grid-tablet-eael-col-2 elementor-grid-mobile-eael-col-1 elementor-widget elementor-widget-eael-post-grid\" data-id=\"7d3721f\" data-element_type=\"widget\" data-e-type=\"widget\" data-settings=\"{&quot;eael_post_grid_columns&quot;:&quot;eael-col-3&quot;,&quot;eael_post_grid_columns_tablet&quot;:&quot;eael-col-2&quot;,&quot;eael_post_grid_columns_mobile&quot;:&quot;eael-col-1&quot;}\" data-widget_type=\"eael-post-grid.default\">\n\t\t\t\t\t<div id=\"eael-post-grid-7d3721f\" class=\"eael-post-grid-container\">\n            <div class=\"eael-post-grid eael-post-appender eael-post-appender-7d3721f eael-post-grid-style-one\" data-layout-mode=\"masonry\"><article class=\"eael-grid-post  eael-post-grid-column eael-pg-post-36102 category-estamos-unidos\" data-id=\"36102\">\n        <div class=\"eael-grid-post-holder\">\n            <div class=\"eael-grid-post-holder-inner\"><div class=\"eael-entry-media\"><div class=\"eael-entry-overlay fade-in\"><i class=\"far fa-hand-pointer\" aria-hidden=\"true\"><\/i><a href=\"https:\/\/soymigrante.com\/revista\/tu-lucha-no-es-pequena-es-sagrada-poderoso-mensaje-del-motivador-daniel-habif-a-los-migrantes\/\"><\/a><\/div><div class=\"eael-entry-thumbnail \">\n                <img decoding=\"async\" width=\"1024\" height=\"1024\" src=\"https:\/\/soymigrante.com\/revista\/wp-content\/uploads\/2025\/06\/migrante-ilustracio\u00b4n.webp\" class=\"attachment-large size-large wp-image-36117\" alt=\"Migrante ilustraci\u00f3n para mensaje motivacional de Daniel Habif\" srcset=\"https:\/\/soymigrante.com\/revista\/wp-content\/uploads\/2025\/06\/migrante-ilustracio\u00b4n.webp 1024w, https:\/\/soymigrante.com\/revista\/wp-content\/uploads\/2025\/06\/migrante-ilustracio\u00b4n-300x300.jpg 300w, https:\/\/soymigrante.com\/revista\/wp-content\/uploads\/2025\/06\/migrante-ilustracio\u00b4n-150x150.jpg 150w, https:\/\/soymigrante.com\/revista\/wp-content\/uploads\/2025\/06\/migrante-ilustracio\u00b4n-768x768.jpg 768w, https:\/\/soymigrante.com\/revista\/wp-content\/uploads\/2025\/06\/migrante-ilustracio\u00b4n-75x75.webp 75w, https:\/\/soymigrante.com\/revista\/wp-content\/uploads\/2025\/06\/migrante-ilustracio\u00b4n-750x750.webp 750w\" sizes=\"(max-width: 1024px) 100vw, 1024px\" \/>\n            <\/div>\n        <\/div><div class=\"eael-entry-wrapper\"><header class=\"eael-entry-header\"><h2 class=\"eael-entry-title\"><a class=\"eael-grid-post-link\" href=\"https:\/\/soymigrante.com\/revista\/tu-lucha-no-es-pequena-es-sagrada-poderoso-mensaje-del-motivador-daniel-habif-a-los-migrantes\/\" title=\"\u201cTu lucha no es peque\u00f1a: es sagrada\u201d: poderoso mensaje del motivador Daniel Habif a los migrantes\">\u201cTu lucha no es peque\u00f1a: es sagrada\u201d: poderoso mensaje del motivador Daniel Habif a los migrantes<\/a><\/h2><\/header><div class=\"eael-entry-content\">\n                        <div class=\"eael-grid-post-excerpt\"><a href=\"https:\/\/soymigrante.com\/revista\/tu-lucha-no-es-pequena-es-sagrada-poderoso-mensaje-del-motivador-daniel-habif-a-los-migrantes\/\" class=\"eael-post-elements-readmore-btn\">CONOCE SU HISTORIA <\/a><\/div>\n                    <\/div><\/div><\/div>\n        <\/div>\n    <\/article><article class=\"eael-grid-post  eael-post-grid-column eael-pg-post-1308 category-estamos-unidos\" data-id=\"1308\">\n        <div class=\"eael-grid-post-holder\">\n            <div class=\"eael-grid-post-holder-inner\"><div class=\"eael-entry-media\"><div class=\"eael-entry-overlay fade-in\"><i class=\"far fa-hand-pointer\" aria-hidden=\"true\"><\/i><a href=\"https:\/\/soymigrante.com\/revista\/voto-de-migrantes-guatemaltecos-impulsa-organizacion\/\"><\/a><\/div><div class=\"eael-entry-thumbnail \">\n                <img decoding=\"async\" width=\"940\" height=\"627\" src=\"https:\/\/soymigrante.com\/revista\/wp-content\/uploads\/2023\/06\/voto-en-el-extranjero.webp\" class=\"attachment-large size-large wp-image-1330\" alt=\"voto en el extranjero\" srcset=\"https:\/\/soymigrante.com\/revista\/wp-content\/uploads\/2023\/06\/voto-en-el-extranjero.webp 940w, https:\/\/soymigrante.com\/revista\/wp-content\/uploads\/2023\/06\/voto-en-el-extranjero-300x200.webp 300w, https:\/\/soymigrante.com\/revista\/wp-content\/uploads\/2023\/06\/voto-en-el-extranjero-768x512.webp 768w, https:\/\/soymigrante.com\/revista\/wp-content\/uploads\/2023\/06\/voto-en-el-extranjero-750x500.webp 750w, https:\/\/soymigrante.com\/revista\/wp-content\/uploads\/2023\/06\/voto-en-el-extranjero-600x400.webp 600w\" sizes=\"(max-width: 940px) 100vw, 940px\" \/>\n            <\/div>\n        <\/div><div class=\"eael-entry-wrapper\"><header class=\"eael-entry-header\"><h2 class=\"eael-entry-title\"><a class=\"eael-grid-post-link\" href=\"https:\/\/soymigrante.com\/revista\/voto-de-migrantes-guatemaltecos-impulsa-organizacion\/\" title=\"\u00bfCu\u00e1ntos migrantes guatemaltecos empadronados hay en ciudades de Estados Unidos?\">\u00bfCu\u00e1ntos migrantes guatemaltecos empadronados hay en ciudades de Estados Unidos?<\/a><\/h2><\/header><div class=\"eael-entry-content\">\n                        <div class=\"eael-grid-post-excerpt\"><a href=\"https:\/\/soymigrante.com\/revista\/voto-de-migrantes-guatemaltecos-impulsa-organizacion\/\" class=\"eael-post-elements-readmore-btn\">CONOCE SU HISTORIA <\/a><\/div>\n                    <\/div><\/div><\/div>\n        <\/div>\n    <\/article><article class=\"eael-grid-post  eael-post-grid-column eael-pg-post-336 category-lugar-de-voces\" data-id=\"336\">\n        <div class=\"eael-grid-post-holder\">\n            <div class=\"eael-grid-post-holder-inner\"><div class=\"eael-entry-media\"><div class=\"eael-entry-overlay fade-in\"><i class=\"far fa-hand-pointer\" aria-hidden=\"true\"><\/i><a href=\"https:\/\/soymigrante.com\/revista\/un-dia-me-di-ccuenta-que-eramos-migrantes\/\"><\/a><\/div><div class=\"eael-entry-thumbnail \">\n                <img loading=\"lazy\" decoding=\"async\" width=\"1024\" height=\"1024\" src=\"https:\/\/soymigrante.com\/revista\/wp-content\/uploads\/2023\/02\/ROSTRO-PINTANDOSE-PINTURA-DE-ARMANDO-SEB-1024x1024.jpg\" class=\"attachment-large size-large wp-image-697\" alt=\"\" srcset=\"https:\/\/soymigrante.com\/revista\/wp-content\/uploads\/2023\/02\/ROSTRO-PINTANDOSE-PINTURA-DE-ARMANDO-SEB-1024x1024.jpg 1024w, https:\/\/soymigrante.com\/revista\/wp-content\/uploads\/2023\/02\/ROSTRO-PINTANDOSE-PINTURA-DE-ARMANDO-SEB-300x300.webp 300w, https:\/\/soymigrante.com\/revista\/wp-content\/uploads\/2023\/02\/ROSTRO-PINTANDOSE-PINTURA-DE-ARMANDO-SEB-150x150.webp 150w, https:\/\/soymigrante.com\/revista\/wp-content\/uploads\/2023\/02\/ROSTRO-PINTANDOSE-PINTURA-DE-ARMANDO-SEB-768x768.jpg 768w, https:\/\/soymigrante.com\/revista\/wp-content\/uploads\/2023\/02\/ROSTRO-PINTANDOSE-PINTURA-DE-ARMANDO-SEB-75x75.webp 75w, https:\/\/soymigrante.com\/revista\/wp-content\/uploads\/2023\/02\/ROSTRO-PINTANDOSE-PINTURA-DE-ARMANDO-SEB-750x750.webp 750w, https:\/\/soymigrante.com\/revista\/wp-content\/uploads\/2023\/02\/ROSTRO-PINTANDOSE-PINTURA-DE-ARMANDO-SEB-1140x1140.jpg 1140w, https:\/\/soymigrante.com\/revista\/wp-content\/uploads\/2023\/02\/ROSTRO-PINTANDOSE-PINTURA-DE-ARMANDO-SEB-600x600.jpg 600w, https:\/\/soymigrante.com\/revista\/wp-content\/uploads\/2023\/02\/ROSTRO-PINTANDOSE-PINTURA-DE-ARMANDO-SEB.webp 1365w\" sizes=\"(max-width: 1024px) 100vw, 1024px\" \/>\n            <\/div>\n        <\/div><div class=\"eael-entry-wrapper\"><header class=\"eael-entry-header\"><h2 class=\"eael-entry-title\"><a class=\"eael-grid-post-link\" href=\"https:\/\/soymigrante.com\/revista\/un-dia-me-di-ccuenta-que-eramos-migrantes\/\" title=\"Un d\u00eda me d\u00ed cuenta que \u00e9ramos migrantes\">Un d\u00eda me d\u00ed cuenta que \u00e9ramos migrantes<\/a><\/h2><\/header><div class=\"eael-entry-content\">\n                        <div class=\"eael-grid-post-excerpt\"><a href=\"https:\/\/soymigrante.com\/revista\/un-dia-me-di-ccuenta-que-eramos-migrantes\/\" class=\"eael-post-elements-readmore-btn\">CONOCE SU HISTORIA <\/a><\/div>\n                    <\/div><\/div><\/div>\n        <\/div>\n    <\/article><\/div>\n            <div class=\"clearfix\"><\/div>\n        <\/div>\t\t\t\t<\/div>\n\t\t\t\t\t<\/div>\n\t\t\t\t<\/div>\n\t\t\t\t<\/div>\n\t\t","protected":false},"excerpt":{"rendered":"<p>Algunos artistas se han pronunciado ante las redadas y trato injusto a los migrantes en Estados Unidos, estos piden tratos m\u00e1s humanos. En medio del endurecimiento de las pol\u00edticas migratorias y las redadas llevadas a cabo en distintas ciudades de Estados Unidos, varios artistas, influencers, actores y figuras p\u00fablicas han mostrado su solidaridad con los [&hellip;]<\/p>\n","protected":false},"author":19,"featured_media":36165,"comment_status":"open","ping_status":"open","sticky":false,"template":"","format":"standard","meta":{"_acf_changed":false,"_eb_attr":"","footnotes":""},"categories":[54],"tags":[],"class_list":["post-36164","post","type-post","status-publish","format-standard","has-post-thumbnail","hentry","category-estamos-unidos"],"acf":[],"aioseo_notices":[],"aioseo_head":"\n\t\t<!-- All in One SEO Pro 4.9.6.2 - aioseo.com -->\n\t<meta name=\"description\" content=\"Dentro o fuera de Guatemala nos desplazamos en busca de trabajo, de oportunidades, de la vida misma. Por Francisco Morales Santos, Premio Nacional de Literatura de Guatemala 1998Imagen ilustrativa: Armando Seb Era una noche muy oscura. Mi padre hab\u00eda conseguido trabajo como jornalero en una finca a unas cuatro leguas de San Lorenzo El Cubo,\" \/>\n\t<meta name=\"robots\" content=\"max-snippet:-1, max-image-preview:large, max-video-preview:-1\" \/>\n\t<meta name=\"author\" content=\"SoyMigrante.com REVISTA\"\/>\n\t<link rel=\"canonical\" href=\"https:\/\/soymigrante.com\/revista\/un-dia-me-di-ccuenta-que-eramos-migrantes\/\" \/>\n\t<meta name=\"generator\" content=\"All in One SEO Pro (AIOSEO) 4.9.6.2\" \/>\n\n\t\t<link rel=\"preconnect\" href=\"https:\/\/fonts.googleapis.com\" crossorigin>\n<link rel=\"preconnect\" href=\"https:\/\/fonts.gstatic.com\" crossorigin>\n\t\t<meta property=\"og:locale\" content=\"es_ES\" \/>\n\t\t<meta property=\"og:site_name\" content=\"SoyMigrante.com REVISTA \u2013 Nuestra misi\u00f3n es reconocer y dignificar al migrante.\" \/>\n\t\t<meta property=\"og:type\" content=\"article\" \/>\n\t\t<meta property=\"og:title\" content=\"Un d\u00eda me d\u00ed cuenta que \u00e9ramos migrantes\" \/>\n\t\t<meta property=\"og:description\" content=\"Dentro o fuera de Guatemala nos desplazamos en busca de trabajo, de oportunidades, de la vida misma. Por Francisco Morales Santos, Premio Nacional de Literatura de Guatemala 1998Imagen ilustrativa: Armando Seb Era una noche muy oscura. Mi padre hab\u00eda conseguido trabajo como jornalero en una finca a unas cuatro leguas de San Lorenzo El Cubo,\" \/>\n\t\t<meta property=\"og:url\" content=\"https:\/\/soymigrante.com\/revista\/un-dia-me-di-ccuenta-que-eramos-migrantes\/\" \/>\n\t\t<meta property=\"og:image\" content=\"https:\/\/soymigrante.com\/revista\/wp-content\/uploads\/2023\/02\/ROSTRO-PINTANDOSE-PINTURA-DE-ARMANDO-SEB.webp\" \/>\n\t\t<meta property=\"og:image:secure_url\" content=\"https:\/\/soymigrante.com\/revista\/wp-content\/uploads\/2023\/02\/ROSTRO-PINTANDOSE-PINTURA-DE-ARMANDO-SEB.webp\" \/>\n\t\t<meta property=\"og:image:width\" content=\"1365\" \/>\n\t\t<meta property=\"og:image:height\" content=\"1365\" \/>\n\t\t<meta property=\"article:published_time\" content=\"2023-05-26T00:31:02+00:00\" \/>\n\t\t<meta property=\"article:modified_time\" content=\"2024-06-25T22:43:22+00:00\" \/>\n\t\t<meta property=\"article:publisher\" content=\"https:\/\/www.facebook.com\/soymigrantecom\" \/>\n\t\t<meta name=\"twitter:card\" content=\"summary_large_image\" \/>\n\t\t<meta name=\"twitter:site\" content=\"@SoyMigrante_com\" \/>\n\t\t<meta name=\"twitter:title\" content=\"Un d\u00eda me d\u00ed cuenta que \u00e9ramos migrantes\" \/>\n\t\t<meta name=\"twitter:description\" content=\"Dentro o fuera de Guatemala nos desplazamos en busca de trabajo, de oportunidades, de la vida misma. Por Francisco Morales Santos, Premio Nacional de Literatura de Guatemala 1998Imagen ilustrativa: Armando Seb Era una noche muy oscura. Mi padre hab\u00eda conseguido trabajo como jornalero en una finca a unas cuatro leguas de San Lorenzo El Cubo,\" \/>\n\t\t<meta name=\"twitter:creator\" content=\"@SoyMigrante_com\" \/>\n\t\t<meta name=\"twitter:image\" content=\"https:\/\/soymigrante.com\/revista\/wp-content\/uploads\/2023\/02\/ROSTRO-PINTANDOSE-PINTURA-DE-ARMANDO-SEB.webp\" \/>\n\t\t<!-- All in One SEO Pro -->\r\n\t\t<title>Un d\u00eda me d\u00ed cuenta que \u00e9ramos migrantes<\/title>\n\n","aioseo_head_json":{"title":"Un d\u00eda me d\u00ed cuenta que \u00e9ramos migrantes","description":"Dentro o fuera de Guatemala nos desplazamos en busca de trabajo, de oportunidades, de la vida misma. Por Francisco Morales Santos, Premio Nacional de Literatura de Guatemala 1998Imagen ilustrativa: Armando Seb Era una noche muy oscura. Mi padre hab\u00eda conseguido trabajo como jornalero en una finca a unas cuatro leguas de San Lorenzo El Cubo,","canonical_url":"https:\/\/soymigrante.com\/revista\/un-dia-me-di-ccuenta-que-eramos-migrantes\/","robots":"max-snippet:-1, max-image-preview:large, max-video-preview:-1","keywords":"","webmasterTools":{"miscellaneous":"&lt;link rel=\"preconnect\" href=\"https:\/\/fonts.googleapis.com\" crossorigin&gt;\n&lt;link rel=\"preconnect\" href=\"https:\/\/fonts.gstatic.com\" crossorigin&gt;"},"schema":null,"og:locale":"es_ES","og:site_name":"SoyMigrante.com REVISTA \u2013 Nuestra misi\u00f3n es reconocer y dignificar al migrante.","og:type":"article","og:title":"Un d\u00eda me d\u00ed cuenta que \u00e9ramos migrantes","og:description":"Dentro o fuera de Guatemala nos desplazamos en busca de trabajo, de oportunidades, de la vida misma. Por Francisco Morales Santos, Premio Nacional de Literatura de Guatemala 1998Imagen ilustrativa: Armando Seb Era una noche muy oscura. Mi padre hab\u00eda conseguido trabajo como jornalero en una finca a unas cuatro leguas de San Lorenzo El Cubo,","og:url":"https:\/\/soymigrante.com\/revista\/un-dia-me-di-ccuenta-que-eramos-migrantes\/","og:image":"https:\/\/soymigrante.com\/revista\/wp-content\/uploads\/2023\/02\/ROSTRO-PINTANDOSE-PINTURA-DE-ARMANDO-SEB.webp","og:image:secure_url":"https:\/\/soymigrante.com\/revista\/wp-content\/uploads\/2023\/02\/ROSTRO-PINTANDOSE-PINTURA-DE-ARMANDO-SEB.webp","og:image:width":1365,"og:image:height":1365,"article:published_time":"2023-05-26T00:31:02+00:00","article:modified_time":"2024-06-25T22:43:22+00:00","article:publisher":"https:\/\/www.facebook.com\/soymigrantecom","twitter:card":"summary_large_image","twitter:site":"@SoyMigrante_com","twitter:title":"Un d\u00eda me d\u00ed cuenta que \u00e9ramos migrantes","twitter:description":"Dentro o fuera de Guatemala nos desplazamos en busca de trabajo, de oportunidades, de la vida misma. Por Francisco Morales Santos, Premio Nacional de Literatura de Guatemala 1998Imagen ilustrativa: Armando Seb Era una noche muy oscura. Mi padre hab\u00eda conseguido trabajo como jornalero en una finca a unas cuatro leguas de San Lorenzo El Cubo,","twitter:creator":"@SoyMigrante_com","twitter:image":"https:\/\/soymigrante.com\/revista\/wp-content\/uploads\/2023\/02\/ROSTRO-PINTANDOSE-PINTURA-DE-ARMANDO-SEB.webp"},"aioseo_meta_data":{"post_id":"36164","title":null,"description":"Personalidades se han pronunciado ante las redadas y trato injusto a los migrantes en Estados Unidos. Piden tratos m\u00e1s humanos y respeto a los derechos civiles","keywords":null,"keyphrases":{"focus":{"keyphrase":"Migrantes","score":100,"analysis":{"keyphraseInTitle":{"score":9,"maxScore":9,"error":0},"keyphraseInDescription":{"score":9,"maxScore":9,"error":0},"keyphraseLength":{"score":9,"maxScore":9,"error":0,"length":1},"keyphraseInURL":{"score":5,"maxScore":5,"error":0},"keyphraseInIntroduction":{"score":9,"maxScore":9,"error":0},"keyphraseInSubHeadings":{"score":9,"maxScore":9,"error":0},"keyphraseInImageAlt":{"score":9,"maxScore":9,"error":0},"keywordDensity":{"type":"best","score":9,"maxScore":9,"error":0}}},"additional":[{"keyphrase":"Migrantes","score":100,"analysis":{"keyphraseInDescription":{"score":9,"maxScore":9,"error":0},"keyphraseLength":{"score":9,"maxScore":9,"error":0,"length":1},"keyphraseInIntroduction":{"score":9,"maxScore":9,"error":0},"keyphraseInImageAlt":{"score":9,"maxScore":9,"error":0},"keywordDensity":{"type":"best","score":9,"maxScore":9,"error":0}}},{"keyphrase":"Artistas","score":73,"analysis":{"keyphraseInDescription":{"score":3,"maxScore":9,"error":1},"keyphraseLength":{"score":9,"maxScore":9,"error":0,"length":1},"keyphraseInIntroduction":{"score":9,"maxScore":9,"error":0},"keyphraseInImageAlt":{"score":3,"maxScore":9,"error":1},"keywordDensity":{"type":"best","score":9,"maxScore":9,"error":0}}},{"keyphrase":"redadas","score":67,"analysis":{"keyphraseInDescription":{"score":9,"maxScore":9,"error":0},"keyphraseLength":{"score":9,"maxScore":9,"error":0,"length":1},"keyphraseInIntroduction":{"score":9,"maxScore":9,"error":0},"keyphraseInImageAlt":{"score":3,"maxScore":9,"error":1},"keywordDensity":{"score":0,"type":"low","maxScore":9,"error":1}}}]},"primary_term":null,"canonical_url":null,"og_title":null,"og_description":null,"og_object_type":"default","og_image_type":"default","og_image_url":null,"og_image_width":null,"og_image_height":null,"og_image_custom_url":null,"og_image_custom_fields":null,"og_video":"","og_custom_url":null,"og_article_section":null,"og_article_tags":null,"twitter_use_og":false,"twitter_card":"default","twitter_image_type":"default","twitter_image_url":null,"twitter_image_custom_url":null,"twitter_image_custom_fields":null,"twitter_title":null,"twitter_description":null,"schema":{"blockGraphs":[],"customGraphs":[],"default":{"data":{"Article":[],"Course":[],"Dataset":[],"FAQPage":[],"Movie":[],"Person":[],"Product":[],"ProductReview":[],"Car":[],"Recipe":[],"Service":[],"SoftwareApplication":[],"WebPage":[]},"graphName":"none","isEnabled":true},"graphs":[]},"schema_type":"default","schema_type_options":null,"pillar_content":false,"robots_default":true,"robots_noindex":false,"robots_noarchive":false,"robots_nosnippet":false,"robots_nofollow":false,"robots_noimageindex":false,"robots_noodp":false,"robots_notranslate":false,"robots_max_snippet":"-1","robots_max_videopreview":"-1","robots_max_imagepreview":"large","priority":null,"frequency":"default","local_seo":null,"seo_analyzer_scan_date":"2025-10-09 05:52:20","breadcrumb_settings":null,"limit_modified_date":false,"reviewed_by":"0","open_ai":"{\"title\":{\"suggestions\":[],\"usage\":0},\"description\":{\"suggestions\":[],\"usage\":0}}","ai":null,"created":"2025-06-12 18:27:15","updated":"2026-02-05 00:54:14"},"aioseo_breadcrumb":"<div class=\"aioseo-breadcrumbs\"><span class=\"aioseo-breadcrumb\">\n\t<a href=\"https:\/\/soymigrante.com\/revista\" title=\"Home\">Home<\/a>\n<\/span><span class=\"aioseo-breadcrumb-separator\">\u00bb<\/span><span class=\"aioseo-breadcrumb\">\n\t<a href=\"https:\/\/soymigrante.com\/revista\/category\/estamos-unidos\/\" title=\"Estamos Unidos\">Estamos Unidos<\/a>\n<\/span><span class=\"aioseo-breadcrumb-separator\">\u00bb<\/span><span class=\"aioseo-breadcrumb\">\n\tArtistas y figuras p\u00fablicas alzan la voz en apoyo a migrantes en Estados Unidos\n<\/span><\/div>","aioseo_breadcrumb_json":[{"label":"Home","link":"https:\/\/soymigrante.com\/revista"},{"label":"Estamos Unidos","link":"https:\/\/soymigrante.com\/revista\/category\/estamos-unidos\/"},{"label":"Artistas y figuras p\u00fablicas alzan la voz en apoyo a migrantes en Estados Unidos","link":"https:\/\/soymigrante.com\/revista\/artistas-y-figuras-publicas-alzan-la-voz-en-apoyo-a-migrantes-en-estados-unidos\/"}],"_links":{"self":[{"href":"https:\/\/soymigrante.com\/revista\/wp-json\/wp\/v2\/posts\/36164","targetHints":{"allow":["GET"]}}],"collection":[{"href":"https:\/\/soymigrante.com\/revista\/wp-json\/wp\/v2\/posts"}],"about":[{"href":"https:\/\/soymigrante.com\/revista\/wp-json\/wp\/v2\/types\/post"}],"author":[{"embeddable":true,"href":"https:\/\/soymigrante.com\/revista\/wp-json\/wp\/v2\/users\/19"}],"replies":[{"embeddable":true,"href":"https:\/\/soymigrante.com\/revista\/wp-json\/wp\/v2\/comments?post=36164"}],"version-history":[{"count":31,"href":"https:\/\/soymigrante.com\/revista\/wp-json\/wp\/v2\/posts\/36164\/revisions"}],"predecessor-version":[{"id":36235,"href":"https:\/\/soymigrante.com\/revista\/wp-json\/wp\/v2\/posts\/36164\/revisions\/36235"}],"wp:featuredmedia":[{"embeddable":true,"href":"https:\/\/soymigrante.com\/revista\/wp-json\/wp\/v2\/media\/36165"}],"wp:attachment":[{"href":"https:\/\/soymigrante.com\/revista\/wp-json\/wp\/v2\/media?parent=36164"}],"wp:term":[{"taxonomy":"category","embeddable":true,"href":"https:\/\/soymigrante.com\/revista\/wp-json\/wp\/v2\/categories?post=36164"},{"taxonomy":"post_tag","embeddable":true,"href":"https:\/\/soymigrante.com\/revista\/wp-json\/wp\/v2\/tags?post=36164"}],"curies":[{"name":"wp","href":"https:\/\/api.w.org\/{rel}","templated":true}]}}