{"id":36125,"date":"2025-06-12T11:19:45","date_gmt":"2025-06-12T17:19:45","guid":{"rendered":"https:\/\/soymigrante.com\/revista\/?p=36125"},"modified":"2025-06-12T11:24:25","modified_gmt":"2025-06-12T17:24:25","slug":"migrantes-guatemaltecos-estados-unidos-indocumentado-no-es-delito-walter-batres","status":"publish","type":"post","link":"https:\/\/soymigrante.com\/revista\/migrantes-guatemaltecos-estados-unidos-indocumentado-no-es-delito-walter-batres\/","title":{"rendered":"&#8220;Ser migrante indocumentado no es un crimen&#8221;: Walter Batres, presidente de la Red Migrante Guatemalteca"},"content":{"rendered":"\t\t<div data-elementor-type=\"wp-post\" data-elementor-id=\"36125\" class=\"elementor elementor-36125\" data-elementor-post-type=\"post\">\n\t\t\t\t<div data-particle_enable=\"false\" data-particle-mobile-disabled=\"false\" class=\"elementor-element elementor-element-ac8a53f e-flex e-con-boxed e-con e-parent\" data-id=\"ac8a53f\" data-element_type=\"container\" data-e-type=\"container\">\n\t\t\t\t\t<div class=\"e-con-inner\">\n\t\t\t\t<div class=\"elementor-element elementor-element-a971a92 elementor-widget elementor-widget-heading\" data-id=\"a971a92\" data-element_type=\"widget\" data-e-type=\"widget\" data-widget_type=\"heading.default\">\n\t\t\t\t\t<h2 class=\"elementor-heading-title elementor-size-default\">Organizaci\u00f3n de guatemaltecos en Estados Unidos llama a la expresi\u00f3n siempre pac\u00edfica ante operativos y recientes incidentes en Los Angeles. Walter Batres, presidente de RMG, en entrevista dice que brindan apoyo legal a migrantes detenidos en centros de trabajo.<\/h2>\t\t\t\t<\/div>\n\t\t\t\t\t<\/div>\n\t\t\t\t<\/div>\n\t\t<div data-particle_enable=\"false\" data-particle-mobile-disabled=\"false\" class=\"elementor-element elementor-element-2ae4a06 e-flex e-con-boxed e-con e-parent\" data-id=\"2ae4a06\" data-element_type=\"container\" data-e-type=\"container\">\n\t\t\t\t\t<div class=\"e-con-inner\">\n\t\t\t\t<div class=\"elementor-element elementor-element-83d6a07 elementor-widget elementor-widget-text-editor\" data-id=\"83d6a07\" data-element_type=\"widget\" data-e-type=\"widget\" data-widget_type=\"text-editor.default\">\n\t\t\t\t\t\t\t\t\t<p>&#8220;Ha sido una semana ca\u00f3tica. Da pena, porque se irrespetan leyes existentes. Aqu\u00ed en Los Angeles la gente est\u00e1 en alerta: una mayor\u00eda de la poblaci\u00f3n de California son migrantes indocumentados, porque somos un estado santuario, un estado amigable al migrante. La mayor\u00eda aqu\u00ed somos migrantes&#8221;, expresa<a href=\"https:\/\/soymigrante.com\/revista\/walter-batres-presidente-red-migrante-guatemalteca-experiencia-los-angeles\/\"> Walter Batres, presidente de la Red Migrante Guatemalteca<\/a> acerca de las manifestaciones e incidentes ocurridos en el centro de esta ciudad desde el viernes 7 de junio.<\/p><p>&#8220;A las 7 de la ma\u00f1ana del viernes hubo 4 redadas simult\u00e1neas en varios lugares, una de ellas en una planta de distribuci\u00f3n. Los oficiales dejaron los veh\u00edculos afuera y se metieron, pero no esperaban la reacci\u00f3n de la gente, que lleg\u00f3 y no los dejaron salir. Dejaron a la migra encerrada con todo y la gente. No quer\u00edan que se llevaran detenidos a migrantes trabajadores sin antecedentes&#8221;, relata Batres, quien considera esto un atentado a los<a href=\"https:\/\/soymigrante.com\/revista\/todo-migrante-tiene-derechos-la-union-americana-de-libertades-civiles-recomienda\/\"> derechos civiles.<\/a><\/p>\t\t\t\t\t\t\t\t<\/div>\n\t\t\t\t\t<\/div>\n\t\t\t\t<\/div>\n\t\t<div data-particle_enable=\"false\" data-particle-mobile-disabled=\"false\" class=\"elementor-element elementor-element-894b04f e-flex e-con-boxed e-con e-parent\" data-id=\"894b04f\" data-element_type=\"container\" data-e-type=\"container\">\n\t\t\t\t\t<div class=\"e-con-inner\">\n\t\t\t\t<div class=\"elementor-element elementor-element-1c0e19f elementor-widget elementor-widget-image\" data-id=\"1c0e19f\" data-element_type=\"widget\" data-e-type=\"widget\" data-widget_type=\"image.default\">\n\t\t\t\t\t\t\t\t\t\t\t\t<figure class=\"wp-caption\">\n\t\t\t\t\t\t\t\t\t\t<img fetchpriority=\"high\" decoding=\"async\" width=\"768\" height=\"756\" src=\"https:\/\/soymigrante.com\/revista\/wp-content\/uploads\/2025\/06\/walter-batres-migrantes-1024x1008.jpg\" class=\"attachment-large size-large wp-image-36158\" alt=\"Calle con manifestantes que apoyan derechos migrantes, sosteniendo pancartas que piden no al muro y derechos humanos, en una marcha por justicia e igualdad social.\" srcset=\"https:\/\/soymigrante.com\/revista\/wp-content\/uploads\/2025\/06\/walter-batres-migrantes-1024x1008.jpg 1024w, https:\/\/soymigrante.com\/revista\/wp-content\/uploads\/2025\/06\/walter-batres-migrantes-300x295.jpg 300w, https:\/\/soymigrante.com\/revista\/wp-content\/uploads\/2025\/06\/walter-batres-migrantes-768x756.jpg 768w, https:\/\/soymigrante.com\/revista\/wp-content\/uploads\/2025\/06\/walter-batres-migrantes-75x75.jpg 75w, https:\/\/soymigrante.com\/revista\/wp-content\/uploads\/2025\/06\/walter-batres-migrantes-750x738.jpg 750w, https:\/\/soymigrante.com\/revista\/wp-content\/uploads\/2025\/06\/walter-batres-migrantes-1140x1122.jpg 1140w, https:\/\/soymigrante.com\/revista\/wp-content\/uploads\/2025\/06\/walter-batres-migrantes.webp 1200w\" sizes=\"(max-width: 768px) 100vw, 768px\" title=\"La expresi\u00f3n pac\u00edfica  con voces y carteles es totalmente  l\u00edcita y constitucional, aclara el l\u00edder migrante guatemalteco Walter Batres, quien recomienda  evitar confrontaci\u00f3n, pues lo importante es hacer notar la importancia de los migrantes para el crecimiento de Estados Unidos. \u2013 SoyMigrante.com REVISTA\" \/>\t\t\t\t\t\t\t\t\t\t\t<figcaption class=\"widget-image-caption wp-caption-text\">Flexiblemente dise\u00f1ada para fortalecer la visibilidad de las protestas migrantes en entornos urbanos y en temas de derechos humanos.<\/figcaption>\n\t\t\t\t\t\t\t\t\t\t<\/figure>\n\t\t\t\t\t\t\t\t\t<\/div>\n\t\t\t\t\t<\/div>\n\t\t\t\t<\/div>\n\t\t<div data-particle_enable=\"false\" data-particle-mobile-disabled=\"false\" class=\"elementor-element elementor-element-bfb2bc0 e-flex e-con-boxed e-con e-parent\" data-id=\"bfb2bc0\" data-element_type=\"container\" data-e-type=\"container\">\n\t\t\t\t\t<div class=\"e-con-inner\">\n\t\t\t\t<div class=\"elementor-element elementor-element-91de355 elementor-widget elementor-widget-heading\" data-id=\"91de355\" data-element_type=\"widget\" data-e-type=\"widget\" data-widget_type=\"heading.default\">\n\t\t\t\t\t<h3 class=\"elementor-heading-title elementor-size-default\">Reclamo pac\u00edfico de respeto a leyes se mantiene<\/h3>\t\t\t\t<\/div>\n\t\t\t\t\t<\/div>\n\t\t\t\t<\/div>\n\t\t<div data-particle_enable=\"false\" data-particle-mobile-disabled=\"false\" class=\"elementor-element elementor-element-146ec44 e-flex e-con-boxed e-con e-parent\" data-id=\"146ec44\" data-element_type=\"container\" data-e-type=\"container\">\n\t\t\t\t\t<div class=\"e-con-inner\">\n\t\t\t\t<div class=\"elementor-element elementor-element-1e35c03 elementor-widget elementor-widget-text-editor\" data-id=\"1e35c03\" data-element_type=\"widget\" data-e-type=\"widget\" data-widget_type=\"text-editor.default\">\n\t\t\t\t\t\t\t\t\t<p>Ese viernes 7 &#8220;la <i>migra<\/i> pidi\u00f3 auxilio a la polic\u00eda local pero tambi\u00e9n avisaron a su jefe, y este habl\u00f3 con (el presidente Donald) Trump, quien tom\u00f3 la decisi\u00f3n inmediata de enviar fuerzas militares, pasando por encima de la autoridad del gobernador de California. Envi\u00f3 a la Guardia Nacional y m\u00e1s agentes federales. Esto aumento la tensi\u00f3n y la molestia de la gente&#8221;, prosigue<\/p><p>&#8220;All\u00ed se volvi\u00f3 un caos, porque en la protesta pac\u00edfica solo hab\u00eda personas con carteles, que se concentran, gritan y exponen su desacuerdo. Gritan Fuera ICE ejerciendo su <a href=\"https:\/\/soymigrante.com\/revista\/todo-migrante-tiene-derechos-la-union-americana-de-libertades-civiles-recomienda\/\">derecho<\/a> de libre expresi\u00f3n. Pero tambi\u00e9n hay otras personas m\u00e1s agresivas, que se han infiltrado y que lamentablemente se vuelven la excusa para el uso excesivo de fuerza. <b>Desde RMG insistimos que se puede hacer expresi\u00f3n y manifestaci\u00f3n pac\u00edfica<\/b>&#8220;, agrega Batres.<\/p><p>&#8220;Nosotros fuimos a la manifestaci\u00f3n pac\u00edfica y las seguiremos haciendo. Vamos con familias, con nuestros posters y pancartas. En cuanto las cosas se ponen feas nos vamos, porque queremos expresarnos, pero en paz, sin violencia&#8221;.<\/p>\t\t\t\t\t\t\t\t<\/div>\n\t\t\t\t\t<\/div>\n\t\t\t\t<\/div>\n\t\t<div data-particle_enable=\"false\" data-particle-mobile-disabled=\"false\" class=\"elementor-element elementor-element-1ed52ed e-flex e-con-boxed e-con e-parent\" data-id=\"1ed52ed\" data-element_type=\"container\" data-e-type=\"container\">\n\t\t\t\t\t<div class=\"e-con-inner\">\n\t\t\t\t<div class=\"elementor-element elementor-element-a277a25 elementor-widget elementor-widget-image\" data-id=\"a277a25\" data-element_type=\"widget\" data-e-type=\"widget\" data-widget_type=\"image.default\">\n\t\t\t\t\t\t\t\t\t\t\t\t<figure class=\"wp-caption\">\n\t\t\t\t\t\t\t\t\t\t<img decoding=\"async\" width=\"768\" height=\"576\" src=\"https:\/\/soymigrante.com\/revista\/wp-content\/uploads\/2025\/06\/migrantes-protesta-pacifica-1024x768.jpg\" class=\"attachment-large size-large wp-image-36159\" alt=\"Migrantes en marcha en una protesta en la ciudad, portando banderas nacionales y pancartas por derechos de inmigrantes y justicia social.\" srcset=\"https:\/\/soymigrante.com\/revista\/wp-content\/uploads\/2025\/06\/migrantes-protesta-pacifica-1024x768.jpg 1024w, https:\/\/soymigrante.com\/revista\/wp-content\/uploads\/2025\/06\/migrantes-protesta-pacifica-300x225.jpg 300w, https:\/\/soymigrante.com\/revista\/wp-content\/uploads\/2025\/06\/migrantes-protesta-pacifica-768x576.jpg 768w, https:\/\/soymigrante.com\/revista\/wp-content\/uploads\/2025\/06\/migrantes-protesta-pacifica-1536x1152.jpg 1536w, https:\/\/soymigrante.com\/revista\/wp-content\/uploads\/2025\/06\/migrantes-protesta-pacifica-750x563.webp 750w, https:\/\/soymigrante.com\/revista\/wp-content\/uploads\/2025\/06\/migrantes-protesta-pacifica-1140x855.webp 1140w, https:\/\/soymigrante.com\/revista\/wp-content\/uploads\/2025\/06\/migrantes-protesta-pacifica.webp 1920w\" sizes=\"(max-width: 768px) 100vw, 768px\" title=\"Organizaciones de Derechos Civiles y de defensa de los migrantes han efectuado varias manifestaciones PAC\u00cdFICAS en Los Angeles desde febrero para reclamar contra las politicas antimigrantes. El viernes se efectu\u00f3 un plant\u00f3n frente a un centro de detenci\u00f3n federal a donde fueron conducidos los migrantes detenidos en redadas en centros de trabajo. (Foto Red Migrante Guatemalteca) \u2013 SoyMigrante.com REVISTA\" \/>\t\t\t\t\t\t\t\t\t\t\t<figcaption class=\"widget-image-caption wp-caption-text\">Protesta de migrantes en la calle con banderas, pancartas y demandas por derechos de inmigrantes y justicia en un evento organizado por organizaciones como CHIRLA y Uni\u00f3n del Barrio.<\/figcaption>\n\t\t\t\t\t\t\t\t\t\t<\/figure>\n\t\t\t\t\t\t\t\t\t<\/div>\n\t\t\t\t\t<\/div>\n\t\t\t\t<\/div>\n\t\t<div data-particle_enable=\"false\" data-particle-mobile-disabled=\"false\" class=\"elementor-element elementor-element-4fa91dc e-flex e-con-boxed e-con e-parent\" data-id=\"4fa91dc\" data-element_type=\"container\" data-e-type=\"container\">\n\t\t\t\t\t<div class=\"e-con-inner\">\n\t\t\t\t<div class=\"elementor-element elementor-element-6537548 elementor-widget elementor-widget-heading\" data-id=\"6537548\" data-element_type=\"widget\" data-e-type=\"widget\" data-widget_type=\"heading.default\">\n\t\t\t\t\t<h3 class=\"elementor-heading-title elementor-size-default\">RMG y Consulado brindan apoyo legal gratuito<\/h3>\t\t\t\t<\/div>\n\t\t\t\t\t<\/div>\n\t\t\t\t<\/div>\n\t\t<div data-particle_enable=\"false\" data-particle-mobile-disabled=\"false\" class=\"elementor-element elementor-element-f971f7d e-flex e-con-boxed e-con e-parent\" data-id=\"f971f7d\" data-element_type=\"container\" data-e-type=\"container\">\n\t\t\t\t\t<div class=\"e-con-inner\">\n\t\t\t\t<div class=\"elementor-element elementor-element-c9658a8 elementor-widget elementor-widget-text-editor\" data-id=\"c9658a8\" data-element_type=\"widget\" data-e-type=\"widget\" data-widget_type=\"text-editor.default\">\n\t\t\t\t\t\t\t\t\t<p>&#8220;Tenemos abogados pro bono (sin costo) para brindar ayuda legal a los detenidos. Si no tienen antecedentes penales, pueden plantear un caso y ser liberados por juez. Ser migrante indocumentado no es un crimen, es una falta civil, pero si trabajas, pagas tus impuestos y llevas tiempo viviendo en armon\u00eda&#8230; no deben perseguirte&#8221;, dice Walter Batres, quien refiere que tras las capturas han activado apoyo legal.<\/p><p>&#8220;El viernes fuimos primero al consulado a pedirles acci\u00f3n al <a href=\"https:\/\/soymigrante.com\/revista\/consulados-de-guatemala-en-california-ubicacion-y-horarios\/\">consulado de Guatemala<\/a>. Al inicio no ten\u00edan ni idea de cu\u00e1ntos guatemaltecos hab\u00edan sido arrestados. Tampoco hab\u00edan ido al centro de detenci\u00f3n. Despu\u00e9s nos fuimos al centro de detenci\u00f3n federal -a donde llevaron a los detenidos en la redada- ya ten\u00edamos abogados que hab\u00edan logrado entrar. Despu\u00e9s, conforme las horas ya no dejaron entrar a nadie, ni siquiera a congresistas ni senadores. Tampoco dejaron entrar a los del consulado&#8221;.\u00a0<\/p><p>Batres refiere que se reportaron 9 guatemaltecos detenidos hasta el lunes 9.\u00a0 &#8220;Pero hay m\u00e1s. Lamentablemente no dejaron entrar a los del consulado.\u00a0 Eso viola la ley, porque todo representante consular puede hablar con sus detenidos: nadie se los debe impedir, pero no los dejaron&#8221;.<\/p><p>En este momento, seg\u00fan Batres est\u00e1n esperando el traslado a otro centro de detenci\u00f3n mayor, que est\u00e1 a dos horas de los \u00e1ngeles, para poder entrevistarse con los detenidos. &#8220;Dijeron que estaban deteniendo criminales: pero ser migrante indocumentado, ser trabajador indocumentado no es un delito penal: es un caso civil&#8221;.\u00a0<\/p><p>&#8220;Entonces, nosotros les decimos a los migrantes capturados: <a href=\"https:\/\/soymigrante.com\/revista\/derechos-de-los-migrantes-silencio-indocumentados-defensa\/\">no firmen nada ni digan nada si no est\u00e1 su abogado presente para que le explique y lo defienda.<\/a> Si usted tiene su r\u00e9cord limpio, no es un loco ni una amenaza, el juez lo dejar\u00e1 libre bajo fianzas&#8221;. Le hemos pedido a los consulados guatemaltecos de otros Estados que vayan a buscar a los detenidos, para hacerles conocer sus derechos.<\/p>\t\t\t\t\t\t\t\t<\/div>\n\t\t\t\t\t<\/div>\n\t\t\t\t<\/div>\n\t\t<div data-particle_enable=\"false\" data-particle-mobile-disabled=\"false\" class=\"elementor-element elementor-element-8cd01a5 e-flex e-con-boxed e-con e-parent\" data-id=\"8cd01a5\" data-element_type=\"container\" data-e-type=\"container\">\n\t\t\t\t\t<div class=\"e-con-inner\">\n\t\t\t\t<div class=\"elementor-element elementor-element-a84dfe8 elementor-widget elementor-widget-heading\" data-id=\"a84dfe8\" data-element_type=\"widget\" data-e-type=\"widget\" data-widget_type=\"heading.default\">\n\t\t\t\t\t<h4 class=\"elementor-heading-title elementor-size-default\">Cada vez m\u00e1s hay expresiones de apoyo a los migrantes guatemaltecos<\/h4>\t\t\t\t<\/div>\n\t\t\t\t\t<\/div>\n\t\t\t\t<\/div>\n\t\t<div data-particle_enable=\"false\" data-particle-mobile-disabled=\"false\" class=\"elementor-element elementor-element-98b96cd e-flex e-con-boxed e-con e-parent\" data-id=\"98b96cd\" data-element_type=\"container\" data-e-type=\"container\">\n\t\t\t\t\t<div class=\"e-con-inner\">\n\t\t\t\t<div class=\"elementor-element elementor-element-6dcb1cc elementor-widget elementor-widget-html\" data-id=\"6dcb1cc\" data-element_type=\"widget\" data-e-type=\"widget\" data-widget_type=\"html.default\">\n\t\t\t\t\t<blockquote class=\"twitter-tweet\"><p lang=\"es\" dir=\"ltr\">Que bueno ver el apoyo de nuestra <a href=\"https:\/\/twitter.com\/gabymorenomusic?ref_src=twsrc%5Etfw\">@gabymorenomusic<\/a>. <br><br>La comunidad <a href=\"https:\/\/twitter.com\/hashtag\/migrante?src=hash&amp;ref_src=twsrc%5Etfw\">#migrante<\/a> necesita nuestro apoyo e empat\u00eda. \ud83c\uddec\ud83c\uddf9\ud83c\uddfa\ud83c\uddf8 <a href=\"https:\/\/t.co\/qP3REFHl3V\">pic.twitter.com\/qP3REFHl3V<\/a><\/p>&mdash; Marcos Antil (@MarcosAntil) <a href=\"https:\/\/twitter.com\/MarcosAntil\/status\/1932798865045938400?ref_src=twsrc%5Etfw\">June 11, 2025<\/a><\/blockquote> <script async src=\"https:\/\/platform.twitter.com\/widgets.js\" charset=\"utf-8\"><\/script>\t\t\t\t<\/div>\n\t\t\t\t\t<\/div>\n\t\t\t\t<\/div>\n\t\t<div data-particle_enable=\"false\" data-particle-mobile-disabled=\"false\" class=\"elementor-element elementor-element-559f167 e-flex e-con-boxed e-con e-parent\" data-id=\"559f167\" data-element_type=\"container\" data-e-type=\"container\">\n\t\t\t\t\t<div class=\"e-con-inner\">\n\t\t\t\t<div class=\"elementor-element elementor-element-febd595 elementor-widget elementor-widget-heading\" data-id=\"febd595\" data-element_type=\"widget\" data-e-type=\"widget\" data-widget_type=\"heading.default\">\n\t\t\t\t\t<h3 class=\"elementor-heading-title elementor-size-default\">\"Les exigen cuotas de detenci\u00f3n y agarran a cualquiera\"<\/h3>\t\t\t\t<\/div>\n\t\t\t\t\t<\/div>\n\t\t\t\t<\/div>\n\t\t<div data-particle_enable=\"false\" data-particle-mobile-disabled=\"false\" class=\"elementor-element elementor-element-d9f99a9 e-flex e-con-boxed e-con e-parent\" data-id=\"d9f99a9\" data-element_type=\"container\" data-e-type=\"container\">\n\t\t\t\t\t<div class=\"e-con-inner\">\n\t\t\t\t<div class=\"elementor-element elementor-element-b0c0344 elementor-widget elementor-widget-text-editor\" data-id=\"b0c0344\" data-element_type=\"widget\" data-e-type=\"widget\" data-widget_type=\"text-editor.default\">\n\t\t\t\t\t\t\t\t\t<p>Batres considera que el motivo del incremento de redadas es la presi\u00f3n de una cuota diaria de detenidos. &#8220;Al ICE le est\u00e1n exigiendo 3 mil arrestos diarios. Pero cuando ya despu\u00e9s de mediod\u00eda no han agarrado a nadie, entonces empiezan a jalar al hispano o latino que encuentran, aunque sea ciudadano, aunque sea residente legal, nativo americano y hasta turista: se lo levantan y ya despu\u00e9s que se aclare: pero es no es legal, ni constitucional&#8221;, declara el l\u00edder guatemalteco.\u00a0<\/p><p>&#8220;Primero hubo redadas en San Diego, luego se movieron a Los Angeles. Ahora se van a mover a San Francisco y SAcramento. As\u00ed se han ido moviendo. As\u00ed lo hicieron en Connecticut y en Massachusets&#8221;.<\/p><p>&#8220;Desde Red Migrante Guatemalteca hacemos recomendaciones: manifieste pac\u00edficamente su desacuerdo con estas medidas. No se ponga en riesgo y no participe en actos de desobediencia civil ni agresi\u00f3n. Eso no ayuda.&#8221;<\/p><p>&#8220;Si usted es una persona indocumentada, no tiene un estatus legal en Estados Unidos, no le recomendamos que asista a ninguna demostraci\u00f3n aunque sea pac\u00edfica. D\u00e9jenos que le representamos, que expresemos por usted nuestra queja contra estos abusos&#8221;, finaliza.\u00a0<\/p>\t\t\t\t\t\t\t\t<\/div>\n\t\t\t\t\t<\/div>\n\t\t\t\t<\/div>\n\t\t<div data-particle_enable=\"false\" data-particle-mobile-disabled=\"false\" class=\"elementor-element elementor-element-c7faa94 e-flex e-con-boxed e-con e-parent\" data-id=\"c7faa94\" data-element_type=\"container\" data-e-type=\"container\">\n\t\t\t\t\t<div class=\"e-con-inner\">\n\t\t\t\t<div class=\"elementor-element elementor-element-253bbae elementor-grid-eael-col-1 elementor-grid-tablet-eael-col-2 elementor-grid-mobile-eael-col-1 elementor-widget elementor-widget-eael-post-grid\" data-id=\"253bbae\" data-element_type=\"widget\" data-e-type=\"widget\" data-settings=\"{&quot;eael_post_grid_columns&quot;:&quot;eael-col-1&quot;,&quot;eael_post_grid_columns_tablet&quot;:&quot;eael-col-2&quot;,&quot;eael_post_grid_columns_mobile&quot;:&quot;eael-col-1&quot;}\" data-widget_type=\"eael-post-grid.default\">\n\t\t\t\t\t<div id=\"eael-post-grid-253bbae\" class=\"eael-post-grid-container\">\n            <div class=\"eael-post-grid eael-post-appender eael-post-appender-253bbae eael-post-grid-style-one\" data-layout-mode=\"masonry\"><article class=\"eael-grid-post  eael-post-grid-column eael-pg-post-6382 category-recursos-migratorios\" data-id=\"6382\">\n        <div class=\"eael-grid-post-holder\">\n            <div class=\"eael-grid-post-holder-inner\"><div class=\"eael-entry-media\"><div class=\"eael-entry-overlay fade-in\"><i class=\"far fa-hand-pointer\" aria-hidden=\"true\"><\/i><a href=\"https:\/\/soymigrante.com\/revista\/derechos-de-los-migrantes-silencio-indocumentados-defensa\/\"><\/a><\/div><div class=\"eael-entry-thumbnail eael-image-ratio\">\n                <img decoding=\"async\" width=\"1024\" height=\"1024\" src=\"https:\/\/soymigrante.com\/revista\/wp-content\/uploads\/2024\/05\/derechos-migrantes-en-estados-unidos-1024x1024.png\" class=\"attachment-large size-large wp-image-49647\" alt=\"obrero industrial hispano para ilustrar tema de derechos migrantes en estados unidos\" srcset=\"https:\/\/soymigrante.com\/revista\/wp-content\/uploads\/2024\/05\/derechos-migrantes-en-estados-unidos-1024x1024.png 1024w, https:\/\/soymigrante.com\/revista\/wp-content\/uploads\/2024\/05\/derechos-migrantes-en-estados-unidos-300x300.png 300w, https:\/\/soymigrante.com\/revista\/wp-content\/uploads\/2024\/05\/derechos-migrantes-en-estados-unidos-150x150.png 150w, https:\/\/soymigrante.com\/revista\/wp-content\/uploads\/2024\/05\/derechos-migrantes-en-estados-unidos-768x768.png 768w, https:\/\/soymigrante.com\/revista\/wp-content\/uploads\/2024\/05\/derechos-migrantes-en-estados-unidos-75x75.png 75w, https:\/\/soymigrante.com\/revista\/wp-content\/uploads\/2024\/05\/derechos-migrantes-en-estados-unidos-750x750.png 750w, https:\/\/soymigrante.com\/revista\/wp-content\/uploads\/2024\/05\/derechos-migrantes-en-estados-unidos.png 1101w\" sizes=\"(max-width: 1024px) 100vw, 1024px\" \/>\n            <\/div>\n        <\/div><div class=\"eael-entry-wrapper\"><header class=\"eael-entry-header\"><h2 class=\"eael-entry-title\"><a class=\"eael-grid-post-link\" href=\"https:\/\/soymigrante.com\/revista\/derechos-de-los-migrantes-silencio-indocumentados-defensa\/\" title=\"Migrante, tienes derechos en EE.UU., incluyendo el silencio: averigua, conoce y comparte\">Migrante, tienes derechos en EE.UU., incluyendo el silencio: averigua, conoce y comparte<\/a><\/h2><\/header><div class=\"eael-entry-content\">\n                        <div class=\"eael-grid-post-excerpt\"><a href=\"https:\/\/soymigrante.com\/revista\/derechos-de-los-migrantes-silencio-indocumentados-defensa\/\" class=\"eael-post-elements-readmore-btn\">CONOCE SU HISTORIA <\/a><\/div>\n                    <\/div><\/div><\/div>\n        <\/div>\n    <\/article><\/div>\n            <div class=\"clearfix\"><\/div>\n        <\/div>\t\t\t\t<\/div>\n\t\t\t\t\t<\/div>\n\t\t\t\t<\/div>\n\t\t<div data-particle_enable=\"false\" data-particle-mobile-disabled=\"false\" class=\"elementor-element elementor-element-3d360fe e-flex e-con-boxed e-con e-parent\" data-id=\"3d360fe\" data-element_type=\"container\" data-e-type=\"container\">\n\t\t\t\t\t<div class=\"e-con-inner\">\n\t\t\t\t<div class=\"elementor-element elementor-element-a75c94e elementor-widget elementor-widget-heading\" data-id=\"a75c94e\" data-element_type=\"widget\" data-e-type=\"widget\" data-widget_type=\"heading.default\">\n\t\t\t\t\t<h3 class=\"elementor-heading-title elementor-size-default\">Efecto econ\u00f3mico refuerza importancia de migrantes<\/h3>\t\t\t\t<\/div>\n\t\t\t\t\t<\/div>\n\t\t\t\t<\/div>\n\t\t<div data-particle_enable=\"false\" data-particle-mobile-disabled=\"false\" class=\"elementor-element elementor-element-ee140a4 e-flex e-con-boxed e-con e-parent\" data-id=\"ee140a4\" data-element_type=\"container\" data-e-type=\"container\">\n\t\t\t\t\t<div class=\"e-con-inner\">\n\t\t\t\t<div class=\"elementor-element elementor-element-79cf664 elementor-widget elementor-widget-text-editor\" data-id=\"79cf664\" data-element_type=\"widget\" data-e-type=\"widget\" data-widget_type=\"text-editor.default\">\n\t\t\t\t\t\t\t\t\t<p>Por otra parte\u00a0 el l\u00edder migrante advierte que\u00a0 esta persecuci\u00f3n a migrantes hispanos en f\u00e1bricas y campos agr\u00edcolas ya est\u00e1 causando otros efectos, que demuestran la importancia del aporte migrante en la econom\u00eda de Estados Unidos:<\/p><p>&#8220;La canasta b\u00e1sica ya estaba alta, pero ahora se vuele a disparar, porque hay escasez de productos. Los trabajadores del campo se ausentaron, los trabajadores de los rastros no fueron a laborar; los de la producci\u00f3n de carne de pollo y de res no est\u00e1n trabajando por miedo a la migra: eso causa desabasto de alimentos, todo se encarece, se recaudan menos impuestos. Se debe regresar a la normalidad. Al momento que ICE se vaya, todo regresar\u00e1 a la normalidad&#8221;.<\/p>\t\t\t\t\t\t\t\t<\/div>\n\t\t\t\t\t<\/div>\n\t\t\t\t<\/div>\n\t\t<div data-particle_enable=\"false\" data-particle-mobile-disabled=\"false\" class=\"elementor-element elementor-element-e8ac7b1 e-flex e-con-boxed e-con e-parent\" data-id=\"e8ac7b1\" data-element_type=\"container\" data-e-type=\"container\">\n\t\t\t\t\t<div class=\"e-con-inner\">\n\t\t\t\t<div class=\"elementor-element elementor-element-a134510 elementor-grid-eael-col-3 elementor-grid-tablet-eael-col-2 elementor-grid-mobile-eael-col-1 elementor-widget elementor-widget-eael-post-grid\" data-id=\"a134510\" data-element_type=\"widget\" data-e-type=\"widget\" data-settings=\"{&quot;eael_post_grid_columns&quot;:&quot;eael-col-3&quot;,&quot;eael_post_grid_columns_tablet&quot;:&quot;eael-col-2&quot;,&quot;eael_post_grid_columns_mobile&quot;:&quot;eael-col-1&quot;}\" data-widget_type=\"eael-post-grid.default\">\n\t\t\t\t\t<div id=\"eael-post-grid-a134510\" class=\"eael-post-grid-container\">\n            <div class=\"eael-post-grid eael-post-appender eael-post-appender-a134510 eael-post-grid-style-one\" data-layout-mode=\"masonry\"><article class=\"eael-grid-post  eael-post-grid-column eael-pg-post-35912 category-estamos-unidos\" data-id=\"35912\">\n        <div class=\"eael-grid-post-holder\">\n            <div class=\"eael-grid-post-holder-inner\"><div class=\"eael-entry-media\"><div class=\"eael-entry-overlay fade-in\"><i class=\"far fa-hand-pointer\" aria-hidden=\"true\"><\/i><a href=\"https:\/\/soymigrante.com\/revista\/cancilleria-de-guatemala-emite-postura-y-recomendaciones-por-redadas-antimigrantes\/\"><\/a><\/div><div class=\"eael-entry-thumbnail \">\n                <img loading=\"lazy\" decoding=\"async\" width=\"1024\" height=\"613\" src=\"https:\/\/soymigrante.com\/revista\/wp-content\/uploads\/2023\/11\/403713571_834266558490635_4444722889198174523_n-1024x613.webp\" class=\"attachment-large size-large wp-image-3459\" alt=\"\" \/>\n            <\/div>\n        <\/div><div class=\"eael-entry-wrapper\"><header class=\"eael-entry-header\"><h2 class=\"eael-entry-title\"><a class=\"eael-grid-post-link\" href=\"https:\/\/soymigrante.com\/revista\/cancilleria-de-guatemala-emite-postura-y-recomendaciones-por-redadas-antimigrantes\/\" title=\"Canciller\u00eda de Guatemala emite postura y recomendaciones por redadas antimigrantes\">Canciller\u00eda de Guatemala emite postura y recomendaciones por redadas antimigrantes<\/a><\/h2><\/header><div class=\"eael-entry-content\">\n                        <div class=\"eael-grid-post-excerpt\"><a href=\"https:\/\/soymigrante.com\/revista\/cancilleria-de-guatemala-emite-postura-y-recomendaciones-por-redadas-antimigrantes\/\" class=\"eael-post-elements-readmore-btn\">CONOCE SU HISTORIA <\/a><\/div>\n                    <\/div><\/div><\/div>\n        <\/div>\n    <\/article><article class=\"eael-grid-post  eael-post-grid-column eael-pg-post-27286 category-recursos-migratorios\" data-id=\"27286\">\n        <div class=\"eael-grid-post-holder\">\n            <div class=\"eael-grid-post-holder-inner\"><div class=\"eael-entry-media\"><div class=\"eael-entry-overlay fade-in\"><i class=\"far fa-hand-pointer\" aria-hidden=\"true\"><\/i><a href=\"https:\/\/soymigrante.com\/revista\/abogada-meredith-brown-expone-claves-de-derechos-migrantes-en-estados-unidos\/\"><\/a><\/div><div class=\"eael-entry-thumbnail \">\n                <img loading=\"lazy\" decoding=\"async\" width=\"1024\" height=\"1024\" src=\"https:\/\/soymigrante.com\/revista\/wp-content\/uploads\/2025\/03\/envato-labs-ai-2536242b-642a-4e3a-8413-4e1b36bff18f.webp\" class=\"attachment-large size-large wp-image-27349\" alt=\"Venta de comida saludable en un restaurante. Personal preparando y cortando verduras frescas en una cocina moderna y limpia. Mujeres y hombres involucrados en la preparaci\u00f3n de alimentos con ingredientes naturales.\" srcset=\"https:\/\/soymigrante.com\/revista\/wp-content\/uploads\/2025\/03\/envato-labs-ai-2536242b-642a-4e3a-8413-4e1b36bff18f.webp 1024w, https:\/\/soymigrante.com\/revista\/wp-content\/uploads\/2025\/03\/envato-labs-ai-2536242b-642a-4e3a-8413-4e1b36bff18f-300x300.jpg 300w, https:\/\/soymigrante.com\/revista\/wp-content\/uploads\/2025\/03\/envato-labs-ai-2536242b-642a-4e3a-8413-4e1b36bff18f-150x150.jpg 150w, https:\/\/soymigrante.com\/revista\/wp-content\/uploads\/2025\/03\/envato-labs-ai-2536242b-642a-4e3a-8413-4e1b36bff18f-768x768.jpg 768w, https:\/\/soymigrante.com\/revista\/wp-content\/uploads\/2025\/03\/envato-labs-ai-2536242b-642a-4e3a-8413-4e1b36bff18f-75x75.webp 75w, https:\/\/soymigrante.com\/revista\/wp-content\/uploads\/2025\/03\/envato-labs-ai-2536242b-642a-4e3a-8413-4e1b36bff18f-750x750.webp 750w\" sizes=\"(max-width: 1024px) 100vw, 1024px\" \/>\n            <\/div>\n        <\/div><div class=\"eael-entry-wrapper\"><header class=\"eael-entry-header\"><h2 class=\"eael-entry-title\"><a class=\"eael-grid-post-link\" href=\"https:\/\/soymigrante.com\/revista\/abogada-meredith-brown-expone-claves-de-derechos-migrantes-en-estados-unidos\/\" title=\"Abogada Meredith Brown expone claves de derechos migrantes en Estados Unidos\">Abogada Meredith Brown expone claves de derechos migrantes en Estados Unidos<\/a><\/h2><\/header><div class=\"eael-entry-content\">\n                        <div class=\"eael-grid-post-excerpt\"><a href=\"https:\/\/soymigrante.com\/revista\/abogada-meredith-brown-expone-claves-de-derechos-migrantes-en-estados-unidos\/\" class=\"eael-post-elements-readmore-btn\">CONOCE SU HISTORIA <\/a><\/div>\n                    <\/div><\/div><\/div>\n        <\/div>\n    <\/article><article class=\"eael-grid-post  eael-post-grid-column eael-pg-post-891 category-lugar-de-voces\" data-id=\"891\">\n        <div class=\"eael-grid-post-holder\">\n            <div class=\"eael-grid-post-holder-inner\"><div class=\"eael-entry-media\"><div class=\"eael-entry-overlay fade-in\"><i class=\"far fa-hand-pointer\" aria-hidden=\"true\"><\/i><a href=\"https:\/\/soymigrante.com\/revista\/el-migrante-llego-al-limite-de-la-desesperacion-y-tuvo-que-irse\/\"><\/a><\/div><div class=\"eael-entry-thumbnail \">\n                <img loading=\"lazy\" decoding=\"async\" width=\"1024\" height=\"678\" src=\"https:\/\/soymigrante.com\/revista\/wp-content\/uploads\/2023\/04\/migracion5.webp\" class=\"attachment-large size-large wp-image-896\" alt=\"La Casa del MIgrante en Esquipulas, Chiquimula, da alimento y albergue por una noche a migrantes de diversas proveniencias. (Fotograf\u00eda Pastoral de Movilidad Humana CEG)\" srcset=\"https:\/\/soymigrante.com\/revista\/wp-content\/uploads\/2023\/04\/migracion5.webp 1024w, https:\/\/soymigrante.com\/revista\/wp-content\/uploads\/2023\/04\/migracion5-300x199.webp 300w, https:\/\/soymigrante.com\/revista\/wp-content\/uploads\/2023\/04\/migracion5-768x509.jpeg 768w, https:\/\/soymigrante.com\/revista\/wp-content\/uploads\/2023\/04\/migracion5-750x497.webp 750w\" sizes=\"(max-width: 1024px) 100vw, 1024px\" \/>\n            <\/div>\n        <\/div><div class=\"eael-entry-wrapper\"><header class=\"eael-entry-header\"><h2 class=\"eael-entry-title\"><a class=\"eael-grid-post-link\" href=\"https:\/\/soymigrante.com\/revista\/el-migrante-llego-al-limite-de-la-desesperacion-y-tuvo-que-irse\/\" title=\"El migrante lleg\u00f3 al l\u00edmite de la desesperaci\u00f3n y tuvo que irse\">El migrante lleg\u00f3 al l\u00edmite de la desesperaci\u00f3n y tuvo que irse<\/a><\/h2><\/header><div class=\"eael-entry-content\">\n                        <div class=\"eael-grid-post-excerpt\"><a href=\"https:\/\/soymigrante.com\/revista\/el-migrante-llego-al-limite-de-la-desesperacion-y-tuvo-que-irse\/\" class=\"eael-post-elements-readmore-btn\">CONOCE SU HISTORIA <\/a><\/div>\n                    <\/div><\/div><\/div>\n        <\/div>\n    <\/article><\/div>\n            <div class=\"clearfix\"><\/div>\n        <\/div>\t\t\t\t<\/div>\n\t\t\t\t\t<\/div>\n\t\t\t\t<\/div>\n\t\t\t\t<\/div>\n\t\t","protected":false},"excerpt":{"rendered":"<p>Organizaci\u00f3n de guatemaltecos en Estados Unidos llama a la expresi\u00f3n siempre pac\u00edfica ante operativos y recientes incidentes en Los Angeles. Walter Batres, presidente de RMG, en entrevista dice que brindan apoyo legal a migrantes detenidos en centros de trabajo. &#8220;Ha sido una semana ca\u00f3tica. Da pena, porque se irrespetan leyes existentes. Aqu\u00ed en Los Angeles [&hellip;]<\/p>\n","protected":false},"author":7,"featured_media":36127,"comment_status":"open","ping_status":"open","sticky":false,"template":"","format":"standard","meta":{"_acf_changed":false,"_eb_attr":"","footnotes":""},"categories":[54],"tags":[],"class_list":["post-36125","post","type-post","status-publish","format-standard","has-post-thumbnail","hentry","category-estamos-unidos"],"acf":[],"aioseo_notices":[],"aioseo_head":"\n\t\t<!-- All in One SEO Pro 4.9.6.2 - aioseo.com -->\n\t<meta name=\"description\" content=\"Los que se pudrieron en la c\u00e1rceles de Guatemala,M\u00e9xico, Honduras, Nicaragua,por ladrones, por contrabandistas, por estafadores,por hambrientos,los siempre sospechosos de todo. Roque Dalton, poema de amor Por Leo Sam* Si usted toma el camino de la cabecera departamental de Huehuetenango que conecta con el municipio de Jacaltenango, pero el camino de terracer\u00eda, no la carretera,\" \/>\n\t<meta name=\"robots\" content=\"max-snippet:-1, max-image-preview:large, max-video-preview:-1\" \/>\n\t<meta name=\"author\" content=\"SoyMigrante.com REVISTA\"\/>\n\t<link rel=\"canonical\" href=\"https:\/\/soymigrante.com\/revista\/el-migrante-llego-al-limite-de-la-desesperacion-y-tuvo-que-irse\/\" \/>\n\t<meta name=\"generator\" content=\"All in One SEO Pro (AIOSEO) 4.9.6.2\" \/>\n\n\t\t<link rel=\"preconnect\" href=\"https:\/\/fonts.googleapis.com\" crossorigin>\n<link rel=\"preconnect\" href=\"https:\/\/fonts.gstatic.com\" crossorigin>\n\t\t<meta property=\"og:locale\" content=\"es_ES\" \/>\n\t\t<meta property=\"og:site_name\" content=\"SoyMigrante.com REVISTA \u2013 Nuestra misi\u00f3n es reconocer y dignificar al migrante.\" \/>\n\t\t<meta property=\"og:type\" content=\"article\" \/>\n\t\t<meta property=\"og:title\" content=\"El migrante lleg\u00f3 al l\u00edmite de la desesperaci\u00f3n y tuvo que irse\" \/>\n\t\t<meta property=\"og:description\" content=\"Los que se pudrieron en la c\u00e1rceles de Guatemala,M\u00e9xico, Honduras, Nicaragua,por ladrones, por contrabandistas, por estafadores,por hambrientos,los siempre sospechosos de todo. Roque Dalton, poema de amor Por Leo Sam* Si usted toma el camino de la cabecera departamental de Huehuetenango que conecta con el municipio de Jacaltenango, pero el camino de terracer\u00eda, no la carretera,\" \/>\n\t\t<meta property=\"og:url\" content=\"https:\/\/soymigrante.com\/revista\/el-migrante-llego-al-limite-de-la-desesperacion-y-tuvo-que-irse\/\" \/>\n\t\t<meta property=\"og:image\" content=\"https:\/\/soymigrante.com\/revista\/wp-content\/uploads\/2023\/04\/migracion5.webp\" \/>\n\t\t<meta property=\"og:image:secure_url\" content=\"https:\/\/soymigrante.com\/revista\/wp-content\/uploads\/2023\/04\/migracion5.webp\" \/>\n\t\t<meta property=\"og:image:width\" content=\"1024\" \/>\n\t\t<meta property=\"og:image:height\" content=\"678\" \/>\n\t\t<meta property=\"article:published_time\" content=\"2023-05-26T00:05:57+00:00\" \/>\n\t\t<meta property=\"article:modified_time\" content=\"2024-06-25T22:35:54+00:00\" \/>\n\t\t<meta property=\"article:publisher\" content=\"https:\/\/www.facebook.com\/soymigrantecom\" \/>\n\t\t<meta name=\"twitter:card\" content=\"summary_large_image\" \/>\n\t\t<meta name=\"twitter:site\" content=\"@SoyMigrante_com\" \/>\n\t\t<meta name=\"twitter:title\" content=\"El migrante lleg\u00f3 al l\u00edmite de la desesperaci\u00f3n y tuvo que irse\" \/>\n\t\t<meta name=\"twitter:description\" content=\"Los que se pudrieron en la c\u00e1rceles de Guatemala,M\u00e9xico, Honduras, Nicaragua,por ladrones, por contrabandistas, por estafadores,por hambrientos,los siempre sospechosos de todo. Roque Dalton, poema de amor Por Leo Sam* Si usted toma el camino de la cabecera departamental de Huehuetenango que conecta con el municipio de Jacaltenango, pero el camino de terracer\u00eda, no la carretera,\" \/>\n\t\t<meta name=\"twitter:creator\" content=\"@SoyMigrante_com\" \/>\n\t\t<meta name=\"twitter:image\" content=\"https:\/\/soymigrante.com\/revista\/wp-content\/uploads\/2023\/04\/migracion5.webp\" \/>\n\t\t<!-- All in One SEO Pro -->\r\n\t\t<title>El migrante lleg\u00f3 al l\u00edmite de la desesperaci\u00f3n y tuvo que irse<\/title>\n\n","aioseo_head_json":{"title":"El migrante lleg\u00f3 al l\u00edmite de la desesperaci\u00f3n y tuvo que irse","description":"Los que se pudrieron en la c\u00e1rceles de Guatemala,M\u00e9xico, Honduras, Nicaragua,por ladrones, por contrabandistas, por estafadores,por hambrientos,los siempre sospechosos de todo. Roque Dalton, poema de amor Por Leo Sam* Si usted toma el camino de la cabecera departamental de Huehuetenango que conecta con el municipio de Jacaltenango, pero el camino de terracer\u00eda, no la carretera,","canonical_url":"https:\/\/soymigrante.com\/revista\/el-migrante-llego-al-limite-de-la-desesperacion-y-tuvo-que-irse\/","robots":"max-snippet:-1, max-image-preview:large, max-video-preview:-1","keywords":"","webmasterTools":{"miscellaneous":"&lt;link rel=\"preconnect\" href=\"https:\/\/fonts.googleapis.com\" crossorigin&gt;\n&lt;link rel=\"preconnect\" href=\"https:\/\/fonts.gstatic.com\" crossorigin&gt;"},"schema":null,"og:locale":"es_ES","og:site_name":"SoyMigrante.com REVISTA \u2013 Nuestra misi\u00f3n es reconocer y dignificar al migrante.","og:type":"article","og:title":"El migrante lleg\u00f3 al l\u00edmite de la desesperaci\u00f3n y tuvo que irse","og:description":"Los que se pudrieron en la c\u00e1rceles de Guatemala,M\u00e9xico, Honduras, Nicaragua,por ladrones, por contrabandistas, por estafadores,por hambrientos,los siempre sospechosos de todo. Roque Dalton, poema de amor Por Leo Sam* Si usted toma el camino de la cabecera departamental de Huehuetenango que conecta con el municipio de Jacaltenango, pero el camino de terracer\u00eda, no la carretera,","og:url":"https:\/\/soymigrante.com\/revista\/el-migrante-llego-al-limite-de-la-desesperacion-y-tuvo-que-irse\/","og:image":"https:\/\/soymigrante.com\/revista\/wp-content\/uploads\/2023\/04\/migracion5.webp","og:image:secure_url":"https:\/\/soymigrante.com\/revista\/wp-content\/uploads\/2023\/04\/migracion5.webp","og:image:width":1024,"og:image:height":678,"article:published_time":"2023-05-26T00:05:57+00:00","article:modified_time":"2024-06-25T22:35:54+00:00","article:publisher":"https:\/\/www.facebook.com\/soymigrantecom","twitter:card":"summary_large_image","twitter:site":"@SoyMigrante_com","twitter:title":"El migrante lleg\u00f3 al l\u00edmite de la desesperaci\u00f3n y tuvo que irse","twitter:description":"Los que se pudrieron en la c\u00e1rceles de Guatemala,M\u00e9xico, Honduras, Nicaragua,por ladrones, por contrabandistas, por estafadores,por hambrientos,los siempre sospechosos de todo. Roque Dalton, poema de amor Por Leo Sam* Si usted toma el camino de la cabecera departamental de Huehuetenango que conecta con el municipio de Jacaltenango, pero el camino de terracer\u00eda, no la carretera,","twitter:creator":"@SoyMigrante_com","twitter:image":"https:\/\/soymigrante.com\/revista\/wp-content\/uploads\/2023\/04\/migracion5.webp"},"aioseo_meta_data":{"post_id":"36125","title":"\"Ser indocumentado no es un crimen\": Walter Batres, l\u00edder migrante","description":"Red Migrante Guatemalteca aporta abogados gratuitos para defender a detenidos guatemaltecos en Estados Unidos, sobre todo en Los Angeles, California, informa Batres.","keywords":null,"keyphrases":{"focus":{"keyphrase":"Migrante","score":91,"analysis":{"keyphraseInTitle":{"score":9,"maxScore":9,"error":0},"keyphraseInDescription":{"score":9,"maxScore":9,"error":0},"keyphraseLength":{"score":9,"maxScore":9,"error":0,"length":1},"keyphraseInURL":{"score":5,"maxScore":5,"error":0},"keyphraseInIntroduction":{"score":9,"maxScore":9,"error":0},"keyphraseInSubHeadings":{"score":3,"maxScore":9,"error":1},"keyphraseInImageAlt":{"score":9,"maxScore":9,"error":0},"keywordDensity":{"type":"best","score":9,"maxScore":9,"error":0}}},"additional":[{"keyphrase":"Guatemala","score":40,"analysis":{"keyphraseInDescription":{"score":3,"maxScore":9,"error":1},"keyphraseLength":{"score":9,"maxScore":9,"error":0,"length":1},"keyphraseInIntroduction":{"score":3,"maxScore":9,"error":1},"keyphraseInImageAlt":{"score":3,"maxScore":9,"error":1},"keywordDensity":{"score":0,"type":"low","maxScore":9,"error":1}}},{"keyphrase":"Migrantes","score":87,"analysis":{"keyphraseInDescription":{"score":3,"maxScore":9,"error":1},"keyphraseLength":{"score":9,"maxScore":9,"error":0,"length":1},"keyphraseInIntroduction":{"score":9,"maxScore":9,"error":0},"keyphraseInImageAlt":{"score":9,"maxScore":9,"error":0},"keywordDensity":{"type":"best","score":9,"maxScore":9,"error":0}}},{"keyphrase":"Los Angeles","score":80,"analysis":{"keyphraseInDescription":{"score":9,"maxScore":9,"error":0},"keyphraseLength":{"score":9,"maxScore":9,"error":0,"length":2},"keyphraseInIntroduction":{"score":9,"maxScore":9,"error":0},"keyphraseInImageAlt":{"score":9,"maxScore":9,"error":0},"keywordDensity":{"score":0,"type":"low","maxScore":9,"error":1}}}]},"primary_term":null,"canonical_url":null,"og_title":null,"og_description":null,"og_object_type":"default","og_image_type":"default","og_image_url":null,"og_image_width":null,"og_image_height":null,"og_image_custom_url":null,"og_image_custom_fields":null,"og_video":"","og_custom_url":null,"og_article_section":null,"og_article_tags":null,"twitter_use_og":false,"twitter_card":"default","twitter_image_type":"default","twitter_image_url":null,"twitter_image_custom_url":null,"twitter_image_custom_fields":null,"twitter_title":null,"twitter_description":null,"schema":{"blockGraphs":[],"customGraphs":[],"default":{"data":{"Article":[],"Course":[],"Dataset":[],"FAQPage":[],"Movie":[],"Person":[],"Product":[],"ProductReview":[],"Car":[],"Recipe":[],"Service":[],"SoftwareApplication":[],"WebPage":[]},"graphName":"none","isEnabled":true},"graphs":[]},"schema_type":"default","schema_type_options":null,"pillar_content":false,"robots_default":true,"robots_noindex":false,"robots_noarchive":false,"robots_nosnippet":false,"robots_nofollow":false,"robots_noimageindex":false,"robots_noodp":false,"robots_notranslate":false,"robots_max_snippet":"-1","robots_max_videopreview":"-1","robots_max_imagepreview":"large","priority":null,"frequency":"default","local_seo":null,"seo_analyzer_scan_date":"2025-10-09 05:52:20","breadcrumb_settings":null,"limit_modified_date":false,"reviewed_by":"0","open_ai":"{\"title\":{\"suggestions\":[],\"usage\":0},\"description\":{\"suggestions\":[],\"usage\":0}}","ai":null,"created":"2025-06-12 05:52:13","updated":"2026-02-05 00:54:14"},"aioseo_breadcrumb":"<div class=\"aioseo-breadcrumbs\"><span class=\"aioseo-breadcrumb\">\n\t<a href=\"https:\/\/soymigrante.com\/revista\" title=\"Home\">Home<\/a>\n<\/span><span class=\"aioseo-breadcrumb-separator\">\u00bb<\/span><span class=\"aioseo-breadcrumb\">\n\t<a href=\"https:\/\/soymigrante.com\/revista\/category\/estamos-unidos\/\" title=\"Estamos Unidos\">Estamos Unidos<\/a>\n<\/span><span class=\"aioseo-breadcrumb-separator\">\u00bb<\/span><span class=\"aioseo-breadcrumb\">\n\t\u201cSer migrante indocumentado no es un crimen\u201d: Walter Batres, presidente de la Red Migrante Guatemalteca\n<\/span><\/div>","aioseo_breadcrumb_json":[{"label":"Home","link":"https:\/\/soymigrante.com\/revista"},{"label":"Estamos Unidos","link":"https:\/\/soymigrante.com\/revista\/category\/estamos-unidos\/"},{"label":"&#8220;Ser migrante indocumentado no es un crimen&#8221;: Walter Batres, presidente de la Red Migrante Guatemalteca","link":"https:\/\/soymigrante.com\/revista\/migrantes-guatemaltecos-estados-unidos-indocumentado-no-es-delito-walter-batres\/"}],"_links":{"self":[{"href":"https:\/\/soymigrante.com\/revista\/wp-json\/wp\/v2\/posts\/36125","targetHints":{"allow":["GET"]}}],"collection":[{"href":"https:\/\/soymigrante.com\/revista\/wp-json\/wp\/v2\/posts"}],"about":[{"href":"https:\/\/soymigrante.com\/revista\/wp-json\/wp\/v2\/types\/post"}],"author":[{"embeddable":true,"href":"https:\/\/soymigrante.com\/revista\/wp-json\/wp\/v2\/users\/7"}],"replies":[{"embeddable":true,"href":"https:\/\/soymigrante.com\/revista\/wp-json\/wp\/v2\/comments?post=36125"}],"version-history":[{"count":13,"href":"https:\/\/soymigrante.com\/revista\/wp-json\/wp\/v2\/posts\/36125\/revisions"}],"predecessor-version":[{"id":36163,"href":"https:\/\/soymigrante.com\/revista\/wp-json\/wp\/v2\/posts\/36125\/revisions\/36163"}],"wp:featuredmedia":[{"embeddable":true,"href":"https:\/\/soymigrante.com\/revista\/wp-json\/wp\/v2\/media\/36127"}],"wp:attachment":[{"href":"https:\/\/soymigrante.com\/revista\/wp-json\/wp\/v2\/media?parent=36125"}],"wp:term":[{"taxonomy":"category","embeddable":true,"href":"https:\/\/soymigrante.com\/revista\/wp-json\/wp\/v2\/categories?post=36125"},{"taxonomy":"post_tag","embeddable":true,"href":"https:\/\/soymigrante.com\/revista\/wp-json\/wp\/v2\/tags?post=36125"}],"curies":[{"name":"wp","href":"https:\/\/api.w.org\/{rel}","templated":true}]}}