{"id":36102,"date":"2025-06-12T04:00:00","date_gmt":"2025-06-12T10:00:00","guid":{"rendered":"https:\/\/soymigrante.com\/revista\/?p=36102"},"modified":"2025-06-11T23:41:03","modified_gmt":"2025-06-12T05:41:03","slug":"tu-lucha-no-es-pequena-es-sagrada-poderoso-mensaje-del-motivador-daniel-habif-a-los-migrantes","status":"publish","type":"post","link":"https:\/\/soymigrante.com\/revista\/tu-lucha-no-es-pequena-es-sagrada-poderoso-mensaje-del-motivador-daniel-habif-a-los-migrantes\/","title":{"rendered":"\u201cTu lucha no es peque\u00f1a: es sagrada\u201d: poderoso mensaje del motivador Daniel Habif a los migrantes"},"content":{"rendered":"\t\t<div data-elementor-type=\"wp-post\" data-elementor-id=\"36102\" class=\"elementor elementor-36102\" data-elementor-post-type=\"post\">\n\t\t\t\t<div data-particle_enable=\"false\" data-particle-mobile-disabled=\"false\" class=\"elementor-element elementor-element-24f3723 e-flex e-con-boxed e-con e-parent\" data-id=\"24f3723\" data-element_type=\"container\" data-e-type=\"container\">\n\t\t\t\t\t<div class=\"e-con-inner\">\n\t\t\t\t<div class=\"elementor-element elementor-element-2ed6c31 elementor-widget elementor-widget-heading\" data-id=\"2ed6c31\" data-element_type=\"widget\" data-e-type=\"widget\" data-widget_type=\"heading.default\">\n\t\t\t\t\t<h2 class=\"elementor-heading-title elementor-size-default\">Daniel Habif reconoce la importancia de los migrantes y les manda un mensaje de apoyo. \n<\/h2>\t\t\t\t<\/div>\n\t\t\t\t\t<\/div>\n\t\t\t\t<\/div>\n\t\t<div data-particle_enable=\"false\" data-particle-mobile-disabled=\"false\" class=\"elementor-element elementor-element-70bea08 e-flex e-con-boxed e-con e-parent\" data-id=\"70bea08\" data-element_type=\"container\" data-e-type=\"container\">\n\t\t\t\t\t<div class=\"e-con-inner\">\n\t\t\t\t<div class=\"elementor-element elementor-element-9be4bed elementor-widget elementor-widget-text-editor\" data-id=\"9be4bed\" data-element_type=\"widget\" data-e-type=\"widget\" data-widget_type=\"text-editor.default\">\n\t\t\t\t\t\t\t\t\t<p>El escritor y conferencista mexicano <a href=\"https:\/\/www.facebook.com\/danielhabifoficial\" target=\"_blank\" rel=\"noopener\">Daniel Habif<\/a> comparti\u00f3 recientemente un poderoso mensaje en su cuenta de Instagram, dedicado a los inmigrantes del mundo.<\/p><p>Con palabras cargadas de empat\u00eda y gratitud, Habif rindi\u00f3 homenaje a quienes, por necesidad o por sue\u00f1os, han dejado su pa\u00eds de origen y enfrentan la vida en un territorio desconocido.<\/p>\t\t\t\t\t\t\t\t<\/div>\n\t\t\t\t\t<\/div>\n\t\t\t\t<\/div>\n\t\t<div data-particle_enable=\"false\" data-particle-mobile-disabled=\"false\" class=\"elementor-element elementor-element-df5590a e-flex e-con-boxed e-con e-parent\" data-id=\"df5590a\" data-element_type=\"container\" data-e-type=\"container\">\n\t\t\t\t\t<div class=\"e-con-inner\">\n\t\t\t\t<div class=\"elementor-element elementor-element-e9fc756 elementor-widget elementor-widget-heading\" data-id=\"e9fc756\" data-element_type=\"widget\" data-e-type=\"widget\" data-widget_type=\"heading.default\">\n\t\t\t\t\t<h3 class=\"elementor-heading-title elementor-size-default\">\u00bfQui\u00e9n es Daniel Habif?<\/h3>\t\t\t\t<\/div>\n\t\t\t\t\t<\/div>\n\t\t\t\t<\/div>\n\t\t<div data-particle_enable=\"false\" data-particle-mobile-disabled=\"false\" class=\"elementor-element elementor-element-fa6c0c1 e-flex e-con-boxed e-con e-parent\" data-id=\"fa6c0c1\" data-element_type=\"container\" data-e-type=\"container\">\n\t\t\t\t\t<div class=\"e-con-inner\">\n\t\t\t\t<div class=\"elementor-element elementor-element-f6e3af5 elementor-widget elementor-widget-text-editor\" data-id=\"f6e3af5\" data-element_type=\"widget\" data-e-type=\"widget\" data-widget_type=\"text-editor.default\">\n\t\t\t\t\t\t\t\t\t<p><a href=\"https:\/\/www.facebook.com\/danielhabifoficial\" target=\"_blank\" rel=\"noopener\">Habif es conocido por sus conferencias motivacionales, libros de superaci\u00f3n personal y mensajes espirituales.<\/a> A lo largo de los a\u00f1os ha consolidado una amplia comunidad de seguidores en Am\u00e9rica Latina y Estados Unidos.<\/p><p>Con un estilo po\u00e9tico y profundamente humano, se ha convertido en una voz de aliento para miles de personas que atraviesan momentos dif\u00edciles. Su trabajo combina reflexiones emocionales, fe y compromiso social.<\/p>\t\t\t\t\t\t\t\t<\/div>\n\t\t\t\t\t<\/div>\n\t\t\t\t<\/div>\n\t\t<div data-particle_enable=\"false\" data-particle-mobile-disabled=\"false\" class=\"elementor-element elementor-element-ea3d6ed e-flex e-con-boxed e-con e-parent\" data-id=\"ea3d6ed\" data-element_type=\"container\" data-e-type=\"container\">\n\t\t\t\t\t<div class=\"e-con-inner\">\n\t\t\t\t<div class=\"elementor-element elementor-element-c0be19d elementor-invisible elementor-widget elementor-widget-facebook-embed\" data-id=\"c0be19d\" data-element_type=\"widget\" data-e-type=\"widget\" data-settings=\"{&quot;_animation&quot;:&quot;zoomInDown&quot;}\" data-widget_type=\"facebook-embed.default\">\n\t\t\t\t\t<div style=\"min-height: 1px\" class=\"elementor-facebook-widget fb-post\" data-href=\"https:\/\/www.facebook.com\/photo.php?fbid=10159861757528569&#038;set=t.100044196860968&#038;type=3\" data-show-text=\"false\"><\/div>\t\t\t\t<\/div>\n\t\t\t\t\t<\/div>\n\t\t\t\t<\/div>\n\t\t<div data-particle_enable=\"false\" data-particle-mobile-disabled=\"false\" class=\"elementor-element elementor-element-2271804 e-flex e-con-boxed e-con e-parent\" data-id=\"2271804\" data-element_type=\"container\" data-e-type=\"container\">\n\t\t\t\t\t<div class=\"e-con-inner\">\n\t\t\t\t<div class=\"elementor-element elementor-element-53082aa elementor-widget elementor-widget-heading\" data-id=\"53082aa\" data-element_type=\"widget\" data-e-type=\"widget\" data-widget_type=\"heading.default\">\n\t\t\t\t\t<h3 class=\"elementor-heading-title elementor-size-default\">El mensaje en su Instagram<\/h3>\t\t\t\t<\/div>\n\t\t\t\t\t<\/div>\n\t\t\t\t<\/div>\n\t\t<div data-particle_enable=\"false\" data-particle-mobile-disabled=\"false\" class=\"elementor-element elementor-element-2e37abf e-flex e-con-boxed e-con e-parent\" data-id=\"2e37abf\" data-element_type=\"container\" data-e-type=\"container\">\n\t\t\t\t\t<div class=\"e-con-inner\">\n\t\t\t\t<div class=\"elementor-element elementor-element-806a861 elementor-widget elementor-widget-text-editor\" data-id=\"806a861\" data-element_type=\"widget\" data-e-type=\"widget\" data-widget_type=\"text-editor.default\">\n\t\t\t\t\t\t\t\t\t<p><a href=\"https:\/\/www.facebook.com\/danielhabifoficial\" target=\"_blank\" rel=\"noopener\">En esta ocasi\u00f3n, el autor se dirigi\u00f3 directamente a los inmigrantes,<\/a> a quienes honra por su resistencia y valent\u00eda. \u201c<em>Gracias por soportar la indiferencia, por no darte por vencido a pesar del terror, la soledad y el desarraigo<\/em>\u201d, escribi\u00f3 en uno de los fragmentos m\u00e1s destacados.<\/p><p>Habif reconoce el esfuerzo de quienes viven con el coraz\u00f3n dividido entre lo que dejaron atr\u00e1s y lo que est\u00e1n construyendo en un nuevo pa\u00eds. Tambi\u00e9n pide disculpas a nombre de quienes, desde el privilegio o la ignorancia, han despreciado el esfuerzo migrante y reducido sus vidas a cifras o tr\u00e1mites burocr\u00e1ticos.<\/p><p>\u201c<em>Tu lucha no es peque\u00f1a: es sagrada<\/em>\u201d, afirma el autor, y subraya que muchos olvidan que el trabajo de los migrantes sostiene econom\u00edas enteras y familias enteras, aunque sus nombres rara vez sean reconocidos.<\/p>\t\t\t\t\t\t\t\t<\/div>\n\t\t\t\t\t<\/div>\n\t\t\t\t<\/div>\n\t\t<div data-particle_enable=\"false\" data-particle-mobile-disabled=\"false\" class=\"elementor-element elementor-element-c6266d4 e-flex e-con-boxed e-con e-parent\" data-id=\"c6266d4\" data-element_type=\"container\" data-e-type=\"container\">\n\t\t\t\t\t<div class=\"e-con-inner\">\n\t\t\t\t<div class=\"elementor-element elementor-element-59bf156 elementor-widget elementor-widget-image\" data-id=\"59bf156\" data-element_type=\"widget\" data-e-type=\"widget\" data-widget_type=\"image.default\">\n\t\t\t\t\t\t\t\t\t\t\t\t<figure class=\"wp-caption\">\n\t\t\t\t\t\t\t\t\t\t<img fetchpriority=\"high\" decoding=\"async\" width=\"472\" height=\"1024\" src=\"https:\/\/soymigrante.com\/revista\/wp-content\/uploads\/2025\/06\/Daniel-Habif-dedica-emotivo-mensaje-a-los-migrantes-Tu-lucha-no-es-pequena-es-sagrada1-472x1024.jpeg\" class=\"attachment-large size-large wp-image-36109\" alt=\"Entonces:.\" srcset=\"https:\/\/soymigrante.com\/revista\/wp-content\/uploads\/2025\/06\/Daniel-Habif-dedica-emotivo-mensaje-a-los-migrantes-Tu-lucha-no-es-pequena-es-sagrada1-472x1024.jpeg 472w, https:\/\/soymigrante.com\/revista\/wp-content\/uploads\/2025\/06\/Daniel-Habif-dedica-emotivo-mensaje-a-los-migrantes-Tu-lucha-no-es-pequena-es-sagrada1-138x300.jpeg 138w, https:\/\/soymigrante.com\/revista\/wp-content\/uploads\/2025\/06\/Daniel-Habif-dedica-emotivo-mensaje-a-los-migrantes-Tu-lucha-no-es-pequena-es-sagrada1-708x1536.jpeg 708w, https:\/\/soymigrante.com\/revista\/wp-content\/uploads\/2025\/06\/Daniel-Habif-dedica-emotivo-mensaje-a-los-migrantes-Tu-lucha-no-es-pequena-es-sagrada1.webp 738w\" sizes=\"(max-width: 472px) 100vw, 472px\" title=\"Mensaje de Daniel Habif para los migrantes. (Foto: captura de pantalla) \u2013 SoyMigrante.com REVISTA\" \/>\t\t\t\t\t\t\t\t\t\t\t<figcaption class=\"widget-image-caption wp-caption-text\">Mensaje de Daniel Habif para los migrantes. (Foto: captura de pantalla)<\/figcaption>\n\t\t\t\t\t\t\t\t\t\t<\/figure>\n\t\t\t\t\t\t\t\t\t<\/div>\n\t\t\t\t\t<\/div>\n\t\t\t\t<\/div>\n\t\t<div data-particle_enable=\"false\" data-particle-mobile-disabled=\"false\" class=\"elementor-element elementor-element-3fa04e8 e-flex e-con-boxed e-con e-parent\" data-id=\"3fa04e8\" data-element_type=\"container\" data-e-type=\"container\">\n\t\t\t\t\t<div class=\"e-con-inner\">\n\t\t\t\t<div class=\"elementor-element elementor-element-66626c9 elementor-widget elementor-widget-heading\" data-id=\"66626c9\" data-element_type=\"widget\" data-e-type=\"widget\" data-widget_type=\"heading.default\">\n\t\t\t\t\t<h3 class=\"elementor-heading-title elementor-size-default\">Un homenaje cargado de sensibilidad<\/h3>\t\t\t\t<\/div>\n\t\t\t\t\t<\/div>\n\t\t\t\t<\/div>\n\t\t<div data-particle_enable=\"false\" data-particle-mobile-disabled=\"false\" class=\"elementor-element elementor-element-cdfbae8 e-flex e-con-boxed e-con e-parent\" data-id=\"cdfbae8\" data-element_type=\"container\" data-e-type=\"container\">\n\t\t\t\t\t<div class=\"e-con-inner\">\n\t\t\t\t<div class=\"elementor-element elementor-element-12889e9 elementor-widget elementor-widget-text-editor\" data-id=\"12889e9\" data-element_type=\"widget\" data-e-type=\"widget\" data-widget_type=\"text-editor.default\">\n\t\t\t\t\t\t\t\t\t<p>El texto se convirti\u00f3 r\u00e1pidamente en un mensaje viral, <a href=\"https:\/\/www.facebook.com\/danielhabifoficial\" target=\"_blank\" rel=\"noopener\">especialmente entre comunidades latinas en Estados Unidos y Europa.<\/a> A trav\u00e9s de sus redes sociales, Habif suele compartir palabras de \u00e1nimo dirigidas a quienes enfrentan situaciones de dolor, p\u00e9rdida o transformaci\u00f3n.<\/p><p>Este mensaje resuena en un contexto donde millones de migrantes siguen buscando mejores oportunidades, muchas veces enfrentando condiciones laborales precarias, discriminaci\u00f3n, barreras idiom\u00e1ticas y una profunda sensaci\u00f3n de desarraigo.<\/p><p>Habif concluye su reflexi\u00f3n con una bendici\u00f3n: \u201c<em>Y si alg\u00fan d\u00eda llegas a dudar de tu valor, recuerda esto: el cielo mismo te observa con honra, no por cu\u00e1nto has logrado, sino por todo lo que has sostenido. Te bendigo, amado inmigrante<\/em>\u201d.<\/p>\t\t\t\t\t\t\t\t<\/div>\n\t\t\t\t\t<\/div>\n\t\t\t\t<\/div>\n\t\t<div data-particle_enable=\"false\" data-particle-mobile-disabled=\"false\" class=\"elementor-element elementor-element-afe3ef9 e-flex e-con-boxed e-con e-parent\" data-id=\"afe3ef9\" data-element_type=\"container\" data-e-type=\"container\">\n\t\t\t\t\t<div class=\"e-con-inner\">\n\t\t\t\t<div class=\"elementor-element elementor-element-837d5c4 elementor-widget elementor-widget-heading\" data-id=\"837d5c4\" data-element_type=\"widget\" data-e-type=\"widget\" data-widget_type=\"heading.default\">\n\t\t\t\t\t<h3 class=\"elementor-heading-title elementor-size-default\">Un llamado a la empat\u00eda<\/h3>\t\t\t\t<\/div>\n\t\t\t\t\t<\/div>\n\t\t\t\t<\/div>\n\t\t<div data-particle_enable=\"false\" data-particle-mobile-disabled=\"false\" class=\"elementor-element elementor-element-d6956c8 e-flex e-con-boxed e-con e-parent\" data-id=\"d6956c8\" data-element_type=\"container\" data-e-type=\"container\">\n\t\t\t\t\t<div class=\"e-con-inner\">\n\t\t\t\t<div class=\"elementor-element elementor-element-421c4c8 elementor-widget elementor-widget-text-editor\" data-id=\"421c4c8\" data-element_type=\"widget\" data-e-type=\"widget\" data-widget_type=\"text-editor.default\">\n\t\t\t\t\t\t\t\t\t<p>En tiempos de polarizaci\u00f3n y discursos antiinmigrantes, el texto de <a href=\"https:\/\/www.facebook.com\/danielhabifoficial\" target=\"_blank\" rel=\"noopener\">Daniel Habif se alza como un recordatorio de la dignidad, el esfuerzo y la humanidad detr\u00e1s de cada persona migrante<\/a>. Un homenaje necesario, desde el coraz\u00f3n, a quienes se atreven a comenzar de nuevo.<\/p>\t\t\t\t\t\t\t\t<\/div>\n\t\t\t\t\t<\/div>\n\t\t\t\t<\/div>\n\t\t<div data-particle_enable=\"false\" data-particle-mobile-disabled=\"false\" class=\"elementor-element elementor-element-578cc4e e-flex e-con-boxed e-con e-parent\" data-id=\"578cc4e\" data-element_type=\"container\" data-e-type=\"container\">\n\t\t\t\t\t<div class=\"e-con-inner\">\n\t\t\t\t<div class=\"elementor-element elementor-element-b2d7876 elementor-widget elementor-widget-heading\" data-id=\"b2d7876\" data-element_type=\"widget\" data-e-type=\"widget\" data-widget_type=\"heading.default\">\n\t\t\t\t\t<h2 class=\"elementor-heading-title elementor-size-default\">Conoce estos temas que te pueden interesar...<\/h2>\t\t\t\t<\/div>\n\t\t\t\t\t<\/div>\n\t\t\t\t<\/div>\n\t\t<div data-particle_enable=\"false\" data-particle-mobile-disabled=\"false\" class=\"elementor-element elementor-element-8311585 e-flex e-con-boxed e-con e-parent\" data-id=\"8311585\" data-element_type=\"container\" data-e-type=\"container\">\n\t\t\t\t\t<div class=\"e-con-inner\">\n\t\t\t\t<div class=\"elementor-element elementor-element-be55b92 elementor-grid-eael-col-3 elementor-grid-tablet-eael-col-2 elementor-grid-mobile-eael-col-1 elementor-widget elementor-widget-eael-post-grid\" data-id=\"be55b92\" data-element_type=\"widget\" data-e-type=\"widget\" data-settings=\"{&quot;eael_post_grid_columns&quot;:&quot;eael-col-3&quot;,&quot;eael_post_grid_columns_tablet&quot;:&quot;eael-col-2&quot;,&quot;eael_post_grid_columns_mobile&quot;:&quot;eael-col-1&quot;}\" data-widget_type=\"eael-post-grid.default\">\n\t\t\t\t\t<div id=\"eael-post-grid-be55b92\" class=\"eael-post-grid-container\">\n            <div class=\"eael-post-grid eael-post-appender eael-post-appender-be55b92 eael-post-grid-style-one\" data-layout-mode=\"masonry\"><article class=\"eael-grid-post  eael-post-grid-column eael-pg-post-19580 category-bienestar\" data-id=\"19580\">\n        <div class=\"eael-grid-post-holder\">\n            <div class=\"eael-grid-post-holder-inner\"><div class=\"eael-entry-media\"><div class=\"eael-entry-overlay fade-in\"><i class=\"far fa-hand-pointer\" aria-hidden=\"true\"><\/i><a href=\"https:\/\/soymigrante.com\/revista\/siete-canciones-en-espanol-que-exponen-desafios-del-migrante\/\"><\/a><\/div><div class=\"eael-entry-thumbnail \">\n                <img decoding=\"async\" width=\"1024\" height=\"1024\" src=\"https:\/\/soymigrante.com\/revista\/wp-content\/uploads\/2025\/02\/migrantes-usa.webp\" class=\"attachment-large size-large wp-image-25726\" alt=\"Bar de restaurante con ambiente nocturno en tonos ne\u00f3n, con paredes de cristal, mesas y sillones, donde hay un camarero atendiendo a los clientes en un escenario urbano moderno y vibrante.\" srcset=\"https:\/\/soymigrante.com\/revista\/wp-content\/uploads\/2025\/02\/migrantes-usa.webp 1024w, https:\/\/soymigrante.com\/revista\/wp-content\/uploads\/2025\/02\/migrantes-usa-300x300.png 300w, https:\/\/soymigrante.com\/revista\/wp-content\/uploads\/2025\/02\/migrantes-usa-150x150.png 150w, https:\/\/soymigrante.com\/revista\/wp-content\/uploads\/2025\/02\/migrantes-usa-768x768.png 768w, https:\/\/soymigrante.com\/revista\/wp-content\/uploads\/2025\/02\/migrantes-usa-75x75.webp 75w, https:\/\/soymigrante.com\/revista\/wp-content\/uploads\/2025\/02\/migrantes-usa-750x750.webp 750w\" sizes=\"(max-width: 1024px) 100vw, 1024px\" \/>\n            <\/div>\n        <\/div><div class=\"eael-entry-wrapper\"><header class=\"eael-entry-header\"><h2 class=\"eael-entry-title\"><a class=\"eael-grid-post-link\" href=\"https:\/\/soymigrante.com\/revista\/siete-canciones-en-espanol-que-exponen-desafios-del-migrante\/\" title=\"Siete canciones en espa\u00f1ol exponen los esfuerzos y desaf\u00edos del migrante en Estados Unidos\">Siete canciones en espa\u00f1ol exponen los esfuerzos y desaf\u00edos del migrante en Estados Unidos<\/a><\/h2><\/header><div class=\"eael-entry-content\">\n                        <div class=\"eael-grid-post-excerpt\"><a href=\"https:\/\/soymigrante.com\/revista\/siete-canciones-en-espanol-que-exponen-desafios-del-migrante\/\" class=\"eael-post-elements-readmore-btn\">CONOCE SU HISTORIA <\/a><\/div>\n                    <\/div><\/div><\/div>\n        <\/div>\n    <\/article><article class=\"eael-grid-post  eael-post-grid-column eael-pg-post-16791 category-estamos-unidos\" data-id=\"16791\">\n        <div class=\"eael-grid-post-holder\">\n            <div class=\"eael-grid-post-holder-inner\"><div class=\"eael-entry-media\"><div class=\"eael-entry-overlay fade-in\"><i class=\"far fa-hand-pointer\" aria-hidden=\"true\"><\/i><a href=\"https:\/\/soymigrante.com\/revista\/dia-del-migrante-fuerza-laboral-llegada-de-otros-paises-a-ee-uu-tiene-un-papel-vital\/\"><\/a><\/div><div class=\"eael-entry-thumbnail \">\n                <img decoding=\"async\" width=\"1024\" height=\"1024\" src=\"https:\/\/soymigrante.com\/revista\/wp-content\/uploads\/2024\/12\/migrante-2-1024x1024.jpg\" class=\"attachment-large size-large wp-image-16836\" alt=\"Reparaci\u00f3n de paredes por un trabajador en interior de edificio, renovaci\u00f3n y trabajo de pintura, servicio de mantenimiento, limpieza y rehabilitaci\u00f3n de espacios.\" srcset=\"https:\/\/soymigrante.com\/revista\/wp-content\/uploads\/2024\/12\/migrante-2-1024x1024.jpg 1024w, https:\/\/soymigrante.com\/revista\/wp-content\/uploads\/2024\/12\/migrante-2-300x300.jpg 300w, https:\/\/soymigrante.com\/revista\/wp-content\/uploads\/2024\/12\/migrante-2-150x150.jpg 150w, https:\/\/soymigrante.com\/revista\/wp-content\/uploads\/2024\/12\/migrante-2-768x768.jpg 768w, https:\/\/soymigrante.com\/revista\/wp-content\/uploads\/2024\/12\/migrante-2-1536x1536.jpg 1536w, https:\/\/soymigrante.com\/revista\/wp-content\/uploads\/2024\/12\/migrante-2-2048x2048.jpg 2048w, https:\/\/soymigrante.com\/revista\/wp-content\/uploads\/2024\/12\/migrante-2-75x75.webp 75w, https:\/\/soymigrante.com\/revista\/wp-content\/uploads\/2024\/12\/migrante-2-750x750.webp 750w, https:\/\/soymigrante.com\/revista\/wp-content\/uploads\/2024\/12\/migrante-2-1140x1140.webp 1140w, https:\/\/soymigrante.com\/revista\/wp-content\/uploads\/2024\/12\/migrante-2-scaled.webp 1920w\" sizes=\"(max-width: 1024px) 100vw, 1024px\" \/>\n            <\/div>\n        <\/div><div class=\"eael-entry-wrapper\"><header class=\"eael-entry-header\"><h2 class=\"eael-entry-title\"><a class=\"eael-grid-post-link\" href=\"https:\/\/soymigrante.com\/revista\/dia-del-migrante-fuerza-laboral-llegada-de-otros-paises-a-ee-uu-tiene-un-papel-vital\/\" title=\"D\u00eda del Migrante: Fuerza laboral llegada de otros pa\u00edses a EE.UU. tiene un papel vital\">D\u00eda del Migrante: Fuerza laboral llegada de otros pa\u00edses a EE.UU. tiene un papel vital<\/a><\/h2><\/header><div class=\"eael-entry-content\">\n                        <div class=\"eael-grid-post-excerpt\"><a href=\"https:\/\/soymigrante.com\/revista\/dia-del-migrante-fuerza-laboral-llegada-de-otros-paises-a-ee-uu-tiene-un-papel-vital\/\" class=\"eael-post-elements-readmore-btn\">CONOCE SU HISTORIA <\/a><\/div>\n                    <\/div><\/div><\/div>\n        <\/div>\n    <\/article><article class=\"eael-grid-post  eael-post-grid-column eael-pg-post-10600 category-estamos-unidos\" data-id=\"10600\">\n        <div class=\"eael-grid-post-holder\">\n            <div class=\"eael-grid-post-holder-inner\"><div class=\"eael-entry-media\"><div class=\"eael-entry-overlay fade-in\"><i class=\"far fa-hand-pointer\" aria-hidden=\"true\"><\/i><a href=\"https:\/\/soymigrante.com\/revista\/guatemaltecos-son-el-6-de-la-fuerza-laboral-migrante-hispana-en-ee-uu\/\"><\/a><\/div><div class=\"eael-entry-thumbnail \">\n                <img loading=\"lazy\" decoding=\"async\" width=\"842\" height=\"842\" src=\"https:\/\/soymigrante.com\/revista\/wp-content\/uploads\/2024\/10\/guatemaltecos-desfile-hispanidad.webp\" class=\"attachment-large size-large wp-image-10609\" alt=\"Guatemaltecos en una manifestaci\u00f3n en la ciudad de Nueva York con la bandera de Guatemala. Participaci\u00f3n en eventos culturales y sociales de la comunidad migrante en EE.UU.\" srcset=\"https:\/\/soymigrante.com\/revista\/wp-content\/uploads\/2024\/10\/guatemaltecos-desfile-hispanidad.webp 842w, https:\/\/soymigrante.com\/revista\/wp-content\/uploads\/2024\/10\/guatemaltecos-desfile-hispanidad-300x300.webp 300w, https:\/\/soymigrante.com\/revista\/wp-content\/uploads\/2024\/10\/guatemaltecos-desfile-hispanidad-150x150.webp 150w, https:\/\/soymigrante.com\/revista\/wp-content\/uploads\/2024\/10\/guatemaltecos-desfile-hispanidad-768x768.webp 768w, https:\/\/soymigrante.com\/revista\/wp-content\/uploads\/2024\/10\/guatemaltecos-desfile-hispanidad-75x75.webp 75w, https:\/\/soymigrante.com\/revista\/wp-content\/uploads\/2024\/10\/guatemaltecos-desfile-hispanidad-750x750.webp 750w\" sizes=\"(max-width: 842px) 100vw, 842px\" \/>\n            <\/div>\n        <\/div><div class=\"eael-entry-wrapper\"><header class=\"eael-entry-header\"><h2 class=\"eael-entry-title\"><a class=\"eael-grid-post-link\" href=\"https:\/\/soymigrante.com\/revista\/guatemaltecos-son-el-6-de-la-fuerza-laboral-migrante-hispana-en-ee-uu\/\" title=\"Guatemaltecos son el 6% de la fuerza laboral migrante hispana en EE.UU.\">Guatemaltecos son el 6% de la fuerza laboral migrante hispana en EE.UU.<\/a><\/h2><\/header><div class=\"eael-entry-content\">\n                        <div class=\"eael-grid-post-excerpt\"><a href=\"https:\/\/soymigrante.com\/revista\/guatemaltecos-son-el-6-de-la-fuerza-laboral-migrante-hispana-en-ee-uu\/\" class=\"eael-post-elements-readmore-btn\">CONOCE SU HISTORIA <\/a><\/div>\n                    <\/div><\/div><\/div>\n        <\/div>\n    <\/article><\/div>\n            <div class=\"clearfix\"><\/div>\n        <\/div>\t\t\t\t<\/div>\n\t\t\t\t\t<\/div>\n\t\t\t\t<\/div>\n\t\t\t\t<\/div>\n\t\t","protected":false},"excerpt":{"rendered":"<p>Daniel Habif reconoce la importancia de los migrantes y les manda un mensaje de apoyo. El escritor y conferencista mexicano Daniel Habif comparti\u00f3 recientemente un poderoso mensaje en su cuenta de Instagram, dedicado a los inmigrantes del mundo. Con palabras cargadas de empat\u00eda y gratitud, Habif rindi\u00f3 homenaje a quienes, por necesidad o por sue\u00f1os, [&hellip;]<\/p>\n","protected":false},"author":19,"featured_media":36117,"comment_status":"open","ping_status":"open","sticky":false,"template":"","format":"standard","meta":{"_acf_changed":false,"_eb_attr":"","footnotes":""},"categories":[54],"tags":[],"class_list":["post-36102","post","type-post","status-publish","format-standard","has-post-thumbnail","hentry","category-estamos-unidos"],"acf":[],"aioseo_notices":[],"aioseo_head":"\n\t\t<!-- All in One SEO Pro 4.9.6.2 - aioseo.com -->\n\t<meta name=\"description\" content=\"Entre 2012 y 2024 se ha duplicado la cifra de migrantes guatemaltecos trabajando en EE.UU. Conoce otras cifras de este informe basado en datos de US Census.\" \/>\n\t<meta name=\"robots\" content=\"max-snippet:-1, max-image-preview:large, max-video-preview:-1\" \/>\n\t<meta name=\"author\" content=\"Beatriz Tercero\"\/>\n\t<link rel=\"canonical\" href=\"https:\/\/soymigrante.com\/revista\/guatemaltecos-son-el-6-de-la-fuerza-laboral-migrante-hispana-en-ee-uu\/\" \/>\n\t<meta name=\"generator\" content=\"All in One SEO Pro (AIOSEO) 4.9.6.2\" \/>\n\n\t\t<link rel=\"preconnect\" href=\"https:\/\/fonts.googleapis.com\" crossorigin>\n<link rel=\"preconnect\" href=\"https:\/\/fonts.gstatic.com\" crossorigin>\n\t\t<meta property=\"og:locale\" content=\"es_ES\" \/>\n\t\t<meta property=\"og:site_name\" content=\"SoyMigrante.com REVISTA \u2013 Nuestra misi\u00f3n es reconocer y dignificar al migrante.\" \/>\n\t\t<meta property=\"og:type\" content=\"article\" \/>\n\t\t<meta property=\"og:title\" content=\"Guatemaltecos son 6% de fuerza laboral migrante en USA\" \/>\n\t\t<meta property=\"og:description\" content=\"Entre 2012 y 2024 se ha duplicado la cifra de migrantes guatemaltecos trabajando en EE.UU. Conoce otras cifras de este informe basado en datos de US Census.\" \/>\n\t\t<meta property=\"og:url\" content=\"https:\/\/soymigrante.com\/revista\/guatemaltecos-son-el-6-de-la-fuerza-laboral-migrante-hispana-en-ee-uu\/\" \/>\n\t\t<meta property=\"og:image\" content=\"https:\/\/soymigrante.com\/revista\/wp-content\/uploads\/2024\/10\/guatemaltecos-desfile-hispanidad.webp\" \/>\n\t\t<meta property=\"og:image:secure_url\" content=\"https:\/\/soymigrante.com\/revista\/wp-content\/uploads\/2024\/10\/guatemaltecos-desfile-hispanidad.webp\" \/>\n\t\t<meta property=\"og:image:width\" content=\"842\" \/>\n\t\t<meta property=\"og:image:height\" content=\"842\" \/>\n\t\t<meta property=\"article:published_time\" content=\"2024-10-22T19:50:10+00:00\" \/>\n\t\t<meta property=\"article:modified_time\" content=\"2024-11-26T14:18:01+00:00\" \/>\n\t\t<meta property=\"article:publisher\" content=\"https:\/\/www.facebook.com\/soymigrantecom\" \/>\n\t\t<meta name=\"twitter:card\" content=\"summary_large_image\" \/>\n\t\t<meta name=\"twitter:site\" content=\"@SoyMigrante_com\" \/>\n\t\t<meta name=\"twitter:title\" content=\"Guatemaltecos son 6% de fuerza laboral migrante en USA\" \/>\n\t\t<meta name=\"twitter:description\" content=\"Entre 2012 y 2024 se ha duplicado la cifra de migrantes guatemaltecos trabajando en EE.UU. Conoce otras cifras de este informe basado en datos de US Census.\" \/>\n\t\t<meta name=\"twitter:creator\" content=\"@SoyMigrante_com\" \/>\n\t\t<meta name=\"twitter:image\" content=\"https:\/\/soymigrante.com\/revista\/wp-content\/uploads\/2024\/10\/guatemaltecos-desfile-hispanidad.webp\" \/>\n\t\t<!-- All in One SEO Pro -->\r\n\t\t<title>Guatemaltecos son 6% de fuerza laboral migrante en USA<\/title>\n\n","aioseo_head_json":{"title":"Guatemaltecos son 6% de fuerza laboral migrante en USA","description":"Entre 2012 y 2024 se ha duplicado la cifra de migrantes guatemaltecos trabajando en EE.UU. Conoce otras cifras de este informe basado en datos de US Census.","canonical_url":"https:\/\/soymigrante.com\/revista\/guatemaltecos-son-el-6-de-la-fuerza-laboral-migrante-hispana-en-ee-uu\/","robots":"max-snippet:-1, max-image-preview:large, max-video-preview:-1","keywords":"","webmasterTools":{"miscellaneous":"&lt;link rel=\"preconnect\" href=\"https:\/\/fonts.googleapis.com\" crossorigin&gt;\n&lt;link rel=\"preconnect\" href=\"https:\/\/fonts.gstatic.com\" crossorigin&gt;"},"schema":null,"og:locale":"es_ES","og:site_name":"SoyMigrante.com REVISTA \u2013 Nuestra misi\u00f3n es reconocer y dignificar al migrante.","og:type":"article","og:title":"Guatemaltecos son 6% de fuerza laboral migrante en USA","og:description":"Entre 2012 y 2024 se ha duplicado la cifra de migrantes guatemaltecos trabajando en EE.UU. Conoce otras cifras de este informe basado en datos de US Census.","og:url":"https:\/\/soymigrante.com\/revista\/guatemaltecos-son-el-6-de-la-fuerza-laboral-migrante-hispana-en-ee-uu\/","og:image":"https:\/\/soymigrante.com\/revista\/wp-content\/uploads\/2024\/10\/guatemaltecos-desfile-hispanidad.webp","og:image:secure_url":"https:\/\/soymigrante.com\/revista\/wp-content\/uploads\/2024\/10\/guatemaltecos-desfile-hispanidad.webp","og:image:width":842,"og:image:height":842,"article:published_time":"2024-10-22T19:50:10+00:00","article:modified_time":"2024-11-26T14:18:01+00:00","article:publisher":"https:\/\/www.facebook.com\/soymigrantecom","twitter:card":"summary_large_image","twitter:site":"@SoyMigrante_com","twitter:title":"Guatemaltecos son 6% de fuerza laboral migrante en USA","twitter:description":"Entre 2012 y 2024 se ha duplicado la cifra de migrantes guatemaltecos trabajando en EE.UU. Conoce otras cifras de este informe basado en datos de US Census.","twitter:creator":"@SoyMigrante_com","twitter:image":"https:\/\/soymigrante.com\/revista\/wp-content\/uploads\/2024\/10\/guatemaltecos-desfile-hispanidad.webp"},"aioseo_meta_data":{"post_id":"36102","title":null,"description":"Daniel Habif reconoce la importancia de los migrantes y les manda un mensaje de apoyo.","keywords":null,"keyphrases":{"focus":{"keyphrase":"Daniel Habif","score":91,"analysis":{"keyphraseInTitle":{"score":9,"maxScore":9,"error":0},"keyphraseInDescription":{"score":9,"maxScore":9,"error":0},"keyphraseLength":{"score":9,"maxScore":9,"error":0,"length":2},"keyphraseInURL":{"score":5,"maxScore":5,"error":0},"keyphraseInIntroduction":{"score":9,"maxScore":9,"error":0},"keyphraseInSubHeadings":{"score":3,"maxScore":9,"error":1},"keyphraseInImageAlt":{"score":9,"maxScore":9,"error":0},"keywordDensity":{"type":"best","score":9,"maxScore":9,"error":0}}},"additional":[{"keyphrase":"Daniel Habif","score":100,"analysis":{"keyphraseInDescription":{"score":9,"maxScore":9,"error":0},"keyphraseLength":{"score":9,"maxScore":9,"error":0,"length":2},"keyphraseInIntroduction":{"score":9,"maxScore":9,"error":0},"keyphraseInImageAlt":{"score":9,"maxScore":9,"error":0},"keywordDensity":{"type":"best","score":9,"maxScore":9,"error":0}}},{"keyphrase":"Migrantes","score":87,"analysis":{"keyphraseInDescription":{"score":9,"maxScore":9,"error":0},"keyphraseLength":{"score":9,"maxScore":9,"error":0,"length":1},"keyphraseInIntroduction":{"score":3,"maxScore":9,"error":1},"keyphraseInImageAlt":{"score":9,"maxScore":9,"error":0},"keywordDensity":{"type":"best","score":9,"maxScore":9,"error":0}}}]},"primary_term":null,"canonical_url":null,"og_title":null,"og_description":null,"og_object_type":"default","og_image_type":"default","og_image_url":null,"og_image_width":null,"og_image_height":null,"og_image_custom_url":null,"og_image_custom_fields":null,"og_video":"","og_custom_url":null,"og_article_section":null,"og_article_tags":null,"twitter_use_og":false,"twitter_card":"default","twitter_image_type":"default","twitter_image_url":null,"twitter_image_custom_url":null,"twitter_image_custom_fields":null,"twitter_title":null,"twitter_description":null,"schema":{"blockGraphs":[],"customGraphs":[],"default":{"data":{"Article":[],"Course":[],"Dataset":[],"FAQPage":[],"Movie":[],"Person":[],"Product":[],"ProductReview":[],"Car":[],"Recipe":[],"Service":[],"SoftwareApplication":[],"WebPage":[]},"graphName":"none","isEnabled":true},"graphs":[]},"schema_type":"default","schema_type_options":null,"pillar_content":false,"robots_default":true,"robots_noindex":false,"robots_noarchive":false,"robots_nosnippet":false,"robots_nofollow":false,"robots_noimageindex":false,"robots_noodp":false,"robots_notranslate":false,"robots_max_snippet":"-1","robots_max_videopreview":"-1","robots_max_imagepreview":"large","priority":null,"frequency":"default","local_seo":null,"seo_analyzer_scan_date":"2025-10-09 05:50:22","breadcrumb_settings":null,"limit_modified_date":false,"reviewed_by":"0","open_ai":"{\"title\":{\"suggestions\":[],\"usage\":0},\"description\":{\"suggestions\":[],\"usage\":0}}","ai":null,"created":"2025-06-11 23:21:31","updated":"2026-02-05 00:54:13"},"aioseo_breadcrumb":"<div class=\"aioseo-breadcrumbs\"><span class=\"aioseo-breadcrumb\">\n\t<a href=\"https:\/\/soymigrante.com\/revista\" title=\"Home\">Home<\/a>\n<\/span><span class=\"aioseo-breadcrumb-separator\">\u00bb<\/span><span class=\"aioseo-breadcrumb\">\n\t<a href=\"https:\/\/soymigrante.com\/revista\/category\/estamos-unidos\/\" title=\"Estamos Unidos\">Estamos Unidos<\/a>\n<\/span><span class=\"aioseo-breadcrumb-separator\">\u00bb<\/span><span class=\"aioseo-breadcrumb\">\n\t\u201cTu lucha no es peque\u00f1a: es sagrada\u201d: poderoso mensaje del motivador Daniel Habif a los migrantes\n<\/span><\/div>","aioseo_breadcrumb_json":[{"label":"Home","link":"https:\/\/soymigrante.com\/revista"},{"label":"Estamos Unidos","link":"https:\/\/soymigrante.com\/revista\/category\/estamos-unidos\/"},{"label":"\u201cTu lucha no es peque\u00f1a: es sagrada\u201d: poderoso mensaje del motivador Daniel Habif a los migrantes","link":"https:\/\/soymigrante.com\/revista\/tu-lucha-no-es-pequena-es-sagrada-poderoso-mensaje-del-motivador-daniel-habif-a-los-migrantes\/"}],"_links":{"self":[{"href":"https:\/\/soymigrante.com\/revista\/wp-json\/wp\/v2\/posts\/36102","targetHints":{"allow":["GET"]}}],"collection":[{"href":"https:\/\/soymigrante.com\/revista\/wp-json\/wp\/v2\/posts"}],"about":[{"href":"https:\/\/soymigrante.com\/revista\/wp-json\/wp\/v2\/types\/post"}],"author":[{"embeddable":true,"href":"https:\/\/soymigrante.com\/revista\/wp-json\/wp\/v2\/users\/19"}],"replies":[{"embeddable":true,"href":"https:\/\/soymigrante.com\/revista\/wp-json\/wp\/v2\/comments?post=36102"}],"version-history":[{"count":12,"href":"https:\/\/soymigrante.com\/revista\/wp-json\/wp\/v2\/posts\/36102\/revisions"}],"predecessor-version":[{"id":36122,"href":"https:\/\/soymigrante.com\/revista\/wp-json\/wp\/v2\/posts\/36102\/revisions\/36122"}],"wp:featuredmedia":[{"embeddable":true,"href":"https:\/\/soymigrante.com\/revista\/wp-json\/wp\/v2\/media\/36117"}],"wp:attachment":[{"href":"https:\/\/soymigrante.com\/revista\/wp-json\/wp\/v2\/media?parent=36102"}],"wp:term":[{"taxonomy":"category","embeddable":true,"href":"https:\/\/soymigrante.com\/revista\/wp-json\/wp\/v2\/categories?post=36102"},{"taxonomy":"post_tag","embeddable":true,"href":"https:\/\/soymigrante.com\/revista\/wp-json\/wp\/v2\/tags?post=36102"}],"curies":[{"name":"wp","href":"https:\/\/api.w.org\/{rel}","templated":true}]}}