{"id":36076,"date":"2025-06-16T05:00:00","date_gmt":"2025-06-16T11:00:00","guid":{"rendered":"https:\/\/soymigrante.com\/revista\/?p=36076"},"modified":"2025-06-20T00:23:10","modified_gmt":"2025-06-20T06:23:10","slug":"volcan-cerro-quemado-guardian-sagrado-de-quetzaltenango","status":"publish","type":"post","link":"https:\/\/soymigrante.com\/revista\/volcan-cerro-quemado-guardian-sagrado-de-quetzaltenango\/","title":{"rendered":"Volc\u00e1n Cerro\u202fQuemado: guardi\u00e1n sagrado de Quetzaltenango"},"content":{"rendered":"\t\t<div data-elementor-type=\"wp-post\" data-elementor-id=\"36076\" class=\"elementor elementor-36076\" data-elementor-post-type=\"post\">\n\t\t\t\t<div data-particle_enable=\"false\" data-particle-mobile-disabled=\"false\" class=\"elementor-element elementor-element-f93ce48 e-flex e-con-boxed e-con e-parent\" data-id=\"f93ce48\" data-element_type=\"container\" data-e-type=\"container\">\n\t\t\t\t\t<div class=\"e-con-inner\">\n\t\t\t\t<div class=\"elementor-element elementor-element-86c1076 elementor-widget elementor-widget-heading\" data-id=\"86c1076\" data-element_type=\"widget\" data-e-type=\"widget\" data-widget_type=\"heading.default\">\n\t\t\t\t\t<h2 class=\"elementor-heading-title elementor-size-default\">El volc\u00e1n Cerro Quemado es un guardi\u00e1n de lo m\u00edstico, un destino tur\u00edstico de aventura y tiene registros hist\u00f3ricos de erupci\u00f3n. Forma parte del paisaje de Quetzaltenango, de Guatemala. <\/h2>\t\t\t\t<\/div>\n\t\t\t\t<div class=\"elementor-element elementor-element-1da166f elementor-widget elementor-widget-html\" data-id=\"1da166f\" data-element_type=\"widget\" data-e-type=\"widget\" data-widget_type=\"html.default\">\n\t\t\t\t\t<div id=\"buzzsprout-player-17367975\"><\/div><script src=\"https:\/\/www.buzzsprout.com\/2444168\/episodes\/17367975-guardian-de-quetzaltenango-el-volcan-xecac-o-cerro-quemado.js?container_id=buzzsprout-player-17367975&player=small\" type=\"text\/javascript\" charset=\"utf-8\"><\/script>\t\t\t\t<\/div>\n\t\t\t\t\t<\/div>\n\t\t\t\t<\/div>\n\t\t<div data-particle_enable=\"false\" data-particle-mobile-disabled=\"false\" class=\"elementor-element elementor-element-d2807bc e-flex e-con-boxed e-con e-parent\" data-id=\"d2807bc\" data-element_type=\"container\" data-e-type=\"container\">\n\t\t\t\t\t<div class=\"e-con-inner\">\n\t\t\t\t<div class=\"elementor-element elementor-element-06c2fde elementor-widget elementor-widget-text-editor\" data-id=\"06c2fde\" data-element_type=\"widget\" data-e-type=\"widget\" data-widget_type=\"text-editor.default\">\n\t\t\t\t\t\t\t\t\t<p><a href=\"https:\/\/soymigrante.com\/revista\/cuantos-volcanes-hay-en-guatemala\/\" target=\"_blank\" rel=\"noopener\">El volc\u00e1n conocido como Cerro\u202fQuemado, tambi\u00e9n llamado Almolonga o Xecac,<\/a> es un estratovolc\u00e1n andes\u00edtico ubicado en el cant\u00f3n Chicu\u00e1, al sur de la ciudad de Quetzaltenango, en el departamento hom\u00f3nimo, regi\u00f3n occidental de Guatemala.<\/p><p>A unos 3\u202fkm al norte de \u00e9l se encuentra el domo de lava de Cerro El\u202fBa\u00fal. Su altitud aproximada es de 3\u202f,197\u202fmetros sobre el nivel del mar. Seg\u00fan el Diccionario Geogr\u00e1fico de Guatemala, la elevaci\u00f3n por encima de la planicie de Quetzaltenango es de unos 800 metros.<\/p><p>Desde la Ciudad de Guatemala, la distancia por carretera es de unos 206\u202fkm, con un trayecto estimado en 4 horas. <a href=\"https:\/\/soymigrante.com\/revista\/cuantos-volcanes-hay-en-guatemala\/\" target=\"_blank\" rel=\"noopener\">Desde Quetzaltenango, se llega en unos 15 minutos en carro o bien mediante una caminata<\/a> de aproximadamente 4\u202fkm hasta el cant\u00f3n Chicu\u00e1 (inicio del sendero).<\/p><p>El nombre Xecac fue registrado por el cronista Francisco de Fuentes y Guzm\u00e1n, en\u00a0 su Recordaci\u00f3n Florida. Menciona al cerro como Cekxac, ubicado no muy distante del actual Santa Mar\u00eda. El nombre Cekxac resulta un arca\u00edsmo y se duda de su correcta graf\u00eda, ya que es un hecho sabido que Fuentes y Guzm\u00e1n no entend\u00eda bien el idioma quich\u00e9.\u00a0 El nombre correcto ser\u00eda Xecac, que significa Cerro Quemado, ahumado o negro.,<\/p>\t\t\t\t\t\t\t\t<\/div>\n\t\t\t\t\t<\/div>\n\t\t\t\t<\/div>\n\t\t<div data-particle_enable=\"false\" data-particle-mobile-disabled=\"false\" class=\"elementor-element elementor-element-feb4d1b e-flex e-con-boxed e-con e-parent\" data-id=\"feb4d1b\" data-element_type=\"container\" data-e-type=\"container\">\n\t\t\t\t\t<div class=\"e-con-inner\">\n\t\t\t\t<div class=\"elementor-element elementor-element-aa81c78 elementor-widget elementor-widget-google_maps\" data-id=\"aa81c78\" data-element_type=\"widget\" data-e-type=\"widget\" data-widget_type=\"google_maps.default\">\n\t\t\t\t\t\t\t<div class=\"elementor-custom-embed\">\n\t\t\t<iframe loading=\"lazy\"\n\t\t\t\t\tsrc=\"https:\/\/maps.google.com\/maps?q=Volc%C3%A1n%20Cerro%E2%80%AFQuemado%3A%20guardi%C3%A1n%20sagrado%20sobre%20Quetzaltenango&#038;t=m&#038;z=10&#038;output=embed&#038;iwloc=near\"\n\t\t\t\t\ttitle=\"Volc\u00e1n Cerro\u202fQuemado: guardi\u00e1n sagrado sobre Quetzaltenango\"\n\t\t\t\t\taria-label=\"Volc\u00e1n Cerro\u202fQuemado: guardi\u00e1n sagrado sobre Quetzaltenango\"\n\t\t\t><\/iframe>\n\t\t<\/div>\n\t\t\t\t\t\t<\/div>\n\t\t\t\t\t<\/div>\n\t\t\t\t<\/div>\n\t\t<div data-particle_enable=\"false\" data-particle-mobile-disabled=\"false\" class=\"elementor-element elementor-element-6eca70a e-flex e-con-boxed e-con e-parent\" data-id=\"6eca70a\" data-element_type=\"container\" data-e-type=\"container\">\n\t\t\t\t\t<div class=\"e-con-inner\">\n\t\t\t\t<div class=\"elementor-element elementor-element-0f84b68 elementor-widget elementor-widget-heading\" data-id=\"0f84b68\" data-element_type=\"widget\" data-e-type=\"widget\" data-widget_type=\"heading.default\">\n\t\t\t\t\t<h3 class=\"elementor-heading-title elementor-size-default\">Caracter\u00edsticas volc\u00e1nicas e historia\n<\/h3>\t\t\t\t<\/div>\n\t\t\t\t\t<\/div>\n\t\t\t\t<\/div>\n\t\t<div data-particle_enable=\"false\" data-particle-mobile-disabled=\"false\" class=\"elementor-element elementor-element-75a2773 e-flex e-con-boxed e-con e-parent\" data-id=\"75a2773\" data-element_type=\"container\" data-e-type=\"container\">\n\t\t\t\t\t<div class=\"e-con-inner\">\n\t\t\t\t<div class=\"elementor-element elementor-element-906a924 elementor-widget elementor-widget-text-editor\" data-id=\"906a924\" data-element_type=\"widget\" data-e-type=\"widget\" data-widget_type=\"text-editor.default\">\n\t\t\t\t\t\t\t\t\t<p><a href=\"https:\/\/soymigrante.com\/revista\/cuantos-volcanes-hay-en-guatemala\/\" target=\"_blank\" rel=\"noopener\">Cerro\u202fQuemado forma parte de un complejo de domos de lava en la caldera del volc\u00e1n Almolonga<\/a>, surgido por fragmentaci\u00f3n y colapso de antiguos edificaciones volc\u00e1nicas.<\/p><p>Es el domo m\u00e1s joven y el \u00fanico con actividad hist\u00f3rica, con erupciones en 1765 y 1818, incluyendo flujos de lava de hasta 2.5\u202fkm y presencia de fumarolas. A\u00fan hoy conserva actividades fumar\u00f3licas en su cima y laderas, que alimentan las tradicionales \u201cVahos\u201d y aguas termales cerca de Almolonga.<\/p>\t\t\t\t\t\t\t\t<\/div>\n\t\t\t\t\t<\/div>\n\t\t\t\t<\/div>\n\t\t<div data-particle_enable=\"false\" data-particle-mobile-disabled=\"false\" class=\"elementor-element elementor-element-191e152 e-flex e-con-boxed e-con e-parent\" data-id=\"191e152\" data-element_type=\"container\" data-e-type=\"container\">\n\t\t\t\t\t<div class=\"e-con-inner\">\n\t\t\t\t<div class=\"elementor-element elementor-element-38d5573 elementor-widget elementor-widget-image\" data-id=\"38d5573\" data-element_type=\"widget\" data-e-type=\"widget\" data-widget_type=\"image.default\">\n\t\t\t\t\t\t\t\t\t\t\t\t<figure class=\"wp-caption\">\n\t\t\t\t\t\t\t\t\t\t<img fetchpriority=\"high\" decoding=\"async\" width=\"474\" height=\"267\" src=\"https:\/\/soymigrante.com\/revista\/wp-content\/uploads\/2025\/06\/volcan-cerro-quemado-3.webp\" class=\"attachment-large size-large wp-image-36092\" alt=\"Paisaje monta\u00f1oso con vegetaci\u00f3n densa y rocas, emblem\u00e1tico de la regi\u00f3n, ilustrando la belleza natural y la importancia del medio ambiente en la cultura migrante y las comunidades rurales.\" srcset=\"https:\/\/soymigrante.com\/revista\/wp-content\/uploads\/2025\/06\/volcan-cerro-quemado-3.webp 474w, https:\/\/soymigrante.com\/revista\/wp-content\/uploads\/2025\/06\/volcan-cerro-quemado-3-300x169.jpg 300w\" sizes=\"(max-width: 474px) 100vw, 474px\" title=\"El volc\u00e1n es conocido por su aspecto rocoso. (Foto: INGUAT) \u2013 SoyMigrante.com REVISTA\" \/>\t\t\t\t\t\t\t\t\t\t\t<figcaption class=\"widget-image-caption wp-caption-text\">Paisaje de monta\u00f1as con vegetaci\u00f3n densa en M\u00e9xico, ideal para explorar recursos naturales y turismo ecol\u00f3gico.<\/figcaption>\n\t\t\t\t\t\t\t\t\t\t<\/figure>\n\t\t\t\t\t\t\t\t\t<\/div>\n\t\t\t\t\t<\/div>\n\t\t\t\t<\/div>\n\t\t<div data-particle_enable=\"false\" data-particle-mobile-disabled=\"false\" class=\"elementor-element elementor-element-6dfbdcf e-flex e-con-boxed e-con e-parent\" data-id=\"6dfbdcf\" data-element_type=\"container\" data-e-type=\"container\">\n\t\t\t\t\t<div class=\"e-con-inner\">\n\t\t\t\t<div class=\"elementor-element elementor-element-a772a85 elementor-widget elementor-widget-heading\" data-id=\"a772a85\" data-element_type=\"widget\" data-e-type=\"widget\" data-widget_type=\"heading.default\">\n\t\t\t\t\t<h3 class=\"elementor-heading-title elementor-size-default\">Un destino recreativo y tambi\u00e9n espiritual<\/h3>\t\t\t\t<\/div>\n\t\t\t\t\t<\/div>\n\t\t\t\t<\/div>\n\t\t<div data-particle_enable=\"false\" data-particle-mobile-disabled=\"false\" class=\"elementor-element elementor-element-d1f50d9 e-flex e-con-boxed e-con e-parent\" data-id=\"d1f50d9\" data-element_type=\"container\" data-e-type=\"container\">\n\t\t\t\t\t<div class=\"e-con-inner\">\n\t\t\t\t<div class=\"elementor-element elementor-element-963efcc elementor-widget elementor-widget-text-editor\" data-id=\"963efcc\" data-element_type=\"widget\" data-e-type=\"widget\" data-widget_type=\"text-editor.default\">\n\t\t\t\t\t\t\t\t\t<div><strong>El volc\u00e1n es muy apreciado por:<\/strong><\/div><div><strong>\u2022Senderismo:<\/strong> con rutas de unos 6\u20137\u202fkm de ida, con desniveles entre 420 y 560\u202fm, cuya duraci\u00f3n puede ser de 2 a 6\u202fhoras seg\u00fan el ritmo y condici\u00f3n f\u00edsica. Desde la cima se aprecian vistas del valle de Quetzaltenango, Santa Mar\u00eda y Siete\u202fOrejas.<\/div><div><strong>\u2022Escalada en roca:<\/strong> su estructura de rocas volc\u00e1nicas endurecidas ofrece rutas equipadas (\u201cescalada en muro\u201d) muy apreciadas por monta\u00f1istas.<\/div><div><strong>\u2022Turismo espiritual<\/strong>: <a href=\"https:\/\/soymigrante.com\/revista\/cuantos-volcanes-hay-en-guatemala\/\" target=\"_blank\" rel=\"noopener\">es considerado un espacio sagrado.<\/a> Comunidades locales realizan rituales mayas, tal cual se hac\u00eda en tiempos prehisp\u00e1nicos.<\/div>\t\t\t\t\t\t\t\t<\/div>\n\t\t\t\t\t<\/div>\n\t\t\t\t<\/div>\n\t\t<div data-particle_enable=\"false\" data-particle-mobile-disabled=\"false\" class=\"elementor-element elementor-element-43d8470 e-flex e-con-boxed e-con e-parent\" data-id=\"43d8470\" data-element_type=\"container\" data-e-type=\"container\">\n\t\t\t\t\t<div class=\"e-con-inner\">\n\t\t\t\t<div class=\"elementor-element elementor-element-094f973 elementor-widget elementor-widget-heading\" data-id=\"094f973\" data-element_type=\"widget\" data-e-type=\"widget\" data-widget_type=\"heading.default\">\n\t\t\t\t\t<h3 class=\"elementor-heading-title elementor-size-default\">Recomendaciones para visitantes<\/h3>\t\t\t\t<\/div>\n\t\t\t\t\t<\/div>\n\t\t\t\t<\/div>\n\t\t<div data-particle_enable=\"false\" data-particle-mobile-disabled=\"false\" class=\"elementor-element elementor-element-83cca89 e-flex e-con-boxed e-con e-parent\" data-id=\"83cca89\" data-element_type=\"container\" data-e-type=\"container\">\n\t\t\t\t\t<div class=\"e-con-inner\">\n\t\t\t\t<div class=\"elementor-element elementor-element-5461c66 elementor-widget elementor-widget-text-editor\" data-id=\"5461c66\" data-element_type=\"widget\" data-e-type=\"widget\" data-widget_type=\"text-editor.default\">\n\t\t\t\t\t\t\t\t\t<div><strong>1.Contratar gu\u00edas locales,<\/strong> idealmente del cant\u00f3n Chicu\u00e1.<\/div><div><strong>2.Llevar calzado de monta\u00f1a<\/strong>, agua, comida ligera, protector solar y ropa adecuada para cambios t\u00e9rmicos.<\/div><div><strong>3.Prepararse para un ascenso<\/strong> <a href=\"https:\/\/soymigrante.com\/revista\/cuantos-volcanes-hay-en-guatemala\/\" target=\"_blank\" rel=\"noopener\">de nivel t\u00e9cnico inclinado a moderado\/dif\u00edcil,<\/a> con terreno irregular de lava petrificada y posibles tramos con cuerdas.<\/div><div><strong>4.Respetar el entorno<\/strong>: llevarse la basura, no salirse del sendero, y respetar los espacios ceremoniales por su car\u00e1cter sagrado.<\/div><div><strong>5.Precauci\u00f3n con menores,<\/strong> ancianos o personas con movilidad reducida, por la exposici\u00f3n y terreno resbaladizo.<\/div>\t\t\t\t\t\t\t\t<\/div>\n\t\t\t\t\t<\/div>\n\t\t\t\t<\/div>\n\t\t<div data-particle_enable=\"false\" data-particle-mobile-disabled=\"false\" class=\"elementor-element elementor-element-dd01994 e-flex e-con-boxed e-con e-parent\" data-id=\"dd01994\" data-element_type=\"container\" data-e-type=\"container\">\n\t\t\t\t\t<div class=\"e-con-inner\">\n\t\t\t\t<div class=\"elementor-element elementor-element-7679c80 elementor-widget elementor-widget-video\" data-id=\"7679c80\" data-element_type=\"widget\" data-e-type=\"widget\" data-settings=\"{&quot;youtube_url&quot;:&quot;https:\\\/\\\/www.youtube.com\\\/watch?v=A5bhMnPFAko&quot;,&quot;video_type&quot;:&quot;youtube&quot;,&quot;controls&quot;:&quot;yes&quot;}\" data-widget_type=\"video.default\">\n\t\t\t\t\t\t\t<div class=\"elementor-wrapper elementor-open-inline\">\n\t\t\t<div class=\"elementor-video\"><\/div>\t\t<\/div>\n\t\t\t\t\t\t<\/div>\n\t\t\t\t\t<\/div>\n\t\t\t\t<\/div>\n\t\t<div data-particle_enable=\"false\" data-particle-mobile-disabled=\"false\" class=\"elementor-element elementor-element-bb8bdac e-flex e-con-boxed e-con e-parent\" data-id=\"bb8bdac\" data-element_type=\"container\" data-e-type=\"container\">\n\t\t\t\t\t<div class=\"e-con-inner\">\n\t\t\t\t<div class=\"elementor-element elementor-element-1106c24 elementor-widget elementor-widget-heading\" data-id=\"1106c24\" data-element_type=\"widget\" data-e-type=\"widget\" data-widget_type=\"heading.default\">\n\t\t\t\t\t<h3 class=\"elementor-heading-title elementor-size-default\">Algunos datos hist\u00f3ricos de inter\u00e9s<\/h3>\t\t\t\t<\/div>\n\t\t\t\t\t<\/div>\n\t\t\t\t<\/div>\n\t\t<div data-particle_enable=\"false\" data-particle-mobile-disabled=\"false\" class=\"elementor-element elementor-element-8253d43 e-flex e-con-boxed e-con e-parent\" data-id=\"8253d43\" data-element_type=\"container\" data-e-type=\"container\">\n\t\t\t\t\t<div class=\"e-con-inner\">\n\t\t\t\t<div class=\"elementor-element elementor-element-6bf5ff3 elementor-widget elementor-widget-text-editor\" data-id=\"6bf5ff3\" data-element_type=\"widget\" data-e-type=\"widget\" data-widget_type=\"text-editor.default\">\n\t\t\t\t\t\t\t\t\t<p>El Diccionario Geogr\u00e1fico de Guatemala anota sobre el Cerro Quemado, que los ba\u00f1os termales ubicados en sus faldas son evidencia de la latencia de su actividad. Est\u00e1n Los Vahos, tambi\u00e9n los Ba\u00f1os del Rosario, los Ba\u00f1os de Almolonga y los Ba\u00f1os Azufrados.<\/p>\n<p>&#8220;En el \u00e1rea entre Quezaltenango, Almolonga y Cantel se encuentran seis c\u00fapulas de lava y una s\u00e9ptima al sureste de la lava de una erupci\u00f3nde 1818, en el borde norte del barranco por donde corre el r\u00edo Samal\u00e1&#8221;.&nbsp;<\/p>\n<p>Dicha erupci\u00f3n de 1818 &#8220;amenaz\u00f3 tanto a Almolonga, Zunil como al propio Quezaltenango, que debido a ello se hizo una rogativa a la Virgen del Rosario&#8221;. Hay un acta del 23 de enero de 1818 seg\u00fan la cual los vecinos &#8220;pidieron al Todopoderoso que aplaque su justicia que amenaza con las erupciones que ha despedido el Cerro que ha reventado, y por los continuos temblores que se experimentan, se ponga por intercesora a Nuestra Se\u00f1ora del Rosario y, para ello, que se le haga un novenario que comience el domingo inmediato y concluido, que salga la Sant\u00edsima Virgen en procesi\u00f3n p\u00fablica de penitencia&#8221;.&nbsp;<\/p>\n<p>Esa erupci\u00f3n fue reportada por el ayuntamiento el 27 de enero de 1818: &#8220;En atenci\u00f3n a que la erupci\u00f3n del Cerro ha llenado los campos de ceniza, que no hay pastos&#8221;.&nbsp;&nbsp;<\/p>\t\t\t\t\t\t\t\t<\/div>\n\t\t\t\t\t<\/div>\n\t\t\t\t<\/div>\n\t\t<div data-particle_enable=\"false\" data-particle-mobile-disabled=\"false\" class=\"elementor-element elementor-element-2a86d00 e-flex e-con-boxed e-con e-parent\" data-id=\"2a86d00\" data-element_type=\"container\" data-e-type=\"container\">\n\t\t\t\t\t<div class=\"e-con-inner\">\n\t\t\t\t<div class=\"elementor-element elementor-element-20cddc7 elementor-widget elementor-widget-heading\" data-id=\"20cddc7\" data-element_type=\"widget\" data-e-type=\"widget\" data-widget_type=\"heading.default\">\n\t\t\t\t\t<h2 class=\"elementor-heading-title elementor-size-default\">Conoce m\u00e1s de Guatemala, ac\u00e1...<\/h2>\t\t\t\t<\/div>\n\t\t\t\t\t<\/div>\n\t\t\t\t<\/div>\n\t\t<div data-particle_enable=\"false\" data-particle-mobile-disabled=\"false\" class=\"elementor-element elementor-element-13269e3 e-flex e-con-boxed e-con e-parent\" data-id=\"13269e3\" data-element_type=\"container\" data-e-type=\"container\">\n\t\t\t\t\t<div class=\"e-con-inner\">\n\t\t\t\t<div class=\"elementor-element elementor-element-7684f19 elementor-grid-eael-col-3 elementor-grid-tablet-eael-col-2 elementor-grid-mobile-eael-col-1 elementor-widget elementor-widget-eael-post-grid\" data-id=\"7684f19\" data-element_type=\"widget\" data-e-type=\"widget\" data-settings=\"{&quot;eael_post_grid_columns&quot;:&quot;eael-col-3&quot;,&quot;eael_post_grid_columns_tablet&quot;:&quot;eael-col-2&quot;,&quot;eael_post_grid_columns_mobile&quot;:&quot;eael-col-1&quot;}\" data-widget_type=\"eael-post-grid.default\">\n\t\t\t\t\t<div id=\"eael-post-grid-7684f19\" class=\"eael-post-grid-container\">\n            <div class=\"eael-post-grid eael-post-appender eael-post-appender-7684f19 eael-post-grid-style-one\" data-layout-mode=\"masonry\"><article class=\"eael-grid-post  eael-post-grid-column eael-pg-post-17897 category-guate-nuestra tags-volcanes-de-guatemala\" data-id=\"17897\">\n        <div class=\"eael-grid-post-holder\">\n            <div class=\"eael-grid-post-holder-inner\"><div class=\"eael-entry-media\"><div class=\"eael-entry-overlay fade-in\"><i class=\"far fa-hand-pointer\" aria-hidden=\"true\"><\/i><a href=\"https:\/\/soymigrante.com\/revista\/cronica-de-un-ascenso-al-volcan-tajumulco-el-mas-alto-de-guatemala-y-centro-america\/\"><\/a><\/div><div class=\"eael-entry-thumbnail \">\n                <img decoding=\"async\" width=\"1024\" height=\"1024\" src=\"https:\/\/soymigrante.com\/revista\/wp-content\/uploads\/2024\/12\/Ana-Karina-Lopez-Hun-soy-migrante-3-1024x1024.jpeg\" class=\"attachment-large size-large wp-image-17966\" alt=\"Joven excursionista en la monta\u00f1a con mochila y bast\u00f3n en un paisaje volc\u00e1nico.\" srcset=\"https:\/\/soymigrante.com\/revista\/wp-content\/uploads\/2024\/12\/Ana-Karina-Lopez-Hun-soy-migrante-3-1024x1024.jpeg 1024w, https:\/\/soymigrante.com\/revista\/wp-content\/uploads\/2024\/12\/Ana-Karina-Lopez-Hun-soy-migrante-3-300x300.jpeg 300w, https:\/\/soymigrante.com\/revista\/wp-content\/uploads\/2024\/12\/Ana-Karina-Lopez-Hun-soy-migrante-3-150x150.jpeg 150w, https:\/\/soymigrante.com\/revista\/wp-content\/uploads\/2024\/12\/Ana-Karina-Lopez-Hun-soy-migrante-3-768x768.jpeg 768w, https:\/\/soymigrante.com\/revista\/wp-content\/uploads\/2024\/12\/Ana-Karina-Lopez-Hun-soy-migrante-3-75x75.webp 75w, https:\/\/soymigrante.com\/revista\/wp-content\/uploads\/2024\/12\/Ana-Karina-Lopez-Hun-soy-migrante-3-750x750.webp 750w, https:\/\/soymigrante.com\/revista\/wp-content\/uploads\/2024\/12\/Ana-Karina-Lopez-Hun-soy-migrante-3.webp 1080w\" sizes=\"(max-width: 1024px) 100vw, 1024px\" \/>\n            <\/div>\n        <\/div><div class=\"eael-entry-wrapper\"><header class=\"eael-entry-header\"><h2 class=\"eael-entry-title\"><a class=\"eael-grid-post-link\" href=\"https:\/\/soymigrante.com\/revista\/cronica-de-un-ascenso-al-volcan-tajumulco-el-mas-alto-de-guatemala-y-centro-america\/\" title=\"Cr\u00f3nica de un ascenso al volc\u00e1n Tajumulco, el m\u00e1s alto de Guatemala y Centro Am\u00e9rica\">Cr\u00f3nica de un ascenso al volc\u00e1n Tajumulco, el m\u00e1s alto de Guatemala y Centro Am\u00e9rica<\/a><\/h2><\/header><div class=\"eael-entry-content\">\n                        <div class=\"eael-grid-post-excerpt\"><a href=\"https:\/\/soymigrante.com\/revista\/cronica-de-un-ascenso-al-volcan-tajumulco-el-mas-alto-de-guatemala-y-centro-america\/\" class=\"eael-post-elements-readmore-btn\">CONOCE SU HISTORIA <\/a><\/div>\n                    <\/div><\/div><\/div>\n        <\/div>\n    <\/article><article class=\"eael-grid-post  eael-post-grid-column eael-pg-post-7501 category-guate-nuestra tags-volcanes-de-guatemala\" data-id=\"7501\">\n        <div class=\"eael-grid-post-holder\">\n            <div class=\"eael-grid-post-holder-inner\"><div class=\"eael-entry-media\"><div class=\"eael-entry-overlay fade-in\"><i class=\"far fa-hand-pointer\" aria-hidden=\"true\"><\/i><a href=\"https:\/\/soymigrante.com\/revista\/7-volcanes-de-guatemala-datos-y-leyenda-que-quiza-ya-sabias-o-tal-vez-no\/\"><\/a><\/div><div class=\"eael-entry-thumbnail \">\n                <img decoding=\"async\" width=\"638\" height=\"642\" src=\"https:\/\/soymigrante.com\/revista\/wp-content\/uploads\/2024\/07\/volcanes-de-guatemala-2.webp\" class=\"attachment-large size-large wp-image-7502\" alt=\"Volc\u00e1n de Fuego, volcanes de Guatemala, fotograf\u00edas de Abel Juarez\" srcset=\"https:\/\/soymigrante.com\/revista\/wp-content\/uploads\/2024\/07\/volcanes-de-guatemala-2.webp 638w, https:\/\/soymigrante.com\/revista\/wp-content\/uploads\/2024\/07\/volcanes-de-guatemala-2-298x300.webp 298w, https:\/\/soymigrante.com\/revista\/wp-content\/uploads\/2024\/07\/volcanes-de-guatemala-2-150x150.webp 150w, https:\/\/soymigrante.com\/revista\/wp-content\/uploads\/2024\/07\/volcanes-de-guatemala-2-75x75.webp 75w\" sizes=\"(max-width: 638px) 100vw, 638px\" \/>\n            <\/div>\n        <\/div><div class=\"eael-entry-wrapper\"><header class=\"eael-entry-header\"><h2 class=\"eael-entry-title\"><a class=\"eael-grid-post-link\" href=\"https:\/\/soymigrante.com\/revista\/7-volcanes-de-guatemala-datos-y-leyenda-que-quiza-ya-sabias-o-tal-vez-no\/\" title=\"7 volcanes de Guatemala: datos y leyenda que quiz\u00e1 ya sab\u00edas&#8230; o tal vez no\">7 volcanes de Guatemala: datos y leyenda que quiz\u00e1 ya sab\u00edas&#8230; o tal vez no<\/a><\/h2><\/header><div class=\"eael-entry-content\">\n                        <div class=\"eael-grid-post-excerpt\"><a href=\"https:\/\/soymigrante.com\/revista\/7-volcanes-de-guatemala-datos-y-leyenda-que-quiza-ya-sabias-o-tal-vez-no\/\" class=\"eael-post-elements-readmore-btn\">CONOCE SU HISTORIA <\/a><\/div>\n                    <\/div><\/div><\/div>\n        <\/div>\n    <\/article><article class=\"eael-grid-post  eael-post-grid-column eael-pg-post-383 category-guate-nuestra\" data-id=\"383\">\n        <div class=\"eael-grid-post-holder\">\n            <div class=\"eael-grid-post-holder-inner\"><div class=\"eael-entry-media\"><div class=\"eael-entry-overlay fade-in\"><i class=\"far fa-hand-pointer\" aria-hidden=\"true\"><\/i><a href=\"https:\/\/soymigrante.com\/revista\/los-mas-famosos-anfitriones-de-antigua-guatemala-uno-tranquilo-y-el-otro-impredecible\/\"><\/a><\/div><div class=\"eael-entry-thumbnail \">\n                <img loading=\"lazy\" decoding=\"async\" width=\"1024\" height=\"629\" src=\"https:\/\/soymigrante.com\/revista\/wp-content\/uploads\/2024\/02\/Captura-de-pantalla-2024-02-24-231728-1024x629.webp\" class=\"attachment-large size-large wp-image-5040\" alt=\"Vplc\u00e1n de Agua en primer plano y a la derecha, el volc\u00e1n de Fuego, desde Antigua Guatemala.\" srcset=\"https:\/\/soymigrante.com\/revista\/wp-content\/uploads\/2024\/02\/Captura-de-pantalla-2024-02-24-231728-1024x629.webp 1024w, https:\/\/soymigrante.com\/revista\/wp-content\/uploads\/2024\/02\/Captura-de-pantalla-2024-02-24-231728-300x184.webp 300w, https:\/\/soymigrante.com\/revista\/wp-content\/uploads\/2024\/02\/Captura-de-pantalla-2024-02-24-231728-768x472.webp 768w, https:\/\/soymigrante.com\/revista\/wp-content\/uploads\/2024\/02\/Captura-de-pantalla-2024-02-24-231728-750x461.webp 750w, https:\/\/soymigrante.com\/revista\/wp-content\/uploads\/2024\/02\/Captura-de-pantalla-2024-02-24-231728-1140x700.webp 1140w, https:\/\/soymigrante.com\/revista\/wp-content\/uploads\/2024\/02\/Captura-de-pantalla-2024-02-24-231728.webp 1216w\" sizes=\"(max-width: 1024px) 100vw, 1024px\" \/>\n            <\/div>\n        <\/div><div class=\"eael-entry-wrapper\"><header class=\"eael-entry-header\"><h2 class=\"eael-entry-title\"><a class=\"eael-grid-post-link\" href=\"https:\/\/soymigrante.com\/revista\/los-mas-famosos-anfitriones-de-antigua-guatemala-uno-tranquilo-y-el-otro-impredecible\/\" title=\"Los m\u00e1s famosos anfitriones de Antigua Guatemala: volc\u00e1n de Agua y volc\u00e1n de Fuego\">Los m\u00e1s famosos anfitriones de Antigua Guatemala: volc\u00e1n de Agua y volc\u00e1n de Fuego<\/a><\/h2><\/header><div class=\"eael-entry-content\">\n                        <div class=\"eael-grid-post-excerpt\"><a href=\"https:\/\/soymigrante.com\/revista\/los-mas-famosos-anfitriones-de-antigua-guatemala-uno-tranquilo-y-el-otro-impredecible\/\" class=\"eael-post-elements-readmore-btn\">CONOCE SU HISTORIA <\/a><\/div>\n                    <\/div><\/div><\/div>\n        <\/div>\n    <\/article><\/div>\n            <div class=\"clearfix\"><\/div>\n        <\/div>\t\t\t\t<\/div>\n\t\t\t\t\t<\/div>\n\t\t\t\t<\/div>\n\t\t\t\t<\/div>\n\t\t","protected":false},"excerpt":{"rendered":"<p>El volc\u00e1n Cerro Quemado es un guardi\u00e1n de lo m\u00edstico, un destino tur\u00edstico de aventura y tiene registros hist\u00f3ricos de erupci\u00f3n. Forma parte del paisaje de Quetzaltenango, de Guatemala. El volc\u00e1n conocido como Cerro\u202fQuemado, tambi\u00e9n llamado Almolonga o Xecac, es un estratovolc\u00e1n andes\u00edtico ubicado en el cant\u00f3n Chicu\u00e1, al sur de la ciudad de Quetzaltenango, [&hellip;]<\/p>\n","protected":false},"author":19,"featured_media":36077,"comment_status":"open","ping_status":"open","sticky":false,"template":"","format":"standard","meta":{"_acf_changed":false,"_eb_attr":"","footnotes":""},"categories":[58],"tags":[245],"class_list":["post-36076","post","type-post","status-publish","format-standard","has-post-thumbnail","hentry","category-guate-nuestra","tag-volcanes-de-guatemala"],"acf":[],"aioseo_notices":[],"aioseo_head":"\n\t\t<!-- All in One SEO Pro 4.9.6.2 - aioseo.com -->\n\t<meta name=\"description\" content=\"La presencia de los volcanes de Agua y Fuego marca el paisaje guatemalteco de manera \u00fanica e impresionante. Los nombres de dos elementos opuestos lo dice todo y el reciente incendio contrapuso significados. Volc\u00e1n de Agua Desde las referencias prehisp\u00e1nicas ten\u00edan hombres opuestos en antiguo mayak kaqchikel: Hun Ajp\u00fa, el de \u201cAgua\u201d y Chi Kaak,\" \/>\n\t<meta name=\"robots\" content=\"max-snippet:-1, max-image-preview:large, max-video-preview:-1\" \/>\n\t<meta name=\"author\" content=\"Gustavo Montenegro\"\/>\n\t<link rel=\"canonical\" href=\"https:\/\/soymigrante.com\/revista\/los-mas-famosos-anfitriones-de-antigua-guatemala-uno-tranquilo-y-el-otro-impredecible\/\" \/>\n\t<meta name=\"generator\" content=\"All in One SEO Pro (AIOSEO) 4.9.6.2\" \/>\n\n\t\t<link rel=\"preconnect\" href=\"https:\/\/fonts.googleapis.com\" crossorigin>\n<link rel=\"preconnect\" href=\"https:\/\/fonts.gstatic.com\" crossorigin>\n\t\t<meta property=\"og:locale\" content=\"es_ES\" \/>\n\t\t<meta property=\"og:site_name\" content=\"SoyMigrante.com REVISTA \u2013 Nuestra misi\u00f3n es reconocer y dignificar al migrante.\" \/>\n\t\t<meta property=\"og:type\" content=\"article\" \/>\n\t\t<meta property=\"og:title\" content=\"Los m\u00e1s famosos anfitriones de Antigua Guatemala: volc\u00e1n de Agua y volc\u00e1n de Fuego\" \/>\n\t\t<meta property=\"og:description\" content=\"La presencia de los volcanes de Agua y Fuego marca el paisaje guatemalteco de manera \u00fanica e impresionante. Los nombres de dos elementos opuestos lo dice todo y el reciente incendio contrapuso significados. Volc\u00e1n de Agua Desde las referencias prehisp\u00e1nicas ten\u00edan hombres opuestos en antiguo mayak kaqchikel: Hun Ajp\u00fa, el de \u201cAgua\u201d y Chi Kaak,\" \/>\n\t\t<meta property=\"og:url\" content=\"https:\/\/soymigrante.com\/revista\/los-mas-famosos-anfitriones-de-antigua-guatemala-uno-tranquilo-y-el-otro-impredecible\/\" \/>\n\t\t<meta property=\"og:image\" content=\"https:\/\/soymigrante.com\/revista\/wp-content\/uploads\/2024\/02\/Captura-de-pantalla-2024-02-24-231728.webp\" \/>\n\t\t<meta property=\"og:image:secure_url\" content=\"https:\/\/soymigrante.com\/revista\/wp-content\/uploads\/2024\/02\/Captura-de-pantalla-2024-02-24-231728.webp\" \/>\n\t\t<meta property=\"og:image:width\" content=\"1216\" \/>\n\t\t<meta property=\"og:image:height\" content=\"747\" \/>\n\t\t<meta property=\"article:published_time\" content=\"2024-02-25T05:37:00+00:00\" \/>\n\t\t<meta property=\"article:modified_time\" content=\"2024-02-25T05:50:50+00:00\" \/>\n\t\t<meta property=\"article:publisher\" content=\"https:\/\/www.facebook.com\/soymigrantecom\" \/>\n\t\t<meta name=\"twitter:card\" content=\"summary_large_image\" \/>\n\t\t<meta name=\"twitter:site\" content=\"@SoyMigrante_com\" \/>\n\t\t<meta name=\"twitter:title\" content=\"Los m\u00e1s famosos anfitriones de Antigua Guatemala: volc\u00e1n de Agua y volc\u00e1n de Fuego\" \/>\n\t\t<meta name=\"twitter:description\" content=\"La presencia de los volcanes de Agua y Fuego marca el paisaje guatemalteco de manera \u00fanica e impresionante. Los nombres de dos elementos opuestos lo dice todo y el reciente incendio contrapuso significados. Volc\u00e1n de Agua Desde las referencias prehisp\u00e1nicas ten\u00edan hombres opuestos en antiguo mayak kaqchikel: Hun Ajp\u00fa, el de \u201cAgua\u201d y Chi Kaak,\" \/>\n\t\t<meta name=\"twitter:creator\" content=\"@SoyMigrante_com\" \/>\n\t\t<meta name=\"twitter:image\" content=\"https:\/\/soymigrante.com\/revista\/wp-content\/uploads\/2024\/02\/Captura-de-pantalla-2024-02-24-231728.webp\" \/>\n\t\t<!-- All in One SEO Pro -->\r\n\t\t<title>Los m\u00e1s famosos anfitriones de Antigua Guatemala: volc\u00e1n de Agua y volc\u00e1n de Fuego<\/title>\n\n","aioseo_head_json":{"title":"Los m\u00e1s famosos anfitriones de Antigua Guatemala: volc\u00e1n de Agua y volc\u00e1n de Fuego","description":"La presencia de los volcanes de Agua y Fuego marca el paisaje guatemalteco de manera \u00fanica e impresionante. Los nombres de dos elementos opuestos lo dice todo y el reciente incendio contrapuso significados. Volc\u00e1n de Agua Desde las referencias prehisp\u00e1nicas ten\u00edan hombres opuestos en antiguo mayak kaqchikel: Hun Ajp\u00fa, el de \u201cAgua\u201d y Chi Kaak,","canonical_url":"https:\/\/soymigrante.com\/revista\/los-mas-famosos-anfitriones-de-antigua-guatemala-uno-tranquilo-y-el-otro-impredecible\/","robots":"max-snippet:-1, max-image-preview:large, max-video-preview:-1","keywords":"","webmasterTools":{"miscellaneous":"&lt;link rel=\"preconnect\" href=\"https:\/\/fonts.googleapis.com\" crossorigin&gt;\n&lt;link rel=\"preconnect\" href=\"https:\/\/fonts.gstatic.com\" crossorigin&gt;"},"schema":null,"og:locale":"es_ES","og:site_name":"SoyMigrante.com REVISTA \u2013 Nuestra misi\u00f3n es reconocer y dignificar al migrante.","og:type":"article","og:title":"Los m\u00e1s famosos anfitriones de Antigua Guatemala: volc\u00e1n de Agua y volc\u00e1n de Fuego","og:description":"La presencia de los volcanes de Agua y Fuego marca el paisaje guatemalteco de manera \u00fanica e impresionante. Los nombres de dos elementos opuestos lo dice todo y el reciente incendio contrapuso significados. Volc\u00e1n de Agua Desde las referencias prehisp\u00e1nicas ten\u00edan hombres opuestos en antiguo mayak kaqchikel: Hun Ajp\u00fa, el de \u201cAgua\u201d y Chi Kaak,","og:url":"https:\/\/soymigrante.com\/revista\/los-mas-famosos-anfitriones-de-antigua-guatemala-uno-tranquilo-y-el-otro-impredecible\/","og:image":"https:\/\/soymigrante.com\/revista\/wp-content\/uploads\/2024\/02\/Captura-de-pantalla-2024-02-24-231728.webp","og:image:secure_url":"https:\/\/soymigrante.com\/revista\/wp-content\/uploads\/2024\/02\/Captura-de-pantalla-2024-02-24-231728.webp","og:image:width":1216,"og:image:height":747,"article:published_time":"2024-02-25T05:37:00+00:00","article:modified_time":"2024-02-25T05:50:50+00:00","article:publisher":"https:\/\/www.facebook.com\/soymigrantecom","twitter:card":"summary_large_image","twitter:site":"@SoyMigrante_com","twitter:title":"Los m\u00e1s famosos anfitriones de Antigua Guatemala: volc\u00e1n de Agua y volc\u00e1n de Fuego","twitter:description":"La presencia de los volcanes de Agua y Fuego marca el paisaje guatemalteco de manera \u00fanica e impresionante. Los nombres de dos elementos opuestos lo dice todo y el reciente incendio contrapuso significados. Volc\u00e1n de Agua Desde las referencias prehisp\u00e1nicas ten\u00edan hombres opuestos en antiguo mayak kaqchikel: Hun Ajp\u00fa, el de \u201cAgua\u201d y Chi Kaak,","twitter:creator":"@SoyMigrante_com","twitter:image":"https:\/\/soymigrante.com\/revista\/wp-content\/uploads\/2024\/02\/Captura-de-pantalla-2024-02-24-231728.webp"},"aioseo_meta_data":{"post_id":"36076","title":null,"description":"El volc\u00e1n Cerro Quemado en Quetzaltenango tiene su leyenda, surgida a partir de una antigua erupci\u00f3n. Es un centro ceremonial y una escalada de dificultad media.","keywords":null,"keyphrases":{"focus":{"keyphrase":"Volc\u00e1n cerro quemado","score":69,"analysis":{"keyphraseInTitle":{"score":9,"maxScore":9,"error":0},"keyphraseInDescription":{"score":9,"maxScore":9,"error":0},"keyphraseLength":{"score":9,"maxScore":9,"error":0,"length":4},"keyphraseInURL":{"score":5,"maxScore":5,"error":0},"keyphraseInIntroduction":{"score":3,"maxScore":9,"error":1},"keyphraseInSubHeadings":{"score":3,"maxScore":9,"error":1},"keyphraseInImageAlt":{"score":9,"maxScore":9,"error":0},"keywordDensity":{"score":0,"type":"low","maxScore":9,"error":1}}},"additional":[{"keyphrase":"Volc\u00e1n cerro quemado","score":67,"analysis":{"keyphraseInDescription":{"score":9,"maxScore":9,"error":0},"keyphraseLength":{"score":9,"maxScore":9,"error":0,"length":4},"keyphraseInIntroduction":{"score":3,"maxScore":9,"error":1},"keyphraseInImageAlt":{"score":9,"maxScore":9,"error":0},"keywordDensity":{"score":0,"type":"low","maxScore":9,"error":1}}}]},"primary_term":null,"canonical_url":null,"og_title":null,"og_description":null,"og_object_type":"default","og_image_type":"default","og_image_url":null,"og_image_width":null,"og_image_height":null,"og_image_custom_url":null,"og_image_custom_fields":null,"og_video":"","og_custom_url":null,"og_article_section":null,"og_article_tags":null,"twitter_use_og":false,"twitter_card":"default","twitter_image_type":"default","twitter_image_url":null,"twitter_image_custom_url":null,"twitter_image_custom_fields":null,"twitter_title":null,"twitter_description":null,"schema":{"blockGraphs":[],"customGraphs":[],"default":{"data":{"Article":[],"Course":[],"Dataset":[],"FAQPage":[],"Movie":[],"Person":[],"Product":[],"ProductReview":[],"Car":[],"Recipe":[],"Service":[],"SoftwareApplication":[],"WebPage":[]},"graphName":"none","isEnabled":true},"graphs":[]},"schema_type":"default","schema_type_options":null,"pillar_content":false,"robots_default":true,"robots_noindex":false,"robots_noarchive":false,"robots_nosnippet":false,"robots_nofollow":false,"robots_noimageindex":false,"robots_noodp":false,"robots_notranslate":false,"robots_max_snippet":"-1","robots_max_videopreview":"-1","robots_max_imagepreview":"large","priority":null,"frequency":"default","local_seo":null,"seo_analyzer_scan_date":"2025-10-09 05:56:13","breadcrumb_settings":null,"limit_modified_date":false,"reviewed_by":"0","open_ai":"{\"title\":{\"suggestions\":[],\"usage\":0},\"description\":{\"suggestions\":[],\"usage\":0}}","ai":null,"created":"2025-06-11 22:51:04","updated":"2026-02-05 01:11:34"},"aioseo_breadcrumb":"<div class=\"aioseo-breadcrumbs\"><span class=\"aioseo-breadcrumb\">\n\t<a href=\"https:\/\/soymigrante.com\/revista\" title=\"Home\">Home<\/a>\n<\/span><span class=\"aioseo-breadcrumb-separator\">\u00bb<\/span><span class=\"aioseo-breadcrumb\">\n\t<a href=\"https:\/\/soymigrante.com\/revista\/category\/guate-nuestra\/\" title=\"Guate Nuestra\">Guate Nuestra<\/a>\n<\/span><span class=\"aioseo-breadcrumb-separator\">\u00bb<\/span><span class=\"aioseo-breadcrumb\">\n\tVolc\u00e1n Cerro\u202fQuemado: guardi\u00e1n sagrado de Quetzaltenango\n<\/span><\/div>","aioseo_breadcrumb_json":[{"label":"Home","link":"https:\/\/soymigrante.com\/revista"},{"label":"Guate Nuestra","link":"https:\/\/soymigrante.com\/revista\/category\/guate-nuestra\/"},{"label":"Volc\u00e1n Cerro\u202fQuemado: guardi\u00e1n sagrado de Quetzaltenango","link":"https:\/\/soymigrante.com\/revista\/volcan-cerro-quemado-guardian-sagrado-de-quetzaltenango\/"}],"_links":{"self":[{"href":"https:\/\/soymigrante.com\/revista\/wp-json\/wp\/v2\/posts\/36076","targetHints":{"allow":["GET"]}}],"collection":[{"href":"https:\/\/soymigrante.com\/revista\/wp-json\/wp\/v2\/posts"}],"about":[{"href":"https:\/\/soymigrante.com\/revista\/wp-json\/wp\/v2\/types\/post"}],"author":[{"embeddable":true,"href":"https:\/\/soymigrante.com\/revista\/wp-json\/wp\/v2\/users\/19"}],"replies":[{"embeddable":true,"href":"https:\/\/soymigrante.com\/revista\/wp-json\/wp\/v2\/comments?post=36076"}],"version-history":[{"count":29,"href":"https:\/\/soymigrante.com\/revista\/wp-json\/wp\/v2\/posts\/36076\/revisions"}],"predecessor-version":[{"id":36855,"href":"https:\/\/soymigrante.com\/revista\/wp-json\/wp\/v2\/posts\/36076\/revisions\/36855"}],"wp:featuredmedia":[{"embeddable":true,"href":"https:\/\/soymigrante.com\/revista\/wp-json\/wp\/v2\/media\/36077"}],"wp:attachment":[{"href":"https:\/\/soymigrante.com\/revista\/wp-json\/wp\/v2\/media?parent=36076"}],"wp:term":[{"taxonomy":"category","embeddable":true,"href":"https:\/\/soymigrante.com\/revista\/wp-json\/wp\/v2\/categories?post=36076"},{"taxonomy":"post_tag","embeddable":true,"href":"https:\/\/soymigrante.com\/revista\/wp-json\/wp\/v2\/tags?post=36076"}],"curies":[{"name":"wp","href":"https:\/\/api.w.org\/{rel}","templated":true}]}}