{"id":36056,"date":"2025-07-10T07:00:00","date_gmt":"2025-07-10T13:00:00","guid":{"rendered":"https:\/\/soymigrante.com\/revista\/?p=36056"},"modified":"2025-07-09T19:09:49","modified_gmt":"2025-07-10T01:09:49","slug":"que-es-la-geriatria-y-por-que-es-importante-en-una-sociedad-de-mayor-edad","status":"publish","type":"post","link":"https:\/\/soymigrante.com\/revista\/que-es-la-geriatria-y-por-que-es-importante-en-una-sociedad-de-mayor-edad\/","title":{"rendered":"\u00bfQu\u00e9 es la geriatr\u00eda y por qu\u00e9 es importante en una sociedad de mayor edad?"},"content":{"rendered":"\t\t<div data-elementor-type=\"wp-post\" data-elementor-id=\"36056\" class=\"elementor elementor-36056\" data-elementor-post-type=\"post\">\n\t\t\t\t<div data-particle_enable=\"false\" data-particle-mobile-disabled=\"false\" class=\"elementor-element elementor-element-c42b9ba e-flex e-con-boxed e-con e-parent\" data-id=\"c42b9ba\" data-element_type=\"container\" data-e-type=\"container\">\n\t\t\t\t\t<div class=\"e-con-inner\">\n\t\t\t\t<div class=\"elementor-element elementor-element-aefdaef elementor-widget elementor-widget-heading\" data-id=\"aefdaef\" data-element_type=\"widget\" data-e-type=\"widget\" data-widget_type=\"heading.default\">\n\t\t\t\t\t<h2 class=\"elementor-heading-title elementor-size-default\">La geriatr\u00eda es la rama de la ciencia que se enfoca en la salud de los mayores. <\/h2>\t\t\t\t<\/div>\n\t\t\t\t\t<\/div>\n\t\t\t\t<\/div>\n\t\t<div data-particle_enable=\"false\" data-particle-mobile-disabled=\"false\" class=\"elementor-element elementor-element-4830558 e-flex e-con-boxed e-con e-parent\" data-id=\"4830558\" data-element_type=\"container\" data-e-type=\"container\">\n\t\t\t\t\t<div class=\"e-con-inner\">\n\t\t\t\t<div class=\"elementor-element elementor-element-f9eecd5 elementor-widget elementor-widget-text-editor\" data-id=\"f9eecd5\" data-element_type=\"widget\" data-e-type=\"widget\" data-widget_type=\"text-editor.default\">\n\t\t\t\t\t\t\t\t\t<p>En un mundo donde la esperanza de vida contin\u00faa aumentando,<a href=\"https:\/\/centrodegeriatria.gt\/\" target=\"_blank\" rel=\"noopener\"> la geriatr\u00eda se vuelve una especialidad m\u00e9dica cada vez m\u00e1s relevante.<\/a> Pero, \u00bfqu\u00e9 es exactamente la geriatr\u00eda, qu\u00e9 estudia y a qu\u00e9 se dedica?<\/p><p><a href=\"https:\/\/centrodegeriatria.gt\/\" target=\"_blank\" rel=\"noopener\">La geriatr\u00eda es una rama de la medicina que se enfoca en la atenci\u00f3n integral de las personas adultas mayores<\/a>, generalmente a partir de los 60 o 65 a\u00f1os. A diferencia de otras especialidades que se concentran en \u00f3rganos o enfermedades espec\u00edficas, la geriatr\u00eda estudia el proceso de envejecimiento en su conjunto, y aborda tanto los aspectos f\u00edsicos como mentales y sociales del adulto mayor.<\/p><p>La doctora Ana Ruiz, geriatra del Hospital General, San Juan de Dios, explica: \u201cNuestro objetivo no es solo tratar enfermedades, sino preservar la autonom\u00eda del adulto mayor, mejorar su calidad de vida y prevenir complicaciones relacionadas con la edad\u201d.<\/p>\t\t\t\t\t\t\t\t<\/div>\n\t\t\t\t\t<\/div>\n\t\t\t\t<\/div>\n\t\t<div data-particle_enable=\"false\" data-particle-mobile-disabled=\"false\" class=\"elementor-element elementor-element-84c4914 e-flex e-con-boxed e-con e-parent\" data-id=\"84c4914\" data-element_type=\"container\" data-e-type=\"container\">\n\t\t\t\t\t<div class=\"e-con-inner\">\n\t\t\t\t<div class=\"elementor-element elementor-element-6d2adaf elementor-widget elementor-widget-heading\" data-id=\"6d2adaf\" data-element_type=\"widget\" data-e-type=\"widget\" data-widget_type=\"heading.default\">\n\t\t\t\t\t<h3 class=\"elementor-heading-title elementor-size-default\">\u00bfQu\u00e9 abarca el \u00e1rea? <\/h3>\t\t\t\t<\/div>\n\t\t\t\t\t<\/div>\n\t\t\t\t<\/div>\n\t\t<div data-particle_enable=\"false\" data-particle-mobile-disabled=\"false\" class=\"elementor-element elementor-element-874e8a2 e-flex e-con-boxed e-con e-parent\" data-id=\"874e8a2\" data-element_type=\"container\" data-e-type=\"container\">\n\t\t\t\t\t<div class=\"e-con-inner\">\n\t\t\t\t<div class=\"elementor-element elementor-element-84585ed elementor-widget elementor-widget-text-editor\" data-id=\"84585ed\" data-element_type=\"widget\" data-e-type=\"widget\" data-widget_type=\"text-editor.default\">\n\t\t\t\t\t\t\t\t\t<p>Entre las \u00e1reas que abarca la geriatr\u00eda <a href=\"https:\/\/centrodegeriatria.gt\/\" target=\"_blank\" rel=\"noopener\">est\u00e1n el tratamiento de enfermedades cr\u00f3nicas como la diabetes, hipertensi\u00f3n, demencia o artritis; la prevenci\u00f3n de ca\u00eddas, el manejo de la polifarmacia<\/a> (uso de m\u00faltiples medicamentos) y la evaluaci\u00f3n funcional y cognitiva del paciente.<\/p><p>Los especialistas en geriatr\u00eda tambi\u00e9n trabajan en estrecha colaboraci\u00f3n con otras disciplinas, como psicolog\u00eda, nutrici\u00f3n, fisioterapia y trabajo social. En muchos casos, el abordaje debe ser multidisciplinario para atender de manera efectiva las necesidades complejas de los adultos mayores.<\/p>\t\t\t\t\t\t\t\t<\/div>\n\t\t\t\t\t<\/div>\n\t\t\t\t<\/div>\n\t\t<div data-particle_enable=\"false\" data-particle-mobile-disabled=\"false\" class=\"elementor-element elementor-element-447a97e e-flex e-con-boxed e-con e-parent\" data-id=\"447a97e\" data-element_type=\"container\" data-e-type=\"container\">\n\t\t\t\t\t<div class=\"e-con-inner\">\n\t\t\t\t<div class=\"elementor-element elementor-element-1f47088 elementor-widget elementor-widget-image\" data-id=\"1f47088\" data-element_type=\"widget\" data-e-type=\"widget\" data-widget_type=\"image.default\">\n\t\t\t\t\t\t\t\t\t\t\t\t<figure class=\"wp-caption\">\n\t\t\t\t\t\t\t\t\t\t<img fetchpriority=\"high\" decoding=\"async\" width=\"1024\" height=\"691\" src=\"https:\/\/soymigrante.com\/revista\/wp-content\/uploads\/2025\/06\/Que-es-la-geriatria-y-por-que-es-importante-en-una-sociedad-que-envejece2-1024x691.jpeg\" class=\"attachment-large size-large wp-image-36069\" alt=\"Anciano inmigrante con barba y gorra en el exterior, promoviendo la comunidad migrante en la revista SoyMigrante.com REVISTA.\" srcset=\"https:\/\/soymigrante.com\/revista\/wp-content\/uploads\/2025\/06\/Que-es-la-geriatria-y-por-que-es-importante-en-una-sociedad-que-envejece2-1024x691.jpeg 1024w, https:\/\/soymigrante.com\/revista\/wp-content\/uploads\/2025\/06\/Que-es-la-geriatria-y-por-que-es-importante-en-una-sociedad-que-envejece2-300x202.jpeg 300w, https:\/\/soymigrante.com\/revista\/wp-content\/uploads\/2025\/06\/Que-es-la-geriatria-y-por-que-es-importante-en-una-sociedad-que-envejece2-768x518.jpeg 768w, https:\/\/soymigrante.com\/revista\/wp-content\/uploads\/2025\/06\/Que-es-la-geriatria-y-por-que-es-importante-en-una-sociedad-que-envejece2-1536x1036.jpeg 1536w, https:\/\/soymigrante.com\/revista\/wp-content\/uploads\/2025\/06\/Que-es-la-geriatria-y-por-que-es-importante-en-una-sociedad-que-envejece2-750x506.jpeg 750w, https:\/\/soymigrante.com\/revista\/wp-content\/uploads\/2025\/06\/Que-es-la-geriatria-y-por-que-es-importante-en-una-sociedad-que-envejece2-1140x769.jpeg 1140w, https:\/\/soymigrante.com\/revista\/wp-content\/uploads\/2025\/06\/Que-es-la-geriatria-y-por-que-es-importante-en-una-sociedad-que-envejece2.jpeg 1600w\" sizes=\"(max-width: 1024px) 100vw, 1024px\" title=\"Las personas arriba de los 60 a\u00f1os ya deben ser tratados por un geriatra. (Foto: ENVATO) \u2013 SoyMigrante.com REVISTA\" \/>\t\t\t\t\t\t\t\t\t\t\t<figcaption class=\"widget-image-caption wp-caption-text\">Retrato de un hombre mayor con barba y gorra azul, destacando historias de migrantes y diversidad en la revista SoyMigrante.com.<\/figcaption>\n\t\t\t\t\t\t\t\t\t\t<\/figure>\n\t\t\t\t\t\t\t\t\t<\/div>\n\t\t\t\t\t<\/div>\n\t\t\t\t<\/div>\n\t\t<div data-particle_enable=\"false\" data-particle-mobile-disabled=\"false\" class=\"elementor-element elementor-element-340a722 e-flex e-con-boxed e-con e-parent\" data-id=\"340a722\" data-element_type=\"container\" data-e-type=\"container\">\n\t\t\t\t\t<div class=\"e-con-inner\">\n\t\t\t\t<div class=\"elementor-element elementor-element-9729b6d elementor-widget elementor-widget-heading\" data-id=\"9729b6d\" data-element_type=\"widget\" data-e-type=\"widget\" data-widget_type=\"heading.default\">\n\t\t\t\t\t<h3 class=\"elementor-heading-title elementor-size-default\">Guatemala con poblaci\u00f3n joven<\/h3>\t\t\t\t<\/div>\n\t\t\t\t\t<\/div>\n\t\t\t\t<\/div>\n\t\t<div data-particle_enable=\"false\" data-particle-mobile-disabled=\"false\" class=\"elementor-element elementor-element-5f0a9b0 e-flex e-con-boxed e-con e-parent\" data-id=\"5f0a9b0\" data-element_type=\"container\" data-e-type=\"container\">\n\t\t\t\t\t<div class=\"e-con-inner\">\n\t\t\t\t<div class=\"elementor-element elementor-element-59d53fb elementor-widget elementor-widget-text-editor\" data-id=\"59d53fb\" data-element_type=\"widget\" data-e-type=\"widget\" data-widget_type=\"text-editor.default\">\n\t\t\t\t\t\t\t\t\t<p>En pa\u00edses con poblaci\u00f3n joven, como Guatemala, la<a href=\"https:\/\/centrodegeriatria.gt\/\" target=\"_blank\" rel=\"noopener\"> geriatr\u00eda a\u00fan es una especialidad en desarrollo,<\/a> pero los expertos coinciden en que es urgente fortalecerla. Seg\u00fan proyecciones del Instituto Nacional de Estad\u00edstica, el n\u00famero de personas mayores de 60 a\u00f1os en Guatemala se duplicar\u00e1 en las pr\u00f3ximas d\u00e9cadas, lo que representa un reto para los sistemas de salud y un llamado a invertir en atenci\u00f3n especializada.<\/p><p>Finalmente, la geriatr\u00eda tambi\u00e9n tiene un componente humano muy fuerte. \u201cEs una medicina de la escucha, de la empat\u00eda y del respeto por la experiencia de vida de cada paciente\u201d, se\u00f1ala la doctora Ruiz.<\/p><p><a href=\"https:\/\/centrodegeriatria.gt\/\" target=\"_blank\" rel=\"noopener\">En un contexto donde cada vez m\u00e1s personas alcanzan edades avanzadas,<\/a> la geriatr\u00eda no solo cobra importancia m\u00e9dica, sino tambi\u00e9n social y \u00e9tica: se trata de cuidar dignamente a quienes ya lo han dado todo.<\/p>\t\t\t\t\t\t\t\t<\/div>\n\t\t\t\t\t<\/div>\n\t\t\t\t<\/div>\n\t\t<div data-particle_enable=\"false\" data-particle-mobile-disabled=\"false\" class=\"elementor-element elementor-element-8576ddd e-flex e-con-boxed e-con e-parent\" data-id=\"8576ddd\" data-element_type=\"container\" data-e-type=\"container\">\n\t\t\t\t\t<div class=\"e-con-inner\">\n\t\t\t\t<div class=\"elementor-element elementor-element-2fe49cc elementor-widget elementor-widget-heading\" data-id=\"2fe49cc\" data-element_type=\"widget\" data-e-type=\"widget\" data-widget_type=\"heading.default\">\n\t\t\t\t\t<h2 class=\"elementor-heading-title elementor-size-default\">Conoce m\u00e1s temas, ac\u00e1...<\/h2>\t\t\t\t<\/div>\n\t\t\t\t\t<\/div>\n\t\t\t\t<\/div>\n\t\t<div data-particle_enable=\"false\" data-particle-mobile-disabled=\"false\" class=\"elementor-element elementor-element-f23ce1d e-flex e-con-boxed e-con e-parent\" data-id=\"f23ce1d\" data-element_type=\"container\" data-e-type=\"container\">\n\t\t\t\t\t<div class=\"e-con-inner\">\n\t\t\t\t<div class=\"elementor-element elementor-element-ce2468b elementor-grid-eael-col-3 elementor-grid-tablet-eael-col-2 elementor-grid-mobile-eael-col-1 elementor-widget elementor-widget-eael-post-grid\" data-id=\"ce2468b\" data-element_type=\"widget\" data-e-type=\"widget\" data-settings=\"{&quot;eael_post_grid_columns&quot;:&quot;eael-col-3&quot;,&quot;eael_post_grid_columns_tablet&quot;:&quot;eael-col-2&quot;,&quot;eael_post_grid_columns_mobile&quot;:&quot;eael-col-1&quot;}\" data-widget_type=\"eael-post-grid.default\">\n\t\t\t\t\t<div id=\"eael-post-grid-ce2468b\" class=\"eael-post-grid-container\">\n            <div class=\"eael-post-grid eael-post-appender eael-post-appender-ce2468b eael-post-grid-style-one\" data-layout-mode=\"masonry\"><article class=\"eael-grid-post  eael-post-grid-column eael-pg-post-1423 category-bienestar\" data-id=\"1423\">\n        <div class=\"eael-grid-post-holder\">\n            <div class=\"eael-grid-post-holder-inner\"><div class=\"eael-entry-media\"><div class=\"eael-entry-overlay fade-in\"><i class=\"far fa-hand-pointer\" aria-hidden=\"true\"><\/i><a href=\"https:\/\/soymigrante.com\/revista\/salud-migrante-como-prevenir-un-golpe-de-calor-por-altas-temperaturas\/\"><\/a><\/div><div class=\"eael-entry-thumbnail \">\n                <img decoding=\"async\" width=\"920\" height=\"920\" src=\"https:\/\/soymigrante.com\/revista\/wp-content\/uploads\/2023\/06\/ola-de-calor-estados-unidos-2025.webp\" class=\"attachment-large size-large wp-image-37659\" alt=\"Estados Unidos y Canad\u00e1 resaltados en un mapa de migraci\u00f3n y movilidad internacional, relacionado con temas de migrantes y comunidades latinas en Estados Unidos.\" srcset=\"https:\/\/soymigrante.com\/revista\/wp-content\/uploads\/2023\/06\/ola-de-calor-estados-unidos-2025.webp 920w, https:\/\/soymigrante.com\/revista\/wp-content\/uploads\/2023\/06\/ola-de-calor-estados-unidos-2025-300x300.png 300w, https:\/\/soymigrante.com\/revista\/wp-content\/uploads\/2023\/06\/ola-de-calor-estados-unidos-2025-150x150.png 150w, https:\/\/soymigrante.com\/revista\/wp-content\/uploads\/2023\/06\/ola-de-calor-estados-unidos-2025-768x768.png 768w, https:\/\/soymigrante.com\/revista\/wp-content\/uploads\/2023\/06\/ola-de-calor-estados-unidos-2025-75x75.png 75w, https:\/\/soymigrante.com\/revista\/wp-content\/uploads\/2023\/06\/ola-de-calor-estados-unidos-2025-750x750.png 750w\" sizes=\"(max-width: 920px) 100vw, 920px\" \/>\n            <\/div>\n        <\/div><div class=\"eael-entry-wrapper\"><header class=\"eael-entry-header\"><h2 class=\"eael-entry-title\"><a class=\"eael-grid-post-link\" href=\"https:\/\/soymigrante.com\/revista\/salud-migrante-como-prevenir-un-golpe-de-calor-por-altas-temperaturas\/\" title=\"Altas temperaturas 2025 en USA: Es vital evitar el golpe de calor\">Altas temperaturas 2025 en USA: Es vital evitar el golpe de calor<\/a><\/h2><\/header><div class=\"eael-entry-content\">\n                        <div class=\"eael-grid-post-excerpt\"><a href=\"https:\/\/soymigrante.com\/revista\/salud-migrante-como-prevenir-un-golpe-de-calor-por-altas-temperaturas\/\" class=\"eael-post-elements-readmore-btn\">CONOCE SU HISTORIA <\/a><\/div>\n                    <\/div><\/div><\/div>\n        <\/div>\n    <\/article><article class=\"eael-grid-post  eael-post-grid-column eael-pg-post-10022 category-guate-nuestra\" data-id=\"10022\">\n        <div class=\"eael-grid-post-holder\">\n            <div class=\"eael-grid-post-holder-inner\"><div class=\"eael-entry-media\"><div class=\"eael-entry-overlay fade-in\"><i class=\"far fa-hand-pointer\" aria-hidden=\"true\"><\/i><a href=\"https:\/\/soymigrante.com\/revista\/tres-comidas-guatemaltecas-que-son-saludables-por-sus-ingredientes-prehispanicos\/\"><\/a><\/div><div class=\"eael-entry-thumbnail \">\n                <img decoding=\"async\" width=\"760\" height=\"760\" src=\"https:\/\/soymigrante.com\/revista\/wp-content\/uploads\/2024\/10\/feature-comida-saludable.webp\" class=\"attachment-large size-large wp-image-10024\" alt=\"Deleite de un plato tradicional mexicano con pollo, arroz, tortillas y vegetales frescos en un ambiente cultural. Ideal para quienes buscan gastronom\u00eda aut\u00e9ntica y sabores tradicionales.\" srcset=\"https:\/\/soymigrante.com\/revista\/wp-content\/uploads\/2024\/10\/feature-comida-saludable.webp 760w, https:\/\/soymigrante.com\/revista\/wp-content\/uploads\/2024\/10\/feature-comida-saludable-300x300.webp 300w, https:\/\/soymigrante.com\/revista\/wp-content\/uploads\/2024\/10\/feature-comida-saludable-150x150.webp 150w, https:\/\/soymigrante.com\/revista\/wp-content\/uploads\/2024\/10\/feature-comida-saludable-75x75.webp 75w, https:\/\/soymigrante.com\/revista\/wp-content\/uploads\/2024\/10\/feature-comida-saludable-750x750.webp 750w\" sizes=\"(max-width: 760px) 100vw, 760px\" \/>\n            <\/div>\n        <\/div><div class=\"eael-entry-wrapper\"><header class=\"eael-entry-header\"><h2 class=\"eael-entry-title\"><a class=\"eael-grid-post-link\" href=\"https:\/\/soymigrante.com\/revista\/tres-comidas-guatemaltecas-que-son-saludables-por-sus-ingredientes-prehispanicos\/\" title=\"Tres comidas guatemaltecas que son saludables por sus ingredientes prehisp\u00e1nicos\">Tres comidas guatemaltecas que son saludables por sus ingredientes prehisp\u00e1nicos<\/a><\/h2><\/header><div class=\"eael-entry-content\">\n                        <div class=\"eael-grid-post-excerpt\"><a href=\"https:\/\/soymigrante.com\/revista\/tres-comidas-guatemaltecas-que-son-saludables-por-sus-ingredientes-prehispanicos\/\" class=\"eael-post-elements-readmore-btn\">CONOCE SU HISTORIA <\/a><\/div>\n                    <\/div><\/div><\/div>\n        <\/div>\n    <\/article><article class=\"eael-grid-post  eael-post-grid-column eael-pg-post-9250 category-bienestar\" data-id=\"9250\">\n        <div class=\"eael-grid-post-holder\">\n            <div class=\"eael-grid-post-holder-inner\"><div class=\"eael-entry-media\"><div class=\"eael-entry-overlay fade-in\"><i class=\"far fa-hand-pointer\" aria-hidden=\"true\"><\/i><a href=\"https:\/\/soymigrante.com\/revista\/salud-preventiva-enfermedades-cronicas-afectan-mas-a-hombres-en-usa\/\"><\/a><\/div><div class=\"eael-entry-thumbnail \">\n                <img loading=\"lazy\" decoding=\"async\" width=\"1024\" height=\"1024\" src=\"https:\/\/soymigrante.com\/revista\/wp-content\/uploads\/2024\/09\/cheque-medico-hombres-soy-migrante2-1024x1024.webp\" class=\"attachment-large size-large wp-image-9256\" alt=\"Medicamento, consulta m\u00e9dica, tratamiento farmac\u00e9utico, salud, atenci\u00f3n m\u00e9dica.\" srcset=\"https:\/\/soymigrante.com\/revista\/wp-content\/uploads\/2024\/09\/cheque-medico-hombres-soy-migrante2-1024x1024.webp 1024w, https:\/\/soymigrante.com\/revista\/wp-content\/uploads\/2024\/09\/cheque-medico-hombres-soy-migrante2-300x300.webp 300w, https:\/\/soymigrante.com\/revista\/wp-content\/uploads\/2024\/09\/cheque-medico-hombres-soy-migrante2-150x150.webp 150w, https:\/\/soymigrante.com\/revista\/wp-content\/uploads\/2024\/09\/cheque-medico-hombres-soy-migrante2-768x768.webp 768w, https:\/\/soymigrante.com\/revista\/wp-content\/uploads\/2024\/09\/cheque-medico-hombres-soy-migrante2-1536x1536.webp 1536w, https:\/\/soymigrante.com\/revista\/wp-content\/uploads\/2024\/09\/cheque-medico-hombres-soy-migrante2-scaled.webp 1920w, https:\/\/soymigrante.com\/revista\/wp-content\/uploads\/2024\/09\/cheque-medico-hombres-soy-migrante2-75x75.webp 75w, https:\/\/soymigrante.com\/revista\/wp-content\/uploads\/2024\/09\/cheque-medico-hombres-soy-migrante2-750x750.webp 750w, https:\/\/soymigrante.com\/revista\/wp-content\/uploads\/2024\/09\/cheque-medico-hombres-soy-migrante2-1140x1140.webp 1140w\" sizes=\"(max-width: 1024px) 100vw, 1024px\" \/>\n            <\/div>\n        <\/div><div class=\"eael-entry-wrapper\"><header class=\"eael-entry-header\"><h2 class=\"eael-entry-title\"><a class=\"eael-grid-post-link\" href=\"https:\/\/soymigrante.com\/revista\/salud-preventiva-enfermedades-cronicas-afectan-mas-a-hombres-en-usa\/\" title=\"Salud preventiva: Enfermedades cr\u00f3nicas afectan m\u00e1s a hombres en USA\">Salud preventiva: Enfermedades cr\u00f3nicas afectan m\u00e1s a hombres en USA<\/a><\/h2><\/header><div class=\"eael-entry-content\">\n                        <div class=\"eael-grid-post-excerpt\"><a href=\"https:\/\/soymigrante.com\/revista\/salud-preventiva-enfermedades-cronicas-afectan-mas-a-hombres-en-usa\/\" class=\"eael-post-elements-readmore-btn\">CONOCE SU HISTORIA <\/a><\/div>\n                    <\/div><\/div><\/div>\n        <\/div>\n    <\/article><\/div>\n            <div class=\"clearfix\"><\/div>\n        <\/div>\t\t\t\t<\/div>\n\t\t\t\t\t<\/div>\n\t\t\t\t<\/div>\n\t\t\t\t<\/div>\n\t\t","protected":false},"excerpt":{"rendered":"<p>La geriatr\u00eda es la rama de la ciencia que se enfoca en la salud de los mayores. En un mundo donde la esperanza de vida contin\u00faa aumentando, la geriatr\u00eda se vuelve una especialidad m\u00e9dica cada vez m\u00e1s relevante. Pero, \u00bfqu\u00e9 es exactamente la geriatr\u00eda, qu\u00e9 estudia y a qu\u00e9 se dedica? La geriatr\u00eda es una [&hellip;]<\/p>\n","protected":false},"author":19,"featured_media":36057,"comment_status":"open","ping_status":"open","sticky":false,"template":"","format":"standard","meta":{"_acf_changed":false,"_eb_attr":"","footnotes":""},"categories":[55],"tags":[],"class_list":["post-36056","post","type-post","status-publish","format-standard","has-post-thumbnail","hentry","category-bienestar"],"acf":[],"aioseo_notices":[],"aioseo_head":"\n\t\t<!-- All in One SEO Pro 4.9.6.2 - aioseo.com -->\n\t<meta name=\"description\" content=\"De acuerdo con el Instituto Nacional de la Salud de USA, los hombres tienen una esperanza de vida de seis a\u00f1os menos que las mujeres\" \/>\n\t<meta name=\"robots\" content=\"max-snippet:-1, max-image-preview:large, max-video-preview:-1\" \/>\n\t<meta name=\"author\" content=\"Beatriz Tercero\"\/>\n\t<link rel=\"canonical\" href=\"https:\/\/soymigrante.com\/revista\/salud-preventiva-enfermedades-cronicas-afectan-mas-a-hombres-en-usa\/\" \/>\n\t<meta name=\"generator\" content=\"All in One SEO Pro (AIOSEO) 4.9.6.2\" \/>\n\n\t\t<link rel=\"preconnect\" href=\"https:\/\/fonts.googleapis.com\" crossorigin>\n<link rel=\"preconnect\" href=\"https:\/\/fonts.gstatic.com\" crossorigin>\n\t\t<meta property=\"og:locale\" content=\"es_ES\" \/>\n\t\t<meta property=\"og:site_name\" content=\"SoyMigrante.com REVISTA \u2013 Nuestra misi\u00f3n es reconocer y dignificar al migrante.\" \/>\n\t\t<meta property=\"og:type\" content=\"article\" \/>\n\t\t<meta property=\"og:title\" content=\"Salud preventiva: Enfermedades cr\u00f3nicas afectan m\u00e1s a hombres en USA\" \/>\n\t\t<meta property=\"og:description\" content=\"De acuerdo con el Instituto Nacional de la Salud de USA, los hombres tienen una esperanza de vida de seis a\u00f1os menos que las mujeres\" \/>\n\t\t<meta property=\"og:url\" content=\"https:\/\/soymigrante.com\/revista\/salud-preventiva-enfermedades-cronicas-afectan-mas-a-hombres-en-usa\/\" \/>\n\t\t<meta property=\"og:image\" content=\"https:\/\/soymigrante.com\/revista\/wp-content\/uploads\/2024\/09\/cheque-medico-hombres-soy-migrante2-scaled.webp\" \/>\n\t\t<meta property=\"og:image:secure_url\" content=\"https:\/\/soymigrante.com\/revista\/wp-content\/uploads\/2024\/09\/cheque-medico-hombres-soy-migrante2-scaled.webp\" \/>\n\t\t<meta property=\"og:image:width\" content=\"1920\" \/>\n\t\t<meta property=\"og:image:height\" content=\"1920\" \/>\n\t\t<meta property=\"article:published_time\" content=\"2024-09-16T17:04:09+00:00\" \/>\n\t\t<meta property=\"article:modified_time\" content=\"2024-09-16T20:59:38+00:00\" \/>\n\t\t<meta property=\"article:publisher\" content=\"https:\/\/www.facebook.com\/soymigrantecom\" \/>\n\t\t<meta name=\"twitter:card\" content=\"summary_large_image\" \/>\n\t\t<meta name=\"twitter:site\" content=\"@SoyMigrante_com\" \/>\n\t\t<meta name=\"twitter:title\" content=\"Salud preventiva: Enfermedades cr\u00f3nicas afectan m\u00e1s a hombres en USA\" \/>\n\t\t<meta name=\"twitter:description\" content=\"De acuerdo con el Instituto Nacional de la Salud de USA, los hombres tienen una esperanza de vida de seis a\u00f1os menos que las mujeres\" \/>\n\t\t<meta name=\"twitter:creator\" content=\"@SoyMigrante_com\" \/>\n\t\t<meta name=\"twitter:image\" content=\"https:\/\/soymigrante.com\/revista\/wp-content\/uploads\/2024\/09\/cheque-medico-hombres-soy-migrante2-scaled.webp\" \/>\n\t\t<!-- All in One SEO Pro -->\r\n\t\t<title>Salud preventiva: Enfermedades cr\u00f3nicas afectan m\u00e1s a hombres en USA<\/title>\n\n","aioseo_head_json":{"title":"Salud preventiva: Enfermedades cr\u00f3nicas afectan m\u00e1s a hombres en USA","description":"De acuerdo con el Instituto Nacional de la Salud de USA, los hombres tienen una esperanza de vida de seis a\u00f1os menos que las mujeres","canonical_url":"https:\/\/soymigrante.com\/revista\/salud-preventiva-enfermedades-cronicas-afectan-mas-a-hombres-en-usa\/","robots":"max-snippet:-1, max-image-preview:large, max-video-preview:-1","keywords":"","webmasterTools":{"miscellaneous":"&lt;link rel=\"preconnect\" href=\"https:\/\/fonts.googleapis.com\" crossorigin&gt;\n&lt;link rel=\"preconnect\" href=\"https:\/\/fonts.gstatic.com\" crossorigin&gt;"},"schema":null,"og:locale":"es_ES","og:site_name":"SoyMigrante.com REVISTA \u2013 Nuestra misi\u00f3n es reconocer y dignificar al migrante.","og:type":"article","og:title":"Salud preventiva: Enfermedades cr\u00f3nicas afectan m\u00e1s a hombres en USA","og:description":"De acuerdo con el Instituto Nacional de la Salud de USA, los hombres tienen una esperanza de vida de seis a\u00f1os menos que las mujeres","og:url":"https:\/\/soymigrante.com\/revista\/salud-preventiva-enfermedades-cronicas-afectan-mas-a-hombres-en-usa\/","og:image":"https:\/\/soymigrante.com\/revista\/wp-content\/uploads\/2024\/09\/cheque-medico-hombres-soy-migrante2-scaled.webp","og:image:secure_url":"https:\/\/soymigrante.com\/revista\/wp-content\/uploads\/2024\/09\/cheque-medico-hombres-soy-migrante2-scaled.webp","og:image:width":1920,"og:image:height":1920,"article:published_time":"2024-09-16T17:04:09+00:00","article:modified_time":"2024-09-16T20:59:38+00:00","article:publisher":"https:\/\/www.facebook.com\/soymigrantecom","twitter:card":"summary_large_image","twitter:site":"@SoyMigrante_com","twitter:title":"Salud preventiva: Enfermedades cr\u00f3nicas afectan m\u00e1s a hombres en USA","twitter:description":"De acuerdo con el Instituto Nacional de la Salud de USA, los hombres tienen una esperanza de vida de seis a\u00f1os menos que las mujeres","twitter:creator":"@SoyMigrante_com","twitter:image":"https:\/\/soymigrante.com\/revista\/wp-content\/uploads\/2024\/09\/cheque-medico-hombres-soy-migrante2-scaled.webp"},"aioseo_meta_data":{"post_id":"36056","title":null,"description":null,"keywords":null,"keyphrases":{"focus":{"keyphrase":"geriatr\u00eda","score":82,"analysis":{"keyphraseInTitle":{"score":9,"maxScore":9,"error":0},"keyphraseInDescription":{"score":9,"maxScore":9,"error":0},"keyphraseLength":{"score":9,"maxScore":9,"error":0,"length":2},"keyphraseInURL":{"score":5,"maxScore":5,"error":0},"keyphraseInIntroduction":{"score":9,"maxScore":9,"error":0},"keyphraseInSubHeadings":{"score":3,"maxScore":9,"error":1},"keyphraseInImageAlt":{"score":3,"maxScore":9,"error":1},"keywordDensity":{"type":"best","score":9,"maxScore":9,"error":0}}},"additional":[{"keyphrase":"geriatr\u00eda","score":87,"analysis":{"keyphraseInDescription":{"score":9,"maxScore":9,"error":0},"keyphraseLength":{"score":9,"maxScore":9,"error":0,"length":2},"keyphraseInIntroduction":{"score":9,"maxScore":9,"error":0},"keyphraseInImageAlt":{"score":3,"maxScore":9,"error":1},"keywordDensity":{"type":"best","score":9,"maxScore":9,"error":0}}}]},"primary_term":null,"canonical_url":null,"og_title":null,"og_description":null,"og_object_type":"default","og_image_type":"default","og_image_url":null,"og_image_width":null,"og_image_height":null,"og_image_custom_url":null,"og_image_custom_fields":null,"og_video":"","og_custom_url":null,"og_article_section":null,"og_article_tags":null,"twitter_use_og":false,"twitter_card":"default","twitter_image_type":"default","twitter_image_url":null,"twitter_image_custom_url":null,"twitter_image_custom_fields":null,"twitter_title":null,"twitter_description":null,"schema":{"blockGraphs":[],"customGraphs":[],"default":{"data":{"Article":[],"Course":[],"Dataset":[],"FAQPage":[],"Movie":[],"Person":[],"Product":[],"ProductReview":[],"Car":[],"Recipe":[],"Service":[],"SoftwareApplication":[],"WebPage":[]},"graphName":"none","isEnabled":true},"graphs":[]},"schema_type":"default","schema_type_options":null,"pillar_content":false,"robots_default":true,"robots_noindex":false,"robots_noarchive":false,"robots_nosnippet":false,"robots_nofollow":false,"robots_noimageindex":false,"robots_noodp":false,"robots_notranslate":false,"robots_max_snippet":"-1","robots_max_videopreview":"-1","robots_max_imagepreview":"large","priority":null,"frequency":"default","local_seo":null,"seo_analyzer_scan_date":"2025-10-09 06:41:40","breadcrumb_settings":null,"limit_modified_date":false,"reviewed_by":"0","open_ai":"{\"title\":{\"suggestions\":[],\"usage\":0},\"description\":{\"suggestions\":[],\"usage\":0}}","ai":{"faqs":[],"keyPoints":[],"titles":[],"descriptions":[],"socialPosts":{"email":[],"linkedin":[],"twitter":[],"facebook":[],"instagram":[]}},"created":"2025-06-11 22:24:21","updated":"2026-02-05 02:53:51"},"aioseo_breadcrumb":"<div class=\"aioseo-breadcrumbs\"><span class=\"aioseo-breadcrumb\">\n\t<a href=\"https:\/\/soymigrante.com\/revista\" title=\"Home\">Home<\/a>\n<\/span><span class=\"aioseo-breadcrumb-separator\">\u00bb<\/span><span class=\"aioseo-breadcrumb\">\n\t<a href=\"https:\/\/soymigrante.com\/revista\/category\/bienestar\/\" title=\"Bienestar\">Bienestar<\/a>\n<\/span><span class=\"aioseo-breadcrumb-separator\">\u00bb<\/span><span class=\"aioseo-breadcrumb\">\n\t\u00bfQu\u00e9 es la geriatr\u00eda y por qu\u00e9 es importante en una sociedad de mayor edad?\n<\/span><\/div>","aioseo_breadcrumb_json":[{"label":"Home","link":"https:\/\/soymigrante.com\/revista"},{"label":"Bienestar","link":"https:\/\/soymigrante.com\/revista\/category\/bienestar\/"},{"label":"\u00bfQu\u00e9 es la geriatr\u00eda y por qu\u00e9 es importante en una sociedad de mayor edad?","link":"https:\/\/soymigrante.com\/revista\/que-es-la-geriatria-y-por-que-es-importante-en-una-sociedad-de-mayor-edad\/"}],"_links":{"self":[{"href":"https:\/\/soymigrante.com\/revista\/wp-json\/wp\/v2\/posts\/36056","targetHints":{"allow":["GET"]}}],"collection":[{"href":"https:\/\/soymigrante.com\/revista\/wp-json\/wp\/v2\/posts"}],"about":[{"href":"https:\/\/soymigrante.com\/revista\/wp-json\/wp\/v2\/types\/post"}],"author":[{"embeddable":true,"href":"https:\/\/soymigrante.com\/revista\/wp-json\/wp\/v2\/users\/19"}],"replies":[{"embeddable":true,"href":"https:\/\/soymigrante.com\/revista\/wp-json\/wp\/v2\/comments?post=36056"}],"version-history":[{"count":17,"href":"https:\/\/soymigrante.com\/revista\/wp-json\/wp\/v2\/posts\/36056\/revisions"}],"predecessor-version":[{"id":38978,"href":"https:\/\/soymigrante.com\/revista\/wp-json\/wp\/v2\/posts\/36056\/revisions\/38978"}],"wp:featuredmedia":[{"embeddable":true,"href":"https:\/\/soymigrante.com\/revista\/wp-json\/wp\/v2\/media\/36057"}],"wp:attachment":[{"href":"https:\/\/soymigrante.com\/revista\/wp-json\/wp\/v2\/media?parent=36056"}],"wp:term":[{"taxonomy":"category","embeddable":true,"href":"https:\/\/soymigrante.com\/revista\/wp-json\/wp\/v2\/categories?post=36056"},{"taxonomy":"post_tag","embeddable":true,"href":"https:\/\/soymigrante.com\/revista\/wp-json\/wp\/v2\/tags?post=36056"}],"curies":[{"name":"wp","href":"https:\/\/api.w.org\/{rel}","templated":true}]}}