{"id":3605,"date":"2023-12-11T11:27:57","date_gmt":"2023-12-11T17:27:57","guid":{"rendered":"https:\/\/soymigrante.com\/revista\/?p=3605"},"modified":"2024-11-01T10:02:47","modified_gmt":"2024-11-01T16:02:47","slug":"migrante-rene-corado-documental-el-lustrador-en-guatemala","status":"publish","type":"post","link":"https:\/\/soymigrante.com\/revista\/migrante-rene-corado-documental-el-lustrador-en-guatemala\/","title":{"rendered":"Con 2 premios se estren\u00f3 documental El Lustrador del migrante Ren\u00e9 Corado"},"content":{"rendered":"\t\t<div data-elementor-type=\"wp-post\" data-elementor-id=\"3605\" class=\"elementor elementor-3605\" data-elementor-post-type=\"post\">\n\t\t\t\t\t\t<section data-particle_enable=\"false\" data-particle-mobile-disabled=\"false\" class=\"elementor-section elementor-top-section elementor-element elementor-element-7b6909f elementor-section-boxed elementor-section-height-default elementor-section-height-default\" data-id=\"7b6909f\" data-element_type=\"section\" data-e-type=\"section\">\n\t\t\t\t\t\t<div class=\"elementor-container elementor-column-gap-default\">\n\t\t\t\t\t<div class=\"elementor-column elementor-col-100 elementor-top-column elementor-element elementor-element-2824e7e\" data-id=\"2824e7e\" data-element_type=\"column\" data-e-type=\"column\">\n\t\t\t<div class=\"elementor-widget-wrap elementor-element-populated\">\n\t\t\t\t\t\t<div class=\"elementor-element elementor-element-c84d4da elementor-widget elementor-widget-heading\" data-id=\"c84d4da\" data-element_type=\"widget\" data-e-type=\"widget\" data-widget_type=\"heading.default\">\n\t\t\t\t\t<h1 class=\"elementor-heading-title elementor-size-default\">Contribuir a la mejora educativa de la ni\u00f1ez de Guatemala es la meta del migrante Ren\u00e9 Corado, cuyo documental El Lustrador, recibi\u00f3 dos premios en festival de cine en Antigua Guatemala <\/h1>\t\t\t\t<\/div>\n\t\t\t\t\t<\/div>\n\t\t<\/div>\n\t\t\t\t\t<\/div>\n\t\t<\/section>\n\t\t\t\t<section data-particle_enable=\"false\" data-particle-mobile-disabled=\"false\" class=\"elementor-section elementor-top-section elementor-element elementor-element-cb72a15 elementor-section-boxed elementor-section-height-default elementor-section-height-default\" data-id=\"cb72a15\" data-element_type=\"section\" data-e-type=\"section\">\n\t\t\t\t\t\t<div class=\"elementor-container elementor-column-gap-default\">\n\t\t\t\t\t<div class=\"elementor-column elementor-col-100 elementor-top-column elementor-element elementor-element-4289002\" data-id=\"4289002\" data-element_type=\"column\" data-e-type=\"column\">\n\t\t\t<div class=\"elementor-widget-wrap elementor-element-populated\">\n\t\t\t\t\t\t<div class=\"elementor-element elementor-element-e349ea0 elementor-widget elementor-widget-image-gallery\" data-id=\"e349ea0\" data-element_type=\"widget\" data-e-type=\"widget\" data-widget_type=\"image-gallery.default\">\n\t\t\t\t\t\t\t<div class=\"elementor-image-gallery\">\n\t\t\t<div id='gallery-1' class='gallery galleryid-3605 gallery-columns-2 gallery-size-large'><figure class='gallery-item'>\n\t\t\t<div class='gallery-icon landscape'>\n\t\t\t\t<a data-elementor-open-lightbox=\"yes\" data-elementor-lightbox-slideshow=\"e349ea0\" data-elementor-lightbox-title=\"Dos premios recibi\u00f3 el documental de Ren\u00e9 Corado, bi\u00f3logo migrante guatemalteco, en el Festival de Cine de Antigua, celebrado del 7 al 9 de diciembre en la ciudad colonial.\" data-elementor-lightbox-description=\"Dos premios recibi\u00f3 el documental de Ren\u00e9 Corado, bi\u00f3logo migrante guatemalteco, en el Festival de Cine de Antigua, celebrado del 7 al 9 de diciembre en la ciudad colonial.\" data-e-action-hash=\"#elementor-action%3Aaction%3Dlightbox%26settings%3DeyJpZCI6Mzc4NCwidXJsIjoiaHR0cHM6XC9cL3NveW1pZ3JhbnRlLmNvbVwvcmV2aXN0YVwvd3AtY29udGVudFwvdXBsb2Fkc1wvMjAyM1wvMTJcL2FudGktNC53ZWJwIiwic2xpZGVzaG93IjoiZTM0OWVhMCJ9\" href='https:\/\/soymigrante.com\/revista\/wp-content\/uploads\/2023\/12\/anti-4.webp'><img fetchpriority=\"high\" decoding=\"async\" width=\"768\" height=\"543\" src=\"https:\/\/soymigrante.com\/revista\/wp-content\/uploads\/2023\/12\/anti-4-1024x724.webp\" class=\"attachment-large size-large\" alt=\"\" aria-describedby=\"gallery-1-3784\" srcset=\"https:\/\/soymigrante.com\/revista\/wp-content\/uploads\/2023\/12\/anti-4-1024x724.webp 1024w, https:\/\/soymigrante.com\/revista\/wp-content\/uploads\/2023\/12\/anti-4-300x212.webp 300w, https:\/\/soymigrante.com\/revista\/wp-content\/uploads\/2023\/12\/anti-4-768x543.webp 768w, https:\/\/soymigrante.com\/revista\/wp-content\/uploads\/2023\/12\/anti-4-1536x1086.webp 1536w, https:\/\/soymigrante.com\/revista\/wp-content\/uploads\/2023\/12\/anti-4-120x86.webp 120w, https:\/\/soymigrante.com\/revista\/wp-content\/uploads\/2023\/12\/anti-4-750x530.webp 750w, https:\/\/soymigrante.com\/revista\/wp-content\/uploads\/2023\/12\/anti-4-1140x806.webp 1140w, https:\/\/soymigrante.com\/revista\/wp-content\/uploads\/2023\/12\/anti-4.webp 1920w\" sizes=\"(max-width: 768px) 100vw, 768px\" title=\"Dos premios recibi\u00f3 el documental de Ren\u00e9 Corado, bi\u00f3logo migrante guatemalteco, en el Festival de Cine de Antigua, celebrado del 7 al 9 de diciembre en la ciudad colonial. \u2013 SoyMigrante.com REVISTA\" \/><\/a>\n\t\t\t<\/div>\n\t\t\t\t<figcaption class='wp-caption-text gallery-caption' id='gallery-1-3784'>\n\t\t\t\tDos premios recibi\u00f3 el documental de Ren\u00e9 Corado, bi\u00f3logo migrante guatemalteco, en el Festival de Cine de Antigua, celebrado del 7 al 9 de diciembre en la ciudad colonial.\n\t\t\t\t<\/figcaption><\/figure><figure class='gallery-item'>\n\t\t\t<div class='gallery-icon landscape'>\n\t\t\t\t<a data-elementor-open-lightbox=\"yes\" data-elementor-lightbox-slideshow=\"e349ea0\" data-elementor-lightbox-title=\"anti3\" data-elementor-lightbox-description=\"Dos premios recibi\u00f3 el documental de Ren\u00e9 Corado, bi\u00f3logo migrante guatemalteco, en el Festival de Cine de Antigua, celebrado del 7 al 9 de diciembre en la ciudad colonial.\" data-e-action-hash=\"#elementor-action%3Aaction%3Dlightbox%26settings%3DeyJpZCI6Mzc4NSwidXJsIjoiaHR0cHM6XC9cL3NveW1pZ3JhbnRlLmNvbVwvcmV2aXN0YVwvd3AtY29udGVudFwvdXBsb2Fkc1wvMjAyM1wvMTJcL2FudGkzLndlYnAiLCJzbGlkZXNob3ciOiJlMzQ5ZWEwIn0%3D\" href='https:\/\/soymigrante.com\/revista\/wp-content\/uploads\/2023\/12\/anti3.webp'><img decoding=\"async\" width=\"768\" height=\"543\" src=\"https:\/\/soymigrante.com\/revista\/wp-content\/uploads\/2023\/12\/anti3-1024x724.webp\" class=\"attachment-large size-large\" alt=\"\" srcset=\"https:\/\/soymigrante.com\/revista\/wp-content\/uploads\/2023\/12\/anti3-1024x724.webp 1024w, https:\/\/soymigrante.com\/revista\/wp-content\/uploads\/2023\/12\/anti3-300x212.webp 300w, https:\/\/soymigrante.com\/revista\/wp-content\/uploads\/2023\/12\/anti3-768x543.webp 768w, https:\/\/soymigrante.com\/revista\/wp-content\/uploads\/2023\/12\/anti3-1536x1086.webp 1536w, https:\/\/soymigrante.com\/revista\/wp-content\/uploads\/2023\/12\/anti3-120x86.webp 120w, https:\/\/soymigrante.com\/revista\/wp-content\/uploads\/2023\/12\/anti3-750x530.webp 750w, https:\/\/soymigrante.com\/revista\/wp-content\/uploads\/2023\/12\/anti3-1140x806.webp 1140w, https:\/\/soymigrante.com\/revista\/wp-content\/uploads\/2023\/12\/anti3.webp 1920w\" sizes=\"(max-width: 768px) 100vw, 768px\" title=\"anti3 \u2013 SoyMigrante.com REVISTA\" \/><\/a>\n\t\t\t<\/div><\/figure>\n\t\t<\/div>\n\t\t<\/div>\n\t\t\t\t\t\t<\/div>\n\t\t\t\t\t<\/div>\n\t\t<\/div>\n\t\t\t\t\t<\/div>\n\t\t<\/section>\n\t\t\t\t<section data-particle_enable=\"false\" data-particle-mobile-disabled=\"false\" class=\"elementor-section elementor-top-section elementor-element elementor-element-68a1f6c elementor-section-boxed elementor-section-height-default elementor-section-height-default\" data-id=\"68a1f6c\" data-element_type=\"section\" data-e-type=\"section\">\n\t\t\t\t\t\t<div class=\"elementor-container elementor-column-gap-default\">\n\t\t\t\t\t<div class=\"elementor-column elementor-col-100 elementor-top-column elementor-element elementor-element-f236f71\" data-id=\"f236f71\" data-element_type=\"column\" data-e-type=\"column\">\n\t\t\t<div class=\"elementor-widget-wrap elementor-element-populated\">\n\t\t\t\t\t\t<div class=\"elementor-element elementor-element-54b4a16 elementor-widget elementor-widget-heading\" data-id=\"54b4a16\" data-element_type=\"widget\" data-e-type=\"widget\" data-widget_type=\"heading.default\">\n\t\t\t\t\t<h2 class=\"elementor-heading-title elementor-size-default\">Premios de estreno para un largo esfuerzo<\/h2>\t\t\t\t<\/div>\n\t\t\t\t\t<\/div>\n\t\t<\/div>\n\t\t\t\t\t<\/div>\n\t\t<\/section>\n\t\t\t\t<section data-particle_enable=\"false\" data-particle-mobile-disabled=\"false\" class=\"elementor-section elementor-top-section elementor-element elementor-element-bf7279d elementor-section-boxed elementor-section-height-default elementor-section-height-default\" data-id=\"bf7279d\" data-element_type=\"section\" data-e-type=\"section\">\n\t\t\t\t\t\t<div class=\"elementor-container elementor-column-gap-default\">\n\t\t\t\t\t<div class=\"elementor-column elementor-col-100 elementor-top-column elementor-element elementor-element-a654432\" data-id=\"a654432\" data-element_type=\"column\" data-e-type=\"column\">\n\t\t\t<div class=\"elementor-widget-wrap elementor-element-populated\">\n\t\t\t\t\t\t<div class=\"elementor-element elementor-element-6ce82ca elementor-widget elementor-widget-text-editor\" data-id=\"6ce82ca\" data-element_type=\"widget\" data-e-type=\"widget\" data-widget_type=\"text-editor.default\">\n\t\t\t\t\t\t\t\t\t<p>El premio al Mejor Corto Documental Guatemalteco y una Menci\u00f3n Honor\u00edfica por mejor Direcci\u00f3n Internacional obtuvo el documental The Shoeshine Boy o El Lustrador, producido y protagonizado por el migrante y bi\u00f3logo guatemalteco Ren\u00e9 Corado,. quien estuvo en el pa\u00eds para participar en el <a href=\"https:\/\/www.facebook.com\/AcademiaDeCineAntiguaGuatemala\">Festival de cine Academia Antigua.<\/a>\u00a0<span style=\"color: var( --e-global-color-text );\">&#8220;Lo logramos, ganamos en el Festival,\u00a0 estoy s\u00faper alegre!, coment\u00f3 Corado en sus redes sociales poco despu\u00e9s de recibir el galard\u00f3n.\u00a0<\/span><\/p><p><span style=\"color: var( --e-global-color-text );\">Esta gran\u00a0<\/span><span style=\"color: var( --e-global-color-text );\">lecci\u00f3n de vida, perseverancia y valores se present\u00f3\u00a0 en Antigua Guatemala, con el estreno del documental El Lustrador,\u00a0<\/span><span style=\"color: var( --e-global-color-text );\">inspirado en el testimonio del libro del mismo t\u00edtulo escrito por <a href=\"https:\/\/soymigrante.com\/revista\/biologo-lustra-el-mayor-tesoro-de-guatemala\/\">Ren\u00e9 Corado, bi\u00f3logo\u00a0<\/a><\/span><span style=\"color: var( --e-global-color-text );\"><a href=\"https:\/\/soymigrante.com\/revista\/biologo-lustra-el-mayor-tesoro-de-guatemala\/\">y director del Museo de Aves de la Fundaci\u00f3n de Zoolog\u00eda, en Camarillo, California.\u00a0<\/a><\/span><\/p><p>&#8220;<span style=\"color: var( --e-global-color-text );\">A veces pienso que estoy so\u00f1ando, pero luego veo que si fue un sue\u00f1o en un tiempo pero ahora se est\u00e1 haciendo realidad&#8221;, dijo Corado poco antes del certamen en el cual obtuvo los dos reconocimientos.<\/span><\/p><p>\u00a0<\/p><p>\u00a0<\/p>\t\t\t\t\t\t\t\t<\/div>\n\t\t\t\t\t<\/div>\n\t\t<\/div>\n\t\t\t\t\t<\/div>\n\t\t<\/section>\n\t\t\t\t<section data-particle_enable=\"false\" data-particle-mobile-disabled=\"false\" class=\"elementor-section elementor-top-section elementor-element elementor-element-039a677 elementor-section-boxed elementor-section-height-default elementor-section-height-default\" data-id=\"039a677\" data-element_type=\"section\" data-e-type=\"section\">\n\t\t\t\t\t\t<div class=\"elementor-container elementor-column-gap-default\">\n\t\t\t\t\t<div class=\"elementor-column elementor-col-100 elementor-top-column elementor-element elementor-element-09204f4\" data-id=\"09204f4\" data-element_type=\"column\" data-e-type=\"column\">\n\t\t\t<div class=\"elementor-widget-wrap elementor-element-populated\">\n\t\t\t\t\t\t<div class=\"elementor-element elementor-element-4de1e34 elementor-widget elementor-widget-heading\" data-id=\"4de1e34\" data-element_type=\"widget\" data-e-type=\"widget\" data-widget_type=\"heading.default\">\n\t\t\t\t\t<h2 class=\"elementor-heading-title elementor-size-default\">El emocionante momento de la premiaci\u00f3n <\/h2>\t\t\t\t<\/div>\n\t\t\t\t<div class=\"elementor-element elementor-element-8a337e2 elementor-widget elementor-widget-facebook-embed\" data-id=\"8a337e2\" data-element_type=\"widget\" data-e-type=\"widget\" data-widget_type=\"facebook-embed.default\">\n\t\t\t\t\t<div style=\"min-height: 1px\" class=\"elementor-facebook-widget fb-post\" data-href=\"https:\/\/www.facebook.com\/rene.corado.35\/videos\/658969862984193\" data-show-text=\"false\"><\/div>\t\t\t\t<\/div>\n\t\t\t\t\t<\/div>\n\t\t<\/div>\n\t\t\t\t\t<\/div>\n\t\t<\/section>\n\t\t\t\t<section data-particle_enable=\"false\" data-particle-mobile-disabled=\"false\" class=\"elementor-section elementor-top-section elementor-element elementor-element-67446b8 elementor-section-boxed elementor-section-height-default elementor-section-height-default\" data-id=\"67446b8\" data-element_type=\"section\" data-e-type=\"section\">\n\t\t\t\t\t\t<div class=\"elementor-container elementor-column-gap-default\">\n\t\t\t\t\t<div class=\"elementor-column elementor-col-100 elementor-top-column elementor-element elementor-element-0de73b1\" data-id=\"0de73b1\" data-element_type=\"column\" data-e-type=\"column\">\n\t\t\t<div class=\"elementor-widget-wrap elementor-element-populated\">\n\t\t\t\t\t\t<div class=\"elementor-element elementor-element-75f24e4 elementor-widget elementor-widget-text-editor\" data-id=\"75f24e4\" data-element_type=\"widget\" data-e-type=\"widget\" data-widget_type=\"text-editor.default\">\n\t\t\t\t\t\t\t\t\t<p>\u00a0<\/p><p>&#8220;El documental se llev\u00f3 dos a\u00f1os para terminarlo. Se grab\u00f3 en mi aldea El Chical, en la capital, Antigua Guatemala y California. El Director es el guatemalteco Harold B\u00facaro. En el participan\u00a0 amigos de la infancia y varios artistas guatemaltecos&#8221;, cuenta Corado.<\/p><p>Agrega que lo m\u00e1s dif\u00edcil fue salvar las distancias, pues quienes intervienen en la producci\u00f3n estaban en\u00a0 Guatemala y Estados Unidos.<\/p><p>La proyecci\u00f3n de El Lustrador form\u00f3 parte del festival auspiciado por la Escuela de Cine Antigua.\u00a0 Corado fue felicitado por admiradores que deseaban conocerlo personalmente.<\/p><p>\u00a0<\/p>\t\t\t\t\t\t\t\t<\/div>\n\t\t\t\t\t<\/div>\n\t\t<\/div>\n\t\t\t\t\t<\/div>\n\t\t<\/section>\n\t\t\t\t<section data-particle_enable=\"false\" data-particle-mobile-disabled=\"false\" class=\"elementor-section elementor-top-section elementor-element elementor-element-47c9093 elementor-section-boxed elementor-section-height-default elementor-section-height-default\" data-id=\"47c9093\" data-element_type=\"section\" data-e-type=\"section\">\n\t\t\t\t\t\t<div class=\"elementor-container elementor-column-gap-default\">\n\t\t\t\t\t<div class=\"elementor-column elementor-col-100 elementor-top-column elementor-element elementor-element-0ae1048\" data-id=\"0ae1048\" data-element_type=\"column\" data-e-type=\"column\">\n\t\t\t<div class=\"elementor-widget-wrap elementor-element-populated\">\n\t\t\t\t\t\t<div class=\"elementor-element elementor-element-88aca50 elementor-arrows-position-inside elementor-pagination-position-outside elementor-widget elementor-widget-image-carousel\" data-id=\"88aca50\" data-element_type=\"widget\" data-e-type=\"widget\" data-settings=\"{&quot;slides_to_show&quot;:&quot;1&quot;,&quot;navigation&quot;:&quot;both&quot;,&quot;autoplay&quot;:&quot;yes&quot;,&quot;pause_on_hover&quot;:&quot;yes&quot;,&quot;pause_on_interaction&quot;:&quot;yes&quot;,&quot;autoplay_speed&quot;:5000,&quot;infinite&quot;:&quot;yes&quot;,&quot;effect&quot;:&quot;slide&quot;,&quot;speed&quot;:500}\" data-widget_type=\"image-carousel.default\">\n\t\t\t\t\t\t\t<div class=\"elementor-image-carousel-wrapper swiper\" role=\"region\" aria-roledescription=\"carousel\" aria-label=\"Carrusel de im\u00e1genes\" dir=\"ltr\">\n\t\t\t<div class=\"elementor-image-carousel swiper-wrapper\" aria-live=\"off\">\n\t\t\t\t\t\t\t\t<div class=\"swiper-slide\" role=\"group\" aria-roledescription=\"slide\" aria-label=\"1 de 3\"><a data-elementor-open-lightbox=\"yes\" data-elementor-lightbox-slideshow=\"88aca50\" data-elementor-lightbox-title=\"Ren\u00e9 Corado estuvo en Antigua Guatemala para asistir al estreno de su documental El Lustrador, que fue galardonado en el Festival Antigua Academia de Cine\" data-elementor-lightbox-description=\"Ren\u00e9 Corado estuvo en Antigua Guatemala para asistir al estreno de su documental El Lustrador, que fue galardonado en el Festival Antigua Academia de Cine\" data-e-action-hash=\"#elementor-action%3Aaction%3Dlightbox%26settings%3DeyJpZCI6Mzc4NiwidXJsIjoiaHR0cHM6XC9cL3NveW1pZ3JhbnRlLmNvbVwvcmV2aXN0YVwvd3AtY29udGVudFwvdXBsb2Fkc1wvMjAyM1wvMTJcL3JlbmUtY29yYWRvLWFyY28ud2VicCIsInNsaWRlc2hvdyI6Ijg4YWNhNTAifQ%3D%3D\" href=\"https:\/\/soymigrante.com\/revista\/wp-content\/uploads\/2023\/12\/rene-corado-arco.webp\"><figure class=\"swiper-slide-inner\"><img decoding=\"async\" class=\"swiper-slide-image\" src=\"https:\/\/soymigrante.com\/revista\/wp-content\/uploads\/2023\/12\/rene-corado-arco-768x1024.webp\" alt=\"Ren\u00e9 Corado estuvo en Antigua Guatemala para asistir al estreno de su documental El Lustrador, que fue galardonado en el Festival Antigua Academia de Cine\" \/><figcaption class=\"elementor-image-carousel-caption\">Ren\u00e9 Corado estuvo en Antigua Guatemala para asistir al estreno de su documental El Lustrador, que fue galardonado en el Festival Antigua Academia de Cine<\/figcaption><\/figure><\/a><\/div><div class=\"swiper-slide\" role=\"group\" aria-roledescription=\"slide\" aria-label=\"2 de 3\"><a data-elementor-open-lightbox=\"yes\" data-elementor-lightbox-slideshow=\"88aca50\" data-elementor-lightbox-title=\"Lectores del libro El Lustrador asistieron a la presentaci\u00f3n para conocer personalmente a Ren\u00e9 Corado, cuyo testimonio de vida inspira a muchas personas\" data-elementor-lightbox-description=\"Lectores del libro El Lustrador asistieron a la presentaci\u00f3n para conocer personalmente a Ren\u00e9 Corado, cuyo testimonio de vida inspira a muchas personas\" data-e-action-hash=\"#elementor-action%3Aaction%3Dlightbox%26settings%3DeyJpZCI6Mzc4NywidXJsIjoiaHR0cHM6XC9cL3NveW1pZ3JhbnRlLmNvbVwvcmV2aXN0YVwvd3AtY29udGVudFwvdXBsb2Fkc1wvMjAyM1wvMTJcL2FudGktNi53ZWJwIiwic2xpZGVzaG93IjoiODhhY2E1MCJ9\" href=\"https:\/\/soymigrante.com\/revista\/wp-content\/uploads\/2023\/12\/anti-6.webp\"><figure class=\"swiper-slide-inner\"><img decoding=\"async\" class=\"swiper-slide-image\" src=\"https:\/\/soymigrante.com\/revista\/wp-content\/uploads\/2023\/12\/anti-6-768x1024.webp\" alt=\"Lectores del libro El Lustrador asistieron a la presentaci\u00f3n para conocer personalmente a Ren\u00e9 Corado, cuyo testimonio de vida inspira a muchas personas\" \/><figcaption class=\"elementor-image-carousel-caption\">Lectores del libro El Lustrador asistieron a la presentaci\u00f3n para conocer personalmente a Ren\u00e9 Corado, cuyo testimonio de vida inspira a muchas personas<\/figcaption><\/figure><\/a><\/div><div class=\"swiper-slide\" role=\"group\" aria-roledescription=\"slide\" aria-label=\"3 de 3\"><a data-elementor-open-lightbox=\"yes\" data-elementor-lightbox-slideshow=\"88aca50\" data-elementor-lightbox-title=\"Para Ren\u00e9 Corado fue muy emotivo ver el estreno de su documental en la Ciudad Colonial\" data-elementor-lightbox-description=\"Para Ren\u00e9 Corado fue muy emotivo ver el estreno de su documental en la Ciudad Colonial\" data-e-action-hash=\"#elementor-action%3Aaction%3Dlightbox%26settings%3DeyJpZCI6Mzc4OCwidXJsIjoiaHR0cHM6XC9cL3NveW1pZ3JhbnRlLmNvbVwvcmV2aXN0YVwvd3AtY29udGVudFwvdXBsb2Fkc1wvMjAyM1wvMTJcL2FudGkxLndlYnAiLCJzbGlkZXNob3ciOiI4OGFjYTUwIn0%3D\" href=\"https:\/\/soymigrante.com\/revista\/wp-content\/uploads\/2023\/12\/anti1.webp\"><figure class=\"swiper-slide-inner\"><img decoding=\"async\" class=\"swiper-slide-image\" src=\"https:\/\/soymigrante.com\/revista\/wp-content\/uploads\/2023\/12\/anti1-768x1024.webp\" alt=\"Para Ren\u00e9 Corado fue muy emotivo ver el estreno de su documental en la Ciudad Colonial\" \/><figcaption class=\"elementor-image-carousel-caption\">Para Ren\u00e9 Corado fue muy emotivo ver el estreno de su documental en la Ciudad Colonial<\/figcaption><\/figure><\/a><\/div>\t\t\t<\/div>\n\t\t\t\t\t\t\t\t\t\t\t\t<div class=\"elementor-swiper-button elementor-swiper-button-prev\" role=\"button\" tabindex=\"0\">\n\t\t\t\t\t\t<i aria-hidden=\"true\" class=\"eicon-chevron-left\"><\/i>\t\t\t\t\t<\/div>\n\t\t\t\t\t<div class=\"elementor-swiper-button elementor-swiper-button-next\" role=\"button\" tabindex=\"0\">\n\t\t\t\t\t\t<i aria-hidden=\"true\" class=\"eicon-chevron-right\"><\/i>\t\t\t\t\t<\/div>\n\t\t\t\t\n\t\t\t\t\t\t\t\t\t<div class=\"swiper-pagination\"><\/div>\n\t\t\t\t\t\t\t\t\t<\/div>\n\t\t\t\t\t\t<\/div>\n\t\t\t\t\t<\/div>\n\t\t<\/div>\n\t\t\t\t\t<\/div>\n\t\t<\/section>\n\t\t\t\t<section data-particle_enable=\"false\" data-particle-mobile-disabled=\"false\" class=\"elementor-section elementor-top-section elementor-element elementor-element-ebbce7d elementor-section-boxed elementor-section-height-default elementor-section-height-default\" data-id=\"ebbce7d\" data-element_type=\"section\" data-e-type=\"section\">\n\t\t\t\t\t\t<div class=\"elementor-container elementor-column-gap-default\">\n\t\t\t\t\t<div class=\"elementor-column elementor-col-100 elementor-top-column elementor-element elementor-element-cc15e86\" data-id=\"cc15e86\" data-element_type=\"column\" data-e-type=\"column\">\n\t\t\t<div class=\"elementor-widget-wrap elementor-element-populated\">\n\t\t\t\t\t\t<div class=\"elementor-element elementor-element-91ebf65 elementor-widget elementor-widget-heading\" data-id=\"91ebf65\" data-element_type=\"widget\" data-e-type=\"widget\" data-widget_type=\"heading.default\">\n\t\t\t\t\t<h2 class=\"elementor-heading-title elementor-size-default\">Un largo e inspirador viaje al \u00e9xito<\/h2>\t\t\t\t<\/div>\n\t\t\t\t\t<\/div>\n\t\t<\/div>\n\t\t\t\t\t<\/div>\n\t\t<\/section>\n\t\t\t\t<section data-particle_enable=\"false\" data-particle-mobile-disabled=\"false\" class=\"elementor-section elementor-top-section elementor-element elementor-element-a149eb7 elementor-section-boxed elementor-section-height-default elementor-section-height-default\" data-id=\"a149eb7\" data-element_type=\"section\" data-e-type=\"section\">\n\t\t\t\t\t\t<div class=\"elementor-container elementor-column-gap-default\">\n\t\t\t\t\t<div class=\"elementor-column elementor-col-100 elementor-top-column elementor-element elementor-element-26c7315\" data-id=\"26c7315\" data-element_type=\"column\" data-e-type=\"column\">\n\t\t\t<div class=\"elementor-widget-wrap elementor-element-populated\">\n\t\t\t\t\t\t<div class=\"elementor-element elementor-element-2e466ac elementor-arrows-position-inside elementor-pagination-position-outside elementor-widget elementor-widget-image-carousel\" data-id=\"2e466ac\" data-element_type=\"widget\" data-e-type=\"widget\" data-settings=\"{&quot;slides_to_show&quot;:&quot;1&quot;,&quot;navigation&quot;:&quot;both&quot;,&quot;autoplay&quot;:&quot;yes&quot;,&quot;pause_on_hover&quot;:&quot;yes&quot;,&quot;pause_on_interaction&quot;:&quot;yes&quot;,&quot;autoplay_speed&quot;:5000,&quot;infinite&quot;:&quot;yes&quot;,&quot;effect&quot;:&quot;slide&quot;,&quot;speed&quot;:500}\" data-widget_type=\"image-carousel.default\">\n\t\t\t\t\t\t\t<div class=\"elementor-image-carousel-wrapper swiper\" role=\"region\" aria-roledescription=\"carousel\" aria-label=\"Carrusel de im\u00e1genes\" dir=\"ltr\">\n\t\t\t<div class=\"elementor-image-carousel swiper-wrapper\" aria-live=\"off\">\n\t\t\t\t\t\t\t\t<div class=\"swiper-slide\" role=\"group\" aria-roledescription=\"slide\" aria-label=\"1 de 3\"><figure class=\"swiper-slide-inner\"><img decoding=\"async\" class=\"swiper-slide-image\" src=\"https:\/\/soymigrante.com\/revista\/wp-content\/uploads\/2023\/12\/EL-CHICAL-CON-RIO-1024x576.webp\" alt=\"EL CHICAL CON RIO\" \/><\/figure><\/div><div class=\"swiper-slide\" role=\"group\" aria-roledescription=\"slide\" aria-label=\"2 de 3\"><figure class=\"swiper-slide-inner\"><img decoding=\"async\" class=\"swiper-slide-image\" src=\"https:\/\/soymigrante.com\/revista\/wp-content\/uploads\/2023\/12\/EL-CHICAL-CENTRO-AMERICA-1024x576.webp\" alt=\"EL CHICAL CENTRO AMERICA\" \/><\/figure><\/div><div class=\"swiper-slide\" role=\"group\" aria-roledescription=\"slide\" aria-label=\"3 de 3\"><figure class=\"swiper-slide-inner\"><img decoding=\"async\" class=\"swiper-slide-image\" src=\"https:\/\/soymigrante.com\/revista\/wp-content\/uploads\/2023\/12\/DE-CHICAL-A-CALIFORNIA-1024x576.webp\" alt=\"DE CHICAL A CALIFORNIA\" \/><\/figure><\/div>\t\t\t<\/div>\n\t\t\t\t\t\t\t\t\t\t\t\t<div class=\"elementor-swiper-button elementor-swiper-button-prev\" role=\"button\" tabindex=\"0\">\n\t\t\t\t\t\t<i aria-hidden=\"true\" class=\"eicon-chevron-left\"><\/i>\t\t\t\t\t<\/div>\n\t\t\t\t\t<div class=\"elementor-swiper-button elementor-swiper-button-next\" role=\"button\" tabindex=\"0\">\n\t\t\t\t\t\t<i aria-hidden=\"true\" class=\"eicon-chevron-right\"><\/i>\t\t\t\t\t<\/div>\n\t\t\t\t\n\t\t\t\t\t\t\t\t\t<div class=\"swiper-pagination\"><\/div>\n\t\t\t\t\t\t\t\t\t<\/div>\n\t\t\t\t\t\t<\/div>\n\t\t\t\t\t<\/div>\n\t\t<\/div>\n\t\t\t\t\t<\/div>\n\t\t<\/section>\n\t\t\t\t<section data-particle_enable=\"false\" data-particle-mobile-disabled=\"false\" class=\"elementor-section elementor-top-section elementor-element elementor-element-bd2d3ed elementor-section-boxed elementor-section-height-default elementor-section-height-default\" data-id=\"bd2d3ed\" data-element_type=\"section\" data-e-type=\"section\">\n\t\t\t\t\t\t<div class=\"elementor-container elementor-column-gap-default\">\n\t\t\t\t\t<div class=\"elementor-column elementor-col-100 elementor-top-column elementor-element elementor-element-b2fc007\" data-id=\"b2fc007\" data-element_type=\"column\" data-e-type=\"column\">\n\t\t\t<div class=\"elementor-widget-wrap elementor-element-populated\">\n\t\t\t\t\t\t<div class=\"elementor-element elementor-element-97f4770 elementor-widget elementor-widget-text-editor\" data-id=\"97f4770\" data-element_type=\"widget\" data-e-type=\"widget\" data-widget_type=\"text-editor.default\">\n\t\t\t\t\t\t\t\t\t<p>Ren\u00e9 Corado naci\u00f3 en la aldea El Chical, en el municipio de Moraz\u00e1n, Baja Verapaz: una regi\u00f3n de clima des\u00e9rtico, con altos niveles de pobreza. De all\u00ed sali\u00f3 hacia la capital de Guatemala, en donde vivi\u00f3 nuevas dificultades que marcaron su vida, pero que le motivan hasta hoy d\u00eda a ayudar a la ni\u00f1ez y juventud.<\/p>\n<p>A trav\u00e9s de su fundaci\u00f3n El Lustrador, Ren\u00e9 vende libros para financiar sus programas de apoyo educativo. No son solo ejemplares biogr\u00e1ficos, sino tambi\u00e9n recopilaciones fotogr\u00e1ficas y cient\u00edficas sobre estudios de aves desarrollador por \u00e9l.<\/p><p>A pesar de sus logros, Ren\u00e9 nunca pierde la sencillez ni se olvida de la ni\u00f1ez y juventud que anhela un mejor futuro enmedio de vicisitudes econ\u00f3micas.<\/p>\n<p><\/p>\t\t\t\t\t\t\t\t<\/div>\n\t\t\t\t\t<\/div>\n\t\t<\/div>\n\t\t\t\t\t<\/div>\n\t\t<\/section>\n\t\t\t\t<section data-particle_enable=\"false\" data-particle-mobile-disabled=\"false\" class=\"elementor-section elementor-top-section elementor-element elementor-element-7f26237 elementor-section-boxed elementor-section-height-default elementor-section-height-default\" data-id=\"7f26237\" data-element_type=\"section\" data-e-type=\"section\">\n\t\t\t\t\t\t<div class=\"elementor-container elementor-column-gap-default\">\n\t\t\t\t\t<div class=\"elementor-column elementor-col-100 elementor-top-column elementor-element elementor-element-0fd86c1\" data-id=\"0fd86c1\" data-element_type=\"column\" data-e-type=\"column\">\n\t\t\t<div class=\"elementor-widget-wrap elementor-element-populated\">\n\t\t\t\t\t\t<div class=\"elementor-element elementor-element-697d8c8 elementor-widget elementor-widget-image\" data-id=\"697d8c8\" data-element_type=\"widget\" data-e-type=\"widget\" data-widget_type=\"image.default\">\n\t\t\t\t\t\t\t\t\t\t\t\t<figure class=\"wp-caption\">\n\t\t\t\t\t\t\t\t\t\t\t<a href=\"https:\/\/www.ellustradorfoundation.org\/es\/store-1\">\n\t\t\t\t\t\t\t<img decoding=\"async\" width=\"768\" height=\"304\" src=\"https:\/\/soymigrante.com\/revista\/wp-content\/uploads\/2023\/12\/NINO-LUSTRADOR-ILUSTRACION-e1736981382734.webp\" class=\"attachment-large size-large wp-image-3614\" alt=\"\" srcset=\"https:\/\/soymigrante.com\/revista\/wp-content\/uploads\/2023\/12\/NINO-LUSTRADOR-ILUSTRACION-e1736981382734.webp 974w, https:\/\/soymigrante.com\/revista\/wp-content\/uploads\/2023\/12\/NINO-LUSTRADOR-ILUSTRACION-e1736981382734-300x119.webp 300w, https:\/\/soymigrante.com\/revista\/wp-content\/uploads\/2023\/12\/NINO-LUSTRADOR-ILUSTRACION-e1736981382734-768x304.webp 768w, https:\/\/soymigrante.com\/revista\/wp-content\/uploads\/2023\/12\/NINO-LUSTRADOR-ILUSTRACION-e1736981382734-750x297.webp 750w\" sizes=\"(max-width: 768px) 100vw, 768px\" title=\"Esta es una de las im\u00e1genes del libro Aventuras de un ni\u00f1o lustrador, otra de las publicaciones de Ren\u00e9 Corado. SI EST\u00c1 EN ESTADOS UNIDOS Y DESEA ADQUIRIR ALGUNO DE LOS PRODUCTOS, DE CLIC EN LA IMAGEN PARA  IR AL SITIO DE LA FUNDAC\u00cdON EL LUSTRADOR \u2013 SoyMigrante.com REVISTA\" \/>\t\t\t\t\t\t\t\t<\/a>\n\t\t\t\t\t\t\t\t\t\t\t<figcaption class=\"widget-image-caption wp-caption-text\">Esta es una de las im\u00e1genes del libro Aventuras de un ni\u00f1o lustrador, otra de las publicaciones de Ren\u00e9 Corado. SI EST\u00c1 EN ESTADOS UNIDOS Y DESEA ADQUIRIR ALGUNO DE LOS PRODUCTOS, DE CLIC EN LA IMAGEN PARA  IR AL SITIO DE LA FUNDAC\u00cdON EL LUSTRADOR<\/figcaption>\n\t\t\t\t\t\t\t\t\t\t<\/figure>\n\t\t\t\t\t\t\t\t\t<\/div>\n\t\t\t\t\t<\/div>\n\t\t<\/div>\n\t\t\t\t\t<\/div>\n\t\t<\/section>\n\t\t\t\t<section data-particle_enable=\"false\" data-particle-mobile-disabled=\"false\" class=\"elementor-section elementor-top-section elementor-element elementor-element-57e807b elementor-section-boxed elementor-section-height-default elementor-section-height-default\" data-id=\"57e807b\" data-element_type=\"section\" data-e-type=\"section\">\n\t\t\t\t\t\t<div class=\"elementor-container elementor-column-gap-default\">\n\t\t\t\t\t<div class=\"elementor-column elementor-col-100 elementor-top-column elementor-element elementor-element-f400063\" data-id=\"f400063\" data-element_type=\"column\" data-e-type=\"column\">\n\t\t\t<div class=\"elementor-widget-wrap elementor-element-populated\">\n\t\t\t\t\t\t<div class=\"elementor-element elementor-element-9817626 elementor-widget elementor-widget-heading\" data-id=\"9817626\" data-element_type=\"widget\" data-e-type=\"widget\" data-widget_type=\"heading.default\">\n\t\t\t\t\t<h2 class=\"elementor-heading-title elementor-size-default\">Sus proyectos educativos contin\u00faan <\/h2>\t\t\t\t<\/div>\n\t\t\t\t\t<\/div>\n\t\t<\/div>\n\t\t\t\t\t<\/div>\n\t\t<\/section>\n\t\t\t\t<section data-particle_enable=\"false\" data-particle-mobile-disabled=\"false\" class=\"elementor-section elementor-top-section elementor-element elementor-element-9b9ef90 elementor-section-boxed elementor-section-height-default elementor-section-height-default\" data-id=\"9b9ef90\" data-element_type=\"section\" data-e-type=\"section\">\n\t\t\t\t\t\t<div class=\"elementor-container elementor-column-gap-default\">\n\t\t\t\t\t<div class=\"elementor-column elementor-col-100 elementor-top-column elementor-element elementor-element-48635c9\" data-id=\"48635c9\" data-element_type=\"column\" data-e-type=\"column\">\n\t\t\t<div class=\"elementor-widget-wrap elementor-element-populated\">\n\t\t\t\t\t\t<div class=\"elementor-element elementor-element-ae06e55 elementor-widget elementor-widget-text-editor\" data-id=\"ae06e55\" data-element_type=\"widget\" data-e-type=\"widget\" data-widget_type=\"text-editor.default\">\n\t\t\t\t\t\t\t\t\t<p>Ren\u00e9 Corado busca apoyo de personas y empresas para poder continuar y ampliar los programas educativos. Uno de ellos se encuentra en una escuela cercana al basurero de la zona 3 capitalina. Est\u00e1 convencido de que la educaci\u00f3n abre puertas y transforma futuros, pero sobre todo, de que en la ni\u00f1ez guatemalteca existe un inmenso potencial que es un tesoro para el pa\u00eds.<\/p><p>As\u00ed que si usted quiere conocer la vida de este migrante guatemalteco y tambi\u00e9n saludarlo personalmente, asista a la proyecci\u00f3n del viernes 8 de diciembre en Antigua Guatemala.\u00a0<\/p>\t\t\t\t\t\t\t\t<\/div>\n\t\t\t\t\t<\/div>\n\t\t<\/div>\n\t\t\t\t\t<\/div>\n\t\t<\/section>\n\t\t\t\t<section data-particle_enable=\"false\" data-particle-mobile-disabled=\"false\" class=\"elementor-section elementor-top-section elementor-element elementor-element-67929c5 elementor-section-boxed elementor-section-height-default elementor-section-height-default\" data-id=\"67929c5\" data-element_type=\"section\" data-e-type=\"section\">\n\t\t\t\t\t\t<div class=\"elementor-container elementor-column-gap-default\">\n\t\t\t\t\t<div class=\"elementor-column elementor-col-100 elementor-top-column elementor-element elementor-element-1787f38\" data-id=\"1787f38\" data-element_type=\"column\" data-e-type=\"column\">\n\t\t\t<div class=\"elementor-widget-wrap elementor-element-populated\">\n\t\t\t\t\t\t<div class=\"elementor-element elementor-element-6a35298 elementor-widget elementor-widget-image\" data-id=\"6a35298\" data-element_type=\"widget\" data-e-type=\"widget\" data-widget_type=\"image.default\">\n\t\t\t\t\t\t\t\t\t\t\t\t<figure class=\"wp-caption\">\n\t\t\t\t\t\t\t\t\t\t<img loading=\"lazy\" decoding=\"async\" width=\"768\" height=\"538\" src=\"https:\/\/soymigrante.com\/revista\/wp-content\/uploads\/2023\/12\/lustrador-ninos-horizontal-e1701535937614.webp\" class=\"attachment-large size-large wp-image-3610\" alt=\"\" srcset=\"https:\/\/soymigrante.com\/revista\/wp-content\/uploads\/2023\/12\/lustrador-ninos-horizontal-e1701535937614.webp 899w, https:\/\/soymigrante.com\/revista\/wp-content\/uploads\/2023\/12\/lustrador-ninos-horizontal-e1701535937614-300x210.webp 300w, https:\/\/soymigrante.com\/revista\/wp-content\/uploads\/2023\/12\/lustrador-ninos-horizontal-e1701535937614-768x538.webp 768w, https:\/\/soymigrante.com\/revista\/wp-content\/uploads\/2023\/12\/lustrador-ninos-horizontal-e1701535937614-750x526.webp 750w\" sizes=\"(max-width: 768px) 100vw, 768px\" title=\"La historia de El Lustradur expone el poder de los sue\u00f1os, del trabajo honrado y de creer en el propio potencial \u2013 SoyMigrante.com REVISTA\" \/>\t\t\t\t\t\t\t\t\t\t\t<figcaption class=\"widget-image-caption wp-caption-text\">La historia de El Lustradur expone el poder de los sue\u00f1os, del trabajo honrado y de creer en el propio potencial<\/figcaption>\n\t\t\t\t\t\t\t\t\t\t<\/figure>\n\t\t\t\t\t\t\t\t\t<\/div>\n\t\t\t\t\t<\/div>\n\t\t<\/div>\n\t\t\t\t\t<\/div>\n\t\t<\/section>\n\t\t\t\t<section data-particle_enable=\"false\" data-particle-mobile-disabled=\"false\" class=\"elementor-section elementor-top-section elementor-element elementor-element-3596fa1 elementor-section-boxed elementor-section-height-default elementor-section-height-default\" data-id=\"3596fa1\" data-element_type=\"section\" data-e-type=\"section\">\n\t\t\t\t\t\t<div class=\"elementor-container elementor-column-gap-default\">\n\t\t\t\t\t<div class=\"elementor-column elementor-col-100 elementor-top-column elementor-element elementor-element-8e7288f\" data-id=\"8e7288f\" data-element_type=\"column\" data-e-type=\"column\">\n\t\t\t<div class=\"elementor-widget-wrap elementor-element-populated\">\n\t\t\t\t\t\t<div class=\"elementor-element elementor-element-102c215 elementor-widget elementor-widget-heading\" data-id=\"102c215\" data-element_type=\"widget\" data-e-type=\"widget\" data-widget_type=\"heading.default\">\n\t\t\t\t\t<h2 class=\"elementor-heading-title elementor-size-default\">Si desea conocer m\u00e1s sobre la vida de Ren\u00e9 <\/h2>\t\t\t\t<\/div>\n\t\t\t\t\t<\/div>\n\t\t<\/div>\n\t\t\t\t\t<\/div>\n\t\t<\/section>\n\t\t\t\t<section data-particle_enable=\"false\" data-particle-mobile-disabled=\"false\" class=\"elementor-section elementor-top-section elementor-element elementor-element-90d549e elementor-section-boxed elementor-section-height-default elementor-section-height-default\" data-id=\"90d549e\" data-element_type=\"section\" data-e-type=\"section\">\n\t\t\t\t\t\t<div class=\"elementor-container elementor-column-gap-default\">\n\t\t\t\t\t<div class=\"elementor-column elementor-col-100 elementor-top-column elementor-element elementor-element-59e168a\" data-id=\"59e168a\" data-element_type=\"column\" data-e-type=\"column\">\n\t\t\t<div class=\"elementor-widget-wrap elementor-element-populated\">\n\t\t\t\t\t\t<div class=\"elementor-element elementor-element-daa1b2b elementor-grid-eael-col-1 elementor-grid-tablet-eael-col-2 elementor-grid-mobile-eael-col-1 elementor-widget elementor-widget-eael-post-grid\" data-id=\"daa1b2b\" data-element_type=\"widget\" data-e-type=\"widget\" data-settings=\"{&quot;eael_post_grid_columns&quot;:&quot;eael-col-1&quot;,&quot;eael_post_grid_columns_tablet&quot;:&quot;eael-col-2&quot;,&quot;eael_post_grid_columns_mobile&quot;:&quot;eael-col-1&quot;}\" data-widget_type=\"eael-post-grid.default\">\n\t\t\t\t\t<div id=\"eael-post-grid-daa1b2b\" class=\"eael-post-grid-container\">\n            <div class=\"eael-post-grid eael-post-appender eael-post-appender-daa1b2b eael-post-grid-style-one\" data-layout-mode=\"masonry\"><article class=\"eael-grid-post  eael-post-grid-column eael-pg-post-763 category-exitos-guatemala tags-california\" data-id=\"763\">\n        <div class=\"eael-grid-post-holder\">\n            <div class=\"eael-grid-post-holder-inner\"><div class=\"eael-entry-media\"><div class=\"eael-entry-overlay fade-in\"><i class=\"fas fa-long-arrow-alt-right\" aria-hidden=\"true\"><\/i><a href=\"https:\/\/soymigrante.com\/revista\/biologo-lustra-el-mayor-tesoro-de-guatemala\/\"><\/a><\/div><div class=\"eael-entry-thumbnail \">\n                <img loading=\"lazy\" decoding=\"async\" width=\"300\" height=\"225\" src=\"https:\/\/soymigrante.com\/revista\/wp-content\/uploads\/2023\/03\/SOY-MIGRANTE-RENE-CORADO-BIOLOGO-4-300x225.webp\" class=\"attachment-medium size-medium wp-image-809\" alt=\"Ren\u00e9 Corado, migrante y biologo director del museo de aves de Oxnard, California\" srcset=\"https:\/\/soymigrante.com\/revista\/wp-content\/uploads\/2023\/03\/SOY-MIGRANTE-RENE-CORADO-BIOLOGO-4-300x225.webp 300w, https:\/\/soymigrante.com\/revista\/wp-content\/uploads\/2023\/03\/SOY-MIGRANTE-RENE-CORADO-BIOLOGO-4-1024x769.jpg 1024w, https:\/\/soymigrante.com\/revista\/wp-content\/uploads\/2023\/03\/SOY-MIGRANTE-RENE-CORADO-BIOLOGO-4-768x577.jpg 768w, https:\/\/soymigrante.com\/revista\/wp-content\/uploads\/2023\/03\/SOY-MIGRANTE-RENE-CORADO-BIOLOGO-4-1536x1154.jpg 1536w, https:\/\/soymigrante.com\/revista\/wp-content\/uploads\/2023\/03\/SOY-MIGRANTE-RENE-CORADO-BIOLOGO-4-2048x1539.jpg 2048w, https:\/\/soymigrante.com\/revista\/wp-content\/uploads\/2023\/03\/SOY-MIGRANTE-RENE-CORADO-BIOLOGO-4-750x563.webp 750w, https:\/\/soymigrante.com\/revista\/wp-content\/uploads\/2023\/03\/SOY-MIGRANTE-RENE-CORADO-BIOLOGO-4-1140x856.jpg 1140w, https:\/\/soymigrante.com\/revista\/wp-content\/uploads\/2023\/03\/SOY-MIGRANTE-RENE-CORADO-BIOLOGO-4-scaled.webp 1920w\" sizes=\"(max-width: 300px) 100vw, 300px\" \/>\n            <\/div>\n        <\/div><div class=\"eael-entry-wrapper\"><header class=\"eael-entry-header\"><h1 class=\"eael-entry-title\"><a class=\"eael-grid-post-link\" href=\"https:\/\/soymigrante.com\/revista\/biologo-lustra-el-mayor-tesoro-de-guatemala\/\" title=\"Bi\u00f3logo migrante Ren\u00e9 Corado lustra el mayor tesoro de Guatemala\">Bi\u00f3logo migrante Ren\u00e9 Corado lustra el mayor tesoro de Guatemala<\/a><\/h1><\/header><div class=\"eael-entry-content\">\n                        <div class=\"eael-grid-post-excerpt\"><p>El bi\u00f3logo, escritor y migrante Ren\u00e9 Corado dirige el museo de aves de Camarillo, California; su ni\u00f1ez en Guatemala fue dif\u00edcil y...<\/p><a href=\"https:\/\/soymigrante.com\/revista\/biologo-lustra-el-mayor-tesoro-de-guatemala\/\" class=\"eael-post-elements-readmore-btn\">Conozca m\u00e1s sobre su trayectoria<\/a><\/div>\n                    <\/div><\/div><\/div>\n        <\/div>\n    <\/article><\/div>\n            <div class=\"clearfix\"><\/div>\n        <\/div>\t\t\t\t<\/div>\n\t\t\t\t\t<\/div>\n\t\t<\/div>\n\t\t\t\t\t<\/div>\n\t\t<\/section>\n\t\t\t\t<\/div>\n\t\t","protected":false},"excerpt":{"rendered":"<p>Contribuir a la mejora educativa de la ni\u00f1ez de Guatemala es la meta del migrante Ren\u00e9 Corado, cuyo documental El Lustrador, recibi\u00f3 dos premios en festival de cine en Antigua Guatemala Dos premios recibi\u00f3 el documental de Ren\u00e9 Corado, bi\u00f3logo migrante guatemalteco, en el Festival de Cine de Antigua, celebrado del 7 al 9 de [&hellip;]<\/p>\n","protected":false},"author":7,"featured_media":3789,"comment_status":"open","ping_status":"open","sticky":false,"template":"","format":"standard","meta":{"_acf_changed":false,"_eb_attr":"","footnotes":""},"categories":[54],"tags":[],"class_list":["post-3605","post","type-post","status-publish","format-standard","has-post-thumbnail","hentry","category-estamos-unidos"],"acf":[],"aioseo_notices":[],"aioseo_head":"\n\t\t<!-- All in One SEO Pro 4.9.6.2 - aioseo.com -->\n\t<meta name=\"description\" content=\"El bi\u00f3logo, escritor y migrante Ren\u00e9 Corado dirige el museo de aves de Camarillo, California; su ni\u00f1ez en Guatemala fue dif\u00edcil y por eso impulsa la educaci\u00f3n en su pa\u00eds. La vida del migrante guatemalteco Ren\u00e9 Corado est\u00e1 hecha de imposibles convertidos en posibilidad. \u00bfC\u00f3mo un ni\u00f1o lustrador llega a ser director de uno de\" \/>\n\t<meta name=\"robots\" content=\"max-snippet:-1, max-image-preview:large, max-video-preview:-1\" \/>\n\t<meta name=\"author\" content=\"Gustavo Montenegro\"\/>\n\t<link rel=\"canonical\" href=\"https:\/\/soymigrante.com\/revista\/migrante-rene-corado-documental-el-lustrador-en-guatemala\/\" \/>\n\t<meta name=\"generator\" content=\"All in One SEO Pro (AIOSEO) 4.9.6.2\" \/>\n\n\t\t<link rel=\"preconnect\" href=\"https:\/\/fonts.googleapis.com\" crossorigin>\n<link rel=\"preconnect\" href=\"https:\/\/fonts.gstatic.com\" crossorigin>\n\t\t<meta property=\"og:locale\" content=\"es_ES\" \/>\n\t\t<meta property=\"og:site_name\" content=\"SoyMigrante.com REVISTA \u2013 Nuestra misi\u00f3n es reconocer y dignificar al migrante.\" \/>\n\t\t<meta property=\"og:type\" content=\"article\" \/>\n\t\t<meta property=\"og:title\" content=\"Con 2 premios se estren\u00f3 documental El Lustrador del migrante Ren\u00e9 Corado\" \/>\n\t\t<meta property=\"og:description\" content=\"Contribuir a la mejora educativa de la ni\u00f1ez de Guatemala es la meta del migrante Ren\u00e9 Corado, cuyo documental El Lustrador, recibi\u00f3 dos premios en festival de cine en Antigua Guatemala Premios de estreno para un largo esfuerzo El premio al Mejor Corto Documental Guatemalteco y una Menci\u00f3n Honor\u00edfica por mejor Direcci\u00f3n Internacional obtuvo el\" \/>\n\t\t<meta property=\"og:url\" content=\"https:\/\/soymigrante.com\/revista\/migrante-rene-corado-documental-el-lustrador-en-guatemala\/\" \/>\n\t\t<meta property=\"og:image\" content=\"https:\/\/soymigrante.com\/revista\/wp-content\/uploads\/2023\/12\/anti1-1.webp\" \/>\n\t\t<meta property=\"og:image:secure_url\" content=\"https:\/\/soymigrante.com\/revista\/wp-content\/uploads\/2023\/12\/anti1-1.webp\" \/>\n\t\t<meta property=\"og:image:width\" content=\"827\" \/>\n\t\t<meta property=\"og:image:height\" content=\"709\" \/>\n\t\t<meta property=\"article:published_time\" content=\"2023-12-11T17:27:57+00:00\" \/>\n\t\t<meta property=\"article:modified_time\" content=\"2024-11-01T16:02:47+00:00\" \/>\n\t\t<meta property=\"article:publisher\" content=\"https:\/\/www.facebook.com\/soymigrantecom\" \/>\n\t\t<meta name=\"twitter:card\" content=\"summary_large_image\" \/>\n\t\t<meta name=\"twitter:site\" content=\"@SoyMigrante_com\" \/>\n\t\t<meta name=\"twitter:title\" content=\"Con 2 premios se estren\u00f3 documental El Lustrador del migrante Ren\u00e9 Corado\" \/>\n\t\t<meta name=\"twitter:description\" content=\"Contribuir a la mejora educativa de la ni\u00f1ez de Guatemala es la meta del migrante Ren\u00e9 Corado, cuyo documental El Lustrador, recibi\u00f3 dos premios en festival de cine en Antigua Guatemala Premios de estreno para un largo esfuerzo El premio al Mejor Corto Documental Guatemalteco y una Menci\u00f3n Honor\u00edfica por mejor Direcci\u00f3n Internacional obtuvo el\" \/>\n\t\t<meta name=\"twitter:creator\" content=\"@SoyMigrante_com\" \/>\n\t\t<meta name=\"twitter:image\" content=\"https:\/\/soymigrante.com\/revista\/wp-content\/uploads\/2023\/12\/anti1-1.webp\" \/>\n\t\t<!-- All in One SEO Pro -->\r\n\t\t<title>Con 2 premios se estren\u00f3 documental El Lustrador del migrante Ren\u00e9 Corado<\/title>\n\n","aioseo_head_json":{"title":"Con 2 premios se estren\u00f3 documental El Lustrador del migrante Ren\u00e9 Corado","description":"Contribuir a la mejora educativa de la ni\u00f1ez de Guatemala es la meta del migrante Ren\u00e9 Corado, cuyo documental El Lustrador, recibi\u00f3 dos premios en festival de cine en Antigua Guatemala Premios de estreno para un largo esfuerzo El premio al Mejor Corto Documental Guatemalteco y una Menci\u00f3n Honor\u00edfica por mejor Direcci\u00f3n Internacional obtuvo el","canonical_url":"https:\/\/soymigrante.com\/revista\/migrante-rene-corado-documental-el-lustrador-en-guatemala\/","robots":"max-snippet:-1, max-image-preview:large, max-video-preview:-1","keywords":"","webmasterTools":{"miscellaneous":"&lt;link rel=\"preconnect\" href=\"https:\/\/fonts.googleapis.com\" crossorigin&gt;\n&lt;link rel=\"preconnect\" href=\"https:\/\/fonts.gstatic.com\" crossorigin&gt;"},"schema":null,"og:locale":"es_ES","og:site_name":"SoyMigrante.com REVISTA \u2013 Nuestra misi\u00f3n es reconocer y dignificar al migrante.","og:type":"article","og:title":"Con 2 premios se estren\u00f3 documental El Lustrador del migrante Ren\u00e9 Corado","og:description":"Contribuir a la mejora educativa de la ni\u00f1ez de Guatemala es la meta del migrante Ren\u00e9 Corado, cuyo documental El Lustrador, recibi\u00f3 dos premios en festival de cine en Antigua Guatemala Premios de estreno para un largo esfuerzo El premio al Mejor Corto Documental Guatemalteco y una Menci\u00f3n Honor\u00edfica por mejor Direcci\u00f3n Internacional obtuvo el","og:url":"https:\/\/soymigrante.com\/revista\/migrante-rene-corado-documental-el-lustrador-en-guatemala\/","og:image":"https:\/\/soymigrante.com\/revista\/wp-content\/uploads\/2023\/12\/anti1-1.webp","og:image:secure_url":"https:\/\/soymigrante.com\/revista\/wp-content\/uploads\/2023\/12\/anti1-1.webp","og:image:width":827,"og:image:height":709,"article:published_time":"2023-12-11T17:27:57+00:00","article:modified_time":"2024-11-01T16:02:47+00:00","article:publisher":"https:\/\/www.facebook.com\/soymigrantecom","twitter:card":"summary_large_image","twitter:site":"@SoyMigrante_com","twitter:title":"Con 2 premios se estren\u00f3 documental El Lustrador del migrante Ren\u00e9 Corado","twitter:description":"Contribuir a la mejora educativa de la ni\u00f1ez de Guatemala es la meta del migrante Ren\u00e9 Corado, cuyo documental El Lustrador, recibi\u00f3 dos premios en festival de cine en Antigua Guatemala Premios de estreno para un largo esfuerzo El premio al Mejor Corto Documental Guatemalteco y una Menci\u00f3n Honor\u00edfica por mejor Direcci\u00f3n Internacional obtuvo el","twitter:creator":"@SoyMigrante_com","twitter:image":"https:\/\/soymigrante.com\/revista\/wp-content\/uploads\/2023\/12\/anti1-1.webp"},"aioseo_meta_data":{"post_id":"3605","title":null,"description":null,"keywords":[],"keyphrases":{"focus":{"keyphrase":"Migrante","score":74,"analysis":{"keyphraseInTitle":{"score":9,"maxScore":9,"error":0},"keyphraseInDescription":{"score":9,"maxScore":9,"error":0},"keyphraseLength":{"score":9,"maxScore":9,"error":0,"length":1},"keyphraseInURL":{"score":5,"maxScore":5,"error":0},"keyphraseInIntroduction":{"score":3,"maxScore":9,"error":1},"keyphraseInSubHeadings":{"score":3,"maxScore":9,"error":1},"keyphraseInImageAlt":{"score":3,"maxScore":9,"error":1},"keywordDensity":{"type":"best","score":9,"maxScore":9,"error":0}}},"additional":[]},"primary_term":null,"canonical_url":null,"og_title":null,"og_description":null,"og_object_type":"default","og_image_type":"default","og_image_url":null,"og_image_width":null,"og_image_height":null,"og_image_custom_url":null,"og_image_custom_fields":null,"og_video":"","og_custom_url":null,"og_article_section":null,"og_article_tags":[],"twitter_use_og":false,"twitter_card":"default","twitter_image_type":"default","twitter_image_url":null,"twitter_image_custom_url":null,"twitter_image_custom_fields":null,"twitter_title":null,"twitter_description":null,"schema":{"blockGraphs":[],"customGraphs":[],"default":{"data":{"Article":[],"Course":[],"Dataset":[],"FAQPage":[],"Movie":[],"Person":[],"Product":[],"ProductReview":[],"Car":[],"Recipe":[],"Service":[],"SoftwareApplication":[],"WebPage":[]},"graphName":"BlogPosting","isEnabled":true},"graphs":[]},"schema_type":"default","schema_type_options":null,"pillar_content":false,"robots_default":true,"robots_noindex":false,"robots_noarchive":false,"robots_nosnippet":false,"robots_nofollow":false,"robots_noimageindex":false,"robots_noodp":false,"robots_notranslate":false,"robots_max_snippet":"-1","robots_max_videopreview":"-1","robots_max_imagepreview":"large","priority":null,"frequency":"default","local_seo":null,"seo_analyzer_scan_date":"2025-10-08 20:49:48","breadcrumb_settings":null,"limit_modified_date":false,"reviewed_by":null,"open_ai":null,"ai":null,"created":"2023-12-02 15:21:34","updated":"2026-02-04 10:03:15"},"aioseo_breadcrumb":"<div class=\"aioseo-breadcrumbs\"><span class=\"aioseo-breadcrumb\">\n\t<a href=\"https:\/\/soymigrante.com\/revista\" title=\"Home\">Home<\/a>\n<\/span><span class=\"aioseo-breadcrumb-separator\">\u00bb<\/span><span class=\"aioseo-breadcrumb\">\n\t<a href=\"https:\/\/soymigrante.com\/revista\/category\/estamos-unidos\/\" title=\"Estamos Unidos\">Estamos Unidos<\/a>\n<\/span><span class=\"aioseo-breadcrumb-separator\">\u00bb<\/span><span class=\"aioseo-breadcrumb\">\n\tCon 2 premios se estren\u00f3 documental El Lustrador del migrante Ren\u00e9 Corado\n<\/span><\/div>","aioseo_breadcrumb_json":[{"label":"Home","link":"https:\/\/soymigrante.com\/revista"},{"label":"Estamos Unidos","link":"https:\/\/soymigrante.com\/revista\/category\/estamos-unidos\/"},{"label":"Con 2 premios se estren\u00f3 documental El Lustrador del migrante Ren\u00e9 Corado","link":"https:\/\/soymigrante.com\/revista\/migrante-rene-corado-documental-el-lustrador-en-guatemala\/"}],"_links":{"self":[{"href":"https:\/\/soymigrante.com\/revista\/wp-json\/wp\/v2\/posts\/3605","targetHints":{"allow":["GET"]}}],"collection":[{"href":"https:\/\/soymigrante.com\/revista\/wp-json\/wp\/v2\/posts"}],"about":[{"href":"https:\/\/soymigrante.com\/revista\/wp-json\/wp\/v2\/types\/post"}],"author":[{"embeddable":true,"href":"https:\/\/soymigrante.com\/revista\/wp-json\/wp\/v2\/users\/7"}],"replies":[{"embeddable":true,"href":"https:\/\/soymigrante.com\/revista\/wp-json\/wp\/v2\/comments?post=3605"}],"version-history":[{"count":0,"href":"https:\/\/soymigrante.com\/revista\/wp-json\/wp\/v2\/posts\/3605\/revisions"}],"wp:featuredmedia":[{"embeddable":true,"href":"https:\/\/soymigrante.com\/revista\/wp-json\/wp\/v2\/media\/3789"}],"wp:attachment":[{"href":"https:\/\/soymigrante.com\/revista\/wp-json\/wp\/v2\/media?parent=3605"}],"wp:term":[{"taxonomy":"category","embeddable":true,"href":"https:\/\/soymigrante.com\/revista\/wp-json\/wp\/v2\/categories?post=3605"},{"taxonomy":"post_tag","embeddable":true,"href":"https:\/\/soymigrante.com\/revista\/wp-json\/wp\/v2\/tags?post=3605"}],"curies":[{"name":"wp","href":"https:\/\/api.w.org\/{rel}","templated":true}]}}