{"id":36011,"date":"2025-06-11T05:00:00","date_gmt":"2025-06-11T11:00:00","guid":{"rendered":"https:\/\/soymigrante.com\/revista\/?p=36011"},"modified":"2025-08-27T09:23:26","modified_gmt":"2025-08-27T15:23:26","slug":"como-se-debe-tratar-un-absceso-dental-odontologa-lo-explica-paso-a-paso","status":"publish","type":"post","link":"https:\/\/soymigrante.com\/revista\/como-se-debe-tratar-un-absceso-dental-odontologa-lo-explica-paso-a-paso\/","title":{"rendered":"\u00bfC\u00f3mo  se debe tratar un absceso dental? Odont\u00f3loga lo explica  paso a paso"},"content":{"rendered":"\t\t<div data-elementor-type=\"wp-post\" data-elementor-id=\"36011\" class=\"elementor elementor-36011\" data-elementor-post-type=\"post\">\n\t\t\t\t<div data-particle_enable=\"false\" data-particle-mobile-disabled=\"false\" class=\"elementor-element elementor-element-ced535e e-flex e-con-boxed e-con e-parent\" data-id=\"ced535e\" data-element_type=\"container\" data-e-type=\"container\">\n\t\t\t\t\t<div class=\"e-con-inner\">\n\t\t\t\t<div class=\"elementor-element elementor-element-2fc2532 elementor-widget elementor-widget-heading\" data-id=\"2fc2532\" data-element_type=\"widget\" data-e-type=\"widget\" data-widget_type=\"heading.default\">\n\t\t\t\t\t<h2 class=\"elementor-heading-title elementor-size-default\">Un absceso dental es una acumulaci\u00f3n de pus causada por una infecci\u00f3n bacteriana. <\/h2>\t\t\t\t<\/div>\n\t\t\t\t\t<\/div>\n\t\t\t\t<\/div>\n\t\t<div data-particle_enable=\"false\" data-particle-mobile-disabled=\"false\" class=\"elementor-element elementor-element-4dad291 e-flex e-con-boxed e-con e-parent\" data-id=\"4dad291\" data-element_type=\"container\" data-e-type=\"container\">\n\t\t\t\t\t<div class=\"e-con-inner\">\n\t\t\t\t<div class=\"elementor-element elementor-element-2c77a15 elementor-widget elementor-widget-text-editor\" data-id=\"2c77a15\" data-element_type=\"widget\" data-e-type=\"widget\" data-widget_type=\"text-editor.default\">\n\t\t\t\t\t\t\t\t\t<p><a href=\"https:\/\/soymigrante.com\/revista\/tratamientos-dentales-mas-se-practican-migrantes-guatemaltecos-al-visitar-guatemala\/\" target=\"_blank\" rel=\"noopener\">Un absceso dental es una acumulaci\u00f3n de pus causada por una infecci\u00f3n bacteriana<\/a> en el diente o las enc\u00edas. Aunque al inicio puede parecer solo una inflamaci\u00f3n o dolor leve, si no se trata a tiempo, puede generar complicaciones serias que incluso se extienden al rostro o al cuello.<\/p><p>Para entender c\u00f3mo debe tratarse correctamente un absceso, la odont\u00f3loga guatemalteca Dra. Mariana L\u00f3pez, especialista en endodoncia, explica que \u201cel tratamiento depende de la gravedad del absceso y de si el diente afectado puede salvarse o no\u201d.<\/p>\t\t\t\t\t\t\t\t<\/div>\n\t\t\t\t\t<\/div>\n\t\t\t\t<\/div>\n\t\t<div data-particle_enable=\"false\" data-particle-mobile-disabled=\"false\" class=\"elementor-element elementor-element-54af96e e-flex e-con-boxed e-con e-parent\" data-id=\"54af96e\" data-element_type=\"container\" data-e-type=\"container\">\n\t\t\t\t\t<div class=\"e-con-inner\">\n\t\t\t\t<div class=\"elementor-element elementor-element-a3108f8 elementor-widget elementor-widget-heading\" data-id=\"a3108f8\" data-element_type=\"widget\" data-e-type=\"widget\" data-widget_type=\"heading.default\">\n\t\t\t\t\t<h3 class=\"elementor-heading-title elementor-size-default\">\u00bfQu\u00e9 hacer ante los primeros s\u00edntomas?<\/h3>\t\t\t\t<\/div>\n\t\t\t\t\t<\/div>\n\t\t\t\t<\/div>\n\t\t<div data-particle_enable=\"false\" data-particle-mobile-disabled=\"false\" class=\"elementor-element elementor-element-eaa796c e-flex e-con-boxed e-con e-parent\" data-id=\"eaa796c\" data-element_type=\"container\" data-e-type=\"container\">\n\t\t\t\t\t<div class=\"e-con-inner\">\n\t\t\t\t<div class=\"elementor-element elementor-element-c521725 elementor-widget elementor-widget-text-editor\" data-id=\"c521725\" data-element_type=\"widget\" data-e-type=\"widget\" data-widget_type=\"text-editor.default\">\n\t\t\t\t\t\t\t\t\t<p>\u201cEl absceso puede causar dolor intenso, fiebre, mal aliento, enc\u00edas inflamadas y enrojecidas, y en algunos casos, una bolita de pus visible en la enc\u00eda\u201d, detalla la Dra. L\u00f3pez. En estos casos, lo m\u00e1s importante es no automedicarse y acudir al odont\u00f3logo inmediatamente.<\/p><p>\u201cA veces el dolor disminuye cuando el absceso drena por s\u00ed solo, pero eso no significa que la infecci\u00f3n haya desaparecido. La bacteria sigue activa y puede propagarse a otras partes del cuerpo\u201d, advierte.<\/p>\t\t\t\t\t\t\t\t<\/div>\n\t\t\t\t\t<\/div>\n\t\t\t\t<\/div>\n\t\t<div data-particle_enable=\"false\" data-particle-mobile-disabled=\"false\" class=\"elementor-element elementor-element-2a9482e e-flex e-con-boxed e-con e-parent\" data-id=\"2a9482e\" data-element_type=\"container\" data-e-type=\"container\">\n\t\t\t\t\t<div class=\"e-con-inner\">\n\t\t\t\t<div class=\"elementor-element elementor-element-29e2045 elementor-widget elementor-widget-image\" data-id=\"29e2045\" data-element_type=\"widget\" data-e-type=\"widget\" data-widget_type=\"image.default\">\n\t\t\t\t\t\t\t\t\t\t\t\t<figure class=\"wp-caption\">\n\t\t\t\t\t\t\t\t\t\t<img fetchpriority=\"high\" decoding=\"async\" width=\"768\" height=\"432\" src=\"https:\/\/soymigrante.com\/revista\/wp-content\/uploads\/2025\/06\/abceso-dental-4.webp\" class=\"attachment-large size-large wp-image-36030\" alt=\"Archivo en la nube, radiograf\u00eda dental de un paciente con impacto de muela del juicio, clave para entender problemas odontol\u00f3gicos y tratamiento especializado en salud bucal.\" srcset=\"https:\/\/soymigrante.com\/revista\/wp-content\/uploads\/2025\/06\/abceso-dental-4.webp 1024w, https:\/\/soymigrante.com\/revista\/wp-content\/uploads\/2025\/06\/abceso-dental-4-300x169.jpg 300w, https:\/\/soymigrante.com\/revista\/wp-content\/uploads\/2025\/06\/abceso-dental-4-768x432.jpg 768w, https:\/\/soymigrante.com\/revista\/wp-content\/uploads\/2025\/06\/abceso-dental-4-750x422.jpg 750w\" sizes=\"(max-width: 768px) 100vw, 768px\" title=\"Los abscesos pueden ser peque\u00f1os, pero son m\u00e1s complicados de lo que pensamos. (Foto: ENVATO) \u2013 SoyMigrante.com REVISTA\" \/>\t\t\t\t\t\t\t\t\t\t\t<figcaption class=\"widget-image-caption wp-caption-text\">Radiograf\u00eda de la boca mostrando impacto de muela del juicio, importante para diagn\u00f3sticos dentales y planificaci\u00f3n de tratamientos odontol\u00f3gicos avanzados.<\/figcaption>\n\t\t\t\t\t\t\t\t\t\t<\/figure>\n\t\t\t\t\t\t\t\t\t<\/div>\n\t\t\t\t\t<\/div>\n\t\t\t\t<\/div>\n\t\t<div data-particle_enable=\"false\" data-particle-mobile-disabled=\"false\" class=\"elementor-element elementor-element-ef2d465 e-flex e-con-boxed e-con e-parent\" data-id=\"ef2d465\" data-element_type=\"container\" data-e-type=\"container\">\n\t\t\t\t\t<div class=\"e-con-inner\">\n\t\t\t\t<div class=\"elementor-element elementor-element-54e97b5 elementor-widget elementor-widget-heading\" data-id=\"54e97b5\" data-element_type=\"widget\" data-e-type=\"widget\" data-widget_type=\"heading.default\">\n\t\t\t\t\t<h3 class=\"elementor-heading-title elementor-size-default\">Tratamiento dental: \u00bfqu\u00e9 hace el odont\u00f3logo?<\/h3>\t\t\t\t<\/div>\n\t\t\t\t\t<\/div>\n\t\t\t\t<\/div>\n\t\t<div data-particle_enable=\"false\" data-particle-mobile-disabled=\"false\" class=\"elementor-element elementor-element-2027694 e-flex e-con-boxed e-con e-parent\" data-id=\"2027694\" data-element_type=\"container\" data-e-type=\"container\">\n\t\t\t\t\t<div class=\"e-con-inner\">\n\t\t\t\t<div class=\"elementor-element elementor-element-b63ba0f elementor-widget elementor-widget-text-editor\" data-id=\"b63ba0f\" data-element_type=\"widget\" data-e-type=\"widget\" data-widget_type=\"text-editor.default\">\n\t\t\t\t\t\t\t\t\t<div><a href=\"https:\/\/soymigrante.com\/revista\/tratamientos-dentales-mas-se-practican-migrantes-guatemaltecos-al-visitar-guatemala\/\" target=\"_blank\" rel=\"noopener\">Una vez en la cl\u00ednica, el tratamiento depender\u00e1 del diagn\u00f3stico.<\/a> Seg\u00fan la Dra. L\u00f3pez, los pasos habituales son los siguientes:<\/div><div><strong>1.Drenar el absceso:<\/strong><\/div><div>\u201cLo primero que se hace es abrir el \u00e1rea afectada para permitir la salida del pus. Esto se puede hacer directamente en la enc\u00eda o a trav\u00e9s del diente si el absceso est\u00e1 en la ra\u00edz\u201d.<\/div><div><strong>2.Antibi\u00f3ticos:<\/strong><\/div><div>\u201cEn algunos casos recetamos antibi\u00f3ticos, pero no siempre. Solo si hay fiebre, inflamaci\u00f3n general o riesgo de que la infecci\u00f3n se disemine. El antibi\u00f3tico es un complemento, no una soluci\u00f3n por s\u00ed sola\u201d.<\/div><div><strong>3.Tratamiento del diente afectado:<\/strong><\/div><div>\u201cSi el diente puede salvarse, se realiza una endodoncia o tratamiento de canal. Esto permite eliminar el tejido infectado dentro del diente y sellarlo para evitar nuevas infecciones\u201d.<\/div><div><strong>4.Extracci\u00f3n del diente (si es necesario):<\/strong><\/div><div>\u201cCuando el diente est\u00e1 muy destruido o la infecci\u00f3n ha da\u00f1ado mucho el hueso, se debe extraer. Despu\u00e9s de eso, se eval\u00faan opciones como implantes o puentes dentales\u201d.<\/div><div><strong>5.Revisi\u00f3n y seguimiento:<\/strong><\/div><div>\u201cEs vital que el paciente regrese a revisi\u00f3n. Muchos creen que con el antibi\u00f3tico ya est\u00e1n curados y no terminan el tratamiento, lo que puede causar reca\u00eddas\u201d.<\/div>\t\t\t\t\t\t\t\t<\/div>\n\t\t\t\t\t<\/div>\n\t\t\t\t<\/div>\n\t\t<div data-particle_enable=\"false\" data-particle-mobile-disabled=\"false\" class=\"elementor-element elementor-element-52d87b9 e-flex e-con-boxed e-con e-parent\" data-id=\"52d87b9\" data-element_type=\"container\" data-e-type=\"container\">\n\t\t\t\t\t<div class=\"e-con-inner\">\n\t\t\t\t<div class=\"elementor-element elementor-element-36bea68 elementor-widget elementor-widget-heading\" data-id=\"36bea68\" data-element_type=\"widget\" data-e-type=\"widget\" data-widget_type=\"heading.default\">\n\t\t\t\t\t<h3 class=\"elementor-heading-title elementor-size-default\">\u00bfQu\u00e9 no se debe hacer?<\/h3>\t\t\t\t<\/div>\n\t\t\t\t\t<\/div>\n\t\t\t\t<\/div>\n\t\t<div data-particle_enable=\"false\" data-particle-mobile-disabled=\"false\" class=\"elementor-element elementor-element-94ebf0e e-flex e-con-boxed e-con e-parent\" data-id=\"94ebf0e\" data-element_type=\"container\" data-e-type=\"container\">\n\t\t\t\t\t<div class=\"e-con-inner\">\n\t\t\t\t<div class=\"elementor-element elementor-element-c962716 elementor-widget elementor-widget-text-editor\" data-id=\"c962716\" data-element_type=\"widget\" data-e-type=\"widget\" data-widget_type=\"text-editor.default\">\n\t\t\t\t\t\t\t\t\t<p><strong>La odont\u00f3loga es clara en este punto:<\/strong><br \/>\u201cNo se debe reventar el absceso en casa, ni aplicar remedios caseros como agua caliente o alcohol directamente en la enc\u00eda. Eso puede empeorar la infecci\u00f3n o causar quemaduras\u201d.<\/p><p><a href=\"https:\/\/soymigrante.com\/revista\/tratamientos-dentales-mas-se-practican-migrantes-guatemaltecos-al-visitar-guatemala\/\" target=\"_blank\" rel=\"noopener\">Tambi\u00e9n desaconseja tomar antibi\u00f3ticos sin receta m\u00e9dica:<\/a><br \/>\u201cLos antibi\u00f3ticos mal usados no solo son inefectivos, sino que tambi\u00e9n crean resistencia bacteriana. Siempre deben usarse con indicaci\u00f3n profesional\u201d.<\/p>\t\t\t\t\t\t\t\t<\/div>\n\t\t\t\t\t<\/div>\n\t\t\t\t<\/div>\n\t\t<div data-particle_enable=\"false\" data-particle-mobile-disabled=\"false\" class=\"elementor-element elementor-element-b3d5667 e-flex e-con-boxed e-con e-parent\" data-id=\"b3d5667\" data-element_type=\"container\" data-e-type=\"container\">\n\t\t\t\t\t<div class=\"e-con-inner\">\n\t\t\t\t<div class=\"elementor-element elementor-element-fff36ae elementor-widget elementor-widget-image\" data-id=\"fff36ae\" data-element_type=\"widget\" data-e-type=\"widget\" data-widget_type=\"image.default\">\n\t\t\t\t\t\t\t\t\t\t\t\t<figure class=\"wp-caption\">\n\t\t\t\t\t\t\t\t\t\t<img decoding=\"async\" width=\"768\" height=\"464\" src=\"https:\/\/soymigrante.com\/revista\/wp-content\/uploads\/2025\/06\/abceso-dental-2-1-1024x618.jpg\" class=\"attachment-large size-large wp-image-36031\" alt=\"Dientes blancos y sonrisa saludable en una imagen cercana de boca y labios.\" srcset=\"https:\/\/soymigrante.com\/revista\/wp-content\/uploads\/2025\/06\/abceso-dental-2-1-1024x618.jpg 1024w, https:\/\/soymigrante.com\/revista\/wp-content\/uploads\/2025\/06\/abceso-dental-2-1-300x181.jpg 300w, https:\/\/soymigrante.com\/revista\/wp-content\/uploads\/2025\/06\/abceso-dental-2-1-768x463.jpg 768w, https:\/\/soymigrante.com\/revista\/wp-content\/uploads\/2025\/06\/abceso-dental-2-1-1536x927.jpg 1536w, https:\/\/soymigrante.com\/revista\/wp-content\/uploads\/2025\/06\/abceso-dental-2-1-750x453.jpg 750w, https:\/\/soymigrante.com\/revista\/wp-content\/uploads\/2025\/06\/abceso-dental-2-1-1140x688.jpg 1140w, https:\/\/soymigrante.com\/revista\/wp-content\/uploads\/2025\/06\/abceso-dental-2-1.webp 1920w\" sizes=\"(max-width: 768px) 100vw, 768px\" title=\"El absceso se puede extender hasta el cuello. (Foto: ENVATO) \u2013 SoyMigrante.com REVISTA\" \/>\t\t\t\t\t\t\t\t\t\t\t<figcaption class=\"widget-image-caption wp-caption-text\">Sonrisa y salud bucal en revista SoyMigrante.com, enfoque en bienestar de migrantes y temas de salud.<\/figcaption>\n\t\t\t\t\t\t\t\t\t\t<\/figure>\n\t\t\t\t\t\t\t\t\t<\/div>\n\t\t\t\t\t<\/div>\n\t\t\t\t<\/div>\n\t\t<div data-particle_enable=\"false\" data-particle-mobile-disabled=\"false\" class=\"elementor-element elementor-element-4e42124 e-flex e-con-boxed e-con e-parent\" data-id=\"4e42124\" data-element_type=\"container\" data-e-type=\"container\">\n\t\t\t\t\t<div class=\"e-con-inner\">\n\t\t\t\t<div class=\"elementor-element elementor-element-1df744e elementor-widget elementor-widget-heading\" data-id=\"1df744e\" data-element_type=\"widget\" data-e-type=\"widget\" data-widget_type=\"heading.default\">\n\t\t\t\t\t<h3 class=\"elementor-heading-title elementor-size-default\">Prevenci\u00f3n<\/h3>\t\t\t\t<\/div>\n\t\t\t\t\t<\/div>\n\t\t\t\t<\/div>\n\t\t<div data-particle_enable=\"false\" data-particle-mobile-disabled=\"false\" class=\"elementor-element elementor-element-d89c264 e-flex e-con-boxed e-con e-parent\" data-id=\"d89c264\" data-element_type=\"container\" data-e-type=\"container\">\n\t\t\t\t\t<div class=\"e-con-inner\">\n\t\t\t\t<div class=\"elementor-element elementor-element-ee6eb84 elementor-widget elementor-widget-text-editor\" data-id=\"ee6eb84\" data-element_type=\"widget\" data-e-type=\"widget\" data-widget_type=\"text-editor.default\">\n\t\t\t\t\t\t\t\t\t<p>Finalmente, la Dra. L\u00f3pez <a href=\"https:\/\/soymigrante.com\/revista\/tratamientos-dentales-mas-se-practican-migrantes-guatemaltecos-al-visitar-guatemala\/\" target=\"_blank\" rel=\"noopener\">recuerda que la mejor forma de evitar un absceso es mantener una buena higiene bucal y acudir al dentista regularmente.<\/a><br \/>\u201cLa mayor\u00eda de abscesos se originan en caries profundas que no se trataron a tiempo o en enc\u00edas descuidadas. Una limpieza dental cada seis meses puede prevenir muchos problemas mayores\u201d, concluye.<\/p>\t\t\t\t\t\t\t\t<\/div>\n\t\t\t\t\t<\/div>\n\t\t\t\t<\/div>\n\t\t<div data-particle_enable=\"false\" data-particle-mobile-disabled=\"false\" class=\"elementor-element elementor-element-a5f116c e-flex e-con-boxed e-con e-parent\" data-id=\"a5f116c\" data-element_type=\"container\" data-e-type=\"container\">\n\t\t\t\t\t<div class=\"e-con-inner\">\n\t\t\t\t<div class=\"elementor-element elementor-element-b0c262e elementor-widget elementor-widget-text-editor\" data-id=\"b0c262e\" data-element_type=\"widget\" data-e-type=\"widget\" data-widget_type=\"text-editor.default\">\n\t\t\t\t\t\t\t\t\t<p>\u00bfTienes dolor o inflamaci\u00f3n en la boca? No lo ignores. <a href=\"https:\/\/soymigrante.com\/revista\/tratamientos-dentales-mas-se-practican-migrantes-guatemaltecos-al-visitar-guatemala\/\" target=\"_blank\" rel=\"noopener\">Un absceso puede parecer peque\u00f1o, pero su tratamiento oportuno puede marcar la diferencia<\/a> entre perder un diente o salvarlo.<\/p>\t\t\t\t\t\t\t\t<\/div>\n\t\t\t\t\t<\/div>\n\t\t\t\t<\/div>\n\t\t<div data-particle_enable=\"false\" data-particle-mobile-disabled=\"false\" class=\"elementor-element elementor-element-a6d4402 e-flex e-con-boxed e-con e-parent\" data-id=\"a6d4402\" data-element_type=\"container\" data-e-type=\"container\">\n\t\t\t\t\t<div class=\"e-con-inner\">\n\t\t\t\t<div class=\"elementor-element elementor-element-58d21f9 elementor-widget elementor-widget-heading\" data-id=\"58d21f9\" data-element_type=\"widget\" data-e-type=\"widget\" data-widget_type=\"heading.default\">\n\t\t\t\t\t<h2 class=\"elementor-heading-title elementor-size-default\">Conoce otros temas que te pueden interesar...<\/h2>\t\t\t\t<\/div>\n\t\t\t\t\t<\/div>\n\t\t\t\t<\/div>\n\t\t<div data-particle_enable=\"false\" data-particle-mobile-disabled=\"false\" class=\"elementor-element elementor-element-ee06a60 e-flex e-con-boxed e-con e-parent\" data-id=\"ee06a60\" data-element_type=\"container\" data-e-type=\"container\">\n\t\t\t\t\t<div class=\"e-con-inner\">\n\t\t\t\t<div class=\"elementor-element elementor-element-cd0b929 elementor-grid-eael-col-3 elementor-grid-tablet-eael-col-2 elementor-grid-mobile-eael-col-1 elementor-widget elementor-widget-eael-post-grid\" data-id=\"cd0b929\" data-element_type=\"widget\" data-e-type=\"widget\" data-settings=\"{&quot;eael_post_grid_columns&quot;:&quot;eael-col-3&quot;,&quot;eael_post_grid_columns_tablet&quot;:&quot;eael-col-2&quot;,&quot;eael_post_grid_columns_mobile&quot;:&quot;eael-col-1&quot;}\" data-widget_type=\"eael-post-grid.default\">\n\t\t\t\t\t<div id=\"eael-post-grid-cd0b929\" class=\"eael-post-grid-container\">\n            <div class=\"eael-post-grid eael-post-appender eael-post-appender-cd0b929 eael-post-grid-style-one\" data-layout-mode=\"masonry\"><article class=\"eael-grid-post  eael-post-grid-column eael-pg-post-35738 category-estamos-unidos\" data-id=\"35738\">\n        <div class=\"eael-grid-post-holder\">\n            <div class=\"eael-grid-post-holder-inner\"><div class=\"eael-entry-media\"><div class=\"eael-entry-overlay fade-in\"><i class=\"far fa-hand-pointer\" aria-hidden=\"true\"><\/i><a href=\"https:\/\/soymigrante.com\/revista\/tratamientos-dentales-mas-se-practican-migrantes-guatemaltecos-al-visitar-guatemala\/\"><\/a><\/div><div class=\"eael-entry-thumbnail \">\n                <img decoding=\"async\" width=\"1024\" height=\"682\" src=\"https:\/\/soymigrante.com\/revista\/wp-content\/uploads\/2025\/06\/Migrantes-aprovechan-su-visita-a-Guatemala-para-realizar-tratamientos-dentales-3-1024x682.jpeg\" class=\"attachment-large size-large wp-image-35739\" alt=\"Cl\u00ednica dental atendiendo a paciente durante tratamiento odontol\u00f3gico en consultorio profesional.\" srcset=\"https:\/\/soymigrante.com\/revista\/wp-content\/uploads\/2025\/06\/Migrantes-aprovechan-su-visita-a-Guatemala-para-realizar-tratamientos-dentales-3-1024x682.jpeg 1024w, https:\/\/soymigrante.com\/revista\/wp-content\/uploads\/2025\/06\/Migrantes-aprovechan-su-visita-a-Guatemala-para-realizar-tratamientos-dentales-3-300x200.jpeg 300w, https:\/\/soymigrante.com\/revista\/wp-content\/uploads\/2025\/06\/Migrantes-aprovechan-su-visita-a-Guatemala-para-realizar-tratamientos-dentales-3-768x512.jpeg 768w, https:\/\/soymigrante.com\/revista\/wp-content\/uploads\/2025\/06\/Migrantes-aprovechan-su-visita-a-Guatemala-para-realizar-tratamientos-dentales-3-1536x1023.jpeg 1536w, https:\/\/soymigrante.com\/revista\/wp-content\/uploads\/2025\/06\/Migrantes-aprovechan-su-visita-a-Guatemala-para-realizar-tratamientos-dentales-3-750x500.webp 750w, https:\/\/soymigrante.com\/revista\/wp-content\/uploads\/2025\/06\/Migrantes-aprovechan-su-visita-a-Guatemala-para-realizar-tratamientos-dentales-3-1140x760.webp 1140w, https:\/\/soymigrante.com\/revista\/wp-content\/uploads\/2025\/06\/Migrantes-aprovechan-su-visita-a-Guatemala-para-realizar-tratamientos-dentales-3.webp 1600w\" sizes=\"(max-width: 1024px) 100vw, 1024px\" \/>\n            <\/div>\n        <\/div><div class=\"eael-entry-wrapper\"><header class=\"eael-entry-header\"><h2 class=\"eael-entry-title\"><a class=\"eael-grid-post-link\" href=\"https:\/\/soymigrante.com\/revista\/tratamientos-dentales-mas-se-practican-migrantes-guatemaltecos-al-visitar-guatemala\/\" title=\"\u00bfQu\u00e9 tratamientos dentales se hacen m\u00e1s los migrantes guatemaltecos al visitar Guatemala?\">\u00bfQu\u00e9 tratamientos dentales se hacen m\u00e1s los migrantes guatemaltecos al visitar Guatemala?<\/a><\/h2><\/header><div class=\"eael-entry-content\">\n                        <div class=\"eael-grid-post-excerpt\"><a href=\"https:\/\/soymigrante.com\/revista\/tratamientos-dentales-mas-se-practican-migrantes-guatemaltecos-al-visitar-guatemala\/\" class=\"eael-post-elements-readmore-btn\">CONOCE SU HISTORIA <\/a><\/div>\n                    <\/div><\/div><\/div>\n        <\/div>\n    <\/article><article class=\"eael-grid-post  eael-post-grid-column eael-pg-post-34424 category-bienestar\" data-id=\"34424\">\n        <div class=\"eael-grid-post-holder\">\n            <div class=\"eael-grid-post-holder-inner\"><div class=\"eael-entry-media\"><div class=\"eael-entry-overlay fade-in\"><i class=\"far fa-hand-pointer\" aria-hidden=\"true\"><\/i><a href=\"https:\/\/soymigrante.com\/revista\/cuida-tus-oidos-existen-practicas-comunes-que-pueden-causar-dano-auditivo-evitalas\/\"><\/a><\/div><div class=\"eael-entry-thumbnail \">\n                <img loading=\"lazy\" decoding=\"async\" width=\"1024\" height=\"1024\" src=\"https:\/\/soymigrante.com\/revista\/wp-content\/uploads\/2025\/05\/\u00a1Cuidado-con-tus-oidos-Practicas-comunes-que-pueden-causar-dano-auditivo1-e1748028025314-1024x1024.webp\" class=\"attachment-large size-large wp-image-34425\" alt=\"\u00a1Cuidado con tus o\u00eddos! Pr\u00e1cticas comunes que pueden causar da\u00f1o auditivo\" srcset=\"https:\/\/soymigrante.com\/revista\/wp-content\/uploads\/2025\/05\/\u00a1Cuidado-con-tus-oidos-Practicas-comunes-que-pueden-causar-dano-auditivo1-e1748028025314-1024x1024.webp 1024w, https:\/\/soymigrante.com\/revista\/wp-content\/uploads\/2025\/05\/\u00a1Cuidado-con-tus-oidos-Practicas-comunes-que-pueden-causar-dano-auditivo1-e1748028025314-300x300.webp 300w, https:\/\/soymigrante.com\/revista\/wp-content\/uploads\/2025\/05\/\u00a1Cuidado-con-tus-oidos-Practicas-comunes-que-pueden-causar-dano-auditivo1-e1748028025314-150x150.webp 150w, https:\/\/soymigrante.com\/revista\/wp-content\/uploads\/2025\/05\/\u00a1Cuidado-con-tus-oidos-Practicas-comunes-que-pueden-causar-dano-auditivo1-e1748028025314-768x768.webp 768w, https:\/\/soymigrante.com\/revista\/wp-content\/uploads\/2025\/05\/\u00a1Cuidado-con-tus-oidos-Practicas-comunes-que-pueden-causar-dano-auditivo1-e1748028025314-75x75.webp 75w, https:\/\/soymigrante.com\/revista\/wp-content\/uploads\/2025\/05\/\u00a1Cuidado-con-tus-oidos-Practicas-comunes-que-pueden-causar-dano-auditivo1-e1748028025314-750x750.webp 750w, https:\/\/soymigrante.com\/revista\/wp-content\/uploads\/2025\/05\/\u00a1Cuidado-con-tus-oidos-Practicas-comunes-que-pueden-causar-dano-auditivo1-e1748028025314-1140x1140.webp 1140w, https:\/\/soymigrante.com\/revista\/wp-content\/uploads\/2025\/05\/\u00a1Cuidado-con-tus-oidos-Practicas-comunes-que-pueden-causar-dano-auditivo1-e1748028025314.webp 1280w\" sizes=\"(max-width: 1024px) 100vw, 1024px\" \/>\n            <\/div>\n        <\/div><div class=\"eael-entry-wrapper\"><header class=\"eael-entry-header\"><h2 class=\"eael-entry-title\"><a class=\"eael-grid-post-link\" href=\"https:\/\/soymigrante.com\/revista\/cuida-tus-oidos-existen-practicas-comunes-que-pueden-causar-dano-auditivo-evitalas\/\" title=\"\u00a1Cuida  tus o\u00eddos! Existen pr\u00e1cticas comunes que pueden causar da\u00f1o auditivo. Ev\u00edtalas\">\u00a1Cuida  tus o\u00eddos! Existen pr\u00e1cticas comunes que pueden causar da\u00f1o auditivo. Ev\u00edtalas<\/a><\/h2><\/header><div class=\"eael-entry-content\">\n                        <div class=\"eael-grid-post-excerpt\"><a href=\"https:\/\/soymigrante.com\/revista\/cuida-tus-oidos-existen-practicas-comunes-que-pueden-causar-dano-auditivo-evitalas\/\" class=\"eael-post-elements-readmore-btn\">CONOCE SU HISTORIA <\/a><\/div>\n                    <\/div><\/div><\/div>\n        <\/div>\n    <\/article><article class=\"eael-grid-post  eael-post-grid-column eael-pg-post-12606 category-bienestar\" data-id=\"12606\">\n        <div class=\"eael-grid-post-holder\">\n            <div class=\"eael-grid-post-holder-inner\"><div class=\"eael-entry-media\"><div class=\"eael-entry-overlay fade-in\"><i class=\"far fa-hand-pointer\" aria-hidden=\"true\"><\/i><a href=\"https:\/\/soymigrante.com\/revista\/salud-bucal-de-los-ninos-migrantes-todo-reto-tiene-una-solucion\/\"><\/a><\/div><div class=\"eael-entry-thumbnail \">\n                <img loading=\"lazy\" decoding=\"async\" width=\"1024\" height=\"1024\" src=\"https:\/\/soymigrante.com\/revista\/wp-content\/uploads\/2024\/11\/Salud-bucal-de-los-nin\u0303os-migrantes-Retos-y-soluciones--scaled-e1731012276108-1024x1024.webp\" class=\"attachment-large size-large wp-image-12608\" alt=\"Salud bucal de los ni\u00f1os migrantes: Retos y soluciones\" srcset=\"https:\/\/soymigrante.com\/revista\/wp-content\/uploads\/2024\/11\/Salud-bucal-de-los-nin\u0303os-migrantes-Retos-y-soluciones--scaled-e1731012276108-1024x1024.webp 1024w, https:\/\/soymigrante.com\/revista\/wp-content\/uploads\/2024\/11\/Salud-bucal-de-los-nin\u0303os-migrantes-Retos-y-soluciones--scaled-e1731012276108-300x300.webp 300w, https:\/\/soymigrante.com\/revista\/wp-content\/uploads\/2024\/11\/Salud-bucal-de-los-nin\u0303os-migrantes-Retos-y-soluciones--scaled-e1731012276108-150x150.webp 150w, https:\/\/soymigrante.com\/revista\/wp-content\/uploads\/2024\/11\/Salud-bucal-de-los-nin\u0303os-migrantes-Retos-y-soluciones--scaled-e1731012276108-768x768.webp 768w, https:\/\/soymigrante.com\/revista\/wp-content\/uploads\/2024\/11\/Salud-bucal-de-los-nin\u0303os-migrantes-Retos-y-soluciones--scaled-e1731012276108-75x75.webp 75w, https:\/\/soymigrante.com\/revista\/wp-content\/uploads\/2024\/11\/Salud-bucal-de-los-nin\u0303os-migrantes-Retos-y-soluciones--scaled-e1731012276108-750x750.webp 750w, https:\/\/soymigrante.com\/revista\/wp-content\/uploads\/2024\/11\/Salud-bucal-de-los-nin\u0303os-migrantes-Retos-y-soluciones--scaled-e1731012276108-1140x1140.webp 1140w, https:\/\/soymigrante.com\/revista\/wp-content\/uploads\/2024\/11\/Salud-bucal-de-los-nin\u0303os-migrantes-Retos-y-soluciones--scaled-e1731012276108.webp 1280w\" sizes=\"(max-width: 1024px) 100vw, 1024px\" \/>\n            <\/div>\n        <\/div><div class=\"eael-entry-wrapper\"><header class=\"eael-entry-header\"><h2 class=\"eael-entry-title\"><a class=\"eael-grid-post-link\" href=\"https:\/\/soymigrante.com\/revista\/salud-bucal-de-los-ninos-migrantes-todo-reto-tiene-una-solucion\/\" title=\"Salud bucal de los ni\u00f1os migrantes: todo reto tiene una soluci\u00f3n\">Salud bucal de los ni\u00f1os migrantes: todo reto tiene una soluci\u00f3n<\/a><\/h2><\/header><div class=\"eael-entry-content\">\n                        <div class=\"eael-grid-post-excerpt\"><a href=\"https:\/\/soymigrante.com\/revista\/salud-bucal-de-los-ninos-migrantes-todo-reto-tiene-una-solucion\/\" class=\"eael-post-elements-readmore-btn\">CONOCE SU HISTORIA <\/a><\/div>\n                    <\/div><\/div><\/div>\n        <\/div>\n    <\/article><\/div>\n            <div class=\"clearfix\"><\/div>\n        <\/div>\t\t\t\t<\/div>\n\t\t\t\t\t<\/div>\n\t\t\t\t<\/div>\n\t\t\t\t<\/div>\n\t\t","protected":false},"excerpt":{"rendered":"<p>Un absceso dental es una acumulaci\u00f3n de pus causada por una infecci\u00f3n bacteriana. Un absceso dental es una acumulaci\u00f3n de pus causada por una infecci\u00f3n bacteriana en el diente o las enc\u00edas. Aunque al inicio puede parecer solo una inflamaci\u00f3n o dolor leve, si no se trata a tiempo, puede generar complicaciones serias que incluso [&hellip;]<\/p>\n","protected":false},"author":19,"featured_media":36046,"comment_status":"open","ping_status":"open","sticky":false,"template":"","format":"standard","meta":{"_acf_changed":false,"_eb_attr":"","footnotes":""},"categories":[265],"tags":[264],"class_list":["post-36011","post","type-post","status-publish","format-standard","has-post-thumbnail","hentry","category-salud-fisica","tag-salud-fisica"],"acf":[],"aioseo_notices":[],"aioseo_head":"\n\t\t<!-- All in One SEO Pro 4.9.6.2 - aioseo.com -->\n\t<meta name=\"description\" content=\"La salud bucal de los ni\u00f1os migrantes en Estados Unidos enfrenta varios desaf\u00edos, pero existen recursos y estrategias que pueden ayudar.\" \/>\n\t<meta name=\"robots\" content=\"max-snippet:-1, max-image-preview:large, max-video-preview:-1\" \/>\n\t<meta name=\"author\" content=\"Marysabel Aldana\"\/>\n\t<link rel=\"canonical\" href=\"https:\/\/soymigrante.com\/revista\/salud-bucal-de-los-ninos-migrantes-todo-reto-tiene-una-solucion\/\" \/>\n\t<meta name=\"generator\" content=\"All in One SEO Pro (AIOSEO) 4.9.6.2\" \/>\n\n\t\t<link rel=\"preconnect\" href=\"https:\/\/fonts.googleapis.com\" crossorigin>\n<link rel=\"preconnect\" href=\"https:\/\/fonts.gstatic.com\" crossorigin>\n\t\t<meta property=\"og:locale\" content=\"es_ES\" \/>\n\t\t<meta property=\"og:site_name\" content=\"SoyMigrante.com REVISTA \u2013 Nuestra misi\u00f3n es reconocer y dignificar al migrante.\" \/>\n\t\t<meta property=\"og:type\" content=\"article\" \/>\n\t\t<meta property=\"og:title\" content=\"Salud bucal de los ni\u00f1os migrantes: todo reto tiene una soluci\u00f3n\" \/>\n\t\t<meta property=\"og:description\" content=\"La salud bucal de los ni\u00f1os migrantes en Estados Unidos enfrenta varios desaf\u00edos, pero existen recursos y estrategias que pueden ayudar.\" \/>\n\t\t<meta property=\"og:url\" content=\"https:\/\/soymigrante.com\/revista\/salud-bucal-de-los-ninos-migrantes-todo-reto-tiene-una-solucion\/\" \/>\n\t\t<meta property=\"og:image\" content=\"https:\/\/soymigrante.com\/revista\/wp-content\/uploads\/2024\/11\/Salud-bucal-de-los-nin\u0303os-migrantes-Retos-y-soluciones--scaled-e1731012276108.webp\" \/>\n\t\t<meta property=\"og:image:secure_url\" content=\"https:\/\/soymigrante.com\/revista\/wp-content\/uploads\/2024\/11\/Salud-bucal-de-los-nin\u0303os-migrantes-Retos-y-soluciones--scaled-e1731012276108.webp\" \/>\n\t\t<meta property=\"og:image:width\" content=\"1280\" \/>\n\t\t<meta property=\"og:image:height\" content=\"1280\" \/>\n\t\t<meta property=\"article:published_time\" content=\"2024-11-09T15:08:13+00:00\" \/>\n\t\t<meta property=\"article:modified_time\" content=\"2024-11-09T15:08:14+00:00\" \/>\n\t\t<meta property=\"article:publisher\" content=\"https:\/\/www.facebook.com\/soymigrantecom\" \/>\n\t\t<meta name=\"twitter:card\" content=\"summary_large_image\" \/>\n\t\t<meta name=\"twitter:site\" content=\"@SoyMigrante_com\" \/>\n\t\t<meta name=\"twitter:title\" content=\"Salud bucal de los ni\u00f1os migrantes: todo reto tiene una soluci\u00f3n\" \/>\n\t\t<meta name=\"twitter:description\" content=\"La salud bucal de los ni\u00f1os migrantes en Estados Unidos enfrenta varios desaf\u00edos, pero existen recursos y estrategias que pueden ayudar.\" \/>\n\t\t<meta name=\"twitter:creator\" content=\"@SoyMigrante_com\" \/>\n\t\t<meta name=\"twitter:image\" content=\"https:\/\/soymigrante.com\/revista\/wp-content\/uploads\/2024\/11\/Salud-bucal-de-los-nin\u0303os-migrantes-Retos-y-soluciones--scaled-e1731012276108.webp\" \/>\n\t\t<!-- All in One SEO Pro -->\r\n\t\t<title>Salud bucal de los ni\u00f1os migrantes: todo reto tiene una soluci\u00f3n<\/title>\n\n","aioseo_head_json":{"title":"Salud bucal de los ni\u00f1os migrantes: todo reto tiene una soluci\u00f3n","description":"La salud bucal de los ni\u00f1os migrantes en Estados Unidos enfrenta varios desaf\u00edos, pero existen recursos y estrategias que pueden ayudar.","canonical_url":"https:\/\/soymigrante.com\/revista\/salud-bucal-de-los-ninos-migrantes-todo-reto-tiene-una-solucion\/","robots":"max-snippet:-1, max-image-preview:large, max-video-preview:-1","keywords":"","webmasterTools":{"miscellaneous":"&lt;link rel=\"preconnect\" href=\"https:\/\/fonts.googleapis.com\" crossorigin&gt;\n&lt;link rel=\"preconnect\" href=\"https:\/\/fonts.gstatic.com\" crossorigin&gt;"},"schema":null,"og:locale":"es_ES","og:site_name":"SoyMigrante.com REVISTA \u2013 Nuestra misi\u00f3n es reconocer y dignificar al migrante.","og:type":"article","og:title":"Salud bucal de los ni\u00f1os migrantes: todo reto tiene una soluci\u00f3n","og:description":"La salud bucal de los ni\u00f1os migrantes en Estados Unidos enfrenta varios desaf\u00edos, pero existen recursos y estrategias que pueden ayudar.","og:url":"https:\/\/soymigrante.com\/revista\/salud-bucal-de-los-ninos-migrantes-todo-reto-tiene-una-solucion\/","og:image":"https:\/\/soymigrante.com\/revista\/wp-content\/uploads\/2024\/11\/Salud-bucal-de-los-nin\u0303os-migrantes-Retos-y-soluciones--scaled-e1731012276108.webp","og:image:secure_url":"https:\/\/soymigrante.com\/revista\/wp-content\/uploads\/2024\/11\/Salud-bucal-de-los-nin\u0303os-migrantes-Retos-y-soluciones--scaled-e1731012276108.webp","og:image:width":1280,"og:image:height":1280,"article:published_time":"2024-11-09T15:08:13+00:00","article:modified_time":"2024-11-09T15:08:14+00:00","article:publisher":"https:\/\/www.facebook.com\/soymigrantecom","twitter:card":"summary_large_image","twitter:site":"@SoyMigrante_com","twitter:title":"Salud bucal de los ni\u00f1os migrantes: todo reto tiene una soluci\u00f3n","twitter:description":"La salud bucal de los ni\u00f1os migrantes en Estados Unidos enfrenta varios desaf\u00edos, pero existen recursos y estrategias que pueden ayudar.","twitter:creator":"@SoyMigrante_com","twitter:image":"https:\/\/soymigrante.com\/revista\/wp-content\/uploads\/2024\/11\/Salud-bucal-de-los-nin\u0303os-migrantes-Retos-y-soluciones--scaled-e1731012276108.webp"},"aioseo_meta_data":{"post_id":"36011","title":null,"description":"Un absceso dental es una acumulaci\u00f3n de pus causada por una infecci\u00f3n bacteriana.","keywords":null,"keyphrases":{"focus":{"keyphrase":"Absceso dental","score":78,"analysis":{"keyphraseInTitle":{"score":9,"maxScore":9,"error":0},"keyphraseInDescription":{"score":9,"maxScore":9,"error":0},"keyphraseLength":{"score":9,"maxScore":9,"error":0,"length":2},"keyphraseInURL":{"score":5,"maxScore":5,"error":0},"keyphraseInIntroduction":{"score":9,"maxScore":9,"error":0},"keyphraseInSubHeadings":{"score":3,"maxScore":9,"error":1},"keyphraseInImageAlt":{"score":9,"maxScore":9,"error":0},"keywordDensity":{"score":0,"type":"low","maxScore":9,"error":1}}},"additional":[{"keyphrase":"Absceso dental","score":80,"analysis":{"keyphraseInDescription":{"score":9,"maxScore":9,"error":0},"keyphraseLength":{"score":9,"maxScore":9,"error":0,"length":2},"keyphraseInIntroduction":{"score":9,"maxScore":9,"error":0},"keyphraseInImageAlt":{"score":9,"maxScore":9,"error":0},"keywordDensity":{"score":0,"type":"low","maxScore":9,"error":1}}}]},"primary_term":null,"canonical_url":null,"og_title":null,"og_description":null,"og_object_type":"default","og_image_type":"default","og_image_url":null,"og_image_width":null,"og_image_height":null,"og_image_custom_url":null,"og_image_custom_fields":null,"og_video":"","og_custom_url":null,"og_article_section":null,"og_article_tags":null,"twitter_use_og":false,"twitter_card":"default","twitter_image_type":"default","twitter_image_url":null,"twitter_image_custom_url":null,"twitter_image_custom_fields":null,"twitter_title":null,"twitter_description":null,"schema":{"blockGraphs":[],"customGraphs":[],"default":{"data":{"Article":[],"Course":[],"Dataset":[],"FAQPage":[],"Movie":[],"Person":[],"Product":[],"ProductReview":[],"Car":[],"Recipe":[],"Service":[],"SoftwareApplication":[],"WebPage":[]},"graphName":"none","isEnabled":true},"graphs":[]},"schema_type":"default","schema_type_options":null,"pillar_content":false,"robots_default":true,"robots_noindex":false,"robots_noarchive":false,"robots_nosnippet":false,"robots_nofollow":false,"robots_noimageindex":false,"robots_noodp":false,"robots_notranslate":false,"robots_max_snippet":"-1","robots_max_videopreview":"-1","robots_max_imagepreview":"large","priority":null,"frequency":"default","local_seo":null,"seo_analyzer_scan_date":"2025-10-09 05:50:21","breadcrumb_settings":null,"limit_modified_date":false,"reviewed_by":"0","open_ai":"{\"title\":{\"suggestions\":[],\"usage\":0},\"description\":{\"suggestions\":[],\"usage\":0}}","ai":{"faqs":[],"keyPoints":[],"titles":[],"descriptions":[],"socialPosts":{"email":[],"linkedin":[],"twitter":[],"facebook":[],"instagram":[]}},"created":"2025-06-10 19:00:48","updated":"2026-02-05 00:54:13"},"aioseo_breadcrumb":"<div class=\"aioseo-breadcrumbs\"><span class=\"aioseo-breadcrumb\">\n\t<a href=\"https:\/\/soymigrante.com\/revista\" title=\"Home\">Home<\/a>\n<\/span><span class=\"aioseo-breadcrumb-separator\">\u00bb<\/span><span class=\"aioseo-breadcrumb\">\n\t<a href=\"https:\/\/soymigrante.com\/revista\/category\/bienestar\/\" title=\"Bienestar\">Bienestar<\/a>\n<\/span><span class=\"aioseo-breadcrumb-separator\">\u00bb<\/span><span class=\"aioseo-breadcrumb\">\n\t<a href=\"https:\/\/soymigrante.com\/revista\/category\/bienestar\/salud-fisica\/\" title=\"Salud F\u00edsica\">Salud F\u00edsica<\/a>\n<\/span><span class=\"aioseo-breadcrumb-separator\">\u00bb<\/span><span class=\"aioseo-breadcrumb\">\n\t\u00bfC\u00f3mo  se debe tratar un absceso dental? Odont\u00f3loga lo explica  paso a paso\n<\/span><\/div>","aioseo_breadcrumb_json":[{"label":"Home","link":"https:\/\/soymigrante.com\/revista"},{"label":"Bienestar","link":"https:\/\/soymigrante.com\/revista\/category\/bienestar\/"},{"label":"Salud F\u00edsica","link":"https:\/\/soymigrante.com\/revista\/category\/bienestar\/salud-fisica\/"},{"label":"\u00bfC\u00f3mo  se debe tratar un absceso dental? Odont\u00f3loga lo explica  paso a paso","link":"https:\/\/soymigrante.com\/revista\/como-se-debe-tratar-un-absceso-dental-odontologa-lo-explica-paso-a-paso\/"}],"_links":{"self":[{"href":"https:\/\/soymigrante.com\/revista\/wp-json\/wp\/v2\/posts\/36011","targetHints":{"allow":["GET"]}}],"collection":[{"href":"https:\/\/soymigrante.com\/revista\/wp-json\/wp\/v2\/posts"}],"about":[{"href":"https:\/\/soymigrante.com\/revista\/wp-json\/wp\/v2\/types\/post"}],"author":[{"embeddable":true,"href":"https:\/\/soymigrante.com\/revista\/wp-json\/wp\/v2\/users\/19"}],"replies":[{"embeddable":true,"href":"https:\/\/soymigrante.com\/revista\/wp-json\/wp\/v2\/comments?post=36011"}],"version-history":[{"count":24,"href":"https:\/\/soymigrante.com\/revista\/wp-json\/wp\/v2\/posts\/36011\/revisions"}],"predecessor-version":[{"id":42827,"href":"https:\/\/soymigrante.com\/revista\/wp-json\/wp\/v2\/posts\/36011\/revisions\/42827"}],"wp:featuredmedia":[{"embeddable":true,"href":"https:\/\/soymigrante.com\/revista\/wp-json\/wp\/v2\/media\/36046"}],"wp:attachment":[{"href":"https:\/\/soymigrante.com\/revista\/wp-json\/wp\/v2\/media?parent=36011"}],"wp:term":[{"taxonomy":"category","embeddable":true,"href":"https:\/\/soymigrante.com\/revista\/wp-json\/wp\/v2\/categories?post=36011"},{"taxonomy":"post_tag","embeddable":true,"href":"https:\/\/soymigrante.com\/revista\/wp-json\/wp\/v2\/tags?post=36011"}],"curies":[{"name":"wp","href":"https:\/\/api.w.org\/{rel}","templated":true}]}}