{"id":35931,"date":"2025-06-09T18:01:30","date_gmt":"2025-06-10T00:01:30","guid":{"rendered":"https:\/\/soymigrante.com\/revista\/?p=35931"},"modified":"2025-06-09T18:16:46","modified_gmt":"2025-06-10T00:16:46","slug":"migrante-guatemalteco-cesar-reyes-sin-antecedentes-deportado-video-explico-nino","status":"publish","type":"post","link":"https:\/\/soymigrante.com\/revista\/migrante-guatemalteco-cesar-reyes-sin-antecedentes-deportado-video-explico-nino\/","title":{"rendered":"\u201c\u00bfC\u00f3mo se lo explico a mi ni\u00f1o de 3 a\u00f1os?\u201d: migrante guatemalteco C\u00e9sar Reyes, sin antecedentes, deportado."},"content":{"rendered":"\t\t<div data-elementor-type=\"wp-post\" data-elementor-id=\"35931\" class=\"elementor elementor-35931\" data-elementor-post-type=\"post\">\n\t\t\t\t<div data-particle_enable=\"false\" data-particle-mobile-disabled=\"false\" class=\"elementor-element elementor-element-ff114fe e-flex e-con-boxed e-con e-parent\" data-id=\"ff114fe\" data-element_type=\"container\" data-e-type=\"container\">\n\t\t\t\t\t<div class=\"e-con-inner\">\n\t\t\t\t<div class=\"elementor-element elementor-element-d41a8f5 elementor-widget elementor-widget-heading\" data-id=\"d41a8f5\" data-element_type=\"widget\" data-e-type=\"widget\" data-widget_type=\"heading.default\">\n\t\t\t\t\t<h2 class=\"elementor-heading-title elementor-size-default\"><span style=\"font-size: 31.2px\">Migrante guatemalteco C\u00e9sar Reyes, radicado por a\u00f1os en Oklahoma e impulsor de causas ben\u00e9ficas, relat\u00f3 en un video la dura experiencia de deportaci\u00f3n tras ir a una cita migratoria en febrero. Su esposa e hijo de 3 a\u00f1os est\u00e1n en Estados Unidos.<\/span><\/h2>\t\t\t\t<\/div>\n\t\t\t\t\t<\/div>\n\t\t\t\t<\/div>\n\t\t<div data-particle_enable=\"false\" data-particle-mobile-disabled=\"false\" class=\"elementor-element elementor-element-523c8ba e-flex e-con-boxed e-con e-parent\" data-id=\"523c8ba\" data-element_type=\"container\" data-e-type=\"container\">\n\t\t\t\t\t<div class=\"e-con-inner\">\n\t\t\t\t<div class=\"elementor-element elementor-element-46d716c elementor-widget elementor-widget-heading\" data-id=\"46d716c\" data-element_type=\"widget\" data-e-type=\"widget\" data-widget_type=\"heading.default\">\n\t\t\t\t\t<h5 class=\"elementor-heading-title elementor-size-default\">Testimonio del migrante guatemalteco C\u00e9sar Reyes<\/h5>\t\t\t\t<\/div>\n\t\t\t\t\t<\/div>\n\t\t\t\t<\/div>\n\t\t<div data-particle_enable=\"false\" data-particle-mobile-disabled=\"false\" class=\"elementor-element elementor-element-82be6db e-flex e-con-boxed e-con e-parent\" data-id=\"82be6db\" data-element_type=\"container\" data-e-type=\"container\">\n\t\t\t\t\t<div class=\"e-con-inner\">\n\t\t\t\t<div class=\"elementor-element elementor-element-34bd755 elementor-widget elementor-widget-text-editor\" data-id=\"34bd755\" data-element_type=\"widget\" data-e-type=\"widget\" data-widget_type=\"text-editor.default\">\n\t\t\t\t\t\t\t\t\t<p>&#8220;Pens\u00e9 mucho realizar este video o no. Sin embargo, creo que es tiempo de poder contar mi experiencia para que pueda ayudar a otras personas. El 24 de febrero del a\u00f1o 2025 fui deportado de vuelta a mi pa\u00eds Guatemala. Fue algo realmente confuso porque yo estaba peleando mi caso para poder quedarme legalmente en Estados Unidos&#8221;.\u00a0<\/p><p>As\u00ed inicia el migrante guatemalteco C\u00e9sar Reyes, el duro relato de su deportaci\u00f3n a Guatemala a pesar de no tener antecedentes penales y de acudir puntualmente a sus citas migratorias.\u00a0 En Oklahoma est\u00e1n su esposa y a su hijo -nacido en Estados Unidos.\u00a0<\/p><p>En 2024 publicamos en SoyMigrante.com una nota sobre las causas ben\u00e9ficas impulsadas por C\u00e9sar Reyes.\u00a0 As\u00ed prosigue su testimonio:<\/p><div>\u00a0<\/div>\t\t\t\t\t\t\t\t<\/div>\n\t\t\t\t\t<\/div>\n\t\t\t\t<\/div>\n\t\t<div data-particle_enable=\"false\" data-particle-mobile-disabled=\"false\" class=\"elementor-element elementor-element-60f6b5e e-flex e-con-boxed e-con e-parent\" data-id=\"60f6b5e\" data-element_type=\"container\" data-e-type=\"container\">\n\t\t\t\t\t<div class=\"e-con-inner\">\n\t\t\t\t<div class=\"elementor-element elementor-element-8ca24ae elementor-invisible elementor-widget elementor-widget-testimonial\" data-id=\"8ca24ae\" data-element_type=\"widget\" data-e-type=\"widget\" data-settings=\"{&quot;_animation&quot;:&quot;rotateInUpRight&quot;}\" data-widget_type=\"testimonial.default\">\n\t\t\t\t\t\t\t<div class=\"elementor-testimonial-wrapper\">\n\t\t\t\t\t\t\t<div class=\"elementor-testimonial-content\">\"\"Yo, no teniendo ning\u00fan r\u00e9cord criminal, o sea, teniendo un r\u00e9cord limpio, no les importo separarme de mi familia\".<\/div>\n\t\t\t\n\t\t\t\t\t\t<div class=\"elementor-testimonial-meta elementor-has-image elementor-testimonial-image-position-aside\">\n\t\t\t\t<div class=\"elementor-testimonial-meta-inner\">\n\t\t\t\t\t\t\t\t\t\t\t<div class=\"elementor-testimonial-image\">\n\t\t\t\t\t\t\t<a href=\"https:\/\/fb.watch\/A7cpvfYrUc\/\"><img fetchpriority=\"high\" decoding=\"async\" width=\"304\" height=\"440\" src=\"https:\/\/soymigrante.com\/revista\/wp-content\/uploads\/2025\/06\/Captura-de-pantalla-2025-06-09-173445.webp\" class=\"attachment-full size-full wp-image-35939\" alt=\"Conferencia de migrantes en evoluci\u00f3n, enfoque en integraci\u00f3n, derechos laborales y cultura en Am\u00e9rica Latina y el mundo.\" title=\"Captura de pantalla 2025-06-09 173445 \u2013 SoyMigrante.com REVISTA\" srcset=\"https:\/\/soymigrante.com\/revista\/wp-content\/uploads\/2025\/06\/Captura-de-pantalla-2025-06-09-173445.webp 304w, https:\/\/soymigrante.com\/revista\/wp-content\/uploads\/2025\/06\/Captura-de-pantalla-2025-06-09-173445-207x300.png 207w\" sizes=\"(max-width: 304px) 100vw, 304px\" \/><\/a>\t\t\t\t\t\t<\/div>\n\t\t\t\t\t\n\t\t\t\t\t\t\t\t\t\t<div class=\"elementor-testimonial-details\">\n\t\t\t\t\t\t\t\t\t\t\t\t\t\t<a class=\"elementor-testimonial-name\" href=\"https:\/\/fb.watch\/A7cpvfYrUc\/\">C\u00e9sar Reyes<\/a>\n\t\t\t\t\t\t\t\t\t\t\t\t\t\t\t\t\t\t\t\t\t\t<a class=\"elementor-testimonial-job\" href=\"https:\/\/fb.watch\/A7cpvfYrUc\/\">Migrante guatemalteco sin\nantecedentes, al relatar \nla forma en que fue \ndeportado desde\nOklahoma. <\/a>\n\t\t\t\t\t\t\t\t\t\t\t\t\t<\/div>\n\t\t\t\t\t\t\t\t\t<\/div>\n\t\t\t<\/div>\n\t\t\t\t\t<\/div>\n\t\t\t\t\t\t<\/div>\n\t\t\t\t\t<\/div>\n\t\t\t\t<\/div>\n\t\t<div data-particle_enable=\"false\" data-particle-mobile-disabled=\"false\" class=\"elementor-element elementor-element-cecedb3 e-flex e-con-boxed e-con e-parent\" data-id=\"cecedb3\" data-element_type=\"container\" data-e-type=\"container\">\n\t\t\t\t\t<div class=\"e-con-inner\">\n\t\t\t\t<div class=\"elementor-element elementor-element-8cd9dec elementor-widget elementor-widget-heading\" data-id=\"8cd9dec\" data-element_type=\"widget\" data-e-type=\"widget\" data-widget_type=\"heading.default\">\n\t\t\t\t\t<h3 class=\"elementor-heading-title elementor-size-default\">\"Una despedida muy triste\" <\/h3>\t\t\t\t<\/div>\n\t\t\t\t\t<\/div>\n\t\t\t\t<\/div>\n\t\t<div data-particle_enable=\"false\" data-particle-mobile-disabled=\"false\" class=\"elementor-element elementor-element-d6d8891 e-flex e-con-boxed e-con e-parent\" data-id=\"d6d8891\" data-element_type=\"container\" data-e-type=\"container\">\n\t\t\t\t\t<div class=\"e-con-inner\">\n\t\t\t\t<div class=\"elementor-element elementor-element-bffe85c elementor-widget elementor-widget-text-editor\" data-id=\"bffe85c\" data-element_type=\"widget\" data-e-type=\"widget\" data-widget_type=\"text-editor.default\">\n\t\t\t\t\t\t\t\t\t<p>&#8220;Constantemente ten\u00eda que hacer un chequeo con un oficial en inmigraci\u00f3n a cada tres meses, seis meses y pues mi \u00faltima cita fue el 11 de febrero. Vaya sorpresa. El oficial me dijo que era &#8216;tiempo de regresar a Guatemala&#8217; y que yo ya hab\u00eda agotado todas las instancias legales para poder quedarme&#8221;.\u00a0<\/p><p>&#8220;Fue algo extremadamente<a href=\"https:\/\/soymigrante.com\/revista\/el-duelo-a-la-distancia-cuando-los-papeles-migratorios-separan-a-los-enfermos\/\"> doloroso<\/a>. Sentir que me iban a separar de mi esposa y de mi hijo realmente quebr\u00f3 mi coraz\u00f3n en ese instante. Cabe resaltar que en esta cita yo iba acompa\u00f1ado de mi hijo de tres a\u00f1os, quien naci\u00f3 en Estados Unidos&#8221;.\u00a0<\/p><p>&#8220;Recuerdo que el oficial me dijo llama a tu esposa para que venga por tu ni\u00f1o o voy a llamar a los servicios de protecci\u00f3n de menores. En ese momento llam\u00e9 a mi esposa quien lleg\u00f3 a la oficina donde yo estaba y pues nos toc\u00f3 darnos una despedida muy triste&#8221;.\u00a0<\/p>\t\t\t\t\t\t\t\t<\/div>\n\t\t\t\t\t<\/div>\n\t\t\t\t<\/div>\n\t\t<div data-particle_enable=\"false\" data-particle-mobile-disabled=\"false\" class=\"elementor-element elementor-element-27ed691 e-flex e-con-boxed e-con e-parent\" data-id=\"27ed691\" data-element_type=\"container\" data-e-type=\"container\">\n\t\t\t\t\t<div class=\"e-con-inner\">\n\t\t\t\t<div class=\"elementor-element elementor-element-6920234 elementor-widget elementor-widget-html\" data-id=\"6920234\" data-element_type=\"widget\" data-e-type=\"widget\" data-widget_type=\"html.default\">\n\t\t\t\t\t<iframe src=\"https:\/\/www.facebook.com\/plugins\/video.php?height=476&href=https%3A%2F%2Fwww.facebook.com%2Fcesarreyesoficial%2Fvideos%2F727856173092873%2F&show_text=true&width=267&t=0\" width=\"267\" height=\"591\" style=\"border:none;overflow:hidden\" scrolling=\"no\" frameborder=\"0\" allowfullscreen=\"true\" allow=\"autoplay; clipboard-write; encrypted-media; picture-in-picture; web-share\" allowFullScreen=\"true\"><\/iframe>\t\t\t\t<\/div>\n\t\t\t\t\t<\/div>\n\t\t\t\t<\/div>\n\t\t<div data-particle_enable=\"false\" data-particle-mobile-disabled=\"false\" class=\"elementor-element elementor-element-f35218d e-flex e-con-boxed e-con e-parent\" data-id=\"f35218d\" data-element_type=\"container\" data-e-type=\"container\">\n\t\t\t\t\t<div class=\"e-con-inner\">\n\t\t\t\t<div class=\"elementor-element elementor-element-762d6fb elementor-widget elementor-widget-text-editor\" data-id=\"762d6fb\" data-element_type=\"widget\" data-e-type=\"widget\" data-widget_type=\"text-editor.default\">\n\t\t\t\t\t\t\t\t\t<p><a href=\"https:\/\/fb.watch\/A7cpvfYrUc\/\">Tambi\u00e9n puedes ver el video haciendo clic en este link<\/a><\/p>\t\t\t\t\t\t\t\t<\/div>\n\t\t\t\t\t<\/div>\n\t\t\t\t<\/div>\n\t\t<div data-particle_enable=\"false\" data-particle-mobile-disabled=\"false\" class=\"elementor-element elementor-element-e414d7b e-flex e-con-boxed e-con e-parent\" data-id=\"e414d7b\" data-element_type=\"container\" data-e-type=\"container\">\n\t\t\t\t\t<div class=\"e-con-inner\">\n\t\t\t\t<div class=\"elementor-element elementor-element-ef4d85a elementor-widget elementor-widget-heading\" data-id=\"ef4d85a\" data-element_type=\"widget\" data-e-type=\"widget\" data-widget_type=\"heading.default\">\n\t\t\t\t\t<h3 class=\"elementor-heading-title elementor-size-default\">\"Es mentira que solo est\u00e9n deportando criminales\"<\/h3>\t\t\t\t<\/div>\n\t\t\t\t\t<\/div>\n\t\t\t\t<\/div>\n\t\t<div data-particle_enable=\"false\" data-particle-mobile-disabled=\"false\" class=\"elementor-element elementor-element-2a91032 e-flex e-con-boxed e-con e-parent\" data-id=\"2a91032\" data-element_type=\"container\" data-e-type=\"container\">\n\t\t\t\t\t<div class=\"e-con-inner\">\n\t\t\t\t<div class=\"elementor-element elementor-element-fc538ba elementor-widget elementor-widget-text-editor\" data-id=\"fc538ba\" data-element_type=\"widget\" data-e-type=\"widget\" data-widget_type=\"text-editor.default\">\n\t\t\t\t\t\t\t\t\t<p>&#8220;Recuerdo que mi peque\u00f1o hijo limpiaba con su suetercito las l\u00e1grimas que sal\u00edan de mis ojos. Fue algo tan traumante que\u00a0 ni lo quiero recordar y la verdad me cuesta mucho hacer este video. La \u00fanica raz\u00f3n por la cual lo estoy haciendo es porque si t\u00fa tienes un familiar que est\u00e1 en citas con inmigraci\u00f3n o si tu tal vez tienes que ir a presentarte inmigraci\u00f3n dentro de tres meses, dos meses, seis meses, no s\u00e9, ten mucho cuidado&#8221;<\/p><p>&#8220;Yo, no teniendo ning\u00fan r\u00e9cord criminal, o sea, teniendo un r\u00e9cord limpio, no les importo separarme de mi familia para enviarme de regreso a Guatemala inmediatamente. Es mentira\u00a0 de que solo estan deportando a criminales. <a href=\"https:\/\/soymigrante.com\/revista\/abogada-guatemalteca-ana-gabriela-urizar-orienta-defiende-y-dignifica-a-migrantes-hispanos\/\">Lo est\u00e1n haciendo con gente trabajadora, con gente honrada<\/a> y en mi caso con gente que cre\u00eda en el proceso, que cre\u00eda en el sistema y pues desafortunadamente me fall\u00f3&#8221;.\u00a0<\/p>\t\t\t\t\t\t\t\t<\/div>\n\t\t\t\t\t<\/div>\n\t\t\t\t<\/div>\n\t\t<div data-particle_enable=\"false\" data-particle-mobile-disabled=\"false\" class=\"elementor-element elementor-element-1c9f946 e-flex e-con-boxed e-con e-parent\" data-id=\"1c9f946\" data-element_type=\"container\" data-e-type=\"container\">\n\t\t\t\t\t<div class=\"e-con-inner\">\n\t\t\t\t<div class=\"elementor-element elementor-element-4ebbad6 elementor-widget elementor-widget-image\" data-id=\"4ebbad6\" data-element_type=\"widget\" data-e-type=\"widget\" data-widget_type=\"image.default\">\n\t\t\t\t\t\t\t\t\t\t\t\t\t\t\t\t<a href=\"https:\/\/fb.watch\/A7cpvfYrUc\/\">\n\t\t\t\t\t\t\t<img decoding=\"async\" width=\"768\" height=\"273\" src=\"https:\/\/soymigrante.com\/revista\/wp-content\/uploads\/2025\/06\/cesar-reyes-migrante-guatemalteco-1024x364.png\" class=\"attachment-large size-large wp-image-35946\" alt=\"Chico con su padre en la playa de Destin Beach, Florida disfrutando del mar, momentos familiares, vacaciones en Florida, playa, momentos felices, fotograf\u00eda familiar, amor paternal, fotograf\u00eda en la playa, verano.\" srcset=\"https:\/\/soymigrante.com\/revista\/wp-content\/uploads\/2025\/06\/cesar-reyes-migrante-guatemalteco-1024x364.png 1024w, https:\/\/soymigrante.com\/revista\/wp-content\/uploads\/2025\/06\/cesar-reyes-migrante-guatemalteco-300x107.png 300w, https:\/\/soymigrante.com\/revista\/wp-content\/uploads\/2025\/06\/cesar-reyes-migrante-guatemalteco-768x273.png 768w, https:\/\/soymigrante.com\/revista\/wp-content\/uploads\/2025\/06\/cesar-reyes-migrante-guatemalteco-1536x547.png 1536w, https:\/\/soymigrante.com\/revista\/wp-content\/uploads\/2025\/06\/cesar-reyes-migrante-guatemalteco-2048x729.png 2048w, https:\/\/soymigrante.com\/revista\/wp-content\/uploads\/2025\/06\/cesar-reyes-migrante-guatemalteco-750x267.webp 750w, https:\/\/soymigrante.com\/revista\/wp-content\/uploads\/2025\/06\/cesar-reyes-migrante-guatemalteco-1140x406.webp 1140w, https:\/\/soymigrante.com\/revista\/wp-content\/uploads\/2025\/06\/cesar-reyes-migrante-guatemalteco.webp 1920w\" sizes=\"(max-width: 768px) 100vw, 768px\" title=\"cesar reyes migrante guatemalteco \u2013 SoyMigrante.com REVISTA\" \/>\t\t\t\t\t\t\t\t<\/a>\n\t\t\t\t\t\t\t\t\t\t\t\t\t\t\t<\/div>\n\t\t\t\t\t<\/div>\n\t\t\t\t<\/div>\n\t\t<div data-particle_enable=\"false\" data-particle-mobile-disabled=\"false\" class=\"elementor-element elementor-element-d95eb13 e-flex e-con-boxed e-con e-parent\" data-id=\"d95eb13\" data-element_type=\"container\" data-e-type=\"container\">\n\t\t\t\t\t<div class=\"e-con-inner\">\n\t\t\t\t<div class=\"elementor-element elementor-element-1e95dcd elementor-widget elementor-widget-heading\" data-id=\"1e95dcd\" data-element_type=\"widget\" data-e-type=\"widget\" data-widget_type=\"heading.default\">\n\t\t\t\t\t<h3 class=\"elementor-heading-title elementor-size-default\">\"Mi hijo de 3 a\u00f1os me dice que me extra\u00f1a\" <\/h3>\t\t\t\t<\/div>\n\t\t\t\t\t<\/div>\n\t\t\t\t<\/div>\n\t\t<div data-particle_enable=\"false\" data-particle-mobile-disabled=\"false\" class=\"elementor-element elementor-element-ee1b628 e-flex e-con-boxed e-con e-parent\" data-id=\"ee1b628\" data-element_type=\"container\" data-e-type=\"container\">\n\t\t\t\t\t<div class=\"e-con-inner\">\n\t\t\t\t<div class=\"elementor-element elementor-element-6f4004f elementor-widget elementor-widget-text-editor\" data-id=\"6f4004f\" data-element_type=\"widget\" data-e-type=\"widget\" data-widget_type=\"text-editor.default\">\n\t\t\t\t\t\t\t\t\t<p>&#8220;Estuve detenido en tres diferentes centros de detenci\u00f3n por 14 d\u00edas, lo cual fue una cosa horrible. Te dan un uniforme de preso, te levantan a las 4 de la ma\u00f1ana a darte desayuno&#8221;.&nbsp;<\/p>\n<p>&#8220;Es un trato inhumano, pero es un gran negocio para las c\u00e1rceles privadas, para el gobierno de Estados Unidos detenerte. Le pagan, por tu cabeza, al d\u00eda, alrededor de 250 d\u00f3lares a estas c\u00e1rceles privadas. Hoy me encuentro lejos de mi familia, lejos de mi hijo de tres a\u00f1os que me dice que me extra\u00f1a, que me dice que me quiere ver&#8221;.<\/p>\n<p>&#8220;\u00bfY c\u00f3mo <a href=\"https:\/\/soymigrante.com\/revista\/ensenar-a-los-ninos-a-identificar-las-emociones-puede-fortalecerlos\/\">se lo explico a mi ni\u00f1o<\/a> de tres a\u00f1os esto que est\u00e1s pasando?. Si a m\u00ed me hubieran dicho que ese d\u00eda me iban a detener, yo jam\u00e1s me hubiera presentado a mi cita de inmigraci\u00f3n y hubiera dejado de confiar en el sistema de inmigraci\u00f3n&#8221;.&nbsp;<\/p>\n<p>&#8220;A todas mis personas inmigrantes en Estados Unidos, digan ech\u00e1ndole ganas, cuiden a los suyos, cuiden a sus familias, p\u00f3rtense bien, cuiden a los que est\u00e1n con ustedes y sigamos informados de lo que est\u00e1 pasando. Cuidemos a los nuestros&#8221;.<\/p>\t\t\t\t\t\t\t\t<\/div>\n\t\t\t\t\t<\/div>\n\t\t\t\t<\/div>\n\t\t<div data-particle_enable=\"false\" data-particle-mobile-disabled=\"false\" class=\"elementor-element elementor-element-92c88f5 e-flex e-con-boxed e-con e-parent\" data-id=\"92c88f5\" data-element_type=\"container\" data-e-type=\"container\">\n\t\t\t\t\t<div class=\"e-con-inner\">\n\t\t\t\t<div class=\"elementor-element elementor-element-01ff635 elementor-widget elementor-widget-heading\" data-id=\"01ff635\" data-element_type=\"widget\" data-e-type=\"widget\" data-widget_type=\"heading.default\">\n\t\t\t\t\t<h2 class=\"elementor-heading-title elementor-size-default\">Migrantes guatemaltecos aportan trabajo, cultura y valores siempre<\/h2>\t\t\t\t<\/div>\n\t\t\t\t\t<\/div>\n\t\t\t\t<\/div>\n\t\t<div data-particle_enable=\"false\" data-particle-mobile-disabled=\"false\" class=\"elementor-element elementor-element-da8b9b0 e-flex e-con-boxed e-con e-parent\" data-id=\"da8b9b0\" data-element_type=\"container\" data-e-type=\"container\">\n\t\t\t\t\t<div class=\"e-con-inner\">\n\t\t\t\t<div class=\"elementor-element elementor-element-74ebc10 elementor-grid-eael-col-3 elementor-grid-tablet-eael-col-2 elementor-grid-mobile-eael-col-1 elementor-widget elementor-widget-eael-post-grid\" data-id=\"74ebc10\" data-element_type=\"widget\" data-e-type=\"widget\" data-settings=\"{&quot;eael_post_grid_columns&quot;:&quot;eael-col-3&quot;,&quot;eael_post_grid_columns_tablet&quot;:&quot;eael-col-2&quot;,&quot;eael_post_grid_columns_mobile&quot;:&quot;eael-col-1&quot;}\" data-widget_type=\"eael-post-grid.default\">\n\t\t\t\t\t<div id=\"eael-post-grid-74ebc10\" class=\"eael-post-grid-container\">\n            <div class=\"eael-post-grid eael-post-appender eael-post-appender-74ebc10 eael-post-grid-style-one\" data-layout-mode=\"masonry\"><article class=\"eael-grid-post  eael-post-grid-column eael-pg-post-18082 category-guate-nuestra\" data-id=\"18082\">\n        <div class=\"eael-grid-post-holder\">\n            <div class=\"eael-grid-post-holder-inner\"><div class=\"eael-entry-media\"><div class=\"eael-entry-overlay fade-in\"><i class=\"far fa-hand-pointer\" aria-hidden=\"true\"><\/i><a href=\"https:\/\/soymigrante.com\/revista\/migrantes-guatemaltecos-asi-fortalecen-y-aportan-a-estados-unidos\/\"><\/a><\/div><div class=\"eael-entry-thumbnail \">\n                <img decoding=\"async\" width=\"1024\" height=\"1024\" src=\"https:\/\/soymigrante.com\/revista\/wp-content\/uploads\/2024\/11\/tiana-ochoa-lider-migrante-rhode-island-5-e1734361323429-1024x1024.webp\" class=\"attachment-large size-large wp-image-11993\" alt=\"Celebraci\u00f3n de migrantes en un evento cultural, con banderas de Estados Unidos, Guatemala, y Cuba, mostrando orgullo y comunidad en un ambiente festivo y multicultural.\" srcset=\"https:\/\/soymigrante.com\/revista\/wp-content\/uploads\/2024\/11\/tiana-ochoa-lider-migrante-rhode-island-5-e1734361323429-1024x1024.webp 1024w, https:\/\/soymigrante.com\/revista\/wp-content\/uploads\/2024\/11\/tiana-ochoa-lider-migrante-rhode-island-5-e1734361323429-300x300.webp 300w, https:\/\/soymigrante.com\/revista\/wp-content\/uploads\/2024\/11\/tiana-ochoa-lider-migrante-rhode-island-5-e1734361323429-150x150.webp 150w, https:\/\/soymigrante.com\/revista\/wp-content\/uploads\/2024\/11\/tiana-ochoa-lider-migrante-rhode-island-5-e1734361323429-768x768.webp 768w, https:\/\/soymigrante.com\/revista\/wp-content\/uploads\/2024\/11\/tiana-ochoa-lider-migrante-rhode-island-5-e1734361323429-75x75.webp 75w, https:\/\/soymigrante.com\/revista\/wp-content\/uploads\/2024\/11\/tiana-ochoa-lider-migrante-rhode-island-5-e1734361323429-750x750.webp 750w, https:\/\/soymigrante.com\/revista\/wp-content\/uploads\/2024\/11\/tiana-ochoa-lider-migrante-rhode-island-5-e1734361323429-1140x1140.webp 1140w, https:\/\/soymigrante.com\/revista\/wp-content\/uploads\/2024\/11\/tiana-ochoa-lider-migrante-rhode-island-5-e1734361323429.webp 1370w\" sizes=\"(max-width: 1024px) 100vw, 1024px\" \/>\n            <\/div>\n        <\/div><div class=\"eael-entry-wrapper\"><header class=\"eael-entry-header\"><h2 class=\"eael-entry-title\"><a class=\"eael-grid-post-link\" href=\"https:\/\/soymigrante.com\/revista\/migrantes-guatemaltecos-asi-fortalecen-y-aportan-a-estados-unidos\/\" title=\"Migrantes guatemaltecos: As\u00ed fortalecen y aportan a Estados Unidos\">Migrantes guatemaltecos: As\u00ed fortalecen y aportan a Estados Unidos<\/a><\/h2><\/header><div class=\"eael-entry-content\">\n                        <div class=\"eael-grid-post-excerpt\"><a href=\"https:\/\/soymigrante.com\/revista\/migrantes-guatemaltecos-asi-fortalecen-y-aportan-a-estados-unidos\/\" class=\"eael-post-elements-readmore-btn\">CONOCE SU HISTORIA <\/a><\/div>\n                    <\/div><\/div><\/div>\n        <\/div>\n    <\/article><article class=\"eael-grid-post  eael-post-grid-column eael-pg-post-7769 category-estamos-unidos\" data-id=\"7769\">\n        <div class=\"eael-grid-post-holder\">\n            <div class=\"eael-grid-post-holder-inner\"><div class=\"eael-entry-media\"><div class=\"eael-entry-overlay fade-in\"><i class=\"far fa-hand-pointer\" aria-hidden=\"true\"><\/i><a href=\"https:\/\/soymigrante.com\/revista\/migrantes-indocumentados-aportan-us100-mil-millones-en-impuestos-a-estados-unidos\/\"><\/a><\/div><div class=\"eael-entry-thumbnail \">\n                <img loading=\"lazy\" decoding=\"async\" width=\"681\" height=\"681\" src=\"https:\/\/soymigrante.com\/revista\/wp-content\/uploads\/2024\/08\/aporte-migrante-en-impuestos-en-estados-unidos-2.webp\" class=\"attachment-large size-large wp-image-7775\" alt=\"Reparador de ventanas en altura en un edificio de vidrio, realizando mantenimiento exterior con equipo de seguridad en un rascacielos, en un contexto urbano y empresarial.\" srcset=\"https:\/\/soymigrante.com\/revista\/wp-content\/uploads\/2024\/08\/aporte-migrante-en-impuestos-en-estados-unidos-2.webp 681w, https:\/\/soymigrante.com\/revista\/wp-content\/uploads\/2024\/08\/aporte-migrante-en-impuestos-en-estados-unidos-2-300x300.webp 300w, https:\/\/soymigrante.com\/revista\/wp-content\/uploads\/2024\/08\/aporte-migrante-en-impuestos-en-estados-unidos-2-150x150.webp 150w, https:\/\/soymigrante.com\/revista\/wp-content\/uploads\/2024\/08\/aporte-migrante-en-impuestos-en-estados-unidos-2-75x75.webp 75w\" sizes=\"(max-width: 681px) 100vw, 681px\" \/>\n            <\/div>\n        <\/div><div class=\"eael-entry-wrapper\"><header class=\"eael-entry-header\"><h2 class=\"eael-entry-title\"><a class=\"eael-grid-post-link\" href=\"https:\/\/soymigrante.com\/revista\/migrantes-indocumentados-aportan-us100-mil-millones-en-impuestos-a-estados-unidos\/\" title=\"Migrantes indocumentados aportan US$96 mil millones en impuestos a Estados Unidos\">Migrantes indocumentados aportan US$96 mil millones en impuestos a Estados Unidos<\/a><\/h2><\/header><div class=\"eael-entry-content\">\n                        <div class=\"eael-grid-post-excerpt\"><a href=\"https:\/\/soymigrante.com\/revista\/migrantes-indocumentados-aportan-us100-mil-millones-en-impuestos-a-estados-unidos\/\" class=\"eael-post-elements-readmore-btn\">CONOCE SU HISTORIA <\/a><\/div>\n                    <\/div><\/div><\/div>\n        <\/div>\n    <\/article><article class=\"eael-grid-post  eael-post-grid-column eael-pg-post-3696 category-estamos-unidos\" data-id=\"3696\">\n        <div class=\"eael-grid-post-holder\">\n            <div class=\"eael-grid-post-holder-inner\"><div class=\"eael-entry-media\"><div class=\"eael-entry-overlay fade-in\"><i class=\"far fa-hand-pointer\" aria-hidden=\"true\"><\/i><a href=\"https:\/\/soymigrante.com\/revista\/reconocen-aporte-de-migrantes-guatemaltecos-en-oklahoma\/\"><\/a><\/div><div class=\"eael-entry-thumbnail \">\n                <img loading=\"lazy\" decoding=\"async\" width=\"1024\" height=\"576\" src=\"https:\/\/soymigrante.com\/revista\/wp-content\/uploads\/2023\/12\/Galardonados--1024x576.webp\" class=\"attachment-large size-large wp-image-3688\" alt=\"\" srcset=\"https:\/\/soymigrante.com\/revista\/wp-content\/uploads\/2023\/12\/Galardonados--1024x576.webp 1024w, https:\/\/soymigrante.com\/revista\/wp-content\/uploads\/2023\/12\/Galardonados--300x169.webp 300w, https:\/\/soymigrante.com\/revista\/wp-content\/uploads\/2023\/12\/Galardonados--768x432.webp 768w, https:\/\/soymigrante.com\/revista\/wp-content\/uploads\/2023\/12\/Galardonados--1536x864.webp 1536w, https:\/\/soymigrante.com\/revista\/wp-content\/uploads\/2023\/12\/Galardonados--750x422.webp 750w, https:\/\/soymigrante.com\/revista\/wp-content\/uploads\/2023\/12\/Galardonados--1140x641.webp 1140w, https:\/\/soymigrante.com\/revista\/wp-content\/uploads\/2023\/12\/Galardonados-.webp 1920w\" sizes=\"(max-width: 1024px) 100vw, 1024px\" \/>\n            <\/div>\n        <\/div><div class=\"eael-entry-wrapper\"><header class=\"eael-entry-header\"><h2 class=\"eael-entry-title\"><a class=\"eael-grid-post-link\" href=\"https:\/\/soymigrante.com\/revista\/reconocen-aporte-de-migrantes-guatemaltecos-en-oklahoma\/\" title=\"Reconocen aporte de migrantes guatemaltecos en Oklahoma\">Reconocen aporte de migrantes guatemaltecos en Oklahoma<\/a><\/h2><\/header><div class=\"eael-entry-content\">\n                        <div class=\"eael-grid-post-excerpt\"><a href=\"https:\/\/soymigrante.com\/revista\/reconocen-aporte-de-migrantes-guatemaltecos-en-oklahoma\/\" class=\"eael-post-elements-readmore-btn\">CONOCE SU HISTORIA <\/a><\/div>\n                    <\/div><\/div><\/div>\n        <\/div>\n    <\/article><\/div>\n            <div class=\"clearfix\"><\/div>\n        <\/div>\t\t\t\t<\/div>\n\t\t\t\t\t<\/div>\n\t\t\t\t<\/div>\n\t\t\t\t<\/div>\n\t\t","protected":false},"excerpt":{"rendered":"<p>Migrante guatemalteco C\u00e9sar Reyes, radicado por a\u00f1os en Oklahoma e impulsor de causas ben\u00e9ficas, relat\u00f3 en un video la dura experiencia de deportaci\u00f3n tras ir a una cita migratoria en febrero. Su esposa e hijo de 3 a\u00f1os est\u00e1n en Estados Unidos. Testimonio del migrante guatemalteco C\u00e9sar Reyes &#8220;Pens\u00e9 mucho realizar este video o no. [&hellip;]<\/p>\n","protected":false},"author":1,"featured_media":35932,"comment_status":"open","ping_status":"open","sticky":false,"template":"","format":"standard","meta":{"_acf_changed":false,"_eb_attr":"","footnotes":""},"categories":[56],"tags":[],"class_list":["post-35931","post","type-post","status-publish","format-standard","has-post-thumbnail","hentry","category-lugar-de-voces"],"acf":[],"aioseo_notices":[],"aioseo_head":"\n\t\t<!-- All in One SEO Pro 4.9.6.2 - aioseo.com -->\n\t<meta name=\"description\" content=\"Son empresarios, l\u00edderes, artistas y profesionales migrantes guatemaltecos que contribuyen al desarrollo econ\u00f3mico y cultural en Oklahoma, Estados Unidos con su trabajo y dedicaci\u00f3n. La Asociaci\u00f3n Guatemaltecos en Oklahoma Asociaci\u00f3n (GOA) organiz\u00f3 la gala anual. Gran aporte y talento guatemalteco M\u00e1s de 25 mil guatemaltecos contribuyen al desarrollo econ\u00f3mico y cultural del estado de Oklahoma. L\u00edderes, artistas y empresarios migrantes guatemaltecos son reconocidos con el galard\u00f3n gala excelencia Awardees 2023.\" \/>\n\t<meta name=\"robots\" content=\"max-snippet:-1, max-image-preview:large, max-video-preview:-1\" \/>\n\t<meta name=\"author\" content=\"SoyMigrante.com REVISTA\"\/>\n\t<link rel=\"canonical\" href=\"https:\/\/soymigrante.com\/revista\/migrante-guatemalteco-cesar-reyes-sin-antecedentes-deportado-video-explico-nino\/\" \/>\n\t<meta name=\"generator\" content=\"All in One SEO Pro (AIOSEO) 4.9.6.2\" \/>\n\n\t\t<link rel=\"preconnect\" href=\"https:\/\/fonts.googleapis.com\" crossorigin>\n<link rel=\"preconnect\" href=\"https:\/\/fonts.gstatic.com\" crossorigin>\n\t\t<meta property=\"og:locale\" content=\"es_ES\" \/>\n\t\t<meta property=\"og:site_name\" content=\"SoyMigrante.com REVISTA \u2013 Nuestra misi\u00f3n es reconocer y dignificar al migrante.\" \/>\n\t\t<meta property=\"og:type\" content=\"article\" \/>\n\t\t<meta property=\"og:title\" content=\"Migrante guatemalteco sin antecedentes relata deportaci\u00f3n s\u00fabita\" \/>\n\t\t<meta property=\"og:description\" content=\"\u00bfC\u00f3mo se lo explico a mi ni\u00f1o de 3 a\u00f1os?: migrante guatemalteco C\u00e9sar Reyes sobre su deportaci\u00f3n s\u00fabita tras cita migratoria en Oklahoma. Fue separado de su esposa e hijo.\" \/>\n\t\t<meta property=\"og:url\" content=\"https:\/\/soymigrante.com\/revista\/migrante-guatemalteco-cesar-reyes-sin-antecedentes-deportado-video-explico-nino\/\" \/>\n\t\t<meta property=\"og:image\" content=\"https:\/\/soymigrante.com\/revista\/wp-content\/uploads\/2025\/06\/cesar-reyes-migrante-deportado.webp\" \/>\n\t\t<meta property=\"og:image:secure_url\" content=\"https:\/\/soymigrante.com\/revista\/wp-content\/uploads\/2025\/06\/cesar-reyes-migrante-deportado.webp\" \/>\n\t\t<meta property=\"og:image:width\" content=\"464\" \/>\n\t\t<meta property=\"og:image:height\" content=\"464\" \/>\n\t\t<meta property=\"article:published_time\" content=\"2025-06-10T00:01:30+00:00\" \/>\n\t\t<meta property=\"article:modified_time\" content=\"2025-06-10T00:16:46+00:00\" \/>\n\t\t<meta property=\"article:publisher\" content=\"https:\/\/www.facebook.com\/soymigrantecom\" \/>\n\t\t<meta name=\"twitter:card\" content=\"summary_large_image\" \/>\n\t\t<meta name=\"twitter:site\" content=\"@SoyMigrante_com\" \/>\n\t\t<meta name=\"twitter:title\" content=\"Migrante guatemalteco sin antecedentes relata deportaci\u00f3n s\u00fabita\" \/>\n\t\t<meta name=\"twitter:description\" content=\"\u00bfC\u00f3mo se lo explico a mi ni\u00f1o de 3 a\u00f1os?: migrante guatemalteco C\u00e9sar Reyes sobre su deportaci\u00f3n s\u00fabita tras cita migratoria en Oklahoma. Fue separado de su esposa e hijo.\" \/>\n\t\t<meta name=\"twitter:creator\" content=\"@SoyMigrante_com\" \/>\n\t\t<meta name=\"twitter:image\" content=\"https:\/\/soymigrante.com\/revista\/wp-content\/uploads\/2025\/06\/cesar-reyes-migrante-deportado.webp\" \/>\n\t\t<!-- All in One SEO Pro -->\r\n\t\t<title>Migrante guatemalteco sin antecedentes relata deportaci\u00f3n s\u00fabita<\/title>\n\n","aioseo_head_json":{"title":"Migrante guatemalteco sin antecedentes relata deportaci\u00f3n s\u00fabita","description":"\u00bfC\u00f3mo se lo explico a mi ni\u00f1o de 3 a\u00f1os?: migrante guatemalteco C\u00e9sar Reyes sobre su deportaci\u00f3n s\u00fabita tras cita migratoria en Oklahoma. Fue separado de su esposa e hijo.","canonical_url":"https:\/\/soymigrante.com\/revista\/migrante-guatemalteco-cesar-reyes-sin-antecedentes-deportado-video-explico-nino\/","robots":"max-snippet:-1, max-image-preview:large, max-video-preview:-1","keywords":"","webmasterTools":{"miscellaneous":"&lt;link rel=\"preconnect\" href=\"https:\/\/fonts.googleapis.com\" crossorigin&gt;\n&lt;link rel=\"preconnect\" href=\"https:\/\/fonts.gstatic.com\" crossorigin&gt;"},"schema":null,"og:locale":"es_ES","og:site_name":"SoyMigrante.com REVISTA \u2013 Nuestra misi\u00f3n es reconocer y dignificar al migrante.","og:type":"article","og:title":"Migrante guatemalteco sin antecedentes relata deportaci\u00f3n s\u00fabita","og:description":"\u00bfC\u00f3mo se lo explico a mi ni\u00f1o de 3 a\u00f1os?: migrante guatemalteco C\u00e9sar Reyes sobre su deportaci\u00f3n s\u00fabita tras cita migratoria en Oklahoma. Fue separado de su esposa e hijo.","og:url":"https:\/\/soymigrante.com\/revista\/migrante-guatemalteco-cesar-reyes-sin-antecedentes-deportado-video-explico-nino\/","og:image":"https:\/\/soymigrante.com\/revista\/wp-content\/uploads\/2025\/06\/cesar-reyes-migrante-deportado.webp","og:image:secure_url":"https:\/\/soymigrante.com\/revista\/wp-content\/uploads\/2025\/06\/cesar-reyes-migrante-deportado.webp","og:image:width":464,"og:image:height":464,"article:published_time":"2025-06-10T00:01:30+00:00","article:modified_time":"2025-06-10T00:16:46+00:00","article:publisher":"https:\/\/www.facebook.com\/soymigrantecom","twitter:card":"summary_large_image","twitter:site":"@SoyMigrante_com","twitter:title":"Migrante guatemalteco sin antecedentes relata deportaci\u00f3n s\u00fabita","twitter:description":"\u00bfC\u00f3mo se lo explico a mi ni\u00f1o de 3 a\u00f1os?: migrante guatemalteco C\u00e9sar Reyes sobre su deportaci\u00f3n s\u00fabita tras cita migratoria en Oklahoma. Fue separado de su esposa e hijo.","twitter:creator":"@SoyMigrante_com","twitter:image":"https:\/\/soymigrante.com\/revista\/wp-content\/uploads\/2025\/06\/cesar-reyes-migrante-deportado.webp"},"aioseo_meta_data":{"post_id":"35931","title":"Migrante guatemalteco sin antecedentes relata deportaci\u00f3n s\u00fabita","description":"\u00bfC\u00f3mo se lo explico a mi ni\u00f1o de 3 a\u00f1os?: migrante guatemalteco C\u00e9sar Reyes sobre su deportaci\u00f3n s\u00fabita tras cita migratoria en Oklahoma. Fue separado de su esposa e hijo.","keywords":null,"keyphrases":{"focus":{"keyphrase":"Migrante","score":82,"analysis":{"keyphraseInTitle":{"score":9,"maxScore":9,"error":0},"keyphraseInDescription":{"score":9,"maxScore":9,"error":0},"keyphraseLength":{"score":9,"maxScore":9,"error":0,"length":1},"keyphraseInURL":{"score":5,"maxScore":5,"error":0},"keyphraseInIntroduction":{"score":3,"maxScore":9,"error":1},"keyphraseInSubHeadings":{"score":3,"maxScore":9,"error":1},"keyphraseInImageAlt":{"score":9,"maxScore":9,"error":0},"keywordDensity":{"type":"best","score":9,"maxScore":9,"error":0}}},"additional":[{"keyphrase":"Guatemalteco","score":87,"analysis":{"keyphraseInDescription":{"score":9,"maxScore":9,"error":0},"keyphraseLength":{"score":9,"maxScore":9,"error":0,"length":1},"keyphraseInIntroduction":{"score":3,"maxScore":9,"error":1},"keyphraseInImageAlt":{"score":9,"maxScore":9,"error":0},"keywordDensity":{"type":"best","score":9,"maxScore":9,"error":0}}},{"keyphrase":"Deportaci\u00f3n","score":67,"analysis":{"keyphraseInDescription":{"score":9,"maxScore":9,"error":0},"keyphraseLength":{"score":9,"maxScore":9,"error":0,"length":2},"keyphraseInIntroduction":{"score":3,"maxScore":9,"error":1},"keyphraseInImageAlt":{"score":9,"maxScore":9,"error":0},"keywordDensity":{"score":0,"type":"low","maxScore":9,"error":1}}},{"keyphrase":"Deportado","score":53,"analysis":{"keyphraseInDescription":{"score":3,"maxScore":9,"error":1},"keyphraseLength":{"score":9,"maxScore":9,"error":0,"length":1},"keyphraseInIntroduction":{"score":9,"maxScore":9,"error":0},"keyphraseInImageAlt":{"score":3,"maxScore":9,"error":1},"keywordDensity":{"score":0,"type":"low","maxScore":9,"error":1}}}]},"primary_term":null,"canonical_url":null,"og_title":null,"og_description":null,"og_object_type":"default","og_image_type":"default","og_image_url":null,"og_image_width":null,"og_image_height":null,"og_image_custom_url":null,"og_image_custom_fields":null,"og_video":"","og_custom_url":null,"og_article_section":null,"og_article_tags":null,"twitter_use_og":false,"twitter_card":"default","twitter_image_type":"default","twitter_image_url":null,"twitter_image_custom_url":null,"twitter_image_custom_fields":null,"twitter_title":null,"twitter_description":null,"schema":{"blockGraphs":[],"customGraphs":[],"default":{"data":{"Article":[],"Course":[],"Dataset":[],"FAQPage":[],"Movie":[],"Person":[],"Product":[],"ProductReview":[],"Car":[],"Recipe":[],"Service":[],"SoftwareApplication":[],"WebPage":[]},"graphName":"none","isEnabled":true},"graphs":[]},"schema_type":"default","schema_type_options":null,"pillar_content":false,"robots_default":true,"robots_noindex":false,"robots_noarchive":false,"robots_nosnippet":false,"robots_nofollow":false,"robots_noimageindex":false,"robots_noodp":false,"robots_notranslate":false,"robots_max_snippet":"-1","robots_max_videopreview":"-1","robots_max_imagepreview":"large","priority":null,"frequency":"default","local_seo":null,"seo_analyzer_scan_date":"2025-10-09 05:46:12","breadcrumb_settings":null,"limit_modified_date":false,"reviewed_by":"0","open_ai":"{\"title\":{\"suggestions\":[],\"usage\":0},\"description\":{\"suggestions\":[],\"usage\":0}}","ai":null,"created":"2025-06-09 23:38:29","updated":"2026-02-05 00:51:31"},"aioseo_breadcrumb":"<div class=\"aioseo-breadcrumbs\"><span class=\"aioseo-breadcrumb\">\n\t<a href=\"https:\/\/soymigrante.com\/revista\" title=\"Home\">Home<\/a>\n<\/span><span class=\"aioseo-breadcrumb-separator\">\u00bb<\/span><span class=\"aioseo-breadcrumb\">\n\t<a href=\"https:\/\/soymigrante.com\/revista\/category\/estamos-unidos\/\" title=\"Estamos Unidos\">Estamos Unidos<\/a>\n<\/span><span class=\"aioseo-breadcrumb-separator\">\u00bb<\/span><span class=\"aioseo-breadcrumb\">\n\t<a href=\"https:\/\/soymigrante.com\/revista\/category\/estamos-unidos\/lugar-de-voces\/\" title=\"Lugar de Voces\">Lugar de Voces<\/a>\n<\/span><span class=\"aioseo-breadcrumb-separator\">\u00bb<\/span><span class=\"aioseo-breadcrumb\">\n\t\u201c\u00bfC\u00f3mo se lo explico a mi ni\u00f1o de 3 a\u00f1os?\u201d: migrante guatemalteco C\u00e9sar Reyes, sin antecedentes, deportado.\n<\/span><\/div>","aioseo_breadcrumb_json":[{"label":"Home","link":"https:\/\/soymigrante.com\/revista"},{"label":"Estamos Unidos","link":"https:\/\/soymigrante.com\/revista\/category\/estamos-unidos\/"},{"label":"Lugar de Voces","link":"https:\/\/soymigrante.com\/revista\/category\/estamos-unidos\/lugar-de-voces\/"},{"label":"\u201c\u00bfC\u00f3mo se lo explico a mi ni\u00f1o de 3 a\u00f1os?\u201d: migrante guatemalteco C\u00e9sar Reyes, sin antecedentes, deportado.","link":"https:\/\/soymigrante.com\/revista\/migrante-guatemalteco-cesar-reyes-sin-antecedentes-deportado-video-explico-nino\/"}],"_links":{"self":[{"href":"https:\/\/soymigrante.com\/revista\/wp-json\/wp\/v2\/posts\/35931","targetHints":{"allow":["GET"]}}],"collection":[{"href":"https:\/\/soymigrante.com\/revista\/wp-json\/wp\/v2\/posts"}],"about":[{"href":"https:\/\/soymigrante.com\/revista\/wp-json\/wp\/v2\/types\/post"}],"author":[{"embeddable":true,"href":"https:\/\/soymigrante.com\/revista\/wp-json\/wp\/v2\/users\/1"}],"replies":[{"embeddable":true,"href":"https:\/\/soymigrante.com\/revista\/wp-json\/wp\/v2\/comments?post=35931"}],"version-history":[{"count":19,"href":"https:\/\/soymigrante.com\/revista\/wp-json\/wp\/v2\/posts\/35931\/revisions"}],"predecessor-version":[{"id":35955,"href":"https:\/\/soymigrante.com\/revista\/wp-json\/wp\/v2\/posts\/35931\/revisions\/35955"}],"wp:featuredmedia":[{"embeddable":true,"href":"https:\/\/soymigrante.com\/revista\/wp-json\/wp\/v2\/media\/35932"}],"wp:attachment":[{"href":"https:\/\/soymigrante.com\/revista\/wp-json\/wp\/v2\/media?parent=35931"}],"wp:term":[{"taxonomy":"category","embeddable":true,"href":"https:\/\/soymigrante.com\/revista\/wp-json\/wp\/v2\/categories?post=35931"},{"taxonomy":"post_tag","embeddable":true,"href":"https:\/\/soymigrante.com\/revista\/wp-json\/wp\/v2\/tags?post=35931"}],"curies":[{"name":"wp","href":"https:\/\/api.w.org\/{rel}","templated":true}]}}