{"id":35912,"date":"2025-06-09T16:55:03","date_gmt":"2025-06-09T22:55:03","guid":{"rendered":"https:\/\/soymigrante.com\/revista\/?p=35912"},"modified":"2025-06-09T16:55:07","modified_gmt":"2025-06-09T22:55:07","slug":"cancilleria-de-guatemala-emite-postura-y-recomendaciones-por-redadas-antimigrantes","status":"publish","type":"post","link":"https:\/\/soymigrante.com\/revista\/cancilleria-de-guatemala-emite-postura-y-recomendaciones-por-redadas-antimigrantes\/","title":{"rendered":"Canciller\u00eda de Guatemala emite postura y recomendaciones por redadas antimigrantes"},"content":{"rendered":"\t\t<div data-elementor-type=\"wp-post\" data-elementor-id=\"35912\" class=\"elementor elementor-35912\" data-elementor-post-type=\"post\">\n\t\t\t\t<div data-particle_enable=\"false\" data-particle-mobile-disabled=\"false\" class=\"elementor-element elementor-element-d501126 e-flex e-con-boxed e-con e-parent\" data-id=\"d501126\" data-element_type=\"container\" data-e-type=\"container\">\n\t\t\t\t\t<div class=\"e-con-inner\">\n\t\t\t\t<div class=\"elementor-element elementor-element-2938bc9 elementor-widget elementor-widget-heading\" data-id=\"2938bc9\" data-element_type=\"widget\" data-e-type=\"widget\" data-widget_type=\"heading.default\">\n\t\t\t\t\t<h2 class=\"elementor-heading-title elementor-size-default\">Ante la ola de deportaciones que est\u00e1 haciendo Estados Unidos, Guatemala emite recomendaciones a sus ciudadanos. \n<\/h2>\t\t\t\t<\/div>\n\t\t\t\t\t<\/div>\n\t\t\t\t<\/div>\n\t\t<div data-particle_enable=\"false\" data-particle-mobile-disabled=\"false\" class=\"elementor-element elementor-element-62422a7 e-flex e-con-boxed e-con e-parent\" data-id=\"62422a7\" data-element_type=\"container\" data-e-type=\"container\">\n\t\t\t\t\t<div class=\"e-con-inner\">\n\t\t\t\t<div class=\"elementor-element elementor-element-88baa40 elementor-widget elementor-widget-text-editor\" data-id=\"88baa40\" data-element_type=\"widget\" data-e-type=\"widget\" data-widget_type=\"text-editor.default\">\n\t\t\t\t\t\t\t\t\t<p><a href=\"https:\/\/x.com\/MinexGt\/status\/1932136725662371999\/photo\/1\" target=\"_blank\" rel=\"noopener\">El Gobierno de Guatemala, a trav\u00e9s del Ministerio de Relaciones Exteriores<\/a>, manifest\u00f3 su preocupaci\u00f3n por los recientes operativos migratorios realizados en las cercan\u00edas de cortes migratorias en diversas ciudades de Estados Unidos, los cuales han derivado en enfrentamientos que afectan directamente a comunidades migrantes.<\/p><p>Ante esta situaci\u00f3n, la Canciller\u00eda guatemalteca ha instruido a su red consular en Estados Unidos brindar asistencia y protecci\u00f3n a los connacionales que pudieran verse afectados.<\/p><p>Como parte de estas acciones, se emitieron recomendaciones para guatemaltecos con procesos migratorios abiertos, especialmente aquellos que deben asistir a audiencias ante las cortes.<\/p>\t\t\t\t\t\t\t\t<\/div>\n\t\t\t\t\t<\/div>\n\t\t\t\t<\/div>\n\t\t<div data-particle_enable=\"false\" data-particle-mobile-disabled=\"false\" class=\"elementor-element elementor-element-4f8868a e-flex e-con-boxed e-con e-parent\" data-id=\"4f8868a\" data-element_type=\"container\" data-e-type=\"container\">\n\t\t\t\t\t<div class=\"e-con-inner\">\n\t\t\t\t<div class=\"elementor-element elementor-element-041decd elementor-widget elementor-widget-heading\" data-id=\"041decd\" data-element_type=\"widget\" data-e-type=\"widget\" data-widget_type=\"heading.default\">\n\t\t\t\t\t<h3 class=\"elementor-heading-title elementor-size-default\">Sugerencias destacadas <\/h3>\t\t\t\t<\/div>\n\t\t\t\t\t<\/div>\n\t\t\t\t<\/div>\n\t\t<div data-particle_enable=\"false\" data-particle-mobile-disabled=\"false\" class=\"elementor-element elementor-element-61d90c5 e-flex e-con-boxed e-con e-parent\" data-id=\"61d90c5\" data-element_type=\"container\" data-e-type=\"container\">\n\t\t\t\t\t<div class=\"e-con-inner\">\n\t\t\t\t<div class=\"elementor-element elementor-element-a21a694 elementor-widget elementor-widget-text-editor\" data-id=\"a21a694\" data-element_type=\"widget\" data-e-type=\"widget\" data-widget_type=\"text-editor.default\">\n\t\t\t\t\t\t\t\t\t<p>Entre las sugerencias, se destaca que los migrantes consulten con sus abogados la posibilidad de realizar sus audiencias de forma virtual o acudir acompa\u00f1ados por un representante legal. Asimismo, en caso de ser detenidos, se aconseja mantener la calma, no oponer resistencia, ser respetuosos con las autoridades, no mentir ni portar documentos falsos o de otras personas, y no firmar documentos sin comprender su contenido, solicitando siempre asistencia en su idioma.<\/p><p>Adem\u00e1s, <a href=\"https:\/\/x.com\/MinexGt\/status\/1932136725662371999\/photo\/1\" target=\"_blank\" rel=\"noopener\">se recuerda que toda persona tiene derecho a guardar silencio<\/a> y a comunicarse con su abogado o con el consulado guatemalteco m\u00e1s cercano.<\/p>\t\t\t\t\t\t\t\t<\/div>\n\t\t\t\t\t<\/div>\n\t\t\t\t<\/div>\n\t\t<div data-particle_enable=\"false\" data-particle-mobile-disabled=\"false\" class=\"elementor-element elementor-element-39fa04f e-flex e-con-boxed e-con e-parent\" data-id=\"39fa04f\" data-element_type=\"container\" data-e-type=\"container\">\n\t\t\t\t\t<div class=\"e-con-inner\">\n\t\t\t\t<div class=\"elementor-element elementor-element-676e5e2 elementor-widget elementor-widget-image\" data-id=\"676e5e2\" data-element_type=\"widget\" data-e-type=\"widget\" data-widget_type=\"image.default\">\n\t\t\t\t\t\t\t\t\t\t\t\t<figure class=\"wp-caption\">\n\t\t\t\t\t\t\t\t\t\t<img fetchpriority=\"high\" decoding=\"async\" width=\"768\" height=\"994\" src=\"https:\/\/soymigrante.com\/revista\/wp-content\/uploads\/2025\/06\/migrantes-791x1024.jpg\" class=\"attachment-large size-large wp-image-35922\" alt=\"Carta oficial del Ministerio de Relaciones Exteriores de Guatemala sobre la situaci\u00f3n migratoria en EE.UU. y apoyo a los migrantes guatemaltecos.\" srcset=\"https:\/\/soymigrante.com\/revista\/wp-content\/uploads\/2025\/06\/migrantes-791x1024.jpg 791w, https:\/\/soymigrante.com\/revista\/wp-content\/uploads\/2025\/06\/migrantes-232x300.jpg 232w, https:\/\/soymigrante.com\/revista\/wp-content\/uploads\/2025\/06\/migrantes-768x994.jpg 768w, https:\/\/soymigrante.com\/revista\/wp-content\/uploads\/2025\/06\/migrantes-1187x1536.jpg 1187w, https:\/\/soymigrante.com\/revista\/wp-content\/uploads\/2025\/06\/migrantes-1583x2048.jpg 1583w, https:\/\/soymigrante.com\/revista\/wp-content\/uploads\/2025\/06\/migrantes-750x971.jpg 750w, https:\/\/soymigrante.com\/revista\/wp-content\/uploads\/2025\/06\/migrantes-1140x1475.jpg 1140w, https:\/\/soymigrante.com\/revista\/wp-content\/uploads\/2025\/06\/migrantes-scaled.jpg 1978w\" sizes=\"(max-width: 768px) 100vw, 768px\" title=\"Comunicado del Ministerio de Relaciones Exteriores. (Foto: MINEX) \u2013 SoyMigrante.com REVISTA\" \/>\t\t\t\t\t\t\t\t\t\t\t<figcaption class=\"widget-image-caption wp-caption-text\">Guatemala expresa su preocupaci\u00f3n por los operativos migratorios en EE.UU. y reafirma su compromiso con los derechos humanos y la protecci\u00f3n de los migrantes en el contexto de migraci\u00f3n segura y ordenada.<\/figcaption>\n\t\t\t\t\t\t\t\t\t\t<\/figure>\n\t\t\t\t\t\t\t\t\t<\/div>\n\t\t\t\t\t<\/div>\n\t\t\t\t<\/div>\n\t\t<div data-particle_enable=\"false\" data-particle-mobile-disabled=\"false\" class=\"elementor-element elementor-element-5749766 e-flex e-con-boxed e-con e-parent\" data-id=\"5749766\" data-element_type=\"container\" data-e-type=\"container\">\n\t\t\t\t\t<div class=\"e-con-inner\">\n\t\t\t\t<div class=\"elementor-element elementor-element-212e084 elementor-widget elementor-widget-heading\" data-id=\"212e084\" data-element_type=\"widget\" data-e-type=\"widget\" data-widget_type=\"heading.default\">\n\t\t\t\t\t<h3 class=\"elementor-heading-title elementor-size-default\">Compromiso con los Derechos Humanos <\/h3>\t\t\t\t<\/div>\n\t\t\t\t\t<\/div>\n\t\t\t\t<\/div>\n\t\t<div data-particle_enable=\"false\" data-particle-mobile-disabled=\"false\" class=\"elementor-element elementor-element-c8b01a8 e-flex e-con-boxed e-con e-parent\" data-id=\"c8b01a8\" data-element_type=\"container\" data-e-type=\"container\">\n\t\t\t\t\t<div class=\"e-con-inner\">\n\t\t\t\t<div class=\"elementor-element elementor-element-c98fff3 elementor-widget elementor-widget-text-editor\" data-id=\"c98fff3\" data-element_type=\"widget\" data-e-type=\"widget\" data-widget_type=\"text-editor.default\">\n\t\t\t\t\t\t\t\t\t<p>\u201cEl Gobierno de la Rep\u00fablica reafirma su compromiso con los derechos humanos de los guatemaltecos, independientemente de si se encuentran en el pa\u00eds o en el exterior\u201d, subraya el comunicado oficial, en el que tambi\u00e9n se insta al respeto del debido proceso en los procedimientos migratorios en EE. UU.<\/p><p><a href=\"https:\/\/x.com\/MinexGt\/status\/1932136725662371999\/photo\/1\" target=\"_blank\" rel=\"noopener\">Estas acciones forman parte del plan integral e interinstitucional Retorno al Hogar,<\/a> mediante el cual se brinda apoyo a los guatemaltecos que enfrentan procesos de deportaci\u00f3n. Este plan contempla la asistencia consular, informaci\u00f3n sobre el retorno y medidas de reintegraci\u00f3n en Guatemala.<\/p><p>Finalmente, el Gobierno de Guatemala reiter\u00f3 su postura a favor de una migraci\u00f3n segura, ordenada y regular, y reafirm\u00f3 su disposici\u00f3n a continuar trabajando de manera conjunta y coordinada con Estados Unidos para atender las causas estructurales de la migraci\u00f3n y promover mecanismos como la migraci\u00f3n circular.<\/p>\t\t\t\t\t\t\t\t<\/div>\n\t\t\t\t\t<\/div>\n\t\t\t\t<\/div>\n\t\t<div data-particle_enable=\"false\" data-particle-mobile-disabled=\"false\" class=\"elementor-element elementor-element-c130c0a e-flex e-con-boxed e-con e-parent\" data-id=\"c130c0a\" data-element_type=\"container\" data-e-type=\"container\">\n\t\t\t\t\t<div class=\"e-con-inner\">\n\t\t\t\t<div class=\"elementor-element elementor-element-6b08bd8 elementor-widget elementor-widget-heading\" data-id=\"6b08bd8\" data-element_type=\"widget\" data-e-type=\"widget\" data-widget_type=\"heading.default\">\n\t\t\t\t\t<h2 class=\"elementor-heading-title elementor-size-default\">Te puede interesar...<\/h2>\t\t\t\t<\/div>\n\t\t\t\t\t<\/div>\n\t\t\t\t<\/div>\n\t\t<div data-particle_enable=\"false\" data-particle-mobile-disabled=\"false\" class=\"elementor-element elementor-element-3cb5a2a e-flex e-con-boxed e-con e-parent\" data-id=\"3cb5a2a\" data-element_type=\"container\" data-e-type=\"container\">\n\t\t\t\t\t<div class=\"e-con-inner\">\n\t\t\t\t<div class=\"elementor-element elementor-element-86bff91 elementor-grid-eael-col-3 elementor-grid-tablet-eael-col-2 elementor-grid-mobile-eael-col-1 elementor-widget elementor-widget-eael-post-grid\" data-id=\"86bff91\" data-element_type=\"widget\" data-e-type=\"widget\" data-settings=\"{&quot;eael_post_grid_columns&quot;:&quot;eael-col-3&quot;,&quot;eael_post_grid_columns_tablet&quot;:&quot;eael-col-2&quot;,&quot;eael_post_grid_columns_mobile&quot;:&quot;eael-col-1&quot;}\" data-widget_type=\"eael-post-grid.default\">\n\t\t\t\t\t<div id=\"eael-post-grid-86bff91\" class=\"eael-post-grid-container\">\n            <div class=\"eael-post-grid eael-post-appender eael-post-appender-86bff91 eael-post-grid-style-one\" data-layout-mode=\"masonry\"><article class=\"eael-grid-post  eael-post-grid-column eael-pg-post-23045 category-estamos-unidos\" data-id=\"23045\">\n        <div class=\"eael-grid-post-holder\">\n            <div class=\"eael-grid-post-holder-inner\"><div class=\"eael-entry-media\"><div class=\"eael-entry-overlay fade-in\"><i class=\"far fa-hand-pointer\" aria-hidden=\"true\"><\/i><a href=\"https:\/\/soymigrante.com\/revista\/abogada-orienta-a-guatemaltecos-sobre-derechos-y-politicas-migratorias-de-ee-uu\/\"><\/a><\/div><div class=\"eael-entry-thumbnail \">\n                <img decoding=\"async\" width=\"1024\" height=\"1024\" src=\"https:\/\/soymigrante.com\/revista\/wp-content\/uploads\/2025\/01\/TRABADOR-MIGRANTE-1024x1024.jpg\" class=\"attachment-large size-large wp-image-23065\" alt=\"Joven migrante con sombrero observando el atardecer en un campo, simbolizando la esperanza y la lucha de los migrantes en sus comunidades.\" srcset=\"https:\/\/soymigrante.com\/revista\/wp-content\/uploads\/2025\/01\/TRABADOR-MIGRANTE-1024x1024.jpg 1024w, https:\/\/soymigrante.com\/revista\/wp-content\/uploads\/2025\/01\/TRABADOR-MIGRANTE-300x300.jpg 300w, https:\/\/soymigrante.com\/revista\/wp-content\/uploads\/2025\/01\/TRABADOR-MIGRANTE-150x150.jpg 150w, https:\/\/soymigrante.com\/revista\/wp-content\/uploads\/2025\/01\/TRABADOR-MIGRANTE-768x768.jpg 768w, https:\/\/soymigrante.com\/revista\/wp-content\/uploads\/2025\/01\/TRABADOR-MIGRANTE-1536x1536.jpg 1536w, https:\/\/soymigrante.com\/revista\/wp-content\/uploads\/2025\/01\/TRABADOR-MIGRANTE-2048x2048.jpg 2048w, https:\/\/soymigrante.com\/revista\/wp-content\/uploads\/2025\/01\/TRABADOR-MIGRANTE-75x75.webp 75w, https:\/\/soymigrante.com\/revista\/wp-content\/uploads\/2025\/01\/TRABADOR-MIGRANTE-750x750.webp 750w, https:\/\/soymigrante.com\/revista\/wp-content\/uploads\/2025\/01\/TRABADOR-MIGRANTE-1140x1140.webp 1140w, https:\/\/soymigrante.com\/revista\/wp-content\/uploads\/2025\/01\/TRABADOR-MIGRANTE-scaled.webp 1920w\" sizes=\"(max-width: 1024px) 100vw, 1024px\" \/>\n            <\/div>\n        <\/div><div class=\"eael-entry-wrapper\"><header class=\"eael-entry-header\"><h2 class=\"eael-entry-title\"><a class=\"eael-grid-post-link\" href=\"https:\/\/soymigrante.com\/revista\/abogada-orienta-a-guatemaltecos-sobre-derechos-y-politicas-migratorias-de-ee-uu\/\" title=\"Abogada orienta a guatemaltecos sobre derechos y pol\u00edticas migratorias de EE.UU.\">Abogada orienta a guatemaltecos sobre derechos y pol\u00edticas migratorias de EE.UU.<\/a><\/h2><\/header><div class=\"eael-entry-content\">\n                        <div class=\"eael-grid-post-excerpt\"><a href=\"https:\/\/soymigrante.com\/revista\/abogada-orienta-a-guatemaltecos-sobre-derechos-y-politicas-migratorias-de-ee-uu\/\" class=\"eael-post-elements-readmore-btn\">CONOCE SU HISTORIA <\/a><\/div>\n                    <\/div><\/div><\/div>\n        <\/div>\n    <\/article><article class=\"eael-grid-post  eael-post-grid-column eael-pg-post-16791 category-estamos-unidos\" data-id=\"16791\">\n        <div class=\"eael-grid-post-holder\">\n            <div class=\"eael-grid-post-holder-inner\"><div class=\"eael-entry-media\"><div class=\"eael-entry-overlay fade-in\"><i class=\"far fa-hand-pointer\" aria-hidden=\"true\"><\/i><a href=\"https:\/\/soymigrante.com\/revista\/dia-del-migrante-fuerza-laboral-llegada-de-otros-paises-a-ee-uu-tiene-un-papel-vital\/\"><\/a><\/div><div class=\"eael-entry-thumbnail \">\n                <img decoding=\"async\" width=\"1024\" height=\"1024\" src=\"https:\/\/soymigrante.com\/revista\/wp-content\/uploads\/2024\/12\/migrante-2-1024x1024.jpg\" class=\"attachment-large size-large wp-image-16836\" alt=\"Reparaci\u00f3n de paredes por un trabajador en interior de edificio, renovaci\u00f3n y trabajo de pintura, servicio de mantenimiento, limpieza y rehabilitaci\u00f3n de espacios.\" srcset=\"https:\/\/soymigrante.com\/revista\/wp-content\/uploads\/2024\/12\/migrante-2-1024x1024.jpg 1024w, https:\/\/soymigrante.com\/revista\/wp-content\/uploads\/2024\/12\/migrante-2-300x300.jpg 300w, https:\/\/soymigrante.com\/revista\/wp-content\/uploads\/2024\/12\/migrante-2-150x150.jpg 150w, https:\/\/soymigrante.com\/revista\/wp-content\/uploads\/2024\/12\/migrante-2-768x768.jpg 768w, https:\/\/soymigrante.com\/revista\/wp-content\/uploads\/2024\/12\/migrante-2-1536x1536.jpg 1536w, https:\/\/soymigrante.com\/revista\/wp-content\/uploads\/2024\/12\/migrante-2-2048x2048.jpg 2048w, https:\/\/soymigrante.com\/revista\/wp-content\/uploads\/2024\/12\/migrante-2-75x75.webp 75w, https:\/\/soymigrante.com\/revista\/wp-content\/uploads\/2024\/12\/migrante-2-750x750.webp 750w, https:\/\/soymigrante.com\/revista\/wp-content\/uploads\/2024\/12\/migrante-2-1140x1140.webp 1140w, https:\/\/soymigrante.com\/revista\/wp-content\/uploads\/2024\/12\/migrante-2-scaled.webp 1920w\" sizes=\"(max-width: 1024px) 100vw, 1024px\" \/>\n            <\/div>\n        <\/div><div class=\"eael-entry-wrapper\"><header class=\"eael-entry-header\"><h2 class=\"eael-entry-title\"><a class=\"eael-grid-post-link\" href=\"https:\/\/soymigrante.com\/revista\/dia-del-migrante-fuerza-laboral-llegada-de-otros-paises-a-ee-uu-tiene-un-papel-vital\/\" title=\"D\u00eda del Migrante: Fuerza laboral llegada de otros pa\u00edses a EE.UU. tiene un papel vital\">D\u00eda del Migrante: Fuerza laboral llegada de otros pa\u00edses a EE.UU. tiene un papel vital<\/a><\/h2><\/header><div class=\"eael-entry-content\">\n                        <div class=\"eael-grid-post-excerpt\"><a href=\"https:\/\/soymigrante.com\/revista\/dia-del-migrante-fuerza-laboral-llegada-de-otros-paises-a-ee-uu-tiene-un-papel-vital\/\" class=\"eael-post-elements-readmore-btn\">CONOCE SU HISTORIA <\/a><\/div>\n                    <\/div><\/div><\/div>\n        <\/div>\n    <\/article><article class=\"eael-grid-post  eael-post-grid-column eael-pg-post-10600 category-estamos-unidos\" data-id=\"10600\">\n        <div class=\"eael-grid-post-holder\">\n            <div class=\"eael-grid-post-holder-inner\"><div class=\"eael-entry-media\"><div class=\"eael-entry-overlay fade-in\"><i class=\"far fa-hand-pointer\" aria-hidden=\"true\"><\/i><a href=\"https:\/\/soymigrante.com\/revista\/guatemaltecos-son-el-6-de-la-fuerza-laboral-migrante-hispana-en-ee-uu\/\"><\/a><\/div><div class=\"eael-entry-thumbnail \">\n                <img loading=\"lazy\" decoding=\"async\" width=\"842\" height=\"842\" src=\"https:\/\/soymigrante.com\/revista\/wp-content\/uploads\/2024\/10\/guatemaltecos-desfile-hispanidad.webp\" class=\"attachment-large size-large wp-image-10609\" alt=\"Guatemaltecos en una manifestaci\u00f3n en la ciudad de Nueva York con la bandera de Guatemala. Participaci\u00f3n en eventos culturales y sociales de la comunidad migrante en EE.UU.\" srcset=\"https:\/\/soymigrante.com\/revista\/wp-content\/uploads\/2024\/10\/guatemaltecos-desfile-hispanidad.webp 842w, https:\/\/soymigrante.com\/revista\/wp-content\/uploads\/2024\/10\/guatemaltecos-desfile-hispanidad-300x300.webp 300w, https:\/\/soymigrante.com\/revista\/wp-content\/uploads\/2024\/10\/guatemaltecos-desfile-hispanidad-150x150.webp 150w, https:\/\/soymigrante.com\/revista\/wp-content\/uploads\/2024\/10\/guatemaltecos-desfile-hispanidad-768x768.webp 768w, https:\/\/soymigrante.com\/revista\/wp-content\/uploads\/2024\/10\/guatemaltecos-desfile-hispanidad-75x75.webp 75w, https:\/\/soymigrante.com\/revista\/wp-content\/uploads\/2024\/10\/guatemaltecos-desfile-hispanidad-750x750.webp 750w\" sizes=\"(max-width: 842px) 100vw, 842px\" \/>\n            <\/div>\n        <\/div><div class=\"eael-entry-wrapper\"><header class=\"eael-entry-header\"><h2 class=\"eael-entry-title\"><a class=\"eael-grid-post-link\" href=\"https:\/\/soymigrante.com\/revista\/guatemaltecos-son-el-6-de-la-fuerza-laboral-migrante-hispana-en-ee-uu\/\" title=\"Guatemaltecos son el 6% de la fuerza laboral migrante hispana en EE.UU.\">Guatemaltecos son el 6% de la fuerza laboral migrante hispana en EE.UU.<\/a><\/h2><\/header><div class=\"eael-entry-content\">\n                        <div class=\"eael-grid-post-excerpt\"><a href=\"https:\/\/soymigrante.com\/revista\/guatemaltecos-son-el-6-de-la-fuerza-laboral-migrante-hispana-en-ee-uu\/\" class=\"eael-post-elements-readmore-btn\">CONOCE SU HISTORIA <\/a><\/div>\n                    <\/div><\/div><\/div>\n        <\/div>\n    <\/article><\/div>\n            <div class=\"clearfix\"><\/div>\n        <\/div>\t\t\t\t<\/div>\n\t\t\t\t\t<\/div>\n\t\t\t\t<\/div>\n\t\t\t\t<\/div>\n\t\t","protected":false},"excerpt":{"rendered":"<p>Ante la ola de deportaciones que est\u00e1 haciendo Estados Unidos, Guatemala emite recomendaciones a sus ciudadanos. El Gobierno de Guatemala, a trav\u00e9s del Ministerio de Relaciones Exteriores, manifest\u00f3 su preocupaci\u00f3n por los recientes operativos migratorios realizados en las cercan\u00edas de cortes migratorias en diversas ciudades de Estados Unidos, los cuales han derivado en enfrentamientos que [&hellip;]<\/p>\n","protected":false},"author":19,"featured_media":3459,"comment_status":"open","ping_status":"open","sticky":false,"template":"","format":"standard","meta":{"_acf_changed":false,"_eb_attr":"","footnotes":""},"categories":[54],"tags":[],"class_list":["post-35912","post","type-post","status-publish","format-standard","has-post-thumbnail","hentry","category-estamos-unidos"],"acf":[],"aioseo_notices":[],"aioseo_head":"\n\t\t<!-- All in One SEO Pro 4.9.6.2 - aioseo.com -->\n\t<meta name=\"description\" content=\"Entre 2012 y 2024 se ha duplicado la cifra de migrantes guatemaltecos trabajando en EE.UU. Conoce otras cifras de este informe basado en datos de US Census.\" \/>\n\t<meta name=\"robots\" content=\"max-snippet:-1, max-image-preview:large, max-video-preview:-1\" \/>\n\t<meta name=\"author\" content=\"Beatriz Tercero\"\/>\n\t<link rel=\"canonical\" href=\"https:\/\/soymigrante.com\/revista\/guatemaltecos-son-el-6-de-la-fuerza-laboral-migrante-hispana-en-ee-uu\/\" \/>\n\t<meta name=\"generator\" content=\"All in One SEO Pro (AIOSEO) 4.9.6.2\" \/>\n\n\t\t<link rel=\"preconnect\" href=\"https:\/\/fonts.googleapis.com\" crossorigin>\n<link rel=\"preconnect\" href=\"https:\/\/fonts.gstatic.com\" crossorigin>\n\t\t<meta property=\"og:locale\" content=\"es_ES\" \/>\n\t\t<meta property=\"og:site_name\" content=\"SoyMigrante.com REVISTA \u2013 Nuestra misi\u00f3n es reconocer y dignificar al migrante.\" \/>\n\t\t<meta property=\"og:type\" content=\"article\" \/>\n\t\t<meta property=\"og:title\" content=\"Guatemaltecos son 6% de fuerza laboral migrante en USA\" \/>\n\t\t<meta property=\"og:description\" content=\"Entre 2012 y 2024 se ha duplicado la cifra de migrantes guatemaltecos trabajando en EE.UU. Conoce otras cifras de este informe basado en datos de US Census.\" \/>\n\t\t<meta property=\"og:url\" content=\"https:\/\/soymigrante.com\/revista\/guatemaltecos-son-el-6-de-la-fuerza-laboral-migrante-hispana-en-ee-uu\/\" \/>\n\t\t<meta property=\"og:image\" content=\"https:\/\/soymigrante.com\/revista\/wp-content\/uploads\/2024\/10\/guatemaltecos-desfile-hispanidad.webp\" \/>\n\t\t<meta property=\"og:image:secure_url\" content=\"https:\/\/soymigrante.com\/revista\/wp-content\/uploads\/2024\/10\/guatemaltecos-desfile-hispanidad.webp\" \/>\n\t\t<meta property=\"og:image:width\" content=\"842\" \/>\n\t\t<meta property=\"og:image:height\" content=\"842\" \/>\n\t\t<meta property=\"article:published_time\" content=\"2024-10-22T19:50:10+00:00\" \/>\n\t\t<meta property=\"article:modified_time\" content=\"2024-11-26T14:18:01+00:00\" \/>\n\t\t<meta property=\"article:publisher\" content=\"https:\/\/www.facebook.com\/soymigrantecom\" \/>\n\t\t<meta name=\"twitter:card\" content=\"summary_large_image\" \/>\n\t\t<meta name=\"twitter:site\" content=\"@SoyMigrante_com\" \/>\n\t\t<meta name=\"twitter:title\" content=\"Guatemaltecos son 6% de fuerza laboral migrante en USA\" \/>\n\t\t<meta name=\"twitter:description\" content=\"Entre 2012 y 2024 se ha duplicado la cifra de migrantes guatemaltecos trabajando en EE.UU. Conoce otras cifras de este informe basado en datos de US Census.\" \/>\n\t\t<meta name=\"twitter:creator\" content=\"@SoyMigrante_com\" \/>\n\t\t<meta name=\"twitter:image\" content=\"https:\/\/soymigrante.com\/revista\/wp-content\/uploads\/2024\/10\/guatemaltecos-desfile-hispanidad.webp\" \/>\n\t\t<!-- All in One SEO Pro -->\r\n\t\t<title>Guatemaltecos son 6% de fuerza laboral migrante en USA<\/title>\n\n","aioseo_head_json":{"title":"Guatemaltecos son 6% de fuerza laboral migrante en USA","description":"Entre 2012 y 2024 se ha duplicado la cifra de migrantes guatemaltecos trabajando en EE.UU. Conoce otras cifras de este informe basado en datos de US Census.","canonical_url":"https:\/\/soymigrante.com\/revista\/guatemaltecos-son-el-6-de-la-fuerza-laboral-migrante-hispana-en-ee-uu\/","robots":"max-snippet:-1, max-image-preview:large, max-video-preview:-1","keywords":"","webmasterTools":{"miscellaneous":"&lt;link rel=\"preconnect\" href=\"https:\/\/fonts.googleapis.com\" crossorigin&gt;\n&lt;link rel=\"preconnect\" href=\"https:\/\/fonts.gstatic.com\" crossorigin&gt;"},"schema":null,"og:locale":"es_ES","og:site_name":"SoyMigrante.com REVISTA \u2013 Nuestra misi\u00f3n es reconocer y dignificar al migrante.","og:type":"article","og:title":"Guatemaltecos son 6% de fuerza laboral migrante en USA","og:description":"Entre 2012 y 2024 se ha duplicado la cifra de migrantes guatemaltecos trabajando en EE.UU. Conoce otras cifras de este informe basado en datos de US Census.","og:url":"https:\/\/soymigrante.com\/revista\/guatemaltecos-son-el-6-de-la-fuerza-laboral-migrante-hispana-en-ee-uu\/","og:image":"https:\/\/soymigrante.com\/revista\/wp-content\/uploads\/2024\/10\/guatemaltecos-desfile-hispanidad.webp","og:image:secure_url":"https:\/\/soymigrante.com\/revista\/wp-content\/uploads\/2024\/10\/guatemaltecos-desfile-hispanidad.webp","og:image:width":842,"og:image:height":842,"article:published_time":"2024-10-22T19:50:10+00:00","article:modified_time":"2024-11-26T14:18:01+00:00","article:publisher":"https:\/\/www.facebook.com\/soymigrantecom","twitter:card":"summary_large_image","twitter:site":"@SoyMigrante_com","twitter:title":"Guatemaltecos son 6% de fuerza laboral migrante en USA","twitter:description":"Entre 2012 y 2024 se ha duplicado la cifra de migrantes guatemaltecos trabajando en EE.UU. Conoce otras cifras de este informe basado en datos de US Census.","twitter:creator":"@SoyMigrante_com","twitter:image":"https:\/\/soymigrante.com\/revista\/wp-content\/uploads\/2024\/10\/guatemaltecos-desfile-hispanidad.webp"},"aioseo_meta_data":{"post_id":"35912","title":"Canciller\u00eda hace recomendaciones a migrantes ante redadas","description":"Ante la ola de capturas y deportaciones en Estados Unidos, el gobierno de Guatemala emite recomendaciones a sus ciudadanos migrantes radicados en ese pa\u00eds.","keywords":null,"keyphrases":{"focus":{"keyphrase":"Guatemala","score":74,"analysis":{"keyphraseInTitle":{"score":3,"maxScore":9,"error":1},"keyphraseInDescription":{"score":9,"maxScore":9,"error":0},"keyphraseLength":{"score":9,"maxScore":9,"error":0,"length":1},"keyphraseInURL":{"score":5,"maxScore":5,"error":0},"keyphraseInIntroduction":{"score":9,"maxScore":9,"error":0},"keyphraseInSubHeadings":{"score":3,"maxScore":9,"error":1},"keyphraseInImageAlt":{"score":3,"maxScore":9,"error":1},"keywordDensity":{"type":"best","score":9,"maxScore":9,"error":0}}},"additional":[{"keyphrase":"redadas","score":40,"analysis":{"keyphraseInDescription":{"score":3,"maxScore":9,"error":1},"keyphraseLength":{"score":9,"maxScore":9,"error":0,"length":1},"keyphraseInIntroduction":{"score":3,"maxScore":9,"error":1},"keyphraseInImageAlt":{"score":3,"maxScore":9,"error":1},"keywordDensity":{"score":0,"type":"low","maxScore":9,"error":1}}},{"keyphrase":"recomendaciones","score":53,"analysis":{"keyphraseInDescription":{"score":9,"maxScore":9,"error":0},"keyphraseLength":{"score":9,"maxScore":9,"error":0,"length":1},"keyphraseInIntroduction":{"score":3,"maxScore":9,"error":1},"keyphraseInImageAlt":{"score":3,"maxScore":9,"error":1},"keywordDensity":{"score":0,"type":"low","maxScore":9,"error":1}}}]},"primary_term":null,"canonical_url":null,"og_title":null,"og_description":null,"og_object_type":"default","og_image_type":"default","og_image_url":null,"og_image_width":null,"og_image_height":null,"og_image_custom_url":null,"og_image_custom_fields":null,"og_video":"","og_custom_url":null,"og_article_section":null,"og_article_tags":null,"twitter_use_og":false,"twitter_card":"default","twitter_image_type":"default","twitter_image_url":null,"twitter_image_custom_url":null,"twitter_image_custom_fields":null,"twitter_title":null,"twitter_description":null,"schema":{"blockGraphs":[],"customGraphs":[],"default":{"data":{"Article":[],"Course":[],"Dataset":[],"FAQPage":[],"Movie":[],"Person":[],"Product":[],"ProductReview":[],"Car":[],"Recipe":[],"Service":[],"SoftwareApplication":[],"WebPage":[]},"graphName":"none","isEnabled":true},"graphs":[]},"schema_type":"default","schema_type_options":null,"pillar_content":false,"robots_default":true,"robots_noindex":false,"robots_noarchive":false,"robots_nosnippet":false,"robots_nofollow":false,"robots_noimageindex":false,"robots_noodp":false,"robots_notranslate":false,"robots_max_snippet":"-1","robots_max_videopreview":"-1","robots_max_imagepreview":"large","priority":null,"frequency":"default","local_seo":null,"seo_analyzer_scan_date":"2025-10-09 05:46:11","breadcrumb_settings":null,"limit_modified_date":false,"reviewed_by":"0","open_ai":"{\"title\":{\"suggestions\":[],\"usage\":0},\"description\":{\"suggestions\":[],\"usage\":0}}","ai":null,"created":"2025-06-09 20:01:29","updated":"2026-02-05 00:51:31"},"aioseo_breadcrumb":"<div class=\"aioseo-breadcrumbs\"><span class=\"aioseo-breadcrumb\">\n\t<a href=\"https:\/\/soymigrante.com\/revista\" title=\"Home\">Home<\/a>\n<\/span><span class=\"aioseo-breadcrumb-separator\">\u00bb<\/span><span class=\"aioseo-breadcrumb\">\n\t<a href=\"https:\/\/soymigrante.com\/revista\/category\/estamos-unidos\/\" title=\"Estamos Unidos\">Estamos Unidos<\/a>\n<\/span><span class=\"aioseo-breadcrumb-separator\">\u00bb<\/span><span class=\"aioseo-breadcrumb\">\n\tCanciller\u00eda de Guatemala emite postura y recomendaciones por redadas antimigrantes\n<\/span><\/div>","aioseo_breadcrumb_json":[{"label":"Home","link":"https:\/\/soymigrante.com\/revista"},{"label":"Estamos Unidos","link":"https:\/\/soymigrante.com\/revista\/category\/estamos-unidos\/"},{"label":"Canciller\u00eda de Guatemala emite postura y recomendaciones por redadas antimigrantes","link":"https:\/\/soymigrante.com\/revista\/cancilleria-de-guatemala-emite-postura-y-recomendaciones-por-redadas-antimigrantes\/"}],"_links":{"self":[{"href":"https:\/\/soymigrante.com\/revista\/wp-json\/wp\/v2\/posts\/35912","targetHints":{"allow":["GET"]}}],"collection":[{"href":"https:\/\/soymigrante.com\/revista\/wp-json\/wp\/v2\/posts"}],"about":[{"href":"https:\/\/soymigrante.com\/revista\/wp-json\/wp\/v2\/types\/post"}],"author":[{"embeddable":true,"href":"https:\/\/soymigrante.com\/revista\/wp-json\/wp\/v2\/users\/19"}],"replies":[{"embeddable":true,"href":"https:\/\/soymigrante.com\/revista\/wp-json\/wp\/v2\/comments?post=35912"}],"version-history":[{"count":11,"href":"https:\/\/soymigrante.com\/revista\/wp-json\/wp\/v2\/posts\/35912\/revisions"}],"predecessor-version":[{"id":35930,"href":"https:\/\/soymigrante.com\/revista\/wp-json\/wp\/v2\/posts\/35912\/revisions\/35930"}],"wp:featuredmedia":[{"embeddable":true,"href":"https:\/\/soymigrante.com\/revista\/wp-json\/wp\/v2\/media\/3459"}],"wp:attachment":[{"href":"https:\/\/soymigrante.com\/revista\/wp-json\/wp\/v2\/media?parent=35912"}],"wp:term":[{"taxonomy":"category","embeddable":true,"href":"https:\/\/soymigrante.com\/revista\/wp-json\/wp\/v2\/categories?post=35912"},{"taxonomy":"post_tag","embeddable":true,"href":"https:\/\/soymigrante.com\/revista\/wp-json\/wp\/v2\/tags?post=35912"}],"curies":[{"name":"wp","href":"https:\/\/api.w.org\/{rel}","templated":true}]}}