{"id":35893,"date":"2025-06-10T04:00:00","date_gmt":"2025-06-10T10:00:00","guid":{"rendered":"https:\/\/soymigrante.com\/revista\/?p=35893"},"modified":"2025-06-09T20:31:12","modified_gmt":"2025-06-10T02:31:12","slug":"sabores-guatemaltecos-se-lucen-en-nueva-temporada-de-somebody-feed-phil-de-netflix","status":"publish","type":"post","link":"https:\/\/soymigrante.com\/revista\/sabores-guatemaltecos-se-lucen-en-nueva-temporada-de-somebody-feed-phil-de-netflix\/","title":{"rendered":"Sabores guatemaltecos se lucen en nueva temporada de Somebody Feed Phil, de Netflix"},"content":{"rendered":"\t\t<div data-elementor-type=\"wp-post\" data-elementor-id=\"35893\" class=\"elementor elementor-35893\" data-elementor-post-type=\"post\">\n\t\t\t\t<div data-particle_enable=\"false\" data-particle-mobile-disabled=\"false\" class=\"elementor-element elementor-element-0b4a4cc e-flex e-con-boxed e-con e-parent\" data-id=\"0b4a4cc\" data-element_type=\"container\" data-e-type=\"container\">\n\t\t\t\t\t<div class=\"e-con-inner\">\n\t\t\t\t<div class=\"elementor-element elementor-element-0e15ee1 elementor-widget elementor-widget-heading\" data-id=\"0e15ee1\" data-element_type=\"widget\" data-e-type=\"widget\" data-widget_type=\"heading.default\">\n\t\t\t\t\t<h2 class=\"elementor-heading-title elementor-size-default\">Guatemala ser\u00e1 parte de la nueva temporada de la serie \u201cSomebody Feed Phil\u201d por Netflix exaltando el sabor chap\u00edn. <\/h2>\t\t\t\t<\/div>\n\t\t\t\t\t<\/div>\n\t\t\t\t<\/div>\n\t\t<div data-particle_enable=\"false\" data-particle-mobile-disabled=\"false\" class=\"elementor-element elementor-element-063d378 e-flex e-con-boxed e-con e-parent\" data-id=\"063d378\" data-element_type=\"container\" data-e-type=\"container\">\n\t\t\t\t\t<div class=\"e-con-inner\">\n\t\t\t\t<div class=\"elementor-element elementor-element-1716925 elementor-widget elementor-widget-text-editor\" data-id=\"1716925\" data-element_type=\"widget\" data-e-type=\"widget\" data-widget_type=\"text-editor.default\">\n\t\t\t\t\t\t\t\t\t<p>Guatemala ser\u00e1 una de las paradas estrellas en la octava temporada del exitoso programa gastron\u00f3mico y de viajes &#8220;<a href=\"https:\/\/www.netflix.com\/gt\/title\/80146601\" target=\"_blank\" rel=\"noopener\">Somebody Feed Phil&#8221;, protagonizado por Phil Rosenthal<\/a> (creador de Everybody Loves Raymond).<\/p><p>La nueva entrega se estrena el pr\u00f3ximo 18 de junio de 2025 en la plataforma Netflix, descubriendo sabores, tradiciones culinarias y rostros curiosos en nueve destinos del mundo, incluido el nuestro.<\/p>\t\t\t\t\t\t\t\t<\/div>\n\t\t\t\t\t<\/div>\n\t\t\t\t<\/div>\n\t\t<div data-particle_enable=\"false\" data-particle-mobile-disabled=\"false\" class=\"elementor-element elementor-element-02d34d1 e-flex e-con-boxed e-con e-parent\" data-id=\"02d34d1\" data-element_type=\"container\" data-e-type=\"container\">\n\t\t\t\t\t<div class=\"e-con-inner\">\n\t\t\t\t<div class=\"elementor-element elementor-element-d856515 elementor-widget elementor-widget-heading\" data-id=\"d856515\" data-element_type=\"widget\" data-e-type=\"widget\" data-widget_type=\"heading.default\">\n\t\t\t\t\t<h3 class=\"elementor-heading-title elementor-size-default\">\u00bfDe qu\u00e9 trata el programa?\n<\/h3>\t\t\t\t<\/div>\n\t\t\t\t\t<\/div>\n\t\t\t\t<\/div>\n\t\t<div data-particle_enable=\"false\" data-particle-mobile-disabled=\"false\" class=\"elementor-element elementor-element-85f8bba e-flex e-con-boxed e-con e-parent\" data-id=\"85f8bba\" data-element_type=\"container\" data-e-type=\"container\">\n\t\t\t\t\t<div class=\"e-con-inner\">\n\t\t\t\t<div class=\"elementor-element elementor-element-cacd64e elementor-widget elementor-widget-text-editor\" data-id=\"cacd64e\" data-element_type=\"widget\" data-e-type=\"widget\" data-widget_type=\"text-editor.default\">\n\t\t\t\t\t\t\t\t\t<div>\u2022 En <a href=\"https:\/\/www.netflix.com\/gt\/title\/80146601\" target=\"_blank\" rel=\"noopener\">Somebody Feed Phil, Phil Rosenthal<\/a> viaja a diferentes ciudades para explorar su escena gastron\u00f3mica, mezclando el humor y el entusiasmo con la cocina local.<\/div><div>\u2022La serie, nominada al Emmy, tambi\u00e9n ha ganado premios como el Critics\u2019 Choice Real TV y est\u00e1 nominada al James Beard Award\u00a0 \u00a0.<\/div><div>\u2022La octava temporada promete un viaje sensorial por Amsterdam, Sydney, Manila, Tbilisi, San Sebasti\u00e1n, Boston, Adelaide, Las Vegas y Guatemala, con paradas llenas de sabor, cultura y cercan\u00eda humana.<\/div>\t\t\t\t\t\t\t\t<\/div>\n\t\t\t\t\t<\/div>\n\t\t\t\t<\/div>\n\t\t<div data-particle_enable=\"false\" data-particle-mobile-disabled=\"false\" class=\"elementor-element elementor-element-e0060c3 e-flex e-con-boxed e-con e-parent\" data-id=\"e0060c3\" data-element_type=\"container\" data-e-type=\"container\">\n\t\t\t\t\t<div class=\"e-con-inner\">\n\t\t\t\t<div class=\"elementor-element elementor-element-0de22ab elementor-widget elementor-widget-heading\" data-id=\"0de22ab\" data-element_type=\"widget\" data-e-type=\"widget\" data-widget_type=\"heading.default\">\n\t\t\t\t\t<h3 class=\"elementor-heading-title elementor-size-default\">Estreno y acceso<\/h3>\t\t\t\t<\/div>\n\t\t\t\t\t<\/div>\n\t\t\t\t<\/div>\n\t\t<div data-particle_enable=\"false\" data-particle-mobile-disabled=\"false\" class=\"elementor-element elementor-element-3d286cc e-flex e-con-boxed e-con e-parent\" data-id=\"3d286cc\" data-element_type=\"container\" data-e-type=\"container\">\n\t\t\t\t\t<div class=\"e-con-inner\">\n\t\t\t\t<div class=\"elementor-element elementor-element-fbac6a3 elementor-widget elementor-widget-text-editor\" data-id=\"fbac6a3\" data-element_type=\"widget\" data-e-type=\"widget\" data-widget_type=\"text-editor.default\">\n\t\t\t\t\t\t\t\t\t<div><strong>\u2022Fecha de lanzamiento:<\/strong> 18 de junio de 2025.<\/div><div><strong>\u2022Plataforma:<\/strong> <a href=\"https:\/\/www.netflix.com\/gt\/title\/80146601\" target=\"_blank\" rel=\"noopener\">Netflix, disponible para todos los suscriptores globales.<\/a><\/div><div><strong>\u2022La plataforma no ha detallado el d\u00eda exacto del lanzamiento en Guatemala,<\/strong> pero los nuevos contenidos suelen estar disponibles a medianoche UTC, lo que significar\u00eda que los chapines podr\u00e1n verlo desde la madrugada del mi\u00e9rcoles.<\/div>\t\t\t\t\t\t\t\t<\/div>\n\t\t\t\t\t<\/div>\n\t\t\t\t<\/div>\n\t\t<div data-particle_enable=\"false\" data-particle-mobile-disabled=\"false\" class=\"elementor-element elementor-element-5e0fffd e-flex e-con-boxed e-con e-parent\" data-id=\"5e0fffd\" data-element_type=\"container\" data-e-type=\"container\">\n\t\t\t\t\t<div class=\"e-con-inner\">\n\t\t\t\t<div class=\"elementor-element elementor-element-b5e8fb7 elementor-widget elementor-widget-image\" data-id=\"b5e8fb7\" data-element_type=\"widget\" data-e-type=\"widget\" data-widget_type=\"image.default\">\n\t\t\t\t\t\t\t\t\t\t\t\t<figure class=\"wp-caption\">\n\t\t\t\t\t\t\t\t\t\t<img fetchpriority=\"high\" decoding=\"async\" width=\"768\" height=\"434\" src=\"https:\/\/soymigrante.com\/revista\/wp-content\/uploads\/2025\/06\/Guatemala-se-luce-en-la-nueva-temporada-de-Somebody-Feed-Phil-por-Netflix1-1-1024x578.png\" class=\"attachment-large size-large wp-image-35898\" alt=\"Paisaje de vi\u00f1edos y monta\u00f1as en Guatemala, con personas disfrutando de una cata de vinos con vista panor\u00e1mica, destacando la cultura gastron\u00f3mica y enoturismo en Guatemala.\" srcset=\"https:\/\/soymigrante.com\/revista\/wp-content\/uploads\/2025\/06\/Guatemala-se-luce-en-la-nueva-temporada-de-Somebody-Feed-Phil-por-Netflix1-1-1024x578.png 1024w, https:\/\/soymigrante.com\/revista\/wp-content\/uploads\/2025\/06\/Guatemala-se-luce-en-la-nueva-temporada-de-Somebody-Feed-Phil-por-Netflix1-1-300x169.png 300w, https:\/\/soymigrante.com\/revista\/wp-content\/uploads\/2025\/06\/Guatemala-se-luce-en-la-nueva-temporada-de-Somebody-Feed-Phil-por-Netflix1-1-768x433.png 768w, https:\/\/soymigrante.com\/revista\/wp-content\/uploads\/2025\/06\/Guatemala-se-luce-en-la-nueva-temporada-de-Somebody-Feed-Phil-por-Netflix1-1-1536x866.png 1536w, https:\/\/soymigrante.com\/revista\/wp-content\/uploads\/2025\/06\/Guatemala-se-luce-en-la-nueva-temporada-de-Somebody-Feed-Phil-por-Netflix1-1-750x423.png 750w, https:\/\/soymigrante.com\/revista\/wp-content\/uploads\/2025\/06\/Guatemala-se-luce-en-la-nueva-temporada-de-Somebody-Feed-Phil-por-Netflix1-1-1140x643.png 1140w, https:\/\/soymigrante.com\/revista\/wp-content\/uploads\/2025\/06\/Guatemala-se-luce-en-la-nueva-temporada-de-Somebody-Feed-Phil-por-Netflix1-1.webp 1872w\" sizes=\"(max-width: 768px) 100vw, 768px\" title=\"Guatemala ser\u00e1 parte de esta nueva temporada. (Foto: Captura de pantalla) \u2013 SoyMigrante.com REVISTA\" \/>\t\t\t\t\t\t\t\t\t\t\t<figcaption class=\"widget-image-caption wp-caption-text\">Disfruta de vino y gastronom\u00eda en Guatemala, con vistas impresionantes a vi\u00f1edos y monta\u00f1as, en una experiencia cultural y enotur\u00edstica en los paisajes guatemaltecos.<\/figcaption>\n\t\t\t\t\t\t\t\t\t\t<\/figure>\n\t\t\t\t\t\t\t\t\t<\/div>\n\t\t\t\t\t<\/div>\n\t\t\t\t<\/div>\n\t\t<div data-particle_enable=\"false\" data-particle-mobile-disabled=\"false\" class=\"elementor-element elementor-element-43e7ca7 e-flex e-con-boxed e-con e-parent\" data-id=\"43e7ca7\" data-element_type=\"container\" data-e-type=\"container\">\n\t\t\t\t\t<div class=\"e-con-inner\">\n\t\t\t\t<div class=\"elementor-element elementor-element-5737c26 elementor-widget elementor-widget-heading\" data-id=\"5737c26\" data-element_type=\"widget\" data-e-type=\"widget\" data-widget_type=\"heading.default\">\n\t\t\t\t\t<h3 class=\"elementor-heading-title elementor-size-default\">Qu\u00e9 podemos esperar de Guatemala<\/h3>\t\t\t\t<\/div>\n\t\t\t\t\t<\/div>\n\t\t\t\t<\/div>\n\t\t<div data-particle_enable=\"false\" data-particle-mobile-disabled=\"false\" class=\"elementor-element elementor-element-9a2a14d e-flex e-con-boxed e-con e-parent\" data-id=\"9a2a14d\" data-element_type=\"container\" data-e-type=\"container\">\n\t\t\t\t\t<div class=\"e-con-inner\">\n\t\t\t\t<div class=\"elementor-element elementor-element-63461b7 elementor-widget elementor-widget-text-editor\" data-id=\"63461b7\" data-element_type=\"widget\" data-e-type=\"widget\" data-widget_type=\"text-editor.default\">\n\t\t\t\t\t\t\t\t\t<div>Aunque los detalles del episodio guatemalteco a\u00fan no se han revelado, es probable que Rosenthal destaque:<\/div><div>\u2022Platos tradicionales como pepi\u00e1n, joc\u00f3n, churrasquitos y tamales.<\/div><div>\u2022Escenarios tanto urbanos (Ciudad de Guatemala) como rurales, para capturar la riqueza cultural y gastron\u00f3mica del pa\u00eds.<\/div><div>\u2022La calidez de la gente y la historia detr\u00e1s de recetas que representan la herencia maya y mestiza.<\/div>\t\t\t\t\t\t\t\t<\/div>\n\t\t\t\t\t<\/div>\n\t\t\t\t<\/div>\n\t\t<div data-particle_enable=\"false\" data-particle-mobile-disabled=\"false\" class=\"elementor-element elementor-element-4d94118 e-flex e-con-boxed e-con e-parent\" data-id=\"4d94118\" data-element_type=\"container\" data-e-type=\"container\">\n\t\t\t\t\t<div class=\"e-con-inner\">\n\t\t\t\t<div class=\"elementor-element elementor-element-85c18f0 elementor-widget elementor-widget-heading\" data-id=\"85c18f0\" data-element_type=\"widget\" data-e-type=\"widget\" data-widget_type=\"heading.default\">\n\t\t\t\t\t<h3 class=\"elementor-heading-title elementor-size-default\">Comentarios de Phil Rosenthal<\/h3>\t\t\t\t<\/div>\n\t\t\t\t\t<\/div>\n\t\t\t\t<\/div>\n\t\t<div data-particle_enable=\"false\" data-particle-mobile-disabled=\"false\" class=\"elementor-element elementor-element-b587de6 e-flex e-con-boxed e-con e-parent\" data-id=\"b587de6\" data-element_type=\"container\" data-e-type=\"container\">\n\t\t\t\t\t<div class=\"e-con-inner\">\n\t\t\t\t<div class=\"elementor-element elementor-element-d473600 elementor-widget elementor-widget-text-editor\" data-id=\"d473600\" data-element_type=\"widget\" data-e-type=\"widget\" data-widget_type=\"text-editor.default\">\n\t\t\t\t\t\t\t\t\t<p>En entrevistas recientes, <a href=\"https:\/\/www.netflix.com\/gt\/title\/80146601\" target=\"_blank\" rel=\"noopener\">Rosenthal ha expresado su entusiasmo por volver a explorar sabores aut\u00f3ctonos en nuevos destinos<\/a>, combinando humor, an\u00e9cdotas y amistad en cada episodio. Guatemala se suma a su larga lista de viajes que reflejan la esencia culinaria de cada lugar.<\/p>\t\t\t\t\t\t\t\t<\/div>\n\t\t\t\t\t<\/div>\n\t\t\t\t<\/div>\n\t\t<div data-particle_enable=\"false\" data-particle-mobile-disabled=\"false\" class=\"elementor-element elementor-element-a9c26ed e-flex e-con-boxed e-con e-parent\" data-id=\"a9c26ed\" data-element_type=\"container\" data-e-type=\"container\">\n\t\t\t\t\t<div class=\"e-con-inner\">\n\t\t\t\t<div class=\"elementor-element elementor-element-71cb4f9 elementor-widget elementor-widget-text-editor\" data-id=\"71cb4f9\" data-element_type=\"widget\" data-e-type=\"widget\" data-widget_type=\"text-editor.default\">\n\t\t\t\t\t\t\t\t\t<p>Guatemala tendr\u00e1 un espacio especial en un formato de alto impacto global. Esta aparici\u00f3n puede abrir puertas para un mayor reconocimiento de nuestra gastronom\u00eda, as\u00ed como impulsar el inter\u00e9s por visitar el pa\u00eds en busca de sus sabores \u00fanicos.<\/p>\t\t\t\t\t\t\t\t<\/div>\n\t\t\t\t\t<\/div>\n\t\t\t\t<\/div>\n\t\t<div data-particle_enable=\"false\" data-particle-mobile-disabled=\"false\" class=\"elementor-element elementor-element-0035f69 e-flex e-con-boxed e-con e-parent\" data-id=\"0035f69\" data-element_type=\"container\" data-e-type=\"container\">\n\t\t\t\t\t<div class=\"e-con-inner\">\n\t\t\t\t<div class=\"elementor-element elementor-element-e92ee1c elementor-widget elementor-widget-video\" data-id=\"e92ee1c\" data-element_type=\"widget\" data-e-type=\"widget\" data-settings=\"{&quot;youtube_url&quot;:&quot;https:\\\/\\\/www.youtube.com\\\/watch?v=l7X-R3g82SU&quot;,&quot;video_type&quot;:&quot;youtube&quot;,&quot;controls&quot;:&quot;yes&quot;}\" data-widget_type=\"video.default\">\n\t\t\t\t\t\t\t<div class=\"elementor-wrapper elementor-open-inline\">\n\t\t\t<div class=\"elementor-video\"><\/div>\t\t<\/div>\n\t\t\t\t\t\t<\/div>\n\t\t\t\t\t<\/div>\n\t\t\t\t<\/div>\n\t\t<div data-particle_enable=\"false\" data-particle-mobile-disabled=\"false\" class=\"elementor-element elementor-element-61287fd e-flex e-con-boxed e-con e-parent\" data-id=\"61287fd\" data-element_type=\"container\" data-e-type=\"container\">\n\t\t\t\t\t<div class=\"e-con-inner\">\n\t\t\t\t<div class=\"elementor-element elementor-element-231507c elementor-widget elementor-widget-heading\" data-id=\"231507c\" data-element_type=\"widget\" data-e-type=\"widget\" data-widget_type=\"heading.default\">\n\t\t\t\t\t<h2 class=\"elementor-heading-title elementor-size-default\">Conoce m\u00e1s del impacto de Guatemala, ac\u00e1...<\/h2>\t\t\t\t<\/div>\n\t\t\t\t\t<\/div>\n\t\t\t\t<\/div>\n\t\t<div data-particle_enable=\"false\" data-particle-mobile-disabled=\"false\" class=\"elementor-element elementor-element-10afc33 e-flex e-con-boxed e-con e-parent\" data-id=\"10afc33\" data-element_type=\"container\" data-e-type=\"container\">\n\t\t\t\t\t<div class=\"e-con-inner\">\n\t\t\t\t<div class=\"elementor-element elementor-element-8e48a11 elementor-grid-eael-col-3 elementor-grid-tablet-eael-col-2 elementor-grid-mobile-eael-col-1 elementor-widget elementor-widget-eael-post-grid\" data-id=\"8e48a11\" data-element_type=\"widget\" data-e-type=\"widget\" data-settings=\"{&quot;eael_post_grid_columns&quot;:&quot;eael-col-3&quot;,&quot;eael_post_grid_columns_tablet&quot;:&quot;eael-col-2&quot;,&quot;eael_post_grid_columns_mobile&quot;:&quot;eael-col-1&quot;}\" data-widget_type=\"eael-post-grid.default\">\n\t\t\t\t\t<div id=\"eael-post-grid-8e48a11\" class=\"eael-post-grid-container\">\n            <div class=\"eael-post-grid eael-post-appender eael-post-appender-8e48a11 eael-post-grid-style-one\" data-layout-mode=\"masonry\"><article class=\"eael-grid-post  eael-post-grid-column eael-pg-post-34944 category-guate-nuestra\" data-id=\"34944\">\n        <div class=\"eael-grid-post-holder\">\n            <div class=\"eael-grid-post-holder-inner\"><div class=\"eael-entry-media\"><div class=\"eael-entry-overlay fade-in\"><i class=\"far fa-hand-pointer\" aria-hidden=\"true\"><\/i><a href=\"https:\/\/soymigrante.com\/revista\/cantante-canadienese-justin-bieber-lanza-pantuflas-inspiradas-en-el-quetzal-guatemalteco\/\"><\/a><\/div><div class=\"eael-entry-thumbnail \">\n                <img decoding=\"async\" width=\"736\" height=\"920\" src=\"https:\/\/soymigrante.com\/revista\/wp-content\/uploads\/2025\/05\/quetzal-e1748543562993.webp\" class=\"attachment-large size-large wp-image-34945\" alt=\"Animales ex\u00f3ticos, tuc\u00e1n multicolor en su h\u00e1bitat natural, riqueza de aves en la selva latinoamericana, turismo ecol\u00f3gico y biodiversidad en biodiversidad en su entorno selv\u00e1tico.\" \/>\n            <\/div>\n        <\/div><div class=\"eael-entry-wrapper\"><header class=\"eael-entry-header\"><h2 class=\"eael-entry-title\"><a class=\"eael-grid-post-link\" href=\"https:\/\/soymigrante.com\/revista\/cantante-canadienese-justin-bieber-lanza-pantuflas-inspiradas-en-el-quetzal-guatemalteco\/\" title=\"Cantante canadiense Justin Bieber lanza pantuflas inspiradas en el quetzal guatemalteco\">Cantante canadiense Justin Bieber lanza pantuflas inspiradas en el quetzal guatemalteco<\/a><\/h2><\/header><div class=\"eael-entry-content\">\n                        <div class=\"eael-grid-post-excerpt\"><a href=\"https:\/\/soymigrante.com\/revista\/cantante-canadienese-justin-bieber-lanza-pantuflas-inspiradas-en-el-quetzal-guatemalteco\/\" class=\"eael-post-elements-readmore-btn\">CONOCE SU HISTORIA <\/a><\/div>\n                    <\/div><\/div><\/div>\n        <\/div>\n    <\/article><article class=\"eael-grid-post  eael-post-grid-column eael-pg-post-334 category-lugar-de-voces\" data-id=\"334\">\n        <div class=\"eael-grid-post-holder\">\n            <div class=\"eael-grid-post-holder-inner\"><div class=\"eael-entry-media\"><div class=\"eael-entry-overlay fade-in\"><i class=\"far fa-hand-pointer\" aria-hidden=\"true\"><\/i><a href=\"https:\/\/soymigrante.com\/revista\/a-guatemala-poema-del-nobel-de-literatura-miguel-angel-asturias\/\"><\/a><\/div><div class=\"eael-entry-thumbnail \">\n                <img decoding=\"async\" width=\"1024\" height=\"1024\" src=\"https:\/\/soymigrante.com\/revista\/wp-content\/uploads\/2023\/02\/mural-mariposa-scaled-e1728581437924-1024x1024.jpg\" class=\"attachment-large size-large wp-image-701\" alt=\"Mural en Momostenango\" srcset=\"https:\/\/soymigrante.com\/revista\/wp-content\/uploads\/2023\/02\/mural-mariposa-scaled-e1728581437924-1024x1024.jpg 1024w, https:\/\/soymigrante.com\/revista\/wp-content\/uploads\/2023\/02\/mural-mariposa-scaled-e1728581437924-300x300.webp 300w, https:\/\/soymigrante.com\/revista\/wp-content\/uploads\/2023\/02\/mural-mariposa-scaled-e1728581437924-150x150.webp 150w, https:\/\/soymigrante.com\/revista\/wp-content\/uploads\/2023\/02\/mural-mariposa-scaled-e1728581437924-768x768.jpg 768w, https:\/\/soymigrante.com\/revista\/wp-content\/uploads\/2023\/02\/mural-mariposa-scaled-e1728581437924-75x75.webp 75w, https:\/\/soymigrante.com\/revista\/wp-content\/uploads\/2023\/02\/mural-mariposa-scaled-e1728581437924-750x750.webp 750w, https:\/\/soymigrante.com\/revista\/wp-content\/uploads\/2023\/02\/mural-mariposa-scaled-e1728581437924-1140x1140.jpg 1140w, https:\/\/soymigrante.com\/revista\/wp-content\/uploads\/2023\/02\/mural-mariposa-scaled-e1728581437924.webp 1160w\" sizes=\"(max-width: 1024px) 100vw, 1024px\" \/>\n            <\/div>\n        <\/div><div class=\"eael-entry-wrapper\"><header class=\"eael-entry-header\"><h2 class=\"eael-entry-title\"><a class=\"eael-grid-post-link\" href=\"https:\/\/soymigrante.com\/revista\/a-guatemala-poema-del-nobel-de-literatura-miguel-angel-asturias\/\" title=\"A Guatemala, poema de Miguel \u00c1ngel Asturias\">A Guatemala, poema de Miguel \u00c1ngel Asturias<\/a><\/h2><\/header><div class=\"eael-entry-content\">\n                        <div class=\"eael-grid-post-excerpt\"><a href=\"https:\/\/soymigrante.com\/revista\/a-guatemala-poema-del-nobel-de-literatura-miguel-angel-asturias\/\" class=\"eael-post-elements-readmore-btn\">CONOCE SU HISTORIA <\/a><\/div>\n                    <\/div><\/div><\/div>\n        <\/div>\n    <\/article><article class=\"eael-grid-post  eael-post-grid-column eael-pg-post-763 category-exitos-guatemala tags-california\" data-id=\"763\">\n        <div class=\"eael-grid-post-holder\">\n            <div class=\"eael-grid-post-holder-inner\"><div class=\"eael-entry-media\"><div class=\"eael-entry-overlay fade-in\"><i class=\"far fa-hand-pointer\" aria-hidden=\"true\"><\/i><a href=\"https:\/\/soymigrante.com\/revista\/biologo-lustra-el-mayor-tesoro-de-guatemala\/\"><\/a><\/div><div class=\"eael-entry-thumbnail \">\n                <img loading=\"lazy\" decoding=\"async\" width=\"1024\" height=\"769\" src=\"https:\/\/soymigrante.com\/revista\/wp-content\/uploads\/2023\/03\/SOY-MIGRANTE-RENE-CORADO-BIOLOGO-4-1024x769.jpg\" class=\"attachment-large size-large wp-image-809\" alt=\"Ren\u00e9 Corado, migrante y biologo director del museo de aves de Oxnard, California\" srcset=\"https:\/\/soymigrante.com\/revista\/wp-content\/uploads\/2023\/03\/SOY-MIGRANTE-RENE-CORADO-BIOLOGO-4-1024x769.jpg 1024w, https:\/\/soymigrante.com\/revista\/wp-content\/uploads\/2023\/03\/SOY-MIGRANTE-RENE-CORADO-BIOLOGO-4-300x225.webp 300w, https:\/\/soymigrante.com\/revista\/wp-content\/uploads\/2023\/03\/SOY-MIGRANTE-RENE-CORADO-BIOLOGO-4-768x577.jpg 768w, https:\/\/soymigrante.com\/revista\/wp-content\/uploads\/2023\/03\/SOY-MIGRANTE-RENE-CORADO-BIOLOGO-4-1536x1154.jpg 1536w, https:\/\/soymigrante.com\/revista\/wp-content\/uploads\/2023\/03\/SOY-MIGRANTE-RENE-CORADO-BIOLOGO-4-2048x1539.jpg 2048w, https:\/\/soymigrante.com\/revista\/wp-content\/uploads\/2023\/03\/SOY-MIGRANTE-RENE-CORADO-BIOLOGO-4-750x563.webp 750w, https:\/\/soymigrante.com\/revista\/wp-content\/uploads\/2023\/03\/SOY-MIGRANTE-RENE-CORADO-BIOLOGO-4-1140x856.jpg 1140w, https:\/\/soymigrante.com\/revista\/wp-content\/uploads\/2023\/03\/SOY-MIGRANTE-RENE-CORADO-BIOLOGO-4-scaled.webp 1920w\" sizes=\"(max-width: 1024px) 100vw, 1024px\" \/>\n            <\/div>\n        <\/div><div class=\"eael-entry-wrapper\"><header class=\"eael-entry-header\"><h2 class=\"eael-entry-title\"><a class=\"eael-grid-post-link\" href=\"https:\/\/soymigrante.com\/revista\/biologo-lustra-el-mayor-tesoro-de-guatemala\/\" title=\"Bi\u00f3logo migrante Ren\u00e9 Corado lustra el mayor tesoro de Guatemala\">Bi\u00f3logo migrante Ren\u00e9 Corado lustra el mayor tesoro de Guatemala<\/a><\/h2><\/header><div class=\"eael-entry-content\">\n                        <div class=\"eael-grid-post-excerpt\"><a href=\"https:\/\/soymigrante.com\/revista\/biologo-lustra-el-mayor-tesoro-de-guatemala\/\" class=\"eael-post-elements-readmore-btn\">CONOCE SU HISTORIA <\/a><\/div>\n                    <\/div><\/div><\/div>\n        <\/div>\n    <\/article><\/div>\n            <div class=\"clearfix\"><\/div>\n        <\/div>\t\t\t\t<\/div>\n\t\t\t\t\t<\/div>\n\t\t\t\t<\/div>\n\t\t\t\t<\/div>\n\t\t","protected":false},"excerpt":{"rendered":"<p>Guatemala ser\u00e1 parte de la nueva temporada de la serie \u201cSomebody Feed Phil\u201d por Netflix exaltando el sabor chap\u00edn. Guatemala ser\u00e1 una de las paradas estrellas en la octava temporada del exitoso programa gastron\u00f3mico y de viajes &#8220;Somebody Feed Phil&#8221;, protagonizado por Phil Rosenthal (creador de Everybody Loves Raymond). La nueva entrega se estrena el [&hellip;]<\/p>\n","protected":false},"author":19,"featured_media":35894,"comment_status":"open","ping_status":"open","sticky":false,"template":"","format":"standard","meta":{"_acf_changed":false,"_eb_attr":"","footnotes":""},"categories":[58],"tags":[],"class_list":["post-35893","post","type-post","status-publish","format-standard","has-post-thumbnail","hentry","category-guate-nuestra"],"acf":[],"aioseo_notices":[],"aioseo_head":"\n\t\t<!-- All in One SEO Pro 4.9.6.2 - aioseo.com -->\n\t<meta name=\"description\" content=\"El bi\u00f3logo, escritor y migrante Ren\u00e9 Corado dirige el museo de aves de Camarillo, California; su ni\u00f1ez en Guatemala fue dif\u00edcil y por eso impulsa la educaci\u00f3n en su pa\u00eds. La vida del migrante guatemalteco Ren\u00e9 Corado est\u00e1 hecha de imposibles convertidos en posibilidad. \u00bfC\u00f3mo un ni\u00f1o lustrador llega a ser director de uno de\" \/>\n\t<meta name=\"robots\" content=\"max-snippet:-1, max-image-preview:large, max-video-preview:-1\" \/>\n\t<meta name=\"author\" content=\"Marysabel Aldana\"\/>\n\t<link rel=\"canonical\" href=\"https:\/\/soymigrante.com\/revista\/sabores-guatemaltecos-se-lucen-en-nueva-temporada-de-somebody-feed-phil-de-netflix\/\" \/>\n\t<meta name=\"generator\" content=\"All in One SEO Pro (AIOSEO) 4.9.6.2\" \/>\n\n\t\t<link rel=\"preconnect\" href=\"https:\/\/fonts.googleapis.com\" crossorigin>\n<link rel=\"preconnect\" href=\"https:\/\/fonts.gstatic.com\" crossorigin>\n\t\t<meta property=\"og:locale\" content=\"es_ES\" \/>\n\t\t<meta property=\"og:site_name\" content=\"SoyMigrante.com REVISTA \u2013 Nuestra misi\u00f3n es reconocer y dignificar al migrante.\" \/>\n\t\t<meta property=\"og:type\" content=\"article\" \/>\n\t\t<meta property=\"og:title\" content=\"Sabores guatemaltecos protagonizan serie de Netflix\" \/>\n\t\t<meta property=\"og:description\" content=\"Guatemala ser\u00e1 parte de la nueva temporada de la serie \u201cSomebody Feed Phil\u201d por Netflix exaltando la comida chapina a nivel mundial. Te contamos detalles.\" \/>\n\t\t<meta property=\"og:url\" content=\"https:\/\/soymigrante.com\/revista\/sabores-guatemaltecos-se-lucen-en-nueva-temporada-de-somebody-feed-phil-de-netflix\/\" \/>\n\t\t<meta property=\"og:image\" content=\"https:\/\/soymigrante.com\/revista\/wp-content\/uploads\/2025\/06\/Guatemala-se-luce-en-la-nueva-temporada-de-Somebody-Feed-Phil-por-Netflix2.webp\" \/>\n\t\t<meta property=\"og:image:secure_url\" content=\"https:\/\/soymigrante.com\/revista\/wp-content\/uploads\/2025\/06\/Guatemala-se-luce-en-la-nueva-temporada-de-Somebody-Feed-Phil-por-Netflix2.webp\" \/>\n\t\t<meta property=\"og:image:width\" content=\"1860\" \/>\n\t\t<meta property=\"og:image:height\" content=\"1071\" \/>\n\t\t<meta property=\"article:published_time\" content=\"2025-06-10T10:00:00+00:00\" \/>\n\t\t<meta property=\"article:modified_time\" content=\"2025-06-10T02:31:12+00:00\" \/>\n\t\t<meta property=\"article:publisher\" content=\"https:\/\/www.facebook.com\/soymigrantecom\" \/>\n\t\t<meta name=\"twitter:card\" content=\"summary_large_image\" \/>\n\t\t<meta name=\"twitter:site\" content=\"@SoyMigrante_com\" \/>\n\t\t<meta name=\"twitter:title\" content=\"Sabores guatemaltecos protagonizan serie de Netflix\" \/>\n\t\t<meta name=\"twitter:description\" content=\"Guatemala ser\u00e1 parte de la nueva temporada de la serie \u201cSomebody Feed Phil\u201d por Netflix exaltando la comida chapina a nivel mundial. Te contamos detalles.\" \/>\n\t\t<meta name=\"twitter:creator\" content=\"@SoyMigrante_com\" \/>\n\t\t<meta name=\"twitter:image\" content=\"https:\/\/soymigrante.com\/revista\/wp-content\/uploads\/2025\/06\/Guatemala-se-luce-en-la-nueva-temporada-de-Somebody-Feed-Phil-por-Netflix2.webp\" \/>\n\t\t<!-- All in One SEO Pro -->\r\n\t\t<title>Sabores guatemaltecos protagonizan serie de Netflix<\/title>\n\n","aioseo_head_json":{"title":"Sabores guatemaltecos protagonizan serie de Netflix","description":"Guatemala ser\u00e1 parte de la nueva temporada de la serie \u201cSomebody Feed Phil\u201d por Netflix exaltando la comida chapina a nivel mundial. Te contamos detalles.","canonical_url":"https:\/\/soymigrante.com\/revista\/sabores-guatemaltecos-se-lucen-en-nueva-temporada-de-somebody-feed-phil-de-netflix\/","robots":"max-snippet:-1, max-image-preview:large, max-video-preview:-1","keywords":"","webmasterTools":{"miscellaneous":"&lt;link rel=\"preconnect\" href=\"https:\/\/fonts.googleapis.com\" crossorigin&gt;\n&lt;link rel=\"preconnect\" href=\"https:\/\/fonts.gstatic.com\" crossorigin&gt;"},"schema":null,"og:locale":"es_ES","og:site_name":"SoyMigrante.com REVISTA \u2013 Nuestra misi\u00f3n es reconocer y dignificar al migrante.","og:type":"article","og:title":"Sabores guatemaltecos protagonizan serie de Netflix","og:description":"Guatemala ser\u00e1 parte de la nueva temporada de la serie \u201cSomebody Feed Phil\u201d por Netflix exaltando la comida chapina a nivel mundial. Te contamos detalles.","og:url":"https:\/\/soymigrante.com\/revista\/sabores-guatemaltecos-se-lucen-en-nueva-temporada-de-somebody-feed-phil-de-netflix\/","og:image":"https:\/\/soymigrante.com\/revista\/wp-content\/uploads\/2025\/06\/Guatemala-se-luce-en-la-nueva-temporada-de-Somebody-Feed-Phil-por-Netflix2.webp","og:image:secure_url":"https:\/\/soymigrante.com\/revista\/wp-content\/uploads\/2025\/06\/Guatemala-se-luce-en-la-nueva-temporada-de-Somebody-Feed-Phil-por-Netflix2.webp","og:image:width":1860,"og:image:height":1071,"article:published_time":"2025-06-10T10:00:00+00:00","article:modified_time":"2025-06-10T02:31:12+00:00","article:publisher":"https:\/\/www.facebook.com\/soymigrantecom","twitter:card":"summary_large_image","twitter:site":"@SoyMigrante_com","twitter:title":"Sabores guatemaltecos protagonizan serie de Netflix","twitter:description":"Guatemala ser\u00e1 parte de la nueva temporada de la serie \u201cSomebody Feed Phil\u201d por Netflix exaltando la comida chapina a nivel mundial. Te contamos detalles.","twitter:creator":"@SoyMigrante_com","twitter:image":"https:\/\/soymigrante.com\/revista\/wp-content\/uploads\/2025\/06\/Guatemala-se-luce-en-la-nueva-temporada-de-Somebody-Feed-Phil-por-Netflix2.webp"},"aioseo_meta_data":{"post_id":"35893","title":"Sabores guatemaltecos protagonizan serie de Netflix","description":"Guatemala ser\u00e1 parte de la nueva temporada de la serie \u201cSomebody Feed Phil\u201d por Netflix exaltando la comida chapina a nivel mundial. Te contamos detalles.","keywords":null,"keyphrases":{"focus":{"keyphrase":"Guatemala","score":72,"analysis":{"keyphraseInTitle":{"score":3,"maxScore":9,"error":1},"keyphraseInDescription":{"score":9,"maxScore":9,"error":0},"keyphraseLength":{"score":9,"maxScore":9,"error":0,"length":1},"keyphraseInURL":{"score":1,"maxScore":5,"error":1},"keyphraseInIntroduction":{"score":9,"maxScore":9,"error":0},"keyphraseInSubHeadings":{"score":9,"maxScore":9,"error":0},"keyphraseInImageAlt":{"score":9,"maxScore":9,"error":0},"keywordDensity":{"type":"high","score":0,"maxScore":9,"error":1}}},"additional":[{"keyphrase":"Guatemala","score":80,"analysis":{"keyphraseInDescription":{"score":9,"maxScore":9,"error":0},"keyphraseLength":{"score":9,"maxScore":9,"error":0,"length":1},"keyphraseInIntroduction":{"score":9,"maxScore":9,"error":0},"keyphraseInImageAlt":{"score":9,"maxScore":9,"error":0},"keywordDensity":{"type":"high","score":0,"maxScore":9,"error":1}}},{"keyphrase":"Netflix","score":73,"analysis":{"keyphraseInDescription":{"score":9,"maxScore":9,"error":0},"keyphraseLength":{"score":9,"maxScore":9,"error":0,"length":1},"keyphraseInIntroduction":{"score":3,"maxScore":9,"error":1},"keyphraseInImageAlt":{"score":3,"maxScore":9,"error":1},"keywordDensity":{"type":"best","score":9,"maxScore":9,"error":0}}},{"keyphrase":"Somebody Feed Phil","score":87,"analysis":{"keyphraseInDescription":{"score":9,"maxScore":9,"error":0},"keyphraseLength":{"score":9,"maxScore":9,"error":0,"length":3},"keyphraseInIntroduction":{"score":9,"maxScore":9,"error":0},"keyphraseInImageAlt":{"score":3,"maxScore":9,"error":1},"keywordDensity":{"type":"best","score":9,"maxScore":9,"error":0}}}]},"primary_term":null,"canonical_url":null,"og_title":null,"og_description":null,"og_object_type":"default","og_image_type":"default","og_image_url":null,"og_image_width":null,"og_image_height":null,"og_image_custom_url":null,"og_image_custom_fields":null,"og_video":"","og_custom_url":null,"og_article_section":null,"og_article_tags":null,"twitter_use_og":false,"twitter_card":"default","twitter_image_type":"default","twitter_image_url":null,"twitter_image_custom_url":null,"twitter_image_custom_fields":null,"twitter_title":null,"twitter_description":null,"schema":{"blockGraphs":[],"customGraphs":[],"default":{"data":{"Article":[],"Course":[],"Dataset":[],"FAQPage":[],"Movie":[],"Person":[],"Product":[],"ProductReview":[],"Car":[],"Recipe":[],"Service":[],"SoftwareApplication":[],"WebPage":[]},"graphName":"none","isEnabled":true},"graphs":[]},"schema_type":"default","schema_type_options":null,"pillar_content":false,"robots_default":true,"robots_noindex":false,"robots_noarchive":false,"robots_nosnippet":false,"robots_nofollow":false,"robots_noimageindex":false,"robots_noodp":false,"robots_notranslate":false,"robots_max_snippet":"-1","robots_max_videopreview":"-1","robots_max_imagepreview":"large","priority":null,"frequency":"default","local_seo":null,"seo_analyzer_scan_date":"2025-10-09 05:47:51","breadcrumb_settings":null,"limit_modified_date":false,"reviewed_by":"0","open_ai":"{\"title\":{\"suggestions\":[],\"usage\":0},\"description\":{\"suggestions\":[],\"usage\":0}}","ai":null,"created":"2025-06-09 18:43:53","updated":"2026-02-05 00:51:31"},"aioseo_breadcrumb":"<div class=\"aioseo-breadcrumbs\"><span class=\"aioseo-breadcrumb\">\n\t<a href=\"https:\/\/soymigrante.com\/revista\" title=\"Home\">Home<\/a>\n<\/span><span class=\"aioseo-breadcrumb-separator\">\u00bb<\/span><span class=\"aioseo-breadcrumb\">\n\t<a href=\"https:\/\/soymigrante.com\/revista\/category\/guate-nuestra\/\" title=\"Guate Nuestra\">Guate Nuestra<\/a>\n<\/span><span class=\"aioseo-breadcrumb-separator\">\u00bb<\/span><span class=\"aioseo-breadcrumb\">\n\tSabores guatemaltecos se lucen en nueva temporada de Somebody Feed Phil, de Netflix\n<\/span><\/div>","aioseo_breadcrumb_json":[{"label":"Home","link":"https:\/\/soymigrante.com\/revista"},{"label":"Guate Nuestra","link":"https:\/\/soymigrante.com\/revista\/category\/guate-nuestra\/"},{"label":"Sabores guatemaltecos se lucen en nueva temporada de Somebody Feed Phil, de Netflix","link":"https:\/\/soymigrante.com\/revista\/sabores-guatemaltecos-se-lucen-en-nueva-temporada-de-somebody-feed-phil-de-netflix\/"}],"_links":{"self":[{"href":"https:\/\/soymigrante.com\/revista\/wp-json\/wp\/v2\/posts\/35893","targetHints":{"allow":["GET"]}}],"collection":[{"href":"https:\/\/soymigrante.com\/revista\/wp-json\/wp\/v2\/posts"}],"about":[{"href":"https:\/\/soymigrante.com\/revista\/wp-json\/wp\/v2\/types\/post"}],"author":[{"embeddable":true,"href":"https:\/\/soymigrante.com\/revista\/wp-json\/wp\/v2\/users\/19"}],"replies":[{"embeddable":true,"href":"https:\/\/soymigrante.com\/revista\/wp-json\/wp\/v2\/comments?post=35893"}],"version-history":[{"count":6,"href":"https:\/\/soymigrante.com\/revista\/wp-json\/wp\/v2\/posts\/35893\/revisions"}],"predecessor-version":[{"id":35957,"href":"https:\/\/soymigrante.com\/revista\/wp-json\/wp\/v2\/posts\/35893\/revisions\/35957"}],"wp:featuredmedia":[{"embeddable":true,"href":"https:\/\/soymigrante.com\/revista\/wp-json\/wp\/v2\/media\/35894"}],"wp:attachment":[{"href":"https:\/\/soymigrante.com\/revista\/wp-json\/wp\/v2\/media?parent=35893"}],"wp:term":[{"taxonomy":"category","embeddable":true,"href":"https:\/\/soymigrante.com\/revista\/wp-json\/wp\/v2\/categories?post=35893"},{"taxonomy":"post_tag","embeddable":true,"href":"https:\/\/soymigrante.com\/revista\/wp-json\/wp\/v2\/tags?post=35893"}],"curies":[{"name":"wp","href":"https:\/\/api.w.org\/{rel}","templated":true}]}}