{"id":3582,"date":"2023-12-01T12:13:03","date_gmt":"2023-12-01T18:13:03","guid":{"rendered":"https:\/\/soymigrante.com\/revista\/?p=3582"},"modified":"2024-11-01T03:50:26","modified_gmt":"2024-11-01T09:50:26","slug":"musico-actor-guatemalteco-migrante-en-nueva-york-domingo-lemus","status":"publish","type":"post","link":"https:\/\/soymigrante.com\/revista\/musico-actor-guatemalteco-migrante-en-nueva-york-domingo-lemus\/","title":{"rendered":"\u201cTodos somos migrantes\u201d: Domingo Lemus, cineasta y m\u00fasico en NY"},"content":{"rendered":"\t\t<div data-elementor-type=\"wp-post\" data-elementor-id=\"3582\" class=\"elementor elementor-3582\" data-elementor-post-type=\"post\">\n\t\t\t\t\t\t<section data-particle_enable=\"false\" data-particle-mobile-disabled=\"false\" class=\"elementor-section elementor-top-section elementor-element elementor-element-e409a30 elementor-section-boxed elementor-section-height-default elementor-section-height-default\" data-id=\"e409a30\" data-element_type=\"section\" data-e-type=\"section\">\n\t\t\t\t\t\t<div class=\"elementor-container elementor-column-gap-default\">\n\t\t\t\t\t<div class=\"elementor-column elementor-col-100 elementor-top-column elementor-element elementor-element-db34046\" data-id=\"db34046\" data-element_type=\"column\" data-e-type=\"column\">\n\t\t\t<div class=\"elementor-widget-wrap elementor-element-populated\">\n\t\t\t\t\t\t<div class=\"elementor-element elementor-element-1b74c1b elementor-widget elementor-widget-heading\" data-id=\"1b74c1b\" data-element_type=\"widget\" data-e-type=\"widget\" data-widget_type=\"heading.default\">\n\t\t\t\t\t<h1 class=\"elementor-heading-title elementor-size-default\">\u201cMi vida ha sido migrante casi desde que nac\u00ed\u201d, dice el guatemalteco Domingo Lemus, cuyo rostro se hizo ic\u00f3nico por la pel\u00edcula \"Puro Mula<i>\"<\/i>, de 2011, pero cuyo talento musical, creativo y f\u00edlmico crece en EE.UU al trabajar en producciones de cine y TV.<\/h1>\t\t\t\t<\/div>\n\t\t\t\t\t<\/div>\n\t\t<\/div>\n\t\t\t\t\t<\/div>\n\t\t<\/section>\n\t\t\t\t<section data-particle_enable=\"false\" data-particle-mobile-disabled=\"false\" class=\"elementor-section elementor-top-section elementor-element elementor-element-c29c890 elementor-section-boxed elementor-section-height-default elementor-section-height-default\" data-id=\"c29c890\" data-element_type=\"section\" data-e-type=\"section\">\n\t\t\t\t\t\t<div class=\"elementor-container elementor-column-gap-default\">\n\t\t\t\t\t<div class=\"elementor-column elementor-col-100 elementor-top-column elementor-element elementor-element-18ae469\" data-id=\"18ae469\" data-element_type=\"column\" data-e-type=\"column\">\n\t\t\t<div class=\"elementor-widget-wrap elementor-element-populated\">\n\t\t\t\t\t\t<div class=\"elementor-element elementor-element-61c3427 elementor-widget elementor-widget-image\" data-id=\"61c3427\" data-element_type=\"widget\" data-e-type=\"widget\" data-widget_type=\"image.default\">\n\t\t\t\t\t\t\t\t\t\t\t\t<figure class=\"wp-caption\">\n\t\t\t\t\t\t\t\t\t\t<img fetchpriority=\"high\" decoding=\"async\" width=\"768\" height=\"578\" src=\"https:\/\/soymigrante.com\/revista\/wp-content\/uploads\/2023\/12\/domingo-lemus-e1701448724784-1024x771.webp\" class=\"attachment-large size-large wp-image-3589\" alt=\"\" srcset=\"https:\/\/soymigrante.com\/revista\/wp-content\/uploads\/2023\/12\/domingo-lemus-e1701448724784-1024x771.webp 1024w, https:\/\/soymigrante.com\/revista\/wp-content\/uploads\/2023\/12\/domingo-lemus-e1701448724784-300x226.webp 300w, https:\/\/soymigrante.com\/revista\/wp-content\/uploads\/2023\/12\/domingo-lemus-e1701448724784-768x578.webp 768w, https:\/\/soymigrante.com\/revista\/wp-content\/uploads\/2023\/12\/domingo-lemus-e1701448724784-750x564.webp 750w, https:\/\/soymigrante.com\/revista\/wp-content\/uploads\/2023\/12\/domingo-lemus-e1701448724784-1140x858.webp 1140w, https:\/\/soymigrante.com\/revista\/wp-content\/uploads\/2023\/12\/domingo-lemus-e1701448724784.webp 1407w\" sizes=\"(max-width: 768px) 100vw, 768px\" title=\"Domingo Lemus se presenta en conciertos en varias ciudades de Estados Unidos junto a su banda, a menudo por invitaci\u00f3n de comunidades de migrantes guatemaltecos: un encuentro que siempre le emociona. (Foto Facebook Domingo Lemus) \u2013 SoyMigrante.com REVISTA\" \/>\t\t\t\t\t\t\t\t\t\t\t<figcaption class=\"widget-image-caption wp-caption-text\">Domingo Lemus se presenta en conciertos en varias ciudades de Estados Unidos junto a su banda, a menudo por invitaci\u00f3n de comunidades de migrantes guatemaltecos: un encuentro que siempre le emociona. (Foto Facebook Domingo Lemus)<\/figcaption>\n\t\t\t\t\t\t\t\t\t\t<\/figure>\n\t\t\t\t\t\t\t\t\t<\/div>\n\t\t\t\t\t<\/div>\n\t\t<\/div>\n\t\t\t\t\t<\/div>\n\t\t<\/section>\n\t\t\t\t<section data-particle_enable=\"false\" data-particle-mobile-disabled=\"false\" class=\"elementor-section elementor-top-section elementor-element elementor-element-d1e684c elementor-section-boxed elementor-section-height-default elementor-section-height-default\" data-id=\"d1e684c\" data-element_type=\"section\" data-e-type=\"section\">\n\t\t\t\t\t\t<div class=\"elementor-container elementor-column-gap-default\">\n\t\t\t\t\t<div class=\"elementor-column elementor-col-100 elementor-top-column elementor-element elementor-element-334ec7b\" data-id=\"334ec7b\" data-element_type=\"column\" data-e-type=\"column\">\n\t\t\t<div class=\"elementor-widget-wrap elementor-element-populated\">\n\t\t\t\t\t\t<div class=\"elementor-element elementor-element-203cc6d elementor-widget elementor-widget-text-editor\" data-id=\"203cc6d\" data-element_type=\"widget\" data-e-type=\"widget\" data-widget_type=\"text-editor.default\">\n\t\t\t\t\t\t\t\t\t<p>En cada llegada o salida de Guatemala, vibran emociones en la mente y el coraz\u00f3n del cineasta, compositor, promotor cultural y migrante\u00a0 Domingo Lemus, actualmente radicado en Nueva York- All\u00ed trabaja en algunas producciones televisivas, presenta conciertos y tambi\u00e9n impulsa iniciativas culturales en Guatemala.<\/p><p>&#8220;Mientras el avi\u00f3n sobrevuela la ciudad,\u00a0<span style=\"color: var( --e-global-color-text );\">veo las callecitas y lucecitas amarillas, y me entra una nostalgia de vida, en la que est\u00e1 acumulada la ni\u00f1ez, los barrios donde crec\u00ed y jugu\u00e9; la comida, la familia, esa emoci\u00f3n indescriptible que te toca el alma\u201d, expresa en esta entrevista en la cual habla de sus proyectos, vivencias y tambi\u00e9n del\u00a0 pol\u00e9mico pero inolvidable personaje de Joel,\u00a0 con el cual se dio a conocer en la cinta &#8220;Puro Mula&#8221;, de 2011.<\/span><\/p>\t\t\t\t\t\t\t\t<\/div>\n\t\t\t\t\t<\/div>\n\t\t<\/div>\n\t\t\t\t\t<\/div>\n\t\t<\/section>\n\t\t\t\t<section data-particle_enable=\"false\" data-particle-mobile-disabled=\"false\" class=\"elementor-section elementor-top-section elementor-element elementor-element-8fdcc2d elementor-section-boxed elementor-section-height-default elementor-section-height-default\" data-id=\"8fdcc2d\" data-element_type=\"section\" data-e-type=\"section\">\n\t\t\t\t\t\t<div class=\"elementor-container elementor-column-gap-default\">\n\t\t\t\t\t<div class=\"elementor-column elementor-col-100 elementor-top-column elementor-element elementor-element-c3976b3\" data-id=\"c3976b3\" data-element_type=\"column\" data-e-type=\"column\">\n\t\t\t<div class=\"elementor-widget-wrap elementor-element-populated\">\n\t\t\t\t\t\t<div class=\"elementor-element elementor-element-29b248b elementor-widget elementor-widget-video\" data-id=\"29b248b\" data-element_type=\"widget\" data-e-type=\"widget\" data-settings=\"{&quot;youtube_url&quot;:&quot;https:\\\/\\\/www.youtube.com\\\/watch?v=yL_o5ezdgFg&quot;,&quot;start&quot;:19,&quot;autoplay&quot;:&quot;yes&quot;,&quot;mute&quot;:&quot;yes&quot;,&quot;video_type&quot;:&quot;youtube&quot;,&quot;controls&quot;:&quot;yes&quot;}\" data-widget_type=\"video.default\">\n\t\t\t\t\t\t\t<div class=\"elementor-wrapper elementor-open-inline\">\n\t\t\t<div class=\"elementor-video\"><\/div>\t\t<\/div>\n\t\t\t\t\t\t<\/div>\n\t\t\t\t\t<\/div>\n\t\t<\/div>\n\t\t\t\t\t<\/div>\n\t\t<\/section>\n\t\t\t\t<section data-particle_enable=\"false\" data-particle-mobile-disabled=\"false\" class=\"elementor-section elementor-top-section elementor-element elementor-element-8571738 elementor-section-boxed elementor-section-height-default elementor-section-height-default\" data-id=\"8571738\" data-element_type=\"section\" data-e-type=\"section\">\n\t\t\t\t\t\t<div class=\"elementor-container elementor-column-gap-default\">\n\t\t\t\t\t<div class=\"elementor-column elementor-col-100 elementor-top-column elementor-element elementor-element-2efdb3c\" data-id=\"2efdb3c\" data-element_type=\"column\" data-e-type=\"column\">\n\t\t\t<div class=\"elementor-widget-wrap elementor-element-populated\">\n\t\t\t\t\t\t<div class=\"elementor-element elementor-element-c6f827c elementor-widget elementor-widget-heading\" data-id=\"c6f827c\" data-element_type=\"widget\" data-e-type=\"widget\" data-widget_type=\"heading.default\">\n\t\t\t\t\t<h2 class=\"elementor-heading-title elementor-size-default\">\u00bfEn qu\u00e9 momento Domingo Lemus se hace migrante? <\/h2>\t\t\t\t<\/div>\n\t\t\t\t\t<\/div>\n\t\t<\/div>\n\t\t\t\t\t<\/div>\n\t\t<\/section>\n\t\t\t\t<section data-particle_enable=\"false\" data-particle-mobile-disabled=\"false\" class=\"elementor-section elementor-top-section elementor-element elementor-element-27e5630 elementor-section-boxed elementor-section-height-default elementor-section-height-default\" data-id=\"27e5630\" data-element_type=\"section\" data-e-type=\"section\">\n\t\t\t\t\t\t<div class=\"elementor-container elementor-column-gap-default\">\n\t\t\t\t\t<div class=\"elementor-column elementor-col-100 elementor-top-column elementor-element elementor-element-a82f40e\" data-id=\"a82f40e\" data-element_type=\"column\" data-e-type=\"column\">\n\t\t\t<div class=\"elementor-widget-wrap elementor-element-populated\">\n\t\t\t\t\t\t<div class=\"elementor-element elementor-element-4d11681 elementor-widget elementor-widget-text-editor\" data-id=\"4d11681\" data-element_type=\"widget\" data-e-type=\"widget\" data-widget_type=\"text-editor.default\">\n\t\t\t\t\t\t\t\t\t<p><span style=\"color: var( --e-global-color-text );\">Casi desde que nac\u00ed. A los 8 meses con mi familia nos vamos a Canad\u00e1. Estuvimos all\u00e1 5 a\u00f1os,\u00a0 por la situaci\u00f3n de violencia del pa\u00eds. Ir\u00f3nicamente ahora est\u00e1 bastante similar esa situaci\u00f3n. Al regresar a la ciudad vivimos en la zona 19, zona 7, zona 11, Antigua Guatemala.\u00a0<\/span><\/p><p><span style=\"color: var( --e-global-color-text );\">0espu\u00e9s viv\u00ed en Panajachel. Estudi\u00e9 cine en Cuba, 3 a\u00f1os (de 2006 a 2009), una temporada en Panam\u00e1, despu\u00e9s pas\u00e9 otra en Costa Rica. Y de alguna forma creo que <b>todos somos migrantes<\/b>. Y hasta podr\u00eda decir que uno no termina de ser guatemalteco hasta que no es migrante y hasta que no te das cuenta de lo que es llevar la patria en los zapatos: es otra manera de entender nuestra identidad, nuestra nacionalidad.<\/span><\/p><div>\u00a0<\/div>\t\t\t\t\t\t\t\t<\/div>\n\t\t\t\t\t<\/div>\n\t\t<\/div>\n\t\t\t\t\t<\/div>\n\t\t<\/section>\n\t\t\t\t<section data-particle_enable=\"false\" data-particle-mobile-disabled=\"false\" class=\"elementor-section elementor-top-section elementor-element elementor-element-ea5c59d elementor-section-boxed elementor-section-height-default elementor-section-height-default\" data-id=\"ea5c59d\" data-element_type=\"section\" data-e-type=\"section\">\n\t\t\t\t\t\t<div class=\"elementor-container elementor-column-gap-default\">\n\t\t\t\t\t<div class=\"elementor-column elementor-col-100 elementor-top-column elementor-element elementor-element-6b90c44\" data-id=\"6b90c44\" data-element_type=\"column\" data-e-type=\"column\">\n\t\t\t<div class=\"elementor-widget-wrap elementor-element-populated\">\n\t\t\t\t\t\t<div class=\"elementor-element elementor-element-47401c1 elementor-widget elementor-widget-heading\" data-id=\"47401c1\" data-element_type=\"widget\" data-e-type=\"widget\" data-widget_type=\"heading.default\">\n\t\t\t\t\t<h2 class=\"elementor-heading-title elementor-size-default\">\u00bfC\u00f3mo ha sido la vida en Nueva York?\n<\/h2>\t\t\t\t<\/div>\n\t\t\t\t\t<\/div>\n\t\t<\/div>\n\t\t\t\t\t<\/div>\n\t\t<\/section>\n\t\t\t\t<section data-particle_enable=\"false\" data-particle-mobile-disabled=\"false\" class=\"elementor-section elementor-top-section elementor-element elementor-element-975dede elementor-section-boxed elementor-section-height-default elementor-section-height-default\" data-id=\"975dede\" data-element_type=\"section\" data-e-type=\"section\">\n\t\t\t\t\t\t<div class=\"elementor-container elementor-column-gap-default\">\n\t\t\t\t\t<div class=\"elementor-column elementor-col-100 elementor-top-column elementor-element elementor-element-8e6979a\" data-id=\"8e6979a\" data-element_type=\"column\" data-e-type=\"column\">\n\t\t\t<div class=\"elementor-widget-wrap elementor-element-populated\">\n\t\t\t\t\t\t<div class=\"elementor-element elementor-element-7044696 elementor-widget elementor-widget-text-editor\" data-id=\"7044696\" data-element_type=\"widget\" data-e-type=\"widget\" data-widget_type=\"text-editor.default\">\n\t\t\t\t\t\t\t\t\t<p>Llevo poco m\u00e1s de dos a\u00f1os y medio. Llegu\u00e9 con una visa de artista. La verdad es que tambi\u00e9n vine por amor, siguiendo a la mujer que amo. Pero claro hay una vida real, un nuevo comienzo y hay que buscar la oportunidad.\u00a0<\/p>\t\t\t\t\t\t\t\t<\/div>\n\t\t\t\t\t<\/div>\n\t\t<\/div>\n\t\t\t\t\t<\/div>\n\t\t<\/section>\n\t\t\t\t<section data-particle_enable=\"false\" data-particle-mobile-disabled=\"false\" class=\"elementor-section elementor-top-section elementor-element elementor-element-1e1dc5b elementor-section-boxed elementor-section-height-default elementor-section-height-default\" data-id=\"1e1dc5b\" data-element_type=\"section\" data-e-type=\"section\">\n\t\t\t\t\t\t<div class=\"elementor-container elementor-column-gap-default\">\n\t\t\t\t\t<div class=\"elementor-column elementor-col-100 elementor-top-column elementor-element elementor-element-0b08445\" data-id=\"0b08445\" data-element_type=\"column\" data-e-type=\"column\">\n\t\t\t<div class=\"elementor-widget-wrap elementor-element-populated\">\n\t\t\t\t\t\t<div class=\"elementor-element elementor-element-0def79f elementor-widget elementor-widget-heading\" data-id=\"0def79f\" data-element_type=\"widget\" data-e-type=\"widget\" data-widget_type=\"heading.default\">\n\t\t\t\t\t<h2 class=\"elementor-heading-title elementor-size-default\">\u00bfQu\u00e9 ha sido lo m\u00e1s desafiante? <\/h2>\t\t\t\t<\/div>\n\t\t\t\t\t<\/div>\n\t\t<\/div>\n\t\t\t\t\t<\/div>\n\t\t<\/section>\n\t\t\t\t<section data-particle_enable=\"false\" data-particle-mobile-disabled=\"false\" class=\"elementor-section elementor-top-section elementor-element elementor-element-df9350d elementor-section-boxed elementor-section-height-default elementor-section-height-default\" data-id=\"df9350d\" data-element_type=\"section\" data-e-type=\"section\">\n\t\t\t\t\t\t<div class=\"elementor-container elementor-column-gap-default\">\n\t\t\t\t\t<div class=\"elementor-column elementor-col-100 elementor-top-column elementor-element elementor-element-83ae19b\" data-id=\"83ae19b\" data-element_type=\"column\" data-e-type=\"column\">\n\t\t\t<div class=\"elementor-widget-wrap elementor-element-populated\">\n\t\t\t\t\t\t<div class=\"elementor-element elementor-element-c0f1ebb elementor-widget elementor-widget-text-editor\" data-id=\"c0f1ebb\" data-element_type=\"widget\" data-e-type=\"widget\" data-widget_type=\"text-editor.default\">\n\t\t\t\t\t\t\t\t\t<p><span style=\"color: var( --e-global-color-text );\">Ac\u00e1 (en Estados Unidos) todos tenemos que pagar derecho de piso. La cultura de EE.UU. es una meritocracia: no importa lo que hab\u00eda o eras afuera, aqu\u00ed te toca empezar de abajo y de cero.\u00a0<\/span><\/p><p><span style=\"color: var( --e-global-color-text );\">Y debo decir que me doy cuenta de que muchos guatemaltecos empiezan en otras condiciones mucho m\u00e1s dif\u00edciles de las que yo tuve. Eso es admirable.<\/span><\/p>\t\t\t\t\t\t\t\t<\/div>\n\t\t\t\t\t<\/div>\n\t\t<\/div>\n\t\t\t\t\t<\/div>\n\t\t<\/section>\n\t\t\t\t<section data-particle_enable=\"false\" data-particle-mobile-disabled=\"false\" class=\"elementor-section elementor-top-section elementor-element elementor-element-4919221 elementor-section-boxed elementor-section-height-default elementor-section-height-default\" data-id=\"4919221\" data-element_type=\"section\" data-e-type=\"section\">\n\t\t\t\t\t\t<div class=\"elementor-container elementor-column-gap-default\">\n\t\t\t\t\t<div class=\"elementor-column elementor-col-100 elementor-top-column elementor-element elementor-element-1df60ed\" data-id=\"1df60ed\" data-element_type=\"column\" data-e-type=\"column\">\n\t\t\t<div class=\"elementor-widget-wrap elementor-element-populated\">\n\t\t\t\t\t\t<div class=\"elementor-element elementor-element-ec5f68e elementor-widget elementor-widget-video\" data-id=\"ec5f68e\" data-element_type=\"widget\" data-e-type=\"widget\" data-settings=\"{&quot;youtube_url&quot;:&quot;https:\\\/\\\/www.youtube.com\\\/watch?v=alapQ21y7BY&quot;,&quot;start&quot;:22,&quot;autoplay&quot;:&quot;yes&quot;,&quot;play_on_mobile&quot;:&quot;yes&quot;,&quot;video_type&quot;:&quot;youtube&quot;,&quot;controls&quot;:&quot;yes&quot;}\" data-widget_type=\"video.default\">\n\t\t\t\t\t\t\t<div class=\"elementor-wrapper elementor-open-inline\">\n\t\t\t<div class=\"elementor-video\"><\/div>\t\t<\/div>\n\t\t\t\t\t\t<\/div>\n\t\t\t\t\t<\/div>\n\t\t<\/div>\n\t\t\t\t\t<\/div>\n\t\t<\/section>\n\t\t\t\t<section data-particle_enable=\"false\" data-particle-mobile-disabled=\"false\" class=\"elementor-section elementor-top-section elementor-element elementor-element-714b01d elementor-section-boxed elementor-section-height-default elementor-section-height-default\" data-id=\"714b01d\" data-element_type=\"section\" data-e-type=\"section\">\n\t\t\t\t\t\t<div class=\"elementor-container elementor-column-gap-default\">\n\t\t\t\t\t<div class=\"elementor-column elementor-col-100 elementor-top-column elementor-element elementor-element-bdf81f4\" data-id=\"bdf81f4\" data-element_type=\"column\" data-e-type=\"column\">\n\t\t\t<div class=\"elementor-widget-wrap elementor-element-populated\">\n\t\t\t\t\t\t<div class=\"elementor-element elementor-element-93507e5 elementor-widget elementor-widget-heading\" data-id=\"93507e5\" data-element_type=\"widget\" data-e-type=\"widget\" data-widget_type=\"heading.default\">\n\t\t\t\t\t<h2 class=\"elementor-heading-title elementor-size-default\">\u00bfPodr\u00edas recordar c\u00f3mo fueron tus primeros d\u00edas como migrante en Nueva York? <\/h2>\t\t\t\t<\/div>\n\t\t\t\t\t<\/div>\n\t\t<\/div>\n\t\t\t\t\t<\/div>\n\t\t<\/section>\n\t\t\t\t<section data-particle_enable=\"false\" data-particle-mobile-disabled=\"false\" class=\"elementor-section elementor-top-section elementor-element elementor-element-9156b52 elementor-section-boxed elementor-section-height-default elementor-section-height-default\" data-id=\"9156b52\" data-element_type=\"section\" data-e-type=\"section\">\n\t\t\t\t\t\t<div class=\"elementor-container elementor-column-gap-default\">\n\t\t\t\t\t<div class=\"elementor-column elementor-col-100 elementor-top-column elementor-element elementor-element-7d704b5\" data-id=\"7d704b5\" data-element_type=\"column\" data-e-type=\"column\">\n\t\t\t<div class=\"elementor-widget-wrap elementor-element-populated\">\n\t\t\t\t\t\t<div class=\"elementor-element elementor-element-e09cc20 elementor-widget elementor-widget-text-editor\" data-id=\"e09cc20\" data-element_type=\"widget\" data-e-type=\"widget\" data-widget_type=\"text-editor.default\">\n\t\t\t\t\t\t\t\t\t<p><span style=\"color: var( --e-global-color-text );\">He tenido much\u00edsimo apoyo, pero cuando ya est\u00e1 viviendo ac\u00e1 te das cuenta que el dinero que uno va haciendo se va en renta y gastos. Tampoco es como que te llueven las oportunidades. Y s\u00ed las hay, pero este es un pa\u00eds de mucho trabajo. Yo soy cineasta y la gente me identifica por mi trabajo como actor, pero yo lo que estudi\u00e9 fue edici\u00f3n. Aqu\u00ed meha tocado trabajar mucho en asistencia de producci\u00f3n, que no es algo muy alto en la escala jer\u00e1rquica Me ha tocado acarrear cosas, instalar un cable, lo que sea.<\/span><\/p><p>\u00a0<\/p>\t\t\t\t\t\t\t\t<\/div>\n\t\t\t\t\t<\/div>\n\t\t<\/div>\n\t\t\t\t\t<\/div>\n\t\t<\/section>\n\t\t\t\t<section data-particle_enable=\"false\" data-particle-mobile-disabled=\"false\" class=\"elementor-section elementor-top-section elementor-element elementor-element-7829c9d elementor-section-boxed elementor-section-height-default elementor-section-height-default\" data-id=\"7829c9d\" data-element_type=\"section\" data-e-type=\"section\">\n\t\t\t\t\t\t<div class=\"elementor-container elementor-column-gap-default\">\n\t\t\t\t\t<div class=\"elementor-column elementor-col-100 elementor-top-column elementor-element elementor-element-3f3df6b\" data-id=\"3f3df6b\" data-element_type=\"column\" data-e-type=\"column\">\n\t\t\t<div class=\"elementor-widget-wrap elementor-element-populated\">\n\t\t\t\t\t\t<div class=\"elementor-element elementor-element-32ab78f elementor-widget elementor-widget-heading\" data-id=\"32ab78f\" data-element_type=\"widget\" data-e-type=\"widget\" data-widget_type=\"heading.default\">\n\t\t\t\t\t<h2 class=\"elementor-heading-title elementor-size-default\">\u00bfQu\u00e9 ha significado la m\u00fasica en esta etapa?<\/h2>\t\t\t\t<\/div>\n\t\t\t\t\t<\/div>\n\t\t<\/div>\n\t\t\t\t\t<\/div>\n\t\t<\/section>\n\t\t\t\t<section data-particle_enable=\"false\" data-particle-mobile-disabled=\"false\" class=\"elementor-section elementor-top-section elementor-element elementor-element-21f2446 elementor-section-boxed elementor-section-height-default elementor-section-height-default\" data-id=\"21f2446\" data-element_type=\"section\" data-e-type=\"section\">\n\t\t\t\t\t\t<div class=\"elementor-container elementor-column-gap-default\">\n\t\t\t\t\t<div class=\"elementor-column elementor-col-100 elementor-top-column elementor-element elementor-element-e11285c\" data-id=\"e11285c\" data-element_type=\"column\" data-e-type=\"column\">\n\t\t\t<div class=\"elementor-widget-wrap elementor-element-populated\">\n\t\t\t\t\t\t<div class=\"elementor-element elementor-element-e9446b9 elementor-widget elementor-widget-text-editor\" data-id=\"e9446b9\" data-element_type=\"widget\" data-e-type=\"widget\" data-widget_type=\"text-editor.default\">\n\t\t\t\t\t\t\t\t\t<p><span style=\"color: var( --e-global-color-text );\">Es una especie de espacio bendito, porque eimpre me saca a flore. Ha sido un soporte porque siempre me saca a flote. La comunidad migrante de Guatemala me ha dado la oportunidad de presentarme en muchos lugares.\u00a0 Si no tuviera ese apoyo, el camino musical ser\u00eda mucho m\u00e1s empedrado. Toco con una banda ac\u00e1 en Nueva York y all\u00ed hay m\u00fasicos de Colombia, de Argentina; con guatemaltecos ha costado sobre todo por las distancias. Toco guitarra, charango y arm\u00f3nica.<\/span><\/p>\t\t\t\t\t\t\t\t<\/div>\n\t\t\t\t\t<\/div>\n\t\t<\/div>\n\t\t\t\t\t<\/div>\n\t\t<\/section>\n\t\t\t\t<section data-particle_enable=\"false\" data-particle-mobile-disabled=\"false\" class=\"elementor-section elementor-top-section elementor-element elementor-element-b37e7e0 elementor-section-boxed elementor-section-height-default elementor-section-height-default\" data-id=\"b37e7e0\" data-element_type=\"section\" data-e-type=\"section\">\n\t\t\t\t\t\t<div class=\"elementor-container elementor-column-gap-default\">\n\t\t\t\t\t<div class=\"elementor-column elementor-col-100 elementor-top-column elementor-element elementor-element-2fc5327\" data-id=\"2fc5327\" data-element_type=\"column\" data-e-type=\"column\">\n\t\t\t<div class=\"elementor-widget-wrap elementor-element-populated\">\n\t\t\t\t\t\t<div class=\"elementor-element elementor-element-33117da elementor-arrows-position-inside elementor-pagination-position-outside elementor-widget elementor-widget-image-carousel\" data-id=\"33117da\" data-element_type=\"widget\" data-e-type=\"widget\" data-settings=\"{&quot;slides_to_show&quot;:&quot;1&quot;,&quot;speed&quot;:1000,&quot;navigation&quot;:&quot;both&quot;,&quot;autoplay&quot;:&quot;yes&quot;,&quot;pause_on_hover&quot;:&quot;yes&quot;,&quot;pause_on_interaction&quot;:&quot;yes&quot;,&quot;autoplay_speed&quot;:5000,&quot;infinite&quot;:&quot;yes&quot;,&quot;effect&quot;:&quot;slide&quot;}\" data-widget_type=\"image-carousel.default\">\n\t\t\t\t\t\t\t<div class=\"elementor-image-carousel-wrapper swiper\" role=\"region\" aria-roledescription=\"carousel\" aria-label=\"Carrusel de im\u00e1genes\" dir=\"ltr\">\n\t\t\t<div class=\"elementor-image-carousel swiper-wrapper swiper-image-stretch\" aria-live=\"off\">\n\t\t\t\t\t\t\t\t<div class=\"swiper-slide\" role=\"group\" aria-roledescription=\"slide\" aria-label=\"1 de 6\"><a data-elementor-open-lightbox=\"yes\" data-elementor-lightbox-slideshow=\"33117da\" data-elementor-lightbox-title=\"Domingo Lemus es cantante y compositor. Interpreta la guitarra, la arm\u00f3nica y el charango. (Foto FB)\" data-elementor-lightbox-description=\"Domingo Lemus es cantante y compositor. Interpreta la guitarra, la arm\u00f3nica y el charango. (Foto FB)\" data-e-action-hash=\"#elementor-action%3Aaction%3Dlightbox%26settings%3DeyJpZCI6MzU4NiwidXJsIjoiaHR0cHM6XC9cL3NveW1pZ3JhbnRlLmNvbVwvcmV2aXN0YVwvd3AtY29udGVudFwvdXBsb2Fkc1wvMjAyM1wvMTJcL0RPTUlOR08tTEVNVVMtTVVTSUNBLWUxNzAxNDUyMjY2MTU2LndlYnAiLCJzbGlkZXNob3ciOiIzMzExN2RhIn0%3D\" href=\"https:\/\/soymigrante.com\/revista\/wp-content\/uploads\/2023\/12\/DOMINGO-LEMUS-MUSICA-e1701452266156.webp\"><figure class=\"swiper-slide-inner\"><img decoding=\"async\" class=\"swiper-slide-image\" src=\"https:\/\/soymigrante.com\/revista\/wp-content\/uploads\/2023\/12\/DOMINGO-LEMUS-MUSICA-e1701452266156-768x768.webp\" alt=\"Domingo Lemus es cantante y compositor. Interpreta la guitarra, la arm\u00f3nica y el charango. (Foto FB)\" \/><figcaption class=\"elementor-image-carousel-caption\">Domingo Lemus es cantante y compositor. Interpreta la guitarra, la arm\u00f3nica y el charango. (Foto FB)<\/figcaption><\/figure><\/a><\/div><div class=\"swiper-slide\" role=\"group\" aria-roledescription=\"slide\" aria-label=\"2 de 6\"><a data-elementor-open-lightbox=\"yes\" data-elementor-lightbox-slideshow=\"33117da\" data-elementor-lightbox-title=\"Para Domingo Lemus, la m\u00fasica ha sido un &quot;espacio bendito&quot; para entrar en contacto con los migrantes hispanos en Estadlos Unidos (Foto FB)\" data-elementor-lightbox-description=\"Para Domingo Lemus, la m\u00fasica ha sido un &quot;espacio bendito&quot; para entrar en contacto con los migrantes hispanos en Estadlos Unidos (Foto FB)\" data-e-action-hash=\"#elementor-action%3Aaction%3Dlightbox%26settings%3DeyJpZCI6MzU4MywidXJsIjoiaHR0cHM6XC9cL3NveW1pZ3JhbnRlLmNvbVwvcmV2aXN0YVwvd3AtY29udGVudFwvdXBsb2Fkc1wvMjAyM1wvMTJcL0RPTUlOR08tQU5VTkNJTy1lMTcwMTQ1MjE5ODQ4OS53ZWJwIiwic2xpZGVzaG93IjoiMzMxMTdkYSJ9\" href=\"https:\/\/soymigrante.com\/revista\/wp-content\/uploads\/2023\/12\/DOMINGO-ANUNCIO-e1701452198489.webp\"><figure class=\"swiper-slide-inner\"><img decoding=\"async\" class=\"swiper-slide-image\" src=\"https:\/\/soymigrante.com\/revista\/wp-content\/uploads\/2023\/12\/DOMINGO-ANUNCIO-e1701452198489-768x768.webp\" alt=\"Para Domingo Lemus, la m\u00fasica ha sido un &quot;espacio bendito&quot; para entrar en contacto con los migrantes hispanos en Estadlos Unidos (Foto FB)\" \/><figcaption class=\"elementor-image-carousel-caption\">Para Domingo Lemus, la m\u00fasica ha sido un \"espacio bendito\" para entrar en contacto con los migrantes hispanos en Estadlos Unidos (Foto FB)<\/figcaption><\/figure><\/a><\/div><div class=\"swiper-slide\" role=\"group\" aria-roledescription=\"slide\" aria-label=\"3 de 6\"><a data-elementor-open-lightbox=\"yes\" data-elementor-lightbox-slideshow=\"33117da\" data-elementor-lightbox-title=\"Presentarse ante comunidades de migrantes guatemaltecos es siempre un encuentro intenso con las ra\u00edces, dice el cantautor Domingo Lemus\" data-elementor-lightbox-description=\"Presentarse ante comunidades de migrantes guatemaltecos es siempre un encuentro intenso con las ra\u00edces, dice el cantautor Domingo Lemus\" data-e-action-hash=\"#elementor-action%3Aaction%3Dlightbox%26settings%3DeyJpZCI6MzU4NSwidXJsIjoiaHR0cHM6XC9cL3NveW1pZ3JhbnRlLmNvbVwvcmV2aXN0YVwvd3AtY29udGVudFwvdXBsb2Fkc1wvMjAyM1wvMTJcL0RPTUlOR08tQkFOREEtZTE3MDE0NTIyMzc0ODgud2VicCIsInNsaWRlc2hvdyI6IjMzMTE3ZGEifQ%3D%3D\" href=\"https:\/\/soymigrante.com\/revista\/wp-content\/uploads\/2023\/12\/DOMINGO-BANDA-e1701452237488.webp\"><figure class=\"swiper-slide-inner\"><img decoding=\"async\" class=\"swiper-slide-image\" src=\"https:\/\/soymigrante.com\/revista\/wp-content\/uploads\/2023\/12\/DOMINGO-BANDA-e1701452237488-768x768.webp\" alt=\"Presentarse ante comunidades de migrantes guatemaltecos es siempre un encuentro intenso con las ra\u00edces, dice el cantautor Domingo Lemus\" \/><figcaption class=\"elementor-image-carousel-caption\">Presentarse ante comunidades de migrantes guatemaltecos es siempre un encuentro intenso con las ra\u00edces, dice el cantautor Domingo Lemus<\/figcaption><\/figure><\/a><\/div><div class=\"swiper-slide\" role=\"group\" aria-roledescription=\"slide\" aria-label=\"4 de 6\"><a data-elementor-open-lightbox=\"yes\" data-elementor-lightbox-slideshow=\"33117da\" data-elementor-lightbox-title=\"El actor y cantautor Domingo Lemus se ha presentado en varios festivales organizados por migrantes guatemaltecos en ciudades de Estados Unidos\" data-elementor-lightbox-description=\"El actor y cantautor Domingo Lemus se ha presentado en varios festivales organizados por migrantes guatemaltecos en ciudades de Estados Unidos\" data-e-action-hash=\"#elementor-action%3Aaction%3Dlightbox%26settings%3DeyJpZCI6MzU5MywidXJsIjoiaHR0cHM6XC9cL3NveW1pZ3JhbnRlLmNvbVwvcmV2aXN0YVwvd3AtY29udGVudFwvdXBsb2Fkc1wvMjAyM1wvMTJcL21pbmdvLTQtZTE3MDE0NTIzNjQ3MDIud2VicCIsInNsaWRlc2hvdyI6IjMzMTE3ZGEifQ%3D%3D\" href=\"https:\/\/soymigrante.com\/revista\/wp-content\/uploads\/2023\/12\/mingo-4-e1701452364702.webp\"><figure class=\"swiper-slide-inner\"><img decoding=\"async\" class=\"swiper-slide-image\" src=\"https:\/\/soymigrante.com\/revista\/wp-content\/uploads\/2023\/12\/mingo-4-e1701452364702-768x659.webp\" alt=\"El actor y cantautor Domingo Lemus se ha presentado en varios festivales organizados por migrantes guatemaltecos en ciudades de Estados Unidos\" \/><figcaption class=\"elementor-image-carousel-caption\">El actor y cantautor Domingo Lemus se ha presentado en varios festivales organizados por migrantes guatemaltecos en ciudades de Estados Unidos<\/figcaption><\/figure><\/a><\/div><div class=\"swiper-slide\" role=\"group\" aria-roledescription=\"slide\" aria-label=\"5 de 6\"><a data-elementor-open-lightbox=\"yes\" data-elementor-lightbox-slideshow=\"33117da\" data-elementor-lightbox-title=\"Lemus considera que al estar fuera de las fronteras patrias se rompe cualquier barrera entre guatemaltecos: todos nos unimos en una gran hermandad\" data-elementor-lightbox-description=\"Lemus considera que al estar fuera de las fronteras patrias se rompe cualquier barrera entre guatemaltecos: todos nos unimos en una gran hermandad\" data-e-action-hash=\"#elementor-action%3Aaction%3Dlightbox%26settings%3DeyJpZCI6MzU5NCwidXJsIjoiaHR0cHM6XC9cL3NveW1pZ3JhbnRlLmNvbVwvcmV2aXN0YVwvd3AtY29udGVudFwvdXBsb2Fkc1wvMjAyM1wvMTJcL21pbmdvLWUxNzAxNDUyMzk1OTcwLndlYnAiLCJzbGlkZXNob3ciOiIzMzExN2RhIn0%3D\" href=\"https:\/\/soymigrante.com\/revista\/wp-content\/uploads\/2023\/12\/mingo-e1701452395970.webp\"><figure class=\"swiper-slide-inner\"><img decoding=\"async\" class=\"swiper-slide-image\" src=\"https:\/\/soymigrante.com\/revista\/wp-content\/uploads\/2023\/12\/mingo-e1701452395970-768x768.webp\" alt=\"Lemus considera que al estar fuera de las fronteras patrias se rompe cualquier barrera entre guatemaltecos: todos nos unimos en una gran hermandad\" \/><figcaption class=\"elementor-image-carousel-caption\">Lemus considera que al estar fuera de las fronteras patrias se rompe cualquier barrera entre guatemaltecos: todos nos unimos en una gran hermandad<\/figcaption><\/figure><\/a><\/div><div class=\"swiper-slide\" role=\"group\" aria-roledescription=\"slide\" aria-label=\"6 de 6\"><a data-elementor-open-lightbox=\"yes\" data-elementor-lightbox-slideshow=\"33117da\" data-elementor-lightbox-title=\"Las canciones de Domingo Lemus exponen temas de amor, vitalidad y realidades de los migrantes, con tono optimista y esperanzador. (Foto FB)\" data-elementor-lightbox-description=\"Las canciones de Domingo Lemus exponen temas de amor, vitalidad y realidades de los migrantes, con tono optimista y esperanzador. (Foto FB)\" data-e-action-hash=\"#elementor-action%3Aaction%3Dlightbox%26settings%3DeyJpZCI6MzU5MiwidXJsIjoiaHR0cHM6XC9cL3NveW1pZ3JhbnRlLmNvbVwvcmV2aXN0YVwvd3AtY29udGVudFwvdXBsb2Fkc1wvMjAyM1wvMTJcL21pbmdvLTItZTE3MDE0NTIzMTExNDAud2VicCIsInNsaWRlc2hvdyI6IjMzMTE3ZGEifQ%3D%3D\" href=\"https:\/\/soymigrante.com\/revista\/wp-content\/uploads\/2023\/12\/mingo-2-e1701452311140.webp\"><figure class=\"swiper-slide-inner\"><img decoding=\"async\" class=\"swiper-slide-image\" src=\"https:\/\/soymigrante.com\/revista\/wp-content\/uploads\/2023\/12\/mingo-2-768x512.webp\" alt=\"Las canciones de Domingo Lemus exponen temas de amor, vitalidad y realidades de los migrantes, con tono optimista y esperanzador. (Foto FB)\" \/><figcaption class=\"elementor-image-carousel-caption\">Las canciones de Domingo Lemus exponen temas de amor, vitalidad y realidades de los migrantes, con tono optimista y esperanzador. (Foto FB)<\/figcaption><\/figure><\/a><\/div>\t\t\t<\/div>\n\t\t\t\t\t\t\t\t\t\t\t\t<div class=\"elementor-swiper-button elementor-swiper-button-prev\" role=\"button\" tabindex=\"0\">\n\t\t\t\t\t\t<i aria-hidden=\"true\" class=\"eicon-chevron-left\"><\/i>\t\t\t\t\t<\/div>\n\t\t\t\t\t<div class=\"elementor-swiper-button elementor-swiper-button-next\" role=\"button\" tabindex=\"0\">\n\t\t\t\t\t\t<i aria-hidden=\"true\" class=\"eicon-chevron-right\"><\/i>\t\t\t\t\t<\/div>\n\t\t\t\t\n\t\t\t\t\t\t\t\t\t<div class=\"swiper-pagination\"><\/div>\n\t\t\t\t\t\t\t\t\t<\/div>\n\t\t\t\t\t\t<\/div>\n\t\t\t\t\t<\/div>\n\t\t<\/div>\n\t\t\t\t\t<\/div>\n\t\t<\/section>\n\t\t\t\t<section data-particle_enable=\"false\" data-particle-mobile-disabled=\"false\" class=\"elementor-section elementor-top-section elementor-element elementor-element-4d5b0df elementor-section-boxed elementor-section-height-default elementor-section-height-default\" data-id=\"4d5b0df\" data-element_type=\"section\" data-e-type=\"section\">\n\t\t\t\t\t\t<div class=\"elementor-container elementor-column-gap-default\">\n\t\t\t\t\t<div class=\"elementor-column elementor-col-100 elementor-top-column elementor-element elementor-element-95b6ae5\" data-id=\"95b6ae5\" data-element_type=\"column\" data-e-type=\"column\">\n\t\t\t<div class=\"elementor-widget-wrap elementor-element-populated\">\n\t\t\t\t\t\t<div class=\"elementor-element elementor-element-dfa4f6b elementor-widget elementor-widget-heading\" data-id=\"dfa4f6b\" data-element_type=\"widget\" data-e-type=\"widget\" data-widget_type=\"heading.default\">\n\t\t\t\t\t<h2 class=\"elementor-heading-title elementor-size-default\">\u00bfC\u00f3mo es la sensaci\u00f3n de estar ante un p\u00fablico de compatriotas? <\/h2>\t\t\t\t<\/div>\n\t\t\t\t\t<\/div>\n\t\t<\/div>\n\t\t\t\t\t<\/div>\n\t\t<\/section>\n\t\t\t\t<section data-particle_enable=\"false\" data-particle-mobile-disabled=\"false\" class=\"elementor-section elementor-top-section elementor-element elementor-element-b0763f4 elementor-section-boxed elementor-section-height-default elementor-section-height-default\" data-id=\"b0763f4\" data-element_type=\"section\" data-e-type=\"section\">\n\t\t\t\t\t\t<div class=\"elementor-container elementor-column-gap-default\">\n\t\t\t\t\t<div class=\"elementor-column elementor-col-100 elementor-top-column elementor-element elementor-element-d601c2e\" data-id=\"d601c2e\" data-element_type=\"column\" data-e-type=\"column\">\n\t\t\t<div class=\"elementor-widget-wrap elementor-element-populated\">\n\t\t\t\t\t\t<div class=\"elementor-element elementor-element-c862749 elementor-widget elementor-widget-text-editor\" data-id=\"c862749\" data-element_type=\"widget\" data-e-type=\"widget\" data-widget_type=\"text-editor.default\">\n\t\t\t\t\t\t\t\t\t<p><span style=\"color: var( --e-global-color-text );\">\u00a0Eso es s\u00faper especial porque te inyectan de vida. Exaltamos ese imaginario que llevamos en el coraz\u00f3n: compartimos un origen, nuestras tradiciones, nuestras comidas, nuestras tristezas. Cuando est\u00e1s tocando en un escenario y dec\u00eds \u00bfD\u00f3nde est\u00e1n los guatemaltecos? Y se oye ese rugido, es algo fant\u00e1stico: un momento de fraternidad.<\/span><\/p><p>Estando en Guatemala alguien es de Todos Santos o de Santiago Atitl\u00e1n, de la zona 7, la zona 14, la zona 5, pero aqu\u00ed en Estados Unidos ya no importa de d\u00f3nde sos; ac\u00e1 si sos guatemalteco ya sos hermano.\u00a0 Ac\u00e1 todos somos migrantes, tratando de salir adelante, tratando de mejorar nuestras condiciones y eso se nota cuando nos\u00a0 echamos la mano, cuando platicamos.<\/p>\t\t\t\t\t\t\t\t<\/div>\n\t\t\t\t\t<\/div>\n\t\t<\/div>\n\t\t\t\t\t<\/div>\n\t\t<\/section>\n\t\t\t\t<section data-particle_enable=\"false\" data-particle-mobile-disabled=\"false\" class=\"elementor-section elementor-top-section elementor-element elementor-element-c6afb68 elementor-section-boxed elementor-section-height-default elementor-section-height-default\" data-id=\"c6afb68\" data-element_type=\"section\" data-e-type=\"section\">\n\t\t\t\t\t\t<div class=\"elementor-container elementor-column-gap-default\">\n\t\t\t\t\t<div class=\"elementor-column elementor-col-100 elementor-top-column elementor-element elementor-element-a50c2d0\" data-id=\"a50c2d0\" data-element_type=\"column\" data-e-type=\"column\">\n\t\t\t<div class=\"elementor-widget-wrap elementor-element-populated\">\n\t\t\t\t\t\t<div class=\"elementor-element elementor-element-83b7e61 elementor-widget elementor-widget-image\" data-id=\"83b7e61\" data-element_type=\"widget\" data-e-type=\"widget\" data-widget_type=\"image.default\">\n\t\t\t\t\t\t\t\t\t\t\t\t<figure class=\"wp-caption\">\n\t\t\t\t\t\t\t\t\t\t<img decoding=\"async\" width=\"768\" height=\"577\" src=\"https:\/\/soymigrante.com\/revista\/wp-content\/uploads\/2023\/12\/DOMINGO-LEMUS-2-1024x769.webp\" class=\"attachment-large size-large wp-image-3595\" alt=\"\" srcset=\"https:\/\/soymigrante.com\/revista\/wp-content\/uploads\/2023\/12\/DOMINGO-LEMUS-2-1024x769.webp 1024w, https:\/\/soymigrante.com\/revista\/wp-content\/uploads\/2023\/12\/DOMINGO-LEMUS-2-300x225.webp 300w, https:\/\/soymigrante.com\/revista\/wp-content\/uploads\/2023\/12\/DOMINGO-LEMUS-2-768x577.webp 768w, https:\/\/soymigrante.com\/revista\/wp-content\/uploads\/2023\/12\/DOMINGO-LEMUS-2-750x563.webp 750w, https:\/\/soymigrante.com\/revista\/wp-content\/uploads\/2023\/12\/DOMINGO-LEMUS-2-1140x856.webp 1140w, https:\/\/soymigrante.com\/revista\/wp-content\/uploads\/2023\/12\/DOMINGO-LEMUS-2.webp 1440w\" sizes=\"(max-width: 768px) 100vw, 768px\" title=\"El trabajo en cine y televisi\u00f3n tampoco se detiene para Domingo Lemus. Ha participado como parte del equipo t\u00e9cnico de la serie 30 Monedas de HBO, o  de la serie Gigantes de la Comida, de History channel. (Foto FB ) \u2013 SoyMigrante.com REVISTA\" \/>\t\t\t\t\t\t\t\t\t\t\t<figcaption class=\"widget-image-caption wp-caption-text\">El trabajo en cine y televisi\u00f3n tampoco se detiene para Domingo Lemus. Ha participado como parte del equipo t\u00e9cnico de la serie 30 Monedas de HBO, o  de la serie Gigantes de la Comida, de History channel. (Foto FB )<\/figcaption>\n\t\t\t\t\t\t\t\t\t\t<\/figure>\n\t\t\t\t\t\t\t\t\t<\/div>\n\t\t\t\t\t<\/div>\n\t\t<\/div>\n\t\t\t\t\t<\/div>\n\t\t<\/section>\n\t\t\t\t<section data-particle_enable=\"false\" data-particle-mobile-disabled=\"false\" class=\"elementor-section elementor-top-section elementor-element elementor-element-83ddb46 elementor-section-boxed elementor-section-height-default elementor-section-height-default\" data-id=\"83ddb46\" data-element_type=\"section\" data-e-type=\"section\">\n\t\t\t\t\t\t<div class=\"elementor-container elementor-column-gap-default\">\n\t\t\t\t\t<div class=\"elementor-column elementor-col-100 elementor-top-column elementor-element elementor-element-f5fdb52\" data-id=\"f5fdb52\" data-element_type=\"column\" data-e-type=\"column\">\n\t\t\t<div class=\"elementor-widget-wrap elementor-element-populated\">\n\t\t\t\t\t\t<div class=\"elementor-element elementor-element-3a9e504 elementor-widget elementor-widget-heading\" data-id=\"3a9e504\" data-element_type=\"widget\" data-e-type=\"widget\" data-widget_type=\"heading.default\">\n\t\t\t\t\t<h2 class=\"elementor-heading-title elementor-size-default\">\u00bfC\u00f3mo va el trabajo f\u00edlmico?<\/h2>\t\t\t\t<\/div>\n\t\t\t\t\t<\/div>\n\t\t<\/div>\n\t\t\t\t\t<\/div>\n\t\t<\/section>\n\t\t\t\t<section data-particle_enable=\"false\" data-particle-mobile-disabled=\"false\" class=\"elementor-section elementor-top-section elementor-element elementor-element-9b2cd36 elementor-section-boxed elementor-section-height-default elementor-section-height-default\" data-id=\"9b2cd36\" data-element_type=\"section\" data-e-type=\"section\">\n\t\t\t\t\t\t<div class=\"elementor-container elementor-column-gap-default\">\n\t\t\t\t\t<div class=\"elementor-column elementor-col-100 elementor-top-column elementor-element elementor-element-52443fd\" data-id=\"52443fd\" data-element_type=\"column\" data-e-type=\"column\">\n\t\t\t<div class=\"elementor-widget-wrap elementor-element-populated\">\n\t\t\t\t\t\t<div class=\"elementor-element elementor-element-c9f8cec elementor-widget elementor-widget-text-editor\" data-id=\"c9f8cec\" data-element_type=\"widget\" data-e-type=\"widget\" data-widget_type=\"text-editor.default\">\n\t\t\t\t\t\t\t\t\t<p><span style=\"color: var( --e-global-color-text );\">Me est\u00e1 ayudando much\u00edsmo haber venido para subir el nivel. Tuve la oportunidad de trabajar en proyectos grandes, trabaj\u00e9 en la serie de HBO que se llama 30 monedas del director Alex de la Iglesia, que soy muy fan de su trabajo. Trabajar en esta producci\u00f3n me abri\u00f3 mucho el espectro de c\u00f3mo realizar cine.\u00a0<\/span><\/p><p><span style=\"color: var( --e-global-color-text );\">Actualmente estoy trabajando en History Channel, en una producci\u00f3n que se llama The foods that build america (Gigantes de la comida) Y es un master class, porque trabajamos en varios sets al mismo tiempo, con m\u00e1s de 100 actores, escenas de diferentes \u00e9pocas, 1850, 1920, 1960, 1980. Con un alto nivel de producci\u00f3n.\u00a0 Pero el equipo t\u00e9cnico no es tan grande. Hay un nivel de compromiso que te hace darte cuenta de de c\u00f3mo se puede producir trabajos con tanta calidad.<\/span><\/p>\t\t\t\t\t\t\t\t<\/div>\n\t\t\t\t\t<\/div>\n\t\t<\/div>\n\t\t\t\t\t<\/div>\n\t\t<\/section>\n\t\t\t\t<section data-particle_enable=\"false\" data-particle-mobile-disabled=\"false\" class=\"elementor-section elementor-top-section elementor-element elementor-element-fdabdfb elementor-section-boxed elementor-section-height-default elementor-section-height-default\" data-id=\"fdabdfb\" data-element_type=\"section\" data-e-type=\"section\">\n\t\t\t\t\t\t<div class=\"elementor-container elementor-column-gap-default\">\n\t\t\t\t\t<div class=\"elementor-column elementor-col-100 elementor-top-column elementor-element elementor-element-cdcd12c\" data-id=\"cdcd12c\" data-element_type=\"column\" data-e-type=\"column\">\n\t\t\t<div class=\"elementor-widget-wrap elementor-element-populated\">\n\t\t\t\t\t\t<div class=\"elementor-element elementor-element-35f9eac elementor-widget elementor-widget-image\" data-id=\"35f9eac\" data-element_type=\"widget\" data-e-type=\"widget\" data-widget_type=\"image.default\">\n\t\t\t\t\t\t\t\t\t\t\t\t<figure class=\"wp-caption\">\n\t\t\t\t\t\t\t\t\t\t<img decoding=\"async\" width=\"768\" height=\"577\" src=\"https:\/\/soymigrante.com\/revista\/wp-content\/uploads\/2023\/12\/DOMINGO-LEMUS-3-1-1024x769.webp\" class=\"attachment-large size-large wp-image-3596\" alt=\"\" srcset=\"https:\/\/soymigrante.com\/revista\/wp-content\/uploads\/2023\/12\/DOMINGO-LEMUS-3-1-1024x769.webp 1024w, https:\/\/soymigrante.com\/revista\/wp-content\/uploads\/2023\/12\/DOMINGO-LEMUS-3-1-300x225.webp 300w, https:\/\/soymigrante.com\/revista\/wp-content\/uploads\/2023\/12\/DOMINGO-LEMUS-3-1-768x577.webp 768w, https:\/\/soymigrante.com\/revista\/wp-content\/uploads\/2023\/12\/DOMINGO-LEMUS-3-1-750x563.webp 750w, https:\/\/soymigrante.com\/revista\/wp-content\/uploads\/2023\/12\/DOMINGO-LEMUS-3-1-1140x856.webp 1140w, https:\/\/soymigrante.com\/revista\/wp-content\/uploads\/2023\/12\/DOMINGO-LEMUS-3-1.webp 1440w\" sizes=\"(max-width: 768px) 100vw, 768px\" title=\"Escena detr\u00e1s de c\u00e1maras sobre la producci\u00f3n de dramatizaciones para History Channel. (Foto FB) \u2013 SoyMigrante.com REVISTA\" \/>\t\t\t\t\t\t\t\t\t\t\t<figcaption class=\"widget-image-caption wp-caption-text\">Escena detr\u00e1s de c\u00e1maras sobre la producci\u00f3n de dramatizaciones para History Channel. (Foto FB)<\/figcaption>\n\t\t\t\t\t\t\t\t\t\t<\/figure>\n\t\t\t\t\t\t\t\t\t<\/div>\n\t\t\t\t\t<\/div>\n\t\t<\/div>\n\t\t\t\t\t<\/div>\n\t\t<\/section>\n\t\t\t\t<section data-particle_enable=\"false\" data-particle-mobile-disabled=\"false\" class=\"elementor-section elementor-top-section elementor-element elementor-element-a131aea elementor-section-boxed elementor-section-height-default elementor-section-height-default\" data-id=\"a131aea\" data-element_type=\"section\" data-e-type=\"section\">\n\t\t\t\t\t\t<div class=\"elementor-container elementor-column-gap-default\">\n\t\t\t\t\t<div class=\"elementor-column elementor-col-100 elementor-top-column elementor-element elementor-element-cf523a4\" data-id=\"cf523a4\" data-element_type=\"column\" data-e-type=\"column\">\n\t\t\t<div class=\"elementor-widget-wrap elementor-element-populated\">\n\t\t\t\t\t\t<div class=\"elementor-element elementor-element-68ca0cc elementor-widget elementor-widget-heading\" data-id=\"68ca0cc\" data-element_type=\"widget\" data-e-type=\"widget\" data-widget_type=\"heading.default\">\n\t\t\t\t\t<h2 class=\"elementor-heading-title elementor-size-default\">Finalmente... \u00bfqu\u00e9 ha significado el personaje Joel, de la pel\u00edcula Puro Mula en tu carrera?<\/h2>\t\t\t\t<\/div>\n\t\t\t\t\t<\/div>\n\t\t<\/div>\n\t\t\t\t\t<\/div>\n\t\t<\/section>\n\t\t\t\t<section data-particle_enable=\"false\" data-particle-mobile-disabled=\"false\" class=\"elementor-section elementor-top-section elementor-element elementor-element-4d1c0ca elementor-section-boxed elementor-section-height-default elementor-section-height-default\" data-id=\"4d1c0ca\" data-element_type=\"section\" data-e-type=\"section\">\n\t\t\t\t\t\t<div class=\"elementor-container elementor-column-gap-default\">\n\t\t\t\t\t<div class=\"elementor-column elementor-col-100 elementor-top-column elementor-element elementor-element-f0322ef\" data-id=\"f0322ef\" data-element_type=\"column\" data-e-type=\"column\">\n\t\t\t<div class=\"elementor-widget-wrap elementor-element-populated\">\n\t\t\t\t\t\t<div class=\"elementor-element elementor-element-7ddc1b8 elementor-widget elementor-widget-text-editor\" data-id=\"7ddc1b8\" data-element_type=\"widget\" data-e-type=\"widget\" data-widget_type=\"text-editor.default\">\n\t\t\t\t\t\t\t\t\t<p><span style=\"color: var( --e-global-color-text );\">Joel ha sido como una vida paralela. Se volvi\u00f3 un \u00edcono fuerte dentro de la cultura guatemalteca. Ha cobrado vida propia, se sali\u00f3 de la pel\u00edcula, se ha vuelto un meme, un antih\u00e9roe. Creo que la pel\u00edcula Puro Mula de alguna manera logr\u00f3 sintetizar tantos c\u00f3digos de nuestra cultura. Joel es una persona que existe y hay muchos como \u00e9l. Joel, es una persona que existe en la en la sociedad, o sea,\u00a0 conocemos a muchos como Joel.\u00a0<\/span><\/p><p><b>\u00bfNo te ha pesado mucho ese personaje, que no te digan domingo sino Joel?<\/b><\/p><p>O que me digan Puro Mula dec\u00eds vos. (risas). Yo pas\u00e9 mucho tiempo tratando de distanciarme del personaje, porque tengo muchas otras caracter\u00edsticas, como mi faceta musical o mis proyectos de cine. O hay gente que se decepciona al ver que yo no soy como Joel. Pero s\u00ed es un personaje valioso que me dio mucho.<\/p>\t\t\t\t\t\t\t\t<\/div>\n\t\t\t\t\t<\/div>\n\t\t<\/div>\n\t\t\t\t\t<\/div>\n\t\t<\/section>\n\t\t\t\t<section data-particle_enable=\"false\" data-particle-mobile-disabled=\"false\" class=\"elementor-section elementor-top-section elementor-element elementor-element-abe3a82 elementor-section-boxed elementor-section-height-default elementor-section-height-default\" data-id=\"abe3a82\" data-element_type=\"section\" data-e-type=\"section\">\n\t\t\t\t\t\t<div class=\"elementor-container elementor-column-gap-default\">\n\t\t\t\t\t<div class=\"elementor-column elementor-col-100 elementor-top-column elementor-element elementor-element-e0c2bdc\" data-id=\"e0c2bdc\" data-element_type=\"column\" data-e-type=\"column\">\n\t\t\t<div class=\"elementor-widget-wrap elementor-element-populated\">\n\t\t\t\t\t\t<div class=\"elementor-element elementor-element-527d595 elementor-widget elementor-widget-image\" data-id=\"527d595\" data-element_type=\"widget\" data-e-type=\"widget\" data-widget_type=\"image.default\">\n\t\t\t\t\t\t\t\t\t\t\t\t<figure class=\"wp-caption\">\n\t\t\t\t\t\t\t\t\t\t<img loading=\"lazy\" decoding=\"async\" width=\"768\" height=\"768\" src=\"https:\/\/soymigrante.com\/revista\/wp-content\/uploads\/2023\/12\/domingo-lemus-3-1024x1024.webp\" class=\"attachment-large size-large wp-image-3588\" alt=\"\" srcset=\"https:\/\/soymigrante.com\/revista\/wp-content\/uploads\/2023\/12\/domingo-lemus-3-1024x1024.webp 1024w, https:\/\/soymigrante.com\/revista\/wp-content\/uploads\/2023\/12\/domingo-lemus-3-300x300.webp 300w, https:\/\/soymigrante.com\/revista\/wp-content\/uploads\/2023\/12\/domingo-lemus-3-150x150.webp 150w, https:\/\/soymigrante.com\/revista\/wp-content\/uploads\/2023\/12\/domingo-lemus-3-768x768.webp 768w, https:\/\/soymigrante.com\/revista\/wp-content\/uploads\/2023\/12\/domingo-lemus-3-75x75.jpg 75w, https:\/\/soymigrante.com\/revista\/wp-content\/uploads\/2023\/12\/domingo-lemus-3-750x750.jpg 750w, https:\/\/soymigrante.com\/revista\/wp-content\/uploads\/2023\/12\/domingo-lemus-3-1140x1140.jpg 1140w, https:\/\/soymigrante.com\/revista\/wp-content\/uploads\/2023\/12\/domingo-lemus-3-600x600.jpg 600w, https:\/\/soymigrante.com\/revista\/wp-content\/uploads\/2023\/12\/domingo-lemus-3.webp 1440w\" sizes=\"(max-width: 768px) 100vw, 768px\" title=\"Domingo Lemus reconoce el aporte del personaje Joel en su carrera: ha caminado y avanzado much\u00edsimo desde entonces. Pero agradece que la gente, dentro y fuera de Guatemala lo haya convertido  pr\u00e1cticamente en un \u00edcono. \u2013 SoyMigrante.com REVISTA\" \/>\t\t\t\t\t\t\t\t\t\t\t<figcaption class=\"widget-image-caption wp-caption-text\">Domingo Lemus reconoce el aporte del personaje Joel en su carrera: ha caminado y avanzado much\u00edsimo desde entonces. Pero agradece que la gente, dentro y fuera de Guatemala lo haya convertido  pr\u00e1cticamente en un \u00edcono. <\/figcaption>\n\t\t\t\t\t\t\t\t\t\t<\/figure>\n\t\t\t\t\t\t\t\t\t<\/div>\n\t\t\t\t\t<\/div>\n\t\t<\/div>\n\t\t\t\t\t<\/div>\n\t\t<\/section>\n\t\t\t\t<section data-particle_enable=\"false\" data-particle-mobile-disabled=\"false\" class=\"elementor-section elementor-top-section elementor-element elementor-element-017d669 elementor-section-boxed elementor-section-height-default elementor-section-height-default\" data-id=\"017d669\" data-element_type=\"section\" data-e-type=\"section\">\n\t\t\t\t\t\t<div class=\"elementor-container elementor-column-gap-default\">\n\t\t\t\t\t<div class=\"elementor-column elementor-col-100 elementor-top-column elementor-element elementor-element-14fc2c8\" data-id=\"14fc2c8\" data-element_type=\"column\" data-e-type=\"column\">\n\t\t\t<div class=\"elementor-widget-wrap elementor-element-populated\">\n\t\t\t\t\t\t<div class=\"elementor-element elementor-element-7725c2e elementor-widget-divider--view-line elementor-widget elementor-widget-divider\" data-id=\"7725c2e\" data-element_type=\"widget\" data-e-type=\"widget\" data-widget_type=\"divider.default\">\n\t\t\t\t\t\t\t<div class=\"elementor-divider\">\n\t\t\t<span class=\"elementor-divider-separator\">\n\t\t\t\t\t\t<\/span>\n\t\t<\/div>\n\t\t\t\t\t\t<\/div>\n\t\t\t\t\t<\/div>\n\t\t<\/div>\n\t\t\t\t\t<\/div>\n\t\t<\/section>\n\t\t\t\t<section data-particle_enable=\"false\" data-particle-mobile-disabled=\"false\" class=\"elementor-section elementor-top-section elementor-element elementor-element-fd21f83 elementor-section-boxed elementor-section-height-default elementor-section-height-default\" data-id=\"fd21f83\" data-element_type=\"section\" data-e-type=\"section\">\n\t\t\t\t\t\t<div class=\"elementor-container elementor-column-gap-default\">\n\t\t\t\t\t<div class=\"elementor-column elementor-col-100 elementor-top-column elementor-element elementor-element-695a60d\" data-id=\"695a60d\" data-element_type=\"column\" data-e-type=\"column\">\n\t\t\t<div class=\"elementor-widget-wrap elementor-element-populated\">\n\t\t\t\t\t\t<div class=\"elementor-element elementor-element-6be62fb elementor-widget elementor-widget-heading\" data-id=\"6be62fb\" data-element_type=\"widget\" data-e-type=\"widget\" data-widget_type=\"heading.default\">\n\t\t\t\t\t<h2 class=\"elementor-heading-title elementor-size-default\">M\u00e1s historias de pura inspiraci\u00f3n y pura perseverancia de puros guatemaltecos  <\/h2>\t\t\t\t<\/div>\n\t\t\t\t\t<\/div>\n\t\t<\/div>\n\t\t\t\t\t<\/div>\n\t\t<\/section>\n\t\t\t\t<section data-particle_enable=\"false\" data-particle-mobile-disabled=\"false\" class=\"elementor-section elementor-top-section elementor-element elementor-element-5a4bbaa elementor-section-boxed elementor-section-height-default elementor-section-height-default\" data-id=\"5a4bbaa\" data-element_type=\"section\" data-e-type=\"section\">\n\t\t\t\t\t\t<div class=\"elementor-container elementor-column-gap-default\">\n\t\t\t\t\t<div class=\"elementor-column elementor-col-100 elementor-top-column elementor-element elementor-element-bc9b912\" data-id=\"bc9b912\" data-element_type=\"column\" data-e-type=\"column\">\n\t\t\t<div class=\"elementor-widget-wrap elementor-element-populated\">\n\t\t\t\t\t\t<div class=\"elementor-element elementor-element-a09775f elementor-widget elementor-widget-blfe-post-grid\" data-id=\"a09775f\" data-element_type=\"widget\" data-e-type=\"widget\" data-settings=\"{&quot;hero1_slides_to_show&quot;:2,&quot;hero1_autoplay_speed&quot;:2000,&quot;hero1_navigation&quot;:&quot;both&quot;,&quot;columns&quot;:&quot;3&quot;,&quot;columns_tablet&quot;:&quot;6&quot;,&quot;columns_mobile&quot;:&quot;12&quot;,&quot;hero1_slides_to_show_tablet&quot;:2,&quot;hero1_slides_to_show_mobile&quot;:1,&quot;hero1_autoplay&quot;:&quot;yes&quot;,&quot;hero1_pause_on_hover&quot;:&quot;no&quot;,&quot;hero1_loop&quot;:&quot;yes&quot;,&quot;hero1_animation_speed&quot;:200,&quot;hero1_carousel_arrow_size&quot;:{&quot;unit&quot;:&quot;px&quot;,&quot;size&quot;:&quot;&quot;,&quot;sizes&quot;:[]},&quot;hero1_carousel_arrow_size_tablet&quot;:{&quot;unit&quot;:&quot;px&quot;,&quot;size&quot;:&quot;&quot;,&quot;sizes&quot;:[]},&quot;hero1_carousel_arrow_size_mobile&quot;:{&quot;unit&quot;:&quot;px&quot;,&quot;size&quot;:&quot;&quot;,&quot;sizes&quot;:[]},&quot;hero1_carousel_arrow_height&quot;:{&quot;unit&quot;:&quot;px&quot;,&quot;size&quot;:&quot;&quot;,&quot;sizes&quot;:[]},&quot;hero1_carousel_arrow_height_tablet&quot;:{&quot;unit&quot;:&quot;px&quot;,&quot;size&quot;:&quot;&quot;,&quot;sizes&quot;:[]},&quot;hero1_carousel_arrow_height_mobile&quot;:{&quot;unit&quot;:&quot;px&quot;,&quot;size&quot;:&quot;&quot;,&quot;sizes&quot;:[]},&quot;hero1_carousel_arrow_width&quot;:{&quot;unit&quot;:&quot;px&quot;,&quot;size&quot;:&quot;&quot;,&quot;sizes&quot;:[]},&quot;hero1_carousel_arrow_width_tablet&quot;:{&quot;unit&quot;:&quot;px&quot;,&quot;size&quot;:&quot;&quot;,&quot;sizes&quot;:[]},&quot;hero1_carousel_arrow_width_mobile&quot;:{&quot;unit&quot;:&quot;px&quot;,&quot;size&quot;:&quot;&quot;,&quot;sizes&quot;:[]},&quot;hero1_carousel_dots_size&quot;:{&quot;unit&quot;:&quot;px&quot;,&quot;size&quot;:&quot;&quot;,&quot;sizes&quot;:[]},&quot;hero1_carousel_dots_size_tablet&quot;:{&quot;unit&quot;:&quot;px&quot;,&quot;size&quot;:&quot;&quot;,&quot;sizes&quot;:[]},&quot;hero1_carousel_dots_size_mobile&quot;:{&quot;unit&quot;:&quot;px&quot;,&quot;size&quot;:&quot;&quot;,&quot;sizes&quot;:[]}}\" data-widget_type=\"blfe-post-grid.hero1\">\n\t\t\t\t<div class=\"elementor-widget-container\">\n\t\t\t\t\t\n            \n                <div data-skin=\"hero1\" class=\"blfe-row blfe-posts-inner blfe-hero1      blfe-carousel  \">\n                            <div class=\"blfe-post-grid-item\">\n            <div class=\"blfe-post-grid-item-inner blfe-modern-zoom\">\n                        <div class=\"blfe-post-grid-bg-image\">\n            <a class=\"blfe-post-grid-image-inner\" href=\"https:\/\/soymigrante.com\/revista\/santos-poroj-escritor-migrante-de-san-andres-xecul-publica-su-segundo-libro-en-california-y-con-dos-portadas\/\" title=\"Santos Poroj, escritor migrante de San Andr\u00e9s Xecul, publica su segundo libro en California (y con dos portadas)\" rel=\"nofollow\" target=\"_blank\"><img decoding=\"async\" src=\"https:\/\/soymigrante.com\/revista\/wp-content\/uploads\/2026\/04\/migrante-guatemalteco-santos-poroj-en-san-rafael-california-originario-de-san-andres-xecul.png\" alt=\"Santos Poroj, escritor migrante de San Andr\u00e9s Xecul, publica su segundo libro en California (y con dos portadas)\"\/><\/a>        <\/div>\n                        <div class=\"blfe-post-grid-details\">\n                    <div class=\"blfe-post-grid-details-inner\">\n                        <span class=\"blfe-post-category\"><a href=\"https:\/\/soymigrante.com\/revista\/category\/exitos\/\">\u00c9xitos<\/a><\/span>                        <h3 class=\"blfe-post-grid-title\">\n            <a href=\"https:\/\/soymigrante.com\/revista\/santos-poroj-escritor-migrante-de-san-andres-xecul-publica-su-segundo-libro-en-california-y-con-dos-portadas\/\" title=\"Santos Poroj, escritor migrante de San Andr\u00e9s Xecul, publica su segundo libro en California (y con dos portadas)\" rel=\"nofollow\" target=\"_blank\">Santos Poroj, escritor migrante de San Andr\u00e9s Xecul, publica su segundo libro en California (y con dos portadas)<\/a>\n            <\/h3>                                                            <div class=\"blfe-post-grid-meta\">\n                <span class=\"blfe-post-grid-time\"><i class=\"fas fa-book-reader\"><\/i>7 Min read<\/span>            <\/div>\n                                            <a class=\"blfe-post-read-more\" href=\"https:\/\/soymigrante.com\/revista\/santos-poroj-escritor-migrante-de-san-andres-xecul-publica-su-segundo-libro-en-california-y-con-dos-portadas\/\" >\n            <span class=\"blfe-read-more-btn-wrapper\">\n\n             <span class=\"blfe-read-more-btn-text\">Amigo, amiga, an\u00edmate y lee<\/span>\n\n                                    <span class=\"blfe-read-more-btn-icon blfe-read-more-btn-align-icon-right\">\n                <i aria-hidden=\"true\" class=\"fas fa-long-arrow-alt-right\"><\/i>                    <\/span>\n                \n            <\/span>\n        <\/a>\n                            <\/div>\n                <\/div>\n\n            <\/div>\n        <\/div>\n                <div class=\"blfe-post-grid-item\">\n            <div class=\"blfe-post-grid-item-inner blfe-modern-zoom\">\n                        <div class=\"blfe-post-grid-bg-image\">\n            <a class=\"blfe-post-grid-image-inner\" href=\"https:\/\/soymigrante.com\/revista\/migrantes-guatemaltecos-en-estados-unidos-libros-historias-dia-del-libro\/\" title=\"D\u00eda del Libro &#8211; Creatividad de escritores migrantes guatemaltecos vuela sin fronteras\" rel=\"nofollow\" target=\"_blank\"><img decoding=\"async\" src=\"https:\/\/soymigrante.com\/revista\/wp-content\/uploads\/2026\/04\/dia-del-libro-guatemala-libros-de-migrantes-guatemaltecos.png\" alt=\"D\u00eda del Libro &#8211; Creatividad de escritores migrantes guatemaltecos vuela sin fronteras\"\/><\/a>        <\/div>\n                        <div class=\"blfe-post-grid-details\">\n                    <div class=\"blfe-post-grid-details-inner\">\n                        <span class=\"blfe-post-category\"><a href=\"https:\/\/soymigrante.com\/revista\/category\/exitos\/guatemala\/\">Guatemala<\/a><\/span>                        <h3 class=\"blfe-post-grid-title\">\n            <a href=\"https:\/\/soymigrante.com\/revista\/migrantes-guatemaltecos-en-estados-unidos-libros-historias-dia-del-libro\/\" title=\"D\u00eda del Libro &#8211; Creatividad de escritores migrantes guatemaltecos vuela sin fronteras\" rel=\"nofollow\" target=\"_blank\">D\u00eda del Libro &#8211; Creatividad de escritores migrantes guatemaltecos vuela sin fronteras<\/a>\n            <\/h3>                                                            <div class=\"blfe-post-grid-meta\">\n                <span class=\"blfe-post-grid-time\"><i class=\"fas fa-book-reader\"><\/i>5 Min read<\/span>            <\/div>\n                                            <a class=\"blfe-post-read-more\" href=\"https:\/\/soymigrante.com\/revista\/migrantes-guatemaltecos-en-estados-unidos-libros-historias-dia-del-libro\/\" >\n            <span class=\"blfe-read-more-btn-wrapper\">\n\n             <span class=\"blfe-read-more-btn-text\">Amigo, amiga, an\u00edmate y lee<\/span>\n\n                                    <span class=\"blfe-read-more-btn-icon blfe-read-more-btn-align-icon-right\">\n                <i aria-hidden=\"true\" class=\"fas fa-long-arrow-alt-right\"><\/i>                    <\/span>\n                \n            <\/span>\n        <\/a>\n                            <\/div>\n                <\/div>\n\n            <\/div>\n        <\/div>\n                <div class=\"blfe-post-grid-item\">\n            <div class=\"blfe-post-grid-item-inner blfe-modern-zoom\">\n                        <div class=\"blfe-post-grid-bg-image\">\n            <a class=\"blfe-post-grid-image-inner\" href=\"https:\/\/soymigrante.com\/revista\/luis-von-ahn-national-geographic-33-guatemalteco-duolingo\/\" title=\"\u00bfC\u00f3mo lleg\u00f3 el  guatemalteco Luis von Ahn a la lista Global 33 de L\u00edderes Innovadores de National Geographic?\" rel=\"nofollow\" target=\"_blank\"><img decoding=\"async\" src=\"https:\/\/soymigrante.com\/revista\/wp-content\/uploads\/2026\/04\/Luis-von-Ahn-33-changemakers-National-Geographic-guatemalteco-migrante-lista.png\" alt=\"\u00bfC\u00f3mo lleg\u00f3 el  guatemalteco Luis von Ahn a la lista Global 33 de L\u00edderes Innovadores de National Geographic?\"\/><\/a>        <\/div>\n                        <div class=\"blfe-post-grid-details\">\n                    <div class=\"blfe-post-grid-details-inner\">\n                        <span class=\"blfe-post-category\"><a href=\"https:\/\/soymigrante.com\/revista\/category\/exitos\/\">\u00c9xitos<\/a><\/span>                        <h3 class=\"blfe-post-grid-title\">\n            <a href=\"https:\/\/soymigrante.com\/revista\/luis-von-ahn-national-geographic-33-guatemalteco-duolingo\/\" title=\"\u00bfC\u00f3mo lleg\u00f3 el  guatemalteco Luis von Ahn a la lista Global 33 de L\u00edderes Innovadores de National Geographic?\" rel=\"nofollow\" target=\"_blank\">\u00bfC\u00f3mo lleg\u00f3 el  guatemalteco Luis von Ahn a la lista Global 33 de L\u00edderes Innovadores de National Geographic?<\/a>\n            <\/h3>                                                            <div class=\"blfe-post-grid-meta\">\n                <span class=\"blfe-post-grid-time\"><i class=\"fas fa-book-reader\"><\/i>5 Min read<\/span>            <\/div>\n                                            <a class=\"blfe-post-read-more\" href=\"https:\/\/soymigrante.com\/revista\/luis-von-ahn-national-geographic-33-guatemalteco-duolingo\/\" >\n            <span class=\"blfe-read-more-btn-wrapper\">\n\n             <span class=\"blfe-read-more-btn-text\">Amigo, amiga, an\u00edmate y lee<\/span>\n\n                                    <span class=\"blfe-read-more-btn-icon blfe-read-more-btn-align-icon-right\">\n                <i aria-hidden=\"true\" class=\"fas fa-long-arrow-alt-right\"><\/i>                    <\/span>\n                \n            <\/span>\n        <\/a>\n                            <\/div>\n                <\/div>\n\n            <\/div>\n        <\/div>\n                <div class=\"blfe-post-grid-item\">\n            <div class=\"blfe-post-grid-item-inner blfe-modern-zoom\">\n                        <div class=\"blfe-post-grid-bg-image\">\n            <a class=\"blfe-post-grid-image-inner\" href=\"https:\/\/soymigrante.com\/revista\/migrante-salvadorena-claudia-meneses-empresaria-las-vegas-salvadorenos-en-estados-unidos\/\" title=\"La migrante salvadore\u00f1a Claudia Meneses convirti\u00f3 la limpieza de casas en apuesta ganadora en Las Vegas\" rel=\"nofollow\" target=\"_blank\"><img decoding=\"async\" src=\"https:\/\/soymigrante.com\/revista\/wp-content\/uploads\/2026\/04\/claudia-meneses-migrante-salvadorena-empresaria-las-vegas-limpieza.png\" alt=\"La migrante salvadore\u00f1a Claudia Meneses convirti\u00f3 la limpieza de casas en apuesta ganadora en Las Vegas\"\/><\/a>        <\/div>\n                        <div class=\"blfe-post-grid-details\">\n                    <div class=\"blfe-post-grid-details-inner\">\n                        <span class=\"blfe-post-category\"><a href=\"https:\/\/soymigrante.com\/revista\/category\/exitos\/el-salvador\/\">El Salvador<\/a><\/span>                        <h3 class=\"blfe-post-grid-title\">\n            <a href=\"https:\/\/soymigrante.com\/revista\/migrante-salvadorena-claudia-meneses-empresaria-las-vegas-salvadorenos-en-estados-unidos\/\" title=\"La migrante salvadore\u00f1a Claudia Meneses convirti\u00f3 la limpieza de casas en apuesta ganadora en Las Vegas\" rel=\"nofollow\" target=\"_blank\">La migrante salvadore\u00f1a Claudia Meneses convirti\u00f3 la limpieza de casas en apuesta ganadora en Las Vegas<\/a>\n            <\/h3>                                                            <div class=\"blfe-post-grid-meta\">\n                <span class=\"blfe-post-grid-time\"><i class=\"fas fa-book-reader\"><\/i>4 Min read<\/span>            <\/div>\n                                            <a class=\"blfe-post-read-more\" href=\"https:\/\/soymigrante.com\/revista\/migrante-salvadorena-claudia-meneses-empresaria-las-vegas-salvadorenos-en-estados-unidos\/\" >\n            <span class=\"blfe-read-more-btn-wrapper\">\n\n             <span class=\"blfe-read-more-btn-text\">Amigo, amiga, an\u00edmate y lee<\/span>\n\n                                    <span class=\"blfe-read-more-btn-icon blfe-read-more-btn-align-icon-right\">\n                <i aria-hidden=\"true\" class=\"fas fa-long-arrow-alt-right\"><\/i>                    <\/span>\n                \n            <\/span>\n        <\/a>\n                            <\/div>\n                <\/div>\n\n            <\/div>\n        <\/div>\n                <div class=\"blfe-post-grid-item\">\n            <div class=\"blfe-post-grid-item-inner blfe-modern-zoom\">\n                        <div class=\"blfe-post-grid-bg-image\">\n            <a class=\"blfe-post-grid-image-inner\" href=\"https:\/\/soymigrante.com\/revista\/pastor-y-cantautor-migrante-guatemalteco-danny-martinez-proyecta-los-colores-de-la-fe-desde-chicago\/\" title=\"Pastor y cantautor migrante guatemalteco Danny Mart\u00ednez proyecta los colores de la fe desde Chicago\" rel=\"nofollow\" target=\"_blank\"><img decoding=\"async\" src=\"https:\/\/soymigrante.com\/revista\/wp-content\/uploads\/2026\/04\/Guatemaltecos-en-Estados-Unidos-pastor-migrante-guatemalteco-Danny-Martinez-Chicago-1.png\" alt=\"Pastor y cantautor migrante guatemalteco Danny Mart\u00ednez proyecta los colores de la fe desde Chicago\"\/><\/a>        <\/div>\n                        <div class=\"blfe-post-grid-details\">\n                    <div class=\"blfe-post-grid-details-inner\">\n                        <span class=\"blfe-post-category\"><a href=\"https:\/\/soymigrante.com\/revista\/category\/exitos\/\">\u00c9xitos<\/a><\/span>                        <h3 class=\"blfe-post-grid-title\">\n            <a href=\"https:\/\/soymigrante.com\/revista\/pastor-y-cantautor-migrante-guatemalteco-danny-martinez-proyecta-los-colores-de-la-fe-desde-chicago\/\" title=\"Pastor y cantautor migrante guatemalteco Danny Mart\u00ednez proyecta los colores de la fe desde Chicago\" rel=\"nofollow\" target=\"_blank\">Pastor y cantautor migrante guatemalteco Danny Mart\u00ednez proyecta los colores de la fe desde Chicago<\/a>\n            <\/h3>                                                            <div class=\"blfe-post-grid-meta\">\n                <span class=\"blfe-post-grid-time\"><i class=\"fas fa-book-reader\"><\/i>7 Min read<\/span>            <\/div>\n                                            <a class=\"blfe-post-read-more\" href=\"https:\/\/soymigrante.com\/revista\/pastor-y-cantautor-migrante-guatemalteco-danny-martinez-proyecta-los-colores-de-la-fe-desde-chicago\/\" >\n            <span class=\"blfe-read-more-btn-wrapper\">\n\n             <span class=\"blfe-read-more-btn-text\">Amigo, amiga, an\u00edmate y lee<\/span>\n\n                                    <span class=\"blfe-read-more-btn-icon blfe-read-more-btn-align-icon-right\">\n                <i aria-hidden=\"true\" class=\"fas fa-long-arrow-alt-right\"><\/i>                    <\/span>\n                \n            <\/span>\n        <\/a>\n                            <\/div>\n                <\/div>\n\n            <\/div>\n        <\/div>\n                <div class=\"blfe-post-grid-item\">\n            <div class=\"blfe-post-grid-item-inner blfe-modern-zoom\">\n                        <div class=\"blfe-post-grid-bg-image\">\n            <a class=\"blfe-post-grid-image-inner\" href=\"https:\/\/soymigrante.com\/revista\/katherine-narvaez-medica-guatemalteca-impulsa-desde-usa-proyecto-de-educacion-y-salud-en-sibinal-san-marcos\/\" title=\"Katherine Narv\u00e1ez, m\u00e9dica guatemalteca, impulsa desde USA proyecto de educaci\u00f3n  y salud en Sibinal, San Marcos\" rel=\"nofollow\" target=\"_blank\"><img decoding=\"async\" src=\"https:\/\/soymigrante.com\/revista\/wp-content\/uploads\/2026\/04\/katherin-narvaez-medica-guatemalteca-en-estados-unidos-impulsa-salud-en-san-marcos.png\" alt=\"Katherine Narv\u00e1ez, m\u00e9dica guatemalteca, impulsa desde USA proyecto de educaci\u00f3n  y salud en Sibinal, San Marcos\"\/><\/a>        <\/div>\n                        <div class=\"blfe-post-grid-details\">\n                    <div class=\"blfe-post-grid-details-inner\">\n                        <span class=\"blfe-post-category\"><a href=\"https:\/\/soymigrante.com\/revista\/category\/exitos\/\">\u00c9xitos<\/a><\/span>                        <h3 class=\"blfe-post-grid-title\">\n            <a href=\"https:\/\/soymigrante.com\/revista\/katherine-narvaez-medica-guatemalteca-impulsa-desde-usa-proyecto-de-educacion-y-salud-en-sibinal-san-marcos\/\" title=\"Katherine Narv\u00e1ez, m\u00e9dica guatemalteca, impulsa desde USA proyecto de educaci\u00f3n  y salud en Sibinal, San Marcos\" rel=\"nofollow\" target=\"_blank\">Katherine Narv\u00e1ez, m\u00e9dica guatemalteca, impulsa desde USA proyecto de educaci\u00f3n  y salud en Sibinal, San Marcos<\/a>\n            <\/h3>                                                            <div class=\"blfe-post-grid-meta\">\n                <span class=\"blfe-post-grid-time\"><i class=\"fas fa-book-reader\"><\/i>8 Min read<\/span>            <\/div>\n                                            <a class=\"blfe-post-read-more\" href=\"https:\/\/soymigrante.com\/revista\/katherine-narvaez-medica-guatemalteca-impulsa-desde-usa-proyecto-de-educacion-y-salud-en-sibinal-san-marcos\/\" >\n            <span class=\"blfe-read-more-btn-wrapper\">\n\n             <span class=\"blfe-read-more-btn-text\">Amigo, amiga, an\u00edmate y lee<\/span>\n\n                                    <span class=\"blfe-read-more-btn-icon blfe-read-more-btn-align-icon-right\">\n                <i aria-hidden=\"true\" class=\"fas fa-long-arrow-alt-right\"><\/i>                    <\/span>\n                \n            <\/span>\n        <\/a>\n                            <\/div>\n                <\/div>\n\n            <\/div>\n        <\/div>\n                <div class=\"blfe-post-grid-item\">\n            <div class=\"blfe-post-grid-item-inner blfe-modern-zoom\">\n                        <div class=\"blfe-post-grid-bg-image\">\n            <a class=\"blfe-post-grid-image-inner\" href=\"https:\/\/soymigrante.com\/revista\/el-mar-es-parte-de-nosotros-ninoshka-lopez-xalin-biologa-marina-guatemalteca-en-smithsonian-institution\/\" title=\"&#8220;El mar es parte de nosotros&#8221;: Ninoshka L\u00f3pez Xal\u00edn, bi\u00f3loga marina guatemalteca en Smithsonian Institution\" rel=\"nofollow\" target=\"_blank\"><img decoding=\"async\" src=\"https:\/\/soymigrante.com\/revista\/wp-content\/uploads\/2026\/04\/ninoshka-lopez-xali-smithsonian-institute-washington.png\" alt=\"&#8220;El mar es parte de nosotros&#8221;: Ninoshka L\u00f3pez Xal\u00edn, bi\u00f3loga marina guatemalteca en Smithsonian Institution\"\/><\/a>        <\/div>\n                        <div class=\"blfe-post-grid-details\">\n                    <div class=\"blfe-post-grid-details-inner\">\n                        <span class=\"blfe-post-category\"><a href=\"https:\/\/soymigrante.com\/revista\/category\/exitos\/\">\u00c9xitos<\/a><\/span>                        <h3 class=\"blfe-post-grid-title\">\n            <a href=\"https:\/\/soymigrante.com\/revista\/el-mar-es-parte-de-nosotros-ninoshka-lopez-xalin-biologa-marina-guatemalteca-en-smithsonian-institution\/\" title=\"&#8220;El mar es parte de nosotros&#8221;: Ninoshka L\u00f3pez Xal\u00edn, bi\u00f3loga marina guatemalteca en Smithsonian Institution\" rel=\"nofollow\" target=\"_blank\">&#8220;El mar es parte de nosotros&#8221;: Ninoshka L\u00f3pez Xal\u00edn, bi\u00f3loga marina guatemalteca en Smithsonian Institution<\/a>\n            <\/h3>                                                            <div class=\"blfe-post-grid-meta\">\n                <span class=\"blfe-post-grid-time\"><i class=\"fas fa-book-reader\"><\/i>6 Min read<\/span>            <\/div>\n                                            <a class=\"blfe-post-read-more\" href=\"https:\/\/soymigrante.com\/revista\/el-mar-es-parte-de-nosotros-ninoshka-lopez-xalin-biologa-marina-guatemalteca-en-smithsonian-institution\/\" >\n            <span class=\"blfe-read-more-btn-wrapper\">\n\n             <span class=\"blfe-read-more-btn-text\">Amigo, amiga, an\u00edmate y lee<\/span>\n\n                                    <span class=\"blfe-read-more-btn-icon blfe-read-more-btn-align-icon-right\">\n                <i aria-hidden=\"true\" class=\"fas fa-long-arrow-alt-right\"><\/i>                    <\/span>\n                \n            <\/span>\n        <\/a>\n                            <\/div>\n                <\/div>\n\n            <\/div>\n        <\/div>\n                <div class=\"blfe-post-grid-item\">\n            <div class=\"blfe-post-grid-item-inner blfe-modern-zoom\">\n                        <div class=\"blfe-post-grid-bg-image\">\n            <a class=\"blfe-post-grid-image-inner\" href=\"https:\/\/soymigrante.com\/revista\/sabor-nicaraguense-sin-fronteras-el-chef-y-emprendedor-migrante-armando-tam\/\" title=\"Sabor nicarag\u00fcense sin fronteras: el chef y emprendedor migrante Armando Tam\" rel=\"nofollow\" target=\"_blank\"><img decoding=\"async\" src=\"https:\/\/soymigrante.com\/revista\/wp-content\/uploads\/2026\/04\/chef-migrante-armando-tan-de-nicaragua-en-san-francisco.jpg\" alt=\"Sabor nicarag\u00fcense sin fronteras: el chef y emprendedor migrante Armando Tam\"\/><\/a>        <\/div>\n                        <div class=\"blfe-post-grid-details\">\n                    <div class=\"blfe-post-grid-details-inner\">\n                        <span class=\"blfe-post-category\"><a href=\"https:\/\/soymigrante.com\/revista\/category\/exitos\/nicaragua\/\">Nicaragua<\/a><\/span>                        <h3 class=\"blfe-post-grid-title\">\n            <a href=\"https:\/\/soymigrante.com\/revista\/sabor-nicaraguense-sin-fronteras-el-chef-y-emprendedor-migrante-armando-tam\/\" title=\"Sabor nicarag\u00fcense sin fronteras: el chef y emprendedor migrante Armando Tam\" rel=\"nofollow\" target=\"_blank\">Sabor nicarag\u00fcense sin fronteras: el chef y emprendedor migrante Armando Tam<\/a>\n            <\/h3>                                                            <div class=\"blfe-post-grid-meta\">\n                <span class=\"blfe-post-grid-time\"><i class=\"fas fa-book-reader\"><\/i>4 Min read<\/span>            <\/div>\n                                            <a class=\"blfe-post-read-more\" href=\"https:\/\/soymigrante.com\/revista\/sabor-nicaraguense-sin-fronteras-el-chef-y-emprendedor-migrante-armando-tam\/\" >\n            <span class=\"blfe-read-more-btn-wrapper\">\n\n             <span class=\"blfe-read-more-btn-text\">Amigo, amiga, an\u00edmate y lee<\/span>\n\n                                    <span class=\"blfe-read-more-btn-icon blfe-read-more-btn-align-icon-right\">\n                <i aria-hidden=\"true\" class=\"fas fa-long-arrow-alt-right\"><\/i>                    <\/span>\n                \n            <\/span>\n        <\/a>\n                            <\/div>\n                <\/div>\n\n            <\/div>\n        <\/div>\n                <div class=\"blfe-post-grid-item\">\n            <div class=\"blfe-post-grid-item-inner blfe-modern-zoom\">\n                        <div class=\"blfe-post-grid-bg-image\">\n            <a class=\"blfe-post-grid-image-inner\" href=\"https:\/\/soymigrante.com\/revista\/gana-premios-el-cortometraje-hortencia-y-clemente-dirigido-por-el-guatemalteco-emanuel-s-loarca\/\" title=\"Gana premios el cortometraje Hortencia y Clemente, dirigido por el guatemalteco Emanuel S. Loarca\" rel=\"nofollow\" target=\"_blank\"><img decoding=\"async\" src=\"https:\/\/soymigrante.com\/revista\/wp-content\/uploads\/2026\/04\/emanuel-loarca-director-guatemalteco-en-california.png\" alt=\"Gana premios el cortometraje Hortencia y Clemente, dirigido por el guatemalteco Emanuel S. Loarca\"\/><\/a>        <\/div>\n                        <div class=\"blfe-post-grid-details\">\n                    <div class=\"blfe-post-grid-details-inner\">\n                        <span class=\"blfe-post-category\"><a href=\"https:\/\/soymigrante.com\/revista\/category\/exitos\/\">\u00c9xitos<\/a><\/span>                        <h3 class=\"blfe-post-grid-title\">\n            <a href=\"https:\/\/soymigrante.com\/revista\/gana-premios-el-cortometraje-hortencia-y-clemente-dirigido-por-el-guatemalteco-emanuel-s-loarca\/\" title=\"Gana premios el cortometraje Hortencia y Clemente, dirigido por el guatemalteco Emanuel S. Loarca\" rel=\"nofollow\" target=\"_blank\">Gana premios el cortometraje Hortencia y Clemente, dirigido por el guatemalteco Emanuel S. Loarca<\/a>\n            <\/h3>                                                            <div class=\"blfe-post-grid-meta\">\n                <span class=\"blfe-post-grid-time\"><i class=\"fas fa-book-reader\"><\/i>5 Min read<\/span>            <\/div>\n                                            <a class=\"blfe-post-read-more\" href=\"https:\/\/soymigrante.com\/revista\/gana-premios-el-cortometraje-hortencia-y-clemente-dirigido-por-el-guatemalteco-emanuel-s-loarca\/\" >\n            <span class=\"blfe-read-more-btn-wrapper\">\n\n             <span class=\"blfe-read-more-btn-text\">Amigo, amiga, an\u00edmate y lee<\/span>\n\n                                    <span class=\"blfe-read-more-btn-icon blfe-read-more-btn-align-icon-right\">\n                <i aria-hidden=\"true\" class=\"fas fa-long-arrow-alt-right\"><\/i>                    <\/span>\n                \n            <\/span>\n        <\/a>\n                            <\/div>\n                <\/div>\n\n            <\/div>\n        <\/div>\n                        <\/div>\n\n            \n            \t\t\t\t<\/div>\n\t\t\t\t<\/div>\n\t\t\t\t\t<\/div>\n\t\t<\/div>\n\t\t\t\t\t<\/div>\n\t\t<\/section>\n\t\t\t\t<\/div>\n\t\t","protected":false},"excerpt":{"rendered":"<p>\u201cMi vida ha sido migrante casi desde que nac\u00ed\u201d, dice el guatemalteco Domingo Lemus, cuyo rostro se hizo ic\u00f3nico por la pel\u00edcula &#8220;Puro Mula&#8220;, de 2011, pero cuyo talento musical, creativo y f\u00edlmico crece en EE.UU al trabajar en producciones de cine y TV. Domingo Lemus se presenta en conciertos en varias ciudades de Estados [&hellip;]<\/p>\n","protected":false},"author":7,"featured_media":3599,"comment_status":"open","ping_status":"open","sticky":false,"template":"","format":"standard","meta":{"_acf_changed":false,"_eb_attr":"","footnotes":""},"categories":[50],"tags":[],"class_list":["post-3582","post","type-post","status-publish","format-standard","has-post-thumbnail","hentry","category-exitos"],"acf":[],"aioseo_notices":[],"aioseo_head":"\n\t\t<!-- All in One SEO Pro 4.9.6.2 - aioseo.com -->\n\t<meta name=\"description\" content=\"Una historia de amor que luego da un giro dram\u00e1tico: Hortencia y Clemente es cortometraje con gui\u00f3n original del director guatemalteco Emanuel S. Loarca, radicado en California, que ya est\u00e1 ganando galardones en festivales. Y esta es la historia de una historia. El cortometraje Hortencia y Clemente, del guatemalteco dramaturgo, escritor, actor y cineasta migrante\" \/>\n\t<meta name=\"robots\" content=\"max-snippet:-1, max-image-preview:large, max-video-preview:-1\" \/>\n\t<meta name=\"author\" content=\"Gustavo Montenegro\"\/>\n\t<link rel=\"canonical\" href=\"https:\/\/soymigrante.com\/revista\/musico-actor-guatemalteco-migrante-en-nueva-york-domingo-lemus\/\" \/>\n\t<meta name=\"generator\" content=\"All in One SEO Pro (AIOSEO) 4.9.6.2\" \/>\n\n\t\t<link rel=\"preconnect\" href=\"https:\/\/fonts.googleapis.com\" crossorigin>\n<link rel=\"preconnect\" href=\"https:\/\/fonts.gstatic.com\" crossorigin>\n\t\t<meta property=\"og:locale\" content=\"es_ES\" \/>\n\t\t<meta property=\"og:site_name\" content=\"SoyMigrante.com REVISTA \u2013 Nuestra misi\u00f3n es reconocer y dignificar al migrante.\" \/>\n\t\t<meta property=\"og:type\" content=\"article\" \/>\n\t\t<meta property=\"og:title\" content=\"\u201cTodos somos migrantes\u201d: Domingo Lemus, cineasta y m\u00fasico en NY\" \/>\n\t\t<meta property=\"og:description\" content=\"\u201cMi vida ha sido migrante casi desde que nac\u00ed\u201d, dice el guatemalteco Domingo Lemus, cuyo rostro se hizo ic\u00f3nico por la pel\u00edcula &quot;Puro Mula&quot;, de 2011, pero cuyo talento musical, creativo y f\u00edlmico crece en EE.UU al trabajar en producciones de cine y TV. En cada llegada o salida de Guatemala, vibran emociones en la\" \/>\n\t\t<meta property=\"og:url\" content=\"https:\/\/soymigrante.com\/revista\/musico-actor-guatemalteco-migrante-en-nueva-york-domingo-lemus\/\" \/>\n\t\t<meta property=\"og:image\" content=\"https:\/\/soymigrante.com\/revista\/wp-content\/uploads\/2023\/12\/minguito.webp\" \/>\n\t\t<meta property=\"og:image:secure_url\" content=\"https:\/\/soymigrante.com\/revista\/wp-content\/uploads\/2023\/12\/minguito.webp\" \/>\n\t\t<meta property=\"og:image:width\" content=\"855\" \/>\n\t\t<meta property=\"og:image:height\" content=\"755\" \/>\n\t\t<meta property=\"article:published_time\" content=\"2023-12-01T18:13:03+00:00\" \/>\n\t\t<meta property=\"article:modified_time\" content=\"2024-11-01T09:50:26+00:00\" \/>\n\t\t<meta property=\"article:publisher\" content=\"https:\/\/www.facebook.com\/soymigrantecom\" \/>\n\t\t<meta name=\"twitter:card\" content=\"summary_large_image\" \/>\n\t\t<meta name=\"twitter:site\" content=\"@SoyMigrante_com\" \/>\n\t\t<meta name=\"twitter:title\" content=\"\u201cTodos somos migrantes\u201d: Domingo Lemus, cineasta y m\u00fasico en NY\" \/>\n\t\t<meta name=\"twitter:description\" content=\"\u201cMi vida ha sido migrante casi desde que nac\u00ed\u201d, dice el guatemalteco Domingo Lemus, cuyo rostro se hizo ic\u00f3nico por la pel\u00edcula &quot;Puro Mula&quot;, de 2011, pero cuyo talento musical, creativo y f\u00edlmico crece en EE.UU al trabajar en producciones de cine y TV. En cada llegada o salida de Guatemala, vibran emociones en la\" \/>\n\t\t<meta name=\"twitter:creator\" content=\"@SoyMigrante_com\" \/>\n\t\t<meta name=\"twitter:image\" content=\"https:\/\/soymigrante.com\/revista\/wp-content\/uploads\/2023\/12\/minguito.webp\" \/>\n\t\t<!-- All in One SEO Pro -->\r\n\t\t<title>\u201cTodos somos migrantes\u201d: Domingo Lemus, cineasta y m\u00fasico en NY<\/title>\n\n","aioseo_head_json":{"title":"\u201cTodos somos migrantes\u201d: Domingo Lemus, cineasta y m\u00fasico en NY","description":"\u201cMi vida ha sido migrante casi desde que nac\u00ed\u201d, dice el guatemalteco Domingo Lemus, cuyo rostro se hizo ic\u00f3nico por la pel\u00edcula \"Puro Mula\", de 2011, pero cuyo talento musical, creativo y f\u00edlmico crece en EE.UU al trabajar en producciones de cine y TV. En cada llegada o salida de Guatemala, vibran emociones en la","canonical_url":"https:\/\/soymigrante.com\/revista\/musico-actor-guatemalteco-migrante-en-nueva-york-domingo-lemus\/","robots":"max-snippet:-1, max-image-preview:large, max-video-preview:-1","keywords":"","webmasterTools":{"miscellaneous":"&lt;link rel=\"preconnect\" href=\"https:\/\/fonts.googleapis.com\" crossorigin&gt;\n&lt;link rel=\"preconnect\" href=\"https:\/\/fonts.gstatic.com\" crossorigin&gt;"},"schema":null,"og:locale":"es_ES","og:site_name":"SoyMigrante.com REVISTA \u2013 Nuestra misi\u00f3n es reconocer y dignificar al migrante.","og:type":"article","og:title":"\u201cTodos somos migrantes\u201d: Domingo Lemus, cineasta y m\u00fasico en NY","og:description":"\u201cMi vida ha sido migrante casi desde que nac\u00ed\u201d, dice el guatemalteco Domingo Lemus, cuyo rostro se hizo ic\u00f3nico por la pel\u00edcula &quot;Puro Mula&quot;, de 2011, pero cuyo talento musical, creativo y f\u00edlmico crece en EE.UU al trabajar en producciones de cine y TV. En cada llegada o salida de Guatemala, vibran emociones en la","og:url":"https:\/\/soymigrante.com\/revista\/musico-actor-guatemalteco-migrante-en-nueva-york-domingo-lemus\/","og:image":"https:\/\/soymigrante.com\/revista\/wp-content\/uploads\/2023\/12\/minguito.webp","og:image:secure_url":"https:\/\/soymigrante.com\/revista\/wp-content\/uploads\/2023\/12\/minguito.webp","og:image:width":855,"og:image:height":755,"article:published_time":"2023-12-01T18:13:03+00:00","article:modified_time":"2024-11-01T09:50:26+00:00","article:publisher":"https:\/\/www.facebook.com\/soymigrantecom","twitter:card":"summary_large_image","twitter:site":"@SoyMigrante_com","twitter:title":"\u201cTodos somos migrantes\u201d: Domingo Lemus, cineasta y m\u00fasico en NY","twitter:description":"\u201cMi vida ha sido migrante casi desde que nac\u00ed\u201d, dice el guatemalteco Domingo Lemus, cuyo rostro se hizo ic\u00f3nico por la pel\u00edcula &quot;Puro Mula&quot;, de 2011, pero cuyo talento musical, creativo y f\u00edlmico crece en EE.UU al trabajar en producciones de cine y TV. En cada llegada o salida de Guatemala, vibran emociones en la","twitter:creator":"@SoyMigrante_com","twitter:image":"https:\/\/soymigrante.com\/revista\/wp-content\/uploads\/2023\/12\/minguito.webp"},"aioseo_meta_data":{"post_id":"3582","title":null,"description":null,"keywords":[],"keyphrases":{"focus":{"keyphrase":"Migrantes","score":76,"analysis":{"keyphraseInTitle":{"score":9,"maxScore":9,"error":0},"keyphraseInDescription":{"score":9,"maxScore":9,"error":0},"keyphraseLength":{"score":9,"maxScore":9,"error":0,"length":1},"keyphraseInURL":{"score":1,"maxScore":5,"error":1},"keyphraseInIntroduction":{"score":3,"maxScore":9,"error":1},"keyphraseInSubHeadings":{"score":3,"maxScore":9,"error":1},"keyphraseInImageAlt":{"score":9,"maxScore":9,"error":0},"keywordDensity":{"type":"best","score":9,"maxScore":9,"error":0}}},"additional":[]},"primary_term":null,"canonical_url":null,"og_title":null,"og_description":null,"og_object_type":"default","og_image_type":"default","og_image_url":null,"og_image_width":null,"og_image_height":null,"og_image_custom_url":null,"og_image_custom_fields":null,"og_video":"","og_custom_url":null,"og_article_section":null,"og_article_tags":[],"twitter_use_og":false,"twitter_card":"default","twitter_image_type":"default","twitter_image_url":null,"twitter_image_custom_url":null,"twitter_image_custom_fields":null,"twitter_title":null,"twitter_description":null,"schema":{"blockGraphs":[],"customGraphs":[],"default":{"data":{"Article":[],"Course":[],"Dataset":[],"FAQPage":[],"Movie":[],"Person":[],"Product":[],"ProductReview":[],"Car":[],"Recipe":[],"Service":[],"SoftwareApplication":[],"WebPage":[]},"graphName":"BlogPosting","isEnabled":true},"graphs":[]},"schema_type":"default","schema_type_options":null,"pillar_content":false,"robots_default":true,"robots_noindex":false,"robots_noarchive":false,"robots_nosnippet":false,"robots_nofollow":false,"robots_noimageindex":false,"robots_noodp":false,"robots_notranslate":false,"robots_max_snippet":"-1","robots_max_videopreview":"-1","robots_max_imagepreview":"large","priority":null,"frequency":"default","local_seo":null,"seo_analyzer_scan_date":"2025-10-08 20:45:23","breadcrumb_settings":null,"limit_modified_date":false,"reviewed_by":null,"open_ai":null,"ai":null,"created":"2023-12-01 16:18:56","updated":"2026-02-04 09:59:17"},"aioseo_breadcrumb":"<div class=\"aioseo-breadcrumbs\"><span class=\"aioseo-breadcrumb\">\n\t<a href=\"https:\/\/soymigrante.com\/revista\" title=\"Home\">Home<\/a>\n<\/span><span class=\"aioseo-breadcrumb-separator\">\u00bb<\/span><span class=\"aioseo-breadcrumb\">\n\t<a href=\"https:\/\/soymigrante.com\/revista\/category\/exitos\/\" title=\"\u00c9xitos\">\u00c9xitos<\/a>\n<\/span><span class=\"aioseo-breadcrumb-separator\">\u00bb<\/span><span class=\"aioseo-breadcrumb\">\n\t\u201cTodos somos migrantes\u201d: Domingo Lemus, cineasta y m\u00fasico en NY\n<\/span><\/div>","aioseo_breadcrumb_json":[{"label":"Home","link":"https:\/\/soymigrante.com\/revista"},{"label":"\u00c9xitos","link":"https:\/\/soymigrante.com\/revista\/category\/exitos\/"},{"label":"\u201cTodos somos migrantes\u201d: Domingo Lemus, cineasta y m\u00fasico en NY","link":"https:\/\/soymigrante.com\/revista\/musico-actor-guatemalteco-migrante-en-nueva-york-domingo-lemus\/"}],"_links":{"self":[{"href":"https:\/\/soymigrante.com\/revista\/wp-json\/wp\/v2\/posts\/3582","targetHints":{"allow":["GET"]}}],"collection":[{"href":"https:\/\/soymigrante.com\/revista\/wp-json\/wp\/v2\/posts"}],"about":[{"href":"https:\/\/soymigrante.com\/revista\/wp-json\/wp\/v2\/types\/post"}],"author":[{"embeddable":true,"href":"https:\/\/soymigrante.com\/revista\/wp-json\/wp\/v2\/users\/7"}],"replies":[{"embeddable":true,"href":"https:\/\/soymigrante.com\/revista\/wp-json\/wp\/v2\/comments?post=3582"}],"version-history":[{"count":0,"href":"https:\/\/soymigrante.com\/revista\/wp-json\/wp\/v2\/posts\/3582\/revisions"}],"wp:featuredmedia":[{"embeddable":true,"href":"https:\/\/soymigrante.com\/revista\/wp-json\/wp\/v2\/media\/3599"}],"wp:attachment":[{"href":"https:\/\/soymigrante.com\/revista\/wp-json\/wp\/v2\/media?parent=3582"}],"wp:term":[{"taxonomy":"category","embeddable":true,"href":"https:\/\/soymigrante.com\/revista\/wp-json\/wp\/v2\/categories?post=3582"},{"taxonomy":"post_tag","embeddable":true,"href":"https:\/\/soymigrante.com\/revista\/wp-json\/wp\/v2\/tags?post=3582"}],"curies":[{"name":"wp","href":"https:\/\/api.w.org\/{rel}","templated":true}]}}