{"id":35806,"date":"2025-11-13T16:22:33","date_gmt":"2025-11-13T22:22:33","guid":{"rendered":"https:\/\/soymigrante.com\/revista\/?p=35806"},"modified":"2025-11-13T16:33:34","modified_gmt":"2025-11-13T22:33:34","slug":"por-que-siempre-emocionan-los-partidos-de-la-seleccion-de-guatemala-en-eliminatorias-mundialistas","status":"publish","type":"post","link":"https:\/\/soymigrante.com\/revista\/por-que-siempre-emocionan-los-partidos-de-la-seleccion-de-guatemala-en-eliminatorias-mundialistas\/","title":{"rendered":"\u00bfPor qu\u00e9 siempre emocionan tanto los partidos de la Selecci\u00f3n de Guatemala?"},"content":{"rendered":"\t\t<div data-elementor-type=\"wp-post\" data-elementor-id=\"35806\" class=\"elementor elementor-35806\" data-elementor-post-type=\"post\">\n\t\t\t\t<div data-particle_enable=\"false\" data-particle-mobile-disabled=\"false\" class=\"elementor-element elementor-element-f8639b3 e-flex e-con-boxed e-con e-parent\" data-id=\"f8639b3\" data-element_type=\"container\" data-e-type=\"container\">\n\t\t\t\t\t<div class=\"e-con-inner\">\n\t\t\t\t<div class=\"elementor-element elementor-element-722e8cc elementor-widget elementor-widget-heading\" data-id=\"722e8cc\" data-element_type=\"widget\" data-e-type=\"widget\" data-widget_type=\"heading.default\">\n\t\t\t\t\t<h2 class=\"elementor-heading-title elementor-size-default\">Guatemala podr\u00eda dar un paso importante hacia una participaci\u00f3n en un Mundial de Futbol si vence a Panam\u00e1 y Surinam en pr\u00f3ximos juegos. Estas eliminatorias siempre crean una ilusi\u00f3n sin fronteras, de guatemaltecos dentro y fuera del pa\u00eds. Estas son seis razones.\n<\/h2>\t\t\t\t<\/div>\n\t\t\t\t\t<\/div>\n\t\t\t\t<\/div>\n\t\t<div data-particle_enable=\"false\" data-particle-mobile-disabled=\"false\" class=\"elementor-element elementor-element-fd036e1 e-flex e-con-boxed e-con e-parent\" data-id=\"fd036e1\" data-element_type=\"container\" data-e-type=\"container\">\n\t\t\t\t\t<div class=\"e-con-inner\">\n\t\t\t\t<div class=\"elementor-element elementor-element-c41ddea elementor-widget elementor-widget-text-editor\" data-id=\"c41ddea\" data-element_type=\"widget\" data-e-type=\"widget\" data-widget_type=\"text-editor.default\">\n\t\t\t\t\t\t\t\t\t<p>La Selecci\u00f3n Nacional de Guatemala enfrenta a la de Panam\u00e1 este 13 de noviembre y a Surinamp, el pr\u00f3ximo 18 de noviembre, en su ruta de las eliminatorias de la Concacaf rumbo al Mundial 2026, representa una oportunidad crucial para que la \u201cBicolor\u201d contin\u00fae su camino hacia su primera clasificaci\u00f3n a una Copa del Mundo.<\/p><p>El encuentro entre Guatemala y Panam\u00e1 ser\u00e1 a l<strong>as 20:00 horas en el estadio El Tr\u00e9bol. Ser\u00e1 seguido por guatemaltecos dentro y fuera de Guatemala, <\/strong>porque esta emoci\u00f3n abarca incluso a los migrantes guatemaltecos en Estados Unidos.<\/p><p>Pero m\u00e1s all\u00e1 de esto hay una pregunta: \u00bfPor qu\u00e9 a pesar de previos procesos\u00a0 e vuelve a avivar el entusiasmo, la ilusi\u00f3n y el sue\u00f1o de la afici\u00f3n. El sentido nacionalista\u00a0 es una de las cinco razones para esta renovada ilusi\u00f3n.<\/p>\t\t\t\t\t\t\t\t<\/div>\n\t\t\t\t\t<\/div>\n\t\t\t\t<\/div>\n\t\t<div data-particle_enable=\"false\" data-particle-mobile-disabled=\"false\" class=\"elementor-element elementor-element-234d02f e-flex e-con-boxed e-con e-parent\" data-id=\"234d02f\" data-element_type=\"container\" data-e-type=\"container\">\n\t\t\t\t\t<div class=\"e-con-inner\">\n\t\t\t\t<div class=\"elementor-element elementor-element-bcb6f75 elementor-widget elementor-widget-html\" data-id=\"bcb6f75\" data-element_type=\"widget\" data-e-type=\"widget\" data-widget_type=\"html.default\">\n\t\t\t\t\t<iframe src=\"https:\/\/www.facebook.com\/plugins\/video.php?height=476&href=https%3A%2F%2Fwww.facebook.com%2FLaBarraDeGuate%2Fvideos%2F1199843862009434%2F&show_text=true&width=267&t=0\" width=\"267\" height=\"591\" style=\"border:none;overflow:hidden\" scrolling=\"no\" frameborder=\"0\" allowfullscreen=\"true\" allow=\"autoplay; clipboard-write; encrypted-media; picture-in-picture; web-share\" allowFullScreen=\"true\"><\/iframe>\t\t\t\t<\/div>\n\t\t\t\t\t<\/div>\n\t\t\t\t<\/div>\n\t\t<div data-particle_enable=\"false\" data-particle-mobile-disabled=\"false\" class=\"elementor-element elementor-element-87d449b e-flex e-con-boxed e-con e-parent\" data-id=\"87d449b\" data-element_type=\"container\" data-e-type=\"container\">\n\t\t\t\t\t<div class=\"e-con-inner\">\n\t\t\t\t<div class=\"elementor-element elementor-element-fbb8a2f elementor-widget elementor-widget-heading\" data-id=\"fbb8a2f\" data-element_type=\"widget\" data-e-type=\"widget\" data-widget_type=\"heading.default\">\n\t\t\t\t\t<h3 class=\"elementor-heading-title elementor-size-default\">Razones y emociones para un gran sue\u00f1o de fut<\/h3>\t\t\t\t<\/div>\n\t\t\t\t\t<\/div>\n\t\t\t\t<\/div>\n\t\t<div data-particle_enable=\"false\" data-particle-mobile-disabled=\"false\" class=\"elementor-element elementor-element-5b71a1c e-flex e-con-boxed e-con e-parent\" data-id=\"5b71a1c\" data-element_type=\"container\" data-e-type=\"container\">\n\t\t\t\t\t<div class=\"e-con-inner\">\n\t\t\t\t<div class=\"elementor-element elementor-element-da85568 elementor-widget elementor-widget-text-editor\" data-id=\"da85568\" data-element_type=\"widget\" data-e-type=\"widget\" data-widget_type=\"text-editor.default\">\n\t\t\t\t\t\t\t\t\t<p><b>1. <a href=\"https:\/\/soymigrante.com\/revista\/migrantes-mayas-identidad-eeuu\/\">Identidad<\/a> y sentido de pertenencia.\u00a0\u00a0<\/b>El f\u00fatbol es una poderosa forma de identidad colectiva. Para muchos guatemaltecos, apoyar a la selecci\u00f3n es una forma de afirmar su orgullo nacional, de sentirse parte de algo m\u00e1s grande, aunque el equipo no gane. La camiseta y la bandera representan mucho m\u00e1s que los goles: simbolizan historia, cultura, comunidad y resistencia.<\/p><p><b>2. Esperanza renovada.\u00a0<\/b>Cada proceso de clasificaci\u00f3n es una nueva oportunidad. Aunque la historia diga que es improbable, siempre existe la peque\u00f1a posibilidad de que \u201cesta vez s\u00ed\u201d. Esa esperanza es emocionalmente poderosa, porque conecta con el deseo humano de superaci\u00f3n y cambio. En otras palabras, el aficionado piensa: &#8220;\u00bfy si ahora s\u00ed se puede?&#8221;<\/p><p><b>3. <a href=\"https:\/\/soymigrante.com\/revista\/el-sueno-de-la-familia-solis-tiene-madera-futbol-y-fe-en-dios\/\">El ritual del f\u00fatbol.\u00a0<\/a><\/b><a href=\"https:\/\/soymigrante.com\/revista\/el-sueno-de-la-familia-solis-tiene-madera-futbol-y-fe-en-dios\/\">I<\/a>r al estadio, reunirse con amigos o familiares, cantar, celebrar o incluso sufrir juntos forma parte de un ritual social. Este ritual es valioso en s\u00ed mismo, independientemente del resultado del partido. Es una forma de escape, de catarsis y de conexi\u00f3n emocional.<\/p><p><b>4. Memorias colectivas e individuales.\u00a0<\/b>Aunque nunca se haya clasificado a un Mundial, siempre hay partidos memorables, momentos emotivos o jugadores queridos que quedan en la memoria. Esas peque\u00f1as victorias, goles inesperados o partidos peleados alimentan el amor por la selecci\u00f3n.<\/p><p><b>5. El f\u00fatbol como reflejo del pa\u00eds.\u00a0\u00a0<\/b>En pa\u00edses como Guatemala, donde hay desaf\u00edos sociales, pol\u00edticos o econ\u00f3micos profundos, el f\u00fatbol puede representar una v\u00e1lvula de escape. La selecci\u00f3n nacional se convierte en un s\u00edmbolo de lucha, como si su posible \u00e9xito en la cancha pudiera proyectarse hacia un anhelo colectivo de progreso.<\/p><p><b>6. Efecto emocional y medi\u00e1tico.\u00a0<\/b>Los medios de comunicaci\u00f3n y las redes sociales tambi\u00e9n juegan un papel al alimentar la narrativa de la ilusi\u00f3n: nuevos talentos, entrenadores prometedores, amistosos ganados, etc. Todo eso genera un clima emocional que lleva a muchos a ilusionarse incluso cuando la l\u00f3gica futbol\u00edstica sugiere lo contrario.<\/p>\t\t\t\t\t\t\t\t<\/div>\n\t\t\t\t\t<\/div>\n\t\t\t\t<\/div>\n\t\t<div data-particle_enable=\"false\" data-particle-mobile-disabled=\"false\" class=\"elementor-element elementor-element-e4d475b e-flex e-con-boxed e-con e-parent\" data-id=\"e4d475b\" data-element_type=\"container\" data-e-type=\"container\">\n\t\t\t\t\t<div class=\"e-con-inner\">\n\t\t\t\t<div class=\"elementor-element elementor-element-06da339 elementor-widget elementor-widget-image\" data-id=\"06da339\" data-element_type=\"widget\" data-e-type=\"widget\" data-widget_type=\"image.default\">\n\t\t\t\t\t\t\t\t\t\t\t\t<figure class=\"wp-caption\">\n\t\t\t\t\t\t\t\t\t\t<img fetchpriority=\"high\" decoding=\"async\" width=\"1140\" height=\"855\" src=\"https:\/\/soymigrante.com\/revista\/wp-content\/uploads\/2025\/11\/479484476_17958333422860119_48389761785353298_n-1140x855.jpg\" class=\"attachment-large size-large wp-image-48554\" alt=\"Migrantes de La Barra de Guate, organizada por migrantes, apoya a la selecci\u00f3n e todos sus partidos\" srcset=\"https:\/\/soymigrante.com\/revista\/wp-content\/uploads\/2025\/11\/479484476_17958333422860119_48389761785353298_n-1140x855.jpg 1140w, https:\/\/soymigrante.com\/revista\/wp-content\/uploads\/2025\/11\/479484476_17958333422860119_48389761785353298_n-300x225.jpg 300w, https:\/\/soymigrante.com\/revista\/wp-content\/uploads\/2025\/11\/479484476_17958333422860119_48389761785353298_n-768x576.jpg 768w, https:\/\/soymigrante.com\/revista\/wp-content\/uploads\/2025\/11\/479484476_17958333422860119_48389761785353298_n-750x563.jpg 750w, https:\/\/soymigrante.com\/revista\/wp-content\/uploads\/2025\/11\/479484476_17958333422860119_48389761785353298_n.jpg 1440w\" sizes=\"(max-width: 1140px) 100vw, 1140px\" title=\"Migrantes de La Barra de Guate, organizada por migrantes, apoya a la selecci\u00f3n e todos sus partidos \u2013 SoyMigrante.com REVISTA\" \/>\t\t\t\t\t\t\t\t\t\t\t<figcaption class=\"widget-image-caption wp-caption-text\">Migrantes de La Barra de Guate, organizada por migrantes, apoya a la selecci\u00f3n e todos sus partidos<\/figcaption>\n\t\t\t\t\t\t\t\t\t\t<\/figure>\n\t\t\t\t\t\t\t\t\t<\/div>\n\t\t\t\t\t<\/div>\n\t\t\t\t<\/div>\n\t\t<div data-particle_enable=\"false\" data-particle-mobile-disabled=\"false\" class=\"elementor-element elementor-element-c6ca7c2 e-flex e-con-boxed e-con e-parent\" data-id=\"c6ca7c2\" data-element_type=\"container\" data-e-type=\"container\">\n\t\t\t\t\t<div class=\"e-con-inner\">\n\t\t\t\t<div class=\"elementor-element elementor-element-95c3703 elementor-widget elementor-widget-heading\" data-id=\"95c3703\" data-element_type=\"widget\" data-e-type=\"widget\" data-widget_type=\"heading.default\">\n\t\t\t\t\t<h3 class=\"elementor-heading-title elementor-size-default\">Un momento hist\u00f3rico para el f\u00fatbol guatemalteco<\/h3>\t\t\t\t<\/div>\n\t\t\t\t\t<\/div>\n\t\t\t\t<\/div>\n\t\t<div data-particle_enable=\"false\" data-particle-mobile-disabled=\"false\" class=\"elementor-element elementor-element-06b0893 e-flex e-con-boxed e-con e-parent\" data-id=\"06b0893\" data-element_type=\"container\" data-e-type=\"container\">\n\t\t\t\t\t<div class=\"e-con-inner\">\n\t\t\t\t<div class=\"elementor-element elementor-element-60c128b elementor-widget elementor-widget-text-editor\" data-id=\"60c128b\" data-element_type=\"widget\" data-e-type=\"widget\" data-widget_type=\"text-editor.default\">\n\t\t\t\t\t\t\t\t\t<p>Bajo la direcci\u00f3n del t\u00e9cnico mexicano Luis Fernando Tena, Guatemala ha mostrado un rendimiento s\u00f3lido y ascendente. Este desempe\u00f1o ha encendido la esperanza de millones de guatemaltecos que sue\u00f1an con ver a su pa\u00eds en el escenario m\u00e1s grande del f\u00fatbol mundial.<\/p>\t\t\t\t\t\t\t\t<\/div>\n\t\t\t\t\t<\/div>\n\t\t\t\t<\/div>\n\t\t<div data-particle_enable=\"false\" data-particle-mobile-disabled=\"false\" class=\"elementor-element elementor-element-f00a5fb e-flex e-con-boxed e-con e-parent\" data-id=\"f00a5fb\" data-element_type=\"container\" data-e-type=\"container\">\n\t\t\t\t\t<div class=\"e-con-inner\">\n\t\t\t\t<div class=\"elementor-element elementor-element-b0e8c8f elementor-widget elementor-widget-heading\" data-id=\"b0e8c8f\" data-element_type=\"widget\" data-e-type=\"widget\" data-widget_type=\"heading.default\">\n\t\t\t\t\t<h3 class=\"elementor-heading-title elementor-size-default\">El rival: Panam\u00e1<\/h3>\t\t\t\t<\/div>\n\t\t\t\t\t<\/div>\n\t\t\t\t<\/div>\n\t\t<div data-particle_enable=\"false\" data-particle-mobile-disabled=\"false\" class=\"elementor-element elementor-element-b904f23 e-flex e-con-boxed e-con e-parent\" data-id=\"b904f23\" data-element_type=\"container\" data-e-type=\"container\">\n\t\t\t\t\t<div class=\"e-con-inner\">\n\t\t\t\t<div class=\"elementor-element elementor-element-9febb13 elementor-widget elementor-widget-text-editor\" data-id=\"9febb13\" data-element_type=\"widget\" data-e-type=\"widget\" data-widget_type=\"text-editor.default\">\n\t\t\t\t\t\t\t\t\t<p>Panam\u00e1 llega con un invicto que se ver\u00e1 desafiado por una aguerrida azul y blanco, que cuenta con el apoyo de sus aficionados.\u00a0<a href=\"https:\/\/soymigrante.com\/revista\/la-emocion-de-ir-al-estadio-migrantes-guatemaltecos-en-usa\/\" target=\"_blank\" rel=\"noopener\">Una victoria para Guatemala en este partido significar\u00eda asegurar su lugar en la siguiente ronda de las eliminatorias<\/a>, acerc\u00e1ndose a\u00fan m\u00e1s al anhelado objetivo de clasificar al Mundial 2026.<\/p>\t\t\t\t\t\t\t\t<\/div>\n\t\t\t\t\t<\/div>\n\t\t\t\t<\/div>\n\t\t<div data-particle_enable=\"false\" data-particle-mobile-disabled=\"false\" class=\"elementor-element elementor-element-96f980a e-flex e-con-boxed e-con e-parent\" data-id=\"96f980a\" data-element_type=\"container\" data-e-type=\"container\">\n\t\t\t\t\t<div class=\"e-con-inner\">\n\t\t\t\t<div class=\"elementor-element elementor-element-686d1c9 elementor-grid-eael-col-1 elementor-grid-tablet-eael-col-2 elementor-grid-mobile-eael-col-1 elementor-widget elementor-widget-eael-post-grid\" data-id=\"686d1c9\" data-element_type=\"widget\" data-e-type=\"widget\" data-settings=\"{&quot;eael_post_grid_columns&quot;:&quot;eael-col-1&quot;,&quot;eael_post_grid_columns_tablet&quot;:&quot;eael-col-2&quot;,&quot;eael_post_grid_columns_mobile&quot;:&quot;eael-col-1&quot;}\" data-widget_type=\"eael-post-grid.default\">\n\t\t\t\t\t<div id=\"eael-post-grid-686d1c9\" class=\"eael-post-grid-container\">\n            <div class=\"eael-post-grid eael-post-appender eael-post-appender-686d1c9 eael-post-grid-style-one\" data-layout-mode=\"masonry\"><article class=\"eael-grid-post  eael-post-grid-column eael-pg-post-48510 category-estamos-unidos\" data-id=\"48510\">\n        <div class=\"eael-grid-post-holder\">\n            <div class=\"eael-grid-post-holder-inner\"><div class=\"eael-entry-media\"><div class=\"eael-entry-overlay fade-in\"><i class=\"far fa-hand-pointer\" aria-hidden=\"true\"><\/i><a href=\"https:\/\/soymigrante.com\/revista\/migrantes-de-barra-de-guate-impulsan-fan-fest-y-pantalla-gigante-por-partido-de-la-seleccion\/\"><\/a><\/div><div class=\"eael-entry-thumbnail eael-image-ratio\">\n                <img decoding=\"async\" width=\"986\" height=\"986\" src=\"https:\/\/soymigrante.com\/revista\/wp-content\/uploads\/2025\/11\/barra-de-guate-fan-fest.jpg\" class=\"attachment-large size-large wp-image-48512\" alt=\"barra de guate partido seleccion de guatemala\" srcset=\"https:\/\/soymigrante.com\/revista\/wp-content\/uploads\/2025\/11\/barra-de-guate-fan-fest.jpg 986w, https:\/\/soymigrante.com\/revista\/wp-content\/uploads\/2025\/11\/barra-de-guate-fan-fest-300x300.jpg 300w, https:\/\/soymigrante.com\/revista\/wp-content\/uploads\/2025\/11\/barra-de-guate-fan-fest-150x150.jpg 150w, https:\/\/soymigrante.com\/revista\/wp-content\/uploads\/2025\/11\/barra-de-guate-fan-fest-768x768.jpg 768w, https:\/\/soymigrante.com\/revista\/wp-content\/uploads\/2025\/11\/barra-de-guate-fan-fest-75x75.jpg 75w, https:\/\/soymigrante.com\/revista\/wp-content\/uploads\/2025\/11\/barra-de-guate-fan-fest-750x750.jpg 750w\" sizes=\"(max-width: 986px) 100vw, 986px\" \/>\n            <\/div>\n        <\/div><div class=\"eael-entry-wrapper\"><header class=\"eael-entry-header\"><h2 class=\"eael-entry-title\"><a class=\"eael-grid-post-link\" href=\"https:\/\/soymigrante.com\/revista\/migrantes-de-barra-de-guate-impulsan-fan-fest-y-pantalla-gigante-por-partido-de-la-seleccion\/\" title=\"Migrantes de Barra de Guate impulsan Fan Fest y pantalla gigante por partido de la Selecci\u00f3n\">Migrantes de Barra de Guate impulsan Fan Fest y pantalla gigante por partido de la Selecci\u00f3n<\/a><\/h2><\/header><div class=\"eael-entry-content\">\n                        <div class=\"eael-grid-post-excerpt\"><a href=\"https:\/\/soymigrante.com\/revista\/migrantes-de-barra-de-guate-impulsan-fan-fest-y-pantalla-gigante-por-partido-de-la-seleccion\/\" class=\"eael-post-elements-readmore-btn\">CONOCE SU HISTORIA <\/a><\/div>\n                    <\/div><\/div><\/div>\n        <\/div>\n    <\/article><\/div>\n            <div class=\"clearfix\"><\/div>\n        <\/div>\t\t\t\t<\/div>\n\t\t\t\t\t<\/div>\n\t\t\t\t<\/div>\n\t\t<div data-particle_enable=\"false\" data-particle-mobile-disabled=\"false\" class=\"elementor-element elementor-element-c144597 e-flex e-con-boxed e-con e-parent\" data-id=\"c144597\" data-element_type=\"container\" data-e-type=\"container\">\n\t\t\t\t\t<div class=\"e-con-inner\">\n\t\t\t\t<div class=\"elementor-element elementor-element-3b81fb1 elementor-widget elementor-widget-heading\" data-id=\"3b81fb1\" data-element_type=\"widget\" data-e-type=\"widget\" data-widget_type=\"heading.default\">\n\t\t\t\t\t<h3 class=\"elementor-heading-title elementor-size-default\">El camino hacia el Mundial 2026<\/h3>\t\t\t\t<\/div>\n\t\t\t\t\t<\/div>\n\t\t\t\t<\/div>\n\t\t<div data-particle_enable=\"false\" data-particle-mobile-disabled=\"false\" class=\"elementor-element elementor-element-b45bf3a e-flex e-con-boxed e-con e-parent\" data-id=\"b45bf3a\" data-element_type=\"container\" data-e-type=\"container\">\n\t\t\t\t\t<div class=\"e-con-inner\">\n\t\t\t\t<div class=\"elementor-element elementor-element-8cf9156 elementor-widget elementor-widget-text-editor\" data-id=\"8cf9156\" data-element_type=\"widget\" data-e-type=\"widget\" data-widget_type=\"text-editor.default\">\n\t\t\t\t\t\t\t\t\t<p>La Concacaf cuenta con seis cupos directos para el Mundial 2026, adem\u00e1s de dos plazas adicionales que se decidir\u00e1n mediante un repechaje intercontinental. Con M\u00e9xico, Estados Unidos y Canad\u00e1 ya clasificados como anfitriones, las oportunidades para selecciones como Guatemala se han incrementado.<\/p><p>Para avanzar a la siguiente ronda, <a href=\"https:\/\/soymigrante.com\/revista\/la-emocion-de-ir-al-estadio-migrantes-guatemaltecos-en-usa\/\" target=\"_blank\" rel=\"noopener\">Guatemala debe finalizar entre los dos primeros lugares de su grupo.<\/a> Una victoria ante Panam\u00e1 ser\u00e1 un paso seguro hacia los boletos directos al Mundial.<\/p>\t\t\t\t\t\t\t\t<\/div>\n\t\t\t\t\t<\/div>\n\t\t\t\t<\/div>\n\t\t<div data-particle_enable=\"false\" data-particle-mobile-disabled=\"false\" class=\"elementor-element elementor-element-ad89fd4 e-flex e-con-boxed e-con e-parent\" data-id=\"ad89fd4\" data-element_type=\"container\" data-e-type=\"container\">\n\t\t\t\t\t<div class=\"e-con-inner\">\n\t\t\t\t<div class=\"elementor-element elementor-element-d0c3508 elementor-widget elementor-widget-heading\" data-id=\"d0c3508\" data-element_type=\"widget\" data-e-type=\"widget\" data-widget_type=\"heading.default\">\n\t\t\t\t\t<h3 class=\"elementor-heading-title elementor-size-default\">La visi\u00f3n de Luis Fernando Tena<\/h3>\t\t\t\t<\/div>\n\t\t\t\t\t<\/div>\n\t\t\t\t<\/div>\n\t\t<div data-particle_enable=\"false\" data-particle-mobile-disabled=\"false\" class=\"elementor-element elementor-element-8412826 e-flex e-con-boxed e-con e-parent\" data-id=\"8412826\" data-element_type=\"container\" data-e-type=\"container\">\n\t\t\t\t\t<div class=\"e-con-inner\">\n\t\t\t\t<div class=\"elementor-element elementor-element-a56573c elementor-widget elementor-widget-text-editor\" data-id=\"a56573c\" data-element_type=\"widget\" data-e-type=\"widget\" data-widget_type=\"text-editor.default\">\n\t\t\t\t\t\t\t\t\t<p>Desde su llegada en 2021, Tena ha trabajado incansablemente para elevar el nivel del f\u00fatbol guatemalteco. Con una trayectoria destacada, incluyendo una medalla de oro con M\u00e9xico en los Juegos Ol\u00edmpicos de Londres 2012, el t\u00e9cnico ha infundido confianza y disciplina en el equipo. Aunque reconoce que Guatemala no es favorita, Tena mantiene viva la esperanza de lograr la hist\u00f3rica clasificaci\u00f3n. <\/p>\t\t\t\t\t\t\t\t<\/div>\n\t\t\t\t\t<\/div>\n\t\t\t\t<\/div>\n\t\t<div data-particle_enable=\"false\" data-particle-mobile-disabled=\"false\" class=\"elementor-element elementor-element-28310d8 e-flex e-con-boxed e-con e-parent\" data-id=\"28310d8\" data-element_type=\"container\" data-e-type=\"container\">\n\t\t\t\t\t<div class=\"e-con-inner\">\n\t\t\t\t<div class=\"elementor-element elementor-element-7194d8f elementor-widget elementor-widget-heading\" data-id=\"7194d8f\" data-element_type=\"widget\" data-e-type=\"widget\" data-widget_type=\"heading.default\">\n\t\t\t\t\t<h3 class=\"elementor-heading-title elementor-size-default\">Una naci\u00f3n unida por un sue\u00f1o<\/h3>\t\t\t\t<\/div>\n\t\t\t\t\t<\/div>\n\t\t\t\t<\/div>\n\t\t<div data-particle_enable=\"false\" data-particle-mobile-disabled=\"false\" class=\"elementor-element elementor-element-d1bf187 e-flex e-con-boxed e-con e-parent\" data-id=\"d1bf187\" data-element_type=\"container\" data-e-type=\"container\">\n\t\t\t\t\t<div class=\"e-con-inner\">\n\t\t\t\t<div class=\"elementor-element elementor-element-f8ccce1 elementor-widget elementor-widget-text-editor\" data-id=\"f8ccce1\" data-element_type=\"widget\" data-e-type=\"widget\" data-widget_type=\"text-editor.default\">\n\t\t\t\t\t\t\t\t\t<p><a href=\"https:\/\/soymigrante.com\/revista\/la-emocion-de-ir-al-estadio-migrantes-guatemaltecos-en-usa\/\" target=\"_blank\" rel=\"noopener\">La pasi\u00f3n por el f\u00fatbol en Guatemala es innegable.<\/a> El Estadio Cementos Progreso se vestir\u00e1 de azul y blanco, con miles de aficionados alentando a su selecci\u00f3n en este crucial encuentro. M\u00e1s all\u00e1 de los 90 minutos, este partido simboliza la perseverancia, la fe y el deseo de todo un pa\u00eds por alcanzar una meta largamente anhelada.<\/p><p>Con el respaldo de su afici\u00f3n y el liderazgo de Tena, Guatemala est\u00e1 m\u00e1s cerca que nunca de hacer realidad su sue\u00f1o mundialista. El enfrentamiento contra Panam\u00e1 no solo es un partido m\u00e1s; es una oportunidad para escribir una nueva p\u00e1gina en la historia del f\u00fatbol guatemalteco.<\/p>\t\t\t\t\t\t\t\t<\/div>\n\t\t\t\t\t<\/div>\n\t\t\t\t<\/div>\n\t\t<div data-particle_enable=\"false\" data-particle-mobile-disabled=\"false\" class=\"elementor-element elementor-element-4d6ba16 e-flex e-con-boxed e-con e-parent\" data-id=\"4d6ba16\" data-element_type=\"container\" data-e-type=\"container\">\n\t\t\t\t\t<div class=\"e-con-inner\">\n\t\t\t\t<div class=\"elementor-element elementor-element-cf5b621 elementor-widget elementor-widget-heading\" data-id=\"cf5b621\" data-element_type=\"widget\" data-e-type=\"widget\" data-widget_type=\"heading.default\">\n\t\t\t\t\t<h2 class=\"elementor-heading-title elementor-size-default\">Conoce m\u00e1s de Guatemala, ac\u00e1...<\/h2>\t\t\t\t<\/div>\n\t\t\t\t\t<\/div>\n\t\t\t\t<\/div>\n\t\t<div data-particle_enable=\"false\" data-particle-mobile-disabled=\"false\" class=\"elementor-element elementor-element-383540c e-flex e-con-boxed e-con e-parent\" data-id=\"383540c\" data-element_type=\"container\" data-e-type=\"container\">\n\t\t\t\t\t<div class=\"e-con-inner\">\n\t\t\t\t<div class=\"elementor-element elementor-element-2cefd61 elementor-grid-eael-col-3 elementor-grid-tablet-eael-col-2 elementor-grid-mobile-eael-col-1 elementor-widget elementor-widget-eael-post-grid\" data-id=\"2cefd61\" data-element_type=\"widget\" data-e-type=\"widget\" data-settings=\"{&quot;eael_post_grid_columns&quot;:&quot;eael-col-3&quot;,&quot;eael_post_grid_columns_tablet&quot;:&quot;eael-col-2&quot;,&quot;eael_post_grid_columns_mobile&quot;:&quot;eael-col-1&quot;}\" data-widget_type=\"eael-post-grid.default\">\n\t\t\t\t\t<div id=\"eael-post-grid-2cefd61\" class=\"eael-post-grid-container\">\n            <div class=\"eael-post-grid eael-post-appender eael-post-appender-2cefd61 eael-post-grid-style-one\" data-layout-mode=\"masonry\"><article class=\"eael-grid-post  eael-post-grid-column eael-pg-post-29105 category-exitos-guatemala\" data-id=\"29105\">\n        <div class=\"eael-grid-post-holder\">\n            <div class=\"eael-grid-post-holder-inner\"><div class=\"eael-entry-media\"><div class=\"eael-entry-overlay fade-in\"><i class=\"far fa-hand-pointer\" aria-hidden=\"true\"><\/i><a href=\"https:\/\/soymigrante.com\/revista\/exfutbolista-y-entrenador-mazateco-miguel-coronado-forma-talentos-en-los-angeles\/\"><\/a><\/div><div class=\"eael-entry-thumbnail \">\n                <img decoding=\"async\" width=\"966\" height=\"966\" src=\"https:\/\/soymigrante.com\/revista\/wp-content\/uploads\/2025\/03\/miguel-coronado-migrante-futbolista-24.webp\" class=\"attachment-large size-large wp-image-29134\" alt=\"FOTO DE UN HOMBRE SONRIENTE Y CON MUY CABELLO RIZADO, VESTIDO CON UN TRAJE AZUL, EN UN EVENTO F\u00daTBOL Y FEMINISMO EN REVISTA SOYMIGRANTE.COM.\" srcset=\"https:\/\/soymigrante.com\/revista\/wp-content\/uploads\/2025\/03\/miguel-coronado-migrante-futbolista-24.webp 966w, https:\/\/soymigrante.com\/revista\/wp-content\/uploads\/2025\/03\/miguel-coronado-migrante-futbolista-24-300x300.jpg 300w, https:\/\/soymigrante.com\/revista\/wp-content\/uploads\/2025\/03\/miguel-coronado-migrante-futbolista-24-150x150.jpg 150w, https:\/\/soymigrante.com\/revista\/wp-content\/uploads\/2025\/03\/miguel-coronado-migrante-futbolista-24-768x768.jpg 768w, https:\/\/soymigrante.com\/revista\/wp-content\/uploads\/2025\/03\/miguel-coronado-migrante-futbolista-24-75x75.webp 75w, https:\/\/soymigrante.com\/revista\/wp-content\/uploads\/2025\/03\/miguel-coronado-migrante-futbolista-24-750x750.webp 750w\" sizes=\"(max-width: 966px) 100vw, 966px\" \/>\n            <\/div>\n        <\/div><div class=\"eael-entry-wrapper\"><header class=\"eael-entry-header\"><h2 class=\"eael-entry-title\"><a class=\"eael-grid-post-link\" href=\"https:\/\/soymigrante.com\/revista\/exfutbolista-y-entrenador-mazateco-miguel-coronado-forma-talentos-en-los-angeles\/\" title=\"Exfutbolista y entrenador mazateco Miguel Coronado forma talentos en Los Angeles\">Exfutbolista y entrenador mazateco Miguel Coronado forma talentos en Los Angeles<\/a><\/h2><\/header><div class=\"eael-entry-content\">\n                        <div class=\"eael-grid-post-excerpt\"><a href=\"https:\/\/soymigrante.com\/revista\/exfutbolista-y-entrenador-mazateco-miguel-coronado-forma-talentos-en-los-angeles\/\" class=\"eael-post-elements-readmore-btn\">CONOCE SU HISTORIA <\/a><\/div>\n                    <\/div><\/div><\/div>\n        <\/div>\n    <\/article><article class=\"eael-grid-post  eael-post-grid-column eael-pg-post-10017 category-guate-nuestra\" data-id=\"10017\">\n        <div class=\"eael-grid-post-holder\">\n            <div class=\"eael-grid-post-holder-inner\"><div class=\"eael-entry-media\"><div class=\"eael-entry-overlay fade-in\"><i class=\"far fa-hand-pointer\" aria-hidden=\"true\"><\/i><a href=\"https:\/\/soymigrante.com\/revista\/la-emocion-de-ir-al-estadio-migrantes-guatemaltecos-en-usa\/\"><\/a><\/div><div class=\"eael-entry-thumbnail \">\n                <img loading=\"lazy\" decoding=\"async\" width=\"768\" height=\"509\" src=\"https:\/\/soymigrante.com\/revista\/wp-content\/uploads\/2024\/10\/La-emocion-de-ir-al-estadio-Migrantes-guatemaltecos-en-USA.webp\" class=\"attachment-large size-large wp-image-10018\" alt=\"Jugadores de f\u00fatbol en celebraci\u00f3n en el campo durante un partido, vistiendo uniformes blancos con detalles azules.\" srcset=\"https:\/\/soymigrante.com\/revista\/wp-content\/uploads\/2024\/10\/La-emocion-de-ir-al-estadio-Migrantes-guatemaltecos-en-USA.webp 768w, https:\/\/soymigrante.com\/revista\/wp-content\/uploads\/2024\/10\/La-emocion-de-ir-al-estadio-Migrantes-guatemaltecos-en-USA-300x199.webp 300w, https:\/\/soymigrante.com\/revista\/wp-content\/uploads\/2024\/10\/La-emocion-de-ir-al-estadio-Migrantes-guatemaltecos-en-USA-750x497.webp 750w\" sizes=\"(max-width: 768px) 100vw, 768px\" \/>\n            <\/div>\n        <\/div><div class=\"eael-entry-wrapper\"><header class=\"eael-entry-header\"><h2 class=\"eael-entry-title\"><a class=\"eael-grid-post-link\" href=\"https:\/\/soymigrante.com\/revista\/la-emocion-de-ir-al-estadio-migrantes-guatemaltecos-en-usa\/\" title=\"La emoci\u00f3n de ir al estadio: Migrantes guatemaltecos en USA\">La emoci\u00f3n de ir al estadio: Migrantes guatemaltecos en USA<\/a><\/h2><\/header><div class=\"eael-entry-content\">\n                        <div class=\"eael-grid-post-excerpt\"><a href=\"https:\/\/soymigrante.com\/revista\/la-emocion-de-ir-al-estadio-migrantes-guatemaltecos-en-usa\/\" class=\"eael-post-elements-readmore-btn\">CONOCE SU HISTORIA <\/a><\/div>\n                    <\/div><\/div><\/div>\n        <\/div>\n    <\/article><article class=\"eael-grid-post  eael-post-grid-column eael-pg-post-1766 category-exitos-guatemala tags-nueva-jersey\" data-id=\"1766\">\n        <div class=\"eael-grid-post-holder\">\n            <div class=\"eael-grid-post-holder-inner\"><div class=\"eael-entry-media\"><div class=\"eael-entry-overlay fade-in\"><i class=\"far fa-hand-pointer\" aria-hidden=\"true\"><\/i><a href=\"https:\/\/soymigrante.com\/revista\/osvaldo-sanan-migrante-guatemalteco-futbol\/\"><\/a><\/div><div class=\"eael-entry-thumbnail \">\n                <img loading=\"lazy\" decoding=\"async\" width=\"768\" height=\"1024\" src=\"https:\/\/soymigrante.com\/revista\/wp-content\/uploads\/2023\/07\/334131953_1213068632928628_5605940686833100766_n-1-768x1024.webp\" class=\"attachment-large size-large wp-image-1771\" alt=\"MIgrante guatemalteco Osvaldo San\u00e1n en New Jersey\" srcset=\"https:\/\/soymigrante.com\/revista\/wp-content\/uploads\/2023\/07\/334131953_1213068632928628_5605940686833100766_n-1-768x1024.webp 768w, https:\/\/soymigrante.com\/revista\/wp-content\/uploads\/2023\/07\/334131953_1213068632928628_5605940686833100766_n-1-225x300.webp 225w, https:\/\/soymigrante.com\/revista\/wp-content\/uploads\/2023\/07\/334131953_1213068632928628_5605940686833100766_n-1-1152x1536.webp 1152w, https:\/\/soymigrante.com\/revista\/wp-content\/uploads\/2023\/07\/334131953_1213068632928628_5605940686833100766_n-1-750x1000.webp 750w, https:\/\/soymigrante.com\/revista\/wp-content\/uploads\/2023\/07\/334131953_1213068632928628_5605940686833100766_n-1-1140x1520.webp 1140w, https:\/\/soymigrante.com\/revista\/wp-content\/uploads\/2023\/07\/334131953_1213068632928628_5605940686833100766_n-1.webp 1440w\" sizes=\"(max-width: 768px) 100vw, 768px\" \/>\n            <\/div>\n        <\/div><div class=\"eael-entry-wrapper\"><header class=\"eael-entry-header\"><h2 class=\"eael-entry-title\"><a class=\"eael-grid-post-link\" href=\"https:\/\/soymigrante.com\/revista\/osvaldo-sanan-migrante-guatemalteco-futbol\/\" title=\"Osvaldo San\u00e1n: un migrante guatemalteco con pasi\u00f3n por el f\u00fatbol\">Osvaldo San\u00e1n: un migrante guatemalteco con pasi\u00f3n por el f\u00fatbol<\/a><\/h2><\/header><div class=\"eael-entry-content\">\n                        <div class=\"eael-grid-post-excerpt\"><a href=\"https:\/\/soymigrante.com\/revista\/osvaldo-sanan-migrante-guatemalteco-futbol\/\" class=\"eael-post-elements-readmore-btn\">CONOCE SU HISTORIA <\/a><\/div>\n                    <\/div><\/div><\/div>\n        <\/div>\n    <\/article><\/div>\n            <div class=\"clearfix\"><\/div>\n        <\/div>\t\t\t\t<\/div>\n\t\t\t\t\t<\/div>\n\t\t\t\t<\/div>\n\t\t\t\t<\/div>\n\t\t","protected":false},"excerpt":{"rendered":"<p>Guatemala podr\u00eda dar un paso importante hacia una participaci\u00f3n en un Mundial de Futbol si vence a Panam\u00e1 y Surinam en pr\u00f3ximos juegos. Estas eliminatorias siempre crean una ilusi\u00f3n sin fronteras, de guatemaltecos dentro y fuera del pa\u00eds. Estas son seis razones. La Selecci\u00f3n Nacional de Guatemala enfrenta a la de Panam\u00e1 este 13 de [&hellip;]<\/p>\n","protected":false},"author":1,"featured_media":48543,"comment_status":"open","ping_status":"open","sticky":false,"template":"","format":"standard","meta":{"_acf_changed":false,"_eb_attr":"","footnotes":""},"categories":[54],"tags":[],"class_list":["post-35806","post","type-post","status-publish","format-standard","has-post-thumbnail","hentry","category-estamos-unidos"],"acf":[],"aioseo_notices":[],"aioseo_head":"\n\t\t<!-- All in One SEO Pro 4.9.6.2 - aioseo.com -->\n\t<meta name=\"description\" content=\"Desde Nueva Jersey, Osvaldo San\u00e1n vive con orgullo su origen guatemalteco, celebra los triunfos de su selecci\u00f3n y sue\u00f1a con reencontrarse con su familia\" \/>\n\t<meta name=\"robots\" content=\"max-snippet:-1, max-image-preview:large, max-video-preview:-1\" \/>\n\t<meta name=\"author\" content=\"Gustavo Montenegro\"\/>\n\t<link rel=\"canonical\" href=\"https:\/\/soymigrante.com\/revista\/osvaldo-sanan-migrante-guatemalteco-futbol\/\" \/>\n\t<meta name=\"generator\" content=\"All in One SEO Pro (AIOSEO) 4.9.6.2\" \/>\n\n\t\t<link rel=\"preconnect\" href=\"https:\/\/fonts.googleapis.com\" crossorigin>\n<link rel=\"preconnect\" href=\"https:\/\/fonts.gstatic.com\" crossorigin>\n\t\t<meta property=\"og:locale\" content=\"es_ES\" \/>\n\t\t<meta property=\"og:site_name\" content=\"SoyMigrante.com REVISTA \u2013 Nuestra misi\u00f3n es reconocer y dignificar al migrante.\" \/>\n\t\t<meta property=\"og:type\" content=\"article\" \/>\n\t\t<meta property=\"og:title\" content=\"Osvaldo San\u00e1n: un migrante guatemalteco con pasi\u00f3n por el f\u00fatbol\" \/>\n\t\t<meta property=\"og:description\" content=\"Desde Nueva Jersey, Osvaldo San\u00e1n vive con orgullo su origen guatemalteco, celebra los triunfos de su selecci\u00f3n y sue\u00f1a con reencontrarse con su familia\" \/>\n\t\t<meta property=\"og:url\" content=\"https:\/\/soymigrante.com\/revista\/osvaldo-sanan-migrante-guatemalteco-futbol\/\" \/>\n\t\t<meta property=\"og:image\" content=\"https:\/\/soymigrante.com\/revista\/wp-content\/uploads\/2023\/07\/334131953_1213068632928628_5605940686833100766_n-1.webp\" \/>\n\t\t<meta property=\"og:image:secure_url\" content=\"https:\/\/soymigrante.com\/revista\/wp-content\/uploads\/2023\/07\/334131953_1213068632928628_5605940686833100766_n-1.webp\" \/>\n\t\t<meta property=\"og:image:width\" content=\"1440\" \/>\n\t\t<meta property=\"og:image:height\" content=\"1920\" \/>\n\t\t<meta property=\"article:published_time\" content=\"2023-07-07T18:44:26+00:00\" \/>\n\t\t<meta property=\"article:modified_time\" content=\"2026-03-11T22:45:30+00:00\" \/>\n\t\t<meta property=\"article:publisher\" content=\"https:\/\/www.facebook.com\/soymigrantecom\" \/>\n\t\t<meta name=\"twitter:card\" content=\"summary_large_image\" \/>\n\t\t<meta name=\"twitter:site\" content=\"@SoyMigrante_com\" \/>\n\t\t<meta name=\"twitter:title\" content=\"Osvaldo San\u00e1n: un migrante guatemalteco con pasi\u00f3n por el f\u00fatbol\" \/>\n\t\t<meta name=\"twitter:description\" content=\"Desde Nueva Jersey, Osvaldo San\u00e1n vive con orgullo su origen guatemalteco, celebra los triunfos de su selecci\u00f3n y sue\u00f1a con reencontrarse con su familia\" \/>\n\t\t<meta name=\"twitter:creator\" content=\"@SoyMigrante_com\" \/>\n\t\t<meta name=\"twitter:image\" content=\"https:\/\/soymigrante.com\/revista\/wp-content\/uploads\/2023\/07\/334131953_1213068632928628_5605940686833100766_n-1.webp\" \/>\n\t\t<!-- All in One SEO Pro -->\r\n\t\t<title>Osvaldo San\u00e1n: un migrante guatemalteco con pasi\u00f3n por el f\u00fatbol<\/title>\n\n","aioseo_head_json":{"title":"Osvaldo San\u00e1n: un migrante guatemalteco con pasi\u00f3n por el f\u00fatbol","description":"Desde Nueva Jersey, Osvaldo San\u00e1n vive con orgullo su origen guatemalteco, celebra los triunfos de su selecci\u00f3n y sue\u00f1a con reencontrarse con su familia","canonical_url":"https:\/\/soymigrante.com\/revista\/osvaldo-sanan-migrante-guatemalteco-futbol\/","robots":"max-snippet:-1, max-image-preview:large, max-video-preview:-1","keywords":"","webmasterTools":{"miscellaneous":"&lt;link rel=\"preconnect\" href=\"https:\/\/fonts.googleapis.com\" crossorigin&gt;\n&lt;link rel=\"preconnect\" href=\"https:\/\/fonts.gstatic.com\" crossorigin&gt;"},"schema":null,"og:locale":"es_ES","og:site_name":"SoyMigrante.com REVISTA \u2013 Nuestra misi\u00f3n es reconocer y dignificar al migrante.","og:type":"article","og:title":"Osvaldo San\u00e1n: un migrante guatemalteco con pasi\u00f3n por el f\u00fatbol","og:description":"Desde Nueva Jersey, Osvaldo San\u00e1n vive con orgullo su origen guatemalteco, celebra los triunfos de su selecci\u00f3n y sue\u00f1a con reencontrarse con su familia","og:url":"https:\/\/soymigrante.com\/revista\/osvaldo-sanan-migrante-guatemalteco-futbol\/","og:image":"https:\/\/soymigrante.com\/revista\/wp-content\/uploads\/2023\/07\/334131953_1213068632928628_5605940686833100766_n-1.webp","og:image:secure_url":"https:\/\/soymigrante.com\/revista\/wp-content\/uploads\/2023\/07\/334131953_1213068632928628_5605940686833100766_n-1.webp","og:image:width":1440,"og:image:height":1920,"article:published_time":"2023-07-07T18:44:26+00:00","article:modified_time":"2026-03-11T22:45:30+00:00","article:publisher":"https:\/\/www.facebook.com\/soymigrantecom","twitter:card":"summary_large_image","twitter:site":"@SoyMigrante_com","twitter:title":"Osvaldo San\u00e1n: un migrante guatemalteco con pasi\u00f3n por el f\u00fatbol","twitter:description":"Desde Nueva Jersey, Osvaldo San\u00e1n vive con orgullo su origen guatemalteco, celebra los triunfos de su selecci\u00f3n y sue\u00f1a con reencontrarse con su familia","twitter:creator":"@SoyMigrante_com","twitter:image":"https:\/\/soymigrante.com\/revista\/wp-content\/uploads\/2023\/07\/334131953_1213068632928628_5605940686833100766_n-1.webp"},"aioseo_meta_data":{"post_id":"35806","title":null,"description":"Guatemala podr\u00eda estar un paso m\u00e1s cerca del competir en un Mundial si supera a Panam\u00e1 y Surinam en su ruta clasificatoria.","keywords":null,"keyphrases":{"focus":{"keyphrase":"Guatemala","score":91,"analysis":{"keyphraseInTitle":{"score":9,"maxScore":9,"error":0},"keyphraseInDescription":{"score":9,"maxScore":9,"error":0},"keyphraseLength":{"score":9,"maxScore":9,"error":0,"length":1},"keyphraseInURL":{"score":5,"maxScore":5,"error":0},"keyphraseInIntroduction":{"score":9,"maxScore":9,"error":0},"keyphraseInSubHeadings":{"score":3,"maxScore":9,"error":1},"keyphraseInImageAlt":{"score":9,"maxScore":9,"error":0},"keywordDensity":{"type":"best","score":9,"maxScore":9,"error":0}}},"additional":[{"keyphrase":"Guatemala","score":100,"analysis":{"keyphraseInDescription":{"score":9,"maxScore":9,"error":0},"keyphraseLength":{"score":9,"maxScore":9,"error":0,"length":1},"keyphraseInIntroduction":{"score":9,"maxScore":9,"error":0},"keyphraseInImageAlt":{"score":9,"maxScore":9,"error":0},"keywordDensity":{"type":"best","score":9,"maxScore":9,"error":0}}},{"keyphrase":"Rep\u00fablica Dominicana","score":73,"analysis":{"keyphraseInDescription":{"score":3,"maxScore":9,"error":1},"keyphraseLength":{"score":9,"maxScore":9,"error":0,"length":3},"keyphraseInIntroduction":{"score":9,"maxScore":9,"error":0},"keyphraseInImageAlt":{"score":3,"maxScore":9,"error":1},"keywordDensity":{"type":"best","score":9,"maxScore":9,"error":0}}},{"keyphrase":"mundialista","score":40,"analysis":{"keyphraseInDescription":{"score":3,"maxScore":9,"error":1},"keyphraseLength":{"score":9,"maxScore":9,"error":0,"length":1},"keyphraseInIntroduction":{"score":3,"maxScore":9,"error":1},"keyphraseInImageAlt":{"score":3,"maxScore":9,"error":1},"keywordDensity":{"score":0,"type":"low","maxScore":9,"error":1}}}]},"primary_term":null,"canonical_url":null,"og_title":null,"og_description":null,"og_object_type":"default","og_image_type":"default","og_image_url":null,"og_image_width":null,"og_image_height":null,"og_image_custom_url":null,"og_image_custom_fields":null,"og_video":"","og_custom_url":null,"og_article_section":null,"og_article_tags":null,"twitter_use_og":false,"twitter_card":"default","twitter_image_type":"default","twitter_image_url":null,"twitter_image_custom_url":null,"twitter_image_custom_fields":null,"twitter_title":null,"twitter_description":null,"schema":{"blockGraphs":[],"customGraphs":[],"default":{"data":{"Article":[],"Course":[],"Dataset":[],"FAQPage":[],"Movie":[],"Person":[],"Product":[],"ProductReview":[],"Car":[],"Recipe":[],"Service":[],"SoftwareApplication":[],"WebPage":[]},"graphName":"NewsArticle","isEnabled":true},"graphs":[]},"schema_type":"default","schema_type_options":null,"pillar_content":false,"robots_default":true,"robots_noindex":false,"robots_noarchive":false,"robots_nosnippet":false,"robots_nofollow":false,"robots_noimageindex":false,"robots_noodp":false,"robots_notranslate":false,"robots_max_snippet":"-1","robots_max_videopreview":"-1","robots_max_imagepreview":"large","priority":null,"frequency":"default","local_seo":null,"seo_analyzer_scan_date":"2025-11-13 22:35:49","breadcrumb_settings":null,"limit_modified_date":false,"reviewed_by":"0","open_ai":"{\"title\":{\"suggestions\":[],\"usage\":0},\"description\":{\"suggestions\":[],\"usage\":0}}","ai":{"faqs":[],"keyPoints":[],"titles":[],"descriptions":[],"socialPosts":{"email":[],"linkedin":[],"twitter":[],"facebook":[],"instagram":[]}},"created":"2025-06-06 21:35:06","updated":"2026-02-05 07:01:14"},"aioseo_breadcrumb":"<div class=\"aioseo-breadcrumbs\"><span class=\"aioseo-breadcrumb\">\n\t<a href=\"https:\/\/soymigrante.com\/revista\" title=\"Home\">Home<\/a>\n<\/span><span class=\"aioseo-breadcrumb-separator\">\u00bb<\/span><span class=\"aioseo-breadcrumb\">\n\t<a href=\"https:\/\/soymigrante.com\/revista\/category\/estamos-unidos\/\" title=\"Estamos Unidos\">Estamos Unidos<\/a>\n<\/span><span class=\"aioseo-breadcrumb-separator\">\u00bb<\/span><span class=\"aioseo-breadcrumb\">\n\t\u00bfPor qu\u00e9 siempre emocionan tanto los partidos de la Selecci\u00f3n de Guatemala?\n<\/span><\/div>","aioseo_breadcrumb_json":[{"label":"Home","link":"https:\/\/soymigrante.com\/revista"},{"label":"Estamos Unidos","link":"https:\/\/soymigrante.com\/revista\/category\/estamos-unidos\/"},{"label":"\u00bfPor qu\u00e9 siempre emocionan tanto los partidos de la Selecci\u00f3n de Guatemala?","link":"https:\/\/soymigrante.com\/revista\/por-que-siempre-emocionan-los-partidos-de-la-seleccion-de-guatemala-en-eliminatorias-mundialistas\/"}],"_links":{"self":[{"href":"https:\/\/soymigrante.com\/revista\/wp-json\/wp\/v2\/posts\/35806","targetHints":{"allow":["GET"]}}],"collection":[{"href":"https:\/\/soymigrante.com\/revista\/wp-json\/wp\/v2\/posts"}],"about":[{"href":"https:\/\/soymigrante.com\/revista\/wp-json\/wp\/v2\/types\/post"}],"author":[{"embeddable":true,"href":"https:\/\/soymigrante.com\/revista\/wp-json\/wp\/v2\/users\/1"}],"replies":[{"embeddable":true,"href":"https:\/\/soymigrante.com\/revista\/wp-json\/wp\/v2\/comments?post=35806"}],"version-history":[{"count":46,"href":"https:\/\/soymigrante.com\/revista\/wp-json\/wp\/v2\/posts\/35806\/revisions"}],"predecessor-version":[{"id":48563,"href":"https:\/\/soymigrante.com\/revista\/wp-json\/wp\/v2\/posts\/35806\/revisions\/48563"}],"wp:featuredmedia":[{"embeddable":true,"href":"https:\/\/soymigrante.com\/revista\/wp-json\/wp\/v2\/media\/48543"}],"wp:attachment":[{"href":"https:\/\/soymigrante.com\/revista\/wp-json\/wp\/v2\/media?parent=35806"}],"wp:term":[{"taxonomy":"category","embeddable":true,"href":"https:\/\/soymigrante.com\/revista\/wp-json\/wp\/v2\/categories?post=35806"},{"taxonomy":"post_tag","embeddable":true,"href":"https:\/\/soymigrante.com\/revista\/wp-json\/wp\/v2\/tags?post=35806"}],"curies":[{"name":"wp","href":"https:\/\/api.w.org\/{rel}","templated":true}]}}