{"id":35778,"date":"2025-06-09T05:00:00","date_gmt":"2025-06-09T11:00:00","guid":{"rendered":"https:\/\/soymigrante.com\/revista\/?p=35778"},"modified":"2025-08-27T09:52:37","modified_gmt":"2025-08-27T15:52:37","slug":"como-manejar-la-ira-es-una-emocion-humana-pero-se-debe-saber-controlar-y-canalizar","status":"publish","type":"post","link":"https:\/\/soymigrante.com\/revista\/como-manejar-la-ira-es-una-emocion-humana-pero-se-debe-saber-controlar-y-canalizar\/","title":{"rendered":"\u00bfC\u00f3mo manejar la ira? Es una emoci\u00f3n humana pero se debe saber controlar y canalizar"},"content":{"rendered":"\t\t<div data-elementor-type=\"wp-post\" data-elementor-id=\"35778\" class=\"elementor elementor-35778\" data-elementor-post-type=\"post\">\n\t\t\t\t<div data-particle_enable=\"false\" data-particle-mobile-disabled=\"false\" class=\"elementor-element elementor-element-594541f e-flex e-con-boxed e-con e-parent\" data-id=\"594541f\" data-element_type=\"container\" data-e-type=\"container\">\n\t\t\t\t\t<div class=\"e-con-inner\">\n\t\t\t\t<div class=\"elementor-element elementor-element-2bfc619 elementor-widget elementor-widget-heading\" data-id=\"2bfc619\" data-element_type=\"widget\" data-e-type=\"widget\" data-widget_type=\"heading.default\">\n\t\t\t\t\t<h2 class=\"elementor-heading-title elementor-size-default\">La ira es una emoci\u00f3n que se puede aprender a controlar, pero se necesita manejar adecuadamente. <\/h2>\t\t\t\t<\/div>\n\t\t\t\t\t<\/div>\n\t\t\t\t<\/div>\n\t\t<div data-particle_enable=\"false\" data-particle-mobile-disabled=\"false\" class=\"elementor-element elementor-element-c557b20 e-flex e-con-boxed e-con e-parent\" data-id=\"c557b20\" data-element_type=\"container\" data-e-type=\"container\">\n\t\t\t\t\t<div class=\"e-con-inner\">\n\t\t\t\t<div class=\"elementor-element elementor-element-5fac2a1 elementor-widget elementor-widget-text-editor\" data-id=\"5fac2a1\" data-element_type=\"widget\" data-e-type=\"widget\" data-widget_type=\"text-editor.default\">\n\t\t\t\t\t\t\t\t\t<p><a href=\"https:\/\/soymigrante.com\/revista\/a-veces-uno-se-enfada-pero-hay-que-calmarse-algunas-claves-para-mantener-serenidad\/\" target=\"_blank\" rel=\"noopener\">La ira es una emoci\u00f3n humana natural que todos experimentamos en distintos momentos de la vida<\/a>. Sin embargo, cuando no se maneja adecuadamente, puede convertirse en una fuerza destructiva que afecta nuestras relaciones, salud y bienestar emocional.<\/p><p>Especialistas en salud mental coinciden en que no se trata de evitar la ira, sino de aprender a reconocerla, entenderla y canalizarla de manera saludable.<\/p>\t\t\t\t\t\t\t\t<\/div>\n\t\t\t\t\t<\/div>\n\t\t\t\t<\/div>\n\t\t<div data-particle_enable=\"false\" data-particle-mobile-disabled=\"false\" class=\"elementor-element elementor-element-79b11ab e-flex e-con-boxed e-con e-parent\" data-id=\"79b11ab\" data-element_type=\"container\" data-e-type=\"container\">\n\t\t\t\t\t<div class=\"e-con-inner\">\n\t\t\t\t<div class=\"elementor-element elementor-element-ee7255a elementor-widget elementor-widget-heading\" data-id=\"ee7255a\" data-element_type=\"widget\" data-e-type=\"widget\" data-widget_type=\"heading.default\">\n\t\t\t\t\t<h3 class=\"elementor-heading-title elementor-size-default\">\u00bfQu\u00e9 es la ira y por qu\u00e9 aparece?<\/h3>\t\t\t\t<\/div>\n\t\t\t\t\t<\/div>\n\t\t\t\t<\/div>\n\t\t<div data-particle_enable=\"false\" data-particle-mobile-disabled=\"false\" class=\"elementor-element elementor-element-4c8bb76 e-flex e-con-boxed e-con e-parent\" data-id=\"4c8bb76\" data-element_type=\"container\" data-e-type=\"container\">\n\t\t\t\t\t<div class=\"e-con-inner\">\n\t\t\t\t<div class=\"elementor-element elementor-element-09c8950 elementor-widget elementor-widget-text-editor\" data-id=\"09c8950\" data-element_type=\"widget\" data-e-type=\"widget\" data-widget_type=\"text-editor.default\">\n\t\t\t\t\t\t\t\t\t<p>La ira suele surgir como una respuesta a situaciones que nos resultan injustas, amenazantes o frustrantes. Puede presentarse con distintos niveles de intensidad: desde una simple molestia hasta una furia descontrolada. Seg\u00fan la psic\u00f3loga cl\u00ednica Andrea Herrera, \u201cla ira es una emoci\u00f3n primaria que puede ayudarnos a defendernos, pero tambi\u00e9n puede cegarnos si no sabemos c\u00f3mo expresarla\u201d.<\/p><p>Los detonantes comunes incluyen el estr\u00e9s acumulado, problemas familiares o laborales, expectativas no cumplidas, traumas pasados o incluso falta de descanso. <a href=\"https:\/\/soymigrante.com\/revista\/a-veces-uno-se-enfada-pero-hay-que-calmarse-algunas-claves-para-mantener-serenidad\/\" target=\"_blank\" rel=\"noopener\">La clave est\u00e1 en reconocer cu\u00e1ndo se est\u00e1 acumulando y actuar antes de que estalle.<\/a><\/p>\t\t\t\t\t\t\t\t<\/div>\n\t\t\t\t\t<\/div>\n\t\t\t\t<\/div>\n\t\t<div data-particle_enable=\"false\" data-particle-mobile-disabled=\"false\" class=\"elementor-element elementor-element-336a946 e-flex e-con-boxed e-con e-parent\" data-id=\"336a946\" data-element_type=\"container\" data-e-type=\"container\">\n\t\t\t\t\t<div class=\"e-con-inner\">\n\t\t\t\t<div class=\"elementor-element elementor-element-69986dd elementor-grid-eael-col-1 elementor-grid-tablet-eael-col-2 elementor-grid-mobile-eael-col-1 elementor-widget elementor-widget-eael-post-grid\" data-id=\"69986dd\" data-element_type=\"widget\" data-e-type=\"widget\" data-settings=\"{&quot;eael_post_grid_columns&quot;:&quot;eael-col-1&quot;,&quot;eael_post_grid_columns_tablet&quot;:&quot;eael-col-2&quot;,&quot;eael_post_grid_columns_mobile&quot;:&quot;eael-col-1&quot;}\" data-widget_type=\"eael-post-grid.default\">\n\t\t\t\t\t<div id=\"eael-post-grid-69986dd\" class=\"eael-post-grid-container\">\n            <div class=\"eael-post-grid eael-post-appender eael-post-appender-69986dd eael-post-grid-style-one\" data-layout-mode=\"masonry\"><article class=\"eael-grid-post  eael-post-grid-column eael-pg-post-9108 category-bienestar\" data-id=\"9108\">\n        <div class=\"eael-grid-post-holder\">\n            <div class=\"eael-grid-post-holder-inner\"><div class=\"eael-entry-media\"><div class=\"eael-entry-overlay fade-in\"><i class=\"far fa-hand-pointer\" aria-hidden=\"true\"><\/i><a href=\"https:\/\/soymigrante.com\/revista\/a-veces-uno-se-enfada-pero-hay-que-calmarse-algunas-claves-para-mantener-serenidad\/\"><\/a><\/div><div class=\"eael-entry-thumbnail eael-image-ratio\">\n                <img fetchpriority=\"high\" decoding=\"async\" width=\"736\" height=\"736\" src=\"https:\/\/soymigrante.com\/revista\/wp-content\/uploads\/2024\/09\/enojo-calma.webp\" class=\"attachment-large size-large wp-image-9133\" alt=\"Chihuahua con expresi\u00f3n feroz y dientes afilados, imagen humor\u00edstica y llamativa sobre mascotas.\" srcset=\"https:\/\/soymigrante.com\/revista\/wp-content\/uploads\/2024\/09\/enojo-calma.webp 736w, https:\/\/soymigrante.com\/revista\/wp-content\/uploads\/2024\/09\/enojo-calma-300x300.webp 300w, https:\/\/soymigrante.com\/revista\/wp-content\/uploads\/2024\/09\/enojo-calma-150x150.webp 150w, https:\/\/soymigrante.com\/revista\/wp-content\/uploads\/2024\/09\/enojo-calma-75x75.webp 75w\" sizes=\"(max-width: 736px) 100vw, 736px\" \/>\n            <\/div>\n        <\/div><div class=\"eael-entry-wrapper\"><header class=\"eael-entry-header\"><h2 class=\"eael-entry-title\"><a class=\"eael-grid-post-link\" href=\"https:\/\/soymigrante.com\/revista\/a-veces-uno-se-enfada-pero-hay-que-calmarse-algunas-claves-para-mantener-serenidad\/\" title=\"A veces uno se enfada, pero hay que  calmarse: Algunas claves para mantener serenidad\">A veces uno se enfada, pero hay que  calmarse: Algunas claves para mantener serenidad<\/a><\/h2><\/header><div class=\"eael-entry-content\">\n                        <div class=\"eael-grid-post-excerpt\"><a href=\"https:\/\/soymigrante.com\/revista\/a-veces-uno-se-enfada-pero-hay-que-calmarse-algunas-claves-para-mantener-serenidad\/\" class=\"eael-post-elements-readmore-btn\">CONOCE SU HISTORIA <\/a><\/div>\n                    <\/div><\/div><\/div>\n        <\/div>\n    <\/article><\/div>\n            <div class=\"clearfix\"><\/div>\n        <\/div>\t\t\t\t<\/div>\n\t\t\t\t\t<\/div>\n\t\t\t\t<\/div>\n\t\t<div data-particle_enable=\"false\" data-particle-mobile-disabled=\"false\" class=\"elementor-element elementor-element-09ec51d e-flex e-con-boxed e-con e-parent\" data-id=\"09ec51d\" data-element_type=\"container\" data-e-type=\"container\">\n\t\t\t\t\t<div class=\"e-con-inner\">\n\t\t\t\t<div class=\"elementor-element elementor-element-f501e9a elementor-widget elementor-widget-heading\" data-id=\"f501e9a\" data-element_type=\"widget\" data-e-type=\"widget\" data-widget_type=\"heading.default\">\n\t\t\t\t\t<h3 class=\"elementor-heading-title elementor-size-default\">Consecuencias de no controlar la ira<\/h3>\t\t\t\t<\/div>\n\t\t\t\t\t<\/div>\n\t\t\t\t<\/div>\n\t\t<div data-particle_enable=\"false\" data-particle-mobile-disabled=\"false\" class=\"elementor-element elementor-element-7b4047c e-flex e-con-boxed e-con e-parent\" data-id=\"7b4047c\" data-element_type=\"container\" data-e-type=\"container\">\n\t\t\t\t\t<div class=\"e-con-inner\">\n\t\t\t\t<div class=\"elementor-element elementor-element-12b4f54 elementor-widget elementor-widget-text-editor\" data-id=\"12b4f54\" data-element_type=\"widget\" data-e-type=\"widget\" data-widget_type=\"text-editor.default\">\n\t\t\t\t\t\t\t\t\t<div><a href=\"https:\/\/soymigrante.com\/revista\/a-veces-uno-se-enfada-pero-hay-que-calmarse-algunas-claves-para-mantener-serenidad\/\" target=\"_blank\" rel=\"noopener\">Cuando se reprime o se expresa de forma explosiva, la ira puede llevar a consecuencias graves<\/a> como:<\/div><div>\u2022Da\u00f1o a las relaciones personales<\/div><div>\u2022Problemas en el trabajo o la escuela<\/div><div>\u2022Aumento del estr\u00e9s y la ansiedad<\/div><div>\u2022Problemas f\u00edsicos como hipertensi\u00f3n, insomnio o dolor de cabeza<\/div><div>\u2022Violencia verbal o f\u00edsica<\/div>\t\t\t\t\t\t\t\t<\/div>\n\t\t\t\t\t<\/div>\n\t\t\t\t<\/div>\n\t\t<div data-particle_enable=\"false\" data-particle-mobile-disabled=\"false\" class=\"elementor-element elementor-element-a4e6c02 e-flex e-con-boxed e-con e-parent\" data-id=\"a4e6c02\" data-element_type=\"container\" data-e-type=\"container\">\n\t\t\t\t\t<div class=\"e-con-inner\">\n\t\t\t\t<div class=\"elementor-element elementor-element-2f231b3 elementor-widget elementor-widget-heading\" data-id=\"2f231b3\" data-element_type=\"widget\" data-e-type=\"widget\" data-widget_type=\"heading.default\">\n\t\t\t\t\t<h3 class=\"elementor-heading-title elementor-size-default\">Recomendaciones para manejar la ira<\/h3>\t\t\t\t<\/div>\n\t\t\t\t\t<\/div>\n\t\t\t\t<\/div>\n\t\t<div data-particle_enable=\"false\" data-particle-mobile-disabled=\"false\" class=\"elementor-element elementor-element-011563f e-flex e-con-boxed e-con e-parent\" data-id=\"011563f\" data-element_type=\"container\" data-e-type=\"container\">\n\t\t\t\t\t<div class=\"e-con-inner\">\n\t\t\t\t<div class=\"elementor-element elementor-element-8d82572 elementor-widget elementor-widget-text-editor\" data-id=\"8d82572\" data-element_type=\"widget\" data-e-type=\"widget\" data-widget_type=\"text-editor.default\">\n\t\t\t\t\t\t\t\t\t<div><strong>1. Reconoce tus se\u00f1ales corporales y emocionales<\/strong><\/div><div>Aumento del ritmo card\u00edaco, tensi\u00f3n muscular, sudoraci\u00f3n o pensamientos negativos son algunas se\u00f1ales de alerta. Identificarlas a tiempo permite tomar distancia y evitar reacciones impulsivas.<\/div><div><strong>2.Respira profundamente y cuenta hasta diez<\/strong><\/div><div>Esta t\u00e9cnica b\u00e1sica puede parecer simple, pero ayuda a oxigenar el cerebro, calmar el cuerpo y ganar unos segundos valiosos para pensar antes de actuar.<\/div><div><strong>3.Haz una pausa y al\u00e9jate del conflicto<\/strong><\/div><div><a href=\"https:\/\/soymigrante.com\/revista\/a-veces-uno-se-enfada-pero-hay-que-calmarse-algunas-claves-para-mantener-serenidad\/\" target=\"_blank\" rel=\"noopener\">Si est\u00e1s a punto de estallar, al\u00e9jate del lugar o la conversaci\u00f3n<\/a>. Darte unos minutos o incluso horas antes de responder puede marcar la diferencia.<\/div><div><strong>4.Comunica lo que sientes con calma y claridad<\/strong><\/div><div>En lugar de gritar o acusar, utiliza frases como \u201cme siento frustrado porque\u2026\u201d para expresar lo que sientes sin agredir a otros.<\/div><div><strong>5.Haz ejercicio f\u00edsico<\/strong><\/div><div>Actividades como caminar, correr o practicar alg\u00fan deporte ayudan a liberar tensiones y reducir los niveles de estr\u00e9s que alimentan la ira.<\/div><div>\u00a0<\/div>\t\t\t\t\t\t\t\t<\/div>\n\t\t\t\t\t<\/div>\n\t\t\t\t<\/div>\n\t\t<div data-particle_enable=\"false\" data-particle-mobile-disabled=\"false\" class=\"elementor-element elementor-element-ed2c975 e-flex e-con-boxed e-con e-parent\" data-id=\"ed2c975\" data-element_type=\"container\" data-e-type=\"container\">\n\t\t\t\t\t<div class=\"e-con-inner\">\n\t\t\t\t<div class=\"elementor-element elementor-element-5f2c9b7 elementor-grid-eael-col-1 elementor-grid-tablet-eael-col-2 elementor-grid-mobile-eael-col-1 elementor-widget elementor-widget-eael-post-grid\" data-id=\"5f2c9b7\" data-element_type=\"widget\" data-e-type=\"widget\" data-settings=\"{&quot;eael_post_grid_columns&quot;:&quot;eael-col-1&quot;,&quot;eael_post_grid_columns_tablet&quot;:&quot;eael-col-2&quot;,&quot;eael_post_grid_columns_mobile&quot;:&quot;eael-col-1&quot;}\" data-widget_type=\"eael-post-grid.default\">\n\t\t\t\t\t<div id=\"eael-post-grid-5f2c9b7\" class=\"eael-post-grid-container\">\n            <div class=\"eael-post-grid eael-post-appender eael-post-appender-5f2c9b7 eael-post-grid-style-one\" data-layout-mode=\"masonry\"><article class=\"eael-grid-post  eael-post-grid-column eael-pg-post-20446 category-bienestar\" data-id=\"20446\">\n        <div class=\"eael-grid-post-holder\">\n            <div class=\"eael-grid-post-holder-inner\"><div class=\"eael-entry-media\"><div class=\"eael-entry-overlay fade-in\"><i class=\"far fa-hand-pointer\" aria-hidden=\"true\"><\/i><a href=\"https:\/\/soymigrante.com\/revista\/como-puedo-identificar-sintomas-de-depresion-o-ansiedad\/\"><\/a><\/div><div class=\"eael-entry-thumbnail eael-image-ratio\">\n                <img decoding=\"async\" width=\"1024\" height=\"1024\" src=\"https:\/\/soymigrante.com\/revista\/wp-content\/uploads\/2025\/01\/Sen\u0303ales-de-alerta-de-depresio\u0301n-y-ansiedad-en-migrantes2-scaled-e1736786647146-1024x1024.jpg\" class=\"attachment-large size-large wp-image-20447\" alt=\"Se\u00f1ales de alerta de depresi\u00f3n y ansiedad en migrantes\" srcset=\"https:\/\/soymigrante.com\/revista\/wp-content\/uploads\/2025\/01\/Sen\u0303ales-de-alerta-de-depresio\u0301n-y-ansiedad-en-migrantes2-scaled-e1736786647146-1024x1024.jpg 1024w, https:\/\/soymigrante.com\/revista\/wp-content\/uploads\/2025\/01\/Sen\u0303ales-de-alerta-de-depresio\u0301n-y-ansiedad-en-migrantes2-scaled-e1736786647146-300x300.jpg 300w, https:\/\/soymigrante.com\/revista\/wp-content\/uploads\/2025\/01\/Sen\u0303ales-de-alerta-de-depresio\u0301n-y-ansiedad-en-migrantes2-scaled-e1736786647146-150x150.jpg 150w, https:\/\/soymigrante.com\/revista\/wp-content\/uploads\/2025\/01\/Sen\u0303ales-de-alerta-de-depresio\u0301n-y-ansiedad-en-migrantes2-scaled-e1736786647146-768x768.jpg 768w, https:\/\/soymigrante.com\/revista\/wp-content\/uploads\/2025\/01\/Sen\u0303ales-de-alerta-de-depresio\u0301n-y-ansiedad-en-migrantes2-scaled-e1736786647146-1536x1536.jpg 1536w, https:\/\/soymigrante.com\/revista\/wp-content\/uploads\/2025\/01\/Sen\u0303ales-de-alerta-de-depresio\u0301n-y-ansiedad-en-migrantes2-scaled-e1736786647146-75x75.webp 75w, https:\/\/soymigrante.com\/revista\/wp-content\/uploads\/2025\/01\/Sen\u0303ales-de-alerta-de-depresio\u0301n-y-ansiedad-en-migrantes2-scaled-e1736786647146-750x750.webp 750w, https:\/\/soymigrante.com\/revista\/wp-content\/uploads\/2025\/01\/Sen\u0303ales-de-alerta-de-depresio\u0301n-y-ansiedad-en-migrantes2-scaled-e1736786647146-1140x1140.webp 1140w, https:\/\/soymigrante.com\/revista\/wp-content\/uploads\/2025\/01\/Sen\u0303ales-de-alerta-de-depresio\u0301n-y-ansiedad-en-migrantes2-scaled-e1736786647146.webp 1758w\" sizes=\"(max-width: 1024px) 100vw, 1024px\" \/>\n            <\/div>\n        <\/div><div class=\"eael-entry-wrapper\"><header class=\"eael-entry-header\"><h2 class=\"eael-entry-title\"><a class=\"eael-grid-post-link\" href=\"https:\/\/soymigrante.com\/revista\/como-puedo-identificar-sintomas-de-depresion-o-ansiedad\/\" title=\"\u00bfC\u00f3mo puedo identificar s\u00edntomas de depresi\u00f3n o ansiedad?\">\u00bfC\u00f3mo puedo identificar s\u00edntomas de depresi\u00f3n o ansiedad?<\/a><\/h2><\/header><div class=\"eael-entry-content\">\n                        <div class=\"eael-grid-post-excerpt\"><a href=\"https:\/\/soymigrante.com\/revista\/como-puedo-identificar-sintomas-de-depresion-o-ansiedad\/\" class=\"eael-post-elements-readmore-btn\">CONOCE SU HISTORIA <\/a><\/div>\n                    <\/div><\/div><\/div>\n        <\/div>\n    <\/article><\/div>\n            <div class=\"clearfix\"><\/div>\n        <\/div>\t\t\t\t<\/div>\n\t\t\t\t\t<\/div>\n\t\t\t\t<\/div>\n\t\t<div data-particle_enable=\"false\" data-particle-mobile-disabled=\"false\" class=\"elementor-element elementor-element-1b2b027 e-flex e-con-boxed e-con e-parent\" data-id=\"1b2b027\" data-element_type=\"container\" data-e-type=\"container\">\n\t\t\t\t\t<div class=\"e-con-inner\">\n\t\t\t\t<div class=\"elementor-element elementor-element-2aec2d1 elementor-widget elementor-widget-text-editor\" data-id=\"2aec2d1\" data-element_type=\"widget\" data-e-type=\"widget\" data-widget_type=\"text-editor.default\">\n\t\t\t\t\t\t\t\t\t<div><strong>6. Escribe lo que sientes<\/strong><\/div><div>Un diario emocional o simplemente escribir lo que est\u00e1s pensando puede ayudarte a procesar la emoci\u00f3n de forma segura.<\/div><div><strong>7.Busca apoyo emocional o ayuda profesional<\/strong><\/div><div>Hablar con alguien de confianza o con un terapeuta puede ayudarte a identificar patrones de comportamiento, heridas emocionales o problemas de fondo que alimentan la ira.<\/div><div><strong>8.Practica t\u00e9cnicas de relajaci\u00f3n y mindfulness<\/strong><\/div><div>La meditaci\u00f3n, el yoga o ejercicios de relajaci\u00f3n progresiva pueden ayudarte a entrenar la mente para responder con calma.<\/div><div><strong>9.Establece l\u00edmites saludables<\/strong><\/div><div>Aprender a decir \u201cno\u201d y evitar personas o ambientes t\u00f3xicos es fundamental para evitar acumulaci\u00f3n de enojo.<\/div><div><strong>10.Reformula tus pensamientos<\/strong><\/div><div><a href=\"https:\/\/soymigrante.com\/revista\/a-veces-uno-se-enfada-pero-hay-que-calmarse-algunas-claves-para-mantener-serenidad\/\" target=\"_blank\" rel=\"noopener\">Muchas veces la ira viene de interpretaciones err\u00f3neas o exageradas de lo que sucede.<\/a> Preg\u00fantate: \u00bfestoy viendo la situaci\u00f3n de forma objetiva? \u00bfPodr\u00eda haber otra explicaci\u00f3n?<\/div>\t\t\t\t\t\t\t\t<\/div>\n\t\t\t\t\t<\/div>\n\t\t\t\t<\/div>\n\t\t<div data-particle_enable=\"false\" data-particle-mobile-disabled=\"false\" class=\"elementor-element elementor-element-b29f025 e-flex e-con-boxed e-con e-parent\" data-id=\"b29f025\" data-element_type=\"container\" data-e-type=\"container\">\n\t\t\t\t\t<div class=\"e-con-inner\">\n\t\t\t\t<div class=\"elementor-element elementor-element-8b29b39 elementor-widget elementor-widget-heading\" data-id=\"8b29b39\" data-element_type=\"widget\" data-e-type=\"widget\" data-widget_type=\"heading.default\">\n\t\t\t\t\t<h3 class=\"elementor-heading-title elementor-size-default\">Una emoci\u00f3n que puede transformarse<\/h3>\t\t\t\t<\/div>\n\t\t\t\t\t<\/div>\n\t\t\t\t<\/div>\n\t\t<div data-particle_enable=\"false\" data-particle-mobile-disabled=\"false\" class=\"elementor-element elementor-element-e985ad3 e-flex e-con-boxed e-con e-parent\" data-id=\"e985ad3\" data-element_type=\"container\" data-e-type=\"container\">\n\t\t\t\t\t<div class=\"e-con-inner\">\n\t\t\t\t<div class=\"elementor-element elementor-element-3a1b41a elementor-widget elementor-widget-text-editor\" data-id=\"3a1b41a\" data-element_type=\"widget\" data-e-type=\"widget\" data-widget_type=\"text-editor.default\">\n\t\t\t\t\t\t\t\t\t<p><a href=\"https:\/\/soymigrante.com\/revista\/a-veces-uno-se-enfada-pero-hay-que-calmarse-algunas-claves-para-mantener-serenidad\/\" target=\"_blank\" rel=\"noopener\">La ira, bien canalizada, puede convertirse en una fuente de energ\u00eda para el cambio.<\/a> Puede impulsarnos a defender derechos, mejorar relaciones o tomar decisiones importantes. Pero para lograrlo, es necesario asumir responsabilidad emocional y adquirir herramientas.<\/p><p>Como concluye la psic\u00f3loga Herrera: \u201cSentir ira no te hace una mala persona. Lo importante es lo que haces con esa emoci\u00f3n. Puedes usarla para destruir, o puedes transformarla en un motor para crecer\u201d.<\/p>\t\t\t\t\t\t\t\t<\/div>\n\t\t\t\t\t<\/div>\n\t\t\t\t<\/div>\n\t\t<div data-particle_enable=\"false\" data-particle-mobile-disabled=\"false\" class=\"elementor-element elementor-element-ffda046 e-flex e-con-boxed e-con e-parent\" data-id=\"ffda046\" data-element_type=\"container\" data-e-type=\"container\">\n\t\t\t\t\t<div class=\"e-con-inner\">\n\t\t\t\t<div class=\"elementor-element elementor-element-ce2a3a7 elementor-widget elementor-widget-heading\" data-id=\"ce2a3a7\" data-element_type=\"widget\" data-e-type=\"widget\" data-widget_type=\"heading.default\">\n\t\t\t\t\t<h2 class=\"elementor-heading-title elementor-size-default\">Conoce otros temas que te puedan interesar...<\/h2>\t\t\t\t<\/div>\n\t\t\t\t\t<\/div>\n\t\t\t\t<\/div>\n\t\t<div data-particle_enable=\"false\" data-particle-mobile-disabled=\"false\" class=\"elementor-element elementor-element-33d83db e-flex e-con-boxed e-con e-parent\" data-id=\"33d83db\" data-element_type=\"container\" data-e-type=\"container\">\n\t\t\t\t\t<div class=\"e-con-inner\">\n\t\t\t\t<div class=\"elementor-element elementor-element-9e406b4 elementor-grid-eael-col-3 elementor-grid-tablet-eael-col-2 elementor-grid-mobile-eael-col-1 elementor-widget elementor-widget-eael-post-grid\" data-id=\"9e406b4\" data-element_type=\"widget\" data-e-type=\"widget\" data-settings=\"{&quot;eael_post_grid_columns&quot;:&quot;eael-col-3&quot;,&quot;eael_post_grid_columns_tablet&quot;:&quot;eael-col-2&quot;,&quot;eael_post_grid_columns_mobile&quot;:&quot;eael-col-1&quot;}\" data-widget_type=\"eael-post-grid.default\">\n\t\t\t\t\t<div id=\"eael-post-grid-9e406b4\" class=\"eael-post-grid-container\">\n            <div class=\"eael-post-grid eael-post-appender eael-post-appender-9e406b4 eael-post-grid-style-one\" data-layout-mode=\"masonry\"><article class=\"eael-grid-post  eael-post-grid-column eael-pg-post-8704 category-bienestar\" data-id=\"8704\">\n        <div class=\"eael-grid-post-holder\">\n            <div class=\"eael-grid-post-holder-inner\"><div class=\"eael-entry-media\"><div class=\"eael-entry-overlay fade-in\"><i class=\"far fa-hand-pointer\" aria-hidden=\"true\"><\/i><a href=\"https:\/\/soymigrante.com\/revista\/hay-que-aprender-a-autocontrolar-las-emociones\/\"><\/a><\/div><div class=\"eael-entry-thumbnail \">\n                <img decoding=\"async\" width=\"871\" height=\"871\" src=\"https:\/\/soymigrante.com\/revista\/wp-content\/uploads\/2024\/09\/controlar-emociones.webp\" class=\"attachment-large size-large wp-image-8780\" alt=\"Reflexi\u00f3n, migrantes, soymigrante, inmigraci\u00f3n, identidad, sentimientos, tristeza, esperanza, comunidad, derechos, cultura, inclusi\u00f3n, igualdad, desaf\u00edos, sue\u00f1os, situaciones, j\u00f3venes, mujeres, ni\u00f1os, reflexi\u00f3n migratoria.\" srcset=\"https:\/\/soymigrante.com\/revista\/wp-content\/uploads\/2024\/09\/controlar-emociones.webp 871w, https:\/\/soymigrante.com\/revista\/wp-content\/uploads\/2024\/09\/controlar-emociones-300x300.webp 300w, https:\/\/soymigrante.com\/revista\/wp-content\/uploads\/2024\/09\/controlar-emociones-150x150.webp 150w, https:\/\/soymigrante.com\/revista\/wp-content\/uploads\/2024\/09\/controlar-emociones-768x768.webp 768w, https:\/\/soymigrante.com\/revista\/wp-content\/uploads\/2024\/09\/controlar-emociones-75x75.webp 75w, https:\/\/soymigrante.com\/revista\/wp-content\/uploads\/2024\/09\/controlar-emociones-750x750.webp 750w\" sizes=\"(max-width: 871px) 100vw, 871px\" \/>\n            <\/div>\n        <\/div><div class=\"eael-entry-wrapper\"><header class=\"eael-entry-header\"><h2 class=\"eael-entry-title\"><a class=\"eael-grid-post-link\" href=\"https:\/\/soymigrante.com\/revista\/hay-que-aprender-a-autocontrolar-las-emociones\/\" title=\"Hay que aprender a autocontrolar las emociones\">Hay que aprender a autocontrolar las emociones<\/a><\/h2><\/header><div class=\"eael-entry-content\">\n                        <div class=\"eael-grid-post-excerpt\"><a href=\"https:\/\/soymigrante.com\/revista\/hay-que-aprender-a-autocontrolar-las-emociones\/\" class=\"eael-post-elements-readmore-btn\">CONOCE SU HISTORIA <\/a><\/div>\n                    <\/div><\/div><\/div>\n        <\/div>\n    <\/article><article class=\"eael-grid-post  eael-post-grid-column eael-pg-post-7648 category-bienestar\" data-id=\"7648\">\n        <div class=\"eael-grid-post-holder\">\n            <div class=\"eael-grid-post-holder-inner\"><div class=\"eael-entry-media\"><div class=\"eael-entry-overlay fade-in\"><i class=\"far fa-hand-pointer\" aria-hidden=\"true\"><\/i><a href=\"https:\/\/soymigrante.com\/revista\/cinco-claves-del-manejo-de-sentimientos-y-emociones-para-mejorar-tu-vida\/\"><\/a><\/div><div class=\"eael-entry-thumbnail \">\n                <img loading=\"lazy\" decoding=\"async\" width=\"542\" height=\"471\" src=\"https:\/\/soymigrante.com\/revista\/wp-content\/uploads\/2024\/07\/emociones-y-sentimientos.webp\" class=\"attachment-large size-large wp-image-7673\" alt=\"Emojis con diferentes expresiones faciales, relacionadas con emociones como felicidad, sorpresa, tristeza y amor.\" srcset=\"https:\/\/soymigrante.com\/revista\/wp-content\/uploads\/2024\/07\/emociones-y-sentimientos.webp 542w, https:\/\/soymigrante.com\/revista\/wp-content\/uploads\/2024\/07\/emociones-y-sentimientos-300x261.webp 300w\" sizes=\"(max-width: 542px) 100vw, 542px\" \/>\n            <\/div>\n        <\/div><div class=\"eael-entry-wrapper\"><header class=\"eael-entry-header\"><h2 class=\"eael-entry-title\"><a class=\"eael-grid-post-link\" href=\"https:\/\/soymigrante.com\/revista\/cinco-claves-del-manejo-de-sentimientos-y-emociones-para-mejorar-tu-vida\/\" title=\"Cinco consejos profesionales para el manejo de sentimientos y emociones\">Cinco consejos profesionales para el manejo de sentimientos y emociones<\/a><\/h2><\/header><div class=\"eael-entry-content\">\n                        <div class=\"eael-grid-post-excerpt\"><a href=\"https:\/\/soymigrante.com\/revista\/cinco-claves-del-manejo-de-sentimientos-y-emociones-para-mejorar-tu-vida\/\" class=\"eael-post-elements-readmore-btn\">CONOCE SU HISTORIA <\/a><\/div>\n                    <\/div><\/div><\/div>\n        <\/div>\n    <\/article><article class=\"eael-grid-post  eael-post-grid-column eael-pg-post-1235 category-bienestar\" data-id=\"1235\">\n        <div class=\"eael-grid-post-holder\">\n            <div class=\"eael-grid-post-holder-inner\"><div class=\"eael-entry-media\"><div class=\"eael-entry-overlay fade-in\"><i class=\"far fa-hand-pointer\" aria-hidden=\"true\"><\/i><a href=\"https:\/\/soymigrante.com\/revista\/superar-emociones-negativas-al-migrar\/\"><\/a><\/div><div class=\"eael-entry-thumbnail \">\n                <img loading=\"lazy\" decoding=\"async\" width=\"1024\" height=\"1024\" src=\"https:\/\/soymigrante.com\/revista\/wp-content\/uploads\/2023\/06\/SUPERAR-MIGRACION-ARTICULO-HENRY-ARMAS-1-1024x1024.png\" class=\"attachment-large size-large wp-image-1236\" alt=\"\" srcset=\"https:\/\/soymigrante.com\/revista\/wp-content\/uploads\/2023\/06\/SUPERAR-MIGRACION-ARTICULO-HENRY-ARMAS-1-1024x1024.png 1024w, https:\/\/soymigrante.com\/revista\/wp-content\/uploads\/2023\/06\/SUPERAR-MIGRACION-ARTICULO-HENRY-ARMAS-1-300x300.webp 300w, https:\/\/soymigrante.com\/revista\/wp-content\/uploads\/2023\/06\/SUPERAR-MIGRACION-ARTICULO-HENRY-ARMAS-1-150x150.webp 150w, https:\/\/soymigrante.com\/revista\/wp-content\/uploads\/2023\/06\/SUPERAR-MIGRACION-ARTICULO-HENRY-ARMAS-1-768x768.png 768w, https:\/\/soymigrante.com\/revista\/wp-content\/uploads\/2023\/06\/SUPERAR-MIGRACION-ARTICULO-HENRY-ARMAS-1-1536x1536.png 1536w, https:\/\/soymigrante.com\/revista\/wp-content\/uploads\/2023\/06\/SUPERAR-MIGRACION-ARTICULO-HENRY-ARMAS-1-2048x2048.png 2048w, https:\/\/soymigrante.com\/revista\/wp-content\/uploads\/2023\/06\/SUPERAR-MIGRACION-ARTICULO-HENRY-ARMAS-1-75x75.webp 75w, https:\/\/soymigrante.com\/revista\/wp-content\/uploads\/2023\/06\/SUPERAR-MIGRACION-ARTICULO-HENRY-ARMAS-1-750x750.webp 750w, https:\/\/soymigrante.com\/revista\/wp-content\/uploads\/2023\/06\/SUPERAR-MIGRACION-ARTICULO-HENRY-ARMAS-1-1140x1140.png 1140w, https:\/\/soymigrante.com\/revista\/wp-content\/uploads\/2023\/06\/SUPERAR-MIGRACION-ARTICULO-HENRY-ARMAS-1-600x600.png 600w, https:\/\/soymigrante.com\/revista\/wp-content\/uploads\/2023\/06\/SUPERAR-MIGRACION-ARTICULO-HENRY-ARMAS-1.webp 1919w\" sizes=\"(max-width: 1024px) 100vw, 1024px\" \/>\n            <\/div>\n        <\/div><div class=\"eael-entry-wrapper\"><header class=\"eael-entry-header\"><h2 class=\"eael-entry-title\"><a class=\"eael-grid-post-link\" href=\"https:\/\/soymigrante.com\/revista\/superar-emociones-negativas-al-migrar\/\" title=\"Cinco herramientas para superar emociones negativas al migrar\">Cinco herramientas para superar emociones negativas al migrar<\/a><\/h2><\/header><div class=\"eael-entry-content\">\n                        <div class=\"eael-grid-post-excerpt\"><a href=\"https:\/\/soymigrante.com\/revista\/superar-emociones-negativas-al-migrar\/\" class=\"eael-post-elements-readmore-btn\">CONOCE SU HISTORIA <\/a><\/div>\n                    <\/div><\/div><\/div>\n        <\/div>\n    <\/article><\/div>\n            <div class=\"clearfix\"><\/div>\n        <\/div>\t\t\t\t<\/div>\n\t\t\t\t\t<\/div>\n\t\t\t\t<\/div>\n\t\t\t\t<\/div>\n\t\t","protected":false},"excerpt":{"rendered":"<p>\u00bfC\u00f3mo manejar la ira? Es una emoci\u00f3n que se debe saber controlar La ira es una emoci\u00f3n que se puede aprender a controlar, pero se necesita manejar adecuadamente. La ira es una emoci\u00f3n humana natural que todos experimentamos en distintos momentos de la vida. Sin embargo, cuando no se maneja adecuadamente, puede convertirse en una [&hellip;]<\/p>\n","protected":false},"author":19,"featured_media":35779,"comment_status":"open","ping_status":"open","sticky":false,"template":"","format":"standard","meta":{"_acf_changed":false,"_eb_attr":"","footnotes":""},"categories":[259],"tags":[260],"class_list":["post-35778","post","type-post","status-publish","format-standard","has-post-thumbnail","hentry","category-salud-emocional","tag-salud-emocional"],"acf":[],"aioseo_notices":[],"aioseo_head":"\n\t\t<!-- All in One SEO Pro 4.9.6.2 - aioseo.com -->\n\t<meta name=\"description\" content=\"Existen emociones y sentimientos que pueden afectar el desempe\u00f1o, la visi\u00f3n y las convicciones del migrante guatemalteco que busca un mejor futuro. Pero tambi\u00e9n hay herramientas para controlar tales sensaciones: estas son cinco de ellas. Por Andr\u00e9 Armas Bran, educador y consejero de bienestar radicado en Guatemala. Un migrante tarde o temprano experimenta emociones negativas.\" \/>\n\t<meta name=\"robots\" content=\"max-snippet:-1, max-image-preview:large, max-video-preview:-1\" \/>\n\t<meta name=\"author\" content=\"SoyMigrante.com REVISTA\"\/>\n\t<link rel=\"canonical\" href=\"https:\/\/soymigrante.com\/revista\/superar-emociones-negativas-al-migrar\/\" \/>\n\t<meta name=\"generator\" content=\"All in One SEO Pro (AIOSEO) 4.9.6.2\" \/>\n\n\t\t<link rel=\"preconnect\" href=\"https:\/\/fonts.googleapis.com\" crossorigin>\n<link rel=\"preconnect\" href=\"https:\/\/fonts.gstatic.com\" crossorigin>\n\t\t<meta property=\"og:locale\" content=\"es_ES\" \/>\n\t\t<meta property=\"og:site_name\" content=\"SoyMigrante.com REVISTA \u2013 Nuestra misi\u00f3n es reconocer y dignificar al migrante.\" \/>\n\t\t<meta property=\"og:type\" content=\"article\" \/>\n\t\t<meta property=\"og:title\" content=\"Cinco herramientas para superar emociones negativas al migrar\" \/>\n\t\t<meta property=\"og:description\" content=\"Existen emociones y sentimientos que pueden afectar el desempe\u00f1o, la visi\u00f3n y las convicciones del migrante guatemalteco que busca un mejor futuro. Pero tambi\u00e9n hay herramientas para controlar tales sensaciones: estas son cinco de ellas. Por Andr\u00e9 Armas Bran, educador y consejero de bienestar radicado en Guatemala. Un migrante tarde o temprano experimenta emociones negativas.\" \/>\n\t\t<meta property=\"og:url\" content=\"https:\/\/soymigrante.com\/revista\/superar-emociones-negativas-al-migrar\/\" \/>\n\t\t<meta property=\"og:image\" content=\"https:\/\/soymigrante.com\/revista\/wp-content\/uploads\/2023\/06\/SUPERAR-MIGRACION-ARTICULO-HENRY-ARMAS-1.webp\" \/>\n\t\t<meta property=\"og:image:secure_url\" content=\"https:\/\/soymigrante.com\/revista\/wp-content\/uploads\/2023\/06\/SUPERAR-MIGRACION-ARTICULO-HENRY-ARMAS-1.webp\" \/>\n\t\t<meta property=\"og:image:width\" content=\"1919\" \/>\n\t\t<meta property=\"og:image:height\" content=\"1920\" \/>\n\t\t<meta property=\"article:published_time\" content=\"2023-06-06T20:56:55+00:00\" \/>\n\t\t<meta property=\"article:modified_time\" content=\"2024-11-01T10:44:59+00:00\" \/>\n\t\t<meta property=\"article:publisher\" content=\"https:\/\/www.facebook.com\/soymigrantecom\" \/>\n\t\t<meta name=\"twitter:card\" content=\"summary_large_image\" \/>\n\t\t<meta name=\"twitter:site\" content=\"@SoyMigrante_com\" \/>\n\t\t<meta name=\"twitter:title\" content=\"Cinco herramientas para superar emociones negativas al migrar\" \/>\n\t\t<meta name=\"twitter:description\" content=\"Existen emociones y sentimientos que pueden afectar el desempe\u00f1o, la visi\u00f3n y las convicciones del migrante guatemalteco que busca un mejor futuro. Pero tambi\u00e9n hay herramientas para controlar tales sensaciones: estas son cinco de ellas. Por Andr\u00e9 Armas Bran, educador y consejero de bienestar radicado en Guatemala. Un migrante tarde o temprano experimenta emociones negativas.\" \/>\n\t\t<meta name=\"twitter:creator\" content=\"@SoyMigrante_com\" \/>\n\t\t<meta name=\"twitter:image\" content=\"https:\/\/soymigrante.com\/revista\/wp-content\/uploads\/2023\/06\/SUPERAR-MIGRACION-ARTICULO-HENRY-ARMAS-1.webp\" \/>\n\t\t<!-- All in One SEO Pro -->\r\n\t\t<title>Cinco herramientas para superar emociones negativas al migrar<\/title>\n\n","aioseo_head_json":{"title":"Cinco herramientas para superar emociones negativas al migrar","description":"Existen emociones y sentimientos que pueden afectar el desempe\u00f1o, la visi\u00f3n y las convicciones del migrante guatemalteco que busca un mejor futuro. Pero tambi\u00e9n hay herramientas para controlar tales sensaciones: estas son cinco de ellas. Por Andr\u00e9 Armas Bran, educador y consejero de bienestar radicado en Guatemala. Un migrante tarde o temprano experimenta emociones negativas.","canonical_url":"https:\/\/soymigrante.com\/revista\/superar-emociones-negativas-al-migrar\/","robots":"max-snippet:-1, max-image-preview:large, max-video-preview:-1","keywords":"","webmasterTools":{"miscellaneous":"&lt;link rel=\"preconnect\" href=\"https:\/\/fonts.googleapis.com\" crossorigin&gt;\n&lt;link rel=\"preconnect\" href=\"https:\/\/fonts.gstatic.com\" crossorigin&gt;"},"schema":null,"og:locale":"es_ES","og:site_name":"SoyMigrante.com REVISTA \u2013 Nuestra misi\u00f3n es reconocer y dignificar al migrante.","og:type":"article","og:title":"Cinco herramientas para superar emociones negativas al migrar","og:description":"Existen emociones y sentimientos que pueden afectar el desempe\u00f1o, la visi\u00f3n y las convicciones del migrante guatemalteco que busca un mejor futuro. Pero tambi\u00e9n hay herramientas para controlar tales sensaciones: estas son cinco de ellas. Por Andr\u00e9 Armas Bran, educador y consejero de bienestar radicado en Guatemala. Un migrante tarde o temprano experimenta emociones negativas.","og:url":"https:\/\/soymigrante.com\/revista\/superar-emociones-negativas-al-migrar\/","og:image":"https:\/\/soymigrante.com\/revista\/wp-content\/uploads\/2023\/06\/SUPERAR-MIGRACION-ARTICULO-HENRY-ARMAS-1.webp","og:image:secure_url":"https:\/\/soymigrante.com\/revista\/wp-content\/uploads\/2023\/06\/SUPERAR-MIGRACION-ARTICULO-HENRY-ARMAS-1.webp","og:image:width":1919,"og:image:height":1920,"article:published_time":"2023-06-06T20:56:55+00:00","article:modified_time":"2024-11-01T10:44:59+00:00","article:publisher":"https:\/\/www.facebook.com\/soymigrantecom","twitter:card":"summary_large_image","twitter:site":"@SoyMigrante_com","twitter:title":"Cinco herramientas para superar emociones negativas al migrar","twitter:description":"Existen emociones y sentimientos que pueden afectar el desempe\u00f1o, la visi\u00f3n y las convicciones del migrante guatemalteco que busca un mejor futuro. Pero tambi\u00e9n hay herramientas para controlar tales sensaciones: estas son cinco de ellas. Por Andr\u00e9 Armas Bran, educador y consejero de bienestar radicado en Guatemala. Un migrante tarde o temprano experimenta emociones negativas.","twitter:creator":"@SoyMigrante_com","twitter:image":"https:\/\/soymigrante.com\/revista\/wp-content\/uploads\/2023\/06\/SUPERAR-MIGRACION-ARTICULO-HENRY-ARMAS-1.webp"},"aioseo_meta_data":{"post_id":"35778","title":null,"description":"La ira es una emoci\u00f3n que se puede aprender a controlar, pero se necesita manejar adecuadamente.","keywords":null,"keyphrases":{"focus":{"keyphrase":"ira","score":91,"analysis":{"keyphraseInTitle":{"score":9,"maxScore":9,"error":0},"keyphraseInDescription":{"score":9,"maxScore":9,"error":0},"keyphraseLength":{"score":9,"maxScore":9,"error":0,"length":1},"keyphraseInURL":{"score":5,"maxScore":5,"error":0},"keyphraseInIntroduction":{"score":9,"maxScore":9,"error":0},"keyphraseInSubHeadings":{"score":9,"maxScore":9,"error":0},"keyphraseInImageAlt":{"score":3,"maxScore":9,"error":1},"keywordDensity":{"type":"best","score":9,"maxScore":9,"error":0}}},"additional":[{"keyphrase":"ira","score":87,"analysis":{"keyphraseInDescription":{"score":9,"maxScore":9,"error":0},"keyphraseLength":{"score":9,"maxScore":9,"error":0,"length":1},"keyphraseInIntroduction":{"score":9,"maxScore":9,"error":0},"keyphraseInImageAlt":{"score":3,"maxScore":9,"error":1},"keywordDensity":{"type":"best","score":9,"maxScore":9,"error":0}}},{"keyphrase":"manejar","score":53,"analysis":{"keyphraseInDescription":{"score":9,"maxScore":9,"error":0},"keyphraseLength":{"score":9,"maxScore":9,"error":0,"length":1},"keyphraseInIntroduction":{"score":3,"maxScore":9,"error":1},"keyphraseInImageAlt":{"score":3,"maxScore":9,"error":1},"keywordDensity":{"score":0,"type":"low","maxScore":9,"error":1}}},{"keyphrase":"emoci\u00f3n","score":87,"analysis":{"keyphraseInDescription":{"score":9,"maxScore":9,"error":0},"keyphraseLength":{"score":9,"maxScore":9,"error":0,"length":2},"keyphraseInIntroduction":{"score":9,"maxScore":9,"error":0},"keyphraseInImageAlt":{"score":3,"maxScore":9,"error":1},"keywordDensity":{"type":"best","score":9,"maxScore":9,"error":0}}}]},"primary_term":null,"canonical_url":null,"og_title":null,"og_description":null,"og_object_type":"default","og_image_type":"default","og_image_url":null,"og_image_width":null,"og_image_height":null,"og_image_custom_url":null,"og_image_custom_fields":null,"og_video":"","og_custom_url":null,"og_article_section":null,"og_article_tags":null,"twitter_use_og":false,"twitter_card":"default","twitter_image_type":"default","twitter_image_url":null,"twitter_image_custom_url":null,"twitter_image_custom_fields":null,"twitter_title":null,"twitter_description":null,"schema":{"blockGraphs":[],"customGraphs":[],"default":{"data":{"Article":[],"Course":[],"Dataset":[],"FAQPage":[],"Movie":[],"Person":[],"Product":[],"ProductReview":[],"Car":[],"Recipe":[],"Service":[],"SoftwareApplication":[],"WebPage":[]},"graphName":"none","isEnabled":true},"graphs":[]},"schema_type":"default","schema_type_options":null,"pillar_content":false,"robots_default":true,"robots_noindex":false,"robots_noarchive":false,"robots_nosnippet":false,"robots_nofollow":false,"robots_noimageindex":false,"robots_noodp":false,"robots_notranslate":false,"robots_max_snippet":"-1","robots_max_videopreview":"-1","robots_max_imagepreview":"large","priority":null,"frequency":"default","local_seo":null,"seo_analyzer_scan_date":"2025-10-09 05:44:18","breadcrumb_settings":null,"limit_modified_date":false,"reviewed_by":"0","open_ai":"{\"title\":{\"suggestions\":[],\"usage\":0},\"description\":{\"suggestions\":[],\"usage\":0}}","ai":null,"created":"2025-06-06 20:06:02","updated":"2026-02-05 00:51:30"},"aioseo_breadcrumb":"<div class=\"aioseo-breadcrumbs\"><span class=\"aioseo-breadcrumb\">\n\t<a href=\"https:\/\/soymigrante.com\/revista\" title=\"Home\">Home<\/a>\n<\/span><span class=\"aioseo-breadcrumb-separator\">\u00bb<\/span><span class=\"aioseo-breadcrumb\">\n\t<a href=\"https:\/\/soymigrante.com\/revista\/category\/bienestar\/\" title=\"Bienestar\">Bienestar<\/a>\n<\/span><span class=\"aioseo-breadcrumb-separator\">\u00bb<\/span><span class=\"aioseo-breadcrumb\">\n\t<a href=\"https:\/\/soymigrante.com\/revista\/category\/bienestar\/salud-emocional\/\" title=\"Salud Emocional\">Salud Emocional<\/a>\n<\/span><span class=\"aioseo-breadcrumb-separator\">\u00bb<\/span><span class=\"aioseo-breadcrumb\">\n\t\u00bfC\u00f3mo manejar la ira? Es una emoci\u00f3n humana pero se debe saber controlar y canalizar\n<\/span><\/div>","aioseo_breadcrumb_json":[{"label":"Home","link":"https:\/\/soymigrante.com\/revista"},{"label":"Bienestar","link":"https:\/\/soymigrante.com\/revista\/category\/bienestar\/"},{"label":"Salud Emocional","link":"https:\/\/soymigrante.com\/revista\/category\/bienestar\/salud-emocional\/"},{"label":"\u00bfC\u00f3mo manejar la ira? Es una emoci\u00f3n humana pero se debe saber controlar y canalizar","link":"https:\/\/soymigrante.com\/revista\/como-manejar-la-ira-es-una-emocion-humana-pero-se-debe-saber-controlar-y-canalizar\/"}],"_links":{"self":[{"href":"https:\/\/soymigrante.com\/revista\/wp-json\/wp\/v2\/posts\/35778","targetHints":{"allow":["GET"]}}],"collection":[{"href":"https:\/\/soymigrante.com\/revista\/wp-json\/wp\/v2\/posts"}],"about":[{"href":"https:\/\/soymigrante.com\/revista\/wp-json\/wp\/v2\/types\/post"}],"author":[{"embeddable":true,"href":"https:\/\/soymigrante.com\/revista\/wp-json\/wp\/v2\/users\/19"}],"replies":[{"embeddable":true,"href":"https:\/\/soymigrante.com\/revista\/wp-json\/wp\/v2\/comments?post=35778"}],"version-history":[{"count":20,"href":"https:\/\/soymigrante.com\/revista\/wp-json\/wp\/v2\/posts\/35778\/revisions"}],"predecessor-version":[{"id":35869,"href":"https:\/\/soymigrante.com\/revista\/wp-json\/wp\/v2\/posts\/35778\/revisions\/35869"}],"wp:featuredmedia":[{"embeddable":true,"href":"https:\/\/soymigrante.com\/revista\/wp-json\/wp\/v2\/media\/35779"}],"wp:attachment":[{"href":"https:\/\/soymigrante.com\/revista\/wp-json\/wp\/v2\/media?parent=35778"}],"wp:term":[{"taxonomy":"category","embeddable":true,"href":"https:\/\/soymigrante.com\/revista\/wp-json\/wp\/v2\/categories?post=35778"},{"taxonomy":"post_tag","embeddable":true,"href":"https:\/\/soymigrante.com\/revista\/wp-json\/wp\/v2\/tags?post=35778"}],"curies":[{"name":"wp","href":"https:\/\/api.w.org\/{rel}","templated":true}]}}