{"id":35765,"date":"2025-06-07T14:37:02","date_gmt":"2025-06-07T20:37:02","guid":{"rendered":"https:\/\/soymigrante.com\/revista\/?p=35765"},"modified":"2025-08-27T22:56:11","modified_gmt":"2025-08-28T04:56:11","slug":"fiestas-patronales-en-guatemala-durante-agosto","status":"publish","type":"post","link":"https:\/\/soymigrante.com\/revista\/fiestas-patronales-en-guatemala-durante-agosto\/","title":{"rendered":"Ferias patronales en Guatemala durante agosto"},"content":{"rendered":"\t\t<div data-elementor-type=\"wp-post\" data-elementor-id=\"35765\" class=\"elementor elementor-35765\" data-elementor-post-type=\"post\">\n\t\t\t\t<div data-particle_enable=\"false\" data-particle-mobile-disabled=\"false\" class=\"elementor-element elementor-element-e876a48 e-flex e-con-boxed e-con e-parent\" data-id=\"e876a48\" data-element_type=\"container\" data-e-type=\"container\">\n\t\t\t\t\t<div class=\"e-con-inner\">\n\t\t\t\t<div class=\"elementor-element elementor-element-83602f0 elementor-widget elementor-widget-heading\" data-id=\"83602f0\" data-element_type=\"widget\" data-e-type=\"widget\" data-widget_type=\"heading.default\">\n\t\t\t\t\t<h2 class=\"elementor-heading-title elementor-size-default\">Las fiestas patronales en Guatemala son motivo de alegr\u00eda, para hacer algo distinto y divertido. \n<\/h2>\t\t\t\t<\/div>\n\t\t\t\t\t<\/div>\n\t\t\t\t<\/div>\n\t\t<div data-particle_enable=\"false\" data-particle-mobile-disabled=\"false\" class=\"elementor-element elementor-element-069e452 e-flex e-con-boxed e-con e-parent\" data-id=\"069e452\" data-element_type=\"container\" data-e-type=\"container\">\n\t\t\t\t\t<div class=\"e-con-inner\">\n\t\t\t\t<div class=\"elementor-element elementor-element-9833b5c elementor-widget elementor-widget-text-editor\" data-id=\"9833b5c\" data-element_type=\"widget\" data-e-type=\"widget\" data-widget_type=\"text-editor.default\">\n\t\t\t\t\t\t\t\t\t<p><a href=\"https:\/\/soymigrante.com\/revista\/fiestas-patronales-en-guatemala-busque-su-municipio\/\" target=\"_blank\" rel=\"noopener\">Agosto es un mes de fervor y tradici\u00f3n en Guatemala, marcado por las fiestas patronales<\/a> que rinden homenaje a diversas figuras religiosas.<\/p><p>Estas festividades, que combinan lo religioso con lo cultural y lo social, son una manifestaci\u00f3n vibrante de la identidad guatemalteca.<\/p>\t\t\t\t\t\t\t\t<\/div>\n\t\t\t\t\t<\/div>\n\t\t\t\t<\/div>\n\t\t<div data-particle_enable=\"false\" data-particle-mobile-disabled=\"false\" class=\"elementor-element elementor-element-134d33c e-flex e-con-boxed e-con e-parent\" data-id=\"134d33c\" data-element_type=\"container\" data-e-type=\"container\">\n\t\t\t\t\t<div class=\"e-con-inner\">\n\t\t\t\t<div class=\"elementor-element elementor-element-d7a6bcc elementor-widget elementor-widget-heading\" data-id=\"d7a6bcc\" data-element_type=\"widget\" data-e-type=\"widget\" data-widget_type=\"heading.default\">\n\t\t\t\t\t<h3 class=\"elementor-heading-title elementor-size-default\">Municipios y sus fiestas patronales en agosto:<\/h3>\t\t\t\t<\/div>\n\t\t\t\t\t<\/div>\n\t\t\t\t<\/div>\n\t\t<div data-particle_enable=\"false\" data-particle-mobile-disabled=\"false\" class=\"elementor-element elementor-element-5a76b55 e-flex e-con-boxed e-con e-parent\" data-id=\"5a76b55\" data-element_type=\"container\" data-e-type=\"container\">\n\t\t\t\t\t<div class=\"e-con-inner\">\n\t\t\t\t<div class=\"elementor-element elementor-element-1650c7e elementor-widget elementor-widget-text-editor\" data-id=\"1650c7e\" data-element_type=\"widget\" data-e-type=\"widget\" data-widget_type=\"text-editor.default\">\n\t\t\t\t\t\t\t\t\t<div><strong>1. Ciudad de Guatemala, Guatemala<\/strong><\/div><div>\u2022Fecha: 14 al 16 de agosto<\/div><div>\u2022Patrona: Virgen de la Asunci\u00f3n<\/div><div>\u2022Actividades: Feria en el Barrio de Jocotenango, eventos religiosos en el Hip\u00f3dromo del Norte, procesiones y actividades culturales.\u00a0 \u00a0 \u00a0<\/div><div>\u00a0<\/div>\t\t\t\t\t\t\t\t<\/div>\n\t\t\t\t\t<\/div>\n\t\t\t\t<\/div>\n\t\t<div data-particle_enable=\"false\" data-particle-mobile-disabled=\"false\" class=\"elementor-element elementor-element-050c7cc e-flex e-con-boxed e-con e-parent\" data-id=\"050c7cc\" data-element_type=\"container\" data-e-type=\"container\">\n\t\t\t\t\t<div class=\"e-con-inner\">\n\t\t\t\t<div class=\"elementor-element elementor-element-c5bbcbb elementor-widget elementor-widget-text-editor\" data-id=\"c5bbcbb\" data-element_type=\"widget\" data-e-type=\"widget\" data-widget_type=\"text-editor.default\">\n\t\t\t\t\t\t\t\t\t<div><strong>2. Joyabaj, Quich\u00e9<\/strong><\/div><div>\u2022Fecha: 9 al 15 de agosto<\/div><div>\u2022Patrona: Virgen del Tr\u00e1nsito<\/div><div>\u2022Actividades: Danzas folcl\u00f3ricas como San Miguel o Palo Volador, La Conquista, El Torito, entre otros.\u00a0 \u00a0 \u00a0<\/div><div>\u00a0<\/div>\t\t\t\t\t\t\t\t<\/div>\n\t\t\t\t\t<\/div>\n\t\t\t\t<\/div>\n\t\t<div data-particle_enable=\"false\" data-particle-mobile-disabled=\"false\" class=\"elementor-element elementor-element-09be4d3 e-flex e-con-boxed e-con e-parent\" data-id=\"09be4d3\" data-element_type=\"container\" data-e-type=\"container\">\n\t\t\t\t\t<div class=\"e-con-inner\">\n\t\t\t\t<div class=\"elementor-element elementor-element-0d7b78f elementor-widget elementor-widget-text-editor\" data-id=\"0d7b78f\" data-element_type=\"widget\" data-e-type=\"widget\" data-widget_type=\"text-editor.default\">\n\t\t\t\t\t\t\t\t\t<div><strong>3. Tacan\u00e1, San Marcos<\/strong><\/div><div>\u2022Fecha: 10 al 17 de agosto<\/div><div>\u2022Patrona: Virgen de la Asunci\u00f3n<\/div><div>\u2022Actividades: Danzas folcl\u00f3ricas como La Conquista, Los 7 Pares de Francia, Toros y Granda.\u00a0 \u00a0 \u00a0<\/div><div>\u00a0<\/div>\t\t\t\t\t\t\t\t<\/div>\n\t\t\t\t\t<\/div>\n\t\t\t\t<\/div>\n\t\t<div data-particle_enable=\"false\" data-particle-mobile-disabled=\"false\" class=\"elementor-element elementor-element-b862247 e-flex e-con-boxed e-con e-parent\" data-id=\"b862247\" data-element_type=\"container\" data-e-type=\"container\">\n\t\t\t\t\t<div class=\"e-con-inner\">\n\t\t\t\t<div class=\"elementor-element elementor-element-ec2b958 elementor-grid-eael-col-1 elementor-grid-tablet-eael-col-2 elementor-grid-mobile-eael-col-1 elementor-widget elementor-widget-eael-post-grid\" data-id=\"ec2b958\" data-element_type=\"widget\" data-e-type=\"widget\" data-settings=\"{&quot;eael_post_grid_columns&quot;:&quot;eael-col-1&quot;,&quot;eael_post_grid_columns_tablet&quot;:&quot;eael-col-2&quot;,&quot;eael_post_grid_columns_mobile&quot;:&quot;eael-col-1&quot;}\" data-widget_type=\"eael-post-grid.default\">\n\t\t\t\t\t<div id=\"eael-post-grid-ec2b958\" class=\"eael-post-grid-container\">\n            <div class=\"eael-post-grid eael-post-appender eael-post-appender-ec2b958 eael-post-grid-style-one\" data-layout-mode=\"masonry\"><article class=\"eael-grid-post  eael-post-grid-column eael-pg-post-8088 category-guate-nuestra tags-calendario-de-ferias\" data-id=\"8088\">\n        <div class=\"eael-grid-post-holder\">\n            <div class=\"eael-grid-post-holder-inner\"><div class=\"eael-entry-media\"><div class=\"eael-entry-overlay fade-in\"><i class=\"far fa-hand-pointer\" aria-hidden=\"true\"><\/i><a href=\"https:\/\/soymigrante.com\/revista\/dulces-guatemaltecos-se-saborean-en-la-feria-la-memoria-y-el-corazon\/\"><\/a><\/div><div class=\"eael-entry-thumbnail eael-image-ratio\">\n                <img fetchpriority=\"high\" decoding=\"async\" width=\"757\" height=\"757\" src=\"https:\/\/soymigrante.com\/revista\/wp-content\/uploads\/2024\/08\/dulces-guatemaltecos-1.webp\" class=\"attachment-large size-large wp-image-8089\" alt=\"Chuches mexicanas tradicionales en cestas de colores con fondo de tela colorida, ideal para celebrar festividades o compartir dulces t\u00edpicos en eventos culturales y familiares.\" srcset=\"https:\/\/soymigrante.com\/revista\/wp-content\/uploads\/2024\/08\/dulces-guatemaltecos-1.webp 757w, https:\/\/soymigrante.com\/revista\/wp-content\/uploads\/2024\/08\/dulces-guatemaltecos-1-300x300.webp 300w, https:\/\/soymigrante.com\/revista\/wp-content\/uploads\/2024\/08\/dulces-guatemaltecos-1-150x150.webp 150w, https:\/\/soymigrante.com\/revista\/wp-content\/uploads\/2024\/08\/dulces-guatemaltecos-1-75x75.webp 75w, https:\/\/soymigrante.com\/revista\/wp-content\/uploads\/2024\/08\/dulces-guatemaltecos-1-750x750.webp 750w\" sizes=\"(max-width: 757px) 100vw, 757px\" \/>\n            <\/div>\n        <\/div><div class=\"eael-entry-wrapper\"><header class=\"eael-entry-header\"><h2 class=\"eael-entry-title\"><a class=\"eael-grid-post-link\" href=\"https:\/\/soymigrante.com\/revista\/dulces-guatemaltecos-se-saborean-en-la-feria-la-memoria-y-el-corazon\/\" title=\"Dulces guatemaltecos se saborean en la feria, la memoria y el coraz\u00f3n\">Dulces guatemaltecos se saborean en la feria, la memoria y el coraz\u00f3n<\/a><\/h2><\/header><div class=\"eael-entry-content\">\n                        <div class=\"eael-grid-post-excerpt\"><a href=\"https:\/\/soymigrante.com\/revista\/dulces-guatemaltecos-se-saborean-en-la-feria-la-memoria-y-el-corazon\/\" class=\"eael-post-elements-readmore-btn\">CONOCE SU HISTORIA <\/a><\/div>\n                    <\/div><\/div><\/div>\n        <\/div>\n    <\/article><\/div>\n            <div class=\"clearfix\"><\/div>\n        <\/div>\t\t\t\t<\/div>\n\t\t\t\t\t<\/div>\n\t\t\t\t<\/div>\n\t\t<div data-particle_enable=\"false\" data-particle-mobile-disabled=\"false\" class=\"elementor-element elementor-element-916afd5 e-flex e-con-boxed e-con e-parent\" data-id=\"916afd5\" data-element_type=\"container\" data-e-type=\"container\">\n\t\t\t\t\t<div class=\"e-con-inner\">\n\t\t\t\t<div class=\"elementor-element elementor-element-2bc17b7 elementor-widget elementor-widget-text-editor\" data-id=\"2bc17b7\" data-element_type=\"widget\" data-e-type=\"widget\" data-widget_type=\"text-editor.default\">\n\t\t\t\t\t\t\t\t\t<div><strong>4. Tactic, Alta Verapaz<\/strong><\/div><div>\u2022Fecha: 11 al 17 de agosto<\/div><div>\u2022Patrona: Virgen de la Asunci\u00f3n<\/div><div>\u2022Actividades: Danzas folcl\u00f3ricas como La Sierpe y Los Moros.\u00a0 \u00a0<\/div><div>\u00a0<\/div>\t\t\t\t\t\t\t\t<\/div>\n\t\t\t\t\t<\/div>\n\t\t\t\t<\/div>\n\t\t<div data-particle_enable=\"false\" data-particle-mobile-disabled=\"false\" class=\"elementor-element elementor-element-7f2e5ba e-flex e-con-boxed e-con e-parent\" data-id=\"7f2e5ba\" data-element_type=\"container\" data-e-type=\"container\">\n\t\t\t\t\t<div class=\"e-con-inner\">\n\t\t\t\t<div class=\"elementor-element elementor-element-4f69235 elementor-widget elementor-widget-text-editor\" data-id=\"4f69235\" data-element_type=\"widget\" data-e-type=\"widget\" data-widget_type=\"text-editor.default\">\n\t\t\t\t\t\t\t\t\t<div><strong>5. Solol\u00e1, Solol\u00e1<\/strong><\/div><div>\u2022Fecha: 11 al 17 de agosto<\/div><div>\u2022Patrona: Virgen de la Asunci\u00f3n<\/div><div>\u2022Actividades: Danzas folkl\u00f3ricas como La Conquista, Mejicanos y Negritos.\u00a0 \u00a0<\/div>\t\t\t\t\t\t\t\t<\/div>\n\t\t\t\t\t<\/div>\n\t\t\t\t<\/div>\n\t\t<div data-particle_enable=\"false\" data-particle-mobile-disabled=\"false\" class=\"elementor-element elementor-element-cbe0ed7 e-flex e-con-boxed e-con e-parent\" data-id=\"cbe0ed7\" data-element_type=\"container\" data-e-type=\"container\">\n\t\t\t\t\t<div class=\"e-con-inner\">\n\t\t\t\t<div class=\"elementor-element elementor-element-5bbffcd elementor-widget elementor-widget-text-editor\" data-id=\"5bbffcd\" data-element_type=\"widget\" data-e-type=\"widget\" data-widget_type=\"text-editor.default\">\n\t\t\t\t\t\t\t\t\t<div><strong>6. Chiquimula, Chiquimula<\/strong><\/div><div>\u2022Fecha: 11 al 18 de agosto<\/div><div>\u2022Patrona: Virgen del Tr\u00e1nsito<\/div><div>\u2022Actividades: Exposiciones ganaderas, jaripeos, corridas de toros y actividades religiosas.\u00a0 \u00a0 \u00a0<\/div>\t\t\t\t\t\t\t\t<\/div>\n\t\t\t\t\t<\/div>\n\t\t\t\t<\/div>\n\t\t<div data-particle_enable=\"false\" data-particle-mobile-disabled=\"false\" class=\"elementor-element elementor-element-0f746da e-flex e-con-boxed e-con e-parent\" data-id=\"0f746da\" data-element_type=\"container\" data-e-type=\"container\">\n\t\t\t\t\t<div class=\"e-con-inner\">\n\t\t\t\t<div class=\"elementor-element elementor-element-9b888df elementor-widget elementor-widget-text-editor\" data-id=\"9b888df\" data-element_type=\"widget\" data-e-type=\"widget\" data-widget_type=\"text-editor.default\">\n\t\t\t\t\t\t\t\t\t<div><strong>7. Nebaj, Quich\u00e9<\/strong><\/div><div>\u2022Fecha: 12 al 15 de agosto<\/div><div>\u2022Patrona: Virgen del Tr\u00e1nsito<\/div><div>\u2022Actividades: Eventos culturales y danzas folkl\u00f3ricas.\u00a0 \u00a0<\/div>\t\t\t\t\t\t\t\t<\/div>\n\t\t\t\t\t<\/div>\n\t\t\t\t<\/div>\n\t\t<div data-particle_enable=\"false\" data-particle-mobile-disabled=\"false\" class=\"elementor-element elementor-element-1395a6c e-flex e-con-boxed e-con e-parent\" data-id=\"1395a6c\" data-element_type=\"container\" data-e-type=\"container\">\n\t\t\t\t\t<div class=\"e-con-inner\">\n\t\t\t\t<div class=\"elementor-element elementor-element-70121a5 elementor-widget elementor-widget-text-editor\" data-id=\"70121a5\" data-element_type=\"widget\" data-e-type=\"widget\" data-widget_type=\"text-editor.default\">\n\t\t\t\t\t\t\t\t\t<div><strong>8. Colotenango, Huehuetenango<\/strong><\/div><div>\u2022Fecha: 12 al 15 de agosto<\/div><div>\u2022Patrona: Virgen de la Asunci\u00f3n<\/div><div>\u2022Actividades: Celebraciones religiosas y culturales.\u00a0 \u00a0<\/div>\t\t\t\t\t\t\t\t<\/div>\n\t\t\t\t\t<\/div>\n\t\t\t\t<\/div>\n\t\t<div data-particle_enable=\"false\" data-particle-mobile-disabled=\"false\" class=\"elementor-element elementor-element-81f84fe e-flex e-con-boxed e-con e-parent\" data-id=\"81f84fe\" data-element_type=\"container\" data-e-type=\"container\">\n\t\t\t\t\t<div class=\"e-con-inner\">\n\t\t\t\t<div class=\"elementor-element elementor-element-af076ba elementor-grid-eael-col-1 elementor-grid-tablet-eael-col-2 elementor-grid-mobile-eael-col-1 elementor-widget elementor-widget-eael-post-grid\" data-id=\"af076ba\" data-element_type=\"widget\" data-e-type=\"widget\" data-settings=\"{&quot;eael_post_grid_columns&quot;:&quot;eael-col-1&quot;,&quot;eael_post_grid_columns_tablet&quot;:&quot;eael-col-2&quot;,&quot;eael_post_grid_columns_mobile&quot;:&quot;eael-col-1&quot;}\" data-widget_type=\"eael-post-grid.default\">\n\t\t\t\t\t<div id=\"eael-post-grid-af076ba\" class=\"eael-post-grid-container\">\n            <div class=\"eael-post-grid eael-post-appender eael-post-appender-af076ba eael-post-grid-style-one\" data-layout-mode=\"masonry\"><article class=\"eael-grid-post  eael-post-grid-column eael-pg-post-2390 category-guate-nuestra tags-danzas-de-guatemala\" data-id=\"2390\">\n        <div class=\"eael-grid-post-holder\">\n            <div class=\"eael-grid-post-holder-inner\"><div class=\"eael-entry-media\"><div class=\"eael-entry-overlay fade-in\"><i class=\"far fa-hand-pointer\" aria-hidden=\"true\"><\/i><a href=\"https:\/\/soymigrante.com\/revista\/guatemala-danza-el-baile-de-la-paach-de-san-marcos-es-patrimonio-de-la-humanidad\/\"><\/a><\/div><div class=\"eael-entry-thumbnail eael-image-ratio\">\n                <img decoding=\"async\" width=\"1000\" height=\"636\" src=\"https:\/\/soymigrante.com\/revista\/wp-content\/uploads\/2023\/09\/03672-HUG.webp\" class=\"attachment-large size-large wp-image-2424\" alt=\"La percusi\u00f3n del tambor abre paso al recorrido de los ancianos, padrinos y comunidad, en camino a la Casa de la Paazh (Fotograf\u00eda Archivo FLAAR-Unesco)\" srcset=\"https:\/\/soymigrante.com\/revista\/wp-content\/uploads\/2023\/09\/03672-HUG.webp 1000w, https:\/\/soymigrante.com\/revista\/wp-content\/uploads\/2023\/09\/03672-HUG-300x191.webp 300w, https:\/\/soymigrante.com\/revista\/wp-content\/uploads\/2023\/09\/03672-HUG-768x488.webp 768w, https:\/\/soymigrante.com\/revista\/wp-content\/uploads\/2023\/09\/03672-HUG-750x477.webp 750w\" sizes=\"(max-width: 1000px) 100vw, 1000px\" \/>\n            <\/div>\n        <\/div><div class=\"eael-entry-wrapper\"><header class=\"eael-entry-header\"><h2 class=\"eael-entry-title\"><a class=\"eael-grid-post-link\" href=\"https:\/\/soymigrante.com\/revista\/guatemala-danza-el-baile-de-la-paach-de-san-marcos-es-patrimonio-de-la-humanidad\/\" title=\"Danzas de Guatemala: El baile de La Paach, de San Marcos es Patrimonio de la Humanidad\">Danzas de Guatemala: El baile de La Paach, de San Marcos es Patrimonio de la Humanidad<\/a><\/h2><\/header><div class=\"eael-entry-content\">\n                        <div class=\"eael-grid-post-excerpt\"><a href=\"https:\/\/soymigrante.com\/revista\/guatemala-danza-el-baile-de-la-paach-de-san-marcos-es-patrimonio-de-la-humanidad\/\" class=\"eael-post-elements-readmore-btn\">CONOCE SU HISTORIA <\/a><\/div>\n                    <\/div><\/div><\/div>\n        <\/div>\n    <\/article><\/div>\n            <div class=\"clearfix\"><\/div>\n        <\/div>\t\t\t\t<\/div>\n\t\t\t\t\t<\/div>\n\t\t\t\t<\/div>\n\t\t<div data-particle_enable=\"false\" data-particle-mobile-disabled=\"false\" class=\"elementor-element elementor-element-2e7711b e-flex e-con-boxed e-con e-parent\" data-id=\"2e7711b\" data-element_type=\"container\" data-e-type=\"container\">\n\t\t\t\t\t<div class=\"e-con-inner\">\n\t\t\t\t<div class=\"elementor-element elementor-element-1fd1d5c elementor-widget elementor-widget-text-editor\" data-id=\"1fd1d5c\" data-element_type=\"widget\" data-e-type=\"widget\" data-widget_type=\"text-editor.default\">\n\t\t\t\t\t\t\t\t\t<div><strong>9. Cantel, Quetzaltenango<\/strong><\/div><div>\u2022Fecha: 12 al 18 de agosto<\/div><div>\u2022Patrona: Virgen de la Asunci\u00f3n<\/div><div>\u2022Actividades: Danzas folcl\u00f3ricas como Toros, La Conquista, Convite, Mejicanos, entre otros.\u00a0 \u00a0 \u00a0<\/div>\t\t\t\t\t\t\t\t<\/div>\n\t\t\t\t\t<\/div>\n\t\t\t\t<\/div>\n\t\t<div data-particle_enable=\"false\" data-particle-mobile-disabled=\"false\" class=\"elementor-element elementor-element-03e642a e-flex e-con-boxed e-con e-parent\" data-id=\"03e642a\" data-element_type=\"container\" data-e-type=\"container\">\n\t\t\t\t\t<div class=\"e-con-inner\">\n\t\t\t\t<div class=\"elementor-element elementor-element-3fa3d8f elementor-widget elementor-widget-text-editor\" data-id=\"3fa3d8f\" data-element_type=\"widget\" data-e-type=\"widget\" data-widget_type=\"text-editor.default\">\n\t\t\t\t\t\t\t\t\t<div><strong>10. Jocotenango, Sacatep\u00e9quez<\/strong><\/div><div>\u2022Fecha: 1 al 16 de agosto<\/div><div>\u2022Patrona: Virgen de la Asunci\u00f3n<\/div><div>\u2022Actividades: Danzas folkl\u00f3ricas como Micos, Santa Catalina, Fieros, Convite, Gigantes y damas.<\/div>\t\t\t\t\t\t\t\t<\/div>\n\t\t\t\t\t<\/div>\n\t\t\t\t<\/div>\n\t\t<div data-particle_enable=\"false\" data-particle-mobile-disabled=\"false\" class=\"elementor-element elementor-element-02fbdf1 e-flex e-con-boxed e-con e-parent\" data-id=\"02fbdf1\" data-element_type=\"container\" data-e-type=\"container\">\n\t\t\t\t\t<div class=\"e-con-inner\">\n\t\t\t\t<div class=\"elementor-element elementor-element-743f965 elementor-widget elementor-widget-text-editor\" data-id=\"743f965\" data-element_type=\"widget\" data-e-type=\"widget\" data-widget_type=\"text-editor.default\">\n\t\t\t\t\t\t\t\t\t<div><strong>11. Santa Cruz del Quich\u00e9, Quich\u00e9<\/strong><\/div><div>\u2022Fecha: 18 de agosto<\/div><div>\u2022Patrona: Santa Elena de la Cruz<\/div><div>\u2022Actividades: Alborada, convites, conciertos y danzas folkl\u00f3ricas como La Culebra, Los Diablos y La Conquista.<\/div>\t\t\t\t\t\t\t\t<\/div>\n\t\t\t\t\t<\/div>\n\t\t\t\t<\/div>\n\t\t<div data-particle_enable=\"false\" data-particle-mobile-disabled=\"false\" class=\"elementor-element elementor-element-98cc763 e-flex e-con-boxed e-con e-parent\" data-id=\"98cc763\" data-element_type=\"container\" data-e-type=\"container\">\n\t\t\t\t\t<div class=\"e-con-inner\">\n\t\t\t\t<div class=\"elementor-element elementor-element-b2c286b elementor-widget elementor-widget-text-editor\" data-id=\"b2c286b\" data-element_type=\"widget\" data-e-type=\"widget\" data-widget_type=\"text-editor.default\">\n\t\t\t\t\t\t\t\t\t<div><strong>12. San Agust\u00edn Acasaguastl\u00e1n, El Progreso<\/strong><\/div><div>\u2022Fecha: 24 al 30 de agosto<\/div><div>\u2022Patrono: San Agust\u00edn de Hipona<\/div><div>\u2022Actividades: Celebraciones religiosas en honor a San Agust\u00edn.<\/div>\t\t\t\t\t\t\t\t<\/div>\n\t\t\t\t\t<\/div>\n\t\t\t\t<\/div>\n\t\t<div data-particle_enable=\"false\" data-particle-mobile-disabled=\"false\" class=\"elementor-element elementor-element-e8b4538 e-flex e-con-boxed e-con e-parent\" data-id=\"e8b4538\" data-element_type=\"container\" data-e-type=\"container\">\n\t\t\t\t\t<div class=\"e-con-inner\">\n\t\t\t\t<div class=\"elementor-element elementor-element-365cc59 elementor-grid-eael-col-1 elementor-grid-tablet-eael-col-2 elementor-grid-mobile-eael-col-1 elementor-widget elementor-widget-eael-post-grid\" data-id=\"365cc59\" data-element_type=\"widget\" data-e-type=\"widget\" data-settings=\"{&quot;eael_post_grid_columns&quot;:&quot;eael-col-1&quot;,&quot;eael_post_grid_columns_tablet&quot;:&quot;eael-col-2&quot;,&quot;eael_post_grid_columns_mobile&quot;:&quot;eael-col-1&quot;}\" data-widget_type=\"eael-post-grid.default\">\n\t\t\t\t\t<div id=\"eael-post-grid-365cc59\" class=\"eael-post-grid-container\">\n            <div class=\"eael-post-grid eael-post-appender eael-post-appender-365cc59 eael-post-grid-style-one\" data-layout-mode=\"masonry\"><article class=\"eael-grid-post  eael-post-grid-column eael-pg-post-7834 category-guate-nuestra\" data-id=\"7834\">\n        <div class=\"eael-grid-post-holder\">\n            <div class=\"eael-grid-post-holder-inner\"><div class=\"eael-entry-media\"><div class=\"eael-entry-overlay fade-in\"><i class=\"far fa-hand-pointer\" aria-hidden=\"true\"><\/i><a href=\"https:\/\/soymigrante.com\/revista\/juegos-de-feria-en-guatemala-estos-son-los-imperdibles\/\"><\/a><\/div><div class=\"eael-entry-thumbnail eael-image-ratio\">\n                <img decoding=\"async\" width=\"1024\" height=\"682\" src=\"https:\/\/soymigrante.com\/revista\/wp-content\/uploads\/2024\/08\/Juegos-de-Feria-en-Guatemala-Estos-son-los-imperdibles-2-1024x682.webp\" class=\"attachment-large size-large wp-image-7835\" alt=\"Junta del recuento de la Feria de Jocotenango con entradas y globos de colores en la noche.\" srcset=\"https:\/\/soymigrante.com\/revista\/wp-content\/uploads\/2024\/08\/Juegos-de-Feria-en-Guatemala-Estos-son-los-imperdibles-2-1024x682.webp 1024w, https:\/\/soymigrante.com\/revista\/wp-content\/uploads\/2024\/08\/Juegos-de-Feria-en-Guatemala-Estos-son-los-imperdibles-2-300x200.webp 300w, https:\/\/soymigrante.com\/revista\/wp-content\/uploads\/2024\/08\/Juegos-de-Feria-en-Guatemala-Estos-son-los-imperdibles-2-768x511.webp 768w, https:\/\/soymigrante.com\/revista\/wp-content\/uploads\/2024\/08\/Juegos-de-Feria-en-Guatemala-Estos-son-los-imperdibles-2-750x499.webp 750w, https:\/\/soymigrante.com\/revista\/wp-content\/uploads\/2024\/08\/Juegos-de-Feria-en-Guatemala-Estos-son-los-imperdibles-2-1140x759.webp 1140w, https:\/\/soymigrante.com\/revista\/wp-content\/uploads\/2024\/08\/Juegos-de-Feria-en-Guatemala-Estos-son-los-imperdibles-2.webp 1280w\" sizes=\"(max-width: 1024px) 100vw, 1024px\" \/>\n            <\/div>\n        <\/div><div class=\"eael-entry-wrapper\"><header class=\"eael-entry-header\"><h2 class=\"eael-entry-title\"><a class=\"eael-grid-post-link\" href=\"https:\/\/soymigrante.com\/revista\/juegos-de-feria-en-guatemala-estos-son-los-imperdibles\/\" title=\"Juegos de feria: Diversiones imperdibles  que muchos migrantes a\u00f1oran\">Juegos de feria: Diversiones imperdibles  que muchos migrantes a\u00f1oran<\/a><\/h2><\/header><div class=\"eael-entry-content\">\n                        <div class=\"eael-grid-post-excerpt\"><a href=\"https:\/\/soymigrante.com\/revista\/juegos-de-feria-en-guatemala-estos-son-los-imperdibles\/\" class=\"eael-post-elements-readmore-btn\">CONOCE SU HISTORIA <\/a><\/div>\n                    <\/div><\/div><\/div>\n        <\/div>\n    <\/article><\/div>\n            <div class=\"clearfix\"><\/div>\n        <\/div>\t\t\t\t<\/div>\n\t\t\t\t\t<\/div>\n\t\t\t\t<\/div>\n\t\t<div data-particle_enable=\"false\" data-particle-mobile-disabled=\"false\" class=\"elementor-element elementor-element-3a612a1 e-flex e-con-boxed e-con e-parent\" data-id=\"3a612a1\" data-element_type=\"container\" data-e-type=\"container\">\n\t\t\t\t\t<div class=\"e-con-inner\">\n\t\t\t\t<div class=\"elementor-element elementor-element-4abd3a6 elementor-widget elementor-widget-text-editor\" data-id=\"4abd3a6\" data-element_type=\"widget\" data-e-type=\"widget\" data-widget_type=\"text-editor.default\">\n\t\t\t\t\t\t\t\t\t<div><strong>13. San Bartolom\u00e9 Milpas Altas, Sacatep\u00e9quez<\/strong><\/div><div>\u2022Fecha: 22 al 24 de agosto<\/div><div>\u2022Patrono: San Bartolom\u00e9 Ap\u00f3stol<\/div><div>\u2022Actividades: Celebraciones religiosas y culturales.<\/div>\t\t\t\t\t\t\t\t<\/div>\n\t\t\t\t\t<\/div>\n\t\t\t\t<\/div>\n\t\t<div data-particle_enable=\"false\" data-particle-mobile-disabled=\"false\" class=\"elementor-element elementor-element-90c9ef1 e-flex e-con-boxed e-con e-parent\" data-id=\"90c9ef1\" data-element_type=\"container\" data-e-type=\"container\">\n\t\t\t\t\t<div class=\"e-con-inner\">\n\t\t\t\t<div class=\"elementor-element elementor-element-eec64c9 elementor-widget elementor-widget-text-editor\" data-id=\"eec64c9\" data-element_type=\"widget\" data-e-type=\"widget\" data-widget_type=\"text-editor.default\">\n\t\t\t\t\t\t\t\t\t<div><strong>14. San Bartolo Aguas Calientes, Totonicap\u00e1n<\/strong><\/div><div>\u2022Fecha: 15 de agosto al 5 de septiembre<\/div><div>\u2022Patrono: San Bartolom\u00e9<\/div><div>\u2022Actividades: Actividades sociales, deportivas, culturales y desfiles de ganaderos.<\/div>\t\t\t\t\t\t\t\t<\/div>\n\t\t\t\t\t<\/div>\n\t\t\t\t<\/div>\n\t\t<div data-particle_enable=\"false\" data-particle-mobile-disabled=\"false\" class=\"elementor-element elementor-element-c779928 e-flex e-con-boxed e-con e-parent\" data-id=\"c779928\" data-element_type=\"container\" data-e-type=\"container\">\n\t\t\t\t\t<div class=\"e-con-inner\">\n\t\t\t\t<div class=\"elementor-element elementor-element-7a7bbb8 elementor-widget elementor-widget-text-editor\" data-id=\"7a7bbb8\" data-element_type=\"widget\" data-e-type=\"widget\" data-widget_type=\"text-editor.default\">\n\t\t\t\t\t\t\t\t\t<div><strong>15. Mazatenango, Suchitep\u00e9quez<\/strong><\/div><div>\u2022Fecha: 24 de agosto<\/div><div>\u2022Patrono: San Bartolom\u00e9<\/div><div>\u2022Actividades: Alborada, grupos musicales y misas.<\/div>\t\t\t\t\t\t\t\t<\/div>\n\t\t\t\t\t<\/div>\n\t\t\t\t<\/div>\n\t\t<div data-particle_enable=\"false\" data-particle-mobile-disabled=\"false\" class=\"elementor-element elementor-element-a8e3468 e-flex e-con-boxed e-con e-parent\" data-id=\"a8e3468\" data-element_type=\"container\" data-e-type=\"container\">\n\t\t\t\t\t<div class=\"e-con-inner\">\n\t\t\t\t<div class=\"elementor-element elementor-element-010dfef elementor-widget elementor-widget-text-editor\" data-id=\"010dfef\" data-element_type=\"widget\" data-e-type=\"widget\" data-widget_type=\"text-editor.default\">\n\t\t\t\t\t\t\t\t\t<div><strong>16. Champerico, Retalhuleu<\/strong><\/div><div>\u2022Fecha: 6 de agosto<\/div><div>\u2022Patrono: Ni\u00f1o Jes\u00fas Salvador del Mundo<\/div><div>\u2022Actividades: Celebraciones religiosas y actividades tur\u00edsticas.<\/div>\t\t\t\t\t\t\t\t<\/div>\n\t\t\t\t\t<\/div>\n\t\t\t\t<\/div>\n\t\t<div data-particle_enable=\"false\" data-particle-mobile-disabled=\"false\" class=\"elementor-element elementor-element-3fbc331 e-flex e-con-boxed e-con e-parent\" data-id=\"3fbc331\" data-element_type=\"container\" data-e-type=\"container\">\n\t\t\t\t\t<div class=\"e-con-inner\">\n\t\t\t\t<div class=\"elementor-element elementor-element-e876bb1 elementor-widget elementor-widget-text-editor\" data-id=\"e876bb1\" data-element_type=\"widget\" data-e-type=\"widget\" data-widget_type=\"text-editor.default\">\n\t\t\t\t\t\t\t\t\t<p><a href=\"https:\/\/soymigrante.com\/revista\/fiestas-patronales-en-guatemala-busque-su-municipio\/\" target=\"_blank\" rel=\"noopener\">Estas festividades no solo son una expresi\u00f3n de fe, sino tambi\u00e9n una oportunidad para que las comunidades celebren su identidad<\/a> cultural a trav\u00e9s de danzas, m\u00fasica, gastronom\u00eda y tradiciones ancestrales. Agosto se convierte as\u00ed en un mes de uni\u00f3n y alegr\u00eda en todo el pa\u00eds.<\/p>\t\t\t\t\t\t\t\t<\/div>\n\t\t\t\t\t<\/div>\n\t\t\t\t<\/div>\n\t\t<div data-particle_enable=\"false\" data-particle-mobile-disabled=\"false\" class=\"elementor-element elementor-element-d46d5c2 e-flex e-con-boxed e-con e-parent\" data-id=\"d46d5c2\" data-element_type=\"container\" data-e-type=\"container\">\n\t\t\t\t\t<div class=\"e-con-inner\">\n\t\t\t\t<div class=\"elementor-element elementor-element-5521472 elementor-widget elementor-widget-heading\" data-id=\"5521472\" data-element_type=\"widget\" data-e-type=\"widget\" data-widget_type=\"heading.default\">\n\t\t\t\t\t<h2 class=\"elementor-heading-title elementor-size-default\">Conoce m\u00e1s de las tradiciones de Guatemala, ac\u00e1...<\/h2>\t\t\t\t<\/div>\n\t\t\t\t\t<\/div>\n\t\t\t\t<\/div>\n\t\t<div data-particle_enable=\"false\" data-particle-mobile-disabled=\"false\" class=\"elementor-element elementor-element-a7d500b e-flex e-con-boxed e-con e-parent\" data-id=\"a7d500b\" data-element_type=\"container\" data-e-type=\"container\">\n\t\t\t\t\t<div class=\"e-con-inner\">\n\t\t\t\t<div class=\"elementor-element elementor-element-a93c44e elementor-grid-eael-col-3 elementor-grid-tablet-eael-col-2 elementor-grid-mobile-eael-col-1 elementor-widget elementor-widget-eael-post-grid\" data-id=\"a93c44e\" data-element_type=\"widget\" data-e-type=\"widget\" data-settings=\"{&quot;eael_post_grid_columns&quot;:&quot;eael-col-3&quot;,&quot;eael_post_grid_columns_tablet&quot;:&quot;eael-col-2&quot;,&quot;eael_post_grid_columns_mobile&quot;:&quot;eael-col-1&quot;}\" data-widget_type=\"eael-post-grid.default\">\n\t\t\t\t\t<div id=\"eael-post-grid-a93c44e\" class=\"eael-post-grid-container\">\n            <div class=\"eael-post-grid eael-post-appender eael-post-appender-a93c44e eael-post-grid-style-one\" data-layout-mode=\"masonry\"><article class=\"eael-grid-post  eael-post-grid-column eael-pg-post-7041 category-guate-nuestra\" data-id=\"7041\">\n        <div class=\"eael-grid-post-holder\">\n            <div class=\"eael-grid-post-holder-inner\"><div class=\"eael-entry-media\"><div class=\"eael-entry-overlay fade-in\"><i class=\"far fa-hand-pointer\" aria-hidden=\"true\"><\/i><a href=\"https:\/\/soymigrante.com\/revista\/juguetes-tradicionales-guatemaltecos-siguen-vivos\/\"><\/a><\/div><div class=\"eael-entry-thumbnail \">\n                <img loading=\"lazy\" decoding=\"async\" width=\"1024\" height=\"684\" src=\"https:\/\/soymigrante.com\/revista\/wp-content\/uploads\/2024\/06\/toys-4620231_1280-1024x684.webp\" class=\"attachment-large size-large wp-image-7043\" alt=\"Juguetes tradicionales guatemaltecos siguen vivos\" srcset=\"https:\/\/soymigrante.com\/revista\/wp-content\/uploads\/2024\/06\/toys-4620231_1280-1024x684.webp 1024w, https:\/\/soymigrante.com\/revista\/wp-content\/uploads\/2024\/06\/toys-4620231_1280-300x200.webp 300w, https:\/\/soymigrante.com\/revista\/wp-content\/uploads\/2024\/06\/toys-4620231_1280-768x513.webp 768w, https:\/\/soymigrante.com\/revista\/wp-content\/uploads\/2024\/06\/toys-4620231_1280-750x501.webp 750w, https:\/\/soymigrante.com\/revista\/wp-content\/uploads\/2024\/06\/toys-4620231_1280-1140x761.webp 1140w, https:\/\/soymigrante.com\/revista\/wp-content\/uploads\/2024\/06\/toys-4620231_1280.webp 1280w\" sizes=\"(max-width: 1024px) 100vw, 1024px\" \/>\n            <\/div>\n        <\/div><div class=\"eael-entry-wrapper\"><header class=\"eael-entry-header\"><h2 class=\"eael-entry-title\"><a class=\"eael-grid-post-link\" href=\"https:\/\/soymigrante.com\/revista\/juguetes-tradicionales-guatemaltecos-siguen-vivos\/\" title=\"Juguetes tradicionales guatemaltecos siguen vivos\">Juguetes tradicionales guatemaltecos siguen vivos<\/a><\/h2><\/header><div class=\"eael-entry-content\">\n                        <div class=\"eael-grid-post-excerpt\"><a href=\"https:\/\/soymigrante.com\/revista\/juguetes-tradicionales-guatemaltecos-siguen-vivos\/\" class=\"eael-post-elements-readmore-btn\">CONOCE SU HISTORIA <\/a><\/div>\n                    <\/div><\/div><\/div>\n        <\/div>\n    <\/article><article class=\"eael-grid-post  eael-post-grid-column eael-pg-post-3738 category-guate-nuestra\" data-id=\"3738\">\n        <div class=\"eael-grid-post-holder\">\n            <div class=\"eael-grid-post-holder-inner\"><div class=\"eael-entry-media\"><div class=\"eael-entry-overlay fade-in\"><i class=\"far fa-hand-pointer\" aria-hidden=\"true\"><\/i><a href=\"https:\/\/soymigrante.com\/revista\/tradiciones-de-fin-de-ano-encienden-la-nostalgia-migrante\/\"><\/a><\/div><div class=\"eael-entry-thumbnail \">\n                <img loading=\"lazy\" decoding=\"async\" width=\"1024\" height=\"1024\" src=\"https:\/\/soymigrante.com\/revista\/wp-content\/uploads\/2024\/11\/virgen-concepcion-quema-diablo-oscar-rivas-4-1-1024x1024.jpg\" class=\"attachment-large size-large wp-image-15152\" alt=\"\" srcset=\"https:\/\/soymigrante.com\/revista\/wp-content\/uploads\/2024\/11\/virgen-concepcion-quema-diablo-oscar-rivas-4-1-1024x1024.jpg 1024w, https:\/\/soymigrante.com\/revista\/wp-content\/uploads\/2024\/11\/virgen-concepcion-quema-diablo-oscar-rivas-4-1-300x300.jpg 300w, https:\/\/soymigrante.com\/revista\/wp-content\/uploads\/2024\/11\/virgen-concepcion-quema-diablo-oscar-rivas-4-1-150x150.jpg 150w, https:\/\/soymigrante.com\/revista\/wp-content\/uploads\/2024\/11\/virgen-concepcion-quema-diablo-oscar-rivas-4-1-768x768.jpg 768w, https:\/\/soymigrante.com\/revista\/wp-content\/uploads\/2024\/11\/virgen-concepcion-quema-diablo-oscar-rivas-4-1-75x75.webp 75w, https:\/\/soymigrante.com\/revista\/wp-content\/uploads\/2024\/11\/virgen-concepcion-quema-diablo-oscar-rivas-4-1-750x750.webp 750w, https:\/\/soymigrante.com\/revista\/wp-content\/uploads\/2024\/11\/virgen-concepcion-quema-diablo-oscar-rivas-4-1-1140x1140.webp 1140w, https:\/\/soymigrante.com\/revista\/wp-content\/uploads\/2024\/11\/virgen-concepcion-quema-diablo-oscar-rivas-4-1.webp 1338w\" sizes=\"(max-width: 1024px) 100vw, 1024px\" \/>\n            <\/div>\n        <\/div><div class=\"eael-entry-wrapper\"><header class=\"eael-entry-header\"><h2 class=\"eael-entry-title\"><a class=\"eael-grid-post-link\" href=\"https:\/\/soymigrante.com\/revista\/tradiciones-de-fin-de-ano-encienden-la-nostalgia-migrante\/\" title=\"Tradiciones y recuerdos de diciembre en Guatemala encienden nostalgia migrante\">Tradiciones y recuerdos de diciembre en Guatemala encienden nostalgia migrante<\/a><\/h2><\/header><div class=\"eael-entry-content\">\n                        <div class=\"eael-grid-post-excerpt\"><a href=\"https:\/\/soymigrante.com\/revista\/tradiciones-de-fin-de-ano-encienden-la-nostalgia-migrante\/\" class=\"eael-post-elements-readmore-btn\">CONOCE SU HISTORIA <\/a><\/div>\n                    <\/div><\/div><\/div>\n        <\/div>\n    <\/article><article class=\"eael-grid-post  eael-post-grid-column eael-pg-post-2456 category-guate-nuestra tags-danzas-de-guatemala\" data-id=\"2456\">\n        <div class=\"eael-grid-post-holder\">\n            <div class=\"eael-grid-post-holder-inner\"><div class=\"eael-entry-media\"><div class=\"eael-entry-overlay fade-in\"><i class=\"far fa-hand-pointer\" aria-hidden=\"true\"><\/i><a href=\"https:\/\/soymigrante.com\/revista\/guatemala-danza-el-palo-volador-en-joyabaj-cubulco-o-chichicastenango-siempre-es-memorable\/\"><\/a><\/div><div class=\"eael-entry-thumbnail \">\n                <img loading=\"lazy\" decoding=\"async\" width=\"1024\" height=\"604\" src=\"https:\/\/soymigrante.com\/revista\/wp-content\/uploads\/2023\/09\/Captura-de-pantalla-2023-09-04-073800-e1693837574983-1024x604.webp\" class=\"attachment-large size-large wp-image-2458\" alt=\"Los monos Hun Batz y Hun Chouen en lo alto del palo antes de descender. Captura de pantalla de video de TV Asunci\u00f3n Joyabaj.\" srcset=\"https:\/\/soymigrante.com\/revista\/wp-content\/uploads\/2023\/09\/Captura-de-pantalla-2023-09-04-073800-e1693837574983-1024x604.webp 1024w, https:\/\/soymigrante.com\/revista\/wp-content\/uploads\/2023\/09\/Captura-de-pantalla-2023-09-04-073800-e1693837574983-300x177.webp 300w, https:\/\/soymigrante.com\/revista\/wp-content\/uploads\/2023\/09\/Captura-de-pantalla-2023-09-04-073800-e1693837574983-768x453.webp 768w, https:\/\/soymigrante.com\/revista\/wp-content\/uploads\/2023\/09\/Captura-de-pantalla-2023-09-04-073800-e1693837574983-750x442.webp 750w, https:\/\/soymigrante.com\/revista\/wp-content\/uploads\/2023\/09\/Captura-de-pantalla-2023-09-04-073800-e1693837574983-1140x673.webp 1140w, https:\/\/soymigrante.com\/revista\/wp-content\/uploads\/2023\/09\/Captura-de-pantalla-2023-09-04-073800-e1693837574983.webp 1256w\" sizes=\"(max-width: 1024px) 100vw, 1024px\" \/>\n            <\/div>\n        <\/div><div class=\"eael-entry-wrapper\"><header class=\"eael-entry-header\"><h2 class=\"eael-entry-title\"><a class=\"eael-grid-post-link\" href=\"https:\/\/soymigrante.com\/revista\/guatemala-danza-el-palo-volador-en-joyabaj-cubulco-o-chichicastenango-siempre-es-memorable\/\" title=\"Danzas de Guatemala: El Palo Volador en Joyabaj, Cubulco o Chichicastenango es inolvidable\">Danzas de Guatemala: El Palo Volador en Joyabaj, Cubulco o Chichicastenango es inolvidable<\/a><\/h2><\/header><div class=\"eael-entry-content\">\n                        <div class=\"eael-grid-post-excerpt\"><a href=\"https:\/\/soymigrante.com\/revista\/guatemala-danza-el-palo-volador-en-joyabaj-cubulco-o-chichicastenango-siempre-es-memorable\/\" class=\"eael-post-elements-readmore-btn\">CONOCE SU HISTORIA <\/a><\/div>\n                    <\/div><\/div><\/div>\n        <\/div>\n    <\/article><\/div>\n            <div class=\"clearfix\"><\/div>\n        <\/div>\t\t\t\t<\/div>\n\t\t\t\t\t<\/div>\n\t\t\t\t<\/div>\n\t\t\t\t<\/div>\n\t\t","protected":false},"excerpt":{"rendered":"<p>Las fiestas patronales en Guatemala son motivo de alegr\u00eda, para hacer algo distinto y divertido. Agosto es un mes de fervor y tradici\u00f3n en Guatemala, marcado por las fiestas patronales que rinden homenaje a diversas figuras religiosas. Estas festividades, que combinan lo religioso con lo cultural y lo social, son una manifestaci\u00f3n vibrante de la [&hellip;]<\/p>\n","protected":false},"author":19,"featured_media":35766,"comment_status":"open","ping_status":"open","sticky":false,"template":"","format":"standard","meta":{"_acf_changed":false,"_eb_attr":"","footnotes":""},"categories":[58],"tags":[272],"class_list":["post-35765","post","type-post","status-publish","format-standard","has-post-thumbnail","hentry","category-guate-nuestra","tag-calendario-de-ferias"],"acf":[],"aioseo_notices":[],"aioseo_head":"\n\t\t<!-- All in One SEO Pro 4.9.6.2 - aioseo.com -->\n\t<meta name=\"description\" content=\"La danza del Palo Volador evoca la conversi\u00f3n de los gemelos Hun Batz y Hun Chouen en micos a causa de sus acciones. Pero tambi\u00e9n es un mensaje desde el cielo\" \/>\n\t<meta name=\"robots\" content=\"max-snippet:-1, max-image-preview:large, max-video-preview:-1\" \/>\n\t<meta name=\"author\" content=\"Gustavo Montenegro\"\/>\n\t<link rel=\"canonical\" href=\"https:\/\/soymigrante.com\/revista\/guatemala-danza-el-palo-volador-en-joyabaj-cubulco-o-chichicastenango-siempre-es-memorable\/\" \/>\n\t<meta name=\"generator\" content=\"All in One SEO Pro (AIOSEO) 4.9.6.2\" \/>\n\n\t\t<link rel=\"preconnect\" href=\"https:\/\/fonts.googleapis.com\" crossorigin>\n<link rel=\"preconnect\" href=\"https:\/\/fonts.gstatic.com\" crossorigin>\n\t\t<meta property=\"og:locale\" content=\"es_ES\" \/>\n\t\t<meta property=\"og:site_name\" content=\"SoyMigrante.com REVISTA \u2013 Nuestra misi\u00f3n es reconocer y dignificar al migrante.\" \/>\n\t\t<meta property=\"og:type\" content=\"article\" \/>\n\t\t<meta property=\"og:title\" content=\"Danzas de Guatemala: El Palo Volador en Joyabaj, Cubulco o Chichicastenango es inolvidable\" \/>\n\t\t<meta property=\"og:description\" content=\"La danza del Palo Volador evoca la conversi\u00f3n de los gemelos Hun Batz y Hun Chouen en micos a causa de sus acciones. Pero tambi\u00e9n es un mensaje desde el cielo\" \/>\n\t\t<meta property=\"og:url\" content=\"https:\/\/soymigrante.com\/revista\/guatemala-danza-el-palo-volador-en-joyabaj-cubulco-o-chichicastenango-siempre-es-memorable\/\" \/>\n\t\t<meta property=\"og:image\" content=\"https:\/\/soymigrante.com\/revista\/wp-content\/uploads\/2023\/09\/Captura-de-pantalla-2023-09-04-073800-e1693837574983.webp\" \/>\n\t\t<meta property=\"og:image:secure_url\" content=\"https:\/\/soymigrante.com\/revista\/wp-content\/uploads\/2023\/09\/Captura-de-pantalla-2023-09-04-073800-e1693837574983.webp\" \/>\n\t\t<meta property=\"og:image:width\" content=\"1256\" \/>\n\t\t<meta property=\"og:image:height\" content=\"741\" \/>\n\t\t<meta property=\"article:published_time\" content=\"2023-09-04T14:24:29+00:00\" \/>\n\t\t<meta property=\"article:modified_time\" content=\"2025-09-16T14:35:17+00:00\" \/>\n\t\t<meta property=\"article:publisher\" content=\"https:\/\/www.facebook.com\/soymigrantecom\" \/>\n\t\t<meta name=\"twitter:card\" content=\"summary_large_image\" \/>\n\t\t<meta name=\"twitter:site\" content=\"@SoyMigrante_com\" \/>\n\t\t<meta name=\"twitter:title\" content=\"Danzas de Guatemala: El Palo Volador en Joyabaj, Cubulco o Chichicastenango es inolvidable\" \/>\n\t\t<meta name=\"twitter:description\" content=\"La danza del Palo Volador evoca la conversi\u00f3n de los gemelos Hun Batz y Hun Chouen en micos a causa de sus acciones. Pero tambi\u00e9n es un mensaje desde el cielo\" \/>\n\t\t<meta name=\"twitter:creator\" content=\"@SoyMigrante_com\" \/>\n\t\t<meta name=\"twitter:image\" content=\"https:\/\/soymigrante.com\/revista\/wp-content\/uploads\/2023\/09\/Captura-de-pantalla-2023-09-04-073800-e1693837574983.webp\" \/>\n\t\t<!-- All in One SEO Pro -->\r\n\t\t<title>Danzas de Guatemala: El Palo Volador en Joyabaj, Cubulco o Chichicastenango es inolvidable<\/title>\n\n","aioseo_head_json":{"title":"Danzas de Guatemala: El Palo Volador en Joyabaj, Cubulco o Chichicastenango es inolvidable","description":"La danza del Palo Volador evoca la conversi\u00f3n de los gemelos Hun Batz y Hun Chouen en micos a causa de sus acciones. Pero tambi\u00e9n es un mensaje desde el cielo","canonical_url":"https:\/\/soymigrante.com\/revista\/guatemala-danza-el-palo-volador-en-joyabaj-cubulco-o-chichicastenango-siempre-es-memorable\/","robots":"max-snippet:-1, max-image-preview:large, max-video-preview:-1","keywords":"","webmasterTools":{"miscellaneous":"&lt;link rel=\"preconnect\" href=\"https:\/\/fonts.googleapis.com\" crossorigin&gt;\n&lt;link rel=\"preconnect\" href=\"https:\/\/fonts.gstatic.com\" crossorigin&gt;"},"schema":null,"og:locale":"es_ES","og:site_name":"SoyMigrante.com REVISTA \u2013 Nuestra misi\u00f3n es reconocer y dignificar al migrante.","og:type":"article","og:title":"Danzas de Guatemala: El Palo Volador en Joyabaj, Cubulco o Chichicastenango es inolvidable","og:description":"La danza del Palo Volador evoca la conversi\u00f3n de los gemelos Hun Batz y Hun Chouen en micos a causa de sus acciones. Pero tambi\u00e9n es un mensaje desde el cielo","og:url":"https:\/\/soymigrante.com\/revista\/guatemala-danza-el-palo-volador-en-joyabaj-cubulco-o-chichicastenango-siempre-es-memorable\/","og:image":"https:\/\/soymigrante.com\/revista\/wp-content\/uploads\/2023\/09\/Captura-de-pantalla-2023-09-04-073800-e1693837574983.webp","og:image:secure_url":"https:\/\/soymigrante.com\/revista\/wp-content\/uploads\/2023\/09\/Captura-de-pantalla-2023-09-04-073800-e1693837574983.webp","og:image:width":1256,"og:image:height":741,"article:published_time":"2023-09-04T14:24:29+00:00","article:modified_time":"2025-09-16T14:35:17+00:00","article:publisher":"https:\/\/www.facebook.com\/soymigrantecom","twitter:card":"summary_large_image","twitter:site":"@SoyMigrante_com","twitter:title":"Danzas de Guatemala: El Palo Volador en Joyabaj, Cubulco o Chichicastenango es inolvidable","twitter:description":"La danza del Palo Volador evoca la conversi\u00f3n de los gemelos Hun Batz y Hun Chouen en micos a causa de sus acciones. Pero tambi\u00e9n es un mensaje desde el cielo","twitter:creator":"@SoyMigrante_com","twitter:image":"https:\/\/soymigrante.com\/revista\/wp-content\/uploads\/2023\/09\/Captura-de-pantalla-2023-09-04-073800-e1693837574983.webp"},"aioseo_meta_data":{"post_id":"35765","title":"#post_title","description":"Las fiestas patronales en Guatemala son motivo de alegr\u00eda, para hacer algo distinto y divertido.","keywords":null,"keyphrases":{"focus":{"keyphrase":"fiestas patronales","score":91,"analysis":{"keyphraseInTitle":{"score":9,"maxScore":9,"error":0},"keyphraseInDescription":{"score":9,"maxScore":9,"error":0},"keyphraseLength":{"score":9,"maxScore":9,"error":0,"length":2},"keyphraseInURL":{"score":5,"maxScore":5,"error":0},"keyphraseInIntroduction":{"score":9,"maxScore":9,"error":0},"keyphraseInSubHeadings":{"score":9,"maxScore":9,"error":0},"keyphraseInImageAlt":{"score":3,"maxScore":9,"error":1},"keywordDensity":{"type":"best","score":9,"maxScore":9,"error":0}}},"additional":[{"keyphrase":"fiestas patronales","score":87,"analysis":{"keyphraseInDescription":{"score":9,"maxScore":9,"error":0},"keyphraseLength":{"score":9,"maxScore":9,"error":0,"length":2},"keyphraseInIntroduction":{"score":9,"maxScore":9,"error":0},"keyphraseInImageAlt":{"score":3,"maxScore":9,"error":1},"keywordDensity":{"type":"best","score":9,"maxScore":9,"error":0}}},{"keyphrase":"Guatemala","score":100,"analysis":{"keyphraseInDescription":{"score":9,"maxScore":9,"error":0},"keyphraseLength":{"score":9,"maxScore":9,"error":0,"length":1},"keyphraseInIntroduction":{"score":9,"maxScore":9,"error":0},"keyphraseInImageAlt":{"score":9,"maxScore":9,"error":0},"keywordDensity":{"type":"best","score":9,"maxScore":9,"error":0}}}]},"primary_term":null,"canonical_url":null,"og_title":null,"og_description":null,"og_object_type":"default","og_image_type":"default","og_image_url":null,"og_image_width":null,"og_image_height":null,"og_image_custom_url":null,"og_image_custom_fields":null,"og_video":"","og_custom_url":null,"og_article_section":null,"og_article_tags":null,"twitter_use_og":false,"twitter_card":"default","twitter_image_type":"default","twitter_image_url":null,"twitter_image_custom_url":null,"twitter_image_custom_fields":null,"twitter_title":null,"twitter_description":null,"schema":{"blockGraphs":[],"customGraphs":[],"default":{"data":{"Article":[],"Course":[],"Dataset":[],"FAQPage":[],"Movie":[],"Person":[],"Product":[],"ProductReview":[],"Car":[],"Recipe":[],"Service":[],"SoftwareApplication":[],"WebPage":[]},"graphName":"none","isEnabled":true},"graphs":[]},"schema_type":"default","schema_type_options":null,"pillar_content":false,"robots_default":true,"robots_noindex":false,"robots_noarchive":false,"robots_nosnippet":false,"robots_nofollow":false,"robots_noimageindex":false,"robots_noodp":false,"robots_notranslate":false,"robots_max_snippet":"-1","robots_max_videopreview":"-1","robots_max_imagepreview":"large","priority":null,"frequency":"default","local_seo":null,"seo_analyzer_scan_date":"2025-10-09 05:44:16","breadcrumb_settings":null,"limit_modified_date":false,"reviewed_by":"0","open_ai":"{\"title\":{\"suggestions\":[],\"usage\":0},\"description\":{\"suggestions\":[],\"usage\":0}}","ai":null,"created":"2025-06-06 19:21:30","updated":"2026-02-05 00:51:28"},"aioseo_breadcrumb":"<div class=\"aioseo-breadcrumbs\"><span class=\"aioseo-breadcrumb\">\n\t<a href=\"https:\/\/soymigrante.com\/revista\" title=\"Home\">Home<\/a>\n<\/span><span class=\"aioseo-breadcrumb-separator\">\u00bb<\/span><span class=\"aioseo-breadcrumb\">\n\t<a href=\"https:\/\/soymigrante.com\/revista\/category\/guate-nuestra\/\" title=\"Guate Nuestra\">Guate Nuestra<\/a>\n<\/span><span class=\"aioseo-breadcrumb-separator\">\u00bb<\/span><span class=\"aioseo-breadcrumb\">\n\tFerias patronales en Guatemala durante agosto\n<\/span><\/div>","aioseo_breadcrumb_json":[{"label":"Home","link":"https:\/\/soymigrante.com\/revista"},{"label":"Guate Nuestra","link":"https:\/\/soymigrante.com\/revista\/category\/guate-nuestra\/"},{"label":"Ferias patronales en Guatemala durante agosto","link":"https:\/\/soymigrante.com\/revista\/fiestas-patronales-en-guatemala-durante-agosto\/"}],"_links":{"self":[{"href":"https:\/\/soymigrante.com\/revista\/wp-json\/wp\/v2\/posts\/35765","targetHints":{"allow":["GET"]}}],"collection":[{"href":"https:\/\/soymigrante.com\/revista\/wp-json\/wp\/v2\/posts"}],"about":[{"href":"https:\/\/soymigrante.com\/revista\/wp-json\/wp\/v2\/types\/post"}],"author":[{"embeddable":true,"href":"https:\/\/soymigrante.com\/revista\/wp-json\/wp\/v2\/users\/19"}],"replies":[{"embeddable":true,"href":"https:\/\/soymigrante.com\/revista\/wp-json\/wp\/v2\/comments?post=35765"}],"version-history":[{"count":12,"href":"https:\/\/soymigrante.com\/revista\/wp-json\/wp\/v2\/posts\/35765\/revisions"}],"predecessor-version":[{"id":42983,"href":"https:\/\/soymigrante.com\/revista\/wp-json\/wp\/v2\/posts\/35765\/revisions\/42983"}],"wp:featuredmedia":[{"embeddable":true,"href":"https:\/\/soymigrante.com\/revista\/wp-json\/wp\/v2\/media\/35766"}],"wp:attachment":[{"href":"https:\/\/soymigrante.com\/revista\/wp-json\/wp\/v2\/media?parent=35765"}],"wp:term":[{"taxonomy":"category","embeddable":true,"href":"https:\/\/soymigrante.com\/revista\/wp-json\/wp\/v2\/categories?post=35765"},{"taxonomy":"post_tag","embeddable":true,"href":"https:\/\/soymigrante.com\/revista\/wp-json\/wp\/v2\/tags?post=35765"}],"curies":[{"name":"wp","href":"https:\/\/api.w.org\/{rel}","templated":true}]}}