{"id":35738,"date":"2025-06-09T04:00:00","date_gmt":"2025-06-09T10:00:00","guid":{"rendered":"https:\/\/soymigrante.com\/revista\/?p=35738"},"modified":"2025-06-08T21:16:31","modified_gmt":"2025-06-09T03:16:31","slug":"tratamientos-dentales-mas-se-practican-migrantes-guatemaltecos-al-visitar-guatemala","status":"publish","type":"post","link":"https:\/\/soymigrante.com\/revista\/tratamientos-dentales-mas-se-practican-migrantes-guatemaltecos-al-visitar-guatemala\/","title":{"rendered":"\u00bfQu\u00e9 tratamientos dentales se hacen m\u00e1s los migrantes guatemaltecos al visitar Guatemala?"},"content":{"rendered":"\t\t<div data-elementor-type=\"wp-post\" data-elementor-id=\"35738\" class=\"elementor elementor-35738\" data-elementor-post-type=\"post\">\n\t\t\t\t<div data-particle_enable=\"false\" data-particle-mobile-disabled=\"false\" class=\"elementor-element elementor-element-584d0a5 e-flex e-con-boxed e-con e-parent\" data-id=\"584d0a5\" data-element_type=\"container\" data-e-type=\"container\">\n\t\t\t\t\t<div class=\"e-con-inner\">\n\t\t\t\t<div class=\"elementor-element elementor-element-bfdaf62 elementor-widget elementor-widget-heading\" data-id=\"bfdaf62\" data-element_type=\"widget\" data-e-type=\"widget\" data-widget_type=\"heading.default\">\n\t\t\t\t\t<h2 class=\"elementor-heading-title elementor-size-default\">Los migrantes guatemaltecos aprovechan su visita a Guatemala, porque los tratamientos dentales pueden ser hasta cinco veces m\u00e1s baratos que en Estados Unidos.<\/h2>\t\t\t\t<\/div>\n\t\t\t\t\t<\/div>\n\t\t\t\t<\/div>\n\t\t<div data-particle_enable=\"false\" data-particle-mobile-disabled=\"false\" class=\"elementor-element elementor-element-7d1edf8 e-flex e-con-boxed e-con e-parent\" data-id=\"7d1edf8\" data-element_type=\"container\" data-e-type=\"container\">\n\t\t\t\t\t<div class=\"e-con-inner\">\n\t\t\t\t<div class=\"elementor-element elementor-element-3bac6c5 elementor-widget elementor-widget-text-editor\" data-id=\"3bac6c5\" data-element_type=\"widget\" data-e-type=\"widget\" data-widget_type=\"text-editor.default\">\n\t\t\t\t\t\t\t\t\t<p><a href=\"https:\/\/soymigrante.com\/revista\/salud-bucal-de-los-ninos-migrantes-todo-reto-tiene-una-solucion\/\" target=\"_blank\" rel=\"noopener\">La salud bucal de los migrantes guatemaltecos es una de las prioridades<\/a> al momento de regresar temporalmente al pa\u00eds, especialmente por el alto costo de los tratamientos dentales en Estados Unidos.<\/p>\n<p>Muchos de ellos aprovechan su visita para atenderse con profesionales nacionales, como el <strong><a href=\"https:\/\/www.facebook.com\/denthos\/?locale=es_LA\">odont\u00f3logo Rolando R\u00edos<\/a>,<\/strong> quien cuenta con m\u00e1s de 30 a\u00f1os de experiencia y ha recibido a numerosos pacientes migrantes en su cl\u00ednica.<\/p>\n<p>\u201cHemos tenido la experiencia de atender a muchas personas, de ellas hemos atendido a personas que han venido a hacerse tratamientos, en tiempos estimados\u201d, explic\u00f3 R\u00edos, quien asegura que su equipo ofrece atenci\u00f3n especializada basada en calendario y planificaci\u00f3n profesional. Los tratamientos m\u00e1s frecuentes son blanqueamientos, carillas y coronas.<\/p>\t\t\t\t\t\t\t\t<\/div>\n\t\t\t\t\t<\/div>\n\t\t\t\t<\/div>\n\t\t<div data-particle_enable=\"false\" data-particle-mobile-disabled=\"false\" class=\"elementor-element elementor-element-9af3fdf e-flex e-con-boxed e-con e-parent\" data-id=\"9af3fdf\" data-element_type=\"container\" data-e-type=\"container\">\n\t\t\t\t\t<div class=\"e-con-inner\">\n\t\t\t\t<div class=\"elementor-element elementor-element-9a27c20 elementor-widget elementor-widget-image\" data-id=\"9a27c20\" data-element_type=\"widget\" data-e-type=\"widget\" data-widget_type=\"image.default\">\n\t\t\t\t\t\t\t\t\t\t\t\t<figure class=\"wp-caption\">\n\t\t\t\t\t\t\t\t\t\t<img fetchpriority=\"high\" decoding=\"async\" width=\"768\" height=\"511\" src=\"https:\/\/soymigrante.com\/revista\/wp-content\/uploads\/2025\/06\/Migrantes-aprovechan-su-visita-a-Guatemala-para-realizar-tratamientos-dentales-2-1024x681.jpeg\" class=\"attachment-large size-large wp-image-35746\" alt=\"Radiograf\u00eda dental en cl\u00ednica odontol\u00f3gica con personal de salud revisando im\u00e1genes radiogr\u00e1ficas, profesional en odontolog\u00eda con equipo de protecci\u00f3n.\" srcset=\"https:\/\/soymigrante.com\/revista\/wp-content\/uploads\/2025\/06\/Migrantes-aprovechan-su-visita-a-Guatemala-para-realizar-tratamientos-dentales-2-1024x681.jpeg 1024w, https:\/\/soymigrante.com\/revista\/wp-content\/uploads\/2025\/06\/Migrantes-aprovechan-su-visita-a-Guatemala-para-realizar-tratamientos-dentales-2-300x200.jpeg 300w, https:\/\/soymigrante.com\/revista\/wp-content\/uploads\/2025\/06\/Migrantes-aprovechan-su-visita-a-Guatemala-para-realizar-tratamientos-dentales-2-768x511.jpeg 768w, https:\/\/soymigrante.com\/revista\/wp-content\/uploads\/2025\/06\/Migrantes-aprovechan-su-visita-a-Guatemala-para-realizar-tratamientos-dentales-2-1536x1021.jpeg 1536w, https:\/\/soymigrante.com\/revista\/wp-content\/uploads\/2025\/06\/Migrantes-aprovechan-su-visita-a-Guatemala-para-realizar-tratamientos-dentales-2-750x499.jpeg 750w, https:\/\/soymigrante.com\/revista\/wp-content\/uploads\/2025\/06\/Migrantes-aprovechan-su-visita-a-Guatemala-para-realizar-tratamientos-dentales-2-1140x758.jpeg 1140w, https:\/\/soymigrante.com\/revista\/wp-content\/uploads\/2025\/06\/Migrantes-aprovechan-su-visita-a-Guatemala-para-realizar-tratamientos-dentales-2.webp 1600w\" sizes=\"(max-width: 768px) 100vw, 768px\" title=\"Los migrantes buscan precios accesibles para sus tratamientos. (Foto: ENVATO) \u2013 SoyMigrante.com REVISTA\" \/>\t\t\t\t\t\t\t\t\t\t\t<figcaption class=\"widget-image-caption wp-caption-text\">Imagen de un profesional de la salud atendiendo en una cl\u00ednica odontol\u00f3gica moderna.<\/figcaption>\n\t\t\t\t\t\t\t\t\t\t<\/figure>\n\t\t\t\t\t\t\t\t\t<\/div>\n\t\t\t\t\t<\/div>\n\t\t\t\t<\/div>\n\t\t<div data-particle_enable=\"false\" data-particle-mobile-disabled=\"false\" class=\"elementor-element elementor-element-22f10e8 e-flex e-con-boxed e-con e-parent\" data-id=\"22f10e8\" data-element_type=\"container\" data-e-type=\"container\">\n\t\t\t\t\t<div class=\"e-con-inner\">\n\t\t\t\t<div class=\"elementor-element elementor-element-540314b elementor-widget elementor-widget-heading\" data-id=\"540314b\" data-element_type=\"widget\" data-e-type=\"widget\" data-widget_type=\"heading.default\">\n\t\t\t\t\t<h3 class=\"elementor-heading-title elementor-size-default\">Diferencias de precios <\/h3>\t\t\t\t<\/div>\n\t\t\t\t\t<\/div>\n\t\t\t\t<\/div>\n\t\t<div data-particle_enable=\"false\" data-particle-mobile-disabled=\"false\" class=\"elementor-element elementor-element-a08d0f9 e-flex e-con-boxed e-con e-parent\" data-id=\"a08d0f9\" data-element_type=\"container\" data-e-type=\"container\">\n\t\t\t\t\t<div class=\"e-con-inner\">\n\t\t\t\t<div class=\"elementor-element elementor-element-4986151 elementor-widget elementor-widget-text-editor\" data-id=\"4986151\" data-element_type=\"widget\" data-e-type=\"widget\" data-widget_type=\"text-editor.default\">\n\t\t\t\t\t\t\t\t\t<p><a href=\"https:\/\/soymigrante.com\/revista\/salud-bucal-de-los-ninos-migrantes-todo-reto-tiene-una-solucion\/\" target=\"_blank\" rel=\"noopener\">Uno de los principales factores que motivan a los migrantes a realizar sus tratamientos dentales en Guatemala es la diferencia de precios<\/a>, que puede ser abismal. \u201cEn cuanto a costos, Guatemala presenta una gran ventaja, porque en Miami se cuesta US$700 y en Los \u00c1ngeles cuesta US$900, en Guatemala est\u00e1 alrededor de Q4 mil\u201d, explic\u00f3 R\u00edos.<\/p><p>Tratamientos como los implantes dentales o el dise\u00f1o de sonrisa pueden costar hasta cinco veces m\u00e1s en Estados Unidos. Por ejemplo, \u201cun dise\u00f1o de sonrisa, que puede incluir coronas en los dientes frontales, usualmente puede costar Q32,000, pero en Estados Unidos, puede costar alrededor de US$2,000 por pieza\u201d. Asimismo, \u201cun implante en Guatemala puede costar alrededor de Q7,000, pero en Estados Unidos, puede costar alrededor de US$2,300 por implante\u201d.<\/p><p>R\u00edos se\u00f1ala que, adem\u00e1s de la econom\u00eda, los pacientes migrantes buscan mejorar su imagen.<\/p>\t\t\t\t\t\t\t\t<\/div>\n\t\t\t\t\t<\/div>\n\t\t\t\t<\/div>\n\t\t<div data-particle_enable=\"false\" data-particle-mobile-disabled=\"false\" class=\"elementor-element elementor-element-ec05793 e-flex e-con-boxed e-con e-parent\" data-id=\"ec05793\" data-element_type=\"container\" data-e-type=\"container\">\n\t\t\t\t\t<div class=\"e-con-inner\">\n\t\t\t\t<div class=\"elementor-element elementor-element-1caf4aa elementor-invisible elementor-widget elementor-widget-testimonial\" data-id=\"1caf4aa\" data-element_type=\"widget\" data-e-type=\"widget\" data-settings=\"{&quot;_animation&quot;:&quot;rotateInUpRight&quot;}\" data-widget_type=\"testimonial.default\">\n\t\t\t\t\t\t\t<div class=\"elementor-testimonial-wrapper\">\n\t\t\t\t\t\t\t<div class=\"elementor-testimonial-content\">\u201cCada tratamiento es individual, pero he visto que las personas buscan cada vez m\u00e1s uno cosm\u00e9tico, ese se basa en que buscan tener una sonrisa m\u00e1s bonita, pero el costo es menor que en Estados Unidos\u201d<\/div>\n\t\t\t\n\t\t\t\t\t\t<div class=\"elementor-testimonial-meta elementor-has-image elementor-testimonial-image-position-aside\">\n\t\t\t\t<div class=\"elementor-testimonial-meta-inner\">\n\t\t\t\t\t\t\t\t\t\t\t<div class=\"elementor-testimonial-image\">\n\t\t\t\t\t\t\t<img decoding=\"async\" width=\"1080\" height=\"1080\" src=\"https:\/\/soymigrante.com\/revista\/wp-content\/uploads\/2025\/06\/Migrantes-aprovechan-su-visita-a-Guatemala-para-realizar-tratamientos-dentales-1-e1749232300989.webp\" class=\"attachment-full size-full wp-image-35745\" alt=\"Trabajador migrante en evento formal, promoviendo derechos y cultura migrante en Revista SoyMigrante.com.\" title=\"Odont\u00f3logo Rolando R\u00edos \u2013 SoyMigrante.com REVISTA\" \/>\t\t\t\t\t\t<\/div>\n\t\t\t\t\t\n\t\t\t\t\t\t\t\t\t\t<div class=\"elementor-testimonial-details\">\n\t\t\t\t\t\t\t\t\t\t\t\t\t\t<div class=\"elementor-testimonial-name\">Rolando R\u00edos<\/div>\n\t\t\t\t\t\t\t\t\t\t\t\t\t\t\t\t\t\t\t\t\t\t<div class=\"elementor-testimonial-job\">Odont\u00f3logo <\/div>\n\t\t\t\t\t\t\t\t\t\t\t\t\t<\/div>\n\t\t\t\t\t\t\t\t\t<\/div>\n\t\t\t<\/div>\n\t\t\t\t\t<\/div>\n\t\t\t\t\t\t<\/div>\n\t\t\t\t\t<\/div>\n\t\t\t\t<\/div>\n\t\t<div data-particle_enable=\"false\" data-particle-mobile-disabled=\"false\" class=\"elementor-element elementor-element-3c6663b e-flex e-con-boxed e-con e-parent\" data-id=\"3c6663b\" data-element_type=\"container\" data-e-type=\"container\">\n\t\t\t\t\t<div class=\"e-con-inner\">\n\t\t\t\t<div class=\"elementor-element elementor-element-d7b6430 elementor-widget elementor-widget-heading\" data-id=\"d7b6430\" data-element_type=\"widget\" data-e-type=\"widget\" data-widget_type=\"heading.default\">\n\t\t\t\t\t<h3 class=\"elementor-heading-title elementor-size-default\">Tratamientos m\u00e1s buscados <\/h3>\t\t\t\t<\/div>\n\t\t\t\t\t<\/div>\n\t\t\t\t<\/div>\n\t\t<div data-particle_enable=\"false\" data-particle-mobile-disabled=\"false\" class=\"elementor-element elementor-element-bf2511b e-flex e-con-boxed e-con e-parent\" data-id=\"bf2511b\" data-element_type=\"container\" data-e-type=\"container\">\n\t\t\t\t\t<div class=\"e-con-inner\">\n\t\t\t\t<div class=\"elementor-element elementor-element-615fc52 elementor-widget elementor-widget-text-editor\" data-id=\"615fc52\" data-element_type=\"widget\" data-e-type=\"widget\" data-widget_type=\"text-editor.default\">\n\t\t\t\t\t\t\t\t\t<p><a href=\"https:\/\/soymigrante.com\/revista\/salud-bucal-de-los-ninos-migrantes-todo-reto-tiene-una-solucion\/\" target=\"_blank\" rel=\"noopener\">Entre los tratamientos m\u00e1s buscados est\u00e1n las coronas, carillas y blanqueamientos<\/a>. No obstante, advierte que primero es necesario recuperar la salud bucal b\u00e1sica antes de pasar a lo est\u00e9tico. \u201cMuchos de los pacientes por haber tenido ausencia de tratamientos dentales, estando en Guatemala, es ahora donde retoman la salud, pero a veces el da\u00f1o es irreversible\u201d.<\/p><p>Gracias a su experiencia, el especialista ha logrado ofrecer tratamientos completos en tiempos reducidos. \u201cTenemos la oportunidad que cuando un paciente tiene buena salud bucal, en cinco d\u00edas es suficiente para entregar un trabajo garantizado, basado en la apariencia, fuerza y por escrito\u201d, mencion\u00f3.<\/p><p>Aunque los tratamientos m\u00e1s complejos, como los implantes, requieren de varias visitas y periodos de espera de hasta seis meses, muchos migrantes los consideran una inversi\u00f3n. \u201cEl tratamiento para un implante requiere varias citas\u2026 aproximadamente cuatro meses despu\u00e9s se coloca el implante, lo que quiere decir que en un periodo de seis meses deben venir alrededor de cuatro veces a Guatemala\u201d, coment\u00f3 R\u00edos.<\/p>\t\t\t\t\t\t\t\t<\/div>\n\t\t\t\t\t<\/div>\n\t\t\t\t<\/div>\n\t\t<div data-particle_enable=\"false\" data-particle-mobile-disabled=\"false\" class=\"elementor-element elementor-element-55ff748 e-flex e-con-boxed e-con e-parent\" data-id=\"55ff748\" data-element_type=\"container\" data-e-type=\"container\">\n\t\t\t\t\t<div class=\"e-con-inner\">\n\t\t\t\t<div class=\"elementor-element elementor-element-5a47889 elementor-widget elementor-widget-image\" data-id=\"5a47889\" data-element_type=\"widget\" data-e-type=\"widget\" data-widget_type=\"image.default\">\n\t\t\t\t\t\t\t\t\t\t\t\t<figure class=\"wp-caption\">\n\t\t\t\t\t\t\t\t\t\t<img decoding=\"async\" width=\"768\" height=\"1024\" src=\"https:\/\/soymigrante.com\/revista\/wp-content\/uploads\/2025\/06\/Migrantes-aprovechan-su-visita-a-Guatemala-para-realizar-tratamientos-dentales-4-768x1024.jpeg\" class=\"attachment-large size-large wp-image-35748\" alt=\"Diagn\u00f3stico dental y tratamiento odontol\u00f3gico en cl\u00ednica especializada. Profesionales en salud bucal atendiendo a paciente en consulta m\u00e9dica, con radiograf\u00eda en pantalla.\" srcset=\"https:\/\/soymigrante.com\/revista\/wp-content\/uploads\/2025\/06\/Migrantes-aprovechan-su-visita-a-Guatemala-para-realizar-tratamientos-dentales-4-768x1024.jpeg 768w, https:\/\/soymigrante.com\/revista\/wp-content\/uploads\/2025\/06\/Migrantes-aprovechan-su-visita-a-Guatemala-para-realizar-tratamientos-dentales-4-225x300.jpeg 225w, https:\/\/soymigrante.com\/revista\/wp-content\/uploads\/2025\/06\/Migrantes-aprovechan-su-visita-a-Guatemala-para-realizar-tratamientos-dentales-4-1152x1536.jpeg 1152w, https:\/\/soymigrante.com\/revista\/wp-content\/uploads\/2025\/06\/Migrantes-aprovechan-su-visita-a-Guatemala-para-realizar-tratamientos-dentales-4-750x1000.webp 750w, https:\/\/soymigrante.com\/revista\/wp-content\/uploads\/2025\/06\/Migrantes-aprovechan-su-visita-a-Guatemala-para-realizar-tratamientos-dentales-4-1140x1520.webp 1140w, https:\/\/soymigrante.com\/revista\/wp-content\/uploads\/2025\/06\/Migrantes-aprovechan-su-visita-a-Guatemala-para-realizar-tratamientos-dentales-4.webp 1200w\" sizes=\"(max-width: 768px) 100vw, 768px\" title=\"Los migrantes tambi\u00e9n buscan mejorar su aspecto. (Foto: ENVATO) \u2013 SoyMigrante.com REVISTA\" \/>\t\t\t\t\t\t\t\t\t\t\t<figcaption class=\"widget-image-caption wp-caption-text\">Los migrantes tambi\u00e9n buscan mejorar su aspecto. (Foto: ENVATO)<\/figcaption>\n\t\t\t\t\t\t\t\t\t\t<\/figure>\n\t\t\t\t\t\t\t\t\t<\/div>\n\t\t\t\t\t<\/div>\n\t\t\t\t<\/div>\n\t\t<div data-particle_enable=\"false\" data-particle-mobile-disabled=\"false\" class=\"elementor-element elementor-element-d85551d e-flex e-con-boxed e-con e-parent\" data-id=\"d85551d\" data-element_type=\"container\" data-e-type=\"container\">\n\t\t\t\t\t<div class=\"e-con-inner\">\n\t\t\t\t<div class=\"elementor-element elementor-element-87ebe6f elementor-widget elementor-widget-heading\" data-id=\"87ebe6f\" data-element_type=\"widget\" data-e-type=\"widget\" data-widget_type=\"heading.default\">\n\t\t\t\t\t<h3 class=\"elementor-heading-title elementor-size-default\">Remesas para salud <\/h3>\t\t\t\t<\/div>\n\t\t\t\t\t<\/div>\n\t\t\t\t<\/div>\n\t\t<div data-particle_enable=\"false\" data-particle-mobile-disabled=\"false\" class=\"elementor-element elementor-element-95c216a e-flex e-con-boxed e-con e-parent\" data-id=\"95c216a\" data-element_type=\"container\" data-e-type=\"container\">\n\t\t\t\t\t<div class=\"e-con-inner\">\n\t\t\t\t<div class=\"elementor-element elementor-element-5a76c91 elementor-widget elementor-widget-text-editor\" data-id=\"5a76c91\" data-element_type=\"widget\" data-e-type=\"widget\" data-widget_type=\"text-editor.default\">\n\t\t\t\t\t\t\t\t\t<p>Seg\u00fan el odont\u00f3logo, <a href=\"https:\/\/soymigrante.com\/revista\/remesas-migrantes-en-mayo-alcanzan-us2281-millones-el-mes-mas-alto-de-la-historia\/\" target=\"_blank\" rel=\"noopener\">se estima que el 7% de las remesas enviadas por migrantes guatemaltecos se destinan a temas de salud,<\/a> y dentro de ese porcentaje, una parte importante se usa para tratamientos dentales. \u201cNosotros, por lo especializados que estamos, tenemos tratamientos de hasta una semana, con estos tratamientos preventivos podemos ayudarlos\u201d, afirm\u00f3.<\/p><p>Finalmente, R\u00edos destaca la preparaci\u00f3n de los profesionales guatemaltecos. \u201cMuchos hemos tenido las ventajas de estudiar en Guatemala, pero tambi\u00e9n nos especializamos en otros pa\u00edses, aunque no siempre somos reconocidos\u201d.<\/p><p>Para el odont\u00f3logo, atender a pacientes migrantes es una muestra de su esfuerzo por salir adelante. \u201cDefinitivamente, el primer mensaje es el agradecimiento que tienen por sacar adelante a sus familias y tener acceso al esfuerzo que hacen\u201d, concluy\u00f3.<\/p><p><a href=\"https:\/\/www.facebook.com\/denthos\/?locale=es_LA\">Para contactar al odont\u00f3logo Rolando R\u00edos, esta es su p\u00e1gina de Facebook.<\/a><\/p>\t\t\t\t\t\t\t\t<\/div>\n\t\t\t\t\t<\/div>\n\t\t\t\t<\/div>\n\t\t<div data-particle_enable=\"false\" data-particle-mobile-disabled=\"false\" class=\"elementor-element elementor-element-53b2ec6 e-flex e-con-boxed e-con e-parent\" data-id=\"53b2ec6\" data-element_type=\"container\" data-e-type=\"container\">\n\t\t\t\t\t<div class=\"e-con-inner\">\n\t\t\t\t<div class=\"elementor-element elementor-element-2fdda95 elementor-widget elementor-widget-facebook-page\" data-id=\"2fdda95\" data-element_type=\"widget\" data-e-type=\"widget\" data-widget_type=\"facebook-page.default\">\n\t\t\t\t\t<div class=\"elementor-facebook-widget fb-page\" data-href=\"https:\/\/www.facebook.com\/denthos\/?locale=es_LA\" data-tabs=\"timeline\" data-height=\"500px\" data-width=\"500px\" data-small-header=\"false\" data-hide-cover=\"false\" data-show-facepile=\"true\" data-hide-cta=\"false\" style=\"min-height: 1px;height:500px\"><\/div>\t\t\t\t<\/div>\n\t\t\t\t\t<\/div>\n\t\t\t\t<\/div>\n\t\t<div data-particle_enable=\"false\" data-particle-mobile-disabled=\"false\" class=\"elementor-element elementor-element-4ffb91d e-flex e-con-boxed e-con e-parent\" data-id=\"4ffb91d\" data-element_type=\"container\" data-e-type=\"container\">\n\t\t\t\t\t<div class=\"e-con-inner\">\n\t\t\t\t<div class=\"elementor-element elementor-element-3326a2c elementor-widget elementor-widget-heading\" data-id=\"3326a2c\" data-element_type=\"widget\" data-e-type=\"widget\" data-widget_type=\"heading.default\">\n\t\t\t\t\t<h2 class=\"elementor-heading-title elementor-size-default\">Conoce otros temas que te pueden interesar...<\/h2>\t\t\t\t<\/div>\n\t\t\t\t\t<\/div>\n\t\t\t\t<\/div>\n\t\t<div data-particle_enable=\"false\" data-particle-mobile-disabled=\"false\" class=\"elementor-element elementor-element-a11fdb7 e-flex e-con-boxed e-con e-parent\" data-id=\"a11fdb7\" data-element_type=\"container\" data-e-type=\"container\">\n\t\t\t\t\t<div class=\"e-con-inner\">\n\t\t\t\t<div class=\"elementor-element elementor-element-049d558 elementor-grid-eael-col-3 elementor-grid-tablet-eael-col-2 elementor-grid-mobile-eael-col-1 elementor-widget elementor-widget-eael-post-grid\" data-id=\"049d558\" data-element_type=\"widget\" data-e-type=\"widget\" data-settings=\"{&quot;eael_post_grid_columns&quot;:&quot;eael-col-3&quot;,&quot;eael_post_grid_columns_tablet&quot;:&quot;eael-col-2&quot;,&quot;eael_post_grid_columns_mobile&quot;:&quot;eael-col-1&quot;}\" data-widget_type=\"eael-post-grid.default\">\n\t\t\t\t\t<div id=\"eael-post-grid-049d558\" class=\"eael-post-grid-container\">\n            <div class=\"eael-post-grid eael-post-appender eael-post-appender-049d558 eael-post-grid-style-one\" data-layout-mode=\"masonry\"><article class=\"eael-grid-post  eael-post-grid-column eael-pg-post-33890 category-bienestar\" data-id=\"33890\">\n        <div class=\"eael-grid-post-holder\">\n            <div class=\"eael-grid-post-holder-inner\"><div class=\"eael-entry-media\"><div class=\"eael-entry-overlay fade-in\"><i class=\"far fa-hand-pointer\" aria-hidden=\"true\"><\/i><a href=\"https:\/\/soymigrante.com\/revista\/consejopara-cuidar-tus-ojos-en-el-trabajo-en-casa-y-en-la-calle\/\"><\/a><\/div><div class=\"eael-entry-thumbnail \">\n                <img loading=\"lazy\" decoding=\"async\" width=\"1024\" height=\"1024\" src=\"https:\/\/soymigrante.com\/revista\/wp-content\/uploads\/2025\/05\/cuidado-de-la-vista-1024x1024.jpg\" class=\"attachment-large size-large wp-image-33929\" alt=\"Maquillaje natural y cuidado de la piel para migrantes: consejos y tendencias en belleza para fortalecer la autoestima en la comunidad migrante.\" srcset=\"https:\/\/soymigrante.com\/revista\/wp-content\/uploads\/2025\/05\/cuidado-de-la-vista-1024x1024.jpg 1024w, https:\/\/soymigrante.com\/revista\/wp-content\/uploads\/2025\/05\/cuidado-de-la-vista-300x300.jpg 300w, https:\/\/soymigrante.com\/revista\/wp-content\/uploads\/2025\/05\/cuidado-de-la-vista-150x150.jpg 150w, https:\/\/soymigrante.com\/revista\/wp-content\/uploads\/2025\/05\/cuidado-de-la-vista-768x768.jpg 768w, https:\/\/soymigrante.com\/revista\/wp-content\/uploads\/2025\/05\/cuidado-de-la-vista-1536x1536.jpg 1536w, https:\/\/soymigrante.com\/revista\/wp-content\/uploads\/2025\/05\/cuidado-de-la-vista-2048x2048.jpg 2048w, https:\/\/soymigrante.com\/revista\/wp-content\/uploads\/2025\/05\/cuidado-de-la-vista-75x75.webp 75w, https:\/\/soymigrante.com\/revista\/wp-content\/uploads\/2025\/05\/cuidado-de-la-vista-750x750.webp 750w, https:\/\/soymigrante.com\/revista\/wp-content\/uploads\/2025\/05\/cuidado-de-la-vista-1140x1140.webp 1140w, https:\/\/soymigrante.com\/revista\/wp-content\/uploads\/2025\/05\/cuidado-de-la-vista-scaled.webp 1920w\" sizes=\"(max-width: 1024px) 100vw, 1024px\" \/>\n            <\/div>\n        <\/div><div class=\"eael-entry-wrapper\"><header class=\"eael-entry-header\"><h2 class=\"eael-entry-title\"><a class=\"eael-grid-post-link\" href=\"https:\/\/soymigrante.com\/revista\/consejopara-cuidar-tus-ojos-en-el-trabajo-en-casa-y-en-la-calle\/\" title=\"Consejos para cuidar tus ojos en el trabajo, en casa y en la calle\">Consejos para cuidar tus ojos en el trabajo, en casa y en la calle<\/a><\/h2><\/header><div class=\"eael-entry-content\">\n                        <div class=\"eael-grid-post-excerpt\"><a href=\"https:\/\/soymigrante.com\/revista\/consejopara-cuidar-tus-ojos-en-el-trabajo-en-casa-y-en-la-calle\/\" class=\"eael-post-elements-readmore-btn\">CONOCE SU HISTORIA <\/a><\/div>\n                    <\/div><\/div><\/div>\n        <\/div>\n    <\/article><article class=\"eael-grid-post  eael-post-grid-column eael-pg-post-12606 category-bienestar\" data-id=\"12606\">\n        <div class=\"eael-grid-post-holder\">\n            <div class=\"eael-grid-post-holder-inner\"><div class=\"eael-entry-media\"><div class=\"eael-entry-overlay fade-in\"><i class=\"far fa-hand-pointer\" aria-hidden=\"true\"><\/i><a href=\"https:\/\/soymigrante.com\/revista\/salud-bucal-de-los-ninos-migrantes-todo-reto-tiene-una-solucion\/\"><\/a><\/div><div class=\"eael-entry-thumbnail \">\n                <img loading=\"lazy\" decoding=\"async\" width=\"1024\" height=\"1024\" src=\"https:\/\/soymigrante.com\/revista\/wp-content\/uploads\/2024\/11\/Salud-bucal-de-los-nin\u0303os-migrantes-Retos-y-soluciones--scaled-e1731012276108-1024x1024.webp\" class=\"attachment-large size-large wp-image-12608\" alt=\"Salud bucal de los ni\u00f1os migrantes: Retos y soluciones\" srcset=\"https:\/\/soymigrante.com\/revista\/wp-content\/uploads\/2024\/11\/Salud-bucal-de-los-nin\u0303os-migrantes-Retos-y-soluciones--scaled-e1731012276108-1024x1024.webp 1024w, https:\/\/soymigrante.com\/revista\/wp-content\/uploads\/2024\/11\/Salud-bucal-de-los-nin\u0303os-migrantes-Retos-y-soluciones--scaled-e1731012276108-300x300.webp 300w, https:\/\/soymigrante.com\/revista\/wp-content\/uploads\/2024\/11\/Salud-bucal-de-los-nin\u0303os-migrantes-Retos-y-soluciones--scaled-e1731012276108-150x150.webp 150w, https:\/\/soymigrante.com\/revista\/wp-content\/uploads\/2024\/11\/Salud-bucal-de-los-nin\u0303os-migrantes-Retos-y-soluciones--scaled-e1731012276108-768x768.webp 768w, https:\/\/soymigrante.com\/revista\/wp-content\/uploads\/2024\/11\/Salud-bucal-de-los-nin\u0303os-migrantes-Retos-y-soluciones--scaled-e1731012276108-75x75.webp 75w, https:\/\/soymigrante.com\/revista\/wp-content\/uploads\/2024\/11\/Salud-bucal-de-los-nin\u0303os-migrantes-Retos-y-soluciones--scaled-e1731012276108-750x750.webp 750w, https:\/\/soymigrante.com\/revista\/wp-content\/uploads\/2024\/11\/Salud-bucal-de-los-nin\u0303os-migrantes-Retos-y-soluciones--scaled-e1731012276108-1140x1140.webp 1140w, https:\/\/soymigrante.com\/revista\/wp-content\/uploads\/2024\/11\/Salud-bucal-de-los-nin\u0303os-migrantes-Retos-y-soluciones--scaled-e1731012276108.webp 1280w\" sizes=\"(max-width: 1024px) 100vw, 1024px\" \/>\n            <\/div>\n        <\/div><div class=\"eael-entry-wrapper\"><header class=\"eael-entry-header\"><h2 class=\"eael-entry-title\"><a class=\"eael-grid-post-link\" href=\"https:\/\/soymigrante.com\/revista\/salud-bucal-de-los-ninos-migrantes-todo-reto-tiene-una-solucion\/\" title=\"Salud bucal de los ni\u00f1os migrantes: todo reto tiene una soluci\u00f3n\">Salud bucal de los ni\u00f1os migrantes: todo reto tiene una soluci\u00f3n<\/a><\/h2><\/header><div class=\"eael-entry-content\">\n                        <div class=\"eael-grid-post-excerpt\"><a href=\"https:\/\/soymigrante.com\/revista\/salud-bucal-de-los-ninos-migrantes-todo-reto-tiene-una-solucion\/\" class=\"eael-post-elements-readmore-btn\">CONOCE SU HISTORIA <\/a><\/div>\n                    <\/div><\/div><\/div>\n        <\/div>\n    <\/article><article class=\"eael-grid-post  eael-post-grid-column eael-pg-post-8203 category-bienestar\" data-id=\"8203\">\n        <div class=\"eael-grid-post-holder\">\n            <div class=\"eael-grid-post-holder-inner\"><div class=\"eael-entry-media\"><div class=\"eael-entry-overlay fade-in\"><i class=\"far fa-hand-pointer\" aria-hidden=\"true\"><\/i><a href=\"https:\/\/soymigrante.com\/revista\/como-cuidar-la-alimentacion-de-tus-hijos-instituto-americano-de-salud-digiestiva\/\"><\/a><\/div><div class=\"eael-entry-thumbnail \">\n                <img loading=\"lazy\" decoding=\"async\" width=\"792\" height=\"792\" src=\"https:\/\/soymigrante.com\/revista\/wp-content\/uploads\/2024\/08\/ALIMENTACION-INFANTIL.webp\" class=\"attachment-large size-large wp-image-8242\" alt=\"Disfrutando de una rodaja de sand\u00eda, ni\u00f1a comiendo fruta refrescante, verano, saludable, en el parque, sonriente, saludable y feliz.\" srcset=\"https:\/\/soymigrante.com\/revista\/wp-content\/uploads\/2024\/08\/ALIMENTACION-INFANTIL.webp 792w, https:\/\/soymigrante.com\/revista\/wp-content\/uploads\/2024\/08\/ALIMENTACION-INFANTIL-300x300.webp 300w, https:\/\/soymigrante.com\/revista\/wp-content\/uploads\/2024\/08\/ALIMENTACION-INFANTIL-150x150.webp 150w, https:\/\/soymigrante.com\/revista\/wp-content\/uploads\/2024\/08\/ALIMENTACION-INFANTIL-768x768.webp 768w, https:\/\/soymigrante.com\/revista\/wp-content\/uploads\/2024\/08\/ALIMENTACION-INFANTIL-75x75.webp 75w, https:\/\/soymigrante.com\/revista\/wp-content\/uploads\/2024\/08\/ALIMENTACION-INFANTIL-750x750.webp 750w\" sizes=\"(max-width: 792px) 100vw, 792px\" \/>\n            <\/div>\n        <\/div><div class=\"eael-entry-wrapper\"><header class=\"eael-entry-header\"><h2 class=\"eael-entry-title\"><a class=\"eael-grid-post-link\" href=\"https:\/\/soymigrante.com\/revista\/como-cuidar-la-alimentacion-de-tus-hijos-instituto-americano-de-salud-digiestiva\/\" title=\"C\u00f3mo cuidar la alimentaci\u00f3n de tus hijos: instituto americano de salud digestiva\">C\u00f3mo cuidar la alimentaci\u00f3n de tus hijos: instituto americano de salud digestiva<\/a><\/h2><\/header><div class=\"eael-entry-content\">\n                        <div class=\"eael-grid-post-excerpt\"><a href=\"https:\/\/soymigrante.com\/revista\/como-cuidar-la-alimentacion-de-tus-hijos-instituto-americano-de-salud-digiestiva\/\" class=\"eael-post-elements-readmore-btn\">CONOCE SU HISTORIA <\/a><\/div>\n                    <\/div><\/div><\/div>\n        <\/div>\n    <\/article><\/div>\n            <div class=\"clearfix\"><\/div>\n        <\/div>\t\t\t\t<\/div>\n\t\t\t\t\t<\/div>\n\t\t\t\t<\/div>\n\t\t\t\t<\/div>\n\t\t","protected":false},"excerpt":{"rendered":"<p>Los migrantes guatemaltecos aprovechan su visita a Guatemala, porque los tratamientos dentales pueden ser hasta cinco veces m\u00e1s baratos que en Estados Unidos. La salud bucal de los migrantes guatemaltecos es una de las prioridades al momento de regresar temporalmente al pa\u00eds, especialmente por el alto costo de los tratamientos dentales en Estados Unidos. Muchos [&hellip;]<\/p>\n","protected":false},"author":19,"featured_media":35739,"comment_status":"open","ping_status":"open","sticky":false,"template":"","format":"standard","meta":{"_acf_changed":false,"_eb_attr":"","footnotes":""},"categories":[54],"tags":[],"class_list":["post-35738","post","type-post","status-publish","format-standard","has-post-thumbnail","hentry","category-estamos-unidos"],"acf":[],"aioseo_notices":[],"aioseo_head":"\n\t\t<!-- All in One SEO Pro 4.9.6.2 - aioseo.com -->\n\t<meta name=\"description\" content=\"Desde la lactancia se puede cuidar la ingesta de alimentos de los ni\u00f1os para que crezcan mejor. Estas son algunas claves accesibles y posibles en el hogar.\" \/>\n\t<meta name=\"robots\" content=\"max-snippet:-1, max-image-preview:large, max-video-preview:-1\" \/>\n\t<meta name=\"author\" content=\"Beatriz Tercero\"\/>\n\t<link rel=\"canonical\" href=\"https:\/\/soymigrante.com\/revista\/como-cuidar-la-alimentacion-de-tus-hijos-instituto-americano-de-salud-digiestiva\/\" \/>\n\t<meta name=\"generator\" content=\"All in One SEO Pro (AIOSEO) 4.9.6.2\" \/>\n\n\t\t<link rel=\"preconnect\" href=\"https:\/\/fonts.googleapis.com\" crossorigin>\n<link rel=\"preconnect\" href=\"https:\/\/fonts.gstatic.com\" crossorigin>\n\t\t<meta property=\"og:locale\" content=\"es_ES\" \/>\n\t\t<meta property=\"og:site_name\" content=\"SoyMigrante.com REVISTA \u2013 Nuestra misi\u00f3n es reconocer y dignificar al migrante.\" \/>\n\t\t<meta property=\"og:type\" content=\"article\" \/>\n\t\t<meta property=\"og:title\" content=\"Claves de nutrici\u00f3n infantil seg\u00fan instituto americano de salud digestiva\" \/>\n\t\t<meta property=\"og:description\" content=\"Desde la lactancia se puede cuidar la ingesta de alimentos de los ni\u00f1os para que crezcan mejor. Estas son algunas claves accesibles y posibles en el hogar.\" \/>\n\t\t<meta property=\"og:url\" content=\"https:\/\/soymigrante.com\/revista\/como-cuidar-la-alimentacion-de-tus-hijos-instituto-americano-de-salud-digiestiva\/\" \/>\n\t\t<meta property=\"og:image\" content=\"https:\/\/soymigrante.com\/revista\/wp-content\/uploads\/2024\/08\/ALIMENTACION-INFANTIL.webp\" \/>\n\t\t<meta property=\"og:image:secure_url\" content=\"https:\/\/soymigrante.com\/revista\/wp-content\/uploads\/2024\/08\/ALIMENTACION-INFANTIL.webp\" \/>\n\t\t<meta property=\"og:image:width\" content=\"792\" \/>\n\t\t<meta property=\"og:image:height\" content=\"792\" \/>\n\t\t<meta property=\"article:published_time\" content=\"2024-08-21T15:37:32+00:00\" \/>\n\t\t<meta property=\"article:modified_time\" content=\"2024-08-21T15:50:35+00:00\" \/>\n\t\t<meta property=\"article:publisher\" content=\"https:\/\/www.facebook.com\/soymigrantecom\" \/>\n\t\t<meta name=\"twitter:card\" content=\"summary_large_image\" \/>\n\t\t<meta name=\"twitter:site\" content=\"@SoyMigrante_com\" \/>\n\t\t<meta name=\"twitter:title\" content=\"Claves de nutrici\u00f3n infantil seg\u00fan instituto americano de salud digestiva\" \/>\n\t\t<meta name=\"twitter:description\" content=\"Desde la lactancia se puede cuidar la ingesta de alimentos de los ni\u00f1os para que crezcan mejor. Estas son algunas claves accesibles y posibles en el hogar.\" \/>\n\t\t<meta name=\"twitter:creator\" content=\"@SoyMigrante_com\" \/>\n\t\t<meta name=\"twitter:image\" content=\"https:\/\/soymigrante.com\/revista\/wp-content\/uploads\/2024\/08\/ALIMENTACION-INFANTIL.webp\" \/>\n\t\t<!-- All in One SEO Pro -->\r\n\t\t<title>Claves de nutrici\u00f3n infantil seg\u00fan instituto americano de salud digestiva<\/title>\n\n","aioseo_head_json":{"title":"Claves de nutrici\u00f3n infantil seg\u00fan instituto americano de salud digestiva","description":"Desde la lactancia se puede cuidar la ingesta de alimentos de los ni\u00f1os para que crezcan mejor. Estas son algunas claves accesibles y posibles en el hogar.","canonical_url":"https:\/\/soymigrante.com\/revista\/como-cuidar-la-alimentacion-de-tus-hijos-instituto-americano-de-salud-digiestiva\/","robots":"max-snippet:-1, max-image-preview:large, max-video-preview:-1","keywords":"","webmasterTools":{"miscellaneous":"&lt;link rel=\"preconnect\" href=\"https:\/\/fonts.googleapis.com\" crossorigin&gt;\n&lt;link rel=\"preconnect\" href=\"https:\/\/fonts.gstatic.com\" crossorigin&gt;"},"schema":null,"og:locale":"es_ES","og:site_name":"SoyMigrante.com REVISTA \u2013 Nuestra misi\u00f3n es reconocer y dignificar al migrante.","og:type":"article","og:title":"Claves de nutrici\u00f3n infantil seg\u00fan instituto americano de salud digestiva","og:description":"Desde la lactancia se puede cuidar la ingesta de alimentos de los ni\u00f1os para que crezcan mejor. Estas son algunas claves accesibles y posibles en el hogar.","og:url":"https:\/\/soymigrante.com\/revista\/como-cuidar-la-alimentacion-de-tus-hijos-instituto-americano-de-salud-digiestiva\/","og:image":"https:\/\/soymigrante.com\/revista\/wp-content\/uploads\/2024\/08\/ALIMENTACION-INFANTIL.webp","og:image:secure_url":"https:\/\/soymigrante.com\/revista\/wp-content\/uploads\/2024\/08\/ALIMENTACION-INFANTIL.webp","og:image:width":792,"og:image:height":792,"article:published_time":"2024-08-21T15:37:32+00:00","article:modified_time":"2024-08-21T15:50:35+00:00","article:publisher":"https:\/\/www.facebook.com\/soymigrantecom","twitter:card":"summary_large_image","twitter:site":"@SoyMigrante_com","twitter:title":"Claves de nutrici\u00f3n infantil seg\u00fan instituto americano de salud digestiva","twitter:description":"Desde la lactancia se puede cuidar la ingesta de alimentos de los ni\u00f1os para que crezcan mejor. Estas son algunas claves accesibles y posibles en el hogar.","twitter:creator":"@SoyMigrante_com","twitter:image":"https:\/\/soymigrante.com\/revista\/wp-content\/uploads\/2024\/08\/ALIMENTACION-INFANTIL.webp"},"aioseo_meta_data":{"post_id":"35738","title":"\u00bfQu\u00e9 tratamientos dentales se realizan migrantes en Guatemala?","description":"Migrantes guatemaltecos de visita en el pa\u00eds aprovechan para efectuarse tratamientos dentales hasta cinco veces m\u00e1s baratos que en USA. Dentista guatemalteco explica","keywords":null,"keyphrases":{"focus":{"keyphrase":"tratamientos dentales","score":91,"analysis":{"keyphraseInTitle":{"score":9,"maxScore":9,"error":0},"keyphraseInDescription":{"score":9,"maxScore":9,"error":0},"keyphraseLength":{"score":9,"maxScore":9,"error":0,"length":2},"keyphraseInURL":{"score":5,"maxScore":5,"error":0},"keyphraseInIntroduction":{"score":9,"maxScore":9,"error":0},"keyphraseInSubHeadings":{"score":3,"maxScore":9,"error":1},"keyphraseInImageAlt":{"score":9,"maxScore":9,"error":0},"keywordDensity":{"type":"best","score":9,"maxScore":9,"error":0}}},"additional":[{"keyphrase":"tratamientos dentales","score":100,"analysis":{"keyphraseInDescription":{"score":9,"maxScore":9,"error":0},"keyphraseLength":{"score":9,"maxScore":9,"error":0,"length":2},"keyphraseInIntroduction":{"score":9,"maxScore":9,"error":0},"keyphraseInImageAlt":{"score":9,"maxScore":9,"error":0},"keywordDensity":{"type":"best","score":9,"maxScore":9,"error":0}}},{"keyphrase":"Guatemala","score":60,"analysis":{"keyphraseInDescription":{"score":3,"maxScore":9,"error":1},"keyphraseLength":{"score":9,"maxScore":9,"error":0,"length":1},"keyphraseInIntroduction":{"score":3,"maxScore":9,"error":1},"keyphraseInImageAlt":{"score":3,"maxScore":9,"error":1},"keywordDensity":{"type":"best","score":9,"maxScore":9,"error":0}}}]},"primary_term":null,"canonical_url":null,"og_title":null,"og_description":null,"og_object_type":"default","og_image_type":"default","og_image_url":null,"og_image_width":null,"og_image_height":null,"og_image_custom_url":null,"og_image_custom_fields":null,"og_video":"","og_custom_url":null,"og_article_section":null,"og_article_tags":null,"twitter_use_og":false,"twitter_card":"default","twitter_image_type":"default","twitter_image_url":null,"twitter_image_custom_url":null,"twitter_image_custom_fields":null,"twitter_title":null,"twitter_description":null,"schema":{"blockGraphs":[],"customGraphs":[],"default":{"data":{"Article":[],"Course":[],"Dataset":[],"FAQPage":[],"Movie":[],"Person":[],"Product":[],"ProductReview":[],"Car":[],"Recipe":[],"Service":[],"SoftwareApplication":[],"WebPage":[]},"graphName":"none","isEnabled":true},"graphs":[]},"schema_type":"default","schema_type_options":null,"pillar_content":false,"robots_default":true,"robots_noindex":false,"robots_noarchive":false,"robots_nosnippet":false,"robots_nofollow":false,"robots_noimageindex":false,"robots_noodp":false,"robots_notranslate":false,"robots_max_snippet":"-1","robots_max_videopreview":"-1","robots_max_imagepreview":"large","priority":null,"frequency":"default","local_seo":null,"seo_analyzer_scan_date":"2025-10-09 05:44:17","breadcrumb_settings":null,"limit_modified_date":false,"reviewed_by":"0","open_ai":"{\"title\":{\"suggestions\":[],\"usage\":0},\"description\":{\"suggestions\":[],\"usage\":0}}","ai":null,"created":"2025-06-06 17:43:47","updated":"2026-02-05 00:51:30"},"aioseo_breadcrumb":"<div class=\"aioseo-breadcrumbs\"><span class=\"aioseo-breadcrumb\">\n\t<a href=\"https:\/\/soymigrante.com\/revista\" title=\"Home\">Home<\/a>\n<\/span><span class=\"aioseo-breadcrumb-separator\">\u00bb<\/span><span class=\"aioseo-breadcrumb\">\n\t<a href=\"https:\/\/soymigrante.com\/revista\/category\/estamos-unidos\/\" title=\"Estamos Unidos\">Estamos Unidos<\/a>\n<\/span><span class=\"aioseo-breadcrumb-separator\">\u00bb<\/span><span class=\"aioseo-breadcrumb\">\n\t\u00bfQu\u00e9 tratamientos dentales se hacen m\u00e1s los migrantes guatemaltecos al visitar Guatemala?\n<\/span><\/div>","aioseo_breadcrumb_json":[{"label":"Home","link":"https:\/\/soymigrante.com\/revista"},{"label":"Estamos Unidos","link":"https:\/\/soymigrante.com\/revista\/category\/estamos-unidos\/"},{"label":"\u00bfQu\u00e9 tratamientos dentales se hacen m\u00e1s los migrantes guatemaltecos al visitar Guatemala?","link":"https:\/\/soymigrante.com\/revista\/tratamientos-dentales-mas-se-practican-migrantes-guatemaltecos-al-visitar-guatemala\/"}],"_links":{"self":[{"href":"https:\/\/soymigrante.com\/revista\/wp-json\/wp\/v2\/posts\/35738","targetHints":{"allow":["GET"]}}],"collection":[{"href":"https:\/\/soymigrante.com\/revista\/wp-json\/wp\/v2\/posts"}],"about":[{"href":"https:\/\/soymigrante.com\/revista\/wp-json\/wp\/v2\/types\/post"}],"author":[{"embeddable":true,"href":"https:\/\/soymigrante.com\/revista\/wp-json\/wp\/v2\/users\/19"}],"replies":[{"embeddable":true,"href":"https:\/\/soymigrante.com\/revista\/wp-json\/wp\/v2\/comments?post=35738"}],"version-history":[{"count":39,"href":"https:\/\/soymigrante.com\/revista\/wp-json\/wp\/v2\/posts\/35738\/revisions"}],"predecessor-version":[{"id":35867,"href":"https:\/\/soymigrante.com\/revista\/wp-json\/wp\/v2\/posts\/35738\/revisions\/35867"}],"wp:featuredmedia":[{"embeddable":true,"href":"https:\/\/soymigrante.com\/revista\/wp-json\/wp\/v2\/media\/35739"}],"wp:attachment":[{"href":"https:\/\/soymigrante.com\/revista\/wp-json\/wp\/v2\/media?parent=35738"}],"wp:term":[{"taxonomy":"category","embeddable":true,"href":"https:\/\/soymigrante.com\/revista\/wp-json\/wp\/v2\/categories?post=35738"},{"taxonomy":"post_tag","embeddable":true,"href":"https:\/\/soymigrante.com\/revista\/wp-json\/wp\/v2\/tags?post=35738"}],"curies":[{"name":"wp","href":"https:\/\/api.w.org\/{rel}","templated":true}]}}