{"id":35711,"date":"2025-06-16T17:06:41","date_gmt":"2025-06-16T23:06:41","guid":{"rendered":"https:\/\/soymigrante.com\/revista\/?p=35711"},"modified":"2025-06-16T17:06:45","modified_gmt":"2025-06-16T23:06:45","slug":"las-remesas-son-el-vinculo-mas-tangible-del-migrante-su-familia-y-su-pais-lizbeth-gramajo-bauer-experta-en-migracion","status":"publish","type":"post","link":"https:\/\/soymigrante.com\/revista\/las-remesas-son-el-vinculo-mas-tangible-del-migrante-su-familia-y-su-pais-lizbeth-gramajo-bauer-experta-en-migracion\/","title":{"rendered":"&#8220;Las remesas son el v\u00ednculo m\u00e1s tangible del migrante su familia y su pa\u00eds\u201d: Lizbeth Gramajo Bauer, experta en migraci\u00f3n"},"content":{"rendered":"\t\t<div data-elementor-type=\"wp-post\" data-elementor-id=\"35711\" class=\"elementor elementor-35711\" data-elementor-post-type=\"post\">\n\t\t\t\t<div data-particle_enable=\"false\" data-particle-mobile-disabled=\"false\" class=\"elementor-element elementor-element-225845e e-flex e-con-boxed e-con e-parent\" data-id=\"225845e\" data-element_type=\"container\" data-e-type=\"container\">\n\t\t\t\t\t<div class=\"e-con-inner\">\n\t\t\t\t<div class=\"elementor-element elementor-element-1be43a9 elementor-widget elementor-widget-heading\" data-id=\"1be43a9\" data-element_type=\"widget\" data-e-type=\"widget\" data-widget_type=\"heading.default\">\n\t\t\t\t\t<h2 class=\"elementor-heading-title elementor-size-default\">Las remesas migrantes son conexi\u00f3n, afecto y estrategia de econom\u00eda familiar.  La antrop\u00f3loga, polit\u00f3loga e investigadora Lizbeth Gramajo, experta en migraci\u00f3n de la Universidad Rafael Land\u00edvar, explora su impacto familiar, econ\u00f3mico y emocional en entrevista.<br>\n<\/h2>\t\t\t\t<\/div>\n\t\t\t\t\t<\/div>\n\t\t\t\t<\/div>\n\t\t<div data-particle_enable=\"false\" data-particle-mobile-disabled=\"false\" class=\"elementor-element elementor-element-8903371 e-flex e-con-boxed e-con e-parent\" data-id=\"8903371\" data-element_type=\"container\" data-e-type=\"container\">\n\t\t\t\t\t<div class=\"e-con-inner\">\n\t\t\t\t<div class=\"elementor-element elementor-element-7a6cfc2 elementor-widget elementor-widget-text-editor\" data-id=\"7a6cfc2\" data-element_type=\"widget\" data-e-type=\"widget\" data-widget_type=\"text-editor.default\">\n\t\t\t\t\t\t\t\t\t<p>&#8220;Las remesas son el v\u00ednculo m\u00e1s tangible del migrante con su familia y con su pa\u00eds. Son un s\u00edmbolo de afecto, uni\u00f3n, solidaridad. Son el objetivo de la migraci\u00f3n ante la falta de oportunidades en la propia comunidad&#8221;, afirma la antrop\u00f3loga y polit\u00f3loga Lizbeth Gramajo Bauer,\u00a0 investigadora del Instituto de Din\u00e1micas Globales y Territoriales de la Universidad Rafael Land\u00edvar y autora del libro <a href=\"https:\/\/biblior.url.edu.gt\/wp-content\/uploads\/publichlg\/URL\/VRIP\/Lib\/EH\/978-9929-54-519-9.pdf\">El sue\u00f1o americano como realidad tangible (2023).<\/a><\/p><p>Gramajo Bauer ha dedicado m\u00e1s de una d\u00e9cada a estudiar los patrones migratorios guatemaltecos, especialmente en el altiplano occidental. En esta entrevista analiza el fenomeno migratorio guatemalteco, el papel que juegan las remesas en la vida de los migrantes y en el tejido social, econ\u00f3mico y simb\u00f3lico de las comunidades de origen.<\/p><p>Esta entrevista ocurri\u00f3 antes del anuncio del <a href=\"https:\/\/banguat.gob.gt\/page\/anos-2002-2025\">Banco de Guatemala<\/a> sobre\u00a0<a href=\"https:\/\/soymigrante.com\/revista\/remesas-migrantes-en-mayo-alcanzan-us2281-millones-el-mes-mas-alto-de-la-historia\/\">la cifra r\u00e9cord de US$2281 millones en remesas enviadas por migrantes guatemaltecos en el mes de mayo.<\/a> El monto mensual m\u00e1s alto de toda la historia,\u00a0 lo cual confirma muchas de las afirmaciones contenidas en este di\u00e1logo.<\/p>\t\t\t\t\t\t\t\t<\/div>\n\t\t\t\t\t<\/div>\n\t\t\t\t<\/div>\n\t\t<div data-particle_enable=\"false\" data-particle-mobile-disabled=\"false\" class=\"elementor-element elementor-element-352c2ec e-flex e-con-boxed e-con e-parent\" data-id=\"352c2ec\" data-element_type=\"container\" data-e-type=\"container\">\n\t\t\t\t\t<div class=\"e-con-inner\">\n\t\t\t\t<div class=\"elementor-element elementor-element-00add5d elementor-invisible elementor-widget elementor-widget-testimonial\" data-id=\"00add5d\" data-element_type=\"widget\" data-e-type=\"widget\" data-settings=\"{&quot;_animation&quot;:&quot;lightSpeedIn&quot;}\" data-widget_type=\"testimonial.default\">\n\t\t\t\t\t\t\t<div class=\"elementor-testimonial-wrapper\">\n\t\t\t\t\t\t\t<div class=\"elementor-testimonial-content\">\"Las remesas son el m\u00e1s importante factor de reducci\u00f3n de la pobreza, seg\u00fan demuestran varios estudios. Sin embargo, ante las situaciones actuales en Estados Unidos, el Estado y las comunidades deben acelerar la conversi\u00f3n de esos recursos en fuente de desarrollo, de inversi\u00f3n y generaci\u00f3n de oportunidades o emprendimientos, de cara al futuro\".<\/div>\n\t\t\t\n\t\t\t\t\t\t<div class=\"elementor-testimonial-meta elementor-has-image elementor-testimonial-image-position-aside\">\n\t\t\t\t<div class=\"elementor-testimonial-meta-inner\">\n\t\t\t\t\t\t\t\t\t\t\t<div class=\"elementor-testimonial-image\">\n\t\t\t\t\t\t\t<a href=\"https:\/\/biblioteca.url.edu.gt\/icesh\/el-sueno-americano-como-realidad-tangible\/\"><img fetchpriority=\"high\" decoding=\"async\" width=\"250\" height=\"250\" src=\"https:\/\/soymigrante.com\/revista\/wp-content\/uploads\/2025\/06\/picture-39799-1529596782.webp\" class=\"attachment-full size-full wp-image-35715\" alt=\"Paisaje con mujer sonriendo junto a \u00e1rbol, naturaleza, vida saludable y bienestar, en entorno natural, moda casual, celebraci\u00f3n de la diversidad, cultura y comunidad, mujer migrante, paisaje natural en verano.\" title=\"Lizbeth Gramajo Bauer, experta en migraci\u00f3n de la Universidad RAfael Land\u00edvar \u2013 SoyMigrante.com REVISTA\" srcset=\"https:\/\/soymigrante.com\/revista\/wp-content\/uploads\/2025\/06\/picture-39799-1529596782.webp 250w, https:\/\/soymigrante.com\/revista\/wp-content\/uploads\/2025\/06\/picture-39799-1529596782-150x150.jpg 150w, https:\/\/soymigrante.com\/revista\/wp-content\/uploads\/2025\/06\/picture-39799-1529596782-75x75.webp 75w\" sizes=\"(max-width: 250px) 100vw, 250px\" \/><\/a>\t\t\t\t\t\t<\/div>\n\t\t\t\t\t\n\t\t\t\t\t\t\t\t\t\t<div class=\"elementor-testimonial-details\">\n\t\t\t\t\t\t\t\t\t\t\t\t\t\t<a class=\"elementor-testimonial-name\" href=\"https:\/\/biblioteca.url.edu.gt\/icesh\/el-sueno-americano-como-realidad-tangible\/\">Lizbeth Gramajo Bauer<\/a>\n\t\t\t\t\t\t\t\t\t\t\t\t\t\t\t\t\t\t\t\t\t\t<a class=\"elementor-testimonial-job\" href=\"https:\/\/biblioteca.url.edu.gt\/icesh\/el-sueno-americano-como-realidad-tangible\/\">Antrop\u00f3loga, polit\u00f3loga e investigadora\ndel tema migrante desde hace 10 a\u00f1os.\nTrabaja para el Instituto de Din\u00e1micas\nGlobales y Territoriales de la Universidad\nRafael Land\u00edvar. Autora del libro \nEl Sue\u00f1o Americano como realidad tangible.<\/a>\n\t\t\t\t\t\t\t\t\t\t\t\t\t<\/div>\n\t\t\t\t\t\t\t\t\t<\/div>\n\t\t\t<\/div>\n\t\t\t\t\t<\/div>\n\t\t\t\t\t\t<\/div>\n\t\t\t\t\t<\/div>\n\t\t\t\t<\/div>\n\t\t<div data-particle_enable=\"false\" data-particle-mobile-disabled=\"false\" class=\"elementor-element elementor-element-8d421bb e-flex e-con-boxed e-con e-parent\" data-id=\"8d421bb\" data-element_type=\"container\" data-e-type=\"container\">\n\t\t\t\t\t<div class=\"e-con-inner\">\n\t\t\t\t<div class=\"elementor-element elementor-element-e312d8e elementor-widget elementor-widget-text-editor\" data-id=\"e312d8e\" data-element_type=\"widget\" data-e-type=\"widget\" data-widget_type=\"text-editor.default\">\n\t\t\t\t\t\t\t\t\t<p><b>\u00bfCu\u00e1l ha sido el papel hist\u00f3rico de la migraci\u00f3n en Guatemala?<\/b><\/p><p>La migraci\u00f3n ha sido, hist\u00f3ricamente, una estrategia de sobrevivencia. Desde los pueblos precolombinos, las poblaciones mayas han sido pueblos en movimiento. Antes incluso de la llegada de los espa\u00f1oles ya se movilizaban para trabajar en cosechas, en las siembras en la costa, o en cultivos en M\u00e9xico. Esa migraci\u00f3n interna o transfronteriza ha existido desde siempre.<\/p><p>Luego, m\u00e1s recientemente, hace unas cinco d\u00e9cadas, comenz\u00f3 la migraci\u00f3n internacional hacia Estados Unidos. Primero fue por la guerra \u2014que deton\u00f3 muchas salidas\u2014, pero despu\u00e9s tambi\u00e9n por <a href=\"https:\/\/soymigrante.com\/revista\/migrante-regresa-a-guatemala-despues-de-14-anos-saco-adelante-hermanos\/\">razones econ\u00f3micas.<\/a> La b\u00fasqueda de trabajo se traslad\u00f3 a EE. UU., y lo que antes era una ida por temporadas, hoy se convirti\u00f3 en una migraci\u00f3n prolongada. En ambos casos, la causa es la misma: buscar recursos econ\u00f3micos que no se encuentran en la comunidad de origen. <a href=\"https:\/\/soymigrante.com\/revista\/migrantes-guatemaltecos-asi-fortalecen-y-aportan-a-estados-unidos\/\">En Estados Unidos se dedican a m\u00faltiples labores.<\/a><\/p><p><b>\u00bfY en qu\u00e9 momento las remesas migrantes empiezan a jugar un rol importante?<\/b><\/p><p>Las remesas han estado presentes desde que comenz\u00f3 esa migraci\u00f3n a Estados Unidos. Siempre han sido el medio por el cual el migrante mantiene el v\u00ednculo con su familia. Pero no solo hablamos de dinero.\u00a0<\/p><p><a href=\"https:\/\/soymigrante.com\/revista\/aporte-economico-migrantes-guatemala\/\">La remesa es algo que tiene una carga simb\u00f3lica muy fuerte.<\/a> Es la forma m\u00e1s clara de saber si un migrante sigue conectado con su familia. Si ya no manda remesas, muchas veces es porque ya se llev\u00f3 a toda la familia o porque ya perdi\u00f3 ese v\u00ednculo.<\/p><p>Entonces, la remesa es el signo m\u00e1s tangible de esa relaci\u00f3n. Es una expresi\u00f3n de cari\u00f1o, de responsabilidad, de compromiso con quienes se quedaron. Por eso decimos que representa mucho m\u00e1s que una transferencia econ\u00f3mica.<\/p>\t\t\t\t\t\t\t\t<\/div>\n\t\t\t\t\t<\/div>\n\t\t\t\t<\/div>\n\t\t<div data-particle_enable=\"false\" data-particle-mobile-disabled=\"false\" class=\"elementor-element elementor-element-15c8747 e-flex e-con-boxed e-con e-parent\" data-id=\"15c8747\" data-element_type=\"container\" data-e-type=\"container\">\n\t\t\t\t\t<div class=\"e-con-inner\">\n\t\t\t\t<div class=\"elementor-element elementor-element-436e58d elementor-grid-eael-col-1 elementor-grid-tablet-eael-col-2 elementor-grid-mobile-eael-col-1 elementor-widget elementor-widget-eael-post-grid\" data-id=\"436e58d\" data-element_type=\"widget\" data-e-type=\"widget\" data-settings=\"{&quot;eael_post_grid_columns&quot;:&quot;eael-col-1&quot;,&quot;eael_post_grid_columns_tablet&quot;:&quot;eael-col-2&quot;,&quot;eael_post_grid_columns_mobile&quot;:&quot;eael-col-1&quot;}\" data-widget_type=\"eael-post-grid.default\">\n\t\t\t\t\t<div id=\"eael-post-grid-436e58d\" class=\"eael-post-grid-container\">\n            <div class=\"eael-post-grid eael-post-appender eael-post-appender-436e58d eael-post-grid-style-one\" data-layout-mode=\"masonry\"><article class=\"eael-grid-post  eael-post-grid-column eael-pg-post-35687 category-estamos-unidos tags-remesas-migrantes\" data-id=\"35687\">\n        <div class=\"eael-grid-post-holder\">\n            <div class=\"eael-grid-post-holder-inner\"><div class=\"eael-entry-media\"><div class=\"eael-entry-overlay fade-in\"><i class=\"far fa-hand-pointer\" aria-hidden=\"true\"><\/i><a href=\"https:\/\/soymigrante.com\/revista\/remesas-migrantes-en-mayo-alcanzan-us2281-millones-el-mes-mas-alto-de-la-historia\/\"><\/a><\/div><div class=\"eael-entry-thumbnail eael-image-ratio\">\n                <img decoding=\"async\" width=\"1024\" height=\"1024\" src=\"https:\/\/soymigrante.com\/revista\/wp-content\/uploads\/2025\/06\/migrante-guatemalteco-remesas.webp\" class=\"attachment-large size-large wp-image-35688\" alt=\"Trabajador en labores de mantenimiento en el tejado, usando casco de seguridad, en un vecindario residencial, imagen que refleja trabajo, construcci\u00f3n y seguridad laboral.\" srcset=\"https:\/\/soymigrante.com\/revista\/wp-content\/uploads\/2025\/06\/migrante-guatemalteco-remesas.webp 1024w, https:\/\/soymigrante.com\/revista\/wp-content\/uploads\/2025\/06\/migrante-guatemalteco-remesas-300x300.jpg 300w, https:\/\/soymigrante.com\/revista\/wp-content\/uploads\/2025\/06\/migrante-guatemalteco-remesas-150x150.jpg 150w, https:\/\/soymigrante.com\/revista\/wp-content\/uploads\/2025\/06\/migrante-guatemalteco-remesas-768x768.jpg 768w, https:\/\/soymigrante.com\/revista\/wp-content\/uploads\/2025\/06\/migrante-guatemalteco-remesas-75x75.webp 75w, https:\/\/soymigrante.com\/revista\/wp-content\/uploads\/2025\/06\/migrante-guatemalteco-remesas-750x750.webp 750w\" sizes=\"(max-width: 1024px) 100vw, 1024px\" \/>\n            <\/div>\n        <\/div><div class=\"eael-entry-wrapper\"><header class=\"eael-entry-header\"><h2 class=\"eael-entry-title\"><a class=\"eael-grid-post-link\" href=\"https:\/\/soymigrante.com\/revista\/remesas-migrantes-en-mayo-alcanzan-us2281-millones-el-mes-mas-alto-de-la-historia\/\" title=\"Remesas migrantes en mayo 2025 alcanzan US$2,281 millones: El mes mas alto de la historia\">Remesas migrantes en mayo 2025 alcanzan US$2,281 millones: El mes mas alto de la historia<\/a><\/h2><\/header><div class=\"eael-entry-content\">\n                        <div class=\"eael-grid-post-excerpt\"><a href=\"https:\/\/soymigrante.com\/revista\/remesas-migrantes-en-mayo-alcanzan-us2281-millones-el-mes-mas-alto-de-la-historia\/\" class=\"eael-post-elements-readmore-btn\">MIRA DETALLES Y GR\u00c1FICAS AQU\u00cd<\/a><\/div>\n                    <\/div><\/div><\/div>\n        <\/div>\n    <\/article><\/div>\n            <div class=\"clearfix\"><\/div>\n        <\/div>\t\t\t\t<\/div>\n\t\t\t\t\t<\/div>\n\t\t\t\t<\/div>\n\t\t<div data-particle_enable=\"false\" data-particle-mobile-disabled=\"false\" class=\"elementor-element elementor-element-e4be065 e-flex e-con-boxed e-con e-parent\" data-id=\"e4be065\" data-element_type=\"container\" data-e-type=\"container\">\n\t\t\t\t\t<div class=\"e-con-inner\">\n\t\t\t\t<div class=\"elementor-element elementor-element-63ccf51 elementor-widget elementor-widget-text-editor\" data-id=\"63ccf51\" data-element_type=\"widget\" data-e-type=\"widget\" data-widget_type=\"text-editor.default\">\n\t\t\t\t\t\t\t\t\t<p><b>\u00bfQu\u00e9 impacto han tenido las remesas en las condiciones de vida de los hogares guatemaltecos?<\/b><\/p><p>Desde la Universidad Rafael Land\u00edvar hemos realizado investigaciones en municipios de <a href=\"https:\/\/soymigrante.com\/revista\/departamentos-de-guatemala-huehuetenango-la-tierra-de-kaibil-balam-tesoro-cultural-y-natural\/\">Huehuetenango<\/a>, <a href=\"https:\/\/soymigrante.com\/revista\/departamentos-de-guatemala-quiche-tierra-de-rios-arboles-montanas-y-el-popol-vuh\/\">Quich\u00e9 <\/a>y <a href=\"https:\/\/soymigrante.com\/revista\/departamentos-de-guatemala-quetzaltenango-tiene-historia-de-500-anos\/\">Quetzaltenango<\/a>, y los datos muestran algo claro: la remesa s\u00ed amortigua la pobreza a nivel de los hogares. Es decir, s\u00ed hay una mejora en condiciones de vida para esas familias. Se puede invertir en vivienda, en salud, en educaci\u00f3n.<\/p><p>Pero ese impacto no se traduce necesariamente en una transformaci\u00f3n estructural de la comunidad o del municipio. Porque las tasas de pobreza a nivel departamental siguen siendo alt\u00edsimas, de hasta un 70%, 80% o m\u00e1s en algunos municipios. Entonces, aunque las familias logran cierta estabilidad, alrededor de ellas persiste la precariedad.<\/p><p>En muchos casos, la remesa sustituye al Estado. Si no hay salud p\u00fablica, la familia usa la remesa para llevar a su hijo a un sanatorio privado. Si no hay educaci\u00f3n p\u00fablica, pagan un colegio. Si no hay acceso a cr\u00e9ditos o vivienda social, usan la remesa para mejorar su casa. Pero es una soluci\u00f3n individual, no colectiva.<\/p>\t\t\t\t\t\t\t\t<\/div>\n\t\t\t\t\t<\/div>\n\t\t\t\t<\/div>\n\t\t<div data-particle_enable=\"false\" data-particle-mobile-disabled=\"false\" class=\"elementor-element elementor-element-469d727 e-flex e-con-boxed e-con e-parent\" data-id=\"469d727\" data-element_type=\"container\" data-e-type=\"container\">\n\t\t\t\t\t<div class=\"e-con-inner\">\n\t\t\t\t<div class=\"elementor-element elementor-element-e1ff580 elementor-widget elementor-widget-image\" data-id=\"e1ff580\" data-element_type=\"widget\" data-e-type=\"widget\" data-widget_type=\"image.default\">\n\t\t\t\t\t\t\t\t\t\t\t\t<figure class=\"wp-caption\">\n\t\t\t\t\t\t\t\t\t\t<img decoding=\"async\" width=\"768\" height=\"512\" src=\"https:\/\/soymigrante.com\/revista\/wp-content\/uploads\/2025\/06\/MIGRANTE-PIENSA-EN-SU-PUEBLO-imagen-ia-Envato-labs-1024x683.png\" class=\"attachment-large size-large wp-image-35716\" alt=\"Limpieza en el hogar, mujer lavando encimera en cocina con vista a ciudad y naturaleza, uso de m\u00e1scara y guantes, enfoque en higiene y cuidado del ambiente.\" srcset=\"https:\/\/soymigrante.com\/revista\/wp-content\/uploads\/2025\/06\/MIGRANTE-PIENSA-EN-SU-PUEBLO-imagen-ia-Envato-labs-1024x683.png 1024w, https:\/\/soymigrante.com\/revista\/wp-content\/uploads\/2025\/06\/MIGRANTE-PIENSA-EN-SU-PUEBLO-imagen-ia-Envato-labs-300x200.png 300w, https:\/\/soymigrante.com\/revista\/wp-content\/uploads\/2025\/06\/MIGRANTE-PIENSA-EN-SU-PUEBLO-imagen-ia-Envato-labs-768x512.png 768w, https:\/\/soymigrante.com\/revista\/wp-content\/uploads\/2025\/06\/MIGRANTE-PIENSA-EN-SU-PUEBLO-imagen-ia-Envato-labs-750x500.webp 750w, https:\/\/soymigrante.com\/revista\/wp-content\/uploads\/2025\/06\/MIGRANTE-PIENSA-EN-SU-PUEBLO-imagen-ia-Envato-labs-1140x760.webp 1140w, https:\/\/soymigrante.com\/revista\/wp-content\/uploads\/2025\/06\/MIGRANTE-PIENSA-EN-SU-PUEBLO-imagen-ia-Envato-labs.webp 1536w\" sizes=\"(max-width: 768px) 100vw, 768px\" title=\"El principal objetivo de la migraci\u00f3n es encontrar empleo y mejorar las oportunidades econ\u00f3micas para la familia. El env\u00edo de remesas es un objetivo impl\u00edcito y tambi\u00e9n est\u00e1 el de poder retornar alg\u00fan d\u00eda a la comunidad de origen o junto a los famiiliares. Pero a menudo este sue\u00f1o se pospone, seg\u00fan afirma la experta Gramajo Bauer. (Ilustraci\u00f3n IA Envato Labs) \u2013 SoyMigrante.com REVISTA\" \/>\t\t\t\t\t\t\t\t\t\t\t<figcaption class=\"widget-image-caption wp-caption-text\">Mujer limpiando la cocina con m\u00e1scara y guantes en un ambiente luminoso, resaltando la importancia de la higiene en el hogar y la protecci\u00f3n en tiempos de pandemia.<\/figcaption>\n\t\t\t\t\t\t\t\t\t\t<\/figure>\n\t\t\t\t\t\t\t\t\t<\/div>\n\t\t\t\t\t<\/div>\n\t\t\t\t<\/div>\n\t\t<div data-particle_enable=\"false\" data-particle-mobile-disabled=\"false\" class=\"elementor-element elementor-element-c561b55 e-flex e-con-boxed e-con e-parent\" data-id=\"c561b55\" data-element_type=\"container\" data-e-type=\"container\">\n\t\t\t\t\t<div class=\"e-con-inner\">\n\t\t\t\t<div class=\"elementor-element elementor-element-49081ca elementor-widget elementor-widget-text-editor\" data-id=\"49081ca\" data-element_type=\"widget\" data-e-type=\"widget\" data-widget_type=\"text-editor.default\">\n\t\t\t\t\t\t\t\t\t<p><b>\u00bfCu\u00e1nto sabemos realmente del destino y el uso de las remesas?<\/b><\/p><p>Hubo una \u00e9poca, en los a\u00f1os 2000, en que la OIM hac\u00eda una encuesta anual sobre remesas. Se entrevistaba a hogares que las recib\u00edan para saber cu\u00e1nto dinero llegaba, c\u00f3mo se usaba, qu\u00e9 impacto ten\u00eda. Pero por falta de fondos, la encuesta dej\u00f3 de hacerse con regularidad. La \u00faltima fue en 2022.<\/p><p>Y esto es grave, porque el pa\u00eds necesita esos datos para dise\u00f1ar pol\u00edticas p\u00fablicas informadas. La metodolog\u00eda existe, ha funcionado bien, y otros pa\u00edses como Honduras y El Salvador tambi\u00e9n la usan. Pero el Estado de Guatemala no ha asumido esa responsabilidad. Deber\u00eda hacerlo, o al menos incluir preguntas sobre migraci\u00f3n en censos y encuestas de hogares del INE.<\/p><p><b>Desde lo cultural y emocional, \u00bfc\u00f3mo impactan las remesas y la migraci\u00f3n en las comunidades?<\/b><\/p><p>Eso es algo muy profundo y que no se discute lo suficiente. Lo hemos visto en el altiplano: las casas de remesas est\u00e1n ah\u00ed, grandes, vac\u00edas, muchas veces habitadas solo por abuelos. Y esos abuelos no quieren la casona, quieren a sus nietos, quieren a sus hijos.<\/p><p>Hay una ruptura generacional muy marcada. Los j\u00f3venes hoy crecen con el imaginario del \u201csue\u00f1o americano\u201d, que se alimenta por lo que ven: los celulares, la ropa, el carro, la casa de quien migr\u00f3. Eso genera un efecto de demostraci\u00f3n. Los j\u00f3venes aspiran a eso, porque ya lo vieron, porque est\u00e1 en su entorno.<\/p><p>Pero al mismo tiempo, eso choca con la cosmovisi\u00f3n maya, con los valores de comunidad, familia, armon\u00eda con la naturaleza. Y hay dolor. Muchos j\u00f3venes crecieron sin sus padres. Algunos dicen: \u201cs\u00ed, me mandaron dinero, pero no me dieron cari\u00f1o\u201d. Eso deja marcas profundas, vac\u00edos emocionales, y no hay atenci\u00f3n psicosocial suficiente para abordarlos.<\/p>\t\t\t\t\t\t\t\t<\/div>\n\t\t\t\t\t<\/div>\n\t\t\t\t<\/div>\n\t\t<div data-particle_enable=\"false\" data-particle-mobile-disabled=\"false\" class=\"elementor-element elementor-element-577f174 e-flex e-con-boxed e-con e-parent\" data-id=\"577f174\" data-element_type=\"container\" data-e-type=\"container\">\n\t\t\t\t\t<div class=\"e-con-inner\">\n\t\t\t\t<div class=\"elementor-element elementor-element-5708975 elementor-grid-eael-col-1 elementor-grid-tablet-eael-col-2 elementor-grid-mobile-eael-col-1 elementor-widget elementor-widget-eael-post-grid\" data-id=\"5708975\" data-element_type=\"widget\" data-e-type=\"widget\" data-settings=\"{&quot;eael_post_grid_columns&quot;:&quot;eael-col-1&quot;,&quot;eael_post_grid_columns_tablet&quot;:&quot;eael-col-2&quot;,&quot;eael_post_grid_columns_mobile&quot;:&quot;eael-col-1&quot;}\" data-widget_type=\"eael-post-grid.default\">\n\t\t\t\t\t<div id=\"eael-post-grid-5708975\" class=\"eael-post-grid-container\">\n            <div class=\"eael-post-grid eael-post-appender eael-post-appender-5708975 eael-post-grid-style-one\" data-layout-mode=\"masonry\"><article class=\"eael-grid-post  eael-post-grid-column eael-pg-post-1650 category-estamos-unidos tags-remesas-migrantes\" data-id=\"1650\">\n        <div class=\"eael-grid-post-holder\">\n            <div class=\"eael-grid-post-holder-inner\"><div class=\"eael-entry-media\"><div class=\"eael-entry-overlay fade-in\"><i class=\"far fa-hand-pointer\" aria-hidden=\"true\"><\/i><a href=\"https:\/\/soymigrante.com\/revista\/impacto-remesas-guatemala-desde-eeuu\/\"><\/a><\/div><div class=\"eael-entry-thumbnail \">\n                <img loading=\"lazy\" decoding=\"async\" width=\"1024\" height=\"700\" src=\"https:\/\/soymigrante.com\/revista\/wp-content\/uploads\/2023\/06\/Captura-de-pantalla-2023-06-28-124853-1024x700.webp\" class=\"attachment-large size-large wp-image-1651\" alt=\"Ilustraci\u00f3n de d\u00f3lares para ilustrar tema de remesas migrantes de Estados Unidos a Guatemala\" \/>\n            <\/div>\n        <\/div><div class=\"eael-entry-wrapper\"><header class=\"eael-entry-header\"><h2 class=\"eael-entry-title\"><a class=\"eael-grid-post-link\" href=\"https:\/\/soymigrante.com\/revista\/impacto-remesas-guatemala-desde-eeuu\/\" title=\"\u00bfA d\u00f3nde van las remesas enviadas por migrantes guatemaltecos desde Estados Unidos?\">\u00bfA d\u00f3nde van las remesas enviadas por migrantes guatemaltecos desde Estados Unidos?<\/a><\/h2><\/header><div class=\"eael-entry-content\">\n                        <div class=\"eael-grid-post-excerpt\"><a href=\"https:\/\/soymigrante.com\/revista\/impacto-remesas-guatemala-desde-eeuu\/\" class=\"eael-post-elements-readmore-btn\">CONOCE LAS CIFRAS Y DESTINOS<\/a><\/div>\n                    <\/div><\/div><\/div>\n        <\/div>\n    <\/article><\/div>\n            <div class=\"clearfix\"><\/div>\n        <\/div>\t\t\t\t<\/div>\n\t\t\t\t\t<\/div>\n\t\t\t\t<\/div>\n\t\t<div data-particle_enable=\"false\" data-particle-mobile-disabled=\"false\" class=\"elementor-element elementor-element-2df1d81 e-flex e-con-boxed e-con e-parent\" data-id=\"2df1d81\" data-element_type=\"container\" data-e-type=\"container\">\n\t\t\t\t\t<div class=\"e-con-inner\">\n\t\t\t\t<div class=\"elementor-element elementor-element-8513615 elementor-widget elementor-widget-text-editor\" data-id=\"8513615\" data-element_type=\"widget\" data-e-type=\"widget\" data-widget_type=\"text-editor.default\">\n\t\t\t\t\t\t\t\t\t<p><b>\u00bfQu\u00e9 pasa con los valores, las creencias, la espiritualidad? \u00bfJuegan alg\u00fan papel en todo esto?<\/b><\/p><p>Totalmente. En todas las entrevistas que he hecho con migrantes, la dimensi\u00f3n espiritual aparece siempre. Ya sea desde una vivencia cat\u00f3lica, evang\u00e9lica o maya, las personas migrantes se encomiendan a Dios antes de salir. Hacen ceremonias, oraciones, ayunos. Dicen: \u201cllegu\u00e9 porque Dios me protegi\u00f3\u201d.<\/p><p>Y eso es importante, porque la espiritualidad les da fuerza, compa\u00f1\u00eda, sentido. En algunos casos incluso hay conversiones religiosas durante el proceso migratorio. Pero adem\u00e1s, las familias que se quedan tambi\u00e9n viven esa espiritualidad, rezan por los que est\u00e1n lejos, se sienten culpables si algo sale mal.<\/p><p>Es una parte subjetiva de la migraci\u00f3n que no se suele estudiar ni atender, pero que es fundamental para entender todo lo que viven estas personas.<\/p>\t\t\t\t\t\t\t\t<\/div>\n\t\t\t\t\t<\/div>\n\t\t\t\t<\/div>\n\t\t<div data-particle_enable=\"false\" data-particle-mobile-disabled=\"false\" class=\"elementor-element elementor-element-715e484 e-flex e-con-boxed e-con e-parent\" data-id=\"715e484\" data-element_type=\"container\" data-e-type=\"container\">\n\t\t\t\t\t<div class=\"e-con-inner\">\n\t\t\t\t<div class=\"elementor-element elementor-element-8b6b503 elementor-widget elementor-widget-image\" data-id=\"8b6b503\" data-element_type=\"widget\" data-e-type=\"widget\" data-widget_type=\"image.default\">\n\t\t\t\t\t\t\t\t\t\t\t\t<figure class=\"wp-caption\">\n\t\t\t\t\t\t\t\t\t\t\t<a href=\"https:\/\/soymigrante.com\/mercado\/?srsltid=AfmBOopLGbONoYJ1ffDLQbFp058-2RvgSxM9q9iepeqjQz2u9zyt1Lpr\">\n\t\t\t\t\t\t\t<img loading=\"lazy\" decoding=\"async\" width=\"768\" height=\"254\" src=\"https:\/\/soymigrante.com\/revista\/wp-content\/uploads\/2025\/06\/soymigrante-mercado-1024x338.png\" class=\"attachment-large size-large wp-image-35724\" alt=\"Compra desde USA y entrega en Guatemala con SoyMigrante.com. Conoce nuestras opciones de compra y env\u00edo para migrantes en EE.UU. y Guatemala en SoyMigrante.com revista.\" srcset=\"https:\/\/soymigrante.com\/revista\/wp-content\/uploads\/2025\/06\/soymigrante-mercado-1024x338.png 1024w, https:\/\/soymigrante.com\/revista\/wp-content\/uploads\/2025\/06\/soymigrante-mercado-300x99.png 300w, https:\/\/soymigrante.com\/revista\/wp-content\/uploads\/2025\/06\/soymigrante-mercado-768x253.png 768w, https:\/\/soymigrante.com\/revista\/wp-content\/uploads\/2025\/06\/soymigrante-mercado-1536x507.png 1536w, https:\/\/soymigrante.com\/revista\/wp-content\/uploads\/2025\/06\/soymigrante-mercado-2048x675.png 2048w, https:\/\/soymigrante.com\/revista\/wp-content\/uploads\/2025\/06\/soymigrante-mercado-750x247.png 750w, https:\/\/soymigrante.com\/revista\/wp-content\/uploads\/2025\/06\/soymigrante-mercado-1140x376.png 1140w, https:\/\/soymigrante.com\/revista\/wp-content\/uploads\/2025\/06\/soymigrante-mercado.webp 1920w\" sizes=\"(max-width: 768px) 100vw, 768px\" title=\"SoyMigrante.com MERCADO es una plataforma digital de  comercio electr\u00f3nico y una comunidad que re\u00fane a emprendedores de toda Guatemala con posibles compradores, para potenciar el consumo de lo local, lo original y lo hecho a mano para contribuir a la reducci\u00f3n de la migraci\u00f3n forzada e impulsar el desarrollo comunitario. Clic para entrar. \u2013 SoyMigrante.com REVISTA\" \/>\t\t\t\t\t\t\t\t<\/a>\n\t\t\t\t\t\t\t\t\t\t\t<figcaption class=\"widget-image-caption wp-caption-text\">Revista SoyMigrante.com con informaci\u00f3n sobre compra y env\u00edo internacional para migrantes en EE.UU. y Guatemala.<\/figcaption>\n\t\t\t\t\t\t\t\t\t\t<\/figure>\n\t\t\t\t\t\t\t\t\t<\/div>\n\t\t\t\t\t<\/div>\n\t\t\t\t<\/div>\n\t\t<div data-particle_enable=\"false\" data-particle-mobile-disabled=\"false\" class=\"elementor-element elementor-element-0274cc7 e-flex e-con-boxed e-con e-parent\" data-id=\"0274cc7\" data-element_type=\"container\" data-e-type=\"container\">\n\t\t\t\t\t<div class=\"e-con-inner\">\n\t\t\t\t<div class=\"elementor-element elementor-element-acf78e7 elementor-widget elementor-widget-text-editor\" data-id=\"acf78e7\" data-element_type=\"widget\" data-e-type=\"widget\" data-widget_type=\"text-editor.default\">\n\t\t\t\t\t\t\t\t\t<p><b>Entonces, \u00bfqu\u00e9 se puede hacer desde Guatemala para aprovechar mejor las remesas y el potencial del migrante?<\/b><\/p><p>Lo m\u00e1s importante es que haya oportunidades a nivel local. De nada sirve que un migrante regrese si en su comunidad no hay empleo, cr\u00e9dito, acceso a servicios, posibilidad de emprender.<\/p><p>Tambi\u00e9n hay que cambiar la narrativa. Aqu\u00ed muchas veces se estigmatiza al deportado, al retornado. Se dice: \u201ceste algo habr\u00e1 hecho\u201d, \u201cya no es de aqu\u00ed\u201d. Pero esa persona trae conocimiento, experiencias, liderazgo. Hay que valorar esa riqueza.<\/p><p>Y el Estado debe estar preparado, no solo para recibir con dignidad, sino para aprovechar el potencial. No basta con un tr\u00e1mite o una bienvenida protocolaria. Hace falta un modelo de reintegraci\u00f3n real, con pol\u00edticas p\u00fablicas, con visi\u00f3n territorial. Porque si no, todo ese aporte termina aprovech\u00e1ndose m\u00e1s en Estados Unidos que en Guatemala.<\/p>\t\t\t\t\t\t\t\t<\/div>\n\t\t\t\t\t<\/div>\n\t\t\t\t<\/div>\n\t\t<div data-particle_enable=\"false\" data-particle-mobile-disabled=\"false\" class=\"elementor-element elementor-element-e7ed76d e-flex e-con-boxed e-con e-parent\" data-id=\"e7ed76d\" data-element_type=\"container\" data-e-type=\"container\">\n\t\t\t\t\t<div class=\"e-con-inner\">\n\t\t\t\t<div class=\"elementor-element elementor-element-cceb394 elementor-widget elementor-widget-image\" data-id=\"cceb394\" data-element_type=\"widget\" data-e-type=\"widget\" data-widget_type=\"image.default\">\n\t\t\t\t\t\t\t\t\t\t\t\t<figure class=\"wp-caption\">\n\t\t\t\t\t\t\t\t\t\t<img loading=\"lazy\" decoding=\"async\" width=\"768\" height=\"480\" src=\"https:\/\/soymigrante.com\/revista\/wp-content\/uploads\/2025\/06\/mapa-remitentes-remesas-1024x640.png\" class=\"attachment-large size-large wp-image-35725\" alt=\"Guatemaltecos remiten en Estados Unidos, principalmente en California, Texas, Florida, Virginia y Georgia, con datos de migraci\u00f3n y remesas para 2022 en SoyMigrante.com REVISTA.\" srcset=\"https:\/\/soymigrante.com\/revista\/wp-content\/uploads\/2025\/06\/mapa-remitentes-remesas-1024x640.png 1024w, https:\/\/soymigrante.com\/revista\/wp-content\/uploads\/2025\/06\/mapa-remitentes-remesas-300x188.png 300w, https:\/\/soymigrante.com\/revista\/wp-content\/uploads\/2025\/06\/mapa-remitentes-remesas-768x480.png 768w, https:\/\/soymigrante.com\/revista\/wp-content\/uploads\/2025\/06\/mapa-remitentes-remesas-750x469.webp 750w, https:\/\/soymigrante.com\/revista\/wp-content\/uploads\/2025\/06\/mapa-remitentes-remesas-1140x713.webp 1140w, https:\/\/soymigrante.com\/revista\/wp-content\/uploads\/2025\/06\/mapa-remitentes-remesas.webp 1280w\" sizes=\"(max-width: 768px) 100vw, 768px\" title=\"Mapa de los Estados de EE.UU. de donde m\u00e1s remesas se enviaron en 2022 seg\u00fan la Encuesta de Remesas de la OIM, el m\u00e1s reciente estudio que se realiz\u00f3 al respecto. No se ha vuelto a realizar por falta de recursos, pero el Estado deber\u00eda asumir esta tarea, considera la experta Lizbeth Gramajo Bauer. \u2013 SoyMigrante.com REVISTA\" \/>\t\t\t\t\t\t\t\t\t\t\t<figcaption class=\"widget-image-caption wp-caption-text\">Guatemaltecos en Estados Unidos y su influencia en remesas, con an\u00e1lisis de estados principales y cifras actualizadas en SoyMigrante.com REVISTA.<\/figcaption>\n\t\t\t\t\t\t\t\t\t\t<\/figure>\n\t\t\t\t\t\t\t\t\t<\/div>\n\t\t\t\t\t<\/div>\n\t\t\t\t<\/div>\n\t\t<div data-particle_enable=\"false\" data-particle-mobile-disabled=\"false\" class=\"elementor-element elementor-element-b235cd4 e-flex e-con-boxed e-con e-parent\" data-id=\"b235cd4\" data-element_type=\"container\" data-e-type=\"container\">\n\t\t\t\t\t<div class=\"e-con-inner\">\n\t\t\t\t<div class=\"elementor-element elementor-element-36e0fcd elementor-widget elementor-widget-heading\" data-id=\"36e0fcd\" data-element_type=\"widget\" data-e-type=\"widget\" data-widget_type=\"heading.default\">\n\t\t\t\t\t<h2 class=\"elementor-heading-title elementor-size-default\">Migrantes guatemaltecos producen, aportan y avanzan<\/h2>\t\t\t\t<\/div>\n\t\t\t\t\t<\/div>\n\t\t\t\t<\/div>\n\t\t<div data-particle_enable=\"false\" data-particle-mobile-disabled=\"false\" class=\"elementor-element elementor-element-3ff1041 e-flex e-con-boxed e-con e-parent\" data-id=\"3ff1041\" data-element_type=\"container\" data-e-type=\"container\">\n\t\t\t\t\t<div class=\"e-con-inner\">\n\t\t\t\t<div class=\"elementor-element elementor-element-b4c86a7 elementor-grid-eael-col-3 elementor-grid-tablet-eael-col-2 elementor-grid-mobile-eael-col-1 elementor-widget elementor-widget-eael-post-grid\" data-id=\"b4c86a7\" data-element_type=\"widget\" data-e-type=\"widget\" data-settings=\"{&quot;eael_post_grid_columns&quot;:&quot;eael-col-3&quot;,&quot;eael_post_grid_columns_tablet&quot;:&quot;eael-col-2&quot;,&quot;eael_post_grid_columns_mobile&quot;:&quot;eael-col-1&quot;}\" data-widget_type=\"eael-post-grid.default\">\n\t\t\t\t\t<div id=\"eael-post-grid-b4c86a7\" class=\"eael-post-grid-container\">\n            <div class=\"eael-post-grid eael-post-appender eael-post-appender-b4c86a7 eael-post-grid-style-one\" data-layout-mode=\"masonry\"><article class=\"eael-grid-post  eael-post-grid-column eael-pg-post-45328 category-exitos-guatemala\" data-id=\"45328\">\n        <div class=\"eael-grid-post-holder\">\n            <div class=\"eael-grid-post-holder-inner\"><div class=\"eael-entry-media\"><div class=\"eael-entry-overlay fade-in\"><i class=\"far fa-hand-pointer\" aria-hidden=\"true\"><\/i><a href=\"https:\/\/soymigrante.com\/revista\/keyla-morales-de-raices-guatemaltecas-modelo-en-pasarela-del-new-york-fashion-show-2025\/\"><\/a><\/div><div class=\"eael-entry-thumbnail \">\n                <img loading=\"lazy\" decoding=\"async\" width=\"1024\" height=\"1024\" src=\"https:\/\/soymigrante.com\/revista\/wp-content\/uploads\/2025\/09\/modelitos-1024x1024.jpeg\" class=\"attachment-large size-large wp-image-45331\" alt=\"Keyla Morales, modelo en New York Fashion Show, hija de migrantes guatemaltecos\" srcset=\"https:\/\/soymigrante.com\/revista\/wp-content\/uploads\/2025\/09\/modelitos-1024x1024.jpeg 1024w, https:\/\/soymigrante.com\/revista\/wp-content\/uploads\/2025\/09\/modelitos-300x300.jpeg 300w, https:\/\/soymigrante.com\/revista\/wp-content\/uploads\/2025\/09\/modelitos-150x150.jpeg 150w, https:\/\/soymigrante.com\/revista\/wp-content\/uploads\/2025\/09\/modelitos-768x768.jpeg 768w, https:\/\/soymigrante.com\/revista\/wp-content\/uploads\/2025\/09\/modelitos-75x75.jpeg 75w, https:\/\/soymigrante.com\/revista\/wp-content\/uploads\/2025\/09\/modelitos-750x750.jpeg 750w, https:\/\/soymigrante.com\/revista\/wp-content\/uploads\/2025\/09\/modelitos-1140x1140.jpeg 1140w, https:\/\/soymigrante.com\/revista\/wp-content\/uploads\/2025\/09\/modelitos.jpeg 1365w\" sizes=\"(max-width: 1024px) 100vw, 1024px\" \/>\n            <\/div>\n        <\/div><div class=\"eael-entry-wrapper\"><header class=\"eael-entry-header\"><h2 class=\"eael-entry-title\"><a class=\"eael-grid-post-link\" href=\"https:\/\/soymigrante.com\/revista\/keyla-morales-de-raices-guatemaltecas-modelo-en-pasarela-del-new-york-fashion-show-2025\/\" title=\"Keyla Morales, de ra\u00edces guatemaltecas, model\u00f3 en pasarela del New York Fashion Show 2025\">Keyla Morales, de ra\u00edces guatemaltecas, model\u00f3 en pasarela del New York Fashion Show 2025<\/a><\/h2><\/header><div class=\"eael-entry-content\">\n                        <div class=\"eael-grid-post-excerpt\"><a href=\"https:\/\/soymigrante.com\/revista\/keyla-morales-de-raices-guatemaltecas-modelo-en-pasarela-del-new-york-fashion-show-2025\/\" class=\"eael-post-elements-readmore-btn\">CONOCE SU HISTORIA <\/a><\/div>\n                    <\/div><\/div><\/div>\n        <\/div>\n    <\/article><article class=\"eael-grid-post  eael-post-grid-column eael-pg-post-2671 category-exitos\" data-id=\"2671\">\n        <div class=\"eael-grid-post-holder\">\n            <div class=\"eael-grid-post-holder-inner\"><div class=\"eael-entry-media\"><div class=\"eael-entry-overlay fade-in\"><i class=\"far fa-hand-pointer\" aria-hidden=\"true\"><\/i><a href=\"https:\/\/soymigrante.com\/revista\/panadero-y-migrante-guatemalteco-lleva-un-sabor-tradicional-a-brooklyn\/\"><\/a><\/div><div class=\"eael-entry-thumbnail \">\n                <img loading=\"lazy\" decoding=\"async\" width=\"1024\" height=\"486\" src=\"https:\/\/soymigrante.com\/revista\/wp-content\/uploads\/2023\/09\/Totopan-Bakery-se-ubica-en-Brooklin-New-York-1024x486.webp\" class=\"attachment-large size-large wp-image-2666\" alt=\"Totopan Bakery se ubica en Brooklin New York\" srcset=\"https:\/\/soymigrante.com\/revista\/wp-content\/uploads\/2023\/09\/Totopan-Bakery-se-ubica-en-Brooklin-New-York-1024x486.webp 1024w, https:\/\/soymigrante.com\/revista\/wp-content\/uploads\/2023\/09\/Totopan-Bakery-se-ubica-en-Brooklin-New-York-300x143.webp 300w, https:\/\/soymigrante.com\/revista\/wp-content\/uploads\/2023\/09\/Totopan-Bakery-se-ubica-en-Brooklin-New-York-768x365.webp 768w, https:\/\/soymigrante.com\/revista\/wp-content\/uploads\/2023\/09\/Totopan-Bakery-se-ubica-en-Brooklin-New-York-750x356.webp 750w, https:\/\/soymigrante.com\/revista\/wp-content\/uploads\/2023\/09\/Totopan-Bakery-se-ubica-en-Brooklin-New-York.webp 1080w\" sizes=\"(max-width: 1024px) 100vw, 1024px\" \/>\n            <\/div>\n        <\/div><div class=\"eael-entry-wrapper\"><header class=\"eael-entry-header\"><h2 class=\"eael-entry-title\"><a class=\"eael-grid-post-link\" href=\"https:\/\/soymigrante.com\/revista\/panadero-y-migrante-guatemalteco-lleva-un-sabor-tradicional-a-brooklyn\/\" title=\"Panadero y migrante guatemalteco Miguel Chuc lleva un sabor tradicional a Brooklyn\">Panadero y migrante guatemalteco Miguel Chuc lleva un sabor tradicional a Brooklyn<\/a><\/h2><\/header><div class=\"eael-entry-content\">\n                        <div class=\"eael-grid-post-excerpt\"><a href=\"https:\/\/soymigrante.com\/revista\/panadero-y-migrante-guatemalteco-lleva-un-sabor-tradicional-a-brooklyn\/\" class=\"eael-post-elements-readmore-btn\">CONOCE SU HISTORIA <\/a><\/div>\n                    <\/div><\/div><\/div>\n        <\/div>\n    <\/article><article class=\"eael-grid-post  eael-post-grid-column eael-pg-post-1084 category-exitos tags-california\" data-id=\"1084\">\n        <div class=\"eael-grid-post-holder\">\n            <div class=\"eael-grid-post-holder-inner\"><div class=\"eael-entry-media\"><div class=\"eael-entry-overlay fade-in\"><i class=\"far fa-hand-pointer\" aria-hidden=\"true\"><\/i><a href=\"https:\/\/soymigrante.com\/revista\/nuestro-deber-es-impulsar-nuevos-suenos-raul-monterroso-artista-y-constructor-en-l-a\/\"><\/a><\/div><div class=\"eael-entry-thumbnail \">\n                <img loading=\"lazy\" decoding=\"async\" width=\"719\" height=\"719\" src=\"https:\/\/soymigrante.com\/revista\/wp-content\/uploads\/2023\/05\/senor-con-raul.webp\" class=\"attachment-large size-large wp-image-20784\" alt=\"Cristo crucificado y figuras religiosas en un altar en una presentaci\u00f3n cultural.\" srcset=\"https:\/\/soymigrante.com\/revista\/wp-content\/uploads\/2023\/05\/senor-con-raul.webp 719w, https:\/\/soymigrante.com\/revista\/wp-content\/uploads\/2023\/05\/senor-con-raul-300x300.jpg 300w, https:\/\/soymigrante.com\/revista\/wp-content\/uploads\/2023\/05\/senor-con-raul-150x150.jpg 150w, https:\/\/soymigrante.com\/revista\/wp-content\/uploads\/2023\/05\/senor-con-raul-75x75.webp 75w\" sizes=\"(max-width: 719px) 100vw, 719px\" \/>\n            <\/div>\n        <\/div><div class=\"eael-entry-wrapper\"><header class=\"eael-entry-header\"><h2 class=\"eael-entry-title\"><a class=\"eael-grid-post-link\" href=\"https:\/\/soymigrante.com\/revista\/nuestro-deber-es-impulsar-nuevos-suenos-raul-monterroso-artista-y-constructor-en-l-a\/\" title=\"Artista migrante Ra\u00fal Monterroso  elabora piezas en homenaje a emblemas de Guatemala\">Artista migrante Ra\u00fal Monterroso  elabora piezas en homenaje a emblemas de Guatemala<\/a><\/h2><\/header><div class=\"eael-entry-content\">\n                        <div class=\"eael-grid-post-excerpt\"><a href=\"https:\/\/soymigrante.com\/revista\/nuestro-deber-es-impulsar-nuevos-suenos-raul-monterroso-artista-y-constructor-en-l-a\/\" class=\"eael-post-elements-readmore-btn\">CONOCE SU HISTORIA <\/a><\/div>\n                    <\/div><\/div><\/div>\n        <\/div>\n    <\/article><\/div>\n            <div class=\"clearfix\"><\/div>\n        <\/div>            <div class=\"eael-load-more-button-wrap eael-force-hide\">\n                <button class=\"eael-load-more-button\" id=\"eael-load-more-btn-b4c86a7\" data-widget-id=\"b4c86a7\" data-widget=\"b4c86a7\" data-page-id=\"35711\" data-template=\"{&quot;dir&quot;:&quot;lite&quot;,&quot;file_name&quot;:&quot;one.php&quot;,&quot;name&quot;:&quot;Post-Grid&quot;}\" data-class=\"Essential_Addons_Elementor\\Elements\\Post_Grid\" data-layout=\"masonry\" data-page=\"1\" data-args=\"orderby=rand&amp;order=desc&amp;ignore_sticky_posts=1&amp;post_status=publish&amp;posts_per_page=3&amp;offset=0&amp;post_type=post&amp;tax_query%5B0%5D%5Btaxonomy%5D=category&amp;tax_query%5B0%5D%5Bfield%5D=term_id&amp;tax_query%5B0%5D%5Bterms%5D%5B0%5D=50&amp;tax_query%5Brelation%5D=AND\" data-max-page=\"104\">\n                    <span class=\"eael-btn-loader button__loader\"><\/span>\n                    <span class=\"eael_load_more_text\">Load More<\/span>\n                <\/button>\n            <\/div>\n            \t\t\t\t<\/div>\n\t\t\t\t\t<\/div>\n\t\t\t\t<\/div>\n\t\t\t\t<\/div>\n\t\t","protected":false},"excerpt":{"rendered":"<p>Las remesas migrantes son conexi\u00f3n, afecto y estrategia de econom\u00eda familiar. La antrop\u00f3loga, polit\u00f3loga e investigadora Lizbeth Gramajo, experta en migraci\u00f3n de la Universidad Rafael Land\u00edvar, explora su impacto familiar, econ\u00f3mico y emocional en entrevista. &#8220;Las remesas son el v\u00ednculo m\u00e1s tangible del migrante con su familia y con su pa\u00eds. Son un s\u00edmbolo de [&hellip;]<\/p>\n","protected":false},"author":7,"featured_media":35712,"comment_status":"open","ping_status":"open","sticky":false,"template":"","format":"standard","meta":{"_acf_changed":false,"_eb_attr":"","footnotes":""},"categories":[54],"tags":[84],"class_list":["post-35711","post","type-post","status-publish","format-standard","has-post-thumbnail","hentry","category-estamos-unidos","tag-remesas-migrantes"],"acf":[],"aioseo_notices":[],"aioseo_head":"\n\t\t<!-- All in One SEO Pro 4.9.6.2 - aioseo.com -->\n\t<meta name=\"description\" content=\"Ra\u00fal Monterroso trabaja en construcci\u00f3n,em \u00d1ps Angeles, pero la escultura es su gran pasi\u00f3n y ha creado r\u00e9plicas de El Gran Jaguar o la Bas\u00edlica de Esquipulas.\" \/>\n\t<meta name=\"robots\" content=\"max-snippet:-1, max-image-preview:large, max-video-preview:-1\" \/>\n\t<meta name=\"author\" content=\"Gustavo Montenegro\"\/>\n\t<link rel=\"canonical\" href=\"https:\/\/soymigrante.com\/revista\/nuestro-deber-es-impulsar-nuevos-suenos-raul-monterroso-artista-y-constructor-en-l-a\/\" \/>\n\t<meta name=\"generator\" content=\"All in One SEO Pro (AIOSEO) 4.9.6.2\" \/>\n\n\t\t<link rel=\"preconnect\" href=\"https:\/\/fonts.googleapis.com\" crossorigin>\n<link rel=\"preconnect\" href=\"https:\/\/fonts.gstatic.com\" crossorigin>\n\t\t<meta property=\"og:locale\" content=\"es_ES\" \/>\n\t\t<meta property=\"og:site_name\" content=\"SoyMigrante.com REVISTA \u2013 Nuestra misi\u00f3n es reconocer y dignificar al migrante.\" \/>\n\t\t<meta property=\"og:type\" content=\"article\" \/>\n\t\t<meta property=\"og:title\" content=\"Artista guatemalteco en Los Angeles crea piezas ic\u00f3nicas\" \/>\n\t\t<meta property=\"og:description\" content=\"Ra\u00fal Monterroso trabaja en construcci\u00f3n,em \u00d1ps Angeles, pero la escultura es su gran pasi\u00f3n y ha creado r\u00e9plicas de El Gran Jaguar o la Bas\u00edlica de Esquipulas.\" \/>\n\t\t<meta property=\"og:url\" content=\"https:\/\/soymigrante.com\/revista\/nuestro-deber-es-impulsar-nuevos-suenos-raul-monterroso-artista-y-constructor-en-l-a\/\" \/>\n\t\t<meta property=\"og:image\" content=\"https:\/\/soymigrante.com\/revista\/wp-content\/uploads\/2023\/05\/senor-con-raul.webp\" \/>\n\t\t<meta property=\"og:image:secure_url\" content=\"https:\/\/soymigrante.com\/revista\/wp-content\/uploads\/2023\/05\/senor-con-raul.webp\" \/>\n\t\t<meta property=\"og:image:width\" content=\"719\" \/>\n\t\t<meta property=\"og:image:height\" content=\"719\" \/>\n\t\t<meta property=\"article:published_time\" content=\"2023-05-29T16:17:59+00:00\" \/>\n\t\t<meta property=\"article:modified_time\" content=\"2026-03-11T22:29:29+00:00\" \/>\n\t\t<meta property=\"article:publisher\" content=\"https:\/\/www.facebook.com\/soymigrantecom\" \/>\n\t\t<meta name=\"twitter:card\" content=\"summary_large_image\" \/>\n\t\t<meta name=\"twitter:site\" content=\"@SoyMigrante_com\" \/>\n\t\t<meta name=\"twitter:title\" content=\"Artista guatemalteco en Los Angeles crea piezas ic\u00f3nicas\" \/>\n\t\t<meta name=\"twitter:description\" content=\"Ra\u00fal Monterroso trabaja en construcci\u00f3n,em \u00d1ps Angeles, pero la escultura es su gran pasi\u00f3n y ha creado r\u00e9plicas de El Gran Jaguar o la Bas\u00edlica de Esquipulas.\" \/>\n\t\t<meta name=\"twitter:creator\" content=\"@SoyMigrante_com\" \/>\n\t\t<meta name=\"twitter:image\" content=\"https:\/\/soymigrante.com\/revista\/wp-content\/uploads\/2023\/05\/senor-con-raul.webp\" \/>\n\t\t<!-- All in One SEO Pro -->\r\n\t\t<title>Artista guatemalteco en Los Angeles crea piezas ic\u00f3nicas<\/title>\n\n","aioseo_head_json":{"title":"Artista guatemalteco en Los Angeles crea piezas ic\u00f3nicas","description":"Ra\u00fal Monterroso trabaja en construcci\u00f3n,em \u00d1ps Angeles, pero la escultura es su gran pasi\u00f3n y ha creado r\u00e9plicas de El Gran Jaguar o la Bas\u00edlica de Esquipulas.","canonical_url":"https:\/\/soymigrante.com\/revista\/nuestro-deber-es-impulsar-nuevos-suenos-raul-monterroso-artista-y-constructor-en-l-a\/","robots":"max-snippet:-1, max-image-preview:large, max-video-preview:-1","keywords":"","webmasterTools":{"miscellaneous":"&lt;link rel=\"preconnect\" href=\"https:\/\/fonts.googleapis.com\" crossorigin&gt;\n&lt;link rel=\"preconnect\" href=\"https:\/\/fonts.gstatic.com\" crossorigin&gt;"},"schema":null,"og:locale":"es_ES","og:site_name":"SoyMigrante.com REVISTA \u2013 Nuestra misi\u00f3n es reconocer y dignificar al migrante.","og:type":"article","og:title":"Artista guatemalteco en Los Angeles crea piezas ic\u00f3nicas","og:description":"Ra\u00fal Monterroso trabaja en construcci\u00f3n,em \u00d1ps Angeles, pero la escultura es su gran pasi\u00f3n y ha creado r\u00e9plicas de El Gran Jaguar o la Bas\u00edlica de Esquipulas.","og:url":"https:\/\/soymigrante.com\/revista\/nuestro-deber-es-impulsar-nuevos-suenos-raul-monterroso-artista-y-constructor-en-l-a\/","og:image":"https:\/\/soymigrante.com\/revista\/wp-content\/uploads\/2023\/05\/senor-con-raul.webp","og:image:secure_url":"https:\/\/soymigrante.com\/revista\/wp-content\/uploads\/2023\/05\/senor-con-raul.webp","og:image:width":719,"og:image:height":719,"article:published_time":"2023-05-29T16:17:59+00:00","article:modified_time":"2026-03-11T22:29:29+00:00","article:publisher":"https:\/\/www.facebook.com\/soymigrantecom","twitter:card":"summary_large_image","twitter:site":"@SoyMigrante_com","twitter:title":"Artista guatemalteco en Los Angeles crea piezas ic\u00f3nicas","twitter:description":"Ra\u00fal Monterroso trabaja en construcci\u00f3n,em \u00d1ps Angeles, pero la escultura es su gran pasi\u00f3n y ha creado r\u00e9plicas de El Gran Jaguar o la Bas\u00edlica de Esquipulas.","twitter:creator":"@SoyMigrante_com","twitter:image":"https:\/\/soymigrante.com\/revista\/wp-content\/uploads\/2023\/05\/senor-con-raul.webp"},"aioseo_meta_data":{"post_id":"35711","title":"Remesas son el v\u00ednculo tangible del migrante con su familia","description":"Entrevista con Lizbeth Gramajo, antrop\u00f3loga experta en Migraci\u00f3n, investigadora de la Universidad Rafael Land\u00edvar. \"Las remesas son s\u00edmbolo de uni\u00f3n y amor\".","keywords":null,"keyphrases":{"focus":{"keyphrase":"Remesas","score":91,"analysis":{"keyphraseInTitle":{"score":9,"maxScore":9,"error":0},"keyphraseInDescription":{"score":9,"maxScore":9,"error":0},"keyphraseLength":{"score":9,"maxScore":9,"error":0,"length":1},"keyphraseInURL":{"score":5,"maxScore":5,"error":0},"keyphraseInIntroduction":{"score":9,"maxScore":9,"error":0},"keyphraseInSubHeadings":{"score":3,"maxScore":9,"error":1},"keyphraseInImageAlt":{"score":9,"maxScore":9,"error":0},"keywordDensity":{"type":"best","score":9,"maxScore":9,"error":0}}},"additional":[{"keyphrase":"Migrantes","score":73,"analysis":{"keyphraseInDescription":{"score":3,"maxScore":9,"error":1},"keyphraseLength":{"score":9,"maxScore":9,"error":0,"length":1},"keyphraseInIntroduction":{"score":3,"maxScore":9,"error":1},"keyphraseInImageAlt":{"score":9,"maxScore":9,"error":0},"keywordDensity":{"type":"best","score":9,"maxScore":9,"error":0}}},{"keyphrase":"Migraci\u00f3n","score":100,"analysis":{"keyphraseInDescription":{"score":9,"maxScore":9,"error":0},"keyphraseLength":{"score":9,"maxScore":9,"error":0,"length":2},"keyphraseInIntroduction":{"score":9,"maxScore":9,"error":0},"keyphraseInImageAlt":{"score":9,"maxScore":9,"error":0},"keywordDensity":{"type":"best","score":9,"maxScore":9,"error":0}}},{"keyphrase":"Remesa","score":73,"analysis":{"keyphraseInDescription":{"score":3,"maxScore":9,"error":1},"keyphraseLength":{"score":9,"maxScore":9,"error":0,"length":1},"keyphraseInIntroduction":{"score":3,"maxScore":9,"error":1},"keyphraseInImageAlt":{"score":9,"maxScore":9,"error":0},"keywordDensity":{"type":"best","score":9,"maxScore":9,"error":0}}}]},"primary_term":null,"canonical_url":null,"og_title":null,"og_description":null,"og_object_type":"default","og_image_type":"default","og_image_url":null,"og_image_width":null,"og_image_height":null,"og_image_custom_url":null,"og_image_custom_fields":null,"og_video":"","og_custom_url":null,"og_article_section":null,"og_article_tags":null,"twitter_use_og":false,"twitter_card":"default","twitter_image_type":"default","twitter_image_url":null,"twitter_image_custom_url":null,"twitter_image_custom_fields":null,"twitter_title":null,"twitter_description":null,"schema":{"blockGraphs":[],"customGraphs":[],"default":{"data":{"Article":[],"Course":[],"Dataset":[],"FAQPage":[],"Movie":[],"Person":[],"Product":[],"ProductReview":[],"Car":[],"Recipe":[],"Service":[],"SoftwareApplication":[],"WebPage":[]},"graphName":"none","isEnabled":true},"graphs":[]},"schema_type":"default","schema_type_options":null,"pillar_content":false,"robots_default":true,"robots_noindex":false,"robots_noarchive":false,"robots_nosnippet":false,"robots_nofollow":false,"robots_noimageindex":false,"robots_noodp":false,"robots_notranslate":false,"robots_max_snippet":"-1","robots_max_videopreview":"-1","robots_max_imagepreview":"large","priority":null,"frequency":"default","local_seo":null,"seo_analyzer_scan_date":"2025-10-09 05:56:14","breadcrumb_settings":null,"limit_modified_date":false,"reviewed_by":"0","open_ai":"{\"title\":{\"suggestions\":[],\"usage\":0},\"description\":{\"suggestions\":[],\"usage\":0}}","ai":null,"created":"2025-06-06 16:23:55","updated":"2026-02-05 01:11:35"},"aioseo_breadcrumb":"<div class=\"aioseo-breadcrumbs\"><span class=\"aioseo-breadcrumb\">\n\t<a href=\"https:\/\/soymigrante.com\/revista\" title=\"Home\">Home<\/a>\n<\/span><span class=\"aioseo-breadcrumb-separator\">\u00bb<\/span><span class=\"aioseo-breadcrumb\">\n\t<a href=\"https:\/\/soymigrante.com\/revista\/category\/estamos-unidos\/\" title=\"Estamos Unidos\">Estamos Unidos<\/a>\n<\/span><span class=\"aioseo-breadcrumb-separator\">\u00bb<\/span><span class=\"aioseo-breadcrumb\">\n\t\u201cLas remesas son el v\u00ednculo m\u00e1s tangible del migrante su familia y su pa\u00eds\u201d: Lizbeth Gramajo Bauer, experta en migraci\u00f3n\n<\/span><\/div>","aioseo_breadcrumb_json":[{"label":"Home","link":"https:\/\/soymigrante.com\/revista"},{"label":"Estamos Unidos","link":"https:\/\/soymigrante.com\/revista\/category\/estamos-unidos\/"},{"label":"&#8220;Las remesas son el v\u00ednculo m\u00e1s tangible del migrante su familia y su pa\u00eds\u201d: Lizbeth Gramajo Bauer, experta en migraci\u00f3n","link":"https:\/\/soymigrante.com\/revista\/las-remesas-son-el-vinculo-mas-tangible-del-migrante-su-familia-y-su-pais-lizbeth-gramajo-bauer-experta-en-migracion\/"}],"_links":{"self":[{"href":"https:\/\/soymigrante.com\/revista\/wp-json\/wp\/v2\/posts\/35711","targetHints":{"allow":["GET"]}}],"collection":[{"href":"https:\/\/soymigrante.com\/revista\/wp-json\/wp\/v2\/posts"}],"about":[{"href":"https:\/\/soymigrante.com\/revista\/wp-json\/wp\/v2\/types\/post"}],"author":[{"embeddable":true,"href":"https:\/\/soymigrante.com\/revista\/wp-json\/wp\/v2\/users\/7"}],"replies":[{"embeddable":true,"href":"https:\/\/soymigrante.com\/revista\/wp-json\/wp\/v2\/comments?post=35711"}],"version-history":[{"count":17,"href":"https:\/\/soymigrante.com\/revista\/wp-json\/wp\/v2\/posts\/35711\/revisions"}],"predecessor-version":[{"id":36436,"href":"https:\/\/soymigrante.com\/revista\/wp-json\/wp\/v2\/posts\/35711\/revisions\/36436"}],"wp:featuredmedia":[{"embeddable":true,"href":"https:\/\/soymigrante.com\/revista\/wp-json\/wp\/v2\/media\/35712"}],"wp:attachment":[{"href":"https:\/\/soymigrante.com\/revista\/wp-json\/wp\/v2\/media?parent=35711"}],"wp:term":[{"taxonomy":"category","embeddable":true,"href":"https:\/\/soymigrante.com\/revista\/wp-json\/wp\/v2\/categories?post=35711"},{"taxonomy":"post_tag","embeddable":true,"href":"https:\/\/soymigrante.com\/revista\/wp-json\/wp\/v2\/tags?post=35711"}],"curies":[{"name":"wp","href":"https:\/\/api.w.org\/{rel}","templated":true}]}}