{"id":3559,"date":"2023-11-28T11:30:48","date_gmt":"2023-11-28T17:30:48","guid":{"rendered":"https:\/\/soymigrante.com\/revista\/?p=3559"},"modified":"2024-07-30T01:32:33","modified_gmt":"2024-07-30T07:32:33","slug":"migrante-mynor-aguirre-impulsa-la-unidad-de-los-guatemaltecos-en-estados-unidos","status":"publish","type":"post","link":"https:\/\/soymigrante.com\/revista\/migrante-mynor-aguirre-impulsa-la-unidad-de-los-guatemaltecos-en-estados-unidos\/","title":{"rendered":"En los zapatos del l\u00edder migrante guatemalteco Mynor Aguirre"},"content":{"rendered":"\t\t<div data-elementor-type=\"wp-post\" data-elementor-id=\"3559\" class=\"elementor elementor-3559\" data-elementor-post-type=\"post\">\n\t\t\t\t\t\t<section data-particle_enable=\"false\" data-particle-mobile-disabled=\"false\" class=\"elementor-section elementor-top-section elementor-element elementor-element-121a02a elementor-section-boxed elementor-section-height-default elementor-section-height-default\" data-id=\"121a02a\" data-element_type=\"section\" data-e-type=\"section\">\n\t\t\t\t\t\t<div class=\"elementor-container elementor-column-gap-default\">\n\t\t\t\t\t<div class=\"elementor-column elementor-col-100 elementor-top-column elementor-element elementor-element-6eca359\" data-id=\"6eca359\" data-element_type=\"column\" data-e-type=\"column\">\n\t\t\t<div class=\"elementor-widget-wrap elementor-element-populated\">\n\t\t\t\t\t\t<div class=\"elementor-element elementor-element-0e1c6a1 elementor-widget elementor-widget-heading\" data-id=\"0e1c6a1\" data-element_type=\"widget\" data-e-type=\"widget\" data-widget_type=\"heading.default\">\n\t\t\t\t\t<h1 class=\"elementor-heading-title elementor-size-default\">Mynor Aguirre Medina sali\u00f3 en 1992 de su natal Santa Catarina Mita, Jutiapa hacia Estados Unidos. Su oficio era zapatero, pero con el tiempo sus pasos llegaron m\u00e1s lejos y tambi\u00e9n lo trajeron de vuelta a Guatemala.<\/h1>\t\t\t\t<\/div>\n\t\t\t\t\t<\/div>\n\t\t<\/div>\n\t\t\t\t\t<\/div>\n\t\t<\/section>\n\t\t\t\t<section data-particle_enable=\"false\" data-particle-mobile-disabled=\"false\" class=\"elementor-section elementor-top-section elementor-element elementor-element-f52d281 elementor-section-boxed elementor-section-height-default elementor-section-height-default\" data-id=\"f52d281\" data-element_type=\"section\" data-e-type=\"section\">\n\t\t\t\t\t\t<div class=\"elementor-container elementor-column-gap-default\">\n\t\t\t\t\t<div class=\"elementor-column elementor-col-100 elementor-top-column elementor-element elementor-element-9bdf370\" data-id=\"9bdf370\" data-element_type=\"column\" data-e-type=\"column\">\n\t\t\t<div class=\"elementor-widget-wrap elementor-element-populated\">\n\t\t\t\t\t\t<div class=\"elementor-element elementor-element-d8f18b5 elementor-widget elementor-widget-image\" data-id=\"d8f18b5\" data-element_type=\"widget\" data-e-type=\"widget\" data-widget_type=\"image.default\">\n\t\t\t\t\t\t\t\t\t\t\t\t<figure class=\"wp-caption\">\n\t\t\t\t\t\t\t\t\t\t<img fetchpriority=\"high\" decoding=\"async\" width=\"768\" height=\"461\" src=\"https:\/\/soymigrante.com\/revista\/wp-content\/uploads\/2023\/11\/agu-1024x615.webp\" class=\"attachment-large size-large wp-image-3562\" alt=\"\" srcset=\"https:\/\/soymigrante.com\/revista\/wp-content\/uploads\/2023\/11\/agu-1024x615.webp 1024w, https:\/\/soymigrante.com\/revista\/wp-content\/uploads\/2023\/11\/agu-300x180.webp 300w, https:\/\/soymigrante.com\/revista\/wp-content\/uploads\/2023\/11\/agu-768x461.webp 768w, https:\/\/soymigrante.com\/revista\/wp-content\/uploads\/2023\/11\/agu-750x450.webp 750w, https:\/\/soymigrante.com\/revista\/wp-content\/uploads\/2023\/11\/agu.webp 1079w\" sizes=\"(max-width: 768px) 100vw, 768px\" title=\"El l\u00edder migrante guatemalteco Mynor Aguirre estuvo recientemente en Guatemala y aprovech\u00f3 la estad\u00eda para acudir a solidarizarse con los 48 Cantones de Totonicap\u00e1n que mantienen una protesta pac\u00edfica frente a la sede del Ministerio P\u00fablico en contra del asedio a las elecciones y a la democracia guatemalteca \u2013 SoyMigrante.com REVISTA\" \/>\t\t\t\t\t\t\t\t\t\t\t<figcaption class=\"widget-image-caption wp-caption-text\">El l\u00edder migrante guatemalteco Mynor Aguirre estuvo recientemente en Guatemala y aprovech\u00f3 la estad\u00eda para acudir a solidarizarse con los 48 Cantones de Totonicap\u00e1n que mantienen una protesta pac\u00edfica frente a la sede del Ministerio P\u00fablico en contra del asedio a las elecciones y a la democracia guatemalteca<\/figcaption>\n\t\t\t\t\t\t\t\t\t\t<\/figure>\n\t\t\t\t\t\t\t\t\t<\/div>\n\t\t\t\t\t<\/div>\n\t\t<\/div>\n\t\t\t\t\t<\/div>\n\t\t<\/section>\n\t\t\t\t<section data-particle_enable=\"false\" data-particle-mobile-disabled=\"false\" class=\"elementor-section elementor-top-section elementor-element elementor-element-97ea5b4 elementor-section-boxed elementor-section-height-default elementor-section-height-default\" data-id=\"97ea5b4\" data-element_type=\"section\" data-e-type=\"section\">\n\t\t\t\t\t\t<div class=\"elementor-container elementor-column-gap-default\">\n\t\t\t\t\t<div class=\"elementor-column elementor-col-100 elementor-top-column elementor-element elementor-element-4a72bd8\" data-id=\"4a72bd8\" data-element_type=\"column\" data-e-type=\"column\">\n\t\t\t<div class=\"elementor-widget-wrap elementor-element-populated\">\n\t\t\t\t\t\t<div class=\"elementor-element elementor-element-743b284 elementor-widget elementor-widget-heading\" data-id=\"743b284\" data-element_type=\"widget\" data-e-type=\"widget\" data-widget_type=\"heading.default\">\n\t\t\t\t\t<h2 class=\"elementor-heading-title elementor-size-default\">Nunca se olvida de su origen humilde<\/h2>\t\t\t\t<\/div>\n\t\t\t\t\t<\/div>\n\t\t<\/div>\n\t\t\t\t\t<\/div>\n\t\t<\/section>\n\t\t\t\t<section data-particle_enable=\"false\" data-particle-mobile-disabled=\"false\" class=\"elementor-section elementor-top-section elementor-element elementor-element-0213686 elementor-section-boxed elementor-section-height-default elementor-section-height-default\" data-id=\"0213686\" data-element_type=\"section\" data-e-type=\"section\">\n\t\t\t\t\t\t<div class=\"elementor-container elementor-column-gap-default\">\n\t\t\t\t\t<div class=\"elementor-column elementor-col-100 elementor-top-column elementor-element elementor-element-6988d1b\" data-id=\"6988d1b\" data-element_type=\"column\" data-e-type=\"column\">\n\t\t\t<div class=\"elementor-widget-wrap elementor-element-populated\">\n\t\t\t\t\t\t<div class=\"elementor-element elementor-element-928aea8 elementor-widget elementor-widget-text-editor\" data-id=\"928aea8\" data-element_type=\"widget\" data-e-type=\"widget\" data-widget_type=\"text-editor.default\">\n\t\t\t\t\t\t\t\t\t<p>Desde los 9 a\u00f1os aprend\u00ed a fabricar zapatos y botas, que era la industria de Santa Catarina Mita, Jutiapa. Mi madre qued\u00f3 viuda a los 28 a\u00f1os, con siete hijos y hubo que trabajar para sobrevivir&#8221;, cuenta Mynor Aguirre, migrante guatemalteco que lleg\u00f3 a California en 1992 y un a\u00f1o despu\u00e9s se traslad\u00f3 a Washington D.C.<\/p>\n<p>Aguirre es graduado de Relaciones Internacionales y Asuntos Globales de la Universidad George Mason, de Washington, pero tambi\u00e9n es comunicador y l\u00edder migrante que impulsa causas ben\u00e9ficas. En octubre particip\u00f3 en la organizaci\u00f3n de manifestaciones pac\u00edficas en contra del intento de golpe contra los resultados electorales en Guatemala.<\/p>\n<p>&#8220;Veo una Guatemala con unidad por mantener la democracia&#8221;, expresa, aunque considera que a veces existe cierta indiferencia a la acci\u00f3n colectiva migrante. &#8220;Hay personas que me dicen_ Si yo no trabajo no como, pero si no participamos no va a cambiar la situaci\u00f3n el pa\u00eds&#8221;, expresa.<\/p>\n<p>Recientemente el migrante visit\u00f3 su municipio natal, Santa Catarina Mita, Jutiapa. &#8220;Existen las mismas circunstancias de falta de oportunidades como cuando yo migr\u00e9 hace casi 30 a\u00f1os. Se sigue exportando capital humano&#8221;, analiza. Tambi\u00e9n fue a expresar apoyo a la manifestaci\u00f3n instalada desde hace dos meses frente al edificio del Ministerio P\u00fablico en Guatemala.<\/p>\t\t\t\t\t\t\t\t<\/div>\n\t\t\t\t\t<\/div>\n\t\t<\/div>\n\t\t\t\t\t<\/div>\n\t\t<\/section>\n\t\t\t\t<section data-particle_enable=\"false\" data-particle-mobile-disabled=\"false\" class=\"elementor-section elementor-top-section elementor-element elementor-element-9fa75dd elementor-section-boxed elementor-section-height-default elementor-section-height-default\" data-id=\"9fa75dd\" data-element_type=\"section\" data-e-type=\"section\">\n\t\t\t\t\t\t<div class=\"elementor-container elementor-column-gap-default\">\n\t\t\t\t\t<div class=\"elementor-column elementor-col-100 elementor-top-column elementor-element elementor-element-188a4f0\" data-id=\"188a4f0\" data-element_type=\"column\" data-e-type=\"column\">\n\t\t\t<div class=\"elementor-widget-wrap elementor-element-populated\">\n\t\t\t\t\t\t<div class=\"elementor-element elementor-element-88ec3c2 elementor-widget elementor-widget-facebook-embed\" data-id=\"88ec3c2\" data-element_type=\"widget\" data-e-type=\"widget\" data-widget_type=\"facebook-embed.default\">\n\t\t\t\t\t<div style=\"min-height: 1px\" class=\"elementor-facebook-widget fb-post\" data-href=\"https:\/\/www.facebook.com\/watch\/?ref=embed_video&#038;v=339925248491926\" data-show-text=\"false\"><\/div>\t\t\t\t<\/div>\n\t\t\t\t\t<\/div>\n\t\t<\/div>\n\t\t\t\t\t<\/div>\n\t\t<\/section>\n\t\t\t\t<section data-particle_enable=\"false\" data-particle-mobile-disabled=\"false\" class=\"elementor-section elementor-top-section elementor-element elementor-element-9c422a0 elementor-section-boxed elementor-section-height-default elementor-section-height-default\" data-id=\"9c422a0\" data-element_type=\"section\" data-e-type=\"section\">\n\t\t\t\t\t\t<div class=\"elementor-container elementor-column-gap-default\">\n\t\t\t\t\t<div class=\"elementor-column elementor-col-100 elementor-top-column elementor-element elementor-element-9988298\" data-id=\"9988298\" data-element_type=\"column\" data-e-type=\"column\">\n\t\t\t<div class=\"elementor-widget-wrap elementor-element-populated\">\n\t\t\t\t\t\t<div class=\"elementor-element elementor-element-60a6592 elementor-widget elementor-widget-text-editor\" data-id=\"60a6592\" data-element_type=\"widget\" data-e-type=\"widget\" data-widget_type=\"text-editor.default\">\n\t\t\t\t\t\t\t\t\t<p><b>Mynor Aguirre habla durante la protesta pac\u00edfica en Maryland, en octubre de 2023, en contra del asedio al proceso electoral e intento de golpe a la democracia<\/b><\/p>\t\t\t\t\t\t\t\t<\/div>\n\t\t\t\t\t<\/div>\n\t\t<\/div>\n\t\t\t\t\t<\/div>\n\t\t<\/section>\n\t\t\t\t<section data-particle_enable=\"false\" data-particle-mobile-disabled=\"false\" class=\"elementor-section elementor-top-section elementor-element elementor-element-2c3bb1a elementor-section-boxed elementor-section-height-default elementor-section-height-default\" data-id=\"2c3bb1a\" data-element_type=\"section\" data-e-type=\"section\">\n\t\t\t\t\t\t<div class=\"elementor-container elementor-column-gap-default\">\n\t\t\t\t\t<div class=\"elementor-column elementor-col-100 elementor-top-column elementor-element elementor-element-2e279df\" data-id=\"2e279df\" data-element_type=\"column\" data-e-type=\"column\">\n\t\t\t<div class=\"elementor-widget-wrap elementor-element-populated\">\n\t\t\t\t\t\t<div class=\"elementor-element elementor-element-2468cee elementor-widget elementor-widget-heading\" data-id=\"2468cee\" data-element_type=\"widget\" data-e-type=\"widget\" data-widget_type=\"heading.default\">\n\t\t\t\t\t<h2 class=\"elementor-heading-title elementor-size-default\">De la angustia a la superaci\u00f3n<\/h2>\t\t\t\t<\/div>\n\t\t\t\t\t<\/div>\n\t\t<\/div>\n\t\t\t\t\t<\/div>\n\t\t<\/section>\n\t\t\t\t<section data-particle_enable=\"false\" data-particle-mobile-disabled=\"false\" class=\"elementor-section elementor-top-section elementor-element elementor-element-8f60abb elementor-section-boxed elementor-section-height-default elementor-section-height-default\" data-id=\"8f60abb\" data-element_type=\"section\" data-e-type=\"section\">\n\t\t\t\t\t\t<div class=\"elementor-container elementor-column-gap-default\">\n\t\t\t\t\t<div class=\"elementor-column elementor-col-100 elementor-top-column elementor-element elementor-element-76371e5\" data-id=\"76371e5\" data-element_type=\"column\" data-e-type=\"column\">\n\t\t\t<div class=\"elementor-widget-wrap elementor-element-populated\">\n\t\t\t\t\t\t<div class=\"elementor-element elementor-element-06e1830 elementor-widget elementor-widget-text-editor\" data-id=\"06e1830\" data-element_type=\"widget\" data-e-type=\"widget\" data-widget_type=\"text-editor.default\">\n\t\t\t\t\t\t\t\t\t<p><span style=\"color: var( --e-global-color-text );\">Aguirre era estudiante del \u00faltimo a\u00f1o de Licenciatura en Pegagog\u00eda en 1992. &#8220;Sin embargo, yo no ve\u00eda oportunidades para tener una carrera en mi campo, porque los puestos se dan por cuello y no por capacidad.\u00a0 Un amigo de la familia nos ofreci\u00f3 un dinero\u00a0 para poner un taller de zapater\u00eda. Yo soy\u00a0 zapatero desde los 9 a\u00f1os. Mi madre, que en paz descanse, me dijo: \u00bfQuieres usarlo para el taller o para viajar a Estados Unidos?&#8221;.\u00a0<\/span><\/p><p>Evidentemente se decidi\u00f3 por la segunda opci\u00f3n. Lleg\u00f3 a Los Angeles, donde le consiguieron empleo en una f\u00e1brica de zapatos. A diferencia de Guatemala, no ten\u00eda que elaborar todo el calzado. &#8220;Uno cortaba, otro pegaba suela, otros el tac\u00f3n y as\u00ed&#8221;. Trabajo de lunes a viernes y los fines de semana estudi\u00f3 ingl\u00e9s. Pero un amigo le dijo que fu\u00e9ramos a las esquinas a esperar que nos contrataran para la construcci\u00f3n.<\/p><p>&#8220;Pas\u00f3 un carro preguntando \u00bfdoes anybody speak english? Nadie contestaba. Yes I do, les dije&#8221;, con lo cual resalta el valor crucial de manejar un segundo idioma.<\/p>\t\t\t\t\t\t\t\t<\/div>\n\t\t\t\t\t<\/div>\n\t\t<\/div>\n\t\t\t\t\t<\/div>\n\t\t<\/section>\n\t\t\t\t<section data-particle_enable=\"false\" data-particle-mobile-disabled=\"false\" class=\"elementor-section elementor-top-section elementor-element elementor-element-6a5e183 elementor-section-boxed elementor-section-height-default elementor-section-height-default\" data-id=\"6a5e183\" data-element_type=\"section\" data-e-type=\"section\">\n\t\t\t\t\t\t<div class=\"elementor-container elementor-column-gap-default\">\n\t\t\t\t\t<div class=\"elementor-column elementor-col-100 elementor-top-column elementor-element elementor-element-e3ffc3c\" data-id=\"e3ffc3c\" data-element_type=\"column\" data-e-type=\"column\">\n\t\t\t<div class=\"elementor-widget-wrap elementor-element-populated\">\n\t\t\t\t\t\t<div class=\"elementor-element elementor-element-0d08e7d elementor-widget elementor-widget-image\" data-id=\"0d08e7d\" data-element_type=\"widget\" data-e-type=\"widget\" data-widget_type=\"image.default\">\n\t\t\t\t\t\t\t\t\t\t\t\t<figure class=\"wp-caption\">\n\t\t\t\t\t\t\t\t\t\t<img decoding=\"async\" width=\"768\" height=\"576\" src=\"https:\/\/soymigrante.com\/revista\/wp-content\/uploads\/2023\/11\/agu3.webp\" class=\"attachment-large size-large wp-image-3560\" alt=\"\" srcset=\"https:\/\/soymigrante.com\/revista\/wp-content\/uploads\/2023\/11\/agu3.webp 960w, https:\/\/soymigrante.com\/revista\/wp-content\/uploads\/2023\/11\/agu3-300x225.webp 300w, https:\/\/soymigrante.com\/revista\/wp-content\/uploads\/2023\/11\/agu3-768x576.webp 768w, https:\/\/soymigrante.com\/revista\/wp-content\/uploads\/2023\/11\/agu3-750x563.webp 750w\" sizes=\"(max-width: 768px) 100vw, 768px\" title=\"Mynor Aguirre participa en diversas iniciativas ben\u00e9ficas y tambi\u00e9n ha tenido programas de radio para impulsar la unidad entre compatriotas. \u2013 SoyMigrante.com REVISTA\" \/>\t\t\t\t\t\t\t\t\t\t\t<figcaption class=\"widget-image-caption wp-caption-text\">Mynor Aguirre participa en diversas iniciativas ben\u00e9ficas y tambi\u00e9n ha tenido programas de radio para impulsar la unidad entre compatriotas.<\/figcaption>\n\t\t\t\t\t\t\t\t\t\t<\/figure>\n\t\t\t\t\t\t\t\t\t<\/div>\n\t\t\t\t\t<\/div>\n\t\t<\/div>\n\t\t\t\t\t<\/div>\n\t\t<\/section>\n\t\t\t\t<section data-particle_enable=\"false\" data-particle-mobile-disabled=\"false\" class=\"elementor-section elementor-top-section elementor-element elementor-element-d2f3343 elementor-section-boxed elementor-section-height-default elementor-section-height-default\" data-id=\"d2f3343\" data-element_type=\"section\" data-e-type=\"section\">\n\t\t\t\t\t\t<div class=\"elementor-container elementor-column-gap-default\">\n\t\t\t\t\t<div class=\"elementor-column elementor-col-100 elementor-top-column elementor-element elementor-element-2e03c00\" data-id=\"2e03c00\" data-element_type=\"column\" data-e-type=\"column\">\n\t\t\t<div class=\"elementor-widget-wrap elementor-element-populated\">\n\t\t\t\t\t\t<div class=\"elementor-element elementor-element-a13f20d elementor-widget elementor-widget-heading\" data-id=\"a13f20d\" data-element_type=\"widget\" data-e-type=\"widget\" data-widget_type=\"heading.default\">\n\t\t\t\t\t<h2 class=\"elementor-heading-title elementor-size-default\">Migrantes necesitan mejoras consulares <\/h2>\t\t\t\t<\/div>\n\t\t\t\t\t<\/div>\n\t\t<\/div>\n\t\t\t\t\t<\/div>\n\t\t<\/section>\n\t\t\t\t<section data-particle_enable=\"false\" data-particle-mobile-disabled=\"false\" class=\"elementor-section elementor-top-section elementor-element elementor-element-4b09eeb elementor-section-boxed elementor-section-height-default elementor-section-height-default\" data-id=\"4b09eeb\" data-element_type=\"section\" data-e-type=\"section\">\n\t\t\t\t\t\t<div class=\"elementor-container elementor-column-gap-default\">\n\t\t\t\t\t<div class=\"elementor-column elementor-col-100 elementor-top-column elementor-element elementor-element-cc10eec\" data-id=\"cc10eec\" data-element_type=\"column\" data-e-type=\"column\">\n\t\t\t<div class=\"elementor-widget-wrap elementor-element-populated\">\n\t\t\t\t\t\t<div class=\"elementor-element elementor-element-126ca81 elementor-widget elementor-widget-text-editor\" data-id=\"126ca81\" data-element_type=\"widget\" data-e-type=\"widget\" data-widget_type=\"text-editor.default\">\n\t\t\t\t\t\t\t\t\t<p>En 1993 lleg\u00f3 a Washington donde reside. &#8220;Trabaj\u00e9 en un centro comercial haciendo limpieza de 10 pm a 7 am, luego me nombraron supervisor, despu\u00e9s gerente y despu\u00e9s me dieron un centro comercial para dirigirlo. Con esa empresa logr\u00e9 mi residencia por trabajo&#8221;, relata.<\/p><p>Los estudios universitarios le mostraron la necesidad de que un EStado fomente el desarrollo de sus habitantes. &#8220;Debemos aprender de comunidades migrantes como El Salvador o M\u00e9xico que le exigen a sus gobiernos. El Salvador apoya mucho los negocios y los mexicanos tienen buen servicio consular. Mientras en guatemala los tr\u00e1mites son lentos, las citas las dan para dentro de seis meses y el pasaporte llega otros seis meses despu\u00e9s. Hay mucha ineficiencia y no depende solo del Minex, sino del Instituto de Migraci\u00f3n, que no agiliza la impresi\u00f3n de documentos&#8221;.<\/p>\t\t\t\t\t\t\t\t<\/div>\n\t\t\t\t\t<\/div>\n\t\t<\/div>\n\t\t\t\t\t<\/div>\n\t\t<\/section>\n\t\t\t\t<section data-particle_enable=\"false\" data-particle-mobile-disabled=\"false\" class=\"elementor-section elementor-top-section elementor-element elementor-element-d751344 elementor-section-boxed elementor-section-height-default elementor-section-height-default\" data-id=\"d751344\" data-element_type=\"section\" data-e-type=\"section\">\n\t\t\t\t\t\t<div class=\"elementor-container elementor-column-gap-default\">\n\t\t\t\t\t<div class=\"elementor-column elementor-col-100 elementor-top-column elementor-element elementor-element-64868e7\" data-id=\"64868e7\" data-element_type=\"column\" data-e-type=\"column\">\n\t\t\t<div class=\"elementor-widget-wrap elementor-element-populated\">\n\t\t\t\t\t\t<div class=\"elementor-element elementor-element-a7bc4fa elementor-widget elementor-widget-image\" data-id=\"a7bc4fa\" data-element_type=\"widget\" data-e-type=\"widget\" data-widget_type=\"image.default\">\n\t\t\t\t\t\t\t\t\t\t\t\t<figure class=\"wp-caption\">\n\t\t\t\t\t\t\t\t\t\t<img decoding=\"async\" width=\"768\" height=\"576\" src=\"https:\/\/soymigrante.com\/revista\/wp-content\/uploads\/2023\/10\/x-alvaro-montenegro-embajada-1024x768.webp\" class=\"attachment-large size-large wp-image-2870\" alt=\"Migrantes cuatemaltecos acudieron al llamado a expresar su rechazo a las acciones que atentan contra la democracial. (Fotograf\u00eda de X, antes Twitter: Alvaro Montenegro)\" srcset=\"https:\/\/soymigrante.com\/revista\/wp-content\/uploads\/2023\/10\/x-alvaro-montenegro-embajada-1024x768.webp 1024w, https:\/\/soymigrante.com\/revista\/wp-content\/uploads\/2023\/10\/x-alvaro-montenegro-embajada-300x225.webp 300w, https:\/\/soymigrante.com\/revista\/wp-content\/uploads\/2023\/10\/x-alvaro-montenegro-embajada-768x576.webp 768w, https:\/\/soymigrante.com\/revista\/wp-content\/uploads\/2023\/10\/x-alvaro-montenegro-embajada-1536x1152.webp 1536w, https:\/\/soymigrante.com\/revista\/wp-content\/uploads\/2023\/10\/x-alvaro-montenegro-embajada-750x563.webp 750w, https:\/\/soymigrante.com\/revista\/wp-content\/uploads\/2023\/10\/x-alvaro-montenegro-embajada-1140x855.webp 1140w, https:\/\/soymigrante.com\/revista\/wp-content\/uploads\/2023\/10\/x-alvaro-montenegro-embajada.webp 1920w\" sizes=\"(max-width: 768px) 100vw, 768px\" title=\"Migrantes cuatemaltecos acudieron al llamado a expresar su rechazo a las acciones que atentan contra la democracial. (Fotograf\u00eda de X, antes Twitter: Alvaro Montenegro) \u2013 SoyMigrante.com REVISTA\" \/>\t\t\t\t\t\t\t\t\t\t\t<figcaption class=\"widget-image-caption wp-caption-text\">Migrantes cuatemaltecos acudieron al llamado a expresar su rechazo a las acciones que atentan contra la democracial. (Fotograf\u00eda de X, antes Twitter: Alvaro Montenegro)<\/figcaption>\n\t\t\t\t\t\t\t\t\t\t<\/figure>\n\t\t\t\t\t\t\t\t\t<\/div>\n\t\t\t\t\t<\/div>\n\t\t<\/div>\n\t\t\t\t\t<\/div>\n\t\t<\/section>\n\t\t\t\t<section data-particle_enable=\"false\" data-particle-mobile-disabled=\"false\" class=\"elementor-section elementor-top-section elementor-element elementor-element-0535f0d elementor-section-boxed elementor-section-height-default elementor-section-height-default\" data-id=\"0535f0d\" data-element_type=\"section\" data-e-type=\"section\">\n\t\t\t\t\t\t<div class=\"elementor-container elementor-column-gap-default\">\n\t\t\t\t\t<div class=\"elementor-column elementor-col-100 elementor-top-column elementor-element elementor-element-c7d3e4a\" data-id=\"c7d3e4a\" data-element_type=\"column\" data-e-type=\"column\">\n\t\t\t<div class=\"elementor-widget-wrap elementor-element-populated\">\n\t\t\t\t\t\t<div class=\"elementor-element elementor-element-e4250fd elementor-widget elementor-widget-heading\" data-id=\"e4250fd\" data-element_type=\"widget\" data-e-type=\"widget\" data-widget_type=\"heading.default\">\n\t\t\t\t\t<h2 class=\"elementor-heading-title elementor-size-default\">El poder de las ra\u00edces <\/h2>\t\t\t\t<\/div>\n\t\t\t\t\t<\/div>\n\t\t<\/div>\n\t\t\t\t\t<\/div>\n\t\t<\/section>\n\t\t\t\t<section data-particle_enable=\"false\" data-particle-mobile-disabled=\"false\" class=\"elementor-section elementor-top-section elementor-element elementor-element-9d21779 elementor-section-boxed elementor-section-height-default elementor-section-height-default\" data-id=\"9d21779\" data-element_type=\"section\" data-e-type=\"section\">\n\t\t\t\t\t\t<div class=\"elementor-container elementor-column-gap-default\">\n\t\t\t\t\t<div class=\"elementor-column elementor-col-100 elementor-top-column elementor-element elementor-element-62b1929\" data-id=\"62b1929\" data-element_type=\"column\" data-e-type=\"column\">\n\t\t\t<div class=\"elementor-widget-wrap elementor-element-populated\">\n\t\t\t\t\t\t<div class=\"elementor-element elementor-element-785d4d9 elementor-widget elementor-widget-text-editor\" data-id=\"785d4d9\" data-element_type=\"widget\" data-e-type=\"widget\" data-widget_type=\"text-editor.default\">\n\t\t\t\t\t\t\t\t\t<p>Mynor nunca olvid\u00f3 ni olvida ni olvidar\u00e1 el ejemplo de sacrificio de su mam\u00e1,. Roselia de Jes\u00fas Medina a quien de ni\u00f1o acompa\u00f1aba a vender al mercado de Cuilapa santa rosa. Vend\u00edamos frutas: zapote, n\u00edspero, anonas y tambi\u00e9n\u00a0 \u00a0quesadillas de Jutiapa.<\/p><p>Cuando viaj\u00e9 a la capital para partir a Estados Unidos me contaron que mi mamita regres\u00f3 al pueblo muy triste. &#8220;Lleg\u00f3 como si hubiera ido al cementerio cuando yo me march\u00e9. Lo bueno es que pude regresar a visitarla y tambi\u00e9n la pude traer de visita a Washington. Ella muri\u00f3 en 1998 pero nunca olvidar\u00e9 sus consejos&#8221;.<\/p>\t\t\t\t\t\t\t\t<\/div>\n\t\t\t\t<div class=\"elementor-element elementor-element-c2ff0a5 elementor-widget elementor-widget-image\" data-id=\"c2ff0a5\" data-element_type=\"widget\" data-e-type=\"widget\" data-widget_type=\"image.default\">\n\t\t\t\t\t\t\t\t\t\t\t\t<figure class=\"wp-caption\">\n\t\t\t\t\t\t\t\t\t\t<img loading=\"lazy\" decoding=\"async\" width=\"552\" height=\"472\" src=\"https:\/\/soymigrante.com\/revista\/wp-content\/uploads\/2023\/11\/mom.webp\" class=\"attachment-large size-large wp-image-3565\" alt=\"\" srcset=\"https:\/\/soymigrante.com\/revista\/wp-content\/uploads\/2023\/11\/mom.webp 552w, https:\/\/soymigrante.com\/revista\/wp-content\/uploads\/2023\/11\/mom-300x257.webp 300w\" sizes=\"(max-width: 552px) 100vw, 552px\" title=\"Si alguien fundament\u00f3 el esp\u00edritu de trabajo y servicio de Mynor Aguirre, fue su mam\u00e1, Roselia, a quien pudo volver a ver e incluso llevar a pasear a Estados Unidos. Ella falleci\u00f3 en 1998. \u2013 SoyMigrante.com REVISTA\" \/>\t\t\t\t\t\t\t\t\t\t\t<figcaption class=\"widget-image-caption wp-caption-text\">Si alguien fundament\u00f3 el esp\u00edritu de trabajo y servicio de Mynor Aguirre, fue su mam\u00e1, Roselia, a quien pudo volver a ver e incluso llevar a pasear a Estados Unidos. Ella falleci\u00f3 en 1998.<\/figcaption>\n\t\t\t\t\t\t\t\t\t\t<\/figure>\n\t\t\t\t\t\t\t\t\t<\/div>\n\t\t\t\t\t<\/div>\n\t\t<\/div>\n\t\t\t\t\t<\/div>\n\t\t<\/section>\n\t\t\t\t<section data-particle_enable=\"false\" data-particle-mobile-disabled=\"false\" class=\"elementor-section elementor-top-section elementor-element elementor-element-5f93785 elementor-section-boxed elementor-section-height-default elementor-section-height-default\" data-id=\"5f93785\" data-element_type=\"section\" data-e-type=\"section\">\n\t\t\t\t\t\t<div class=\"elementor-container elementor-column-gap-default\">\n\t\t\t\t\t<div class=\"elementor-column elementor-col-100 elementor-top-column elementor-element elementor-element-9c66af7\" data-id=\"9c66af7\" data-element_type=\"column\" data-e-type=\"column\">\n\t\t\t<div class=\"elementor-widget-wrap elementor-element-populated\">\n\t\t\t\t\t\t<div class=\"elementor-element elementor-element-ec12bde elementor-widget elementor-widget-testimonial\" data-id=\"ec12bde\" data-element_type=\"widget\" data-e-type=\"widget\" data-widget_type=\"testimonial.default\">\n\t\t\t\t\t\t\t<div class=\"elementor-testimonial-wrapper\">\n\t\t\t\t\t\t\t<div class=\"elementor-testimonial-content\">\"Los migrantes guatemaltecos debemos unirnos para exigir a los gobiernos la mejora de servicios consulares, pero tambi\u00e9n el impulso del desarrollo para frenar la migraci\u00f3n. Es cierto, los migrante generan remesas pero a un costo muy alto: la separaci\u00f3n de las familias.<\/div>\n\t\t\t\n\t\t\t\t\t\t<div class=\"elementor-testimonial-meta elementor-has-image elementor-testimonial-image-position-aside\">\n\t\t\t\t<div class=\"elementor-testimonial-meta-inner\">\n\t\t\t\t\t\t\t\t\t\t\t<div class=\"elementor-testimonial-image\">\n\t\t\t\t\t\t\t<img loading=\"lazy\" decoding=\"async\" width=\"704\" height=\"699\" src=\"https:\/\/soymigrante.com\/revista\/wp-content\/uploads\/2023\/11\/MYNOR-AGUIRRE-1.webp\" class=\"attachment-full size-full wp-image-3567\" alt=\"\" title=\"MYNOR AGUIRRE (1) \u2013 SoyMigrante.com REVISTA\" srcset=\"https:\/\/soymigrante.com\/revista\/wp-content\/uploads\/2023\/11\/MYNOR-AGUIRRE-1.webp 704w, https:\/\/soymigrante.com\/revista\/wp-content\/uploads\/2023\/11\/MYNOR-AGUIRRE-1-300x298.webp 300w, https:\/\/soymigrante.com\/revista\/wp-content\/uploads\/2023\/11\/MYNOR-AGUIRRE-1-150x150.webp 150w, https:\/\/soymigrante.com\/revista\/wp-content\/uploads\/2023\/11\/MYNOR-AGUIRRE-1-75x75.webp 75w\" sizes=\"(max-width: 704px) 100vw, 704px\" \/>\t\t\t\t\t\t<\/div>\n\t\t\t\t\t\n\t\t\t\t\t\t\t\t\t\t<div class=\"elementor-testimonial-details\">\n\t\t\t\t\t\t\t\t\t\t\t\t\t\t<div class=\"elementor-testimonial-name\">Mynor Aguirre Medina<\/div>\n\t\t\t\t\t\t\t\t\t\t\t\t\t\t\t\t\t\t\t\t\t\t<div class=\"elementor-testimonial-job\">L\u00edder migrante en Washington <\/div>\n\t\t\t\t\t\t\t\t\t\t\t\t\t<\/div>\n\t\t\t\t\t\t\t\t\t<\/div>\n\t\t\t<\/div>\n\t\t\t\t\t<\/div>\n\t\t\t\t\t\t<\/div>\n\t\t\t\t\t<\/div>\n\t\t<\/div>\n\t\t\t\t\t<\/div>\n\t\t<\/section>\n\t\t\t\t<section data-particle_enable=\"false\" data-particle-mobile-disabled=\"false\" class=\"elementor-section elementor-top-section elementor-element elementor-element-debbb13 elementor-section-boxed elementor-section-height-default elementor-section-height-default\" data-id=\"debbb13\" data-element_type=\"section\" data-e-type=\"section\">\n\t\t\t\t\t\t<div class=\"elementor-container elementor-column-gap-default\">\n\t\t\t\t\t<div class=\"elementor-column elementor-col-100 elementor-top-column elementor-element elementor-element-434551a\" data-id=\"434551a\" data-element_type=\"column\" data-e-type=\"column\">\n\t\t\t<div class=\"elementor-widget-wrap elementor-element-populated\">\n\t\t\t\t\t\t<div class=\"elementor-element elementor-element-1b94dac elementor-widget elementor-widget-heading\" data-id=\"1b94dac\" data-element_type=\"widget\" data-e-type=\"widget\" data-widget_type=\"heading.default\">\n\t\t\t\t\t<h2 class=\"elementor-heading-title elementor-size-default\">M\u00e1s contenido a tu servicio<\/h2>\t\t\t\t<\/div>\n\t\t\t\t\t<\/div>\n\t\t<\/div>\n\t\t\t\t\t<\/div>\n\t\t<\/section>\n\t\t\t\t<section data-particle_enable=\"false\" data-particle-mobile-disabled=\"false\" class=\"elementor-section elementor-top-section elementor-element elementor-element-c8a14a3 elementor-section-boxed elementor-section-height-default elementor-section-height-default\" data-id=\"c8a14a3\" data-element_type=\"section\" data-e-type=\"section\">\n\t\t\t\t\t\t<div class=\"elementor-container elementor-column-gap-default\">\n\t\t\t\t\t<div class=\"elementor-column elementor-col-100 elementor-top-column elementor-element elementor-element-095f5c3\" data-id=\"095f5c3\" data-element_type=\"column\" data-e-type=\"column\">\n\t\t\t<div class=\"elementor-widget-wrap elementor-element-populated\">\n\t\t\t\t\t\t<div class=\"elementor-element elementor-element-8521096 elementor-widget elementor-widget-blfe-post-list\" data-id=\"8521096\" data-element_type=\"widget\" data-e-type=\"widget\" data-settings=\"{&quot;columns&quot;:&quot;6&quot;,&quot;columns_tablet&quot;:&quot;6&quot;,&quot;columns_mobile&quot;:&quot;12&quot;,&quot;classic1_slides_to_show&quot;:2,&quot;classic1_slides_to_show_tablet&quot;:1,&quot;classic1_slides_to_show_mobile&quot;:1,&quot;classic1_autoplay&quot;:&quot;yes&quot;,&quot;classic1_autoplay_speed&quot;:5000,&quot;classic1_pause_on_hover&quot;:&quot;no&quot;,&quot;classic1_loop&quot;:&quot;yes&quot;,&quot;classic1_animation_speed&quot;:200,&quot;classic1_navigation&quot;:&quot;dots&quot;,&quot;classic1_carousel_arrow_size&quot;:{&quot;unit&quot;:&quot;px&quot;,&quot;size&quot;:&quot;&quot;,&quot;sizes&quot;:[]},&quot;classic1_carousel_arrow_size_tablet&quot;:{&quot;unit&quot;:&quot;px&quot;,&quot;size&quot;:&quot;&quot;,&quot;sizes&quot;:[]},&quot;classic1_carousel_arrow_size_mobile&quot;:{&quot;unit&quot;:&quot;px&quot;,&quot;size&quot;:&quot;&quot;,&quot;sizes&quot;:[]},&quot;classic1_carousel_arrow_height&quot;:{&quot;unit&quot;:&quot;px&quot;,&quot;size&quot;:&quot;&quot;,&quot;sizes&quot;:[]},&quot;classic1_carousel_arrow_height_tablet&quot;:{&quot;unit&quot;:&quot;px&quot;,&quot;size&quot;:&quot;&quot;,&quot;sizes&quot;:[]},&quot;classic1_carousel_arrow_height_mobile&quot;:{&quot;unit&quot;:&quot;px&quot;,&quot;size&quot;:&quot;&quot;,&quot;sizes&quot;:[]},&quot;classic1_carousel_arrow_width&quot;:{&quot;unit&quot;:&quot;px&quot;,&quot;size&quot;:&quot;&quot;,&quot;sizes&quot;:[]},&quot;classic1_carousel_arrow_width_tablet&quot;:{&quot;unit&quot;:&quot;px&quot;,&quot;size&quot;:&quot;&quot;,&quot;sizes&quot;:[]},&quot;classic1_carousel_arrow_width_mobile&quot;:{&quot;unit&quot;:&quot;px&quot;,&quot;size&quot;:&quot;&quot;,&quot;sizes&quot;:[]},&quot;classic1_carousel_dots_size&quot;:{&quot;unit&quot;:&quot;px&quot;,&quot;size&quot;:&quot;&quot;,&quot;sizes&quot;:[]},&quot;classic1_carousel_dots_size_tablet&quot;:{&quot;unit&quot;:&quot;px&quot;,&quot;size&quot;:&quot;&quot;,&quot;sizes&quot;:[]},&quot;classic1_carousel_dots_size_mobile&quot;:{&quot;unit&quot;:&quot;px&quot;,&quot;size&quot;:&quot;&quot;,&quot;sizes&quot;:[]}}\" data-widget_type=\"blfe-post-list.classic1\">\n\t\t\t\t<div class=\"elementor-widget-container\">\n\t\t\t\t\t\n            <div class=\"blfe-post-list-container blfe-active-post-loader\">\n                <div data-skin=\"classic1\" class=\"blfe-classic1 blfe-row blfe-posts-inner    blfe-carousel  \">\n                            <div class=\"blfe-post-list-item blfe-equal-height \">\n\n            <div class=\"blfe-post-image-wrapper\"><a class=\"blfe-post-list-image\" href=\"https:\/\/soymigrante.com\/revista\/estrategias-para-fidelizar-clientes-pequenas-acciones-que-te-ayudaran-en-el-comercio-digital\/\" title=\"Estrategias para fidelizar clientes: peque\u00f1as acciones que te ayudar\u00e1n en el comercio digital\" rel=\"nofollow\" target=\"_blank\"><span style=\"background-image: url(https:\/\/soymigrante.com\/revista\/wp-content\/uploads\/2026\/04\/vendedora-soymigrantecom-emprendimiento-emprendedora-comercio-digital.png)\"><\/span><\/a><\/div>\n            <div class=\"blfe-post-list-details\">\n                <span class=\"blfe-post-category\"><a href=\"https:\/\/soymigrante.com\/revista\/category\/bienestar\/\">Bienestar<\/a><\/span>                <h3 class=\"blfe-post-list-title\">\n            <a href=\"https:\/\/soymigrante.com\/revista\/estrategias-para-fidelizar-clientes-pequenas-acciones-que-te-ayudaran-en-el-comercio-digital\/\" title=\"Estrategias para fidelizar clientes: peque\u00f1as acciones que te ayudar\u00e1n en el comercio digital\" rel=\"nofollow\" target=\"_blank\">Estrategias para fidelizar clientes: peque\u00f1as acciones que te ayudar\u00e1n en el comercio digital<\/a>\n            <\/h3>                        <div class=\"blfe-post-list-meta\">\n            <span class=\"blfe-post-list-author\"><i class=\"fa fa-user far fa-user\"><\/i>by <a href=\"https:\/\/soymigrante.com\/revista\/author\/soymigrante\/\">SoyMigrante.com REVISTA<\/a><\/span><span class=\"blfe-post-list-date\"><i class=\"fa fa-calendar-alt far fa-calendar-alt\"><\/i>21\/04\/2026<\/span>        <\/div>\n                        <p class=\"blfe-post-list-excerpt\">\u00bfYa tienes tu tienda digital en MERCADO? Excelente. \u00bfYa hiciste tu primera venta? Genial. Ahora viene la parte m\u00e1s importante,...<\/p>                            <\/div>\n\n        <\/div>\n                <div class=\"blfe-post-list-item blfe-equal-height \">\n\n            <div class=\"blfe-post-image-wrapper\"><a class=\"blfe-post-list-image\" href=\"https:\/\/soymigrante.com\/revista\/violencia-intrafamiliar-domestica-se-debe-reconocer-y-denunciar-donde-obtener-ayuda-en-estados-unidos\/\" title=\"Violencia intrafamiliar se debe reconocer,  denunciar y frenar \u00bfD\u00f3nde obtener ayuda en Estados Unidos?\" rel=\"nofollow\" target=\"_blank\"><span style=\"background-image: url(https:\/\/soymigrante.com\/revista\/wp-content\/uploads\/2026\/04\/frenar-violencia-domestica-estados-unidos.png)\"><\/span><\/a><\/div>\n            <div class=\"blfe-post-list-details\">\n                <span class=\"blfe-post-category\"><a href=\"https:\/\/soymigrante.com\/revista\/category\/bienestar\/en-familia\/\">En Familia<\/a><\/span>                <h3 class=\"blfe-post-list-title\">\n            <a href=\"https:\/\/soymigrante.com\/revista\/violencia-intrafamiliar-domestica-se-debe-reconocer-y-denunciar-donde-obtener-ayuda-en-estados-unidos\/\" title=\"Violencia intrafamiliar se debe reconocer,  denunciar y frenar \u00bfD\u00f3nde obtener ayuda en Estados Unidos?\" rel=\"nofollow\" target=\"_blank\">Violencia intrafamiliar se debe reconocer,  denunciar y frenar \u00bfD\u00f3nde obtener ayuda en Estados Unidos?<\/a>\n            <\/h3>                        <div class=\"blfe-post-list-meta\">\n            <span class=\"blfe-post-list-author\"><i class=\"fa fa-user far fa-user\"><\/i>by <a href=\"https:\/\/soymigrante.com\/revista\/author\/soymigrante\/\">SoyMigrante.com REVISTA<\/a><\/span><span class=\"blfe-post-list-date\"><i class=\"fa fa-calendar-alt far fa-calendar-alt\"><\/i>13\/04\/2026<\/span>        <\/div>\n                        <p class=\"blfe-post-list-excerpt\">Tragedia en Tulsa, Oklahoma, en la que una migrante guatemalteca muri\u00f3 agredida por su esposo, demuestra la necesidad de reconocer,...<\/p>                            <\/div>\n\n        <\/div>\n                <div class=\"blfe-post-list-item blfe-equal-height \">\n\n            <div class=\"blfe-post-image-wrapper\"><a class=\"blfe-post-list-image\" href=\"https:\/\/soymigrante.com\/revista\/claves-sobre-primeros-auxilios-psicologicos-para-ayudar-a-alguien-agobiado-por-dolor-miedo-o-angustia\/\" title=\"Claves sobre Primeros Auxilios Psicol\u00f3gicos para ayudar a alguien agobiado por dolor, miedo o angustia\" rel=\"nofollow\" target=\"_blank\"><span style=\"background-image: url(https:\/\/soymigrante.com\/revista\/wp-content\/uploads\/2026\/04\/primeros-auxilios-emocionales.png)\"><\/span><\/a><\/div>\n            <div class=\"blfe-post-list-details\">\n                <span class=\"blfe-post-category\"><a href=\"https:\/\/soymigrante.com\/revista\/category\/bienestar\/salud-emocional\/\">Salud Emocional<\/a><\/span>                <h3 class=\"blfe-post-list-title\">\n            <a href=\"https:\/\/soymigrante.com\/revista\/claves-sobre-primeros-auxilios-psicologicos-para-ayudar-a-alguien-agobiado-por-dolor-miedo-o-angustia\/\" title=\"Claves sobre Primeros Auxilios Psicol\u00f3gicos para ayudar a alguien agobiado por dolor, miedo o angustia\" rel=\"nofollow\" target=\"_blank\">Claves sobre Primeros Auxilios Psicol\u00f3gicos para ayudar a alguien agobiado por dolor, miedo o angustia<\/a>\n            <\/h3>                        <div class=\"blfe-post-list-meta\">\n            <span class=\"blfe-post-list-author\"><i class=\"fa fa-user far fa-user\"><\/i>by <a href=\"https:\/\/soymigrante.com\/revista\/author\/mariangel-alvarez\/\">Mari\u00e1ngel \u00c1lvarez<\/a><\/span><span class=\"blfe-post-list-date\"><i class=\"fa fa-calendar-alt far fa-calendar-alt\"><\/i>07\/04\/2026<\/span>        <\/div>\n                        <p class=\"blfe-post-list-excerpt\">En momentos de crisis emocional por circunstancias familiares, econ\u00f3micas o alg\u00fan suceso, como accidente, desastre o fallecimiento de un familiar,...<\/p>                            <\/div>\n\n        <\/div>\n                <div class=\"blfe-post-list-item blfe-equal-height \">\n\n            <div class=\"blfe-post-image-wrapper\"><a class=\"blfe-post-list-image\" href=\"https:\/\/soymigrante.com\/revista\/horario-de-verano-2026-en-usa-cuando-comenzo-y-hasta-cuando-dura\/\" title=\"Horario de verano 2026 en USA: \u00bfCu\u00e1ndo comenz\u00f3 y hasta cuando dura?\" rel=\"nofollow\" target=\"_blank\"><span style=\"background-image: url(https:\/\/soymigrante.com\/revista\/wp-content\/uploads\/2026\/03\/horario-de-verano-estados-unidos-2.png)\"><\/span><\/a><\/div>\n            <div class=\"blfe-post-list-details\">\n                <span class=\"blfe-post-category\"><a href=\"https:\/\/soymigrante.com\/revista\/category\/bienestar\/\">Bienestar<\/a><\/span>                <h3 class=\"blfe-post-list-title\">\n            <a href=\"https:\/\/soymigrante.com\/revista\/horario-de-verano-2026-en-usa-cuando-comenzo-y-hasta-cuando-dura\/\" title=\"Horario de verano 2026 en USA: \u00bfCu\u00e1ndo comenz\u00f3 y hasta cuando dura?\" rel=\"nofollow\" target=\"_blank\">Horario de verano 2026 en USA: \u00bfCu\u00e1ndo comenz\u00f3 y hasta cuando dura?<\/a>\n            <\/h3>                        <div class=\"blfe-post-list-meta\">\n            <span class=\"blfe-post-list-author\"><i class=\"fa fa-user far fa-user\"><\/i>by <a href=\"https:\/\/soymigrante.com\/revista\/author\/soymigrante\/\">SoyMigrante.com REVISTA<\/a><\/span><span class=\"blfe-post-list-date\"><i class=\"fa fa-calendar-alt far fa-calendar-alt\"><\/i>10\/03\/2026<\/span>        <\/div>\n                        <p class=\"blfe-post-list-excerpt\">El horario de verano en Estados Unidos es un cambio semestral para aprovechar mejor la luz del d\u00eda: pero entre...<\/p>                            <\/div>\n\n        <\/div>\n                <div class=\"blfe-post-list-item blfe-equal-height \">\n\n            <div class=\"blfe-post-image-wrapper\"><a class=\"blfe-post-list-image\" href=\"https:\/\/soymigrante.com\/revista\/piramide-nutricional-sugerencia-chef-guatemalteca-amalia-moreno-damgaard-minesota\/\" title=\"Chef guatemalteca Amalia Moreno-Damgaard, en Minesota, comparte su concepto de pir\u00e1mide nutricional\" rel=\"nofollow\" target=\"_blank\"><span style=\"background-image: url(https:\/\/soymigrante.com\/revista\/wp-content\/uploads\/2026\/01\/amalia-moreno-chef-guatemalteca-piramide-alimenticia-sugerida.png)\"><\/span><\/a><\/div>\n            <div class=\"blfe-post-list-details\">\n                <span class=\"blfe-post-category\"><a href=\"https:\/\/soymigrante.com\/revista\/category\/bienestar\/\">Bienestar<\/a><\/span>                <h3 class=\"blfe-post-list-title\">\n            <a href=\"https:\/\/soymigrante.com\/revista\/piramide-nutricional-sugerencia-chef-guatemalteca-amalia-moreno-damgaard-minesota\/\" title=\"Chef guatemalteca Amalia Moreno-Damgaard, en Minesota, comparte su concepto de pir\u00e1mide nutricional\" rel=\"nofollow\" target=\"_blank\">Chef guatemalteca Amalia Moreno-Damgaard, en Minesota, comparte su concepto de pir\u00e1mide nutricional<\/a>\n            <\/h3>                        <div class=\"blfe-post-list-meta\">\n            <span class=\"blfe-post-list-author\"><i class=\"fa fa-user far fa-user\"><\/i>by <a href=\"https:\/\/soymigrante.com\/revista\/author\/soymigrante\/\">SoyMigrante.com REVISTA<\/a><\/span><span class=\"blfe-post-list-date\"><i class=\"fa fa-calendar-alt far fa-calendar-alt\"><\/i>29\/01\/2026<\/span>        <\/div>\n                        <p class=\"blfe-post-list-excerpt\">La invitaci\u00f3n es a tener una alimentaci\u00f3n adecuada en combinaci\u00f3n con actividad f\u00edsica. La chef guatemalteca dice: nutrici\u00f3n sana es...<\/p>                            <\/div>\n\n        <\/div>\n                <div class=\"blfe-post-list-item blfe-equal-height \">\n\n            <div class=\"blfe-post-image-wrapper\"><a class=\"blfe-post-list-image\" href=\"https:\/\/soymigrante.com\/revista\/10-consejos-de-comida-saludable-para-cuidar-tu-salud-intestinal-quiza-ya-los-conocias-o-tal-vez-los-necesitas\/\" title=\"10 claves para comer saludable y cuidar tu salud intestinal (quiz\u00e1 ya los conoc\u00edas o tal vez los necesitas)\" rel=\"nofollow\" target=\"_blank\"><span style=\"background-image: url(https:\/\/soymigrante.com\/revista\/wp-content\/uploads\/2026\/01\/comida-saludable-consejos.png)\"><\/span><\/a><\/div>\n            <div class=\"blfe-post-list-details\">\n                <span class=\"blfe-post-category\"><a href=\"https:\/\/soymigrante.com\/revista\/category\/bienestar\/\">Bienestar<\/a><\/span>                <h3 class=\"blfe-post-list-title\">\n            <a href=\"https:\/\/soymigrante.com\/revista\/10-consejos-de-comida-saludable-para-cuidar-tu-salud-intestinal-quiza-ya-los-conocias-o-tal-vez-los-necesitas\/\" title=\"10 claves para comer saludable y cuidar tu salud intestinal (quiz\u00e1 ya los conoc\u00edas o tal vez los necesitas)\" rel=\"nofollow\" target=\"_blank\">10 claves para comer saludable y cuidar tu salud intestinal (quiz\u00e1 ya los conoc\u00edas o tal vez los necesitas)<\/a>\n            <\/h3>                        <div class=\"blfe-post-list-meta\">\n            <span class=\"blfe-post-list-author\"><i class=\"fa fa-user far fa-user\"><\/i>by <a href=\"https:\/\/soymigrante.com\/revista\/author\/soymigrante\/\">SoyMigrante.com REVISTA<\/a><\/span><span class=\"blfe-post-list-date\"><i class=\"fa fa-calendar-alt far fa-calendar-alt\"><\/i>23\/01\/2026<\/span>        <\/div>\n                        <p class=\"blfe-post-list-excerpt\">Durante mucho tiempo tu intestino no se queja, pero de pronto un d\u00eda un peque\u00f1o ardor, un dolor pasajero pero...<\/p>                            <\/div>\n\n        <\/div>\n                        <\/div>\n            <\/div>\n\n            \t\t\t\t<\/div>\n\t\t\t\t<\/div>\n\t\t\t\t\t<\/div>\n\t\t<\/div>\n\t\t\t\t\t<\/div>\n\t\t<\/section>\n\t\t\t\t<\/div>\n\t\t","protected":false},"excerpt":{"rendered":"<p>Mynor Aguirre Medina sali\u00f3 en 1992 de su natal Santa Catarina Mita, Jutiapa hacia Estados Unidos. Su oficio era zapatero, pero con el tiempo sus pasos llegaron m\u00e1s lejos y tambi\u00e9n lo trajeron de vuelta a Guatemala. El l\u00edder migrante guatemalteco Mynor Aguirre estuvo recientemente en Guatemala y aprovech\u00f3 la estad\u00eda para acudir a solidarizarse [&hellip;]<\/p>\n","protected":false},"author":7,"featured_media":3563,"comment_status":"open","ping_status":"open","sticky":false,"template":"","format":"standard","meta":{"_acf_changed":false,"_eb_attr":"","footnotes":""},"categories":[50],"tags":[],"class_list":["post-3559","post","type-post","status-publish","format-standard","has-post-thumbnail","hentry","category-exitos"],"acf":[],"aioseo_notices":[],"aioseo_head":"\n\t\t<!-- All in One SEO Pro 4.9.6.2 - aioseo.com -->\n\t<meta name=\"description\" content=\"Comer saludable no tiene por qu\u00e9 ser aburrido o dif\u00edcil, pero s\u00ed es muy importante para cuidar tu intestino: toma en cuenta estos tips pr\u00e1cticos.\" \/>\n\t<meta name=\"robots\" content=\"max-snippet:-1, max-image-preview:large, max-video-preview:-1\" \/>\n\t<meta name=\"author\" content=\"SoyMigrante.com REVISTA\"\/>\n\t<link rel=\"canonical\" href=\"https:\/\/soymigrante.com\/revista\/10-consejos-de-comida-saludable-para-cuidar-tu-salud-intestinal-quiza-ya-los-conocias-o-tal-vez-los-necesitas\/\" \/>\n\t<meta name=\"generator\" content=\"All in One SEO Pro (AIOSEO) 4.9.6.2\" \/>\n\n\t\t<link rel=\"preconnect\" href=\"https:\/\/fonts.googleapis.com\" crossorigin>\n<link rel=\"preconnect\" href=\"https:\/\/fonts.gstatic.com\" crossorigin>\n\t\t<meta property=\"og:locale\" content=\"es_ES\" \/>\n\t\t<meta property=\"og:site_name\" content=\"SoyMigrante.com REVISTA \u2013 Nuestra misi\u00f3n es reconocer y dignificar al migrante.\" \/>\n\t\t<meta property=\"og:type\" content=\"article\" \/>\n\t\t<meta property=\"og:title\" content=\"10 Tips para comer mejor y cuidar tu salud intestinal\" \/>\n\t\t<meta property=\"og:description\" content=\"Comer saludable no tiene por qu\u00e9 ser aburrido o dif\u00edcil, pero s\u00ed es muy importante para cuidar tu intestino: toma en cuenta estos tips pr\u00e1cticos.\" \/>\n\t\t<meta property=\"og:url\" content=\"https:\/\/soymigrante.com\/revista\/10-consejos-de-comida-saludable-para-cuidar-tu-salud-intestinal-quiza-ya-los-conocias-o-tal-vez-los-necesitas\/\" \/>\n\t\t<meta property=\"og:image\" content=\"https:\/\/soymigrante.com\/revista\/wp-content\/uploads\/2026\/01\/comida-saludable-consejos.png\" \/>\n\t\t<meta property=\"og:image:secure_url\" content=\"https:\/\/soymigrante.com\/revista\/wp-content\/uploads\/2026\/01\/comida-saludable-consejos.png\" \/>\n\t\t<meta property=\"og:image:width\" content=\"781\" \/>\n\t\t<meta property=\"og:image:height\" content=\"781\" \/>\n\t\t<meta property=\"article:published_time\" content=\"2026-01-23T14:36:50+00:00\" \/>\n\t\t<meta property=\"article:modified_time\" content=\"2026-01-23T14:53:22+00:00\" \/>\n\t\t<meta property=\"article:publisher\" content=\"https:\/\/www.facebook.com\/soymigrantecom\" \/>\n\t\t<meta name=\"twitter:card\" content=\"summary_large_image\" \/>\n\t\t<meta name=\"twitter:site\" content=\"@SoyMigrante_com\" \/>\n\t\t<meta name=\"twitter:title\" content=\"10 Tips para comer mejor y cuidar tu salud intestinal\" \/>\n\t\t<meta name=\"twitter:description\" content=\"Comer saludable no tiene por qu\u00e9 ser aburrido o dif\u00edcil, pero s\u00ed es muy importante para cuidar tu intestino: toma en cuenta estos tips pr\u00e1cticos.\" \/>\n\t\t<meta name=\"twitter:creator\" content=\"@SoyMigrante_com\" \/>\n\t\t<meta name=\"twitter:image\" content=\"https:\/\/soymigrante.com\/revista\/wp-content\/uploads\/2026\/01\/comida-saludable-consejos.png\" \/>\n\t\t<!-- All in One SEO Pro -->\r\n\t\t<title>10 Tips para comer mejor y cuidar tu salud intestinal<\/title>\n\n","aioseo_head_json":{"title":"10 Tips para comer mejor y cuidar tu salud intestinal","description":"Comer saludable no tiene por qu\u00e9 ser aburrido o dif\u00edcil, pero s\u00ed es muy importante para cuidar tu intestino: toma en cuenta estos tips pr\u00e1cticos.","canonical_url":"https:\/\/soymigrante.com\/revista\/10-consejos-de-comida-saludable-para-cuidar-tu-salud-intestinal-quiza-ya-los-conocias-o-tal-vez-los-necesitas\/","robots":"max-snippet:-1, max-image-preview:large, max-video-preview:-1","keywords":"","webmasterTools":{"miscellaneous":"&lt;link rel=\"preconnect\" href=\"https:\/\/fonts.googleapis.com\" crossorigin&gt;\n&lt;link rel=\"preconnect\" href=\"https:\/\/fonts.gstatic.com\" crossorigin&gt;"},"schema":null,"og:locale":"es_ES","og:site_name":"SoyMigrante.com REVISTA \u2013 Nuestra misi\u00f3n es reconocer y dignificar al migrante.","og:type":"article","og:title":"10 Tips para comer mejor y cuidar tu salud intestinal","og:description":"Comer saludable no tiene por qu\u00e9 ser aburrido o dif\u00edcil, pero s\u00ed es muy importante para cuidar tu intestino: toma en cuenta estos tips pr\u00e1cticos.","og:url":"https:\/\/soymigrante.com\/revista\/10-consejos-de-comida-saludable-para-cuidar-tu-salud-intestinal-quiza-ya-los-conocias-o-tal-vez-los-necesitas\/","og:image":"https:\/\/soymigrante.com\/revista\/wp-content\/uploads\/2026\/01\/comida-saludable-consejos.png","og:image:secure_url":"https:\/\/soymigrante.com\/revista\/wp-content\/uploads\/2026\/01\/comida-saludable-consejos.png","og:image:width":781,"og:image:height":781,"article:published_time":"2026-01-23T14:36:50+00:00","article:modified_time":"2026-01-23T14:53:22+00:00","article:publisher":"https:\/\/www.facebook.com\/soymigrantecom","twitter:card":"summary_large_image","twitter:site":"@SoyMigrante_com","twitter:title":"10 Tips para comer mejor y cuidar tu salud intestinal","twitter:description":"Comer saludable no tiene por qu\u00e9 ser aburrido o dif\u00edcil, pero s\u00ed es muy importante para cuidar tu intestino: toma en cuenta estos tips pr\u00e1cticos.","twitter:creator":"@SoyMigrante_com","twitter:image":"https:\/\/soymigrante.com\/revista\/wp-content\/uploads\/2026\/01\/comida-saludable-consejos.png"},"aioseo_meta_data":{"post_id":"3559","title":null,"description":null,"keywords":[],"keyphrases":{"focus":{"keyphrase":"Migrante","score":82,"analysis":{"keyphraseInTitle":{"score":9,"maxScore":9,"error":0},"keyphraseInDescription":{"score":9,"maxScore":9,"error":0},"keyphraseLength":{"score":9,"maxScore":9,"error":0,"length":1},"keyphraseInURL":{"score":5,"maxScore":5,"error":0},"keyphraseInIntroduction":{"score":3,"maxScore":9,"error":1},"keyphraseInSubHeadings":{"score":3,"maxScore":9,"error":1},"keyphraseInImageAlt":{"score":9,"maxScore":9,"error":0},"keywordDensity":{"type":"best","score":9,"maxScore":9,"error":0}}},"additional":[]},"primary_term":null,"canonical_url":null,"og_title":null,"og_description":null,"og_object_type":"default","og_image_type":"default","og_image_url":null,"og_image_width":null,"og_image_height":null,"og_image_custom_url":null,"og_image_custom_fields":null,"og_video":"","og_custom_url":null,"og_article_section":null,"og_article_tags":[],"twitter_use_og":false,"twitter_card":"default","twitter_image_type":"default","twitter_image_url":null,"twitter_image_custom_url":null,"twitter_image_custom_fields":null,"twitter_title":null,"twitter_description":null,"schema":{"blockGraphs":[],"customGraphs":[],"default":{"data":{"Article":[],"Course":[],"Dataset":[],"FAQPage":[],"Movie":[],"Person":[],"Product":[],"ProductReview":[],"Car":[],"Recipe":[],"Service":[],"SoftwareApplication":[],"WebPage":[]},"graphName":"BlogPosting","isEnabled":true},"graphs":[]},"schema_type":"default","schema_type_options":null,"pillar_content":false,"robots_default":true,"robots_noindex":false,"robots_noarchive":false,"robots_nosnippet":false,"robots_nofollow":false,"robots_noimageindex":false,"robots_noodp":false,"robots_notranslate":false,"robots_max_snippet":"-1","robots_max_videopreview":"-1","robots_max_imagepreview":"large","priority":null,"frequency":"default","local_seo":null,"seo_analyzer_scan_date":"2025-10-08 20:42:22","breadcrumb_settings":null,"limit_modified_date":false,"reviewed_by":null,"open_ai":null,"ai":null,"created":"2023-11-28 16:56:34","updated":"2026-02-04 09:59:16"},"aioseo_breadcrumb":"<div class=\"aioseo-breadcrumbs\"><span class=\"aioseo-breadcrumb\">\n\t<a href=\"https:\/\/soymigrante.com\/revista\" title=\"Home\">Home<\/a>\n<\/span><span class=\"aioseo-breadcrumb-separator\">\u00bb<\/span><span class=\"aioseo-breadcrumb\">\n\t<a href=\"https:\/\/soymigrante.com\/revista\/category\/exitos\/\" title=\"\u00c9xitos\">\u00c9xitos<\/a>\n<\/span><span class=\"aioseo-breadcrumb-separator\">\u00bb<\/span><span class=\"aioseo-breadcrumb\">\n\tEn los zapatos del l\u00edder migrante guatemalteco Mynor Aguirre\n<\/span><\/div>","aioseo_breadcrumb_json":[{"label":"Home","link":"https:\/\/soymigrante.com\/revista"},{"label":"\u00c9xitos","link":"https:\/\/soymigrante.com\/revista\/category\/exitos\/"},{"label":"En los zapatos del l\u00edder migrante guatemalteco Mynor Aguirre","link":"https:\/\/soymigrante.com\/revista\/migrante-mynor-aguirre-impulsa-la-unidad-de-los-guatemaltecos-en-estados-unidos\/"}],"_links":{"self":[{"href":"https:\/\/soymigrante.com\/revista\/wp-json\/wp\/v2\/posts\/3559","targetHints":{"allow":["GET"]}}],"collection":[{"href":"https:\/\/soymigrante.com\/revista\/wp-json\/wp\/v2\/posts"}],"about":[{"href":"https:\/\/soymigrante.com\/revista\/wp-json\/wp\/v2\/types\/post"}],"author":[{"embeddable":true,"href":"https:\/\/soymigrante.com\/revista\/wp-json\/wp\/v2\/users\/7"}],"replies":[{"embeddable":true,"href":"https:\/\/soymigrante.com\/revista\/wp-json\/wp\/v2\/comments?post=3559"}],"version-history":[{"count":0,"href":"https:\/\/soymigrante.com\/revista\/wp-json\/wp\/v2\/posts\/3559\/revisions"}],"wp:featuredmedia":[{"embeddable":true,"href":"https:\/\/soymigrante.com\/revista\/wp-json\/wp\/v2\/media\/3563"}],"wp:attachment":[{"href":"https:\/\/soymigrante.com\/revista\/wp-json\/wp\/v2\/media?parent=3559"}],"wp:term":[{"taxonomy":"category","embeddable":true,"href":"https:\/\/soymigrante.com\/revista\/wp-json\/wp\/v2\/categories?post=3559"},{"taxonomy":"post_tag","embeddable":true,"href":"https:\/\/soymigrante.com\/revista\/wp-json\/wp\/v2\/tags?post=3559"}],"curies":[{"name":"wp","href":"https:\/\/api.w.org\/{rel}","templated":true}]}}