{"id":35542,"date":"2025-06-04T20:36:11","date_gmt":"2025-06-05T02:36:11","guid":{"rendered":"https:\/\/soymigrante.com\/revista\/?p=35542"},"modified":"2025-06-05T09:46:50","modified_gmt":"2025-06-05T15:46:50","slug":"remesas-migrantes-analisis-en-solo-3-semanas-de-mayo-migrantes-guatemaltecos-enviaron-us1604-millones","status":"publish","type":"post","link":"https:\/\/soymigrante.com\/revista\/remesas-migrantes-analisis-en-solo-3-semanas-de-mayo-migrantes-guatemaltecos-enviaron-us1604-millones\/","title":{"rendered":"Remesas migrantes: En solo 21 d\u00edas de mayo 2025, guatemaltecos enviaron US$1,604 millones"},"content":{"rendered":"\t\t<div data-elementor-type=\"wp-post\" data-elementor-id=\"35542\" class=\"elementor elementor-35542\" data-elementor-post-type=\"post\">\n\t\t\t\t<div data-particle_enable=\"false\" data-particle-mobile-disabled=\"false\" class=\"elementor-element elementor-element-069dd26 e-flex e-con-boxed e-con e-parent\" data-id=\"069dd26\" data-element_type=\"container\" data-e-type=\"container\">\n\t\t\t\t\t<div class=\"e-con-inner\">\n\t\t\t\t<div class=\"elementor-element elementor-element-4c5729c elementor-widget elementor-widget-heading\" data-id=\"4c5729c\" data-element_type=\"widget\" data-e-type=\"widget\" data-widget_type=\"heading.default\">\n\t\t\t\t\t<h2 class=\"elementor-heading-title elementor-size-default\"><span style=\"font-size: 31.2px\">Banco de Guatemala hizo estimaci\u00f3n parcial de remesas del 1 al 21 de mayo. Apunta a que total del quinto mes de 2025 rondar\u00e1 US$ 2 mil millones. Este esfuerzo de enviar recusos (seg\u00fan resalta estudio migratorio de la URL), apunta a mejorar la calidad de vida de familiares en Guatemala y al anhelo de volver.<br><\/span><\/h2>\t\t\t\t<\/div>\n\t\t\t\t\t<\/div>\n\t\t\t\t<\/div>\n\t\t<div data-particle_enable=\"false\" data-particle-mobile-disabled=\"false\" class=\"elementor-element elementor-element-d3e3c0a e-flex e-con-boxed e-con e-parent\" data-id=\"d3e3c0a\" data-element_type=\"container\" data-e-type=\"container\">\n\t\t\t\t\t<div class=\"e-con-inner\">\n\t\t\t\t<div class=\"elementor-element elementor-element-ed290fd elementor-widget elementor-widget-text-editor\" data-id=\"ed290fd\" data-element_type=\"widget\" data-e-type=\"widget\" data-widget_type=\"text-editor.default\">\n\t\t\t\t\t\t\t\t\t<p>El Banco de Guatemala divulg\u00f3 -dentro de una conferencia de prensa econ\u00f3mica- el dato parcial de remesas migrantes enviadas durante el mes de mayo de 2025: <b>Hasta el 21 de mayo iban US$1604 millones.\u00a0<\/b><\/p><p>Al sumarse con <a href=\"https:\/\/soymigrante.com\/revista\/migrantes-guatemaltecos-enviaron-mas-de-us7-mil-500-millones-en-remesas-en-4-meses\/\">los primeros 4 meses del 2025<\/a> totalizan <b>US$9 mil 233 millones en solo 141 d\u00edas del a\u00f1o<\/b> actual. En estos d\u00edas est\u00e1 por conocerse el dato total de mayo, que debido a las pol\u00edticas migratorias del actual gobierno estadounidense, marcar\u00e1 un nuevo incremento hist\u00f3rico.<\/p><p>De hecho, el Banco de Guatemala calcul\u00f3 que esa cifra de US$9 mil 233 millones representa un incremento del 16 por ciento, respecto del a\u00f1o 2024, en el cual las remesas totalizaron US$21 mil millones.<\/p>\t\t\t\t\t\t\t\t<\/div>\n\t\t\t\t\t<\/div>\n\t\t\t\t<\/div>\n\t\t<div data-particle_enable=\"false\" data-particle-mobile-disabled=\"false\" class=\"elementor-element elementor-element-c5212ed e-flex e-con-boxed e-con e-parent\" data-id=\"c5212ed\" data-element_type=\"container\" data-e-type=\"container\">\n\t\t\t\t\t<div class=\"e-con-inner\">\n\t\t\t\t<div class=\"elementor-element elementor-element-0166ff7 elementor-widget elementor-widget-image\" data-id=\"0166ff7\" data-element_type=\"widget\" data-e-type=\"widget\" data-widget_type=\"image.default\">\n\t\t\t\t\t\t\t\t\t\t\t\t<figure class=\"wp-caption\">\n\t\t\t\t\t\t\t\t\t\t<img fetchpriority=\"high\" decoding=\"async\" width=\"768\" height=\"503\" src=\"https:\/\/soymigrante.com\/revista\/wp-content\/uploads\/2025\/06\/remesas-migrantes-anhelo.webp\" class=\"attachment-large size-large wp-image-35557\" alt=\"Trabajador de la construcci\u00f3n con la ciudad de Nueva York al fondo, en un entorno urbano de obras y edificios en desarrollo, resaltando la importancia de la migraci\u00f3n laboral en grandes metr\u00f3poles.\" srcset=\"https:\/\/soymigrante.com\/revista\/wp-content\/uploads\/2025\/06\/remesas-migrantes-anhelo.webp 1024w, https:\/\/soymigrante.com\/revista\/wp-content\/uploads\/2025\/06\/remesas-migrantes-anhelo-300x196.jpg 300w, https:\/\/soymigrante.com\/revista\/wp-content\/uploads\/2025\/06\/remesas-migrantes-anhelo-768x503.jpg 768w, https:\/\/soymigrante.com\/revista\/wp-content\/uploads\/2025\/06\/remesas-migrantes-anhelo-750x491.webp 750w\" sizes=\"(max-width: 768px) 100vw, 768px\" title=\"El estudio El Sue\u00f1o Americano como realidad tangible, de la Universidad Rafael Land\u00edvar refleja las necesidades, los objetivos y las contradicciones que rodean el fen\u00f3meno migratorio. (Ilustraci\u00f3n IA Envato Labs) \u2013 SoyMigrante.com REVISTA\" \/>\t\t\t\t\t\t\t\t\t\t\t<figcaption class=\"widget-image-caption wp-caption-text\">Imagen que representa la vida laboral y los desaf\u00edos de los migrantes en Estados Unidos.<\/figcaption>\n\t\t\t\t\t\t\t\t\t\t<\/figure>\n\t\t\t\t\t\t\t\t\t<\/div>\n\t\t\t\t\t<\/div>\n\t\t\t\t<\/div>\n\t\t<div data-particle_enable=\"false\" data-particle-mobile-disabled=\"false\" class=\"elementor-element elementor-element-30aacd8 e-flex e-con-boxed e-con e-parent\" data-id=\"30aacd8\" data-element_type=\"container\" data-e-type=\"container\">\n\t\t\t\t\t<div class=\"e-con-inner\">\n\t\t\t\t<div class=\"elementor-element elementor-element-cf355a6 elementor-widget elementor-widget-heading\" data-id=\"cf355a6\" data-element_type=\"widget\" data-e-type=\"widget\" data-widget_type=\"heading.default\">\n\t\t\t\t\t<h3 class=\"elementor-heading-title elementor-size-default\">Objetivo claro del migrante: ayudar a su familia<\/h3>\t\t\t\t<\/div>\n\t\t\t\t\t<\/div>\n\t\t\t\t<\/div>\n\t\t<div data-particle_enable=\"false\" data-particle-mobile-disabled=\"false\" class=\"elementor-element elementor-element-2a7e9ee e-flex e-con-boxed e-con e-parent\" data-id=\"2a7e9ee\" data-element_type=\"container\" data-e-type=\"container\">\n\t\t\t\t\t<div class=\"e-con-inner\">\n\t\t\t\t<div class=\"elementor-element elementor-element-c2fe80b elementor-widget elementor-widget-text-editor\" data-id=\"c2fe80b\" data-element_type=\"widget\" data-e-type=\"widget\" data-widget_type=\"text-editor.default\">\n\t\t\t\t\t\t\t\t\t<p>Para clarificar mejor la motivaci\u00f3n de <a href=\"https:\/\/soymigrante.com\/revista\/los-guatemaltecos-estan-acostumbrados-a-superar-condiciones-adversas-pedro-pablo-solares-experto-migratorio\/\">los migrantes guatemaltecos<\/a> y su esfuerzo por enviar recursos al pa\u00eds, incluso en condiciones adversas como las actuales, presentamos algunos extractos del estudio <a href=\"https:\/\/biblior.url.edu.gt\/wp-content\/uploads\/publichlg\/URL\/VRIP\/Lib\/EH\/978-9929-54-519-9.pdf\">&#8220;El sue\u00f1o americano como realidad tangible&#8221;<\/a>, de la experta migratoria Lizbeth Gramajo Bauer, publicado por el Instituto de Investigaciones Sociohuman\u00edsticas y el departamento de Estudios sobre Din\u00e1micas Globales y Territoriales, de la Universidad Rafael Land\u00edvar, el cual se puede consultar en este link.<\/p><p>En dicho estudio se resalta el gran sacrificio que implica migrar pero tambi\u00e9n permanecer, a menudo sin documentos, en la Uni\u00f3n Americana, con el fin de aportar recursos para el desarrollo de la familia del migrante.\u00a0<\/p>\t\t\t\t\t\t\t\t<\/div>\n\t\t\t\t\t<\/div>\n\t\t\t\t<\/div>\n\t\t<div data-particle_enable=\"false\" data-particle-mobile-disabled=\"false\" class=\"elementor-element elementor-element-4001789 e-flex e-con-boxed e-con e-parent\" data-id=\"4001789\" data-element_type=\"container\" data-e-type=\"container\">\n\t\t\t\t\t<div class=\"e-con-inner\">\n\t\t\t\t<div class=\"elementor-element elementor-element-c5c1783 elementor-grid-eael-col-1 elementor-grid-tablet-eael-col-2 elementor-grid-mobile-eael-col-1 elementor-widget elementor-widget-eael-post-grid\" data-id=\"c5c1783\" data-element_type=\"widget\" data-e-type=\"widget\" data-settings=\"{&quot;eael_post_grid_columns&quot;:&quot;eael-col-1&quot;,&quot;eael_post_grid_columns_tablet&quot;:&quot;eael-col-2&quot;,&quot;eael_post_grid_columns_mobile&quot;:&quot;eael-col-1&quot;}\" data-widget_type=\"eael-post-grid.default\">\n\t\t\t\t\t<div id=\"eael-post-grid-c5c1783\" class=\"eael-post-grid-container\">\n            <div class=\"eael-post-grid eael-post-appender eael-post-appender-c5c1783 eael-post-grid-style-one\" data-layout-mode=\"masonry\"><article class=\"eael-grid-post  eael-post-grid-column eael-pg-post-26232 category-estamos-unidos tags-remesas-migrantes\" data-id=\"26232\">\n        <div class=\"eael-grid-post-holder\">\n            <div class=\"eael-grid-post-holder-inner\"><div class=\"eael-entry-media\"><div class=\"eael-entry-overlay fade-in\"><i class=\"far fa-hand-pointer\" aria-hidden=\"true\"><\/i><a href=\"https:\/\/soymigrante.com\/revista\/remesas-migrantes-subiran-6-en-2025-entrevista-con-johny-gramajo-gerente-economico-del-banguat\/\"><\/a><\/div><div class=\"eael-entry-thumbnail \">\n                <img decoding=\"async\" width=\"913\" height=\"913\" src=\"https:\/\/soymigrante.com\/revista\/wp-content\/uploads\/2025\/02\/envato-labs-image-edit-7.webp\" class=\"attachment-large size-large wp-image-26246\" alt=\"An\u00e1lisis financiero, inversi\u00f3n en d\u00f3lares, tendencia econ\u00f3mica, mercado global, monitoreo financiero, crecimiento econ\u00f3mico.\" srcset=\"https:\/\/soymigrante.com\/revista\/wp-content\/uploads\/2025\/02\/envato-labs-image-edit-7.webp 913w, https:\/\/soymigrante.com\/revista\/wp-content\/uploads\/2025\/02\/envato-labs-image-edit-7-300x300.png 300w, https:\/\/soymigrante.com\/revista\/wp-content\/uploads\/2025\/02\/envato-labs-image-edit-7-150x150.png 150w, https:\/\/soymigrante.com\/revista\/wp-content\/uploads\/2025\/02\/envato-labs-image-edit-7-768x768.png 768w, https:\/\/soymigrante.com\/revista\/wp-content\/uploads\/2025\/02\/envato-labs-image-edit-7-75x75.webp 75w, https:\/\/soymigrante.com\/revista\/wp-content\/uploads\/2025\/02\/envato-labs-image-edit-7-750x750.webp 750w\" sizes=\"(max-width: 913px) 100vw, 913px\" \/>\n            <\/div>\n        <\/div><div class=\"eael-entry-wrapper\"><header class=\"eael-entry-header\"><h2 class=\"eael-entry-title\"><a class=\"eael-grid-post-link\" href=\"https:\/\/soymigrante.com\/revista\/remesas-migrantes-subiran-6-en-2025-entrevista-con-johny-gramajo-gerente-economico-del-banguat\/\" title=\"Remesas migrantes subir\u00e1n a\u00fan m\u00e1s en 2025: entrevista con Johnny Gramajo, Gerente Econ\u00f3mico del Banguat\">Remesas migrantes subir\u00e1n a\u00fan m\u00e1s en 2025: entrevista con Johnny Gramajo, Gerente Econ\u00f3mico del Banguat<\/a><\/h2><\/header><div class=\"eael-entry-content\">\n                        <div class=\"eael-grid-post-excerpt\"><a href=\"https:\/\/soymigrante.com\/revista\/remesas-migrantes-subiran-6-en-2025-entrevista-con-johny-gramajo-gerente-economico-del-banguat\/\" class=\"eael-post-elements-readmore-btn\">CONOCE SU HISTORIA <\/a><\/div>\n                    <\/div><\/div><\/div>\n        <\/div>\n    <\/article><\/div>\n            <div class=\"clearfix\"><\/div>\n        <\/div>\t\t\t\t<\/div>\n\t\t\t\t\t<\/div>\n\t\t\t\t<\/div>\n\t\t<div data-particle_enable=\"false\" data-particle-mobile-disabled=\"false\" class=\"elementor-element elementor-element-a8b1acd e-flex e-con-boxed e-con e-parent\" data-id=\"a8b1acd\" data-element_type=\"container\" data-e-type=\"container\">\n\t\t\t\t\t<div class=\"e-con-inner\">\n\t\t\t\t<div class=\"elementor-element elementor-element-ea160aa elementor-widget elementor-widget-heading\" data-id=\"ea160aa\" data-element_type=\"widget\" data-e-type=\"widget\" data-widget_type=\"heading.default\">\n\t\t\t\t\t<h3 class=\"elementor-heading-title elementor-size-default\">Prioridad: hallar empleo o empleos para enviar recursos<\/h3>\t\t\t\t<\/div>\n\t\t\t\t\t<\/div>\n\t\t\t\t<\/div>\n\t\t<div data-particle_enable=\"false\" data-particle-mobile-disabled=\"false\" class=\"elementor-element elementor-element-438a6f4 e-flex e-con-boxed e-con e-parent\" data-id=\"438a6f4\" data-element_type=\"container\" data-e-type=\"container\">\n\t\t\t\t\t<div class=\"e-con-inner\">\n\t\t\t\t<div class=\"elementor-element elementor-element-afa5315 elementor-widget elementor-widget-text-editor\" data-id=\"afa5315\" data-element_type=\"widget\" data-e-type=\"widget\" data-widget_type=\"text-editor.default\">\n\t\t\t\t\t\t\t\t\t<p><i>&#8220;La prioridad de las personas migrantes al llegar a los EE. UU. es conseguir un empleo para pagar la deuda adquirida. En un promedio de 10 meses a 2 a\u00f1os la persona migrante logra cancelar la deuda y comienza a enviar remesas destinadas exclusivamente para el uso familiar&#8221;.<\/i><\/p><p><i>&#8220;La remesa, usualmente, se invierte en los gastos familiares (alimentaci\u00f3n, educaci\u00f3n, salud, vestido, pago de servicios b\u00e1sicos en la vivienda) y en la compra de un terreno o la remodelaci\u00f3n o construcci\u00f3n de una vivienda. Una persona migrante con trabajo estable en los EE. UU. puede enviar un promedio entre 500 a 1000 d\u00f3lares cada mes&#8221;.\u00a0<\/i><\/p><p><i>&#8220;La frecuencia de los env\u00edos es usualmente cada quince d\u00edas o cada mes. Sin embargo, los env\u00edos pueden disminuir en la \u00e9poca de invierno, cuando la administraci\u00f3n de las remesas cambia por la baja disponibilidad de empleo en los EE. UU.&#8221;.<br \/><a href=\"https:\/\/biblioteca.url.edu.gt\/icesh\/el-sueno-americano-como-realidad-tangible\/\">Estudio El Sue\u00f1o Americano como realidad tangible, estudio de la URL<\/a><\/i><\/p>\t\t\t\t\t\t\t\t<\/div>\n\t\t\t\t\t<\/div>\n\t\t\t\t<\/div>\n\t\t<div data-particle_enable=\"false\" data-particle-mobile-disabled=\"false\" class=\"elementor-element elementor-element-2843490 e-flex e-con-boxed e-con e-parent\" data-id=\"2843490\" data-element_type=\"container\" data-e-type=\"container\">\n\t\t\t\t\t<div class=\"e-con-inner\">\n\t\t\t\t<div class=\"elementor-element elementor-element-599e495 elementor-widget elementor-widget-video\" data-id=\"599e495\" data-element_type=\"widget\" data-e-type=\"widget\" data-settings=\"{&quot;youtube_url&quot;:&quot;https:\\\/\\\/www.youtube.com\\\/watch?v=qxR__PZFn2c&quot;,&quot;start&quot;:1800,&quot;video_type&quot;:&quot;youtube&quot;,&quot;controls&quot;:&quot;yes&quot;}\" data-widget_type=\"video.default\">\n\t\t\t\t\t\t\t<div class=\"elementor-wrapper elementor-open-inline\">\n\t\t\t<div class=\"elementor-video\"><\/div>\t\t<\/div>\n\t\t\t\t\t\t<\/div>\n\t\t\t\t\t<\/div>\n\t\t\t\t<\/div>\n\t\t<div data-particle_enable=\"false\" data-particle-mobile-disabled=\"false\" class=\"elementor-element elementor-element-227921e e-flex e-con-boxed e-con e-parent\" data-id=\"227921e\" data-element_type=\"container\" data-e-type=\"container\">\n\t\t\t\t\t<div class=\"e-con-inner\">\n\t\t\t\t<div class=\"elementor-element elementor-element-d73f588 elementor-widget elementor-widget-heading\" data-id=\"d73f588\" data-element_type=\"widget\" data-e-type=\"widget\" data-widget_type=\"heading.default\">\n\t\t\t\t\t<h3 class=\"elementor-heading-title elementor-size-default\">Insertarse y luchar por un objetivo econ\u00f3mico<\/h3>\t\t\t\t<\/div>\n\t\t\t\t\t<\/div>\n\t\t\t\t<\/div>\n\t\t<div data-particle_enable=\"false\" data-particle-mobile-disabled=\"false\" class=\"elementor-element elementor-element-bbeca3f e-flex e-con-boxed e-con e-parent\" data-id=\"bbeca3f\" data-element_type=\"container\" data-e-type=\"container\">\n\t\t\t\t\t<div class=\"e-con-inner\">\n\t\t\t\t<div class=\"elementor-element elementor-element-33db275 elementor-widget elementor-widget-text-editor\" data-id=\"33db275\" data-element_type=\"widget\" data-e-type=\"widget\" data-widget_type=\"text-editor.default\">\n\t\t\t\t\t\t\t\t\t<p><i>&#8220;Para insertarse en la realidad estadounidenses la mayor\u00eda de los nuevos migrantes hacen uso de las redes migratorias previamente establecidas. Es as\u00ed como la mayor\u00eda llega primero a la casa o apartamento de un familiar, amigo o vecino que ya se encuentra establecido en los EE. UU. y comparten gastos de hospedaje y de transporte&#8221;.\u00a0<\/i><\/p><p><i>&#8220;Estos contactos son tambi\u00e9n los que permiten al nuevo migrante conseguir un trabajo o conocer las \u00abreglas b\u00e1sicas para moverse en la nueva ciudad. La b\u00fasqueda de varios trabajos y laborar m\u00e1s de las ocho horas diarias son, en muchos casos, una prioridad para los nuevos migrantes porque les permite generar mayores ingresos para ir pagando los gastos de estad\u00eda, ir cancelando la deuda y poder empezar a enviar la ansiada remesa familiar&#8221;.<\/i><\/p><p><i><a href=\"https:\/\/biblioteca.url.edu.gt\/icesh\/el-sueno-americano-como-realidad-tangible\/\">Estudio El Sue\u00f1o Americano como realidad tangible, estudio de Lizbeth Gramajo, de la URL<br \/><\/a><br \/><\/i><\/p>\t\t\t\t\t\t\t\t<\/div>\n\t\t\t\t\t<\/div>\n\t\t\t\t<\/div>\n\t\t<div data-particle_enable=\"false\" data-particle-mobile-disabled=\"false\" class=\"elementor-element elementor-element-7a36024 e-flex e-con-boxed e-con e-parent\" data-id=\"7a36024\" data-element_type=\"container\" data-e-type=\"container\">\n\t\t\t\t\t<div class=\"e-con-inner\">\n\t\t\t\t<div class=\"elementor-element elementor-element-026b23b elementor-widget elementor-widget-image\" data-id=\"026b23b\" data-element_type=\"widget\" data-e-type=\"widget\" data-widget_type=\"image.default\">\n\t\t\t\t\t\t\t\t\t\t\t\t<figure class=\"wp-caption\">\n\t\t\t\t\t\t\t\t\t\t<img decoding=\"async\" width=\"768\" height=\"768\" src=\"https:\/\/soymigrante.com\/revista\/wp-content\/uploads\/2025\/06\/migrante-remesas-ia-envato-1.webp\" class=\"attachment-large size-large wp-image-35558\" alt=\"Reforma urbana y construcci\u00f3n en edificios modernos en ciudad, trabajadores en construcci\u00f3n, vista nocturna de la ciudad con rascacielos y vida urbana, obra en progreso en zona urbana, tecnolog\u00eda y desarrollo urbano, cultura laboral.\" srcset=\"https:\/\/soymigrante.com\/revista\/wp-content\/uploads\/2025\/06\/migrante-remesas-ia-envato-1.webp 1024w, https:\/\/soymigrante.com\/revista\/wp-content\/uploads\/2025\/06\/migrante-remesas-ia-envato-1-300x300.png 300w, https:\/\/soymigrante.com\/revista\/wp-content\/uploads\/2025\/06\/migrante-remesas-ia-envato-1-150x150.png 150w, https:\/\/soymigrante.com\/revista\/wp-content\/uploads\/2025\/06\/migrante-remesas-ia-envato-1-768x768.png 768w, https:\/\/soymigrante.com\/revista\/wp-content\/uploads\/2025\/06\/migrante-remesas-ia-envato-1-75x75.webp 75w, https:\/\/soymigrante.com\/revista\/wp-content\/uploads\/2025\/06\/migrante-remesas-ia-envato-1-750x750.webp 750w\" sizes=\"(max-width: 768px) 100vw, 768px\" title=\"El anhelo de regresar un d\u00eda al pa\u00eds y al pueblo natal es una constante en migrantes guatemaltecos. Pero esperan volver con recursos econ\u00f3micos para instalar un negocio, con una  vivienda digna y en condiciones de solventar mejor el desarrollo de su familia, indica el estudio El Sue\u00f1o Americano como Realidad Tangible, de la Universidad Rafael Land\u00edvar, dirigido por Lizbeth Gramajo Bauer. \u2013 SoyMigrante.com REVISTA\" \/>\t\t\t\t\t\t\t\t\t\t\t<figcaption class=\"widget-image-caption wp-caption-text\">Vista nocturna de ciudad desde una oficina en construcci\u00f3n, reflejando crecimiento y oportunidades para migrantes en espacios colaborativos.<\/figcaption>\n\t\t\t\t\t\t\t\t\t\t<\/figure>\n\t\t\t\t\t\t\t\t\t<\/div>\n\t\t\t\t\t<\/div>\n\t\t\t\t<\/div>\n\t\t<div data-particle_enable=\"false\" data-particle-mobile-disabled=\"false\" class=\"elementor-element elementor-element-bbcbd5a e-flex e-con-boxed e-con e-parent\" data-id=\"bbcbd5a\" data-element_type=\"container\" data-e-type=\"container\">\n\t\t\t\t\t<div class=\"e-con-inner\">\n\t\t\t\t<div class=\"elementor-element elementor-element-a256f61 elementor-widget elementor-widget-heading\" data-id=\"a256f61\" data-element_type=\"widget\" data-e-type=\"widget\" data-widget_type=\"heading.default\">\n\t\t\t\t\t<h3 class=\"elementor-heading-title elementor-size-default\">Irse para luchar por el sue\u00f1o de regresar<\/h3>\t\t\t\t<\/div>\n\t\t\t\t\t<\/div>\n\t\t\t\t<\/div>\n\t\t<div data-particle_enable=\"false\" data-particle-mobile-disabled=\"false\" class=\"elementor-element elementor-element-75bd782 e-flex e-con-boxed e-con e-parent\" data-id=\"75bd782\" data-element_type=\"container\" data-e-type=\"container\">\n\t\t\t\t\t<div class=\"e-con-inner\">\n\t\t\t\t<div class=\"elementor-element elementor-element-99484fd elementor-widget elementor-widget-text-editor\" data-id=\"99484fd\" data-element_type=\"widget\" data-e-type=\"widget\" data-widget_type=\"text-editor.default\">\n\t\t\t\t\t\t\t\t\t<p><i>&#8220;Generalmente las personas con intenci\u00f3n de migrar o las personas migrantes que tienen poco tiempo de haber llegado a los EE. UU. aseguran que tienen una meta y al cumplirla buscar\u00e1n retornar a su comunidad de origen de forma voluntaria en un plazo de entre dos a diez a\u00f1os. Las metas m\u00e1s comunes son comparar un terreno, construir una casa, adquirir un veh\u00edculo e invertir en un negocio&#8221;\u00a0<\/i><\/p><p><i>&#8220;En la pr\u00e1ctica es posible constatar que las personas migrantes van posponiendo el retorno; algunos familiares en el altiplano occidental mencionaron que sus parientes han permanecido por un plazo de 10 a 20 a\u00f1os en los EE. UU.\u00a0<\/i><\/p><p><i>Las personas migrantes son conscientes de que el \u00absue\u00f1o americano\u00bb consiste en alcanzar la meta trazada, como dijo una persona que hab\u00eda tenido la experiencia migratoria:\u00a0\u00a0<\/i><i>\u00a0<\/i><\/p>\t\t\t\t\t\t\t\t<\/div>\n\t\t\t\t\t<\/div>\n\t\t\t\t<\/div>\n\t\t<div data-particle_enable=\"false\" data-particle-mobile-disabled=\"false\" class=\"elementor-element elementor-element-a5a0379 e-flex e-con-boxed e-con e-parent\" data-id=\"a5a0379\" data-element_type=\"container\" data-e-type=\"container\">\n\t\t\t\t\t<div class=\"e-con-inner\">\n\t\t\t\t<div class=\"elementor-element elementor-element-ca589b0 elementor-invisible elementor-widget elementor-widget-testimonial\" data-id=\"ca589b0\" data-element_type=\"widget\" data-e-type=\"widget\" data-settings=\"{&quot;_animation&quot;:&quot;rotateInUpRight&quot;}\" data-widget_type=\"testimonial.default\">\n\t\t\t\t\t\t\t<div class=\"elementor-testimonial-wrapper\">\n\t\t\t\t\t\t\t<div class=\"elementor-testimonial-content\"><div style=\"text-align: start\"><span style=\"font-family: Roboto, sans-serif;font-size: 16px\"> <\/span><span style=\"font-family: Roboto, sans-serif;font-size: 21px;font-weight: 500\">\"Porque la verdad es que uno no va a Estados Unidos porque quiere ser rico sino porque quiere sacar a la familia adelante\"<\/span><span style=\"font-family: Roboto, sans-serif;font-size: 21px;font-weight: 500\"><\/span><\/div><\/div>\n\t\t\t\n\t\t\t\t\t\t<div class=\"elementor-testimonial-meta elementor-has-image elementor-testimonial-image-position-aside\">\n\t\t\t\t<div class=\"elementor-testimonial-meta-inner\">\n\t\t\t\t\t\t\t\t\t\t\t<div class=\"elementor-testimonial-image\">\n\t\t\t\t\t\t\t<a href=\"https:\/\/biblioteca.url.edu.gt\/icesh\/el-sueno-americano-como-realidad-tangible\/\"><img loading=\"lazy\" decoding=\"async\" width=\"1920\" height=\"962\" src=\"https:\/\/soymigrante.com\/revista\/wp-content\/uploads\/2025\/02\/remesas-migrantes-1.webp\" class=\"attachment-full size-full wp-image-26258\" alt=\"Trabajadores de construcci\u00f3n en altura limpiando y manteniendo los cristales de un rascacielos en una ciudad moderna durante el atardecer, reflejando progreso y seguridad laboral.\" title=\"Las remesas migrantes son mucho m\u00e1s que dinero: son amor, perseverancia, esfuerzos por ahorrar gastos en Estados Unidos para poder enviar recursos a padres, hijos, hermanos, c\u00f3nyuge, en Guatemala: es una convicci\u00f3n que tiene impacto macroecon\u00f3mico. (Imagen generada con Envato Labs) \u2013 SoyMigrante.com REVISTA\" srcset=\"https:\/\/soymigrante.com\/revista\/wp-content\/uploads\/2025\/02\/remesas-migrantes-1.webp 1920w, https:\/\/soymigrante.com\/revista\/wp-content\/uploads\/2025\/02\/remesas-migrantes-1-300x150.jpg 300w, https:\/\/soymigrante.com\/revista\/wp-content\/uploads\/2025\/02\/remesas-migrantes-1-1024x513.jpg 1024w, https:\/\/soymigrante.com\/revista\/wp-content\/uploads\/2025\/02\/remesas-migrantes-1-768x385.jpg 768w, https:\/\/soymigrante.com\/revista\/wp-content\/uploads\/2025\/02\/remesas-migrantes-1-1536x770.jpg 1536w, https:\/\/soymigrante.com\/revista\/wp-content\/uploads\/2025\/02\/remesas-migrantes-1-2048x1026.jpg 2048w, https:\/\/soymigrante.com\/revista\/wp-content\/uploads\/2025\/02\/remesas-migrantes-1-360x180.webp 360w, https:\/\/soymigrante.com\/revista\/wp-content\/uploads\/2025\/02\/remesas-migrantes-1-750x376.webp 750w, https:\/\/soymigrante.com\/revista\/wp-content\/uploads\/2025\/02\/remesas-migrantes-1-1140x571.webp 1140w\" sizes=\"(max-width: 1920px) 100vw, 1920px\" \/><\/a>\t\t\t\t\t\t<\/div>\n\t\t\t\t\t\n\t\t\t\t\t\t\t\t\t\t<div class=\"elementor-testimonial-details\">\n\t\t\t\t\t\t\t\t\t\t\t\t\t\t<a class=\"elementor-testimonial-name\" href=\"https:\/\/biblioteca.url.edu.gt\/icesh\/el-sueno-americano-como-realidad-tangible\/\">Migrante guatemalteco<\/a>\n\t\t\t\t\t\t\t\t\t\t\t\t\t\t\t\t\t\t\t\t\t\t<a class=\"elementor-testimonial-job\" href=\"https:\/\/biblioteca.url.edu.gt\/icesh\/el-sueno-americano-como-realidad-tangible\/\">entrevistado dentro del estudio\nEl Sue\u00f1o Americano como realida\ntangible, de la Universidad Rafael Land\u00edvar<\/a>\n\t\t\t\t\t\t\t\t\t\t\t\t\t<\/div>\n\t\t\t\t\t\t\t\t\t<\/div>\n\t\t\t<\/div>\n\t\t\t\t\t<\/div>\n\t\t\t\t\t\t<\/div>\n\t\t\t\t\t<\/div>\n\t\t\t\t<\/div>\n\t\t<div data-particle_enable=\"false\" data-particle-mobile-disabled=\"false\" class=\"elementor-element elementor-element-6607add e-flex e-con-boxed e-con e-parent\" data-id=\"6607add\" data-element_type=\"container\" data-e-type=\"container\">\n\t\t\t\t\t<div class=\"e-con-inner\">\n\t\t\t\t<div class=\"elementor-element elementor-element-104f501 elementor-widget elementor-widget-heading\" data-id=\"104f501\" data-element_type=\"widget\" data-e-type=\"widget\" data-widget_type=\"heading.default\">\n\t\t\t\t\t<h2 class=\"elementor-heading-title elementor-size-default\">SoyMigrante.com MERCADO impulsa y apoya comercio electr\u00f3nico de emprendimientos en las comunidades para frenar migraci\u00f3n<\/h2>\t\t\t\t<\/div>\n\t\t\t\t\t<\/div>\n\t\t\t\t<\/div>\n\t\t<div data-particle_enable=\"false\" data-particle-mobile-disabled=\"false\" class=\"elementor-element elementor-element-ef15eae e-flex e-con-boxed e-con e-parent\" data-id=\"ef15eae\" data-element_type=\"container\" data-e-type=\"container\">\n\t\t\t\t\t<div class=\"e-con-inner\">\n\t\t\t\t<div class=\"elementor-element elementor-element-e11d77c elementor-grid-eael-col-3 elementor-grid-tablet-eael-col-2 elementor-grid-mobile-eael-col-1 elementor-widget elementor-widget-eael-post-grid\" data-id=\"e11d77c\" data-element_type=\"widget\" data-e-type=\"widget\" data-settings=\"{&quot;eael_post_grid_columns&quot;:&quot;eael-col-3&quot;,&quot;eael_post_grid_columns_tablet&quot;:&quot;eael-col-2&quot;,&quot;eael_post_grid_columns_mobile&quot;:&quot;eael-col-1&quot;}\" data-widget_type=\"eael-post-grid.default\">\n\t\t\t\t\t<div id=\"eael-post-grid-e11d77c\" class=\"eael-post-grid-container\">\n            <div class=\"eael-post-grid eael-post-appender eael-post-appender-e11d77c eael-post-grid-style-one\" data-layout-mode=\"masonry\"><article class=\"eael-grid-post  eael-post-grid-column eael-pg-post-24306 category-guate-nuestra tags-mercado-emprendedores\" data-id=\"24306\">\n        <div class=\"eael-grid-post-holder\">\n            <div class=\"eael-grid-post-holder-inner\"><div class=\"eael-entry-media\"><div class=\"eael-entry-overlay fade-in\"><i class=\"far fa-hand-pointer\" aria-hidden=\"true\"><\/i><a href=\"https:\/\/soymigrante.com\/revista\/mercaixil-productos-organicos-y-artesanales-de-calidad-elaborados-por-comunidades-del-area-ixil\/\"><\/a><\/div><div class=\"eael-entry-thumbnail \">\n                <img loading=\"lazy\" decoding=\"async\" width=\"1024\" height=\"1024\" src=\"https:\/\/soymigrante.com\/revista\/wp-content\/uploads\/2025\/02\/mercaixil4-1024x1024.jpg\" class=\"attachment-large size-large wp-image-24367\" alt=\"Variedad de productos org\u00e1nicos y alimentos naturales en una cesta de mimbre, resaltando la importancia de la alimentaci\u00f3n saludable y la promoci\u00f3n del comercio justo en el contexto de SoyMigrante.com.\" srcset=\"https:\/\/soymigrante.com\/revista\/wp-content\/uploads\/2025\/02\/mercaixil4-1024x1024.jpg 1024w, https:\/\/soymigrante.com\/revista\/wp-content\/uploads\/2025\/02\/mercaixil4-300x300.jpg 300w, https:\/\/soymigrante.com\/revista\/wp-content\/uploads\/2025\/02\/mercaixil4-150x150.jpg 150w, https:\/\/soymigrante.com\/revista\/wp-content\/uploads\/2025\/02\/mercaixil4-768x768.jpg 768w, https:\/\/soymigrante.com\/revista\/wp-content\/uploads\/2025\/02\/mercaixil4-75x75.webp 75w, https:\/\/soymigrante.com\/revista\/wp-content\/uploads\/2025\/02\/mercaixil4-750x750.webp 750w, https:\/\/soymigrante.com\/revista\/wp-content\/uploads\/2025\/02\/mercaixil4.webp 1080w\" sizes=\"(max-width: 1024px) 100vw, 1024px\" \/>\n            <\/div>\n        <\/div><div class=\"eael-entry-wrapper\"><header class=\"eael-entry-header\"><h2 class=\"eael-entry-title\"><a class=\"eael-grid-post-link\" href=\"https:\/\/soymigrante.com\/revista\/mercaixil-productos-organicos-y-artesanales-de-calidad-elaborados-por-comunidades-del-area-ixil\/\" title=\"MercaIxil: productos org\u00e1nicos de 210 comunidades del \u00e1rea Ixil tienen su tienda digital en MERCADO\">MercaIxil: productos org\u00e1nicos de 210 comunidades del \u00e1rea Ixil tienen su tienda digital en MERCADO<\/a><\/h2><\/header><div class=\"eael-entry-content\">\n                        <div class=\"eael-grid-post-excerpt\"><a href=\"https:\/\/soymigrante.com\/revista\/mercaixil-productos-organicos-y-artesanales-de-calidad-elaborados-por-comunidades-del-area-ixil\/\" class=\"eael-post-elements-readmore-btn\">CONOCE SU HISTORIA <\/a><\/div>\n                    <\/div><\/div><\/div>\n        <\/div>\n    <\/article><article class=\"eael-grid-post  eael-post-grid-column eael-pg-post-19696 category-guate-nuestra tags-mercado-emprendedores\" data-id=\"19696\">\n        <div class=\"eael-grid-post-holder\">\n            <div class=\"eael-grid-post-holder-inner\"><div class=\"eael-entry-media\"><div class=\"eael-entry-overlay fade-in\"><i class=\"far fa-hand-pointer\" aria-hidden=\"true\"><\/i><a href=\"https:\/\/soymigrante.com\/revista\/hamacas-kemert-25-anos-de-historia-calidad-y-tradicion-familiar-ahora-en-mercado\/\"><\/a><\/div><div class=\"eael-entry-thumbnail \">\n                <img loading=\"lazy\" decoding=\"async\" width=\"1024\" height=\"368\" src=\"https:\/\/soymigrante.com\/revista\/wp-content\/uploads\/2025\/01\/IMG-20250108-WA0005-1024x368.jpg\" class=\"attachment-large size-large wp-image-19835\" alt=\"Entretejido artesanal colorido en mercado tradicional mexicano, exhibiendo tejidos y accesorios culturales, representando la riqueza de la cultura ind\u00edgena en comunidades rurales.\" srcset=\"https:\/\/soymigrante.com\/revista\/wp-content\/uploads\/2025\/01\/IMG-20250108-WA0005-1024x368.jpg 1024w, https:\/\/soymigrante.com\/revista\/wp-content\/uploads\/2025\/01\/IMG-20250108-WA0005-300x108.jpg 300w, https:\/\/soymigrante.com\/revista\/wp-content\/uploads\/2025\/01\/IMG-20250108-WA0005-768x276.jpg 768w, https:\/\/soymigrante.com\/revista\/wp-content\/uploads\/2025\/01\/IMG-20250108-WA0005-750x270.webp 750w, https:\/\/soymigrante.com\/revista\/wp-content\/uploads\/2025\/01\/IMG-20250108-WA0005-1140x410.webp 1140w, https:\/\/soymigrante.com\/revista\/wp-content\/uploads\/2025\/01\/IMG-20250108-WA0005.webp 1280w\" sizes=\"(max-width: 1024px) 100vw, 1024px\" \/>\n            <\/div>\n        <\/div><div class=\"eael-entry-wrapper\"><header class=\"eael-entry-header\"><h2 class=\"eael-entry-title\"><a class=\"eael-grid-post-link\" href=\"https:\/\/soymigrante.com\/revista\/hamacas-kemert-25-anos-de-historia-calidad-y-tradicion-familiar-ahora-en-mercado\/\" title=\"Hamacas Kemert: 25 a\u00f1os de  tradici\u00f3n familiar, calidad y descanso, ahora en MERCADO\">Hamacas Kemert: 25 a\u00f1os de  tradici\u00f3n familiar, calidad y descanso, ahora en MERCADO<\/a><\/h2><\/header><div class=\"eael-entry-content\">\n                        <div class=\"eael-grid-post-excerpt\"><a href=\"https:\/\/soymigrante.com\/revista\/hamacas-kemert-25-anos-de-historia-calidad-y-tradicion-familiar-ahora-en-mercado\/\" class=\"eael-post-elements-readmore-btn\">CONOCE SU HISTORIA <\/a><\/div>\n                    <\/div><\/div><\/div>\n        <\/div>\n    <\/article><article class=\"eael-grid-post  eael-post-grid-column eael-pg-post-39764 category-guate-nuestra tags-mercado-emprendedores\" data-id=\"39764\">\n        <div class=\"eael-grid-post-holder\">\n            <div class=\"eael-grid-post-holder-inner\"><div class=\"eael-entry-media\"><div class=\"eael-entry-overlay fade-in\"><i class=\"far fa-hand-pointer\" aria-hidden=\"true\"><\/i><a href=\"https:\/\/soymigrante.com\/revista\/emprendedora-cristina-contreras-convirtio-sus-cualidades-en-menjurjes-tienda-digital-en-mercado\/\"><\/a><\/div><div class=\"eael-entry-thumbnail \">\n                <img loading=\"lazy\" decoding=\"async\" width=\"1024\" height=\"1024\" src=\"https:\/\/soymigrante.com\/revista\/wp-content\/uploads\/2025\/07\/menjurjes-tienda-en-soymigrante.com-mercado-1024x1024.png\" class=\"attachment-large size-large wp-image-39859\" alt=\"Aceite de cilantro y chile de Chilete en botellas grandes con etiquetado de SoyMigrante.com revista, mujer sonriente en fondo de madera mostrando productos tradicionales de la gastronom\u00eda peruana.\" srcset=\"https:\/\/soymigrante.com\/revista\/wp-content\/uploads\/2025\/07\/menjurjes-tienda-en-soymigrante.com-mercado-1024x1024.png 1024w, https:\/\/soymigrante.com\/revista\/wp-content\/uploads\/2025\/07\/menjurjes-tienda-en-soymigrante.com-mercado-300x300.png 300w, https:\/\/soymigrante.com\/revista\/wp-content\/uploads\/2025\/07\/menjurjes-tienda-en-soymigrante.com-mercado-150x150.png 150w, https:\/\/soymigrante.com\/revista\/wp-content\/uploads\/2025\/07\/menjurjes-tienda-en-soymigrante.com-mercado-768x768.png 768w, https:\/\/soymigrante.com\/revista\/wp-content\/uploads\/2025\/07\/menjurjes-tienda-en-soymigrante.com-mercado-75x75.webp 75w, https:\/\/soymigrante.com\/revista\/wp-content\/uploads\/2025\/07\/menjurjes-tienda-en-soymigrante.com-mercado-750x750.webp 750w, https:\/\/soymigrante.com\/revista\/wp-content\/uploads\/2025\/07\/menjurjes-tienda-en-soymigrante.com-mercado.webp 1080w\" sizes=\"(max-width: 1024px) 100vw, 1024px\" \/>\n            <\/div>\n        <\/div><div class=\"eael-entry-wrapper\"><header class=\"eael-entry-header\"><h2 class=\"eael-entry-title\"><a class=\"eael-grid-post-link\" href=\"https:\/\/soymigrante.com\/revista\/emprendedora-cristina-contreras-convirtio-sus-cualidades-en-menjurjes-tienda-digital-en-mercado\/\" title=\"Emprendedora Cristina Contreras convirti\u00f3 sus cualidades en Menjurjes, aceites saborizados a la venta en MERCADO\">Emprendedora Cristina Contreras convirti\u00f3 sus cualidades en Menjurjes, aceites saborizados a la venta en MERCADO<\/a><\/h2><\/header><div class=\"eael-entry-content\">\n                        <div class=\"eael-grid-post-excerpt\"><a href=\"https:\/\/soymigrante.com\/revista\/emprendedora-cristina-contreras-convirtio-sus-cualidades-en-menjurjes-tienda-digital-en-mercado\/\" class=\"eael-post-elements-readmore-btn\">CONOCE SU HISTORIA <\/a><\/div>\n                    <\/div><\/div><\/div>\n        <\/div>\n    <\/article><\/div>\n            <div class=\"clearfix\"><\/div>\n        <\/div>            <div class=\"eael-load-more-button-wrap eael-force-hide\">\n                <button class=\"eael-load-more-button\" id=\"eael-load-more-btn-e11d77c\" data-widget-id=\"e11d77c\" data-widget=\"e11d77c\" data-page-id=\"35542\" data-template=\"{&quot;dir&quot;:&quot;lite&quot;,&quot;file_name&quot;:&quot;one.php&quot;,&quot;name&quot;:&quot;Post-Grid&quot;}\" data-class=\"Essential_Addons_Elementor\\Elements\\Post_Grid\" data-layout=\"masonry\" data-page=\"1\" data-args=\"orderby=rand&amp;order=desc&amp;ignore_sticky_posts=1&amp;post_status=publish&amp;posts_per_page=3&amp;offset=0&amp;post_type=post&amp;tax_query%5B0%5D%5Btaxonomy%5D=post_tag&amp;tax_query%5B0%5D%5Bfield%5D=term_id&amp;tax_query%5B0%5D%5Bterms%5D%5B0%5D=130&amp;tax_query%5Brelation%5D=AND\" data-max-page=\"35\">\n                    <span class=\"eael-btn-loader button__loader\"><\/span>\n                    <span class=\"eael_load_more_text\">Load More<\/span>\n                <\/button>\n            <\/div>\n            \t\t\t\t<\/div>\n\t\t\t\t\t<\/div>\n\t\t\t\t<\/div>\n\t\t\t\t<\/div>\n\t\t","protected":false},"excerpt":{"rendered":"<p>Banco de Guatemala hizo estimaci\u00f3n parcial de remesas del 1 al 21 de mayo. Apunta a que total del quinto mes de 2025 rondar\u00e1 US$ 2 mil millones. Este esfuerzo de enviar recusos (seg\u00fan resalta estudio migratorio de la URL), apunta a mejorar la calidad de vida de familiares en Guatemala y al anhelo de [&hellip;]<\/p>\n","protected":false},"author":7,"featured_media":35543,"comment_status":"open","ping_status":"open","sticky":false,"template":"","format":"standard","meta":{"_acf_changed":false,"_eb_attr":"","footnotes":""},"categories":[54],"tags":[84],"class_list":["post-35542","post","type-post","status-publish","format-standard","has-post-thumbnail","hentry","category-estamos-unidos","tag-remesas-migrantes"],"acf":[],"aioseo_notices":[],"aioseo_head":"\n\t\t<!-- All in One SEO Pro 4.9.6.2 - aioseo.com -->\n\t<meta name=\"description\" content=\"Exquisitos sabores y aromas de la tienda virtual Menjurjes puede llegar hasta tu casa a trav\u00e9s de su tienda digital en SoyMigrante.com MERCADO. Conoce su historia.\" \/>\n\t<meta name=\"robots\" content=\"max-snippet:-1, max-image-preview:large, max-video-preview:-1\" \/>\n\t<meta name=\"author\" content=\"Marysabel Aldana\"\/>\n\t<link rel=\"canonical\" href=\"https:\/\/soymigrante.com\/revista\/emprendedora-cristina-contreras-convirtio-sus-cualidades-en-menjurjes-tienda-digital-en-mercado\/\" \/>\n\t<meta name=\"generator\" content=\"All in One SEO Pro (AIOSEO) 4.9.6.2\" \/>\n\n\t\t<link rel=\"preconnect\" href=\"https:\/\/fonts.googleapis.com\" crossorigin>\n<link rel=\"preconnect\" href=\"https:\/\/fonts.gstatic.com\" crossorigin>\n\t\t<meta property=\"og:locale\" content=\"es_ES\" \/>\n\t\t<meta property=\"og:site_name\" content=\"SoyMigrante.com REVISTA \u2013 Nuestra misi\u00f3n es reconocer y dignificar al migrante.\" \/>\n\t\t<meta property=\"og:type\" content=\"article\" \/>\n\t\t<meta property=\"og:title\" content=\"Emprendedora impulsa aceites saborizados Menjurjes en MERCADO\" \/>\n\t\t<meta property=\"og:description\" content=\"Exquisitos sabores y aromas de la tienda virtual Menjurjes puede llegar hasta tu casa a trav\u00e9s de su tienda digital en SoyMigrante.com MERCADO. Conoce su historia.\" \/>\n\t\t<meta property=\"og:url\" content=\"https:\/\/soymigrante.com\/revista\/emprendedora-cristina-contreras-convirtio-sus-cualidades-en-menjurjes-tienda-digital-en-mercado\/\" \/>\n\t\t<meta property=\"og:image\" content=\"https:\/\/soymigrante.com\/revista\/wp-content\/uploads\/2025\/07\/menjurjes-tienda-en-soymigrante.com-mercado.webp\" \/>\n\t\t<meta property=\"og:image:secure_url\" content=\"https:\/\/soymigrante.com\/revista\/wp-content\/uploads\/2025\/07\/menjurjes-tienda-en-soymigrante.com-mercado.webp\" \/>\n\t\t<meta property=\"og:image:width\" content=\"1080\" \/>\n\t\t<meta property=\"og:image:height\" content=\"1080\" \/>\n\t\t<meta property=\"article:published_time\" content=\"2026-02-08T20:17:17+00:00\" \/>\n\t\t<meta property=\"article:modified_time\" content=\"2026-02-08T20:17:25+00:00\" \/>\n\t\t<meta property=\"article:publisher\" content=\"https:\/\/www.facebook.com\/soymigrantecom\" \/>\n\t\t<meta name=\"twitter:card\" content=\"summary_large_image\" \/>\n\t\t<meta name=\"twitter:site\" content=\"@SoyMigrante_com\" \/>\n\t\t<meta name=\"twitter:title\" content=\"Emprendedora impulsa aceites saborizados Menjurjes en MERCADO\" \/>\n\t\t<meta name=\"twitter:description\" content=\"Exquisitos sabores y aromas de la tienda virtual Menjurjes puede llegar hasta tu casa a trav\u00e9s de su tienda digital en SoyMigrante.com MERCADO. Conoce su historia.\" \/>\n\t\t<meta name=\"twitter:creator\" content=\"@SoyMigrante_com\" \/>\n\t\t<meta name=\"twitter:image\" content=\"https:\/\/soymigrante.com\/revista\/wp-content\/uploads\/2025\/07\/menjurjes-tienda-en-soymigrante.com-mercado.webp\" \/>\n\t\t<!-- All in One SEO Pro -->\r\n\t\t<title>Emprendedora impulsa aceites saborizados Menjurjes en MERCADO<\/title>\n\n","aioseo_head_json":{"title":"Emprendedora impulsa aceites saborizados Menjurjes en MERCADO","description":"Exquisitos sabores y aromas de la tienda virtual Menjurjes puede llegar hasta tu casa a trav\u00e9s de su tienda digital en SoyMigrante.com MERCADO. Conoce su historia.","canonical_url":"https:\/\/soymigrante.com\/revista\/emprendedora-cristina-contreras-convirtio-sus-cualidades-en-menjurjes-tienda-digital-en-mercado\/","robots":"max-snippet:-1, max-image-preview:large, max-video-preview:-1","keywords":"","webmasterTools":{"miscellaneous":"&lt;link rel=\"preconnect\" href=\"https:\/\/fonts.googleapis.com\" crossorigin&gt;\n&lt;link rel=\"preconnect\" href=\"https:\/\/fonts.gstatic.com\" crossorigin&gt;"},"schema":null,"og:locale":"es_ES","og:site_name":"SoyMigrante.com REVISTA \u2013 Nuestra misi\u00f3n es reconocer y dignificar al migrante.","og:type":"article","og:title":"Emprendedora impulsa aceites saborizados Menjurjes en MERCADO","og:description":"Exquisitos sabores y aromas de la tienda virtual Menjurjes puede llegar hasta tu casa a trav\u00e9s de su tienda digital en SoyMigrante.com MERCADO. Conoce su historia.","og:url":"https:\/\/soymigrante.com\/revista\/emprendedora-cristina-contreras-convirtio-sus-cualidades-en-menjurjes-tienda-digital-en-mercado\/","og:image":"https:\/\/soymigrante.com\/revista\/wp-content\/uploads\/2025\/07\/menjurjes-tienda-en-soymigrante.com-mercado.webp","og:image:secure_url":"https:\/\/soymigrante.com\/revista\/wp-content\/uploads\/2025\/07\/menjurjes-tienda-en-soymigrante.com-mercado.webp","og:image:width":1080,"og:image:height":1080,"article:published_time":"2026-02-08T20:17:17+00:00","article:modified_time":"2026-02-08T20:17:25+00:00","article:publisher":"https:\/\/www.facebook.com\/soymigrantecom","twitter:card":"summary_large_image","twitter:site":"@SoyMigrante_com","twitter:title":"Emprendedora impulsa aceites saborizados Menjurjes en MERCADO","twitter:description":"Exquisitos sabores y aromas de la tienda virtual Menjurjes puede llegar hasta tu casa a trav\u00e9s de su tienda digital en SoyMigrante.com MERCADO. Conoce su historia.","twitter:creator":"@SoyMigrante_com","twitter:image":"https:\/\/soymigrante.com\/revista\/wp-content\/uploads\/2025\/07\/menjurjes-tienda-en-soymigrante.com-mercado.webp"},"aioseo_meta_data":{"post_id":"35542","title":"Remesas migrantes: US$1600 millones en 21 d\u00edas de mayo 2025","description":"Banguat traza cifra r\u00e9cord de remesas migrantes para el quinto mes del 2025. Se analizan motivos y realidades de guatemaltecos en USA seg\u00fan estudio de la URL.","keywords":null,"keyphrases":{"focus":{"keyphrase":"Remesas","score":91,"analysis":{"keyphraseInTitle":{"score":9,"maxScore":9,"error":0},"keyphraseInDescription":{"score":9,"maxScore":9,"error":0},"keyphraseLength":{"score":9,"maxScore":9,"error":0,"length":1},"keyphraseInURL":{"score":5,"maxScore":5,"error":0},"keyphraseInIntroduction":{"score":9,"maxScore":9,"error":0},"keyphraseInSubHeadings":{"score":3,"maxScore":9,"error":1},"keyphraseInImageAlt":{"score":9,"maxScore":9,"error":0},"keywordDensity":{"type":"best","score":9,"maxScore":9,"error":0}}},"additional":[{"keyphrase":"Migrantes","score":100,"analysis":{"keyphraseInDescription":{"score":9,"maxScore":9,"error":0},"keyphraseLength":{"score":9,"maxScore":9,"error":0,"length":1},"keyphraseInIntroduction":{"score":9,"maxScore":9,"error":0},"keyphraseInImageAlt":{"score":9,"maxScore":9,"error":0},"keywordDensity":{"type":"best","score":9,"maxScore":9,"error":0}}},{"keyphrase":"remesas","score":100,"analysis":{"keyphraseInDescription":{"score":9,"maxScore":9,"error":0},"keyphraseLength":{"score":9,"maxScore":9,"error":0,"length":1},"keyphraseInIntroduction":{"score":9,"maxScore":9,"error":0},"keyphraseInImageAlt":{"score":9,"maxScore":9,"error":0},"keywordDensity":{"type":"best","score":9,"maxScore":9,"error":0}}}]},"primary_term":null,"canonical_url":null,"og_title":null,"og_description":null,"og_object_type":"default","og_image_type":"default","og_image_url":null,"og_image_width":null,"og_image_height":null,"og_image_custom_url":null,"og_image_custom_fields":null,"og_video":"","og_custom_url":null,"og_article_section":null,"og_article_tags":null,"twitter_use_og":false,"twitter_card":"default","twitter_image_type":"default","twitter_image_url":null,"twitter_image_custom_url":null,"twitter_image_custom_fields":null,"twitter_title":null,"twitter_description":null,"schema":{"blockGraphs":[],"customGraphs":[],"default":{"data":{"Article":[],"Course":[],"Dataset":[],"FAQPage":[],"Movie":[],"Person":[],"Product":[],"ProductReview":[],"Car":[],"Recipe":[],"Service":[],"SoftwareApplication":[],"WebPage":[]},"graphName":"none","isEnabled":true},"graphs":[]},"schema_type":"default","schema_type_options":null,"pillar_content":false,"robots_default":true,"robots_noindex":false,"robots_noarchive":false,"robots_nosnippet":false,"robots_nofollow":false,"robots_noimageindex":false,"robots_noodp":false,"robots_notranslate":false,"robots_max_snippet":"-1","robots_max_videopreview":"-1","robots_max_imagepreview":"large","priority":null,"frequency":"default","local_seo":null,"seo_analyzer_scan_date":"2025-10-09 05:38:15","breadcrumb_settings":null,"limit_modified_date":false,"reviewed_by":"0","open_ai":"{\"title\":{\"suggestions\":[],\"usage\":0},\"description\":{\"suggestions\":[],\"usage\":0}}","ai":null,"created":"2025-06-05 02:33:41","updated":"2026-02-05 00:33:29"},"aioseo_breadcrumb":"<div class=\"aioseo-breadcrumbs\"><span class=\"aioseo-breadcrumb\">\n\t<a href=\"https:\/\/soymigrante.com\/revista\" title=\"Home\">Home<\/a>\n<\/span><span class=\"aioseo-breadcrumb-separator\">\u00bb<\/span><span class=\"aioseo-breadcrumb\">\n\t<a href=\"https:\/\/soymigrante.com\/revista\/category\/estamos-unidos\/\" title=\"Estamos Unidos\">Estamos Unidos<\/a>\n<\/span><span class=\"aioseo-breadcrumb-separator\">\u00bb<\/span><span class=\"aioseo-breadcrumb\">\n\tRemesas migrantes: En solo 21 d\u00edas de mayo 2025, guatemaltecos enviaron US$1,604 millones\n<\/span><\/div>","aioseo_breadcrumb_json":[{"label":"Home","link":"https:\/\/soymigrante.com\/revista"},{"label":"Estamos Unidos","link":"https:\/\/soymigrante.com\/revista\/category\/estamos-unidos\/"},{"label":"Remesas migrantes: En solo 21 d\u00edas de mayo 2025, guatemaltecos enviaron US$1,604 millones","link":"https:\/\/soymigrante.com\/revista\/remesas-migrantes-analisis-en-solo-3-semanas-de-mayo-migrantes-guatemaltecos-enviaron-us1604-millones\/"}],"_links":{"self":[{"href":"https:\/\/soymigrante.com\/revista\/wp-json\/wp\/v2\/posts\/35542","targetHints":{"allow":["GET"]}}],"collection":[{"href":"https:\/\/soymigrante.com\/revista\/wp-json\/wp\/v2\/posts"}],"about":[{"href":"https:\/\/soymigrante.com\/revista\/wp-json\/wp\/v2\/types\/post"}],"author":[{"embeddable":true,"href":"https:\/\/soymigrante.com\/revista\/wp-json\/wp\/v2\/users\/7"}],"replies":[{"embeddable":true,"href":"https:\/\/soymigrante.com\/revista\/wp-json\/wp\/v2\/comments?post=35542"}],"version-history":[{"count":24,"href":"https:\/\/soymigrante.com\/revista\/wp-json\/wp\/v2\/posts\/35542\/revisions"}],"predecessor-version":[{"id":35599,"href":"https:\/\/soymigrante.com\/revista\/wp-json\/wp\/v2\/posts\/35542\/revisions\/35599"}],"wp:featuredmedia":[{"embeddable":true,"href":"https:\/\/soymigrante.com\/revista\/wp-json\/wp\/v2\/media\/35543"}],"wp:attachment":[{"href":"https:\/\/soymigrante.com\/revista\/wp-json\/wp\/v2\/media?parent=35542"}],"wp:term":[{"taxonomy":"category","embeddable":true,"href":"https:\/\/soymigrante.com\/revista\/wp-json\/wp\/v2\/categories?post=35542"},{"taxonomy":"post_tag","embeddable":true,"href":"https:\/\/soymigrante.com\/revista\/wp-json\/wp\/v2\/tags?post=35542"}],"curies":[{"name":"wp","href":"https:\/\/api.w.org\/{rel}","templated":true}]}}