{"id":35484,"date":"2025-06-10T06:00:00","date_gmt":"2025-06-10T12:00:00","guid":{"rendered":"https:\/\/soymigrante.com\/revista\/?p=35484"},"modified":"2025-08-27T09:40:51","modified_gmt":"2025-08-27T15:40:51","slug":"como-hablar-con-los-ninos-sobre-una-enfermedad-consejos-para-padres","status":"publish","type":"post","link":"https:\/\/soymigrante.com\/revista\/como-hablar-con-los-ninos-sobre-una-enfermedad-consejos-para-padres\/","title":{"rendered":"\u00bfC\u00f3mo hablar con los ni\u00f1os sobre una enfermedad? Consejos para padres"},"content":{"rendered":"\t\t<div data-elementor-type=\"wp-post\" data-elementor-id=\"35484\" class=\"elementor elementor-35484\" data-elementor-post-type=\"post\">\n\t\t\t\t<div data-particle_enable=\"false\" data-particle-mobile-disabled=\"false\" class=\"elementor-element elementor-element-31d027f e-flex e-con-boxed e-con e-parent\" data-id=\"31d027f\" data-element_type=\"container\" data-e-type=\"container\">\n\t\t\t\t\t<div class=\"e-con-inner\">\n\t\t\t\t<div class=\"elementor-element elementor-element-21d614b elementor-widget elementor-widget-heading\" data-id=\"21d614b\" data-element_type=\"widget\" data-e-type=\"widget\" data-widget_type=\"heading.default\">\n\t\t\t\t\t<h2 class=\"elementor-heading-title elementor-size-default\">En momentos dif\u00edciles a los padres les cuesta hablar de una enfermedad con los ni\u00f1os, pero estas recomendaciones te pueden ayudar. \n\n<\/h2>\t\t\t\t<\/div>\n\t\t\t\t\t<\/div>\n\t\t\t\t<\/div>\n\t\t<div data-particle_enable=\"false\" data-particle-mobile-disabled=\"false\" class=\"elementor-element elementor-element-a89609d e-flex e-con-boxed e-con e-parent\" data-id=\"a89609d\" data-element_type=\"container\" data-e-type=\"container\">\n\t\t\t\t\t<div class=\"e-con-inner\">\n\t\t\t\t<div class=\"elementor-element elementor-element-123a0de elementor-widget elementor-widget-text-editor\" data-id=\"123a0de\" data-element_type=\"widget\" data-e-type=\"widget\" data-widget_type=\"text-editor.default\">\n\t\t\t\t\t\t\t\t\t<p>Hablar con un ni\u00f1o sobre una enfermedad \u2014ya sea propia, de un familiar cercano o incluso del mismo menor\u2014 puede ser uno de los momentos m\u00e1s dif\u00edciles para cualquier madre, padre o cuidador. <br \/>\u00bfC\u00f3mo explicarlo sin asustarlos? \u00bfDebo decir la verdad? \u00bfQu\u00e9 palabras uso? <a href=\"https:\/\/soymigrante.com\/revista\/hablarles-a-los-hijos-con-la-verdad-siempre-sera-el-camino\/\" target=\"_blank\" rel=\"noopener\">Estas son preguntas comunes cuando la salud se convierte en un tema de conversaci\u00f3n en casa.<\/a><\/p><p>Expertos en psicolog\u00eda infantil coinciden: los ni\u00f1os merecen saber la verdad, pero de acuerdo con su edad y nivel de comprensi\u00f3n. El silencio o los rodeos pueden generar m\u00e1s ansiedad que la misma noticia.<\/p>\t\t\t\t\t\t\t\t<\/div>\n\t\t\t\t\t<\/div>\n\t\t\t\t<\/div>\n\t\t<div data-particle_enable=\"false\" data-particle-mobile-disabled=\"false\" class=\"elementor-element elementor-element-96e2988 e-flex e-con-boxed e-con e-parent\" data-id=\"96e2988\" data-element_type=\"container\" data-e-type=\"container\">\n\t\t\t\t\t<div class=\"e-con-inner\">\n\t\t\t\t<div class=\"elementor-element elementor-element-2395091 elementor-widget elementor-widget-image\" data-id=\"2395091\" data-element_type=\"widget\" data-e-type=\"widget\" data-widget_type=\"image.default\">\n\t\t\t\t\t\t\t\t\t\t\t\t<figure class=\"wp-caption\">\n\t\t\t\t\t\t\t\t\t\t<img fetchpriority=\"high\" decoding=\"async\" width=\"768\" height=\"512\" src=\"https:\/\/soymigrante.com\/revista\/wp-content\/uploads\/2025\/06\/Como-hablar-con-los-ninos-sobre-una-enfermedad-Consejos-para-padres3-1024x682.jpeg\" class=\"attachment-large size-large wp-image-35492\" alt=\"Controles sanitarios y atenci\u00f3n m\u00e9dica para ni\u00f1os con fiebre por enfermedades. Personal sanitario revisando a una ni\u00f1a en cama con medicaci\u00f3n en fondo cl\u00ednico.\" srcset=\"https:\/\/soymigrante.com\/revista\/wp-content\/uploads\/2025\/06\/Como-hablar-con-los-ninos-sobre-una-enfermedad-Consejos-para-padres3-1024x682.jpeg 1024w, https:\/\/soymigrante.com\/revista\/wp-content\/uploads\/2025\/06\/Como-hablar-con-los-ninos-sobre-una-enfermedad-Consejos-para-padres3-300x200.jpeg 300w, https:\/\/soymigrante.com\/revista\/wp-content\/uploads\/2025\/06\/Como-hablar-con-los-ninos-sobre-una-enfermedad-Consejos-para-padres3-768x512.jpeg 768w, https:\/\/soymigrante.com\/revista\/wp-content\/uploads\/2025\/06\/Como-hablar-con-los-ninos-sobre-una-enfermedad-Consejos-para-padres3-1536x1023.jpeg 1536w, https:\/\/soymigrante.com\/revista\/wp-content\/uploads\/2025\/06\/Como-hablar-con-los-ninos-sobre-una-enfermedad-Consejos-para-padres3-750x500.webp 750w, https:\/\/soymigrante.com\/revista\/wp-content\/uploads\/2025\/06\/Como-hablar-con-los-ninos-sobre-una-enfermedad-Consejos-para-padres3-1140x760.webp 1140w, https:\/\/soymigrante.com\/revista\/wp-content\/uploads\/2025\/06\/Como-hablar-con-los-ninos-sobre-una-enfermedad-Consejos-para-padres3.webp 1600w\" sizes=\"(max-width: 768px) 100vw, 768px\" title=\"Los ni\u00f1os pueden entender qu\u00e9 pasa, si se les explica correctamente. (Foto: ENVATO) \u2013 SoyMigrante.com REVISTA\" \/>\t\t\t\t\t\t\t\t\t\t\t<figcaption class=\"widget-image-caption wp-caption-text\">Ni\u00f1a enferma recibiendo atenci\u00f3n m\u00e9dica, control de fiebre y medicamentos en hospital o cl\u00ednica pedi\u00e1trica.<\/figcaption>\n\t\t\t\t\t\t\t\t\t\t<\/figure>\n\t\t\t\t\t\t\t\t\t<\/div>\n\t\t\t\t\t<\/div>\n\t\t\t\t<\/div>\n\t\t<div data-particle_enable=\"false\" data-particle-mobile-disabled=\"false\" class=\"elementor-element elementor-element-02df702 e-flex e-con-boxed e-con e-parent\" data-id=\"02df702\" data-element_type=\"container\" data-e-type=\"container\">\n\t\t\t\t\t<div class=\"e-con-inner\">\n\t\t\t\t<div class=\"elementor-element elementor-element-cf90a75 elementor-widget elementor-widget-heading\" data-id=\"cf90a75\" data-element_type=\"widget\" data-e-type=\"widget\" data-widget_type=\"heading.default\">\n\t\t\t\t\t<h3 class=\"elementor-heading-title elementor-size-default\">\u00bfPor qu\u00e9 hablar con los ni\u00f1os sobre la enfermedad?<\/h3>\t\t\t\t<\/div>\n\t\t\t\t\t<\/div>\n\t\t\t\t<\/div>\n\t\t<div data-particle_enable=\"false\" data-particle-mobile-disabled=\"false\" class=\"elementor-element elementor-element-178598f e-flex e-con-boxed e-con e-parent\" data-id=\"178598f\" data-element_type=\"container\" data-e-type=\"container\">\n\t\t\t\t\t<div class=\"e-con-inner\">\n\t\t\t\t<div class=\"elementor-element elementor-element-83b0430 elementor-widget elementor-widget-text-editor\" data-id=\"83b0430\" data-element_type=\"widget\" data-e-type=\"widget\" data-widget_type=\"text-editor.default\">\n\t\t\t\t\t\t\t\t\t<p><a href=\"https:\/\/soymigrante.com\/revista\/hablarles-a-los-hijos-con-la-verdad-siempre-sera-el-camino\/\" target=\"_blank\" rel=\"noopener\">Los ni\u00f1os tienen una sensibilidad especial para detectar cuando algo no anda bien.<\/a> Pueden notar cambios en el comportamiento de los adultos, en las rutinas o en el ambiente del hogar. \u201cNo contarles lo que ocurre no los protege, los deja solos con su imaginaci\u00f3n, y eso puede ser m\u00e1s angustiante\u201d, explica la psic\u00f3loga infantil Ana Mar\u00eda Herrera.<\/p><p>Hablar abiertamente, aunque con cuidado, permite que el ni\u00f1o sienta que forma parte del entorno familiar, que puede hacer preguntas y expresar emociones.<\/p>\t\t\t\t\t\t\t\t<\/div>\n\t\t\t\t\t<\/div>\n\t\t\t\t<\/div>\n\t\t<div data-particle_enable=\"false\" data-particle-mobile-disabled=\"false\" class=\"elementor-element elementor-element-675819d e-flex e-con-boxed e-con e-parent\" data-id=\"675819d\" data-element_type=\"container\" data-e-type=\"container\">\n\t\t\t\t\t<div class=\"e-con-inner\">\n\t\t\t\t<div class=\"elementor-element elementor-element-37a0ced elementor-grid-eael-col-1 elementor-grid-tablet-eael-col-2 elementor-grid-mobile-eael-col-1 elementor-widget elementor-widget-eael-post-grid\" data-id=\"37a0ced\" data-element_type=\"widget\" data-e-type=\"widget\" data-settings=\"{&quot;eael_post_grid_columns&quot;:&quot;eael-col-1&quot;,&quot;eael_post_grid_columns_tablet&quot;:&quot;eael-col-2&quot;,&quot;eael_post_grid_columns_mobile&quot;:&quot;eael-col-1&quot;}\" data-widget_type=\"eael-post-grid.default\">\n\t\t\t\t\t<div id=\"eael-post-grid-37a0ced\" class=\"eael-post-grid-container\">\n            <div class=\"eael-post-grid eael-post-appender eael-post-appender-37a0ced eael-post-grid-style-one\" data-layout-mode=\"masonry\"><article class=\"eael-grid-post  eael-post-grid-column eael-pg-post-8026 category-bienestar\" data-id=\"8026\">\n        <div class=\"eael-grid-post-holder\">\n            <div class=\"eael-grid-post-holder-inner\"><div class=\"eael-entry-media\"><div class=\"eael-entry-overlay fade-in\"><i class=\"far fa-hand-pointer\" aria-hidden=\"true\"><\/i><a href=\"https:\/\/soymigrante.com\/revista\/algunas-claves-sobre-el-cuidado-de-los-ninos-de-cero-a-5-anos\/\"><\/a><\/div><div class=\"eael-entry-thumbnail eael-image-ratio\">\n                <img decoding=\"async\" width=\"1024\" height=\"683\" src=\"https:\/\/soymigrante.com\/revista\/wp-content\/uploads\/2024\/08\/Desarrollo-infantil-envato-1024x683.webp\" class=\"attachment-large size-large wp-image-8041\" alt=\"Ni\u00f1a en parque infantil deslizando en tobog\u00e1n, juego para ni\u00f1os, diversi\u00f3n infantil, espacio de recreo y esparcimiento, infancia y juegos.\" \/>\n            <\/div>\n        <\/div><div class=\"eael-entry-wrapper\"><header class=\"eael-entry-header\"><h2 class=\"eael-entry-title\"><a class=\"eael-grid-post-link\" href=\"https:\/\/soymigrante.com\/revista\/algunas-claves-sobre-el-cuidado-de-los-ninos-de-cero-a-5-anos\/\" title=\"Algunas claves sobre el cuidado de los ni\u00f1os de cero a 5 a\u00f1os\">Algunas claves sobre el cuidado de los ni\u00f1os de cero a 5 a\u00f1os<\/a><\/h2><\/header><div class=\"eael-entry-content\">\n                        <div class=\"eael-grid-post-excerpt\"><a href=\"https:\/\/soymigrante.com\/revista\/algunas-claves-sobre-el-cuidado-de-los-ninos-de-cero-a-5-anos\/\" class=\"eael-post-elements-readmore-btn\">CONOCE SU HISTORIA <\/a><\/div>\n                    <\/div><\/div><\/div>\n        <\/div>\n    <\/article><\/div>\n            <div class=\"clearfix\"><\/div>\n        <\/div>\t\t\t\t<\/div>\n\t\t\t\t\t<\/div>\n\t\t\t\t<\/div>\n\t\t<div data-particle_enable=\"false\" data-particle-mobile-disabled=\"false\" class=\"elementor-element elementor-element-3ac6bb7 e-flex e-con-boxed e-con e-parent\" data-id=\"3ac6bb7\" data-element_type=\"container\" data-e-type=\"container\">\n\t\t\t\t\t<div class=\"e-con-inner\">\n\t\t\t\t<div class=\"elementor-element elementor-element-a6f058d elementor-widget elementor-widget-heading\" data-id=\"a6f058d\" data-element_type=\"widget\" data-e-type=\"widget\" data-widget_type=\"heading.default\">\n\t\t\t\t\t<h3 class=\"elementor-heading-title elementor-size-default\">Consejos para hablar con los ni\u00f1os sobre una enfermedad<\/h3>\t\t\t\t<\/div>\n\t\t\t\t\t<\/div>\n\t\t\t\t<\/div>\n\t\t<div data-particle_enable=\"false\" data-particle-mobile-disabled=\"false\" class=\"elementor-element elementor-element-5675dd5 e-flex e-con-boxed e-con e-parent\" data-id=\"5675dd5\" data-element_type=\"container\" data-e-type=\"container\">\n\t\t\t\t\t<div class=\"e-con-inner\">\n\t\t\t\t<div class=\"elementor-element elementor-element-8f0d474 elementor-widget elementor-widget-text-editor\" data-id=\"8f0d474\" data-element_type=\"widget\" data-e-type=\"widget\" data-widget_type=\"text-editor.default\">\n\t\t\t\t\t\t\t\t\t<div><strong>1. Usar un lenguaje claro y simple<\/strong><\/div><div>Evita t\u00e9rminos m\u00e9dicos complicados. Por ejemplo, en vez de \u201ctiene una patolog\u00eda oncol\u00f3gica\u201d, puedes decir: \u201cEst\u00e1 enfermo de algo que se llama c\u00e1ncer, y los doctores est\u00e1n haciendo todo lo posible para ayudarlo a mejorar\u201d.<\/div><div><strong>2.Adec\u00faa la informaci\u00f3n seg\u00fan la edad<\/strong><\/div><div><strong>\u2022Ni\u00f1os peque\u00f1os (3-6 a\u00f1os):<\/strong> Necesitan explicaciones breves y concretas.<a href=\"https:\/\/soymigrante.com\/revista\/hablarles-a-los-hijos-con-la-verdad-siempre-sera-el-camino\/\" target=\"_blank\" rel=\"noopener\"> Es importante que sepan si alguien estar\u00e1 ausente, si habr\u00e1 cambios en la rutina o si ver\u00e1n a su familiar diferente<\/a>.<\/div><div><strong>\u2022Ni\u00f1os de 7 a 12 a\u00f1os:<\/strong> Pueden entender explicaciones m\u00e1s detalladas. Quieren saber qu\u00e9 pasar\u00e1, cu\u00e1nto durar\u00e1 y si es algo grave.<\/div><div><strong>\u2022Adolescentes:<\/strong> Necesitan honestidad. Pueden hacer preguntas dif\u00edciles y es recomendable no ocultar informaci\u00f3n.<\/div><div><strong>3.Permitir que expresen sus emociones<\/strong><\/div><div>Los ni\u00f1os pueden llorar, enojarse o guardar silencio. Todas las reacciones son v\u00e1lidas. Hay que darles espacio para hablar y hacer preguntas.<\/div><div><strong>4.Tranquilizarlos<\/strong>, sin prometer lo que no se puede cumplir<\/div><div>Es mejor decir: \u201cLos doctores est\u00e1n haciendo todo lo posible para que se mejore\u201d que \u201cTodo va a estar bien\u201d, si no se tiene certeza.<\/div><div><strong>5.Mantener rutinas en lo posible<\/strong><\/div><div>Las rutinas dan seguridad. Aunque haya cambios, <a href=\"https:\/\/soymigrante.com\/revista\/hablarles-a-los-hijos-con-la-verdad-siempre-sera-el-camino\/\" target=\"_blank\" rel=\"noopener\">tratar de conservar h\u00e1bitos como los horarios de comida, estudio o juego es clave.<\/a><\/div><div><strong>6.Dar un rol positivo al ni\u00f1o<\/strong><\/div><div>Involucrarlo de manera sencilla puede ayudarlo a sentirse \u00fatil: hacer una tarjeta, grabar un mensaje de voz, o simplemente acompa\u00f1ar en una visita.<\/div><div><strong>7.Buscar apoyo profesional si es necesario<\/strong><\/div><div>Psic\u00f3logos o trabajadores sociales pueden ayudar a manejar mejor la situaci\u00f3n y a guiar a la familia en estos procesos.<\/div>\t\t\t\t\t\t\t\t<\/div>\n\t\t\t\t\t<\/div>\n\t\t\t\t<\/div>\n\t\t<div data-particle_enable=\"false\" data-particle-mobile-disabled=\"false\" class=\"elementor-element elementor-element-5be082d e-flex e-con-boxed e-con e-parent\" data-id=\"5be082d\" data-element_type=\"container\" data-e-type=\"container\">\n\t\t\t\t\t<div class=\"e-con-inner\">\n\t\t\t\t<div class=\"elementor-element elementor-element-8b94d7c elementor-widget elementor-widget-image\" data-id=\"8b94d7c\" data-element_type=\"widget\" data-e-type=\"widget\" data-widget_type=\"image.default\">\n\t\t\t\t\t\t\t\t\t\t\t\t<figure class=\"wp-caption\">\n\t\t\t\t\t\t\t\t\t\t<img decoding=\"async\" width=\"768\" height=\"512\" src=\"https:\/\/soymigrante.com\/revista\/wp-content\/uploads\/2025\/06\/Como-hablar-con-los-ninos-sobre-una-enfermedad-Consejos-para-padres1-1024x682.jpeg\" class=\"attachment-large size-large wp-image-35491\" alt=\"F\u00e1rmaco y medicamentos sobre la cama, con una ni\u00f1a enferma recostada en el fondo, representando temas de salud, medicina y bienestar en contexto de migrantes.\" srcset=\"https:\/\/soymigrante.com\/revista\/wp-content\/uploads\/2025\/06\/Como-hablar-con-los-ninos-sobre-una-enfermedad-Consejos-para-padres1-1024x682.jpeg 1024w, https:\/\/soymigrante.com\/revista\/wp-content\/uploads\/2025\/06\/Como-hablar-con-los-ninos-sobre-una-enfermedad-Consejos-para-padres1-300x200.jpeg 300w, https:\/\/soymigrante.com\/revista\/wp-content\/uploads\/2025\/06\/Como-hablar-con-los-ninos-sobre-una-enfermedad-Consejos-para-padres1-768x512.jpeg 768w, https:\/\/soymigrante.com\/revista\/wp-content\/uploads\/2025\/06\/Como-hablar-con-los-ninos-sobre-una-enfermedad-Consejos-para-padres1-1536x1023.jpeg 1536w, https:\/\/soymigrante.com\/revista\/wp-content\/uploads\/2025\/06\/Como-hablar-con-los-ninos-sobre-una-enfermedad-Consejos-para-padres1-750x500.webp 750w, https:\/\/soymigrante.com\/revista\/wp-content\/uploads\/2025\/06\/Como-hablar-con-los-ninos-sobre-una-enfermedad-Consejos-para-padres1-1140x760.webp 1140w, https:\/\/soymigrante.com\/revista\/wp-content\/uploads\/2025\/06\/Como-hablar-con-los-ninos-sobre-una-enfermedad-Consejos-para-padres1.webp 1600w\" sizes=\"(max-width: 768px) 100vw, 768px\" title=\"Los ni\u00f1os perciben si las cosas no est\u00e1n bien, por eso se les debe hablar con la verdad. (Foto: ENVATO) \u2013 SoyMigrante.com REVISTA\" \/>\t\t\t\t\t\t\t\t\t\t\t<figcaption class=\"widget-image-caption wp-caption-text\">En la imagen se observa un ni\u00f1o con fiebre o enfermedad en un entorno dom\u00e9stico, con medicamentos y art\u00edculos relacionados para su recuperaci\u00f3n, reflejando temas de salud y atenci\u00f3n m\u00e9dica en comunidades migrantes.<\/figcaption>\n\t\t\t\t\t\t\t\t\t\t<\/figure>\n\t\t\t\t\t\t\t\t\t<\/div>\n\t\t\t\t\t<\/div>\n\t\t\t\t<\/div>\n\t\t<div data-particle_enable=\"false\" data-particle-mobile-disabled=\"false\" class=\"elementor-element elementor-element-0cf7d1d e-flex e-con-boxed e-con e-parent\" data-id=\"0cf7d1d\" data-element_type=\"container\" data-e-type=\"container\">\n\t\t\t\t\t<div class=\"e-con-inner\">\n\t\t\t\t<div class=\"elementor-element elementor-element-5dcfd92 elementor-widget elementor-widget-heading\" data-id=\"5dcfd92\" data-element_type=\"widget\" data-e-type=\"widget\" data-widget_type=\"heading.default\">\n\t\t\t\t\t<h3 class=\"elementor-heading-title elementor-size-default\">Lo que nunca se debe hacer<\/h3>\t\t\t\t<\/div>\n\t\t\t\t\t<\/div>\n\t\t\t\t<\/div>\n\t\t<div data-particle_enable=\"false\" data-particle-mobile-disabled=\"false\" class=\"elementor-element elementor-element-1893a72 e-flex e-con-boxed e-con e-parent\" data-id=\"1893a72\" data-element_type=\"container\" data-e-type=\"container\">\n\t\t\t\t\t<div class=\"e-con-inner\">\n\t\t\t\t<div class=\"elementor-element elementor-element-cd93e25 elementor-widget elementor-widget-text-editor\" data-id=\"cd93e25\" data-element_type=\"widget\" data-e-type=\"widget\" data-widget_type=\"text-editor.default\">\n\t\t\t\t\t\t\t\t\t<div><strong>\u2022 Mentir o inventar historias irreales.<\/strong><\/div><div>\u2022Evadir todas las preguntas.<\/div><div>\u2022Hacer sentir al ni\u00f1o culpable.<\/div><div>\u2022Usar frases como \u201ctienes que ser fuerte\u201d si eso significa no mostrar emociones.<\/div>\t\t\t\t\t\t\t\t<\/div>\n\t\t\t\t\t<\/div>\n\t\t\t\t<\/div>\n\t\t<div data-particle_enable=\"false\" data-particle-mobile-disabled=\"false\" class=\"elementor-element elementor-element-946062f e-flex e-con-boxed e-con e-parent\" data-id=\"946062f\" data-element_type=\"container\" data-e-type=\"container\">\n\t\t\t\t\t<div class=\"e-con-inner\">\n\t\t\t\t<div class=\"elementor-element elementor-element-b4914d4 elementor-widget elementor-widget-heading\" data-id=\"b4914d4\" data-element_type=\"widget\" data-e-type=\"widget\" data-widget_type=\"heading.default\">\n\t\t\t\t\t<h3 class=\"elementor-heading-title elementor-size-default\">Una oportunidad para ense\u00f1ar empat\u00eda y resiliencia<\/h3>\t\t\t\t<\/div>\n\t\t\t\t\t<\/div>\n\t\t\t\t<\/div>\n\t\t<div data-particle_enable=\"false\" data-particle-mobile-disabled=\"false\" class=\"elementor-element elementor-element-0922b9f e-flex e-con-boxed e-con e-parent\" data-id=\"0922b9f\" data-element_type=\"container\" data-e-type=\"container\">\n\t\t\t\t\t<div class=\"e-con-inner\">\n\t\t\t\t<div class=\"elementor-element elementor-element-019b66b elementor-widget elementor-widget-text-editor\" data-id=\"019b66b\" data-element_type=\"widget\" data-e-type=\"widget\" data-widget_type=\"text-editor.default\">\n\t\t\t\t\t\t\t\t\t<p>Aunque hablar de una enfermedad puede ser doloroso, <a href=\"https:\/\/soymigrante.com\/revista\/hablarles-a-los-hijos-con-la-verdad-siempre-sera-el-camino\/\" target=\"_blank\" rel=\"noopener\">tambi\u00e9n es una oportunidad para ense\u00f1arle al ni\u00f1o valores como la solidaridad, el amor, la paciencia y la empat\u00eda.<\/a> \u201cNo se trata de cargarlo con el peso de una situaci\u00f3n dif\u00edcil, sino de ayudarlo a transitarla de la mano, con honestidad y contenci\u00f3n\u201d, concluye la terapeuta Herrera.<\/p>\t\t\t\t\t\t\t\t<\/div>\n\t\t\t\t\t<\/div>\n\t\t\t\t<\/div>\n\t\t<div data-particle_enable=\"false\" data-particle-mobile-disabled=\"false\" class=\"elementor-element elementor-element-ce4efc6 e-flex e-con-boxed e-con e-parent\" data-id=\"ce4efc6\" data-element_type=\"container\" data-e-type=\"container\">\n\t\t\t\t\t<div class=\"e-con-inner\">\n\t\t\t\t<div class=\"elementor-element elementor-element-62bc596 elementor-widget elementor-widget-heading\" data-id=\"62bc596\" data-element_type=\"widget\" data-e-type=\"widget\" data-widget_type=\"heading.default\">\n\t\t\t\t\t<h2 class=\"elementor-heading-title elementor-size-default\">Conoce otros temas que te pueden interesar...<\/h2>\t\t\t\t<\/div>\n\t\t\t\t\t<\/div>\n\t\t\t\t<\/div>\n\t\t<div data-particle_enable=\"false\" data-particle-mobile-disabled=\"false\" class=\"elementor-element elementor-element-ee9c790 e-flex e-con-boxed e-con e-parent\" data-id=\"ee9c790\" data-element_type=\"container\" data-e-type=\"container\">\n\t\t\t\t\t<div class=\"e-con-inner\">\n\t\t\t\t<div class=\"elementor-element elementor-element-9499f19 elementor-grid-eael-col-3 elementor-grid-tablet-eael-col-2 elementor-grid-mobile-eael-col-1 elementor-widget elementor-widget-eael-post-grid\" data-id=\"9499f19\" data-element_type=\"widget\" data-e-type=\"widget\" data-settings=\"{&quot;eael_post_grid_columns&quot;:&quot;eael-col-3&quot;,&quot;eael_post_grid_columns_tablet&quot;:&quot;eael-col-2&quot;,&quot;eael_post_grid_columns_mobile&quot;:&quot;eael-col-1&quot;}\" data-widget_type=\"eael-post-grid.default\">\n\t\t\t\t\t<div id=\"eael-post-grid-9499f19\" class=\"eael-post-grid-container\">\n            <div class=\"eael-post-grid eael-post-appender eael-post-appender-9499f19 eael-post-grid-style-one\" data-layout-mode=\"masonry\"><article class=\"eael-grid-post  eael-post-grid-column eael-pg-post-8905 category-bienestar\" data-id=\"8905\">\n        <div class=\"eael-grid-post-holder\">\n            <div class=\"eael-grid-post-holder-inner\"><div class=\"eael-entry-media\"><div class=\"eael-entry-overlay fade-in\"><i class=\"far fa-hand-pointer\" aria-hidden=\"true\"><\/i><a href=\"https:\/\/soymigrante.com\/revista\/como-lidiar-con-el-choque-cultural-en-ninos-y-jovenes-al-llegar-a-usa\/\"><\/a><\/div><div class=\"eael-entry-thumbnail \">\n                <img loading=\"lazy\" decoding=\"async\" width=\"891\" height=\"891\" src=\"https:\/\/soymigrante.com\/revista\/wp-content\/uploads\/2024\/09\/ninos-hispanos-migrantes.webp\" class=\"attachment-large size-large wp-image-8919\" alt=\"Estudiantes escolares en aula, leyendo y estudiando juntas en un ambiente educativo, promoviendo el aprendizaje y la inclusi\u00f3n en la comunidad escolar.\" srcset=\"https:\/\/soymigrante.com\/revista\/wp-content\/uploads\/2024\/09\/ninos-hispanos-migrantes.webp 891w, https:\/\/soymigrante.com\/revista\/wp-content\/uploads\/2024\/09\/ninos-hispanos-migrantes-300x300.webp 300w, https:\/\/soymigrante.com\/revista\/wp-content\/uploads\/2024\/09\/ninos-hispanos-migrantes-150x150.webp 150w, https:\/\/soymigrante.com\/revista\/wp-content\/uploads\/2024\/09\/ninos-hispanos-migrantes-768x768.webp 768w, https:\/\/soymigrante.com\/revista\/wp-content\/uploads\/2024\/09\/ninos-hispanos-migrantes-75x75.webp 75w, https:\/\/soymigrante.com\/revista\/wp-content\/uploads\/2024\/09\/ninos-hispanos-migrantes-750x750.webp 750w\" sizes=\"(max-width: 891px) 100vw, 891px\" \/>\n            <\/div>\n        <\/div><div class=\"eael-entry-wrapper\"><header class=\"eael-entry-header\"><h2 class=\"eael-entry-title\"><a class=\"eael-grid-post-link\" href=\"https:\/\/soymigrante.com\/revista\/como-lidiar-con-el-choque-cultural-en-ninos-y-jovenes-al-llegar-a-usa\/\" title=\"C\u00f3mo lidiar con el choque cultural en ni\u00f1os y j\u00f3venes al llegar a USA\">C\u00f3mo lidiar con el choque cultural en ni\u00f1os y j\u00f3venes al llegar a USA<\/a><\/h2><\/header><div class=\"eael-entry-content\">\n                        <div class=\"eael-grid-post-excerpt\"><a href=\"https:\/\/soymigrante.com\/revista\/como-lidiar-con-el-choque-cultural-en-ninos-y-jovenes-al-llegar-a-usa\/\" class=\"eael-post-elements-readmore-btn\">CONOCE SU HISTORIA <\/a><\/div>\n                    <\/div><\/div><\/div>\n        <\/div>\n    <\/article><article class=\"eael-grid-post  eael-post-grid-column eael-pg-post-8629 category-salud-emocional tags-salud-emocional\" data-id=\"8629\">\n        <div class=\"eael-grid-post-holder\">\n            <div class=\"eael-grid-post-holder-inner\"><div class=\"eael-entry-media\"><div class=\"eael-entry-overlay fade-in\"><i class=\"far fa-hand-pointer\" aria-hidden=\"true\"><\/i><a href=\"https:\/\/soymigrante.com\/revista\/consejos-para-ayudar-a-enfrentar-el-duelo-migratorio-en-ninos\/\"><\/a><\/div><div class=\"eael-entry-thumbnail \">\n                <img loading=\"lazy\" decoding=\"async\" width=\"1024\" height=\"1024\" src=\"https:\/\/soymigrante.com\/revista\/wp-content\/uploads\/2024\/08\/Consejos-para-ayudar-a-enfrentar-el-duelo-migratorio-en-ninos2-scaled-e1725058578930-1024x1024.webp\" class=\"attachment-large size-large wp-image-8630\" alt=\"Perro de raza Golden Retriever con ni\u00f1a peque\u00f1a caminando por sendero de tierra, imagen en blanco y negro, enfoque en amistad y compa\u00f1\u00eda entre ni\u00f1os y mascotas.\" srcset=\"https:\/\/soymigrante.com\/revista\/wp-content\/uploads\/2024\/08\/Consejos-para-ayudar-a-enfrentar-el-duelo-migratorio-en-ninos2-scaled-e1725058578930-1024x1024.webp 1024w, https:\/\/soymigrante.com\/revista\/wp-content\/uploads\/2024\/08\/Consejos-para-ayudar-a-enfrentar-el-duelo-migratorio-en-ninos2-scaled-e1725058578930-300x300.webp 300w, https:\/\/soymigrante.com\/revista\/wp-content\/uploads\/2024\/08\/Consejos-para-ayudar-a-enfrentar-el-duelo-migratorio-en-ninos2-scaled-e1725058578930-150x150.webp 150w, https:\/\/soymigrante.com\/revista\/wp-content\/uploads\/2024\/08\/Consejos-para-ayudar-a-enfrentar-el-duelo-migratorio-en-ninos2-scaled-e1725058578930-768x768.webp 768w, https:\/\/soymigrante.com\/revista\/wp-content\/uploads\/2024\/08\/Consejos-para-ayudar-a-enfrentar-el-duelo-migratorio-en-ninos2-scaled-e1725058578930-75x75.webp 75w, https:\/\/soymigrante.com\/revista\/wp-content\/uploads\/2024\/08\/Consejos-para-ayudar-a-enfrentar-el-duelo-migratorio-en-ninos2-scaled-e1725058578930-750x750.webp 750w, https:\/\/soymigrante.com\/revista\/wp-content\/uploads\/2024\/08\/Consejos-para-ayudar-a-enfrentar-el-duelo-migratorio-en-ninos2-scaled-e1725058578930-1140x1140.webp 1140w, https:\/\/soymigrante.com\/revista\/wp-content\/uploads\/2024\/08\/Consejos-para-ayudar-a-enfrentar-el-duelo-migratorio-en-ninos2-scaled-e1725058578930.webp 1200w\" sizes=\"(max-width: 1024px) 100vw, 1024px\" \/>\n            <\/div>\n        <\/div><div class=\"eael-entry-wrapper\"><header class=\"eael-entry-header\"><h2 class=\"eael-entry-title\"><a class=\"eael-grid-post-link\" href=\"https:\/\/soymigrante.com\/revista\/consejos-para-ayudar-a-enfrentar-el-duelo-migratorio-en-ninos\/\" title=\"Consejos para ayudar a enfrentar el duelo migratorio en ni\u00f1os\">Consejos para ayudar a enfrentar el duelo migratorio en ni\u00f1os<\/a><\/h2><\/header><div class=\"eael-entry-content\">\n                        <div class=\"eael-grid-post-excerpt\"><a href=\"https:\/\/soymigrante.com\/revista\/consejos-para-ayudar-a-enfrentar-el-duelo-migratorio-en-ninos\/\" class=\"eael-post-elements-readmore-btn\">CONOCE SU HISTORIA <\/a><\/div>\n                    <\/div><\/div><\/div>\n        <\/div>\n    <\/article><article class=\"eael-grid-post  eael-post-grid-column eael-pg-post-6871 category-bienestar\" data-id=\"6871\">\n        <div class=\"eael-grid-post-holder\">\n            <div class=\"eael-grid-post-holder-inner\"><div class=\"eael-entry-media\"><div class=\"eael-entry-overlay fade-in\"><i class=\"far fa-hand-pointer\" aria-hidden=\"true\"><\/i><a href=\"https:\/\/soymigrante.com\/revista\/como-ensenar-a-los-ninos-a-reconocer-y-vencer-la-frustracion\/\"><\/a><\/div><div class=\"eael-entry-thumbnail \">\n                <img loading=\"lazy\" decoding=\"async\" width=\"1024\" height=\"1024\" src=\"https:\/\/soymigrante.com\/revista\/wp-content\/uploads\/2024\/06\/footballer-5010770_1280-e1718137863274-1024x1024.webp\" class=\"attachment-large size-large wp-image-6877\" alt=\"Ni\u00f1o jugando al f\u00fatbol en un campo al aire libre durante un partido infantil de deporte.\" srcset=\"https:\/\/soymigrante.com\/revista\/wp-content\/uploads\/2024\/06\/footballer-5010770_1280-e1718137863274-1024x1024.webp 1024w, https:\/\/soymigrante.com\/revista\/wp-content\/uploads\/2024\/06\/footballer-5010770_1280-e1718137863274-300x300.webp 300w, https:\/\/soymigrante.com\/revista\/wp-content\/uploads\/2024\/06\/footballer-5010770_1280-e1718137863274-150x150.webp 150w, https:\/\/soymigrante.com\/revista\/wp-content\/uploads\/2024\/06\/footballer-5010770_1280-e1718137863274-768x768.webp 768w, https:\/\/soymigrante.com\/revista\/wp-content\/uploads\/2024\/06\/footballer-5010770_1280-e1718137863274-75x75.webp 75w, https:\/\/soymigrante.com\/revista\/wp-content\/uploads\/2024\/06\/footballer-5010770_1280-e1718137863274-750x750.webp 750w, https:\/\/soymigrante.com\/revista\/wp-content\/uploads\/2024\/06\/footballer-5010770_1280-e1718137863274.webp 1124w\" sizes=\"(max-width: 1024px) 100vw, 1024px\" \/>\n            <\/div>\n        <\/div><div class=\"eael-entry-wrapper\"><header class=\"eael-entry-header\"><h2 class=\"eael-entry-title\"><a class=\"eael-grid-post-link\" href=\"https:\/\/soymigrante.com\/revista\/como-ensenar-a-los-ninos-a-reconocer-y-vencer-la-frustracion\/\" title=\"Como ense\u00f1ar a los ni\u00f1os a reconocer y vencer la frustraci\u00f3n\">Como ense\u00f1ar a los ni\u00f1os a reconocer y vencer la frustraci\u00f3n<\/a><\/h2><\/header><div class=\"eael-entry-content\">\n                        <div class=\"eael-grid-post-excerpt\"><a href=\"https:\/\/soymigrante.com\/revista\/como-ensenar-a-los-ninos-a-reconocer-y-vencer-la-frustracion\/\" class=\"eael-post-elements-readmore-btn\">CONOCE SU HISTORIA <\/a><\/div>\n                    <\/div><\/div><\/div>\n        <\/div>\n    <\/article><\/div>\n            <div class=\"clearfix\"><\/div>\n        <\/div>\t\t\t\t<\/div>\n\t\t\t\t\t<\/div>\n\t\t\t\t<\/div>\n\t\t\t\t<\/div>\n\t\t","protected":false},"excerpt":{"rendered":"<p>En momentos dif\u00edciles a los padres les cuesta hablar de una enfermedad con los ni\u00f1os, pero estas recomendaciones te pueden ayudar. Hablar con un ni\u00f1o sobre una enfermedad \u2014ya sea propia, de un familiar cercano o incluso del mismo menor\u2014 puede ser uno de los momentos m\u00e1s dif\u00edciles para cualquier madre, padre o cuidador. \u00bfC\u00f3mo [&hellip;]<\/p>\n","protected":false},"author":19,"featured_media":35485,"comment_status":"open","ping_status":"open","sticky":false,"template":"","format":"standard","meta":{"_acf_changed":false,"_eb_attr":"","footnotes":""},"categories":[259],"tags":[260],"class_list":["post-35484","post","type-post","status-publish","format-standard","has-post-thumbnail","hentry","category-salud-emocional","tag-salud-emocional"],"acf":[],"aioseo_notices":[],"aioseo_head":"\n\t\t<!-- All in One SEO Pro 4.9.6.2 - aioseo.com -->\n\t<meta name=\"description\" content=\"Si a los adultos les cuesta a veces reconocer y afrontar la frustraci\u00f3n, imag\u00ednese a los ni\u00f1os. Psic\u00f3loga guatemalteca brinda clavespara ayudar a los peques\" \/>\n\t<meta name=\"robots\" content=\"max-snippet:-1, max-image-preview:large, max-video-preview:-1\" \/>\n\t<meta name=\"author\" content=\"Marysabel Aldana\"\/>\n\t<link rel=\"canonical\" href=\"https:\/\/soymigrante.com\/revista\/como-ensenar-a-los-ninos-a-reconocer-y-vencer-la-frustracion\/\" \/>\n\t<meta name=\"generator\" content=\"All in One SEO Pro (AIOSEO) 4.9.6.2\" \/>\n\n\t\t<link rel=\"preconnect\" href=\"https:\/\/fonts.googleapis.com\" crossorigin>\n<link rel=\"preconnect\" href=\"https:\/\/fonts.gstatic.com\" crossorigin>\n\t\t<meta property=\"og:locale\" content=\"es_ES\" \/>\n\t\t<meta property=\"og:site_name\" content=\"SoyMigrante.com REVISTA \u2013 Nuestra misi\u00f3n es reconocer y dignificar al migrante.\" \/>\n\t\t<meta property=\"og:type\" content=\"article\" \/>\n\t\t<meta property=\"og:title\" content=\"Como ense\u00f1ar a los ni\u00f1os a reconocer y vencer la frustraci\u00f3n\" \/>\n\t\t<meta property=\"og:description\" content=\"Si a los adultos les cuesta a veces reconocer y afrontar la frustraci\u00f3n, imag\u00ednese a los ni\u00f1os. Psic\u00f3loga guatemalteca brinda clavespara ayudar a los peques\" \/>\n\t\t<meta property=\"og:url\" content=\"https:\/\/soymigrante.com\/revista\/como-ensenar-a-los-ninos-a-reconocer-y-vencer-la-frustracion\/\" \/>\n\t\t<meta property=\"og:image\" content=\"https:\/\/soymigrante.com\/revista\/wp-content\/uploads\/2024\/06\/footballer-5010770_1280-e1718137863274.webp\" \/>\n\t\t<meta property=\"og:image:secure_url\" content=\"https:\/\/soymigrante.com\/revista\/wp-content\/uploads\/2024\/06\/footballer-5010770_1280-e1718137863274.webp\" \/>\n\t\t<meta property=\"og:image:width\" content=\"1124\" \/>\n\t\t<meta property=\"og:image:height\" content=\"1124\" \/>\n\t\t<meta property=\"article:published_time\" content=\"2024-06-07T23:14:43+00:00\" \/>\n\t\t<meta property=\"article:modified_time\" content=\"2024-07-27T08:38:52+00:00\" \/>\n\t\t<meta property=\"article:publisher\" content=\"https:\/\/www.facebook.com\/soymigrantecom\" \/>\n\t\t<meta name=\"twitter:card\" content=\"summary_large_image\" \/>\n\t\t<meta name=\"twitter:site\" content=\"@SoyMigrante_com\" \/>\n\t\t<meta name=\"twitter:title\" content=\"Como ense\u00f1ar a los ni\u00f1os a reconocer y vencer la frustraci\u00f3n\" \/>\n\t\t<meta name=\"twitter:description\" content=\"Si a los adultos les cuesta a veces reconocer y afrontar la frustraci\u00f3n, imag\u00ednese a los ni\u00f1os. Psic\u00f3loga guatemalteca brinda clavespara ayudar a los peques\" \/>\n\t\t<meta name=\"twitter:creator\" content=\"@SoyMigrante_com\" \/>\n\t\t<meta name=\"twitter:image\" content=\"https:\/\/soymigrante.com\/revista\/wp-content\/uploads\/2024\/06\/footballer-5010770_1280-e1718137863274.webp\" \/>\n\t\t<!-- All in One SEO Pro -->\r\n\t\t<title>Como ense\u00f1ar a los ni\u00f1os a reconocer y vencer la frustraci\u00f3n<\/title>\n\n","aioseo_head_json":{"title":"Como ense\u00f1ar a los ni\u00f1os a reconocer y vencer la frustraci\u00f3n","description":"Si a los adultos les cuesta a veces reconocer y afrontar la frustraci\u00f3n, imag\u00ednese a los ni\u00f1os. Psic\u00f3loga guatemalteca brinda clavespara ayudar a los peques","canonical_url":"https:\/\/soymigrante.com\/revista\/como-ensenar-a-los-ninos-a-reconocer-y-vencer-la-frustracion\/","robots":"max-snippet:-1, max-image-preview:large, max-video-preview:-1","keywords":"","webmasterTools":{"miscellaneous":"&lt;link rel=\"preconnect\" href=\"https:\/\/fonts.googleapis.com\" crossorigin&gt;\n&lt;link rel=\"preconnect\" href=\"https:\/\/fonts.gstatic.com\" crossorigin&gt;"},"schema":null,"og:locale":"es_ES","og:site_name":"SoyMigrante.com REVISTA \u2013 Nuestra misi\u00f3n es reconocer y dignificar al migrante.","og:type":"article","og:title":"Como ense\u00f1ar a los ni\u00f1os a reconocer y vencer la frustraci\u00f3n","og:description":"Si a los adultos les cuesta a veces reconocer y afrontar la frustraci\u00f3n, imag\u00ednese a los ni\u00f1os. Psic\u00f3loga guatemalteca brinda clavespara ayudar a los peques","og:url":"https:\/\/soymigrante.com\/revista\/como-ensenar-a-los-ninos-a-reconocer-y-vencer-la-frustracion\/","og:image":"https:\/\/soymigrante.com\/revista\/wp-content\/uploads\/2024\/06\/footballer-5010770_1280-e1718137863274.webp","og:image:secure_url":"https:\/\/soymigrante.com\/revista\/wp-content\/uploads\/2024\/06\/footballer-5010770_1280-e1718137863274.webp","og:image:width":1124,"og:image:height":1124,"article:published_time":"2024-06-07T23:14:43+00:00","article:modified_time":"2024-07-27T08:38:52+00:00","article:publisher":"https:\/\/www.facebook.com\/soymigrantecom","twitter:card":"summary_large_image","twitter:site":"@SoyMigrante_com","twitter:title":"Como ense\u00f1ar a los ni\u00f1os a reconocer y vencer la frustraci\u00f3n","twitter:description":"Si a los adultos les cuesta a veces reconocer y afrontar la frustraci\u00f3n, imag\u00ednese a los ni\u00f1os. Psic\u00f3loga guatemalteca brinda clavespara ayudar a los peques","twitter:creator":"@SoyMigrante_com","twitter:image":"https:\/\/soymigrante.com\/revista\/wp-content\/uploads\/2024\/06\/footballer-5010770_1280-e1718137863274.webp"},"aioseo_meta_data":{"post_id":"35484","title":null,"description":"En momentos dif\u00edciles a los padres les cuesta hablar de una enfermedad con los ni\u00f1os, pero estas recomendaciones te pueden ayudar.","keywords":null,"keyphrases":{"focus":{"keyphrase":"enfermedad","score":82,"analysis":{"keyphraseInTitle":{"score":9,"maxScore":9,"error":0},"keyphraseInDescription":{"score":9,"maxScore":9,"error":0},"keyphraseLength":{"score":9,"maxScore":9,"error":0,"length":1},"keyphraseInURL":{"score":5,"maxScore":5,"error":0},"keyphraseInIntroduction":{"score":9,"maxScore":9,"error":0},"keyphraseInSubHeadings":{"score":3,"maxScore":9,"error":1},"keyphraseInImageAlt":{"score":3,"maxScore":9,"error":1},"keywordDensity":{"type":"best","score":9,"maxScore":9,"error":0}}},"additional":[{"keyphrase":"enfermedad","score":87,"analysis":{"keyphraseInDescription":{"score":9,"maxScore":9,"error":0},"keyphraseLength":{"score":9,"maxScore":9,"error":0,"length":1},"keyphraseInIntroduction":{"score":9,"maxScore":9,"error":0},"keyphraseInImageAlt":{"score":3,"maxScore":9,"error":1},"keywordDensity":{"type":"best","score":9,"maxScore":9,"error":0}}},{"keyphrase":"padres","score":53,"analysis":{"keyphraseInDescription":{"score":9,"maxScore":9,"error":0},"keyphraseLength":{"score":9,"maxScore":9,"error":0,"length":1},"keyphraseInIntroduction":{"score":3,"maxScore":9,"error":1},"keyphraseInImageAlt":{"score":3,"maxScore":9,"error":1},"keywordDensity":{"score":0,"type":"low","maxScore":9,"error":1}}},{"keyphrase":"hablar","score":100,"analysis":{"keyphraseInDescription":{"score":9,"maxScore":9,"error":0},"keyphraseLength":{"score":9,"maxScore":9,"error":0,"length":1},"keyphraseInIntroduction":{"score":9,"maxScore":9,"error":0},"keyphraseInImageAlt":{"score":9,"maxScore":9,"error":0},"keywordDensity":{"type":"best","score":9,"maxScore":9,"error":0}}}]},"primary_term":null,"canonical_url":null,"og_title":null,"og_description":null,"og_object_type":"default","og_image_type":"default","og_image_url":null,"og_image_width":null,"og_image_height":null,"og_image_custom_url":null,"og_image_custom_fields":null,"og_video":"","og_custom_url":null,"og_article_section":null,"og_article_tags":null,"twitter_use_og":false,"twitter_card":"default","twitter_image_type":"default","twitter_image_url":null,"twitter_image_custom_url":null,"twitter_image_custom_fields":null,"twitter_title":null,"twitter_description":null,"schema":{"blockGraphs":[],"customGraphs":[],"default":{"data":{"Article":[],"Course":[],"Dataset":[],"FAQPage":[],"Movie":[],"Person":[],"Product":[],"ProductReview":[],"Car":[],"Recipe":[],"Service":[],"SoftwareApplication":[],"WebPage":[]},"graphName":"none","isEnabled":true},"graphs":[]},"schema_type":"default","schema_type_options":null,"pillar_content":false,"robots_default":true,"robots_noindex":false,"robots_noarchive":false,"robots_nosnippet":false,"robots_nofollow":false,"robots_noimageindex":false,"robots_noodp":false,"robots_notranslate":false,"robots_max_snippet":"-1","robots_max_videopreview":"-1","robots_max_imagepreview":"large","priority":null,"frequency":"default","local_seo":null,"seo_analyzer_scan_date":"2025-10-09 05:47:52","breadcrumb_settings":null,"limit_modified_date":false,"reviewed_by":"0","open_ai":"{\"title\":{\"suggestions\":[],\"usage\":0},\"description\":{\"suggestions\":[],\"usage\":0}}","ai":{"faqs":[],"keyPoints":[],"titles":[],"descriptions":[],"socialPosts":{"email":[],"linkedin":[],"twitter":[],"facebook":[],"instagram":[]}},"created":"2025-06-04 20:46:19","updated":"2026-02-05 00:51:32"},"aioseo_breadcrumb":"<div class=\"aioseo-breadcrumbs\"><span class=\"aioseo-breadcrumb\">\n\t<a href=\"https:\/\/soymigrante.com\/revista\" title=\"Home\">Home<\/a>\n<\/span><span class=\"aioseo-breadcrumb-separator\">\u00bb<\/span><span class=\"aioseo-breadcrumb\">\n\t<a href=\"https:\/\/soymigrante.com\/revista\/category\/bienestar\/\" title=\"Bienestar\">Bienestar<\/a>\n<\/span><span class=\"aioseo-breadcrumb-separator\">\u00bb<\/span><span class=\"aioseo-breadcrumb\">\n\t<a href=\"https:\/\/soymigrante.com\/revista\/category\/bienestar\/salud-emocional\/\" title=\"Salud Emocional\">Salud Emocional<\/a>\n<\/span><span class=\"aioseo-breadcrumb-separator\">\u00bb<\/span><span class=\"aioseo-breadcrumb\">\n\t\u00bfC\u00f3mo hablar con los ni\u00f1os sobre una enfermedad? Consejos para padres\n<\/span><\/div>","aioseo_breadcrumb_json":[{"label":"Home","link":"https:\/\/soymigrante.com\/revista"},{"label":"Bienestar","link":"https:\/\/soymigrante.com\/revista\/category\/bienestar\/"},{"label":"Salud Emocional","link":"https:\/\/soymigrante.com\/revista\/category\/bienestar\/salud-emocional\/"},{"label":"\u00bfC\u00f3mo hablar con los ni\u00f1os sobre una enfermedad? Consejos para padres","link":"https:\/\/soymigrante.com\/revista\/como-hablar-con-los-ninos-sobre-una-enfermedad-consejos-para-padres\/"}],"_links":{"self":[{"href":"https:\/\/soymigrante.com\/revista\/wp-json\/wp\/v2\/posts\/35484","targetHints":{"allow":["GET"]}}],"collection":[{"href":"https:\/\/soymigrante.com\/revista\/wp-json\/wp\/v2\/posts"}],"about":[{"href":"https:\/\/soymigrante.com\/revista\/wp-json\/wp\/v2\/types\/post"}],"author":[{"embeddable":true,"href":"https:\/\/soymigrante.com\/revista\/wp-json\/wp\/v2\/users\/19"}],"replies":[{"embeddable":true,"href":"https:\/\/soymigrante.com\/revista\/wp-json\/wp\/v2\/comments?post=35484"}],"version-history":[{"count":14,"href":"https:\/\/soymigrante.com\/revista\/wp-json\/wp\/v2\/posts\/35484\/revisions"}],"predecessor-version":[{"id":42831,"href":"https:\/\/soymigrante.com\/revista\/wp-json\/wp\/v2\/posts\/35484\/revisions\/42831"}],"wp:featuredmedia":[{"embeddable":true,"href":"https:\/\/soymigrante.com\/revista\/wp-json\/wp\/v2\/media\/35485"}],"wp:attachment":[{"href":"https:\/\/soymigrante.com\/revista\/wp-json\/wp\/v2\/media?parent=35484"}],"wp:term":[{"taxonomy":"category","embeddable":true,"href":"https:\/\/soymigrante.com\/revista\/wp-json\/wp\/v2\/categories?post=35484"},{"taxonomy":"post_tag","embeddable":true,"href":"https:\/\/soymigrante.com\/revista\/wp-json\/wp\/v2\/tags?post=35484"}],"curies":[{"name":"wp","href":"https:\/\/api.w.org\/{rel}","templated":true}]}}