{"id":35442,"date":"2025-06-18T08:26:34","date_gmt":"2025-06-18T14:26:34","guid":{"rendered":"https:\/\/soymigrante.com\/revista\/?p=35442"},"modified":"2025-06-18T08:26:37","modified_gmt":"2025-06-18T14:26:37","slug":"la-rosa-de-jamaica-tradicion-sabor-y-salud-en-un-refresco-muy-guatemalteco","status":"publish","type":"post","link":"https:\/\/soymigrante.com\/revista\/la-rosa-de-jamaica-tradicion-sabor-y-salud-en-un-refresco-muy-guatemalteco\/","title":{"rendered":"La rosa de Jamaica: tradici\u00f3n, sabor y salud en un refresco muy guatemalteco"},"content":{"rendered":"\t\t<div data-elementor-type=\"wp-post\" data-elementor-id=\"35442\" class=\"elementor elementor-35442\" data-elementor-post-type=\"post\">\n\t\t\t\t<div data-particle_enable=\"false\" data-particle-mobile-disabled=\"false\" class=\"elementor-element elementor-element-a5fba9b e-flex e-con-boxed e-con e-parent\" data-id=\"a5fba9b\" data-element_type=\"container\" data-e-type=\"container\">\n\t\t\t\t\t<div class=\"e-con-inner\">\n\t\t\t\t<div class=\"elementor-element elementor-element-54b951f elementor-widget elementor-widget-heading\" data-id=\"54b951f\" data-element_type=\"widget\" data-e-type=\"widget\" data-widget_type=\"heading.default\">\n\t\t\t\t\t<h3 class=\"elementor-heading-title elementor-size-default\">La rosa de Jamaica es una flor que da una bebida muy refrescante y conocida en Guatemala. <\/h3>\t\t\t\t<\/div>\n\t\t\t\t\t<\/div>\n\t\t\t\t<\/div>\n\t\t<div data-particle_enable=\"false\" data-particle-mobile-disabled=\"false\" class=\"elementor-element elementor-element-c33137c e-flex e-con-boxed e-con e-parent\" data-id=\"c33137c\" data-element_type=\"container\" data-e-type=\"container\">\n\t\t\t\t\t<div class=\"e-con-inner\">\n\t\t\t\t<div class=\"elementor-element elementor-element-d4c975e elementor-widget elementor-widget-text-editor\" data-id=\"d4c975e\" data-element_type=\"widget\" data-e-type=\"widget\" data-widget_type=\"text-editor.default\">\n\t\t\t\t\t\t\t\t\t<p>En muchos hogares guatemaltecos, especialmente en \u00e9poca de calor, no puede faltar un vaso fr\u00edo de<a href=\"https:\/\/soymigrante.com\/revista\/bebidas-refrescantes-para-el-verano-opciones-sin-alcohol\/\" target=\"_blank\" rel=\"noopener\"> rosa de Jamaica.<\/a><\/p><p>Esta flor, m\u00e1s all\u00e1 de ser refrescante y de color vibrante, tiene una historia, un valor econ\u00f3mico y propiedades que la convierten en una de las bebidas naturales m\u00e1s apreciadas del pa\u00eds.<\/p>\t\t\t\t\t\t\t\t<\/div>\n\t\t\t\t\t<\/div>\n\t\t\t\t<\/div>\n\t\t<div data-particle_enable=\"false\" data-particle-mobile-disabled=\"false\" class=\"elementor-element elementor-element-f6e34e0 e-flex e-con-boxed e-con e-parent\" data-id=\"f6e34e0\" data-element_type=\"container\" data-e-type=\"container\">\n\t\t\t\t\t<div class=\"e-con-inner\">\n\t\t\t\t<div class=\"elementor-element elementor-element-2655ccf elementor-widget elementor-widget-heading\" data-id=\"2655ccf\" data-element_type=\"widget\" data-e-type=\"widget\" data-widget_type=\"heading.default\">\n\t\t\t\t\t<h3 class=\"elementor-heading-title elementor-size-default\">\u00bfQu\u00e9 es la rosa de Jamaica?<\/h3>\t\t\t\t<\/div>\n\t\t\t\t\t<\/div>\n\t\t\t\t<\/div>\n\t\t<div data-particle_enable=\"false\" data-particle-mobile-disabled=\"false\" class=\"elementor-element elementor-element-a26b166 e-flex e-con-boxed e-con e-parent\" data-id=\"a26b166\" data-element_type=\"container\" data-e-type=\"container\">\n\t\t\t\t\t<div class=\"e-con-inner\">\n\t\t\t\t<div class=\"elementor-element elementor-element-eb4b1fe elementor-widget elementor-widget-text-editor\" data-id=\"eb4b1fe\" data-element_type=\"widget\" data-e-type=\"widget\" data-widget_type=\"text-editor.default\">\n\t\t\t\t\t\t\t\t\t<p>La rosa de Jamaica, conocida cient\u00edficamente como Hibiscus sabdariffa,<a href=\"https:\/\/soymigrante.com\/revista\/bebidas-refrescantes-para-el-verano-opciones-sin-alcohol\/\" target=\"_blank\" rel=\"noopener\"> es una planta de origen africano que ha echado ra\u00edces en Latinoam\u00e9rica, especialmente en M\u00e9xico, El Salvador y Guatemala.<\/a> En el pa\u00eds, se cultiva principalmente en regiones c\u00e1lidas como Suchitep\u00e9quez, Jutiapa, Jalapa, Chiquimula y parte de Alta Verapaz, donde el clima favorece su crecimiento.<\/p><p>La parte que se utiliza para preparar bebidas es el c\u00e1liz seco de la flor, de un tono rojo intenso, que se recolecta y se seca al sol.<\/p>\t\t\t\t\t\t\t\t<\/div>\n\t\t\t\t\t<\/div>\n\t\t\t\t<\/div>\n\t\t<div data-particle_enable=\"false\" data-particle-mobile-disabled=\"false\" class=\"elementor-element elementor-element-0893277 e-flex e-con-boxed e-con e-parent\" data-id=\"0893277\" data-element_type=\"container\" data-e-type=\"container\">\n\t\t\t\t\t<div class=\"e-con-inner\">\n\t\t\t\t<div class=\"elementor-element elementor-element-0f48633 elementor-widget elementor-widget-image\" data-id=\"0f48633\" data-element_type=\"widget\" data-e-type=\"widget\" data-widget_type=\"image.default\">\n\t\t\t\t\t\t\t\t\t\t\t\t<figure class=\"wp-caption\">\n\t\t\t\t\t\t\t\t\t\t<img fetchpriority=\"high\" decoding=\"async\" width=\"679\" height=\"1024\" src=\"https:\/\/soymigrante.com\/revista\/wp-content\/uploads\/2025\/06\/ROSA-DE-JAMAICA-4-679x1024.jpg\" class=\"attachment-large size-large wp-image-35452\" alt=\"Seco de flor de jamaica en un taz\u00f3n de madera sobre una tabla, ingredientes tradicionales y naturales.\" srcset=\"https:\/\/soymigrante.com\/revista\/wp-content\/uploads\/2025\/06\/ROSA-DE-JAMAICA-4-679x1024.jpg 679w, https:\/\/soymigrante.com\/revista\/wp-content\/uploads\/2025\/06\/ROSA-DE-JAMAICA-4-199x300.jpg 199w, https:\/\/soymigrante.com\/revista\/wp-content\/uploads\/2025\/06\/ROSA-DE-JAMAICA-4-768x1159.jpg 768w, https:\/\/soymigrante.com\/revista\/wp-content\/uploads\/2025\/06\/ROSA-DE-JAMAICA-4-1018x1536.jpg 1018w, https:\/\/soymigrante.com\/revista\/wp-content\/uploads\/2025\/06\/ROSA-DE-JAMAICA-4-750x1132.webp 750w, https:\/\/soymigrante.com\/revista\/wp-content\/uploads\/2025\/06\/ROSA-DE-JAMAICA-4-1140x1721.webp 1140w, https:\/\/soymigrante.com\/revista\/wp-content\/uploads\/2025\/06\/ROSA-DE-JAMAICA-4.webp 1272w\" sizes=\"(max-width: 679px) 100vw, 679px\" title=\"La rosa de Jamaica es conocida por su frescura y sabor. (Foto: INGUAT) \u2013 SoyMigrante.com REVISTA\" \/>\t\t\t\t\t\t\t\t\t\t\t<figcaption class=\"widget-image-caption wp-caption-text\">Flor de jamaica seca en taz\u00f3n de madera, producto natural para preparar infusiones y recetas mexicanas.<\/figcaption>\n\t\t\t\t\t\t\t\t\t\t<\/figure>\n\t\t\t\t\t\t\t\t\t<\/div>\n\t\t\t\t\t<\/div>\n\t\t\t\t<\/div>\n\t\t<div data-particle_enable=\"false\" data-particle-mobile-disabled=\"false\" class=\"elementor-element elementor-element-e2e031c e-flex e-con-boxed e-con e-parent\" data-id=\"e2e031c\" data-element_type=\"container\" data-e-type=\"container\">\n\t\t\t\t\t<div class=\"e-con-inner\">\n\t\t\t\t<div class=\"elementor-element elementor-element-00ebcd1 elementor-widget elementor-widget-heading\" data-id=\"00ebcd1\" data-element_type=\"widget\" data-e-type=\"widget\" data-widget_type=\"heading.default\">\n\t\t\t\t\t<h3 class=\"elementor-heading-title elementor-size-default\">\u00bfC\u00f3mo se prepara?<\/h3>\t\t\t\t<\/div>\n\t\t\t\t\t<\/div>\n\t\t\t\t<\/div>\n\t\t<div data-particle_enable=\"false\" data-particle-mobile-disabled=\"false\" class=\"elementor-element elementor-element-732555b e-flex e-con-boxed e-con e-parent\" data-id=\"732555b\" data-element_type=\"container\" data-e-type=\"container\">\n\t\t\t\t\t<div class=\"e-con-inner\">\n\t\t\t\t<div class=\"elementor-element elementor-element-03c36b0 elementor-widget elementor-widget-text-editor\" data-id=\"03c36b0\" data-element_type=\"widget\" data-e-type=\"widget\" data-widget_type=\"text-editor.default\">\n\t\t\t\t\t\t\t\t\t<div>Su preparaci\u00f3n es sencilla y tradicional. <a href=\"https:\/\/soymigrante.com\/revista\/bebidas-refrescantes-para-el-verano-opciones-sin-alcohol\/\" target=\"_blank\" rel=\"noopener\">En muchas casas guatemaltecas, la receta pasa de generaci\u00f3n en generaci\u00f3n.<\/a> Consiste en hervir los c\u00e1lices secos en agua, dejar reposar, colar y endulzar al gusto. Algunas personas agregan clavos de olor o canela para intensificar el sabor. Tambi\u00e9n se puede servir caliente, aunque lo m\u00e1s com\u00fan es tomarla bien fr\u00eda.<\/div><div>\u00a0<\/div><div><strong>Una versi\u00f3n b\u00e1sica ser\u00eda:<\/strong><\/div><div>\u20221 taza de flor de Jamaica seca<\/div><div>\u20222 litros de agua<\/div><div>\u2022Az\u00facar al gusto<\/div><div>\u00a0<\/div><div>Se hierve la flor en el agua durante 10-15 minutos, se deja enfriar, se cuela y se endulza.<\/div>\t\t\t\t\t\t\t\t<\/div>\n\t\t\t\t\t<\/div>\n\t\t\t\t<\/div>\n\t\t<div data-particle_enable=\"false\" data-particle-mobile-disabled=\"false\" class=\"elementor-element elementor-element-1d10e3d e-flex e-con-boxed e-con e-parent\" data-id=\"1d10e3d\" data-element_type=\"container\" data-e-type=\"container\">\n\t\t\t\t\t<div class=\"e-con-inner\">\n\t\t\t\t<div class=\"elementor-element elementor-element-6f39bbd elementor-widget elementor-widget-heading\" data-id=\"6f39bbd\" data-element_type=\"widget\" data-e-type=\"widget\" data-widget_type=\"heading.default\">\n\t\t\t\t\t<h3 class=\"elementor-heading-title elementor-size-default\">\u00bfCu\u00e1nto cuesta?<\/h3>\t\t\t\t<\/div>\n\t\t\t\t\t<\/div>\n\t\t\t\t<\/div>\n\t\t<div data-particle_enable=\"false\" data-particle-mobile-disabled=\"false\" class=\"elementor-element elementor-element-8a96f71 e-flex e-con-boxed e-con e-parent\" data-id=\"8a96f71\" data-element_type=\"container\" data-e-type=\"container\">\n\t\t\t\t\t<div class=\"e-con-inner\">\n\t\t\t\t<div class=\"elementor-element elementor-element-c1cfc8b elementor-widget elementor-widget-text-editor\" data-id=\"c1cfc8b\" data-element_type=\"widget\" data-e-type=\"widget\" data-widget_type=\"text-editor.default\">\n\t\t\t\t\t\t\t\t\t<p><a href=\"https:\/\/soymigrante.com\/revista\/bebidas-refrescantes-para-el-verano-opciones-sin-alcohol\/\" target=\"_blank\" rel=\"noopener\">El precio de la rosa de Jamaica var\u00eda seg\u00fan la temporada y el lugar<\/a>. En mercados municipales como el de La Terminal en Ciudad de Guatemala o en mercados cantonales del oriente del pa\u00eds, puede costar entre Q15 y Q25 por libra, dependiendo de si es de producci\u00f3n local o importada. Algunas tiendas de productos naturales la venden empacada en bolsas peque\u00f1as, especialmente en zonas urbanas, a un precio m\u00e1s elevado.<\/p><p>En temporada alta (diciembre y Semana Santa), su demanda sube, ya que es muy utilizada para acompa\u00f1ar comidas t\u00edpicas y como bebida alternativa a los refrescos industriales.<\/p>\t\t\t\t\t\t\t\t<\/div>\n\t\t\t\t\t<\/div>\n\t\t\t\t<\/div>\n\t\t<div data-particle_enable=\"false\" data-particle-mobile-disabled=\"false\" class=\"elementor-element elementor-element-635dd07 e-flex e-con-boxed e-con e-parent\" data-id=\"635dd07\" data-element_type=\"container\" data-e-type=\"container\">\n\t\t\t\t\t<div class=\"e-con-inner\">\n\t\t\t\t<div class=\"elementor-element elementor-element-9ed8bd3 elementor-grid-eael-col-1 elementor-grid-tablet-eael-col-2 elementor-grid-mobile-eael-col-1 elementor-widget elementor-widget-eael-post-grid\" data-id=\"9ed8bd3\" data-element_type=\"widget\" data-e-type=\"widget\" data-settings=\"{&quot;eael_post_grid_columns&quot;:&quot;eael-col-1&quot;,&quot;eael_post_grid_columns_tablet&quot;:&quot;eael-col-2&quot;,&quot;eael_post_grid_columns_mobile&quot;:&quot;eael-col-1&quot;}\" data-widget_type=\"eael-post-grid.default\">\n\t\t\t\t\t<div id=\"eael-post-grid-9ed8bd3\" class=\"eael-post-grid-container\">\n            <div class=\"eael-post-grid eael-post-appender eael-post-appender-9ed8bd3 eael-post-grid-style-one\" data-layout-mode=\"masonry\"><article class=\"eael-grid-post  eael-post-grid-column eael-pg-post-7643 category-guate-nuestra\" data-id=\"7643\">\n        <div class=\"eael-grid-post-holder\">\n            <div class=\"eael-grid-post-holder-inner\"><div class=\"eael-entry-media\"><div class=\"eael-entry-overlay fade-in\"><i class=\"far fa-hand-pointer\" aria-hidden=\"true\"><\/i><a href=\"https:\/\/soymigrante.com\/revista\/refrescantemente-chapinas-bebidas-tipicas-guatemaltecas\/\"><\/a><\/div><div class=\"eael-entry-thumbnail eael-image-ratio\">\n                <img decoding=\"async\" width=\"680\" height=\"482\" src=\"https:\/\/soymigrante.com\/revista\/wp-content\/uploads\/2024\/07\/atol-de-elote-foto.webp\" class=\"attachment-large size-large wp-image-7644\" alt=\"Crema de ma\u00edz en taza blanca con acompa\u00f1amiento de ma\u00edz en un bol peque\u00f1o, servido en mesa de madera, ideal para recetas tradicionales y cultura hispana.\" srcset=\"https:\/\/soymigrante.com\/revista\/wp-content\/uploads\/2024\/07\/atol-de-elote-foto.webp 680w, https:\/\/soymigrante.com\/revista\/wp-content\/uploads\/2024\/07\/atol-de-elote-foto-300x213.webp 300w, https:\/\/soymigrante.com\/revista\/wp-content\/uploads\/2024\/07\/atol-de-elote-foto-120x86.webp 120w\" sizes=\"(max-width: 680px) 100vw, 680px\" \/>\n            <\/div>\n        <\/div><div class=\"eael-entry-wrapper\"><header class=\"eael-entry-header\"><h2 class=\"eael-entry-title\"><a class=\"eael-grid-post-link\" href=\"https:\/\/soymigrante.com\/revista\/refrescantemente-chapinas-bebidas-tipicas-guatemaltecas\/\" title=\"\u00bfFr\u00edas o calientes? Una galer\u00eda de bebidas t\u00edpicas guatemaltecas para todos los gustos\">\u00bfFr\u00edas o calientes? Una galer\u00eda de bebidas t\u00edpicas guatemaltecas para todos los gustos<\/a><\/h2><\/header><div class=\"eael-entry-content\">\n                        <div class=\"eael-grid-post-excerpt\"><a href=\"https:\/\/soymigrante.com\/revista\/refrescantemente-chapinas-bebidas-tipicas-guatemaltecas\/\" class=\"eael-post-elements-readmore-btn\">CONOCE SU HISTORIA <\/a><\/div>\n                    <\/div><\/div><\/div>\n        <\/div>\n    <\/article><\/div>\n            <div class=\"clearfix\"><\/div>\n        <\/div>\t\t\t\t<\/div>\n\t\t\t\t\t<\/div>\n\t\t\t\t<\/div>\n\t\t<div data-particle_enable=\"false\" data-particle-mobile-disabled=\"false\" class=\"elementor-element elementor-element-508848f e-flex e-con-boxed e-con e-parent\" data-id=\"508848f\" data-element_type=\"container\" data-e-type=\"container\">\n\t\t\t\t\t<div class=\"e-con-inner\">\n\t\t\t\t<div class=\"elementor-element elementor-element-309295f elementor-widget elementor-widget-heading\" data-id=\"309295f\" data-element_type=\"widget\" data-e-type=\"widget\" data-widget_type=\"heading.default\">\n\t\t\t\t\t<h3 class=\"elementor-heading-title elementor-size-default\">Un cultivo con potencial econ\u00f3mico<\/h3>\t\t\t\t<\/div>\n\t\t\t\t\t<\/div>\n\t\t\t\t<\/div>\n\t\t<div data-particle_enable=\"false\" data-particle-mobile-disabled=\"false\" class=\"elementor-element elementor-element-7b29c6a e-flex e-con-boxed e-con e-parent\" data-id=\"7b29c6a\" data-element_type=\"container\" data-e-type=\"container\">\n\t\t\t\t\t<div class=\"e-con-inner\">\n\t\t\t\t<div class=\"elementor-element elementor-element-79b3ff2 elementor-widget elementor-widget-text-editor\" data-id=\"79b3ff2\" data-element_type=\"widget\" data-e-type=\"widget\" data-widget_type=\"text-editor.default\">\n\t\t\t\t\t\t\t\t\t<p>Aunque la rosa de Jamaica no es un cultivo masivo en Guatemala,<a href=\"https:\/\/soymigrante.com\/revista\/bebidas-refrescantes-para-el-verano-opciones-sin-alcohol\/\" target=\"_blank\" rel=\"noopener\"> tiene potencial. Seg\u00fan algunos agricultores del oriente del pa\u00eds,<\/a> la planta es resistente, no requiere demasiada agua y puede cosecharse varias veces al a\u00f1o. Adem\u00e1s, el inter\u00e9s por bebidas naturales y saludables est\u00e1 creciendo, lo que abre oportunidades para peque\u00f1os productores y cooperativas.<\/p>\t\t\t\t\t\t\t\t<\/div>\n\t\t\t\t\t<\/div>\n\t\t\t\t<\/div>\n\t\t<div data-particle_enable=\"false\" data-particle-mobile-disabled=\"false\" class=\"elementor-element elementor-element-4e5ba27 e-flex e-con-boxed e-con e-parent\" data-id=\"4e5ba27\" data-element_type=\"container\" data-e-type=\"container\">\n\t\t\t\t\t<div class=\"e-con-inner\">\n\t\t\t\t<div class=\"elementor-element elementor-element-51dcda0 elementor-widget elementor-widget-image\" data-id=\"51dcda0\" data-element_type=\"widget\" data-e-type=\"widget\" data-widget_type=\"image.default\">\n\t\t\t\t\t\t\t\t\t\t\t\t<figure class=\"wp-caption\">\n\t\t\t\t\t\t\t\t\t\t<img decoding=\"async\" width=\"683\" height=\"1024\" src=\"https:\/\/soymigrante.com\/revista\/wp-content\/uploads\/2025\/06\/ROSA-DE-JAMAICA-3-683x1024.jpg\" class=\"attachment-large size-large wp-image-35453\" alt=\"Refresco de jamaica en tarro de vidrio con rodaja de lima, rodeado de flores secas de jamaica, con telar tradicional mexicano de fondo, resaltando cultura y gastronom\u00eda mexicana.\" srcset=\"https:\/\/soymigrante.com\/revista\/wp-content\/uploads\/2025\/06\/ROSA-DE-JAMAICA-3-683x1024.jpg 683w, https:\/\/soymigrante.com\/revista\/wp-content\/uploads\/2025\/06\/ROSA-DE-JAMAICA-3-200x300.jpg 200w, https:\/\/soymigrante.com\/revista\/wp-content\/uploads\/2025\/06\/ROSA-DE-JAMAICA-3-768x1152.jpg 768w, https:\/\/soymigrante.com\/revista\/wp-content\/uploads\/2025\/06\/ROSA-DE-JAMAICA-3-1024x1536.jpg 1024w, https:\/\/soymigrante.com\/revista\/wp-content\/uploads\/2025\/06\/ROSA-DE-JAMAICA-3-1366x2048.jpg 1366w, https:\/\/soymigrante.com\/revista\/wp-content\/uploads\/2025\/06\/ROSA-DE-JAMAICA-3-750x1125.webp 750w, https:\/\/soymigrante.com\/revista\/wp-content\/uploads\/2025\/06\/ROSA-DE-JAMAICA-3-1140x1710.webp 1140w, https:\/\/soymigrante.com\/revista\/wp-content\/uploads\/2025\/06\/ROSA-DE-JAMAICA-3.webp 1280w\" sizes=\"(max-width: 683px) 100vw, 683px\" title=\"La rosa de Jamaica es f\u00e1cil encontrarla en supermercados y mercados. (Foto: INGUAT) \u2013 SoyMigrante.com REVISTA\" \/>\t\t\t\t\t\t\t\t\t\t\t<figcaption class=\"widget-image-caption wp-caption-text\">Disfruta de un refresco de jamaica, una bebida tradicional mexicana con sabor \u00fanico, perfecta para revitalizarse y celebrar la cultura local.<\/figcaption>\n\t\t\t\t\t\t\t\t\t\t<\/figure>\n\t\t\t\t\t\t\t\t\t<\/div>\n\t\t\t\t\t<\/div>\n\t\t\t\t<\/div>\n\t\t<div data-particle_enable=\"false\" data-particle-mobile-disabled=\"false\" class=\"elementor-element elementor-element-beb69e8 e-flex e-con-boxed e-con e-parent\" data-id=\"beb69e8\" data-element_type=\"container\" data-e-type=\"container\">\n\t\t\t\t\t<div class=\"e-con-inner\">\n\t\t\t\t<div class=\"elementor-element elementor-element-21711d6 elementor-widget elementor-widget-heading\" data-id=\"21711d6\" data-element_type=\"widget\" data-e-type=\"widget\" data-widget_type=\"heading.default\">\n\t\t\t\t\t<h3 class=\"elementor-heading-title elementor-size-default\">Propiedades y beneficios para la salud<\/h3>\t\t\t\t<\/div>\n\t\t\t\t\t<\/div>\n\t\t\t\t<\/div>\n\t\t<div data-particle_enable=\"false\" data-particle-mobile-disabled=\"false\" class=\"elementor-element elementor-element-f0efd28 e-flex e-con-boxed e-con e-parent\" data-id=\"f0efd28\" data-element_type=\"container\" data-e-type=\"container\">\n\t\t\t\t\t<div class=\"e-con-inner\">\n\t\t\t\t<div class=\"elementor-element elementor-element-d51cadc elementor-widget elementor-widget-text-editor\" data-id=\"d51cadc\" data-element_type=\"widget\" data-e-type=\"widget\" data-widget_type=\"text-editor.default\">\n\t\t\t\t\t\t\t\t\t<div>Adem\u00e1s de su sabor refrescante, la rosa de Jamaica tiene propiedades reconocidas por la medicina natural. Estudios han demostrado que puede ayudar a:<\/div><div><strong>\u2022Reducir la presi\u00f3n arterial<\/strong><\/div><div><strong>\u2022Disminuir el colesterol<\/strong><\/div><div><strong>\u2022Mejorar la digesti\u00f3n<\/strong><\/div><div><strong>\u2022Aportar antioxidantes<\/strong><\/div><div>\u00a0<\/div><div>Eso s\u00ed, su consumo debe ser moderado y no sustituye tratamientos m\u00e9dicos.<\/div>\t\t\t\t\t\t\t\t<\/div>\n\t\t\t\t\t<\/div>\n\t\t\t\t<\/div>\n\t\t<div data-particle_enable=\"false\" data-particle-mobile-disabled=\"false\" class=\"elementor-element elementor-element-4d3633a e-flex e-con-boxed e-con e-parent\" data-id=\"4d3633a\" data-element_type=\"container\" data-e-type=\"container\">\n\t\t\t\t\t<div class=\"e-con-inner\">\n\t\t\t\t<div class=\"elementor-element elementor-element-17330a6 elementor-widget elementor-widget-heading\" data-id=\"17330a6\" data-element_type=\"widget\" data-e-type=\"widget\" data-widget_type=\"heading.default\">\n\t\t\t\t\t<h3 class=\"elementor-heading-title elementor-size-default\">Una tradici\u00f3n que florece<\/h3>\t\t\t\t<\/div>\n\t\t\t\t\t<\/div>\n\t\t\t\t<\/div>\n\t\t<div data-particle_enable=\"false\" data-particle-mobile-disabled=\"false\" class=\"elementor-element elementor-element-8ec9865 e-flex e-con-boxed e-con e-parent\" data-id=\"8ec9865\" data-element_type=\"container\" data-e-type=\"container\">\n\t\t\t\t\t<div class=\"e-con-inner\">\n\t\t\t\t<div class=\"elementor-element elementor-element-dd11986 elementor-widget elementor-widget-text-editor\" data-id=\"dd11986\" data-element_type=\"widget\" data-e-type=\"widget\" data-widget_type=\"text-editor.default\">\n\t\t\t\t\t\t\t\t\t<p><a href=\"https:\/\/soymigrante.com\/revista\/bebidas-refrescantes-para-el-verano-opciones-sin-alcohol\/\" target=\"_blank\" rel=\"noopener\">La rosa de Jamaica es m\u00e1s que una planta: es un s\u00edmbolo de la cocina casera guatemalteca,<\/a> una alternativa saludable frente a los refrescos artificiales y una oportunidad para peque\u00f1os agricultores.<\/p><p>En cada vaso de esta bebida hay una historia: de mujeres que la preparan con cari\u00f1o, de mercados llenos de color, y de tierras guatemaltecas que siguen floreciendo.<\/p>\t\t\t\t\t\t\t\t<\/div>\n\t\t\t\t\t<\/div>\n\t\t\t\t<\/div>\n\t\t<div data-particle_enable=\"false\" data-particle-mobile-disabled=\"false\" class=\"elementor-element elementor-element-56ba72d e-flex e-con-boxed e-con e-parent\" data-id=\"56ba72d\" data-element_type=\"container\" data-e-type=\"container\">\n\t\t\t\t\t<div class=\"e-con-inner\">\n\t\t\t\t<div class=\"elementor-element elementor-element-7ed36dc elementor-widget elementor-widget-heading\" data-id=\"7ed36dc\" data-element_type=\"widget\" data-e-type=\"widget\" data-widget_type=\"heading.default\">\n\t\t\t\t\t<h2 class=\"elementor-heading-title elementor-size-default\">Conoce m\u00e1s de otras bebidas guatemaltecas, ac\u00e1...<\/h2>\t\t\t\t<\/div>\n\t\t\t\t\t<\/div>\n\t\t\t\t<\/div>\n\t\t<div data-particle_enable=\"false\" data-particle-mobile-disabled=\"false\" class=\"elementor-element elementor-element-97a1585 e-flex e-con-boxed e-con e-parent\" data-id=\"97a1585\" data-element_type=\"container\" data-e-type=\"container\">\n\t\t\t\t\t<div class=\"e-con-inner\">\n\t\t\t\t<div class=\"elementor-element elementor-element-464bcbf elementor-grid-eael-col-3 elementor-grid-tablet-eael-col-2 elementor-grid-mobile-eael-col-1 elementor-widget elementor-widget-eael-post-grid\" data-id=\"464bcbf\" data-element_type=\"widget\" data-e-type=\"widget\" data-settings=\"{&quot;eael_post_grid_columns&quot;:&quot;eael-col-3&quot;,&quot;eael_post_grid_columns_tablet&quot;:&quot;eael-col-2&quot;,&quot;eael_post_grid_columns_mobile&quot;:&quot;eael-col-1&quot;}\" data-widget_type=\"eael-post-grid.default\">\n\t\t\t\t\t<div id=\"eael-post-grid-464bcbf\" class=\"eael-post-grid-container\">\n            <div class=\"eael-post-grid eael-post-appender eael-post-appender-464bcbf eael-post-grid-style-one\" data-layout-mode=\"masonry\"><article class=\"eael-grid-post  eael-post-grid-column eael-pg-post-20294 category-guate-nuestra\" data-id=\"20294\">\n        <div class=\"eael-grid-post-holder\">\n            <div class=\"eael-grid-post-holder-inner\"><div class=\"eael-entry-media\"><div class=\"eael-entry-overlay fade-in\"><i class=\"far fa-hand-pointer\" aria-hidden=\"true\"><\/i><a href=\"https:\/\/soymigrante.com\/revista\/atol-de-haba-es-una-bebida-tradicional-que-reconforta-el-alma-chapina\/\"><\/a><\/div><div class=\"eael-entry-thumbnail \">\n                <img loading=\"lazy\" decoding=\"async\" width=\"431\" height=\"404\" src=\"https:\/\/soymigrante.com\/revista\/wp-content\/uploads\/2025\/01\/atol-de-haba-2.webp\" class=\"attachment-large size-large wp-image-20333\" alt=\"Aceite de oliva virgen extra siendo elaborado en un molino tradicional artesanal; proceso de extracci\u00f3n natural y tradicional, resaltando la importancia de la agricultura y la gastronom\u00eda en la cultura mediterr\u00e1nea.\" srcset=\"https:\/\/soymigrante.com\/revista\/wp-content\/uploads\/2025\/01\/atol-de-haba-2.webp 431w, https:\/\/soymigrante.com\/revista\/wp-content\/uploads\/2025\/01\/atol-de-haba-2-300x281.jpg 300w\" sizes=\"(max-width: 431px) 100vw, 431px\" \/>\n            <\/div>\n        <\/div><div class=\"eael-entry-wrapper\"><header class=\"eael-entry-header\"><h2 class=\"eael-entry-title\"><a class=\"eael-grid-post-link\" href=\"https:\/\/soymigrante.com\/revista\/atol-de-haba-es-una-bebida-tradicional-que-reconforta-el-alma-chapina\/\" title=\"Atol de Haba es una bebida tradicional que reconforta el alma chapina\">Atol de Haba es una bebida tradicional que reconforta el alma chapina<\/a><\/h2><\/header><div class=\"eael-entry-content\">\n                        <div class=\"eael-grid-post-excerpt\"><a href=\"https:\/\/soymigrante.com\/revista\/atol-de-haba-es-una-bebida-tradicional-que-reconforta-el-alma-chapina\/\" class=\"eael-post-elements-readmore-btn\">CONOCE SU HISTORIA <\/a><\/div>\n                    <\/div><\/div><\/div>\n        <\/div>\n    <\/article><article class=\"eael-grid-post  eael-post-grid-column eael-pg-post-19403 category-guate-nuestra\" data-id=\"19403\">\n        <div class=\"eael-grid-post-holder\">\n            <div class=\"eael-grid-post-holder-inner\"><div class=\"eael-entry-media\"><div class=\"eael-entry-overlay fade-in\"><i class=\"far fa-hand-pointer\" aria-hidden=\"true\"><\/i><a href=\"https:\/\/soymigrante.com\/revista\/atoles-guatemaltecos-arroz-con-leche-postre-tradicional-sigue-endulzando-generaciones\/\"><\/a><\/div><div class=\"eael-entry-thumbnail \">\n                <img loading=\"lazy\" decoding=\"async\" width=\"1024\" height=\"1024\" src=\"https:\/\/soymigrante.com\/revista\/wp-content\/uploads\/2025\/01\/arroz-con-leche-1-1024x1024.jpg\" class=\"attachment-large size-large wp-image-19487\" alt=\"Suave image de un delicioso arroz con leche en un bol negro, espolvoreado con canela y acompa\u00f1ado de canelas en rama, representando la cultura gastron\u00f3mica latinoamericana y la tradici\u00f3n culinaria.\" srcset=\"https:\/\/soymigrante.com\/revista\/wp-content\/uploads\/2025\/01\/arroz-con-leche-1-1024x1024.jpg 1024w, https:\/\/soymigrante.com\/revista\/wp-content\/uploads\/2025\/01\/arroz-con-leche-1-300x300.jpg 300w, https:\/\/soymigrante.com\/revista\/wp-content\/uploads\/2025\/01\/arroz-con-leche-1-150x150.jpg 150w, https:\/\/soymigrante.com\/revista\/wp-content\/uploads\/2025\/01\/arroz-con-leche-1-768x768.jpg 768w, https:\/\/soymigrante.com\/revista\/wp-content\/uploads\/2025\/01\/arroz-con-leche-1-1536x1536.jpg 1536w, https:\/\/soymigrante.com\/revista\/wp-content\/uploads\/2025\/01\/arroz-con-leche-1-2048x2048.jpg 2048w, https:\/\/soymigrante.com\/revista\/wp-content\/uploads\/2025\/01\/arroz-con-leche-1-75x75.webp 75w, https:\/\/soymigrante.com\/revista\/wp-content\/uploads\/2025\/01\/arroz-con-leche-1-750x750.webp 750w, https:\/\/soymigrante.com\/revista\/wp-content\/uploads\/2025\/01\/arroz-con-leche-1-1140x1140.webp 1140w, https:\/\/soymigrante.com\/revista\/wp-content\/uploads\/2025\/01\/arroz-con-leche-1-scaled.webp 1920w\" sizes=\"(max-width: 1024px) 100vw, 1024px\" \/>\n            <\/div>\n        <\/div><div class=\"eael-entry-wrapper\"><header class=\"eael-entry-header\"><h2 class=\"eael-entry-title\"><a class=\"eael-grid-post-link\" href=\"https:\/\/soymigrante.com\/revista\/atoles-guatemaltecos-arroz-con-leche-postre-tradicional-sigue-endulzando-generaciones\/\" title=\"Atoles guatemaltecos: Arroz con leche, postre tradicional sigue endulzando generaciones\">Atoles guatemaltecos: Arroz con leche, postre tradicional sigue endulzando generaciones<\/a><\/h2><\/header><div class=\"eael-entry-content\">\n                        <div class=\"eael-grid-post-excerpt\"><a href=\"https:\/\/soymigrante.com\/revista\/atoles-guatemaltecos-arroz-con-leche-postre-tradicional-sigue-endulzando-generaciones\/\" class=\"eael-post-elements-readmore-btn\">CONOCE SU HISTORIA <\/a><\/div>\n                    <\/div><\/div><\/div>\n        <\/div>\n    <\/article><article class=\"eael-grid-post  eael-post-grid-column eael-pg-post-19457 category-guate-nuestra\" data-id=\"19457\">\n        <div class=\"eael-grid-post-holder\">\n            <div class=\"eael-grid-post-holder-inner\"><div class=\"eael-entry-media\"><div class=\"eael-entry-overlay fade-in\"><i class=\"far fa-hand-pointer\" aria-hidden=\"true\"><\/i><a href=\"https:\/\/soymigrante.com\/revista\/atol-blanco-es-sabor-ancestral-que-nutre-se-disfruta-y-conecta-comunidades\/\"><\/a><\/div><div class=\"eael-entry-thumbnail \">\n                <img loading=\"lazy\" decoding=\"async\" width=\"510\" height=\"385\" src=\"https:\/\/soymigrante.com\/revista\/wp-content\/uploads\/2025\/01\/atol-blanco-1.webp\" class=\"attachment-large size-large wp-image-19482\" alt=\"Sabores tradicionales mexicanos en platos con salsas y bebidas t\u00edpicas, ideales para eventos culturales y culinarios.\" srcset=\"https:\/\/soymigrante.com\/revista\/wp-content\/uploads\/2025\/01\/atol-blanco-1.webp 510w, https:\/\/soymigrante.com\/revista\/wp-content\/uploads\/2025\/01\/atol-blanco-1-300x226.jpg 300w\" sizes=\"(max-width: 510px) 100vw, 510px\" \/>\n            <\/div>\n        <\/div><div class=\"eael-entry-wrapper\"><header class=\"eael-entry-header\"><h2 class=\"eael-entry-title\"><a class=\"eael-grid-post-link\" href=\"https:\/\/soymigrante.com\/revista\/atol-blanco-es-sabor-ancestral-que-nutre-se-disfruta-y-conecta-comunidades\/\" title=\"Atol Blanco es sabor ancestral que nutre, se disfruta y conecta  comunidades\">Atol Blanco es sabor ancestral que nutre, se disfruta y conecta  comunidades<\/a><\/h2><\/header><div class=\"eael-entry-content\">\n                        <div class=\"eael-grid-post-excerpt\"><a href=\"https:\/\/soymigrante.com\/revista\/atol-blanco-es-sabor-ancestral-que-nutre-se-disfruta-y-conecta-comunidades\/\" class=\"eael-post-elements-readmore-btn\">CONOCE SU HISTORIA <\/a><\/div>\n                    <\/div><\/div><\/div>\n        <\/div>\n    <\/article><\/div>\n            <div class=\"clearfix\"><\/div>\n        <\/div>\t\t\t\t<\/div>\n\t\t\t\t\t<\/div>\n\t\t\t\t<\/div>\n\t\t\t\t<\/div>\n\t\t","protected":false},"excerpt":{"rendered":"<p>La rosa de Jamaica es una flor que da una bebida muy refrescante y conocida en Guatemala. En muchos hogares guatemaltecos, especialmente en \u00e9poca de calor, no puede faltar un vaso fr\u00edo de rosa de Jamaica. Esta flor, m\u00e1s all\u00e1 de ser refrescante y de color vibrante, tiene una historia, un valor econ\u00f3mico y propiedades [&hellip;]<\/p>\n","protected":false},"author":19,"featured_media":35443,"comment_status":"open","ping_status":"open","sticky":false,"template":"","format":"standard","meta":{"_acf_changed":false,"_eb_attr":"","footnotes":""},"categories":[58],"tags":[],"class_list":["post-35442","post","type-post","status-publish","format-standard","has-post-thumbnail","hentry","category-guate-nuestra"],"acf":[],"aioseo_notices":[],"aioseo_head":"\n\t\t<!-- All in One SEO Pro 4.9.6.2 - aioseo.com -->\n\t<meta name=\"description\" content=\"Es exquisito y tradicional el Atol blanco, ya sea preparado en casa, en el mercado municipal o en alguna venta de barrio. Tambi\u00e9n de ofrecemos la receta aqu\u00ed.\" \/>\n\t<meta name=\"robots\" content=\"max-snippet:-1, max-image-preview:large, max-video-preview:-1\" \/>\n\t<meta name=\"author\" content=\"Beatriz Tercero\"\/>\n\t<link rel=\"canonical\" href=\"https:\/\/soymigrante.com\/revista\/atol-blanco-es-sabor-ancestral-que-nutre-se-disfruta-y-conecta-comunidades\/\" \/>\n\t<meta name=\"generator\" content=\"All in One SEO Pro (AIOSEO) 4.9.6.2\" \/>\n\n\t\t<link rel=\"preconnect\" href=\"https:\/\/fonts.googleapis.com\" crossorigin>\n<link rel=\"preconnect\" href=\"https:\/\/fonts.gstatic.com\" crossorigin>\n\t\t<meta property=\"og:locale\" content=\"es_ES\" \/>\n\t\t<meta property=\"og:site_name\" content=\"SoyMigrante.com REVISTA \u2013 Nuestra misi\u00f3n es reconocer y dignificar al migrante.\" \/>\n\t\t<meta property=\"og:type\" content=\"article\" \/>\n\t\t<meta property=\"og:title\" content=\"Atol blanco: sabor ancestral que conecta comunidades\" \/>\n\t\t<meta property=\"og:description\" content=\"Es exquisito y tradicional el Atol blanco, ya sea preparado en casa, en el mercado municipal o en alguna venta de barrio. Tambi\u00e9n de ofrecemos la receta aqu\u00ed.\" \/>\n\t\t<meta property=\"og:url\" content=\"https:\/\/soymigrante.com\/revista\/atol-blanco-es-sabor-ancestral-que-nutre-se-disfruta-y-conecta-comunidades\/\" \/>\n\t\t<meta property=\"og:image\" content=\"https:\/\/soymigrante.com\/revista\/wp-content\/uploads\/2025\/01\/atol-blanco-1.webp\" \/>\n\t\t<meta property=\"og:image:secure_url\" content=\"https:\/\/soymigrante.com\/revista\/wp-content\/uploads\/2025\/01\/atol-blanco-1.webp\" \/>\n\t\t<meta property=\"og:image:width\" content=\"510\" \/>\n\t\t<meta property=\"og:image:height\" content=\"385\" \/>\n\t\t<meta property=\"article:published_time\" content=\"2025-01-08T01:45:21+00:00\" \/>\n\t\t<meta property=\"article:modified_time\" content=\"2025-01-20T18:06:15+00:00\" \/>\n\t\t<meta property=\"article:publisher\" content=\"https:\/\/www.facebook.com\/soymigrantecom\" \/>\n\t\t<meta name=\"twitter:card\" content=\"summary_large_image\" \/>\n\t\t<meta name=\"twitter:site\" content=\"@SoyMigrante_com\" \/>\n\t\t<meta name=\"twitter:title\" content=\"Atol blanco: sabor ancestral que conecta comunidades\" \/>\n\t\t<meta name=\"twitter:description\" content=\"Es exquisito y tradicional el Atol blanco, ya sea preparado en casa, en el mercado municipal o en alguna venta de barrio. Tambi\u00e9n de ofrecemos la receta aqu\u00ed.\" \/>\n\t\t<meta name=\"twitter:creator\" content=\"@SoyMigrante_com\" \/>\n\t\t<meta name=\"twitter:image\" content=\"https:\/\/soymigrante.com\/revista\/wp-content\/uploads\/2025\/01\/atol-blanco-1.webp\" \/>\n\t\t<!-- All in One SEO Pro -->\r\n\t\t<title>Atol blanco: sabor ancestral que conecta comunidades<\/title>\n\n","aioseo_head_json":{"title":"Atol blanco: sabor ancestral que conecta comunidades","description":"Es exquisito y tradicional el Atol blanco, ya sea preparado en casa, en el mercado municipal o en alguna venta de barrio. Tambi\u00e9n de ofrecemos la receta aqu\u00ed.","canonical_url":"https:\/\/soymigrante.com\/revista\/atol-blanco-es-sabor-ancestral-que-nutre-se-disfruta-y-conecta-comunidades\/","robots":"max-snippet:-1, max-image-preview:large, max-video-preview:-1","keywords":"","webmasterTools":{"miscellaneous":"&lt;link rel=\"preconnect\" href=\"https:\/\/fonts.googleapis.com\" crossorigin&gt;\n&lt;link rel=\"preconnect\" href=\"https:\/\/fonts.gstatic.com\" crossorigin&gt;"},"schema":null,"og:locale":"es_ES","og:site_name":"SoyMigrante.com REVISTA \u2013 Nuestra misi\u00f3n es reconocer y dignificar al migrante.","og:type":"article","og:title":"Atol blanco: sabor ancestral que conecta comunidades","og:description":"Es exquisito y tradicional el Atol blanco, ya sea preparado en casa, en el mercado municipal o en alguna venta de barrio. Tambi\u00e9n de ofrecemos la receta aqu\u00ed.","og:url":"https:\/\/soymigrante.com\/revista\/atol-blanco-es-sabor-ancestral-que-nutre-se-disfruta-y-conecta-comunidades\/","og:image":"https:\/\/soymigrante.com\/revista\/wp-content\/uploads\/2025\/01\/atol-blanco-1.webp","og:image:secure_url":"https:\/\/soymigrante.com\/revista\/wp-content\/uploads\/2025\/01\/atol-blanco-1.webp","og:image:width":510,"og:image:height":385,"article:published_time":"2025-01-08T01:45:21+00:00","article:modified_time":"2025-01-20T18:06:15+00:00","article:publisher":"https:\/\/www.facebook.com\/soymigrantecom","twitter:card":"summary_large_image","twitter:site":"@SoyMigrante_com","twitter:title":"Atol blanco: sabor ancestral que conecta comunidades","twitter:description":"Es exquisito y tradicional el Atol blanco, ya sea preparado en casa, en el mercado municipal o en alguna venta de barrio. Tambi\u00e9n de ofrecemos la receta aqu\u00ed.","twitter:creator":"@SoyMigrante_com","twitter:image":"https:\/\/soymigrante.com\/revista\/wp-content\/uploads\/2025\/01\/atol-blanco-1.webp"},"aioseo_meta_data":{"post_id":"35442","title":null,"description":"La rosa de Jamaica es una flor que da una bebida muy refrescante y conocida en Guatemala.","keywords":null,"keyphrases":{"focus":{"keyphrase":"Rosa de Jamaica","score":91,"analysis":{"keyphraseInTitle":{"score":9,"maxScore":9,"error":0},"keyphraseInDescription":{"score":9,"maxScore":9,"error":0},"keyphraseLength":{"score":9,"maxScore":9,"error":0,"length":3},"keyphraseInURL":{"score":5,"maxScore":5,"error":0},"keyphraseInIntroduction":{"score":9,"maxScore":9,"error":0},"keyphraseInSubHeadings":{"score":3,"maxScore":9,"error":1},"keyphraseInImageAlt":{"score":9,"maxScore":9,"error":0},"keywordDensity":{"type":"best","score":9,"maxScore":9,"error":0}}},"additional":[{"keyphrase":"Rosa de Jamaica","score":100,"analysis":{"keyphraseInDescription":{"score":9,"maxScore":9,"error":0},"keyphraseLength":{"score":9,"maxScore":9,"error":0,"length":3},"keyphraseInIntroduction":{"score":9,"maxScore":9,"error":0},"keyphraseInImageAlt":{"score":9,"maxScore":9,"error":0},"keywordDensity":{"type":"best","score":9,"maxScore":9,"error":0}}}]},"primary_term":null,"canonical_url":null,"og_title":null,"og_description":null,"og_object_type":"default","og_image_type":"default","og_image_url":null,"og_image_width":null,"og_image_height":null,"og_image_custom_url":null,"og_image_custom_fields":null,"og_video":"","og_custom_url":null,"og_article_section":null,"og_article_tags":null,"twitter_use_og":false,"twitter_card":"default","twitter_image_type":"default","twitter_image_url":null,"twitter_image_custom_url":null,"twitter_image_custom_fields":null,"twitter_title":null,"twitter_description":null,"schema":{"blockGraphs":[],"customGraphs":[],"default":{"data":{"Article":[],"Course":[],"Dataset":[],"FAQPage":[],"Movie":[],"Person":[],"Product":[],"ProductReview":[],"Car":[],"Recipe":[],"Service":[],"SoftwareApplication":[],"WebPage":[]},"graphName":"none","isEnabled":true},"graphs":[]},"schema_type":"default","schema_type_options":null,"pillar_content":false,"robots_default":true,"robots_noindex":false,"robots_noarchive":false,"robots_nosnippet":false,"robots_nofollow":false,"robots_noimageindex":false,"robots_noodp":false,"robots_notranslate":false,"robots_max_snippet":"-1","robots_max_videopreview":"-1","robots_max_imagepreview":"large","priority":null,"frequency":"default","local_seo":null,"seo_analyzer_scan_date":"2025-10-09 06:00:12","breadcrumb_settings":null,"limit_modified_date":false,"reviewed_by":"0","open_ai":"{\"title\":{\"suggestions\":[],\"usage\":0},\"description\":{\"suggestions\":[],\"usage\":0}}","ai":null,"created":"2025-06-04 19:46:17","updated":"2026-02-05 01:15:28"},"aioseo_breadcrumb":"<div class=\"aioseo-breadcrumbs\"><span class=\"aioseo-breadcrumb\">\n\t<a href=\"https:\/\/soymigrante.com\/revista\" title=\"Home\">Home<\/a>\n<\/span><span class=\"aioseo-breadcrumb-separator\">\u00bb<\/span><span class=\"aioseo-breadcrumb\">\n\t<a href=\"https:\/\/soymigrante.com\/revista\/category\/guate-nuestra\/\" title=\"Guate Nuestra\">Guate Nuestra<\/a>\n<\/span><span class=\"aioseo-breadcrumb-separator\">\u00bb<\/span><span class=\"aioseo-breadcrumb\">\n\tLa rosa de Jamaica: tradici\u00f3n, sabor y salud en un refresco muy guatemalteco\n<\/span><\/div>","aioseo_breadcrumb_json":[{"label":"Home","link":"https:\/\/soymigrante.com\/revista"},{"label":"Guate Nuestra","link":"https:\/\/soymigrante.com\/revista\/category\/guate-nuestra\/"},{"label":"La rosa de Jamaica: tradici\u00f3n, sabor y salud en un refresco muy guatemalteco","link":"https:\/\/soymigrante.com\/revista\/la-rosa-de-jamaica-tradicion-sabor-y-salud-en-un-refresco-muy-guatemalteco\/"}],"_links":{"self":[{"href":"https:\/\/soymigrante.com\/revista\/wp-json\/wp\/v2\/posts\/35442","targetHints":{"allow":["GET"]}}],"collection":[{"href":"https:\/\/soymigrante.com\/revista\/wp-json\/wp\/v2\/posts"}],"about":[{"href":"https:\/\/soymigrante.com\/revista\/wp-json\/wp\/v2\/types\/post"}],"author":[{"embeddable":true,"href":"https:\/\/soymigrante.com\/revista\/wp-json\/wp\/v2\/users\/19"}],"replies":[{"embeddable":true,"href":"https:\/\/soymigrante.com\/revista\/wp-json\/wp\/v2\/comments?post=35442"}],"version-history":[{"count":16,"href":"https:\/\/soymigrante.com\/revista\/wp-json\/wp\/v2\/posts\/35442\/revisions"}],"predecessor-version":[{"id":36543,"href":"https:\/\/soymigrante.com\/revista\/wp-json\/wp\/v2\/posts\/35442\/revisions\/36543"}],"wp:featuredmedia":[{"embeddable":true,"href":"https:\/\/soymigrante.com\/revista\/wp-json\/wp\/v2\/media\/35443"}],"wp:attachment":[{"href":"https:\/\/soymigrante.com\/revista\/wp-json\/wp\/v2\/media?parent=35442"}],"wp:term":[{"taxonomy":"category","embeddable":true,"href":"https:\/\/soymigrante.com\/revista\/wp-json\/wp\/v2\/categories?post=35442"},{"taxonomy":"post_tag","embeddable":true,"href":"https:\/\/soymigrante.com\/revista\/wp-json\/wp\/v2\/tags?post=35442"}],"curies":[{"name":"wp","href":"https:\/\/api.w.org\/{rel}","templated":true}]}}