{"id":35407,"date":"2025-06-04T12:03:51","date_gmt":"2025-06-04T18:03:51","guid":{"rendered":"https:\/\/soymigrante.com\/revista\/?p=35407"},"modified":"2025-10-03T14:46:22","modified_gmt":"2025-10-03T20:46:22","slug":"variedades-juanita-tradicion-y-sabores-mayas-en-brooklyn","status":"publish","type":"post","link":"https:\/\/soymigrante.com\/revista\/variedades-juanita-tradicion-y-sabores-mayas-en-brooklyn\/","title":{"rendered":"Variedades Juanita: tradici\u00f3n y sabores mayas en Brooklyn"},"content":{"rendered":"\t\t<div data-elementor-type=\"wp-post\" data-elementor-id=\"35407\" class=\"elementor elementor-35407\" data-elementor-post-type=\"post\">\n\t\t\t\t<div data-particle_enable=\"false\" data-particle-mobile-disabled=\"false\" class=\"elementor-element elementor-element-38ecc94 e-flex e-con-boxed e-con e-parent\" data-id=\"38ecc94\" data-element_type=\"container\" data-e-type=\"container\">\n\t\t\t\t\t<div class=\"e-con-inner\">\n\t\t\t\t<div class=\"elementor-element elementor-element-2250c8c elementor-widget elementor-widget-heading\" data-id=\"2250c8c\" data-element_type=\"widget\" data-e-type=\"widget\" data-widget_type=\"heading.default\">\n\t\t\t\t\t<h2 class=\"elementor-heading-title elementor-size-default\"><span style=\"font-size: 31.2px\">El almac\u00e9n Variedades Juanita en Brooklyn, New York, es un aut\u00e9ntico puente con Guatemala: trajes t\u00edpicos, productos artesanales, bolsitas de pepitoria o chile cobanero llevan a migrantes connacionales hasta el sabor de su anhelada tierra.<\/span><\/h2>\t\t\t\t<\/div>\n\t\t\t\t<div class=\"elementor-element elementor-element-52cca58 elementor-widget elementor-widget-html\" data-id=\"52cca58\" data-element_type=\"widget\" data-e-type=\"widget\" data-widget_type=\"html.default\">\n\t\t\t\t\t<div id=\"buzzsprout-player-17283640\"><\/div><script src=\"https:\/\/www.buzzsprout.com\/2444168\/episodes\/17283640-variedades-juanita-puente-de-textiles-y-sabores-guatemaltecos-en-brooklyn.js?container_id=buzzsprout-player-17283640&player=small\" type=\"text\/javascript\" charset=\"utf-8\"><\/script>\t\t\t\t<\/div>\n\t\t\t\t\t<\/div>\n\t\t\t\t<\/div>\n\t\t<div data-particle_enable=\"false\" data-particle-mobile-disabled=\"false\" class=\"elementor-element elementor-element-92900e9 e-flex e-con-boxed e-con e-parent\" data-id=\"92900e9\" data-element_type=\"container\" data-e-type=\"container\">\n\t\t\t\t\t<div class=\"e-con-inner\">\n\t\t\t\t<div class=\"elementor-element elementor-element-0cb37e9 elementor-widget elementor-widget-text-editor\" data-id=\"0cb37e9\" data-element_type=\"widget\" data-e-type=\"widget\" data-widget_type=\"text-editor.default\">\n\t\t\t\t\t\t\t\t\t<p>En el coraz\u00f3n de Brooklyn, Nueva York, existe una tienda con alma y coraz\u00f3n guatemalteco: Variedades Juanita, fundada hace siete a\u00f1os por la migrante guatemalteca Juanita Xuruc y su familia. Con esfuerzo, creatividad y un profundo amor por sus ra\u00edces mayas, ofrecen textiles tradicionales, prendas, y productos de la nostalgia, incluyendo ingredientes artesanales como chile cobanero y pepitoria.<\/p><p>La m\u00e1s reciente innovaci\u00f3n de Variedades Juanita son las bandas para graduados: estolas con s\u00edmbolos guatemaltecos, pensadas para egresados de High School de familias chapinas. \u201cPido los dise\u00f1os a Guatemala, all\u00e1 las confeccionan y me las env\u00edan\u201d, explica Juanita, revelando que, adem\u00e1s de su emprendimiento en EE. UU., tambi\u00e9n genera oportunidades laborales en su pa\u00eds de origen. Esta es su historia.<\/p>\t\t\t\t\t\t\t\t<\/div>\n\t\t\t\t\t<\/div>\n\t\t\t\t<\/div>\n\t\t<div data-particle_enable=\"false\" data-particle-mobile-disabled=\"false\" class=\"elementor-element elementor-element-7b7b7ea e-flex e-con-boxed e-con e-parent\" data-id=\"7b7b7ea\" data-element_type=\"container\" data-e-type=\"container\">\n\t\t\t\t\t<div class=\"e-con-inner\">\n\t\t\t\t<div class=\"elementor-element elementor-element-97a3b2c elementor-widget elementor-widget-image\" data-id=\"97a3b2c\" data-element_type=\"widget\" data-e-type=\"widget\" data-widget_type=\"image.default\">\n\t\t\t\t\t\t\t\t\t\t\t\t<figure class=\"wp-caption\">\n\t\t\t\t\t\t\t\t\t\t<img fetchpriority=\"high\" decoding=\"async\" width=\"924\" height=\"939\" src=\"https:\/\/soymigrante.com\/revista\/wp-content\/uploads\/2025\/06\/migrante-juanita-xuruc-brooklyn-artesania-guatemalteca-6.webp\" class=\"attachment-large size-large wp-image-35412\" alt=\"Vestido tradicional y artesan\u00edas mexicanas en tienda de ropa ind\u00edgena en M\u00e9xico.\" srcset=\"https:\/\/soymigrante.com\/revista\/wp-content\/uploads\/2025\/06\/migrante-juanita-xuruc-brooklyn-artesania-guatemalteca-6.webp 924w, https:\/\/soymigrante.com\/revista\/wp-content\/uploads\/2025\/06\/migrante-juanita-xuruc-brooklyn-artesania-guatemalteca-6-295x300.jpg 295w, https:\/\/soymigrante.com\/revista\/wp-content\/uploads\/2025\/06\/migrante-juanita-xuruc-brooklyn-artesania-guatemalteca-6-768x780.jpg 768w, https:\/\/soymigrante.com\/revista\/wp-content\/uploads\/2025\/06\/migrante-juanita-xuruc-brooklyn-artesania-guatemalteca-6-75x75.webp 75w, https:\/\/soymigrante.com\/revista\/wp-content\/uploads\/2025\/06\/migrante-juanita-xuruc-brooklyn-artesania-guatemalteca-6-750x762.jpg 750w\" sizes=\"(max-width: 924px) 100vw, 924px\" title=\"Durante dos a\u00f1os iniciales, Juanita Xuruc trabaj\u00f3 las ventas de art\u00edculos guatemaltecos desde su apartamento, pero despu\u00e9s de la pandemia se decidi\u00f3 a abrir su local en Brooklyn. (Foto cortes\u00eda Variedades Juanita) \u2013 SoyMigrante.com REVISTA\" \/>\t\t\t\t\t\t\t\t\t\t\t<figcaption class=\"widget-image-caption wp-caption-text\">Comprando ropa y accesorios \u00fanicos de moda \u00e9tnica mexicana en tienda de textiles tradicionales.<\/figcaption>\n\t\t\t\t\t\t\t\t\t\t<\/figure>\n\t\t\t\t\t\t\t\t\t<\/div>\n\t\t\t\t\t<\/div>\n\t\t\t\t<\/div>\n\t\t<div data-particle_enable=\"false\" data-particle-mobile-disabled=\"false\" class=\"elementor-element elementor-element-97f6ff9 e-flex e-con-boxed e-con e-parent\" data-id=\"97f6ff9\" data-element_type=\"container\" data-e-type=\"container\">\n\t\t\t\t\t<div class=\"e-con-inner\">\n\t\t\t\t<div class=\"elementor-element elementor-element-b79757c elementor-widget elementor-widget-heading\" data-id=\"b79757c\" data-element_type=\"widget\" data-e-type=\"widget\" data-widget_type=\"heading.default\">\n\t\t\t\t\t<h3 class=\"elementor-heading-title elementor-size-default\">Siete a\u00f1os de crecimiento con ra\u00edces fuertes<\/h3>\t\t\t\t<\/div>\n\t\t\t\t\t<\/div>\n\t\t\t\t<\/div>\n\t\t<div data-particle_enable=\"false\" data-particle-mobile-disabled=\"false\" class=\"elementor-element elementor-element-298d666 e-flex e-con-boxed e-con e-parent\" data-id=\"298d666\" data-element_type=\"container\" data-e-type=\"container\">\n\t\t\t\t\t<div class=\"e-con-inner\">\n\t\t\t\t<div class=\"elementor-element elementor-element-75e9c03 elementor-widget elementor-widget-text-editor\" data-id=\"75e9c03\" data-element_type=\"widget\" data-e-type=\"widget\" data-widget_type=\"text-editor.default\">\n\t\t\t\t\t\t\t\t\t<p>Desde su llegada a Estados Unidos hace 20 a\u00f1os, Juanita trabaj\u00f3 en diversos empleos. A pesar de la distancia con su natal Totonicap\u00e1n, extra\u00f1aba las prendas de la indumentaria tradicional k&#8217;iche&#8217;. Pero conseguirlas no era f\u00e1cil. \u201cYo quer\u00eda tener mi traje t\u00edpico completo. Mand\u00e9 a comprarlo a Guatemala. Entonces dije: \u00bfpor qu\u00e9 no van a pedir m\u00e1s? Para que nuestras paisanas tengan aqu\u00ed de d\u00f3nde elegir, toquen la tela, se lo prueben. Y as\u00ed empez\u00f3 Variedades Juanita: primero en el apartamento, y hace siete a\u00f1os ya con local, con todos los permisos\u201d, cuenta.<\/p>\t\t\t\t\t\t\t\t<\/div>\n\t\t\t\t\t<\/div>\n\t\t\t\t<\/div>\n\t\t<div data-particle_enable=\"false\" data-particle-mobile-disabled=\"false\" class=\"elementor-element elementor-element-5731b48 e-flex e-con-boxed e-con e-parent\" data-id=\"5731b48\" data-element_type=\"container\" data-e-type=\"container\">\n\t\t\t\t\t<div class=\"e-con-inner\">\n\t\t\t\t<div class=\"elementor-element elementor-element-b31a192 elementor-widget elementor-widget-google_maps\" data-id=\"b31a192\" data-element_type=\"widget\" data-e-type=\"widget\" data-widget_type=\"google_maps.default\">\n\t\t\t\t\t\t\t<div class=\"elementor-custom-embed\">\n\t\t\t<iframe loading=\"lazy\"\n\t\t\t\t\tsrc=\"https:\/\/maps.google.com\/maps?q=Variedades%20Juanita%20INC&#038;t=m&#038;z=10&#038;output=embed&#038;iwloc=near\"\n\t\t\t\t\ttitle=\"Variedades Juanita INC\"\n\t\t\t\t\taria-label=\"Variedades Juanita INC\"\n\t\t\t><\/iframe>\n\t\t<\/div>\n\t\t\t\t\t\t<\/div>\n\t\t\t\t\t<\/div>\n\t\t\t\t<\/div>\n\t\t<div data-particle_enable=\"false\" data-particle-mobile-disabled=\"false\" class=\"elementor-element elementor-element-b79006c e-flex e-con-boxed e-con e-parent\" data-id=\"b79006c\" data-element_type=\"container\" data-e-type=\"container\">\n\t\t\t\t\t<div class=\"e-con-inner\">\n\t\t\t\t<div class=\"elementor-element elementor-element-a09cfd6 elementor-widget elementor-widget-heading\" data-id=\"a09cfd6\" data-element_type=\"widget\" data-e-type=\"widget\" data-widget_type=\"heading.default\">\n\t\t\t\t\t<h3 class=\"elementor-heading-title elementor-size-default\">Env\u00edos a todo Estados Unidos<\/h3>\t\t\t\t<\/div>\n\t\t\t\t\t<\/div>\n\t\t\t\t<\/div>\n\t\t<div data-particle_enable=\"false\" data-particle-mobile-disabled=\"false\" class=\"elementor-element elementor-element-c3a3863 e-flex e-con-boxed e-con e-parent\" data-id=\"c3a3863\" data-element_type=\"container\" data-e-type=\"container\">\n\t\t\t\t\t<div class=\"e-con-inner\">\n\t\t\t\t<div class=\"elementor-element elementor-element-1fa1bba elementor-widget elementor-widget-text-editor\" data-id=\"1fa1bba\" data-element_type=\"widget\" data-e-type=\"widget\" data-widget_type=\"text-editor.default\">\n\t\t\t\t\t\t\t\t\t<p>No faltaron los desaf\u00edos. \u201cLa primera encomienda que mandamos a traer, se perdi\u00f3. Mucha mercanc\u00eda no la dejaron pasar\u201d, relata. \u201cLo primero que lleg\u00f3 fue calzado t\u00edpico, un traje y un su\u00e9ter. Ya sabiendo m\u00e1s sobre los permisos, organizamos mejor los pedidos\u201d, agrega.<\/p><p>Las primeras ventas fueron a trav\u00e9s de redes sociales, donde anunciaban los productos con fotograf\u00edas y detalles sobre tallas y materiales. \u201cLa reacci\u00f3n fue de alegr\u00eda, porque los paisanos empezaron a llegar, no solo por los textiles, sino tambi\u00e9n por otros productos: pepitoria, chile cobanero, harina de pinol. Se terminaba r\u00e1pido y volv\u00eda a pedir. La gente me dec\u00eda: \u2018Quiero que me llames primero cuando venga el pr\u00f3ximo pedido\u2019\u201d.<\/p><p>&#8220;A la par de la tienda f\u00edsica continuamos con las ventas en l\u00ednea y enviamos trajes, accesorios y artesan\u00eda a varias ciudades de Estados Unidos&#8221;, cuenta.<\/p>\t\t\t\t\t\t\t\t<\/div>\n\t\t\t\t\t<\/div>\n\t\t\t\t<\/div>\n\t\t<div data-particle_enable=\"false\" data-particle-mobile-disabled=\"false\" class=\"elementor-element elementor-element-a9e9771 e-flex e-con-boxed e-con e-parent\" data-id=\"a9e9771\" data-element_type=\"container\" data-e-type=\"container\">\n\t\t\t\t\t<div class=\"e-con-inner\">\n\t\t\t\t<div class=\"elementor-element elementor-element-266fdfa elementor-widget elementor-widget-image\" data-id=\"266fdfa\" data-element_type=\"widget\" data-e-type=\"widget\" data-widget_type=\"image.default\">\n\t\t\t\t\t\t\t\t\t\t\t\t<figure class=\"wp-caption\">\n\t\t\t\t\t\t\t\t\t\t<img decoding=\"async\" width=\"848\" height=\"574\" src=\"https:\/\/soymigrante.com\/revista\/wp-content\/uploads\/2025\/06\/migrante-guatemalteca-juanita-brooklyn.webp\" class=\"attachment-large size-large wp-image-35414\" alt=\"Alt: Mujer migrante en tienda latina con productos tradicionales en los estantes, resaltando la cultura y diversidad en el comercio migrante.\" srcset=\"https:\/\/soymigrante.com\/revista\/wp-content\/uploads\/2025\/06\/migrante-guatemalteca-juanita-brooklyn.webp 848w, https:\/\/soymigrante.com\/revista\/wp-content\/uploads\/2025\/06\/migrante-guatemalteca-juanita-brooklyn-300x203.jpg 300w, https:\/\/soymigrante.com\/revista\/wp-content\/uploads\/2025\/06\/migrante-guatemalteca-juanita-brooklyn-768x520.jpg 768w, https:\/\/soymigrante.com\/revista\/wp-content\/uploads\/2025\/06\/migrante-guatemalteca-juanita-brooklyn-750x508.webp 750w\" sizes=\"(max-width: 848px) 100vw, 848px\" title=\"De todo para el paladar guatemalteco en Brooklyn, Nueva York: Variedades Juanita tiene chile cobanero, harina de pinol y de haba, frijol de todos los colores, chocolate Rico, Incaparina y productos guatemaltecos Se\u00f1orial, gaseosas Salvavidas y muchos otros sabores: son un puente con la patria. \u2013 SoyMigrante.com REVISTA\" \/>\t\t\t\t\t\t\t\t\t\t\t<figcaption class=\"widget-image-caption wp-caption-text\">Caption: Mujer migrante mostrando frutas secas en tienda, reflejando la riqueza cultural y la integraci\u00f3n en la comunidad migrante en Am\u00e9rica Latina.<\/figcaption>\n\t\t\t\t\t\t\t\t\t\t<\/figure>\n\t\t\t\t\t\t\t\t\t<\/div>\n\t\t\t\t\t<\/div>\n\t\t\t\t<\/div>\n\t\t<div data-particle_enable=\"false\" data-particle-mobile-disabled=\"false\" class=\"elementor-element elementor-element-dd95148 e-flex e-con-boxed e-con e-parent\" data-id=\"dd95148\" data-element_type=\"container\" data-e-type=\"container\">\n\t\t\t\t\t<div class=\"e-con-inner\">\n\t\t\t\t<div class=\"elementor-element elementor-element-579166a elementor-widget elementor-widget-heading\" data-id=\"579166a\" data-element_type=\"widget\" data-e-type=\"widget\" data-widget_type=\"heading.default\">\n\t\t\t\t\t<h3 class=\"elementor-heading-title elementor-size-default\">Genera oportunidades en su natal Toto<\/h3>\t\t\t\t<\/div>\n\t\t\t\t\t<\/div>\n\t\t\t\t<\/div>\n\t\t<div data-particle_enable=\"false\" data-particle-mobile-disabled=\"false\" class=\"elementor-element elementor-element-d870d3b e-flex e-con-boxed e-con e-parent\" data-id=\"d870d3b\" data-element_type=\"container\" data-e-type=\"container\">\n\t\t\t\t\t<div class=\"e-con-inner\">\n\t\t\t\t<div class=\"elementor-element elementor-element-19cbd5c elementor-widget elementor-widget-text-editor\" data-id=\"19cbd5c\" data-element_type=\"widget\" data-e-type=\"widget\" data-widget_type=\"text-editor.default\">\n\t\t\t\t\t\t\t\t\t<p>Juanita cuenta con el apoyo incondicional de su mam\u00e1, en Totonicap\u00e1n, quien consigue los proveedores y prepara las encomiendas. \u201cAs\u00ed es como logramos tener tambi\u00e9n frijoles, habas, piloyes. La gente se sorprende y se siente feliz de poder tener un sabor de nuestra tierra. Ese picante le da el toque al pescadito, al huevito, a los frijolitos\u201d, expresa con entusiasmo.<\/p><p>La ropa es confeccionada en talleres de Totonicap\u00e1n. \u201cEl corte es elaborado en telar. Vamos pidiendo colores y dise\u00f1os para que nos los hagan. Una vez hecho el corte, se hace la blusa para que combine bien\u201d. \u201cNo importa el color de las prendas. La facilidad de tener el producto aqu\u00ed ya era motivo suficiente para comprar\u201d, a\u00f1ade.<\/p><p>Juanita creci\u00f3 en Totonicap\u00e1n hasta los 18 a\u00f1os, cuando emigr\u00f3 a Estados Unidos en busca de oportunidades. <b>Hoy, nunca faltan los pedidos ni las innovaciones en su tienda.<\/b> \u201cUn hermano m\u00edo se gradu\u00f3 de High School en Texas y quer\u00eda una banda con s\u00edmbolos de Guatemala. Entonces pens\u00e9: hay muchos hijos de paisanos que tambi\u00e9n quieren lucir el orgullo de su cultura. As\u00ed surgieron los dise\u00f1os de estolas con el quetzal, la monja blanca y otros s\u00edmbolos guatemaltecos. Damos ideas, y es un dise\u00f1ador de Toto quien las plasma\u201d, explica.<\/p>\t\t\t\t\t\t\t\t<\/div>\n\t\t\t\t\t<\/div>\n\t\t\t\t<\/div>\n\t\t<div data-particle_enable=\"false\" data-particle-mobile-disabled=\"false\" class=\"elementor-element elementor-element-da5f0f9 e-flex e-con-boxed e-con e-parent\" data-id=\"da5f0f9\" data-element_type=\"container\" data-e-type=\"container\">\n\t\t\t\t\t<div class=\"e-con-inner\">\n\t\t\t\t<div class=\"elementor-element elementor-element-160e35a elementor-widget elementor-widget-image\" data-id=\"160e35a\" data-element_type=\"widget\" data-e-type=\"widget\" data-widget_type=\"image.default\">\n\t\t\t\t\t\t\t\t\t\t\t\t<figure class=\"wp-caption\">\n\t\t\t\t\t\t\t\t\t\t\t<a href=\"https:\/\/www.facebook.com\/Variedajuanita\">\n\t\t\t\t\t\t\t<img decoding=\"async\" width=\"860\" height=\"715\" src=\"https:\/\/soymigrante.com\/revista\/wp-content\/uploads\/2025\/06\/variedades-juanita-INC.webp\" class=\"attachment-large size-large wp-image-35416\" alt=\"Vestidos tradicionales de migrantes haciendo moda mexicana en SoyMigrante.com REVISTA.\" srcset=\"https:\/\/soymigrante.com\/revista\/wp-content\/uploads\/2025\/06\/variedades-juanita-INC.webp 860w, https:\/\/soymigrante.com\/revista\/wp-content\/uploads\/2025\/06\/variedades-juanita-INC-300x250.webp 300w, https:\/\/soymigrante.com\/revista\/wp-content\/uploads\/2025\/06\/variedades-juanita-INC-768x639.png 768w, https:\/\/soymigrante.com\/revista\/wp-content\/uploads\/2025\/06\/variedades-juanita-INC-750x624.webp 750w\" sizes=\"(max-width: 860px) 100vw, 860px\" title=\"La variedad de cortes y huipiles mayas es enorme en Variedades Juanita. Clic si deseas ir a su fanpage de Facebook. \u2013 SoyMigrante.com REVISTA\" \/>\t\t\t\t\t\t\t\t<\/a>\n\t\t\t\t\t\t\t\t\t\t\t<figcaption class=\"widget-image-caption wp-caption-text\">Mujeres con trajes t\u00edpicos en la calle mostrando la cultura mexicana en SoyMigrante.com REVISTA.<\/figcaption>\n\t\t\t\t\t\t\t\t\t\t<\/figure>\n\t\t\t\t\t\t\t\t\t<\/div>\n\t\t\t\t\t<\/div>\n\t\t\t\t<\/div>\n\t\t<div data-particle_enable=\"false\" data-particle-mobile-disabled=\"false\" class=\"elementor-element elementor-element-7d803ee e-flex e-con-boxed e-con e-parent\" data-id=\"7d803ee\" data-element_type=\"container\" data-e-type=\"container\">\n\t\t\t\t\t<div class=\"e-con-inner\">\n\t\t\t\t<div class=\"elementor-element elementor-element-cac4c1a elementor-widget elementor-widget-heading\" data-id=\"cac4c1a\" data-element_type=\"widget\" data-e-type=\"widget\" data-widget_type=\"heading.default\">\n\t\t\t\t\t<h3 class=\"elementor-heading-title elementor-size-default\">Ejemplo e inspiraci\u00f3n emprendedora<\/h3>\t\t\t\t<\/div>\n\t\t\t\t\t<\/div>\n\t\t\t\t<\/div>\n\t\t<div data-particle_enable=\"false\" data-particle-mobile-disabled=\"false\" class=\"elementor-element elementor-element-2f12905 e-flex e-con-boxed e-con e-parent\" data-id=\"2f12905\" data-element_type=\"container\" data-e-type=\"container\">\n\t\t\t\t\t<div class=\"e-con-inner\">\n\t\t\t\t<div class=\"elementor-element elementor-element-27f8300 elementor-widget elementor-widget-text-editor\" data-id=\"27f8300\" data-element_type=\"widget\" data-e-type=\"widget\" data-widget_type=\"text-editor.default\">\n\t\t\t\t\t\t\t\t\t<p>El ejemplo de emprendimiento de Juanita ha inspirado a otras connacionales. \u201cCuando empec\u00e9, no hab\u00eda ninguna tienda de trajes t\u00edpicos en Brooklyn. Ahora hay varias, y me pongo feliz porque hay presencia guatemalteca, y con ello se muestra nuestra cultura\u201d.<\/p><p>El sue\u00f1o de Juanita sigue creciendo: \u201cMe gustar\u00eda poder un d\u00eda crear un mall de Guatemala: un centro comercial donde haya una secci\u00f3n de trajes t\u00edpicos, un \u00e1rea de restaurante, y tambi\u00e9n productos como caf\u00e9, chocolate, accesorios y decoraciones\u201d.<\/p>\t\t\t\t\t\t\t\t<\/div>\n\t\t\t\t\t<\/div>\n\t\t\t\t<\/div>\n\t\t<div data-particle_enable=\"false\" data-particle-mobile-disabled=\"false\" class=\"elementor-element elementor-element-194a00c e-flex e-con-boxed e-con e-parent\" data-id=\"194a00c\" data-element_type=\"container\" data-e-type=\"container\">\n\t\t\t\t\t<div class=\"e-con-inner\">\n\t\t\t\t<div class=\"elementor-element elementor-element-24f44d0 elementor-widget elementor-widget-image\" data-id=\"24f44d0\" data-element_type=\"widget\" data-e-type=\"widget\" data-widget_type=\"image.default\">\n\t\t\t\t\t\t\t\t\t\t\t\t<figure class=\"wp-caption\">\n\t\t\t\t\t\t\t\t\t\t<img loading=\"lazy\" decoding=\"async\" width=\"473\" height=\"1024\" src=\"https:\/\/soymigrante.com\/revista\/wp-content\/uploads\/2025\/06\/migrante-juanita-xuruc-brooklyn-artesania-guatemalteca-4-473x1024.jpg\" class=\"attachment-large size-large wp-image-35419\" alt=\"Ropa tradicional guatemalteca, mujer en tienda con textiles coloridos de fondo.\" srcset=\"https:\/\/soymigrante.com\/revista\/wp-content\/uploads\/2025\/06\/migrante-juanita-xuruc-brooklyn-artesania-guatemalteca-4-473x1024.jpg 473w, https:\/\/soymigrante.com\/revista\/wp-content\/uploads\/2025\/06\/migrante-juanita-xuruc-brooklyn-artesania-guatemalteca-4-139x300.jpg 139w, https:\/\/soymigrante.com\/revista\/wp-content\/uploads\/2025\/06\/migrante-juanita-xuruc-brooklyn-artesania-guatemalteca-4-768x1662.jpg 768w, https:\/\/soymigrante.com\/revista\/wp-content\/uploads\/2025\/06\/migrante-juanita-xuruc-brooklyn-artesania-guatemalteca-4-710x1536.jpg 710w, https:\/\/soymigrante.com\/revista\/wp-content\/uploads\/2025\/06\/migrante-juanita-xuruc-brooklyn-artesania-guatemalteca-4-750x1623.webp 750w, https:\/\/soymigrante.com\/revista\/wp-content\/uploads\/2025\/06\/migrante-juanita-xuruc-brooklyn-artesania-guatemalteca-4.webp 887w\" sizes=\"(max-width: 473px) 100vw, 473px\" title=\"La m\u00e1s reciente innovaci\u00f3n en Variedades Juanitas son las estolas para graduandos, hijos de migrantes guatemaltecos, que desean lucir con orgullo s\u00edmbolos guatemaltecos en Estados Unidos. \u2013 SoyMigrante.com REVISTA\" \/>\t\t\t\t\t\t\t\t\t\t\t<figcaption class=\"widget-image-caption wp-caption-text\">Mujer orgullosa en tienda de textiles, luciendo ropa tradicional guatemalteca entre textiles coloridos y patrones ancestrales.<\/figcaption>\n\t\t\t\t\t\t\t\t\t\t<\/figure>\n\t\t\t\t\t\t\t\t\t<\/div>\n\t\t\t\t\t<\/div>\n\t\t\t\t<\/div>\n\t\t<div data-particle_enable=\"false\" data-particle-mobile-disabled=\"false\" class=\"elementor-element elementor-element-cb8399a e-flex e-con-boxed e-con e-parent\" data-id=\"cb8399a\" data-element_type=\"container\" data-e-type=\"container\">\n\t\t\t\t\t<div class=\"e-con-inner\">\n\t\t\t\t<div class=\"elementor-element elementor-element-c6c0583 elementor-widget elementor-widget-heading\" data-id=\"c6c0583\" data-element_type=\"widget\" data-e-type=\"widget\" data-widget_type=\"heading.default\">\n\t\t\t\t\t<h3 class=\"elementor-heading-title elementor-size-default\">El consejo para emprendedoras desde su propia experiencia<\/h3>\t\t\t\t<\/div>\n\t\t\t\t\t<\/div>\n\t\t\t\t<\/div>\n\t\t<div data-particle_enable=\"false\" data-particle-mobile-disabled=\"false\" class=\"elementor-element elementor-element-a60dbe4 e-flex e-con-boxed e-con e-parent\" data-id=\"a60dbe4\" data-element_type=\"container\" data-e-type=\"container\">\n\t\t\t\t\t<div class=\"e-con-inner\">\n\t\t\t\t<div class=\"elementor-element elementor-element-83dfb28 elementor-widget elementor-widget-text-editor\" data-id=\"83dfb28\" data-element_type=\"widget\" data-e-type=\"widget\" data-widget_type=\"text-editor.default\">\n\t\t\t\t\t\t\t\t\t<p>\u201cBueno, primero es pedirle a Dios, y despu\u00e9s perder el miedo. A veces dejamos pasar demasiado tiempo solo pensando, sin actuar. Si tenemos una meta, una idea de emprendimiento, debemos tirarnos al agua, y en el camino se van resolviendo las dificultades\u201d.<\/p><p>&#8220;Cuando empezamos a pensar en el local, con la ayuda de mi esposo, el mayor temor era: \u00bfc\u00f3mo vamos a pagar esa renta cada mes? \u00bfc\u00f3mo vamos a mantener el surtido de la tienda?\u00a0 Pero cada una de esas preguntas ten\u00eda una respuesta, pero era necesario comenzar para lograrlo, actuar para tener resultados&#8221;.<\/p>\t\t\t\t\t\t\t\t<\/div>\n\t\t\t\t\t<\/div>\n\t\t\t\t<\/div>\n\t\t<div data-particle_enable=\"false\" data-particle-mobile-disabled=\"false\" class=\"elementor-element elementor-element-e6c6c47 e-flex e-con-boxed e-con e-parent\" data-id=\"e6c6c47\" data-element_type=\"container\" data-e-type=\"container\">\n\t\t\t\t\t<div class=\"e-con-inner\">\n\t\t\t\t<div class=\"elementor-element elementor-element-e960560 elementor-invisible elementor-widget elementor-widget-facebook-embed\" data-id=\"e960560\" data-element_type=\"widget\" data-e-type=\"widget\" data-settings=\"{&quot;_animation&quot;:&quot;zoomInDown&quot;}\" data-widget_type=\"facebook-embed.default\">\n\t\t\t\t\t<div style=\"min-height: 1px\" class=\"elementor-facebook-widget fb-video\" data-href=\"https:\/\/www.facebook.com\/Variedajuanita\/videos\/1108748654604798\" data-show-text=\"false\" data-allowfullscreen=\"false\" data-autoplay=\"false\" data-show-captions=\"false\"><\/div>\t\t\t\t<\/div>\n\t\t\t\t\t<\/div>\n\t\t\t\t<\/div>\n\t\t<div data-particle_enable=\"false\" data-particle-mobile-disabled=\"false\" class=\"elementor-element elementor-element-183b160 e-flex e-con-boxed e-con e-parent\" data-id=\"183b160\" data-element_type=\"container\" data-e-type=\"container\">\n\t\t\t\t\t<div class=\"e-con-inner\">\n\t\t\t\t<div class=\"elementor-element elementor-element-fd25ce7 elementor-widget elementor-widget-heading\" data-id=\"fd25ce7\" data-element_type=\"widget\" data-e-type=\"widget\" data-widget_type=\"heading.default\">\n\t\t\t\t\t<h2 class=\"elementor-heading-title elementor-size-default\">Guatemaltecas migrantes son triunfadoras<\/h2>\t\t\t\t<\/div>\n\t\t\t\t\t<\/div>\n\t\t\t\t<\/div>\n\t\t<div data-particle_enable=\"false\" data-particle-mobile-disabled=\"false\" class=\"elementor-element elementor-element-8a6c7e4 e-flex e-con-boxed e-con e-parent\" data-id=\"8a6c7e4\" data-element_type=\"container\" data-e-type=\"container\">\n\t\t\t\t\t<div class=\"e-con-inner\">\n\t\t\t\t<div class=\"elementor-element elementor-element-89ad8f2 elementor-grid-eael-col-3 elementor-grid-tablet-eael-col-2 elementor-grid-mobile-eael-col-1 elementor-widget elementor-widget-eael-post-grid\" data-id=\"89ad8f2\" data-element_type=\"widget\" data-e-type=\"widget\" data-settings=\"{&quot;eael_post_grid_columns&quot;:&quot;eael-col-3&quot;,&quot;eael_post_grid_columns_tablet&quot;:&quot;eael-col-2&quot;,&quot;eael_post_grid_columns_mobile&quot;:&quot;eael-col-1&quot;}\" data-widget_type=\"eael-post-grid.default\">\n\t\t\t\t\t<div id=\"eael-post-grid-89ad8f2\" class=\"eael-post-grid-container\">\n            <div class=\"eael-post-grid eael-post-appender eael-post-appender-89ad8f2 eael-post-grid-style-one\" data-layout-mode=\"masonry\"><article class=\"eael-grid-post  eael-post-grid-column eael-pg-post-34694 category-exitos-guatemala\" data-id=\"34694\">\n        <div class=\"eael-grid-post-holder\">\n            <div class=\"eael-grid-post-holder-inner\"><div class=\"eael-entry-media\"><div class=\"eael-entry-overlay fade-in\"><i class=\"far fa-hand-pointer\" aria-hidden=\"true\"><\/i><a href=\"https:\/\/soymigrante.com\/revista\/migrante-madre-y-emprendedora-maruu-cruz-regreso-a-vivir-en-guatemala-tras-11-anos-en-usa\/\"><\/a><\/div><div class=\"eael-entry-thumbnail \">\n                <img loading=\"lazy\" decoding=\"async\" width=\"933\" height=\"933\" src=\"https:\/\/soymigrante.com\/revista\/wp-content\/uploads\/2025\/05\/maruu-cruz-migrante-madre-emprendedora-guatemalteca-florida-10.webp\" class=\"attachment-large size-large wp-image-34702\" alt=\"Disfrutando de vistas impresionantes en un entorno natural, promoviendo el turismo sostenible y la cultura migrante en M\u00e9xico y Am\u00e9rica Latina.\" srcset=\"https:\/\/soymigrante.com\/revista\/wp-content\/uploads\/2025\/05\/maruu-cruz-migrante-madre-emprendedora-guatemalteca-florida-10.webp 933w, https:\/\/soymigrante.com\/revista\/wp-content\/uploads\/2025\/05\/maruu-cruz-migrante-madre-emprendedora-guatemalteca-florida-10-300x300.jpg 300w, https:\/\/soymigrante.com\/revista\/wp-content\/uploads\/2025\/05\/maruu-cruz-migrante-madre-emprendedora-guatemalteca-florida-10-150x150.jpg 150w, https:\/\/soymigrante.com\/revista\/wp-content\/uploads\/2025\/05\/maruu-cruz-migrante-madre-emprendedora-guatemalteca-florida-10-768x768.jpg 768w, https:\/\/soymigrante.com\/revista\/wp-content\/uploads\/2025\/05\/maruu-cruz-migrante-madre-emprendedora-guatemalteca-florida-10-75x75.webp 75w, https:\/\/soymigrante.com\/revista\/wp-content\/uploads\/2025\/05\/maruu-cruz-migrante-madre-emprendedora-guatemalteca-florida-10-750x750.webp 750w\" sizes=\"(max-width: 933px) 100vw, 933px\" \/>\n            <\/div>\n        <\/div><div class=\"eael-entry-wrapper\"><header class=\"eael-entry-header\"><h2 class=\"eael-entry-title\"><a class=\"eael-grid-post-link\" href=\"https:\/\/soymigrante.com\/revista\/migrante-madre-y-emprendedora-maruu-cruz-regreso-a-vivir-en-guatemala-tras-11-anos-en-usa\/\" title=\"Migrante, madre y emprendedora Maruu Cruz regres\u00f3 a vivir a Guatemala tras 11 a\u00f1os en USA\">Migrante, madre y emprendedora Maruu Cruz regres\u00f3 a vivir a Guatemala tras 11 a\u00f1os en USA<\/a><\/h2><\/header><div class=\"eael-entry-content\">\n                        <div class=\"eael-grid-post-excerpt\"><a href=\"https:\/\/soymigrante.com\/revista\/migrante-madre-y-emprendedora-maruu-cruz-regreso-a-vivir-en-guatemala-tras-11-anos-en-usa\/\" class=\"eael-post-elements-readmore-btn\">CONOCE SU HISTORIA <\/a><\/div>\n                    <\/div><\/div><\/div>\n        <\/div>\n    <\/article><article class=\"eael-grid-post  eael-post-grid-column eael-pg-post-2511 category-exitos\" data-id=\"2511\">\n        <div class=\"eael-grid-post-holder\">\n            <div class=\"eael-grid-post-holder-inner\"><div class=\"eael-entry-media\"><div class=\"eael-entry-overlay fade-in\"><i class=\"far fa-hand-pointer\" aria-hidden=\"true\"><\/i><a href=\"https:\/\/soymigrante.com\/revista\/migrante-guatemalteca-cory-tzul-emprendio-su-negocio-en-alabama-y-crea-empleo-en-toto\/\"><\/a><\/div><div class=\"eael-entry-thumbnail \">\n                <img loading=\"lazy\" decoding=\"async\" width=\"508\" height=\"416\" src=\"https:\/\/soymigrante.com\/revista\/wp-content\/uploads\/2023\/09\/Captura-de-pantalla-2023-09-09-131440.webp\" class=\"attachment-large size-large wp-image-2531\" alt=\"\" srcset=\"https:\/\/soymigrante.com\/revista\/wp-content\/uploads\/2023\/09\/Captura-de-pantalla-2023-09-09-131440.webp 508w, https:\/\/soymigrante.com\/revista\/wp-content\/uploads\/2023\/09\/Captura-de-pantalla-2023-09-09-131440-300x246.webp 300w\" sizes=\"(max-width: 508px) 100vw, 508px\" \/>\n            <\/div>\n        <\/div><div class=\"eael-entry-wrapper\"><header class=\"eael-entry-header\"><h2 class=\"eael-entry-title\"><a class=\"eael-grid-post-link\" href=\"https:\/\/soymigrante.com\/revista\/migrante-guatemalteca-cory-tzul-emprendio-su-negocio-en-alabama-y-crea-empleo-en-toto\/\" title=\"Migrante guatemalteca Cori Tzul emprendi\u00f3  negocio en Alabama y genera empleo en su natal  Totonicap\u00e1n\">Migrante guatemalteca Cori Tzul emprendi\u00f3  negocio en Alabama y genera empleo en su natal  Totonicap\u00e1n<\/a><\/h2><\/header><div class=\"eael-entry-content\">\n                        <div class=\"eael-grid-post-excerpt\"><a href=\"https:\/\/soymigrante.com\/revista\/migrante-guatemalteca-cory-tzul-emprendio-su-negocio-en-alabama-y-crea-empleo-en-toto\/\" class=\"eael-post-elements-readmore-btn\">CONOCE SU HISTORIA <\/a><\/div>\n                    <\/div><\/div><\/div>\n        <\/div>\n    <\/article><article class=\"eael-grid-post  eael-post-grid-column eael-pg-post-2480 category-exitos\" data-id=\"2480\">\n        <div class=\"eael-grid-post-holder\">\n            <div class=\"eael-grid-post-holder-inner\"><div class=\"eael-entry-media\"><div class=\"eael-entry-overlay fade-in\"><i class=\"far fa-hand-pointer\" aria-hidden=\"true\"><\/i><a href=\"https:\/\/soymigrante.com\/revista\/isabel-emprendedora-y-migrante-conquista-con-el-sabor-guatemalteco-en-estados-unidos\/\"><\/a><\/div><div class=\"eael-entry-thumbnail \">\n                <img loading=\"lazy\" decoding=\"async\" width=\"1024\" height=\"485\" src=\"https:\/\/soymigrante.com\/revista\/wp-content\/uploads\/2023\/09\/Isabel-llego-a-Estados-Unidos-en-busca-de-una-oportunidad-pero-fue-una-etapa-dificil-a-partir-de-ello-nace-el-emprendimiento-familiar-Granizadas-guatemaltecas-502--1024x485.webp\" class=\"attachment-large size-large wp-image-2464\" alt=\"Isabel llego a Estados Unidos en busca de una oportunidad pero fue una etapa dif\u00edcil a partir de ello nace el emprendimiento familiar Granizadas guatemaltecas 502\" srcset=\"https:\/\/soymigrante.com\/revista\/wp-content\/uploads\/2023\/09\/Isabel-llego-a-Estados-Unidos-en-busca-de-una-oportunidad-pero-fue-una-etapa-dificil-a-partir-de-ello-nace-el-emprendimiento-familiar-Granizadas-guatemaltecas-502--1024x485.webp 1024w, https:\/\/soymigrante.com\/revista\/wp-content\/uploads\/2023\/09\/Isabel-llego-a-Estados-Unidos-en-busca-de-una-oportunidad-pero-fue-una-etapa-dificil-a-partir-de-ello-nace-el-emprendimiento-familiar-Granizadas-guatemaltecas-502--300x142.webp 300w, https:\/\/soymigrante.com\/revista\/wp-content\/uploads\/2023\/09\/Isabel-llego-a-Estados-Unidos-en-busca-de-una-oportunidad-pero-fue-una-etapa-dificil-a-partir-de-ello-nace-el-emprendimiento-familiar-Granizadas-guatemaltecas-502--768x364.webp 768w, https:\/\/soymigrante.com\/revista\/wp-content\/uploads\/2023\/09\/Isabel-llego-a-Estados-Unidos-en-busca-de-una-oportunidad-pero-fue-una-etapa-dificil-a-partir-de-ello-nace-el-emprendimiento-familiar-Granizadas-guatemaltecas-502--1536x728.webp 1536w, https:\/\/soymigrante.com\/revista\/wp-content\/uploads\/2023\/09\/Isabel-llego-a-Estados-Unidos-en-busca-de-una-oportunidad-pero-fue-una-etapa-dificil-a-partir-de-ello-nace-el-emprendimiento-familiar-Granizadas-guatemaltecas-502--750x355.webp 750w, https:\/\/soymigrante.com\/revista\/wp-content\/uploads\/2023\/09\/Isabel-llego-a-Estados-Unidos-en-busca-de-una-oportunidad-pero-fue-una-etapa-dificil-a-partir-de-ello-nace-el-emprendimiento-familiar-Granizadas-guatemaltecas-502--1140x540.webp 1140w, https:\/\/soymigrante.com\/revista\/wp-content\/uploads\/2023\/09\/Isabel-llego-a-Estados-Unidos-en-busca-de-una-oportunidad-pero-fue-una-etapa-dificil-a-partir-de-ello-nace-el-emprendimiento-familiar-Granizadas-guatemaltecas-502-.webp 1600w\" sizes=\"(max-width: 1024px) 100vw, 1024px\" \/>\n            <\/div>\n        <\/div><div class=\"eael-entry-wrapper\"><header class=\"eael-entry-header\"><h2 class=\"eael-entry-title\"><a class=\"eael-grid-post-link\" href=\"https:\/\/soymigrante.com\/revista\/isabel-emprendedora-y-migrante-conquista-con-el-sabor-guatemalteco-en-estados-unidos\/\" title=\"Isabel emprendedora y migrante refresca con sabor guatemalteco en Los Angeles, California\">Isabel emprendedora y migrante refresca con sabor guatemalteco en Los Angeles, California<\/a><\/h2><\/header><div class=\"eael-entry-content\">\n                        <div class=\"eael-grid-post-excerpt\"><a href=\"https:\/\/soymigrante.com\/revista\/isabel-emprendedora-y-migrante-conquista-con-el-sabor-guatemalteco-en-estados-unidos\/\" class=\"eael-post-elements-readmore-btn\">CONOCE SU HISTORIA <\/a><\/div>\n                    <\/div><\/div><\/div>\n        <\/div>\n    <\/article><\/div>\n            <div class=\"clearfix\"><\/div>\n        <\/div>\t\t\t\t<\/div>\n\t\t\t\t\t<\/div>\n\t\t\t\t<\/div>\n\t\t\t\t<\/div>\n\t\t","protected":false},"excerpt":{"rendered":"<p>El almac\u00e9n Variedades Juanita en Brooklyn, New York, es un aut\u00e9ntico puente con Guatemala: trajes t\u00edpicos, productos artesanales, bolsitas de pepitoria o chile cobanero llevan a migrantes connacionales hasta el sabor de su anhelada tierra. En el coraz\u00f3n de Brooklyn, Nueva York, existe una tienda con alma y coraz\u00f3n guatemalteco: Variedades Juanita, fundada hace siete [&hellip;]<\/p>\n","protected":false},"author":7,"featured_media":35409,"comment_status":"open","ping_status":"open","sticky":false,"template":"","format":"standard","meta":{"_acf_changed":false,"_eb_attr":"","footnotes":""},"categories":[50,274],"tags":[],"class_list":["post-35407","post","type-post","status-publish","format-standard","has-post-thumbnail","hentry","category-exitos","category-guatemala"],"acf":[],"aioseo_notices":[],"aioseo_head":"\n\t\t<!-- All in One SEO Pro 4.9.6.2 - aioseo.com -->\n\t<meta name=\"description\" content=\"Isabel L\u00f3pez es una mujer migrante guatemalteca que emprendi\u00f3 su negocio: Granizadas Chapinas 502 en el coraz\u00f3n de Los Angeles, California. Despu\u00e9s de la tormenta viene la calma En el a\u00f1o 2013 Isabel L\u00f3pez decidi\u00f3 migrar a Estados Unidos a reencontrarse con el amor de su vida, tambi\u00e9n para buscar una estabilidad laboral, sin embargo, Isabel L\u00f3pez es una mujer migrante guatemalteca que emprendi\u00f3 su negocio llamado 502 granizadas chapinas ofrece productos y sabores \u00fanicos de su pa\u00eds.\" \/>\n\t<meta name=\"robots\" content=\"max-snippet:-1, max-image-preview:large, max-video-preview:-1\" \/>\n\t<meta name=\"author\" content=\"Diana Batz\"\/>\n\t<link rel=\"canonical\" href=\"https:\/\/soymigrante.com\/revista\/isabel-emprendedora-y-migrante-conquista-con-el-sabor-guatemalteco-en-estados-unidos\/\" \/>\n\t<meta name=\"generator\" content=\"All in One SEO Pro (AIOSEO) 4.9.6.2\" \/>\n\n\t\t<link rel=\"preconnect\" href=\"https:\/\/fonts.googleapis.com\" crossorigin>\n<link rel=\"preconnect\" href=\"https:\/\/fonts.gstatic.com\" crossorigin>\n\t\t<meta property=\"og:locale\" content=\"es_ES\" \/>\n\t\t<meta property=\"og:site_name\" content=\"SoyMigrante.com REVISTA \u2013 Nuestra misi\u00f3n es reconocer y dignificar al migrante.\" \/>\n\t\t<meta property=\"og:type\" content=\"article\" \/>\n\t\t<meta property=\"og:title\" content=\"Isabel emprendedora y migrante refresca con sabor guatemalteco en Los Angeles, California\" \/>\n\t\t<meta property=\"og:description\" content=\"Isabel L\u00f3pez es una mujer migrante guatemalteca que emprendi\u00f3 su negocio: Granizadas Chapinas 502 en el coraz\u00f3n de Los Angeles, California. Despu\u00e9s de la tormenta viene la calma En el a\u00f1o 2013 Isabel L\u00f3pez decidi\u00f3 migrar a Estados Unidos a reencontrarse con el amor de su vida, tambi\u00e9n para buscar una estabilidad laboral, sin embargo, Isabel L\u00f3pez es una mujer migrante guatemalteca que emprendi\u00f3 su negocio llamado 502 granizadas chapinas ofrece productos y sabores \u00fanicos de su pa\u00eds.\" \/>\n\t\t<meta property=\"og:url\" content=\"https:\/\/soymigrante.com\/revista\/isabel-emprendedora-y-migrante-conquista-con-el-sabor-guatemalteco-en-estados-unidos\/\" \/>\n\t\t<meta property=\"og:image\" content=\"https:\/\/soymigrante.com\/revista\/wp-content\/uploads\/2023\/09\/Isabel-llego-a-Estados-Unidos-en-busca-de-una-oportunidad-pero-fue-una-etapa-dificil-a-partir-de-ello-nace-el-emprendimiento-familiar-Granizadas-guatemaltecas-502-.webp\" \/>\n\t\t<meta property=\"og:image:secure_url\" content=\"https:\/\/soymigrante.com\/revista\/wp-content\/uploads\/2023\/09\/Isabel-llego-a-Estados-Unidos-en-busca-de-una-oportunidad-pero-fue-una-etapa-dificil-a-partir-de-ello-nace-el-emprendimiento-familiar-Granizadas-guatemaltecas-502-.webp\" \/>\n\t\t<meta property=\"og:image:width\" content=\"1600\" \/>\n\t\t<meta property=\"og:image:height\" content=\"758\" \/>\n\t\t<meta property=\"article:published_time\" content=\"2023-09-08T17:23:34+00:00\" \/>\n\t\t<meta property=\"article:modified_time\" content=\"2024-07-30T20:29:07+00:00\" \/>\n\t\t<meta property=\"article:publisher\" content=\"https:\/\/www.facebook.com\/soymigrantecom\" \/>\n\t\t<meta name=\"twitter:card\" content=\"summary_large_image\" \/>\n\t\t<meta name=\"twitter:site\" content=\"@SoyMigrante_com\" \/>\n\t\t<meta name=\"twitter:title\" content=\"Isabel emprendedora y migrante refresca con sabor guatemalteco en Los Angeles, California\" \/>\n\t\t<meta name=\"twitter:description\" content=\"Isabel L\u00f3pez es una mujer migrante guatemalteca que emprendi\u00f3 su negocio: Granizadas Chapinas 502 en el coraz\u00f3n de Los Angeles, California. Despu\u00e9s de la tormenta viene la calma En el a\u00f1o 2013 Isabel L\u00f3pez decidi\u00f3 migrar a Estados Unidos a reencontrarse con el amor de su vida, tambi\u00e9n para buscar una estabilidad laboral, sin embargo, Isabel L\u00f3pez es una mujer migrante guatemalteca que emprendi\u00f3 su negocio llamado 502 granizadas chapinas ofrece productos y sabores \u00fanicos de su pa\u00eds.\" \/>\n\t\t<meta name=\"twitter:creator\" content=\"@SoyMigrante_com\" \/>\n\t\t<meta name=\"twitter:image\" content=\"https:\/\/soymigrante.com\/revista\/wp-content\/uploads\/2023\/09\/Isabel-llego-a-Estados-Unidos-en-busca-de-una-oportunidad-pero-fue-una-etapa-dificil-a-partir-de-ello-nace-el-emprendimiento-familiar-Granizadas-guatemaltecas-502-.webp\" \/>\n\t\t<!-- All in One SEO Pro -->\r\n\t\t<title>Isabel emprendedora y migrante refresca con sabor guatemalteco en Los Angeles, California<\/title>\n\n","aioseo_head_json":{"title":"Isabel emprendedora y migrante refresca con sabor guatemalteco en Los Angeles, California","description":"Isabel L\u00f3pez es una mujer migrante guatemalteca que emprendi\u00f3 su negocio: Granizadas Chapinas 502 en el coraz\u00f3n de Los Angeles, California. Despu\u00e9s de la tormenta viene la calma En el a\u00f1o 2013 Isabel L\u00f3pez decidi\u00f3 migrar a Estados Unidos a reencontrarse con el amor de su vida, tambi\u00e9n para buscar una estabilidad laboral, sin embargo, Isabel L\u00f3pez es una mujer migrante guatemalteca que emprendi\u00f3 su negocio llamado 502 granizadas chapinas ofrece productos y sabores \u00fanicos de su pa\u00eds.","canonical_url":"https:\/\/soymigrante.com\/revista\/isabel-emprendedora-y-migrante-conquista-con-el-sabor-guatemalteco-en-estados-unidos\/","robots":"max-snippet:-1, max-image-preview:large, max-video-preview:-1","keywords":"","webmasterTools":{"miscellaneous":"&lt;link rel=\"preconnect\" href=\"https:\/\/fonts.googleapis.com\" crossorigin&gt;\n&lt;link rel=\"preconnect\" href=\"https:\/\/fonts.gstatic.com\" crossorigin&gt;"},"schema":null,"og:locale":"es_ES","og:site_name":"SoyMigrante.com REVISTA \u2013 Nuestra misi\u00f3n es reconocer y dignificar al migrante.","og:type":"article","og:title":"Isabel emprendedora y migrante refresca con sabor guatemalteco en Los Angeles, California","og:description":"Isabel L\u00f3pez es una mujer migrante guatemalteca que emprendi\u00f3 su negocio: Granizadas Chapinas 502 en el coraz\u00f3n de Los Angeles, California. Despu\u00e9s de la tormenta viene la calma En el a\u00f1o 2013 Isabel L\u00f3pez decidi\u00f3 migrar a Estados Unidos a reencontrarse con el amor de su vida, tambi\u00e9n para buscar una estabilidad laboral, sin embargo, Isabel L\u00f3pez es una mujer migrante guatemalteca que emprendi\u00f3 su negocio llamado 502 granizadas chapinas ofrece productos y sabores \u00fanicos de su pa\u00eds.","og:url":"https:\/\/soymigrante.com\/revista\/isabel-emprendedora-y-migrante-conquista-con-el-sabor-guatemalteco-en-estados-unidos\/","og:image":"https:\/\/soymigrante.com\/revista\/wp-content\/uploads\/2023\/09\/Isabel-llego-a-Estados-Unidos-en-busca-de-una-oportunidad-pero-fue-una-etapa-dificil-a-partir-de-ello-nace-el-emprendimiento-familiar-Granizadas-guatemaltecas-502-.webp","og:image:secure_url":"https:\/\/soymigrante.com\/revista\/wp-content\/uploads\/2023\/09\/Isabel-llego-a-Estados-Unidos-en-busca-de-una-oportunidad-pero-fue-una-etapa-dificil-a-partir-de-ello-nace-el-emprendimiento-familiar-Granizadas-guatemaltecas-502-.webp","og:image:width":1600,"og:image:height":758,"article:published_time":"2023-09-08T17:23:34+00:00","article:modified_time":"2024-07-30T20:29:07+00:00","article:publisher":"https:\/\/www.facebook.com\/soymigrantecom","twitter:card":"summary_large_image","twitter:site":"@SoyMigrante_com","twitter:title":"Isabel emprendedora y migrante refresca con sabor guatemalteco en Los Angeles, California","twitter:description":"Isabel L\u00f3pez es una mujer migrante guatemalteca que emprendi\u00f3 su negocio: Granizadas Chapinas 502 en el coraz\u00f3n de Los Angeles, California. Despu\u00e9s de la tormenta viene la calma En el a\u00f1o 2013 Isabel L\u00f3pez decidi\u00f3 migrar a Estados Unidos a reencontrarse con el amor de su vida, tambi\u00e9n para buscar una estabilidad laboral, sin embargo, Isabel L\u00f3pez es una mujer migrante guatemalteca que emprendi\u00f3 su negocio llamado 502 granizadas chapinas ofrece productos y sabores \u00fanicos de su pa\u00eds.","twitter:creator":"@SoyMigrante_com","twitter:image":"https:\/\/soymigrante.com\/revista\/wp-content\/uploads\/2023\/09\/Isabel-llego-a-Estados-Unidos-en-busca-de-una-oportunidad-pero-fue-una-etapa-dificil-a-partir-de-ello-nace-el-emprendimiento-familiar-Granizadas-guatemaltecas-502-.webp"},"aioseo_meta_data":{"post_id":"35407","title":"#post_title","description":"Juanita Xuruc, de Totonicap\u00e1n, reconecta corazones chapines con sus ra\u00edces a trav\u00e9s de sabores, telas y s\u00edmbolos que llevan el alma de Guatemala a New York |","keywords":null,"keyphrases":{"focus":{"keyphrase":"Brooklyn","score":69,"analysis":{"keyphraseInTitle":{"score":9,"maxScore":9,"error":0},"keyphraseInDescription":{"score":3,"maxScore":9,"error":1},"keyphraseLength":{"score":9,"maxScore":9,"error":0,"length":1},"keyphraseInURL":{"score":5,"maxScore":5,"error":0},"keyphraseInIntroduction":{"score":9,"maxScore":9,"error":0},"keyphraseInSubHeadings":{"score":3,"maxScore":9,"error":1},"keyphraseInImageAlt":{"score":9,"maxScore":9,"error":0},"keywordDensity":{"score":0,"type":"low","maxScore":9,"error":1}}},"additional":[{"keyphrase":"New York","score":53,"analysis":{"keyphraseInDescription":{"score":9,"maxScore":9,"error":0},"keyphraseLength":{"score":9,"maxScore":9,"error":0,"length":2},"keyphraseInIntroduction":{"score":3,"maxScore":9,"error":1},"keyphraseInImageAlt":{"score":3,"maxScore":9,"error":1},"keywordDensity":{"score":0,"type":"low","maxScore":9,"error":1}}},{"keyphrase":"Guatemalteca","score":67,"analysis":{"keyphraseInDescription":{"score":3,"maxScore":9,"error":1},"keyphraseLength":{"score":9,"maxScore":9,"error":0,"length":1},"keyphraseInIntroduction":{"score":9,"maxScore":9,"error":0},"keyphraseInImageAlt":{"score":9,"maxScore":9,"error":0},"keywordDensity":{"score":0,"type":"low","maxScore":9,"error":1}}},{"keyphrase":"Migrante","score":87,"analysis":{"keyphraseInDescription":{"score":3,"maxScore":9,"error":1},"keyphraseLength":{"score":9,"maxScore":9,"error":0,"length":1},"keyphraseInIntroduction":{"score":9,"maxScore":9,"error":0},"keyphraseInImageAlt":{"score":9,"maxScore":9,"error":0},"keywordDensity":{"type":"best","score":9,"maxScore":9,"error":0}}}]},"primary_term":null,"canonical_url":null,"og_title":null,"og_description":null,"og_object_type":"default","og_image_type":"default","og_image_url":null,"og_image_width":null,"og_image_height":null,"og_image_custom_url":null,"og_image_custom_fields":null,"og_video":"","og_custom_url":null,"og_article_section":null,"og_article_tags":null,"twitter_use_og":false,"twitter_card":"default","twitter_image_type":"default","twitter_image_url":null,"twitter_image_custom_url":null,"twitter_image_custom_fields":null,"twitter_title":null,"twitter_description":null,"schema":{"blockGraphs":[],"customGraphs":[],"default":{"data":{"Article":[],"Course":[],"Dataset":[],"FAQPage":[],"Movie":[],"Person":[],"Product":[],"ProductReview":[],"Car":[],"Recipe":[],"Service":[],"SoftwareApplication":[],"WebPage":[]},"graphName":"none","isEnabled":true},"graphs":[]},"schema_type":"default","schema_type_options":null,"pillar_content":false,"robots_default":true,"robots_noindex":false,"robots_noarchive":false,"robots_nosnippet":false,"robots_nofollow":false,"robots_noimageindex":false,"robots_noodp":false,"robots_notranslate":false,"robots_max_snippet":"-1","robots_max_videopreview":"-1","robots_max_imagepreview":"large","priority":null,"frequency":"default","local_seo":null,"seo_analyzer_scan_date":"2025-10-09 05:38:15","breadcrumb_settings":null,"limit_modified_date":false,"reviewed_by":"0","open_ai":"{\"title\":{\"suggestions\":[],\"usage\":0},\"description\":{\"suggestions\":[],\"usage\":0}}","ai":null,"created":"2025-06-04 17:32:23","updated":"2026-02-05 00:33:28"},"aioseo_breadcrumb":"<div class=\"aioseo-breadcrumbs\"><span class=\"aioseo-breadcrumb\">\n\t<a href=\"https:\/\/soymigrante.com\/revista\" title=\"Home\">Home<\/a>\n<\/span><span class=\"aioseo-breadcrumb-separator\">\u00bb<\/span><span class=\"aioseo-breadcrumb\">\n\t<a href=\"https:\/\/soymigrante.com\/revista\/category\/exitos\/\" title=\"\u00c9xitos\">\u00c9xitos<\/a>\n<\/span><span class=\"aioseo-breadcrumb-separator\">\u00bb<\/span><span class=\"aioseo-breadcrumb\">\n\t<a href=\"https:\/\/soymigrante.com\/revista\/category\/exitos\/guatemala\/\" title=\"Guatemala\">Guatemala<\/a>\n<\/span><span class=\"aioseo-breadcrumb-separator\">\u00bb<\/span><span class=\"aioseo-breadcrumb\">\n\tVariedades Juanita: tradici\u00f3n y sabores mayas en Brooklyn\n<\/span><\/div>","aioseo_breadcrumb_json":[{"label":"Home","link":"https:\/\/soymigrante.com\/revista"},{"label":"\u00c9xitos","link":"https:\/\/soymigrante.com\/revista\/category\/exitos\/"},{"label":"Guatemala","link":"https:\/\/soymigrante.com\/revista\/category\/exitos\/guatemala\/"},{"label":"Variedades Juanita: tradici\u00f3n y sabores mayas en Brooklyn","link":"https:\/\/soymigrante.com\/revista\/variedades-juanita-tradicion-y-sabores-mayas-en-brooklyn\/"}],"_links":{"self":[{"href":"https:\/\/soymigrante.com\/revista\/wp-json\/wp\/v2\/posts\/35407","targetHints":{"allow":["GET"]}}],"collection":[{"href":"https:\/\/soymigrante.com\/revista\/wp-json\/wp\/v2\/posts"}],"about":[{"href":"https:\/\/soymigrante.com\/revista\/wp-json\/wp\/v2\/types\/post"}],"author":[{"embeddable":true,"href":"https:\/\/soymigrante.com\/revista\/wp-json\/wp\/v2\/users\/7"}],"replies":[{"embeddable":true,"href":"https:\/\/soymigrante.com\/revista\/wp-json\/wp\/v2\/comments?post=35407"}],"version-history":[{"count":19,"href":"https:\/\/soymigrante.com\/revista\/wp-json\/wp\/v2\/posts\/35407\/revisions"}],"predecessor-version":[{"id":46679,"href":"https:\/\/soymigrante.com\/revista\/wp-json\/wp\/v2\/posts\/35407\/revisions\/46679"}],"wp:featuredmedia":[{"embeddable":true,"href":"https:\/\/soymigrante.com\/revista\/wp-json\/wp\/v2\/media\/35409"}],"wp:attachment":[{"href":"https:\/\/soymigrante.com\/revista\/wp-json\/wp\/v2\/media?parent=35407"}],"wp:term":[{"taxonomy":"category","embeddable":true,"href":"https:\/\/soymigrante.com\/revista\/wp-json\/wp\/v2\/categories?post=35407"},{"taxonomy":"post_tag","embeddable":true,"href":"https:\/\/soymigrante.com\/revista\/wp-json\/wp\/v2\/tags?post=35407"}],"curies":[{"name":"wp","href":"https:\/\/api.w.org\/{rel}","templated":true}]}}