{"id":35319,"date":"2025-06-04T08:18:16","date_gmt":"2025-06-04T14:18:16","guid":{"rendered":"https:\/\/soymigrante.com\/revista\/?p=35319"},"modified":"2025-06-04T08:25:17","modified_gmt":"2025-06-04T14:25:17","slug":"que-es-el-lupus-y-como-acompanar-a-una-persona-que-lo-padece","status":"publish","type":"post","link":"https:\/\/soymigrante.com\/revista\/que-es-el-lupus-y-como-acompanar-a-una-persona-que-lo-padece\/","title":{"rendered":"\u00bfQu\u00e9 es el lupus y c\u00f3mo acompa\u00f1ar a una persona que lo padece?"},"content":{"rendered":"\t\t<div data-elementor-type=\"wp-post\" data-elementor-id=\"35319\" class=\"elementor elementor-35319\" data-elementor-post-type=\"post\">\n\t\t\t\t<div data-particle_enable=\"false\" data-particle-mobile-disabled=\"false\" class=\"elementor-element elementor-element-edb7144 e-flex e-con-boxed e-con e-parent\" data-id=\"edb7144\" data-element_type=\"container\" data-e-type=\"container\">\n\t\t\t\t\t<div class=\"e-con-inner\">\n\t\t\t\t<div class=\"elementor-element elementor-element-5065a1e elementor-widget elementor-widget-heading\" data-id=\"5065a1e\" data-element_type=\"widget\" data-e-type=\"widget\" data-widget_type=\"heading.default\">\n\t\t\t\t\t<h2 class=\"elementor-heading-title elementor-size-default\">El Lupus es una enfermedad autoinmune, compleja que requiere empat\u00eda, comprensi\u00f3n y tratamiento constante.<\/h2>\t\t\t\t<\/div>\n\t\t\t\t\t<\/div>\n\t\t\t\t<\/div>\n\t\t<div data-particle_enable=\"false\" data-particle-mobile-disabled=\"false\" class=\"elementor-element elementor-element-b0732d3 e-flex e-con-boxed e-con e-parent\" data-id=\"b0732d3\" data-element_type=\"container\" data-e-type=\"container\">\n\t\t\t\t\t<div class=\"e-con-inner\">\n\t\t\t\t<div class=\"elementor-element elementor-element-38eed81 elementor-widget elementor-widget-text-editor\" data-id=\"38eed81\" data-element_type=\"widget\" data-e-type=\"widget\" data-widget_type=\"text-editor.default\">\n\t\t\t\t\t\t\t\t\t<p>El<a href=\"https:\/\/www.facebook.com\/ProyectoLupusGuatemala\/\" target=\"_blank\" rel=\"noopener\"> lupus es una enfermedad autoinmune cr\u00f3nica<\/a> que afecta a millones de personas en el mundo, en su mayor\u00eda mujeres j\u00f3venes entre los 15 y 45 a\u00f1os. Esta condici\u00f3n hace que el sistema inmunol\u00f3gico \u2014que normalmente protege al cuerpo de virus y bacterias\u2014 ataque por error a tejidos y \u00f3rganos sanos, provocando inflamaci\u00f3n y da\u00f1o en zonas como la piel, las articulaciones, los ri\u00f1ones, el coraz\u00f3n, los pulmones y el cerebro.<\/p><p>Existen varios tipos de lupus, siendo el<a href=\"https:\/\/www.facebook.com\/ProyectoLupusGuatemala\/\" target=\"_blank\" rel=\"noopener\"> lupus eritematoso sist\u00e9mico (LES)<\/a> el m\u00e1s com\u00fan. Aunque no tiene cura, s\u00ed puede controlarse con medicamentos, chequeos frecuentes y un estilo de vida saludable que permita disminuir los brotes y mantener la enfermedad en remisi\u00f3n.<\/p>\t\t\t\t\t\t\t\t<\/div>\n\t\t\t\t\t<\/div>\n\t\t\t\t<\/div>\n\t\t<div data-particle_enable=\"false\" data-particle-mobile-disabled=\"false\" class=\"elementor-element elementor-element-a4c6e18 e-flex e-con-boxed e-con e-parent\" data-id=\"a4c6e18\" data-element_type=\"container\" data-e-type=\"container\">\n\t\t\t\t\t<div class=\"e-con-inner\">\n\t\t\t\t<div class=\"elementor-element elementor-element-6dc4906 content-align-cta-default eael-cta-overlay-yes elementor-widget elementor-widget-eael-cta-box\" data-id=\"6dc4906\" data-element_type=\"widget\" data-e-type=\"widget\" data-widget_type=\"eael-cta-box.default\">\n\t\t\t\t\t\t\t<div class=\"eael-call-to-action cta-basic bg-img cta-preset-1\">\n        <h2 class=\"title eael-cta-heading\">APOYO EN ESTADOS UNIDOS PARA PACIENTES DE LUPUS<\/h2><p>\u00a0<\/p><p>Fundaci\u00f3n en Estados Unidos ofrece redes de apoyo y sugerencias de recursos para enfrentar esta situaci\u00f3n.<\/p><a href=\"https:\/\/www.lupus.org\/resources\/find-support-near-you\" class=\"cta-button cta-preset-1  \">Haz clic aqu\u00ed<\/a>\t<\/div>\n\t\t\t\t\t\t\t\t<\/div>\n\t\t\t\t\t<\/div>\n\t\t\t\t<\/div>\n\t\t<div data-particle_enable=\"false\" data-particle-mobile-disabled=\"false\" class=\"elementor-element elementor-element-870b4bc e-flex e-con-boxed e-con e-parent\" data-id=\"870b4bc\" data-element_type=\"container\" data-e-type=\"container\">\n\t\t\t\t\t<div class=\"e-con-inner\">\n\t\t\t\t<div class=\"elementor-element elementor-element-4e4067d elementor-widget elementor-widget-heading\" data-id=\"4e4067d\" data-element_type=\"widget\" data-e-type=\"widget\" data-widget_type=\"heading.default\">\n\t\t\t\t\t<h3 class=\"elementor-heading-title elementor-size-default\">\u00bfC\u00f3mo se controla el lupus?<\/h3>\t\t\t\t<\/div>\n\t\t\t\t\t<\/div>\n\t\t\t\t<\/div>\n\t\t<div data-particle_enable=\"false\" data-particle-mobile-disabled=\"false\" class=\"elementor-element elementor-element-e975f62 e-flex e-con-boxed e-con e-parent\" data-id=\"e975f62\" data-element_type=\"container\" data-e-type=\"container\">\n\t\t\t\t\t<div class=\"e-con-inner\">\n\t\t\t\t<div class=\"elementor-element elementor-element-68d5ff0 elementor-widget elementor-widget-text-editor\" data-id=\"68d5ff0\" data-element_type=\"widget\" data-e-type=\"widget\" data-widget_type=\"text-editor.default\">\n\t\t\t\t\t\t\t\t\t<p><a href=\"https:\/\/www.facebook.com\/ProyectoLupusGuatemala\/\" target=\"_blank\" rel=\"noopener\">El tratamiento del lupus<\/a> var\u00eda de una persona a otra, ya que los s\u00edntomas pueden ser diferentes. Algunos presentan cansancio extremo, dolores articulares, erupciones cut\u00e1neas en forma de mariposa sobre el rostro, fiebre sin causa aparente, ca\u00edda del cabello o sensibilidad a la luz solar.<\/p><p>El control m\u00e9dico incluye el uso de antiinflamatorios, inmunosupresores, corticoides y antipal\u00fadicos, adem\u00e1s de atenci\u00f3n por diferentes especialistas (reumat\u00f3logos, nefr\u00f3logos, dermat\u00f3logos, entre otros).<\/p>\t\t\t\t\t\t\t\t<\/div>\n\t\t\t\t\t<\/div>\n\t\t\t\t<\/div>\n\t\t<div data-particle_enable=\"false\" data-particle-mobile-disabled=\"false\" class=\"elementor-element elementor-element-e6deea2 e-flex e-con-boxed e-con e-parent\" data-id=\"e6deea2\" data-element_type=\"container\" data-e-type=\"container\">\n\t\t\t\t\t<div class=\"e-con-inner\">\n\t\t\t\t<div class=\"elementor-element elementor-element-f7dca49 elementor-widget elementor-widget-text-editor\" data-id=\"f7dca49\" data-element_type=\"widget\" data-e-type=\"widget\" data-widget_type=\"text-editor.default\">\n\t\t\t\t\t\t\t\t\t<div>Adem\u00e1s, es clave llevar una <strong>vida equilibrada:<\/strong><\/div><div><strong>\u2022Dormir lo suficiente.<\/strong><\/div><div><strong>\u2022Evitar la exposici\u00f3n al sol.<\/strong><\/div><div><strong>\u2022Comer saludablemente.<\/strong><\/div><div><strong>\u2022Reducir el estr\u00e9s.<\/strong><\/div><div><strong>\u2022Hacer ejercicio moderado.<\/strong><\/div><div>\u00a0<\/div><div>Los pacientes deben aprender a reconocer los s\u00edntomas de alerta de un brote y consultar de inmediato al m\u00e9dico para prevenir complicaciones.<\/div>\t\t\t\t\t\t\t\t<\/div>\n\t\t\t\t\t<\/div>\n\t\t\t\t<\/div>\n\t\t<div data-particle_enable=\"false\" data-particle-mobile-disabled=\"false\" class=\"elementor-element elementor-element-0f31649 e-flex e-con-boxed e-con e-parent\" data-id=\"0f31649\" data-element_type=\"container\" data-e-type=\"container\">\n\t\t\t\t\t<div class=\"e-con-inner\">\n\t\t\t\t<div class=\"elementor-element elementor-element-3c5ce95 elementor-invisible elementor-widget elementor-widget-facebook-embed\" data-id=\"3c5ce95\" data-element_type=\"widget\" data-e-type=\"widget\" data-settings=\"{&quot;_animation&quot;:&quot;zoomInDown&quot;}\" data-widget_type=\"facebook-embed.default\">\n\t\t\t\t\t<div style=\"min-height: 1px\" class=\"elementor-facebook-widget fb-post\" data-href=\"https:\/\/www.facebook.com\/photo.php?fbid=273266302013509&#038;set=pb.100079904232673.-2207520000&#038;type=3\" data-show-text=\"false\"><\/div>\t\t\t\t<\/div>\n\t\t\t\t\t<\/div>\n\t\t\t\t<\/div>\n\t\t<div data-particle_enable=\"false\" data-particle-mobile-disabled=\"false\" class=\"elementor-element elementor-element-a3dea55 e-flex e-con-boxed e-con e-parent\" data-id=\"a3dea55\" data-element_type=\"container\" data-e-type=\"container\">\n\t\t\t\t\t<div class=\"e-con-inner\">\n\t\t\t\t<div class=\"elementor-element elementor-element-fb9432e elementor-widget elementor-widget-heading\" data-id=\"fb9432e\" data-element_type=\"widget\" data-e-type=\"widget\" data-widget_type=\"heading.default\">\n\t\t\t\t\t<h3 class=\"elementor-heading-title elementor-size-default\">\u00bfC\u00f3mo hablar con una persona que tiene lupus?<\/h3>\t\t\t\t<\/div>\n\t\t\t\t\t<\/div>\n\t\t\t\t<\/div>\n\t\t<div data-particle_enable=\"false\" data-particle-mobile-disabled=\"false\" class=\"elementor-element elementor-element-0558c0f e-flex e-con-boxed e-con e-parent\" data-id=\"0558c0f\" data-element_type=\"container\" data-e-type=\"container\">\n\t\t\t\t\t<div class=\"e-con-inner\">\n\t\t\t\t<div class=\"elementor-element elementor-element-f8956a5 elementor-widget elementor-widget-text-editor\" data-id=\"f8956a5\" data-element_type=\"widget\" data-e-type=\"widget\" data-widget_type=\"text-editor.default\">\n\t\t\t\t\t\t\t\t\t<div><a href=\"https:\/\/www.facebook.com\/ProyectoLupusGuatemala\/\" target=\"_blank\" rel=\"noopener\">El lupus no solo afecta f\u00edsicamente, tambi\u00e9n tiene un impacto emocional.<\/a> Muchas personas se sienten incomprendidas o invisibilizadas, especialmente porque los s\u00edntomas pueden no notarse externamente. Es com\u00fan que enfrenten comentarios poco emp\u00e1ticos como: \u201cPero si te ves bien\u201d o \u201cSeguramente es psicol\u00f3gico\u201d.<\/div><div>\u00a0<\/div><div>Por eso, es importante hablar con empat\u00eda. Aqu\u00ed algunos consejos:<\/div><div><strong>\u2022Escucha sin juzgar.<\/strong> A veces solo necesitan desahogarse.<\/div><div><strong>\u2022Evita minimizar el dolor.<\/strong> Frases como \u201cA todos nos duele algo\u201d restan valor a su experiencia.<\/div><div><strong>\u2022Inf\u00f3rmate sobre la enfermedad.<\/strong> Eso demuestra inter\u00e9s y respeto.<\/div><div><strong>\u2022Ofrece apoyo pr\u00e1ctico<\/strong>. Desde acompa\u00f1arlos a una cita m\u00e9dica hasta ayudarlos en tareas cotidianas durante un brote.<\/div><div><strong>\u2022Respeta sus l\u00edmites.<\/strong> No siempre tendr\u00e1n energ\u00eda para salir o participar en actividades sociales.<\/div>\t\t\t\t\t\t\t\t<\/div>\n\t\t\t\t\t<\/div>\n\t\t\t\t<\/div>\n\t\t<div data-particle_enable=\"false\" data-particle-mobile-disabled=\"false\" class=\"elementor-element elementor-element-875003b e-flex e-con-boxed e-con e-parent\" data-id=\"875003b\" data-element_type=\"container\" data-e-type=\"container\">\n\t\t\t\t\t<div class=\"e-con-inner\">\n\t\t\t\t<div class=\"elementor-element elementor-element-b4f5719 elementor-invisible elementor-widget elementor-widget-facebook-embed\" data-id=\"b4f5719\" data-element_type=\"widget\" data-e-type=\"widget\" data-settings=\"{&quot;_animation&quot;:&quot;zoomInDown&quot;}\" data-widget_type=\"facebook-embed.default\">\n\t\t\t\t\t<div style=\"min-height: 1px\" class=\"elementor-facebook-widget fb-post\" data-href=\"https:\/\/www.facebook.com\/ProyectoLupusGuatemala\/photos\/pb.100079904232673.-2207520000\/101148345689228\/?type=3\" data-show-text=\"false\"><\/div>\t\t\t\t<\/div>\n\t\t\t\t\t<\/div>\n\t\t\t\t<\/div>\n\t\t<div data-particle_enable=\"false\" data-particle-mobile-disabled=\"false\" class=\"elementor-element elementor-element-e788107 e-flex e-con-boxed e-con e-parent\" data-id=\"e788107\" data-element_type=\"container\" data-e-type=\"container\">\n\t\t\t\t\t<div class=\"e-con-inner\">\n\t\t\t\t<div class=\"elementor-element elementor-element-89ec50e elementor-widget elementor-widget-text-editor\" data-id=\"89ec50e\" data-element_type=\"widget\" data-e-type=\"widget\" data-widget_type=\"text-editor.default\">\n\t\t\t\t\t\t\t\t\t<p><a href=\"https:\/\/www.facebook.com\/ProyectoLupusGuatemala\/\" target=\"_blank\" rel=\"noopener\">Vivir con lupus es un desaf\u00edo diario<\/a>. El diagn\u00f3stico temprano, el tratamiento adecuado y una red de apoyo emocional pueden marcar una gran diferencia en la calidad de vida. Escuchar, comprender y acompa\u00f1ar sin prejuicios puede ser el mejor gesto para quienes enfrentan esta compleja enfermedad.<\/p>\t\t\t\t\t\t\t\t<\/div>\n\t\t\t\t\t<\/div>\n\t\t\t\t<\/div>\n\t\t<div data-particle_enable=\"false\" data-particle-mobile-disabled=\"false\" class=\"elementor-element elementor-element-76a3463 e-flex e-con-boxed e-con e-parent\" data-id=\"76a3463\" data-element_type=\"container\" data-e-type=\"container\">\n\t\t\t\t\t<div class=\"e-con-inner\">\n\t\t\t\t<div class=\"elementor-element elementor-element-8830e5a elementor-widget elementor-widget-heading\" data-id=\"8830e5a\" data-element_type=\"widget\" data-e-type=\"widget\" data-widget_type=\"heading.default\">\n\t\t\t\t\t<h2 class=\"elementor-heading-title elementor-size-default\">Conoce otra informaci\u00f3n que te pueda servir...<\/h2>\t\t\t\t<\/div>\n\t\t\t\t\t<\/div>\n\t\t\t\t<\/div>\n\t\t<div data-particle_enable=\"false\" data-particle-mobile-disabled=\"false\" class=\"elementor-element elementor-element-b133cc1 e-flex e-con-boxed e-con e-parent\" data-id=\"b133cc1\" data-element_type=\"container\" data-e-type=\"container\">\n\t\t\t\t\t<div class=\"e-con-inner\">\n\t\t\t\t<div class=\"elementor-element elementor-element-f8fb139 elementor-grid-eael-col-3 elementor-grid-tablet-eael-col-2 elementor-grid-mobile-eael-col-1 elementor-widget elementor-widget-eael-post-grid\" data-id=\"f8fb139\" data-element_type=\"widget\" data-e-type=\"widget\" data-settings=\"{&quot;eael_post_grid_columns&quot;:&quot;eael-col-3&quot;,&quot;eael_post_grid_columns_tablet&quot;:&quot;eael-col-2&quot;,&quot;eael_post_grid_columns_mobile&quot;:&quot;eael-col-1&quot;}\" data-widget_type=\"eael-post-grid.default\">\n\t\t\t\t\t<div id=\"eael-post-grid-f8fb139\" class=\"eael-post-grid-container\">\n            <div class=\"eael-post-grid eael-post-appender eael-post-appender-f8fb139 eael-post-grid-style-one\" data-layout-mode=\"masonry\"><article class=\"eael-grid-post  eael-post-grid-column eael-pg-post-33963 category-salud-emocional tags-salud-emocional\" data-id=\"33963\">\n        <div class=\"eael-grid-post-holder\">\n            <div class=\"eael-grid-post-holder-inner\"><div class=\"eael-entry-media\"><div class=\"eael-entry-overlay fade-in\"><i class=\"far fa-hand-pointer\" aria-hidden=\"true\"><\/i><a href=\"https:\/\/soymigrante.com\/revista\/el-duelo-a-la-distancia-cuando-los-papeles-migratorios-separan-a-los-enfermos\/\"><\/a><\/div><div class=\"eael-entry-thumbnail \">\n                <img fetchpriority=\"high\" decoding=\"async\" width=\"1024\" height=\"682\" src=\"https:\/\/soymigrante.com\/revista\/wp-content\/uploads\/2025\/05\/El-duelo-a-la-distancia-cuando-los-papeles-migratorios-separan-a-los-enfermos4-1024x682.jpeg\" class=\"attachment-large size-large wp-image-33964\" alt=\"Cuidado de la salud para inmigrantes, atenci\u00f3n m\u00e9dica y apoyo emocional, derechos y recursos para migrantes en situaci\u00f3n vulnerable en la revista SoyMigrante.com REVISTA.\" srcset=\"https:\/\/soymigrante.com\/revista\/wp-content\/uploads\/2025\/05\/El-duelo-a-la-distancia-cuando-los-papeles-migratorios-separan-a-los-enfermos4-1024x682.jpeg 1024w, https:\/\/soymigrante.com\/revista\/wp-content\/uploads\/2025\/05\/El-duelo-a-la-distancia-cuando-los-papeles-migratorios-separan-a-los-enfermos4-300x200.jpeg 300w, https:\/\/soymigrante.com\/revista\/wp-content\/uploads\/2025\/05\/El-duelo-a-la-distancia-cuando-los-papeles-migratorios-separan-a-los-enfermos4-768x512.jpeg 768w, https:\/\/soymigrante.com\/revista\/wp-content\/uploads\/2025\/05\/El-duelo-a-la-distancia-cuando-los-papeles-migratorios-separan-a-los-enfermos4-1536x1023.jpeg 1536w, https:\/\/soymigrante.com\/revista\/wp-content\/uploads\/2025\/05\/El-duelo-a-la-distancia-cuando-los-papeles-migratorios-separan-a-los-enfermos4-750x500.webp 750w, https:\/\/soymigrante.com\/revista\/wp-content\/uploads\/2025\/05\/El-duelo-a-la-distancia-cuando-los-papeles-migratorios-separan-a-los-enfermos4-1140x760.webp 1140w, https:\/\/soymigrante.com\/revista\/wp-content\/uploads\/2025\/05\/El-duelo-a-la-distancia-cuando-los-papeles-migratorios-separan-a-los-enfermos4.webp 1600w\" sizes=\"(max-width: 1024px) 100vw, 1024px\" \/>\n            <\/div>\n        <\/div><div class=\"eael-entry-wrapper\"><header class=\"eael-entry-header\"><h2 class=\"eael-entry-title\"><a class=\"eael-grid-post-link\" href=\"https:\/\/soymigrante.com\/revista\/el-duelo-a-la-distancia-cuando-los-papeles-migratorios-separan-a-los-enfermos\/\" title=\"El duelo a la distancia: cuando la situacion migratoria no permite visitar a un familiar enfermo\">El duelo a la distancia: cuando la situacion migratoria no permite visitar a un familiar enfermo<\/a><\/h2><\/header><div class=\"eael-entry-content\">\n                        <div class=\"eael-grid-post-excerpt\"><a href=\"https:\/\/soymigrante.com\/revista\/el-duelo-a-la-distancia-cuando-los-papeles-migratorios-separan-a-los-enfermos\/\" class=\"eael-post-elements-readmore-btn\">CONOCE SU HISTORIA <\/a><\/div>\n                    <\/div><\/div><\/div>\n        <\/div>\n    <\/article><article class=\"eael-grid-post  eael-post-grid-column eael-pg-post-33065 category-bienestar\" data-id=\"33065\">\n        <div class=\"eael-grid-post-holder\">\n            <div class=\"eael-grid-post-holder-inner\"><div class=\"eael-entry-media\"><div class=\"eael-entry-overlay fade-in\"><i class=\"far fa-hand-pointer\" aria-hidden=\"true\"><\/i><a href=\"https:\/\/soymigrante.com\/revista\/reconocer-las-senales-tempranas-del-alzheimer-es-vital-para-poder-enfrentarlo-de-mejor-forma\/\"><\/a><\/div><div class=\"eael-entry-thumbnail \">\n                <img decoding=\"async\" width=\"1024\" height=\"684\" src=\"https:\/\/soymigrante.com\/revista\/wp-content\/uploads\/2025\/05\/Concientizacion-sobre-el-Alzheimer-1024x684.jpeg\" class=\"attachment-large size-large wp-image-33066\" alt=\"Pastillas medicamentos en frasco, salud, bienestar, medicina, farmac\u00e9utico, atenci\u00f3n a la salud, tratamiento m\u00e9dico, farmacolog\u00eda, cuidado de la salud, medicina moderna, botellas de medicinas, atenci\u00f3n m\u00e9dica.\" srcset=\"https:\/\/soymigrante.com\/revista\/wp-content\/uploads\/2025\/05\/Concientizacion-sobre-el-Alzheimer-1024x684.jpeg 1024w, https:\/\/soymigrante.com\/revista\/wp-content\/uploads\/2025\/05\/Concientizacion-sobre-el-Alzheimer-300x200.jpeg 300w, https:\/\/soymigrante.com\/revista\/wp-content\/uploads\/2025\/05\/Concientizacion-sobre-el-Alzheimer-768x513.jpeg 768w, https:\/\/soymigrante.com\/revista\/wp-content\/uploads\/2025\/05\/Concientizacion-sobre-el-Alzheimer-1536x1025.jpeg 1536w, https:\/\/soymigrante.com\/revista\/wp-content\/uploads\/2025\/05\/Concientizacion-sobre-el-Alzheimer-750x501.webp 750w, https:\/\/soymigrante.com\/revista\/wp-content\/uploads\/2025\/05\/Concientizacion-sobre-el-Alzheimer-1140x761.webp 1140w, https:\/\/soymigrante.com\/revista\/wp-content\/uploads\/2025\/05\/Concientizacion-sobre-el-Alzheimer.webp 1600w\" sizes=\"(max-width: 1024px) 100vw, 1024px\" \/>\n            <\/div>\n        <\/div><div class=\"eael-entry-wrapper\"><header class=\"eael-entry-header\"><h2 class=\"eael-entry-title\"><a class=\"eael-grid-post-link\" href=\"https:\/\/soymigrante.com\/revista\/reconocer-las-senales-tempranas-del-alzheimer-es-vital-para-poder-enfrentarlo-de-mejor-forma\/\" title=\"Reconocer las se\u00f1ales tempranas del Alzheimer es vital para poder enfrentarlo de mejor forma\">Reconocer las se\u00f1ales tempranas del Alzheimer es vital para poder enfrentarlo de mejor forma<\/a><\/h2><\/header><div class=\"eael-entry-content\">\n                        <div class=\"eael-grid-post-excerpt\"><a href=\"https:\/\/soymigrante.com\/revista\/reconocer-las-senales-tempranas-del-alzheimer-es-vital-para-poder-enfrentarlo-de-mejor-forma\/\" class=\"eael-post-elements-readmore-btn\">CONOCE SU HISTORIA <\/a><\/div>\n                    <\/div><\/div><\/div>\n        <\/div>\n    <\/article><article class=\"eael-grid-post  eael-post-grid-column eael-pg-post-9250 category-bienestar\" data-id=\"9250\">\n        <div class=\"eael-grid-post-holder\">\n            <div class=\"eael-grid-post-holder-inner\"><div class=\"eael-entry-media\"><div class=\"eael-entry-overlay fade-in\"><i class=\"far fa-hand-pointer\" aria-hidden=\"true\"><\/i><a href=\"https:\/\/soymigrante.com\/revista\/salud-preventiva-enfermedades-cronicas-afectan-mas-a-hombres-en-usa\/\"><\/a><\/div><div class=\"eael-entry-thumbnail \">\n                <img decoding=\"async\" width=\"1024\" height=\"1024\" src=\"https:\/\/soymigrante.com\/revista\/wp-content\/uploads\/2024\/09\/cheque-medico-hombres-soy-migrante2-1024x1024.webp\" class=\"attachment-large size-large wp-image-9256\" alt=\"Medicamento, consulta m\u00e9dica, tratamiento farmac\u00e9utico, salud, atenci\u00f3n m\u00e9dica.\" srcset=\"https:\/\/soymigrante.com\/revista\/wp-content\/uploads\/2024\/09\/cheque-medico-hombres-soy-migrante2-1024x1024.webp 1024w, https:\/\/soymigrante.com\/revista\/wp-content\/uploads\/2024\/09\/cheque-medico-hombres-soy-migrante2-300x300.webp 300w, https:\/\/soymigrante.com\/revista\/wp-content\/uploads\/2024\/09\/cheque-medico-hombres-soy-migrante2-150x150.webp 150w, https:\/\/soymigrante.com\/revista\/wp-content\/uploads\/2024\/09\/cheque-medico-hombres-soy-migrante2-768x768.webp 768w, https:\/\/soymigrante.com\/revista\/wp-content\/uploads\/2024\/09\/cheque-medico-hombres-soy-migrante2-1536x1536.webp 1536w, https:\/\/soymigrante.com\/revista\/wp-content\/uploads\/2024\/09\/cheque-medico-hombres-soy-migrante2-scaled.webp 1920w, https:\/\/soymigrante.com\/revista\/wp-content\/uploads\/2024\/09\/cheque-medico-hombres-soy-migrante2-75x75.webp 75w, https:\/\/soymigrante.com\/revista\/wp-content\/uploads\/2024\/09\/cheque-medico-hombres-soy-migrante2-750x750.webp 750w, https:\/\/soymigrante.com\/revista\/wp-content\/uploads\/2024\/09\/cheque-medico-hombres-soy-migrante2-1140x1140.webp 1140w\" sizes=\"(max-width: 1024px) 100vw, 1024px\" \/>\n            <\/div>\n        <\/div><div class=\"eael-entry-wrapper\"><header class=\"eael-entry-header\"><h2 class=\"eael-entry-title\"><a class=\"eael-grid-post-link\" href=\"https:\/\/soymigrante.com\/revista\/salud-preventiva-enfermedades-cronicas-afectan-mas-a-hombres-en-usa\/\" title=\"Salud preventiva: Enfermedades cr\u00f3nicas afectan m\u00e1s a hombres en USA\">Salud preventiva: Enfermedades cr\u00f3nicas afectan m\u00e1s a hombres en USA<\/a><\/h2><\/header><div class=\"eael-entry-content\">\n                        <div class=\"eael-grid-post-excerpt\"><a href=\"https:\/\/soymigrante.com\/revista\/salud-preventiva-enfermedades-cronicas-afectan-mas-a-hombres-en-usa\/\" class=\"eael-post-elements-readmore-btn\">CONOCE SU HISTORIA <\/a><\/div>\n                    <\/div><\/div><\/div>\n        <\/div>\n    <\/article><\/div>\n            <div class=\"clearfix\"><\/div>\n        <\/div>\t\t\t\t<\/div>\n\t\t\t\t\t<\/div>\n\t\t\t\t<\/div>\n\t\t\t\t<\/div>\n\t\t","protected":false},"excerpt":{"rendered":"<p>El Lupus es una enfermedad autoinmune, compleja que requiere empat\u00eda, comprensi\u00f3n y tratamiento constante. El lupus es una enfermedad autoinmune cr\u00f3nica que afecta a millones de personas en el mundo, en su mayor\u00eda mujeres j\u00f3venes entre los 15 y 45 a\u00f1os. Esta condici\u00f3n hace que el sistema inmunol\u00f3gico \u2014que normalmente protege al cuerpo de virus [&hellip;]<\/p>\n","protected":false},"author":19,"featured_media":35396,"comment_status":"open","ping_status":"open","sticky":false,"template":"","format":"standard","meta":{"_acf_changed":false,"_eb_attr":"","footnotes":""},"categories":[55],"tags":[],"class_list":["post-35319","post","type-post","status-publish","format-standard","has-post-thumbnail","hentry","category-bienestar"],"acf":[],"aioseo_notices":[],"aioseo_head":"\n\t\t<!-- All in One SEO Pro 4.9.6.2 - aioseo.com -->\n\t<meta name=\"description\" content=\"De acuerdo con el Instituto Nacional de la Salud de USA, los hombres tienen una esperanza de vida de seis a\u00f1os menos que las mujeres\" \/>\n\t<meta name=\"robots\" content=\"max-snippet:-1, max-image-preview:large, max-video-preview:-1\" \/>\n\t<meta name=\"author\" content=\"Beatriz Tercero\"\/>\n\t<link rel=\"canonical\" href=\"https:\/\/soymigrante.com\/revista\/salud-preventiva-enfermedades-cronicas-afectan-mas-a-hombres-en-usa\/\" \/>\n\t<meta name=\"generator\" content=\"All in One SEO Pro (AIOSEO) 4.9.6.2\" \/>\n\n\t\t<link rel=\"preconnect\" href=\"https:\/\/fonts.googleapis.com\" crossorigin>\n<link rel=\"preconnect\" href=\"https:\/\/fonts.gstatic.com\" crossorigin>\n\t\t<meta property=\"og:locale\" content=\"es_ES\" \/>\n\t\t<meta property=\"og:site_name\" content=\"SoyMigrante.com REVISTA \u2013 Nuestra misi\u00f3n es reconocer y dignificar al migrante.\" \/>\n\t\t<meta property=\"og:type\" content=\"article\" \/>\n\t\t<meta property=\"og:title\" content=\"Salud preventiva: Enfermedades cr\u00f3nicas afectan m\u00e1s a hombres en USA\" \/>\n\t\t<meta property=\"og:description\" content=\"De acuerdo con el Instituto Nacional de la Salud de USA, los hombres tienen una esperanza de vida de seis a\u00f1os menos que las mujeres\" \/>\n\t\t<meta property=\"og:url\" content=\"https:\/\/soymigrante.com\/revista\/salud-preventiva-enfermedades-cronicas-afectan-mas-a-hombres-en-usa\/\" \/>\n\t\t<meta property=\"og:image\" content=\"https:\/\/soymigrante.com\/revista\/wp-content\/uploads\/2024\/09\/cheque-medico-hombres-soy-migrante2-scaled.webp\" \/>\n\t\t<meta property=\"og:image:secure_url\" content=\"https:\/\/soymigrante.com\/revista\/wp-content\/uploads\/2024\/09\/cheque-medico-hombres-soy-migrante2-scaled.webp\" \/>\n\t\t<meta property=\"og:image:width\" content=\"1920\" \/>\n\t\t<meta property=\"og:image:height\" content=\"1920\" \/>\n\t\t<meta property=\"article:published_time\" content=\"2024-09-16T17:04:09+00:00\" \/>\n\t\t<meta property=\"article:modified_time\" content=\"2024-09-16T20:59:38+00:00\" \/>\n\t\t<meta property=\"article:publisher\" content=\"https:\/\/www.facebook.com\/soymigrantecom\" \/>\n\t\t<meta name=\"twitter:card\" content=\"summary_large_image\" \/>\n\t\t<meta name=\"twitter:site\" content=\"@SoyMigrante_com\" \/>\n\t\t<meta name=\"twitter:title\" content=\"Salud preventiva: Enfermedades cr\u00f3nicas afectan m\u00e1s a hombres en USA\" \/>\n\t\t<meta name=\"twitter:description\" content=\"De acuerdo con el Instituto Nacional de la Salud de USA, los hombres tienen una esperanza de vida de seis a\u00f1os menos que las mujeres\" \/>\n\t\t<meta name=\"twitter:creator\" content=\"@SoyMigrante_com\" \/>\n\t\t<meta name=\"twitter:image\" content=\"https:\/\/soymigrante.com\/revista\/wp-content\/uploads\/2024\/09\/cheque-medico-hombres-soy-migrante2-scaled.webp\" \/>\n\t\t<!-- All in One SEO Pro -->\r\n\t\t<title>Salud preventiva: Enfermedades cr\u00f3nicas afectan m\u00e1s a hombres en USA<\/title>\n\n","aioseo_head_json":{"title":"Salud preventiva: Enfermedades cr\u00f3nicas afectan m\u00e1s a hombres en USA","description":"De acuerdo con el Instituto Nacional de la Salud de USA, los hombres tienen una esperanza de vida de seis a\u00f1os menos que las mujeres","canonical_url":"https:\/\/soymigrante.com\/revista\/salud-preventiva-enfermedades-cronicas-afectan-mas-a-hombres-en-usa\/","robots":"max-snippet:-1, max-image-preview:large, max-video-preview:-1","keywords":"","webmasterTools":{"miscellaneous":"&lt;link rel=\"preconnect\" href=\"https:\/\/fonts.googleapis.com\" crossorigin&gt;\n&lt;link rel=\"preconnect\" href=\"https:\/\/fonts.gstatic.com\" crossorigin&gt;"},"schema":null,"og:locale":"es_ES","og:site_name":"SoyMigrante.com REVISTA \u2013 Nuestra misi\u00f3n es reconocer y dignificar al migrante.","og:type":"article","og:title":"Salud preventiva: Enfermedades cr\u00f3nicas afectan m\u00e1s a hombres en USA","og:description":"De acuerdo con el Instituto Nacional de la Salud de USA, los hombres tienen una esperanza de vida de seis a\u00f1os menos que las mujeres","og:url":"https:\/\/soymigrante.com\/revista\/salud-preventiva-enfermedades-cronicas-afectan-mas-a-hombres-en-usa\/","og:image":"https:\/\/soymigrante.com\/revista\/wp-content\/uploads\/2024\/09\/cheque-medico-hombres-soy-migrante2-scaled.webp","og:image:secure_url":"https:\/\/soymigrante.com\/revista\/wp-content\/uploads\/2024\/09\/cheque-medico-hombres-soy-migrante2-scaled.webp","og:image:width":1920,"og:image:height":1920,"article:published_time":"2024-09-16T17:04:09+00:00","article:modified_time":"2024-09-16T20:59:38+00:00","article:publisher":"https:\/\/www.facebook.com\/soymigrantecom","twitter:card":"summary_large_image","twitter:site":"@SoyMigrante_com","twitter:title":"Salud preventiva: Enfermedades cr\u00f3nicas afectan m\u00e1s a hombres en USA","twitter:description":"De acuerdo con el Instituto Nacional de la Salud de USA, los hombres tienen una esperanza de vida de seis a\u00f1os menos que las mujeres","twitter:creator":"@SoyMigrante_com","twitter:image":"https:\/\/soymigrante.com\/revista\/wp-content\/uploads\/2024\/09\/cheque-medico-hombres-soy-migrante2-scaled.webp"},"aioseo_meta_data":{"post_id":"35319","title":null,"description":"El Lupus es una enfermedad compleja que requiere empat\u00eda, comprensi\u00f3n y tratamiento constante.","keywords":null,"keyphrases":{"focus":{"keyphrase":"Lupus","score":91,"analysis":{"keyphraseInTitle":{"score":9,"maxScore":9,"error":0},"keyphraseInDescription":{"score":9,"maxScore":9,"error":0},"keyphraseLength":{"score":9,"maxScore":9,"error":0,"length":1},"keyphraseInURL":{"score":5,"maxScore":5,"error":0},"keyphraseInIntroduction":{"score":9,"maxScore":9,"error":0},"keyphraseInSubHeadings":{"score":9,"maxScore":9,"error":0},"keyphraseInImageAlt":{"score":3,"maxScore":9,"error":1},"keywordDensity":{"type":"best","score":9,"maxScore":9,"error":0}}},"additional":[{"keyphrase":"lupus","score":87,"analysis":{"keyphraseInDescription":{"score":9,"maxScore":9,"error":0},"keyphraseLength":{"score":9,"maxScore":9,"error":0,"length":1},"keyphraseInIntroduction":{"score":9,"maxScore":9,"error":0},"keyphraseInImageAlt":{"score":3,"maxScore":9,"error":1},"keywordDensity":{"type":"best","score":9,"maxScore":9,"error":0}}}]},"primary_term":null,"canonical_url":null,"og_title":null,"og_description":null,"og_object_type":"default","og_image_type":"default","og_image_url":null,"og_image_width":null,"og_image_height":null,"og_image_custom_url":null,"og_image_custom_fields":null,"og_video":"","og_custom_url":null,"og_article_section":null,"og_article_tags":null,"twitter_use_og":false,"twitter_card":"default","twitter_image_type":"default","twitter_image_url":null,"twitter_image_custom_url":null,"twitter_image_custom_fields":null,"twitter_title":null,"twitter_description":null,"schema":{"blockGraphs":[],"customGraphs":[],"default":{"data":{"Article":[],"Course":[],"Dataset":[],"FAQPage":[],"Movie":[],"Person":[],"Product":[],"ProductReview":[],"Car":[],"Recipe":[],"Service":[],"SoftwareApplication":[],"WebPage":[]},"graphName":"none","isEnabled":true},"graphs":[]},"schema_type":"default","schema_type_options":null,"pillar_content":false,"robots_default":true,"robots_noindex":false,"robots_noarchive":false,"robots_nosnippet":false,"robots_nofollow":false,"robots_noimageindex":false,"robots_noodp":false,"robots_notranslate":false,"robots_max_snippet":"-1","robots_max_videopreview":"-1","robots_max_imagepreview":"large","priority":null,"frequency":"default","local_seo":null,"seo_analyzer_scan_date":"2025-10-09 05:35:32","breadcrumb_settings":null,"limit_modified_date":false,"reviewed_by":"0","open_ai":"{\"title\":{\"suggestions\":[],\"usage\":0},\"description\":{\"suggestions\":[],\"usage\":0}}","ai":null,"created":"2025-06-03 21:09:55","updated":"2026-02-05 00:07:24"},"aioseo_breadcrumb":"<div class=\"aioseo-breadcrumbs\"><span class=\"aioseo-breadcrumb\">\n\t<a href=\"https:\/\/soymigrante.com\/revista\" title=\"Home\">Home<\/a>\n<\/span><span class=\"aioseo-breadcrumb-separator\">\u00bb<\/span><span class=\"aioseo-breadcrumb\">\n\t<a href=\"https:\/\/soymigrante.com\/revista\/category\/bienestar\/\" title=\"Bienestar\">Bienestar<\/a>\n<\/span><span class=\"aioseo-breadcrumb-separator\">\u00bb<\/span><span class=\"aioseo-breadcrumb\">\n\t\u00bfQu\u00e9 es el lupus y c\u00f3mo acompa\u00f1ar a una persona que lo padece?\n<\/span><\/div>","aioseo_breadcrumb_json":[{"label":"Home","link":"https:\/\/soymigrante.com\/revista"},{"label":"Bienestar","link":"https:\/\/soymigrante.com\/revista\/category\/bienestar\/"},{"label":"\u00bfQu\u00e9 es el lupus y c\u00f3mo acompa\u00f1ar a una persona que lo padece?","link":"https:\/\/soymigrante.com\/revista\/que-es-el-lupus-y-como-acompanar-a-una-persona-que-lo-padece\/"}],"_links":{"self":[{"href":"https:\/\/soymigrante.com\/revista\/wp-json\/wp\/v2\/posts\/35319","targetHints":{"allow":["GET"]}}],"collection":[{"href":"https:\/\/soymigrante.com\/revista\/wp-json\/wp\/v2\/posts"}],"about":[{"href":"https:\/\/soymigrante.com\/revista\/wp-json\/wp\/v2\/types\/post"}],"author":[{"embeddable":true,"href":"https:\/\/soymigrante.com\/revista\/wp-json\/wp\/v2\/users\/19"}],"replies":[{"embeddable":true,"href":"https:\/\/soymigrante.com\/revista\/wp-json\/wp\/v2\/comments?post=35319"}],"version-history":[{"count":30,"href":"https:\/\/soymigrante.com\/revista\/wp-json\/wp\/v2\/posts\/35319\/revisions"}],"predecessor-version":[{"id":35405,"href":"https:\/\/soymigrante.com\/revista\/wp-json\/wp\/v2\/posts\/35319\/revisions\/35405"}],"wp:featuredmedia":[{"embeddable":true,"href":"https:\/\/soymigrante.com\/revista\/wp-json\/wp\/v2\/media\/35396"}],"wp:attachment":[{"href":"https:\/\/soymigrante.com\/revista\/wp-json\/wp\/v2\/media?parent=35319"}],"wp:term":[{"taxonomy":"category","embeddable":true,"href":"https:\/\/soymigrante.com\/revista\/wp-json\/wp\/v2\/categories?post=35319"},{"taxonomy":"post_tag","embeddable":true,"href":"https:\/\/soymigrante.com\/revista\/wp-json\/wp\/v2\/tags?post=35319"}],"curies":[{"name":"wp","href":"https:\/\/api.w.org\/{rel}","templated":true}]}}