{"id":35259,"date":"2025-06-03T09:28:20","date_gmt":"2025-06-03T15:28:20","guid":{"rendered":"https:\/\/soymigrante.com\/revista\/?p=35259"},"modified":"2025-07-31T10:23:11","modified_gmt":"2025-07-31T16:23:11","slug":"emprendedora-isabel-rey-hallo-en-la-venta-en-linea-la-oportunidad-de-cuidar-a-su-hijo","status":"publish","type":"post","link":"https:\/\/soymigrante.com\/revista\/emprendedora-isabel-rey-hallo-en-la-venta-en-linea-la-oportunidad-de-cuidar-a-su-hijo\/","title":{"rendered":"Emprendedora Isabel Rey vende accesorios en l\u00ednea, cuida a su hijo y ahora est\u00e1 en MERCADO"},"content":{"rendered":"\t\t<div data-elementor-type=\"wp-post\" data-elementor-id=\"35259\" class=\"elementor elementor-35259\" data-elementor-post-type=\"post\">\n\t\t\t\t<div data-particle_enable=\"false\" data-particle-mobile-disabled=\"false\" class=\"elementor-element elementor-element-e4cf45d e-flex e-con-boxed e-con e-parent\" data-id=\"e4cf45d\" data-element_type=\"container\" data-e-type=\"container\">\n\t\t\t\t\t<div class=\"e-con-inner\">\n\t\t\t\t<div class=\"elementor-element elementor-element-c774ab8 elementor-widget elementor-widget-heading\" data-id=\"c774ab8\" data-element_type=\"widget\" data-e-type=\"widget\" data-widget_type=\"heading.default\">\n\t\t\t\t\t<h2 class=\"elementor-heading-title elementor-size-default\">Isabel Rey es una emprendedora que al vender en l\u00ednea obtuvo la manera para cuidar de su hijo y ayudarle a su esposo econ\u00f3micamente. \n<\/h2>\t\t\t\t<\/div>\n\t\t\t\t\t<\/div>\n\t\t\t\t<\/div>\n\t\t<div data-particle_enable=\"false\" data-particle-mobile-disabled=\"false\" class=\"elementor-element elementor-element-3dcaa37 e-flex e-con-boxed e-con e-parent\" data-id=\"3dcaa37\" data-element_type=\"container\" data-e-type=\"container\">\n\t\t\t\t\t<div class=\"e-con-inner\">\n\t\t\t\t<div class=\"elementor-element elementor-element-90bbba0 elementor-widget elementor-widget-text-editor\" data-id=\"90bbba0\" data-element_type=\"widget\" data-e-type=\"widget\" data-widget_type=\"text-editor.default\">\n\t\t\t\t\t\t\t\t\t<p>Desde 2017, Isabel Rey decidi\u00f3 apostar por el comercio digital para estar presente en la vida de su hijo. Hoy forma parte de la tienda <a href=\"https:\/\/soymigrante.com\/mercado\/marketplace\/seller\/profile\/Azulterciopelo\" target=\"_blank\" rel=\"noopener\">Azul<\/a> <a href=\"https:\/\/soymigrante.com\/mercado\/marketplace\/seller\/profile\/Azulterciopelo\" target=\"_blank\" rel=\"noopener\">Terciopelo<\/a> en la plataforma <a href=\"https:\/\/soymigrante.com\/mercado\/\" target=\"_blank\" rel=\"noopener\">Mercado<\/a>, donde ofrece productos de calidad con calidez humana.<\/p><p>Isabel Rey no solo vende edredones y kits de ropa de cama. Vende tranquilidad, cuidado y dedicaci\u00f3n. Su historia como emprendedora comenz\u00f3 en 2017, cuando decidi\u00f3 que su prioridad ser\u00eda cuidar a su hijo, sin dejar de aportar econ\u00f3micamente al hogar.<\/p>\t\t\t\t\t\t\t\t<\/div>\n\t\t\t\t\t<\/div>\n\t\t\t\t<\/div>\n\t\t<div data-particle_enable=\"false\" data-particle-mobile-disabled=\"false\" class=\"elementor-element elementor-element-848efd8 e-flex e-con-boxed e-con e-parent\" data-id=\"848efd8\" data-element_type=\"container\" data-e-type=\"container\">\n\t\t\t\t\t<div class=\"e-con-inner\">\n\t\t\t\t<div class=\"elementor-element elementor-element-1d81e54 elementor-widget elementor-widget-text-editor\" data-id=\"1d81e54\" data-element_type=\"widget\" data-e-type=\"widget\" data-widget_type=\"text-editor.default\">\n\t\t\t\t\t\t\t\t\t<p><a href=\"https:\/\/soymigrante.com\/mercado\/\" target=\"_blank\" rel=\"noopener\">SoyMigrante.com MERCADO<\/a> es un proyecto activo, proactivo e innovador para peque\u00f1os negocios y creadores de productos elaborados a mano, detr\u00e1s de los cuales siempre hay una historia. Y esta es la historia de como naci\u00f3 <a href=\"https:\/\/soymigrante.com\/mercado\/marketplace\/seller\/profile\/Azulterciopelo\" target=\"_blank\" rel=\"noopener\">Azul Terciopelo<\/a>, el gran sue\u00f1o Isabel Rey.<\/p>\t\t\t\t\t\t\t\t<\/div>\n\t\t\t\t\t<\/div>\n\t\t\t\t<\/div>\n\t\t<div data-particle_enable=\"false\" data-particle-mobile-disabled=\"false\" class=\"elementor-element elementor-element-02a1198 e-flex e-con-boxed e-con e-parent\" data-id=\"02a1198\" data-element_type=\"container\" data-e-type=\"container\">\n\t\t\t\t\t<div class=\"e-con-inner\">\n\t\t\t\t<div class=\"elementor-element elementor-element-50c064f elementor-widget elementor-widget-image\" data-id=\"50c064f\" data-element_type=\"widget\" data-e-type=\"widget\" data-widget_type=\"image.default\">\n\t\t\t\t\t\t\t\t\t\t\t\t<figure class=\"wp-caption\">\n\t\t\t\t\t\t\t\t\t\t<img fetchpriority=\"high\" decoding=\"async\" width=\"768\" height=\"341\" src=\"https:\/\/soymigrante.com\/revista\/wp-content\/uploads\/2025\/06\/Captura-de-pantalla-2025-06-02-114917-1024x455.png\" class=\"attachment-large size-large wp-image-35271\" alt=\"Azul Terciopele, colecci\u00f3n de ropa de cama y decoraci\u00f3n mexicana, con dise\u00f1os elegantes y de alta calidad, ideal para decorar hogares con estilo en Guatemala y M\u00e9xico.\" srcset=\"https:\/\/soymigrante.com\/revista\/wp-content\/uploads\/2025\/06\/Captura-de-pantalla-2025-06-02-114917-1024x455.png 1024w, https:\/\/soymigrante.com\/revista\/wp-content\/uploads\/2025\/06\/Captura-de-pantalla-2025-06-02-114917-300x133.png 300w, https:\/\/soymigrante.com\/revista\/wp-content\/uploads\/2025\/06\/Captura-de-pantalla-2025-06-02-114917-768x341.png 768w, https:\/\/soymigrante.com\/revista\/wp-content\/uploads\/2025\/06\/Captura-de-pantalla-2025-06-02-114917-1536x683.png 1536w, https:\/\/soymigrante.com\/revista\/wp-content\/uploads\/2025\/06\/Captura-de-pantalla-2025-06-02-114917-750x333.png 750w, https:\/\/soymigrante.com\/revista\/wp-content\/uploads\/2025\/06\/Captura-de-pantalla-2025-06-02-114917-1140x507.png 1140w, https:\/\/soymigrante.com\/revista\/wp-content\/uploads\/2025\/06\/Captura-de-pantalla-2025-06-02-114917.webp 1739w\" sizes=\"(max-width: 768px) 100vw, 768px\" title=\"La tienda Azul Terciopelo se encuentra dentro de la plataforma Mercado. (Foto: captura de pantalla) \u2013 SoyMigrante.com REVISTA\" \/>\t\t\t\t\t\t\t\t\t\t\t<figcaption class=\"widget-image-caption wp-caption-text\">Conjunto de ropa de cama y accesorios decorativos con estilo mexicano, perfectos para decorar dormitorios y espacios en Guatemala y M\u00e9xico, con tejidos de alta calidad y dise\u00f1os tradicionales.<\/figcaption>\n\t\t\t\t\t\t\t\t\t\t<\/figure>\n\t\t\t\t\t\t\t\t\t<\/div>\n\t\t\t\t\t<\/div>\n\t\t\t\t<\/div>\n\t\t<div data-particle_enable=\"false\" data-particle-mobile-disabled=\"false\" class=\"elementor-element elementor-element-76b435b e-flex e-con-boxed e-con e-parent\" data-id=\"76b435b\" data-element_type=\"container\" data-e-type=\"container\">\n\t\t\t\t\t<div class=\"e-con-inner\">\n\t\t\t\t<div class=\"elementor-element elementor-element-1a97244 elementor-widget elementor-widget-heading\" data-id=\"1a97244\" data-element_type=\"widget\" data-e-type=\"widget\" data-widget_type=\"heading.default\">\n\t\t\t\t\t<h3 class=\"elementor-heading-title elementor-size-default\">El amor por su hijo <\/h3>\t\t\t\t<\/div>\n\t\t\t\t\t<\/div>\n\t\t\t\t<\/div>\n\t\t<div data-particle_enable=\"false\" data-particle-mobile-disabled=\"false\" class=\"elementor-element elementor-element-0936020 e-flex e-con-boxed e-con e-parent\" data-id=\"0936020\" data-element_type=\"container\" data-e-type=\"container\">\n\t\t\t\t\t<div class=\"e-con-inner\">\n\t\t\t\t<div class=\"elementor-element elementor-element-29a551a elementor-widget elementor-widget-text-editor\" data-id=\"29a551a\" data-element_type=\"widget\" data-e-type=\"widget\" data-widget_type=\"text-editor.default\">\n\t\t\t\t\t\t\t\t\t<p>\u201c<em>Yo sent\u00eda que no hab\u00eda nadie mejor que yo para cuidar a mi hijo. \u00c9l se enfermaba seguido, y para m\u00ed su bienestar siempre fue primero<\/em>\u201d, recuerda con emoci\u00f3n Isabel. Fue as\u00ed como naci\u00f3 la idea de emprender desde casa, con un enfoque claro: vender productos accesibles, pero de calidad.<\/p><p>Comenz\u00f3 ofreciendo ropa de cama en su comunidad. Al principio, era un negocio peque\u00f1o, pero su compromiso con la calidad fue lo que la hizo destacar. Con el tiempo, busc\u00f3 nuevas formas de expandirse y empez\u00f3 a participar en ferias de negocios. Fue en una de esas ferias donde conoci\u00f3 la marca que hoy representa en Tienda <a href=\"https:\/\/soymigrante.com\/mercado\/marketplace\/seller\/profile\/Azulterciopelo\" target=\"_blank\" rel=\"noopener\">Azul Tercipelo<\/a>, dentro de la plataforma <a href=\"https:\/\/soymigrante.com\/mercado\/\" target=\"_blank\" rel=\"noopener\">Mercado.<\/a><\/p>\t\t\t\t\t\t\t\t<\/div>\n\t\t\t\t\t<\/div>\n\t\t\t\t<\/div>\n\t\t<div data-particle_enable=\"false\" data-particle-mobile-disabled=\"false\" class=\"elementor-element elementor-element-bf8c2bb e-flex e-con-boxed e-con e-parent\" data-id=\"bf8c2bb\" data-element_type=\"container\" data-e-type=\"container\">\n\t\t\t\t\t<div class=\"e-con-inner\">\n\t\t\t\t<div class=\"elementor-element elementor-element-49ad347 elementor-widget elementor-widget-text-editor\" data-id=\"49ad347\" data-element_type=\"widget\" data-e-type=\"widget\" data-widget_type=\"text-editor.default\">\n\t\t\t\t\t\t\t\t\t<p>Sin saber que una pandemia cambiar\u00eda las reglas del comercio, Isabel se adelant\u00f3 a su tiempo. Ya contaba con servicio de cobros en l\u00ednea y paquetes de mensajer\u00eda organizados. Durante el confinamiento por COVID-19, sus ventas se incrementaron.<\/p><p>\u201c<em>Fue una bendici\u00f3n. Yo ya estaba preparada para vender en l\u00ednea y eso me ayud\u00f3 mucho cuando todo se cerr\u00f3\u201d<\/em>, explica.<\/p>\t\t\t\t\t\t\t\t<\/div>\n\t\t\t\t\t<\/div>\n\t\t\t\t<\/div>\n\t\t<div data-particle_enable=\"false\" data-particle-mobile-disabled=\"false\" class=\"elementor-element elementor-element-52bd0bd e-flex e-con-boxed e-con e-parent\" data-id=\"52bd0bd\" data-element_type=\"container\" data-e-type=\"container\">\n\t\t\t\t\t<div class=\"e-con-inner\">\n\t\t\t\t<div class=\"elementor-element elementor-element-5505dee elementor-widget elementor-widget-image\" data-id=\"5505dee\" data-element_type=\"widget\" data-e-type=\"widget\" data-widget_type=\"image.default\">\n\t\t\t\t\t\t\t\t\t\t\t\t<figure class=\"wp-caption\">\n\t\t\t\t\t\t\t\t\t\t<img decoding=\"async\" width=\"768\" height=\"459\" src=\"https:\/\/soymigrante.com\/revista\/wp-content\/uploads\/2025\/06\/Captura-de-pantalla-2025-06-02-114945-1024x612.png\" class=\"attachment-large size-large wp-image-35272\" alt=\"Coj\u00edn decorativo con tem\u00e1tica navide\u00f1a, perfecto para decorar tu hogar en las festividades y crear un ambiente acogedor. Dise\u00f1o moderno y c\u00f3modo, ideal para el sal\u00f3n o dormitorio.\" srcset=\"https:\/\/soymigrante.com\/revista\/wp-content\/uploads\/2025\/06\/Captura-de-pantalla-2025-06-02-114945-1024x612.png 1024w, https:\/\/soymigrante.com\/revista\/wp-content\/uploads\/2025\/06\/Captura-de-pantalla-2025-06-02-114945-300x179.png 300w, https:\/\/soymigrante.com\/revista\/wp-content\/uploads\/2025\/06\/Captura-de-pantalla-2025-06-02-114945-768x459.png 768w, https:\/\/soymigrante.com\/revista\/wp-content\/uploads\/2025\/06\/Captura-de-pantalla-2025-06-02-114945-750x448.webp 750w, https:\/\/soymigrante.com\/revista\/wp-content\/uploads\/2025\/06\/Captura-de-pantalla-2025-06-02-114945-1140x681.png 1140w, https:\/\/soymigrante.com\/revista\/wp-content\/uploads\/2025\/06\/Captura-de-pantalla-2025-06-02-114945.webp 1490w\" sizes=\"(max-width: 768px) 100vw, 768px\" title=\"Dentro de la tienda se encuentran edredones y cojines. (Foto: Captura de pantalla) \u2013 SoyMigrante.com REVISTA\" \/>\t\t\t\t\t\t\t\t\t\t\t<figcaption class=\"widget-image-caption wp-caption-text\">Decoraci\u00f3n navide\u00f1a con cojines, creando ambientes acogedores en el hogar durante las fiestas. Dise\u00f1os modernos y tendencia en decoraci\u00f3n, perfectos para decorar con estilo en Navidad.<\/figcaption>\n\t\t\t\t\t\t\t\t\t\t<\/figure>\n\t\t\t\t\t\t\t\t\t<\/div>\n\t\t\t\t\t<\/div>\n\t\t\t\t<\/div>\n\t\t<div data-particle_enable=\"false\" data-particle-mobile-disabled=\"false\" class=\"elementor-element elementor-element-75e1862 e-flex e-con-boxed e-con e-parent\" data-id=\"75e1862\" data-element_type=\"container\" data-e-type=\"container\">\n\t\t\t\t\t<div class=\"e-con-inner\">\n\t\t\t\t<div class=\"elementor-element elementor-element-3850f5e elementor-widget elementor-widget-heading\" data-id=\"3850f5e\" data-element_type=\"widget\" data-e-type=\"widget\" data-widget_type=\"heading.default\">\n\t\t\t\t\t<h3 class=\"elementor-heading-title elementor-size-default\">Isabel busca el \u00e9xito<\/h3>\t\t\t\t<\/div>\n\t\t\t\t\t<\/div>\n\t\t\t\t<\/div>\n\t\t<div data-particle_enable=\"false\" data-particle-mobile-disabled=\"false\" class=\"elementor-element elementor-element-59d75e9 e-flex e-con-boxed e-con e-parent\" data-id=\"59d75e9\" data-element_type=\"container\" data-e-type=\"container\">\n\t\t\t\t\t<div class=\"e-con-inner\">\n\t\t\t\t<div class=\"elementor-element elementor-element-19365d1 elementor-widget elementor-widget-text-editor\" data-id=\"19365d1\" data-element_type=\"widget\" data-e-type=\"widget\" data-widget_type=\"text-editor.default\">\n\t\t\t\t\t\t\t\t\t<p>Pero m\u00e1s all\u00e1 del \u00e9xito comercial, Isabel es exigente con lo que ofrece. Cada producto pasa por su revisi\u00f3n personal antes de ser enviado. \u201c<em>Me aseguro que tenga buena calidad, que tenga una vida \u00fatil larga, porque eso es lo que yo misma buscar\u00eda al comprar algo para mi casa<\/em>\u201d, comenta.<\/p><p>Uno de los pilares de su crecimiento ha sido su incorporaci\u00f3n a la plataforma <a href=\"https:\/\/soymigrante.com\/mercado\/\" target=\"_blank\" rel=\"noopener\">Mercado<\/a>, un espacio que conecta a emprendedores guatemaltecos con clientes en Estados Unidos. Isabel conoci\u00f3 el proyecto gracias a su admiraci\u00f3n por el empresario guatemalteco Marcos Antil, creador de la iniciativa.<\/p><p>\u201c<em>Yo me enter\u00e9 porque siempre he seguido a Don Marcos en sus redes sociales, y fue por medio de eso que me enter\u00e9 de Mercado. Ese mismo d\u00eda ya estaba aplicando<\/em>\u201d, recuerda con entusiasmo. \u201c<em>Lo que a m\u00ed me motiv\u00f3 fue tener otra cadena de valor donde ofrecer mi producto, pero tambi\u00e9n me motiv\u00f3 ser parte de la idea de Marcos Antil, por su coraz\u00f3n y por todo lo que es<\/em>\u201d, a\u00f1adi\u00f3.<\/p>\t\t\t\t\t\t\t\t<\/div>\n\t\t\t\t\t<\/div>\n\t\t\t\t<\/div>\n\t\t<div data-particle_enable=\"false\" data-particle-mobile-disabled=\"false\" class=\"elementor-element elementor-element-b646ba1 e-flex e-con-boxed e-con e-parent\" data-id=\"b646ba1\" data-element_type=\"container\" data-e-type=\"container\">\n\t\t\t\t\t<div class=\"e-con-inner\">\n\t\t\t\t<div class=\"elementor-element elementor-element-79475e4 elementor-widget elementor-widget-image\" data-id=\"79475e4\" data-element_type=\"widget\" data-e-type=\"widget\" data-widget_type=\"image.default\">\n\t\t\t\t\t\t\t\t\t\t\t\t<figure class=\"wp-caption\">\n\t\t\t\t\t\t\t\t\t\t<img decoding=\"async\" width=\"768\" height=\"1024\" src=\"https:\/\/soymigrante.com\/revista\/wp-content\/uploads\/2025\/06\/Isabel-Rey-la-emprendedora-que-encontro-en-la-venta-en-linea-una-forma-de-cuidar-a-su-hijo-3-768x1024.jpeg\" class=\"attachment-large size-large wp-image-35273\" alt=\"Un ni\u00f1a peque\u00f1a en una cama con mantas de colores, sosteniendo un peluche de perro con orejas largas, en un ambiente acogedor y familiar.\" srcset=\"https:\/\/soymigrante.com\/revista\/wp-content\/uploads\/2025\/06\/Isabel-Rey-la-emprendedora-que-encontro-en-la-venta-en-linea-una-forma-de-cuidar-a-su-hijo-3-768x1024.jpeg 768w, https:\/\/soymigrante.com\/revista\/wp-content\/uploads\/2025\/06\/Isabel-Rey-la-emprendedora-que-encontro-en-la-venta-en-linea-una-forma-de-cuidar-a-su-hijo-3-225x300.jpeg 225w, https:\/\/soymigrante.com\/revista\/wp-content\/uploads\/2025\/06\/Isabel-Rey-la-emprendedora-que-encontro-en-la-venta-en-linea-una-forma-de-cuidar-a-su-hijo-3-1152x1536.jpeg 1152w, https:\/\/soymigrante.com\/revista\/wp-content\/uploads\/2025\/06\/Isabel-Rey-la-emprendedora-que-encontro-en-la-venta-en-linea-una-forma-de-cuidar-a-su-hijo-3-750x1000.webp 750w, https:\/\/soymigrante.com\/revista\/wp-content\/uploads\/2025\/06\/Isabel-Rey-la-emprendedora-que-encontro-en-la-venta-en-linea-una-forma-de-cuidar-a-su-hijo-3-1140x1520.jpeg 1140w, https:\/\/soymigrante.com\/revista\/wp-content\/uploads\/2025\/06\/Isabel-Rey-la-emprendedora-que-encontro-en-la-venta-en-linea-una-forma-de-cuidar-a-su-hijo-3.webp 1200w\" sizes=\"(max-width: 768px) 100vw, 768px\" title=\"Dentro de los productos tambi\u00e9n se encuentran frazadas. (Foto: cortes\u00eda Isabel Rey) \u2013 SoyMigrante.com REVISTA\" \/>\t\t\t\t\t\t\t\t\t\t\t<figcaption class=\"widget-image-caption wp-caption-text\">Ni\u00f1a con peluche sentado en la cama, disfrutando de un momento dulce en su cuarto decorado.<\/figcaption>\n\t\t\t\t\t\t\t\t\t\t<\/figure>\n\t\t\t\t\t\t\t\t\t<\/div>\n\t\t\t\t\t<\/div>\n\t\t\t\t<\/div>\n\t\t<div data-particle_enable=\"false\" data-particle-mobile-disabled=\"false\" class=\"elementor-element elementor-element-c6967ba e-flex e-con-boxed e-con e-parent\" data-id=\"c6967ba\" data-element_type=\"container\" data-e-type=\"container\">\n\t\t\t\t\t<div class=\"e-con-inner\">\n\t\t\t\t<div class=\"elementor-element elementor-element-19af5f0 elementor-widget elementor-widget-heading\" data-id=\"19af5f0\" data-element_type=\"widget\" data-e-type=\"widget\" data-widget_type=\"heading.default\">\n\t\t\t\t\t<h3 class=\"elementor-heading-title elementor-size-default\">La inspiraci\u00f3n para estar en Mercado <\/h3>\t\t\t\t<\/div>\n\t\t\t\t\t<\/div>\n\t\t\t\t<\/div>\n\t\t<div data-particle_enable=\"false\" data-particle-mobile-disabled=\"false\" class=\"elementor-element elementor-element-e1f1f0a e-flex e-con-boxed e-con e-parent\" data-id=\"e1f1f0a\" data-element_type=\"container\" data-e-type=\"container\">\n\t\t\t\t\t<div class=\"e-con-inner\">\n\t\t\t\t<div class=\"elementor-element elementor-element-8d618d4 elementor-widget elementor-widget-text-editor\" data-id=\"8d618d4\" data-element_type=\"widget\" data-e-type=\"widget\" data-widget_type=\"text-editor.default\">\n\t\t\t\t\t\t\t\t\t<p>Para Isabel, pertenecer a <a href=\"https:\/\/soymigrante.com\/mercado\/\" target=\"_blank\" rel=\"noopener\">Mercado<\/a> no es solo una oportunidad comercial, tambi\u00e9n es una comunidad. \u201c<em>Siempre seleccionamos los mejores productos. Eso nos motiva a estar en <a href=\"https:\/\/soymigrante.com\/mercado\/\" target=\"_blank\" rel=\"noopener\">Mercado<\/a>. Es de apoyarnos, con los env\u00edos gratis, a promocionar nuestros productos. Lo principal es que uno siempre se siente apoyado y nunca solo<\/em>\u201d, afirma.<\/p><p>Actualmente, sus productos m\u00e1s vendidos son los edredones y los kits de ropa de cama. \u201c<em>Se pueden dar como regalo y es f\u00e1cil poderlos entregar. La gente busca cosas pr\u00e1cticas y bonitas, y eso es lo que ofrecemos<\/em>\u201d, explica.<\/p><p>Pr\u00f3ximamente, Isabel planea ampliar su oferta con servicios de decoraci\u00f3n de interiores, un campo que ha explorado con pasi\u00f3n y experiencia a lo largo de los a\u00f1os. \u201c<em>Ya tengo conocimiento, me gusta, y lo veo como una extensi\u00f3n natural de lo que hago. Me encanta combinar colores, texturas y crear ambientes que den paz<\/em>\u201d, expresa.<\/p><p>Lo que hace \u00fanica a Isabel Rey no es solo la calidad de sus productos, sino la historia que los acompa\u00f1a: una madre que convirti\u00f3 su necesidad en una oportunidad y que encontr\u00f3 en el comercio digital una forma de estar cerca de su hijo, sin dejar de crecer como empresaria.<\/p>\t\t\t\t\t\t\t\t<\/div>\n\t\t\t\t\t<\/div>\n\t\t\t\t<\/div>\n\t\t<div data-particle_enable=\"false\" data-particle-mobile-disabled=\"false\" class=\"elementor-element elementor-element-573701a e-flex e-con-boxed e-con e-parent\" data-id=\"573701a\" data-element_type=\"container\" data-e-type=\"container\">\n\t\t\t\t\t<div class=\"e-con-inner\">\n\t\t\t\t<div class=\"elementor-element elementor-element-1a51018 elementor-widget elementor-widget-heading\" data-id=\"1a51018\" data-element_type=\"widget\" data-e-type=\"widget\" data-widget_type=\"heading.default\">\n\t\t\t\t\t<h2 class=\"elementor-heading-title elementor-size-default\">Conoce otras historias inspiradoras, ac\u00e1...<\/h2>\t\t\t\t<\/div>\n\t\t\t\t\t<\/div>\n\t\t\t\t<\/div>\n\t\t<div data-particle_enable=\"false\" data-particle-mobile-disabled=\"false\" class=\"elementor-element elementor-element-710c3ed e-flex e-con-boxed e-con e-parent\" data-id=\"710c3ed\" data-element_type=\"container\" data-e-type=\"container\">\n\t\t\t\t\t<div class=\"e-con-inner\">\n\t\t\t\t<div class=\"elementor-element elementor-element-fe13436 elementor-grid-eael-col-3 elementor-grid-tablet-eael-col-2 elementor-grid-mobile-eael-col-1 elementor-widget elementor-widget-eael-post-grid\" data-id=\"fe13436\" data-element_type=\"widget\" data-e-type=\"widget\" data-settings=\"{&quot;eael_post_grid_columns&quot;:&quot;eael-col-3&quot;,&quot;eael_post_grid_columns_tablet&quot;:&quot;eael-col-2&quot;,&quot;eael_post_grid_columns_mobile&quot;:&quot;eael-col-1&quot;}\" data-widget_type=\"eael-post-grid.default\">\n\t\t\t\t\t<div id=\"eael-post-grid-fe13436\" class=\"eael-post-grid-container\">\n            <div class=\"eael-post-grid eael-post-appender eael-post-appender-fe13436 eael-post-grid-style-one\" data-layout-mode=\"masonry\"><article class=\"eael-grid-post  eael-post-grid-column eael-pg-post-27114 category-guate-nuestra tags-mercado-emprendedores\" data-id=\"27114\">\n        <div class=\"eael-grid-post-holder\">\n            <div class=\"eael-grid-post-holder-inner\"><div class=\"eael-entry-media\"><div class=\"eael-entry-overlay fade-in\"><i class=\"far fa-hand-pointer\" aria-hidden=\"true\"><\/i><a href=\"https:\/\/soymigrante.com\/revista\/jose-luis-conguache-impulsa-los-idiomas-mayas-a-traves-de-libros-infantiles\/\"><\/a><\/div><div class=\"eael-entry-thumbnail \">\n                <img loading=\"lazy\" decoding=\"async\" width=\"1024\" height=\"576\" src=\"https:\/\/soymigrante.com\/revista\/wp-content\/uploads\/2025\/03\/Jose\u0301-Luis-Conguache3-1024x576.jpeg\" class=\"attachment-large size-large wp-image-27115\" alt=\"Jos\u00e9 Luis Conguache: el emprendedor que preserva los idiomas mayas est\u00e1 en MERCADO\" srcset=\"https:\/\/soymigrante.com\/revista\/wp-content\/uploads\/2025\/03\/Jose\u0301-Luis-Conguache3-1024x576.jpeg 1024w, https:\/\/soymigrante.com\/revista\/wp-content\/uploads\/2025\/03\/Jose\u0301-Luis-Conguache3-300x169.jpeg 300w, https:\/\/soymigrante.com\/revista\/wp-content\/uploads\/2025\/03\/Jose\u0301-Luis-Conguache3-768x432.jpeg 768w, https:\/\/soymigrante.com\/revista\/wp-content\/uploads\/2025\/03\/Jose\u0301-Luis-Conguache3-1536x864.jpeg 1536w, https:\/\/soymigrante.com\/revista\/wp-content\/uploads\/2025\/03\/Jose\u0301-Luis-Conguache3-750x422.webp 750w, https:\/\/soymigrante.com\/revista\/wp-content\/uploads\/2025\/03\/Jose\u0301-Luis-Conguache3-1140x641.webp 1140w, https:\/\/soymigrante.com\/revista\/wp-content\/uploads\/2025\/03\/Jose\u0301-Luis-Conguache3.webp 1600w\" sizes=\"(max-width: 1024px) 100vw, 1024px\" \/>\n            <\/div>\n        <\/div><div class=\"eael-entry-wrapper\"><header class=\"eael-entry-header\"><h2 class=\"eael-entry-title\"><a class=\"eael-grid-post-link\" href=\"https:\/\/soymigrante.com\/revista\/jose-luis-conguache-impulsa-los-idiomas-mayas-a-traves-de-libros-infantiles\/\" title=\"Jos\u00e9 Luis Conguache impulsa los idiomas mayas a trav\u00e9s de libros infantiles\">Jos\u00e9 Luis Conguache impulsa los idiomas mayas a trav\u00e9s de libros infantiles<\/a><\/h2><\/header><div class=\"eael-entry-content\">\n                        <div class=\"eael-grid-post-excerpt\"><a href=\"https:\/\/soymigrante.com\/revista\/jose-luis-conguache-impulsa-los-idiomas-mayas-a-traves-de-libros-infantiles\/\" class=\"eael-post-elements-readmore-btn\">CONOCE SU HISTORIA <\/a><\/div>\n                    <\/div><\/div><\/div>\n        <\/div>\n    <\/article><article class=\"eael-grid-post  eael-post-grid-column eael-pg-post-23097 category-guate-nuestra tags-mercado-emprendedores\" data-id=\"23097\">\n        <div class=\"eael-grid-post-holder\">\n            <div class=\"eael-grid-post-holder-inner\"><div class=\"eael-entry-media\"><div class=\"eael-entry-overlay fade-in\"><i class=\"far fa-hand-pointer\" aria-hidden=\"true\"><\/i><a href=\"https:\/\/soymigrante.com\/revista\/mafer-jimenez-escritora-voluntad-guatemalteca-libros-motivacion-mercado\/\"><\/a><\/div><div class=\"eael-entry-thumbnail \">\n                <img loading=\"lazy\" decoding=\"async\" width=\"1024\" height=\"1024\" src=\"https:\/\/soymigrante.com\/revista\/wp-content\/uploads\/2025\/01\/MAFER-JIMENEZ-1-1024x1024.jpg\" class=\"attachment-large size-large wp-image-23161\" alt=\"\u00e1rea de personas con discapacidad mostrando libros de la revista SoyMigrante.com REVISTA en una rueda de personas con discapacidad, promoviendo derechos e inclusi\u00f3n en temas migratorios en M\u00e9xico.\" srcset=\"https:\/\/soymigrante.com\/revista\/wp-content\/uploads\/2025\/01\/MAFER-JIMENEZ-1-1024x1024.jpg 1024w, https:\/\/soymigrante.com\/revista\/wp-content\/uploads\/2025\/01\/MAFER-JIMENEZ-1-300x300.jpg 300w, https:\/\/soymigrante.com\/revista\/wp-content\/uploads\/2025\/01\/MAFER-JIMENEZ-1-150x150.jpg 150w, https:\/\/soymigrante.com\/revista\/wp-content\/uploads\/2025\/01\/MAFER-JIMENEZ-1-768x768.jpg 768w, https:\/\/soymigrante.com\/revista\/wp-content\/uploads\/2025\/01\/MAFER-JIMENEZ-1-75x75.webp 75w, https:\/\/soymigrante.com\/revista\/wp-content\/uploads\/2025\/01\/MAFER-JIMENEZ-1-750x750.webp 750w, https:\/\/soymigrante.com\/revista\/wp-content\/uploads\/2025\/01\/MAFER-JIMENEZ-1-1140x1140.webp 1140w, https:\/\/soymigrante.com\/revista\/wp-content\/uploads\/2025\/01\/MAFER-JIMENEZ-1.webp 1308w\" sizes=\"(max-width: 1024px) 100vw, 1024px\" \/>\n            <\/div>\n        <\/div><div class=\"eael-entry-wrapper\"><header class=\"eael-entry-header\"><h2 class=\"eael-entry-title\"><a class=\"eael-grid-post-link\" href=\"https:\/\/soymigrante.com\/revista\/mafer-jimenez-escritora-voluntad-guatemalteca-libros-motivacion-mercado\/\" title=\"Mafer Jim\u00e9nez: una mente maravillosa y voluntad sin l\u00edmites. Sus libros ahora est\u00e1n en MERCADO\">Mafer Jim\u00e9nez: una mente maravillosa y voluntad sin l\u00edmites. Sus libros ahora est\u00e1n en MERCADO<\/a><\/h2><\/header><div class=\"eael-entry-content\">\n                        <div class=\"eael-grid-post-excerpt\"><a href=\"https:\/\/soymigrante.com\/revista\/mafer-jimenez-escritora-voluntad-guatemalteca-libros-motivacion-mercado\/\" class=\"eael-post-elements-readmore-btn\">CONOCE SU HISTORIA <\/a><\/div>\n                    <\/div><\/div><\/div>\n        <\/div>\n    <\/article><article class=\"eael-grid-post  eael-post-grid-column eael-pg-post-21793 category-guate-nuestra tags-mercado-emprendedores\" data-id=\"21793\">\n        <div class=\"eael-grid-post-holder\">\n            <div class=\"eael-grid-post-holder-inner\"><div class=\"eael-entry-media\"><div class=\"eael-entry-overlay fade-in\"><i class=\"far fa-hand-pointer\" aria-hidden=\"true\"><\/i><a href=\"https:\/\/soymigrante.com\/revista\/alan-tenenbaum-es-ejemplo-de-resiliencia-voluntad-y-superacion-sus-libros-estan-en-mercado\/\"><\/a><\/div><div class=\"eael-entry-thumbnail \">\n                <img loading=\"lazy\" decoding=\"async\" width=\"685\" height=\"1024\" src=\"https:\/\/soymigrante.com\/revista\/wp-content\/uploads\/2025\/01\/Alan-1-685x1024.jpeg\" class=\"attachment-large size-large wp-image-21795\" alt=\"Libro &quot;En una silla de morfeo&quot; del autor Alan Terenbaum, mostrando diversidad e inclusi\u00f3n en la literatura, con decoraciones coloridas y fondos de libros en una sala acogedora.\" srcset=\"https:\/\/soymigrante.com\/revista\/wp-content\/uploads\/2025\/01\/Alan-1-685x1024.jpeg 685w, https:\/\/soymigrante.com\/revista\/wp-content\/uploads\/2025\/01\/Alan-1-201x300.jpeg 201w, https:\/\/soymigrante.com\/revista\/wp-content\/uploads\/2025\/01\/Alan-1-768x1148.jpeg 768w, https:\/\/soymigrante.com\/revista\/wp-content\/uploads\/2025\/01\/Alan-1-1027x1536.jpeg 1027w, https:\/\/soymigrante.com\/revista\/wp-content\/uploads\/2025\/01\/Alan-1-750x1121.webp 750w, https:\/\/soymigrante.com\/revista\/wp-content\/uploads\/2025\/01\/Alan-1.webp 1070w\" sizes=\"(max-width: 685px) 100vw, 685px\" \/>\n            <\/div>\n        <\/div><div class=\"eael-entry-wrapper\"><header class=\"eael-entry-header\"><h2 class=\"eael-entry-title\"><a class=\"eael-grid-post-link\" href=\"https:\/\/soymigrante.com\/revista\/alan-tenenbaum-es-ejemplo-de-resiliencia-voluntad-y-superacion-sus-libros-estan-en-mercado\/\" title=\"Los libros de Alan Tenembaum animan a lograr lo imposible y ahora est\u00e1n en SoyMigrante.com MERCADO\">Los libros de Alan Tenembaum animan a lograr lo imposible y ahora est\u00e1n en SoyMigrante.com MERCADO<\/a><\/h2><\/header><div class=\"eael-entry-content\">\n                        <div class=\"eael-grid-post-excerpt\"><a href=\"https:\/\/soymigrante.com\/revista\/alan-tenenbaum-es-ejemplo-de-resiliencia-voluntad-y-superacion-sus-libros-estan-en-mercado\/\" class=\"eael-post-elements-readmore-btn\">CONOCE SU HISTORIA <\/a><\/div>\n                    <\/div><\/div><\/div>\n        <\/div>\n    <\/article><\/div>\n            <div class=\"clearfix\"><\/div>\n        <\/div>\t\t\t\t<\/div>\n\t\t\t\t\t<\/div>\n\t\t\t\t<\/div>\n\t\t\t\t<\/div>\n\t\t","protected":false},"excerpt":{"rendered":"<p>Isabel Rey es una emprendedora que al vender en l\u00ednea obtuvo la manera para cuidar de su hijo y ayudarle a su esposo econ\u00f3micamente. Desde 2017, Isabel Rey decidi\u00f3 apostar por el comercio digital para estar presente en la vida de su hijo. Hoy forma parte de la tienda Azul Terciopelo en la plataforma Mercado, [&hellip;]<\/p>\n","protected":false},"author":19,"featured_media":35260,"comment_status":"open","ping_status":"open","sticky":false,"template":"","format":"standard","meta":{"_acf_changed":false,"_eb_attr":"","footnotes":""},"categories":[58],"tags":[130],"class_list":["post-35259","post","type-post","status-publish","format-standard","has-post-thumbnail","hentry","category-guate-nuestra","tag-mercado-emprendedores"],"acf":[],"aioseo_notices":[],"aioseo_head":"\n\t\t<!-- All in One SEO Pro 4.9.6.2 - aioseo.com -->\n\t<meta name=\"description\" content=\"Alan Tenenbaum es un ejemplo de resiliencia. Comparte su testimonio vital en libros para chicos y grandes. Ahora est\u00e1n disponibles en SoyMigrante.com MERCADO\" \/>\n\t<meta name=\"robots\" content=\"max-snippet:-1, max-image-preview:large, max-video-preview:-1\" \/>\n\t<meta name=\"author\" content=\"Marysabel Aldana\"\/>\n\t<link rel=\"canonical\" href=\"https:\/\/soymigrante.com\/revista\/alan-tenenbaum-es-ejemplo-de-resiliencia-voluntad-y-superacion-sus-libros-estan-en-mercado\/\" \/>\n\t<meta name=\"generator\" content=\"All in One SEO Pro (AIOSEO) 4.9.6.2\" \/>\n\n\t\t<link rel=\"preconnect\" href=\"https:\/\/fonts.googleapis.com\" crossorigin>\n<link rel=\"preconnect\" href=\"https:\/\/fonts.gstatic.com\" crossorigin>\n\t\t<meta property=\"og:locale\" content=\"es_ES\" \/>\n\t\t<meta property=\"og:site_name\" content=\"SoyMigrante.com REVISTA \u2013 Nuestra misi\u00f3n es reconocer y dignificar al migrante.\" \/>\n\t\t<meta property=\"og:type\" content=\"article\" \/>\n\t\t<meta property=\"og:title\" content=\"Los libros de Alan Tenembaum invitan a lograr lo imposible\" \/>\n\t\t<meta property=\"og:description\" content=\"Alan Tenenbaum es un ejemplo de resiliencia. Comparte su testimonio vital en libros para chicos y grandes. Ahora est\u00e1n disponibles en SoyMigrante.com MERCADO\" \/>\n\t\t<meta property=\"og:url\" content=\"https:\/\/soymigrante.com\/revista\/alan-tenenbaum-es-ejemplo-de-resiliencia-voluntad-y-superacion-sus-libros-estan-en-mercado\/\" \/>\n\t\t<meta property=\"og:image\" content=\"https:\/\/soymigrante.com\/revista\/wp-content\/uploads\/2025\/01\/Alan-1.webp\" \/>\n\t\t<meta property=\"og:image:secure_url\" content=\"https:\/\/soymigrante.com\/revista\/wp-content\/uploads\/2025\/01\/Alan-1.webp\" \/>\n\t\t<meta property=\"og:image:width\" content=\"1070\" \/>\n\t\t<meta property=\"og:image:height\" content=\"1600\" \/>\n\t\t<meta property=\"article:published_time\" content=\"2025-01-22T13:00:00+00:00\" \/>\n\t\t<meta property=\"article:modified_time\" content=\"2025-01-26T21:05:20+00:00\" \/>\n\t\t<meta property=\"article:publisher\" content=\"https:\/\/www.facebook.com\/soymigrantecom\" \/>\n\t\t<meta name=\"twitter:card\" content=\"summary_large_image\" \/>\n\t\t<meta name=\"twitter:site\" content=\"@SoyMigrante_com\" \/>\n\t\t<meta name=\"twitter:title\" content=\"Los libros de Alan Tenembaum invitan a lograr lo imposible\" \/>\n\t\t<meta name=\"twitter:description\" content=\"Alan Tenenbaum es un ejemplo de resiliencia. Comparte su testimonio vital en libros para chicos y grandes. Ahora est\u00e1n disponibles en SoyMigrante.com MERCADO\" \/>\n\t\t<meta name=\"twitter:creator\" content=\"@SoyMigrante_com\" \/>\n\t\t<meta name=\"twitter:image\" content=\"https:\/\/soymigrante.com\/revista\/wp-content\/uploads\/2025\/01\/Alan-1.webp\" \/>\n\t\t<!-- All in One SEO Pro -->\r\n\t\t<title>Los libros de Alan Tenembaum invitan a lograr lo imposible<\/title>\n\n","aioseo_head_json":{"title":"Los libros de Alan Tenembaum invitan a lograr lo imposible","description":"Alan Tenenbaum es un ejemplo de resiliencia. Comparte su testimonio vital en libros para chicos y grandes. Ahora est\u00e1n disponibles en SoyMigrante.com MERCADO","canonical_url":"https:\/\/soymigrante.com\/revista\/alan-tenenbaum-es-ejemplo-de-resiliencia-voluntad-y-superacion-sus-libros-estan-en-mercado\/","robots":"max-snippet:-1, max-image-preview:large, max-video-preview:-1","keywords":"","webmasterTools":{"miscellaneous":"&lt;link rel=\"preconnect\" href=\"https:\/\/fonts.googleapis.com\" crossorigin&gt;\n&lt;link rel=\"preconnect\" href=\"https:\/\/fonts.gstatic.com\" crossorigin&gt;"},"schema":null,"og:locale":"es_ES","og:site_name":"SoyMigrante.com REVISTA \u2013 Nuestra misi\u00f3n es reconocer y dignificar al migrante.","og:type":"article","og:title":"Los libros de Alan Tenembaum invitan a lograr lo imposible","og:description":"Alan Tenenbaum es un ejemplo de resiliencia. Comparte su testimonio vital en libros para chicos y grandes. Ahora est\u00e1n disponibles en SoyMigrante.com MERCADO","og:url":"https:\/\/soymigrante.com\/revista\/alan-tenenbaum-es-ejemplo-de-resiliencia-voluntad-y-superacion-sus-libros-estan-en-mercado\/","og:image":"https:\/\/soymigrante.com\/revista\/wp-content\/uploads\/2025\/01\/Alan-1.webp","og:image:secure_url":"https:\/\/soymigrante.com\/revista\/wp-content\/uploads\/2025\/01\/Alan-1.webp","og:image:width":1070,"og:image:height":1600,"article:published_time":"2025-01-22T13:00:00+00:00","article:modified_time":"2025-01-26T21:05:20+00:00","article:publisher":"https:\/\/www.facebook.com\/soymigrantecom","twitter:card":"summary_large_image","twitter:site":"@SoyMigrante_com","twitter:title":"Los libros de Alan Tenembaum invitan a lograr lo imposible","twitter:description":"Alan Tenenbaum es un ejemplo de resiliencia. Comparte su testimonio vital en libros para chicos y grandes. Ahora est\u00e1n disponibles en SoyMigrante.com MERCADO","twitter:creator":"@SoyMigrante_com","twitter:image":"https:\/\/soymigrante.com\/revista\/wp-content\/uploads\/2025\/01\/Alan-1.webp"},"aioseo_meta_data":{"post_id":"35259","title":null,"description":"Isabel Rey aporta recursos econ\u00f3micos a su hogar y a la vez cuida a su hijo. El comercio electr\u00f3nico se lo permite y ahora est\u00e1 en SoyMigrante.com MERCADO","keywords":null,"keyphrases":{"focus":{"keyphrase":"Emprendedora","score":51,"analysis":{"keyphraseInTitle":{"score":9,"maxScore":9,"error":0},"keyphraseInDescription":{"score":3,"maxScore":9,"error":1},"keyphraseLength":{"score":9,"maxScore":9,"error":0,"length":1},"keyphraseInURL":{"score":5,"maxScore":5,"error":0},"keyphraseInIntroduction":{"score":3,"maxScore":9,"error":1},"keyphraseInSubHeadings":{"score":3,"maxScore":9,"error":1},"keyphraseInImageAlt":{"score":3,"maxScore":9,"error":1},"keywordDensity":{"score":0,"type":"low","maxScore":9,"error":1}}},"additional":[{"keyphrase":"Mercado","score":100,"analysis":{"keyphraseInDescription":{"score":9,"maxScore":9,"error":0},"keyphraseLength":{"score":9,"maxScore":9,"error":0,"length":1},"keyphraseInIntroduction":{"score":9,"maxScore":9,"error":0},"keyphraseInImageAlt":{"score":9,"maxScore":9,"error":0},"keywordDensity":{"type":"best","score":9,"maxScore":9,"error":0}}},{"keyphrase":"Ventas","score":40,"analysis":{"keyphraseInDescription":{"score":3,"maxScore":9,"error":1},"keyphraseLength":{"score":9,"maxScore":9,"error":0,"length":1},"keyphraseInIntroduction":{"score":3,"maxScore":9,"error":1},"keyphraseInImageAlt":{"score":3,"maxScore":9,"error":1},"keywordDensity":{"score":0,"type":"low","maxScore":9,"error":1}}}]},"primary_term":null,"canonical_url":null,"og_title":null,"og_description":null,"og_object_type":"default","og_image_type":"default","og_image_url":null,"og_image_width":null,"og_image_height":null,"og_image_custom_url":null,"og_image_custom_fields":null,"og_video":"","og_custom_url":null,"og_article_section":null,"og_article_tags":null,"twitter_use_og":false,"twitter_card":"default","twitter_image_type":"default","twitter_image_url":null,"twitter_image_custom_url":null,"twitter_image_custom_fields":null,"twitter_title":null,"twitter_description":null,"schema":{"blockGraphs":[],"customGraphs":[],"default":{"data":{"Article":[],"Course":[],"Dataset":[],"FAQPage":[],"Movie":[],"Person":[],"Product":[],"ProductReview":[],"Car":[],"Recipe":[],"Service":[],"SoftwareApplication":[],"WebPage":[]},"graphName":"none","isEnabled":true},"graphs":[]},"schema_type":"default","schema_type_options":null,"pillar_content":false,"robots_default":true,"robots_noindex":false,"robots_noarchive":false,"robots_nosnippet":false,"robots_nofollow":false,"robots_noimageindex":false,"robots_noodp":false,"robots_notranslate":false,"robots_max_snippet":"-1","robots_max_videopreview":"-1","robots_max_imagepreview":"large","priority":null,"frequency":"default","local_seo":null,"seo_analyzer_scan_date":"2025-10-09 05:35:31","breadcrumb_settings":null,"limit_modified_date":false,"reviewed_by":"0","open_ai":"{\"title\":{\"suggestions\":[],\"usage\":0},\"description\":{\"suggestions\":[],\"usage\":0}}","ai":{"faqs":[],"keyPoints":[],"titles":[],"descriptions":[],"socialPosts":{"email":[],"linkedin":[],"twitter":[],"facebook":[],"instagram":[]}},"created":"2025-06-02 18:01:13","updated":"2026-02-05 00:07:23"},"aioseo_breadcrumb":"<div class=\"aioseo-breadcrumbs\"><span class=\"aioseo-breadcrumb\">\n\t<a href=\"https:\/\/soymigrante.com\/revista\" title=\"Home\">Home<\/a>\n<\/span><span class=\"aioseo-breadcrumb-separator\">\u00bb<\/span><span class=\"aioseo-breadcrumb\">\n\t<a href=\"https:\/\/soymigrante.com\/revista\/category\/guate-nuestra\/\" title=\"Guate Nuestra\">Guate Nuestra<\/a>\n<\/span><span class=\"aioseo-breadcrumb-separator\">\u00bb<\/span><span class=\"aioseo-breadcrumb\">\n\tEmprendedora Isabel Rey vende accesorios en l\u00ednea, cuida a su hijo y ahora est\u00e1 en MERCADO\n<\/span><\/div>","aioseo_breadcrumb_json":[{"label":"Home","link":"https:\/\/soymigrante.com\/revista"},{"label":"Guate Nuestra","link":"https:\/\/soymigrante.com\/revista\/category\/guate-nuestra\/"},{"label":"Emprendedora Isabel Rey vende accesorios en l\u00ednea, cuida a su hijo y ahora est\u00e1 en MERCADO","link":"https:\/\/soymigrante.com\/revista\/emprendedora-isabel-rey-hallo-en-la-venta-en-linea-la-oportunidad-de-cuidar-a-su-hijo\/"}],"_links":{"self":[{"href":"https:\/\/soymigrante.com\/revista\/wp-json\/wp\/v2\/posts\/35259","targetHints":{"allow":["GET"]}}],"collection":[{"href":"https:\/\/soymigrante.com\/revista\/wp-json\/wp\/v2\/posts"}],"about":[{"href":"https:\/\/soymigrante.com\/revista\/wp-json\/wp\/v2\/types\/post"}],"author":[{"embeddable":true,"href":"https:\/\/soymigrante.com\/revista\/wp-json\/wp\/v2\/users\/19"}],"replies":[{"embeddable":true,"href":"https:\/\/soymigrante.com\/revista\/wp-json\/wp\/v2\/comments?post=35259"}],"version-history":[{"count":24,"href":"https:\/\/soymigrante.com\/revista\/wp-json\/wp\/v2\/posts\/35259\/revisions"}],"predecessor-version":[{"id":40921,"href":"https:\/\/soymigrante.com\/revista\/wp-json\/wp\/v2\/posts\/35259\/revisions\/40921"}],"wp:featuredmedia":[{"embeddable":true,"href":"https:\/\/soymigrante.com\/revista\/wp-json\/wp\/v2\/media\/35260"}],"wp:attachment":[{"href":"https:\/\/soymigrante.com\/revista\/wp-json\/wp\/v2\/media?parent=35259"}],"wp:term":[{"taxonomy":"category","embeddable":true,"href":"https:\/\/soymigrante.com\/revista\/wp-json\/wp\/v2\/categories?post=35259"},{"taxonomy":"post_tag","embeddable":true,"href":"https:\/\/soymigrante.com\/revista\/wp-json\/wp\/v2\/tags?post=35259"}],"curies":[{"name":"wp","href":"https:\/\/api.w.org\/{rel}","templated":true}]}}