{"id":35255,"date":"2025-06-02T17:11:58","date_gmt":"2025-06-02T23:11:58","guid":{"rendered":"https:\/\/soymigrante.com\/revista\/?p=35255"},"modified":"2025-10-03T14:46:32","modified_gmt":"2025-10-03T20:46:32","slug":"guatemalteco-rey-garcia-salas-capitan-del-ejercito-canadiense-los-migrantes-aportamos-mucho","status":"publish","type":"post","link":"https:\/\/soymigrante.com\/revista\/guatemalteco-rey-garcia-salas-capitan-del-ejercito-canadiense-los-migrantes-aportamos-mucho\/","title":{"rendered":"Guatemalteco Rey Garc\u00eda-Salas, capit\u00e1n del Ej\u00e9rcito canadiense: &#8220;Los migrantes aportamos mucho&#8221;."},"content":{"rendered":"\t\t<div data-elementor-type=\"wp-post\" data-elementor-id=\"35255\" class=\"elementor elementor-35255\" data-elementor-post-type=\"post\">\n\t\t\t\t<div data-particle_enable=\"false\" data-particle-mobile-disabled=\"false\" class=\"elementor-element elementor-element-cee4257 e-flex e-con-boxed e-con e-parent\" data-id=\"cee4257\" data-element_type=\"container\" data-e-type=\"container\">\n\t\t\t\t\t<div class=\"e-con-inner\">\n\t\t\t\t<div class=\"elementor-element elementor-element-90b8855 elementor-widget elementor-widget-heading\" data-id=\"90b8855\" data-element_type=\"widget\" data-e-type=\"widget\" data-widget_type=\"heading.default\">\n\t\t\t\t\t<h2 class=\"elementor-heading-title elementor-size-default\">Rey Garc\u00eda-Salas se gradu\u00f3 de ingeniero y emigr\u00f3 a Canad\u00e1;  ingres\u00f3 en el Ej\u00e9rcito y actualmente ostenta el grado grado de capit\u00e1n. Desde 2016 investiga la historia de hispanos y guatemaltecos que han formado parte de dichas fuerzas armadas. Esta es su historia.<\/h2>\t\t\t\t<\/div>\n\t\t\t\t<div class=\"elementor-element elementor-element-e06abdc elementor-widget elementor-widget-html\" data-id=\"e06abdc\" data-element_type=\"widget\" data-e-type=\"widget\" data-widget_type=\"html.default\">\n\t\t\t\t\t<div id=\"buzzsprout-player-17270733\"><\/div><script src=\"https:\/\/www.buzzsprout.com\/2444168\/episodes\/17270733-guatemalteco-rey-garcia-salas-capitan-del-ejercito-en-canada.js?container_id=buzzsprout-player-17270733&player=small\" type=\"text\/javascript\" charset=\"utf-8\"><\/script>\t\t\t\t<\/div>\n\t\t\t\t\t<\/div>\n\t\t\t\t<\/div>\n\t\t<div data-particle_enable=\"false\" data-particle-mobile-disabled=\"false\" class=\"elementor-element elementor-element-d323a1e e-flex e-con-boxed e-con e-parent\" data-id=\"d323a1e\" data-element_type=\"container\" data-e-type=\"container\">\n\t\t\t\t\t<div class=\"e-con-inner\">\n\t\t\t\t<div class=\"elementor-element elementor-element-9ee3814 elementor-widget elementor-widget-text-editor\" data-id=\"9ee3814\" data-element_type=\"widget\" data-e-type=\"widget\" data-widget_type=\"text-editor.default\">\n\t\t\t\t\t\t\t\t\t<p>Su nombre es Reynerio, pero un error en el registro civil lo anotaron como Rey Nerio, Garcia-Salas V\u00e1squez, hijo de Guillermo Garc\u00eda-Salas y de Noema Leonor V\u00e1squez. Creci\u00f3 en San Miguel Petapa, Guatemala, <a href=\"https:\/\/soymigrante.com\/revista\/22-departamentos-de-guatemala-un-corazon-multicultural-compartido\/\">Guatemala.<\/a><\/p><p>Como dato anecd\u00f3tico cuenta que don Guillermo fue cofundador de los dulces La Sultana, que quiz\u00e1 algunos guatemaltecos recuerdan. &#8220;Mi pap\u00e1 era agente viajero, iba a vender pedidos de dulces&#8221;, comparte Rey Garc\u00eda-Salas, migrante guatemalteco y capit\u00e1n del Ej\u00e9rcito de <a href=\"https:\/\/soymigrante.com\/revista\/consulados-de-guatemala-en-canada-ubicacion-horario-y-citas\/\">Canad\u00e1,<\/a> pa\u00eds donde reside desde 1996.<\/p><p>&#8220;Yo ten\u00eda 5 a\u00f1os cuando falleci\u00f3 mi pap\u00e1. Mi mam\u00e1 fue valiente pues nos cri\u00f3 a 4 hermanos&#8221;, cuenta Rey, quien estudi\u00f3 Ingenier\u00eda Mec\u00e1nica y El\u00e9ctrica en la Universidad de San Carlos. \u00bfC\u00f3mo lleg\u00f3 de esta carrera t\u00e9cnica a la militar? Esa es la historia.<\/p>\t\t\t\t\t\t\t\t<\/div>\n\t\t\t\t\t<\/div>\n\t\t\t\t<\/div>\n\t\t<div data-particle_enable=\"false\" data-particle-mobile-disabled=\"false\" class=\"elementor-element elementor-element-349b871 e-flex e-con-boxed e-con e-parent\" data-id=\"349b871\" data-element_type=\"container\" data-e-type=\"container\">\n\t\t\t\t\t<div class=\"e-con-inner\">\n\t\t\t\t<div class=\"elementor-element elementor-element-ffabd04 elementor-widget elementor-widget-image\" data-id=\"ffabd04\" data-element_type=\"widget\" data-e-type=\"widget\" data-widget_type=\"image.default\">\n\t\t\t\t\t\t\t\t\t\t\t\t<figure class=\"wp-caption\">\n\t\t\t\t\t\t\t\t\t\t<img fetchpriority=\"high\" decoding=\"async\" width=\"1024\" height=\"768\" src=\"https:\/\/soymigrante.com\/revista\/wp-content\/uploads\/2025\/06\/rey-garcia-salas-capitan-ejercito-canadiense-1024x768.jpg\" class=\"attachment-large size-large wp-image-35285\" alt=\"Diversidad cultural, inmigrantes, comunidad latinoamericana en Canad\u00e1, representaci\u00f3n en eventos oficiales, orgullo y identidad cultural, celebraci\u00f3n de tradiciones ind\u00edgenas.\" srcset=\"https:\/\/soymigrante.com\/revista\/wp-content\/uploads\/2025\/06\/rey-garcia-salas-capitan-ejercito-canadiense-1024x768.jpg 1024w, https:\/\/soymigrante.com\/revista\/wp-content\/uploads\/2025\/06\/rey-garcia-salas-capitan-ejercito-canadiense-300x225.jpg 300w, https:\/\/soymigrante.com\/revista\/wp-content\/uploads\/2025\/06\/rey-garcia-salas-capitan-ejercito-canadiense-768x576.jpg 768w, https:\/\/soymigrante.com\/revista\/wp-content\/uploads\/2025\/06\/rey-garcia-salas-capitan-ejercito-canadiense-1536x1152.jpg 1536w, https:\/\/soymigrante.com\/revista\/wp-content\/uploads\/2025\/06\/rey-garcia-salas-capitan-ejercito-canadiense-750x563.webp 750w, https:\/\/soymigrante.com\/revista\/wp-content\/uploads\/2025\/06\/rey-garcia-salas-capitan-ejercito-canadiense-1140x855.webp 1140w, https:\/\/soymigrante.com\/revista\/wp-content\/uploads\/2025\/06\/rey-garcia-salas-capitan-ejercito-canadiense.webp 1600w\" sizes=\"(max-width: 1024px) 100vw, 1024px\" title=\"El capit\u00e1n Rey Garc\u00eda-Salas impulsa la dignificaci\u00f3n de  soldados y oficiales canadienses de origen latinoamericano. Participa tambi\u00e9n en actividades de la comunidad guatemalteca. En esfa fotograf\u00eda figura junto a David Aguilar, migrante guatemalteco fundador y director del grupo de danza Ix Balam tambi\u00e9n radicado en Canad\u00e1. \u2013 SoyMigrante.com REVISTA\" \/>\t\t\t\t\t\t\t\t\t\t\t<figcaption class=\"widget-image-caption wp-caption-text\">Diversidad cultural y migrante en Canad\u00e1, celebraci\u00f3n de tradiciones ind\u00edgenas y comunidad inmigrante.<\/figcaption>\n\t\t\t\t\t\t\t\t\t\t<\/figure>\n\t\t\t\t\t\t\t\t\t<\/div>\n\t\t\t\t\t<\/div>\n\t\t\t\t<\/div>\n\t\t<div data-particle_enable=\"false\" data-particle-mobile-disabled=\"false\" class=\"elementor-element elementor-element-d4838d5 e-flex e-con-boxed e-con e-parent\" data-id=\"d4838d5\" data-element_type=\"container\" data-e-type=\"container\">\n\t\t\t\t\t<div class=\"e-con-inner\">\n\t\t\t\t<div class=\"elementor-element elementor-element-1a1e0e2 elementor-widget elementor-widget-heading\" data-id=\"1a1e0e2\" data-element_type=\"widget\" data-e-type=\"widget\" data-widget_type=\"heading.default\">\n\t\t\t\t\t<h3 class=\"elementor-heading-title elementor-size-default\">La migraci\u00f3n y sus.... desaf\u00edos<\/h3>\t\t\t\t<\/div>\n\t\t\t\t\t<\/div>\n\t\t\t\t<\/div>\n\t\t<div data-particle_enable=\"false\" data-particle-mobile-disabled=\"false\" class=\"elementor-element elementor-element-06b0bcb e-flex e-con-boxed e-con e-parent\" data-id=\"06b0bcb\" data-element_type=\"container\" data-e-type=\"container\">\n\t\t\t\t\t<div class=\"e-con-inner\">\n\t\t\t\t<div class=\"elementor-element elementor-element-6592b85 elementor-widget elementor-widget-text-editor\" data-id=\"6592b85\" data-element_type=\"widget\" data-e-type=\"widget\" data-widget_type=\"text-editor.default\">\n\t\t\t\t\t\t\t\t\t<p>\u201cTermin\u00e9 todos los cursos de la carrera. Pero no hab\u00eda oportunidad de trabajo en Guatemala. Ya hab\u00eda formado una familia y la necesidad apremia\u201d. En 1996 decidi\u00f3 migrar legalmente porque hab\u00eda entonces algunas facilidades: \u201cMe vine a Canad\u00e1 en bus.\u201d, cuenta.<\/p><p>Su llegada a Toronto fue un choque cultural y ling\u00fc\u00edstico: \u201cSab\u00eda un poquito de ingl\u00e9s, franc\u00e9s nada, fue empezar de nuevo.\u201d Sus t\u00edtulos no ten\u00edan convalidacion, as\u00ed que trabaj\u00f3 con sus fuerzas: \u201cMe dediqu\u00e9 a obrero de construcci\u00f3n&#8230; como nosotros los guatemaltecos <a href=\"https:\/\/soymigrante.com\/revista\/estas-son-cinco-grandes-cualidades-que-identifican-a-los-guatemaltecos\/\">somos aguerridos<\/a>, estamos dispuestos a hacerle frente a cualquier obst\u00e1culo.\u201d, relata.<\/p><p>La validaci\u00f3n de su t\u00edtulo fue complicada: \u201cYo estudi\u00e9 una carrera de seis a\u00f1os, dos ingenier\u00edas en una: el\u00e9ctrica y mec\u00e1nica. Pero en Canad\u00e1 solo me reconocieron un a\u00f1o de estudios.\u201d Pero no se rindi\u00f3 y se inscribi\u00f3 en la Universidad de Carleton en Ottawa. en otras palabras volvi\u00f3 a las aulas. \u201cHice un pr\u00e9stamo estudiantil&#8230; y empec\u00e9 otra vez a estudiar la carrera.\u201d<\/p><p>Paralelamente, Rey sosten\u00eda a su familia. \u201cYo ya estaba casado cuando migr\u00e9. Me llev\u00e9 a mi familia y deb\u00eda continuar trabajando\u201d.<\/p>\t\t\t\t\t\t\t\t<\/div>\n\t\t\t\t\t<\/div>\n\t\t\t\t<\/div>\n\t\t<div data-particle_enable=\"false\" data-particle-mobile-disabled=\"false\" class=\"elementor-element elementor-element-76d8be5 e-flex e-con-boxed e-con e-parent\" data-id=\"76d8be5\" data-element_type=\"container\" data-e-type=\"container\">\n\t\t\t\t\t<div class=\"e-con-inner\">\n\t\t\t\t<div class=\"elementor-element elementor-element-85c5286 elementor-widget elementor-widget-image\" data-id=\"85c5286\" data-element_type=\"widget\" data-e-type=\"widget\" data-widget_type=\"image.default\">\n\t\t\t\t\t\t\t\t\t\t\t\t<figure class=\"wp-caption\">\n\t\t\t\t\t\t\t\t\t\t<img decoding=\"async\" width=\"1024\" height=\"755\" src=\"https:\/\/soymigrante.com\/revista\/wp-content\/uploads\/2025\/06\/capitan-rey-garcia-salas-guatemalteco-canada-1024x755.jpg\" class=\"attachment-large size-large wp-image-35286\" alt=\"Conmemoraci\u00f3n por la comunidad de migrantes en un evento al aire libre con autoridades y participantes en la ciudad.\" srcset=\"https:\/\/soymigrante.com\/revista\/wp-content\/uploads\/2025\/06\/capitan-rey-garcia-salas-guatemalteco-canada-1024x755.jpg 1024w, https:\/\/soymigrante.com\/revista\/wp-content\/uploads\/2025\/06\/capitan-rey-garcia-salas-guatemalteco-canada-300x221.jpg 300w, https:\/\/soymigrante.com\/revista\/wp-content\/uploads\/2025\/06\/capitan-rey-garcia-salas-guatemalteco-canada-768x566.jpg 768w, https:\/\/soymigrante.com\/revista\/wp-content\/uploads\/2025\/06\/capitan-rey-garcia-salas-guatemalteco-canada-750x553.webp 750w, https:\/\/soymigrante.com\/revista\/wp-content\/uploads\/2025\/06\/capitan-rey-garcia-salas-guatemalteco-canada-1140x841.webp 1140w, https:\/\/soymigrante.com\/revista\/wp-content\/uploads\/2025\/06\/capitan-rey-garcia-salas-guatemalteco-canada.webp 1295w\" sizes=\"(max-width: 1024px) 100vw, 1024px\" title=\"El domingo 1 de junio de 2025 se celebr\u00f3 en Toronto, Canad\u00e1, un homenaje a migrantes de Guatemala, Panam\u00e1, Colombia y Per\u00fa que han servido en las fuerzas armadas canadienses. En el acto participaron representantes de la asociaci\u00f3n cultural Ix Balam, consulado de Guatemala y representantes de dichas naciones. (Foto Cortes\u00eda Casa Cultural Peruana) \u2013 SoyMigrante.com REVISTA\" \/>\t\t\t\t\t\t\t\t\t\t\t<figcaption class=\"widget-image-caption wp-caption-text\">Conmemoraci\u00f3n y reconocimiento de la comunidad inmigrante y su contribuci\u00f3n al pa\u00eds en evento al aire libre con oradores y participaci\u00f3n ciudadana.<\/figcaption>\n\t\t\t\t\t\t\t\t\t\t<\/figure>\n\t\t\t\t\t\t\t\t\t<\/div>\n\t\t\t\t\t<\/div>\n\t\t\t\t<\/div>\n\t\t<div data-particle_enable=\"false\" data-particle-mobile-disabled=\"false\" class=\"elementor-element elementor-element-3cfb768 e-flex e-con-boxed e-con e-parent\" data-id=\"3cfb768\" data-element_type=\"container\" data-e-type=\"container\">\n\t\t\t\t\t<div class=\"e-con-inner\">\n\t\t\t\t<div class=\"elementor-element elementor-element-e41bc5a elementor-widget elementor-widget-heading\" data-id=\"e41bc5a\" data-element_type=\"widget\" data-e-type=\"widget\" data-widget_type=\"heading.default\">\n\t\t\t\t\t<h3 class=\"elementor-heading-title elementor-size-default\">De pronto encuentra el camino militar <\/h3>\t\t\t\t<\/div>\n\t\t\t\t\t<\/div>\n\t\t\t\t<\/div>\n\t\t<div data-particle_enable=\"false\" data-particle-mobile-disabled=\"false\" class=\"elementor-element elementor-element-5fbe571 e-flex e-con-boxed e-con e-parent\" data-id=\"5fbe571\" data-element_type=\"container\" data-e-type=\"container\">\n\t\t\t\t\t<div class=\"e-con-inner\">\n\t\t\t\t<div class=\"elementor-element elementor-element-3dc73d2 elementor-widget elementor-widget-text-editor\" data-id=\"3dc73d2\" data-element_type=\"widget\" data-e-type=\"widget\" data-widget_type=\"text-editor.default\">\n\t\t\t\t\t\t\t\t\t<p>Desde joven, Rey se sinti\u00f3 atra\u00eddo por la disciplina y el orden. Y en Canad\u00e1 se abri\u00f3 camino para retomar una antigua vocaci\u00f3n familiar. \u201cMi abuelo por parte de pap\u00e1 fue coronel en el tiempo del general Jorge Ubico. Al faltar mi pap\u00e1, mi mam\u00e1, que nos cri\u00f3 sola, pero era como un general retirado (risas): Era bien en\u00e9rgica.\u201d\u00a0<\/p><p>Esa combinaci\u00f3n de legado y formaci\u00f3n lo llev\u00f3 a interesarse por la vida militar a m\u00e1s de 5 mil kil\u00f3metros de Guatemala.<\/p><p>\u201cComo siempre me ha atra\u00eddo la vida militar, durante los veranos universitarios empec\u00e9 a buscar oportunidades.\u201d Sin ciudadan\u00eda a\u00fan, Rey solo pudo ingresar a las fuerzas de reserva: \u201cMe aceptaron como t\u00e9cnico en mec\u00e1nica de veh\u00edculos. Estuve ah\u00ed casi cinco a\u00f1os.\u201d\u00a0<\/p><p>Cuando finalmente Rey obtuvo su ciudadan\u00eda y termin\u00f3 sus estudios, aplic\u00f3 a la fuerza regular. \u201cEntr\u00e9 como subteniente&#8230; hoy soy capit\u00e1n.\u201d\u00a0El entrenamiento no fue f\u00e1cil: \u201cMe tocaba hacer entrenamientos con personas bien j\u00f3venes&#8230; pero uno tiene que hacerse de una mente fuerte.\u201d<\/p><p>En el descanso de fin de semana manejaba 12 horas de ida y 12 de vuelta, para pasar tiempo con su <a href=\"https:\/\/soymigrante.com\/revista\/consejos-para-parejas-migrantes-no-discutir-o-tratar-temas-delicados-frente-a-los-hijos\/\">familia:<\/a> \u201cLlevaba a mis hijas a ballet, nataci\u00f3n, y al cine&#8230; pero me dorm\u00eda en todas las pel\u00edculas.\u201d\u00a0Este esfuerzo no fue solo f\u00edsico. Tambi\u00e9n fue un acto de amor: \u201cUno tiene que siempre mantener unida a la familia.\u201d<\/p>\t\t\t\t\t\t\t\t<\/div>\n\t\t\t\t\t<\/div>\n\t\t\t\t<\/div>\n\t\t<div data-particle_enable=\"false\" data-particle-mobile-disabled=\"false\" class=\"elementor-element elementor-element-47d8ebd e-flex e-con-boxed e-con e-parent\" data-id=\"47d8ebd\" data-element_type=\"container\" data-e-type=\"container\">\n\t\t\t\t\t<div class=\"e-con-inner\">\n\t\t\t\t<div class=\"elementor-element elementor-element-1380187 elementor-widget elementor-widget-video\" data-id=\"1380187\" data-element_type=\"widget\" data-e-type=\"widget\" data-settings=\"{&quot;youtube_url&quot;:&quot;https:\\\/\\\/www.youtube.com\\\/watch?v=Vi5Bc_WlLeM&amp;t=2484s&quot;,&quot;video_type&quot;:&quot;youtube&quot;,&quot;controls&quot;:&quot;yes&quot;}\" data-widget_type=\"video.default\">\n\t\t\t\t\t\t\t<div class=\"elementor-wrapper elementor-open-inline\">\n\t\t\t<div class=\"elementor-video\"><\/div>\t\t<\/div>\n\t\t\t\t\t\t<\/div>\n\t\t\t\t\t<\/div>\n\t\t\t\t<\/div>\n\t\t<div data-particle_enable=\"false\" data-particle-mobile-disabled=\"false\" class=\"elementor-element elementor-element-1f95302 e-flex e-con-boxed e-con e-parent\" data-id=\"1f95302\" data-element_type=\"container\" data-e-type=\"container\">\n\t\t\t\t\t<div class=\"e-con-inner\">\n\t\t\t\t<div class=\"elementor-element elementor-element-3e4e38c elementor-widget elementor-widget-heading\" data-id=\"3e4e38c\" data-element_type=\"widget\" data-e-type=\"widget\" data-widget_type=\"heading.default\">\n\t\t\t\t\t<h3 class=\"elementor-heading-title elementor-size-default\">Rescata nombre de soldados hispanos<\/h3>\t\t\t\t<\/div>\n\t\t\t\t\t<\/div>\n\t\t\t\t<\/div>\n\t\t<div data-particle_enable=\"false\" data-particle-mobile-disabled=\"false\" class=\"elementor-element elementor-element-1ee78da e-flex e-con-boxed e-con e-parent\" data-id=\"1ee78da\" data-element_type=\"container\" data-e-type=\"container\">\n\t\t\t\t\t<div class=\"e-con-inner\">\n\t\t\t\t<div class=\"elementor-element elementor-element-f5b1790 elementor-widget elementor-widget-text-editor\" data-id=\"f5b1790\" data-element_type=\"widget\" data-e-type=\"widget\" data-widget_type=\"text-editor.default\">\n\t\t\t\t\t\t\t\t\t<p>En 2016, su inquietud por conocer las ra\u00edces latinas en el ej\u00e9rcito motiv\u00f3 a Rey a emprender una investigaci\u00f3n exhaustiva: \u201cQuer\u00eda conocer y dar a conocer desde cu\u00e1ndo los migrantes hispanos han contribuido militarmente a este pa\u00eds.\u201d<\/p>\n<p>El resultado fue impactante: \u201cEncontr\u00e9 nombres hispanos en la guerra de 1812, en la guerra de Sud\u00e1frica, en la Primera y Segunda Guerra Mundial&#8221;. Pero sobre todo, le impact\u00f3 encontrar guatemaltecos. Uno de los hallazgos m\u00e1s conmovedores fue el de Theodore Hempstead, piloto guatemalteco, originario de Cob\u00e1n, Alta Verapaz, que estuvo en la Segunda Guerra Mundial y fue enterrado en Egipto.<\/p>\n<p><br>Junto a otros integrantes del Ej\u00e9rcito, consulados y migrantes hispanos en Canad\u00e1, incluyendo <a href=\"https:\/\/soymigrante.com\/revista\/david-aguilar-es-jaguar-venado-y-quetzal-migrante-en-canada\/\">la asociaci\u00f3n cultural Ix Balam, dirigida por el guatemalteco David Aguilar<\/a>,&nbsp; Rey ha conformado un comit\u00e9 y una red de apoyo que ya ha documentado m\u00e1s de 200 perfiles de soldados latinoamericanos: \u201cVinieron por sus propios medios. Hay de varios pa\u00edses: M\u00e9xico, Argentina, Per\u00fa, se enlistaron voluntariamente.Y eso demuestra que los migrantes siempre aportamos&#8221;, expresa.&nbsp;<\/p>\t\t\t\t\t\t\t\t<\/div>\n\t\t\t\t\t<\/div>\n\t\t\t\t<\/div>\n\t\t<div data-particle_enable=\"false\" data-particle-mobile-disabled=\"false\" class=\"elementor-element elementor-element-f4840bf e-flex e-con-boxed e-con e-parent\" data-id=\"f4840bf\" data-element_type=\"container\" data-e-type=\"container\">\n\t\t\t\t\t<div class=\"e-con-inner\">\n\t\t\t\t<div class=\"elementor-element elementor-element-cb4893f elementor-widget elementor-widget-image\" data-id=\"cb4893f\" data-element_type=\"widget\" data-e-type=\"widget\" data-widget_type=\"image.default\">\n\t\t\t\t\t\t\t\t\t\t\t\t<figure class=\"wp-caption\">\n\t\t\t\t\t\t\t\t\t\t<img decoding=\"async\" width=\"801\" height=\"1024\" src=\"https:\/\/soymigrante.com\/revista\/wp-content\/uploads\/2025\/06\/rey-garcia-salas-poema-801x1024.jpg\" class=\"attachment-large size-large wp-image-35287\" alt=\"Cristales rotos y tejidos tradicionales en revista SoyMigrante.com, resaltando cultura y migraci\u00f3n en Am\u00e9rica Latina.\" srcset=\"https:\/\/soymigrante.com\/revista\/wp-content\/uploads\/2025\/06\/rey-garcia-salas-poema-801x1024.jpg 801w, https:\/\/soymigrante.com\/revista\/wp-content\/uploads\/2025\/06\/rey-garcia-salas-poema-235x300.jpg 235w, https:\/\/soymigrante.com\/revista\/wp-content\/uploads\/2025\/06\/rey-garcia-salas-poema-768x982.jpg 768w, https:\/\/soymigrante.com\/revista\/wp-content\/uploads\/2025\/06\/rey-garcia-salas-poema-750x959.jpg 750w, https:\/\/soymigrante.com\/revista\/wp-content\/uploads\/2025\/06\/rey-garcia-salas-poema.webp 1111w\" sizes=\"(max-width: 801px) 100vw, 801px\" title=\"El capit\u00e1n Rey Garc\u00eda-Salas V\u00e1squez, originario de Guatemala e integrante del ej\u00e9rcito canadiense, tambi\u00e9n es poeta. Y as\u00ed lo muestra este texto. \u2013 SoyMigrante.com REVISTA\" \/>\t\t\t\t\t\t\t\t\t\t\t<figcaption class=\"widget-image-caption wp-caption-text\">Poema sobre migraci\u00f3n, historia y resiliencia en la revista SoyMigrante.com, con enfoque cultural y social.<\/figcaption>\n\t\t\t\t\t\t\t\t\t\t<\/figure>\n\t\t\t\t\t\t\t\t\t<\/div>\n\t\t\t\t\t<\/div>\n\t\t\t\t<\/div>\n\t\t<div data-particle_enable=\"false\" data-particle-mobile-disabled=\"false\" class=\"elementor-element elementor-element-5fd9c90 e-flex e-con-boxed e-con e-parent\" data-id=\"5fd9c90\" data-element_type=\"container\" data-e-type=\"container\">\n\t\t\t\t\t<div class=\"e-con-inner\">\n\t\t\t\t<div class=\"elementor-element elementor-element-363bfab elementor-widget elementor-widget-heading\" data-id=\"363bfab\" data-element_type=\"widget\" data-e-type=\"widget\" data-widget_type=\"heading.default\">\n\t\t\t\t\t<h3 class=\"elementor-heading-title elementor-size-default\">Una misi\u00f3n literalmente hist\u00f3rica<\/h3>\t\t\t\t<\/div>\n\t\t\t\t\t<\/div>\n\t\t\t\t<\/div>\n\t\t<div data-particle_enable=\"false\" data-particle-mobile-disabled=\"false\" class=\"elementor-element elementor-element-09c00ec e-flex e-con-boxed e-con e-parent\" data-id=\"09c00ec\" data-element_type=\"container\" data-e-type=\"container\">\n\t\t\t\t\t<div class=\"e-con-inner\">\n\t\t\t\t<div class=\"elementor-element elementor-element-e69a135 elementor-widget elementor-widget-text-editor\" data-id=\"e69a135\" data-element_type=\"widget\" data-e-type=\"widget\" data-widget_type=\"text-editor.default\">\n\t\t\t\t\t\t\t\t\t<p>El proyecto tambi\u00e9n ha tenido un impacto multicultural: \u201cMuchas personas no sab\u00edan que nuestros soldados latinoamericanos participaron luchando por la libertad y la democracia canadiense. Y por eso aqu\u00ed en Canad\u00e1 es importante que vean la contribuci\u00f3n que nuestros soldados dieron, pero tambi\u00e9n muchos migrantes con su trabajo, cultura e identidad\u201d<\/p><p>El trabajo de Garc\u00eda-Salas no solo ha levantado la imagen del ej\u00e9rcito canadiense ante la comunidad latina, sino que ha reforzado el sentido de pertenencia. \u201cQueremos que lo que se reconozca aqu\u00ed, tambi\u00e9n se reconozca en los pa\u00edses de origen de estos soldados. Ese es mi gran sue\u00f1o.\u201d\u00a0<\/p>\t\t\t\t\t\t\t\t<\/div>\n\t\t\t\t\t<\/div>\n\t\t\t\t<\/div>\n\t\t<div data-particle_enable=\"false\" data-particle-mobile-disabled=\"false\" class=\"elementor-element elementor-element-7be9974 e-flex e-con-boxed e-con e-parent\" data-id=\"7be9974\" data-element_type=\"container\" data-e-type=\"container\">\n\t\t\t\t\t<div class=\"e-con-inner\">\n\t\t\t\t<div class=\"elementor-element elementor-element-6078c86 elementor-widget elementor-widget-image\" data-id=\"6078c86\" data-element_type=\"widget\" data-e-type=\"widget\" data-widget_type=\"image.default\">\n\t\t\t\t\t\t\t\t\t\t\t\t<figure class=\"wp-caption\">\n\t\t\t\t\t\t\t\t\t\t<img loading=\"lazy\" decoding=\"async\" width=\"1024\" height=\"669\" src=\"https:\/\/soymigrante.com\/revista\/wp-content\/uploads\/2025\/06\/theodor-hempstead-1024x669.png\" class=\"attachment-large size-large wp-image-35288\" alt=\"Hombre en mural de estilo vintage sosteniendo una silla con fondo de cielo nublado.\" srcset=\"https:\/\/soymigrante.com\/revista\/wp-content\/uploads\/2025\/06\/theodor-hempstead-1024x669.png 1024w, https:\/\/soymigrante.com\/revista\/wp-content\/uploads\/2025\/06\/theodor-hempstead-300x196.png 300w, https:\/\/soymigrante.com\/revista\/wp-content\/uploads\/2025\/06\/theodor-hempstead-768x502.png 768w, https:\/\/soymigrante.com\/revista\/wp-content\/uploads\/2025\/06\/theodor-hempstead-750x490.webp 750w, https:\/\/soymigrante.com\/revista\/wp-content\/uploads\/2025\/06\/theodor-hempstead-1140x745.webp 1140w, https:\/\/soymigrante.com\/revista\/wp-content\/uploads\/2025\/06\/theodor-hempstead.webp 1148w\" sizes=\"(max-width: 1024px) 100vw, 1024px\" title=\"El piloto aviador Theodore Hempstead, nacido en Cob\u00e1n, Alta Verapaz y sepultado en Egipto, fue un integrante guatemalteco del ej\u00e9rcito canadiense durante la II Guerra Mundial. Memorias como la suya son las que rescata el capitan Rey Garc\u00eda Salas, nacido en Guatemala. \u2013 SoyMigrante.com REVISTA\" \/>\t\t\t\t\t\t\t\t\t\t\t<figcaption class=\"widget-image-caption wp-caption-text\">Retrato en mural vintage de un hombre sonriendo, con una silla en manos, representando historia y cultura migrante en M\u00e9xico.<\/figcaption>\n\t\t\t\t\t\t\t\t\t\t<\/figure>\n\t\t\t\t\t\t\t\t\t<\/div>\n\t\t\t\t\t<\/div>\n\t\t\t\t<\/div>\n\t\t<div data-particle_enable=\"false\" data-particle-mobile-disabled=\"false\" class=\"elementor-element elementor-element-30d169f e-flex e-con-boxed e-con e-parent\" data-id=\"30d169f\" data-element_type=\"container\" data-e-type=\"container\">\n\t\t\t\t\t<div class=\"e-con-inner\">\n\t\t\t\t<div class=\"elementor-element elementor-element-2d3dbea elementor-widget elementor-widget-heading\" data-id=\"2d3dbea\" data-element_type=\"widget\" data-e-type=\"widget\" data-widget_type=\"heading.default\">\n\t\t\t\t\t<h2 class=\"elementor-heading-title elementor-size-default\">M\u00e1s guatemaltecos dejan huella positiva en Canad\u00e1<\/h2>\t\t\t\t<\/div>\n\t\t\t\t\t<\/div>\n\t\t\t\t<\/div>\n\t\t<div data-particle_enable=\"false\" data-particle-mobile-disabled=\"false\" class=\"elementor-element elementor-element-5450281 e-flex e-con-boxed e-con e-parent\" data-id=\"5450281\" data-element_type=\"container\" data-e-type=\"container\">\n\t\t\t\t\t<div class=\"e-con-inner\">\n\t\t\t\t<div class=\"elementor-element elementor-element-82ee9e9 elementor-grid-eael-col-3 elementor-grid-tablet-eael-col-2 elementor-grid-mobile-eael-col-1 elementor-widget elementor-widget-eael-post-grid\" data-id=\"82ee9e9\" data-element_type=\"widget\" data-e-type=\"widget\" data-settings=\"{&quot;eael_post_grid_columns&quot;:&quot;eael-col-3&quot;,&quot;eael_post_grid_columns_tablet&quot;:&quot;eael-col-2&quot;,&quot;eael_post_grid_columns_mobile&quot;:&quot;eael-col-1&quot;}\" data-widget_type=\"eael-post-grid.default\">\n\t\t\t\t\t<div id=\"eael-post-grid-82ee9e9\" class=\"eael-post-grid-container\">\n            <div class=\"eael-post-grid eael-post-appender eael-post-appender-82ee9e9 eael-post-grid-style-one\" data-layout-mode=\"masonry\"><article class=\"eael-grid-post  eael-post-grid-column eael-pg-post-7294 category-exitos\" data-id=\"7294\">\n        <div class=\"eael-grid-post-holder\">\n            <div class=\"eael-grid-post-holder-inner\"><div class=\"eael-entry-media\"><div class=\"eael-entry-overlay fade-in\"><i class=\"far fa-hand-pointer\" aria-hidden=\"true\"><\/i><a href=\"https:\/\/soymigrante.com\/revista\/david-aguilar-es-jaguar-venado-y-quetzal-migrante-en-canada\/\"><\/a><\/div><div class=\"eael-entry-thumbnail \">\n                <img loading=\"lazy\" decoding=\"async\" width=\"482\" height=\"482\" src=\"https:\/\/soymigrante.com\/revista\/wp-content\/uploads\/2024\/07\/migrante-en-canada.webp\" class=\"attachment-large size-large wp-image-7311\" alt=\"Relevancia.\" srcset=\"https:\/\/soymigrante.com\/revista\/wp-content\/uploads\/2024\/07\/migrante-en-canada.webp 482w, https:\/\/soymigrante.com\/revista\/wp-content\/uploads\/2024\/07\/migrante-en-canada-300x300.webp 300w, https:\/\/soymigrante.com\/revista\/wp-content\/uploads\/2024\/07\/migrante-en-canada-150x150.webp 150w, https:\/\/soymigrante.com\/revista\/wp-content\/uploads\/2024\/07\/migrante-en-canada-75x75.webp 75w\" sizes=\"(max-width: 482px) 100vw, 482px\" \/>\n            <\/div>\n        <\/div><div class=\"eael-entry-wrapper\"><header class=\"eael-entry-header\"><h2 class=\"eael-entry-title\"><a class=\"eael-grid-post-link\" href=\"https:\/\/soymigrante.com\/revista\/david-aguilar-es-jaguar-venado-y-quetzal-migrante-en-canada\/\" title=\"David Aguilar es jaguar, venado y quetzal migrante en Canad\u00e1\">David Aguilar es jaguar, venado y quetzal migrante en Canad\u00e1<\/a><\/h2><\/header><div class=\"eael-entry-content\">\n                        <div class=\"eael-grid-post-excerpt\"><a href=\"https:\/\/soymigrante.com\/revista\/david-aguilar-es-jaguar-venado-y-quetzal-migrante-en-canada\/\" class=\"eael-post-elements-readmore-btn\">CONOCE SU HISTORIA <\/a><\/div>\n                    <\/div><\/div><\/div>\n        <\/div>\n    <\/article><article class=\"eael-grid-post  eael-post-grid-column eael-pg-post-5857 category-exitos\" data-id=\"5857\">\n        <div class=\"eael-grid-post-holder\">\n            <div class=\"eael-grid-post-holder-inner\"><div class=\"eael-entry-media\"><div class=\"eael-entry-overlay fade-in\"><i class=\"far fa-hand-pointer\" aria-hidden=\"true\"><\/i><a href=\"https:\/\/soymigrante.com\/revista\/arquitectura-paisajista-florecio-con-carlos-martinez-en-el-frio-de-canada\/\"><\/a><\/div><div class=\"eael-entry-thumbnail \">\n                <img loading=\"lazy\" decoding=\"async\" width=\"1024\" height=\"830\" src=\"https:\/\/soymigrante.com\/revista\/wp-content\/uploads\/2024\/04\/IMG_4969-1024x830.webp\" class=\"attachment-large size-large wp-image-5858\" alt=\"Hombre sonriendo en un entorno verde y tropical, con plantas y palmeras, ilustrando el contenido de la revista SoyMigrante.com REVISTA, que promueve historias y noticias sobre migraci\u00f3n, integraci\u00f3n y derechos en Am\u00e9rica Latina y el mundo.\" srcset=\"https:\/\/soymigrante.com\/revista\/wp-content\/uploads\/2024\/04\/IMG_4969-1024x830.webp 1024w, https:\/\/soymigrante.com\/revista\/wp-content\/uploads\/2024\/04\/IMG_4969-300x243.webp 300w, https:\/\/soymigrante.com\/revista\/wp-content\/uploads\/2024\/04\/IMG_4969-768x622.webp 768w, https:\/\/soymigrante.com\/revista\/wp-content\/uploads\/2024\/04\/IMG_4969-750x608.webp 750w, https:\/\/soymigrante.com\/revista\/wp-content\/uploads\/2024\/04\/IMG_4969-1140x924.webp 1140w, https:\/\/soymigrante.com\/revista\/wp-content\/uploads\/2024\/04\/IMG_4969.webp 1522w\" sizes=\"(max-width: 1024px) 100vw, 1024px\" \/>\n            <\/div>\n        <\/div><div class=\"eael-entry-wrapper\"><header class=\"eael-entry-header\"><h2 class=\"eael-entry-title\"><a class=\"eael-grid-post-link\" href=\"https:\/\/soymigrante.com\/revista\/arquitectura-paisajista-florecio-con-carlos-martinez-en-el-frio-de-canada\/\" title=\"Arquitectura paisajista floreci\u00f3 con Carlos Mart\u00ednez en el fr\u00edo de Canad\u00e1\">Arquitectura paisajista floreci\u00f3 con Carlos Mart\u00ednez en el fr\u00edo de Canad\u00e1<\/a><\/h2><\/header><div class=\"eael-entry-content\">\n                        <div class=\"eael-grid-post-excerpt\"><a href=\"https:\/\/soymigrante.com\/revista\/arquitectura-paisajista-florecio-con-carlos-martinez-en-el-frio-de-canada\/\" class=\"eael-post-elements-readmore-btn\">CONOCE SU HISTORIA <\/a><\/div>\n                    <\/div><\/div><\/div>\n        <\/div>\n    <\/article><article class=\"eael-grid-post  eael-post-grid-column eael-pg-post-1964 category-exitos tags-canada\" data-id=\"1964\">\n        <div class=\"eael-grid-post-holder\">\n            <div class=\"eael-grid-post-holder-inner\"><div class=\"eael-entry-media\"><div class=\"eael-entry-overlay fade-in\"><i class=\"far fa-hand-pointer\" aria-hidden=\"true\"><\/i><a href=\"https:\/\/soymigrante.com\/revista\/antonio-lopez-migrante-guatemalteco-canada\/\"><\/a><\/div><div class=\"eael-entry-thumbnail \">\n                <img loading=\"lazy\" decoding=\"async\" width=\"843\" height=\"773\" src=\"https:\/\/soymigrante.com\/revista\/wp-content\/uploads\/2023\/07\/Antonio-Lopez-migrante-guatemalteco-en-Canada-desde-2009-fotos-de-diversas-etapas-de-su-vida-y-tambien-de-su-album-como-fotografo-21.webp\" class=\"attachment-large size-large wp-image-1983\" alt=\"Antonio L\u00f6pez ten\u00eda una exitosa carrera como dise\u00f1ador gr\u00e1fico en Guatemala cuando decidi\u00f3 migrar a Canad\u00e1. Vendi\u00f3 todo lo que ten\u00eda. En 2009 por fin obtuvo el permiso legal. Al llegar a la aduana con mi familia me d\u00ed cuenta que toda mi vida iba en 8 maletas, cuenta.\" srcset=\"https:\/\/soymigrante.com\/revista\/wp-content\/uploads\/2023\/07\/Antonio-Lopez-migrante-guatemalteco-en-Canada-desde-2009-fotos-de-diversas-etapas-de-su-vida-y-tambien-de-su-album-como-fotografo-21.webp 843w, https:\/\/soymigrante.com\/revista\/wp-content\/uploads\/2023\/07\/Antonio-Lopez-migrante-guatemalteco-en-Canada-desde-2009-fotos-de-diversas-etapas-de-su-vida-y-tambien-de-su-album-como-fotografo-21-300x275.webp 300w, https:\/\/soymigrante.com\/revista\/wp-content\/uploads\/2023\/07\/Antonio-Lopez-migrante-guatemalteco-en-Canada-desde-2009-fotos-de-diversas-etapas-de-su-vida-y-tambien-de-su-album-como-fotografo-21-768x704.webp 768w, https:\/\/soymigrante.com\/revista\/wp-content\/uploads\/2023\/07\/Antonio-Lopez-migrante-guatemalteco-en-Canada-desde-2009-fotos-de-diversas-etapas-de-su-vida-y-tambien-de-su-album-como-fotografo-21-750x688.webp 750w\" sizes=\"(max-width: 843px) 100vw, 843px\" \/>\n            <\/div>\n        <\/div><div class=\"eael-entry-wrapper\"><header class=\"eael-entry-header\"><h2 class=\"eael-entry-title\"><a class=\"eael-grid-post-link\" href=\"https:\/\/soymigrante.com\/revista\/antonio-lopez-migrante-guatemalteco-canada\/\" title=\"Antonio L\u00f3pez: Del dise\u00f1o gr\u00e1fico en Guatemala a Canad\u00e1\">Antonio L\u00f3pez: Del dise\u00f1o gr\u00e1fico en Guatemala a Canad\u00e1<\/a><\/h2><\/header><div class=\"eael-entry-content\">\n                        <div class=\"eael-grid-post-excerpt\"><a href=\"https:\/\/soymigrante.com\/revista\/antonio-lopez-migrante-guatemalteco-canada\/\" class=\"eael-post-elements-readmore-btn\">CONOCE SU HISTORIA <\/a><\/div>\n                    <\/div><\/div><\/div>\n        <\/div>\n    <\/article><\/div>\n            <div class=\"clearfix\"><\/div>\n        <\/div>\t\t\t\t<\/div>\n\t\t\t\t\t<\/div>\n\t\t\t\t<\/div>\n\t\t\t\t<\/div>\n\t\t","protected":false},"excerpt":{"rendered":"<p>Rey Garc\u00eda-Salas se gradu\u00f3 de ingeniero y emigr\u00f3 a Canad\u00e1; ingres\u00f3 en el Ej\u00e9rcito y actualmente ostenta el grado grado de capit\u00e1n. Desde 2016 investiga la historia de hispanos y guatemaltecos que han formado parte de dichas fuerzas armadas. Esta es su historia. Su nombre es Reynerio, pero un error en el registro civil lo [&hellip;]<\/p>\n","protected":false},"author":7,"featured_media":35299,"comment_status":"open","ping_status":"open","sticky":false,"template":"","format":"standard","meta":{"_acf_changed":false,"_eb_attr":"","footnotes":""},"categories":[50,274],"tags":[],"class_list":["post-35255","post","type-post","status-publish","format-standard","has-post-thumbnail","hentry","category-exitos","category-guatemala"],"acf":[],"aioseo_notices":[],"aioseo_head":"\n\t\t<!-- All in One SEO Pro 4.9.6.2 - aioseo.com -->\n\t<meta name=\"description\" content=\"Antonio L\u00f3pez, migrante guatemalteco, narra su traves\u00eda desde ser dise\u00f1ador gr\u00e1fico en Guatemala hasta enfrentar retos y logros en Canad\u00e1\" \/>\n\t<meta name=\"robots\" content=\"max-snippet:-1, max-image-preview:large, max-video-preview:-1\" \/>\n\t<meta name=\"author\" content=\"Gustavo Montenegro\"\/>\n\t<link rel=\"canonical\" href=\"https:\/\/soymigrante.com\/revista\/antonio-lopez-migrante-guatemalteco-canada\/\" \/>\n\t<meta name=\"generator\" content=\"All in One SEO Pro (AIOSEO) 4.9.6.2\" \/>\n\n\t\t<link rel=\"preconnect\" href=\"https:\/\/fonts.googleapis.com\" crossorigin>\n<link rel=\"preconnect\" href=\"https:\/\/fonts.gstatic.com\" crossorigin>\n\t\t<meta property=\"og:locale\" content=\"es_ES\" \/>\n\t\t<meta property=\"og:site_name\" content=\"SoyMigrante.com REVISTA \u2013 Nuestra misi\u00f3n es reconocer y dignificar al migrante.\" \/>\n\t\t<meta property=\"og:type\" content=\"article\" \/>\n\t\t<meta property=\"og:title\" content=\"Antonio L\u00f3pez: Del dise\u00f1o gr\u00e1fico en Guatemala a Canad\u00e1\" \/>\n\t\t<meta property=\"og:description\" content=\"Antonio L\u00f3pez, migrante guatemalteco, narra su traves\u00eda desde ser dise\u00f1ador gr\u00e1fico en Guatemala hasta enfrentar retos y logros en Canad\u00e1\" \/>\n\t\t<meta property=\"og:url\" content=\"https:\/\/soymigrante.com\/revista\/antonio-lopez-migrante-guatemalteco-canada\/\" \/>\n\t\t<meta property=\"og:image\" content=\"https:\/\/soymigrante.com\/revista\/wp-content\/uploads\/2023\/07\/Antonio-Lopez-migrante-guatemalteco-en-Canada-desde-2009-fotos-de-diversas-etapas-de-su-vida-y-tambien-de-su-album-como-fotografo-21.webp\" \/>\n\t\t<meta property=\"og:image:secure_url\" content=\"https:\/\/soymigrante.com\/revista\/wp-content\/uploads\/2023\/07\/Antonio-Lopez-migrante-guatemalteco-en-Canada-desde-2009-fotos-de-diversas-etapas-de-su-vida-y-tambien-de-su-album-como-fotografo-21.webp\" \/>\n\t\t<meta property=\"og:image:width\" content=\"843\" \/>\n\t\t<meta property=\"og:image:height\" content=\"773\" \/>\n\t\t<meta property=\"article:published_time\" content=\"2023-07-27T18:09:23+00:00\" \/>\n\t\t<meta property=\"article:modified_time\" content=\"2026-03-11T22:50:47+00:00\" \/>\n\t\t<meta property=\"article:publisher\" content=\"https:\/\/www.facebook.com\/soymigrantecom\" \/>\n\t\t<meta name=\"twitter:card\" content=\"summary_large_image\" \/>\n\t\t<meta name=\"twitter:site\" content=\"@SoyMigrante_com\" \/>\n\t\t<meta name=\"twitter:title\" content=\"Antonio L\u00f3pez: Del dise\u00f1o gr\u00e1fico en Guatemala a Canad\u00e1\" \/>\n\t\t<meta name=\"twitter:description\" content=\"Antonio L\u00f3pez, migrante guatemalteco, narra su traves\u00eda desde ser dise\u00f1ador gr\u00e1fico en Guatemala hasta enfrentar retos y logros en Canad\u00e1\" \/>\n\t\t<meta name=\"twitter:creator\" content=\"@SoyMigrante_com\" \/>\n\t\t<meta name=\"twitter:image\" content=\"https:\/\/soymigrante.com\/revista\/wp-content\/uploads\/2023\/07\/Antonio-Lopez-migrante-guatemalteco-en-Canada-desde-2009-fotos-de-diversas-etapas-de-su-vida-y-tambien-de-su-album-como-fotografo-21.webp\" \/>\n\t\t<!-- All in One SEO Pro -->\r\n\t\t<title>Antonio L\u00f3pez: Del dise\u00f1o gr\u00e1fico en Guatemala a Canad\u00e1<\/title>\n\n","aioseo_head_json":{"title":"Antonio L\u00f3pez: Del dise\u00f1o gr\u00e1fico en Guatemala a Canad\u00e1","description":"Antonio L\u00f3pez, migrante guatemalteco, narra su traves\u00eda desde ser dise\u00f1ador gr\u00e1fico en Guatemala hasta enfrentar retos y logros en Canad\u00e1","canonical_url":"https:\/\/soymigrante.com\/revista\/antonio-lopez-migrante-guatemalteco-canada\/","robots":"max-snippet:-1, max-image-preview:large, max-video-preview:-1","keywords":"","webmasterTools":{"miscellaneous":"&lt;link rel=\"preconnect\" href=\"https:\/\/fonts.googleapis.com\" crossorigin&gt;\n&lt;link rel=\"preconnect\" href=\"https:\/\/fonts.gstatic.com\" crossorigin&gt;"},"schema":null,"og:locale":"es_ES","og:site_name":"SoyMigrante.com REVISTA \u2013 Nuestra misi\u00f3n es reconocer y dignificar al migrante.","og:type":"article","og:title":"Antonio L\u00f3pez: Del dise\u00f1o gr\u00e1fico en Guatemala a Canad\u00e1","og:description":"Antonio L\u00f3pez, migrante guatemalteco, narra su traves\u00eda desde ser dise\u00f1ador gr\u00e1fico en Guatemala hasta enfrentar retos y logros en Canad\u00e1","og:url":"https:\/\/soymigrante.com\/revista\/antonio-lopez-migrante-guatemalteco-canada\/","og:image":"https:\/\/soymigrante.com\/revista\/wp-content\/uploads\/2023\/07\/Antonio-Lopez-migrante-guatemalteco-en-Canada-desde-2009-fotos-de-diversas-etapas-de-su-vida-y-tambien-de-su-album-como-fotografo-21.webp","og:image:secure_url":"https:\/\/soymigrante.com\/revista\/wp-content\/uploads\/2023\/07\/Antonio-Lopez-migrante-guatemalteco-en-Canada-desde-2009-fotos-de-diversas-etapas-de-su-vida-y-tambien-de-su-album-como-fotografo-21.webp","og:image:width":843,"og:image:height":773,"article:published_time":"2023-07-27T18:09:23+00:00","article:modified_time":"2026-03-11T22:50:47+00:00","article:publisher":"https:\/\/www.facebook.com\/soymigrantecom","twitter:card":"summary_large_image","twitter:site":"@SoyMigrante_com","twitter:title":"Antonio L\u00f3pez: Del dise\u00f1o gr\u00e1fico en Guatemala a Canad\u00e1","twitter:description":"Antonio L\u00f3pez, migrante guatemalteco, narra su traves\u00eda desde ser dise\u00f1ador gr\u00e1fico en Guatemala hasta enfrentar retos y logros en Canad\u00e1","twitter:creator":"@SoyMigrante_com","twitter:image":"https:\/\/soymigrante.com\/revista\/wp-content\/uploads\/2023\/07\/Antonio-Lopez-migrante-guatemalteco-en-Canada-desde-2009-fotos-de-diversas-etapas-de-su-vida-y-tambien-de-su-album-como-fotografo-21.webp"},"aioseo_meta_data":{"post_id":"35255","title":"Guatemalteco Rey Garc\u00eda-Salas es capit\u00e1n del ej\u00e9rcito canadiense","description":"Rey Garc\u00eda-Salas creci\u00f3 en San Miguel Petapa y se gradu\u00f3 de ingenier\u00eda. Migr\u00f3 a Canad\u00e1 en 1996. Fue obrero de construcci\u00f3n. Despu\u00e9s entr\u00f3 al Ej\u00e9rcito de ese pa\u00eds.","keywords":null,"keyphrases":{"focus":{"keyphrase":"Guatemalteco","score":74,"analysis":{"keyphraseInTitle":{"score":9,"maxScore":9,"error":0},"keyphraseInDescription":{"score":3,"maxScore":9,"error":1},"keyphraseLength":{"score":9,"maxScore":9,"error":0,"length":1},"keyphraseInURL":{"score":5,"maxScore":5,"error":0},"keyphraseInIntroduction":{"score":3,"maxScore":9,"error":1},"keyphraseInSubHeadings":{"score":3,"maxScore":9,"error":1},"keyphraseInImageAlt":{"score":9,"maxScore":9,"error":0},"keywordDensity":{"type":"best","score":9,"maxScore":9,"error":0}}},"additional":[{"keyphrase":"Canad\u00e1","score":87,"analysis":{"keyphraseInDescription":{"score":9,"maxScore":9,"error":0},"keyphraseLength":{"score":9,"maxScore":9,"error":0,"length":1},"keyphraseInIntroduction":{"score":3,"maxScore":9,"error":1},"keyphraseInImageAlt":{"score":9,"maxScore":9,"error":0},"keywordDensity":{"type":"best","score":9,"maxScore":9,"error":0}}},{"keyphrase":"Migrante","score":73,"analysis":{"keyphraseInDescription":{"score":3,"maxScore":9,"error":1},"keyphraseLength":{"score":9,"maxScore":9,"error":0,"length":1},"keyphraseInIntroduction":{"score":3,"maxScore":9,"error":1},"keyphraseInImageAlt":{"score":9,"maxScore":9,"error":0},"keywordDensity":{"type":"best","score":9,"maxScore":9,"error":0}}}]},"primary_term":null,"canonical_url":null,"og_title":null,"og_description":null,"og_object_type":"default","og_image_type":"default","og_image_url":null,"og_image_width":null,"og_image_height":null,"og_image_custom_url":null,"og_image_custom_fields":null,"og_video":"","og_custom_url":null,"og_article_section":null,"og_article_tags":null,"twitter_use_og":false,"twitter_card":"default","twitter_image_type":"default","twitter_image_url":null,"twitter_image_custom_url":null,"twitter_image_custom_fields":null,"twitter_title":null,"twitter_description":null,"schema":{"blockGraphs":[],"customGraphs":[],"default":{"data":{"Article":[],"Course":[],"Dataset":[],"FAQPage":[],"Movie":[],"Person":[],"Product":[],"ProductReview":[],"Car":[],"Recipe":[],"Service":[],"SoftwareApplication":[],"WebPage":[]},"graphName":"none","isEnabled":true},"graphs":[]},"schema_type":"default","schema_type_options":null,"pillar_content":false,"robots_default":true,"robots_noindex":false,"robots_noarchive":false,"robots_nosnippet":false,"robots_nofollow":false,"robots_noimageindex":false,"robots_noodp":false,"robots_notranslate":false,"robots_max_snippet":"-1","robots_max_videopreview":"-1","robots_max_imagepreview":"large","priority":null,"frequency":"default","local_seo":null,"seo_analyzer_scan_date":"2025-10-09 05:34:12","breadcrumb_settings":null,"limit_modified_date":false,"reviewed_by":"0","open_ai":"{\"title\":{\"suggestions\":[],\"usage\":0},\"description\":{\"suggestions\":[],\"usage\":0}}","ai":null,"created":"2025-06-02 17:51:29","updated":"2026-02-05 00:07:22"},"aioseo_breadcrumb":"<div class=\"aioseo-breadcrumbs\"><span class=\"aioseo-breadcrumb\">\n\t<a href=\"https:\/\/soymigrante.com\/revista\" title=\"Home\">Home<\/a>\n<\/span><span class=\"aioseo-breadcrumb-separator\">\u00bb<\/span><span class=\"aioseo-breadcrumb\">\n\t<a href=\"https:\/\/soymigrante.com\/revista\/category\/exitos\/\" title=\"\u00c9xitos\">\u00c9xitos<\/a>\n<\/span><span class=\"aioseo-breadcrumb-separator\">\u00bb<\/span><span class=\"aioseo-breadcrumb\">\n\t<a href=\"https:\/\/soymigrante.com\/revista\/category\/exitos\/guatemala\/\" title=\"Guatemala\">Guatemala<\/a>\n<\/span><span class=\"aioseo-breadcrumb-separator\">\u00bb<\/span><span class=\"aioseo-breadcrumb\">\n\tGuatemalteco Rey Garc\u00eda-Salas, capit\u00e1n del Ej\u00e9rcito canadiense: \u201cLos migrantes aportamos mucho\u201d.\n<\/span><\/div>","aioseo_breadcrumb_json":[{"label":"Home","link":"https:\/\/soymigrante.com\/revista"},{"label":"\u00c9xitos","link":"https:\/\/soymigrante.com\/revista\/category\/exitos\/"},{"label":"Guatemala","link":"https:\/\/soymigrante.com\/revista\/category\/exitos\/guatemala\/"},{"label":"Guatemalteco Rey Garc\u00eda-Salas, capit\u00e1n del Ej\u00e9rcito canadiense: &#8220;Los migrantes aportamos mucho&#8221;.","link":"https:\/\/soymigrante.com\/revista\/guatemalteco-rey-garcia-salas-capitan-del-ejercito-canadiense-los-migrantes-aportamos-mucho\/"}],"_links":{"self":[{"href":"https:\/\/soymigrante.com\/revista\/wp-json\/wp\/v2\/posts\/35255","targetHints":{"allow":["GET"]}}],"collection":[{"href":"https:\/\/soymigrante.com\/revista\/wp-json\/wp\/v2\/posts"}],"about":[{"href":"https:\/\/soymigrante.com\/revista\/wp-json\/wp\/v2\/types\/post"}],"author":[{"embeddable":true,"href":"https:\/\/soymigrante.com\/revista\/wp-json\/wp\/v2\/users\/7"}],"replies":[{"embeddable":true,"href":"https:\/\/soymigrante.com\/revista\/wp-json\/wp\/v2\/comments?post=35255"}],"version-history":[{"count":10,"href":"https:\/\/soymigrante.com\/revista\/wp-json\/wp\/v2\/posts\/35255\/revisions"}],"predecessor-version":[{"id":46680,"href":"https:\/\/soymigrante.com\/revista\/wp-json\/wp\/v2\/posts\/35255\/revisions\/46680"}],"wp:featuredmedia":[{"embeddable":true,"href":"https:\/\/soymigrante.com\/revista\/wp-json\/wp\/v2\/media\/35299"}],"wp:attachment":[{"href":"https:\/\/soymigrante.com\/revista\/wp-json\/wp\/v2\/media?parent=35255"}],"wp:term":[{"taxonomy":"category","embeddable":true,"href":"https:\/\/soymigrante.com\/revista\/wp-json\/wp\/v2\/categories?post=35255"},{"taxonomy":"post_tag","embeddable":true,"href":"https:\/\/soymigrante.com\/revista\/wp-json\/wp\/v2\/tags?post=35255"}],"curies":[{"name":"wp","href":"https:\/\/api.w.org\/{rel}","templated":true}]}}