{"id":35155,"date":"2025-06-03T05:00:00","date_gmt":"2025-06-03T11:00:00","guid":{"rendered":"https:\/\/soymigrante.com\/revista\/?p=35155"},"modified":"2025-06-21T14:22:05","modified_gmt":"2025-06-21T20:22:05","slug":"patitas-a-la-vinagreta-receta-guatemalteca-cocina-chapina","status":"publish","type":"post","link":"https:\/\/soymigrante.com\/revista\/patitas-a-la-vinagreta-receta-guatemalteca-cocina-chapina\/","title":{"rendered":"Patitas a la vinagreta: la receta guatemalteca que mezcla tradici\u00f3n y sabor"},"content":{"rendered":"\t\t<div data-elementor-type=\"wp-post\" data-elementor-id=\"35155\" class=\"elementor elementor-35155\" data-elementor-post-type=\"post\">\n\t\t\t\t<div data-particle_enable=\"false\" data-particle-mobile-disabled=\"false\" class=\"elementor-element elementor-element-f048256 e-flex e-con-boxed e-con e-parent\" data-id=\"f048256\" data-element_type=\"container\" data-e-type=\"container\">\n\t\t\t\t\t<div class=\"e-con-inner\">\n\t\t\t\t<div class=\"elementor-element elementor-element-3e1c7d2 elementor-widget elementor-widget-heading\" data-id=\"3e1c7d2\" data-element_type=\"widget\" data-e-type=\"widget\" data-widget_type=\"heading.default\">\n\t\t\t\t\t<h2 class=\"elementor-heading-title elementor-size-default\">Patitas a la vinagreta, esta es la receta guatemalteca que debes conocer. <\/h2>\t\t\t\t<\/div>\n\t\t\t\t\t<\/div>\n\t\t\t\t<\/div>\n\t\t<div data-particle_enable=\"false\" data-particle-mobile-disabled=\"false\" class=\"elementor-element elementor-element-4508b6e e-flex e-con-boxed e-con e-parent\" data-id=\"4508b6e\" data-element_type=\"container\" data-e-type=\"container\">\n\t\t\t\t\t<div class=\"e-con-inner\">\n\t\t\t\t<div class=\"elementor-element elementor-element-2d80d69 elementor-widget elementor-widget-text-editor\" data-id=\"2d80d69\" data-element_type=\"widget\" data-e-type=\"widget\" data-widget_type=\"text-editor.default\">\n\t\t\t\t\t\t\t\t\t<p>En las cocinas guatemaltecas, especialmente durante celebraciones o reuniones familiares, hay un platillo que despierta la nostalgia y el apetito: las patitas a la vinagreta. Esta receta, t\u00edpica de muchas regiones del pa\u00eds, combina<a href=\"https:\/\/soymigrante.com\/revista\/recetas-chapinas-tortitas-de-carne-molida-con-salsa-de-tomate\/\" target=\"_blank\" rel=\"noopener\"> ingredientes sencillos con una preparaci\u00f3n minuciosa que resalta el gusto por lo artesanal y lo casero.<\/a><\/p><p>Las patitas de cerdo cocidas y marinadas en vinagre, acompa\u00f1adas de vegetales y especias, se convierten en una entrada fr\u00eda que guarda siglos de tradici\u00f3n y se transmite de generaci\u00f3n en generaci\u00f3n.<\/p>\t\t\t\t\t\t\t\t<\/div>\n\t\t\t\t\t<\/div>\n\t\t\t\t<\/div>\n\t\t<div data-particle_enable=\"false\" data-particle-mobile-disabled=\"false\" class=\"elementor-element elementor-element-7a1639e e-flex e-con-boxed e-con e-parent\" data-id=\"7a1639e\" data-element_type=\"container\" data-e-type=\"container\">\n\t\t\t\t\t<div class=\"e-con-inner\">\n\t\t\t\t<div class=\"elementor-element elementor-element-9211f80 elementor-widget elementor-widget-heading\" data-id=\"9211f80\" data-element_type=\"widget\" data-e-type=\"widget\" data-widget_type=\"heading.default\">\n\t\t\t\t\t<h3 class=\"elementor-heading-title elementor-size-default\">Un platillo humilde, pero lleno de historia<\/h3>\t\t\t\t<\/div>\n\t\t\t\t\t<\/div>\n\t\t\t\t<\/div>\n\t\t<div data-particle_enable=\"false\" data-particle-mobile-disabled=\"false\" class=\"elementor-element elementor-element-c79f9a6 e-flex e-con-boxed e-con e-parent\" data-id=\"c79f9a6\" data-element_type=\"container\" data-e-type=\"container\">\n\t\t\t\t\t<div class=\"e-con-inner\">\n\t\t\t\t<div class=\"elementor-element elementor-element-81b4a21 elementor-widget elementor-widget-text-editor\" data-id=\"81b4a21\" data-element_type=\"widget\" data-e-type=\"widget\" data-widget_type=\"text-editor.default\">\n\t\t\t\t\t\t\t\t\t<p>Las patitas a la vinagreta tienen su origen en la necesidad de conservar los alimentos sin refrigeraci\u00f3n. <a href=\"https:\/\/soymigrante.com\/revista\/recetas-chapinas-tortitas-de-carne-molida-con-salsa-de-tomate\/\" target=\"_blank\" rel=\"noopener\">Gracias al vinagre y las hierbas, era posible mantener las patitas cocidas durante varios d\u00edas,<\/a> lo que hac\u00eda del platillo una opci\u00f3n pr\u00e1ctica para el campo y las comunidades rurales. Hoy en d\u00eda, m\u00e1s all\u00e1 de la conservaci\u00f3n, son un deleite culinario.<\/p><p>\u201c<em>En mi casa no puede faltar cuando hay cumplea\u00f1os o convivios<\/em>\u201d, dice do\u00f1a Rosaura Castillo, vecina de Chimaltenango. \u201c<em>Es lo primero que se acaba. Mi abuela me ense\u00f1\u00f3 a prepararlas desde los 13 a\u00f1os<\/em>\u201d.<\/p>\t\t\t\t\t\t\t\t<\/div>\n\t\t\t\t\t<\/div>\n\t\t\t\t<\/div>\n\t\t<div data-particle_enable=\"false\" data-particle-mobile-disabled=\"false\" class=\"elementor-element elementor-element-d41bffa e-flex e-con-boxed e-con e-parent\" data-id=\"d41bffa\" data-element_type=\"container\" data-e-type=\"container\">\n\t\t\t\t\t<div class=\"e-con-inner\">\n\t\t\t\t<div class=\"elementor-element elementor-element-bce9e0c elementor-widget elementor-widget-image\" data-id=\"bce9e0c\" data-element_type=\"widget\" data-e-type=\"widget\" data-widget_type=\"image.default\">\n\t\t\t\t\t\t\t\t\t\t\t\t<figure class=\"wp-caption\">\n\t\t\t\t\t\t\t\t\t\t<img fetchpriority=\"high\" decoding=\"async\" width=\"500\" height=\"333\" src=\"https:\/\/soymigrante.com\/revista\/wp-content\/uploads\/2025\/05\/patitas-a-la-vinagreta-2.jpg\" class=\"attachment-large size-large wp-image-35172\" alt=\"File name: pescado-ensalada-tropical.jpg.\" srcset=\"https:\/\/soymigrante.com\/revista\/wp-content\/uploads\/2025\/05\/patitas-a-la-vinagreta-2.jpg 500w, https:\/\/soymigrante.com\/revista\/wp-content\/uploads\/2025\/05\/patitas-a-la-vinagreta-2-300x200.jpg 300w\" sizes=\"(max-width: 500px) 100vw, 500px\" title=\"Las patitas a la vinagreta son conocidas por no necesitar refrigeraci\u00f3n. (Foto: INTECAP) \u2013 SoyMigrante.com REVISTA\" \/>\t\t\t\t\t\t\t\t\t\t\t<figcaption class=\"widget-image-caption wp-caption-text\">Alt text: Pescado preparado con ensalada de verduras frescas y cilantro en un plato de cer\u00e1mica, ideal para recetas saludables y tradicionales.<\/figcaption>\n\t\t\t\t\t\t\t\t\t\t<\/figure>\n\t\t\t\t\t\t\t\t\t<\/div>\n\t\t\t\t\t<\/div>\n\t\t\t\t<\/div>\n\t\t<div data-particle_enable=\"false\" data-particle-mobile-disabled=\"false\" class=\"elementor-element elementor-element-2848580 e-flex e-con-boxed e-con e-parent\" data-id=\"2848580\" data-element_type=\"container\" data-e-type=\"container\">\n\t\t\t\t\t<div class=\"e-con-inner\">\n\t\t\t\t<div class=\"elementor-element elementor-element-9b921f7 elementor-widget elementor-widget-heading\" data-id=\"9b921f7\" data-element_type=\"widget\" data-e-type=\"widget\" data-widget_type=\"heading.default\">\n\t\t\t\t\t<h3 class=\"elementor-heading-title elementor-size-default\">Ingredientes para prepararlas<\/h3>\t\t\t\t<\/div>\n\t\t\t\t\t<\/div>\n\t\t\t\t<\/div>\n\t\t<div data-particle_enable=\"false\" data-particle-mobile-disabled=\"false\" class=\"elementor-element elementor-element-f6b60cf e-flex e-con-boxed e-con e-parent\" data-id=\"f6b60cf\" data-element_type=\"container\" data-e-type=\"container\">\n\t\t\t\t\t<div class=\"e-con-inner\">\n\t\t\t\t<div class=\"elementor-element elementor-element-ea4c9f6 elementor-widget elementor-widget-text-editor\" data-id=\"ea4c9f6\" data-element_type=\"widget\" data-e-type=\"widget\" data-widget_type=\"text-editor.default\">\n\t\t\t\t\t\t\t\t\t<div><strong>Para preparar unas 10 porciones, se necesita:<\/strong><\/div><div>\u20224 a 6 patitas de cerdo partidas por la mitad (limpias y bien cocidas)<\/div><div>\u20222 zanahorias grandes, peladas y picadas en cubitos<\/div><div>\u20221 taza de arvejas (pueden ser congeladas o frescas)<\/div><div>\u20221 cebolla morada, en rodajas finas<\/div><div>\u20221\/2 taza de cebolla blanca picada<\/div><div>\u20221 chile pimiento rojo, picado en tiras delgadas<\/div><div>\u20222 dientes de ajo, finamente picados<\/div><div>\u20221\/2 taza de vinagre blanco (al gusto)<\/div><div>\u20221\/4 taza de aceite vegetal o de oliva<\/div><div>\u20221 ramita de tomillo<\/div><div>\u20221 hoja de laurel<\/div><div>\u2022Sal y pimienta al gusto<\/div><div>\u2022Agua para cocer<\/div>\t\t\t\t\t\t\t\t<\/div>\n\t\t\t\t\t<\/div>\n\t\t\t\t<\/div>\n\t\t<div data-particle_enable=\"false\" data-particle-mobile-disabled=\"false\" class=\"elementor-element elementor-element-f9292ec e-flex e-con-boxed e-con e-parent\" data-id=\"f9292ec\" data-element_type=\"container\" data-e-type=\"container\">\n\t\t\t\t\t<div class=\"e-con-inner\">\n\t\t\t\t<div class=\"elementor-element elementor-element-f4aa93d elementor-widget elementor-widget-heading\" data-id=\"f4aa93d\" data-element_type=\"widget\" data-e-type=\"widget\" data-widget_type=\"heading.default\">\n\t\t\t\t\t<h3 class=\"elementor-heading-title elementor-size-default\">Paso a paso: c\u00f3mo se preparan<\/h3>\t\t\t\t<\/div>\n\t\t\t\t\t<\/div>\n\t\t\t\t<\/div>\n\t\t<div data-particle_enable=\"false\" data-particle-mobile-disabled=\"false\" class=\"elementor-element elementor-element-003bd9b e-flex e-con-boxed e-con e-parent\" data-id=\"003bd9b\" data-element_type=\"container\" data-e-type=\"container\">\n\t\t\t\t\t<div class=\"e-con-inner\">\n\t\t\t\t<div class=\"elementor-element elementor-element-df5f6d0 elementor-widget elementor-widget-text-editor\" data-id=\"df5f6d0\" data-element_type=\"widget\" data-e-type=\"widget\" data-widget_type=\"text-editor.default\">\n\t\t\t\t\t\t\t\t\t<div><strong>1. Limpieza y cocci\u00f3n:<\/strong> Lava muy bien las patitas con agua caliente y un poco de vinagre o lim\u00f3n. Luego col\u00f3calas en una olla grande con agua, sal, laurel, ajo y tomillo. Cocina por 2 a 3 horas hasta que est\u00e9n bien suaves, pero sin deshacerse.<\/div><div><strong>2.Cocina los vegetales:<\/strong> Aparte, hierve las zanahorias y las arvejas hasta que est\u00e9n al dente. No deben estar muy suaves.<\/div><div><strong>3.Mezcla los ingredientes:<\/strong> En un recipiente grande, coloca las patitas cocidas y escurridas. Agrega la cebolla morada, la cebolla blanca, el chile pimiento, ajo, zanahorias y arvejas.<\/div><div><strong>4.Prepara la vinagreta:<\/strong> Mezcla el vinagre, el aceite, sal, pimienta, y si se desea, un poco de caldo de la cocci\u00f3n. Vierte esta vinagreta sobre las patitas y vegetales.<\/div><div><strong>5.Reposo clave<\/strong>: Deja reposar la mezcla durante varias horas, preferiblemente de un d\u00eda para otro en refrigeraci\u00f3n, para que tome mejor sabor.<\/div><div><strong>6.Sirve fr\u00edo:<\/strong> Las patitas a la vinagreta se sirven fr\u00edas como entrada o acompa\u00f1amiento, a menudo con tortillas o pan franc\u00e9s.<\/div>\t\t\t\t\t\t\t\t<\/div>\n\t\t\t\t\t<\/div>\n\t\t\t\t<\/div>\n\t\t<div data-particle_enable=\"false\" data-particle-mobile-disabled=\"false\" class=\"elementor-element elementor-element-0d33fdf e-flex e-con-boxed e-con e-parent\" data-id=\"0d33fdf\" data-element_type=\"container\" data-e-type=\"container\">\n\t\t\t\t\t<div class=\"e-con-inner\">\n\t\t\t\t<div class=\"elementor-element elementor-element-3a9f4ac elementor-widget elementor-widget-image\" data-id=\"3a9f4ac\" data-element_type=\"widget\" data-e-type=\"widget\" data-widget_type=\"image.default\">\n\t\t\t\t\t\t\t\t\t\t\t\t<figure class=\"wp-caption\">\n\t\t\t\t\t\t\t\t\t\t<img decoding=\"async\" width=\"768\" height=\"544\" src=\"https:\/\/soymigrante.com\/revista\/wp-content\/uploads\/2025\/05\/Patitas-a-la-vinagreta-3-1024x725.jpg\" class=\"attachment-large size-large wp-image-35173\" alt=\"Pollo con verduras y repollo en una bandeja, comida casera saludable, plato nutritivo y tradicional, ideal para una dieta balanceada en M\u00e9xico.\" srcset=\"https:\/\/soymigrante.com\/revista\/wp-content\/uploads\/2025\/05\/Patitas-a-la-vinagreta-3-1024x725.jpg 1024w, https:\/\/soymigrante.com\/revista\/wp-content\/uploads\/2025\/05\/Patitas-a-la-vinagreta-3-300x213.jpg 300w, https:\/\/soymigrante.com\/revista\/wp-content\/uploads\/2025\/05\/Patitas-a-la-vinagreta-3-768x544.jpg 768w, https:\/\/soymigrante.com\/revista\/wp-content\/uploads\/2025\/05\/Patitas-a-la-vinagreta-3-120x86.jpg 120w, https:\/\/soymigrante.com\/revista\/wp-content\/uploads\/2025\/05\/Patitas-a-la-vinagreta-3-750x531.jpg 750w, https:\/\/soymigrante.com\/revista\/wp-content\/uploads\/2025\/05\/Patitas-a-la-vinagreta-3-1140x808.jpg 1140w, https:\/\/soymigrante.com\/revista\/wp-content\/uploads\/2025\/05\/Patitas-a-la-vinagreta-3.webp 1502w\" sizes=\"(max-width: 768px) 100vw, 768px\" title=\"Las patitas a la vinagreta se pueden acompa\u00f1ar con arroz. (Foto: INTECAP) \u2013 SoyMigrante.com REVISTA\" \/>\t\t\t\t\t\t\t\t\t\t\t<figcaption class=\"widget-image-caption wp-caption-text\">Imagen de pollo con verduras y repollo, comida casera saludable, perfecta para quienes buscan recetas tradicionales mexicanas y alimentaci\u00f3n nutritiva.<\/figcaption>\n\t\t\t\t\t\t\t\t\t\t<\/figure>\n\t\t\t\t\t\t\t\t\t<\/div>\n\t\t\t\t\t<\/div>\n\t\t\t\t<\/div>\n\t\t<div data-particle_enable=\"false\" data-particle-mobile-disabled=\"false\" class=\"elementor-element elementor-element-faafa8c e-flex e-con-boxed e-con e-parent\" data-id=\"faafa8c\" data-element_type=\"container\" data-e-type=\"container\">\n\t\t\t\t\t<div class=\"e-con-inner\">\n\t\t\t\t<div class=\"elementor-element elementor-element-1dc3af0 elementor-widget elementor-widget-heading\" data-id=\"1dc3af0\" data-element_type=\"widget\" data-e-type=\"widget\" data-widget_type=\"heading.default\">\n\t\t\t\t\t<h3 class=\"elementor-heading-title elementor-size-default\">M\u00e1s que una receta, un s\u00edmbolo<\/h3>\t\t\t\t<\/div>\n\t\t\t\t\t<\/div>\n\t\t\t\t<\/div>\n\t\t<div data-particle_enable=\"false\" data-particle-mobile-disabled=\"false\" class=\"elementor-element elementor-element-430667d e-flex e-con-boxed e-con e-parent\" data-id=\"430667d\" data-element_type=\"container\" data-e-type=\"container\">\n\t\t\t\t\t<div class=\"e-con-inner\">\n\t\t\t\t<div class=\"elementor-element elementor-element-0487ba8 elementor-widget elementor-widget-text-editor\" data-id=\"0487ba8\" data-element_type=\"widget\" data-e-type=\"widget\" data-widget_type=\"text-editor.default\">\n\t\t\t\t\t\t\t\t\t<p><a href=\"https:\/\/soymigrante.com\/revista\/recetas-chapinas-tortitas-de-carne-molida-con-salsa-de-tomate\/\" target=\"_blank\" rel=\"noopener\">Las patitas a la vinagreta son una muestra de c\u00f3mo la cocina puede ser un puente entre el pasado y el presente,<\/a> entre el campo y la ciudad, y entre Guatemala y sus migrantes en el extranjero. Cada bocado cuenta una historia, guarda un recuerdo y lleva consigo el sabor aut\u00e9ntico del pa\u00eds.<\/p>\t\t\t\t\t\t\t\t<\/div>\n\t\t\t\t\t<\/div>\n\t\t\t\t<\/div>\n\t\t<div data-particle_enable=\"false\" data-particle-mobile-disabled=\"false\" class=\"elementor-element elementor-element-d723fbf e-flex e-con-boxed e-con e-parent\" data-id=\"d723fbf\" data-element_type=\"container\" data-e-type=\"container\">\n\t\t\t\t\t<div class=\"e-con-inner\">\n\t\t\t\t<div class=\"elementor-element elementor-element-ba2756d elementor-widget elementor-widget-heading\" data-id=\"ba2756d\" data-element_type=\"widget\" data-e-type=\"widget\" data-widget_type=\"heading.default\">\n\t\t\t\t\t<h2 class=\"elementor-heading-title elementor-size-default\">Conoce m\u00e1s de otros platillos guatemaltecos, ac\u00e1...<\/h2>\t\t\t\t<\/div>\n\t\t\t\t\t<\/div>\n\t\t\t\t<\/div>\n\t\t<div data-particle_enable=\"false\" data-particle-mobile-disabled=\"false\" class=\"elementor-element elementor-element-0752caa e-flex e-con-boxed e-con e-parent\" data-id=\"0752caa\" data-element_type=\"container\" data-e-type=\"container\">\n\t\t\t\t\t<div class=\"e-con-inner\">\n\t\t\t\t<div class=\"elementor-element elementor-element-e57e902 elementor-grid-eael-col-3 elementor-grid-tablet-eael-col-2 elementor-grid-mobile-eael-col-1 elementor-widget elementor-widget-eael-post-grid\" data-id=\"e57e902\" data-element_type=\"widget\" data-e-type=\"widget\" data-settings=\"{&quot;eael_post_grid_columns&quot;:&quot;eael-col-3&quot;,&quot;eael_post_grid_columns_tablet&quot;:&quot;eael-col-2&quot;,&quot;eael_post_grid_columns_mobile&quot;:&quot;eael-col-1&quot;}\" data-widget_type=\"eael-post-grid.default\">\n\t\t\t\t\t<div id=\"eael-post-grid-e57e902\" class=\"eael-post-grid-container\">\n            <div class=\"eael-post-grid eael-post-appender eael-post-appender-e57e902 eael-post-grid-style-one\" data-layout-mode=\"masonry\"><article class=\"eael-grid-post  eael-post-grid-column eael-pg-post-7448 category-guate-nuestra\" data-id=\"7448\">\n        <div class=\"eael-grid-post-holder\">\n            <div class=\"eael-grid-post-holder-inner\"><div class=\"eael-entry-media\"><div class=\"eael-entry-overlay fade-in\"><i class=\"far fa-hand-pointer\" aria-hidden=\"true\"><\/i><a href=\"https:\/\/soymigrante.com\/revista\/recetas-chapinas-delicioso-mole-guatemalteco-para-compartir\/\"><\/a><\/div><div class=\"eael-entry-thumbnail \">\n                <img decoding=\"async\" width=\"1024\" height=\"536\" src=\"https:\/\/soymigrante.com\/revista\/wp-content\/uploads\/2024\/07\/mole-guatemalteco-2-1024x536.webp\" class=\"attachment-large size-large wp-image-7449\" alt=\"Delicioso mole tradicional servido en plato de cer\u00e1mica, con semillas de s\u00e9samo y hojas de hierbabuena decorando, ideal para acompa\u00f1ar platillos t\u00edpicos mexicanos.\" srcset=\"https:\/\/soymigrante.com\/revista\/wp-content\/uploads\/2024\/07\/mole-guatemalteco-2-1024x536.webp 1024w, https:\/\/soymigrante.com\/revista\/wp-content\/uploads\/2024\/07\/mole-guatemalteco-2-300x157.webp 300w, https:\/\/soymigrante.com\/revista\/wp-content\/uploads\/2024\/07\/mole-guatemalteco-2-768x402.webp 768w, https:\/\/soymigrante.com\/revista\/wp-content\/uploads\/2024\/07\/mole-guatemalteco-2-750x393.webp 750w, https:\/\/soymigrante.com\/revista\/wp-content\/uploads\/2024\/07\/mole-guatemalteco-2-1140x597.webp 1140w, https:\/\/soymigrante.com\/revista\/wp-content\/uploads\/2024\/07\/mole-guatemalteco-2.webp 1200w\" sizes=\"(max-width: 1024px) 100vw, 1024px\" \/>\n            <\/div>\n        <\/div><div class=\"eael-entry-wrapper\"><header class=\"eael-entry-header\"><h2 class=\"eael-entry-title\"><a class=\"eael-grid-post-link\" href=\"https:\/\/soymigrante.com\/revista\/recetas-chapinas-delicioso-mole-guatemalteco-para-compartir\/\" title=\"Delicia chapina para preparar y compartir: el suculento Mole Guatemalteco\">Delicia chapina para preparar y compartir: el suculento Mole Guatemalteco<\/a><\/h2><\/header><div class=\"eael-entry-content\">\n                        <div class=\"eael-grid-post-excerpt\"><a href=\"https:\/\/soymigrante.com\/revista\/recetas-chapinas-delicioso-mole-guatemalteco-para-compartir\/\" class=\"eael-post-elements-readmore-btn\">CONOCE SU HISTORIA <\/a><\/div>\n                    <\/div><\/div><\/div>\n        <\/div>\n    <\/article><article class=\"eael-grid-post  eael-post-grid-column eael-pg-post-6017 category-recetas-guatemaltecas\" data-id=\"6017\">\n        <div class=\"eael-grid-post-holder\">\n            <div class=\"eael-grid-post-holder-inner\"><div class=\"eael-entry-media\"><div class=\"eael-entry-overlay fade-in\"><i class=\"far fa-hand-pointer\" aria-hidden=\"true\"><\/i><a href=\"https:\/\/soymigrante.com\/revista\/antojitos-chapines-receta-de-la-ricas-espumillas-guatemaltecas\/\"><\/a><\/div><div class=\"eael-entry-thumbnail \">\n                <img loading=\"lazy\" decoding=\"async\" width=\"1024\" height=\"576\" src=\"https:\/\/soymigrante.com\/revista\/wp-content\/uploads\/2024\/04\/Las-espumillas-surgen-de-las-clara-de-huevo-batida.-Se-hornea-por-una-hora-aproximadamente-1024x576.webp\" class=\"attachment-large size-large wp-image-6022\" alt=\"Bizcochos decorativos de merengue en colores blanco y rosado, ideales para reposter\u00eda y pasteler\u00eda creativa, presentados en una bandeja de madera, estilo artesanal y casero.\" srcset=\"https:\/\/soymigrante.com\/revista\/wp-content\/uploads\/2024\/04\/Las-espumillas-surgen-de-las-clara-de-huevo-batida.-Se-hornea-por-una-hora-aproximadamente-1024x576.webp 1024w, https:\/\/soymigrante.com\/revista\/wp-content\/uploads\/2024\/04\/Las-espumillas-surgen-de-las-clara-de-huevo-batida.-Se-hornea-por-una-hora-aproximadamente-300x169.webp 300w, https:\/\/soymigrante.com\/revista\/wp-content\/uploads\/2024\/04\/Las-espumillas-surgen-de-las-clara-de-huevo-batida.-Se-hornea-por-una-hora-aproximadamente-768x432.webp 768w, https:\/\/soymigrante.com\/revista\/wp-content\/uploads\/2024\/04\/Las-espumillas-surgen-de-las-clara-de-huevo-batida.-Se-hornea-por-una-hora-aproximadamente-750x422.webp 750w, https:\/\/soymigrante.com\/revista\/wp-content\/uploads\/2024\/04\/Las-espumillas-surgen-de-las-clara-de-huevo-batida.-Se-hornea-por-una-hora-aproximadamente-1140x641.webp 1140w, https:\/\/soymigrante.com\/revista\/wp-content\/uploads\/2024\/04\/Las-espumillas-surgen-de-las-clara-de-huevo-batida.-Se-hornea-por-una-hora-aproximadamente.webp 1280w\" sizes=\"(max-width: 1024px) 100vw, 1024px\" \/>\n            <\/div>\n        <\/div><div class=\"eael-entry-wrapper\"><header class=\"eael-entry-header\"><h2 class=\"eael-entry-title\"><a class=\"eael-grid-post-link\" href=\"https:\/\/soymigrante.com\/revista\/antojitos-chapines-receta-de-la-ricas-espumillas-guatemaltecas\/\" title=\"Recetas chapinas: las exquisitas espumillas guatemaltecas\">Recetas chapinas: las exquisitas espumillas guatemaltecas<\/a><\/h2><\/header><div class=\"eael-entry-content\">\n                        <div class=\"eael-grid-post-excerpt\"><a href=\"https:\/\/soymigrante.com\/revista\/antojitos-chapines-receta-de-la-ricas-espumillas-guatemaltecas\/\" class=\"eael-post-elements-readmore-btn\">CONOCE SU HISTORIA <\/a><\/div>\n                    <\/div><\/div><\/div>\n        <\/div>\n    <\/article><article class=\"eael-grid-post  eael-post-grid-column eael-pg-post-5824 category-recetas-guatemaltecas\" data-id=\"5824\">\n        <div class=\"eael-grid-post-holder\">\n            <div class=\"eael-grid-post-holder-inner\"><div class=\"eael-entry-media\"><div class=\"eael-entry-overlay fade-in\"><i class=\"far fa-hand-pointer\" aria-hidden=\"true\"><\/i><a href=\"https:\/\/soymigrante.com\/revista\/receta-de-paches-quezaltecos-de-papa-que-delicia\/\"><\/a><\/div><div class=\"eael-entry-thumbnail \">\n                <img loading=\"lazy\" decoding=\"async\" width=\"1024\" height=\"681\" src=\"https:\/\/soymigrante.com\/revista\/wp-content\/uploads\/2024\/04\/receta-para-elaborar-paches-de-papa-xela-3-1024x681.webp\" class=\"attachment-large size-large wp-image-5825\" alt=\"receta para elaborar paches de papa xela. Recetas chapinas: Paches quezaltecos de papa \u00a1Qu\u00e9 delicia!\" srcset=\"https:\/\/soymigrante.com\/revista\/wp-content\/uploads\/2024\/04\/receta-para-elaborar-paches-de-papa-xela-3-1024x681.webp 1024w, https:\/\/soymigrante.com\/revista\/wp-content\/uploads\/2024\/04\/receta-para-elaborar-paches-de-papa-xela-3-300x200.webp 300w, https:\/\/soymigrante.com\/revista\/wp-content\/uploads\/2024\/04\/receta-para-elaborar-paches-de-papa-xela-3-768x511.webp 768w, https:\/\/soymigrante.com\/revista\/wp-content\/uploads\/2024\/04\/receta-para-elaborar-paches-de-papa-xela-3.webp 1920w\" sizes=\"(max-width: 1024px) 100vw, 1024px\" \/>\n            <\/div>\n        <\/div><div class=\"eael-entry-wrapper\"><header class=\"eael-entry-header\"><h2 class=\"eael-entry-title\"><a class=\"eael-grid-post-link\" href=\"https:\/\/soymigrante.com\/revista\/receta-de-paches-quezaltecos-de-papa-que-delicia\/\" title=\"Recetas chapinas: Paches quezaltecos de papa \u00a1Qu\u00e9 delicia!\">Recetas chapinas: Paches quezaltecos de papa \u00a1Qu\u00e9 delicia!<\/a><\/h2><\/header><div class=\"eael-entry-content\">\n                        <div class=\"eael-grid-post-excerpt\"><a href=\"https:\/\/soymigrante.com\/revista\/receta-de-paches-quezaltecos-de-papa-que-delicia\/\" class=\"eael-post-elements-readmore-btn\">CONOCE SU HISTORIA <\/a><\/div>\n                    <\/div><\/div><\/div>\n        <\/div>\n    <\/article><\/div>\n            <div class=\"clearfix\"><\/div>\n        <\/div>\t\t\t\t<\/div>\n\t\t\t\t\t<\/div>\n\t\t\t\t<\/div>\n\t\t\t\t<\/div>\n\t\t","protected":false},"excerpt":{"rendered":"<p>Patitas a la vinagreta, esta es la receta guatemalteca que debes conocer. En las cocinas guatemaltecas, especialmente durante celebraciones o reuniones familiares, hay un platillo que despierta la nostalgia y el apetito: las patitas a la vinagreta. Esta receta, t\u00edpica de muchas regiones del pa\u00eds, combina ingredientes sencillos con una preparaci\u00f3n minuciosa que resalta el [&hellip;]<\/p>\n","protected":false},"author":19,"featured_media":35156,"comment_status":"open","ping_status":"open","sticky":false,"template":"","format":"standard","meta":{"_acf_changed":false,"_eb_attr":"","footnotes":""},"categories":[247],"tags":[],"class_list":["post-35155","post","type-post","status-publish","format-standard","has-post-thumbnail","hentry","category-recetas-guatemaltecas"],"acf":[],"aioseo_notices":[],"aioseo_head":"\n\t\t<!-- All in One SEO Pro 4.9.6.2 - aioseo.com -->\n\t<meta name=\"description\" content=\"No hay guatemalteco, dentro o fuera del pa\u00eds, que no sepa lo que significa la expresi\u00f3n &quot;Jueves de paches&quot;: un platillo cl\u00e1sico de la gastronom\u00eda chapina. Esta es una receta de abuelita quetzalteca. Los paches de papa se encuentran dentro de esos sabores que distinguen a la comida chapina y que hasta tienen un d\u00eda\" \/>\n\t<meta name=\"robots\" content=\"max-snippet:-1, max-image-preview:large, max-video-preview:-1\" \/>\n\t<meta name=\"author\" content=\"Marysabel Aldana\"\/>\n\t<link rel=\"canonical\" href=\"https:\/\/soymigrante.com\/revista\/patitas-a-la-vinagreta-receta-guatemalteca-cocina-chapina\/\" \/>\n\t<meta name=\"generator\" content=\"All in One SEO Pro (AIOSEO) 4.9.6.2\" \/>\n\n\t\t<link rel=\"preconnect\" href=\"https:\/\/fonts.googleapis.com\" crossorigin>\n<link rel=\"preconnect\" href=\"https:\/\/fonts.gstatic.com\" crossorigin>\n\t\t<meta property=\"og:locale\" content=\"es_ES\" \/>\n\t\t<meta property=\"og:site_name\" content=\"SoyMigrante.com REVISTA \u2013 Nuestra misi\u00f3n es reconocer y dignificar al migrante.\" \/>\n\t\t<meta property=\"og:type\" content=\"article\" \/>\n\t\t<meta property=\"og:title\" content=\"Patitas a la vinagreta: la receta guatemalteca que mezcla tradici\u00f3n y sabor\" \/>\n\t\t<meta property=\"og:description\" content=\"Patitas a la vinagreta, esta es la receta guatemalteca que debes conocer.\" \/>\n\t\t<meta property=\"og:url\" content=\"https:\/\/soymigrante.com\/revista\/patitas-a-la-vinagreta-receta-guatemalteca-cocina-chapina\/\" \/>\n\t\t<meta property=\"og:image\" content=\"https:\/\/soymigrante.com\/revista\/wp-content\/uploads\/2025\/05\/patitas-a-la-vinagreta-e1748627281581.jpg\" \/>\n\t\t<meta property=\"og:image:secure_url\" content=\"https:\/\/soymigrante.com\/revista\/wp-content\/uploads\/2025\/05\/patitas-a-la-vinagreta-e1748627281581.jpg\" \/>\n\t\t<meta property=\"og:image:width\" content=\"541\" \/>\n\t\t<meta property=\"og:image:height\" content=\"541\" \/>\n\t\t<meta property=\"article:published_time\" content=\"2025-06-03T11:00:00+00:00\" \/>\n\t\t<meta property=\"article:modified_time\" content=\"2025-06-21T20:22:05+00:00\" \/>\n\t\t<meta property=\"article:publisher\" content=\"https:\/\/www.facebook.com\/soymigrantecom\" \/>\n\t\t<meta name=\"twitter:card\" content=\"summary_large_image\" \/>\n\t\t<meta name=\"twitter:site\" content=\"@SoyMigrante_com\" \/>\n\t\t<meta name=\"twitter:title\" content=\"Patitas a la vinagreta: la receta guatemalteca que mezcla tradici\u00f3n y sabor\" \/>\n\t\t<meta name=\"twitter:description\" content=\"Patitas a la vinagreta, esta es la receta guatemalteca que debes conocer.\" \/>\n\t\t<meta name=\"twitter:creator\" content=\"@SoyMigrante_com\" \/>\n\t\t<meta name=\"twitter:image\" content=\"https:\/\/soymigrante.com\/revista\/wp-content\/uploads\/2025\/05\/patitas-a-la-vinagreta-e1748627281581.jpg\" \/>\n\t\t<!-- All in One SEO Pro -->\r\n\t\t<title>Patitas a la vinagreta: la receta guatemalteca que mezcla tradici\u00f3n y sabor<\/title>\n\n","aioseo_head_json":{"title":"Patitas a la vinagreta: la receta guatemalteca que mezcla tradici\u00f3n y sabor","description":"Patitas a la vinagreta, esta es la receta guatemalteca que debes conocer.","canonical_url":"https:\/\/soymigrante.com\/revista\/patitas-a-la-vinagreta-receta-guatemalteca-cocina-chapina\/","robots":"max-snippet:-1, max-image-preview:large, max-video-preview:-1","keywords":"","webmasterTools":{"miscellaneous":"&lt;link rel=\"preconnect\" href=\"https:\/\/fonts.googleapis.com\" crossorigin&gt;\n&lt;link rel=\"preconnect\" href=\"https:\/\/fonts.gstatic.com\" crossorigin&gt;"},"schema":null,"og:locale":"es_ES","og:site_name":"SoyMigrante.com REVISTA \u2013 Nuestra misi\u00f3n es reconocer y dignificar al migrante.","og:type":"article","og:title":"Patitas a la vinagreta: la receta guatemalteca que mezcla tradici\u00f3n y sabor","og:description":"Patitas a la vinagreta, esta es la receta guatemalteca que debes conocer.","og:url":"https:\/\/soymigrante.com\/revista\/patitas-a-la-vinagreta-receta-guatemalteca-cocina-chapina\/","og:image":"https:\/\/soymigrante.com\/revista\/wp-content\/uploads\/2025\/05\/patitas-a-la-vinagreta-e1748627281581.jpg","og:image:secure_url":"https:\/\/soymigrante.com\/revista\/wp-content\/uploads\/2025\/05\/patitas-a-la-vinagreta-e1748627281581.jpg","og:image:width":541,"og:image:height":541,"article:published_time":"2025-06-03T11:00:00+00:00","article:modified_time":"2025-06-21T20:22:05+00:00","article:publisher":"https:\/\/www.facebook.com\/soymigrantecom","twitter:card":"summary_large_image","twitter:site":"@SoyMigrante_com","twitter:title":"Patitas a la vinagreta: la receta guatemalteca que mezcla tradici\u00f3n y sabor","twitter:description":"Patitas a la vinagreta, esta es la receta guatemalteca que debes conocer.","twitter:creator":"@SoyMigrante_com","twitter:image":"https:\/\/soymigrante.com\/revista\/wp-content\/uploads\/2025\/05\/patitas-a-la-vinagreta-e1748627281581.jpg"},"aioseo_meta_data":{"post_id":"35155","title":null,"description":"Patitas a la vinagreta, esta es la receta guatemalteca que debes conocer.","keywords":null,"keyphrases":{"focus":{"keyphrase":"Patitas a la vinagreta","score":91,"analysis":{"keyphraseInTitle":{"score":9,"maxScore":9,"error":0},"keyphraseInDescription":{"score":9,"maxScore":9,"error":0},"keyphraseLength":{"score":9,"maxScore":9,"error":0,"length":4},"keyphraseInURL":{"score":5,"maxScore":5,"error":0},"keyphraseInIntroduction":{"score":9,"maxScore":9,"error":0},"keyphraseInSubHeadings":{"score":3,"maxScore":9,"error":1},"keyphraseInImageAlt":{"score":9,"maxScore":9,"error":0},"keywordDensity":{"type":"best","score":9,"maxScore":9,"error":0}}},"additional":[{"keyphrase":"Patitas a la vinagreta","score":100,"analysis":{"keyphraseInDescription":{"score":9,"maxScore":9,"error":0},"keyphraseLength":{"score":9,"maxScore":9,"error":0,"length":4},"keyphraseInIntroduction":{"score":9,"maxScore":9,"error":0},"keyphraseInImageAlt":{"score":9,"maxScore":9,"error":0},"keywordDensity":{"type":"best","score":9,"maxScore":9,"error":0}}},{"keyphrase":"Receta","score":100,"analysis":{"keyphraseInDescription":{"score":9,"maxScore":9,"error":0},"keyphraseLength":{"score":9,"maxScore":9,"error":0,"length":1},"keyphraseInIntroduction":{"score":9,"maxScore":9,"error":0},"keyphraseInImageAlt":{"score":9,"maxScore":9,"error":0},"keywordDensity":{"type":"best","score":9,"maxScore":9,"error":0}}},{"keyphrase":"Guatemalteca","score":53,"analysis":{"keyphraseInDescription":{"score":9,"maxScore":9,"error":0},"keyphraseLength":{"score":9,"maxScore":9,"error":0,"length":1},"keyphraseInIntroduction":{"score":3,"maxScore":9,"error":1},"keyphraseInImageAlt":{"score":3,"maxScore":9,"error":1},"keywordDensity":{"score":0,"type":"low","maxScore":9,"error":1}}}]},"primary_term":null,"canonical_url":null,"og_title":null,"og_description":null,"og_object_type":"default","og_image_type":"default","og_image_url":null,"og_image_width":null,"og_image_height":null,"og_image_custom_url":null,"og_image_custom_fields":null,"og_video":"","og_custom_url":null,"og_article_section":null,"og_article_tags":null,"twitter_use_og":false,"twitter_card":"default","twitter_image_type":"default","twitter_image_url":null,"twitter_image_custom_url":null,"twitter_image_custom_fields":null,"twitter_title":null,"twitter_description":null,"schema":{"blockGraphs":[],"customGraphs":[],"default":{"data":{"Article":[],"Course":[],"Dataset":[],"FAQPage":[],"Movie":[],"Person":[],"Product":[],"ProductReview":[],"Car":[],"Recipe":[],"Service":[],"SoftwareApplication":[],"WebPage":[]},"graphName":"none","isEnabled":true},"graphs":[]},"schema_type":"default","schema_type_options":null,"pillar_content":false,"robots_default":true,"robots_noindex":false,"robots_noarchive":false,"robots_nosnippet":false,"robots_nofollow":false,"robots_noimageindex":false,"robots_noodp":false,"robots_notranslate":false,"robots_max_snippet":"-1","robots_max_videopreview":"-1","robots_max_imagepreview":"large","priority":null,"frequency":"default","local_seo":null,"seo_analyzer_scan_date":"2025-10-09 05:35:30","breadcrumb_settings":null,"limit_modified_date":false,"reviewed_by":"0","open_ai":"{\"title\":{\"suggestions\":[],\"usage\":0},\"description\":{\"suggestions\":[],\"usage\":0}}","ai":null,"created":"2025-05-30 17:50:23","updated":"2026-02-05 00:07:23"},"aioseo_breadcrumb":"<div class=\"aioseo-breadcrumbs\"><span class=\"aioseo-breadcrumb\">\n\t<a href=\"https:\/\/soymigrante.com\/revista\" title=\"Home\">Home<\/a>\n<\/span><span class=\"aioseo-breadcrumb-separator\">\u00bb<\/span><span class=\"aioseo-breadcrumb\">\n\t<a href=\"https:\/\/soymigrante.com\/revista\/category\/guate-nuestra\/\" title=\"Guate Nuestra\">Guate Nuestra<\/a>\n<\/span><span class=\"aioseo-breadcrumb-separator\">\u00bb<\/span><span class=\"aioseo-breadcrumb\">\n\t<a href=\"https:\/\/soymigrante.com\/revista\/category\/guate-nuestra\/recetas-guatemaltecas\/\" title=\"Recetas guatemaltecas\">Recetas guatemaltecas<\/a>\n<\/span><span class=\"aioseo-breadcrumb-separator\">\u00bb<\/span><span class=\"aioseo-breadcrumb\">\n\tPatitas a la vinagreta: la receta guatemalteca que mezcla tradici\u00f3n y sabor\n<\/span><\/div>","aioseo_breadcrumb_json":[{"label":"Home","link":"https:\/\/soymigrante.com\/revista"},{"label":"Guate Nuestra","link":"https:\/\/soymigrante.com\/revista\/category\/guate-nuestra\/"},{"label":"Recetas guatemaltecas","link":"https:\/\/soymigrante.com\/revista\/category\/guate-nuestra\/recetas-guatemaltecas\/"},{"label":"Patitas a la vinagreta: la receta guatemalteca que mezcla tradici\u00f3n y sabor","link":"https:\/\/soymigrante.com\/revista\/patitas-a-la-vinagreta-receta-guatemalteca-cocina-chapina\/"}],"_links":{"self":[{"href":"https:\/\/soymigrante.com\/revista\/wp-json\/wp\/v2\/posts\/35155","targetHints":{"allow":["GET"]}}],"collection":[{"href":"https:\/\/soymigrante.com\/revista\/wp-json\/wp\/v2\/posts"}],"about":[{"href":"https:\/\/soymigrante.com\/revista\/wp-json\/wp\/v2\/types\/post"}],"author":[{"embeddable":true,"href":"https:\/\/soymigrante.com\/revista\/wp-json\/wp\/v2\/users\/19"}],"replies":[{"embeddable":true,"href":"https:\/\/soymigrante.com\/revista\/wp-json\/wp\/v2\/comments?post=35155"}],"version-history":[{"count":19,"href":"https:\/\/soymigrante.com\/revista\/wp-json\/wp\/v2\/posts\/35155\/revisions"}],"predecessor-version":[{"id":37202,"href":"https:\/\/soymigrante.com\/revista\/wp-json\/wp\/v2\/posts\/35155\/revisions\/37202"}],"wp:featuredmedia":[{"embeddable":true,"href":"https:\/\/soymigrante.com\/revista\/wp-json\/wp\/v2\/media\/35156"}],"wp:attachment":[{"href":"https:\/\/soymigrante.com\/revista\/wp-json\/wp\/v2\/media?parent=35155"}],"wp:term":[{"taxonomy":"category","embeddable":true,"href":"https:\/\/soymigrante.com\/revista\/wp-json\/wp\/v2\/categories?post=35155"},{"taxonomy":"post_tag","embeddable":true,"href":"https:\/\/soymigrante.com\/revista\/wp-json\/wp\/v2\/tags?post=35155"}],"curies":[{"name":"wp","href":"https:\/\/api.w.org\/{rel}","templated":true}]}}