{"id":35123,"date":"2025-05-30T12:55:30","date_gmt":"2025-05-30T18:55:30","guid":{"rendered":"https:\/\/soymigrante.com\/revista\/?p=35123"},"modified":"2025-06-03T10:45:35","modified_gmt":"2025-06-03T16:45:35","slug":"altahir-esencias-aceites-y-aromas-naturales-elaborados-por-las-hermanas-gil","status":"publish","type":"post","link":"https:\/\/soymigrante.com\/revista\/altahir-esencias-aceites-y-aromas-naturales-elaborados-por-las-hermanas-gil\/","title":{"rendered":"Altahir: esencias, aceites y aromas naturales elaborados por las hermanas Gil"},"content":{"rendered":"\t\t<div data-elementor-type=\"wp-post\" data-elementor-id=\"35123\" class=\"elementor elementor-35123\" data-elementor-post-type=\"post\">\n\t\t\t\t<div data-particle_enable=\"false\" data-particle-mobile-disabled=\"false\" class=\"elementor-element elementor-element-f3ff2d5 e-flex e-con-boxed e-con e-parent\" data-id=\"f3ff2d5\" data-element_type=\"container\" data-e-type=\"container\">\n\t\t\t\t\t<div class=\"e-con-inner\">\n\t\t\t\t<div class=\"elementor-element elementor-element-2db395e elementor-widget elementor-widget-heading\" data-id=\"2db395e\" data-element_type=\"widget\" data-e-type=\"widget\" data-widget_type=\"heading.default\">\n\t\t\t\t\t<h2 class=\"elementor-heading-title elementor-size-default\">Altahir es el nombre de una estrella que inspira altas metas a las hermanas emprendedoras Hilda, Celia y Lili Gil de Amatitl\u00e1n, quienes ya abrieron su tienda digital de aceites y cosm\u00e9ticos en SoyMigrante.com MERCADO. Esta es su historia.<\/h2>\t\t\t\t<\/div>\n\t\t\t\t<div class=\"elementor-element elementor-element-a4f0698 elementor-widget elementor-widget-html\" data-id=\"a4f0698\" data-element_type=\"widget\" data-e-type=\"widget\" data-widget_type=\"html.default\">\n\t\t\t\t\t <div id=\"buzzsprout-player-17274804\"><\/div><script src=\"https:\/\/www.buzzsprout.com\/2444168\/episodes\/17274804-altahir-emprendimiento-de-aromas-y-aceites-naturales-en-mercado.js?container_id=buzzsprout-player-17274804&player=small\" type=\"text\/javascript\" charset=\"utf-8\"><\/script>\t\t\t\t<\/div>\n\t\t\t\t\t<\/div>\n\t\t\t\t<\/div>\n\t\t<div data-particle_enable=\"false\" data-particle-mobile-disabled=\"false\" class=\"elementor-element elementor-element-4f14cbf e-flex e-con-boxed e-con e-parent\" data-id=\"4f14cbf\" data-element_type=\"container\" data-e-type=\"container\">\n\t\t\t\t\t<div class=\"e-con-inner\">\n\t\t\t\t<div class=\"elementor-element elementor-element-560cd94 elementor-widget elementor-widget-text-editor\" data-id=\"560cd94\" data-element_type=\"widget\" data-e-type=\"widget\" data-widget_type=\"text-editor.default\">\n\t\t\t\t\t\t\t\t\t<p>Altahir ofrece una grama de productos naturales de cosm\u00e9tica, esencias para la piel y el cabello, tambi\u00e9n para aromaterapia. La marca surgi\u00f3 porque las hermanas Hilda, Celia y Lili Gil, originarias de Amatitl\u00e1n, quer\u00edan evocar altos objetivos y grandes metas: no solo para sus clientes sino tambi\u00e9n para ellas.<\/p><p>Altair, viene del \u00e1rabe, significa &#8220;Aguila volando&#8221;. Y como cuenta Hilda, no ha sido un vuelo f\u00e1cil pero cada vez van m\u00e1s alto. Abrieron ya su tienda digital Altahir en <a href=\"https:\/\/soymigrante.com\/revista\/mercado-es-una-comunidad-digital-para-emprendedores-guatemaltecos\/\">SoyMigrante.com MERCADO, , la comunidad en l\u00ednea <\/a>creada para que emprendedores y compradores guatemaltecos se encuentren.<\/p><p><a href=\"https:\/\/soymigrante.com\/mercado\/?srsltid=AfmBOopyiSfV4AY9rXAQqnSlD25HmwctC8ICgTAl9Z36AMRjA8YLEoFN\">SoyMigrante.com MERCADO<\/a> es un proyecto activo, proactivo e innovador para peque\u00f1os negocios y creadores de productos elaborados a mano, detr\u00e1s de los cuales siempre hay una historia. Y esta es la historia de como naci\u00f3 Altahir, el gran sue\u00f1o de tres hermanas amatitlanecas.\u00a0\u00a0<\/p>\t\t\t\t\t\t\t\t<\/div>\n\t\t\t\t\t<\/div>\n\t\t\t\t<\/div>\n\t\t<div data-particle_enable=\"false\" data-particle-mobile-disabled=\"false\" class=\"elementor-element elementor-element-5f93668 e-flex e-con-boxed e-con e-parent\" data-id=\"5f93668\" data-element_type=\"container\" data-e-type=\"container\">\n\t\t\t\t\t<div class=\"e-con-inner\">\n\t\t\t\t<div class=\"elementor-element elementor-element-8f23457 elementor-widget elementor-widget-image\" data-id=\"8f23457\" data-element_type=\"widget\" data-e-type=\"widget\" data-widget_type=\"image.default\">\n\t\t\t\t\t\t\t\t\t\t\t\t<figure class=\"wp-caption\">\n\t\t\t\t\t\t\t\t\t\t\t<a href=\"https:\/\/soymigrante.com\/mercado\/marketplace\/seller\/profile\/Altahir\">\n\t\t\t\t\t\t\t<img fetchpriority=\"high\" decoding=\"async\" width=\"768\" height=\"329\" src=\"https:\/\/soymigrante.com\/revista\/wp-content\/uploads\/2025\/05\/ALTAHIR-SOYMIGRANTE-MERCADO-1024x439.png\" class=\"attachment-large size-large wp-image-35134\" alt=\"Productos de cosm\u00e9tica natural para migrantes, suplementos y cuidado personal en Guatemala, compra online productos naturales para bienestar y belleza en SoyMigrante.com REVISTA.\" srcset=\"https:\/\/soymigrante.com\/revista\/wp-content\/uploads\/2025\/05\/ALTAHIR-SOYMIGRANTE-MERCADO-1024x439.png 1024w, https:\/\/soymigrante.com\/revista\/wp-content\/uploads\/2025\/05\/ALTAHIR-SOYMIGRANTE-MERCADO-300x129.png 300w, https:\/\/soymigrante.com\/revista\/wp-content\/uploads\/2025\/05\/ALTAHIR-SOYMIGRANTE-MERCADO-768x329.png 768w, https:\/\/soymigrante.com\/revista\/wp-content\/uploads\/2025\/05\/ALTAHIR-SOYMIGRANTE-MERCADO-1536x659.png 1536w, https:\/\/soymigrante.com\/revista\/wp-content\/uploads\/2025\/05\/ALTAHIR-SOYMIGRANTE-MERCADO-2048x878.png 2048w, https:\/\/soymigrante.com\/revista\/wp-content\/uploads\/2025\/05\/ALTAHIR-SOYMIGRANTE-MERCADO-750x322.png 750w, https:\/\/soymigrante.com\/revista\/wp-content\/uploads\/2025\/05\/ALTAHIR-SOYMIGRANTE-MERCADO-1140x489.png 1140w, https:\/\/soymigrante.com\/revista\/wp-content\/uploads\/2025\/05\/ALTAHIR-SOYMIGRANTE-MERCADO.webp 1920w\" sizes=\"(max-width: 768px) 100vw, 768px\" title=\"ALTAHIR SOYMIGRANTE MERCADO \u2013 SoyMigrante.com REVISTA\" \/>\t\t\t\t\t\t\t\t<\/a>\n\t\t\t\t\t\t\t\t\t\t\t<figcaption class=\"widget-image-caption wp-caption-text\">Cuidado natural con productos org\u00e1nicos, artesan\u00edas guatemaltecas y belleza con ingredientes naturales, accesorios de moda hechos a mano, productos para el cuidado de la piel, y bienestar integral, enfocado en salud y belleza en Guatemala.<\/figcaption>\n\t\t\t\t\t\t\t\t\t\t<\/figure>\n\t\t\t\t\t\t\t\t\t<\/div>\n\t\t\t\t\t<\/div>\n\t\t\t\t<\/div>\n\t\t<div data-particle_enable=\"false\" data-particle-mobile-disabled=\"false\" class=\"elementor-element elementor-element-aa74bb0 e-flex e-con-boxed e-con e-parent\" data-id=\"aa74bb0\" data-element_type=\"container\" data-e-type=\"container\">\n\t\t\t\t\t<div class=\"e-con-inner\">\n\t\t\t\t<div class=\"elementor-element elementor-element-43e799d elementor-widget elementor-widget-heading\" data-id=\"43e799d\" data-element_type=\"widget\" data-e-type=\"widget\" data-widget_type=\"heading.default\">\n\t\t\t\t\t<h3 class=\"elementor-heading-title elementor-size-default\">En la adversidad surgi\u00f3 la oportunidad<\/h3>\t\t\t\t<\/div>\n\t\t\t\t\t<\/div>\n\t\t\t\t<\/div>\n\t\t<div data-particle_enable=\"false\" data-particle-mobile-disabled=\"false\" class=\"elementor-element elementor-element-1fcb452 e-flex e-con-boxed e-con e-parent\" data-id=\"1fcb452\" data-element_type=\"container\" data-e-type=\"container\">\n\t\t\t\t\t<div class=\"e-con-inner\">\n\t\t\t\t<div class=\"elementor-element elementor-element-8c83af8 elementor-widget elementor-widget-text-editor\" data-id=\"8c83af8\" data-element_type=\"widget\" data-e-type=\"widget\" data-widget_type=\"text-editor.default\">\n\t\t\t\t\t\t\t\t\t<p>Altahir naci\u00f3 en noviembre de 2020, a\u00fan dentro de las dificultades de la pandemia. &#8220;Hab\u00eda desempleo y hab\u00eda que comer. Entonces pensamos con mi hermana Celia crear algo que la gente necesitara, que fuera natural y pudi\u00e9ramos vender a precios accesibles&#8221;, relata Hilda Gil. &#8220;Hab\u00eda mucho tiempo libre y lo mejor era aprovecharlo para aprender&#8221;.<\/p><p>&#8220;A la vez, en lo personal, mi piel es un poco delicada. El contacto con alcoholes y desinfectantes -por las prevenciones de pandemia- me afectaba, as\u00ed que necesitaba alg\u00fan aceite protector&#8221;, prosigue.<\/p><p>Celia e Hilda se pagaron un curso de cosm\u00e9tica natural ofrecido desde Espa\u00f1a, en l\u00ednea. &#8220;Celia fue quien m\u00e1s se enfoc\u00f3 en desarrollar una l\u00ednea de productos natural, sin qu\u00edmicos. El gran reto fue encontrar los ingredientes. Algunos exist\u00edan en Guatemala, pero otros hay que importarlos&#8221;.<\/p>\t\t\t\t\t\t\t\t<\/div>\n\t\t\t\t\t<\/div>\n\t\t\t\t<\/div>\n\t\t<div data-particle_enable=\"false\" data-particle-mobile-disabled=\"false\" class=\"elementor-element elementor-element-d67e914 e-flex e-con-boxed e-con e-parent\" data-id=\"d67e914\" data-element_type=\"container\" data-e-type=\"container\">\n\t\t\t\t\t<div class=\"e-con-inner\">\n\t\t\t\t<div class=\"elementor-element elementor-element-52bdff9 elementor-widget elementor-widget-image\" data-id=\"52bdff9\" data-element_type=\"widget\" data-e-type=\"widget\" data-widget_type=\"image.default\">\n\t\t\t\t\t\t\t\t\t\t\t\t<figure class=\"wp-caption\">\n\t\t\t\t\t\t\t\t\t\t<img decoding=\"async\" width=\"768\" height=\"349\" src=\"https:\/\/soymigrante.com\/revista\/wp-content\/uploads\/2025\/05\/altahir-soymigrante-mercado-7-1024x465.jpg\" class=\"attachment-large size-large wp-image-35152\" alt=\"Extractores de extractos naturales siendo utilizados en un taller de cosm\u00e9tica en un ambiente comunitario. Las participantes muestran productos caseros para el cuidado de la piel, promoviendo innovaci\u00f3n y salud natural. | SoyMigrante.com REVISTA, taller de cosm\u00e9tica casera con extractos naturales para el cuidado de la piel.\" srcset=\"https:\/\/soymigrante.com\/revista\/wp-content\/uploads\/2025\/05\/altahir-soymigrante-mercado-7-1024x465.jpg 1024w, https:\/\/soymigrante.com\/revista\/wp-content\/uploads\/2025\/05\/altahir-soymigrante-mercado-7-300x136.jpg 300w, https:\/\/soymigrante.com\/revista\/wp-content\/uploads\/2025\/05\/altahir-soymigrante-mercado-7-768x348.jpg 768w, https:\/\/soymigrante.com\/revista\/wp-content\/uploads\/2025\/05\/altahir-soymigrante-mercado-7-750x340.jpg 750w, https:\/\/soymigrante.com\/revista\/wp-content\/uploads\/2025\/05\/altahir-soymigrante-mercado-7.jpg 1080w\" sizes=\"(max-width: 768px) 100vw, 768px\" title=\"Las hermanas Hilda, Lili y Celia Gil, de Amatitl\u00e1n, combinan su entusiasmo, aprendizaje y grandes sue\u00f1os para inspirarse y crear nuevos productos de la marca artesanal de aceites y aromas Altahir. Est\u00e1n ahora en SoyMigrante.com MERCADO. \u2013 SoyMigrante.com REVISTA\" \/>\t\t\t\t\t\t\t\t\t\t\t<figcaption class=\"widget-image-caption wp-caption-text\">Una emprendedora en un taller de cosm\u00e9tica natural muestra productos hechos con extractos naturales, promoviendo salud y bienestar en comunidades. Participantes disfrutan aprendiendo t\u00e9cnicas de elaboraci\u00f3n de cosm\u00e9ticos naturales en un evento comunitario.<\/figcaption>\n\t\t\t\t\t\t\t\t\t\t<\/figure>\n\t\t\t\t\t\t\t\t\t<\/div>\n\t\t\t\t\t<\/div>\n\t\t\t\t<\/div>\n\t\t<div data-particle_enable=\"false\" data-particle-mobile-disabled=\"false\" class=\"elementor-element elementor-element-5d89af4 e-flex e-con-boxed e-con e-parent\" data-id=\"5d89af4\" data-element_type=\"container\" data-e-type=\"container\">\n\t\t\t\t\t<div class=\"e-con-inner\">\n\t\t\t\t<div class=\"elementor-element elementor-element-274d8c8 elementor-widget elementor-widget-heading\" data-id=\"274d8c8\" data-element_type=\"widget\" data-e-type=\"widget\" data-widget_type=\"heading.default\">\n\t\t\t\t\t<h3 class=\"elementor-heading-title elementor-size-default\">Transformaci\u00f3n positiva y productos de calidad<\/h3>\t\t\t\t<\/div>\n\t\t\t\t\t<\/div>\n\t\t\t\t<\/div>\n\t\t<div data-particle_enable=\"false\" data-particle-mobile-disabled=\"false\" class=\"elementor-element elementor-element-5f97fef e-flex e-con-boxed e-con e-parent\" data-id=\"5f97fef\" data-element_type=\"container\" data-e-type=\"container\">\n\t\t\t\t\t<div class=\"e-con-inner\">\n\t\t\t\t<div class=\"elementor-element elementor-element-50540f1 elementor-widget elementor-widget-text-editor\" data-id=\"50540f1\" data-element_type=\"widget\" data-e-type=\"widget\" data-widget_type=\"text-editor.default\">\n\t\t\t\t\t\t\t\t\t<p>&#8220;Celia se convirti\u00f3 en toda una experta en propiedades de aceites esenciales, extractos de plantas y otros ingredientes arom\u00e1ticos. Yo tambi\u00e9n fui aprendiendo, a la vez que segu\u00eda trabajando en un supermercado&#8221;, relata Hilda.<\/p><p>Celia trabaj\u00f3 antes en un juzgado, pero fue la primera que se dedic\u00f3 a tiempo completo a la preparaci\u00f3n de productos de Altahir. &#8220;Yo me encargu\u00e9 un poco m\u00e1s del mercadeo. Al principio fue con la familia y amigos, d\u00e1ndoles a conocer los productos. Y que los recomendaran con amigos suyos y amigos de amigos&#8221;.<\/p><p>El gran reto de todo emprendedor es: &#8220;Nadie te conoce, nadie conf\u00eda en tu producto al inicio&#8230; hasta que lo prueba y ve su calidad. All\u00ed se empieza a crear la marca. Empezamos con productos de piel y cabello, pero ahora tenemos aromaterapia, relajaci\u00f3n, cremas, serum, champ\u00fas. Escuchamos lo que la gente necesita y les proponemos soluciones&#8221;.<\/p>\t\t\t\t\t\t\t\t<\/div>\n\t\t\t\t\t<\/div>\n\t\t\t\t<\/div>\n\t\t<div data-particle_enable=\"false\" data-particle-mobile-disabled=\"false\" class=\"elementor-element elementor-element-b9ee030 e-flex e-con-boxed e-con e-parent\" data-id=\"b9ee030\" data-element_type=\"container\" data-e-type=\"container\">\n\t\t\t\t\t<div class=\"e-con-inner\">\n\t\t\t\t<div class=\"elementor-element elementor-element-43deeab elementor-widget elementor-widget-image\" data-id=\"43deeab\" data-element_type=\"widget\" data-e-type=\"widget\" data-widget_type=\"image.default\">\n\t\t\t\t\t\t\t\t\t\t\t\t<figure class=\"wp-caption\">\n\t\t\t\t\t\t\t\t\t\t<img decoding=\"async\" width=\"768\" height=\"842\" src=\"https:\/\/soymigrante.com\/revista\/wp-content\/uploads\/2025\/05\/altahir-soymigrante-mercado-4-934x1024.jpg\" class=\"attachment-large size-large wp-image-35153\" alt=\"Pastilla para el cuidado personal, mujer aplicando producto en hombre con productos de belleza en fondo de celebraci\u00f3n.\" srcset=\"https:\/\/soymigrante.com\/revista\/wp-content\/uploads\/2025\/05\/altahir-soymigrante-mercado-4-934x1024.jpg 934w, https:\/\/soymigrante.com\/revista\/wp-content\/uploads\/2025\/05\/altahir-soymigrante-mercado-4-274x300.jpg 274w, https:\/\/soymigrante.com\/revista\/wp-content\/uploads\/2025\/05\/altahir-soymigrante-mercado-4-768x842.jpg 768w, https:\/\/soymigrante.com\/revista\/wp-content\/uploads\/2025\/05\/altahir-soymigrante-mercado-4-1402x1536.jpg 1402w, https:\/\/soymigrante.com\/revista\/wp-content\/uploads\/2025\/05\/altahir-soymigrante-mercado-4-750x822.jpg 750w, https:\/\/soymigrante.com\/revista\/wp-content\/uploads\/2025\/05\/altahir-soymigrante-mercado-4-1140x1249.jpg 1140w, https:\/\/soymigrante.com\/revista\/wp-content\/uploads\/2025\/05\/altahir-soymigrante-mercado-4.jpg 1564w\" sizes=\"(max-width: 768px) 100vw, 768px\" title=\"El entusiasmo de las hermanas Gil, fundadoras de Altahir aromas, que ofrecen demostraciones sobre el mejor uso de sus productos. \u2013 SoyMigrante.com REVISTA\" \/>\t\t\t\t\t\t\t\t\t\t\t<figcaption class=\"widget-image-caption wp-caption-text\">Mujer aplicando cuidado personal a un hombre en evento social, promoviendo bienestar y belleza con productos naturales.<\/figcaption>\n\t\t\t\t\t\t\t\t\t\t<\/figure>\n\t\t\t\t\t\t\t\t\t<\/div>\n\t\t\t\t\t<\/div>\n\t\t\t\t<\/div>\n\t\t<div data-particle_enable=\"false\" data-particle-mobile-disabled=\"false\" class=\"elementor-element elementor-element-126d21f e-flex e-con-boxed e-con e-parent\" data-id=\"126d21f\" data-element_type=\"container\" data-e-type=\"container\">\n\t\t\t\t\t<div class=\"e-con-inner\">\n\t\t\t\t<div class=\"elementor-element elementor-element-62f6ece elementor-widget elementor-widget-heading\" data-id=\"62f6ece\" data-element_type=\"widget\" data-e-type=\"widget\" data-widget_type=\"heading.default\">\n\t\t\t\t\t<h3 class=\"elementor-heading-title elementor-size-default\">El gran sue\u00f1o de Altahir<\/h3>\t\t\t\t<\/div>\n\t\t\t\t\t<\/div>\n\t\t\t\t<\/div>\n\t\t<div data-particle_enable=\"false\" data-particle-mobile-disabled=\"false\" class=\"elementor-element elementor-element-f26b2d4 e-flex e-con-boxed e-con e-parent\" data-id=\"f26b2d4\" data-element_type=\"container\" data-e-type=\"container\">\n\t\t\t\t\t<div class=\"e-con-inner\">\n\t\t\t\t<div class=\"elementor-element elementor-element-943428a elementor-widget elementor-widget-text-editor\" data-id=\"943428a\" data-element_type=\"widget\" data-e-type=\"widget\" data-widget_type=\"text-editor.default\">\n\t\t\t\t\t\t\t\t\t<p>Este a\u00f1o, Hilda tambi\u00e9n se dedic\u00f3 de lleno a Altahir, que tiene toda su documentaci\u00f3n y registro como empresa. &#8220;Contratamos una dise\u00f1adora para que nos hiciera nuestro logo, para tener una personalidad. Y nuestra hermana Lili se hace cargo de las redes sociales ahora&#8221;, agrega.<\/p><p>El gran sue\u00f1o en este momento: &#8220;Queremos exportar Altahir y por supuesto seguir ampliando nuestra base de clientes. Antes nuestro sue\u00f1o era estar en centros comerciales, pero hoy sabemos que el mercado en l\u00ednea est\u00e1 creciendo&#8221;.<\/p>\t\t\t\t\t\t\t\t<\/div>\n\t\t\t\t\t<\/div>\n\t\t\t\t<\/div>\n\t\t<div data-particle_enable=\"false\" data-particle-mobile-disabled=\"false\" class=\"elementor-element elementor-element-8e242bd e-flex e-con-boxed e-con e-parent\" data-id=\"8e242bd\" data-element_type=\"container\" data-e-type=\"container\">\n\t\t\t\t\t<div class=\"e-con-inner\">\n\t\t\t\t<div class=\"elementor-element elementor-element-8a4ed09 elementor-widget elementor-widget-image\" data-id=\"8a4ed09\" data-element_type=\"widget\" data-e-type=\"widget\" data-widget_type=\"image.default\">\n\t\t\t\t\t\t\t\t\t\t\t\t<figure class=\"wp-caption\">\n\t\t\t\t\t\t\t\t\t\t<img loading=\"lazy\" decoding=\"async\" width=\"768\" height=\"514\" src=\"https:\/\/soymigrante.com\/revista\/wp-content\/uploads\/2025\/05\/altahir-soymigrante-mercado-3-1024x685.jpg\" class=\"attachment-large size-large wp-image-35154\" alt=\"Aceite natural y productos de cuidado facial y corporal de la marca Atlahir, con ingredientes como menta y almendra, en envases elegantes y etiquetados para belleza con naturaleza.\" srcset=\"https:\/\/soymigrante.com\/revista\/wp-content\/uploads\/2025\/05\/altahir-soymigrante-mercado-3-1024x685.jpg 1024w, https:\/\/soymigrante.com\/revista\/wp-content\/uploads\/2025\/05\/altahir-soymigrante-mercado-3-300x201.jpg 300w, https:\/\/soymigrante.com\/revista\/wp-content\/uploads\/2025\/05\/altahir-soymigrante-mercado-3-768x514.jpg 768w, https:\/\/soymigrante.com\/revista\/wp-content\/uploads\/2025\/05\/altahir-soymigrante-mercado-3-750x502.jpg 750w, https:\/\/soymigrante.com\/revista\/wp-content\/uploads\/2025\/05\/altahir-soymigrante-mercado-3-1140x762.jpg 1140w, https:\/\/soymigrante.com\/revista\/wp-content\/uploads\/2025\/05\/altahir-soymigrante-mercado-3.jpg 1280w\" sizes=\"(max-width: 768px) 100vw, 768px\" title=\"En los productos de Altahir hay ingredientes guatemaltecos pero tambi\u00e9n hay elementos importados, para ofrecer m\u00e1xima calidad con un toque artesanal \u00fanico. \u2013 SoyMigrante.com REVISTA\" \/>\t\t\t\t\t\t\t\t\t\t\t<figcaption class=\"widget-image-caption wp-caption-text\">L\u00ednea de productos de belleza natural Atlahir, incluyendo aceites y geles de cuidado facial y corporal, ideales para piel seca y sensible, promoviendo la belleza con ingredientes naturales.<\/figcaption>\n\t\t\t\t\t\t\t\t\t\t<\/figure>\n\t\t\t\t\t\t\t\t\t<\/div>\n\t\t\t\t\t<\/div>\n\t\t\t\t<\/div>\n\t\t<div data-particle_enable=\"false\" data-particle-mobile-disabled=\"false\" class=\"elementor-element elementor-element-991b6a9 e-flex e-con-boxed e-con e-parent\" data-id=\"991b6a9\" data-element_type=\"container\" data-e-type=\"container\">\n\t\t\t\t\t<div class=\"e-con-inner\">\n\t\t\t\t<div class=\"elementor-element elementor-element-c3bd2b9 elementor-widget elementor-widget-heading\" data-id=\"c3bd2b9\" data-element_type=\"widget\" data-e-type=\"widget\" data-widget_type=\"heading.default\">\n\t\t\t\t\t<h3 class=\"elementor-heading-title elementor-size-default\">\u00bfPor qu\u00e9 decidieron participar en MERCADO?<\/h3>\t\t\t\t<\/div>\n\t\t\t\t\t<\/div>\n\t\t\t\t<\/div>\n\t\t<div data-particle_enable=\"false\" data-particle-mobile-disabled=\"false\" class=\"elementor-element elementor-element-252e07e e-flex e-con-boxed e-con e-parent\" data-id=\"252e07e\" data-element_type=\"container\" data-e-type=\"container\">\n\t\t\t\t\t<div class=\"e-con-inner\">\n\t\t\t\t<div class=\"elementor-element elementor-element-0dab09c elementor-widget elementor-widget-text-editor\" data-id=\"0dab09c\" data-element_type=\"widget\" data-e-type=\"widget\" data-widget_type=\"text-editor.default\">\n\t\t\t\t\t\t\t\t\t<p>&#8220;Nos decidimos a entrar a <a href=\"https:\/\/soymigrante.com\/mercado\/?srsltid=AfmBOopyiSfV4AY9rXAQqnSlD25HmwctC8ICgTAl9Z36AMRjA8YLEoFN\">SoyMigrante.com MERCADO<\/a> porque yo v\u00ed el anuncio en redes sociales. Es una gran oportunidad para tener una p\u00e1gina digital propia, con facilidades de log\u00edstica y entrega. El equipo nos apoy\u00f3 rebien para crear la tienda y ah\u00ed estamos&#8221;.<\/p><p>&#8220;Pienso que Marcos Antil es un guatemalteco que quiere ayudar a los guatemaltecos. A m\u00ed me inspira su valent\u00eda como migrante, pero sobre todo el gran coraz\u00f3n que tiene. Con su \u00e9xito en otro pa\u00eds pudo olvidarse de nosotros, pero no: \u00e9l piensa en nosotros los emprendedores y en impulsar el desarrollo de nuestros negocios&#8221;.<\/p>\t\t\t\t\t\t\t\t<\/div>\n\t\t\t\t\t<\/div>\n\t\t\t\t<\/div>\n\t\t<div data-particle_enable=\"false\" data-particle-mobile-disabled=\"false\" class=\"elementor-element elementor-element-510be09 e-flex e-con-boxed e-con e-parent\" data-id=\"510be09\" data-element_type=\"container\" data-e-type=\"container\">\n\t\t\t\t\t<div class=\"e-con-inner\">\n\t\t\t\t<div class=\"elementor-element elementor-element-a88bac0 elementor-widget elementor-widget-html\" data-id=\"a88bac0\" data-element_type=\"widget\" data-e-type=\"widget\" data-widget_type=\"html.default\">\n\t\t\t\t\t<iframe src=\"https:\/\/www.facebook.com\/plugins\/video.php?height=476&href=https%3A%2F%2Fwww.facebook.com%2Faltahirgt%2Fvideos%2F1123538049125350%2F&show_text=false&width=267&t=0\" width=\"267\" height=\"476\" style=\"border:none;overflow:hidden\" scrolling=\"no\" frameborder=\"0\" allowfullscreen=\"true\" allow=\"autoplay; clipboard-write; encrypted-media; picture-in-picture; web-share\" allowFullScreen=\"true\"><\/iframe>\t\t\t\t<\/div>\n\t\t\t\t\t<\/div>\n\t\t\t\t<\/div>\n\t\t<div data-particle_enable=\"false\" data-particle-mobile-disabled=\"false\" class=\"elementor-element elementor-element-ab730d7 e-flex e-con-boxed e-con e-parent\" data-id=\"ab730d7\" data-element_type=\"container\" data-e-type=\"container\">\n\t\t\t\t\t<div class=\"e-con-inner\">\n\t\t\t\t<div class=\"elementor-element elementor-element-85c9ad9 elementor-widget elementor-widget-heading\" data-id=\"85c9ad9\" data-element_type=\"widget\" data-e-type=\"widget\" data-widget_type=\"heading.default\">\n\t\t\t\t\t<h2 class=\"elementor-heading-title elementor-size-default\">Conoce m\u00e1s productos y emprendedores  talentosos de Guatemala<\/h2>\t\t\t\t<\/div>\n\t\t\t\t\t<\/div>\n\t\t\t\t<\/div>\n\t\t<div data-particle_enable=\"false\" data-particle-mobile-disabled=\"false\" class=\"elementor-element elementor-element-25c33b9 e-flex e-con-boxed e-con e-parent\" data-id=\"25c33b9\" data-element_type=\"container\" data-e-type=\"container\">\n\t\t\t\t\t<div class=\"e-con-inner\">\n\t\t\t\t<div class=\"elementor-element elementor-element-88e9346 elementor-widget elementor-widget-image\" data-id=\"88e9346\" data-element_type=\"widget\" data-e-type=\"widget\" data-widget_type=\"image.default\">\n\t\t\t\t\t\t\t\t\t\t\t\t<figure class=\"wp-caption\">\n\t\t\t\t\t\t\t\t\t\t\t<a href=\"https:\/\/www.facebook.com\/100089885180478\/videos\/1433494114731202\">\n\t\t\t\t\t\t\t<img loading=\"lazy\" decoding=\"async\" width=\"768\" height=\"434\" src=\"https:\/\/soymigrante.com\/revista\/wp-content\/uploads\/2025\/05\/soy-migrante-mercado-1024x578.jpg\" class=\"attachment-large size-large wp-image-35181\" alt=\"Artista ind\u00edgena vestida con ropa tradicional y accesorios de colores vivos, en un video de Revista SoyMigrante.com en el que se destaca el arte k\u2019at y la cultura ind\u00edgena en contextos migratorios.\" srcset=\"https:\/\/soymigrante.com\/revista\/wp-content\/uploads\/2025\/05\/soy-migrante-mercado-1024x578.jpg 1024w, https:\/\/soymigrante.com\/revista\/wp-content\/uploads\/2025\/05\/soy-migrante-mercado-300x169.jpg 300w, https:\/\/soymigrante.com\/revista\/wp-content\/uploads\/2025\/05\/soy-migrante-mercado-768x433.jpg 768w, https:\/\/soymigrante.com\/revista\/wp-content\/uploads\/2025\/05\/soy-migrante-mercado-1536x866.jpg 1536w, https:\/\/soymigrante.com\/revista\/wp-content\/uploads\/2025\/05\/soy-migrante-mercado-750x423.jpg 750w, https:\/\/soymigrante.com\/revista\/wp-content\/uploads\/2025\/05\/soy-migrante-mercado-1140x643.jpg 1140w, https:\/\/soymigrante.com\/revista\/wp-content\/uploads\/2025\/05\/soy-migrante-mercado.jpg 1622w\" sizes=\"(max-width: 768px) 100vw, 768px\" title=\"Somos una comunidad que re\u00fane a emprendedores y compradores de toda Guatemala. Entra, conoce y elige lo aut\u00e9ntico. \u2013 SoyMigrante.com REVISTA\" \/>\t\t\t\t\t\t\t\t<\/a>\n\t\t\t\t\t\t\t\t\t\t\t<figcaption class=\"widget-image-caption wp-caption-text\">Vestimenta tradicional ind\u00edgena en video de SoyMigrante.com que destaca el arte k\u2019at, cultura y expresiones ind\u00edgenas en el contexto migratorio.<\/figcaption>\n\t\t\t\t\t\t\t\t\t\t<\/figure>\n\t\t\t\t\t\t\t\t\t<\/div>\n\t\t\t\t\t<\/div>\n\t\t\t\t<\/div>\n\t\t<div data-particle_enable=\"false\" data-particle-mobile-disabled=\"false\" class=\"elementor-element elementor-element-899ef44 e-flex e-con-boxed e-con e-parent\" data-id=\"899ef44\" data-element_type=\"container\" data-e-type=\"container\">\n\t\t\t\t\t<div class=\"e-con-inner\">\n\t\t\t\t<div class=\"elementor-element elementor-element-ad838c9 elementor-grid-eael-col-3 elementor-grid-tablet-eael-col-2 elementor-grid-mobile-eael-col-1 elementor-widget elementor-widget-eael-post-grid\" data-id=\"ad838c9\" data-element_type=\"widget\" data-e-type=\"widget\" data-settings=\"{&quot;eael_post_grid_columns&quot;:&quot;eael-col-3&quot;,&quot;eael_post_grid_columns_tablet&quot;:&quot;eael-col-2&quot;,&quot;eael_post_grid_columns_mobile&quot;:&quot;eael-col-1&quot;}\" data-widget_type=\"eael-post-grid.default\">\n\t\t\t\t\t<div id=\"eael-post-grid-ad838c9\" class=\"eael-post-grid-container\">\n            <div class=\"eael-post-grid eael-post-appender eael-post-appender-ad838c9 eael-post-grid-style-one\" data-layout-mode=\"masonry\"><article class=\"eael-grid-post  eael-post-grid-column eael-pg-post-47790 category-guate-nuestra tags-mercado-emprendedores\" data-id=\"47790\">\n        <div class=\"eael-grid-post-holder\">\n            <div class=\"eael-grid-post-holder-inner\"><div class=\"eael-entry-media\"><div class=\"eael-entry-overlay fade-in\"><i class=\"far fa-hand-pointer\" aria-hidden=\"true\"><\/i><a href=\"https:\/\/soymigrante.com\/revista\/manos-habiles-y-corazon-artesanal-yetzel-de-san-miguel-acatan-esta-en-mercado\/\"><\/a><\/div><div class=\"eael-entry-thumbnail \">\n                <img loading=\"lazy\" decoding=\"async\" width=\"773\" height=\"773\" src=\"https:\/\/soymigrante.com\/revista\/wp-content\/uploads\/2025\/10\/yetzel-catarina-jose-andres-mercado-3.png\" class=\"attachment-large size-large wp-image-47809\" alt=\"yetzel catarina jos\u00e9 andres mercado 3\" srcset=\"https:\/\/soymigrante.com\/revista\/wp-content\/uploads\/2025\/10\/yetzel-catarina-jose-andres-mercado-3.png 773w, https:\/\/soymigrante.com\/revista\/wp-content\/uploads\/2025\/10\/yetzel-catarina-jose-andres-mercado-3-300x300.png 300w, https:\/\/soymigrante.com\/revista\/wp-content\/uploads\/2025\/10\/yetzel-catarina-jose-andres-mercado-3-150x150.png 150w, https:\/\/soymigrante.com\/revista\/wp-content\/uploads\/2025\/10\/yetzel-catarina-jose-andres-mercado-3-768x768.png 768w, https:\/\/soymigrante.com\/revista\/wp-content\/uploads\/2025\/10\/yetzel-catarina-jose-andres-mercado-3-75x75.png 75w, https:\/\/soymigrante.com\/revista\/wp-content\/uploads\/2025\/10\/yetzel-catarina-jose-andres-mercado-3-750x750.png 750w\" sizes=\"(max-width: 773px) 100vw, 773px\" \/>\n            <\/div>\n        <\/div><div class=\"eael-entry-wrapper\"><header class=\"eael-entry-header\"><h2 class=\"eael-entry-title\"><a class=\"eael-grid-post-link\" href=\"https:\/\/soymigrante.com\/revista\/manos-habiles-y-corazon-artesanal-yetzel-de-san-miguel-acatan-esta-en-mercado\/\" title=\"Manos h\u00e1biles y coraz\u00f3n artesanal: Yetzel, de San Miguel Acat\u00e1n est\u00e1 en MERCADO\">Manos h\u00e1biles y coraz\u00f3n artesanal: Yetzel, de San Miguel Acat\u00e1n est\u00e1 en MERCADO<\/a><\/h2><\/header><div class=\"eael-entry-content\">\n                        <div class=\"eael-grid-post-excerpt\"><a href=\"https:\/\/soymigrante.com\/revista\/manos-habiles-y-corazon-artesanal-yetzel-de-san-miguel-acatan-esta-en-mercado\/\" class=\"eael-post-elements-readmore-btn\">CONOCE SU HISTORIA <\/a><\/div>\n                    <\/div><\/div><\/div>\n        <\/div>\n    <\/article><article class=\"eael-grid-post  eael-post-grid-column eael-pg-post-45545 category-guate-nuestra tags-mercado-emprendedores\" data-id=\"45545\">\n        <div class=\"eael-grid-post-holder\">\n            <div class=\"eael-grid-post-holder-inner\"><div class=\"eael-entry-media\"><div class=\"eael-entry-overlay fade-in\"><i class=\"far fa-hand-pointer\" aria-hidden=\"true\"><\/i><a href=\"https:\/\/soymigrante.com\/revista\/granola-keto-artesanal-del-comal-marina-chen-organica\/\"><\/a><\/div><div class=\"eael-entry-thumbnail \">\n                <img loading=\"lazy\" decoding=\"async\" width=\"1024\" height=\"576\" src=\"https:\/\/soymigrante.com\/revista\/wp-content\/uploads\/2025\/09\/granola-keto-artesanal-del-comal-marina-chen-organica-1024x576.jpg\" class=\"attachment-large size-large wp-image-45554\" alt=\"\" srcset=\"https:\/\/soymigrante.com\/revista\/wp-content\/uploads\/2025\/09\/granola-keto-artesanal-del-comal-marina-chen-organica-1024x576.jpg 1024w, https:\/\/soymigrante.com\/revista\/wp-content\/uploads\/2025\/09\/granola-keto-artesanal-del-comal-marina-chen-organica-300x169.jpg 300w, https:\/\/soymigrante.com\/revista\/wp-content\/uploads\/2025\/09\/granola-keto-artesanal-del-comal-marina-chen-organica-768x432.jpg 768w, https:\/\/soymigrante.com\/revista\/wp-content\/uploads\/2025\/09\/granola-keto-artesanal-del-comal-marina-chen-organica-750x422.jpg 750w, https:\/\/soymigrante.com\/revista\/wp-content\/uploads\/2025\/09\/granola-keto-artesanal-del-comal-marina-chen-organica-1140x641.jpg 1140w, https:\/\/soymigrante.com\/revista\/wp-content\/uploads\/2025\/09\/granola-keto-artesanal-del-comal-marina-chen-organica.jpg 1280w\" sizes=\"(max-width: 1024px) 100vw, 1024px\" \/>\n            <\/div>\n        <\/div><div class=\"eael-entry-wrapper\"><header class=\"eael-entry-header\"><h2 class=\"eael-entry-title\"><a class=\"eael-grid-post-link\" href=\"https:\/\/soymigrante.com\/revista\/granola-keto-artesanal-del-comal-marina-chen-organica\/\" title=\"Granola Keto Artesanal Del Comal | Marina Chen Org\u00e1nica\">Granola Keto Artesanal Del Comal | Marina Chen Org\u00e1nica<\/a><\/h2><\/header><div class=\"eael-entry-content\">\n                        <div class=\"eael-grid-post-excerpt\"><a href=\"https:\/\/soymigrante.com\/revista\/granola-keto-artesanal-del-comal-marina-chen-organica\/\" class=\"eael-post-elements-readmore-btn\">CONOCE SU HISTORIA <\/a><\/div>\n                    <\/div><\/div><\/div>\n        <\/div>\n    <\/article><article class=\"eael-grid-post  eael-post-grid-column eael-pg-post-32578 category-guate-nuestra tags-mercado-emprendedores\" data-id=\"32578\">\n        <div class=\"eael-grid-post-holder\">\n            <div class=\"eael-grid-post-holder-inner\"><div class=\"eael-entry-media\"><div class=\"eael-entry-overlay fade-in\"><i class=\"far fa-hand-pointer\" aria-hidden=\"true\"><\/i><a href=\"https:\/\/soymigrante.com\/revista\/textil-arco-iris-12-mujeres-que-tejen-tradicion-y-estan-en-mercado\/\"><\/a><\/div><div class=\"eael-entry-thumbnail \">\n                <img loading=\"lazy\" decoding=\"async\" width=\"1024\" height=\"1024\" src=\"https:\/\/soymigrante.com\/revista\/wp-content\/uploads\/2025\/05\/Textil-Arco-Iris-12-mujeres-que-tejen-tradicion-y-estan-en-MERCADO3-e1746470911534-1024x1024.webp\" class=\"attachment-large size-large wp-image-32579\" alt=\"Coloridas textiles tradicionales mexicanas bordadas a mano en un mercado artesanal.\" srcset=\"https:\/\/soymigrante.com\/revista\/wp-content\/uploads\/2025\/05\/Textil-Arco-Iris-12-mujeres-que-tejen-tradicion-y-estan-en-MERCADO3-e1746470911534-1024x1024.webp 1024w, https:\/\/soymigrante.com\/revista\/wp-content\/uploads\/2025\/05\/Textil-Arco-Iris-12-mujeres-que-tejen-tradicion-y-estan-en-MERCADO3-e1746470911534-300x300.webp 300w, https:\/\/soymigrante.com\/revista\/wp-content\/uploads\/2025\/05\/Textil-Arco-Iris-12-mujeres-que-tejen-tradicion-y-estan-en-MERCADO3-e1746470911534-150x150.webp 150w, https:\/\/soymigrante.com\/revista\/wp-content\/uploads\/2025\/05\/Textil-Arco-Iris-12-mujeres-que-tejen-tradicion-y-estan-en-MERCADO3-e1746470911534-768x768.webp 768w, https:\/\/soymigrante.com\/revista\/wp-content\/uploads\/2025\/05\/Textil-Arco-Iris-12-mujeres-que-tejen-tradicion-y-estan-en-MERCADO3-e1746470911534-75x75.webp 75w, https:\/\/soymigrante.com\/revista\/wp-content\/uploads\/2025\/05\/Textil-Arco-Iris-12-mujeres-que-tejen-tradicion-y-estan-en-MERCADO3-e1746470911534-750x750.webp 750w, https:\/\/soymigrante.com\/revista\/wp-content\/uploads\/2025\/05\/Textil-Arco-Iris-12-mujeres-que-tejen-tradicion-y-estan-en-MERCADO3-e1746470911534-1140x1140.webp 1140w, https:\/\/soymigrante.com\/revista\/wp-content\/uploads\/2025\/05\/Textil-Arco-Iris-12-mujeres-que-tejen-tradicion-y-estan-en-MERCADO3-e1746470911534.webp 1200w\" sizes=\"(max-width: 1024px) 100vw, 1024px\" \/>\n            <\/div>\n        <\/div><div class=\"eael-entry-wrapper\"><header class=\"eael-entry-header\"><h2 class=\"eael-entry-title\"><a class=\"eael-grid-post-link\" href=\"https:\/\/soymigrante.com\/revista\/textil-arco-iris-12-mujeres-que-tejen-tradicion-y-estan-en-mercado\/\" title=\"Textil Arco Iris: 12 tejedoras de tradici\u00f3n y colorido maya est\u00e1n en MERCADO\">Textil Arco Iris: 12 tejedoras de tradici\u00f3n y colorido maya est\u00e1n en MERCADO<\/a><\/h2><\/header><div class=\"eael-entry-content\">\n                        <div class=\"eael-grid-post-excerpt\"><a href=\"https:\/\/soymigrante.com\/revista\/textil-arco-iris-12-mujeres-que-tejen-tradicion-y-estan-en-mercado\/\" class=\"eael-post-elements-readmore-btn\">CONOCE SU HISTORIA <\/a><\/div>\n                    <\/div><\/div><\/div>\n        <\/div>\n    <\/article><\/div>\n            <div class=\"clearfix\"><\/div>\n        <\/div>            <div class=\"eael-load-more-button-wrap eael-force-hide\">\n                <button class=\"eael-load-more-button\" id=\"eael-load-more-btn-ad838c9\" data-widget-id=\"ad838c9\" data-widget=\"ad838c9\" data-page-id=\"35123\" data-template=\"{&quot;dir&quot;:&quot;lite&quot;,&quot;file_name&quot;:&quot;one.php&quot;,&quot;name&quot;:&quot;Post-Grid&quot;}\" data-class=\"Essential_Addons_Elementor\\Elements\\Post_Grid\" data-layout=\"masonry\" data-page=\"1\" data-args=\"orderby=rand&amp;order=desc&amp;ignore_sticky_posts=1&amp;post_status=publish&amp;posts_per_page=3&amp;offset=0&amp;post_type=post&amp;tax_query%5B0%5D%5Btaxonomy%5D=post_tag&amp;tax_query%5B0%5D%5Bfield%5D=term_id&amp;tax_query%5B0%5D%5Bterms%5D%5B0%5D=130&amp;tax_query%5Brelation%5D=AND\" data-max-page=\"35\">\n                    <span class=\"eael-btn-loader button__loader\"><\/span>\n                    <span class=\"eael_load_more_text\">Load More<\/span>\n                <\/button>\n            <\/div>\n            \t\t\t\t<\/div>\n\t\t\t\t\t<\/div>\n\t\t\t\t<\/div>\n\t\t\t\t<\/div>\n\t\t","protected":false},"excerpt":{"rendered":"<p>Altahir es el nombre de una estrella que inspira altas metas a las hermanas emprendedoras Hilda, Celia y Lili Gil de Amatitl\u00e1n, quienes ya abrieron su tienda digital de aceites y cosm\u00e9ticos en SoyMigrante.com MERCADO. Esta es su historia. Altahir ofrece una grama de productos naturales de cosm\u00e9tica, esencias para la piel y el cabello, [&hellip;]<\/p>\n","protected":false},"author":7,"featured_media":35124,"comment_status":"open","ping_status":"open","sticky":false,"template":"","format":"standard","meta":{"_acf_changed":false,"_eb_attr":"","footnotes":""},"categories":[58],"tags":[130],"class_list":["post-35123","post","type-post","status-publish","format-standard","has-post-thumbnail","hentry","category-guate-nuestra","tag-mercado-emprendedores"],"acf":[],"aioseo_notices":[],"aioseo_head":"\n\t\t<!-- All in One SEO Pro 4.9.6.2 - aioseo.com -->\n\t<meta name=\"description\" content=\"Textil Arco Iris es un emprendimiento de 12 madres guatemaltecas que heredan y engrandecen la tradici\u00f3n del tejido maya. Su tienda digital est\u00e1 en MERCADO\" \/>\n\t<meta name=\"robots\" content=\"max-snippet:-1, max-image-preview:large, max-video-preview:-1\" \/>\n\t<meta name=\"author\" content=\"Marysabel Aldana\"\/>\n\t<link rel=\"canonical\" href=\"https:\/\/soymigrante.com\/revista\/textil-arco-iris-12-mujeres-que-tejen-tradicion-y-estan-en-mercado\/\" \/>\n\t<meta name=\"generator\" content=\"All in One SEO Pro (AIOSEO) 4.9.6.2\" \/>\n\n\t\t<link rel=\"preconnect\" href=\"https:\/\/fonts.googleapis.com\" crossorigin>\n<link rel=\"preconnect\" href=\"https:\/\/fonts.gstatic.com\" crossorigin>\n\t\t<meta property=\"og:locale\" content=\"es_ES\" \/>\n\t\t<meta property=\"og:site_name\" content=\"SoyMigrante.com REVISTA \u2013 Nuestra misi\u00f3n es reconocer y dignificar al migrante.\" \/>\n\t\t<meta property=\"og:type\" content=\"article\" \/>\n\t\t<meta property=\"og:title\" content=\"Textil Arco Iris: 12 tejedoras de tradici\u00f3n y colorido maya est\u00e1n en MERCADO\" \/>\n\t\t<meta property=\"og:description\" content=\"Textil Arco Iris es un emprendimiento de 12 madres guatemaltecas que heredan y engrandecen la tradici\u00f3n del tejido maya. Su tienda digital est\u00e1 en MERCADO\" \/>\n\t\t<meta property=\"og:url\" content=\"https:\/\/soymigrante.com\/revista\/textil-arco-iris-12-mujeres-que-tejen-tradicion-y-estan-en-mercado\/\" \/>\n\t\t<meta property=\"og:image\" content=\"https:\/\/soymigrante.com\/revista\/wp-content\/uploads\/2025\/05\/Textil-Arco-Iris-12-mujeres-que-tejen-tradicion-y-estan-en-MERCADO3-e1746470911534.webp\" \/>\n\t\t<meta property=\"og:image:secure_url\" content=\"https:\/\/soymigrante.com\/revista\/wp-content\/uploads\/2025\/05\/Textil-Arco-Iris-12-mujeres-que-tejen-tradicion-y-estan-en-MERCADO3-e1746470911534.webp\" \/>\n\t\t<meta property=\"og:image:width\" content=\"1200\" \/>\n\t\t<meta property=\"og:image:height\" content=\"1200\" \/>\n\t\t<meta property=\"article:published_time\" content=\"2025-05-07T13:57:58+00:00\" \/>\n\t\t<meta property=\"article:modified_time\" content=\"2025-07-31T16:27:05+00:00\" \/>\n\t\t<meta property=\"article:publisher\" content=\"https:\/\/www.facebook.com\/soymigrantecom\" \/>\n\t\t<meta name=\"twitter:card\" content=\"summary_large_image\" \/>\n\t\t<meta name=\"twitter:site\" content=\"@SoyMigrante_com\" \/>\n\t\t<meta name=\"twitter:title\" content=\"Textil Arco Iris: 12 tejedoras de tradici\u00f3n y colorido maya est\u00e1n en MERCADO\" \/>\n\t\t<meta name=\"twitter:description\" content=\"Textil Arco Iris es un emprendimiento de 12 madres guatemaltecas que heredan y engrandecen la tradici\u00f3n del tejido maya. Su tienda digital est\u00e1 en MERCADO\" \/>\n\t\t<meta name=\"twitter:creator\" content=\"@SoyMigrante_com\" \/>\n\t\t<meta name=\"twitter:image\" content=\"https:\/\/soymigrante.com\/revista\/wp-content\/uploads\/2025\/05\/Textil-Arco-Iris-12-mujeres-que-tejen-tradicion-y-estan-en-MERCADO3-e1746470911534.webp\" \/>\n\t\t<!-- All in One SEO Pro -->\r\n\t\t<title>Textil Arco Iris: 12 tejedoras de tradici\u00f3n y colorido maya est\u00e1n en MERCADO<\/title>\n\n","aioseo_head_json":{"title":"Textil Arco Iris: 12 tejedoras de tradici\u00f3n y colorido maya est\u00e1n en MERCADO","description":"Textil Arco Iris es un emprendimiento de 12 madres guatemaltecas que heredan y engrandecen la tradici\u00f3n del tejido maya. Su tienda digital est\u00e1 en MERCADO","canonical_url":"https:\/\/soymigrante.com\/revista\/textil-arco-iris-12-mujeres-que-tejen-tradicion-y-estan-en-mercado\/","robots":"max-snippet:-1, max-image-preview:large, max-video-preview:-1","keywords":"","webmasterTools":{"miscellaneous":"&lt;link rel=\"preconnect\" href=\"https:\/\/fonts.googleapis.com\" crossorigin&gt;\n&lt;link rel=\"preconnect\" href=\"https:\/\/fonts.gstatic.com\" crossorigin&gt;"},"schema":null,"og:locale":"es_ES","og:site_name":"SoyMigrante.com REVISTA \u2013 Nuestra misi\u00f3n es reconocer y dignificar al migrante.","og:type":"article","og:title":"Textil Arco Iris: 12 tejedoras de tradici\u00f3n y colorido maya est\u00e1n en MERCADO","og:description":"Textil Arco Iris es un emprendimiento de 12 madres guatemaltecas que heredan y engrandecen la tradici\u00f3n del tejido maya. Su tienda digital est\u00e1 en MERCADO","og:url":"https:\/\/soymigrante.com\/revista\/textil-arco-iris-12-mujeres-que-tejen-tradicion-y-estan-en-mercado\/","og:image":"https:\/\/soymigrante.com\/revista\/wp-content\/uploads\/2025\/05\/Textil-Arco-Iris-12-mujeres-que-tejen-tradicion-y-estan-en-MERCADO3-e1746470911534.webp","og:image:secure_url":"https:\/\/soymigrante.com\/revista\/wp-content\/uploads\/2025\/05\/Textil-Arco-Iris-12-mujeres-que-tejen-tradicion-y-estan-en-MERCADO3-e1746470911534.webp","og:image:width":1200,"og:image:height":1200,"article:published_time":"2025-05-07T13:57:58+00:00","article:modified_time":"2025-07-31T16:27:05+00:00","article:publisher":"https:\/\/www.facebook.com\/soymigrantecom","twitter:card":"summary_large_image","twitter:site":"@SoyMigrante_com","twitter:title":"Textil Arco Iris: 12 tejedoras de tradici\u00f3n y colorido maya est\u00e1n en MERCADO","twitter:description":"Textil Arco Iris es un emprendimiento de 12 madres guatemaltecas que heredan y engrandecen la tradici\u00f3n del tejido maya. Su tienda digital est\u00e1 en MERCADO","twitter:creator":"@SoyMigrante_com","twitter:image":"https:\/\/soymigrante.com\/revista\/wp-content\/uploads\/2025\/05\/Textil-Arco-Iris-12-mujeres-que-tejen-tradicion-y-estan-en-MERCADO3-e1746470911534.webp"},"aioseo_meta_data":{"post_id":"35123","title":"Altahir: esencias artesanales y aceites naturales en MERCADO","description":"Las hermanas emprendedoras Hilda, Celia y Lili Gil de Amatitl\u00e1n impulsan su marca de aromas esenciales Altahir. Abrieron su tienda digital y esta es su historia.","keywords":null,"keyphrases":{"focus":{"keyphrase":"Mercado","score":69,"analysis":{"keyphraseInTitle":{"score":9,"maxScore":9,"error":0},"keyphraseInDescription":{"score":3,"maxScore":9,"error":1},"keyphraseLength":{"score":9,"maxScore":9,"error":0,"length":1},"keyphraseInURL":{"score":1,"maxScore":5,"error":1}}},"additional":[{"keyphrase":"Altahir","score":100,"analysis":{"keyphraseInDescription":{"score":9,"maxScore":9,"error":0},"keyphraseLength":{"score":9,"maxScore":9,"error":0,"length":1}}},{"keyphrase":"Emprendedoras","score":100,"analysis":{"keyphraseInDescription":{"score":9,"maxScore":9,"error":0},"keyphraseLength":{"score":9,"maxScore":9,"error":0,"length":1}}},{"keyphrase":"Emprendimiento","score":67,"analysis":{"keyphraseInDescription":{"score":3,"maxScore":9,"error":1},"keyphraseLength":{"score":9,"maxScore":9,"error":0,"length":1}}}]},"primary_term":null,"canonical_url":null,"og_title":null,"og_description":null,"og_object_type":"default","og_image_type":"default","og_image_url":null,"og_image_width":null,"og_image_height":null,"og_image_custom_url":null,"og_image_custom_fields":null,"og_video":"","og_custom_url":null,"og_article_section":null,"og_article_tags":null,"twitter_use_og":false,"twitter_card":"default","twitter_image_type":"default","twitter_image_url":null,"twitter_image_custom_url":null,"twitter_image_custom_fields":null,"twitter_title":null,"twitter_description":null,"schema":{"blockGraphs":[],"customGraphs":[],"default":{"data":{"Article":[],"Course":[],"Dataset":[],"FAQPage":[],"Movie":[],"Person":[],"Product":[],"ProductReview":[],"Car":[],"Recipe":[],"Service":[],"SoftwareApplication":[],"WebPage":[]},"graphName":"none","isEnabled":true},"graphs":[]},"schema_type":"default","schema_type_options":null,"pillar_content":false,"robots_default":true,"robots_noindex":false,"robots_noarchive":false,"robots_nosnippet":false,"robots_nofollow":false,"robots_noimageindex":false,"robots_noodp":false,"robots_notranslate":false,"robots_max_snippet":"-1","robots_max_videopreview":"-1","robots_max_imagepreview":"large","priority":null,"frequency":"default","local_seo":null,"seo_analyzer_scan_date":"2025-10-09 05:32:24","breadcrumb_settings":null,"limit_modified_date":false,"reviewed_by":"0","open_ai":"{\"title\":{\"suggestions\":[],\"usage\":0},\"description\":{\"suggestions\":[],\"usage\":0}}","ai":null,"created":"2025-05-30 17:17:46","updated":"2026-02-04 23:51:20"},"aioseo_breadcrumb":"<div class=\"aioseo-breadcrumbs\"><span class=\"aioseo-breadcrumb\">\n\t<a href=\"https:\/\/soymigrante.com\/revista\" title=\"Home\">Home<\/a>\n<\/span><span class=\"aioseo-breadcrumb-separator\">\u00bb<\/span><span class=\"aioseo-breadcrumb\">\n\t<a href=\"https:\/\/soymigrante.com\/revista\/category\/guate-nuestra\/\" title=\"Guate Nuestra\">Guate Nuestra<\/a>\n<\/span><span class=\"aioseo-breadcrumb-separator\">\u00bb<\/span><span class=\"aioseo-breadcrumb\">\n\tAltahir: esencias, aceites y aromas naturales elaborados por las hermanas Gil\n<\/span><\/div>","aioseo_breadcrumb_json":[{"label":"Home","link":"https:\/\/soymigrante.com\/revista"},{"label":"Guate Nuestra","link":"https:\/\/soymigrante.com\/revista\/category\/guate-nuestra\/"},{"label":"Altahir: esencias, aceites y aromas naturales elaborados por las hermanas Gil","link":"https:\/\/soymigrante.com\/revista\/altahir-esencias-aceites-y-aromas-naturales-elaborados-por-las-hermanas-gil\/"}],"_links":{"self":[{"href":"https:\/\/soymigrante.com\/revista\/wp-json\/wp\/v2\/posts\/35123","targetHints":{"allow":["GET"]}}],"collection":[{"href":"https:\/\/soymigrante.com\/revista\/wp-json\/wp\/v2\/posts"}],"about":[{"href":"https:\/\/soymigrante.com\/revista\/wp-json\/wp\/v2\/types\/post"}],"author":[{"embeddable":true,"href":"https:\/\/soymigrante.com\/revista\/wp-json\/wp\/v2\/users\/7"}],"replies":[{"embeddable":true,"href":"https:\/\/soymigrante.com\/revista\/wp-json\/wp\/v2\/comments?post=35123"}],"version-history":[{"count":14,"href":"https:\/\/soymigrante.com\/revista\/wp-json\/wp\/v2\/posts\/35123\/revisions"}],"predecessor-version":[{"id":35314,"href":"https:\/\/soymigrante.com\/revista\/wp-json\/wp\/v2\/posts\/35123\/revisions\/35314"}],"wp:featuredmedia":[{"embeddable":true,"href":"https:\/\/soymigrante.com\/revista\/wp-json\/wp\/v2\/media\/35124"}],"wp:attachment":[{"href":"https:\/\/soymigrante.com\/revista\/wp-json\/wp\/v2\/media?parent=35123"}],"wp:term":[{"taxonomy":"category","embeddable":true,"href":"https:\/\/soymigrante.com\/revista\/wp-json\/wp\/v2\/categories?post=35123"},{"taxonomy":"post_tag","embeddable":true,"href":"https:\/\/soymigrante.com\/revista\/wp-json\/wp\/v2\/tags?post=35123"}],"curies":[{"name":"wp","href":"https:\/\/api.w.org\/{rel}","templated":true}]}}