{"id":34965,"date":"2025-06-03T13:20:09","date_gmt":"2025-06-03T19:20:09","guid":{"rendered":"https:\/\/soymigrante.com\/revista\/?p=34965"},"modified":"2025-06-12T08:11:50","modified_gmt":"2025-06-12T14:11:50","slug":"volcan-tacana-el-coloso-fronterizo-entre-guatemala-y-mexico","status":"publish","type":"post","link":"https:\/\/soymigrante.com\/revista\/volcan-tacana-el-coloso-fronterizo-entre-guatemala-y-mexico\/","title":{"rendered":"Volc\u00e1n Tacan\u00e1: el coloso fronterizo entre Guatemala y M\u00e9xico"},"content":{"rendered":"\t\t<div data-elementor-type=\"wp-post\" data-elementor-id=\"34965\" class=\"elementor elementor-34965\" data-elementor-post-type=\"post\">\n\t\t\t\t<div data-particle_enable=\"false\" data-particle-mobile-disabled=\"false\" class=\"elementor-element elementor-element-50529cf e-flex e-con-boxed e-con e-parent\" data-id=\"50529cf\" data-element_type=\"container\" data-e-type=\"container\">\n\t\t\t\t\t<div class=\"e-con-inner\">\n\t\t\t\t<div class=\"elementor-element elementor-element-bd3ab67 elementor-widget elementor-widget-heading\" data-id=\"bd3ab67\" data-element_type=\"widget\" data-e-type=\"widget\" data-widget_type=\"heading.default\">\n\t\t\t\t\t<h2 class=\"elementor-heading-title elementor-size-default\">El volc\u00e1n Tacan\u00e1 es un gigante y es el segundo m\u00e1s alto de Guatemala. <\/h2>\t\t\t\t<\/div>\n\t\t\t\t\t<\/div>\n\t\t\t\t<\/div>\n\t\t<div data-particle_enable=\"false\" data-particle-mobile-disabled=\"false\" class=\"elementor-element elementor-element-5beb1ae e-flex e-con-boxed e-con e-parent\" data-id=\"5beb1ae\" data-element_type=\"container\" data-e-type=\"container\">\n\t\t\t\t\t<div class=\"e-con-inner\">\n\t\t\t\t<div class=\"elementor-element elementor-element-2b87f14 elementor-widget elementor-widget-text-editor\" data-id=\"2b87f14\" data-element_type=\"widget\" data-e-type=\"widget\" data-widget_type=\"text-editor.default\">\n\t\t\t\t\t\t\t\t\t<p>El Volc\u00e1n Tacan\u00e1, con una altitud de 4,093 metros sobre el nivel del mar, es el segundo pico m\u00e1s alto de Guatemala y el punto m\u00e1s elevado del estado mexicano de Chiapas.<\/p><p>Este coloso natural se erige en la frontera entre ambos pa\u00edses, espec\u00edficamente en el<a href=\"https:\/\/soymigrante.com\/revista\/departamentos-de-guatemala-san-marcos-tierra-de-las-cumbres-mas-altas\/\" target=\"_blank\" rel=\"noopener\"> departamento de San Marcos, Guatemala,<\/a> y en los municipios de Uni\u00f3n Ju\u00e1rez y Cacahoat\u00e1n en Chiapas, M\u00e9xico.<\/p>\t\t\t\t\t\t\t\t<\/div>\n\t\t\t\t\t<\/div>\n\t\t\t\t<\/div>\n\t\t<div data-particle_enable=\"false\" data-particle-mobile-disabled=\"false\" class=\"elementor-element elementor-element-82b1de8 e-flex e-con-boxed e-con e-parent\" data-id=\"82b1de8\" data-element_type=\"container\" data-e-type=\"container\">\n\t\t\t\t\t<div class=\"e-con-inner\">\n\t\t\t\t<div class=\"elementor-element elementor-element-0c36c92 elementor-widget elementor-widget-heading\" data-id=\"0c36c92\" data-element_type=\"widget\" data-e-type=\"widget\" data-widget_type=\"heading.default\">\n\t\t\t\t\t<h3 class=\"elementor-heading-title elementor-size-default\">Caracter\u00edsticas geol\u00f3gicas y ecol\u00f3gicas<\/h3>\t\t\t\t<\/div>\n\t\t\t\t\t<\/div>\n\t\t\t\t<\/div>\n\t\t<div data-particle_enable=\"false\" data-particle-mobile-disabled=\"false\" class=\"elementor-element elementor-element-ef2a3eb e-flex e-con-boxed e-con e-parent\" data-id=\"ef2a3eb\" data-element_type=\"container\" data-e-type=\"container\">\n\t\t\t\t\t<div class=\"e-con-inner\">\n\t\t\t\t<div class=\"elementor-element elementor-element-3b215da elementor-widget elementor-widget-text-editor\" data-id=\"3b215da\" data-element_type=\"widget\" data-e-type=\"widget\" data-widget_type=\"text-editor.default\">\n\t\t\t\t\t\t\t\t\t<p>El Tacan\u00e1 es un estratovolc\u00e1n activo de tipo estromboliano, compuesto principalmente por rocas de andesita, hiperstena y augita. <a href=\"https:\/\/soymigrante.com\/revista\/departamentos-de-guatemala-san-marcos-tierra-de-las-cumbres-mas-altas\/\" target=\"_blank\" rel=\"noopener\">Su estructura se asienta sobre un basamento de rocas volc\u00e1nicas del Terciario<\/a> y rocas \u00edgneas de composici\u00f3n gran\u00edtico-dior\u00edtica.<\/p><p>En su flanco suroeste se localiza una zona de fumarolas con temperaturas que oscilan entre los 82 y 94\u00b0C. Adem\u00e1s, entre las elevaciones de 1,500 y 2,100 metros sobre el nivel del mar, se encuentran manantiales termales con temperaturas de 40 a 55\u00b0C, en un lugar conocido como Agua Caliente.<\/p><p>La regi\u00f3n alberga una rica biodiversidad, siendo parte de la Reserva de la Biosfera Volc\u00e1n Tacan\u00e1. Este ecosistema incluye bosques tropicales perennifolios, bosques mes\u00f3filos de monta\u00f1a y p\u00e1ramos de altura. Entre las especies destacadas se encuentran el quetzal centroamericano, el pav\u00f3n, diversas especies de orqu\u00eddeas y bromelias, as\u00ed como mam\u00edferos como el puma y el ocelote.<\/p>\t\t\t\t\t\t\t\t<\/div>\n\t\t\t\t\t<\/div>\n\t\t\t\t<\/div>\n\t\t<div data-particle_enable=\"false\" data-particle-mobile-disabled=\"false\" class=\"elementor-element elementor-element-821f69b e-flex e-con-boxed e-con e-parent\" data-id=\"821f69b\" data-element_type=\"container\" data-e-type=\"container\">\n\t\t\t\t\t<div class=\"e-con-inner\">\n\t\t\t\t<div class=\"elementor-element elementor-element-de20889 elementor-widget elementor-widget-image\" data-id=\"de20889\" data-element_type=\"widget\" data-e-type=\"widget\" data-widget_type=\"image.default\">\n\t\t\t\t\t\t\t\t\t\t\t\t<figure class=\"wp-caption\">\n\t\t\t\t\t\t\t\t\t\t<img fetchpriority=\"high\" decoding=\"async\" width=\"768\" height=\"402\" src=\"https:\/\/soymigrante.com\/revista\/wp-content\/uploads\/2025\/05\/volcan-tacana-3-1024x536.jpg\" class=\"attachment-large size-large wp-image-34981\" alt=\"Paisaje de monta\u00f1as en Guatemala durante el atardecer, resaltando la belleza natural del pa\u00eds y su importancia en la cultura migrante y refugio.\" srcset=\"https:\/\/soymigrante.com\/revista\/wp-content\/uploads\/2025\/05\/volcan-tacana-3-1024x536.jpg 1024w, https:\/\/soymigrante.com\/revista\/wp-content\/uploads\/2025\/05\/volcan-tacana-3-300x157.jpg 300w, https:\/\/soymigrante.com\/revista\/wp-content\/uploads\/2025\/05\/volcan-tacana-3-768x402.jpg 768w, https:\/\/soymigrante.com\/revista\/wp-content\/uploads\/2025\/05\/volcan-tacana-3-1536x804.jpg 1536w, https:\/\/soymigrante.com\/revista\/wp-content\/uploads\/2025\/05\/volcan-tacana-3-2048x1072.jpg 2048w, https:\/\/soymigrante.com\/revista\/wp-content\/uploads\/2025\/05\/volcan-tacana-3-750x392.webp 750w, https:\/\/soymigrante.com\/revista\/wp-content\/uploads\/2025\/05\/volcan-tacana-3-1140x597.webp 1140w, https:\/\/soymigrante.com\/revista\/wp-content\/uploads\/2025\/05\/volcan-tacana-3-scaled.webp 1920w\" sizes=\"(max-width: 768px) 100vw, 768px\" title=\"El volc\u00e1n Tacan\u00e1 es de los m\u00e1s grandes de Guatemala. (Foto: INGUAT) \u2013 SoyMigrante.com REVISTA\" \/>\t\t\t\t\t\t\t\t\t\t\t<figcaption class=\"widget-image-caption wp-caption-text\">Vi\u00f1eta del atardecer en las monta\u00f1as guatemaltecas con tonos c\u00e1lidos y nubes, reflejando la tranquilidad y la biodiversidad de Guatemala en el contexto de migraci\u00f3n y cultura.<\/figcaption>\n\t\t\t\t\t\t\t\t\t\t<\/figure>\n\t\t\t\t\t\t\t\t\t<\/div>\n\t\t\t\t\t<\/div>\n\t\t\t\t<\/div>\n\t\t<div data-particle_enable=\"false\" data-particle-mobile-disabled=\"false\" class=\"elementor-element elementor-element-d2a0416 e-flex e-con-boxed e-con e-parent\" data-id=\"d2a0416\" data-element_type=\"container\" data-e-type=\"container\">\n\t\t\t\t\t<div class=\"e-con-inner\">\n\t\t\t\t<div class=\"elementor-element elementor-element-6e7af3f elementor-widget elementor-widget-heading\" data-id=\"6e7af3f\" data-element_type=\"widget\" data-e-type=\"widget\" data-widget_type=\"heading.default\">\n\t\t\t\t\t<h3 class=\"elementor-heading-title elementor-size-default\">Acceso y rutas de ascenso<\/h3>\t\t\t\t<\/div>\n\t\t\t\t\t<\/div>\n\t\t\t\t<\/div>\n\t\t<div data-particle_enable=\"false\" data-particle-mobile-disabled=\"false\" class=\"elementor-element elementor-element-8310c01 e-flex e-con-boxed e-con e-parent\" data-id=\"8310c01\" data-element_type=\"container\" data-e-type=\"container\">\n\t\t\t\t\t<div class=\"e-con-inner\">\n\t\t\t\t<div class=\"elementor-element elementor-element-d2d122f elementor-widget elementor-widget-text-editor\" data-id=\"d2d122f\" data-element_type=\"widget\" data-e-type=\"widget\" data-widget_type=\"text-editor.default\">\n\t\t\t\t\t\t\t\t\t<div><a href=\"https:\/\/soymigrante.com\/revista\/departamentos-de-guatemala-san-marcos-tierra-de-las-cumbres-mas-altas\/\" target=\"_blank\" rel=\"noopener\">El ascenso al Volc\u00e1n Tacan\u00e1 es una experiencia desafiante que requiere preparaci\u00f3n f\u00edsica y log\u00edstica.<\/a> Existen dos rutas principales para alcanzar la cumbre:\u00a0 \u00a0\u00a0<\/div><div><strong>1.Ruta guatemalteca:<\/strong> Inicia en la aldea Tojqui\u00e1n Grande, en el municipio de Sibinal, San Marcos. Desde all\u00ed, el trayecto hasta la cima puede tomar entre 6 y 9 horas, dependiendo del ritmo del excursionista.\u00a0 \u00a0 \u00a0<\/div><div><strong>2.Ruta mexicana:<\/strong> Parte desde Uni\u00f3n Ju\u00e1rez, Chiapas, y atraviesa diversos ecosistemas, incluyendo selvas tropicales y bosques templados, antes de llegar a la cima. Esta ruta es conocida por su belleza esc\u00e9nica y diversidad ecol\u00f3gica.\u00a0 \u00a0<\/div>\t\t\t\t\t\t\t\t<\/div>\n\t\t\t\t\t<\/div>\n\t\t\t\t<\/div>\n\t\t<div data-particle_enable=\"false\" data-particle-mobile-disabled=\"false\" class=\"elementor-element elementor-element-12a5c8a e-flex e-con-boxed e-con e-parent\" data-id=\"12a5c8a\" data-element_type=\"container\" data-e-type=\"container\">\n\t\t\t\t\t<div class=\"e-con-inner\">\n\t\t\t\t<div class=\"elementor-element elementor-element-fa8d4dd elementor-widget elementor-widget-heading\" data-id=\"fa8d4dd\" data-element_type=\"widget\" data-e-type=\"widget\" data-widget_type=\"heading.default\">\n\t\t\t\t\t<h3 class=\"elementor-heading-title elementor-size-default\">Recomendaciones para los excursionistas<\/h3>\t\t\t\t<\/div>\n\t\t\t\t\t<\/div>\n\t\t\t\t<\/div>\n\t\t<div data-particle_enable=\"false\" data-particle-mobile-disabled=\"false\" class=\"elementor-element elementor-element-89db838 e-flex e-con-boxed e-con e-parent\" data-id=\"89db838\" data-element_type=\"container\" data-e-type=\"container\">\n\t\t\t\t\t<div class=\"e-con-inner\">\n\t\t\t\t<div class=\"elementor-element elementor-element-bddb8bf elementor-widget elementor-widget-text-editor\" data-id=\"bddb8bf\" data-element_type=\"widget\" data-e-type=\"widget\" data-widget_type=\"text-editor.default\">\n\t\t\t\t\t\t\t\t\t<div><strong>\u2022 Preparaci\u00f3n f\u00edsica<\/strong>: Dado el nivel de dificultad del ascenso, es recomendable contar con una buena condici\u00f3n f\u00edsica.<\/div><div><strong>\u2022Equipo adecuado:<\/strong> Llevar ropa t\u00e9rmica, impermeable, calzado adecuado para monta\u00f1a, linterna, bastones de senderismo y suficiente agua y alimentos energ\u00e9ticos.<\/div><div><strong>\u2022Gu\u00edas locales:<\/strong> Se aconseja contratar gu\u00edas experimentados que conozcan bien las rutas y condiciones del volc\u00e1n.<\/div><div><strong>\u2022Condiciones clim\u00e1ticas:<\/strong> El clima puede ser impredecible, con temperaturas que oscilan entre -4\u00b0C y 5\u00b0C en la cima. Es esencial revisar el pron\u00f3stico del tiempo antes de emprender la traves\u00eda.\u00a0 \u00a0<\/div><div><strong>\u2022Permisos y regulaciones:<\/strong> Informarse sobre los permisos necesarios y respetar las normativas de conservaci\u00f3n del \u00e1rea protegida.<\/div>\t\t\t\t\t\t\t\t<\/div>\n\t\t\t\t\t<\/div>\n\t\t\t\t<\/div>\n\t\t<div data-particle_enable=\"false\" data-particle-mobile-disabled=\"false\" class=\"elementor-element elementor-element-ee9d7ac e-flex e-con-boxed e-con e-parent\" data-id=\"ee9d7ac\" data-element_type=\"container\" data-e-type=\"container\">\n\t\t\t\t\t<div class=\"e-con-inner\">\n\t\t\t\t<div class=\"elementor-element elementor-element-4ca72c9 elementor-widget elementor-widget-image\" data-id=\"4ca72c9\" data-element_type=\"widget\" data-e-type=\"widget\" data-widget_type=\"image.default\">\n\t\t\t\t\t\t\t\t\t\t\t\t<figure class=\"wp-caption\">\n\t\t\t\t\t\t\t\t\t\t<img decoding=\"async\" width=\"768\" height=\"576\" src=\"https:\/\/soymigrante.com\/revista\/wp-content\/uploads\/2025\/05\/volcan-tacana-2.webp\" class=\"attachment-large size-large wp-image-34983\" alt=\"Nieve en el volc\u00e1n Popocat\u00e9petl, vista panor\u00e1mica desde las monta\u00f1as cercanas en un d\u00eda despejado.\" srcset=\"https:\/\/soymigrante.com\/revista\/wp-content\/uploads\/2025\/05\/volcan-tacana-2.webp 1024w, https:\/\/soymigrante.com\/revista\/wp-content\/uploads\/2025\/05\/volcan-tacana-2-300x225.jpg 300w, https:\/\/soymigrante.com\/revista\/wp-content\/uploads\/2025\/05\/volcan-tacana-2-768x576.jpg 768w, https:\/\/soymigrante.com\/revista\/wp-content\/uploads\/2025\/05\/volcan-tacana-2-750x563.webp 750w\" sizes=\"(max-width: 768px) 100vw, 768px\" title=\"El volc\u00e1n es impresionante por su belleza y magnitud. (Foto: INGUAT) \u2013 SoyMigrante.com REVISTA\" \/>\t\t\t\t\t\t\t\t\t\t\t<figcaption class=\"widget-image-caption wp-caption-text\">Monta\u00f1a majestuosa en un paisaje natural, s\u00edmbolo de belleza y biodiversidad en un entorno monta\u00f1oso con cielo despejado.<\/figcaption>\n\t\t\t\t\t\t\t\t\t\t<\/figure>\n\t\t\t\t\t\t\t\t\t<\/div>\n\t\t\t\t\t<\/div>\n\t\t\t\t<\/div>\n\t\t<div data-particle_enable=\"false\" data-particle-mobile-disabled=\"false\" class=\"elementor-element elementor-element-7197367 e-flex e-con-boxed e-con e-parent\" data-id=\"7197367\" data-element_type=\"container\" data-e-type=\"container\">\n\t\t\t\t\t<div class=\"e-con-inner\">\n\t\t\t\t<div class=\"elementor-element elementor-element-0e0338e elementor-widget elementor-widget-text-editor\" data-id=\"0e0338e\" data-element_type=\"widget\" data-e-type=\"widget\" data-widget_type=\"text-editor.default\">\n\t\t\t\t\t\t\t\t\t<p><a href=\"https:\/\/soymigrante.com\/revista\/departamentos-de-guatemala-san-marcos-tierra-de-las-cumbres-mas-altas\/\" target=\"_blank\" rel=\"noopener\">El Volc\u00e1n Tacan\u00e1 no solo representa un desaf\u00edo para los amantes del monta\u00f1ismo, sino tambi\u00e9n una oportunidad para conectar con la riqueza natural y cultural de la regi\u00f3n<\/a>. Su majestuosidad y biodiversidad lo convierten en un destino imperdible para quienes buscan experiencias \u00fanicas en la naturaleza.<\/p>\t\t\t\t\t\t\t\t<\/div>\n\t\t\t\t\t<\/div>\n\t\t\t\t<\/div>\n\t\t<div data-particle_enable=\"false\" data-particle-mobile-disabled=\"false\" class=\"elementor-element elementor-element-58fe581 e-flex e-con-boxed e-con e-parent\" data-id=\"58fe581\" data-element_type=\"container\" data-e-type=\"container\">\n\t\t\t\t\t<div class=\"e-con-inner\">\n\t\t\t\t<div class=\"elementor-element elementor-element-46713c1 elementor-widget elementor-widget-video\" data-id=\"46713c1\" data-element_type=\"widget\" data-e-type=\"widget\" data-settings=\"{&quot;youtube_url&quot;:&quot;https:\\\/\\\/www.youtube.com\\\/watch?v=80gfY3r02X0&quot;,&quot;video_type&quot;:&quot;youtube&quot;,&quot;controls&quot;:&quot;yes&quot;}\" data-widget_type=\"video.default\">\n\t\t\t\t\t\t\t<div class=\"elementor-wrapper elementor-open-inline\">\n\t\t\t<div class=\"elementor-video\"><\/div>\t\t<\/div>\n\t\t\t\t\t\t<\/div>\n\t\t\t\t\t<\/div>\n\t\t\t\t<\/div>\n\t\t<div data-particle_enable=\"false\" data-particle-mobile-disabled=\"false\" class=\"elementor-element elementor-element-b9690c4 e-flex e-con-boxed e-con e-parent\" data-id=\"b9690c4\" data-element_type=\"container\" data-e-type=\"container\">\n\t\t\t\t\t<div class=\"e-con-inner\">\n\t\t\t\t<div class=\"elementor-element elementor-element-ca7ca36 elementor-widget elementor-widget-heading\" data-id=\"ca7ca36\" data-element_type=\"widget\" data-e-type=\"widget\" data-widget_type=\"heading.default\">\n\t\t\t\t\t<h2 class=\"elementor-heading-title elementor-size-default\">Conoce m\u00e1s de Guatemala, ac\u00e1...<\/h2>\t\t\t\t<\/div>\n\t\t\t\t\t<\/div>\n\t\t\t\t<\/div>\n\t\t<div data-particle_enable=\"false\" data-particle-mobile-disabled=\"false\" class=\"elementor-element elementor-element-5c3be25 e-flex e-con-boxed e-con e-parent\" data-id=\"5c3be25\" data-element_type=\"container\" data-e-type=\"container\">\n\t\t\t\t\t<div class=\"e-con-inner\">\n\t\t\t\t<div class=\"elementor-element elementor-element-0e5a7ea elementor-grid-eael-col-3 elementor-grid-tablet-eael-col-2 elementor-grid-mobile-eael-col-1 elementor-widget elementor-widget-eael-post-grid\" data-id=\"0e5a7ea\" data-element_type=\"widget\" data-e-type=\"widget\" data-settings=\"{&quot;eael_post_grid_columns&quot;:&quot;eael-col-3&quot;,&quot;eael_post_grid_columns_tablet&quot;:&quot;eael-col-2&quot;,&quot;eael_post_grid_columns_mobile&quot;:&quot;eael-col-1&quot;}\" data-widget_type=\"eael-post-grid.default\">\n\t\t\t\t\t<div id=\"eael-post-grid-0e5a7ea\" class=\"eael-post-grid-container\">\n            <div class=\"eael-post-grid eael-post-appender eael-post-appender-0e5a7ea eael-post-grid-style-one\" data-layout-mode=\"masonry\"><article class=\"eael-grid-post  eael-post-grid-column eael-pg-post-7501 category-guate-nuestra tags-volcanes-de-guatemala\" data-id=\"7501\">\n        <div class=\"eael-grid-post-holder\">\n            <div class=\"eael-grid-post-holder-inner\"><div class=\"eael-entry-media\"><div class=\"eael-entry-overlay fade-in\"><i class=\"far fa-hand-pointer\" aria-hidden=\"true\"><\/i><a href=\"https:\/\/soymigrante.com\/revista\/7-volcanes-de-guatemala-datos-y-leyenda-que-quiza-ya-sabias-o-tal-vez-no\/\"><\/a><\/div><div class=\"eael-entry-thumbnail \">\n                <img decoding=\"async\" width=\"638\" height=\"642\" src=\"https:\/\/soymigrante.com\/revista\/wp-content\/uploads\/2024\/07\/volcanes-de-guatemala-2.webp\" class=\"attachment-large size-large wp-image-7502\" alt=\"Volc\u00e1n de Fuego, volcanes de Guatemala, fotograf\u00edas de Abel Juarez\" srcset=\"https:\/\/soymigrante.com\/revista\/wp-content\/uploads\/2024\/07\/volcanes-de-guatemala-2.webp 638w, https:\/\/soymigrante.com\/revista\/wp-content\/uploads\/2024\/07\/volcanes-de-guatemala-2-298x300.webp 298w, https:\/\/soymigrante.com\/revista\/wp-content\/uploads\/2024\/07\/volcanes-de-guatemala-2-150x150.webp 150w, https:\/\/soymigrante.com\/revista\/wp-content\/uploads\/2024\/07\/volcanes-de-guatemala-2-75x75.webp 75w\" sizes=\"(max-width: 638px) 100vw, 638px\" \/>\n            <\/div>\n        <\/div><div class=\"eael-entry-wrapper\"><header class=\"eael-entry-header\"><h2 class=\"eael-entry-title\"><a class=\"eael-grid-post-link\" href=\"https:\/\/soymigrante.com\/revista\/7-volcanes-de-guatemala-datos-y-leyenda-que-quiza-ya-sabias-o-tal-vez-no\/\" title=\"7 volcanes de Guatemala: datos y leyenda que quiz\u00e1 ya sab\u00edas&#8230; o tal vez no\">7 volcanes de Guatemala: datos y leyenda que quiz\u00e1 ya sab\u00edas&#8230; o tal vez no<\/a><\/h2><\/header><div class=\"eael-entry-content\">\n                        <div class=\"eael-grid-post-excerpt\"><a href=\"https:\/\/soymigrante.com\/revista\/7-volcanes-de-guatemala-datos-y-leyenda-que-quiza-ya-sabias-o-tal-vez-no\/\" class=\"eael-post-elements-readmore-btn\">CONOCE SU HISTORIA <\/a><\/div>\n                    <\/div><\/div><\/div>\n        <\/div>\n    <\/article><article class=\"eael-grid-post  eael-post-grid-column eael-pg-post-6257 category-guate-nuestra tags-volcanes-de-guatemala\" data-id=\"6257\">\n        <div class=\"eael-grid-post-holder\">\n            <div class=\"eael-grid-post-holder-inner\"><div class=\"eael-entry-media\"><div class=\"eael-entry-overlay fade-in\"><i class=\"far fa-hand-pointer\" aria-hidden=\"true\"><\/i><a href=\"https:\/\/soymigrante.com\/revista\/laguna-de-chicabal-volcan-quetzaltenango-guatemala\/\"><\/a><\/div><div class=\"eael-entry-thumbnail \">\n                <img loading=\"lazy\" decoding=\"async\" width=\"1024\" height=\"683\" src=\"https:\/\/soymigrante.com\/revista\/wp-content\/uploads\/2024\/05\/283605236_375790244585293_6426920808319298456_n-1024x683.webp\" class=\"attachment-large size-large wp-image-6326\" alt=\"Espejo de agua en medio de la selva en un paisaje natural, mujer con los brazos abiertos disfrutando vista panor\u00e1mica en un destino ecotur\u00edstico, turismo de naturaleza y aventuras en Latinoam\u00e9rica.\" srcset=\"https:\/\/soymigrante.com\/revista\/wp-content\/uploads\/2024\/05\/283605236_375790244585293_6426920808319298456_n-1024x683.webp 1024w, https:\/\/soymigrante.com\/revista\/wp-content\/uploads\/2024\/05\/283605236_375790244585293_6426920808319298456_n-300x200.webp 300w, https:\/\/soymigrante.com\/revista\/wp-content\/uploads\/2024\/05\/283605236_375790244585293_6426920808319298456_n-768x512.webp 768w, https:\/\/soymigrante.com\/revista\/wp-content\/uploads\/2024\/05\/283605236_375790244585293_6426920808319298456_n-1536x1024.webp 1536w, https:\/\/soymigrante.com\/revista\/wp-content\/uploads\/2024\/05\/283605236_375790244585293_6426920808319298456_n-750x500.webp 750w, https:\/\/soymigrante.com\/revista\/wp-content\/uploads\/2024\/05\/283605236_375790244585293_6426920808319298456_n-1140x760.webp 1140w, https:\/\/soymigrante.com\/revista\/wp-content\/uploads\/2024\/05\/283605236_375790244585293_6426920808319298456_n.webp 1920w\" sizes=\"(max-width: 1024px) 100vw, 1024px\" \/>\n            <\/div>\n        <\/div><div class=\"eael-entry-wrapper\"><header class=\"eael-entry-header\"><h2 class=\"eael-entry-title\"><a class=\"eael-grid-post-link\" href=\"https:\/\/soymigrante.com\/revista\/laguna-de-chicabal-volcan-quetzaltenango-guatemala\/\" title=\"Laguna de Chicabal migr\u00f3 al cr\u00e1ter de un volc\u00e1n\">Laguna de Chicabal migr\u00f3 al cr\u00e1ter de un volc\u00e1n<\/a><\/h2><\/header><div class=\"eael-entry-content\">\n                        <div class=\"eael-grid-post-excerpt\"><a href=\"https:\/\/soymigrante.com\/revista\/laguna-de-chicabal-volcan-quetzaltenango-guatemala\/\" class=\"eael-post-elements-readmore-btn\">CONOCE SU HISTORIA <\/a><\/div>\n                    <\/div><\/div><\/div>\n        <\/div>\n    <\/article><article class=\"eael-grid-post  eael-post-grid-column eael-pg-post-383 category-guate-nuestra\" data-id=\"383\">\n        <div class=\"eael-grid-post-holder\">\n            <div class=\"eael-grid-post-holder-inner\"><div class=\"eael-entry-media\"><div class=\"eael-entry-overlay fade-in\"><i class=\"far fa-hand-pointer\" aria-hidden=\"true\"><\/i><a href=\"https:\/\/soymigrante.com\/revista\/los-mas-famosos-anfitriones-de-antigua-guatemala-uno-tranquilo-y-el-otro-impredecible\/\"><\/a><\/div><div class=\"eael-entry-thumbnail \">\n                <img loading=\"lazy\" decoding=\"async\" width=\"1024\" height=\"629\" src=\"https:\/\/soymigrante.com\/revista\/wp-content\/uploads\/2024\/02\/Captura-de-pantalla-2024-02-24-231728-1024x629.webp\" class=\"attachment-large size-large wp-image-5040\" alt=\"Vplc\u00e1n de Agua en primer plano y a la derecha, el volc\u00e1n de Fuego, desde Antigua Guatemala.\" srcset=\"https:\/\/soymigrante.com\/revista\/wp-content\/uploads\/2024\/02\/Captura-de-pantalla-2024-02-24-231728-1024x629.webp 1024w, https:\/\/soymigrante.com\/revista\/wp-content\/uploads\/2024\/02\/Captura-de-pantalla-2024-02-24-231728-300x184.webp 300w, https:\/\/soymigrante.com\/revista\/wp-content\/uploads\/2024\/02\/Captura-de-pantalla-2024-02-24-231728-768x472.webp 768w, https:\/\/soymigrante.com\/revista\/wp-content\/uploads\/2024\/02\/Captura-de-pantalla-2024-02-24-231728-750x461.webp 750w, https:\/\/soymigrante.com\/revista\/wp-content\/uploads\/2024\/02\/Captura-de-pantalla-2024-02-24-231728-1140x700.webp 1140w, https:\/\/soymigrante.com\/revista\/wp-content\/uploads\/2024\/02\/Captura-de-pantalla-2024-02-24-231728.webp 1216w\" sizes=\"(max-width: 1024px) 100vw, 1024px\" \/>\n            <\/div>\n        <\/div><div class=\"eael-entry-wrapper\"><header class=\"eael-entry-header\"><h2 class=\"eael-entry-title\"><a class=\"eael-grid-post-link\" href=\"https:\/\/soymigrante.com\/revista\/los-mas-famosos-anfitriones-de-antigua-guatemala-uno-tranquilo-y-el-otro-impredecible\/\" title=\"Los m\u00e1s famosos anfitriones de Antigua Guatemala: volc\u00e1n de Agua y volc\u00e1n de Fuego\">Los m\u00e1s famosos anfitriones de Antigua Guatemala: volc\u00e1n de Agua y volc\u00e1n de Fuego<\/a><\/h2><\/header><div class=\"eael-entry-content\">\n                        <div class=\"eael-grid-post-excerpt\"><a href=\"https:\/\/soymigrante.com\/revista\/los-mas-famosos-anfitriones-de-antigua-guatemala-uno-tranquilo-y-el-otro-impredecible\/\" class=\"eael-post-elements-readmore-btn\">CONOCE SU HISTORIA <\/a><\/div>\n                    <\/div><\/div><\/div>\n        <\/div>\n    <\/article><\/div>\n            <div class=\"clearfix\"><\/div>\n        <\/div>\t\t\t\t<\/div>\n\t\t\t\t\t<\/div>\n\t\t\t\t<\/div>\n\t\t\t\t<\/div>\n\t\t","protected":false},"excerpt":{"rendered":"<p>El volc\u00e1n Tacan\u00e1 es un gigante y es el segundo m\u00e1s alto de Guatemala. El Volc\u00e1n Tacan\u00e1, con una altitud de 4,093 metros sobre el nivel del mar, es el segundo pico m\u00e1s alto de Guatemala y el punto m\u00e1s elevado del estado mexicano de Chiapas. Este coloso natural se erige en la frontera entre [&hellip;]<\/p>\n","protected":false},"author":19,"featured_media":34966,"comment_status":"open","ping_status":"open","sticky":false,"template":"","format":"standard","meta":{"_acf_changed":false,"_eb_attr":"","footnotes":""},"categories":[58],"tags":[245],"class_list":["post-34965","post","type-post","status-publish","format-standard","has-post-thumbnail","hentry","category-guate-nuestra","tag-volcanes-de-guatemala"],"acf":[],"aioseo_notices":[],"aioseo_head":"\n\t\t<!-- All in One SEO Pro 4.9.6.2 - aioseo.com -->\n\t<meta name=\"description\" content=\"La presencia de los volcanes de Agua y Fuego marca el paisaje guatemalteco de manera \u00fanica e impresionante. Los nombres de dos elementos opuestos lo dice todo y el reciente incendio contrapuso significados. Volc\u00e1n de Agua Desde las referencias prehisp\u00e1nicas ten\u00edan hombres opuestos en antiguo mayak kaqchikel: Hun Ajp\u00fa, el de \u201cAgua\u201d y Chi Kaak,\" \/>\n\t<meta name=\"robots\" content=\"max-snippet:-1, max-image-preview:large, max-video-preview:-1\" \/>\n\t<meta name=\"author\" content=\"Gustavo Montenegro\"\/>\n\t<link rel=\"canonical\" href=\"https:\/\/soymigrante.com\/revista\/los-mas-famosos-anfitriones-de-antigua-guatemala-uno-tranquilo-y-el-otro-impredecible\/\" \/>\n\t<meta name=\"generator\" content=\"All in One SEO Pro (AIOSEO) 4.9.6.2\" \/>\n\n\t\t<link rel=\"preconnect\" href=\"https:\/\/fonts.googleapis.com\" crossorigin>\n<link rel=\"preconnect\" href=\"https:\/\/fonts.gstatic.com\" crossorigin>\n\t\t<meta property=\"og:locale\" content=\"es_ES\" \/>\n\t\t<meta property=\"og:site_name\" content=\"SoyMigrante.com REVISTA \u2013 Nuestra misi\u00f3n es reconocer y dignificar al migrante.\" \/>\n\t\t<meta property=\"og:type\" content=\"article\" \/>\n\t\t<meta property=\"og:title\" content=\"Los m\u00e1s famosos anfitriones de Antigua Guatemala: volc\u00e1n de Agua y volc\u00e1n de Fuego\" \/>\n\t\t<meta property=\"og:description\" content=\"La presencia de los volcanes de Agua y Fuego marca el paisaje guatemalteco de manera \u00fanica e impresionante. Los nombres de dos elementos opuestos lo dice todo y el reciente incendio contrapuso significados. Volc\u00e1n de Agua Desde las referencias prehisp\u00e1nicas ten\u00edan hombres opuestos en antiguo mayak kaqchikel: Hun Ajp\u00fa, el de \u201cAgua\u201d y Chi Kaak,\" \/>\n\t\t<meta property=\"og:url\" content=\"https:\/\/soymigrante.com\/revista\/los-mas-famosos-anfitriones-de-antigua-guatemala-uno-tranquilo-y-el-otro-impredecible\/\" \/>\n\t\t<meta property=\"og:image\" content=\"https:\/\/soymigrante.com\/revista\/wp-content\/uploads\/2024\/02\/Captura-de-pantalla-2024-02-24-231728.webp\" \/>\n\t\t<meta property=\"og:image:secure_url\" content=\"https:\/\/soymigrante.com\/revista\/wp-content\/uploads\/2024\/02\/Captura-de-pantalla-2024-02-24-231728.webp\" \/>\n\t\t<meta property=\"og:image:width\" content=\"1216\" \/>\n\t\t<meta property=\"og:image:height\" content=\"747\" \/>\n\t\t<meta property=\"article:published_time\" content=\"2024-02-25T05:37:00+00:00\" \/>\n\t\t<meta property=\"article:modified_time\" content=\"2024-02-25T05:50:50+00:00\" \/>\n\t\t<meta property=\"article:publisher\" content=\"https:\/\/www.facebook.com\/soymigrantecom\" \/>\n\t\t<meta name=\"twitter:card\" content=\"summary_large_image\" \/>\n\t\t<meta name=\"twitter:site\" content=\"@SoyMigrante_com\" \/>\n\t\t<meta name=\"twitter:title\" content=\"Los m\u00e1s famosos anfitriones de Antigua Guatemala: volc\u00e1n de Agua y volc\u00e1n de Fuego\" \/>\n\t\t<meta name=\"twitter:description\" content=\"La presencia de los volcanes de Agua y Fuego marca el paisaje guatemalteco de manera \u00fanica e impresionante. Los nombres de dos elementos opuestos lo dice todo y el reciente incendio contrapuso significados. Volc\u00e1n de Agua Desde las referencias prehisp\u00e1nicas ten\u00edan hombres opuestos en antiguo mayak kaqchikel: Hun Ajp\u00fa, el de \u201cAgua\u201d y Chi Kaak,\" \/>\n\t\t<meta name=\"twitter:creator\" content=\"@SoyMigrante_com\" \/>\n\t\t<meta name=\"twitter:image\" content=\"https:\/\/soymigrante.com\/revista\/wp-content\/uploads\/2024\/02\/Captura-de-pantalla-2024-02-24-231728.webp\" \/>\n\t\t<!-- All in One SEO Pro -->\r\n\t\t<title>Los m\u00e1s famosos anfitriones de Antigua Guatemala: volc\u00e1n de Agua y volc\u00e1n de Fuego<\/title>\n\n","aioseo_head_json":{"title":"Los m\u00e1s famosos anfitriones de Antigua Guatemala: volc\u00e1n de Agua y volc\u00e1n de Fuego","description":"La presencia de los volcanes de Agua y Fuego marca el paisaje guatemalteco de manera \u00fanica e impresionante. Los nombres de dos elementos opuestos lo dice todo y el reciente incendio contrapuso significados. Volc\u00e1n de Agua Desde las referencias prehisp\u00e1nicas ten\u00edan hombres opuestos en antiguo mayak kaqchikel: Hun Ajp\u00fa, el de \u201cAgua\u201d y Chi Kaak,","canonical_url":"https:\/\/soymigrante.com\/revista\/los-mas-famosos-anfitriones-de-antigua-guatemala-uno-tranquilo-y-el-otro-impredecible\/","robots":"max-snippet:-1, max-image-preview:large, max-video-preview:-1","keywords":"","webmasterTools":{"miscellaneous":"&lt;link rel=\"preconnect\" href=\"https:\/\/fonts.googleapis.com\" crossorigin&gt;\n&lt;link rel=\"preconnect\" href=\"https:\/\/fonts.gstatic.com\" crossorigin&gt;"},"schema":null,"og:locale":"es_ES","og:site_name":"SoyMigrante.com REVISTA \u2013 Nuestra misi\u00f3n es reconocer y dignificar al migrante.","og:type":"article","og:title":"Los m\u00e1s famosos anfitriones de Antigua Guatemala: volc\u00e1n de Agua y volc\u00e1n de Fuego","og:description":"La presencia de los volcanes de Agua y Fuego marca el paisaje guatemalteco de manera \u00fanica e impresionante. Los nombres de dos elementos opuestos lo dice todo y el reciente incendio contrapuso significados. Volc\u00e1n de Agua Desde las referencias prehisp\u00e1nicas ten\u00edan hombres opuestos en antiguo mayak kaqchikel: Hun Ajp\u00fa, el de \u201cAgua\u201d y Chi Kaak,","og:url":"https:\/\/soymigrante.com\/revista\/los-mas-famosos-anfitriones-de-antigua-guatemala-uno-tranquilo-y-el-otro-impredecible\/","og:image":"https:\/\/soymigrante.com\/revista\/wp-content\/uploads\/2024\/02\/Captura-de-pantalla-2024-02-24-231728.webp","og:image:secure_url":"https:\/\/soymigrante.com\/revista\/wp-content\/uploads\/2024\/02\/Captura-de-pantalla-2024-02-24-231728.webp","og:image:width":1216,"og:image:height":747,"article:published_time":"2024-02-25T05:37:00+00:00","article:modified_time":"2024-02-25T05:50:50+00:00","article:publisher":"https:\/\/www.facebook.com\/soymigrantecom","twitter:card":"summary_large_image","twitter:site":"@SoyMigrante_com","twitter:title":"Los m\u00e1s famosos anfitriones de Antigua Guatemala: volc\u00e1n de Agua y volc\u00e1n de Fuego","twitter:description":"La presencia de los volcanes de Agua y Fuego marca el paisaje guatemalteco de manera \u00fanica e impresionante. Los nombres de dos elementos opuestos lo dice todo y el reciente incendio contrapuso significados. Volc\u00e1n de Agua Desde las referencias prehisp\u00e1nicas ten\u00edan hombres opuestos en antiguo mayak kaqchikel: Hun Ajp\u00fa, el de \u201cAgua\u201d y Chi Kaak,","twitter:creator":"@SoyMigrante_com","twitter:image":"https:\/\/soymigrante.com\/revista\/wp-content\/uploads\/2024\/02\/Captura-de-pantalla-2024-02-24-231728.webp"},"aioseo_meta_data":{"post_id":"34965","title":null,"description":null,"keywords":null,"keyphrases":{"focus":{"keyphrase":"Tacan\u00e1","score":91,"analysis":{"keyphraseInTitle":{"score":9,"maxScore":9,"error":0},"keyphraseInDescription":{"score":9,"maxScore":9,"error":0},"keyphraseLength":{"score":9,"maxScore":9,"error":0,"length":1},"keyphraseInURL":{"score":5,"maxScore":5,"error":0},"keyphraseInIntroduction":{"score":9,"maxScore":9,"error":0},"keyphraseInSubHeadings":{"score":3,"maxScore":9,"error":1},"keyphraseInImageAlt":{"score":9,"maxScore":9,"error":0},"keywordDensity":{"type":"best","score":9,"maxScore":9,"error":0}}},"additional":[{"keyphrase":"Volc\u00e1n","score":100,"analysis":{"keyphraseInDescription":{"score":9,"maxScore":9,"error":0},"keyphraseLength":{"score":9,"maxScore":9,"error":0,"length":2},"keyphraseInIntroduction":{"score":9,"maxScore":9,"error":0},"keyphraseInImageAlt":{"score":9,"maxScore":9,"error":0},"keywordDensity":{"type":"best","score":9,"maxScore":9,"error":0}}},{"keyphrase":"Tacan\u00e1","score":100,"analysis":{"keyphraseInDescription":{"score":9,"maxScore":9,"error":0},"keyphraseLength":{"score":9,"maxScore":9,"error":0,"length":1},"keyphraseInIntroduction":{"score":9,"maxScore":9,"error":0},"keyphraseInImageAlt":{"score":9,"maxScore":9,"error":0},"keywordDensity":{"type":"best","score":9,"maxScore":9,"error":0}}}]},"primary_term":null,"canonical_url":null,"og_title":null,"og_description":null,"og_object_type":"default","og_image_type":"default","og_image_url":null,"og_image_width":null,"og_image_height":null,"og_image_custom_url":null,"og_image_custom_fields":null,"og_video":"","og_custom_url":null,"og_article_section":null,"og_article_tags":null,"twitter_use_og":false,"twitter_card":"default","twitter_image_type":"default","twitter_image_url":null,"twitter_image_custom_url":null,"twitter_image_custom_fields":null,"twitter_title":null,"twitter_description":null,"schema":{"blockGraphs":[],"customGraphs":[],"default":{"data":{"Article":[],"Course":[],"Dataset":[],"FAQPage":[],"Movie":[],"Person":[],"Product":[],"ProductReview":[],"Car":[],"Recipe":[],"Service":[],"SoftwareApplication":[],"WebPage":[]},"graphName":"none","isEnabled":true},"graphs":[]},"schema_type":"default","schema_type_options":null,"pillar_content":false,"robots_default":true,"robots_noindex":false,"robots_noarchive":false,"robots_nosnippet":false,"robots_nofollow":false,"robots_noimageindex":false,"robots_noodp":false,"robots_notranslate":false,"robots_max_snippet":"-1","robots_max_videopreview":"-1","robots_max_imagepreview":"large","priority":null,"frequency":"default","local_seo":null,"seo_analyzer_scan_date":"2025-10-09 05:35:31","breadcrumb_settings":null,"limit_modified_date":false,"reviewed_by":"0","open_ai":"{\"title\":{\"suggestions\":[],\"usage\":0},\"description\":{\"suggestions\":[],\"usage\":0}}","ai":null,"created":"2025-05-29 19:21:04","updated":"2026-02-05 00:07:23"},"aioseo_breadcrumb":"<div class=\"aioseo-breadcrumbs\"><span class=\"aioseo-breadcrumb\">\n\t<a href=\"https:\/\/soymigrante.com\/revista\" title=\"Home\">Home<\/a>\n<\/span><span class=\"aioseo-breadcrumb-separator\">\u00bb<\/span><span class=\"aioseo-breadcrumb\">\n\t<a href=\"https:\/\/soymigrante.com\/revista\/category\/guate-nuestra\/\" title=\"Guate Nuestra\">Guate Nuestra<\/a>\n<\/span><span class=\"aioseo-breadcrumb-separator\">\u00bb<\/span><span class=\"aioseo-breadcrumb\">\n\tVolc\u00e1n Tacan\u00e1: el coloso fronterizo entre Guatemala y M\u00e9xico\n<\/span><\/div>","aioseo_breadcrumb_json":[{"label":"Home","link":"https:\/\/soymigrante.com\/revista"},{"label":"Guate Nuestra","link":"https:\/\/soymigrante.com\/revista\/category\/guate-nuestra\/"},{"label":"Volc\u00e1n Tacan\u00e1: el coloso fronterizo entre Guatemala y M\u00e9xico","link":"https:\/\/soymigrante.com\/revista\/volcan-tacana-el-coloso-fronterizo-entre-guatemala-y-mexico\/"}],"_links":{"self":[{"href":"https:\/\/soymigrante.com\/revista\/wp-json\/wp\/v2\/posts\/34965","targetHints":{"allow":["GET"]}}],"collection":[{"href":"https:\/\/soymigrante.com\/revista\/wp-json\/wp\/v2\/posts"}],"about":[{"href":"https:\/\/soymigrante.com\/revista\/wp-json\/wp\/v2\/types\/post"}],"author":[{"embeddable":true,"href":"https:\/\/soymigrante.com\/revista\/wp-json\/wp\/v2\/users\/19"}],"replies":[{"embeddable":true,"href":"https:\/\/soymigrante.com\/revista\/wp-json\/wp\/v2\/comments?post=34965"}],"version-history":[{"count":25,"href":"https:\/\/soymigrante.com\/revista\/wp-json\/wp\/v2\/posts\/34965\/revisions"}],"predecessor-version":[{"id":36139,"href":"https:\/\/soymigrante.com\/revista\/wp-json\/wp\/v2\/posts\/34965\/revisions\/36139"}],"wp:featuredmedia":[{"embeddable":true,"href":"https:\/\/soymigrante.com\/revista\/wp-json\/wp\/v2\/media\/34966"}],"wp:attachment":[{"href":"https:\/\/soymigrante.com\/revista\/wp-json\/wp\/v2\/media?parent=34965"}],"wp:term":[{"taxonomy":"category","embeddable":true,"href":"https:\/\/soymigrante.com\/revista\/wp-json\/wp\/v2\/categories?post=34965"},{"taxonomy":"post_tag","embeddable":true,"href":"https:\/\/soymigrante.com\/revista\/wp-json\/wp\/v2\/tags?post=34965"}],"curies":[{"name":"wp","href":"https:\/\/api.w.org\/{rel}","templated":true}]}}