{"id":3495,"date":"2023-11-23T12:45:08","date_gmt":"2023-11-23T18:45:08","guid":{"rendered":"https:\/\/soymigrante.com\/revista\/?p=3495"},"modified":"2024-07-29T21:22:05","modified_gmt":"2024-07-30T03:22:05","slug":"en-un-dia-de-accion-de-gracias-se-conocieron-los-migrantes-carlos-y-lidia","status":"publish","type":"post","link":"https:\/\/soymigrante.com\/revista\/en-un-dia-de-accion-de-gracias-se-conocieron-los-migrantes-carlos-y-lidia\/","title":{"rendered":"En D\u00eda de Acci\u00f3n de Gracias se conocieron los migrantes Carlos y Lidia"},"content":{"rendered":"\t\t<div data-elementor-type=\"wp-post\" data-elementor-id=\"3495\" class=\"elementor elementor-3495\" data-elementor-post-type=\"post\">\n\t\t\t\t\t\t<section data-particle_enable=\"false\" data-particle-mobile-disabled=\"false\" class=\"elementor-section elementor-top-section elementor-element elementor-element-7aa2191 elementor-section-boxed elementor-section-height-default elementor-section-height-default\" data-id=\"7aa2191\" data-element_type=\"section\" data-e-type=\"section\">\n\t\t\t\t\t\t<div class=\"elementor-container elementor-column-gap-default\">\n\t\t\t\t\t<div class=\"elementor-column elementor-col-100 elementor-top-column elementor-element elementor-element-0509c5b\" data-id=\"0509c5b\" data-element_type=\"column\" data-e-type=\"column\">\n\t\t\t<div class=\"elementor-widget-wrap elementor-element-populated\">\n\t\t\t\t\t\t<div class=\"elementor-element elementor-element-2309e7d elementor-widget elementor-widget-heading\" data-id=\"2309e7d\" data-element_type=\"widget\" data-e-type=\"widget\" data-widget_type=\"heading.default\">\n\t\t\t\t\t<h2 class=\"elementor-heading-title elementor-size-default\">Su mayor tesoro es su amor de familia, que les motiva a trabajar, a emprender y a impulsar a sus hijas: los migrantes Carlos y Lidia, de Concepci\u00f3n Chiquirichapa, Quetzaltenango, salen adelante en Washington D.C.<\/h2>\t\t\t\t<\/div>\n\t\t\t\t\t<\/div>\n\t\t<\/div>\n\t\t\t\t\t<\/div>\n\t\t<\/section>\n\t\t\t\t<section data-particle_enable=\"false\" data-particle-mobile-disabled=\"false\" class=\"elementor-section elementor-top-section elementor-element elementor-element-77bee37 elementor-section-boxed elementor-section-height-default elementor-section-height-default\" data-id=\"77bee37\" data-element_type=\"section\" data-e-type=\"section\">\n\t\t\t\t\t\t<div class=\"elementor-container elementor-column-gap-default\">\n\t\t\t\t\t<div class=\"elementor-column elementor-col-100 elementor-top-column elementor-element elementor-element-abae82b\" data-id=\"abae82b\" data-element_type=\"column\" data-e-type=\"column\">\n\t\t\t<div class=\"elementor-widget-wrap elementor-element-populated\">\n\t\t\t\t\t\t<div class=\"elementor-element elementor-element-9359595 elementor-widget elementor-widget-facebook-embed\" data-id=\"9359595\" data-element_type=\"widget\" data-e-type=\"widget\" data-widget_type=\"facebook-embed.default\">\n\t\t\t\t\t<div style=\"min-height: 1px\" class=\"elementor-facebook-widget fb-post\" data-href=\"https:\/\/www.facebook.com\/100063557383203\/videos\/1007462086922955\" data-show-text=\"false\"><\/div>\t\t\t\t<\/div>\n\t\t\t\t\t<\/div>\n\t\t<\/div>\n\t\t\t\t\t<\/div>\n\t\t<\/section>\n\t\t\t\t<section data-particle_enable=\"false\" data-particle-mobile-disabled=\"false\" class=\"elementor-section elementor-top-section elementor-element elementor-element-17f28fa elementor-section-boxed elementor-section-height-default elementor-section-height-default\" data-id=\"17f28fa\" data-element_type=\"section\" data-e-type=\"section\">\n\t\t\t\t\t\t<div class=\"elementor-container elementor-column-gap-default\">\n\t\t\t\t\t<div class=\"elementor-column elementor-col-100 elementor-top-column elementor-element elementor-element-83e692c\" data-id=\"83e692c\" data-element_type=\"column\" data-e-type=\"column\">\n\t\t\t<div class=\"elementor-widget-wrap elementor-element-populated\">\n\t\t\t\t\t\t<div class=\"elementor-element elementor-element-fe7491b elementor-widget elementor-widget-heading\" data-id=\"fe7491b\" data-element_type=\"widget\" data-e-type=\"widget\" data-widget_type=\"heading.default\">\n\t\t\t\t\t<h2 class=\"elementor-heading-title elementor-size-default\">Comparten una alegr\u00eda inspiradora<\/h2>\t\t\t\t<\/div>\n\t\t\t\t\t<\/div>\n\t\t<\/div>\n\t\t\t\t\t<\/div>\n\t\t<\/section>\n\t\t\t\t<section data-particle_enable=\"false\" data-particle-mobile-disabled=\"false\" class=\"elementor-section elementor-top-section elementor-element elementor-element-dc97b9a elementor-section-boxed elementor-section-height-default elementor-section-height-default\" data-id=\"dc97b9a\" data-element_type=\"section\" data-e-type=\"section\">\n\t\t\t\t\t\t<div class=\"elementor-container elementor-column-gap-default\">\n\t\t\t\t\t<div class=\"elementor-column elementor-col-100 elementor-top-column elementor-element elementor-element-af21759\" data-id=\"af21759\" data-element_type=\"column\" data-e-type=\"column\">\n\t\t\t<div class=\"elementor-widget-wrap elementor-element-populated\">\n\t\t\t\t\t\t<div class=\"elementor-element elementor-element-babfe1f elementor-widget elementor-widget-text-editor\" data-id=\"babfe1f\" data-element_type=\"widget\" data-e-type=\"widget\" data-widget_type=\"text-editor.default\">\n\t\t\t\t\t\t\t\t\t<p>Nacieron en el mismo pueblo, Concepci\u00f3n Chiquirichapa, Quetzaltenango; hablan el mismo idioma: maya mam; alguna vez de adolescentes se vieron a la distancia pero Carlos y Lidia no se conocieron sino hasta ser migrantes, a m\u00e1s de 4 mil 500 kil\u00f3metros de su tierra natal, en un d\u00eda de Acci\u00f3n de Gracias, en Washington D.C.<\/p><p>Carlos trabaja en cocina de restaurante, pero a la vez tiene un emprendimiento digital: venta de ropa t\u00edpica guatemalteca para hombres: Estilo Maya. Lidia prepara platillos tradicionales guatemaltecos y \u00e9l tambi\u00e9n le ayuda. De hecho postean videos en plena cocina y a veces en pleno baile cuando \u201ces viernes y el cuerpo lo sabe\u201d en donde muestran su alegr\u00eda de estar juntos, amor por las ra\u00edces y deseo de superaci\u00f3n.<\/p>\t\t\t\t\t\t\t\t<\/div>\n\t\t\t\t\t<\/div>\n\t\t<\/div>\n\t\t\t\t\t<\/div>\n\t\t<\/section>\n\t\t\t\t<section data-particle_enable=\"false\" data-particle-mobile-disabled=\"false\" class=\"elementor-section elementor-top-section elementor-element elementor-element-d110eaa elementor-section-boxed elementor-section-height-default elementor-section-height-default\" data-id=\"d110eaa\" data-element_type=\"section\" data-e-type=\"section\">\n\t\t\t\t\t\t<div class=\"elementor-container elementor-column-gap-default\">\n\t\t\t\t\t<div class=\"elementor-column elementor-col-100 elementor-top-column elementor-element elementor-element-080a91b\" data-id=\"080a91b\" data-element_type=\"column\" data-e-type=\"column\">\n\t\t\t<div class=\"elementor-widget-wrap elementor-element-populated\">\n\t\t\t\t\t\t<div class=\"elementor-element elementor-element-7e97e92 elementor-invisible elementor-widget elementor-widget-image\" data-id=\"7e97e92\" data-element_type=\"widget\" data-e-type=\"widget\" data-settings=\"{&quot;_animation&quot;:&quot;lightSpeedIn&quot;}\" data-widget_type=\"image.default\">\n\t\t\t\t\t\t\t\t\t\t\t\t<figure class=\"wp-caption\">\n\t\t\t\t\t\t\t\t\t\t<img fetchpriority=\"high\" decoding=\"async\" width=\"768\" height=\"577\" src=\"https:\/\/soymigrante.com\/revista\/wp-content\/uploads\/2023\/11\/fam-perez-carlos-1024x769.webp\" class=\"attachment-large size-large wp-image-3498\" alt=\"Carlos P\u00e9rez constantemente impulsa la m\u00fasica, danzas y tradiciones de su natal Quetzaltenango, con el apoyo total de su familia. (Fotograf\u00eda FB de Estilo Maya)\" srcset=\"https:\/\/soymigrante.com\/revista\/wp-content\/uploads\/2023\/11\/fam-perez-carlos-1024x769.webp 1024w, https:\/\/soymigrante.com\/revista\/wp-content\/uploads\/2023\/11\/fam-perez-carlos-300x225.webp 300w, https:\/\/soymigrante.com\/revista\/wp-content\/uploads\/2023\/11\/fam-perez-carlos-768x577.webp 768w, https:\/\/soymigrante.com\/revista\/wp-content\/uploads\/2023\/11\/fam-perez-carlos-1536x1154.webp 1536w, https:\/\/soymigrante.com\/revista\/wp-content\/uploads\/2023\/11\/fam-perez-carlos-750x563.webp 750w, https:\/\/soymigrante.com\/revista\/wp-content\/uploads\/2023\/11\/fam-perez-carlos-1140x856.webp 1140w, https:\/\/soymigrante.com\/revista\/wp-content\/uploads\/2023\/11\/fam-perez-carlos.webp 1920w\" sizes=\"(max-width: 768px) 100vw, 768px\" title=\"Quetzaltenango, con el apoyo total de su familia. (Fotograf\u00eda FB de Estilo Maya) \u2013 SoyMigrante.com REVISTA\" \/>\t\t\t\t\t\t\t\t\t\t\t<figcaption class=\"widget-image-caption wp-caption-text\">Quetzaltenango, con el apoyo total de su familia. (Fotograf\u00eda FB de Estilo Maya)<\/figcaption>\n\t\t\t\t\t\t\t\t\t\t<\/figure>\n\t\t\t\t\t\t\t\t\t<\/div>\n\t\t\t\t\t<\/div>\n\t\t<\/div>\n\t\t\t\t\t<\/div>\n\t\t<\/section>\n\t\t\t\t<section data-particle_enable=\"false\" data-particle-mobile-disabled=\"false\" class=\"elementor-section elementor-top-section elementor-element elementor-element-06d3229 elementor-section-boxed elementor-section-height-default elementor-section-height-default\" data-id=\"06d3229\" data-element_type=\"section\" data-e-type=\"section\">\n\t\t\t\t\t\t<div class=\"elementor-container elementor-column-gap-default\">\n\t\t\t\t\t<div class=\"elementor-column elementor-col-100 elementor-top-column elementor-element elementor-element-b7801ce\" data-id=\"b7801ce\" data-element_type=\"column\" data-e-type=\"column\">\n\t\t\t<div class=\"elementor-widget-wrap elementor-element-populated\">\n\t\t\t\t\t\t<div class=\"elementor-element elementor-element-608747e elementor-widget elementor-widget-heading\" data-id=\"608747e\" data-element_type=\"widget\" data-e-type=\"widget\" data-widget_type=\"heading.default\">\n\t\t\t\t\t<h2 class=\"elementor-heading-title elementor-size-default\">Dan gracias a Dios por estar juntos <\/h2>\t\t\t\t<\/div>\n\t\t\t\t\t<\/div>\n\t\t<\/div>\n\t\t\t\t\t<\/div>\n\t\t<\/section>\n\t\t\t\t<section data-particle_enable=\"false\" data-particle-mobile-disabled=\"false\" class=\"elementor-section elementor-top-section elementor-element elementor-element-d3f7565 elementor-section-boxed elementor-section-height-default elementor-section-height-default\" data-id=\"d3f7565\" data-element_type=\"section\" data-e-type=\"section\">\n\t\t\t\t\t\t<div class=\"elementor-container elementor-column-gap-default\">\n\t\t\t\t\t<div class=\"elementor-column elementor-col-100 elementor-top-column elementor-element elementor-element-0da440a\" data-id=\"0da440a\" data-element_type=\"column\" data-e-type=\"column\">\n\t\t\t<div class=\"elementor-widget-wrap elementor-element-populated\">\n\t\t\t\t\t\t<div class=\"elementor-element elementor-element-c91b9e2 elementor-widget elementor-widget-text-editor\" data-id=\"c91b9e2\" data-element_type=\"widget\" data-e-type=\"widget\" data-widget_type=\"text-editor.default\">\n\t\t\t\t\t\t\t\t\t<p>Lidia trabaj\u00f3 en limpieza y tambi\u00e9n en restaurantes. \u201cUna vez, hace 18 a\u00f1os, nos invitaron a una cena del D\u00eda de Acci\u00f3n de Gracias. Es una tradici\u00f3n de Estados Unidos, pero que los migrante tambi\u00e9n han tomado. Era en casa de los amigos de unos amigos. Y all\u00ed nos conocimos con Carlos. Alguna vez nos hab\u00edamos visto en el pueblo, pero de lejos y \u00e9ramos muy j\u00f3venes\u201d, cuenta entre sonrisas.<\/p>\n<p>Desde entonces el amor los ha unido. Formaron una familia. Tienen dos hijas: Karen de 16 y Joselyn de 13. Ellas son su inspiraci\u00f3n y su motivo para salir adelante. \u201cAqu\u00ed hay mucho cambio, no es f\u00e1cil empezar de cero. Todo lo que aprend\u00ed, mi t\u00edtulo de maestro no vale. Perro esos obst\u00e1culos, esas barreras te dan valor, te retan a echarle ganas. Si no s\u00e9 hablar el idioma, lo aprendo; si pierdo un trabajo, busco otro\u201d.<\/p>\t\t\t\t\t\t\t\t<\/div>\n\t\t\t\t\t<\/div>\n\t\t<\/div>\n\t\t\t\t\t<\/div>\n\t\t<\/section>\n\t\t\t\t<section data-particle_enable=\"false\" data-particle-mobile-disabled=\"false\" class=\"elementor-section elementor-top-section elementor-element elementor-element-0ac27cd elementor-section-boxed elementor-section-height-default elementor-section-height-default\" data-id=\"0ac27cd\" data-element_type=\"section\" data-e-type=\"section\">\n\t\t\t\t\t\t<div class=\"elementor-container elementor-column-gap-default\">\n\t\t\t\t\t<div class=\"elementor-column elementor-col-100 elementor-top-column elementor-element elementor-element-a91e499\" data-id=\"a91e499\" data-element_type=\"column\" data-e-type=\"column\">\n\t\t\t<div class=\"elementor-widget-wrap elementor-element-populated\">\n\t\t\t\t\t\t<div class=\"elementor-element elementor-element-9ac6193 elementor-invisible elementor-widget elementor-widget-image\" data-id=\"9ac6193\" data-element_type=\"widget\" data-e-type=\"widget\" data-settings=\"{&quot;_animation&quot;:&quot;fadeInLeft&quot;}\" data-widget_type=\"image.default\">\n\t\t\t\t\t\t\t\t\t\t\t\t<figure class=\"wp-caption\">\n\t\t\t\t\t\t\t\t\t\t<img decoding=\"async\" width=\"768\" height=\"568\" src=\"https:\/\/soymigrante.com\/revista\/wp-content\/uploads\/2023\/11\/fam-perez2-1024x757.webp\" class=\"attachment-large size-large wp-image-3499\" alt=\"\" srcset=\"https:\/\/soymigrante.com\/revista\/wp-content\/uploads\/2023\/11\/fam-perez2-1024x757.webp 1024w, https:\/\/soymigrante.com\/revista\/wp-content\/uploads\/2023\/11\/fam-perez2-300x222.webp 300w, https:\/\/soymigrante.com\/revista\/wp-content\/uploads\/2023\/11\/fam-perez2-768x568.webp 768w, https:\/\/soymigrante.com\/revista\/wp-content\/uploads\/2023\/11\/fam-perez2-750x554.webp 750w, https:\/\/soymigrante.com\/revista\/wp-content\/uploads\/2023\/11\/fam-perez2.webp 1085w\" sizes=\"(max-width: 768px) 100vw, 768px\" title=\"Los migrantes Carlos y Lidia acudieron a votar en las recientes elecciones de Guatemala. Participaron por amor a su patria y en espera de mejores oportunidades de desarroillo para las comunidades \u2013 SoyMigrante.com REVISTA\" \/>\t\t\t\t\t\t\t\t\t\t\t<figcaption class=\"widget-image-caption wp-caption-text\">Los migrantes Carlos y Lidia acudieron a votar en las  elecciones de 2023. Sin embargo, para muchos migrantes hubo dificultades debido a que no figuraban en el padr\u00f3n electoral o que acudieron a un centro de votaci\u00f3n pero estaban registrados en otro, distante, y no pudieron emitir el sufragio. Problemas de este tipo son los que los representantes guatemaltecos pidieron solventar.<\/figcaption>\n\t\t\t\t\t\t\t\t\t\t<\/figure>\n\t\t\t\t\t\t\t\t\t<\/div>\n\t\t\t\t\t<\/div>\n\t\t<\/div>\n\t\t\t\t\t<\/div>\n\t\t<\/section>\n\t\t\t\t<section data-particle_enable=\"false\" data-particle-mobile-disabled=\"false\" class=\"elementor-section elementor-top-section elementor-element elementor-element-2318c48 elementor-section-boxed elementor-section-height-default elementor-section-height-default\" data-id=\"2318c48\" data-element_type=\"section\" data-e-type=\"section\">\n\t\t\t\t\t\t<div class=\"elementor-container elementor-column-gap-default\">\n\t\t\t\t\t<div class=\"elementor-column elementor-col-100 elementor-top-column elementor-element elementor-element-d75a7fb\" data-id=\"d75a7fb\" data-element_type=\"column\" data-e-type=\"column\">\n\t\t\t<div class=\"elementor-widget-wrap elementor-element-populated\">\n\t\t\t\t\t\t<div class=\"elementor-element elementor-element-242fe56 elementor-widget elementor-widget-heading\" data-id=\"242fe56\" data-element_type=\"widget\" data-e-type=\"widget\" data-widget_type=\"heading.default\">\n\t\t\t\t\t<h2 class=\"elementor-heading-title elementor-size-default\">Emprendimientos en l\u00ednea <\/h2>\t\t\t\t<\/div>\n\t\t\t\t\t<\/div>\n\t\t<\/div>\n\t\t\t\t\t<\/div>\n\t\t<\/section>\n\t\t\t\t<section data-particle_enable=\"false\" data-particle-mobile-disabled=\"false\" class=\"elementor-section elementor-top-section elementor-element elementor-element-2b68155 elementor-section-boxed elementor-section-height-default elementor-section-height-default\" data-id=\"2b68155\" data-element_type=\"section\" data-e-type=\"section\">\n\t\t\t\t\t\t<div class=\"elementor-container elementor-column-gap-default\">\n\t\t\t\t\t<div class=\"elementor-column elementor-col-100 elementor-top-column elementor-element elementor-element-49452f5\" data-id=\"49452f5\" data-element_type=\"column\" data-e-type=\"column\">\n\t\t\t<div class=\"elementor-widget-wrap elementor-element-populated\">\n\t\t\t\t\t\t<div class=\"elementor-element elementor-element-1cd3498 elementor-widget elementor-widget-text-editor\" data-id=\"1cd3498\" data-element_type=\"widget\" data-e-type=\"widget\" data-widget_type=\"text-editor.default\">\n\t\t\t\t\t\t\t\t\t<p>Lidia dice: \u201cLos guatemaltecos somos trabajadores. Y este pa\u00eds se mueve con el aporte de los migrantes hispanos. Yo aprend\u00ed a cocinar y es lo que empec\u00e9 a aplicar para tener nuestro propio negocio.\u00a0<\/p><p>Trabajar en un almac\u00e9n de ropa gener\u00f3 en Carlos la inquietud de empezar a distribuir prendas hechas en Guatemala, con tejidos t\u00edpicos, para hombres. \u201cV\u00ed que exist\u00edan varias ventas de ropa de tela t\u00edpica para mujeres, pero no para hombres. Ah\u00ed ve la oportunidad y as\u00ed surgi\u00f3 Estilo Maya. Vendemos camisas, las traemos desde talleres en Guatemala y aqu\u00ed ya les hacemos bordados personalizados\u201d,\u00a0 cuenta.<\/p><div>\u00a0<\/div>\t\t\t\t\t\t\t\t<\/div>\n\t\t\t\t\t<\/div>\n\t\t<\/div>\n\t\t\t\t\t<\/div>\n\t\t<\/section>\n\t\t\t\t<section data-particle_enable=\"false\" data-particle-mobile-disabled=\"false\" class=\"elementor-section elementor-top-section elementor-element elementor-element-3b3b537 elementor-section-boxed elementor-section-height-default elementor-section-height-default\" data-id=\"3b3b537\" data-element_type=\"section\" data-e-type=\"section\">\n\t\t\t\t\t\t<div class=\"elementor-container elementor-column-gap-default\">\n\t\t\t\t\t<div class=\"elementor-column elementor-col-100 elementor-top-column elementor-element elementor-element-204ebf1\" data-id=\"204ebf1\" data-element_type=\"column\" data-e-type=\"column\">\n\t\t\t<div class=\"elementor-widget-wrap elementor-element-populated\">\n\t\t\t\t\t\t<div class=\"elementor-element elementor-element-2c63243 elementor-arrows-position-inside elementor-pagination-position-outside elementor-invisible elementor-widget elementor-widget-image-carousel\" data-id=\"2c63243\" data-element_type=\"widget\" data-e-type=\"widget\" data-settings=\"{&quot;slides_to_show&quot;:&quot;1&quot;,&quot;_animation&quot;:&quot;wobble&quot;,&quot;navigation&quot;:&quot;both&quot;,&quot;autoplay&quot;:&quot;yes&quot;,&quot;pause_on_hover&quot;:&quot;yes&quot;,&quot;pause_on_interaction&quot;:&quot;yes&quot;,&quot;autoplay_speed&quot;:5000,&quot;infinite&quot;:&quot;yes&quot;,&quot;effect&quot;:&quot;slide&quot;,&quot;speed&quot;:500}\" data-widget_type=\"image-carousel.default\">\n\t\t\t\t\t\t\t<div class=\"elementor-image-carousel-wrapper swiper\" role=\"region\" aria-roledescription=\"carousel\" aria-label=\"Carrusel de im\u00e1genes\" dir=\"ltr\">\n\t\t\t<div class=\"elementor-image-carousel swiper-wrapper\" aria-live=\"off\">\n\t\t\t\t\t\t\t\t<div class=\"swiper-slide\" role=\"group\" aria-roledescription=\"slide\" aria-label=\"1 de 7\"><figure class=\"swiper-slide-inner\"><img decoding=\"async\" class=\"swiper-slide-image\" src=\"https:\/\/soymigrante.com\/revista\/wp-content\/uploads\/2023\/11\/es-1024x1024.webp\" alt=\"Estilo Maya surgi\u00f3 principalmente para ofrecer prendas t\u00edpicas guatemaltecas con un estilo contempor\u00e1neo en Washington D.C.\" \/><figcaption class=\"elementor-image-carousel-caption\">Estilo Maya surgi\u00f3 principalmente para ofrecer prendas t\u00edpicas guatemaltecas con un estilo contempor\u00e1neo en Washington D.C.<\/figcaption><\/figure><\/div><div class=\"swiper-slide\" role=\"group\" aria-roledescription=\"slide\" aria-label=\"2 de 7\"><figure class=\"swiper-slide-inner\"><img decoding=\"async\" class=\"swiper-slide-image\" src=\"https:\/\/soymigrante.com\/revista\/wp-content\/uploads\/2023\/11\/estilo-maya.webp\" alt=\"El logotipo se inspira en la figura de un quetzal tejido al estilo tradicional guatemalteco.\" \/><figcaption class=\"elementor-image-carousel-caption\">El logotipo se inspira en la figura de un quetzal tejido al estilo tradicional guatemalteco. <\/figcaption><\/figure><\/div><div class=\"swiper-slide\" role=\"group\" aria-roledescription=\"slide\" aria-label=\"3 de 7\"><figure class=\"swiper-slide-inner\"><img decoding=\"async\" class=\"swiper-slide-image\" src=\"https:\/\/soymigrante.com\/revista\/wp-content\/uploads\/2023\/11\/derter-e1700764892760-1001x1024.webp\" alt=\"La figura del Quetzal bordado es un toque original del emprendimiento migrante Estilo Maya\" \/><figcaption class=\"elementor-image-carousel-caption\">La figura del Quetzal bordado es un toque original del emprendimiento migrante Estilo Maya<\/figcaption><\/figure><\/div><div class=\"swiper-slide\" role=\"group\" aria-roledescription=\"slide\" aria-label=\"4 de 7\"><figure class=\"swiper-slide-inner\"><img decoding=\"async\" class=\"swiper-slide-image\" src=\"https:\/\/soymigrante.com\/revista\/wp-content\/uploads\/2023\/11\/46tgrt-e1700764913144-1007x1024.webp\" alt=\"El amarillo es uno de los colores emblem\u00e1ticos y m\u00e1s solicitados de esta venta en l\u00ednea.\" \/><figcaption class=\"elementor-image-carousel-caption\">El amarillo es uno de los colores emblem\u00e1ticos y m\u00e1s solicitados de esta venta en l\u00ednea.<\/figcaption><\/figure><\/div><div class=\"swiper-slide\" role=\"group\" aria-roledescription=\"slide\" aria-label=\"5 de 7\"><figure class=\"swiper-slide-inner\"><img decoding=\"async\" class=\"swiper-slide-image\" src=\"https:\/\/soymigrante.com\/revista\/wp-content\/uploads\/2023\/11\/350515434_984809546290220_8092871788025542454_n-1024x768.webp\" alt=\"El emprendimiento migrante Estilo Maya suele estar presente en mercados y actividades sociales de la comunidad hispana en Washington y ciudades aleda\u00f1as.\" \/><figcaption class=\"elementor-image-carousel-caption\">El emprendimiento migrante Estilo Maya suele estar presente en mercados y actividades sociales de la comunidad hispana en Washington y ciudades aleda\u00f1as.<\/figcaption><\/figure><\/div><div class=\"swiper-slide\" role=\"group\" aria-roledescription=\"slide\" aria-label=\"6 de 7\"><figure class=\"swiper-slide-inner\"><img decoding=\"async\" class=\"swiper-slide-image\" src=\"https:\/\/soymigrante.com\/revista\/wp-content\/uploads\/2023\/11\/139506285_222075152859599_4511847323402889334_n-e1700764941350-1024x1015.webp\" alt=\"Cada vez surgen m\u00e1s y nuevos estilos en Estilo Maya, para hombres y mujeres.\" \/><figcaption class=\"elementor-image-carousel-caption\">Cada vez surgen m\u00e1s y nuevos estilos en Estilo Maya, para hombres y mujeres.<\/figcaption><\/figure><\/div><div class=\"swiper-slide\" role=\"group\" aria-roledescription=\"slide\" aria-label=\"7 de 7\"><figure class=\"swiper-slide-inner\"><img decoding=\"async\" class=\"swiper-slide-image\" src=\"https:\/\/soymigrante.com\/revista\/wp-content\/uploads\/2023\/11\/esthg-e1700764967389-1024x946.webp\" alt=\"El amor a Guatemala y el af\u00e1n por salir adelante en Estados Unidos impulsan a Carlos P\u00e9rez y su esposa Lidia.\" \/><figcaption class=\"elementor-image-carousel-caption\">El amor a Guatemala y el af\u00e1n por salir adelante en Estados Unidos impulsan a Carlos P\u00e9rez y su esposa Lidia.<\/figcaption><\/figure><\/div>\t\t\t<\/div>\n\t\t\t\t\t\t\t\t\t\t\t\t<div class=\"elementor-swiper-button elementor-swiper-button-prev\" role=\"button\" tabindex=\"0\">\n\t\t\t\t\t\t<i aria-hidden=\"true\" class=\"eicon-chevron-left\"><\/i>\t\t\t\t\t<\/div>\n\t\t\t\t\t<div class=\"elementor-swiper-button elementor-swiper-button-next\" role=\"button\" tabindex=\"0\">\n\t\t\t\t\t\t<i aria-hidden=\"true\" class=\"eicon-chevron-right\"><\/i>\t\t\t\t\t<\/div>\n\t\t\t\t\n\t\t\t\t\t\t\t\t\t<div class=\"swiper-pagination\"><\/div>\n\t\t\t\t\t\t\t\t\t<\/div>\n\t\t\t\t\t\t<\/div>\n\t\t\t\t\t<\/div>\n\t\t<\/div>\n\t\t\t\t\t<\/div>\n\t\t<\/section>\n\t\t\t\t<section data-particle_enable=\"false\" data-particle-mobile-disabled=\"false\" class=\"elementor-section elementor-top-section elementor-element elementor-element-c1b32e3 elementor-section-boxed elementor-section-height-default elementor-section-height-default\" data-id=\"c1b32e3\" data-element_type=\"section\" data-e-type=\"section\">\n\t\t\t\t\t\t<div class=\"elementor-container elementor-column-gap-default\">\n\t\t\t\t\t<div class=\"elementor-column elementor-col-100 elementor-top-column elementor-element elementor-element-e6581b2\" data-id=\"e6581b2\" data-element_type=\"column\" data-e-type=\"column\">\n\t\t\t<div class=\"elementor-widget-wrap elementor-element-populated\">\n\t\t\t\t\t\t<div class=\"elementor-element elementor-element-8586a91 elementor-invisible elementor-widget elementor-widget-image\" data-id=\"8586a91\" data-element_type=\"widget\" data-e-type=\"widget\" data-settings=\"{&quot;_animation&quot;:&quot;fadeInUp&quot;}\" data-widget_type=\"image.default\">\n\t\t\t\t\t\t\t\t\t\t\t\t<figure class=\"wp-caption\">\n\t\t\t\t\t\t\t\t\t\t<img decoding=\"async\" width=\"768\" height=\"761\" src=\"https:\/\/soymigrante.com\/revista\/wp-content\/uploads\/2023\/11\/fam-perez-1024x1014.webp\" class=\"attachment-large size-large wp-image-3507\" alt=\"\" srcset=\"https:\/\/soymigrante.com\/revista\/wp-content\/uploads\/2023\/11\/fam-perez-1024x1014.webp 1024w, https:\/\/soymigrante.com\/revista\/wp-content\/uploads\/2023\/11\/fam-perez-300x297.webp 300w, https:\/\/soymigrante.com\/revista\/wp-content\/uploads\/2023\/11\/fam-perez-150x150.webp 150w, https:\/\/soymigrante.com\/revista\/wp-content\/uploads\/2023\/11\/fam-perez-768x761.webp 768w, https:\/\/soymigrante.com\/revista\/wp-content\/uploads\/2023\/11\/fam-perez-75x75.webp 75w, https:\/\/soymigrante.com\/revista\/wp-content\/uploads\/2023\/11\/fam-perez-750x743.webp 750w, https:\/\/soymigrante.com\/revista\/wp-content\/uploads\/2023\/11\/fam-perez-1140x1129.webp 1140w, https:\/\/soymigrante.com\/revista\/wp-content\/uploads\/2023\/11\/fam-perez.webp 1536w\" sizes=\"(max-width: 768px) 100vw, 768px\" title=\"La familia P\u00e9rez: Carlos, Lidia y sus hijas Karen y Joselyn integran un n\u00facleo  migrante de valores e identidad que avannza en Washington D.C. con la vista puesta en el futuro y las ra\u00edces cimentadas en su natal Guatemala. \u2013 SoyMigrante.com REVISTA\" \/>\t\t\t\t\t\t\t\t\t\t\t<figcaption class=\"widget-image-caption wp-caption-text\">La familia P\u00e9rez: Carlos, Lidia y sus hijas Karen y Joselyn integran un n\u00facleo  migrante de valores e identidad que avannza en Washington D.C. con la vista puesta en el futuro y las ra\u00edces cimentadas en su natal Guatemala.<\/figcaption>\n\t\t\t\t\t\t\t\t\t\t<\/figure>\n\t\t\t\t\t\t\t\t\t<\/div>\n\t\t\t\t\t<\/div>\n\t\t<\/div>\n\t\t\t\t\t<\/div>\n\t\t<\/section>\n\t\t\t\t<section data-particle_enable=\"false\" data-particle-mobile-disabled=\"false\" class=\"elementor-section elementor-top-section elementor-element elementor-element-01f50fd elementor-section-boxed elementor-section-height-default elementor-section-height-default\" data-id=\"01f50fd\" data-element_type=\"section\" data-e-type=\"section\">\n\t\t\t\t\t\t<div class=\"elementor-container elementor-column-gap-default\">\n\t\t\t\t\t<div class=\"elementor-column elementor-col-100 elementor-top-column elementor-element elementor-element-b98b5de\" data-id=\"b98b5de\" data-element_type=\"column\" data-e-type=\"column\">\n\t\t\t<div class=\"elementor-widget-wrap elementor-element-populated\">\n\t\t\t\t\t\t<div class=\"elementor-element elementor-element-ec03c38 elementor-widget elementor-widget-heading\" data-id=\"ec03c38\" data-element_type=\"widget\" data-e-type=\"widget\" data-widget_type=\"heading.default\">\n\t\t\t\t\t<h2 class=\"elementor-heading-title elementor-size-default\">El valor de una familia guatemalteca unida<\/h2>\t\t\t\t<\/div>\n\t\t\t\t\t<\/div>\n\t\t<\/div>\n\t\t\t\t\t<\/div>\n\t\t<\/section>\n\t\t\t\t<section data-particle_enable=\"false\" data-particle-mobile-disabled=\"false\" class=\"elementor-section elementor-top-section elementor-element elementor-element-6da639b elementor-section-boxed elementor-section-height-default elementor-section-height-default\" data-id=\"6da639b\" data-element_type=\"section\" data-e-type=\"section\">\n\t\t\t\t\t\t<div class=\"elementor-container elementor-column-gap-default\">\n\t\t\t\t\t<div class=\"elementor-column elementor-col-100 elementor-top-column elementor-element elementor-element-d567051\" data-id=\"d567051\" data-element_type=\"column\" data-e-type=\"column\">\n\t\t\t<div class=\"elementor-widget-wrap elementor-element-populated\">\n\t\t\t\t\t\t<div class=\"elementor-element elementor-element-5c37af5 elementor-widget elementor-widget-text-editor\" data-id=\"5c37af5\" data-element_type=\"widget\" data-e-type=\"widget\" data-widget_type=\"text-editor.default\">\n\t\t\t\t\t\t\t\t\t<p>\u201cGracias a lo que nos ense\u00f1aron nuestros padres, salimos adelante. Quiz\u00e1 ellos no sab\u00edan leer ni escribir, eran agricultores, pero ten\u00edan un fuerte sentido de trabajo y tambi\u00e9n de negocio para escalar en la vida\u201d, agrega Lidia cuya especialidad son los tamales de arroz, los paches y tambi\u00e9n el pepi\u00e1n.<\/p><p>Carlos se siente afortunado de estar con Lidia: es tener a Guatemala cerca del coraz\u00f3n. \u201cEs una mujer luchona, esforzada y me apoya en todo\u201d. Lidia, se considera tambi\u00e9n dichosa de tener la compa\u00f1\u00eda de Carlos. \u201cPara poder salir adelante hay que estar unidos y en familia. Aqu\u00ed la vida es muy corrida, de prisas, de horarios duros, pero seguimos adelante\u201d.<\/p>\t\t\t\t\t\t\t\t<\/div>\n\t\t\t\t\t<\/div>\n\t\t<\/div>\n\t\t\t\t\t<\/div>\n\t\t<\/section>\n\t\t\t\t<section data-particle_enable=\"false\" data-particle-mobile-disabled=\"false\" class=\"elementor-section elementor-top-section elementor-element elementor-element-2ee10a3 elementor-section-boxed elementor-section-height-default elementor-section-height-default\" data-id=\"2ee10a3\" data-element_type=\"section\" data-e-type=\"section\">\n\t\t\t\t\t\t<div class=\"elementor-container elementor-column-gap-default\">\n\t\t\t\t\t<div class=\"elementor-column elementor-col-100 elementor-top-column elementor-element elementor-element-527db8e\" data-id=\"527db8e\" data-element_type=\"column\" data-e-type=\"column\">\n\t\t\t<div class=\"elementor-widget-wrap elementor-element-populated\">\n\t\t\t\t\t\t<div class=\"elementor-element elementor-element-8908ef1 elementor-widget elementor-widget-facebook-page\" data-id=\"8908ef1\" data-element_type=\"widget\" data-e-type=\"widget\" data-widget_type=\"facebook-page.default\">\n\t\t\t\t\t<div class=\"elementor-facebook-widget fb-page\" data-href=\"https:\/\/www.facebook.com\/profile.php?id=100063557383203\" data-tabs=\"timeline\" data-height=\"500px\" data-width=\"500px\" data-small-header=\"false\" data-hide-cover=\"false\" data-show-facepile=\"true\" data-hide-cta=\"false\" style=\"min-height: 1px;height:500px\"><\/div>\t\t\t\t<\/div>\n\t\t\t\t\t<\/div>\n\t\t<\/div>\n\t\t\t\t\t<\/div>\n\t\t<\/section>\n\t\t\t\t<section data-particle_enable=\"false\" data-particle-mobile-disabled=\"false\" class=\"elementor-section elementor-top-section elementor-element elementor-element-8fe55a9 elementor-section-boxed elementor-section-height-default elementor-section-height-default\" data-id=\"8fe55a9\" data-element_type=\"section\" data-e-type=\"section\">\n\t\t\t\t\t\t<div class=\"elementor-container elementor-column-gap-default\">\n\t\t\t\t\t<div class=\"elementor-column elementor-col-100 elementor-top-column elementor-element elementor-element-e2efe63\" data-id=\"e2efe63\" data-element_type=\"column\" data-e-type=\"column\">\n\t\t\t<div class=\"elementor-widget-wrap elementor-element-populated\">\n\t\t\t\t\t\t<div class=\"elementor-element elementor-element-f4bc02e elementor-widget elementor-widget-heading\" data-id=\"f4bc02e\" data-element_type=\"widget\" data-e-type=\"widget\" data-widget_type=\"heading.default\">\n\t\t\t\t\t<h2 class=\"elementor-heading-title elementor-size-default\">Mucho m\u00e1s de nuestra Guatemala<\/h2>\t\t\t\t<\/div>\n\t\t\t\t\t<\/div>\n\t\t<\/div>\n\t\t\t\t\t<\/div>\n\t\t<\/section>\n\t\t\t\t<section data-particle_enable=\"false\" data-particle-mobile-disabled=\"false\" class=\"elementor-section elementor-top-section elementor-element elementor-element-bcd7293 elementor-section-boxed elementor-section-height-default elementor-section-height-default\" data-id=\"bcd7293\" data-element_type=\"section\" data-e-type=\"section\">\n\t\t\t\t\t\t<div class=\"elementor-container elementor-column-gap-default\">\n\t\t\t\t\t<div class=\"elementor-column elementor-col-100 elementor-top-column elementor-element elementor-element-49cb07a\" data-id=\"49cb07a\" data-element_type=\"column\" data-e-type=\"column\">\n\t\t\t<div class=\"elementor-widget-wrap elementor-element-populated\">\n\t\t\t\t\t\t<div class=\"elementor-element elementor-element-df8f2ec elementor-widget elementor-widget-blfe-post-grid\" data-id=\"df8f2ec\" data-element_type=\"widget\" data-e-type=\"widget\" data-settings=\"{&quot;columns&quot;:&quot;12&quot;,&quot;columns_tablet&quot;:&quot;6&quot;,&quot;columns_mobile&quot;:&quot;12&quot;,&quot;classic1_slides_to_show&quot;:3,&quot;classic1_slides_to_show_tablet&quot;:2,&quot;classic1_slides_to_show_mobile&quot;:1,&quot;classic1_autoplay&quot;:&quot;yes&quot;,&quot;classic1_autoplay_speed&quot;:5000,&quot;classic1_pause_on_hover&quot;:&quot;no&quot;,&quot;classic1_loop&quot;:&quot;yes&quot;,&quot;classic1_animation_speed&quot;:200,&quot;classic1_navigation&quot;:&quot;dots&quot;,&quot;classic1_carousel_arrow_size&quot;:{&quot;unit&quot;:&quot;px&quot;,&quot;size&quot;:&quot;&quot;,&quot;sizes&quot;:[]},&quot;classic1_carousel_arrow_size_tablet&quot;:{&quot;unit&quot;:&quot;px&quot;,&quot;size&quot;:&quot;&quot;,&quot;sizes&quot;:[]},&quot;classic1_carousel_arrow_size_mobile&quot;:{&quot;unit&quot;:&quot;px&quot;,&quot;size&quot;:&quot;&quot;,&quot;sizes&quot;:[]},&quot;classic1_carousel_arrow_height&quot;:{&quot;unit&quot;:&quot;px&quot;,&quot;size&quot;:&quot;&quot;,&quot;sizes&quot;:[]},&quot;classic1_carousel_arrow_height_tablet&quot;:{&quot;unit&quot;:&quot;px&quot;,&quot;size&quot;:&quot;&quot;,&quot;sizes&quot;:[]},&quot;classic1_carousel_arrow_height_mobile&quot;:{&quot;unit&quot;:&quot;px&quot;,&quot;size&quot;:&quot;&quot;,&quot;sizes&quot;:[]},&quot;classic1_carousel_arrow_width&quot;:{&quot;unit&quot;:&quot;px&quot;,&quot;size&quot;:&quot;&quot;,&quot;sizes&quot;:[]},&quot;classic1_carousel_arrow_width_tablet&quot;:{&quot;unit&quot;:&quot;px&quot;,&quot;size&quot;:&quot;&quot;,&quot;sizes&quot;:[]},&quot;classic1_carousel_arrow_width_mobile&quot;:{&quot;unit&quot;:&quot;px&quot;,&quot;size&quot;:&quot;&quot;,&quot;sizes&quot;:[]},&quot;classic1_carousel_dots_size&quot;:{&quot;unit&quot;:&quot;px&quot;,&quot;size&quot;:&quot;&quot;,&quot;sizes&quot;:[]},&quot;classic1_carousel_dots_size_tablet&quot;:{&quot;unit&quot;:&quot;px&quot;,&quot;size&quot;:&quot;&quot;,&quot;sizes&quot;:[]},&quot;classic1_carousel_dots_size_mobile&quot;:{&quot;unit&quot;:&quot;px&quot;,&quot;size&quot;:&quot;&quot;,&quot;sizes&quot;:[]}}\" data-widget_type=\"blfe-post-grid.classic1\">\n\t\t\t\t<div class=\"elementor-widget-container\">\n\t\t\t\t\t\n            \n                <div data-skin=\"classic1\" class=\"blfe-row blfe-posts-inner blfe-classic1      blfe-carousel  \">\n                            <div class=\"blfe-post-grid-item blfe-equal-height\">\n            <div class=\"blfe-post-grid-item-inner blfe-modern-zoom\">\n                <a class=\"blfe-post-grid-image\" href=\"https:\/\/soymigrante.com\/revista\/dia-de-la-tierra-todos-los-dias-productos-guatemaltecos-naturales-y-autenticos-en-mercado\/\" title=\"D\u00eda de la Tierra todos los d\u00edas: productos guatemaltecos naturales y aut\u00e9nticos en MERCADO\" rel=\"nofollow\" target=\"_blank\"><img decoding=\"async\" src=\"https:\/\/soymigrante.com\/revista\/wp-content\/uploads\/2026\/04\/DIA-DE-LA-TIERRA-PRODUCTOS-ECOLOGICOS-GUATEMALA-SOYMIGRANTE-MERCADO.png\" alt=\"D\u00eda de la Tierra todos los d\u00edas: productos guatemaltecos naturales y aut\u00e9nticos en MERCADO\"\/><\/a>                                <div class=\"blfe-post-grid-details\">\n                    <div class=\"blfe-post-grid-details-inner\">\n                        <h3 class=\"blfe-post-grid-title\">\n            <a href=\"https:\/\/soymigrante.com\/revista\/dia-de-la-tierra-todos-los-dias-productos-guatemaltecos-naturales-y-autenticos-en-mercado\/\" title=\"D\u00eda de la Tierra todos los d\u00edas: productos guatemaltecos naturales y aut\u00e9nticos en MERCADO\" rel=\"nofollow\" target=\"_blank\">D\u00eda de la Tierra todos los d\u00edas: productos guatemaltecos naturales y aut\u00e9nticos en MERCADO<\/a>\n            <\/h3>                        <p class=\"blfe-post-grid-excerpt\">Productos sostenibles, ecol\u00f3gicos, elaborados por manos guatemaltecas a partir de ingredientes naturales: apoya su ingenio y disfruta experiencias positivas. En...<\/p>                                    <div class=\"blfe-post-grid-meta\">\n                <span class=\"blfe-post-grid-time\"><i class=\"fas fa-book-reader\"><\/i>4 Min read<\/span>            <\/div>\n                                                        <\/div>\n                <\/div>\n\n            <\/div>\n        <\/div>\n                <div class=\"blfe-post-grid-item blfe-equal-height\">\n            <div class=\"blfe-post-grid-item-inner blfe-modern-zoom\">\n                <a class=\"blfe-post-grid-image\" href=\"https:\/\/soymigrante.com\/revista\/refugio-natural-cerca-de-la-capital-la-reserva-ecologica-senderos-de-alux-en-sacatepequez\/\" title=\"Refugio natural cerca de la capital: La reserva ecol\u00f3gica Senderos de Alux en Sacatep\u00e9quez\" rel=\"nofollow\" target=\"_blank\"><img decoding=\"async\" src=\"https:\/\/soymigrante.com\/revista\/wp-content\/uploads\/2026\/04\/parque-ecologico-senderos-de-alux-5.jpg\" alt=\"Refugio natural cerca de la capital: La reserva ecol\u00f3gica Senderos de Alux en Sacatep\u00e9quez\"\/><\/a>                                <div class=\"blfe-post-grid-details\">\n                    <div class=\"blfe-post-grid-details-inner\">\n                        <h3 class=\"blfe-post-grid-title\">\n            <a href=\"https:\/\/soymigrante.com\/revista\/refugio-natural-cerca-de-la-capital-la-reserva-ecologica-senderos-de-alux-en-sacatepequez\/\" title=\"Refugio natural cerca de la capital: La reserva ecol\u00f3gica Senderos de Alux en Sacatep\u00e9quez\" rel=\"nofollow\" target=\"_blank\">Refugio natural cerca de la capital: La reserva ecol\u00f3gica Senderos de Alux en Sacatep\u00e9quez<\/a>\n            <\/h3>                        <p class=\"blfe-post-grid-excerpt\">\u00bfCon poco tiempo para viajar pero muchas ganas de relajarte y disfrutar del bosque guatemalteco? La reserva natural Senderos de...<\/p>                                    <div class=\"blfe-post-grid-meta\">\n                <span class=\"blfe-post-grid-time\"><i class=\"fas fa-book-reader\"><\/i>4 Min read<\/span>            <\/div>\n                                                        <\/div>\n                <\/div>\n\n            <\/div>\n        <\/div>\n                <div class=\"blfe-post-grid-item blfe-equal-height\">\n            <div class=\"blfe-post-grid-item-inner blfe-modern-zoom\">\n                <a class=\"blfe-post-grid-image\" href=\"https:\/\/soymigrante.com\/revista\/libros-guatemaltecos-dia-internacional-del-libro-festeja-inspirate-mercado\/\" title=\"Celebra el D\u00eda del Libro con inspiraci\u00f3n 100% guatemalteca: adquiere, disfruta u obsequia en MERCADO\" rel=\"nofollow\" target=\"_blank\"><img decoding=\"async\" src=\"https:\/\/soymigrante.com\/revista\/wp-content\/uploads\/2026\/04\/DIA-DEL-LIBRO-SOYMIGRANTE-MERCADO.png\" alt=\"Celebra el D\u00eda del Libro con inspiraci\u00f3n 100% guatemalteca: adquiere, disfruta u obsequia en MERCADO\"\/><\/a>                                <div class=\"blfe-post-grid-details\">\n                    <div class=\"blfe-post-grid-details-inner\">\n                        <h3 class=\"blfe-post-grid-title\">\n            <a href=\"https:\/\/soymigrante.com\/revista\/libros-guatemaltecos-dia-internacional-del-libro-festeja-inspirate-mercado\/\" title=\"Celebra el D\u00eda del Libro con inspiraci\u00f3n 100% guatemalteca: adquiere, disfruta u obsequia en MERCADO\" rel=\"nofollow\" target=\"_blank\">Celebra el D\u00eda del Libro con inspiraci\u00f3n 100% guatemalteca: adquiere, disfruta u obsequia en MERCADO<\/a>\n            <\/h3>                        <p class=\"blfe-post-grid-excerpt\">Cada 23 de abril se conmemora el D\u00eda Internacional del Libro y Guatemala es un pa\u00eds de grandes autores. Apoya,...<\/p>                                    <div class=\"blfe-post-grid-meta\">\n                <span class=\"blfe-post-grid-time\"><i class=\"fas fa-book-reader\"><\/i>6 Min read<\/span>            <\/div>\n                                                        <\/div>\n                <\/div>\n\n            <\/div>\n        <\/div>\n                <div class=\"blfe-post-grid-item blfe-equal-height\">\n            <div class=\"blfe-post-grid-item-inner blfe-modern-zoom\">\n                <a class=\"blfe-post-grid-image\" href=\"https:\/\/soymigrante.com\/revista\/dia-mundial-del-emprendimiento-16-historias-llenas-de-trabajo-y-creatividad-presentes-en-mercado\/\" title=\"D\u00eda Mundial del Emprendimiento: 16 historias llenas de  trabajo y creatividad presentes en MERCADO\" rel=\"nofollow\" target=\"_blank\"><img decoding=\"async\" src=\"https:\/\/soymigrante.com\/revista\/wp-content\/uploads\/2026\/04\/SOYMIGRANTECOM-MERCADO-DIA-MUNDIAL-DEL-EMPRENDEDOR.png\" alt=\"D\u00eda Mundial del Emprendimiento: 16 historias llenas de  trabajo y creatividad presentes en MERCADO\"\/><\/a>                                <div class=\"blfe-post-grid-details\">\n                    <div class=\"blfe-post-grid-details-inner\">\n                        <h3 class=\"blfe-post-grid-title\">\n            <a href=\"https:\/\/soymigrante.com\/revista\/dia-mundial-del-emprendimiento-16-historias-llenas-de-trabajo-y-creatividad-presentes-en-mercado\/\" title=\"D\u00eda Mundial del Emprendimiento: 16 historias llenas de  trabajo y creatividad presentes en MERCADO\" rel=\"nofollow\" target=\"_blank\">D\u00eda Mundial del Emprendimiento: 16 historias llenas de  trabajo y creatividad presentes en MERCADO<\/a>\n            <\/h3>                        <p class=\"blfe-post-grid-excerpt\">A los emprendedores se les celebra adquiriendo sus creaciones: aut\u00e9nticas, originales, llenas de cultura y de historia. Estos son 10...<\/p>                                    <div class=\"blfe-post-grid-meta\">\n                <span class=\"blfe-post-grid-time\"><i class=\"fas fa-book-reader\"><\/i>8 Min read<\/span>            <\/div>\n                                                        <\/div>\n                <\/div>\n\n            <\/div>\n        <\/div>\n                <div class=\"blfe-post-grid-item blfe-equal-height\">\n            <div class=\"blfe-post-grid-item-inner blfe-modern-zoom\">\n                <a class=\"blfe-post-grid-image\" href=\"https:\/\/soymigrante.com\/revista\/san-andres-xecul-totonicapan-guatemala-templo-simbologia-guia-significados-sincretismo-maya\/\" title=\"Mira de cerca la ic\u00f3nica iglesia de San Andr\u00e9s Xecul, Totonicap\u00e1n y conoce el significado de su simbolog\u00eda &#8211; Galer\u00eda\" rel=\"nofollow\" target=\"_blank\"><img decoding=\"async\" src=\"https:\/\/soymigrante.com\/revista\/wp-content\/uploads\/2026\/04\/San-Andres-Xecul-totonicapan-guatemala-iglesia-significado-foto-marcos-zarate.jpg\" alt=\"Mira de cerca la ic\u00f3nica iglesia de San Andr\u00e9s Xecul, Totonicap\u00e1n y conoce el significado de su simbolog\u00eda &#8211; Galer\u00eda\"\/><\/a>                                <div class=\"blfe-post-grid-details\">\n                    <div class=\"blfe-post-grid-details-inner\">\n                        <h3 class=\"blfe-post-grid-title\">\n            <a href=\"https:\/\/soymigrante.com\/revista\/san-andres-xecul-totonicapan-guatemala-templo-simbologia-guia-significados-sincretismo-maya\/\" title=\"Mira de cerca la ic\u00f3nica iglesia de San Andr\u00e9s Xecul, Totonicap\u00e1n y conoce el significado de su simbolog\u00eda &#8211; Galer\u00eda\" rel=\"nofollow\" target=\"_blank\">Mira de cerca la ic\u00f3nica iglesia de San Andr\u00e9s Xecul, Totonicap\u00e1n y conoce el significado de su simbolog\u00eda &#8211; Galer\u00eda<\/a>\n            <\/h3>                        <p class=\"blfe-post-grid-excerpt\">Es deslumbrante la fachada de la iglesia de San Andr\u00e9s Xecul, Totonicap\u00e1n: un aut\u00e9ntico \u00edcono de Guatemala. \u00bfPero s\u00e1bes qu\u00e9...<\/p>                                    <div class=\"blfe-post-grid-meta\">\n                <span class=\"blfe-post-grid-time\"><i class=\"fas fa-book-reader\"><\/i>5 Min read<\/span>            <\/div>\n                                                        <\/div>\n                <\/div>\n\n            <\/div>\n        <\/div>\n                        <\/div>\n\n            \n            \t\t\t\t<\/div>\n\t\t\t\t<\/div>\n\t\t\t\t\t<\/div>\n\t\t<\/div>\n\t\t\t\t\t<\/div>\n\t\t<\/section>\n\t\t\t\t<\/div>\n\t\t","protected":false},"excerpt":{"rendered":"<p>Su mayor tesoro es su amor de familia, que les motiva a trabajar, a emprender y a impulsar a sus hijas: los migrantes Carlos y Lidia, de Concepci\u00f3n Chiquirichapa, Quetzaltenango, salen adelante en Washington D.C. Comparten una alegr\u00eda inspiradora Nacieron en el mismo pueblo, Concepci\u00f3n Chiquirichapa, Quetzaltenango; hablan el mismo idioma: maya mam; alguna vez [&hellip;]<\/p>\n","protected":false},"author":7,"featured_media":3496,"comment_status":"open","ping_status":"open","sticky":false,"template":"","format":"standard","meta":{"_acf_changed":false,"_eb_attr":"","footnotes":""},"categories":[50],"tags":[],"class_list":["post-3495","post","type-post","status-publish","format-standard","has-post-thumbnail","hentry","category-exitos"],"acf":[],"aioseo_notices":[],"aioseo_head":"\n\t\t<!-- All in One SEO Pro 4.9.6.2 - aioseo.com -->\n\t<meta name=\"description\" content=\"Mira muy de cerca la ic\u00f3nica fachada del templo de San Andr\u00e9s Xecul Totonicap\u00e1n y descubre personajes de la espiritualidad cristiana pero tambi\u00e9n del Popol Vuh\" \/>\n\t<meta name=\"robots\" content=\"max-snippet:-1, max-image-preview:large, max-video-preview:-1\" \/>\n\t<meta name=\"author\" content=\"SoyMigrante.com REVISTA\"\/>\n\t<link rel=\"canonical\" href=\"https:\/\/soymigrante.com\/revista\/san-andres-xecul-totonicapan-guatemala-templo-simbologia-guia-significados-sincretismo-maya\/\" \/>\n\t<meta name=\"generator\" content=\"All in One SEO Pro (AIOSEO) 4.9.6.2\" \/>\n\n\t\t<link rel=\"preconnect\" href=\"https:\/\/fonts.googleapis.com\" crossorigin>\n<link rel=\"preconnect\" href=\"https:\/\/fonts.gstatic.com\" crossorigin>\n\t\t<meta property=\"og:locale\" content=\"es_ES\" \/>\n\t\t<meta property=\"og:site_name\" content=\"SoyMigrante.com REVISTA \u2013 Nuestra misi\u00f3n es reconocer y dignificar al migrante.\" \/>\n\t\t<meta property=\"og:type\" content=\"article\" \/>\n\t\t<meta property=\"og:title\" content=\"\u00bfSabes qu\u00e9 significa la fachada del templo San Andr\u00e9s Xecul?\" \/>\n\t\t<meta property=\"og:description\" content=\"Mira muy de cerca la ic\u00f3nica fachada del templo de San Andr\u00e9s Xecul Totonicap\u00e1n y descubre personajes de la espiritualidad cristiana pero tambi\u00e9n del Popol Vuh\" \/>\n\t\t<meta property=\"og:url\" content=\"https:\/\/soymigrante.com\/revista\/san-andres-xecul-totonicapan-guatemala-templo-simbologia-guia-significados-sincretismo-maya\/\" \/>\n\t\t<meta property=\"og:image\" content=\"https:\/\/soymigrante.com\/revista\/wp-content\/uploads\/2026\/04\/San-Andres-Xecul-totonicapan-guatemala-iglesia-significado-foto-marcos-zarate.jpg\" \/>\n\t\t<meta property=\"og:image:secure_url\" content=\"https:\/\/soymigrante.com\/revista\/wp-content\/uploads\/2026\/04\/San-Andres-Xecul-totonicapan-guatemala-iglesia-significado-foto-marcos-zarate.jpg\" \/>\n\t\t<meta property=\"og:image:width\" content=\"1800\" \/>\n\t\t<meta property=\"og:image:height\" content=\"1800\" \/>\n\t\t<meta property=\"article:published_time\" content=\"2026-04-16T22:54:15+00:00\" \/>\n\t\t<meta property=\"article:modified_time\" content=\"2026-04-16T23:35:57+00:00\" \/>\n\t\t<meta property=\"article:publisher\" content=\"https:\/\/www.facebook.com\/soymigrantecom\" \/>\n\t\t<meta name=\"twitter:card\" content=\"summary_large_image\" \/>\n\t\t<meta name=\"twitter:site\" content=\"@SoyMigrante_com\" \/>\n\t\t<meta name=\"twitter:title\" content=\"\u00bfSabes qu\u00e9 significa la fachada del templo San Andr\u00e9s Xecul?\" \/>\n\t\t<meta name=\"twitter:description\" content=\"Mira muy de cerca la ic\u00f3nica fachada del templo de San Andr\u00e9s Xecul Totonicap\u00e1n y descubre personajes de la espiritualidad cristiana pero tambi\u00e9n del Popol Vuh\" \/>\n\t\t<meta name=\"twitter:creator\" content=\"@SoyMigrante_com\" \/>\n\t\t<meta name=\"twitter:image\" content=\"https:\/\/soymigrante.com\/revista\/wp-content\/uploads\/2026\/04\/San-Andres-Xecul-totonicapan-guatemala-iglesia-significado-foto-marcos-zarate.jpg\" \/>\n\t\t<!-- All in One SEO Pro -->\r\n\t\t<title>\u00bfSabes qu\u00e9 significa la fachada del templo San Andr\u00e9s Xecul?<\/title>\n\n","aioseo_head_json":{"title":"\u00bfSabes qu\u00e9 significa la fachada del templo San Andr\u00e9s Xecul?","description":"Mira muy de cerca la ic\u00f3nica fachada del templo de San Andr\u00e9s Xecul Totonicap\u00e1n y descubre personajes de la espiritualidad cristiana pero tambi\u00e9n del Popol Vuh","canonical_url":"https:\/\/soymigrante.com\/revista\/san-andres-xecul-totonicapan-guatemala-templo-simbologia-guia-significados-sincretismo-maya\/","robots":"max-snippet:-1, max-image-preview:large, max-video-preview:-1","keywords":"","webmasterTools":{"miscellaneous":"&lt;link rel=\"preconnect\" href=\"https:\/\/fonts.googleapis.com\" crossorigin&gt;\n&lt;link rel=\"preconnect\" href=\"https:\/\/fonts.gstatic.com\" crossorigin&gt;"},"schema":null,"og:locale":"es_ES","og:site_name":"SoyMigrante.com REVISTA \u2013 Nuestra misi\u00f3n es reconocer y dignificar al migrante.","og:type":"article","og:title":"\u00bfSabes qu\u00e9 significa la fachada del templo San Andr\u00e9s Xecul?","og:description":"Mira muy de cerca la ic\u00f3nica fachada del templo de San Andr\u00e9s Xecul Totonicap\u00e1n y descubre personajes de la espiritualidad cristiana pero tambi\u00e9n del Popol Vuh","og:url":"https:\/\/soymigrante.com\/revista\/san-andres-xecul-totonicapan-guatemala-templo-simbologia-guia-significados-sincretismo-maya\/","og:image":"https:\/\/soymigrante.com\/revista\/wp-content\/uploads\/2026\/04\/San-Andres-Xecul-totonicapan-guatemala-iglesia-significado-foto-marcos-zarate.jpg","og:image:secure_url":"https:\/\/soymigrante.com\/revista\/wp-content\/uploads\/2026\/04\/San-Andres-Xecul-totonicapan-guatemala-iglesia-significado-foto-marcos-zarate.jpg","og:image:width":1800,"og:image:height":1800,"article:published_time":"2026-04-16T22:54:15+00:00","article:modified_time":"2026-04-16T23:35:57+00:00","article:publisher":"https:\/\/www.facebook.com\/soymigrantecom","twitter:card":"summary_large_image","twitter:site":"@SoyMigrante_com","twitter:title":"\u00bfSabes qu\u00e9 significa la fachada del templo San Andr\u00e9s Xecul?","twitter:description":"Mira muy de cerca la ic\u00f3nica fachada del templo de San Andr\u00e9s Xecul Totonicap\u00e1n y descubre personajes de la espiritualidad cristiana pero tambi\u00e9n del Popol Vuh","twitter:creator":"@SoyMigrante_com","twitter:image":"https:\/\/soymigrante.com\/revista\/wp-content\/uploads\/2026\/04\/San-Andres-Xecul-totonicapan-guatemala-iglesia-significado-foto-marcos-zarate.jpg"},"aioseo_meta_data":{"post_id":"3495","title":null,"description":null,"keywords":[],"keyphrases":{"focus":{"keyphrase":"Migrantes","score":82,"analysis":{"keyphraseInTitle":{"score":9,"maxScore":9,"error":0},"keyphraseInDescription":{"score":9,"maxScore":9,"error":0},"keyphraseLength":{"score":9,"maxScore":9,"error":0,"length":1},"keyphraseInURL":{"score":5,"maxScore":5,"error":0},"keyphraseInIntroduction":{"score":3,"maxScore":9,"error":1},"keyphraseInSubHeadings":{"score":3,"maxScore":9,"error":1},"keyphraseInImageAlt":{"score":9,"maxScore":9,"error":0},"keywordDensity":{"type":"best","score":9,"maxScore":9,"error":0}}},"additional":[]},"primary_term":null,"canonical_url":null,"og_title":null,"og_description":null,"og_object_type":"default","og_image_type":"default","og_image_url":null,"og_image_width":null,"og_image_height":null,"og_image_custom_url":null,"og_image_custom_fields":null,"og_video":"","og_custom_url":null,"og_article_section":null,"og_article_tags":[],"twitter_use_og":false,"twitter_card":"default","twitter_image_type":"default","twitter_image_url":null,"twitter_image_custom_url":null,"twitter_image_custom_fields":null,"twitter_title":null,"twitter_description":null,"schema":{"blockGraphs":[],"customGraphs":[],"default":{"data":{"Article":[],"Course":[],"Dataset":[],"FAQPage":[],"Movie":[],"Person":[],"Product":[],"ProductReview":[],"Car":[],"Recipe":[],"Service":[],"SoftwareApplication":[],"WebPage":[]},"graphName":"BlogPosting","isEnabled":true},"graphs":[]},"schema_type":"default","schema_type_options":null,"pillar_content":false,"robots_default":true,"robots_noindex":false,"robots_noarchive":false,"robots_nosnippet":false,"robots_nofollow":false,"robots_noimageindex":false,"robots_noodp":false,"robots_notranslate":false,"robots_max_snippet":"-1","robots_max_videopreview":"-1","robots_max_imagepreview":"large","priority":null,"frequency":"default","local_seo":null,"seo_analyzer_scan_date":"2025-10-08 20:42:20","breadcrumb_settings":null,"limit_modified_date":false,"reviewed_by":null,"open_ai":null,"ai":null,"created":"2023-11-23 18:25:01","updated":"2026-02-04 09:53:43"},"aioseo_breadcrumb":"<div class=\"aioseo-breadcrumbs\"><span class=\"aioseo-breadcrumb\">\n\t<a href=\"https:\/\/soymigrante.com\/revista\" title=\"Home\">Home<\/a>\n<\/span><span class=\"aioseo-breadcrumb-separator\">\u00bb<\/span><span class=\"aioseo-breadcrumb\">\n\t<a href=\"https:\/\/soymigrante.com\/revista\/category\/exitos\/\" title=\"\u00c9xitos\">\u00c9xitos<\/a>\n<\/span><span class=\"aioseo-breadcrumb-separator\">\u00bb<\/span><span class=\"aioseo-breadcrumb\">\n\tEn D\u00eda de Acci\u00f3n de Gracias se conocieron los migrantes Carlos y Lidia\n<\/span><\/div>","aioseo_breadcrumb_json":[{"label":"Home","link":"https:\/\/soymigrante.com\/revista"},{"label":"\u00c9xitos","link":"https:\/\/soymigrante.com\/revista\/category\/exitos\/"},{"label":"En D\u00eda de Acci\u00f3n de Gracias se conocieron los migrantes Carlos y Lidia","link":"https:\/\/soymigrante.com\/revista\/en-un-dia-de-accion-de-gracias-se-conocieron-los-migrantes-carlos-y-lidia\/"}],"_links":{"self":[{"href":"https:\/\/soymigrante.com\/revista\/wp-json\/wp\/v2\/posts\/3495","targetHints":{"allow":["GET"]}}],"collection":[{"href":"https:\/\/soymigrante.com\/revista\/wp-json\/wp\/v2\/posts"}],"about":[{"href":"https:\/\/soymigrante.com\/revista\/wp-json\/wp\/v2\/types\/post"}],"author":[{"embeddable":true,"href":"https:\/\/soymigrante.com\/revista\/wp-json\/wp\/v2\/users\/7"}],"replies":[{"embeddable":true,"href":"https:\/\/soymigrante.com\/revista\/wp-json\/wp\/v2\/comments?post=3495"}],"version-history":[{"count":0,"href":"https:\/\/soymigrante.com\/revista\/wp-json\/wp\/v2\/posts\/3495\/revisions"}],"wp:featuredmedia":[{"embeddable":true,"href":"https:\/\/soymigrante.com\/revista\/wp-json\/wp\/v2\/media\/3496"}],"wp:attachment":[{"href":"https:\/\/soymigrante.com\/revista\/wp-json\/wp\/v2\/media?parent=3495"}],"wp:term":[{"taxonomy":"category","embeddable":true,"href":"https:\/\/soymigrante.com\/revista\/wp-json\/wp\/v2\/categories?post=3495"},{"taxonomy":"post_tag","embeddable":true,"href":"https:\/\/soymigrante.com\/revista\/wp-json\/wp\/v2\/tags?post=3495"}],"curies":[{"name":"wp","href":"https:\/\/api.w.org\/{rel}","templated":true}]}}