{"id":34944,"date":"2025-05-29T14:21:15","date_gmt":"2025-05-29T20:21:15","guid":{"rendered":"https:\/\/soymigrante.com\/revista\/?p=34944"},"modified":"2025-05-29T14:42:58","modified_gmt":"2025-05-29T20:42:58","slug":"cantante-canadienese-justin-bieber-lanza-pantuflas-inspiradas-en-el-quetzal-guatemalteco","status":"publish","type":"post","link":"https:\/\/soymigrante.com\/revista\/cantante-canadienese-justin-bieber-lanza-pantuflas-inspiradas-en-el-quetzal-guatemalteco\/","title":{"rendered":"Cantante canadiense Justin Bieber lanza pantuflas inspiradas en el quetzal guatemalteco"},"content":{"rendered":"\t\t<div data-elementor-type=\"wp-post\" data-elementor-id=\"34944\" class=\"elementor elementor-34944\" data-elementor-post-type=\"post\">\n\t\t\t\t<div data-particle_enable=\"false\" data-particle-mobile-disabled=\"false\" class=\"elementor-element elementor-element-c29b6be e-flex e-con-boxed e-con e-parent\" data-id=\"c29b6be\" data-element_type=\"container\" data-e-type=\"container\">\n\t\t\t\t\t<div class=\"e-con-inner\">\n\t\t\t\t<div class=\"elementor-element elementor-element-2fcd364 elementor-widget elementor-widget-heading\" data-id=\"2fcd364\" data-element_type=\"widget\" data-e-type=\"widget\" data-widget_type=\"heading.default\">\n\t\t\t\t\t<h2 class=\"elementor-heading-title elementor-size-default\">El ave nacional de Guatemala se convierte en s\u00edmbolo de una nueva l\u00ednea de calzado del artista Justin Bieber. \n<\/h2>\t\t\t\t<\/div>\n\t\t\t\t\t<\/div>\n\t\t\t\t<\/div>\n\t\t<div data-particle_enable=\"false\" data-particle-mobile-disabled=\"false\" class=\"elementor-element elementor-element-49c5229 e-flex e-con-boxed e-con e-parent\" data-id=\"49c5229\" data-element_type=\"container\" data-e-type=\"container\">\n\t\t\t\t\t<div class=\"e-con-inner\">\n\t\t\t\t<div class=\"elementor-element elementor-element-5501234 elementor-widget elementor-widget-text-editor\" data-id=\"5501234\" data-element_type=\"widget\" data-e-type=\"widget\" data-widget_type=\"text-editor.default\">\n\t\t\t\t\t\t\t\t\t<p>El reconocido cantante canadiense <a href=\"https:\/\/www.instagram.com\/p\/DKKkO51vOfT\/?img_index=4\" target=\"_blank\" rel=\"noopener\">Justin Bieber sorprendi\u00f3 al mundo con el lanzamiento de su nueva l\u00ednea de pantuflas<\/a>, inspiradas en el quetzal, el ave nacional de Guatemala. El anuncio se dio a conocer a trav\u00e9s de sus redes sociales, donde comparti\u00f3 im\u00e1genes del producto junto con un mensaje de admiraci\u00f3n por la cultura guatemalteca.<\/p><p>Las pantuflas destacan por su dise\u00f1o colorido, donde predominan los tonos verde esmeralda, rojo intenso y detalles dorados que evocan el plumaje brillante del quetzal. Algunos modelos incluso incluyen aplicaciones que simulan plumas de la cola del ave, <a href=\"https:\/\/www.instagram.com\/p\/DKKkO51vOfT\/?img_index=4\" target=\"_blank\" rel=\"noopener\">considerada s\u00edmbolo de libertad y espiritualidad en la cultura maya.<\/a><\/p>\t\t\t\t\t\t\t\t<\/div>\n\t\t\t\t\t<\/div>\n\t\t\t\t<\/div>\n\t\t<div data-particle_enable=\"false\" data-particle-mobile-disabled=\"false\" class=\"elementor-element elementor-element-bc19d7b e-flex e-con-boxed e-con e-parent\" data-id=\"bc19d7b\" data-element_type=\"container\" data-e-type=\"container\">\n\t\t\t\t\t<div class=\"e-con-inner\">\n\t\t\t\t<div class=\"elementor-element elementor-element-ff6072f elementor-widget elementor-widget-image\" data-id=\"ff6072f\" data-element_type=\"widget\" data-e-type=\"widget\" data-widget_type=\"image.default\">\n\t\t\t\t\t\t\t\t\t\t\t\t<figure class=\"wp-caption\">\n\t\t\t\t\t\t\t\t\t\t<img fetchpriority=\"high\" decoding=\"async\" width=\"768\" height=\"444\" src=\"https:\/\/soymigrante.com\/revista\/wp-content\/uploads\/2025\/05\/Captura-de-pantalla-2025-05-29-124348-1024x592.png\" class=\"attachment-large size-large wp-image-34951\" alt=\"Tacos de f\u00fatbol Guatemaltecos, hechos con goma espuma de colores vibrantes, representan la cultura deportiva y artesanal de Guatemala. La imagen refleja la creatividad y pasi\u00f3n por el deporte en el pa\u00eds.\" srcset=\"https:\/\/soymigrante.com\/revista\/wp-content\/uploads\/2025\/05\/Captura-de-pantalla-2025-05-29-124348-1024x592.png 1024w, https:\/\/soymigrante.com\/revista\/wp-content\/uploads\/2025\/05\/Captura-de-pantalla-2025-05-29-124348-300x173.png 300w, https:\/\/soymigrante.com\/revista\/wp-content\/uploads\/2025\/05\/Captura-de-pantalla-2025-05-29-124348-768x444.png 768w, https:\/\/soymigrante.com\/revista\/wp-content\/uploads\/2025\/05\/Captura-de-pantalla-2025-05-29-124348-750x434.webp 750w, https:\/\/soymigrante.com\/revista\/wp-content\/uploads\/2025\/05\/Captura-de-pantalla-2025-05-29-124348-1140x659.webp 1140w, https:\/\/soymigrante.com\/revista\/wp-content\/uploads\/2025\/05\/Captura-de-pantalla-2025-05-29-124348.webp 1479w\" sizes=\"(max-width: 768px) 100vw, 768px\" title=\"La l\u00ednea resalta el verde y celeste del quetzal. (Foto: captura de pantalla) \u2013 SoyMigrante.com REVISTA\" \/>\t\t\t\t\t\t\t\t\t\t\t<figcaption class=\"widget-image-caption wp-caption-text\">Coloridos tacos de f\u00fatbol hechos con goma espuma, destacando la cultura deportiva y artesanal en Guatemala, muestran la creatividad y tradici\u00f3n del pa\u00eds en la fabricaci\u00f3n de art\u00edculos deportivos y culturales.<\/figcaption>\n\t\t\t\t\t\t\t\t\t\t<\/figure>\n\t\t\t\t\t\t\t\t\t<\/div>\n\t\t\t\t\t<\/div>\n\t\t\t\t<\/div>\n\t\t<div data-particle_enable=\"false\" data-particle-mobile-disabled=\"false\" class=\"elementor-element elementor-element-af952e4 e-flex e-con-boxed e-con e-parent\" data-id=\"af952e4\" data-element_type=\"container\" data-e-type=\"container\">\n\t\t\t\t\t<div class=\"e-con-inner\">\n\t\t\t\t<div class=\"elementor-element elementor-element-18bb242 elementor-widget elementor-widget-heading\" data-id=\"18bb242\" data-element_type=\"widget\" data-e-type=\"widget\" data-widget_type=\"heading.default\">\n\t\t\t\t\t<h3 class=\"elementor-heading-title elementor-size-default\">Inspiraci\u00f3n para todos<\/h3>\t\t\t\t<\/div>\n\t\t\t\t\t<\/div>\n\t\t\t\t<\/div>\n\t\t<div data-particle_enable=\"false\" data-particle-mobile-disabled=\"false\" class=\"elementor-element elementor-element-1215454 e-flex e-con-boxed e-con e-parent\" data-id=\"1215454\" data-element_type=\"container\" data-e-type=\"container\">\n\t\t\t\t\t<div class=\"e-con-inner\">\n\t\t\t\t<div class=\"elementor-element elementor-element-19cd50e elementor-widget elementor-widget-text-editor\" data-id=\"19cd50e\" data-element_type=\"widget\" data-e-type=\"widget\" data-widget_type=\"text-editor.default\">\n\t\t\t\t\t\t\t\t\t<p>La nueva colecci\u00f3n forma parte de su marca Drew House, y ha despertado el inter\u00e9s de sus fan\u00e1ticos alrededor del mundo, especialmente entre la comunidad guatemalteca en Estados Unidos, que ha recibido con emoci\u00f3n este inesperado homenaje.<\/p><p>Expertos en moda y cultura han se\u00f1alado la importancia de que una figura internacional como <a href=\"https:\/\/www.instagram.com\/p\/DKKkO51vOfT\/?img_index=4\" target=\"_blank\" rel=\"noopener\">Justin Bieber reconozca elementos distintivos de la identidad guatemalteca.<\/a><\/p>\t\t\t\t\t\t\t\t<\/div>\n\t\t\t\t\t<\/div>\n\t\t\t\t<\/div>\n\t\t<div data-particle_enable=\"false\" data-particle-mobile-disabled=\"false\" class=\"elementor-element elementor-element-a8a55d9 e-flex e-con-boxed e-con e-parent\" data-id=\"a8a55d9\" data-element_type=\"container\" data-e-type=\"container\">\n\t\t\t\t\t<div class=\"e-con-inner\">\n\t\t\t\t<div class=\"elementor-element elementor-element-29e6817 elementor-widget elementor-widget-image\" data-id=\"29e6817\" data-element_type=\"widget\" data-e-type=\"widget\" data-widget_type=\"image.default\">\n\t\t\t\t\t\t\t\t\t\t\t\t<figure class=\"wp-caption\">\n\t\t\t\t\t\t\t\t\t\t<img decoding=\"async\" width=\"768\" height=\"441\" src=\"https:\/\/soymigrante.com\/revista\/wp-content\/uploads\/2025\/05\/Captura-de-pantalla-2025-05-29-124331-1024x588.png\" class=\"attachment-large size-large wp-image-34950\" alt=\"Vihuela de colores, presente en la revista SoyMigrante.com, destacando temas de migraci\u00f3n y cultura en Am\u00e9rica Latina.\" srcset=\"https:\/\/soymigrante.com\/revista\/wp-content\/uploads\/2025\/05\/Captura-de-pantalla-2025-05-29-124331-1024x588.png 1024w, https:\/\/soymigrante.com\/revista\/wp-content\/uploads\/2025\/05\/Captura-de-pantalla-2025-05-29-124331-300x172.png 300w, https:\/\/soymigrante.com\/revista\/wp-content\/uploads\/2025\/05\/Captura-de-pantalla-2025-05-29-124331-768x441.png 768w, https:\/\/soymigrante.com\/revista\/wp-content\/uploads\/2025\/05\/Captura-de-pantalla-2025-05-29-124331-750x431.webp 750w, https:\/\/soymigrante.com\/revista\/wp-content\/uploads\/2025\/05\/Captura-de-pantalla-2025-05-29-124331-1140x655.webp 1140w, https:\/\/soymigrante.com\/revista\/wp-content\/uploads\/2025\/05\/Captura-de-pantalla-2025-05-29-124331.webp 1481w\" sizes=\"(max-width: 768px) 100vw, 768px\" title=\"Justin Bieber lanz\u00f3 su l\u00ednea de pantuflas. (Foto: Captura de pantalla) \u2013 SoyMigrante.com REVISTA\" \/>\t\t\t\t\t\t\t\t\t\t\t<figcaption class=\"widget-image-caption wp-caption-text\">Ave colorida y ex\u00f3tica en h\u00e1bitat natural, s\u00edmbolo de biodiversidad y conservaci\u00f3n, relacionada con cultura migrante y diversidad en Am\u00e9rica Central.<\/figcaption>\n\t\t\t\t\t\t\t\t\t\t<\/figure>\n\t\t\t\t\t\t\t\t\t<\/div>\n\t\t\t\t\t<\/div>\n\t\t\t\t<\/div>\n\t\t<div data-particle_enable=\"false\" data-particle-mobile-disabled=\"false\" class=\"elementor-element elementor-element-1657db6 e-flex e-con-boxed e-con e-parent\" data-id=\"1657db6\" data-element_type=\"container\" data-e-type=\"container\">\n\t\t\t\t\t<div class=\"e-con-inner\">\n\t\t\t\t<div class=\"elementor-element elementor-element-53b15bd elementor-widget elementor-widget-heading\" data-id=\"53b15bd\" data-element_type=\"widget\" data-e-type=\"widget\" data-widget_type=\"heading.default\">\n\t\t\t\t\t<h3 class=\"elementor-heading-title elementor-size-default\">Orgullo nacional<\/h3>\t\t\t\t<\/div>\n\t\t\t\t\t<\/div>\n\t\t\t\t<\/div>\n\t\t<div data-particle_enable=\"false\" data-particle-mobile-disabled=\"false\" class=\"elementor-element elementor-element-bdc6193 e-flex e-con-boxed e-con e-parent\" data-id=\"bdc6193\" data-element_type=\"container\" data-e-type=\"container\">\n\t\t\t\t\t<div class=\"e-con-inner\">\n\t\t\t\t<div class=\"elementor-element elementor-element-f937f2b elementor-widget elementor-widget-text-editor\" data-id=\"f937f2b\" data-element_type=\"widget\" data-e-type=\"widget\" data-widget_type=\"text-editor.default\">\n\t\t\t\t\t\t\t\t\t<p>\u201c<em>Es un gesto que pone en el mapa la riqueza cultural de Guatemala y puede abrir puertas para que m\u00e1s artistas y dise\u00f1adores se inspiren en nuestras ra\u00edces<\/em>\u201d, se\u00f1al\u00f3 Andrea L\u00f3pez, dise\u00f1adora guatemalteca radicada en Los \u00c1ngeles.<\/p><p>El quetzal no solo es el ave nacional de Guatemala, tambi\u00e9n es un \u00edcono presente en su escudo y nombre de su moneda.<a href=\"https:\/\/www.instagram.com\/p\/DKKkO51vOfT\/?img_index=4\" target=\"_blank\" rel=\"noopener\"> En la cosmovisi\u00f3n maya, se le considera un ser sagrado, vinculado con los dioses y la libertad<\/a>, ya que en la antig\u00fcedad se cre\u00eda que el quetzal no pod\u00eda vivir en cautiverio.<\/p><p>La l\u00ednea de pantuflas estar\u00e1 disponible a partir del pr\u00f3ximo mes en tiendas seleccionadas y en l\u00ednea. Parte de las ganancias, seg\u00fan el equipo de Bieber, ser\u00e1 destinada a una organizaci\u00f3n que apoya la educaci\u00f3n de j\u00f3venes en comunidades rurales de Guatemala, aunque a\u00fan no se ha especificado cu\u00e1l.<\/p><p>Con esta propuesta, Bieber no solo apuesta por el confort y la moda, sino tambi\u00e9n por visibilizar una de las joyas culturales m\u00e1s valiosas de Am\u00e9rica Latina.<\/p>\t\t\t\t\t\t\t\t<\/div>\n\t\t\t\t\t<\/div>\n\t\t\t\t<\/div>\n\t\t<div data-particle_enable=\"false\" data-particle-mobile-disabled=\"false\" class=\"elementor-element elementor-element-f60b282 e-flex e-con-boxed e-con e-parent\" data-id=\"f60b282\" data-element_type=\"container\" data-e-type=\"container\">\n\t\t\t\t\t<div class=\"e-con-inner\">\n\t\t\t\t<div class=\"elementor-element elementor-element-db75ba5 elementor-widget elementor-widget-heading\" data-id=\"db75ba5\" data-element_type=\"widget\" data-e-type=\"widget\" data-widget_type=\"heading.default\">\n\t\t\t\t\t<h2 class=\"elementor-heading-title elementor-size-default\">Conoce m\u00e1s sobre los s\u00edmbolos de Guatemala, ac\u00e1...<\/h2>\t\t\t\t<\/div>\n\t\t\t\t\t<\/div>\n\t\t\t\t<\/div>\n\t\t<div data-particle_enable=\"false\" data-particle-mobile-disabled=\"false\" class=\"elementor-element elementor-element-c4d86e4 e-flex e-con-boxed e-con e-parent\" data-id=\"c4d86e4\" data-element_type=\"container\" data-e-type=\"container\">\n\t\t\t\t\t<div class=\"e-con-inner\">\n\t\t\t\t<div class=\"elementor-element elementor-element-f23c928 elementor-grid-eael-col-3 elementor-grid-tablet-eael-col-2 elementor-grid-mobile-eael-col-1 elementor-widget elementor-widget-eael-post-grid\" data-id=\"f23c928\" data-element_type=\"widget\" data-e-type=\"widget\" data-settings=\"{&quot;eael_post_grid_columns&quot;:&quot;eael-col-3&quot;,&quot;eael_post_grid_columns_tablet&quot;:&quot;eael-col-2&quot;,&quot;eael_post_grid_columns_mobile&quot;:&quot;eael-col-1&quot;}\" data-widget_type=\"eael-post-grid.default\">\n\t\t\t\t\t<div id=\"eael-post-grid-f23c928\" class=\"eael-post-grid-container\">\n            <div class=\"eael-post-grid eael-post-appender eael-post-appender-f23c928 eael-post-grid-style-one\" data-layout-mode=\"masonry\"><article class=\"eael-grid-post  eael-post-grid-column eael-pg-post-3508 category-simbolos-patrios-guate-nuestra\" data-id=\"3508\">\n        <div class=\"eael-grid-post-holder\">\n            <div class=\"eael-grid-post-holder-inner\"><div class=\"eael-entry-media\"><div class=\"eael-entry-overlay fade-in\"><i class=\"far fa-hand-pointer\" aria-hidden=\"true\"><\/i><a href=\"https:\/\/soymigrante.com\/revista\/simbolos-patrios-la-ceiba-arbol-nacional-de-guatemala\/\"><\/a><\/div><div class=\"eael-entry-thumbnail \">\n                <img decoding=\"async\" width=\"768\" height=\"1024\" src=\"https:\/\/soymigrante.com\/revista\/wp-content\/uploads\/2025\/03\/CEIBA-TIQUISATE-768x1024.jpg\" class=\"attachment-large size-large wp-image-27480\" alt=\"CEIBA TIQUISATE\" srcset=\"https:\/\/soymigrante.com\/revista\/wp-content\/uploads\/2025\/03\/CEIBA-TIQUISATE-768x1024.jpg 768w, https:\/\/soymigrante.com\/revista\/wp-content\/uploads\/2025\/03\/CEIBA-TIQUISATE-225x300.jpg 225w, https:\/\/soymigrante.com\/revista\/wp-content\/uploads\/2025\/03\/CEIBA-TIQUISATE-1152x1536.jpg 1152w, https:\/\/soymigrante.com\/revista\/wp-content\/uploads\/2025\/03\/CEIBA-TIQUISATE-1536x2048.jpg 1536w, https:\/\/soymigrante.com\/revista\/wp-content\/uploads\/2025\/03\/CEIBA-TIQUISATE-750x1000.webp 750w, https:\/\/soymigrante.com\/revista\/wp-content\/uploads\/2025\/03\/CEIBA-TIQUISATE-1140x1520.webp 1140w, https:\/\/soymigrante.com\/revista\/wp-content\/uploads\/2025\/03\/CEIBA-TIQUISATE-scaled.webp 1440w\" sizes=\"(max-width: 768px) 100vw, 768px\" \/>\n            <\/div>\n        <\/div><div class=\"eael-entry-wrapper\"><header class=\"eael-entry-header\"><h2 class=\"eael-entry-title\"><a class=\"eael-grid-post-link\" href=\"https:\/\/soymigrante.com\/revista\/simbolos-patrios-la-ceiba-arbol-nacional-de-guatemala\/\" title=\"\u00bfPorqu\u00e9 el 8 de marzo es d\u00eda de la Ceiba Pentandra,  \u00c1rbol Nacional de Guatemala?\">\u00bfPorqu\u00e9 el 8 de marzo es d\u00eda de la Ceiba Pentandra,  \u00c1rbol Nacional de Guatemala?<\/a><\/h2><\/header><div class=\"eael-entry-content\">\n                        <div class=\"eael-grid-post-excerpt\"><a href=\"https:\/\/soymigrante.com\/revista\/simbolos-patrios-la-ceiba-arbol-nacional-de-guatemala\/\" class=\"eael-post-elements-readmore-btn\">CONOCE SU HISTORIA <\/a><\/div>\n                    <\/div><\/div><\/div>\n        <\/div>\n    <\/article><article class=\"eael-grid-post  eael-post-grid-column eael-pg-post-8513 category-guate-nuestra\" data-id=\"8513\">\n        <div class=\"eael-grid-post-holder\">\n            <div class=\"eael-grid-post-holder-inner\"><div class=\"eael-entry-media\"><div class=\"eael-entry-overlay fade-in\"><i class=\"far fa-hand-pointer\" aria-hidden=\"true\"><\/i><a href=\"https:\/\/soymigrante.com\/revista\/10-piezas-de-marimba-de-guatemala-para-bailar-y-recordar-tus-raices\/\"><\/a><\/div><div class=\"eael-entry-thumbnail \">\n                <img loading=\"lazy\" decoding=\"async\" width=\"960\" height=\"958\" src=\"https:\/\/soymigrante.com\/revista\/wp-content\/uploads\/2023\/12\/marimba-maya-awal.webp\" class=\"attachment-large size-large wp-image-3657\" alt=\"\" srcset=\"https:\/\/soymigrante.com\/revista\/wp-content\/uploads\/2023\/12\/marimba-maya-awal.webp 960w, https:\/\/soymigrante.com\/revista\/wp-content\/uploads\/2023\/12\/marimba-maya-awal-300x300.webp 300w, https:\/\/soymigrante.com\/revista\/wp-content\/uploads\/2023\/12\/marimba-maya-awal-150x150.webp 150w, https:\/\/soymigrante.com\/revista\/wp-content\/uploads\/2023\/12\/marimba-maya-awal-768x766.webp 768w, https:\/\/soymigrante.com\/revista\/wp-content\/uploads\/2023\/12\/marimba-maya-awal-75x75.webp 75w, https:\/\/soymigrante.com\/revista\/wp-content\/uploads\/2023\/12\/marimba-maya-awal-750x748.jpg 750w, https:\/\/soymigrante.com\/revista\/wp-content\/uploads\/2023\/12\/marimba-maya-awal-600x600.jpg 600w\" sizes=\"(max-width: 960px) 100vw, 960px\" \/>\n            <\/div>\n        <\/div><div class=\"eael-entry-wrapper\"><header class=\"eael-entry-header\"><h2 class=\"eael-entry-title\"><a class=\"eael-grid-post-link\" href=\"https:\/\/soymigrante.com\/revista\/10-piezas-de-marimba-de-guatemala-para-bailar-y-recordar-tus-raices\/\" title=\"Marimba de Guatemala: Diez melod\u00edas  que despiertan recuerdos y emociones\">Marimba de Guatemala: Diez melod\u00edas  que despiertan recuerdos y emociones<\/a><\/h2><\/header><div class=\"eael-entry-content\">\n                        <div class=\"eael-grid-post-excerpt\"><a href=\"https:\/\/soymigrante.com\/revista\/10-piezas-de-marimba-de-guatemala-para-bailar-y-recordar-tus-raices\/\" class=\"eael-post-elements-readmore-btn\">CONOCE SU HISTORIA <\/a><\/div>\n                    <\/div><\/div><\/div>\n        <\/div>\n    <\/article><article class=\"eael-grid-post  eael-post-grid-column eael-pg-post-5262 category-guate-nuestra\" data-id=\"5262\">\n        <div class=\"eael-grid-post-holder\">\n            <div class=\"eael-grid-post-holder-inner\"><div class=\"eael-entry-media\"><div class=\"eael-entry-overlay fade-in\"><i class=\"far fa-hand-pointer\" aria-hidden=\"true\"><\/i><a href=\"https:\/\/soymigrante.com\/revista\/la-moneda-nacional-de-guatemala-el-quetzal-cumple-100-anos\/\"><\/a><\/div><div class=\"eael-entry-thumbnail \">\n                <img loading=\"lazy\" decoding=\"async\" width=\"816\" height=\"852\" src=\"https:\/\/soymigrante.com\/revista\/wp-content\/uploads\/2024\/03\/fdfd.webp\" class=\"attachment-large size-large wp-image-5263\" alt=\"Moneda de Guatemala el Quetzal Guatemalan Currency Guatemalan Quetzal\" srcset=\"https:\/\/soymigrante.com\/revista\/wp-content\/uploads\/2024\/03\/fdfd.webp 816w, https:\/\/soymigrante.com\/revista\/wp-content\/uploads\/2024\/03\/fdfd-287x300.webp 287w, https:\/\/soymigrante.com\/revista\/wp-content\/uploads\/2024\/03\/fdfd-768x802.webp 768w, https:\/\/soymigrante.com\/revista\/wp-content\/uploads\/2024\/03\/fdfd-750x783.webp 750w\" sizes=\"(max-width: 816px) 100vw, 816px\" \/>\n            <\/div>\n        <\/div><div class=\"eael-entry-wrapper\"><header class=\"eael-entry-header\"><h2 class=\"eael-entry-title\"><a class=\"eael-grid-post-link\" href=\"https:\/\/soymigrante.com\/revista\/la-moneda-nacional-de-guatemala-el-quetzal-cumple-100-anos\/\" title=\"\u00bfCu\u00e1ndo surgi\u00f3 el Quetzal como moneda oficial de Guatemala y qui\u00e9n le puso ese nombre?\">\u00bfCu\u00e1ndo surgi\u00f3 el Quetzal como moneda oficial de Guatemala y qui\u00e9n le puso ese nombre?<\/a><\/h2><\/header><div class=\"eael-entry-content\">\n                        <div class=\"eael-grid-post-excerpt\"><a href=\"https:\/\/soymigrante.com\/revista\/la-moneda-nacional-de-guatemala-el-quetzal-cumple-100-anos\/\" class=\"eael-post-elements-readmore-btn\">CONOCE SU HISTORIA <\/a><\/div>\n                    <\/div><\/div><\/div>\n        <\/div>\n    <\/article><\/div>\n            <div class=\"clearfix\"><\/div>\n        <\/div>\t\t\t\t<\/div>\n\t\t\t\t\t<\/div>\n\t\t\t\t<\/div>\n\t\t\t\t<\/div>\n\t\t","protected":false},"excerpt":{"rendered":"<p>El ave nacional de Guatemala se convierte en s\u00edmbolo de una nueva l\u00ednea de calzado del artista Justin Bieber. El reconocido cantante canadiense Justin Bieber sorprendi\u00f3 al mundo con el lanzamiento de su nueva l\u00ednea de pantuflas, inspiradas en el quetzal, el ave nacional de Guatemala. El anuncio se dio a conocer a trav\u00e9s de [&hellip;]<\/p>\n","protected":false},"author":19,"featured_media":34945,"comment_status":"open","ping_status":"open","sticky":false,"template":"","format":"standard","meta":{"_acf_changed":false,"_eb_attr":"","footnotes":""},"categories":[58],"tags":[],"class_list":["post-34944","post","type-post","status-publish","format-standard","has-post-thumbnail","hentry","category-guate-nuestra"],"acf":[],"aioseo_notices":[],"aioseo_head":"\n\t\t<!-- All in One SEO Pro 4.9.6.2 - aioseo.com -->\n\t<meta name=\"description\" content=\"Conoce en que d\u00eda de noviembre de 1924 se aprob\u00f3 la ley con la cual se instituy\u00f3 el Quetzal como moneda oficial de la Rep\u00fablica de Guatemala, vigente a la fecha\" \/>\n\t<meta name=\"robots\" content=\"max-snippet:-1, max-image-preview:large, max-video-preview:-1\" \/>\n\t<meta name=\"author\" content=\"Gustavo Montenegro\"\/>\n\t<link rel=\"canonical\" href=\"https:\/\/soymigrante.com\/revista\/la-moneda-nacional-de-guatemala-el-quetzal-cumple-100-anos\/\" \/>\n\t<meta name=\"generator\" content=\"All in One SEO Pro (AIOSEO) 4.9.6.2\" \/>\n\n\t\t<link rel=\"preconnect\" href=\"https:\/\/fonts.googleapis.com\" crossorigin>\n<link rel=\"preconnect\" href=\"https:\/\/fonts.gstatic.com\" crossorigin>\n\t\t<meta property=\"og:locale\" content=\"es_ES\" \/>\n\t\t<meta property=\"og:site_name\" content=\"SoyMigrante.com REVISTA \u2013 Nuestra misi\u00f3n es reconocer y dignificar al migrante.\" \/>\n\t\t<meta property=\"og:type\" content=\"article\" \/>\n\t\t<meta property=\"og:title\" content=\"Cumple 100 a\u00f1os el Quetzal, moneda de Guatemala este noviembre\" \/>\n\t\t<meta property=\"og:description\" content=\"Conoce en que d\u00eda de noviembre de 1924 se aprob\u00f3 la ley con la cual se instituy\u00f3 el Quetzal como moneda oficial de la Rep\u00fablica de Guatemala, vigente a la fecha\" \/>\n\t\t<meta property=\"og:url\" content=\"https:\/\/soymigrante.com\/revista\/la-moneda-nacional-de-guatemala-el-quetzal-cumple-100-anos\/\" \/>\n\t\t<meta property=\"og:image\" content=\"https:\/\/soymigrante.com\/revista\/wp-content\/uploads\/2024\/03\/fdfd.webp\" \/>\n\t\t<meta property=\"og:image:secure_url\" content=\"https:\/\/soymigrante.com\/revista\/wp-content\/uploads\/2024\/03\/fdfd.webp\" \/>\n\t\t<meta property=\"og:image:width\" content=\"816\" \/>\n\t\t<meta property=\"og:image:height\" content=\"852\" \/>\n\t\t<meta property=\"article:published_time\" content=\"2024-11-10T20:10:42+00:00\" \/>\n\t\t<meta property=\"article:modified_time\" content=\"2025-09-15T23:24:46+00:00\" \/>\n\t\t<meta property=\"article:publisher\" content=\"https:\/\/www.facebook.com\/soymigrantecom\" \/>\n\t\t<meta name=\"twitter:card\" content=\"summary_large_image\" \/>\n\t\t<meta name=\"twitter:site\" content=\"@SoyMigrante_com\" \/>\n\t\t<meta name=\"twitter:title\" content=\"Cumple 100 a\u00f1os el Quetzal, moneda de Guatemala este noviembre\" \/>\n\t\t<meta name=\"twitter:description\" content=\"Conoce en que d\u00eda de noviembre de 1924 se aprob\u00f3 la ley con la cual se instituy\u00f3 el Quetzal como moneda oficial de la Rep\u00fablica de Guatemala, vigente a la fecha\" \/>\n\t\t<meta name=\"twitter:creator\" content=\"@SoyMigrante_com\" \/>\n\t\t<meta name=\"twitter:image\" content=\"https:\/\/soymigrante.com\/revista\/wp-content\/uploads\/2024\/03\/fdfd.webp\" \/>\n\t\t<!-- All in One SEO Pro -->\r\n\t\t<title>Cumple 100 a\u00f1os el Quetzal, moneda de Guatemala este noviembre<\/title>\n\n","aioseo_head_json":{"title":"Cumple 100 a\u00f1os el Quetzal, moneda de Guatemala este noviembre","description":"Conoce en que d\u00eda de noviembre de 1924 se aprob\u00f3 la ley con la cual se instituy\u00f3 el Quetzal como moneda oficial de la Rep\u00fablica de Guatemala, vigente a la fecha","canonical_url":"https:\/\/soymigrante.com\/revista\/la-moneda-nacional-de-guatemala-el-quetzal-cumple-100-anos\/","robots":"max-snippet:-1, max-image-preview:large, max-video-preview:-1","keywords":"","webmasterTools":{"miscellaneous":"&lt;link rel=\"preconnect\" href=\"https:\/\/fonts.googleapis.com\" crossorigin&gt;\n&lt;link rel=\"preconnect\" href=\"https:\/\/fonts.gstatic.com\" crossorigin&gt;"},"schema":null,"og:locale":"es_ES","og:site_name":"SoyMigrante.com REVISTA \u2013 Nuestra misi\u00f3n es reconocer y dignificar al migrante.","og:type":"article","og:title":"Cumple 100 a\u00f1os el Quetzal, moneda de Guatemala este noviembre","og:description":"Conoce en que d\u00eda de noviembre de 1924 se aprob\u00f3 la ley con la cual se instituy\u00f3 el Quetzal como moneda oficial de la Rep\u00fablica de Guatemala, vigente a la fecha","og:url":"https:\/\/soymigrante.com\/revista\/la-moneda-nacional-de-guatemala-el-quetzal-cumple-100-anos\/","og:image":"https:\/\/soymigrante.com\/revista\/wp-content\/uploads\/2024\/03\/fdfd.webp","og:image:secure_url":"https:\/\/soymigrante.com\/revista\/wp-content\/uploads\/2024\/03\/fdfd.webp","og:image:width":816,"og:image:height":852,"article:published_time":"2024-11-10T20:10:42+00:00","article:modified_time":"2025-09-15T23:24:46+00:00","article:publisher":"https:\/\/www.facebook.com\/soymigrantecom","twitter:card":"summary_large_image","twitter:site":"@SoyMigrante_com","twitter:title":"Cumple 100 a\u00f1os el Quetzal, moneda de Guatemala este noviembre","twitter:description":"Conoce en que d\u00eda de noviembre de 1924 se aprob\u00f3 la ley con la cual se instituy\u00f3 el Quetzal como moneda oficial de la Rep\u00fablica de Guatemala, vigente a la fecha","twitter:creator":"@SoyMigrante_com","twitter:image":"https:\/\/soymigrante.com\/revista\/wp-content\/uploads\/2024\/03\/fdfd.webp"},"aioseo_meta_data":{"post_id":"34944","title":null,"description":"El ave nacional de Guatemala se convierte en s\u00edmbolo de una nueva l\u00ednea de calzado del artista Justin Bieber.","keywords":null,"keyphrases":{"focus":{"keyphrase":"Justin Bieber","score":91,"analysis":{"keyphraseInTitle":{"score":9,"maxScore":9,"error":0},"keyphraseInDescription":{"score":9,"maxScore":9,"error":0},"keyphraseLength":{"score":9,"maxScore":9,"error":0,"length":2},"keyphraseInURL":{"score":5,"maxScore":5,"error":0},"keyphraseInIntroduction":{"score":9,"maxScore":9,"error":0},"keyphraseInSubHeadings":{"score":3,"maxScore":9,"error":1},"keyphraseInImageAlt":{"score":9,"maxScore":9,"error":0},"keywordDensity":{"type":"best","score":9,"maxScore":9,"error":0}}},"additional":[{"keyphrase":"Justin Bieber","score":100,"analysis":{"keyphraseInDescription":{"score":9,"maxScore":9,"error":0},"keyphraseLength":{"score":9,"maxScore":9,"error":0,"length":2},"keyphraseInIntroduction":{"score":9,"maxScore":9,"error":0},"keyphraseInImageAlt":{"score":9,"maxScore":9,"error":0},"keywordDensity":{"type":"best","score":9,"maxScore":9,"error":0}}}]},"primary_term":null,"canonical_url":null,"og_title":null,"og_description":null,"og_object_type":"default","og_image_type":"default","og_image_url":null,"og_image_width":null,"og_image_height":null,"og_image_custom_url":null,"og_image_custom_fields":null,"og_video":"","og_custom_url":null,"og_article_section":null,"og_article_tags":null,"twitter_use_og":false,"twitter_card":"default","twitter_image_type":"default","twitter_image_url":null,"twitter_image_custom_url":null,"twitter_image_custom_fields":null,"twitter_title":null,"twitter_description":null,"schema":{"blockGraphs":[],"customGraphs":[],"default":{"data":{"Article":[],"Course":[],"Dataset":[],"FAQPage":[],"Movie":[],"Person":[],"Product":[],"ProductReview":[],"Car":[],"Recipe":[],"Service":[],"SoftwareApplication":[],"WebPage":[]},"graphName":"none","isEnabled":true},"graphs":[]},"schema_type":"default","schema_type_options":null,"pillar_content":false,"robots_default":true,"robots_noindex":false,"robots_noarchive":false,"robots_nosnippet":false,"robots_nofollow":false,"robots_noimageindex":false,"robots_noodp":false,"robots_notranslate":false,"robots_max_snippet":"-1","robots_max_videopreview":"-1","robots_max_imagepreview":"large","priority":null,"frequency":"default","local_seo":null,"seo_analyzer_scan_date":"2025-10-09 05:30:11","breadcrumb_settings":null,"limit_modified_date":false,"reviewed_by":"0","open_ai":"{\"title\":{\"suggestions\":[],\"usage\":0},\"description\":{\"suggestions\":[],\"usage\":0}}","ai":null,"created":"2025-05-29 18:34:06","updated":"2026-02-04 23:51:19"},"aioseo_breadcrumb":"<div class=\"aioseo-breadcrumbs\"><span class=\"aioseo-breadcrumb\">\n\t<a href=\"https:\/\/soymigrante.com\/revista\" title=\"Home\">Home<\/a>\n<\/span><span class=\"aioseo-breadcrumb-separator\">\u00bb<\/span><span class=\"aioseo-breadcrumb\">\n\t<a href=\"https:\/\/soymigrante.com\/revista\/category\/guate-nuestra\/\" title=\"Guate Nuestra\">Guate Nuestra<\/a>\n<\/span><span class=\"aioseo-breadcrumb-separator\">\u00bb<\/span><span class=\"aioseo-breadcrumb\">\n\tCantante canadiense Justin Bieber lanza pantuflas inspiradas en el quetzal guatemalteco\n<\/span><\/div>","aioseo_breadcrumb_json":[{"label":"Home","link":"https:\/\/soymigrante.com\/revista"},{"label":"Guate Nuestra","link":"https:\/\/soymigrante.com\/revista\/category\/guate-nuestra\/"},{"label":"Cantante canadiense Justin Bieber lanza pantuflas inspiradas en el quetzal guatemalteco","link":"https:\/\/soymigrante.com\/revista\/cantante-canadienese-justin-bieber-lanza-pantuflas-inspiradas-en-el-quetzal-guatemalteco\/"}],"_links":{"self":[{"href":"https:\/\/soymigrante.com\/revista\/wp-json\/wp\/v2\/posts\/34944","targetHints":{"allow":["GET"]}}],"collection":[{"href":"https:\/\/soymigrante.com\/revista\/wp-json\/wp\/v2\/posts"}],"about":[{"href":"https:\/\/soymigrante.com\/revista\/wp-json\/wp\/v2\/types\/post"}],"author":[{"embeddable":true,"href":"https:\/\/soymigrante.com\/revista\/wp-json\/wp\/v2\/users\/19"}],"replies":[{"embeddable":true,"href":"https:\/\/soymigrante.com\/revista\/wp-json\/wp\/v2\/comments?post=34944"}],"version-history":[{"count":22,"href":"https:\/\/soymigrante.com\/revista\/wp-json\/wp\/v2\/posts\/34944\/revisions"}],"predecessor-version":[{"id":35034,"href":"https:\/\/soymigrante.com\/revista\/wp-json\/wp\/v2\/posts\/34944\/revisions\/35034"}],"wp:featuredmedia":[{"embeddable":true,"href":"https:\/\/soymigrante.com\/revista\/wp-json\/wp\/v2\/media\/34945"}],"wp:attachment":[{"href":"https:\/\/soymigrante.com\/revista\/wp-json\/wp\/v2\/media?parent=34944"}],"wp:term":[{"taxonomy":"category","embeddable":true,"href":"https:\/\/soymigrante.com\/revista\/wp-json\/wp\/v2\/categories?post=34944"},{"taxonomy":"post_tag","embeddable":true,"href":"https:\/\/soymigrante.com\/revista\/wp-json\/wp\/v2\/tags?post=34944"}],"curies":[{"name":"wp","href":"https:\/\/api.w.org\/{rel}","templated":true}]}}