{"id":34781,"date":"2025-05-28T12:27:41","date_gmt":"2025-05-28T18:27:41","guid":{"rendered":"https:\/\/soymigrante.com\/revista\/?p=34781"},"modified":"2025-09-15T17:36:38","modified_gmt":"2025-09-15T23:36:38","slug":"fiestas-patronales-en-julio-estas-son-las-celebraciones-guatemala","status":"publish","type":"post","link":"https:\/\/soymigrante.com\/revista\/fiestas-patronales-en-julio-estas-son-las-celebraciones-guatemala\/","title":{"rendered":"Ferias patronales en Guatemala durante el mes de julio"},"content":{"rendered":"\t\t<div data-elementor-type=\"wp-post\" data-elementor-id=\"34781\" class=\"elementor elementor-34781\" data-elementor-post-type=\"post\">\n\t\t\t\t<div data-particle_enable=\"false\" data-particle-mobile-disabled=\"false\" class=\"elementor-element elementor-element-7694ae8 e-flex e-con-boxed e-con e-parent\" data-id=\"7694ae8\" data-element_type=\"container\" data-e-type=\"container\">\n\t\t\t\t\t<div class=\"e-con-inner\">\n\t\t\t\t<div class=\"elementor-element elementor-element-f4a9d5f elementor-widget elementor-widget-heading\" data-id=\"f4a9d5f\" data-element_type=\"widget\" data-e-type=\"widget\" data-widget_type=\"heading.default\">\n\t\t\t\t\t<h2 class=\"elementor-heading-title elementor-size-default\">Las fiestas patronales en los municipios de Guatemala son oportunidades para compartir y pasar un momento alegre con las familias y vecinos. \n<\/h2>\t\t\t\t<\/div>\n\t\t\t\t\t<\/div>\n\t\t\t\t<\/div>\n\t\t<div data-particle_enable=\"false\" data-particle-mobile-disabled=\"false\" class=\"elementor-element elementor-element-e56b58f e-flex e-con-boxed e-con e-parent\" data-id=\"e56b58f\" data-element_type=\"container\" data-e-type=\"container\">\n\t\t\t\t\t<div class=\"e-con-inner\">\n\t\t\t\t<div class=\"elementor-element elementor-element-a8f2896 elementor-widget elementor-widget-text-editor\" data-id=\"a8f2896\" data-element_type=\"widget\" data-e-type=\"widget\" data-widget_type=\"text-editor.default\">\n\t\t\t\t\t\t\t\t\t<p>El mes de julio es especialmente significativo en Guatemala, <a href=\"https:\/\/soymigrante.com\/revista\/fiestas-patronales-en-guatemala-busque-su-municipio\/\" target=\"_blank\" rel=\"noopener\">ya que numerosos municipios celebran sus ferias titulares en honor a sus santos patronos.<\/a><\/p><p>Estas festividades no solo son expresiones de fe, sino tambi\u00e9n manifestaciones de la identidad cultural y tradiciones que han sido transmitidas de generaci\u00f3n en generaci\u00f3n.<\/p><p>Entre las celebraciones m\u00e1s destacadas se encuentra la de Santiago Ap\u00f3stol, el 25 de julio, patrono de varios municipios como Chimaltenango, Cubulco (Baja Verapaz), Jocot\u00e1n (Chiquimula), Coatepeque y El Palmar (Quetzaltenango), San Crist\u00f3bal Cucho y Tejutla (San Marcos), y Santiago Atitl\u00e1n (Solol\u00e1).<\/p><p><a href=\"https:\/\/soymigrante.com\/revista\/fiestas-patronales-en-guatemala-busque-su-municipio\/\" target=\"_blank\" rel=\"noopener\">Estas ferias incluyen actividades religiosas,<\/a> culturales y recreativas que fortalecen el tejido social de las comunidades.<\/p>\t\t\t\t\t\t\t\t<\/div>\n\t\t\t\t\t<\/div>\n\t\t\t\t<\/div>\n\t\t<div data-particle_enable=\"false\" data-particle-mobile-disabled=\"false\" class=\"elementor-element elementor-element-6b3eb77 e-flex e-con-boxed e-con e-parent\" data-id=\"6b3eb77\" data-element_type=\"container\" data-e-type=\"container\">\n\t\t\t\t\t<div class=\"e-con-inner\">\n\t\t\t\t<div class=\"elementor-element elementor-element-d33fe6b elementor-widget elementor-widget-image\" data-id=\"d33fe6b\" data-element_type=\"widget\" data-e-type=\"widget\" data-widget_type=\"image.default\">\n\t\t\t\t\t\t\t\t\t\t\t\t<figure class=\"wp-caption\">\n\t\t\t\t\t\t\t\t\t\t<img fetchpriority=\"high\" decoding=\"async\" width=\"890\" height=\"505\" src=\"https:\/\/soymigrante.com\/revista\/wp-content\/uploads\/2025\/05\/fiestas-patronales-2.webp\" class=\"attachment-large size-large wp-image-34791\" alt=\"Las ferias patronales son una celebraci\u00f3n para compartir con la familia. (Foto: INGUAT)\" srcset=\"https:\/\/soymigrante.com\/revista\/wp-content\/uploads\/2025\/05\/fiestas-patronales-2.webp 890w, https:\/\/soymigrante.com\/revista\/wp-content\/uploads\/2025\/05\/fiestas-patronales-2-300x170.jpg 300w, https:\/\/soymigrante.com\/revista\/wp-content\/uploads\/2025\/05\/fiestas-patronales-2-768x436.jpg 768w, https:\/\/soymigrante.com\/revista\/wp-content\/uploads\/2025\/05\/fiestas-patronales-2-750x426.webp 750w\" sizes=\"(max-width: 890px) 100vw, 890px\" title=\"Las ferias patronales son una celebraci\u00f3n para compartir con la familia. (Foto: INGUAT) \u2013 SoyMigrante.com REVISTA\" \/>\t\t\t\t\t\t\t\t\t\t\t<figcaption class=\"widget-image-caption wp-caption-text\">Las ferias patronales son una celebraci\u00f3n para compartir con la familia. (Foto: INGUAT)<\/figcaption>\n\t\t\t\t\t\t\t\t\t\t<\/figure>\n\t\t\t\t\t\t\t\t\t<\/div>\n\t\t\t\t\t<\/div>\n\t\t\t\t<\/div>\n\t\t<div data-particle_enable=\"false\" data-particle-mobile-disabled=\"false\" class=\"elementor-element elementor-element-4d3f069 e-flex e-con-boxed e-con e-parent\" data-id=\"4d3f069\" data-element_type=\"container\" data-e-type=\"container\">\n\t\t\t\t\t<div class=\"e-con-inner\">\n\t\t\t\t<div class=\"elementor-element elementor-element-1703e93 elementor-widget elementor-widget-heading\" data-id=\"1703e93\" data-element_type=\"widget\" data-e-type=\"widget\" data-widget_type=\"heading.default\">\n\t\t\t\t\t<h3 class=\"elementor-heading-title elementor-size-default\">Otras festividades relevantes en julio incluyen:<\/h3>\t\t\t\t<\/div>\n\t\t\t\t\t<\/div>\n\t\t\t\t<\/div>\n\t\t<div data-particle_enable=\"false\" data-particle-mobile-disabled=\"false\" class=\"elementor-element elementor-element-e1c8ff0 e-flex e-con-boxed e-con e-parent\" data-id=\"e1c8ff0\" data-element_type=\"container\" data-e-type=\"container\">\n\t\t\t\t\t<div class=\"e-con-inner\">\n\t\t\t\t<div class=\"elementor-element elementor-element-9252a6f elementor-widget elementor-widget-text-editor\" data-id=\"9252a6f\" data-element_type=\"widget\" data-e-type=\"widget\" data-widget_type=\"text-editor.default\">\n\t\t\t\t\t\t\t\t\t<p><strong>2 de julio:<\/strong> Santa Mar\u00eda Visitaci\u00f3n, Solol\u00e1, celebra en honor a la Virgen de la Visitaci\u00f3n. <br \/><strong>8 de julio:<\/strong> Tajumulco, San Marcos, conmemora a Santa Isabel de Portugal. <br \/><strong>16 de julio:<\/strong> La cabecera departamental de Huehuetenango honra a la Virgen del Carmen.<br \/><strong>19 de julio:<\/strong> Puerto Barrios, Izabal, celebra su feria patronal. <br \/><strong>22 de julio:<\/strong> Magdalena Milpas Altas, Sacatep\u00e9quez, festeja a Santa Mar\u00eda Magdalena. <br \/><strong>22 de julio:<\/strong> Tectit\u00e1n en honor a Mar\u00eda Magdalena. <br \/><strong>24 de julio:<\/strong> Jutiapa en honor a San Crist\u00f3bal. <br \/><strong>25 de julio:<\/strong> San Crist\u00f3bal Verapaz en honor a Santiago Ap\u00f3stol.<br \/><strong>25 de julio:<\/strong> Cubulco en honor a Santiago Ap\u00f3stol.<br \/><strong>25 de julio<\/strong>: Chimaltenango en honor a Santiago Ap\u00f3stol.<br \/><strong>25 de julio:<\/strong> Jocot\u00e1n en honor a Santiago Ap\u00f3stol. <br \/><strong>25 de julio:<\/strong> Coatepeque en honor a Santiago Ap\u00f3stol. <br \/><strong>25 de julio<\/strong>: El Palmar en honor a Santiago Ap\u00f3stol. <br \/><strong>25 de julio<\/strong>: San Crist\u00f3bal Acasagustl\u00e1n a Santiago Ap\u00f3stol. <br \/><strong>25 de julio:<\/strong> Tejutla en honor a Santiago Ap\u00f3stol. <br \/><strong>25 de julio<\/strong>: Santiago Atitl\u00e1n en honor a Santiago Ap\u00f3stol. <br \/><strong>25 de julio:<\/strong> Esquipulas en honor a Santiago Ap\u00f3stol. <br \/><strong>25 de julio:<\/strong> Mataquescuintla en honor a Santiago Ap\u00f3stol.<br \/><strong>26 de julio:<\/strong> Santa Ana, Pet\u00e9n, rinde homenaje a Santa Ana.<br \/><strong>26 de julio<\/strong>: Santa Ana Huista, en honor a Santa Ana. <br \/><strong>29 de julio:<\/strong> Ixchigu\u00e1n en honor a San Crist\u00f3bal.<br \/><strong>30 de julio:<\/strong> Pal\u00edn, Escuintla, y San Crist\u00f3bal Acasaguastl\u00e1n, El Progreso, celebran a San Crist\u00f3bal. <\/p>\t\t\t\t\t\t\t\t<\/div>\n\t\t\t\t\t<\/div>\n\t\t\t\t<\/div>\n\t\t<div data-particle_enable=\"false\" data-particle-mobile-disabled=\"false\" class=\"elementor-element elementor-element-bdf558b e-flex e-con-boxed e-con e-parent\" data-id=\"bdf558b\" data-element_type=\"container\" data-e-type=\"container\">\n\t\t\t\t\t<div class=\"e-con-inner\">\n\t\t\t\t<div class=\"elementor-element elementor-element-45f026f elementor-widget elementor-widget-image\" data-id=\"45f026f\" data-element_type=\"widget\" data-e-type=\"widget\" data-widget_type=\"image.default\">\n\t\t\t\t\t\t\t\t\t\t\t\t<figure class=\"wp-caption\">\n\t\t\t\t\t\t\t\t\t\t<img decoding=\"async\" width=\"1024\" height=\"683\" src=\"https:\/\/soymigrante.com\/revista\/wp-content\/uploads\/2025\/05\/fiestas-patronales-3-1024x683.jpg\" class=\"attachment-large size-large wp-image-34792\" alt=\"Estas ferias patronales son momentos clave para la expresi\u00f3n de la cultura guatemalteca,. En las ferias se puede encontrar juegos y rica comida. (Foto: INGUAT)\" srcset=\"https:\/\/soymigrante.com\/revista\/wp-content\/uploads\/2025\/05\/fiestas-patronales-3-1024x683.jpg 1024w, https:\/\/soymigrante.com\/revista\/wp-content\/uploads\/2025\/05\/fiestas-patronales-3-300x200.jpg 300w, https:\/\/soymigrante.com\/revista\/wp-content\/uploads\/2025\/05\/fiestas-patronales-3-768x512.jpg 768w, https:\/\/soymigrante.com\/revista\/wp-content\/uploads\/2025\/05\/fiestas-patronales-3-750x500.jpg 750w, https:\/\/soymigrante.com\/revista\/wp-content\/uploads\/2025\/05\/fiestas-patronales-3-1140x760.jpg 1140w, https:\/\/soymigrante.com\/revista\/wp-content\/uploads\/2025\/05\/fiestas-patronales-3.webp 1200w\" sizes=\"(max-width: 1024px) 100vw, 1024px\" title=\"En las ferias se puede encontrar juegos y rica comida. (Foto: INGUAT) \u2013 SoyMigrante.com REVISTA\" \/>\t\t\t\t\t\t\t\t\t\t\t<figcaption class=\"widget-image-caption wp-caption-text\">Estas ferias patronales son momentos clave para la expresi\u00f3n de la cultura guatemalteca,. En las ferias se puede encontrar juegos y rica comida. (Foto: INGUAT)<\/figcaption>\n\t\t\t\t\t\t\t\t\t\t<\/figure>\n\t\t\t\t\t\t\t\t\t<\/div>\n\t\t\t\t\t<\/div>\n\t\t\t\t<\/div>\n\t\t<div data-particle_enable=\"false\" data-particle-mobile-disabled=\"false\" class=\"elementor-element elementor-element-8b1ec12 e-flex e-con-boxed e-con e-parent\" data-id=\"8b1ec12\" data-element_type=\"container\" data-e-type=\"container\">\n\t\t\t\t\t<div class=\"e-con-inner\">\n\t\t\t\t<div class=\"elementor-element elementor-element-4cef6c4 elementor-widget elementor-widget-text-editor\" data-id=\"4cef6c4\" data-element_type=\"widget\" data-e-type=\"widget\" data-widget_type=\"text-editor.default\">\n\t\t\t\t\t\t\t\t\t<p><a href=\"https:\/\/soymigrante.com\/revista\/fiestas-patronales-en-guatemala-busque-su-municipio\/\" target=\"_blank\" rel=\"noopener\">Estas ferias patronales son momentos clave para la expresi\u00f3n de la cultura guatemalteca<\/a>, donde se combinan la devoci\u00f3n religiosa con actividades como danzas tradicionales, procesiones, juegos pirot\u00e9cnicos, ferias gastron\u00f3micas y artesanales. Adem\u00e1s, fomentan el turismo local y fortalecen la econom\u00eda de las comunidades anfitrionas.<\/p><p><a href=\"https:\/\/soymigrante.com\/revista\/fiestas-patronales-en-guatemala-busque-su-municipio\/\" target=\"_blank\" rel=\"noopener\">La celebraci\u00f3n de las ferias titulares en julio refleja la diversidad y riqueza cultural de Guatemala<\/a>, ofreciendo una oportunidad para que tanto locales como visitantes participen en estas tradiciones que son el coraz\u00f3n de muchas comunidades.<\/p>\t\t\t\t\t\t\t\t<\/div>\n\t\t\t\t\t<\/div>\n\t\t\t\t<\/div>\n\t\t<div data-particle_enable=\"false\" data-particle-mobile-disabled=\"false\" class=\"elementor-element elementor-element-4aee548 e-flex e-con-boxed e-con e-parent\" data-id=\"4aee548\" data-element_type=\"container\" data-e-type=\"container\">\n\t\t\t\t\t<div class=\"e-con-inner\">\n\t\t\t\t<div class=\"elementor-element elementor-element-217e6b5 elementor-widget elementor-widget-heading\" data-id=\"217e6b5\" data-element_type=\"widget\" data-e-type=\"widget\" data-widget_type=\"heading.default\">\n\t\t\t\t\t<h2 class=\"elementor-heading-title elementor-size-default\">Conoce m\u00e1s de las fiestas patronales en Guatemala...<\/h2>\t\t\t\t<\/div>\n\t\t\t\t\t<\/div>\n\t\t\t\t<\/div>\n\t\t<div data-particle_enable=\"false\" data-particle-mobile-disabled=\"false\" class=\"elementor-element elementor-element-86f7423 e-flex e-con-boxed e-con e-parent\" data-id=\"86f7423\" data-element_type=\"container\" data-e-type=\"container\">\n\t\t\t\t\t<div class=\"e-con-inner\">\n\t\t\t\t<div class=\"elementor-element elementor-element-6733a31 elementor-grid-eael-col-3 elementor-grid-tablet-eael-col-2 elementor-grid-mobile-eael-col-1 elementor-widget elementor-widget-eael-post-grid\" data-id=\"6733a31\" data-element_type=\"widget\" data-e-type=\"widget\" data-settings=\"{&quot;eael_post_grid_columns&quot;:&quot;eael-col-3&quot;,&quot;eael_post_grid_columns_tablet&quot;:&quot;eael-col-2&quot;,&quot;eael_post_grid_columns_mobile&quot;:&quot;eael-col-1&quot;}\" data-widget_type=\"eael-post-grid.default\">\n\t\t\t\t\t<div id=\"eael-post-grid-6733a31\" class=\"eael-post-grid-container\">\n            <div class=\"eael-post-grid eael-post-appender eael-post-appender-6733a31 eael-post-grid-style-one\" data-layout-mode=\"masonry\"><article class=\"eael-grid-post  eael-post-grid-column eael-pg-post-7390 category-guate-nuestra tags-calendario-de-ferias\" data-id=\"7390\">\n        <div class=\"eael-grid-post-holder\">\n            <div class=\"eael-grid-post-holder-inner\"><div class=\"eael-entry-media\"><div class=\"eael-entry-overlay fade-in\"><i class=\"far fa-hand-pointer\" aria-hidden=\"true\"><\/i><a href=\"https:\/\/soymigrante.com\/revista\/fiestas-patronales-en-guatemala-busque-su-municipio\/\"><\/a><\/div><div class=\"eael-entry-thumbnail \">\n                <img decoding=\"async\" width=\"1024\" height=\"1024\" src=\"https:\/\/soymigrante.com\/revista\/wp-content\/uploads\/2024\/07\/WhatsApp-Image-2024-06-28-at-111908-AM-e1720800331515-1024x1024.webp\" class=\"attachment-large size-large wp-image-7395\" alt=\"Ferias patronales de los municipios de Guatemala, por departamento\" srcset=\"https:\/\/soymigrante.com\/revista\/wp-content\/uploads\/2024\/07\/WhatsApp-Image-2024-06-28-at-111908-AM-e1720800331515-1024x1024.webp 1024w, https:\/\/soymigrante.com\/revista\/wp-content\/uploads\/2024\/07\/WhatsApp-Image-2024-06-28-at-111908-AM-e1720800331515-300x300.webp 300w, https:\/\/soymigrante.com\/revista\/wp-content\/uploads\/2024\/07\/WhatsApp-Image-2024-06-28-at-111908-AM-e1720800331515-150x150.webp 150w, https:\/\/soymigrante.com\/revista\/wp-content\/uploads\/2024\/07\/WhatsApp-Image-2024-06-28-at-111908-AM-e1720800331515-768x768.webp 768w, https:\/\/soymigrante.com\/revista\/wp-content\/uploads\/2024\/07\/WhatsApp-Image-2024-06-28-at-111908-AM-e1720800331515-75x75.webp 75w, https:\/\/soymigrante.com\/revista\/wp-content\/uploads\/2024\/07\/WhatsApp-Image-2024-06-28-at-111908-AM-e1720800331515-750x750.webp 750w, https:\/\/soymigrante.com\/revista\/wp-content\/uploads\/2024\/07\/WhatsApp-Image-2024-06-28-at-111908-AM-e1720800331515.webp 1066w\" sizes=\"(max-width: 1024px) 100vw, 1024px\" \/>\n            <\/div>\n        <\/div><div class=\"eael-entry-wrapper\"><header class=\"eael-entry-header\"><h2 class=\"eael-entry-title\"><a class=\"eael-grid-post-link\" href=\"https:\/\/soymigrante.com\/revista\/fiestas-patronales-en-guatemala-busque-su-municipio\/\" title=\"Ferias patronales de los municipios de Guatemala, por departamento\">Ferias patronales de los municipios de Guatemala, por departamento<\/a><\/h2><\/header><div class=\"eael-entry-content\">\n                        <div class=\"eael-grid-post-excerpt\"><a href=\"https:\/\/soymigrante.com\/revista\/fiestas-patronales-en-guatemala-busque-su-municipio\/\" class=\"eael-post-elements-readmore-btn\">CONOCE SU HISTORIA <\/a><\/div>\n                    <\/div><\/div><\/div>\n        <\/div>\n    <\/article><article class=\"eael-grid-post  eael-post-grid-column eael-pg-post-8968 category-estamos-unidos\" data-id=\"8968\">\n        <div class=\"eael-grid-post-holder\">\n            <div class=\"eael-grid-post-holder-inner\"><div class=\"eael-entry-media\"><div class=\"eael-entry-overlay fade-in\"><i class=\"far fa-hand-pointer\" aria-hidden=\"true\"><\/i><a href=\"https:\/\/soymigrante.com\/revista\/fiestas-patrias-de-guatemala-en-usa-desfiles-actos-civicos-y-mas\/\"><\/a><\/div><div class=\"eael-entry-thumbnail \">\n                <img loading=\"lazy\" decoding=\"async\" width=\"783\" height=\"783\" src=\"https:\/\/soymigrante.com\/revista\/wp-content\/uploads\/2024\/09\/Captura-de-pantalla-2024-09-11-091543.webp\" class=\"attachment-large size-large wp-image-9018\" alt=\"Rostro de un grupo diverso de personas en una celebraci\u00f3n en la calle, algunas con coronas y banderas, en un evento que destaca la cultura y comunidad migrante guatemalteca en un entorno urbano.\" srcset=\"https:\/\/soymigrante.com\/revista\/wp-content\/uploads\/2024\/09\/Captura-de-pantalla-2024-09-11-091543.webp 783w, https:\/\/soymigrante.com\/revista\/wp-content\/uploads\/2024\/09\/Captura-de-pantalla-2024-09-11-091543-300x300.webp 300w, https:\/\/soymigrante.com\/revista\/wp-content\/uploads\/2024\/09\/Captura-de-pantalla-2024-09-11-091543-150x150.webp 150w, https:\/\/soymigrante.com\/revista\/wp-content\/uploads\/2024\/09\/Captura-de-pantalla-2024-09-11-091543-768x768.webp 768w, https:\/\/soymigrante.com\/revista\/wp-content\/uploads\/2024\/09\/Captura-de-pantalla-2024-09-11-091543-75x75.webp 75w, https:\/\/soymigrante.com\/revista\/wp-content\/uploads\/2024\/09\/Captura-de-pantalla-2024-09-11-091543-750x750.webp 750w\" sizes=\"(max-width: 783px) 100vw, 783px\" \/>\n            <\/div>\n        <\/div><div class=\"eael-entry-wrapper\"><header class=\"eael-entry-header\"><h2 class=\"eael-entry-title\"><a class=\"eael-grid-post-link\" href=\"https:\/\/soymigrante.com\/revista\/fiestas-patrias-de-guatemala-en-usa-desfiles-actos-civicos-y-mas\/\" title=\"Fiestas patrias de Guatemala en USA: desfiles, actos c\u00edvicos y m\u00e1s&#8230;\">Fiestas patrias de Guatemala en USA: desfiles, actos c\u00edvicos y m\u00e1s&#8230;<\/a><\/h2><\/header><div class=\"eael-entry-content\">\n                        <div class=\"eael-grid-post-excerpt\"><a href=\"https:\/\/soymigrante.com\/revista\/fiestas-patrias-de-guatemala-en-usa-desfiles-actos-civicos-y-mas\/\" class=\"eael-post-elements-readmore-btn\">CONOCE SU HISTORIA <\/a><\/div>\n                    <\/div><\/div><\/div>\n        <\/div>\n    <\/article><article class=\"eael-grid-post  eael-post-grid-column eael-pg-post-7788 category-guate-nuestra\" data-id=\"7788\">\n        <div class=\"eael-grid-post-holder\">\n            <div class=\"eael-grid-post-holder-inner\"><div class=\"eael-entry-media\"><div class=\"eael-entry-overlay fade-in\"><i class=\"far fa-hand-pointer\" aria-hidden=\"true\"><\/i><a href=\"https:\/\/soymigrante.com\/revista\/ferias-patronales-en-agosto-estas-seran-las-celebraciones\/\"><\/a><\/div><div class=\"eael-entry-thumbnail \">\n                <img loading=\"lazy\" decoding=\"async\" width=\"1024\" height=\"1024\" src=\"https:\/\/soymigrante.com\/revista\/wp-content\/uploads\/2024\/08\/Ferias-patronales-en-agosto-Estas-seran-las-celebraciones4-e1736402054738-1024x1024.webp\" class=\"attachment-large size-large wp-image-7789\" alt=\"Parque de diversiones con rueda de la fortuna colorida y personas disfrutando en los asientos, rodeado de \u00e1rboles verdes, en un d\u00eda soleado.\" srcset=\"https:\/\/soymigrante.com\/revista\/wp-content\/uploads\/2024\/08\/Ferias-patronales-en-agosto-Estas-seran-las-celebraciones4-e1736402054738-1024x1024.webp 1024w, https:\/\/soymigrante.com\/revista\/wp-content\/uploads\/2024\/08\/Ferias-patronales-en-agosto-Estas-seran-las-celebraciones4-e1736402054738-300x300.webp 300w, https:\/\/soymigrante.com\/revista\/wp-content\/uploads\/2024\/08\/Ferias-patronales-en-agosto-Estas-seran-las-celebraciones4-e1736402054738-150x150.webp 150w, https:\/\/soymigrante.com\/revista\/wp-content\/uploads\/2024\/08\/Ferias-patronales-en-agosto-Estas-seran-las-celebraciones4-e1736402054738-768x768.webp 768w, https:\/\/soymigrante.com\/revista\/wp-content\/uploads\/2024\/08\/Ferias-patronales-en-agosto-Estas-seran-las-celebraciones4-e1736402054738-75x75.webp 75w, https:\/\/soymigrante.com\/revista\/wp-content\/uploads\/2024\/08\/Ferias-patronales-en-agosto-Estas-seran-las-celebraciones4-e1736402054738-750x750.webp 750w, https:\/\/soymigrante.com\/revista\/wp-content\/uploads\/2024\/08\/Ferias-patronales-en-agosto-Estas-seran-las-celebraciones4-e1736402054738.webp 1053w\" sizes=\"(max-width: 1024px) 100vw, 1024px\" \/>\n            <\/div>\n        <\/div><div class=\"eael-entry-wrapper\"><header class=\"eael-entry-header\"><h2 class=\"eael-entry-title\"><a class=\"eael-grid-post-link\" href=\"https:\/\/soymigrante.com\/revista\/ferias-patronales-en-agosto-estas-seran-las-celebraciones\/\" title=\"Ferias patronales en agosto: Estas ser\u00e1n las celebraciones\">Ferias patronales en agosto: Estas ser\u00e1n las celebraciones<\/a><\/h2><\/header><div class=\"eael-entry-content\">\n                        <div class=\"eael-grid-post-excerpt\"><a href=\"https:\/\/soymigrante.com\/revista\/ferias-patronales-en-agosto-estas-seran-las-celebraciones\/\" class=\"eael-post-elements-readmore-btn\">CONOCE SU HISTORIA <\/a><\/div>\n                    <\/div><\/div><\/div>\n        <\/div>\n    <\/article><\/div>\n            <div class=\"clearfix\"><\/div>\n        <\/div>\t\t\t\t<\/div>\n\t\t\t\t\t<\/div>\n\t\t\t\t<\/div>\n\t\t\t\t<\/div>\n\t\t","protected":false},"excerpt":{"rendered":"<p>Las fiestas patronales en los municipios de Guatemala son oportunidades para compartir y pasar un momento alegre con las familias y vecinos. El mes de julio es especialmente significativo en Guatemala, ya que numerosos municipios celebran sus ferias titulares en honor a sus santos patronos. Estas festividades no solo son expresiones de fe, sino tambi\u00e9n [&hellip;]<\/p>\n","protected":false},"author":19,"featured_media":34782,"comment_status":"open","ping_status":"open","sticky":false,"template":"","format":"standard","meta":{"_acf_changed":false,"_eb_attr":"","footnotes":""},"categories":[58],"tags":[272],"class_list":["post-34781","post","type-post","status-publish","format-standard","has-post-thumbnail","hentry","category-guate-nuestra","tag-calendario-de-ferias"],"acf":[],"aioseo_notices":[],"aioseo_head":"\n\t\t<!-- All in One SEO Pro 4.9.6.2 - aioseo.com -->\n\t<meta name=\"description\" content=\"Comida, juegos el\u00e9ctricos, celebraciones, elecciones de reinas, entre otros, esto se puede disfrutar en las fiestas patronales en agosto, con\u00f3celas aqu\u00ed. Cada 15 de agosto se celebra la feria patronal de Guatemala, en conmemoraci\u00f3n de la Virgen de la Asunci\u00f3n, una tradici\u00f3n que data desde la \u00e9poca de la colonia, cuenta la historia que la\" \/>\n\t<meta name=\"robots\" content=\"max-snippet:-1, max-image-preview:large, max-video-preview:-1\" \/>\n\t<meta name=\"author\" content=\"Marysabel Aldana\"\/>\n\t<link rel=\"canonical\" href=\"https:\/\/soymigrante.com\/revista\/fiestas-patronales-en-julio-estas-son-las-celebraciones-guatemala\/\" \/>\n\t<meta name=\"generator\" content=\"All in One SEO Pro (AIOSEO) 4.9.6.2\" \/>\n\n\t\t<link rel=\"preconnect\" href=\"https:\/\/fonts.googleapis.com\" crossorigin>\n<link rel=\"preconnect\" href=\"https:\/\/fonts.gstatic.com\" crossorigin>\n\t\t<meta property=\"og:locale\" content=\"es_ES\" \/>\n\t\t<meta property=\"og:site_name\" content=\"SoyMigrante.com REVISTA \u2013 Nuestra misi\u00f3n es reconocer y dignificar al migrante.\" \/>\n\t\t<meta property=\"og:type\" content=\"article\" \/>\n\t\t<meta property=\"og:title\" content=\"Fiestas patronales de municipios de Guatemala en Julio.\" \/>\n\t\t<meta property=\"og:description\" content=\"Festejos sociales, c\u00edvicos, religiosos y deportivos durante el mes de julio en municipios de Guatemala. Hay muchas fiestas dedicadas al apostol Santiago.\" \/>\n\t\t<meta property=\"og:url\" content=\"https:\/\/soymigrante.com\/revista\/fiestas-patronales-en-julio-estas-son-las-celebraciones-guatemala\/\" \/>\n\t\t<meta property=\"og:image\" content=\"https:\/\/soymigrante.com\/revista\/wp-content\/uploads\/2025\/05\/FIestas-patronales-e1748456171528.webp\" \/>\n\t\t<meta property=\"og:image:secure_url\" content=\"https:\/\/soymigrante.com\/revista\/wp-content\/uploads\/2025\/05\/FIestas-patronales-e1748456171528.webp\" \/>\n\t\t<meta property=\"og:image:width\" content=\"504\" \/>\n\t\t<meta property=\"og:image:height\" content=\"504\" \/>\n\t\t<meta property=\"article:published_time\" content=\"2025-05-28T18:27:41+00:00\" \/>\n\t\t<meta property=\"article:modified_time\" content=\"2025-09-15T23:36:38+00:00\" \/>\n\t\t<meta property=\"article:publisher\" content=\"https:\/\/www.facebook.com\/soymigrantecom\" \/>\n\t\t<meta name=\"twitter:card\" content=\"summary_large_image\" \/>\n\t\t<meta name=\"twitter:site\" content=\"@SoyMigrante_com\" \/>\n\t\t<meta name=\"twitter:title\" content=\"Fiestas patronales de municipios de Guatemala en Julio.\" \/>\n\t\t<meta name=\"twitter:description\" content=\"Festejos sociales, c\u00edvicos, religiosos y deportivos durante el mes de julio en municipios de Guatemala. Hay muchas fiestas dedicadas al apostol Santiago.\" \/>\n\t\t<meta name=\"twitter:creator\" content=\"@SoyMigrante_com\" \/>\n\t\t<meta name=\"twitter:image\" content=\"https:\/\/soymigrante.com\/revista\/wp-content\/uploads\/2025\/05\/FIestas-patronales-e1748456171528.webp\" \/>\n\t\t<!-- All in One SEO Pro -->\r\n\t\t<title>Fiestas patronales de municipios de Guatemala en Julio.<\/title>\n\n","aioseo_head_json":{"title":"Fiestas patronales de municipios de Guatemala en Julio.","description":"Festejos sociales, c\u00edvicos, religiosos y deportivos durante el mes de julio en municipios de Guatemala. Hay muchas fiestas dedicadas al apostol Santiago.","canonical_url":"https:\/\/soymigrante.com\/revista\/fiestas-patronales-en-julio-estas-son-las-celebraciones-guatemala\/","robots":"max-snippet:-1, max-image-preview:large, max-video-preview:-1","keywords":"","webmasterTools":{"miscellaneous":"&lt;link rel=\"preconnect\" href=\"https:\/\/fonts.googleapis.com\" crossorigin&gt;\n&lt;link rel=\"preconnect\" href=\"https:\/\/fonts.gstatic.com\" crossorigin&gt;"},"schema":null,"og:locale":"es_ES","og:site_name":"SoyMigrante.com REVISTA \u2013 Nuestra misi\u00f3n es reconocer y dignificar al migrante.","og:type":"article","og:title":"Fiestas patronales de municipios de Guatemala en Julio.","og:description":"Festejos sociales, c\u00edvicos, religiosos y deportivos durante el mes de julio en municipios de Guatemala. Hay muchas fiestas dedicadas al apostol Santiago.","og:url":"https:\/\/soymigrante.com\/revista\/fiestas-patronales-en-julio-estas-son-las-celebraciones-guatemala\/","og:image":"https:\/\/soymigrante.com\/revista\/wp-content\/uploads\/2025\/05\/FIestas-patronales-e1748456171528.webp","og:image:secure_url":"https:\/\/soymigrante.com\/revista\/wp-content\/uploads\/2025\/05\/FIestas-patronales-e1748456171528.webp","og:image:width":504,"og:image:height":504,"article:published_time":"2025-05-28T18:27:41+00:00","article:modified_time":"2025-09-15T23:36:38+00:00","article:publisher":"https:\/\/www.facebook.com\/soymigrantecom","twitter:card":"summary_large_image","twitter:site":"@SoyMigrante_com","twitter:title":"Fiestas patronales de municipios de Guatemala en Julio.","twitter:description":"Festejos sociales, c\u00edvicos, religiosos y deportivos durante el mes de julio en municipios de Guatemala. Hay muchas fiestas dedicadas al apostol Santiago.","twitter:creator":"@SoyMigrante_com","twitter:image":"https:\/\/soymigrante.com\/revista\/wp-content\/uploads\/2025\/05\/FIestas-patronales-e1748456171528.webp"},"aioseo_meta_data":{"post_id":"34781","title":"Fiestas patronales de municipios de Guatemala en Julio.","description":"Festejos sociales, c\u00edvicos, religiosos y deportivos durante el mes de julio en municipios de Guatemala. Hay muchas fiestas dedicadas al apostol Santiago.","keywords":null,"keyphrases":{"focus":{"keyphrase":"fiestas patronales","score":51,"analysis":{"keyphraseInTitle":{"score":9,"maxScore":9,"error":0},"keyphraseInDescription":{"score":3,"maxScore":9,"error":1},"keyphraseLength":{"score":9,"maxScore":9,"error":0,"length":2},"keyphraseInURL":{"score":5,"maxScore":5,"error":0},"keyphraseInIntroduction":{"score":3,"maxScore":9,"error":1},"keyphraseInSubHeadings":{"score":3,"maxScore":9,"error":1},"keyphraseInImageAlt":{"score":3,"maxScore":9,"error":1},"keywordDensity":{"score":0,"type":"low","maxScore":9,"error":1}}},"additional":[{"keyphrase":"Fiestas patronales","score":40,"analysis":{"keyphraseInDescription":{"score":3,"maxScore":9,"error":1},"keyphraseLength":{"score":9,"maxScore":9,"error":0,"length":2},"keyphraseInIntroduction":{"score":3,"maxScore":9,"error":1},"keyphraseInImageAlt":{"score":3,"maxScore":9,"error":1},"keywordDensity":{"score":0,"type":"low","maxScore":9,"error":1}}},{"keyphrase":"Guatemala","score":87,"analysis":{"keyphraseInDescription":{"score":9,"maxScore":9,"error":0},"keyphraseLength":{"score":9,"maxScore":9,"error":0,"length":1},"keyphraseInIntroduction":{"score":9,"maxScore":9,"error":0},"keyphraseInImageAlt":{"score":3,"maxScore":9,"error":1},"keywordDensity":{"type":"best","score":9,"maxScore":9,"error":0}}}]},"primary_term":null,"canonical_url":null,"og_title":null,"og_description":null,"og_object_type":"default","og_image_type":"default","og_image_url":null,"og_image_width":null,"og_image_height":null,"og_image_custom_url":null,"og_image_custom_fields":null,"og_video":"","og_custom_url":null,"og_article_section":null,"og_article_tags":null,"twitter_use_og":false,"twitter_card":"default","twitter_image_type":"default","twitter_image_url":null,"twitter_image_custom_url":null,"twitter_image_custom_fields":null,"twitter_title":null,"twitter_description":null,"schema":{"blockGraphs":[],"customGraphs":[],"default":{"data":{"Article":[],"Course":[],"Dataset":[],"FAQPage":[],"Movie":[],"Person":[],"Product":[],"ProductReview":[],"Car":[],"Recipe":[],"Service":[],"SoftwareApplication":[],"WebPage":[]},"graphName":"none","isEnabled":true},"graphs":[]},"schema_type":"default","schema_type_options":null,"pillar_content":false,"robots_default":true,"robots_noindex":false,"robots_noarchive":false,"robots_nosnippet":false,"robots_nofollow":false,"robots_noimageindex":false,"robots_noodp":false,"robots_notranslate":false,"robots_max_snippet":"-1","robots_max_videopreview":"-1","robots_max_imagepreview":"large","priority":null,"frequency":"default","local_seo":null,"seo_analyzer_scan_date":"2025-10-09 05:29:07","breadcrumb_settings":null,"limit_modified_date":false,"reviewed_by":"0","open_ai":"{\"title\":{\"suggestions\":[],\"usage\":0},\"description\":{\"suggestions\":[],\"usage\":0}}","ai":{"faqs":[],"keyPoints":[],"titles":[],"descriptions":[],"socialPosts":{"email":[],"linkedin":[],"twitter":[],"facebook":[],"instagram":[]}},"created":"2025-05-28 18:17:33","updated":"2026-02-04 23:51:17"},"aioseo_breadcrumb":"<div class=\"aioseo-breadcrumbs\"><span class=\"aioseo-breadcrumb\">\n\t<a href=\"https:\/\/soymigrante.com\/revista\" title=\"Home\">Home<\/a>\n<\/span><span class=\"aioseo-breadcrumb-separator\">\u00bb<\/span><span class=\"aioseo-breadcrumb\">\n\t<a href=\"https:\/\/soymigrante.com\/revista\/category\/guate-nuestra\/\" title=\"Guate Nuestra\">Guate Nuestra<\/a>\n<\/span><span class=\"aioseo-breadcrumb-separator\">\u00bb<\/span><span class=\"aioseo-breadcrumb\">\n\tFerias patronales en Guatemala durante el mes de julio\n<\/span><\/div>","aioseo_breadcrumb_json":[{"label":"Home","link":"https:\/\/soymigrante.com\/revista"},{"label":"Guate Nuestra","link":"https:\/\/soymigrante.com\/revista\/category\/guate-nuestra\/"},{"label":"Ferias patronales en Guatemala durante el mes de julio","link":"https:\/\/soymigrante.com\/revista\/fiestas-patronales-en-julio-estas-son-las-celebraciones-guatemala\/"}],"_links":{"self":[{"href":"https:\/\/soymigrante.com\/revista\/wp-json\/wp\/v2\/posts\/34781","targetHints":{"allow":["GET"]}}],"collection":[{"href":"https:\/\/soymigrante.com\/revista\/wp-json\/wp\/v2\/posts"}],"about":[{"href":"https:\/\/soymigrante.com\/revista\/wp-json\/wp\/v2\/types\/post"}],"author":[{"embeddable":true,"href":"https:\/\/soymigrante.com\/revista\/wp-json\/wp\/v2\/users\/19"}],"replies":[{"embeddable":true,"href":"https:\/\/soymigrante.com\/revista\/wp-json\/wp\/v2\/comments?post=34781"}],"version-history":[{"count":32,"href":"https:\/\/soymigrante.com\/revista\/wp-json\/wp\/v2\/posts\/34781\/revisions"}],"predecessor-version":[{"id":44778,"href":"https:\/\/soymigrante.com\/revista\/wp-json\/wp\/v2\/posts\/34781\/revisions\/44778"}],"wp:featuredmedia":[{"embeddable":true,"href":"https:\/\/soymigrante.com\/revista\/wp-json\/wp\/v2\/media\/34782"}],"wp:attachment":[{"href":"https:\/\/soymigrante.com\/revista\/wp-json\/wp\/v2\/media?parent=34781"}],"wp:term":[{"taxonomy":"category","embeddable":true,"href":"https:\/\/soymigrante.com\/revista\/wp-json\/wp\/v2\/categories?post=34781"},{"taxonomy":"post_tag","embeddable":true,"href":"https:\/\/soymigrante.com\/revista\/wp-json\/wp\/v2\/tags?post=34781"}],"curies":[{"name":"wp","href":"https:\/\/api.w.org\/{rel}","templated":true}]}}