{"id":34748,"date":"2025-05-28T14:22:53","date_gmt":"2025-05-28T20:22:53","guid":{"rendered":"https:\/\/soymigrante.com\/revista\/?p=34748"},"modified":"2025-05-28T14:43:21","modified_gmt":"2025-05-28T20:43:21","slug":"una-inmensa-y-fragil-joya-verde-de-guatemala-que-debemos-conservar-la-sierra-de-las-minas","status":"publish","type":"post","link":"https:\/\/soymigrante.com\/revista\/una-inmensa-y-fragil-joya-verde-de-guatemala-que-debemos-conservar-la-sierra-de-las-minas\/","title":{"rendered":"Una inmensa y fr\u00e1gil joya verde de Guatemala que debemos conservar: la Sierra de las Minas"},"content":{"rendered":"\t\t<div data-elementor-type=\"wp-post\" data-elementor-id=\"34748\" class=\"elementor elementor-34748\" data-elementor-post-type=\"post\">\n\t\t\t\t<div data-particle_enable=\"false\" data-particle-mobile-disabled=\"false\" class=\"elementor-element elementor-element-c29fde5 e-flex e-con-boxed e-con e-parent\" data-id=\"c29fde5\" data-element_type=\"container\" data-e-type=\"container\">\n\t\t\t\t\t<div class=\"e-con-inner\">\n\t\t\t\t<div class=\"elementor-element elementor-element-db659cc elementor-widget elementor-widget-heading\" data-id=\"db659cc\" data-element_type=\"widget\" data-e-type=\"widget\" data-widget_type=\"heading.default\">\n\t\t\t\t\t<h2 class=\"elementor-heading-title elementor-size-default\">A trav\u00e9s de la descripci\u00f3n de un viaje a la Sierra de las Minas, la arquitecta e impulsora de la conservaci\u00f3n ambiental Jeanne Samayoa, invita a valorar un verdadero tesoro nacional de Guatemala.<\/h2>\t\t\t\t<\/div>\n\t\t\t\t\t<\/div>\n\t\t\t\t<\/div>\n\t\t<div data-particle_enable=\"false\" data-particle-mobile-disabled=\"false\" class=\"elementor-element elementor-element-218a5ca e-flex e-con-boxed e-con e-parent\" data-id=\"218a5ca\" data-element_type=\"container\" data-e-type=\"container\">\n\t\t\t\t\t<div class=\"e-con-inner\">\n\t\t\t\t<div class=\"elementor-element elementor-element-b4c6e4a elementor-widget elementor-widget-text-editor\" data-id=\"b4c6e4a\" data-element_type=\"widget\" data-e-type=\"widget\" data-widget_type=\"text-editor.default\">\n\t\t\t\t\t\t\t\t\t<p><b>Por Jeanne Samayoa, directora fundaci\u00f3n <a href=\"https:\/\/www.instagram.com\/haciendoeco_gt\/?hl=es\">Crecer<\/a>\u00a0Guatemala.<\/b><\/p>\t\t\t\t\t\t\t\t<\/div>\n\t\t\t\t\t<\/div>\n\t\t\t\t<\/div>\n\t\t<div data-particle_enable=\"false\" data-particle-mobile-disabled=\"false\" class=\"elementor-element elementor-element-68ce544 e-flex e-con-boxed e-con e-parent\" data-id=\"68ce544\" data-element_type=\"container\" data-e-type=\"container\">\n\t\t\t\t\t<div class=\"e-con-inner\">\n\t\t\t\t<div class=\"elementor-element elementor-element-66f2090 elementor-widget elementor-widget-text-editor\" data-id=\"66f2090\" data-element_type=\"widget\" data-e-type=\"widget\" data-widget_type=\"text-editor.default\">\n\t\t\t\t\t\t\t\t\t<p>Primero unos datos: el \u00e1rea total de la <a href=\"https:\/\/soymigrante.com\/revista\/parque-nacional-sierra-de-las-minas-un-tesoro-natural-de-tres-departamentos-de-guatemala\/\">Reserva Forestal Sierra de las Minas<\/a> es de 2,420 kil\u00f3metros cuadrados. Se encuentra entre los valles del r\u00edo Polochic y el r\u00edo Motagua. Si se le mide a lo largo, tiene 130 kil\u00f3metros, con un ancho de entre 10 a 30 kil\u00f3metros. Sus alturas van desde el nivel del mar hasta los 3 mil metros.<\/p><p>Fue decretada el 2 de octubre de 1990 y esta categor\u00eda le ha preservado como el principal tesoro de<a href=\"https:\/\/conap.gob.gt\/bosque-nuboso-en-guatemala-y-las-acciones-para-su-conservacion\/\"> bosque nuboso<\/a> protegido en el pa\u00eds.<\/p>\t\t\t\t\t\t\t\t<\/div>\n\t\t\t\t\t<\/div>\n\t\t\t\t<\/div>\n\t\t<div data-particle_enable=\"false\" data-particle-mobile-disabled=\"false\" class=\"elementor-element elementor-element-aaae1cb e-flex e-con-boxed e-con e-parent\" data-id=\"aaae1cb\" data-element_type=\"container\" data-e-type=\"container\">\n\t\t\t\t\t<div class=\"e-con-inner\">\n\t\t\t\t<div class=\"elementor-element elementor-element-c99b9a6 elementor-widget elementor-widget-image\" data-id=\"c99b9a6\" data-element_type=\"widget\" data-e-type=\"widget\" data-widget_type=\"image.default\">\n\t\t\t\t\t\t\t\t\t\t\t\t<figure class=\"wp-caption\">\n\t\t\t\t\t\t\t\t\t\t<img fetchpriority=\"high\" decoding=\"async\" width=\"768\" height=\"1024\" src=\"https:\/\/soymigrante.com\/revista\/wp-content\/uploads\/2025\/05\/sierra-de-las-minas-14-768x1024.jpg\" class=\"attachment-large size-large wp-image-34844\" alt=\"Veda y ecoturismo en la selva tropical con turistas explorando la biodiversidad del bosque h\u00famedo.\" srcset=\"https:\/\/soymigrante.com\/revista\/wp-content\/uploads\/2025\/05\/sierra-de-las-minas-14-768x1024.jpg 768w, https:\/\/soymigrante.com\/revista\/wp-content\/uploads\/2025\/05\/sierra-de-las-minas-14-225x300.jpg 225w, https:\/\/soymigrante.com\/revista\/wp-content\/uploads\/2025\/05\/sierra-de-las-minas-14-1152x1536.jpg 1152w, https:\/\/soymigrante.com\/revista\/wp-content\/uploads\/2025\/05\/sierra-de-las-minas-14-1536x2048.jpg 1536w, https:\/\/soymigrante.com\/revista\/wp-content\/uploads\/2025\/05\/sierra-de-las-minas-14-750x1000.webp 750w, https:\/\/soymigrante.com\/revista\/wp-content\/uploads\/2025\/05\/sierra-de-las-minas-14-1140x1520.webp 1140w, https:\/\/soymigrante.com\/revista\/wp-content\/uploads\/2025\/05\/sierra-de-las-minas-14-scaled.webp 1440w\" sizes=\"(max-width: 768px) 100vw, 768px\" title=\"El bosque nuboso de la Sierra de las Minas abarca unos 600 kil\u00f3metros cuadrados, que proveen de agua a much\u00edsimas comunidades. (Foto Jeanne Samayoa) \u2013 SoyMigrante.com REVISTA\" \/>\t\t\t\t\t\t\t\t\t\t\t<figcaption class=\"widget-image-caption wp-caption-text\">El bosque nuboso de la Sierra de las Minas abarca unos 600 kil\u00f3metros cuadrados, que proveen de agua a much\u00edsimas comunidades. (Foto Jeanne Samayoa)<\/figcaption>\n\t\t\t\t\t\t\t\t\t\t<\/figure>\n\t\t\t\t\t\t\t\t\t<\/div>\n\t\t\t\t\t<\/div>\n\t\t\t\t<\/div>\n\t\t<div data-particle_enable=\"false\" data-particle-mobile-disabled=\"false\" class=\"elementor-element elementor-element-96b7bb1 e-flex e-con-boxed e-con e-parent\" data-id=\"96b7bb1\" data-element_type=\"container\" data-e-type=\"container\">\n\t\t\t\t\t<div class=\"e-con-inner\">\n\t\t\t\t<div class=\"elementor-element elementor-element-c015e8a elementor-widget elementor-widget-text-editor\" data-id=\"c015e8a\" data-element_type=\"widget\" data-e-type=\"widget\" data-widget_type=\"text-editor.default\">\n\t\t\t\t\t\t\t\t\t<p>La Reserva de la Sierra de las Minas abarca\u00a0 erritorio de los siguientes municipios:<\/p><p><a href=\"https:\/\/soymigrante.com\/revista\/baja-verapaz-tierra-de-trabajo-del-gran-rabinal-achi-y-el-salto-de-chilasco\/\">Baja Verapaz<\/a>: Salam\u00e1, San Jer\u00f3nimo y Purulh\u00e1<\/p><p><a href=\"https:\/\/soymigrante.com\/revista\/departamentos-de-guatemala-preguntas-y-respuestas-sobre-el-progreso\/\">El Progreso:<\/a> Moraz\u00e1n, San Agust\u00edn Acasaguastl\u00e1n y San Crist\u00f3bal Acasaguastl\u00e1n<\/p><p><a href=\"https:\/\/soymigrante.com\/revista\/departamentos-de-guatemala-alta-verapaz-mosaico-cultural-y-natural\/\">Alta Verapaz<\/a>: La Tinta y Panz\u00f3s<\/p><p><a href=\"https:\/\/soymigrante.com\/revista\/departamentos-de-guatemala-zacapa-calurosa-tierra-de-altas-montanas-y-fertiles-valles\/\">Zacapa:<\/a> Usumatl\u00e1n, Teculut\u00e1n, R\u00edo Hondo y Gual\u00e1n<\/p><p><a href=\"https:\/\/soymigrante.com\/revista\/departamentos-de-guatemala-izabal-es-la-puerta-del-caribe\/\">Izabal<\/a>: Los Amates y El Estor.<\/p>\t\t\t\t\t\t\t\t<\/div>\n\t\t\t\t\t<\/div>\n\t\t\t\t<\/div>\n\t\t<div data-particle_enable=\"false\" data-particle-mobile-disabled=\"false\" class=\"elementor-element elementor-element-9053f79 e-flex e-con-boxed e-con e-parent\" data-id=\"9053f79\" data-element_type=\"container\" data-e-type=\"container\">\n\t\t\t\t\t<div class=\"e-con-inner\">\n\t\t\t\t<div class=\"elementor-element elementor-element-7826374 elementor-arrows-position-inside elementor-pagination-position-outside elementor-invisible elementor-widget elementor-widget-image-carousel\" data-id=\"7826374\" data-element_type=\"widget\" data-e-type=\"widget\" data-settings=\"{&quot;slides_to_show&quot;:&quot;1&quot;,&quot;_animation&quot;:&quot;slideInLeft&quot;,&quot;navigation&quot;:&quot;both&quot;,&quot;autoplay&quot;:&quot;yes&quot;,&quot;pause_on_hover&quot;:&quot;yes&quot;,&quot;pause_on_interaction&quot;:&quot;yes&quot;,&quot;autoplay_speed&quot;:5000,&quot;infinite&quot;:&quot;yes&quot;,&quot;effect&quot;:&quot;slide&quot;,&quot;speed&quot;:500}\" data-widget_type=\"image-carousel.default\">\n\t\t\t\t\t\t\t<div class=\"elementor-image-carousel-wrapper swiper\" role=\"region\" aria-roledescription=\"carousel\" aria-label=\"Carrusel de im\u00e1genes\" dir=\"ltr\">\n\t\t\t<div class=\"elementor-image-carousel swiper-wrapper\" aria-live=\"off\">\n\t\t\t\t\t\t\t\t<div class=\"swiper-slide\" role=\"group\" aria-roledescription=\"slide\" aria-label=\"1 de 3\"><a data-elementor-open-lightbox=\"yes\" data-elementor-lightbox-slideshow=\"7826374\" data-elementor-lightbox-title=\"En ese mapa se puede apreciar toda la extensi\u00f3n de la Reserva de la Sierra de las Minas. Mide 300 kil\u00f3metros de largo y constituye el m\u00e1s grande basti\u00f3n de bosque nuboso de toda Guatemala. (Mapa plan maestro Conap y Defensores de la Naturaleza)\" data-elementor-lightbox-description=\"El mapa presenta la ubicaci\u00f3n de la Reserva de la Biosfera Sierra de las Minas en Guatemala, incluyendo caminos, r\u00edos, estaciones cient\u00edficas y refugios, resaltando \u00e1reas protegidas y la infraestructura para la conservaci\u00f3n del ecosistema en la regi\u00f3n.\" data-e-action-hash=\"#elementor-action%3Aaction%3Dlightbox%26settings%3DeyJpZCI6MzQ4NDcsInVybCI6Imh0dHBzOlwvXC9zb3ltaWdyYW50ZS5jb21cL3JldmlzdGFcL3dwLWNvbnRlbnRcL3VwbG9hZHNcLzIwMjVcLzA1XC9tYXBhLXNpZXJyYS1kZS1sYXMtbWluYXMtY29uYXAteS1kZWZlbnNvcmVzLWRlLWxhLW5hdHVyYWxlemEtMy53ZWJwIiwic2xpZGVzaG93IjoiNzgyNjM3NCJ9\" href=\"https:\/\/soymigrante.com\/revista\/wp-content\/uploads\/2025\/05\/mapa-sierra-de-las-minas-conap-y-defensores-de-la-naturaleza-3.webp\"><figure class=\"swiper-slide-inner\"><img decoding=\"async\" class=\"swiper-slide-image\" src=\"https:\/\/soymigrante.com\/revista\/wp-content\/uploads\/2025\/05\/mapa-sierra-de-las-minas-conap-y-defensores-de-la-naturaleza-3-1024x603.png\" alt=\"Mapa de la Reserva de la Biosfera Sierra de las Minas en Guatemala, incluyendo infraestructura, r\u00edos y caminos, destacado en un esquema que muestra la ubicaci\u00f3n geogr\u00e1fica del \u00e1rea protegida.\" \/><\/figure><\/a><\/div><div class=\"swiper-slide\" role=\"group\" aria-roledescription=\"slide\" aria-label=\"2 de 3\"><a data-elementor-open-lightbox=\"yes\" data-elementor-lightbox-slideshow=\"7826374\" data-elementor-lightbox-title=\"Mapa en el que se marca el territorio de los departamentos  que abarca la Reserva de la Sierra de las Minas. (Mapa plan maestro Conap y Defensores de la Naturaleza)\" data-elementor-lightbox-description=\"Mapa en el que se marca el territorio de los departamentos  que abarca la Reserva de la Sierra de las Minas. (Mapa plan maestro Conap y Defensores de la Naturaleza)\" data-e-action-hash=\"#elementor-action%3Aaction%3Dlightbox%26settings%3DeyJpZCI6MzQ4NDYsInVybCI6Imh0dHBzOlwvXC9zb3ltaWdyYW50ZS5jb21cL3JldmlzdGFcL3dwLWNvbnRlbnRcL3VwbG9hZHNcLzIwMjVcLzA1XC9tYXBhLXNpZXJyYS1kZS1sYXMtbWluYXMtY29uYXAteS1kZWZlbnNvcmVzLWRlLWxhLW5hdHVyYWxlemEtMi53ZWJwIiwic2xpZGVzaG93IjoiNzgyNjM3NCJ9\" href=\"https:\/\/soymigrante.com\/revista\/wp-content\/uploads\/2025\/05\/mapa-sierra-de-las-minas-conap-y-defensores-de-la-naturaleza-2.webp\"><figure class=\"swiper-slide-inner\"><img decoding=\"async\" class=\"swiper-slide-image\" src=\"https:\/\/soymigrante.com\/revista\/wp-content\/uploads\/2025\/05\/mapa-sierra-de-las-minas-conap-y-defensores-de-la-naturaleza-2-1024x621.png\" alt=\"Regi\u00f3n de la biosfera Sierra de las Minas, en Honduras, destacada en mapa con l\u00edmites departamentales y municipales, r\u00edos y cuerpos de agua, y \u00e1reas protegidas, en un contexto de conservaci\u00f3n y biodiversidad.\" \/><\/figure><\/a><\/div><div class=\"swiper-slide\" role=\"group\" aria-roledescription=\"slide\" aria-label=\"3 de 3\"><a data-elementor-open-lightbox=\"yes\" data-elementor-lightbox-slideshow=\"7826374\" data-elementor-lightbox-title=\"Son 66 los r\u00edos que se originan en la Sierra de las Minas y que corren sobre dos vertientes: la del r\u00edo Motagua, bajo y la del r\u00edo Polochic, arriba. (Mapa plan maestro Conap y Defensores de la Naturaleza)\" data-elementor-lightbox-description=\"Mapa detallado de las cuencas hidrogr\u00e1ficas y r\u00edos en Guatemala, mostrando l\u00edmites y reservas de la biosfera Sierra de las Minas, con referencia a la estructura hidromezcla, en la revista SoyMigrante.com Revista.\" data-e-action-hash=\"#elementor-action%3Aaction%3Dlightbox%26settings%3DeyJpZCI6MzQ4NDUsInVybCI6Imh0dHBzOlwvXC9zb3ltaWdyYW50ZS5jb21cL3JldmlzdGFcL3dwLWNvbnRlbnRcL3VwbG9hZHNcLzIwMjVcLzA1XC9tYXBhLXNpZXJyYS1kZS1sYXMtbWluYXMtY29uYXAteS1kZWZlbnNvcmVzLWRlLWxhLW5hdHVyYWxlemEtMS53ZWJwIiwic2xpZGVzaG93IjoiNzgyNjM3NCJ9\" href=\"https:\/\/soymigrante.com\/revista\/wp-content\/uploads\/2025\/05\/mapa-sierra-de-las-minas-conap-y-defensores-de-la-naturaleza-1.webp\"><figure class=\"swiper-slide-inner\"><img decoding=\"async\" class=\"swiper-slide-image\" src=\"https:\/\/soymigrante.com\/revista\/wp-content\/uploads\/2025\/05\/mapa-sierra-de-las-minas-conap-y-defensores-de-la-naturaleza-1-1024x623.png\" alt=\"R\u00edos y cuencas hidrogr\u00e1ficas en Guatemala, esquema de la estructura hidrool\u00f3gica y cuencas de la biosfera Sierra de las Minas, en la revista SoyMigrante.com Revista.\" \/><\/figure><\/a><\/div>\t\t\t<\/div>\n\t\t\t\t\t\t\t\t\t\t\t\t<div class=\"elementor-swiper-button elementor-swiper-button-prev\" role=\"button\" tabindex=\"0\">\n\t\t\t\t\t\t<i aria-hidden=\"true\" class=\"eicon-chevron-left\"><\/i>\t\t\t\t\t<\/div>\n\t\t\t\t\t<div class=\"elementor-swiper-button elementor-swiper-button-next\" role=\"button\" tabindex=\"0\">\n\t\t\t\t\t\t<i aria-hidden=\"true\" class=\"eicon-chevron-right\"><\/i>\t\t\t\t\t<\/div>\n\t\t\t\t\n\t\t\t\t\t\t\t\t\t<div class=\"swiper-pagination\"><\/div>\n\t\t\t\t\t\t\t\t\t<\/div>\n\t\t\t\t\t\t<\/div>\n\t\t\t\t\t<\/div>\n\t\t\t\t<\/div>\n\t\t<div data-particle_enable=\"false\" data-particle-mobile-disabled=\"false\" class=\"elementor-element elementor-element-902c8d1 e-flex e-con-boxed e-con e-parent\" data-id=\"902c8d1\" data-element_type=\"container\" data-e-type=\"container\">\n\t\t\t\t\t<div class=\"e-con-inner\">\n\t\t\t\t<div class=\"elementor-element elementor-element-aa46172 elementor-widget elementor-widget-text-editor\" data-id=\"aa46172\" data-element_type=\"widget\" data-e-type=\"widget\" data-widget_type=\"text-editor.default\">\n\t\t\t\t\t\t\t\t\t<p>En la Sierra de las Minas nacen 63 r\u00edos, agrupados en 52 subcuencas hidrogr\u00e1ficas. Estos r\u00edos son muy utilizados por sistemas de riego agr\u00edcola, hidroel\u00e9ctricas, industrias, agua potable para poblaciones y fincas. La mayor parte de estos r\u00edos se originan en los bosques nubosos de la parte alta de la Reserva.<\/p><p>La Sierra de las Minas est\u00e1 bordeada, tanto al norte como al sur, por dos grandes depresiones que corresponden a las fallas del Motagua y del Polochic. Est\u00e1 formada en su mayor\u00eda por rocas paleoz\u00f3icas, que son las rocas m\u00e1s antiguas de Centro Am\u00e9rica..\u00a0<\/p><p>La alta susceptibilidad a la erosi\u00f3n de estos suelos y las pendientes, entre 40 y 70% hacen que \u00e9stos se clasifiquen en alta y muy alta tendencia de erosi\u00f3n, por lo que no son recomendables para actividades de pastoreo ni agr\u00edcola. Son s\u00f3lo recomendados para manejo forestal o ambiental, con pocas y peque\u00f1as \u00e1reas adecuadas para la producci\u00f3n agr\u00edcola.<\/p>\t\t\t\t\t\t\t\t<\/div>\n\t\t\t\t\t<\/div>\n\t\t\t\t<\/div>\n\t\t<div data-particle_enable=\"false\" data-particle-mobile-disabled=\"false\" class=\"elementor-element elementor-element-db287a8 e-flex e-con-boxed e-con e-parent\" data-id=\"db287a8\" data-element_type=\"container\" data-e-type=\"container\">\n\t\t\t\t\t<div class=\"e-con-inner\">\n\t\t\t\t<div class=\"elementor-element elementor-element-aec4868 elementor-arrows-position-inside elementor-pagination-position-outside elementor-invisible elementor-widget elementor-widget-image-carousel\" data-id=\"aec4868\" data-element_type=\"widget\" data-e-type=\"widget\" data-settings=\"{&quot;slides_to_show&quot;:&quot;1&quot;,&quot;_animation&quot;:&quot;rotateInUpRight&quot;,&quot;navigation&quot;:&quot;both&quot;,&quot;autoplay&quot;:&quot;yes&quot;,&quot;pause_on_hover&quot;:&quot;yes&quot;,&quot;pause_on_interaction&quot;:&quot;yes&quot;,&quot;autoplay_speed&quot;:5000,&quot;infinite&quot;:&quot;yes&quot;,&quot;effect&quot;:&quot;slide&quot;,&quot;speed&quot;:500}\" data-widget_type=\"image-carousel.default\">\n\t\t\t\t\t\t\t<div class=\"elementor-image-carousel-wrapper swiper\" role=\"region\" aria-roledescription=\"carousel\" aria-label=\"Carrusel de im\u00e1genes\" dir=\"ltr\">\n\t\t\t<div class=\"elementor-image-carousel swiper-wrapper\" aria-live=\"off\">\n\t\t\t\t\t\t\t\t<div class=\"swiper-slide\" role=\"group\" aria-roledescription=\"slide\" aria-label=\"1 de 5\"><figure class=\"swiper-slide-inner\"><img decoding=\"async\" class=\"swiper-slide-image\" src=\"https:\/\/soymigrante.com\/revista\/wp-content\/uploads\/2025\/05\/sierra-de-las-minas-23-1024x768.jpg\" alt=\"Especia de planta suculenta en la naturaleza, con hojas largas y verdes, en un entorno de selva tropical, resaltando la flora migrante y biodiversidad en la revista SoyMigrante.com REVISTA.\" \/><figcaption class=\"elementor-image-carousel-caption\">P\u00fabica original de planta tropical en su h\u00e1bitat natural, destacando la diversidad de flora en las comunidades migrantes y rurales, en la publicaci\u00f3n de SoyMigrante.com REVISTA.<\/figcaption><\/figure><\/div><div class=\"swiper-slide\" role=\"group\" aria-roledescription=\"slide\" aria-label=\"2 de 5\"><figure class=\"swiper-slide-inner\"><img decoding=\"async\" class=\"swiper-slide-image\" src=\"https:\/\/soymigrante.com\/revista\/wp-content\/uploads\/2025\/05\/sierra-de-las-minas-18-1024x768.jpg\" alt=\"Seta de hongos comestibles en la naturaleza para recetas saludables y naturales en agricultura org\u00e1nica.\" \/><figcaption class=\"elementor-image-carousel-caption\">Hongos silvestres, seta comestible, agricultura ecol\u00f3gica, ingredientes naturales, recetas saludables, alimentaci\u00f3n org\u00e1nica.<\/figcaption><\/figure><\/div><div class=\"swiper-slide\" role=\"group\" aria-roledescription=\"slide\" aria-label=\"3 de 5\"><figure class=\"swiper-slide-inner\"><img decoding=\"async\" class=\"swiper-slide-image\" src=\"https:\/\/soymigrante.com\/revista\/wp-content\/uploads\/2025\/05\/sierra-de-las-minas-4-1024x768.jpg\" alt=\"Hongos comestibles en un entorno natural, creciendo sobre un tronco cubierto de musgo y hojas muertas. Imagen relacionada con la naturaleza, la bot\u00e1nica y la conservaci\u00f3n.\" \/><figcaption class=\"elementor-image-carousel-caption\">La vida crece y se extiende por el suelo, las ramas, los troncos y en cada detalle de la Sierra de las Minas<\/figcaption><\/figure><\/div><div class=\"swiper-slide\" role=\"group\" aria-roledescription=\"slide\" aria-label=\"4 de 5\"><figure class=\"swiper-slide-inner\"><img decoding=\"async\" class=\"swiper-slide-image\" src=\"https:\/\/soymigrante.com\/revista\/wp-content\/uploads\/2025\/05\/sierra-de-las-minas-2-1024x768.jpg\" alt=\"Set lichens on forest floor, close-up, natural environment, biodiversity, eco-systems, moss, fungi, damp soil, autumn leaves, growth on wood, organic life, conservation, nature photography, environmental awareness.\" \/><figcaption class=\"elementor-image-carousel-caption\">L\u00edquenes en el suelo del bosque, primer plano, entorno natural, biodiversidad, ecosistemas, musgo, hongos, suelo h\u00famedo, hojas de oto\u00f1o, crecimiento en madera, vida org\u00e1nica, conservaci\u00f3n, fotograf\u00eda de la naturaleza, conciencia ambiental.<\/figcaption><\/figure><\/div><div class=\"swiper-slide\" role=\"group\" aria-roledescription=\"slide\" aria-label=\"5 de 5\"><figure class=\"swiper-slide-inner\"><img decoding=\"async\" class=\"swiper-slide-image\" src=\"https:\/\/soymigrante.com\/revista\/wp-content\/uploads\/2025\/05\/sierra-de-las-minas-10-1024x768.jpg\" alt=\"Setas de hongos en madera h\u00fameda, en un entorno natural, resaltando la biodiversidad y el respeto por el medio ambiente.\" \/><figcaption class=\"elementor-image-carousel-caption\">Hongos comestibles en la naturaleza, forestales y silvicultura ecol\u00f3gica, resaltando la importancia de la conservaci\u00f3n de ecosistemas.<\/figcaption><\/figure><\/div>\t\t\t<\/div>\n\t\t\t\t\t\t\t\t\t\t\t\t<div class=\"elementor-swiper-button elementor-swiper-button-prev\" role=\"button\" tabindex=\"0\">\n\t\t\t\t\t\t<i aria-hidden=\"true\" class=\"eicon-chevron-left\"><\/i>\t\t\t\t\t<\/div>\n\t\t\t\t\t<div class=\"elementor-swiper-button elementor-swiper-button-next\" role=\"button\" tabindex=\"0\">\n\t\t\t\t\t\t<i aria-hidden=\"true\" class=\"eicon-chevron-right\"><\/i>\t\t\t\t\t<\/div>\n\t\t\t\t\n\t\t\t\t\t\t\t\t\t<div class=\"swiper-pagination\"><\/div>\n\t\t\t\t\t\t\t\t\t<\/div>\n\t\t\t\t\t\t<\/div>\n\t\t\t\t\t<\/div>\n\t\t\t\t<\/div>\n\t\t<div data-particle_enable=\"false\" data-particle-mobile-disabled=\"false\" class=\"elementor-element elementor-element-85579cc e-flex e-con-boxed e-con e-parent\" data-id=\"85579cc\" data-element_type=\"container\" data-e-type=\"container\">\n\t\t\t\t\t<div class=\"e-con-inner\">\n\t\t\t\t<div class=\"elementor-element elementor-element-17dd159 elementor-widget elementor-widget-text-editor\" data-id=\"17dd159\" data-element_type=\"widget\" data-e-type=\"widget\" data-widget_type=\"text-editor.default\">\n\t\t\t\t\t\t\t\t\t<p>Estos bosques son majestuosos pero est\u00e1n el peligro por los incendios, por la tala y sobre todo porque a\u00fan muchos guatemaltecos no los valoran simplemente porque no los conocen: nunca los han visto y no se valora lo que no se conoce.\u00a0<\/p><p>Yo estuve aqu\u00ed hace muchos a\u00f1os. En ese tiempo v\u00ed <a href=\"https:\/\/soymigrante.com\/revista\/10-datos-del-quetzal-que-tal-vez-ya-conocias-o-quiza-no\/\">quetzales.<\/a> Regresar ahorita impacta, porque es igual de hermoso, pero ya no se ven los quetzales con tanta facilidad.\u00a0<\/p><p>Esto nos muestra la importancia de hablar de conservaci\u00f3n de estos bosques nubosos, que producen agua, ox\u00edgeno y que son refugio de tantas especies de flora y fauna.<\/p>\t\t\t\t\t\t\t\t<\/div>\n\t\t\t\t\t<\/div>\n\t\t\t\t<\/div>\n\t\t<div data-particle_enable=\"false\" data-particle-mobile-disabled=\"false\" class=\"elementor-element elementor-element-a01f696 e-flex e-con-boxed e-con e-parent\" data-id=\"a01f696\" data-element_type=\"container\" data-e-type=\"container\">\n\t\t\t\t\t<div class=\"e-con-inner\">\n\t\t\t\t<div class=\"elementor-element elementor-element-7ada635 elementor-invisible elementor-widget elementor-widget-image\" data-id=\"7ada635\" data-element_type=\"widget\" data-e-type=\"widget\" data-settings=\"{&quot;_animation&quot;:&quot;fadeInUp&quot;}\" data-widget_type=\"image.default\">\n\t\t\t\t\t\t\t\t\t\t\t\t<figure class=\"wp-caption\">\n\t\t\t\t\t\t\t\t\t\t<img decoding=\"async\" width=\"768\" height=\"1024\" src=\"https:\/\/soymigrante.com\/revista\/wp-content\/uploads\/2025\/05\/sierra-de-las-minas-20-768x1024.jpg\" class=\"attachment-large size-large wp-image-34854\" alt=\"Senderismo en la naturaleza, explorando un bosque con vegetaci\u00f3n exuberante y \u00e1rboles altos, ideal para actividades de ecoturismo y turismo sostenible en la regi\u00f3n.\" srcset=\"https:\/\/soymigrante.com\/revista\/wp-content\/uploads\/2025\/05\/sierra-de-las-minas-20-768x1024.jpg 768w, https:\/\/soymigrante.com\/revista\/wp-content\/uploads\/2025\/05\/sierra-de-las-minas-20-225x300.jpg 225w, https:\/\/soymigrante.com\/revista\/wp-content\/uploads\/2025\/05\/sierra-de-las-minas-20-1152x1536.jpg 1152w, https:\/\/soymigrante.com\/revista\/wp-content\/uploads\/2025\/05\/sierra-de-las-minas-20-1536x2048.jpg 1536w, https:\/\/soymigrante.com\/revista\/wp-content\/uploads\/2025\/05\/sierra-de-las-minas-20-750x1000.webp 750w, https:\/\/soymigrante.com\/revista\/wp-content\/uploads\/2025\/05\/sierra-de-las-minas-20-1140x1520.webp 1140w, https:\/\/soymigrante.com\/revista\/wp-content\/uploads\/2025\/05\/sierra-de-las-minas-20-scaled.webp 1440w\" sizes=\"(max-width: 768px) 100vw, 768px\" title=\"Hay laderas en las que caen cascadas de vegetaci\u00f3n: verdaderos  muros verticales llenos de naturaleza y vida. (Foto Jeanne Samayoa) \u2013 SoyMigrante.com REVISTA\" \/>\t\t\t\t\t\t\t\t\t\t\t<figcaption class=\"widget-image-caption wp-caption-text\">Paisaje natural del bosque con turistas disfrutando de senderismo en un entorno verde y selv\u00e1tico, mostrando la belleza de la flora y la flora en una expedici\u00f3n ecol\u00f3gica.<\/figcaption>\n\t\t\t\t\t\t\t\t\t\t<\/figure>\n\t\t\t\t\t\t\t\t\t<\/div>\n\t\t\t\t\t<\/div>\n\t\t\t\t<\/div>\n\t\t<div data-particle_enable=\"false\" data-particle-mobile-disabled=\"false\" class=\"elementor-element elementor-element-627fed8 e-flex e-con-boxed e-con e-parent\" data-id=\"627fed8\" data-element_type=\"container\" data-e-type=\"container\">\n\t\t\t\t\t<div class=\"e-con-inner\">\n\t\t\t\t<div class=\"elementor-element elementor-element-78d4393 elementor-widget elementor-widget-text-editor\" data-id=\"78d4393\" data-element_type=\"widget\" data-e-type=\"widget\" data-widget_type=\"text-editor.default\">\n\t\t\t\t\t\t\t\t\t<p>La Sierra de las Minas es clave para la vida del r\u00edo Motagua, pero tambi\u00e9n para miles de personas que viven en los municipios a lo largo de los r\u00edos que bajan de las cumbres. La declaratoria de 1990 fue casi como un milagro, pero que sigue ocurriendo y cada vez muestra m\u00e1s su valor como recurso natural de inter\u00e9s nacional.<\/p><p>En la visita que hicimos, apenas nos dio tiempo de hacer uno de los recorridos. Caminamos por un sendero que llega hasta el llamado \u00c1rbol Sagrado. Es un \u00e1rbol inmenso el m\u00e1s alto de todos. Tratamos de abrazarlo pero no alcanzamos a hacerlo porque es enorme.<\/p><p>\u00a0<\/p>\t\t\t\t\t\t\t\t<\/div>\n\t\t\t\t\t<\/div>\n\t\t\t\t<\/div>\n\t\t<div data-particle_enable=\"false\" data-particle-mobile-disabled=\"false\" class=\"elementor-element elementor-element-e5cea0b e-flex e-con-boxed e-con e-parent\" data-id=\"e5cea0b\" data-element_type=\"container\" data-e-type=\"container\">\n\t\t\t\t\t<div class=\"e-con-inner\">\n\t\t\t\t<div class=\"elementor-element elementor-element-27338a2 elementor-invisible elementor-widget elementor-widget-image\" data-id=\"27338a2\" data-element_type=\"widget\" data-e-type=\"widget\" data-settings=\"{&quot;_animation&quot;:&quot;wobble&quot;}\" data-widget_type=\"image.default\">\n\t\t\t\t\t\t\t\t\t\t\t\t<figure class=\"wp-caption\">\n\t\t\t\t\t\t\t\t\t\t<img decoding=\"async\" width=\"768\" height=\"1024\" src=\"https:\/\/soymigrante.com\/revista\/wp-content\/uploads\/2025\/05\/sierra-de-las-minas-1-768x1024.jpg\" class=\"attachment-large size-large wp-image-34855\" alt=\"Ancianos en la naturaleza, explorando y apreciando la biodiversidad en un bosque tropical, promoviendo ecoturismo y conservaci\u00f3n del medio ambiente.\" srcset=\"https:\/\/soymigrante.com\/revista\/wp-content\/uploads\/2025\/05\/sierra-de-las-minas-1-768x1024.jpg 768w, https:\/\/soymigrante.com\/revista\/wp-content\/uploads\/2025\/05\/sierra-de-las-minas-1-225x300.jpg 225w, https:\/\/soymigrante.com\/revista\/wp-content\/uploads\/2025\/05\/sierra-de-las-minas-1-1152x1536.jpg 1152w, https:\/\/soymigrante.com\/revista\/wp-content\/uploads\/2025\/05\/sierra-de-las-minas-1-750x1000.jpg 750w, https:\/\/soymigrante.com\/revista\/wp-content\/uploads\/2025\/05\/sierra-de-las-minas-1-1140x1520.jpg 1140w, https:\/\/soymigrante.com\/revista\/wp-content\/uploads\/2025\/05\/sierra-de-las-minas-1.webp 1200w\" sizes=\"(max-width: 768px) 100vw, 768px\" title=\"Hay que caminar mucho para llegar a donde est\u00e1 el llamado Arbol Sagrado, un gigante que se erige a 40 metros de altura y cuyo tronco tratamos de abrazar, como un  gesto simb\u00f3lico de amor a esta reserva natural que deber\u00eda ser conocida por m\u00e1s guatemaltecos. Porque no se puede amar lo que no se conoce. (Foto Jeanne Samayoa) \u2013 SoyMigrante.com REVISTA\" \/>\t\t\t\t\t\t\t\t\t\t\t<figcaption class=\"widget-image-caption wp-caption-text\">Personas en una traves\u00eda ecol\u00f3gica en un bosque, disfrutando del turismo sostenible y la conectividad con la naturaleza.<\/figcaption>\n\t\t\t\t\t\t\t\t\t\t<\/figure>\n\t\t\t\t\t\t\t\t\t<\/div>\n\t\t\t\t\t<\/div>\n\t\t\t\t<\/div>\n\t\t<div data-particle_enable=\"false\" data-particle-mobile-disabled=\"false\" class=\"elementor-element elementor-element-83c0fa3 e-flex e-con-boxed e-con e-parent\" data-id=\"83c0fa3\" data-element_type=\"container\" data-e-type=\"container\">\n\t\t\t\t\t<div class=\"e-con-inner\">\n\t\t\t\t<div class=\"elementor-element elementor-element-86ecaa6 elementor-widget elementor-widget-text-editor\" data-id=\"86ecaa6\" data-element_type=\"widget\" data-e-type=\"widget\" data-widget_type=\"text-editor.default\">\n\t\t\t\t\t\t\t\t\t<p>Hay un \u00e1rea donde es tan empinado que tienes que ir sujet\u00e1ndote del suelo: un ecosistema casi vertical lleno de helechos, gallitos, muscos: las hojas parecen chorrear como cascada. Todo est\u00e1 vivo y se siente el olor del humos. Todo el suelo tiene una alfombra de las mismas hojas que vuelven a dar vida.<\/p><p>Aqu\u00ed en la Sierra de las Minas todo te asombra y te habla de majestuosidad. Es imposible no sentirse parte de un todo pero a la vez sabemos que los humanos necesitamos cambiar de actitud para saber conservar este tesoro.<\/p>\t\t\t\t\t\t\t\t<\/div>\n\t\t\t\t\t<\/div>\n\t\t\t\t<\/div>\n\t\t<div data-particle_enable=\"false\" data-particle-mobile-disabled=\"false\" class=\"elementor-element elementor-element-de43339 e-flex e-con-boxed e-con e-parent\" data-id=\"de43339\" data-element_type=\"container\" data-e-type=\"container\">\n\t\t\t\t\t<div class=\"e-con-inner\">\n\t\t\t\t<div class=\"elementor-element elementor-element-c852c76 elementor-arrows-position-inside elementor-pagination-position-outside elementor-widget elementor-widget-image-carousel\" data-id=\"c852c76\" data-element_type=\"widget\" data-e-type=\"widget\" data-settings=\"{&quot;slides_to_show&quot;:&quot;1&quot;,&quot;navigation&quot;:&quot;both&quot;,&quot;autoplay&quot;:&quot;yes&quot;,&quot;pause_on_hover&quot;:&quot;yes&quot;,&quot;pause_on_interaction&quot;:&quot;yes&quot;,&quot;autoplay_speed&quot;:5000,&quot;infinite&quot;:&quot;yes&quot;,&quot;effect&quot;:&quot;slide&quot;,&quot;speed&quot;:500}\" data-widget_type=\"image-carousel.default\">\n\t\t\t\t\t\t\t<div class=\"elementor-image-carousel-wrapper swiper\" role=\"region\" aria-roledescription=\"carousel\" aria-label=\"Carrusel de im\u00e1genes\" dir=\"ltr\">\n\t\t\t<div class=\"elementor-image-carousel swiper-wrapper\" aria-live=\"off\">\n\t\t\t\t\t\t\t\t<div class=\"swiper-slide\" role=\"group\" aria-roledescription=\"slide\" aria-label=\"1 de 8\"><figure class=\"swiper-slide-inner\"><img decoding=\"async\" class=\"swiper-slide-image\" src=\"https:\/\/soymigrante.com\/revista\/wp-content\/uploads\/2025\/05\/sierra-de-las-minas-8-1-768x1024.jpg\" alt=\"Mousse y plantas ep\u00edfitas en la corteza de un \u00e1rbol en la selva tropical, biodiversidad y conservaci\u00f3n de ecosistemas forestales, naturaleza, flora, biodiversidad en selvas h\u00famedas.\" \/><\/figure><\/div><div class=\"swiper-slide\" role=\"group\" aria-roledescription=\"slide\" aria-label=\"2 de 8\"><figure class=\"swiper-slide-inner\"><img decoding=\"async\" class=\"swiper-slide-image\" src=\"https:\/\/soymigrante.com\/revista\/wp-content\/uploads\/2025\/05\/sierra-de-las-minas-15-1-768x1024.jpg\" alt=\"Anciano \u00e1rbol en la selva tropical con vegetaci\u00f3n densa, colaboraci\u00f3n de naturaleza y biodiversidad en ecosistema forestal.\" \/><\/figure><\/div><div class=\"swiper-slide\" role=\"group\" aria-roledescription=\"slide\" aria-label=\"3 de 8\"><figure class=\"swiper-slide-inner\"><img decoding=\"async\" class=\"swiper-slide-image\" src=\"https:\/\/soymigrante.com\/revista\/wp-content\/uploads\/2025\/05\/sierra-de-las-minas-7-1-768x1024.jpg\" alt=\"Lrea de ep\u00edfita en un \u00e1rbol de selva tropical, con hojas verdes y una flor rosa, mostrando biodiversidad y flora \u00fanica del bosque.\" \/><\/figure><\/div><div class=\"swiper-slide\" role=\"group\" aria-roledescription=\"slide\" aria-label=\"4 de 8\"><figure class=\"swiper-slide-inner\"><img decoding=\"async\" class=\"swiper-slide-image\" src=\"https:\/\/soymigrante.com\/revista\/wp-content\/uploads\/2025\/05\/sierra-de-las-minas-22-768x1024.jpg\" alt=\"\u00c1rboles altos en la selva tropical, naturaleza exuberante, vegetaci\u00f3n densa, ecosistema forestal, biodiversidad en selva h\u00fameda, paisaje natural importante para la conservaci\u00f3n ecol\u00f3gica.\" \/><\/figure><\/div><div class=\"swiper-slide\" role=\"group\" aria-roledescription=\"slide\" aria-label=\"5 de 8\"><figure class=\"swiper-slide-inner\"><img decoding=\"async\" class=\"swiper-slide-image\" src=\"https:\/\/soymigrante.com\/revista\/wp-content\/uploads\/2025\/05\/sierra-de-las-minas-21-768x1024.jpg\" alt=\"Ramas de \u00e1rbol cubiertas de musgo en un bosque tropical, naturaleza y biodiversidad en ecosistemas forestales.\" \/><\/figure><\/div><div class=\"swiper-slide\" role=\"group\" aria-roledescription=\"slide\" aria-label=\"6 de 8\"><figure class=\"swiper-slide-inner\"><img decoding=\"async\" class=\"swiper-slide-image\" src=\"https:\/\/soymigrante.com\/revista\/wp-content\/uploads\/2025\/05\/sierra-de-las-minas-19-768x1024.jpg\" alt=\"Una vista de la copa de un bosque lluvioso, mostrando hojas verdes densas y frondosas, resaltando la biodiversidad y belleza natural, ideal para contenido sobre naturaleza y medio ambiente.\" \/><\/figure><\/div><div class=\"swiper-slide\" role=\"group\" aria-roledescription=\"slide\" aria-label=\"7 de 8\"><figure class=\"swiper-slide-inner\"><img decoding=\"async\" class=\"swiper-slide-image\" src=\"https:\/\/soymigrante.com\/revista\/wp-content\/uploads\/2025\/05\/sierra-de-las-minas-17-768x1024.jpg\" alt=\"Bosque tropical exuberante en la selva, con vegetaci\u00f3n densa y luz solar filtr\u00e1ndose a trav\u00e9s de las hojas, ideal para explorar la biodiversidad y conservaci\u00f3n en Am\u00e9rica Latina.\" \/><\/figure><\/div><div class=\"swiper-slide\" role=\"group\" aria-roledescription=\"slide\" aria-label=\"8 de 8\"><figure class=\"swiper-slide-inner\"><img decoding=\"async\" class=\"swiper-slide-image\" src=\"https:\/\/soymigrante.com\/revista\/wp-content\/uploads\/2025\/05\/sierra-de-las-minas-15-768x1024.jpg\" alt=\"Ra\u00edces y tronco de un \u00e1rbol en un bosque tropical, rodeado de vegetaci\u00f3n densa y hojas verdes, t\u00edpico de selvas y ecosistemas forestales en zonas de alta biodiversidad.\" \/><\/figure><\/div>\t\t\t<\/div>\n\t\t\t\t\t\t\t\t\t\t\t\t<div class=\"elementor-swiper-button elementor-swiper-button-prev\" role=\"button\" tabindex=\"0\">\n\t\t\t\t\t\t<i aria-hidden=\"true\" class=\"eicon-chevron-left\"><\/i>\t\t\t\t\t<\/div>\n\t\t\t\t\t<div class=\"elementor-swiper-button elementor-swiper-button-next\" role=\"button\" tabindex=\"0\">\n\t\t\t\t\t\t<i aria-hidden=\"true\" class=\"eicon-chevron-right\"><\/i>\t\t\t\t\t<\/div>\n\t\t\t\t\n\t\t\t\t\t\t\t\t\t<div class=\"swiper-pagination\"><\/div>\n\t\t\t\t\t\t\t\t\t<\/div>\n\t\t\t\t\t\t<\/div>\n\t\t\t\t\t<\/div>\n\t\t\t\t<\/div>\n\t\t<div data-particle_enable=\"false\" data-particle-mobile-disabled=\"false\" class=\"elementor-element elementor-element-a96dca5 e-flex e-con-boxed e-con e-parent\" data-id=\"a96dca5\" data-element_type=\"container\" data-e-type=\"container\">\n\t\t\t\t\t<div class=\"e-con-inner\">\n\t\t\t\t<div class=\"elementor-element elementor-element-4ae094b elementor-widget elementor-widget-text-editor\" data-id=\"4ae094b\" data-element_type=\"widget\" data-e-type=\"widget\" data-widget_type=\"text-editor.default\">\n\t\t\t\t\t\t\t\t\t<p>Si m\u00e1s guatemaltecos conocieran este bosque nuboso, cambiar\u00edan muchas actitudes. Aqu\u00ed todo tiene vida: las ramitas son quiebrapalitos, la noche est\u00e1 llena de palomillas, los gusanos son deslumbrantes. Y en la noche, solo tenemos el cosmos encima: Es un gran trabajo el que hace Defensores de la Naturaleza en el manejo de conservaci\u00f3n.<\/p><p>La Sierra de las Minas es una joya cuya belleza y valor son a\u00fan infravalorados.\u00a0 Es vital, literalmente, amar la naturaleza, peor no se puede valorar lo que no se conoce, lo que\u00a0 no te ha sorprendido con su grandeza. En realidad, cuando est\u00e1s en la sierra de las minas te das cuenta que solo sos un bicho m\u00e1s sobre la Tierra.<\/p><p>Tenemos que conservar esta reserva, porque es la \u00fanica de su tipo que tenemos y si la perdemos&#8230;<\/p>\t\t\t\t\t\t\t\t<\/div>\n\t\t\t\t\t<\/div>\n\t\t\t\t<\/div>\n\t\t<div data-particle_enable=\"false\" data-particle-mobile-disabled=\"false\" class=\"elementor-element elementor-element-057f324 e-flex e-con-boxed e-con e-parent\" data-id=\"057f324\" data-element_type=\"container\" data-e-type=\"container\">\n\t\t\t\t\t<div class=\"e-con-inner\">\n\t\t\t\t<div class=\"elementor-element elementor-element-16662a6 elementor-widget elementor-widget-video\" data-id=\"16662a6\" data-element_type=\"widget\" data-e-type=\"widget\" data-settings=\"{&quot;youtube_url&quot;:&quot;https:\\\/\\\/www.youtube.com\\\/watch?v=4vYCdKgea7w&quot;,&quot;video_type&quot;:&quot;youtube&quot;,&quot;controls&quot;:&quot;yes&quot;}\" data-widget_type=\"video.default\">\n\t\t\t\t\t\t\t<div class=\"elementor-wrapper elementor-open-inline\">\n\t\t\t<div class=\"elementor-video\"><\/div>\t\t<\/div>\n\t\t\t\t\t\t<\/div>\n\t\t\t\t\t<\/div>\n\t\t\t\t<\/div>\n\t\t<div data-particle_enable=\"false\" data-particle-mobile-disabled=\"false\" class=\"elementor-element elementor-element-f23c0d4 e-flex e-con-boxed e-con e-parent\" data-id=\"f23c0d4\" data-element_type=\"container\" data-e-type=\"container\">\n\t\t\t\t\t<div class=\"e-con-inner\">\n\t\t\t\t<div class=\"elementor-element elementor-element-b420ba5 elementor-widget elementor-widget-heading\" data-id=\"b420ba5\" data-element_type=\"widget\" data-e-type=\"widget\" data-widget_type=\"heading.default\">\n\t\t\t\t\t<h2 class=\"elementor-heading-title elementor-size-default\">Guatemala es un destino ecotur\u00edstico de primer nivel<\/h2>\t\t\t\t<\/div>\n\t\t\t\t\t<\/div>\n\t\t\t\t<\/div>\n\t\t<div data-particle_enable=\"false\" data-particle-mobile-disabled=\"false\" class=\"elementor-element elementor-element-efaa297 e-flex e-con-boxed e-con e-parent\" data-id=\"efaa297\" data-element_type=\"container\" data-e-type=\"container\">\n\t\t\t\t\t<div class=\"e-con-inner\">\n\t\t\t\t<div class=\"elementor-element elementor-element-3a1af57 elementor-grid-eael-col-3 elementor-grid-tablet-eael-col-2 elementor-grid-mobile-eael-col-1 elementor-widget elementor-widget-eael-post-grid\" data-id=\"3a1af57\" data-element_type=\"widget\" data-e-type=\"widget\" data-settings=\"{&quot;eael_post_grid_columns&quot;:&quot;eael-col-3&quot;,&quot;eael_post_grid_columns_tablet&quot;:&quot;eael-col-2&quot;,&quot;eael_post_grid_columns_mobile&quot;:&quot;eael-col-1&quot;}\" data-widget_type=\"eael-post-grid.default\">\n\t\t\t\t\t<div id=\"eael-post-grid-3a1af57\" class=\"eael-post-grid-container\">\n            <div class=\"eael-post-grid eael-post-appender eael-post-appender-3a1af57 eael-post-grid-style-one\" data-layout-mode=\"masonry\"><article class=\"eael-grid-post  eael-post-grid-column eael-pg-post-30271 category-guate-nuestra\" data-id=\"30271\">\n        <div class=\"eael-grid-post-holder\">\n            <div class=\"eael-grid-post-holder-inner\"><div class=\"eael-entry-media\"><div class=\"eael-entry-overlay fade-in\"><i class=\"far fa-hand-pointer\" aria-hidden=\"true\"><\/i><a href=\"https:\/\/soymigrante.com\/revista\/reserva-biosfera-trifinio-fraternidad-esto-debes-saber\/\"><\/a><\/div><div class=\"eael-entry-thumbnail \">\n                <img loading=\"lazy\" decoding=\"async\" width=\"474\" height=\"355\" src=\"https:\/\/soymigrante.com\/revista\/wp-content\/uploads\/2025\/04\/Biosfera-Trifinio-Fraternidad-2.webp\" class=\"attachment-large size-large wp-image-30272\" alt=\"Paisaje de monta\u00f1as verdes con niebla y cielo nublado en un entorno natural en Am\u00e9rica Latina.\" srcset=\"https:\/\/soymigrante.com\/revista\/wp-content\/uploads\/2025\/04\/Biosfera-Trifinio-Fraternidad-2.webp 474w, https:\/\/soymigrante.com\/revista\/wp-content\/uploads\/2025\/04\/Biosfera-Trifinio-Fraternidad-2-300x225.jpg 300w\" sizes=\"(max-width: 474px) 100vw, 474px\" \/>\n            <\/div>\n        <\/div><div class=\"eael-entry-wrapper\"><header class=\"eael-entry-header\"><h2 class=\"eael-entry-title\"><a class=\"eael-grid-post-link\" href=\"https:\/\/soymigrante.com\/revista\/reserva-biosfera-trifinio-fraternidad-esto-debes-saber\/\" title=\"Reserva Biosfera Trifinio-Fraternidad: bosque compartido por Guatemala, El Salvador y Honduras\">Reserva Biosfera Trifinio-Fraternidad: bosque compartido por Guatemala, El Salvador y Honduras<\/a><\/h2><\/header><div class=\"eael-entry-content\">\n                        <div class=\"eael-grid-post-excerpt\"><a href=\"https:\/\/soymigrante.com\/revista\/reserva-biosfera-trifinio-fraternidad-esto-debes-saber\/\" class=\"eael-post-elements-readmore-btn\">CONOCE SU HISTORIA <\/a><\/div>\n                    <\/div><\/div><\/div>\n        <\/div>\n    <\/article><article class=\"eael-grid-post  eael-post-grid-column eael-pg-post-10355 category-guate-nuestra tags-volcanes-de-guatemala\" data-id=\"10355\">\n        <div class=\"eael-grid-post-holder\">\n            <div class=\"eael-grid-post-holder-inner\"><div class=\"eael-entry-media\"><div class=\"eael-entry-overlay fade-in\"><i class=\"far fa-hand-pointer\" aria-hidden=\"true\"><\/i><a href=\"https:\/\/soymigrante.com\/revista\/tres-hermanos-tres-guardianes-del-lago-los-volcanes-atitlan-toliman-y-san-pedro\/\"><\/a><\/div><div class=\"eael-entry-thumbnail \">\n                <img loading=\"lazy\" decoding=\"async\" width=\"1024\" height=\"683\" src=\"https:\/\/soymigrante.com\/revista\/wp-content\/uploads\/2023\/02\/3-ATITLAN-2-1024x683.jpg\" class=\"attachment-large size-large wp-image-366\" alt=\"Los volcanes de Tolim\u00e1n y Atitl\u00e1n, en esta fotograf\u00eda, son el marco incomparable del lago. Foto Gustavo Montenegro\" srcset=\"https:\/\/soymigrante.com\/revista\/wp-content\/uploads\/2023\/02\/3-ATITLAN-2-1024x683.jpg 1024w, https:\/\/soymigrante.com\/revista\/wp-content\/uploads\/2023\/02\/3-ATITLAN-2-300x200.webp 300w, https:\/\/soymigrante.com\/revista\/wp-content\/uploads\/2023\/02\/3-ATITLAN-2-768x512.jpg 768w, https:\/\/soymigrante.com\/revista\/wp-content\/uploads\/2023\/02\/3-ATITLAN-2-1536x1024.jpg 1536w, https:\/\/soymigrante.com\/revista\/wp-content\/uploads\/2023\/02\/3-ATITLAN-2-2048x1365.jpg 2048w, https:\/\/soymigrante.com\/revista\/wp-content\/uploads\/2023\/02\/3-ATITLAN-2-750x500.webp 750w, https:\/\/soymigrante.com\/revista\/wp-content\/uploads\/2023\/02\/3-ATITLAN-2-1140x760.jpg 1140w, https:\/\/soymigrante.com\/revista\/wp-content\/uploads\/2023\/02\/3-ATITLAN-2-600x400.jpg 600w, https:\/\/soymigrante.com\/revista\/wp-content\/uploads\/2023\/02\/3-ATITLAN-2-scaled.webp 1920w\" sizes=\"(max-width: 1024px) 100vw, 1024px\" \/>\n            <\/div>\n        <\/div><div class=\"eael-entry-wrapper\"><header class=\"eael-entry-header\"><h2 class=\"eael-entry-title\"><a class=\"eael-grid-post-link\" href=\"https:\/\/soymigrante.com\/revista\/tres-hermanos-tres-guardianes-del-lago-los-volcanes-atitlan-toliman-y-san-pedro\/\" title=\"Tres gigantes custodian el lago de Atitl\u00e1n: los volcanes Atitl\u00e1n, Tolim\u00e1n y San Pedro\">Tres gigantes custodian el lago de Atitl\u00e1n: los volcanes Atitl\u00e1n, Tolim\u00e1n y San Pedro<\/a><\/h2><\/header><div class=\"eael-entry-content\">\n                        <div class=\"eael-grid-post-excerpt\"><a href=\"https:\/\/soymigrante.com\/revista\/tres-hermanos-tres-guardianes-del-lago-los-volcanes-atitlan-toliman-y-san-pedro\/\" class=\"eael-post-elements-readmore-btn\">CONOCE SU HISTORIA <\/a><\/div>\n                    <\/div><\/div><\/div>\n        <\/div>\n    <\/article><article class=\"eael-grid-post  eael-post-grid-column eael-pg-post-14775 category-guate-nuestra\" data-id=\"14775\">\n        <div class=\"eael-grid-post-holder\">\n            <div class=\"eael-grid-post-holder-inner\"><div class=\"eael-entry-media\"><div class=\"eael-entry-overlay fade-in\"><i class=\"far fa-hand-pointer\" aria-hidden=\"true\"><\/i><a href=\"https:\/\/soymigrante.com\/revista\/los-mejores-destinos-para-hacer-senderismo-en-guatemala\/\"><\/a><\/div><div class=\"eael-entry-thumbnail \">\n                <img loading=\"lazy\" decoding=\"async\" width=\"881\" height=\"881\" src=\"https:\/\/soymigrante.com\/revista\/wp-content\/uploads\/2024\/11\/SENDERISMO.webp\" class=\"attachment-large size-large wp-image-15034\" alt=\"Senderismo en senderos de monta\u00f1a con mochila y bastones, grupo de excursionistas disfrutando la naturaleza en un recorrido aventurero.\" srcset=\"https:\/\/soymigrante.com\/revista\/wp-content\/uploads\/2024\/11\/SENDERISMO.webp 881w, https:\/\/soymigrante.com\/revista\/wp-content\/uploads\/2024\/11\/SENDERISMO-300x300.jpg 300w, https:\/\/soymigrante.com\/revista\/wp-content\/uploads\/2024\/11\/SENDERISMO-150x150.jpg 150w, https:\/\/soymigrante.com\/revista\/wp-content\/uploads\/2024\/11\/SENDERISMO-768x768.jpg 768w, https:\/\/soymigrante.com\/revista\/wp-content\/uploads\/2024\/11\/SENDERISMO-75x75.webp 75w, https:\/\/soymigrante.com\/revista\/wp-content\/uploads\/2024\/11\/SENDERISMO-750x750.webp 750w\" sizes=\"(max-width: 881px) 100vw, 881px\" \/>\n            <\/div>\n        <\/div><div class=\"eael-entry-wrapper\"><header class=\"eael-entry-header\"><h2 class=\"eael-entry-title\"><a class=\"eael-grid-post-link\" href=\"https:\/\/soymigrante.com\/revista\/los-mejores-destinos-para-hacer-senderismo-en-guatemala\/\" title=\"Caminar en medio de la naturaleza: lugares para hacer senderismo en Guatemala\">Caminar en medio de la naturaleza: lugares para hacer senderismo en Guatemala<\/a><\/h2><\/header><div class=\"eael-entry-content\">\n                        <div class=\"eael-grid-post-excerpt\"><a href=\"https:\/\/soymigrante.com\/revista\/los-mejores-destinos-para-hacer-senderismo-en-guatemala\/\" class=\"eael-post-elements-readmore-btn\">CONOCE SU HISTORIA <\/a><\/div>\n                    <\/div><\/div><\/div>\n        <\/div>\n    <\/article><\/div>\n            <div class=\"clearfix\"><\/div>\n        <\/div>\t\t\t\t<\/div>\n\t\t\t\t\t<\/div>\n\t\t\t\t<\/div>\n\t\t\t\t<\/div>\n\t\t","protected":false},"excerpt":{"rendered":"<p>A trav\u00e9s de la descripci\u00f3n de un viaje a la Sierra de las Minas, la arquitecta e impulsora de la conservaci\u00f3n ambiental Jeanne Samayoa, invita a valorar un verdadero tesoro nacional de Guatemala. Por Jeanne Samayoa, directora fundaci\u00f3n Crecer\u00a0Guatemala. Primero unos datos: el \u00e1rea total de la Reserva Forestal Sierra de las Minas es de [&hellip;]<\/p>\n","protected":false},"author":1,"featured_media":34834,"comment_status":"open","ping_status":"open","sticky":false,"template":"","format":"standard","meta":{"_acf_changed":false,"_eb_attr":"","footnotes":""},"categories":[56],"tags":[],"class_list":["post-34748","post","type-post","status-publish","format-standard","has-post-thumbnail","hentry","category-lugar-de-voces"],"acf":[],"aioseo_notices":[],"aioseo_head":"\n\t\t<!-- All in One SEO Pro 4.9.6.2 - aioseo.com -->\n\t<meta name=\"description\" content=\"Los mejores destinos para hacer senderismo en Guatemala, puede que est\u00e9n m\u00e1s cerca de lo que piensas.\" \/>\n\t<meta name=\"robots\" content=\"max-snippet:-1, max-image-preview:large, max-video-preview:-1\" \/>\n\t<meta name=\"author\" content=\"Marysabel Aldana\"\/>\n\t<link rel=\"canonical\" href=\"https:\/\/soymigrante.com\/revista\/los-mejores-destinos-para-hacer-senderismo-en-guatemala\/\" \/>\n\t<meta name=\"generator\" content=\"All in One SEO Pro (AIOSEO) 4.9.6.2\" \/>\n\n\t\t<link rel=\"preconnect\" href=\"https:\/\/fonts.googleapis.com\" crossorigin>\n<link rel=\"preconnect\" href=\"https:\/\/fonts.gstatic.com\" crossorigin>\n\t\t<meta property=\"og:locale\" content=\"es_ES\" \/>\n\t\t<meta property=\"og:site_name\" content=\"SoyMigrante.com REVISTA \u2013 Nuestra misi\u00f3n es reconocer y dignificar al migrante.\" \/>\n\t\t<meta property=\"og:type\" content=\"article\" \/>\n\t\t<meta property=\"og:title\" content=\"Caminar en medio de la naturaleza: lugares para hacer senderismo en Guatemala\" \/>\n\t\t<meta property=\"og:description\" content=\"Los mejores destinos para hacer senderismo en Guatemala, puede que est\u00e9n m\u00e1s cerca de lo que piensas.\" \/>\n\t\t<meta property=\"og:url\" content=\"https:\/\/soymigrante.com\/revista\/los-mejores-destinos-para-hacer-senderismo-en-guatemala\/\" \/>\n\t\t<meta property=\"og:image\" content=\"https:\/\/soymigrante.com\/revista\/wp-content\/uploads\/2024\/11\/SENDERISMO.webp\" \/>\n\t\t<meta property=\"og:image:secure_url\" content=\"https:\/\/soymigrante.com\/revista\/wp-content\/uploads\/2024\/11\/SENDERISMO.webp\" \/>\n\t\t<meta property=\"og:image:width\" content=\"881\" \/>\n\t\t<meta property=\"og:image:height\" content=\"881\" \/>\n\t\t<meta property=\"article:published_time\" content=\"2025-03-22T16:10:23+00:00\" \/>\n\t\t<meta property=\"article:modified_time\" content=\"2025-03-22T16:10:50+00:00\" \/>\n\t\t<meta property=\"article:publisher\" content=\"https:\/\/www.facebook.com\/soymigrantecom\" \/>\n\t\t<meta name=\"twitter:card\" content=\"summary_large_image\" \/>\n\t\t<meta name=\"twitter:site\" content=\"@SoyMigrante_com\" \/>\n\t\t<meta name=\"twitter:title\" content=\"Caminar en medio de la naturaleza: lugares para hacer senderismo en Guatemala\" \/>\n\t\t<meta name=\"twitter:description\" content=\"Los mejores destinos para hacer senderismo en Guatemala, puede que est\u00e9n m\u00e1s cerca de lo que piensas.\" \/>\n\t\t<meta name=\"twitter:creator\" content=\"@SoyMigrante_com\" \/>\n\t\t<meta name=\"twitter:image\" content=\"https:\/\/soymigrante.com\/revista\/wp-content\/uploads\/2024\/11\/SENDERISMO.webp\" \/>\n\t\t<!-- All in One SEO Pro -->\r\n\t\t<title>Caminar en medio de la naturaleza: lugares para hacer senderismo en Guatemala<\/title>\n\n","aioseo_head_json":{"title":"Caminar en medio de la naturaleza: lugares para hacer senderismo en Guatemala","description":"Los mejores destinos para hacer senderismo en Guatemala, puede que est\u00e9n m\u00e1s cerca de lo que piensas.","canonical_url":"https:\/\/soymigrante.com\/revista\/los-mejores-destinos-para-hacer-senderismo-en-guatemala\/","robots":"max-snippet:-1, max-image-preview:large, max-video-preview:-1","keywords":"","webmasterTools":{"miscellaneous":"&lt;link rel=\"preconnect\" href=\"https:\/\/fonts.googleapis.com\" crossorigin&gt;\n&lt;link rel=\"preconnect\" href=\"https:\/\/fonts.gstatic.com\" crossorigin&gt;"},"schema":null,"og:locale":"es_ES","og:site_name":"SoyMigrante.com REVISTA \u2013 Nuestra misi\u00f3n es reconocer y dignificar al migrante.","og:type":"article","og:title":"Caminar en medio de la naturaleza: lugares para hacer senderismo en Guatemala","og:description":"Los mejores destinos para hacer senderismo en Guatemala, puede que est\u00e9n m\u00e1s cerca de lo que piensas.","og:url":"https:\/\/soymigrante.com\/revista\/los-mejores-destinos-para-hacer-senderismo-en-guatemala\/","og:image":"https:\/\/soymigrante.com\/revista\/wp-content\/uploads\/2024\/11\/SENDERISMO.webp","og:image:secure_url":"https:\/\/soymigrante.com\/revista\/wp-content\/uploads\/2024\/11\/SENDERISMO.webp","og:image:width":881,"og:image:height":881,"article:published_time":"2025-03-22T16:10:23+00:00","article:modified_time":"2025-03-22T16:10:50+00:00","article:publisher":"https:\/\/www.facebook.com\/soymigrantecom","twitter:card":"summary_large_image","twitter:site":"@SoyMigrante_com","twitter:title":"Caminar en medio de la naturaleza: lugares para hacer senderismo en Guatemala","twitter:description":"Los mejores destinos para hacer senderismo en Guatemala, puede que est\u00e9n m\u00e1s cerca de lo que piensas.","twitter:creator":"@SoyMigrante_com","twitter:image":"https:\/\/soymigrante.com\/revista\/wp-content\/uploads\/2024\/11\/SENDERISMO.webp"},"aioseo_meta_data":{"post_id":"34748","title":"Sierra de las Minas: inmensa y fr\u00e1gil joya verde guatemalteca","description":"No podemos amar lo que no conocemos. La Sierra de las Minas es un refugio de naturaleza de donde nacen m\u00e1s de 60 r\u00edos. Es un recorrido revelador y deslumbrante.","keywords":null,"keyphrases":{"focus":{"keyphrase":"Sierra de las Minas","score":91,"analysis":{"keyphraseInTitle":{"score":9,"maxScore":9,"error":0},"keyphraseInDescription":{"score":9,"maxScore":9,"error":0},"keyphraseLength":{"score":9,"maxScore":9,"error":0,"length":4},"keyphraseInURL":{"score":5,"maxScore":5,"error":0},"keyphraseInIntroduction":{"score":3,"maxScore":9,"error":1},"keyphraseInSubHeadings":{"score":9,"maxScore":9,"error":0},"keyphraseInImageAlt":{"score":9,"maxScore":9,"error":0},"keywordDensity":{"type":"best","score":9,"maxScore":9,"error":0}}},"additional":[{"keyphrase":"Guatemala","score":53,"analysis":{"keyphraseInDescription":{"score":3,"maxScore":9,"error":1},"keyphraseLength":{"score":9,"maxScore":9,"error":0,"length":1},"keyphraseInIntroduction":{"score":3,"maxScore":9,"error":1},"keyphraseInImageAlt":{"score":9,"maxScore":9,"error":0},"keywordDensity":{"score":0,"type":"low","maxScore":9,"error":1}}},{"keyphrase":"Ecolog\u00eda","score":40,"analysis":{"keyphraseInDescription":{"score":3,"maxScore":9,"error":1},"keyphraseLength":{"score":9,"maxScore":9,"error":0,"length":2},"keyphraseInIntroduction":{"score":3,"maxScore":9,"error":1},"keyphraseInImageAlt":{"score":3,"maxScore":9,"error":1},"keywordDensity":{"score":0,"type":"low","maxScore":9,"error":1}}},{"keyphrase":"Sierra","score":87,"analysis":{"keyphraseInDescription":{"score":9,"maxScore":9,"error":0},"keyphraseLength":{"score":9,"maxScore":9,"error":0,"length":1},"keyphraseInIntroduction":{"score":3,"maxScore":9,"error":1},"keyphraseInImageAlt":{"score":9,"maxScore":9,"error":0},"keywordDensity":{"type":"best","score":9,"maxScore":9,"error":0}}}]},"primary_term":null,"canonical_url":null,"og_title":null,"og_description":null,"og_object_type":"default","og_image_type":"default","og_image_url":null,"og_image_width":null,"og_image_height":null,"og_image_custom_url":null,"og_image_custom_fields":null,"og_video":"","og_custom_url":null,"og_article_section":null,"og_article_tags":null,"twitter_use_og":false,"twitter_card":"default","twitter_image_type":"default","twitter_image_url":null,"twitter_image_custom_url":null,"twitter_image_custom_fields":null,"twitter_title":null,"twitter_description":null,"schema":{"blockGraphs":[],"customGraphs":[],"default":{"data":{"Article":[],"Course":[],"Dataset":[],"FAQPage":[],"Movie":[],"Person":[],"Product":[],"ProductReview":[],"Car":[],"Recipe":[],"Service":[],"SoftwareApplication":[],"WebPage":[]},"graphName":"none","isEnabled":true},"graphs":[]},"schema_type":"default","schema_type_options":null,"pillar_content":false,"robots_default":true,"robots_noindex":false,"robots_noarchive":false,"robots_nosnippet":false,"robots_nofollow":false,"robots_noimageindex":false,"robots_noodp":false,"robots_notranslate":false,"robots_max_snippet":"-1","robots_max_videopreview":"-1","robots_max_imagepreview":"large","priority":null,"frequency":"default","local_seo":null,"seo_analyzer_scan_date":"2025-10-09 05:29:07","breadcrumb_settings":null,"limit_modified_date":false,"reviewed_by":null,"open_ai":"{\"title\":{\"suggestions\":[],\"usage\":0},\"description\":{\"suggestions\":[],\"usage\":0}}","ai":null,"created":"2025-05-28 15:46:10","updated":"2026-02-04 23:51:18"},"aioseo_breadcrumb":"<div class=\"aioseo-breadcrumbs\"><span class=\"aioseo-breadcrumb\">\n\t<a href=\"https:\/\/soymigrante.com\/revista\" title=\"Home\">Home<\/a>\n<\/span><span class=\"aioseo-breadcrumb-separator\">\u00bb<\/span><span class=\"aioseo-breadcrumb\">\n\t<a href=\"https:\/\/soymigrante.com\/revista\/category\/estamos-unidos\/\" title=\"Estamos Unidos\">Estamos Unidos<\/a>\n<\/span><span class=\"aioseo-breadcrumb-separator\">\u00bb<\/span><span class=\"aioseo-breadcrumb\">\n\t<a href=\"https:\/\/soymigrante.com\/revista\/category\/estamos-unidos\/lugar-de-voces\/\" title=\"Lugar de Voces\">Lugar de Voces<\/a>\n<\/span><span class=\"aioseo-breadcrumb-separator\">\u00bb<\/span><span class=\"aioseo-breadcrumb\">\n\tUna inmensa y fr\u00e1gil joya verde de Guatemala que debemos conservar: la Sierra de las Minas\n<\/span><\/div>","aioseo_breadcrumb_json":[{"label":"Home","link":"https:\/\/soymigrante.com\/revista"},{"label":"Estamos Unidos","link":"https:\/\/soymigrante.com\/revista\/category\/estamos-unidos\/"},{"label":"Lugar de Voces","link":"https:\/\/soymigrante.com\/revista\/category\/estamos-unidos\/lugar-de-voces\/"},{"label":"Una inmensa y fr\u00e1gil joya verde de Guatemala que debemos conservar: la Sierra de las Minas","link":"https:\/\/soymigrante.com\/revista\/una-inmensa-y-fragil-joya-verde-de-guatemala-que-debemos-conservar-la-sierra-de-las-minas\/"}],"_links":{"self":[{"href":"https:\/\/soymigrante.com\/revista\/wp-json\/wp\/v2\/posts\/34748","targetHints":{"allow":["GET"]}}],"collection":[{"href":"https:\/\/soymigrante.com\/revista\/wp-json\/wp\/v2\/posts"}],"about":[{"href":"https:\/\/soymigrante.com\/revista\/wp-json\/wp\/v2\/types\/post"}],"author":[{"embeddable":true,"href":"https:\/\/soymigrante.com\/revista\/wp-json\/wp\/v2\/users\/1"}],"replies":[{"embeddable":true,"href":"https:\/\/soymigrante.com\/revista\/wp-json\/wp\/v2\/comments?post=34748"}],"version-history":[{"count":26,"href":"https:\/\/soymigrante.com\/revista\/wp-json\/wp\/v2\/posts\/34748\/revisions"}],"predecessor-version":[{"id":34896,"href":"https:\/\/soymigrante.com\/revista\/wp-json\/wp\/v2\/posts\/34748\/revisions\/34896"}],"wp:featuredmedia":[{"embeddable":true,"href":"https:\/\/soymigrante.com\/revista\/wp-json\/wp\/v2\/media\/34834"}],"wp:attachment":[{"href":"https:\/\/soymigrante.com\/revista\/wp-json\/wp\/v2\/media?parent=34748"}],"wp:term":[{"taxonomy":"category","embeddable":true,"href":"https:\/\/soymigrante.com\/revista\/wp-json\/wp\/v2\/categories?post=34748"},{"taxonomy":"post_tag","embeddable":true,"href":"https:\/\/soymigrante.com\/revista\/wp-json\/wp\/v2\/tags?post=34748"}],"curies":[{"name":"wp","href":"https:\/\/api.w.org\/{rel}","templated":true}]}}