{"id":34694,"date":"2025-05-27T14:18:48","date_gmt":"2025-05-27T20:18:48","guid":{"rendered":"https:\/\/soymigrante.com\/revista\/?p=34694"},"modified":"2025-10-03T14:46:42","modified_gmt":"2025-10-03T20:46:42","slug":"migrante-madre-y-emprendedora-maruu-cruz-regreso-a-vivir-en-guatemala-tras-11-anos-en-usa","status":"publish","type":"post","link":"https:\/\/soymigrante.com\/revista\/migrante-madre-y-emprendedora-maruu-cruz-regreso-a-vivir-en-guatemala-tras-11-anos-en-usa\/","title":{"rendered":"Migrante, madre y emprendedora Maruu Cruz regres\u00f3 a vivir a Guatemala tras 11 a\u00f1os en USA"},"content":{"rendered":"\t\t<div data-elementor-type=\"wp-post\" data-elementor-id=\"34694\" class=\"elementor elementor-34694\" data-elementor-post-type=\"post\">\n\t\t\t\t<div data-particle_enable=\"false\" data-particle-mobile-disabled=\"false\" class=\"elementor-element elementor-element-fe83101 e-flex e-con-boxed e-con e-parent\" data-id=\"fe83101\" data-element_type=\"container\" data-e-type=\"container\">\n\t\t\t\t\t<div class=\"e-con-inner\">\n\t\t\t\t<div class=\"elementor-element elementor-element-9c2e37a elementor-widget elementor-widget-heading\" data-id=\"9c2e37a\" data-element_type=\"widget\" data-e-type=\"widget\" data-widget_type=\"heading.default\">\n\t\t\t\t\t<h2 class=\"elementor-heading-title elementor-size-default\">La vida de Maruu Cruz es un mosaico de identidad, migraci\u00f3n y sobre todo, transformaci\u00f3n personal en busca constante de creatividad, excelencia y servicio. Emprendedora, creadora de contenidos y madre. El 9 de mayo aterriz\u00f3 en Guatemala para quedarse tras 11 a\u00f1os en USA. Esta es la historia de su \u00e9xito.<\/h2>\t\t\t\t<\/div>\n\t\t\t\t<div class=\"elementor-element elementor-element-53ba8b2 elementor-widget elementor-widget-html\" data-id=\"53ba8b2\" data-element_type=\"widget\" data-e-type=\"widget\" data-widget_type=\"html.default\">\n\t\t\t\t\t<div id=\"buzzsprout-player-17237115\"><\/div><script src=\"https:\/\/www.buzzsprout.com\/2444168\/episodes\/17237115-migrante-y-emprendedora-maruu-cruz-regresa-de-usa-a-vivir-en-guatemala.js?container_id=buzzsprout-player-17237115&player=small\" type=\"text\/javascript\" charset=\"utf-8\"><\/script>\t\t\t\t<\/div>\n\t\t\t\t\t<\/div>\n\t\t\t\t<\/div>\n\t\t<div data-particle_enable=\"false\" data-particle-mobile-disabled=\"false\" class=\"elementor-element elementor-element-c545194 e-flex e-con-boxed e-con e-parent\" data-id=\"c545194\" data-element_type=\"container\" data-e-type=\"container\">\n\t\t\t\t\t<div class=\"e-con-inner\">\n\t\t\t\t<div class=\"elementor-element elementor-element-2c713e3 elementor-widget elementor-widget-text-editor\" data-id=\"2c713e3\" data-element_type=\"widget\" data-e-type=\"widget\" data-widget_type=\"text-editor.default\">\n\t\t\t\t\t\t\t\t\t<p>&#8220;La migraci\u00f3n es parte de mi vida&#8221;, dice Maruu Cruz Brito, quien naci\u00f3 en Cuba, de madre guatemalteca y su padre cubano. Conoci\u00f3 de cerca las precariedades que afronta la poblaci\u00f3n de dicho pa\u00eds. Y a los 9 a\u00f1os se hizo migrante: su familia se traslad\u00f3 a vivir a Guatemala,\u00a0 en <a href=\"https:\/\/soymigrante.com\/revista\/departamentos-de-guatemala-peten-es-un-baul-de-tesoros-prehispanicos-y-ecologicos\/\">Pet\u00e9n<\/a>, <a href=\"https:\/\/soymigrante.com\/revista\/departamentos-de-guatemala-quiche-tierra-de-rios-arboles-montanas-y-el-popol-vuh\/\">Quich\u00e9<\/a> y la capital.<\/p><p>&#8220;La migraci\u00f3n es parte de mi vida. Mi pap\u00e1 Luis Cruz, es cubano; mi mam\u00e1, Juana Brito, es <a href=\"https:\/\/soymigrante.com\/revista\/el-pueblo-ixil-habito-las-tierras-bajas-de-el-mirador-peten\/\">maya ixil,<\/a> de Quich\u00e9 y me siento muy orgullosa de tener sangre maya. S\u00e9 lo que es la pobreza. Vivimos en una casa de nailon en Pet\u00e9n, despu\u00e9s fuimos a Quich\u00e9\u00a0 y tambi\u00e9n en la capital. Estudi\u00e9 gracias a los esfuerzos y sacrificios de mis padres que desafiaron barreras&#8221;, relata.\u00a0<\/p>\t\t\t\t\t\t\t\t<\/div>\n\t\t\t\t\t<\/div>\n\t\t\t\t<\/div>\n\t\t<div data-particle_enable=\"false\" data-particle-mobile-disabled=\"false\" class=\"elementor-element elementor-element-5f53775 e-flex e-con-boxed e-con e-parent\" data-id=\"5f53775\" data-element_type=\"container\" data-e-type=\"container\">\n\t\t\t\t\t<div class=\"e-con-inner\">\n\t\t\t\t<div class=\"elementor-element elementor-element-3ed4ce9 elementor-widget elementor-widget-image\" data-id=\"3ed4ce9\" data-element_type=\"widget\" data-e-type=\"widget\" data-widget_type=\"image.default\">\n\t\t\t\t\t\t\t\t\t\t\t\t<figure class=\"wp-caption\">\n\t\t\t\t\t\t\t\t\t\t<img fetchpriority=\"high\" decoding=\"async\" width=\"1024\" height=\"949\" src=\"https:\/\/soymigrante.com\/revista\/wp-content\/uploads\/2025\/05\/maruu-cruz-migrante-madre-emprendedora-guatemalteca-florida-6-1024x949.jpg\" class=\"attachment-large size-large wp-image-34711\" alt=\"Abuela y dos ni\u00f1os en un abrazo c\u00e1lido, vestidos con ropa tradicional mexicana, transmitiendo amor, uni\u00f3n y cultura familiar en un entorno hogare\u00f1o.\" srcset=\"https:\/\/soymigrante.com\/revista\/wp-content\/uploads\/2025\/05\/maruu-cruz-migrante-madre-emprendedora-guatemalteca-florida-6-1024x949.jpg 1024w, https:\/\/soymigrante.com\/revista\/wp-content\/uploads\/2025\/05\/maruu-cruz-migrante-madre-emprendedora-guatemalteca-florida-6-300x278.jpg 300w, https:\/\/soymigrante.com\/revista\/wp-content\/uploads\/2025\/05\/maruu-cruz-migrante-madre-emprendedora-guatemalteca-florida-6-768x711.jpg 768w, https:\/\/soymigrante.com\/revista\/wp-content\/uploads\/2025\/05\/maruu-cruz-migrante-madre-emprendedora-guatemalteca-florida-6-1536x1423.jpg 1536w, https:\/\/soymigrante.com\/revista\/wp-content\/uploads\/2025\/05\/maruu-cruz-migrante-madre-emprendedora-guatemalteca-florida-6-2048x1897.jpg 2048w, https:\/\/soymigrante.com\/revista\/wp-content\/uploads\/2025\/05\/maruu-cruz-migrante-madre-emprendedora-guatemalteca-florida-6-750x695.jpg 750w, https:\/\/soymigrante.com\/revista\/wp-content\/uploads\/2025\/05\/maruu-cruz-migrante-madre-emprendedora-guatemalteca-florida-6-1140x1056.jpg 1140w, https:\/\/soymigrante.com\/revista\/wp-content\/uploads\/2025\/05\/maruu-cruz-migrante-madre-emprendedora-guatemalteca-florida-6.webp 1920w\" sizes=\"(max-width: 1024px) 100vw, 1024px\" title=\"Maruu Cruz Brito, exitosa emprendedora y generadora de contenidos guatemalteca-cubana  expresa siempre su orgullo por sus ra\u00edces maya ixil. En esta foto junto a su mam\u00e1, Juana Brito y sus hijos. (Foto cortes\u00eda Maruu Cruz Brito) \u2013 SoyMigrante.com REVISTA\" \/>\t\t\t\t\t\t\t\t\t\t\t<figcaption class=\"widget-image-caption wp-caption-text\">Maruu Cruz Brito, exitosa emprendedora y generadora de contenidos guatemalteca-cubana  expresa siempre su orgullo por sus ra\u00edces maya ixil. En esta foto junto a su mam\u00e1, Juana Brito y sus hijos. (Foto cortes\u00eda Maruu Cruz Brito)<\/figcaption>\n\t\t\t\t\t\t\t\t\t\t<\/figure>\n\t\t\t\t\t\t\t\t\t<\/div>\n\t\t\t\t\t<\/div>\n\t\t\t\t<\/div>\n\t\t<div data-particle_enable=\"false\" data-particle-mobile-disabled=\"false\" class=\"elementor-element elementor-element-7ec0ab5 e-flex e-con-boxed e-con e-parent\" data-id=\"7ec0ab5\" data-element_type=\"container\" data-e-type=\"container\">\n\t\t\t\t\t<div class=\"e-con-inner\">\n\t\t\t\t<div class=\"elementor-element elementor-element-abe468b elementor-widget elementor-widget-text-editor\" data-id=\"abe468b\" data-element_type=\"widget\" data-e-type=\"widget\" data-widget_type=\"text-editor.default\">\n\t\t\t\t\t\t\t\t\t<p>&#8220;Me gradu\u00e9 de maestra en Guatemala. Trabaj\u00e9 en un banco, aprend\u00ed algo de finanzas. Tuve a mi primer hijo. No me iba mal pero a los 25 a\u00f1os decid\u00ed migrar a Estados Unidos&#8221;, relata Maruu. Estuvo 11 a\u00f1os en Florida, donde fund\u00f3 una empresa de <a href=\"https:\/\/soymigrante.com\/revista\/historia-de-migrante-arminda-housecleaning-exito-california\/\">limpieza de casas,<\/a> una f\u00e1brica de ropa de trabajo, otra de asesor\u00eda financiera y una de coaching de mujeres, adem\u00e1s de ser creadora de contenidos difundidos por Tiktok e Instagram a trav\u00e9s de su cuenta La Maruu.\u00a0<\/p><p>Hasta 2020, Maruu ten\u00eda un empleo, pero en medio de la pandemia descubri\u00f3 su capacidad de emprender y reinventarse. Triunf\u00f3 y por ello comparte las claves de su \u00e9xito con m\u00e1s mujeres a trav\u00e9s de videos, cursos y talleres. Maruu regres\u00f3 a Guatemala muchas veces de vacaciones, pero el 9 de mayo de 2025 lleg\u00f3 para quedarse a vivir.\u00a0\u00a0<\/p>\t\t\t\t\t\t\t\t<\/div>\n\t\t\t\t\t<\/div>\n\t\t\t\t<\/div>\n\t\t<div data-particle_enable=\"false\" data-particle-mobile-disabled=\"false\" class=\"elementor-element elementor-element-d7c1940 e-flex e-con-boxed e-con e-parent\" data-id=\"d7c1940\" data-element_type=\"container\" data-e-type=\"container\">\n\t\t\t\t\t<div class=\"e-con-inner\">\n\t\t\t\t<div class=\"elementor-element elementor-element-7ee71f3 elementor-widget elementor-widget-image\" data-id=\"7ee71f3\" data-element_type=\"widget\" data-e-type=\"widget\" data-widget_type=\"image.default\">\n\t\t\t\t\t\t\t\t\t\t\t\t<figure class=\"wp-caption\">\n\t\t\t\t\t\t\t\t\t\t\t<a href=\"https:\/\/www.instagram.com\/lamaruu\/\">\n\t\t\t\t\t\t\t<img decoding=\"async\" width=\"576\" height=\"1024\" src=\"https:\/\/soymigrante.com\/revista\/wp-content\/uploads\/2025\/05\/maruu-cruz-migrante-madre-emprendedora-guatemalteca-florida-5-576x1024.jpg\" class=\"attachment-large size-large wp-image-34712\" alt=\"Retrato de mujer latinoamericana con maquillaje profesional en ambiente moderno y con iluminaci\u00f3n decorativa en tonos morados y rosas.\" srcset=\"https:\/\/soymigrante.com\/revista\/wp-content\/uploads\/2025\/05\/maruu-cruz-migrante-madre-emprendedora-guatemalteca-florida-5-576x1024.jpg 576w, https:\/\/soymigrante.com\/revista\/wp-content\/uploads\/2025\/05\/maruu-cruz-migrante-madre-emprendedora-guatemalteca-florida-5-169x300.jpg 169w, https:\/\/soymigrante.com\/revista\/wp-content\/uploads\/2025\/05\/maruu-cruz-migrante-madre-emprendedora-guatemalteca-florida-5.webp 720w\" sizes=\"(max-width: 576px) 100vw, 576px\" title=\"A trav\u00e9s de tiktok e instagram, Maruu ofrece claves de emprendimiento, autoestima y superaci\u00f3n personal, pero tambi\u00e9n comparte momentos cotidianos de su vida como madre, esposa, trabajadora. Si deseas ir a su instagram, clic en la imagen. \u2013 SoyMigrante.com REVISTA\" \/>\t\t\t\t\t\t\t\t<\/a>\n\t\t\t\t\t\t\t\t\t\t\t<figcaption class=\"widget-image-caption wp-caption-text\">Imagen de una mujer con estilo elegante y expresi\u00f3n segura, vestida con blusa rosa y accesorios de joyer\u00eda, en un entorno que refleja cultura y comunidad migrante.<\/figcaption>\n\t\t\t\t\t\t\t\t\t\t<\/figure>\n\t\t\t\t\t\t\t\t\t<\/div>\n\t\t\t\t\t<\/div>\n\t\t\t\t<\/div>\n\t\t<div data-particle_enable=\"false\" data-particle-mobile-disabled=\"false\" class=\"elementor-element elementor-element-d929cb8 e-flex e-con-boxed e-con e-parent\" data-id=\"d929cb8\" data-element_type=\"container\" data-e-type=\"container\">\n\t\t\t\t\t<div class=\"e-con-inner\">\n\t\t\t\t<div class=\"elementor-element elementor-element-7ca5544 elementor-widget elementor-widget-heading\" data-id=\"7ca5544\" data-element_type=\"widget\" data-e-type=\"widget\" data-widget_type=\"heading.default\">\n\t\t\t\t\t<h3 class=\"elementor-heading-title elementor-size-default\">Mente positiva y ejemplos poderosos<\/h3>\t\t\t\t<\/div>\n\t\t\t\t\t<\/div>\n\t\t\t\t<\/div>\n\t\t<div data-particle_enable=\"false\" data-particle-mobile-disabled=\"false\" class=\"elementor-element elementor-element-9d332fa e-flex e-con-boxed e-con e-parent\" data-id=\"9d332fa\" data-element_type=\"container\" data-e-type=\"container\">\n\t\t\t\t\t<div class=\"e-con-inner\">\n\t\t\t\t<div class=\"elementor-element elementor-element-3738722 elementor-widget elementor-widget-text-editor\" data-id=\"3738722\" data-element_type=\"widget\" data-e-type=\"widget\" data-widget_type=\"text-editor.default\">\n\t\t\t\t\t\t\t\t\t<p>&#8220;En Guatemala se puede vivir y se puede triunfar&#8221;, sostiene Maruu, quien migr\u00f3 a Estados Unidos en 2014. Se radic\u00f3 en Florida, con familiares. &#8220;Trat\u00e9 de lograr as\u00edlo por ser cubana pero me regresaron. As\u00ed que no me rend\u00ed e hice toda la traves\u00eda por M\u00e9xico y al llegar a la frontera, cruc\u00e9 el r\u00edo&#8221;, relata con sinceridad.<\/p><p>&#8220;Si no me hubiera ido de Guatemala, pienso que igual habr\u00eda triunfado: yo me gradu\u00e9 de maestra, trabaj\u00e9 en un banco, ten\u00eda a mi primer hijo. A pesar de todas las dificultades econ\u00f3micas de mi ni\u00f1ez, salimos adelante. Recuerdo que mi pap\u00e1 se pon\u00eda a exprimir jugos de naranja en la calle para vender y mi mam\u00e1 trabajaba en limpieza de oficinas. Caminaba largas distancias para no gastar en bus. Ellos me dieron el ejemplo de trabajo&#8221;.<\/p>\t\t\t\t\t\t\t\t<\/div>\n\t\t\t\t\t<\/div>\n\t\t\t\t<\/div>\n\t\t<div data-particle_enable=\"false\" data-particle-mobile-disabled=\"false\" class=\"elementor-element elementor-element-79ea753 e-flex e-con-boxed e-con e-parent\" data-id=\"79ea753\" data-element_type=\"container\" data-e-type=\"container\">\n\t\t\t\t\t<div class=\"e-con-inner\">\n\t\t\t\t<div class=\"elementor-element elementor-element-6fc6f5f elementor-widget elementor-widget-video\" data-id=\"6fc6f5f\" data-element_type=\"widget\" data-e-type=\"widget\" data-settings=\"{&quot;video_type&quot;:&quot;hosted&quot;,&quot;controls&quot;:&quot;yes&quot;}\" data-widget_type=\"video.default\">\n\t\t\t\t\t\t\t<div class=\"e-hosted-video elementor-wrapper elementor-open-inline\">\n\t\t\t\t\t<video class=\"elementor-video\" src=\"https:\/\/soymigrante.com\/revista\/wp-content\/uploads\/2025\/05\/video-de-maruu-cruz-guatemala.mp4\" controls=\"\" preload=\"metadata\" controlsList=\"nodownload\"><\/video>\n\t\t\t\t<\/div>\n\t\t\t\t\t\t<\/div>\n\t\t\t\t\t<\/div>\n\t\t\t\t<\/div>\n\t\t<div data-particle_enable=\"false\" data-particle-mobile-disabled=\"false\" class=\"elementor-element elementor-element-28b7937 e-flex e-con-boxed e-con e-parent\" data-id=\"28b7937\" data-element_type=\"container\" data-e-type=\"container\">\n\t\t\t\t\t<div class=\"e-con-inner\">\n\t\t\t\t<div class=\"elementor-element elementor-element-672ce70 elementor-widget elementor-widget-heading\" data-id=\"672ce70\" data-element_type=\"widget\" data-e-type=\"widget\" data-widget_type=\"heading.default\">\n\t\t\t\t\t<h3 class=\"elementor-heading-title elementor-size-default\">Un negocio que creci\u00f3 con trapos y escobas<\/h3>\t\t\t\t<\/div>\n\t\t\t\t\t<\/div>\n\t\t\t\t<\/div>\n\t\t<div data-particle_enable=\"false\" data-particle-mobile-disabled=\"false\" class=\"elementor-element elementor-element-db596a9 e-flex e-con-boxed e-con e-parent\" data-id=\"db596a9\" data-element_type=\"container\" data-e-type=\"container\">\n\t\t\t\t\t<div class=\"e-con-inner\">\n\t\t\t\t<div class=\"elementor-element elementor-element-b5fccbf elementor-widget elementor-widget-text-editor\" data-id=\"b5fccbf\" data-element_type=\"widget\" data-e-type=\"widget\" data-widget_type=\"text-editor.default\">\n\t\t\t\t\t\t\t\t\t<p>Maruu empez\u00f3 su primer negocio de limpieza en plena pandemia. &#8220;La pandemia me dio oportunidades. Trabajaba mucho y me pagaban lo mismo. Descubr\u00ed que pod\u00eda generar dinero por mi cuenta, sin jefes. Me cambi\u00f3 la vida, as\u00ed que empec\u00e9 a limpiar casas por mi cuenta&#8221;, cuenta. Pero Maruu comparte una clave: emprender no era solo limpiar bien: era atender llamadas, hacer marketing, manejar ventas y saber administrar. &#8220;Son cinco puestos en uno&#8221;, dice entre risas.<\/p><p>No ten\u00eda formaci\u00f3n universitaria, reconoce. &#8220;Pero me eduqu\u00e9 tomando cursos, seminarios, videos, leyendo: \u201cYo siempre les digo a las chicas que me siguen: yo no tengo t\u00edtulo, pero s\u00ed muchas ganas de aprender y salir adelante. Si educas tu mente,\u00a0 lo dem\u00e1s fluye.\u201d<\/p>\t\t\t\t\t\t\t\t<\/div>\n\t\t\t\t\t<\/div>\n\t\t\t\t<\/div>\n\t\t<div data-particle_enable=\"false\" data-particle-mobile-disabled=\"false\" class=\"elementor-element elementor-element-ef1302e e-flex e-con-boxed e-con e-parent\" data-id=\"ef1302e\" data-element_type=\"container\" data-e-type=\"container\">\n\t\t\t\t\t<div class=\"e-con-inner\">\n\t\t\t\t<div class=\"elementor-element elementor-element-ffa427f elementor-widget elementor-widget-image\" data-id=\"ffa427f\" data-element_type=\"widget\" data-e-type=\"widget\" data-widget_type=\"image.default\">\n\t\t\t\t\t\t\t\t\t\t\t\t<figure class=\"wp-caption\">\n\t\t\t\t\t\t\t\t\t\t\t<a href=\"https:\/\/www.instagram.com\/lamaruu\/?fbclid=IwY2xjawKi-p5leHRuA2FlbQIxMABicmlkETFXTnlQTVhldTZDTGM4N05BAR5lSx5Ngjo9nFseWKL8eUbkndXeiE36Ds6o-XS7sbYOfnNnqs2Yh8O39DTfvQ_aem_No8turfOeKlSH4rmfsDCww\">\n\t\t\t\t\t\t\t<img decoding=\"async\" width=\"576\" height=\"1024\" src=\"https:\/\/soymigrante.com\/revista\/wp-content\/uploads\/2025\/05\/maruu-cruz-migrante-madre-emprendedora-guatemalteca-florida-3-576x1024.jpg\" class=\"attachment-large size-large wp-image-34718\" alt=\"Estado de la pared agrietada en vivienda tras terremoto en M\u00e9xico, mujer inspeccionando da\u00f1os en ba\u00f1o, reparaci\u00f3n estructural, bienestar de migrantes, solidaridad y resiliencia.\" srcset=\"https:\/\/soymigrante.com\/revista\/wp-content\/uploads\/2025\/05\/maruu-cruz-migrante-madre-emprendedora-guatemalteca-florida-3-576x1024.jpg 576w, https:\/\/soymigrante.com\/revista\/wp-content\/uploads\/2025\/05\/maruu-cruz-migrante-madre-emprendedora-guatemalteca-florida-3-169x300.jpg 169w, https:\/\/soymigrante.com\/revista\/wp-content\/uploads\/2025\/05\/maruu-cruz-migrante-madre-emprendedora-guatemalteca-florida-3.webp 720w\" sizes=\"(max-width: 576px) 100vw, 576px\" title=\"La Maruu comenz\u00f3 su primer negocio de limpieza de casas, pero con el componente de mercadeo digital, atenci\u00f3n peresonalizada y compartiendo experiencias con m\u00e1s mujeres de la comunidad, a trav\u00e9s de videos en redes sociales, Este fue el inicio de una ruta de \u00e9xito y aprendizajes compartidso. (Redes sociales de La Maru) \u2013 SoyMigrante.com REVISTA\" \/>\t\t\t\t\t\t\t\t<\/a>\n\t\t\t\t\t\t\t\t\t\t\t<figcaption class=\"widget-image-caption wp-caption-text\">Una mujer revisa una grieta en la pared del ba\u00f1o en un entorno dom\u00e9stico tras un sismo, reflejando la importancia de la seguridad y la atenci\u00f3n en emergencias estructurales para la comunidad de migrantes y residentes.<\/figcaption>\n\t\t\t\t\t\t\t\t\t\t<\/figure>\n\t\t\t\t\t\t\t\t\t<\/div>\n\t\t\t\t\t<\/div>\n\t\t\t\t<\/div>\n\t\t<div data-particle_enable=\"false\" data-particle-mobile-disabled=\"false\" class=\"elementor-element elementor-element-082d7cc e-flex e-con-boxed e-con e-parent\" data-id=\"082d7cc\" data-element_type=\"container\" data-e-type=\"container\">\n\t\t\t\t\t<div class=\"e-con-inner\">\n\t\t\t\t<div class=\"elementor-element elementor-element-b893688 elementor-widget elementor-widget-heading\" data-id=\"b893688\" data-element_type=\"widget\" data-e-type=\"widget\" data-widget_type=\"heading.default\">\n\t\t\t\t\t<h3 class=\"elementor-heading-title elementor-size-default\">Tiktok, camisas antimanchas y la comunidad<\/h3>\t\t\t\t<\/div>\n\t\t\t\t\t<\/div>\n\t\t\t\t<\/div>\n\t\t<div data-particle_enable=\"false\" data-particle-mobile-disabled=\"false\" class=\"elementor-element elementor-element-42263b3 e-flex e-con-boxed e-con e-parent\" data-id=\"42263b3\" data-element_type=\"container\" data-e-type=\"container\">\n\t\t\t\t\t<div class=\"e-con-inner\">\n\t\t\t\t<div class=\"elementor-element elementor-element-8f50654 elementor-widget elementor-widget-text-editor\" data-id=\"8f50654\" data-element_type=\"widget\" data-e-type=\"widget\" data-widget_type=\"text-editor.default\">\n\t\t\t\t\t\t\t\t\t<p>Lo que empez\u00f3 como videos casuales de limpieza en TikTok se transform\u00f3 en una comunidad de mujeres siguen a Maruu, le hacen preguntas, le piden consejos. \u201cMe dec\u00edan: Maruu me inspiras confianza porque compartes todo lo que sabes\u201d.<\/p><p>Trabajando en limpieza descubri\u00f3 que se necesita ropa especial: blusas, delantales, mandiles. &#8220;\u00bfD\u00f3nde consigues tu ropa?&#8221;, me preguntaban. Y as\u00ed naci\u00f3 su segundo emprendimiento: Camisas especiales para limpieza que no se manchan con cloro. \u201cMe preguntaban tanto un d\u00eda dije: \u00bfY si yo las vendo?\u201d<\/p><p>Luego lleg\u00f3 el tercer proyecto: seminarios para mujeres emprendedoras. \u201cEmpezaron a preguntarme: Maru, \u00bfc\u00f3mo consigo clientes? \u00bfC\u00f3mo empiezo mi negocio? Entonces me lanc\u00e9 a ense\u00f1ar. Hemos hecho muchos seminarios online. Ya hay chicas que tienen muchos clientes gracias a lo que aprendieron. Eso para m\u00ed vale oro. Y seguimos compartiendo y creciendo\u201d.<\/p><p>Maruu comparte el gran secreto de su \u00e9xito: Ser ella misma. Y todo eso lo hizo siendo ella misma. \u201cLa gente puede copiar tu contenido, pero no tu esencia. Lo que conecta es ser transparente, mostrarte real, incluso llorar, si toca.\u201d<\/p>\t\t\t\t\t\t\t\t<\/div>\n\t\t\t\t\t<\/div>\n\t\t\t\t<\/div>\n\t\t<div data-particle_enable=\"false\" data-particle-mobile-disabled=\"false\" class=\"elementor-element elementor-element-f333e8c e-flex e-con-boxed e-con e-parent\" data-id=\"f333e8c\" data-element_type=\"container\" data-e-type=\"container\">\n\t\t\t\t\t<div class=\"e-con-inner\">\n\t\t\t\t<div class=\"elementor-element elementor-element-6f218dc elementor-widget elementor-widget-image\" data-id=\"6f218dc\" data-element_type=\"widget\" data-e-type=\"widget\" data-widget_type=\"image.default\">\n\t\t\t\t\t\t\t\t\t\t\t\t<figure class=\"wp-caption\">\n\t\t\t\t\t\t\t\t\t\t\t<a href=\"https:\/\/www.instagram.com\/lamaruu\/?fbclid=IwY2xjawKi-p5leHRuA2FlbQIxMABicmlkETFXTnlQTVhldTZDTGM4N05BAR5lSx5Ngjo9nFseWKL8eUbkndXeiE36Ds6o-XS7sbYOfnNnqs2Yh8O39DTfvQ_aem_No8turfOeKlSH4rmfsDCww\">\n\t\t\t\t\t\t\t<img loading=\"lazy\" decoding=\"async\" width=\"720\" height=\"592\" src=\"https:\/\/soymigrante.com\/revista\/wp-content\/uploads\/2025\/05\/maruu-cruz-migrante-madre-emprendedora-guatemalteca-florida-7.webp\" class=\"attachment-large size-large wp-image-34719\" alt=\"Campeones de la vida en un viaje familiar con un cami\u00f3n de traslado, reflejando historia y migraci\u00f3n en M\u00e9xico, en la revista SoyMigrante.\" srcset=\"https:\/\/soymigrante.com\/revista\/wp-content\/uploads\/2025\/05\/maruu-cruz-migrante-madre-emprendedora-guatemalteca-florida-7.webp 720w, https:\/\/soymigrante.com\/revista\/wp-content\/uploads\/2025\/05\/maruu-cruz-migrante-madre-emprendedora-guatemalteca-florida-7-300x247.png 300w\" sizes=\"(max-width: 720px) 100vw, 720px\" title=\"Maruu siempre se inspira en el ejemplo de amor y trabajo de sus padres. &quot;Conozco la pobreza, pero es una condici\u00f3n no una barrera, porque uno debe buscar aprender para superarse&quot;, expresa la generadora de contenido. (Album familiar de Maruu Cruz) \u2013 SoyMigrante.com REVISTA\" \/>\t\t\t\t\t\t\t\t<\/a>\n\t\t\t\t\t\t\t\t\t\t\t<figcaption class=\"widget-image-caption wp-caption-text\">Familia mexicana en frente de cami\u00f3n de carga, historia de migraci\u00f3n y uni\u00f3n familiar, en la revista SoyMigrante.<\/figcaption>\n\t\t\t\t\t\t\t\t\t\t<\/figure>\n\t\t\t\t\t\t\t\t\t<\/div>\n\t\t\t\t\t<\/div>\n\t\t\t\t<\/div>\n\t\t<div data-particle_enable=\"false\" data-particle-mobile-disabled=\"false\" class=\"elementor-element elementor-element-394a6c4 e-flex e-con-boxed e-con e-parent\" data-id=\"394a6c4\" data-element_type=\"container\" data-e-type=\"container\">\n\t\t\t\t\t<div class=\"e-con-inner\">\n\t\t\t\t<div class=\"elementor-element elementor-element-4c9a32c elementor-widget elementor-widget-heading\" data-id=\"4c9a32c\" data-element_type=\"widget\" data-e-type=\"widget\" data-widget_type=\"heading.default\">\n\t\t\t\t\t<h3 class=\"elementor-heading-title elementor-size-default\">\"Afuera el miedo: ese ladr\u00f3n silencioso\"<\/h3>\t\t\t\t<\/div>\n\t\t\t\t\t<\/div>\n\t\t\t\t<\/div>\n\t\t<div data-particle_enable=\"false\" data-particle-mobile-disabled=\"false\" class=\"elementor-element elementor-element-032b06f e-flex e-con-boxed e-con e-parent\" data-id=\"032b06f\" data-element_type=\"container\" data-e-type=\"container\">\n\t\t\t\t\t<div class=\"e-con-inner\">\n\t\t\t\t<div class=\"elementor-element elementor-element-34bb004 elementor-widget elementor-widget-text-editor\" data-id=\"34bb004\" data-element_type=\"widget\" data-e-type=\"widget\" data-widget_type=\"text-editor.default\">\n\t\t\t\t\t\t\t\t\t<p>Cuando se le pregunta cu\u00e1l es el mayor obst\u00e1culo para la mujer emprendedora (y para todo emprendedor): <a href=\"https:\/\/soymigrante.com\/revista\/eliminar-el-miedo-siempre-abre-nuevos-caminos-de-vida\/\">el miedo<\/a>. \u201cSe debe echar afuera el miedo a creer en s\u00ed mismas. Hay mujeres con talentos incre\u00edbles trabajando para otros, regalando su trabajo. Y yo siempre les digo: ustedes pueden salir adelante. Todos tenemos un don divino, solo hay que animarse a aprender cada d\u00eda.\u201d<\/p><p>Por eso su mayor consejo es claro: &#8220;<a href=\"https:\/\/soymigrante.com\/revista\/herramientas-para-el-aprendizaje-tarde-o-temprano-te-servira\/\">Invierte en tu mente.<\/a> Eso es lo que te va a dar dinero. No importa si vendes chicles, limpias casas o haces tamales: ed\u00facate y haz crecer tu mercado&#8221;<\/p>\t\t\t\t\t\t\t\t<\/div>\n\t\t\t\t\t<\/div>\n\t\t\t\t<\/div>\n\t\t<div data-particle_enable=\"false\" data-particle-mobile-disabled=\"false\" class=\"elementor-element elementor-element-c235229 e-flex e-con-boxed e-con e-parent\" data-id=\"c235229\" data-element_type=\"container\" data-e-type=\"container\">\n\t\t\t\t\t<div class=\"e-con-inner\">\n\t\t\t\t<div class=\"elementor-element elementor-element-289fcb5 elementor-invisible elementor-widget elementor-widget-testimonial\" data-id=\"289fcb5\" data-element_type=\"widget\" data-e-type=\"widget\" data-settings=\"{&quot;_animation&quot;:&quot;rotateInUpRight&quot;}\" data-widget_type=\"testimonial.default\">\n\t\t\t\t\t\t\t<div class=\"elementor-testimonial-wrapper\">\n\t\t\t\t\t\t\t<div class=\"elementor-testimonial-content\"><div style=\"text-align: start\"><span style=\"font-family: Roboto, sans-serif;font-size: 21px;font-weight: 500\">\"Me siento orgullosa de ser guatemalteco-cubana, de tener sangre maya ixil. s\u00e9 lo que es crecer en la pobreza. Vivimos en una champa de nailo en Pet\u00e9n. Vivimos en la capital y mi mam\u00e1 nos consegu\u00eda \u00fatiles escolares donados, mi pap\u00e1 vend\u00eda jugos de naranja en la calle. Y esos sacrificios son la fuerza que tengo\"<\/span><span style=\"font-family: Roboto, sans-serif;font-size: 16px\"> <\/span><span style=\"font-family: Roboto, sans-serif;font-size: 21px;font-weight: 500\"><\/span><\/div><\/div>\n\t\t\t\n\t\t\t\t\t\t<div class=\"elementor-testimonial-meta elementor-has-image elementor-testimonial-image-position-aside\">\n\t\t\t\t<div class=\"elementor-testimonial-meta-inner\">\n\t\t\t\t\t\t\t\t\t\t\t<div class=\"elementor-testimonial-image\">\n\t\t\t\t\t\t\t<img loading=\"lazy\" decoding=\"async\" width=\"720\" height=\"1280\" src=\"https:\/\/soymigrante.com\/revista\/wp-content\/uploads\/2025\/05\/maruu-cruz-migrante-madre-emprendedora-guatemalteca-florida-13.webp\" class=\"attachment-full size-full wp-image-34720\" alt=\"Haz que suceda, inspiraci\u00f3n para migrantes en busca de \u00e9xito y superaci\u00f3n personal en eventos y celebraciones.\" title=\"maruu cruz migrante madre emprendedora guatemalteca florida 13 \u2013 SoyMigrante.com REVISTA\" srcset=\"https:\/\/soymigrante.com\/revista\/wp-content\/uploads\/2025\/05\/maruu-cruz-migrante-madre-emprendedora-guatemalteca-florida-13.webp 720w, https:\/\/soymigrante.com\/revista\/wp-content\/uploads\/2025\/05\/maruu-cruz-migrante-madre-emprendedora-guatemalteca-florida-13-169x300.png 169w, https:\/\/soymigrante.com\/revista\/wp-content\/uploads\/2025\/05\/maruu-cruz-migrante-madre-emprendedora-guatemalteca-florida-13-576x1024.png 576w\" sizes=\"(max-width: 720px) 100vw, 720px\" \/>\t\t\t\t\t\t<\/div>\n\t\t\t\t\t\n\t\t\t\t\t\t\t\t\t\t<div class=\"elementor-testimonial-details\">\n\t\t\t\t\t\t\t\t\t\t\t\t\t\t<div class=\"elementor-testimonial-name\">Maruu Cruz<\/div>\n\t\t\t\t\t\t\t\t\t\t\t\t\t\t\t\t\t\t\t\t\t\t<div class=\"elementor-testimonial-job\">Migrante y emprendedora guatemalteca\nque vivi\u00f3 11 a\u00f1os en Florida y regresa a\nGuatemala en 2025 para continuar adelante\ncon sus proyectos y conferencias para mujeres.<\/div>\n\t\t\t\t\t\t\t\t\t\t\t\t\t<\/div>\n\t\t\t\t\t\t\t\t\t<\/div>\n\t\t\t<\/div>\n\t\t\t\t\t<\/div>\n\t\t\t\t\t\t<\/div>\n\t\t\t\t\t<\/div>\n\t\t\t\t<\/div>\n\t\t<div data-particle_enable=\"false\" data-particle-mobile-disabled=\"false\" class=\"elementor-element elementor-element-dcf7a4f e-flex e-con-boxed e-con e-parent\" data-id=\"dcf7a4f\" data-element_type=\"container\" data-e-type=\"container\">\n\t\t\t\t\t<div class=\"e-con-inner\">\n\t\t\t\t<div class=\"elementor-element elementor-element-fa88a7c elementor-widget elementor-widget-heading\" data-id=\"fa88a7c\" data-element_type=\"widget\" data-e-type=\"widget\" data-widget_type=\"heading.default\">\n\t\t\t\t\t<h3 class=\"elementor-heading-title elementor-size-default\">\u00bfPor qu\u00e9 decidi\u00f3 regresar a Guatemala?<\/h3>\t\t\t\t<\/div>\n\t\t\t\t\t<\/div>\n\t\t\t\t<\/div>\n\t\t<div data-particle_enable=\"false\" data-particle-mobile-disabled=\"false\" class=\"elementor-element elementor-element-199f0be e-flex e-con-boxed e-con e-parent\" data-id=\"199f0be\" data-element_type=\"container\" data-e-type=\"container\">\n\t\t\t\t\t<div class=\"e-con-inner\">\n\t\t\t\t<div class=\"elementor-element elementor-element-48c7eea elementor-widget elementor-widget-text-editor\" data-id=\"48c7eea\" data-element_type=\"widget\" data-e-type=\"widget\" data-widget_type=\"text-editor.default\">\n\t\t\t\t\t\t\t\t\t<p>Despu\u00e9s de 11 a\u00f1os en Estados Unidos, pa\u00eds al que agradece las oportunidades de crecimiento, Maruu decidi\u00f3 volver a Guatemala a vivir junto a su familia. De hecho, nunca se desconect\u00f3 del pa\u00eds. \u201cAqu\u00ed hay buenos colegios, buenas oportunidades y mucho talento. Lo \u00fanico que nos falta es buscar la informaci\u00f3n. Puedes registrar tu negocio, sacar tu NIT, construir cr\u00e9dito. <a href=\"https:\/\/soymigrante.com\/revista\/herramientas-para-el-aprendizaje-tarde-o-temprano-te-servira\/\">Pod\u00e9s salir adelante si te preparas<\/a>\u201d\u00a0<\/p><p>Decidi\u00f3 volver a Guatemala porque considera que aqu\u00ed hay vida y comunidad. &#8220;En Estados Unidos hay mucha soledad. Y a nosotros los latinos y los ind\u00edgenas nos gusta la vida en comunidad. Ir al mercado, platicar con la gente, salir a la tienda. Y desde aqu\u00ed puedo seguir manejando mis emprendimientos&#8221;.<\/p><p>Adem\u00e1s recuerda que desde su juventud en Guatemala se acostumbr\u00f3 a luchar: &#8220;Nadie me regal\u00f3 nada. Yo siempre busqu\u00e9 puertas. No soy t\u00edmida: pregunto, me muevo, aprendo. Y eso es lo que me ha llevado a donde estoy. Y llegaremos a\u00fan m\u00e1s lejos\u201d dice con seguridad y sonrisa.<\/p><p>&#8220;Me siento <a href=\"https:\/\/soymigrante.com\/revista\/claves-para-la-valorar-el-origen-guatemalteco-y-reforzar-la-dignidad-como-migrante-en-ee-uu\/\">orgullosa <\/a>de tener sangre maya, de tener la cultura ixil, por supuesto tambi\u00e9n comparto la cultura cubana. Pero s\u00e9 lo que es crecer en la pobreza, vivimos en una champa de nailo en Pet\u00e9n cuando era ni\u00f1a; mi mam\u00e1 nos consegu\u00eda \u00fatiles escolares donados,\u00a0 hizo muchos sacrificios y esa fuerza es la que tengo&#8221;<\/p><p>Porque Maruu la pobreza no es una raz\u00f3n para quedarse atr\u00e1s. &#8220;La pobreza es una condici\u00f3n, no un destino. El que quiere salir adelante, sale. Con coraje, con aprendizaje, y con identidad.&#8221;<\/p>\t\t\t\t\t\t\t\t<\/div>\n\t\t\t\t\t<\/div>\n\t\t\t\t<\/div>\n\t\t<div data-particle_enable=\"false\" data-particle-mobile-disabled=\"false\" class=\"elementor-element elementor-element-1a9755f e-flex e-con-boxed e-con e-parent\" data-id=\"1a9755f\" data-element_type=\"container\" data-e-type=\"container\">\n\t\t\t\t\t<div class=\"e-con-inner\">\n\t\t\t\t<div class=\"elementor-element elementor-element-8031467 elementor-widget elementor-widget-image\" data-id=\"8031467\" data-element_type=\"widget\" data-e-type=\"widget\" data-widget_type=\"image.default\">\n\t\t\t\t\t\t\t\t\t\t\t\t<figure class=\"wp-caption\">\n\t\t\t\t\t\t\t\t\t\t<img loading=\"lazy\" decoding=\"async\" width=\"933\" height=\"933\" src=\"https:\/\/soymigrante.com\/revista\/wp-content\/uploads\/2025\/05\/maruu-cruz-migrante-madre-emprendedora-guatemalteca-florida-10-1.webp\" class=\"attachment-large size-large wp-image-34721\" alt=\"Disfrutando de la naturaleza en una hamaca en la selva con vista a un volc\u00e1n, representando el turismo y la cultura de migrantes en M\u00e9xico y Centroam\u00e9rica para SoyMigrante.com REVISTA.\" srcset=\"https:\/\/soymigrante.com\/revista\/wp-content\/uploads\/2025\/05\/maruu-cruz-migrante-madre-emprendedora-guatemalteca-florida-10-1.webp 933w, https:\/\/soymigrante.com\/revista\/wp-content\/uploads\/2025\/05\/maruu-cruz-migrante-madre-emprendedora-guatemalteca-florida-10-1-300x300.jpg 300w, https:\/\/soymigrante.com\/revista\/wp-content\/uploads\/2025\/05\/maruu-cruz-migrante-madre-emprendedora-guatemalteca-florida-10-1-150x150.jpg 150w, https:\/\/soymigrante.com\/revista\/wp-content\/uploads\/2025\/05\/maruu-cruz-migrante-madre-emprendedora-guatemalteca-florida-10-1-768x768.jpg 768w, https:\/\/soymigrante.com\/revista\/wp-content\/uploads\/2025\/05\/maruu-cruz-migrante-madre-emprendedora-guatemalteca-florida-10-1-75x75.jpg 75w, https:\/\/soymigrante.com\/revista\/wp-content\/uploads\/2025\/05\/maruu-cruz-migrante-madre-emprendedora-guatemalteca-florida-10-1-750x750.jpg 750w\" sizes=\"(max-width: 933px) 100vw, 933px\" title=\"Maruu Cruz agradece el \u00e9xito y las oportunidades a Estados Unidos, pero considera que en Guatemala tambi\u00e9n se p\u00faede triunfar. De hecho, el motivo por el cual regres\u00f3  en mayo 2025 para radicar en  su pa\u00eds es porque aqu\u00ed hay m\u00e1s calidez, m\u00e1s vida en comunidad y porque aqu\u00ed est\u00e1n sus ra\u00edces  maternas maya ixil, de las cuales se siente orgullosas. \u2013 SoyMigrante.com REVISTA\" \/>\t\t\t\t\t\t\t\t\t\t\t<figcaption class=\"widget-image-caption wp-caption-text\">Personaje femenino en un entorno natural con vista volc\u00e1nica, mostrando viajes y cultura migrante en M\u00e9xico y Centroam\u00e9rica, promoviendo el turismo y la identidad en SoyMigrante.com REVISTA.<\/figcaption>\n\t\t\t\t\t\t\t\t\t\t<\/figure>\n\t\t\t\t\t\t\t\t\t<\/div>\n\t\t\t\t\t<\/div>\n\t\t\t\t<\/div>\n\t\t<div data-particle_enable=\"false\" data-particle-mobile-disabled=\"false\" class=\"elementor-element elementor-element-5abc5ad e-flex e-con-boxed e-con e-parent\" data-id=\"5abc5ad\" data-element_type=\"container\" data-e-type=\"container\">\n\t\t\t\t\t<div class=\"e-con-inner\">\n\t\t\t\t<div class=\"elementor-element elementor-element-d2a75df elementor-widget elementor-widget-heading\" data-id=\"d2a75df\" data-element_type=\"widget\" data-e-type=\"widget\" data-widget_type=\"heading.default\">\n\t\t\t\t\t<h3 class=\"elementor-heading-title elementor-size-default\">Apoya a emprendedores guatemaltecos comprando en SoyMigrante.com MERCADO <\/h3>\t\t\t\t<\/div>\n\t\t\t\t\t<\/div>\n\t\t\t\t<\/div>\n\t\t<div data-particle_enable=\"false\" data-particle-mobile-disabled=\"false\" class=\"elementor-element elementor-element-2d000e6 e-flex e-con-boxed e-con e-parent\" data-id=\"2d000e6\" data-element_type=\"container\" data-e-type=\"container\">\n\t\t\t\t\t<div class=\"e-con-inner\">\n\t\t\t\t<div class=\"elementor-element elementor-element-6faaf03 elementor-grid-eael-col-3 elementor-grid-tablet-eael-col-2 elementor-grid-mobile-eael-col-1 elementor-widget elementor-widget-eael-post-grid\" data-id=\"6faaf03\" data-element_type=\"widget\" data-e-type=\"widget\" data-settings=\"{&quot;eael_post_grid_columns&quot;:&quot;eael-col-3&quot;,&quot;eael_post_grid_columns_tablet&quot;:&quot;eael-col-2&quot;,&quot;eael_post_grid_columns_mobile&quot;:&quot;eael-col-1&quot;}\" data-widget_type=\"eael-post-grid.default\">\n\t\t\t\t\t<div id=\"eael-post-grid-6faaf03\" class=\"eael-post-grid-container\">\n            <div class=\"eael-post-grid eael-post-appender eael-post-appender-6faaf03 eael-post-grid-style-one\" data-layout-mode=\"masonry\"><article class=\"eael-grid-post  eael-post-grid-column eael-pg-post-14276 category-guate-nuestra tags-mercado-emprendedores\" data-id=\"14276\">\n        <div class=\"eael-grid-post-holder\">\n            <div class=\"eael-grid-post-holder-inner\"><div class=\"eael-entry-media\"><div class=\"eael-entry-overlay fade-in\"><i class=\"far fa-hand-pointer\" aria-hidden=\"true\"><\/i><a href=\"https:\/\/soymigrante.com\/revista\/clinica-la-montana-de-colomba-costa-cuca-ofrece-capsulas-y-terapias-naturistas\/\"><\/a><\/div><div class=\"eael-entry-thumbnail \">\n                <img loading=\"lazy\" decoding=\"async\" width=\"542\" height=\"542\" src=\"https:\/\/soymigrante.com\/revista\/wp-content\/uploads\/2024\/11\/emprendedor-daniel-sanchez-1.webp\" class=\"attachment-large size-large wp-image-14277\" alt=\"Amplio \u00e1rbol de hoja perenne con un hombre sonriendo en medio de la naturaleza, s\u00edmbolo de crecimiento y sostenibilidad para art\u00edculos de agricultura y medio ambiente en SoyMigrante.com REVISTA.\" srcset=\"https:\/\/soymigrante.com\/revista\/wp-content\/uploads\/2024\/11\/emprendedor-daniel-sanchez-1.webp 542w, https:\/\/soymigrante.com\/revista\/wp-content\/uploads\/2024\/11\/emprendedor-daniel-sanchez-1-300x300.jpg 300w, https:\/\/soymigrante.com\/revista\/wp-content\/uploads\/2024\/11\/emprendedor-daniel-sanchez-1-150x150.jpg 150w, https:\/\/soymigrante.com\/revista\/wp-content\/uploads\/2024\/11\/emprendedor-daniel-sanchez-1-75x75.webp 75w\" sizes=\"(max-width: 542px) 100vw, 542px\" \/>\n            <\/div>\n        <\/div><div class=\"eael-entry-wrapper\"><header class=\"eael-entry-header\"><h2 class=\"eael-entry-title\"><a class=\"eael-grid-post-link\" href=\"https:\/\/soymigrante.com\/revista\/clinica-la-montana-de-colomba-costa-cuca-ofrece-capsulas-y-terapias-naturistas\/\" title=\"Danny S\u00e1nchez Mach\u00e1 ofrece productos del Centro Naturista de la Monta\u00f1a, desde Colomba Costa Cuca\">Danny S\u00e1nchez Mach\u00e1 ofrece productos del Centro Naturista de la Monta\u00f1a, desde Colomba Costa Cuca<\/a><\/h2><\/header><div class=\"eael-entry-content\">\n                        <div class=\"eael-grid-post-excerpt\"><a href=\"https:\/\/soymigrante.com\/revista\/clinica-la-montana-de-colomba-costa-cuca-ofrece-capsulas-y-terapias-naturistas\/\" class=\"eael-post-elements-readmore-btn\">CONOCE SU HISTORIA <\/a><\/div>\n                    <\/div><\/div><\/div>\n        <\/div>\n    <\/article><article class=\"eael-grid-post  eael-post-grid-column eael-pg-post-10683 category-guate-nuestra tags-mercado-emprendedores\" data-id=\"10683\">\n        <div class=\"eael-grid-post-holder\">\n            <div class=\"eael-grid-post-holder-inner\"><div class=\"eael-entry-media\"><div class=\"eael-entry-overlay fade-in\"><i class=\"far fa-hand-pointer\" aria-hidden=\"true\"><\/i><a href=\"https:\/\/soymigrante.com\/revista\/tejido-con-el-mismo-carino-de-la-abuelita-el-emprendimiento-crochet-con-amor\/\"><\/a><\/div><div class=\"eael-entry-thumbnail \">\n                <img loading=\"lazy\" decoding=\"async\" width=\"670\" height=\"661\" src=\"https:\/\/soymigrante.com\/revista\/wp-content\/uploads\/2024\/10\/crochet-con-amor-2.webp\" class=\"attachment-large size-large wp-image-10687\" alt=\"Vocales de flores en maceteros tejidos a mano, exposici\u00f3n de artesanalidades durante evento cultural, artistas creando obras de arte en crochet, mercado de artesan\u00edas tradicionales, t\u00e9cnicas de tejido en lana natural, eventos culturales en SoyMigrante.com REVISTA.\" srcset=\"https:\/\/soymigrante.com\/revista\/wp-content\/uploads\/2024\/10\/crochet-con-amor-2.webp 670w, https:\/\/soymigrante.com\/revista\/wp-content\/uploads\/2024\/10\/crochet-con-amor-2-300x296.webp 300w, https:\/\/soymigrante.com\/revista\/wp-content\/uploads\/2024\/10\/crochet-con-amor-2-75x75.webp 75w\" sizes=\"(max-width: 670px) 100vw, 670px\" \/>\n            <\/div>\n        <\/div><div class=\"eael-entry-wrapper\"><header class=\"eael-entry-header\"><h2 class=\"eael-entry-title\"><a class=\"eael-grid-post-link\" href=\"https:\/\/soymigrante.com\/revista\/tejido-con-el-mismo-carino-de-la-abuelita-el-emprendimiento-crochet-con-amor\/\" title=\"Tejido con el mismo cari\u00f1o de la abuelita: el emprendimiento Crochet con Amor\">Tejido con el mismo cari\u00f1o de la abuelita: el emprendimiento Crochet con Amor<\/a><\/h2><\/header><div class=\"eael-entry-content\">\n                        <div class=\"eael-grid-post-excerpt\"><a href=\"https:\/\/soymigrante.com\/revista\/tejido-con-el-mismo-carino-de-la-abuelita-el-emprendimiento-crochet-con-amor\/\" class=\"eael-post-elements-readmore-btn\">CONOCE SU HISTORIA <\/a><\/div>\n                    <\/div><\/div><\/div>\n        <\/div>\n    <\/article><article class=\"eael-grid-post  eael-post-grid-column eael-pg-post-42617 category-guate-nuestra tags-mercado-emprendedores\" data-id=\"42617\">\n        <div class=\"eael-grid-post-holder\">\n            <div class=\"eael-grid-post-holder-inner\"><div class=\"eael-entry-media\"><div class=\"eael-entry-overlay fade-in\"><i class=\"far fa-hand-pointer\" aria-hidden=\"true\"><\/i><a href=\"https:\/\/soymigrante.com\/revista\/underdog-leather-502-habilidad-y-pasion-en-articulos-de-cuero-ya-esta-presente-en-mercado\/\"><\/a><\/div><div class=\"eael-entry-thumbnail \">\n                <img loading=\"lazy\" decoding=\"async\" width=\"1024\" height=\"1024\" src=\"https:\/\/soymigrante.com\/revista\/wp-content\/uploads\/2025\/08\/UNDERDOG-LEATHER-antonio-milla-mercado-1024x1024.jpg\" class=\"attachment-large size-large wp-image-42619\" alt=\"Soldador trabajando en taller de reparaci\u00f3n y manufactura de maquinaria industrial en un ambiente de taller mec\u00e1nico, enfocado en empleo y servicios para migrantes, en el contexto de SoyMigrante.com REVISTA.\" srcset=\"https:\/\/soymigrante.com\/revista\/wp-content\/uploads\/2025\/08\/UNDERDOG-LEATHER-antonio-milla-mercado-1024x1024.jpg 1024w, https:\/\/soymigrante.com\/revista\/wp-content\/uploads\/2025\/08\/UNDERDOG-LEATHER-antonio-milla-mercado-300x300.jpg 300w, https:\/\/soymigrante.com\/revista\/wp-content\/uploads\/2025\/08\/UNDERDOG-LEATHER-antonio-milla-mercado-150x150.jpg 150w, https:\/\/soymigrante.com\/revista\/wp-content\/uploads\/2025\/08\/UNDERDOG-LEATHER-antonio-milla-mercado-768x768.jpg 768w, https:\/\/soymigrante.com\/revista\/wp-content\/uploads\/2025\/08\/UNDERDOG-LEATHER-antonio-milla-mercado-75x75.webp 75w, https:\/\/soymigrante.com\/revista\/wp-content\/uploads\/2025\/08\/UNDERDOG-LEATHER-antonio-milla-mercado-750x750.webp 750w, https:\/\/soymigrante.com\/revista\/wp-content\/uploads\/2025\/08\/UNDERDOG-LEATHER-antonio-milla-mercado-1140x1140.webp 1140w, https:\/\/soymigrante.com\/revista\/wp-content\/uploads\/2025\/08\/UNDERDOG-LEATHER-antonio-milla-mercado.webp 1200w\" sizes=\"(max-width: 1024px) 100vw, 1024px\" \/>\n            <\/div>\n        <\/div><div class=\"eael-entry-wrapper\"><header class=\"eael-entry-header\"><h2 class=\"eael-entry-title\"><a class=\"eael-grid-post-link\" href=\"https:\/\/soymigrante.com\/revista\/underdog-leather-502-habilidad-y-pasion-en-articulos-de-cuero-ya-esta-presente-en-mercado\/\" title=\"Underdog Leather 502: habilidad y pasi\u00f3n en art\u00edculos de cuero ya est\u00e1 presente en MERCADO\">Underdog Leather 502: habilidad y pasi\u00f3n en art\u00edculos de cuero ya est\u00e1 presente en MERCADO<\/a><\/h2><\/header><div class=\"eael-entry-content\">\n                        <div class=\"eael-grid-post-excerpt\"><a href=\"https:\/\/soymigrante.com\/revista\/underdog-leather-502-habilidad-y-pasion-en-articulos-de-cuero-ya-esta-presente-en-mercado\/\" class=\"eael-post-elements-readmore-btn\">CONOCE SU HISTORIA <\/a><\/div>\n                    <\/div><\/div><\/div>\n        <\/div>\n    <\/article><\/div>\n            <div class=\"clearfix\"><\/div>\n        <\/div>            <div class=\"eael-load-more-button-wrap eael-force-hide\">\n                <button class=\"eael-load-more-button\" id=\"eael-load-more-btn-6faaf03\" data-widget-id=\"6faaf03\" data-widget=\"6faaf03\" data-page-id=\"34694\" data-template=\"{&quot;dir&quot;:&quot;lite&quot;,&quot;file_name&quot;:&quot;one.php&quot;,&quot;name&quot;:&quot;Post-Grid&quot;}\" data-class=\"Essential_Addons_Elementor\\Elements\\Post_Grid\" data-layout=\"masonry\" data-page=\"1\" data-args=\"orderby=rand&amp;order=desc&amp;ignore_sticky_posts=1&amp;post_status=publish&amp;posts_per_page=3&amp;offset=0&amp;post_type=post&amp;tax_query%5B0%5D%5Btaxonomy%5D=post_tag&amp;tax_query%5B0%5D%5Bfield%5D=term_id&amp;tax_query%5B0%5D%5Bterms%5D%5B0%5D=130&amp;tax_query%5Brelation%5D=AND\" data-max-page=\"35\">\n                    <span class=\"eael-btn-loader button__loader\"><\/span>\n                    <span class=\"eael_load_more_text\">Load More<\/span>\n                <\/button>\n            <\/div>\n            \t\t\t\t<\/div>\n\t\t\t\t\t<\/div>\n\t\t\t\t<\/div>\n\t\t\t\t<\/div>\n\t\t","protected":false},"excerpt":{"rendered":"<p>La vida de Maruu Cruz es un mosaico de identidad, migraci\u00f3n y sobre todo, transformaci\u00f3n personal en busca constante de creatividad, excelencia y servicio. Emprendedora, creadora de contenidos y madre. El 9 de mayo aterriz\u00f3 en Guatemala para quedarse tras 11 a\u00f1os en USA. Esta es la historia de su \u00e9xito. &#8220;La migraci\u00f3n es parte [&hellip;]<\/p>\n","protected":false},"author":7,"featured_media":34702,"comment_status":"open","ping_status":"open","sticky":false,"template":"","format":"standard","meta":{"_acf_changed":false,"_eb_attr":"","footnotes":""},"categories":[50,274],"tags":[],"class_list":["post-34694","post","type-post","status-publish","format-standard","has-post-thumbnail","hentry","category-exitos","category-guatemala"],"acf":[],"aioseo_notices":[],"aioseo_head":"\n\t\t<!-- All in One SEO Pro 4.9.6.2 - aioseo.com -->\n\t<meta name=\"description\" content=\"Antonio Milla es un ingeniero en sistemas que tiene una pasi\u00f3n artesanal: la elaboraci\u00f3n de art\u00edculos de cuero, de alta calidad. Abri\u00f3 su tienda digital en MERCADO\" \/>\n\t<meta name=\"robots\" content=\"max-snippet:-1, max-image-preview:large, max-video-preview:-1\" \/>\n\t<meta name=\"author\" content=\"Gustavo Montenegro\"\/>\n\t<link rel=\"canonical\" href=\"https:\/\/soymigrante.com\/revista\/underdog-leather-502-habilidad-y-pasion-en-articulos-de-cuero-ya-esta-presente-en-mercado\/\" \/>\n\t<meta name=\"generator\" content=\"All in One SEO Pro (AIOSEO) 4.9.6.2\" \/>\n\n\t\t<link rel=\"preconnect\" href=\"https:\/\/fonts.googleapis.com\" crossorigin>\n<link rel=\"preconnect\" href=\"https:\/\/fonts.gstatic.com\" crossorigin>\n\t\t<meta property=\"og:locale\" content=\"es_ES\" \/>\n\t\t<meta property=\"og:site_name\" content=\"SoyMigrante.com REVISTA \u2013 Nuestra misi\u00f3n es reconocer y dignificar al migrante.\" \/>\n\t\t<meta property=\"og:type\" content=\"article\" \/>\n\t\t<meta property=\"og:title\" content=\"Underdog Leather 502: accesorios de cuero. Est\u00e1n en MERCADO\" \/>\n\t\t<meta property=\"og:description\" content=\"Antonio Milla es un ingeniero en sistemas que tiene una pasi\u00f3n artesanal: la elaboraci\u00f3n de art\u00edculos de cuero, de alta calidad. Abri\u00f3 su tienda digital en MERCADO\" \/>\n\t\t<meta property=\"og:url\" content=\"https:\/\/soymigrante.com\/revista\/underdog-leather-502-habilidad-y-pasion-en-articulos-de-cuero-ya-esta-presente-en-mercado\/\" \/>\n\t\t<meta property=\"og:image\" content=\"https:\/\/soymigrante.com\/revista\/wp-content\/uploads\/2025\/08\/UNDERDOG-LEATHER-antonio-milla-mercado.webp\" \/>\n\t\t<meta property=\"og:image:secure_url\" content=\"https:\/\/soymigrante.com\/revista\/wp-content\/uploads\/2025\/08\/UNDERDOG-LEATHER-antonio-milla-mercado.webp\" \/>\n\t\t<meta property=\"og:image:width\" content=\"1200\" \/>\n\t\t<meta property=\"og:image:height\" content=\"1200\" \/>\n\t\t<meta property=\"article:published_time\" content=\"2025-08-25T18:06:10+00:00\" \/>\n\t\t<meta property=\"article:modified_time\" content=\"2025-08-25T18:06:23+00:00\" \/>\n\t\t<meta property=\"article:publisher\" content=\"https:\/\/www.facebook.com\/soymigrantecom\" \/>\n\t\t<meta name=\"twitter:card\" content=\"summary_large_image\" \/>\n\t\t<meta name=\"twitter:site\" content=\"@SoyMigrante_com\" \/>\n\t\t<meta name=\"twitter:title\" content=\"Underdog Leather 502: accesorios de cuero. Est\u00e1n en MERCADO\" \/>\n\t\t<meta name=\"twitter:description\" content=\"Antonio Milla es un ingeniero en sistemas que tiene una pasi\u00f3n artesanal: la elaboraci\u00f3n de art\u00edculos de cuero, de alta calidad. Abri\u00f3 su tienda digital en MERCADO\" \/>\n\t\t<meta name=\"twitter:creator\" content=\"@SoyMigrante_com\" \/>\n\t\t<meta name=\"twitter:image\" content=\"https:\/\/soymigrante.com\/revista\/wp-content\/uploads\/2025\/08\/UNDERDOG-LEATHER-antonio-milla-mercado.webp\" \/>\n\t\t<!-- All in One SEO Pro -->\r\n\t\t<title>Underdog Leather 502: accesorios de cuero. Est\u00e1n en MERCADO<\/title>\n\n","aioseo_head_json":{"title":"Underdog Leather 502: accesorios de cuero. Est\u00e1n en MERCADO","description":"Antonio Milla es un ingeniero en sistemas que tiene una pasi\u00f3n artesanal: la elaboraci\u00f3n de art\u00edculos de cuero, de alta calidad. Abri\u00f3 su tienda digital en MERCADO","canonical_url":"https:\/\/soymigrante.com\/revista\/underdog-leather-502-habilidad-y-pasion-en-articulos-de-cuero-ya-esta-presente-en-mercado\/","robots":"max-snippet:-1, max-image-preview:large, max-video-preview:-1","keywords":"","webmasterTools":{"miscellaneous":"&lt;link rel=\"preconnect\" href=\"https:\/\/fonts.googleapis.com\" crossorigin&gt;\n&lt;link rel=\"preconnect\" href=\"https:\/\/fonts.gstatic.com\" crossorigin&gt;"},"schema":null,"og:locale":"es_ES","og:site_name":"SoyMigrante.com REVISTA \u2013 Nuestra misi\u00f3n es reconocer y dignificar al migrante.","og:type":"article","og:title":"Underdog Leather 502: accesorios de cuero. Est\u00e1n en MERCADO","og:description":"Antonio Milla es un ingeniero en sistemas que tiene una pasi\u00f3n artesanal: la elaboraci\u00f3n de art\u00edculos de cuero, de alta calidad. Abri\u00f3 su tienda digital en MERCADO","og:url":"https:\/\/soymigrante.com\/revista\/underdog-leather-502-habilidad-y-pasion-en-articulos-de-cuero-ya-esta-presente-en-mercado\/","og:image":"https:\/\/soymigrante.com\/revista\/wp-content\/uploads\/2025\/08\/UNDERDOG-LEATHER-antonio-milla-mercado.webp","og:image:secure_url":"https:\/\/soymigrante.com\/revista\/wp-content\/uploads\/2025\/08\/UNDERDOG-LEATHER-antonio-milla-mercado.webp","og:image:width":1200,"og:image:height":1200,"article:published_time":"2025-08-25T18:06:10+00:00","article:modified_time":"2025-08-25T18:06:23+00:00","article:publisher":"https:\/\/www.facebook.com\/soymigrantecom","twitter:card":"summary_large_image","twitter:site":"@SoyMigrante_com","twitter:title":"Underdog Leather 502: accesorios de cuero. Est\u00e1n en MERCADO","twitter:description":"Antonio Milla es un ingeniero en sistemas que tiene una pasi\u00f3n artesanal: la elaboraci\u00f3n de art\u00edculos de cuero, de alta calidad. Abri\u00f3 su tienda digital en MERCADO","twitter:creator":"@SoyMigrante_com","twitter:image":"https:\/\/soymigrante.com\/revista\/wp-content\/uploads\/2025\/08\/UNDERDOG-LEATHER-antonio-milla-mercado.webp"},"aioseo_meta_data":{"post_id":"34694","title":"Tras 11 a\u00f1os en USA, Maruu Cruz regresa a vivir en Guatemala","description":"Hija de madre guatemalteca y padre cubano, Maruu se fue a USA hace 11 a\u00f1os. Se hizo exitosa emprendedora pero algo le faltaba: Guatemala. Y regres\u00f3. Esta es la historia","keywords":null,"keyphrases":{"focus":{"keyphrase":"Migrante","score":60,"analysis":{"keyphraseInTitle":{"score":3,"maxScore":9,"error":1},"keyphraseInDescription":{"score":3,"maxScore":9,"error":1},"keyphraseLength":{"score":9,"maxScore":9,"error":0,"length":1},"keyphraseInURL":{"score":5,"maxScore":5,"error":0},"keyphraseInIntroduction":{"score":9,"maxScore":9,"error":0},"keyphraseInSubHeadings":{"score":3,"maxScore":9,"error":1},"keyphraseInImageAlt":{"score":9,"maxScore":9,"error":0},"keywordDensity":{"score":0,"type":"low","maxScore":9,"error":1}}},"additional":[{"keyphrase":"Emprendedora","score":67,"analysis":{"keyphraseInDescription":{"score":9,"maxScore":9,"error":0},"keyphraseLength":{"score":9,"maxScore":9,"error":0,"length":1},"keyphraseInIntroduction":{"score":3,"maxScore":9,"error":1},"keyphraseInImageAlt":{"score":9,"maxScore":9,"error":0},"keywordDensity":{"score":0,"type":"low","maxScore":9,"error":1}}},{"keyphrase":"Maruu Cruz","score":67,"analysis":{"keyphraseInDescription":{"score":3,"maxScore":9,"error":1},"keyphraseLength":{"score":9,"maxScore":9,"error":0,"length":2},"keyphraseInIntroduction":{"score":9,"maxScore":9,"error":0},"keyphraseInImageAlt":{"score":9,"maxScore":9,"error":0},"keywordDensity":{"score":0,"type":"low","maxScore":9,"error":1}}},{"keyphrase":"Guatemalteca","score":80,"analysis":{"keyphraseInDescription":{"score":9,"maxScore":9,"error":0},"keyphraseLength":{"score":9,"maxScore":9,"error":0,"length":1},"keyphraseInIntroduction":{"score":9,"maxScore":9,"error":0},"keyphraseInImageAlt":{"score":9,"maxScore":9,"error":0},"keywordDensity":{"score":0,"type":"low","maxScore":9,"error":1}}}]},"primary_term":null,"canonical_url":null,"og_title":null,"og_description":null,"og_object_type":"default","og_image_type":"default","og_image_url":null,"og_image_width":null,"og_image_height":null,"og_image_custom_url":null,"og_image_custom_fields":null,"og_video":"","og_custom_url":null,"og_article_section":null,"og_article_tags":null,"twitter_use_og":false,"twitter_card":"default","twitter_image_type":"default","twitter_image_url":null,"twitter_image_custom_url":null,"twitter_image_custom_fields":null,"twitter_title":null,"twitter_description":null,"schema":{"blockGraphs":[],"customGraphs":[],"default":{"data":{"Article":[],"Course":[],"Dataset":[],"FAQPage":[],"Movie":[],"Person":[],"Product":[],"ProductReview":[],"Car":[],"Recipe":[],"Service":[],"SoftwareApplication":[],"WebPage":[]},"graphName":"none","isEnabled":true},"graphs":[]},"schema_type":"default","schema_type_options":null,"pillar_content":false,"robots_default":true,"robots_noindex":false,"robots_noarchive":false,"robots_nosnippet":false,"robots_nofollow":false,"robots_noimageindex":false,"robots_noodp":false,"robots_notranslate":false,"robots_max_snippet":"-1","robots_max_videopreview":"-1","robots_max_imagepreview":"large","priority":null,"frequency":"default","local_seo":null,"seo_analyzer_scan_date":"2025-10-09 05:27:47","breadcrumb_settings":null,"limit_modified_date":false,"reviewed_by":null,"open_ai":"{\"title\":{\"suggestions\":[],\"usage\":0},\"description\":{\"suggestions\":[],\"usage\":0}}","ai":null,"created":"2025-05-27 18:53:17","updated":"2026-02-04 23:49:36"},"aioseo_breadcrumb":"<div class=\"aioseo-breadcrumbs\"><span class=\"aioseo-breadcrumb\">\n\t<a href=\"https:\/\/soymigrante.com\/revista\" title=\"Home\">Home<\/a>\n<\/span><span class=\"aioseo-breadcrumb-separator\">\u00bb<\/span><span class=\"aioseo-breadcrumb\">\n\t<a href=\"https:\/\/soymigrante.com\/revista\/category\/exitos\/\" title=\"\u00c9xitos\">\u00c9xitos<\/a>\n<\/span><span class=\"aioseo-breadcrumb-separator\">\u00bb<\/span><span class=\"aioseo-breadcrumb\">\n\t<a href=\"https:\/\/soymigrante.com\/revista\/category\/exitos\/guatemala\/\" title=\"Guatemala\">Guatemala<\/a>\n<\/span><span class=\"aioseo-breadcrumb-separator\">\u00bb<\/span><span class=\"aioseo-breadcrumb\">\n\tMigrante, madre y emprendedora Maruu Cruz regres\u00f3 a vivir a Guatemala tras 11 a\u00f1os en USA\n<\/span><\/div>","aioseo_breadcrumb_json":[{"label":"Home","link":"https:\/\/soymigrante.com\/revista"},{"label":"\u00c9xitos","link":"https:\/\/soymigrante.com\/revista\/category\/exitos\/"},{"label":"Guatemala","link":"https:\/\/soymigrante.com\/revista\/category\/exitos\/guatemala\/"},{"label":"Migrante, madre y emprendedora Maruu Cruz regres\u00f3 a vivir a Guatemala tras 11 a\u00f1os en USA","link":"https:\/\/soymigrante.com\/revista\/migrante-madre-y-emprendedora-maruu-cruz-regreso-a-vivir-en-guatemala-tras-11-anos-en-usa\/"}],"_links":{"self":[{"href":"https:\/\/soymigrante.com\/revista\/wp-json\/wp\/v2\/posts\/34694","targetHints":{"allow":["GET"]}}],"collection":[{"href":"https:\/\/soymigrante.com\/revista\/wp-json\/wp\/v2\/posts"}],"about":[{"href":"https:\/\/soymigrante.com\/revista\/wp-json\/wp\/v2\/types\/post"}],"author":[{"embeddable":true,"href":"https:\/\/soymigrante.com\/revista\/wp-json\/wp\/v2\/users\/7"}],"replies":[{"embeddable":true,"href":"https:\/\/soymigrante.com\/revista\/wp-json\/wp\/v2\/comments?post=34694"}],"version-history":[{"count":18,"href":"https:\/\/soymigrante.com\/revista\/wp-json\/wp\/v2\/posts\/34694\/revisions"}],"predecessor-version":[{"id":46681,"href":"https:\/\/soymigrante.com\/revista\/wp-json\/wp\/v2\/posts\/34694\/revisions\/46681"}],"wp:featuredmedia":[{"embeddable":true,"href":"https:\/\/soymigrante.com\/revista\/wp-json\/wp\/v2\/media\/34702"}],"wp:attachment":[{"href":"https:\/\/soymigrante.com\/revista\/wp-json\/wp\/v2\/media?parent=34694"}],"wp:term":[{"taxonomy":"category","embeddable":true,"href":"https:\/\/soymigrante.com\/revista\/wp-json\/wp\/v2\/categories?post=34694"},{"taxonomy":"post_tag","embeddable":true,"href":"https:\/\/soymigrante.com\/revista\/wp-json\/wp\/v2\/tags?post=34694"}],"curies":[{"name":"wp","href":"https:\/\/api.w.org\/{rel}","templated":true}]}}