{"id":3469,"date":"2023-11-24T11:52:17","date_gmt":"2023-11-24T17:52:17","guid":{"rendered":"https:\/\/soymigrante.com\/revista\/?p=3469"},"modified":"2024-07-29T14:04:47","modified_gmt":"2024-07-29T20:04:47","slug":"migrantes-retornados-por-tierra-reciben-apoyo-en-san-marcos","status":"publish","type":"post","link":"https:\/\/soymigrante.com\/revista\/migrantes-retornados-por-tierra-reciben-apoyo-en-san-marcos\/","title":{"rendered":"Migrantes retornados por tierra reciben apoyo en San Marcos"},"content":{"rendered":"\t\t<div data-elementor-type=\"wp-post\" data-elementor-id=\"3469\" class=\"elementor elementor-3469\" data-elementor-post-type=\"post\">\n\t\t\t\t\t\t<section data-particle_enable=\"false\" data-particle-mobile-disabled=\"false\" class=\"elementor-section elementor-top-section elementor-element elementor-element-232737b elementor-section-boxed elementor-section-height-default elementor-section-height-default\" data-id=\"232737b\" data-element_type=\"section\" data-e-type=\"section\">\n\t\t\t\t\t\t<div class=\"elementor-container elementor-column-gap-default\">\n\t\t\t\t\t<div class=\"elementor-column elementor-col-100 elementor-top-column elementor-element elementor-element-5f83166\" data-id=\"5f83166\" data-element_type=\"column\" data-e-type=\"column\">\n\t\t\t<div class=\"elementor-widget-wrap elementor-element-populated\">\n\t\t\t\t\t\t<div class=\"elementor-element elementor-element-e42d010 elementor-widget elementor-widget-heading\" data-id=\"e42d010\" data-element_type=\"widget\" data-e-type=\"widget\" data-widget_type=\"heading.default\">\n\t\t\t\t\t<h1 class=\"elementor-heading-title elementor-size-default\">Entre los migrantes guatemaltecos retornados por tierra de enero a julio 2023, la mayor\u00eda son  originarios de los departamentos de Huehuetenango, San Marcos, Quich\u00e9, Guatemala y Quetzaltenango. La oficina municipal de asuntos migratorios de San Marcos implement\u00f3 un protocolo de atenci\u00f3n.<\/h1>\t\t\t\t<\/div>\n\t\t\t\t\t<\/div>\n\t\t<\/div>\n\t\t\t\t\t<\/div>\n\t\t<\/section>\n\t\t\t\t<section data-particle_enable=\"false\" data-particle-mobile-disabled=\"false\" class=\"elementor-section elementor-top-section elementor-element elementor-element-e9c8fe1 elementor-section-boxed elementor-section-height-default elementor-section-height-default\" data-id=\"e9c8fe1\" data-element_type=\"section\" data-e-type=\"section\">\n\t\t\t\t\t\t<div class=\"elementor-container elementor-column-gap-default\">\n\t\t\t\t\t<div class=\"elementor-column elementor-col-100 elementor-top-column elementor-element elementor-element-f596ea2\" data-id=\"f596ea2\" data-element_type=\"column\" data-e-type=\"column\">\n\t\t\t<div class=\"elementor-widget-wrap\">\n\t\t\t\t\t\t\t<\/div>\n\t\t<\/div>\n\t\t\t\t\t<\/div>\n\t\t<\/section>\n\t\t\t\t<section data-particle_enable=\"false\" data-particle-mobile-disabled=\"false\" class=\"elementor-section elementor-top-section elementor-element elementor-element-b8628f1 elementor-section-boxed elementor-section-height-default elementor-section-height-default\" data-id=\"b8628f1\" data-element_type=\"section\" data-e-type=\"section\">\n\t\t\t\t\t\t<div class=\"elementor-container elementor-column-gap-default\">\n\t\t\t\t\t<div class=\"elementor-column elementor-col-100 elementor-top-column elementor-element elementor-element-f83dd36\" data-id=\"f83dd36\" data-element_type=\"column\" data-e-type=\"column\">\n\t\t\t<div class=\"elementor-widget-wrap elementor-element-populated\">\n\t\t\t\t\t\t<div class=\"elementor-element elementor-element-5efd1cb elementor-widget elementor-widget-heading\" data-id=\"5efd1cb\" data-element_type=\"widget\" data-e-type=\"widget\" data-widget_type=\"heading.default\">\n\t\t\t\t\t<h2 class=\"elementor-heading-title elementor-size-default\">Un servicio para el migrante retornado \n<\/h2>\t\t\t\t<\/div>\n\t\t\t\t\t<\/div>\n\t\t<\/div>\n\t\t\t\t\t<\/div>\n\t\t<\/section>\n\t\t\t\t<section data-particle_enable=\"false\" data-particle-mobile-disabled=\"false\" class=\"elementor-section elementor-top-section elementor-element elementor-element-7ae9e75 elementor-section-boxed elementor-section-height-default elementor-section-height-default\" data-id=\"7ae9e75\" data-element_type=\"section\" data-e-type=\"section\">\n\t\t\t\t\t\t<div class=\"elementor-container elementor-column-gap-default\">\n\t\t\t\t\t<div class=\"elementor-column elementor-col-100 elementor-top-column elementor-element elementor-element-2c4a501\" data-id=\"2c4a501\" data-element_type=\"column\" data-e-type=\"column\">\n\t\t\t<div class=\"elementor-widget-wrap elementor-element-populated\">\n\t\t\t\t\t\t<div class=\"elementor-element elementor-element-72085cf elementor-widget elementor-widget-text-editor\" data-id=\"72085cf\" data-element_type=\"widget\" data-e-type=\"widget\" data-widget_type=\"text-editor.default\">\n\t\t\t\t\t\t\t\t\t<p><span style=\"font-weight: 400;\">Miles de guatemaltecos tienen la necesidad de migrar, algunos no logran su cometido y son retornados a su pa\u00eds de origen, ahora pueden contar con el apoyo local y buscar orientaci\u00f3n y asesor\u00eda.<\/span><\/p><p><span style=\"font-weight: 400;\">La oficina de asuntos migratorios se ubica en el interior de la municipalidad de San Marcos, Guatemala. Busca la asistencia, atenci\u00f3n a la poblaci\u00f3n, orientaci\u00f3n, informaci\u00f3n, capacitaciones y derivaci\u00f3n de casos para migrantes y familias guatemaltecas. La oficina se reapertura en 2018 con la gesti\u00f3n del Consejo Nacional de Atenci\u00f3n al Migrante Guatemala y la municipalidad del lugar.<\/span><\/p><p><span style=\"font-weight: 400;\">En febrero de 2021 el concejo municipal cre\u00f3 la ventanilla de informaci\u00f3n municipal sobre migraci\u00f3n conocida en sus siglas (VIMMIG) con el fin de facilitar el acceso de las personas migrantes a los servicios municipales, independientemente de su estatus migratorio. Dicha ventanilla es liderada por lo municipal y entrelaza informaci\u00f3n en el marco de migraci\u00f3n local, departamental y nacional.\u00a0<\/span><\/p><p><span style=\"font-weight: 400;\">La ventanilla de informaci\u00f3n municipal de migraci\u00f3n promueve la sensibilizaci\u00f3n y concientizaci\u00f3n para la prevenci\u00f3n de la migraci\u00f3n en riesgo. \u201cPor el momento, la VIMMIG se ha enfocado en la migraci\u00f3n de guatemaltecos y no en migrantes extranjeros.\u00a0<\/span><\/p><p><span style=\"font-weight: 400;\">\u201cNosotros estamos trabajando con proyectos con poblaci\u00f3n vulnerable por ejemplo en establecimientos trabajamos prevenci\u00f3n de migraci\u00f3n irregular y tambi\u00e9n con migrantes de retorno, buscamos promover el desarrollo econ\u00f3mico local de las mujeres\u201d Dayana Villegas.<\/span><\/p>\t\t\t\t\t\t\t\t<\/div>\n\t\t\t\t\t<\/div>\n\t\t<\/div>\n\t\t\t\t\t<\/div>\n\t\t<\/section>\n\t\t\t\t<section data-particle_enable=\"false\" data-particle-mobile-disabled=\"false\" class=\"elementor-section elementor-top-section elementor-element elementor-element-60b30f3 elementor-section-boxed elementor-section-height-default elementor-section-height-default\" data-id=\"60b30f3\" data-element_type=\"section\" data-e-type=\"section\">\n\t\t\t\t\t\t<div class=\"elementor-container elementor-column-gap-default\">\n\t\t\t\t\t<div class=\"elementor-column elementor-col-100 elementor-top-column elementor-element elementor-element-9b6cc47\" data-id=\"9b6cc47\" data-element_type=\"column\" data-e-type=\"column\">\n\t\t\t<div class=\"elementor-widget-wrap elementor-element-populated\">\n\t\t\t\t\t\t<div class=\"elementor-element elementor-element-9ea09cc elementor-widget elementor-widget-image\" data-id=\"9ea09cc\" data-element_type=\"widget\" data-e-type=\"widget\" data-widget_type=\"image.default\">\n\t\t\t\t\t\t\t\t\t\t\t\t<figure class=\"wp-caption\">\n\t\t\t\t\t\t\t\t\t\t<img fetchpriority=\"high\" decoding=\"async\" width=\"768\" height=\"416\" src=\"https:\/\/soymigrante.com\/revista\/wp-content\/uploads\/2023\/11\/informacion-y-sensibilizacion-lideresas-de-grupos-organizados-768x416.webp\" class=\"attachment-medium_large size-medium_large wp-image-3466\" alt=\"La oficina de asuntos migratorios promueve diversas actividades de concientizaci\u00f3n a varios sectores de la sociedad para prevenir la migraci\u00f3n irregular.\" srcset=\"https:\/\/soymigrante.com\/revista\/wp-content\/uploads\/2023\/11\/informacion-y-sensibilizacion-lideresas-de-grupos-organizados-768x416.webp 768w, https:\/\/soymigrante.com\/revista\/wp-content\/uploads\/2023\/11\/informacion-y-sensibilizacion-lideresas-de-grupos-organizados-300x163.webp 300w, https:\/\/soymigrante.com\/revista\/wp-content\/uploads\/2023\/11\/informacion-y-sensibilizacion-lideresas-de-grupos-organizados-1024x555.webp 1024w, https:\/\/soymigrante.com\/revista\/wp-content\/uploads\/2023\/11\/informacion-y-sensibilizacion-lideresas-de-grupos-organizados-750x407.webp 750w, https:\/\/soymigrante.com\/revista\/wp-content\/uploads\/2023\/11\/informacion-y-sensibilizacion-lideresas-de-grupos-organizados-1140x618.webp 1140w, https:\/\/soymigrante.com\/revista\/wp-content\/uploads\/2023\/11\/informacion-y-sensibilizacion-lideresas-de-grupos-organizados.webp 1280w\" sizes=\"(max-width: 768px) 100vw, 768px\" title=\"informaci\u00f3n y sensibilizaci\u00f3n lideresas de grupos organizados \u2013 SoyMigrante.com REVISTA\" \/>\t\t\t\t\t\t\t\t\t\t\t<figcaption class=\"widget-image-caption wp-caption-text\">La oficina de asuntos migratorios promueve diversas actividades de concientizaci\u00f3n a varios sectores de la sociedad para prevenir la migraci\u00f3n irregular.<\/figcaption>\n\t\t\t\t\t\t\t\t\t\t<\/figure>\n\t\t\t\t\t\t\t\t\t<\/div>\n\t\t\t\t\t<\/div>\n\t\t<\/div>\n\t\t\t\t\t<\/div>\n\t\t<\/section>\n\t\t\t\t<section data-particle_enable=\"false\" data-particle-mobile-disabled=\"false\" class=\"elementor-section elementor-top-section elementor-element elementor-element-0c8bfce elementor-section-boxed elementor-section-height-default elementor-section-height-default\" data-id=\"0c8bfce\" data-element_type=\"section\" data-e-type=\"section\">\n\t\t\t\t\t\t<div class=\"elementor-container elementor-column-gap-default\">\n\t\t\t\t\t<div class=\"elementor-column elementor-col-100 elementor-top-column elementor-element elementor-element-e124192\" data-id=\"e124192\" data-element_type=\"column\" data-e-type=\"column\">\n\t\t\t<div class=\"elementor-widget-wrap elementor-element-populated\">\n\t\t\t\t\t\t<div class=\"elementor-element elementor-element-211b4e3 elementor-widget elementor-widget-heading\" data-id=\"211b4e3\" data-element_type=\"widget\" data-e-type=\"widget\" data-widget_type=\"heading.default\">\n\t\t\t\t\t<h2 class=\"elementor-heading-title elementor-size-default\">Arte, capacitaci\u00f3n y comunidad\n<\/h2>\t\t\t\t<\/div>\n\t\t\t\t\t<\/div>\n\t\t<\/div>\n\t\t\t\t\t<\/div>\n\t\t<\/section>\n\t\t\t\t<section data-particle_enable=\"false\" data-particle-mobile-disabled=\"false\" class=\"elementor-section elementor-top-section elementor-element elementor-element-a367876 elementor-section-boxed elementor-section-height-default elementor-section-height-default\" data-id=\"a367876\" data-element_type=\"section\" data-e-type=\"section\">\n\t\t\t\t\t\t<div class=\"elementor-container elementor-column-gap-default\">\n\t\t\t\t\t<div class=\"elementor-column elementor-col-100 elementor-top-column elementor-element elementor-element-f4ff63e\" data-id=\"f4ff63e\" data-element_type=\"column\" data-e-type=\"column\">\n\t\t\t<div class=\"elementor-widget-wrap elementor-element-populated\">\n\t\t\t\t\t\t<div class=\"elementor-element elementor-element-addf99f elementor-widget elementor-widget-text-editor\" data-id=\"addf99f\" data-element_type=\"widget\" data-e-type=\"widget\" data-widget_type=\"text-editor.default\">\n\t\t\t\t\t\t\t\t\t<p><span style=\"font-weight: 400;\">La oficina de asuntos migratorios ejecuta varias actividades en el marco de la prevenci\u00f3n en las que se destacan capacitaciones a establecimientos, l\u00edderes y comunidades del municipio de San Marcos.\u00a0<\/span><\/p><p><span style=\"font-weight: 400;\">Tambi\u00e9n la implementaci\u00f3n de campa\u00f1as de concientizaci\u00f3n sobre la migraci\u00f3n. \u201cUno de los prop\u00f3sitos a futuro es dirigir proyectos enfocados a mujeres con el desarrollo econ\u00f3mico local.<\/span><\/p>\t\t\t\t\t\t\t\t<\/div>\n\t\t\t\t\t<\/div>\n\t\t<\/div>\n\t\t\t\t\t<\/div>\n\t\t<\/section>\n\t\t\t\t<section data-particle_enable=\"false\" data-particle-mobile-disabled=\"false\" class=\"elementor-section elementor-top-section elementor-element elementor-element-de387fd elementor-section-boxed elementor-section-height-default elementor-section-height-default\" data-id=\"de387fd\" data-element_type=\"section\" data-e-type=\"section\">\n\t\t\t\t\t\t<div class=\"elementor-container elementor-column-gap-default\">\n\t\t\t\t\t<div class=\"elementor-column elementor-col-100 elementor-top-column elementor-element elementor-element-822eab4\" data-id=\"822eab4\" data-element_type=\"column\" data-e-type=\"column\">\n\t\t\t<div class=\"elementor-widget-wrap elementor-element-populated\">\n\t\t\t\t\t\t<div class=\"elementor-element elementor-element-3be91be elementor-widget elementor-widget-image\" data-id=\"3be91be\" data-element_type=\"widget\" data-e-type=\"widget\" data-widget_type=\"image.default\">\n\t\t\t\t\t\t\t\t\t\t\t\t<figure class=\"wp-caption\">\n\t\t\t\t\t\t\t\t\t\t<img decoding=\"async\" width=\"768\" height=\"516\" src=\"https:\/\/soymigrante.com\/revista\/wp-content\/uploads\/2023\/11\/Los-diplomados-fueron-impartidos-a-cuatro-institutos-del-departamento-de-San-Marcos-Guatemala-e1700694562578-768x516.webp\" class=\"attachment-medium_large size-medium_large wp-image-3462\" alt=\"La oficina de asuntos migratorios ha coordinado con varias instancias del gobierno local para fomentar proyectos en pro de la poblaci\u00f3n migrante retornada\" srcset=\"https:\/\/soymigrante.com\/revista\/wp-content\/uploads\/2023\/11\/Los-diplomados-fueron-impartidos-a-cuatro-institutos-del-departamento-de-San-Marcos-Guatemala-e1700694562578-768x516.webp 768w, https:\/\/soymigrante.com\/revista\/wp-content\/uploads\/2023\/11\/Los-diplomados-fueron-impartidos-a-cuatro-institutos-del-departamento-de-San-Marcos-Guatemala-e1700694562578-300x201.webp 300w, https:\/\/soymigrante.com\/revista\/wp-content\/uploads\/2023\/11\/Los-diplomados-fueron-impartidos-a-cuatro-institutos-del-departamento-de-San-Marcos-Guatemala-e1700694562578-1024x687.webp 1024w, https:\/\/soymigrante.com\/revista\/wp-content\/uploads\/2023\/11\/Los-diplomados-fueron-impartidos-a-cuatro-institutos-del-departamento-de-San-Marcos-Guatemala-e1700694562578-750x503.webp 750w, https:\/\/soymigrante.com\/revista\/wp-content\/uploads\/2023\/11\/Los-diplomados-fueron-impartidos-a-cuatro-institutos-del-departamento-de-San-Marcos-Guatemala-e1700694562578.webp 1080w\" sizes=\"(max-width: 768px) 100vw, 768px\" title=\"Los diplomados fueron impartidos a cuatro institutos del departamento de San Marcos Guatemala \u2013 SoyMigrante.com REVISTA\" \/>\t\t\t\t\t\t\t\t\t\t\t<figcaption class=\"widget-image-caption wp-caption-text\">La oficina de asuntos migratorios ha coordinado con varias instancias del gobierno local para fomentar proyectos en pro de la poblaci\u00f3n migrante retornada<\/figcaption>\n\t\t\t\t\t\t\t\t\t\t<\/figure>\n\t\t\t\t\t\t\t\t\t<\/div>\n\t\t\t\t\t<\/div>\n\t\t<\/div>\n\t\t\t\t\t<\/div>\n\t\t<\/section>\n\t\t\t\t<section data-particle_enable=\"false\" data-particle-mobile-disabled=\"false\" class=\"elementor-section elementor-top-section elementor-element elementor-element-5b6fcb2 elementor-section-boxed elementor-section-height-default elementor-section-height-default\" data-id=\"5b6fcb2\" data-element_type=\"section\" data-e-type=\"section\">\n\t\t\t\t\t\t<div class=\"elementor-container elementor-column-gap-default\">\n\t\t\t\t\t<div class=\"elementor-column elementor-col-100 elementor-top-column elementor-element elementor-element-0fe52e7\" data-id=\"0fe52e7\" data-element_type=\"column\" data-e-type=\"column\">\n\t\t\t<div class=\"elementor-widget-wrap elementor-element-populated\">\n\t\t\t\t\t\t<div class=\"elementor-element elementor-element-b50bcbb elementor-widget elementor-widget-text-editor\" data-id=\"b50bcbb\" data-element_type=\"widget\" data-e-type=\"widget\" data-widget_type=\"text-editor.default\">\n\t\t\t\t\t\t\t\t\t<p><span style=\"font-weight: 400;\">Adem\u00e1s, la oficina de asuntos migratorios ha sido el enlace para identificar a migrantes retornados para pertenecer a los diferentes proyectos como las certificaciones de nuevas oportunidades y emprendimientos para poder optar al capital semilla.<\/span><\/p><p><span style=\"font-weight: 400;\">La elaboraci\u00f3n de murales han sido una de las actividades que involucra a ni\u00f1os, ni\u00f1as y j\u00f3venes tienen como fin ser una estrategia de comunicaci\u00f3n art\u00edstica, los murales plasman los riesgos de una migraci\u00f3n irregular \u201cUno de los murales se encuentra ubicado en la pared de correos del municipio.\u00a0<\/span><\/p><p><span style=\"font-weight: 400;\">\u201cSan Marcos es el segundo departamento con m\u00e1s alto \u00edndice de migrantes de retornados durante el a\u00f1o 2022 oscilaban entre 600 personas para el a\u00f1o 2023 va en aumento entre 1000 personas entonces estamos viendo un cambio de comportamiento en la movilidad humana sobre todo de retorno\u201d\u00a0<\/span><\/p><p><span style=\"font-weight: 400;\">Actualmente se trabaj\u00f3 en un protocolo de atenci\u00f3n a migrantes \u201cTiene como objetivo ser una herramienta que permita la coordinaci\u00f3n y referenciaci\u00f3n de casos de poblaci\u00f3n migrante vulnerable que atiende la Oficina de Asuntos Migratorios con otras instituciones que trabajen migraci\u00f3n dentro del municipio\u201d<\/span><\/p>\t\t\t\t\t\t\t\t<\/div>\n\t\t\t\t\t<\/div>\n\t\t<\/div>\n\t\t\t\t\t<\/div>\n\t\t<\/section>\n\t\t\t\t<section data-particle_enable=\"false\" data-particle-mobile-disabled=\"false\" class=\"elementor-section elementor-top-section elementor-element elementor-element-926ca9e elementor-section-boxed elementor-section-height-default elementor-section-height-default\" data-id=\"926ca9e\" data-element_type=\"section\" data-e-type=\"section\">\n\t\t\t\t\t\t<div class=\"elementor-container elementor-column-gap-default\">\n\t\t\t\t\t<div class=\"elementor-column elementor-col-100 elementor-top-column elementor-element elementor-element-13007d6\" data-id=\"13007d6\" data-element_type=\"column\" data-e-type=\"column\">\n\t\t\t<div class=\"elementor-widget-wrap elementor-element-populated\">\n\t\t\t\t\t\t<div class=\"elementor-element elementor-element-bd7c473 elementor-arrows-position-inside elementor-pagination-position-outside elementor-widget elementor-widget-image-carousel\" data-id=\"bd7c473\" data-element_type=\"widget\" data-e-type=\"widget\" data-settings=\"{&quot;slides_to_show&quot;:&quot;1&quot;,&quot;navigation&quot;:&quot;both&quot;,&quot;autoplay&quot;:&quot;yes&quot;,&quot;pause_on_hover&quot;:&quot;yes&quot;,&quot;pause_on_interaction&quot;:&quot;yes&quot;,&quot;autoplay_speed&quot;:5000,&quot;infinite&quot;:&quot;yes&quot;,&quot;effect&quot;:&quot;slide&quot;,&quot;speed&quot;:500}\" data-widget_type=\"image-carousel.default\">\n\t\t\t\t\t\t\t<div class=\"elementor-image-carousel-wrapper swiper\" role=\"region\" aria-roledescription=\"carousel\" aria-label=\"Carrusel de im\u00e1genes\" dir=\"ltr\">\n\t\t\t<div class=\"elementor-image-carousel swiper-wrapper\" aria-live=\"off\">\n\t\t\t\t\t\t\t\t<div class=\"swiper-slide\" role=\"group\" aria-roledescription=\"slide\" aria-label=\"1 de 6\"><figure class=\"swiper-slide-inner\"><img decoding=\"async\" class=\"swiper-slide-image\" src=\"https:\/\/soymigrante.com\/revista\/wp-content\/uploads\/2023\/11\/Entrega-de-protocolo-300x300.webp\" alt=\"Entrega de protocolo municipal institucional de atenci\u00f3n a migrantes de San Marcos a autoridades claves para la atenci\u00f3n a este sector\" \/><figcaption class=\"elementor-image-carousel-caption\">Entrega de protocolo municipal institucional de atenci\u00f3n a migrantes de San Marcos a autoridades claves para la atenci\u00f3n a este sector <\/figcaption><\/figure><\/div><div class=\"swiper-slide\" role=\"group\" aria-roledescription=\"slide\" aria-label=\"2 de 6\"><figure class=\"swiper-slide-inner\"><img decoding=\"async\" class=\"swiper-slide-image\" src=\"https:\/\/soymigrante.com\/revista\/wp-content\/uploads\/2023\/11\/Diplomado-de-prevencion-300x300.webp\" alt=\"Clausura diplomado de migraci\u00f3n segura con estudiantes del nivel b\u00e1sico\" \/><figcaption class=\"elementor-image-carousel-caption\">Clausura diplomado de migraci\u00f3n segura con estudiantes del nivel b\u00e1sico<\/figcaption><\/figure><\/div><div class=\"swiper-slide\" role=\"group\" aria-roledescription=\"slide\" aria-label=\"3 de 6\"><figure class=\"swiper-slide-inner\"><img decoding=\"async\" class=\"swiper-slide-image\" src=\"https:\/\/soymigrante.com\/revista\/wp-content\/uploads\/2023\/11\/Taler-de-sencibilizacion-300x300.webp\" alt=\"sensibilizar a los participantes, partiendo de historias de vida en el centro, como consecuencia de la migraci\u00f3n irregular.\" \/><figcaption class=\"elementor-image-carousel-caption\">sensibilizar a los participantes, partiendo de historias de vida en el centro, como consecuencia de la migraci\u00f3n irregular.<\/figcaption><\/figure><\/div><div class=\"swiper-slide\" role=\"group\" aria-roledescription=\"slide\" aria-label=\"4 de 6\"><figure class=\"swiper-slide-inner\"><img decoding=\"async\" class=\"swiper-slide-image\" src=\"https:\/\/soymigrante.com\/revista\/wp-content\/uploads\/2023\/11\/Taller-de-sencibilizacion-con-jovenes-300x300.webp\" alt=\"charla informativa sobre \u201cPoblaci\u00f3n Migrante en Situaci\u00f3n Vulnerable\u201d a j\u00f3venes de Iglesia Evang\u00e9lica Prof\u00e9tica; el objetivo fue sensibilizar y promover derechos b\u00e1sicos del migrante dentro del municipio de San Marcos.\" \/><figcaption class=\"elementor-image-carousel-caption\">charla informativa sobre \u201cPoblaci\u00f3n Migrante en Situaci\u00f3n Vulnerable\u201d a j\u00f3venes de Iglesia Evang\u00e9lica Prof\u00e9tica; el objetivo fue sensibilizar y promover derechos b\u00e1sicos del migrante dentro del municipio de San Marcos.<\/figcaption><\/figure><\/div><div class=\"swiper-slide\" role=\"group\" aria-roledescription=\"slide\" aria-label=\"5 de 6\"><figure class=\"swiper-slide-inner\"><img decoding=\"async\" class=\"swiper-slide-image\" src=\"https:\/\/soymigrante.com\/revista\/wp-content\/uploads\/2023\/11\/2-300x300.webp\" alt=\"J\u00f3venes del nivel obtuvieron conocimiento en asuntos migratorios\" \/><figcaption class=\"elementor-image-carousel-caption\">J\u00f3venes del nivel obtuvieron conocimiento en asuntos migratorios<\/figcaption><\/figure><\/div><div class=\"swiper-slide\" role=\"group\" aria-roledescription=\"slide\" aria-label=\"6 de 6\"><figure class=\"swiper-slide-inner\"><img decoding=\"async\" class=\"swiper-slide-image\" src=\"https:\/\/soymigrante.com\/revista\/wp-content\/uploads\/2023\/11\/1-300x300.webp\" alt=\"Consejeros en migraci\u00f3n, representantes de la Comisi\u00f3n de Asuntos Migratorios y delegados de la municipalidad de San, participan en gira educativa para comprender el protocolo de atenci\u00f3n al migrante retornado por v\u00eda terrestre\" \/><figcaption class=\"elementor-image-carousel-caption\">Consejeros en migraci\u00f3n, representantes de la Comisi\u00f3n de Asuntos Migratorios y delegados de la municipalidad de San, participan en gira educativa para comprender el protocolo de atenci\u00f3n al migrante retornado por v\u00eda terrestre<\/figcaption><\/figure><\/div>\t\t\t<\/div>\n\t\t\t\t\t\t\t\t\t\t\t\t<div class=\"elementor-swiper-button elementor-swiper-button-prev\" role=\"button\" tabindex=\"0\">\n\t\t\t\t\t\t<i aria-hidden=\"true\" class=\"eicon-chevron-left\"><\/i>\t\t\t\t\t<\/div>\n\t\t\t\t\t<div class=\"elementor-swiper-button elementor-swiper-button-next\" role=\"button\" tabindex=\"0\">\n\t\t\t\t\t\t<i aria-hidden=\"true\" class=\"eicon-chevron-right\"><\/i>\t\t\t\t\t<\/div>\n\t\t\t\t\n\t\t\t\t\t\t\t\t\t<div class=\"swiper-pagination\"><\/div>\n\t\t\t\t\t\t\t\t\t<\/div>\n\t\t\t\t\t\t<\/div>\n\t\t\t\t\t<\/div>\n\t\t<\/div>\n\t\t\t\t\t<\/div>\n\t\t<\/section>\n\t\t\t\t<section data-particle_enable=\"false\" data-particle-mobile-disabled=\"false\" class=\"elementor-section elementor-top-section elementor-element elementor-element-c420529 elementor-section-boxed elementor-section-height-default elementor-section-height-default\" data-id=\"c420529\" data-element_type=\"section\" data-e-type=\"section\">\n\t\t\t\t\t\t<div class=\"elementor-container elementor-column-gap-default\">\n\t\t\t\t\t<div class=\"elementor-column elementor-col-100 elementor-top-column elementor-element elementor-element-52dd162\" data-id=\"52dd162\" data-element_type=\"column\" data-e-type=\"column\">\n\t\t\t<div class=\"elementor-widget-wrap elementor-element-populated\">\n\t\t\t\t\t\t<div class=\"elementor-element elementor-element-bfeda17 elementor-widget elementor-widget-heading\" data-id=\"bfeda17\" data-element_type=\"widget\" data-e-type=\"widget\" data-widget_type=\"heading.default\">\n\t\t\t\t\t<h2 class=\"elementor-heading-title elementor-size-default\">En 2020 se implement\u00f3 la Campa\u00f1a \u201cPensalo dos veces\u201d que busca alertar sobre los riesgos de la migraci\u00f3n irregular como los fraudes y estafas, proceso acompa\u00f1ado de talleres de sensibilizaci\u00f3n. <\/h2>\t\t\t\t<\/div>\n\t\t\t\t\t<\/div>\n\t\t<\/div>\n\t\t\t\t\t<\/div>\n\t\t<\/section>\n\t\t\t\t<section data-particle_enable=\"false\" data-particle-mobile-disabled=\"false\" class=\"elementor-section elementor-top-section elementor-element elementor-element-25b134d elementor-section-boxed elementor-section-height-default elementor-section-height-default\" data-id=\"25b134d\" data-element_type=\"section\" data-e-type=\"section\">\n\t\t\t\t\t\t<div class=\"elementor-container elementor-column-gap-default\">\n\t\t\t\t\t<div class=\"elementor-column elementor-col-100 elementor-top-column elementor-element elementor-element-277dc69\" data-id=\"277dc69\" data-element_type=\"column\" data-e-type=\"column\">\n\t\t\t<div class=\"elementor-widget-wrap elementor-element-populated\">\n\t\t\t\t\t\t<div class=\"elementor-element elementor-element-105a5a1 elementor-widget elementor-widget-video\" data-id=\"105a5a1\" data-element_type=\"widget\" data-e-type=\"widget\" data-settings=\"{&quot;youtube_url&quot;:&quot;https:\\\/\\\/www.youtube.com\\\/watch?v=cN1YLR9R290&quot;,&quot;autoplay&quot;:&quot;yes&quot;,&quot;video_type&quot;:&quot;youtube&quot;}\" data-widget_type=\"video.default\">\n\t\t\t\t\t\t\t<div class=\"elementor-wrapper elementor-open-inline\">\n\t\t\t<div class=\"elementor-video\"><\/div>\t\t<\/div>\n\t\t\t\t\t\t<\/div>\n\t\t\t\t\t<\/div>\n\t\t<\/div>\n\t\t\t\t\t<\/div>\n\t\t<\/section>\n\t\t\t\t<section data-particle_enable=\"false\" data-particle-mobile-disabled=\"false\" class=\"elementor-section elementor-top-section elementor-element elementor-element-4674393 elementor-section-boxed elementor-section-height-default elementor-section-height-default\" data-id=\"4674393\" data-element_type=\"section\" data-e-type=\"section\">\n\t\t\t\t\t\t<div class=\"elementor-container elementor-column-gap-default\">\n\t\t\t\t\t<div class=\"elementor-column elementor-col-100 elementor-top-column elementor-element elementor-element-5c9784e\" data-id=\"5c9784e\" data-element_type=\"column\" data-e-type=\"column\">\n\t\t\t<div class=\"elementor-widget-wrap elementor-element-populated\">\n\t\t\t\t\t\t<div class=\"elementor-element elementor-element-a5a2cf3 elementor-widget elementor-widget-heading\" data-id=\"a5a2cf3\" data-element_type=\"widget\" data-e-type=\"widget\" data-widget_type=\"heading.default\">\n\t\t\t\t\t<h2 class=\"elementor-heading-title elementor-size-default\">Combate a la vulnerabilidad y la trata\n<\/h2>\t\t\t\t<\/div>\n\t\t\t\t\t<\/div>\n\t\t<\/div>\n\t\t\t\t\t<\/div>\n\t\t<\/section>\n\t\t\t\t<section data-particle_enable=\"false\" data-particle-mobile-disabled=\"false\" class=\"elementor-section elementor-top-section elementor-element elementor-element-a3bf75c elementor-section-boxed elementor-section-height-default elementor-section-height-default\" data-id=\"a3bf75c\" data-element_type=\"section\" data-e-type=\"section\">\n\t\t\t\t\t\t<div class=\"elementor-container elementor-column-gap-default\">\n\t\t\t\t\t<div class=\"elementor-column elementor-col-100 elementor-top-column elementor-element elementor-element-562b675\" data-id=\"562b675\" data-element_type=\"column\" data-e-type=\"column\">\n\t\t\t<div class=\"elementor-widget-wrap elementor-element-populated\">\n\t\t\t\t\t\t<div class=\"elementor-element elementor-element-84be485 elementor-widget elementor-widget-text-editor\" data-id=\"84be485\" data-element_type=\"widget\" data-e-type=\"widget\" data-widget_type=\"text-editor.default\">\n\t\t\t\t\t\t\t\t\t<p><span style=\"font-weight: 400;\">Si bien la oficina de asuntos migratorios busca prevenir la migraci\u00f3n irregular. Tambi\u00e9n pretende ampliar la atenci\u00f3n en asistencia y protecci\u00f3n a efecto de salvaguardar la integridad de los migrantes. \u201cDe esa cuenta, establece procesos para brindar asistencia de albergue, alimentaci\u00f3n, atenci\u00f3n en salud, agua, higiene y saneamiento\u201d indic\u00f3 Jos\u00e9 Luis V\u00e1squez, gobernador de San Marcos.<\/span><\/p><p><span style=\"font-weight: 400;\">Este espacio brindar\u00e1 atenci\u00f3n y seguimiento a migrantes guatemaltecos, de tal forma se evitar\u00e1 que las personas sean vulnerables a trata o tr\u00e1fico de personas. La atenci\u00f3n hacia los migrantes retornados ser\u00e1 a trav\u00e9s de la coordinaci\u00f3n con instancias y gobiernos locales.\u00a0<\/span><\/p><p><span style=\"font-weight: 400;\">Adem\u00e1s la atenci\u00f3n es dirigida para las personas que hayan migrado y no obtuvieron asistencia como tambi\u00e9n lograr informaci\u00f3n sobre talleres y procesos de formaci\u00f3n como las certificaciones y cursos de emprendimiento local.<\/span><\/p>\t\t\t\t\t\t\t\t<\/div>\n\t\t\t\t\t<\/div>\n\t\t<\/div>\n\t\t\t\t\t<\/div>\n\t\t<\/section>\n\t\t\t\t<section data-particle_enable=\"false\" data-particle-mobile-disabled=\"false\" class=\"elementor-section elementor-top-section elementor-element elementor-element-2bb99da elementor-section-boxed elementor-section-height-default elementor-section-height-default\" data-id=\"2bb99da\" data-element_type=\"section\" data-e-type=\"section\">\n\t\t\t\t\t\t<div class=\"elementor-container elementor-column-gap-default\">\n\t\t\t\t\t<div class=\"elementor-column elementor-col-100 elementor-top-column elementor-element elementor-element-8d90c1e\" data-id=\"8d90c1e\" data-element_type=\"column\" data-e-type=\"column\">\n\t\t\t<div class=\"elementor-widget-wrap elementor-element-populated\">\n\t\t\t\t\t\t<div class=\"elementor-element elementor-element-203ecf4 elementor-widget elementor-widget-image\" data-id=\"203ecf4\" data-element_type=\"widget\" data-e-type=\"widget\" data-widget_type=\"image.default\">\n\t\t\t\t\t\t\t\t\t\t\t\t<figure class=\"wp-caption\">\n\t\t\t\t\t\t\t\t\t\t<img decoding=\"async\" width=\"768\" height=\"517\" src=\"https:\/\/soymigrante.com\/revista\/wp-content\/uploads\/2023\/11\/A-traves-de-la-oficina-de-asuntos-migratorios-en-coordinacion-con-otras-dependencias-se-realizo-la-gestion-y-entrega-de-protocolo-municipal-interinstitucional-768x517.webp\" class=\"attachment-medium_large size-medium_large wp-image-3468\" alt=\"Entrega de protocolo municipal institucional de atenci\u00f3n a migrantes de San Marcos a autoridades claves para la atenci\u00f3n a este sector\" srcset=\"https:\/\/soymigrante.com\/revista\/wp-content\/uploads\/2023\/11\/A-traves-de-la-oficina-de-asuntos-migratorios-en-coordinacion-con-otras-dependencias-se-realizo-la-gestion-y-entrega-de-protocolo-municipal-interinstitucional-768x517.webp 768w, https:\/\/soymigrante.com\/revista\/wp-content\/uploads\/2023\/11\/A-traves-de-la-oficina-de-asuntos-migratorios-en-coordinacion-con-otras-dependencias-se-realizo-la-gestion-y-entrega-de-protocolo-municipal-interinstitucional-300x202.webp 300w, https:\/\/soymigrante.com\/revista\/wp-content\/uploads\/2023\/11\/A-traves-de-la-oficina-de-asuntos-migratorios-en-coordinacion-con-otras-dependencias-se-realizo-la-gestion-y-entrega-de-protocolo-municipal-interinstitucional-750x505.webp 750w, https:\/\/soymigrante.com\/revista\/wp-content\/uploads\/2023\/11\/A-traves-de-la-oficina-de-asuntos-migratorios-en-coordinacion-con-otras-dependencias-se-realizo-la-gestion-y-entrega-de-protocolo-municipal-interinstitucional.webp 907w\" sizes=\"(max-width: 768px) 100vw, 768px\" title=\"A trav\u00e9s de la oficina de asuntos migratorios en coordinaci\u00f3n con otras dependencias se realizo la gesti\u00f3n y entrega de protocolo municipal interinstitucional \u2013 SoyMigrante.com REVISTA\" \/>\t\t\t\t\t\t\t\t\t\t\t<figcaption class=\"widget-image-caption wp-caption-text\">Entrega de protocolo municipal institucional de atenci\u00f3n a migrantes de San Marcos a autoridades claves para la atenci\u00f3n a este sector <\/figcaption>\n\t\t\t\t\t\t\t\t\t\t<\/figure>\n\t\t\t\t\t\t\t\t\t<\/div>\n\t\t\t\t\t<\/div>\n\t\t<\/div>\n\t\t\t\t\t<\/div>\n\t\t<\/section>\n\t\t\t\t<section data-particle_enable=\"false\" data-particle-mobile-disabled=\"false\" class=\"elementor-section elementor-top-section elementor-element elementor-element-63687e8 elementor-section-boxed elementor-section-height-default elementor-section-height-default\" data-id=\"63687e8\" data-element_type=\"section\" data-e-type=\"section\">\n\t\t\t\t\t\t<div class=\"elementor-container elementor-column-gap-default\">\n\t\t\t\t\t<div class=\"elementor-column elementor-col-100 elementor-top-column elementor-element elementor-element-97f7051\" data-id=\"97f7051\" data-element_type=\"column\" data-e-type=\"column\">\n\t\t\t<div class=\"elementor-widget-wrap\">\n\t\t\t\t\t\t\t<\/div>\n\t\t<\/div>\n\t\t\t\t\t<\/div>\n\t\t<\/section>\n\t\t\t\t<section data-particle_enable=\"false\" data-particle-mobile-disabled=\"false\" class=\"elementor-section elementor-top-section elementor-element elementor-element-e5c806e elementor-section-boxed elementor-section-height-default elementor-section-height-default\" data-id=\"e5c806e\" data-element_type=\"section\" data-e-type=\"section\">\n\t\t\t\t\t\t<div class=\"elementor-container elementor-column-gap-default\">\n\t\t\t\t\t<div class=\"elementor-column elementor-col-100 elementor-top-column elementor-element elementor-element-9cede50\" data-id=\"9cede50\" data-element_type=\"column\" data-e-type=\"column\">\n\t\t\t<div class=\"elementor-widget-wrap elementor-element-populated\">\n\t\t\t\t\t\t<div class=\"elementor-element elementor-element-3e6681b elementor-widget elementor-widget-heading\" data-id=\"3e6681b\" data-element_type=\"widget\" data-e-type=\"widget\" data-widget_type=\"heading.default\">\n\t\t\t\t\t<h2 class=\"elementor-heading-title elementor-size-default\">Para m\u00e1s informaci\u00f3n<\/h2>\t\t\t\t<\/div>\n\t\t\t\t\t<\/div>\n\t\t<\/div>\n\t\t\t\t\t<\/div>\n\t\t<\/section>\n\t\t\t\t<section data-particle_enable=\"false\" data-particle-mobile-disabled=\"false\" class=\"elementor-section elementor-top-section elementor-element elementor-element-2baffd0 elementor-section-boxed elementor-section-height-default elementor-section-height-default\" data-id=\"2baffd0\" data-element_type=\"section\" data-e-type=\"section\">\n\t\t\t\t\t\t<div class=\"elementor-container elementor-column-gap-default\">\n\t\t\t\t\t<div class=\"elementor-column elementor-col-100 elementor-top-column elementor-element elementor-element-44904b4\" data-id=\"44904b4\" data-element_type=\"column\" data-e-type=\"column\">\n\t\t\t<div class=\"elementor-widget-wrap elementor-element-populated\">\n\t\t\t\t\t\t<div class=\"elementor-element elementor-element-89cfb04 elementor-widget elementor-widget-facebook-page\" data-id=\"89cfb04\" data-element_type=\"widget\" data-e-type=\"widget\" data-widget_type=\"facebook-page.default\">\n\t\t\t\t\t<div class=\"elementor-facebook-widget fb-page\" data-href=\"https:\/\/www.facebook.com\/munism2024?mibextid=kFxxJD\" data-tabs=\"timeline\" data-height=\"500px\" data-width=\"500px\" data-small-header=\"false\" data-hide-cover=\"false\" data-show-facepile=\"true\" data-hide-cta=\"false\" style=\"min-height: 1px;height:500px\"><\/div>\t\t\t\t<\/div>\n\t\t\t\t\t<\/div>\n\t\t<\/div>\n\t\t\t\t\t<\/div>\n\t\t<\/section>\n\t\t\t\t<section data-particle_enable=\"false\" data-particle-mobile-disabled=\"false\" class=\"elementor-section elementor-top-section elementor-element elementor-element-87ea1ad elementor-section-boxed elementor-section-height-default elementor-section-height-default\" data-id=\"87ea1ad\" data-element_type=\"section\" data-e-type=\"section\">\n\t\t\t\t\t\t<div class=\"elementor-container elementor-column-gap-default\">\n\t\t\t\t\t<div class=\"elementor-column elementor-col-100 elementor-top-column elementor-element elementor-element-d231f6b\" data-id=\"d231f6b\" data-element_type=\"column\" data-e-type=\"column\">\n\t\t\t<div class=\"elementor-widget-wrap elementor-element-populated\">\n\t\t\t\t\t\t<div class=\"elementor-element elementor-element-528281f elementor-widget elementor-widget-blfe-post-grid\" data-id=\"528281f\" data-element_type=\"widget\" data-e-type=\"widget\" data-settings=\"{&quot;columns&quot;:&quot;3&quot;,&quot;columns_tablet&quot;:&quot;6&quot;,&quot;columns_mobile&quot;:&quot;12&quot;,&quot;classic2_slides_to_show&quot;:3,&quot;classic2_slides_to_show_tablet&quot;:2,&quot;classic2_slides_to_show_mobile&quot;:1,&quot;classic2_autoplay&quot;:&quot;yes&quot;,&quot;classic2_autoplay_speed&quot;:5000,&quot;classic2_pause_on_hover&quot;:&quot;no&quot;,&quot;classic2_loop&quot;:&quot;yes&quot;,&quot;classic2_animation_speed&quot;:200,&quot;classic2_navigation&quot;:&quot;dots&quot;,&quot;classic2_carousel_arrow_size&quot;:{&quot;unit&quot;:&quot;px&quot;,&quot;size&quot;:&quot;&quot;,&quot;sizes&quot;:[]},&quot;classic2_carousel_arrow_size_tablet&quot;:{&quot;unit&quot;:&quot;px&quot;,&quot;size&quot;:&quot;&quot;,&quot;sizes&quot;:[]},&quot;classic2_carousel_arrow_size_mobile&quot;:{&quot;unit&quot;:&quot;px&quot;,&quot;size&quot;:&quot;&quot;,&quot;sizes&quot;:[]},&quot;classic2_carousel_arrow_height&quot;:{&quot;unit&quot;:&quot;px&quot;,&quot;size&quot;:&quot;&quot;,&quot;sizes&quot;:[]},&quot;classic2_carousel_arrow_height_tablet&quot;:{&quot;unit&quot;:&quot;px&quot;,&quot;size&quot;:&quot;&quot;,&quot;sizes&quot;:[]},&quot;classic2_carousel_arrow_height_mobile&quot;:{&quot;unit&quot;:&quot;px&quot;,&quot;size&quot;:&quot;&quot;,&quot;sizes&quot;:[]},&quot;classic2_carousel_arrow_width&quot;:{&quot;unit&quot;:&quot;px&quot;,&quot;size&quot;:&quot;&quot;,&quot;sizes&quot;:[]},&quot;classic2_carousel_arrow_width_tablet&quot;:{&quot;unit&quot;:&quot;px&quot;,&quot;size&quot;:&quot;&quot;,&quot;sizes&quot;:[]},&quot;classic2_carousel_arrow_width_mobile&quot;:{&quot;unit&quot;:&quot;px&quot;,&quot;size&quot;:&quot;&quot;,&quot;sizes&quot;:[]},&quot;classic2_carousel_dots_size&quot;:{&quot;unit&quot;:&quot;px&quot;,&quot;size&quot;:&quot;&quot;,&quot;sizes&quot;:[]},&quot;classic2_carousel_dots_size_tablet&quot;:{&quot;unit&quot;:&quot;px&quot;,&quot;size&quot;:&quot;&quot;,&quot;sizes&quot;:[]},&quot;classic2_carousel_dots_size_mobile&quot;:{&quot;unit&quot;:&quot;px&quot;,&quot;size&quot;:&quot;&quot;,&quot;sizes&quot;:[]}}\" data-widget_type=\"blfe-post-grid.classic2\">\n\t\t\t\t<div class=\"elementor-widget-container\">\n\t\t\t\t\t\n            \n                <div data-skin=\"classic2\" class=\"blfe-row blfe-posts-inner blfe-classic2      blfe-carousel  \">\n                            <div class=\"blfe-post-grid-item blfe-equal-height\">\n            <div class=\"blfe-post-grid-item-inner blfe-zoom\">\n                <a class=\"blfe-post-grid-image\" href=\"https:\/\/soymigrante.com\/revista\/miss-gualan-usa-coronacion-imprevisto-guatemaltecos-en-estados-unidos-union-abril-2026\/\" title=\"Un imprevisto en la coronaci\u00f3n de Miss Gualan U.S.A. 2026 en Los Angeles hizo brillar la uni\u00f3n guatemalteca\" rel=\"nofollow\" target=\"_blank\"><img decoding=\"async\" src=\"https:\/\/soymigrante.com\/revista\/wp-content\/uploads\/2026\/04\/guatemaltecos-en-Estados-Unidos-miss-gualan-USA-coronacion-5.jpg\" alt=\"Un imprevisto en la coronaci\u00f3n de Miss Gualan U.S.A. 2026 en Los Angeles hizo brillar la uni\u00f3n guatemalteca\"\/><\/a>                <span class=\"blfe-post-category\"><a href=\"https:\/\/soymigrante.com\/revista\/category\/estamos-unidos\/\">Estamos Unidos<\/a><\/span>                <div class=\"blfe-post-grid-details\">\n                    <div class=\"blfe-post-grid-details-inner\">\n                        <h3 class=\"blfe-post-grid-title\">\n            <a href=\"https:\/\/soymigrante.com\/revista\/miss-gualan-usa-coronacion-imprevisto-guatemaltecos-en-estados-unidos-union-abril-2026\/\" title=\"Un imprevisto en la coronaci\u00f3n de Miss Gualan U.S.A. 2026 en Los Angeles hizo brillar la uni\u00f3n guatemalteca\" rel=\"nofollow\" target=\"_blank\">Un imprevisto en la coronaci\u00f3n de Miss Gualan U.S.A. 2026 en Los Angeles hizo brillar la uni\u00f3n guatemalteca<\/a>\n            <\/h3>                                                            <div class=\"blfe-post-grid-meta\">\n                <span class=\"blfe-post-grid-author\"><i class=\"fa fa-user far fa-user\"><\/i>by <a href=\"https:\/\/soymigrante.com\/revista\/author\/soymigrante\/\">SoyMigrante.com REVISTA<\/a><\/span><span class=\"blfe-post-grid-date\"><i class=\"fa fa-calendar-alt far fa-calendar-alt\"><\/i>27\/04\/2026<\/span>            <\/div>\n                                                        <\/div>\n                <\/div>\n\n            <\/div>\n        <\/div>\n                <div class=\"blfe-post-grid-item blfe-equal-height\">\n            <div class=\"blfe-post-grid-item-inner blfe-zoom\">\n                <a class=\"blfe-post-grid-image\" href=\"https:\/\/soymigrante.com\/revista\/cantautora-migrante-guatemalteca-wendy-dgi-crea-cancion-desafiante-la-envidia\/\" title=\"&#8220;La Envidia&#8221;: cantautora migrante guatemalteca Wendy DGi crea una canci\u00f3n desafiante\" rel=\"nofollow\" target=\"_blank\"><img decoding=\"async\" src=\"https:\/\/soymigrante.com\/revista\/wp-content\/uploads\/2026\/04\/wendy-DGi-cantautora-migrante-guatemalteca-en-nueva-york-copia.jpg\" alt=\"&#8220;La Envidia&#8221;: cantautora migrante guatemalteca Wendy DGi crea una canci\u00f3n desafiante\"\/><\/a>                <span class=\"blfe-post-category\"><a href=\"https:\/\/soymigrante.com\/revista\/category\/estamos-unidos\/lugar-de-voces\/\">Lugar de Voces<\/a><\/span>                <div class=\"blfe-post-grid-details\">\n                    <div class=\"blfe-post-grid-details-inner\">\n                        <h3 class=\"blfe-post-grid-title\">\n            <a href=\"https:\/\/soymigrante.com\/revista\/cantautora-migrante-guatemalteca-wendy-dgi-crea-cancion-desafiante-la-envidia\/\" title=\"&#8220;La Envidia&#8221;: cantautora migrante guatemalteca Wendy DGi crea una canci\u00f3n desafiante\" rel=\"nofollow\" target=\"_blank\">&#8220;La Envidia&#8221;: cantautora migrante guatemalteca Wendy DGi crea una canci\u00f3n desafiante<\/a>\n            <\/h3>                                                            <div class=\"blfe-post-grid-meta\">\n                <span class=\"blfe-post-grid-author\"><i class=\"fa fa-user far fa-user\"><\/i>by <a href=\"https:\/\/soymigrante.com\/revista\/author\/soymigrante\/\">SoyMigrante.com REVISTA<\/a><\/span><span class=\"blfe-post-grid-date\"><i class=\"fa fa-calendar-alt far fa-calendar-alt\"><\/i>24\/04\/2026<\/span>            <\/div>\n                                                        <\/div>\n                <\/div>\n\n            <\/div>\n        <\/div>\n                <div class=\"blfe-post-grid-item blfe-equal-height\">\n            <div class=\"blfe-post-grid-item-inner blfe-zoom\">\n                <a class=\"blfe-post-grid-image\" href=\"https:\/\/soymigrante.com\/revista\/donacion-migrante-de-equipo-y-capacitacion-desde-nueva-york-fortalece-a-bomberos-de-quetzaltenango\/\" title=\"Donaci\u00f3n migrante de equipo y capacitaci\u00f3n desde Nueva York fortalece a bomberos de Quetzaltenango\" rel=\"nofollow\" target=\"_blank\"><img decoding=\"async\" src=\"https:\/\/soymigrante.com\/revista\/wp-content\/uploads\/2026\/04\/guatemaltecos-en-estados-unidos-migrantes-donacion-a-bomberos-quezaltenango-fundacion-911-ddf.png\" alt=\"Donaci\u00f3n migrante de equipo y capacitaci\u00f3n desde Nueva York fortalece a bomberos de Quetzaltenango\"\/><\/a>                <span class=\"blfe-post-category\"><a href=\"https:\/\/soymigrante.com\/revista\/category\/estamos-unidos\/\">Estamos Unidos<\/a><\/span>                <div class=\"blfe-post-grid-details\">\n                    <div class=\"blfe-post-grid-details-inner\">\n                        <h3 class=\"blfe-post-grid-title\">\n            <a href=\"https:\/\/soymigrante.com\/revista\/donacion-migrante-de-equipo-y-capacitacion-desde-nueva-york-fortalece-a-bomberos-de-quetzaltenango\/\" title=\"Donaci\u00f3n migrante de equipo y capacitaci\u00f3n desde Nueva York fortalece a bomberos de Quetzaltenango\" rel=\"nofollow\" target=\"_blank\">Donaci\u00f3n migrante de equipo y capacitaci\u00f3n desde Nueva York fortalece a bomberos de Quetzaltenango<\/a>\n            <\/h3>                                                            <div class=\"blfe-post-grid-meta\">\n                <span class=\"blfe-post-grid-author\"><i class=\"fa fa-user far fa-user\"><\/i>by <a href=\"https:\/\/soymigrante.com\/revista\/author\/gustavo\/\">Gustavo Montenegro<\/a><\/span><span class=\"blfe-post-grid-date\"><i class=\"fa fa-calendar-alt far fa-calendar-alt\"><\/i>24\/04\/2026<\/span>            <\/div>\n                                                        <\/div>\n                <\/div>\n\n            <\/div>\n        <\/div>\n                <div class=\"blfe-post-grid-item blfe-equal-height\">\n            <div class=\"blfe-post-grid-item-inner blfe-zoom\">\n                <a class=\"blfe-post-grid-image\" href=\"https:\/\/soymigrante.com\/revista\/coronaran-a-miss-gualan-usa-2026-27-en-los-angeles-la-belleza-de-la-solidaridad-migrante\/\" title=\"Coronar\u00e1n a Miss Gual\u00e1n USA 2026-27 en Los Angeles: la belleza de la solidaridad migrante\" rel=\"nofollow\" target=\"_blank\"><img decoding=\"async\" src=\"https:\/\/soymigrante.com\/revista\/wp-content\/uploads\/2026\/04\/miss-gualan-usa-2026-2027-krystal-ivette-cabrera-cordon-de-texas.png\" alt=\"Coronar\u00e1n a Miss Gual\u00e1n USA 2026-27 en Los Angeles: la belleza de la solidaridad migrante\"\/><\/a>                <span class=\"blfe-post-category\"><a href=\"https:\/\/soymigrante.com\/revista\/category\/estamos-unidos\/\">Estamos Unidos<\/a><\/span>                <div class=\"blfe-post-grid-details\">\n                    <div class=\"blfe-post-grid-details-inner\">\n                        <h3 class=\"blfe-post-grid-title\">\n            <a href=\"https:\/\/soymigrante.com\/revista\/coronaran-a-miss-gualan-usa-2026-27-en-los-angeles-la-belleza-de-la-solidaridad-migrante\/\" title=\"Coronar\u00e1n a Miss Gual\u00e1n USA 2026-27 en Los Angeles: la belleza de la solidaridad migrante\" rel=\"nofollow\" target=\"_blank\">Coronar\u00e1n a Miss Gual\u00e1n USA 2026-27 en Los Angeles: la belleza de la solidaridad migrante<\/a>\n            <\/h3>                                                            <div class=\"blfe-post-grid-meta\">\n                <span class=\"blfe-post-grid-author\"><i class=\"fa fa-user far fa-user\"><\/i>by <a href=\"https:\/\/soymigrante.com\/revista\/author\/gustavo\/\">Gustavo Montenegro<\/a><\/span><span class=\"blfe-post-grid-date\"><i class=\"fa fa-calendar-alt far fa-calendar-alt\"><\/i>20\/04\/2026<\/span>            <\/div>\n                                                        <\/div>\n                <\/div>\n\n            <\/div>\n        <\/div>\n                        <\/div>\n\n            \n            \t\t\t\t<\/div>\n\t\t\t\t<\/div>\n\t\t\t\t\t<\/div>\n\t\t<\/div>\n\t\t\t\t\t<\/div>\n\t\t<\/section>\n\t\t\t\t<\/div>\n\t\t","protected":false},"excerpt":{"rendered":"<p>Entre los migrantes guatemaltecos retornados por tierra de enero a julio 2023, la mayor\u00eda son originarios de los departamentos de Huehuetenango, San Marcos, Quich\u00e9, Guatemala y Quetzaltenango. La oficina municipal de asuntos migratorios de San Marcos implement\u00f3 un protocolo de atenci\u00f3n. Enero a Julio 2023 Guatemaltecos retornados v\u00eda \u00e1rea procedentes de Estados Unidos y M\u00e9xico [&hellip;]<\/p>\n","protected":false},"author":10,"featured_media":3463,"comment_status":"open","ping_status":"open","sticky":false,"template":"","format":"standard","meta":{"_acf_changed":false,"_eb_attr":"","footnotes":""},"categories":[54],"tags":[],"class_list":["post-3469","post","type-post","status-publish","format-standard","has-post-thumbnail","hentry","category-estamos-unidos"],"acf":[],"aioseo_notices":[],"aioseo_head":"\n\t\t<!-- All in One SEO Pro 4.9.6.2 - aioseo.com -->\n\t<meta name=\"description\" content=\"La uni\u00f3n de los migrantes gualantecos en Estados Unidos brilla en la corona de Miss Gual\u00e1n USA 2026 Ivette Cabrera, quien trae una misi\u00f3n de solidaridad.\" \/>\n\t<meta name=\"robots\" content=\"max-snippet:-1, max-image-preview:large, max-video-preview:-1\" \/>\n\t<meta name=\"author\" content=\"Gustavo Montenegro\"\/>\n\t<link rel=\"canonical\" href=\"https:\/\/soymigrante.com\/revista\/coronaran-a-miss-gualan-usa-2026-27-en-los-angeles-la-belleza-de-la-solidaridad-migrante\/\" \/>\n\t<meta name=\"generator\" content=\"All in One SEO Pro (AIOSEO) 4.9.6.2\" \/>\n\n\t\t<link rel=\"preconnect\" href=\"https:\/\/fonts.googleapis.com\" crossorigin>\n<link rel=\"preconnect\" href=\"https:\/\/fonts.gstatic.com\" crossorigin>\n\t\t<meta property=\"og:locale\" content=\"es_ES\" \/>\n\t\t<meta property=\"og:site_name\" content=\"SoyMigrante.com REVISTA \u2013 Nuestra misi\u00f3n es reconocer y dignificar al migrante.\" \/>\n\t\t<meta property=\"og:type\" content=\"article\" \/>\n\t\t<meta property=\"og:title\" content=\"Miss Gual\u00e1n USA 2026 en Los Angeles: corona de solidaridad\" \/>\n\t\t<meta property=\"og:description\" content=\"La uni\u00f3n de los migrantes gualantecos en Estados Unidos brilla en la corona de Miss Gual\u00e1n USA 2026 Ivette Cabrera, quien trae una misi\u00f3n de solidaridad.\" \/>\n\t\t<meta property=\"og:url\" content=\"https:\/\/soymigrante.com\/revista\/coronaran-a-miss-gualan-usa-2026-27-en-los-angeles-la-belleza-de-la-solidaridad-migrante\/\" \/>\n\t\t<meta property=\"og:image\" content=\"https:\/\/soymigrante.com\/revista\/wp-content\/uploads\/2026\/04\/miss-gualan-usa-2026-2027-krystal-ivette-cabrera-cordon-de-texas.png\" \/>\n\t\t<meta property=\"og:image:secure_url\" content=\"https:\/\/soymigrante.com\/revista\/wp-content\/uploads\/2026\/04\/miss-gualan-usa-2026-2027-krystal-ivette-cabrera-cordon-de-texas.png\" \/>\n\t\t<meta property=\"og:image:width\" content=\"1200\" \/>\n\t\t<meta property=\"og:image:height\" content=\"1200\" \/>\n\t\t<meta property=\"article:published_time\" content=\"2026-04-20T17:49:35+00:00\" \/>\n\t\t<meta property=\"article:modified_time\" content=\"2026-04-20T17:50:45+00:00\" \/>\n\t\t<meta property=\"article:publisher\" content=\"https:\/\/www.facebook.com\/soymigrantecom\" \/>\n\t\t<meta name=\"twitter:card\" content=\"summary_large_image\" \/>\n\t\t<meta name=\"twitter:site\" content=\"@SoyMigrante_com\" \/>\n\t\t<meta name=\"twitter:title\" content=\"Miss Gual\u00e1n USA 2026 en Los Angeles: corona de solidaridad\" \/>\n\t\t<meta name=\"twitter:description\" content=\"La uni\u00f3n de los migrantes gualantecos en Estados Unidos brilla en la corona de Miss Gual\u00e1n USA 2026 Ivette Cabrera, quien trae una misi\u00f3n de solidaridad.\" \/>\n\t\t<meta name=\"twitter:creator\" content=\"@SoyMigrante_com\" \/>\n\t\t<meta name=\"twitter:image\" content=\"https:\/\/soymigrante.com\/revista\/wp-content\/uploads\/2026\/04\/miss-gualan-usa-2026-2027-krystal-ivette-cabrera-cordon-de-texas.png\" \/>\n\t\t<!-- All in One SEO Pro -->\r\n\t\t<title>Miss Gual\u00e1n USA 2026 en Los Angeles: corona de solidaridad<\/title>\n\n","aioseo_head_json":{"title":"Miss Gual\u00e1n USA 2026 en Los Angeles: corona de solidaridad","description":"La uni\u00f3n de los migrantes gualantecos en Estados Unidos brilla en la corona de Miss Gual\u00e1n USA 2026 Ivette Cabrera, quien trae una misi\u00f3n de solidaridad.","canonical_url":"https:\/\/soymigrante.com\/revista\/coronaran-a-miss-gualan-usa-2026-27-en-los-angeles-la-belleza-de-la-solidaridad-migrante\/","robots":"max-snippet:-1, max-image-preview:large, max-video-preview:-1","keywords":"","webmasterTools":{"miscellaneous":"&lt;link rel=\"preconnect\" href=\"https:\/\/fonts.googleapis.com\" crossorigin&gt;\n&lt;link rel=\"preconnect\" href=\"https:\/\/fonts.gstatic.com\" crossorigin&gt;"},"schema":null,"og:locale":"es_ES","og:site_name":"SoyMigrante.com REVISTA \u2013 Nuestra misi\u00f3n es reconocer y dignificar al migrante.","og:type":"article","og:title":"Miss Gual\u00e1n USA 2026 en Los Angeles: corona de solidaridad","og:description":"La uni\u00f3n de los migrantes gualantecos en Estados Unidos brilla en la corona de Miss Gual\u00e1n USA 2026 Ivette Cabrera, quien trae una misi\u00f3n de solidaridad.","og:url":"https:\/\/soymigrante.com\/revista\/coronaran-a-miss-gualan-usa-2026-27-en-los-angeles-la-belleza-de-la-solidaridad-migrante\/","og:image":"https:\/\/soymigrante.com\/revista\/wp-content\/uploads\/2026\/04\/miss-gualan-usa-2026-2027-krystal-ivette-cabrera-cordon-de-texas.png","og:image:secure_url":"https:\/\/soymigrante.com\/revista\/wp-content\/uploads\/2026\/04\/miss-gualan-usa-2026-2027-krystal-ivette-cabrera-cordon-de-texas.png","og:image:width":1200,"og:image:height":1200,"article:published_time":"2026-04-20T17:49:35+00:00","article:modified_time":"2026-04-20T17:50:45+00:00","article:publisher":"https:\/\/www.facebook.com\/soymigrantecom","twitter:card":"summary_large_image","twitter:site":"@SoyMigrante_com","twitter:title":"Miss Gual\u00e1n USA 2026 en Los Angeles: corona de solidaridad","twitter:description":"La uni\u00f3n de los migrantes gualantecos en Estados Unidos brilla en la corona de Miss Gual\u00e1n USA 2026 Ivette Cabrera, quien trae una misi\u00f3n de solidaridad.","twitter:creator":"@SoyMigrante_com","twitter:image":"https:\/\/soymigrante.com\/revista\/wp-content\/uploads\/2026\/04\/miss-gualan-usa-2026-2027-krystal-ivette-cabrera-cordon-de-texas.png"},"aioseo_meta_data":{"post_id":"3469","title":"Previenen la migraci\u00f3n mediante orientaci\u00f3n y brindan asistencia a migrantes guatemaltecos","description":"#post_excerpt Oficina de asuntos migratorios de San Marcos, Guatemala ejecuta actividades e implementa el protocolo de atenci\u00f3n a migrantes de tr\u00e1nsito y retornados.","keywords":[],"keyphrases":{"focus":{"keyphrase":"Migrantes","score":91,"analysis":{"keyphraseInTitle":{"score":9,"maxScore":9,"error":0},"keyphraseInDescription":{"score":9,"maxScore":9,"error":0},"keyphraseLength":{"score":9,"maxScore":9,"error":0,"length":1},"keyphraseInURL":{"score":5,"maxScore":5,"error":0},"keyphraseInIntroduction":{"score":9,"maxScore":9,"error":0},"keyphraseInSubHeadings":{"score":3,"maxScore":9,"error":1},"keyphraseInImageAlt":{"score":9,"maxScore":9,"error":0},"keywordDensity":{"type":"best","score":9,"maxScore":9,"error":0}}},"additional":[]},"primary_term":null,"canonical_url":null,"og_title":null,"og_description":null,"og_object_type":"default","og_image_type":"default","og_image_url":null,"og_image_width":null,"og_image_height":null,"og_image_custom_url":null,"og_image_custom_fields":null,"og_video":"","og_custom_url":null,"og_article_section":null,"og_article_tags":[],"twitter_use_og":false,"twitter_card":"default","twitter_image_type":"default","twitter_image_url":null,"twitter_image_custom_url":null,"twitter_image_custom_fields":null,"twitter_title":null,"twitter_description":null,"schema":{"blockGraphs":[],"customGraphs":[],"default":{"data":{"Article":[],"Course":[],"Dataset":[],"FAQPage":[],"Movie":[],"Person":[],"Product":[],"ProductReview":[],"Car":[],"Recipe":[],"Service":[],"SoftwareApplication":[],"WebPage":[]},"graphName":"BlogPosting","isEnabled":true},"graphs":[]},"schema_type":"default","schema_type_options":null,"pillar_content":false,"robots_default":true,"robots_noindex":false,"robots_noarchive":false,"robots_nosnippet":false,"robots_nofollow":false,"robots_noimageindex":false,"robots_noodp":false,"robots_notranslate":false,"robots_max_snippet":"-1","robots_max_videopreview":"-1","robots_max_imagepreview":"large","priority":null,"frequency":"default","local_seo":null,"seo_analyzer_scan_date":"2025-10-08 20:42:21","breadcrumb_settings":null,"limit_modified_date":false,"reviewed_by":null,"open_ai":null,"ai":null,"created":"2023-11-22 22:37:14","updated":"2026-02-04 09:59:16"},"aioseo_breadcrumb":"<div class=\"aioseo-breadcrumbs\"><span class=\"aioseo-breadcrumb\">\n\t<a href=\"https:\/\/soymigrante.com\/revista\" title=\"Home\">Home<\/a>\n<\/span><span class=\"aioseo-breadcrumb-separator\">\u00bb<\/span><span class=\"aioseo-breadcrumb\">\n\t<a href=\"https:\/\/soymigrante.com\/revista\/category\/estamos-unidos\/\" title=\"Estamos Unidos\">Estamos Unidos<\/a>\n<\/span><span class=\"aioseo-breadcrumb-separator\">\u00bb<\/span><span class=\"aioseo-breadcrumb\">\n\tMigrantes retornados por tierra reciben apoyo en San Marcos\n<\/span><\/div>","aioseo_breadcrumb_json":[{"label":"Home","link":"https:\/\/soymigrante.com\/revista"},{"label":"Estamos Unidos","link":"https:\/\/soymigrante.com\/revista\/category\/estamos-unidos\/"},{"label":"Migrantes retornados por tierra reciben apoyo en San Marcos","link":"https:\/\/soymigrante.com\/revista\/migrantes-retornados-por-tierra-reciben-apoyo-en-san-marcos\/"}],"_links":{"self":[{"href":"https:\/\/soymigrante.com\/revista\/wp-json\/wp\/v2\/posts\/3469","targetHints":{"allow":["GET"]}}],"collection":[{"href":"https:\/\/soymigrante.com\/revista\/wp-json\/wp\/v2\/posts"}],"about":[{"href":"https:\/\/soymigrante.com\/revista\/wp-json\/wp\/v2\/types\/post"}],"author":[{"embeddable":true,"href":"https:\/\/soymigrante.com\/revista\/wp-json\/wp\/v2\/users\/10"}],"replies":[{"embeddable":true,"href":"https:\/\/soymigrante.com\/revista\/wp-json\/wp\/v2\/comments?post=3469"}],"version-history":[{"count":0,"href":"https:\/\/soymigrante.com\/revista\/wp-json\/wp\/v2\/posts\/3469\/revisions"}],"wp:featuredmedia":[{"embeddable":true,"href":"https:\/\/soymigrante.com\/revista\/wp-json\/wp\/v2\/media\/3463"}],"wp:attachment":[{"href":"https:\/\/soymigrante.com\/revista\/wp-json\/wp\/v2\/media?parent=3469"}],"wp:term":[{"taxonomy":"category","embeddable":true,"href":"https:\/\/soymigrante.com\/revista\/wp-json\/wp\/v2\/categories?post=3469"},{"taxonomy":"post_tag","embeddable":true,"href":"https:\/\/soymigrante.com\/revista\/wp-json\/wp\/v2\/tags?post=3469"}],"curies":[{"name":"wp","href":"https:\/\/api.w.org\/{rel}","templated":true}]}}