{"id":34674,"date":"2025-05-30T04:00:00","date_gmt":"2025-05-30T10:00:00","guid":{"rendered":"https:\/\/soymigrante.com\/revista\/?p=34674"},"modified":"2025-05-29T22:22:29","modified_gmt":"2025-05-30T04:22:29","slug":"guatemala-es-la-potencia-mundial-del-cardamomo-el-oro-verde","status":"publish","type":"post","link":"https:\/\/soymigrante.com\/revista\/guatemala-es-la-potencia-mundial-del-cardamomo-el-oro-verde\/","title":{"rendered":"Guatemala es potencia mundial de producci\u00f3n y exportaci\u00f3n de cardamomo: el \u201coro verde\u201d"},"content":{"rendered":"\t\t<div data-elementor-type=\"wp-post\" data-elementor-id=\"34674\" class=\"elementor elementor-34674\" data-elementor-post-type=\"post\">\n\t\t\t\t<div data-particle_enable=\"false\" data-particle-mobile-disabled=\"false\" class=\"elementor-element elementor-element-d7dcbbf e-flex e-con-boxed e-con e-parent\" data-id=\"d7dcbbf\" data-element_type=\"container\" data-e-type=\"container\">\n\t\t\t\t\t<div class=\"e-con-inner\">\n\t\t\t\t<div class=\"elementor-element elementor-element-ed91572 elementor-widget elementor-widget-heading\" data-id=\"ed91572\" data-element_type=\"widget\" data-e-type=\"widget\" data-widget_type=\"heading.default\">\n\t\t\t\t\t<h2 class=\"elementor-heading-title elementor-size-default\">Guatemala es una potencia mundial del cultivo del cardamomo. De hecho tiene el primer lugar global en producci\u00f3n y exportaci\u00f3n de este grano arom\u00e1tico, que se vende sobre todo a pa\u00edses de Medio Oriente.<\/h2>\t\t\t\t<\/div>\n\t\t\t\t\t<\/div>\n\t\t\t\t<\/div>\n\t\t<div data-particle_enable=\"false\" data-particle-mobile-disabled=\"false\" class=\"elementor-element elementor-element-c525e08 e-flex e-con-boxed e-con e-parent\" data-id=\"c525e08\" data-element_type=\"container\" data-e-type=\"container\">\n\t\t\t\t\t<div class=\"e-con-inner\">\n\t\t\t\t<div class=\"elementor-element elementor-element-fddbb54 elementor-widget elementor-widget-text-editor\" data-id=\"fddbb54\" data-element_type=\"widget\" data-e-type=\"widget\" data-widget_type=\"text-editor.default\">\n\t\t\t\t\t\t\t\t\t<p>Guatemala se ha posicionado como el principal exportador mundial de cardamomo, una especia arom\u00e1tica conocida por su alto valor en el mercado internacional.<\/p><p>Conocido como el \u201coro verde guatemalteco\u201d, este grano es un producto agr\u00edcola clave que genera miles de empleos y sostiene a comunidades completas, especialmente en las regiones del norte y occidente del pa\u00eds.<\/p><p>Seg\u00fan datos del<a href=\"https:\/\/www.mineco.gob.gt\/\" target=\"_blank\" rel=\"noopener\"> Ministerio de Econom\u00eda<\/a> y de la<a href=\"https:\/\/www.export.com.gt\/inicio\" target=\"_blank\" rel=\"noopener\"> Asociaci\u00f3n Guatemalteca de Exportadores (AGEXPORT)<\/a>, Guatemala lidera el mercado mundial del cardamomo, exportando anualmente m\u00e1s del 60% de la producci\u00f3n global.<\/p><p>Sus principales compradores son pa\u00edses de Medio Oriente como Arabia Saudita, Emiratos \u00c1rabes Unidos y Kuwait, donde el cardamomo es muy valorado por su uso en el caf\u00e9, la cocina y rituales tradicionales.<\/p>\t\t\t\t\t\t\t\t<\/div>\n\t\t\t\t\t<\/div>\n\t\t\t\t<\/div>\n\t\t<div data-particle_enable=\"false\" data-particle-mobile-disabled=\"false\" class=\"elementor-element elementor-element-b46d572 e-flex e-con-boxed e-con e-parent\" data-id=\"b46d572\" data-element_type=\"container\" data-e-type=\"container\">\n\t\t\t\t\t<div class=\"e-con-inner\">\n\t\t\t\t<div class=\"elementor-element elementor-element-85f86f0 elementor-widget elementor-widget-image\" data-id=\"85f86f0\" data-element_type=\"widget\" data-e-type=\"widget\" data-widget_type=\"image.default\">\n\t\t\t\t\t\t\t\t\t\t\t\t<figure class=\"wp-caption\">\n\t\t\t\t\t\t\t\t\t\t<img fetchpriority=\"high\" decoding=\"async\" width=\"768\" height=\"464\" src=\"https:\/\/soymigrante.com\/revista\/wp-content\/uploads\/2025\/05\/planta-de-cardamomo-foto-ministerio-de-agricultura-1024x618.png\" class=\"attachment-large size-large wp-image-35074\" alt=\"Fruto del cactus nopal con flores blancas y verdes, s\u00edmbolo de la agricultura sustentable y la cultura mexicana. Ideal para art\u00edculos sobre agricultura org\u00e1nica y plantas medicinales.\" srcset=\"https:\/\/soymigrante.com\/revista\/wp-content\/uploads\/2025\/05\/planta-de-cardamomo-foto-ministerio-de-agricultura-1024x618.png 1024w, https:\/\/soymigrante.com\/revista\/wp-content\/uploads\/2025\/05\/planta-de-cardamomo-foto-ministerio-de-agricultura-300x181.png 300w, https:\/\/soymigrante.com\/revista\/wp-content\/uploads\/2025\/05\/planta-de-cardamomo-foto-ministerio-de-agricultura-768x464.png 768w, https:\/\/soymigrante.com\/revista\/wp-content\/uploads\/2025\/05\/planta-de-cardamomo-foto-ministerio-de-agricultura-750x453.webp 750w, https:\/\/soymigrante.com\/revista\/wp-content\/uploads\/2025\/05\/planta-de-cardamomo-foto-ministerio-de-agricultura-1140x688.webp 1140w, https:\/\/soymigrante.com\/revista\/wp-content\/uploads\/2025\/05\/planta-de-cardamomo-foto-ministerio-de-agricultura.webp 1469w\" sizes=\"(max-width: 768px) 100vw, 768px\" title=\"As\u00ed es la planta y la flor del cardamomo. Guatemala es el primer productor mundial de cardamomo org\u00e1nico. (Fotograf\u00eda Ministerio de Agricultura) \u2013 SoyMigrante.com REVISTA\" \/>\t\t\t\t\t\t\t\t\t\t\t<figcaption class=\"widget-image-caption wp-caption-text\">Revista SoyMigrante.com: an\u00e1lisis y noticias sobre migraci\u00f3n, cultura y sostenibilidad en M\u00e9xico y el mundo.<\/figcaption>\n\t\t\t\t\t\t\t\t\t\t<\/figure>\n\t\t\t\t\t\t\t\t\t<\/div>\n\t\t\t\t\t<\/div>\n\t\t\t\t<\/div>\n\t\t<div data-particle_enable=\"false\" data-particle-mobile-disabled=\"false\" class=\"elementor-element elementor-element-2f6fe88 e-flex e-con-boxed e-con e-parent\" data-id=\"2f6fe88\" data-element_type=\"container\" data-e-type=\"container\">\n\t\t\t\t\t<div class=\"e-con-inner\">\n\t\t\t\t<div class=\"elementor-element elementor-element-3ca7270 elementor-widget elementor-widget-heading\" data-id=\"3ca7270\" data-element_type=\"widget\" data-e-type=\"widget\" data-widget_type=\"heading.default\">\n\t\t\t\t\t<h3 class=\"elementor-heading-title elementor-size-default\">\u00bfQu\u00e9 es el cardamomo?<\/h3>\t\t\t\t<\/div>\n\t\t\t\t\t<\/div>\n\t\t\t\t<\/div>\n\t\t<div data-particle_enable=\"false\" data-particle-mobile-disabled=\"false\" class=\"elementor-element elementor-element-1d61fba e-flex e-con-boxed e-con e-parent\" data-id=\"1d61fba\" data-element_type=\"container\" data-e-type=\"container\">\n\t\t\t\t\t<div class=\"e-con-inner\">\n\t\t\t\t<div class=\"elementor-element elementor-element-cc8b33a elementor-widget elementor-widget-text-editor\" data-id=\"cc8b33a\" data-element_type=\"widget\" data-e-type=\"widget\" data-widget_type=\"text-editor.default\">\n\t\t\t\t\t\t\t\t\t<p>El cardamomo es una especia que proviene de una planta de la familia del jengibre. Su fruto es una peque\u00f1a c\u00e1psula verde que encierra semillas negras con un aroma intenso y sabor ligeramente dulce y picante. Se cultiva principalmente en zonas h\u00famedas y templadas.<\/p><p>En Guatemala, los departamentos de Alta Verapaz, Baja Verapaz, Quich\u00e9, Huehuetenango y San Marcos son las principales zonas productoras. La cosecha se realiza entre los meses de septiembre y febrero, y el grano debe ser secado con t\u00e9cnicas especializadas para conservar su calidad.<\/p>\t\t\t\t\t\t\t\t<\/div>\n\t\t\t\t\t<\/div>\n\t\t\t\t<\/div>\n\t\t<div data-particle_enable=\"false\" data-particle-mobile-disabled=\"false\" class=\"elementor-element elementor-element-f812f59 e-flex e-con-boxed e-con e-parent\" data-id=\"f812f59\" data-element_type=\"container\" data-e-type=\"container\">\n\t\t\t\t\t<div class=\"e-con-inner\">\n\t\t\t\t<div class=\"elementor-element elementor-element-7dd5b64 elementor-widget elementor-widget-image\" data-id=\"7dd5b64\" data-element_type=\"widget\" data-e-type=\"widget\" data-widget_type=\"image.default\">\n\t\t\t\t\t\t\t\t\t\t\t\t<figure class=\"wp-caption\">\n\t\t\t\t\t\t\t\t\t\t<img decoding=\"async\" width=\"768\" height=\"768\" src=\"https:\/\/soymigrante.com\/revista\/wp-content\/uploads\/2025\/05\/Cardamomo-nota-2-1024x1024.png\" class=\"attachment-large size-large wp-image-34686\" alt=\"Pistachos verdes secos en diferentes tama\u00f1os, ideales para snacks saludables y cocina. Semillas de calidad para promover una alimentaci\u00f3n nutritiva y energizante.\" srcset=\"https:\/\/soymigrante.com\/revista\/wp-content\/uploads\/2025\/05\/Cardamomo-nota-2-1024x1024.png 1024w, https:\/\/soymigrante.com\/revista\/wp-content\/uploads\/2025\/05\/Cardamomo-nota-2-300x300.png 300w, https:\/\/soymigrante.com\/revista\/wp-content\/uploads\/2025\/05\/Cardamomo-nota-2-150x150.png 150w, https:\/\/soymigrante.com\/revista\/wp-content\/uploads\/2025\/05\/Cardamomo-nota-2-768x768.png 768w, https:\/\/soymigrante.com\/revista\/wp-content\/uploads\/2025\/05\/Cardamomo-nota-2-1536x1536.png 1536w, https:\/\/soymigrante.com\/revista\/wp-content\/uploads\/2025\/05\/Cardamomo-nota-2-75x75.webp 75w, https:\/\/soymigrante.com\/revista\/wp-content\/uploads\/2025\/05\/Cardamomo-nota-2-750x750.webp 750w, https:\/\/soymigrante.com\/revista\/wp-content\/uploads\/2025\/05\/Cardamomo-nota-2-1140x1140.webp 1140w, https:\/\/soymigrante.com\/revista\/wp-content\/uploads\/2025\/05\/Cardamomo-nota-2.webp 1600w\" sizes=\"(max-width: 768px) 100vw, 768px\" title=\"El cardamomo es una semilla con un alto sabor. (Foto: INGUAT) \u2013 SoyMigrante.com REVISTA\" \/>\t\t\t\t\t\t\t\t\t\t\t<figcaption class=\"widget-image-caption wp-caption-text\">Pistachos verdes secos, snack saludable y fuente de energ\u00eda, ideales para cocinar y comer, promoviendo una alimentaci\u00f3n nutritiva.<\/figcaption>\n\t\t\t\t\t\t\t\t\t\t<\/figure>\n\t\t\t\t\t\t\t\t\t<\/div>\n\t\t\t\t\t<\/div>\n\t\t\t\t<\/div>\n\t\t<div data-particle_enable=\"false\" data-particle-mobile-disabled=\"false\" class=\"elementor-element elementor-element-b6f235f e-flex e-con-boxed e-con e-parent\" data-id=\"b6f235f\" data-element_type=\"container\" data-e-type=\"container\">\n\t\t\t\t\t<div class=\"e-con-inner\">\n\t\t\t\t<div class=\"elementor-element elementor-element-1ccd905 elementor-widget elementor-widget-heading\" data-id=\"1ccd905\" data-element_type=\"widget\" data-e-type=\"widget\" data-widget_type=\"heading.default\">\n\t\t\t\t\t<h3 class=\"elementor-heading-title elementor-size-default\">Un motor para el desarrollo rural<\/h3>\t\t\t\t<\/div>\n\t\t\t\t\t<\/div>\n\t\t\t\t<\/div>\n\t\t<div data-particle_enable=\"false\" data-particle-mobile-disabled=\"false\" class=\"elementor-element elementor-element-5e6ccd7 e-flex e-con-boxed e-con e-parent\" data-id=\"5e6ccd7\" data-element_type=\"container\" data-e-type=\"container\">\n\t\t\t\t\t<div class=\"e-con-inner\">\n\t\t\t\t<div class=\"elementor-element elementor-element-4c0caae elementor-widget elementor-widget-text-editor\" data-id=\"4c0caae\" data-element_type=\"widget\" data-e-type=\"widget\" data-widget_type=\"text-editor.default\">\n\t\t\t\t\t\t\t\t\t<p>Para muchas comunidades ind\u00edgenas, el cultivo del cardamomo es una de las pocas alternativas viables de ingreso econ\u00f3mico.<\/p><p>En aldeas como Chisec, Cob\u00e1n o Fray Bartolom\u00e9 de las Casas, las familias enteras participan en el proceso de siembra, cosecha y secado.<\/p>\t\t\t\t\t\t\t\t<\/div>\n\t\t\t\t\t<\/div>\n\t\t\t\t<\/div>\n\t\t<div data-particle_enable=\"false\" data-particle-mobile-disabled=\"false\" class=\"elementor-element elementor-element-2db650d e-flex e-con-boxed e-con e-parent\" data-id=\"2db650d\" data-element_type=\"container\" data-e-type=\"container\">\n\t\t\t\t\t<div class=\"e-con-inner\">\n\t\t\t\t<div class=\"elementor-element elementor-element-6c8fadb elementor-widget elementor-widget-image\" data-id=\"6c8fadb\" data-element_type=\"widget\" data-e-type=\"widget\" data-widget_type=\"image.default\">\n\t\t\t\t\t\t\t\t\t\t\t\t<figure class=\"wp-caption\">\n\t\t\t\t\t\t\t\t\t\t<img decoding=\"async\" width=\"768\" height=\"582\" src=\"https:\/\/soymigrante.com\/revista\/wp-content\/uploads\/2025\/05\/Captura-de-pantalla-2025-05-29-215441-1024x776.png\" class=\"attachment-large size-large wp-image-35075\" alt=\"Migrante en Guatemala: mapa de regiones y sitios de cardamomo, promoviendo la investigaci\u00f3n agr\u00edcola y alimentaria.\" srcset=\"https:\/\/soymigrante.com\/revista\/wp-content\/uploads\/2025\/05\/Captura-de-pantalla-2025-05-29-215441-1024x776.png 1024w, https:\/\/soymigrante.com\/revista\/wp-content\/uploads\/2025\/05\/Captura-de-pantalla-2025-05-29-215441-300x227.png 300w, https:\/\/soymigrante.com\/revista\/wp-content\/uploads\/2025\/05\/Captura-de-pantalla-2025-05-29-215441-768x582.png 768w, https:\/\/soymigrante.com\/revista\/wp-content\/uploads\/2025\/05\/Captura-de-pantalla-2025-05-29-215441-750x569.webp 750w, https:\/\/soymigrante.com\/revista\/wp-content\/uploads\/2025\/05\/Captura-de-pantalla-2025-05-29-215441-1140x864.webp 1140w, https:\/\/soymigrante.com\/revista\/wp-content\/uploads\/2025\/05\/Captura-de-pantalla-2025-05-29-215441.webp 1348w\" sizes=\"(max-width: 768px) 100vw, 768px\" title=\"El departamento de Alta Verapaz es el que tiene la mayor cantidad de cultivos de cardamomo. Pero tambi\u00e9n los hay en Pet\u00e9n, Izabal, Quich\u00e9 y Huehuetenango. (Mapa Universidad del Valle de Guatemala) \u2013 SoyMigrante.com REVISTA\" \/>\t\t\t\t\t\t\t\t\t\t\t<figcaption class=\"widget-image-caption wp-caption-text\">Mapa de regiones productoras de cardamomo en Guatemala, resaltando sitios clave y promoviendo estudios agr\u00edcolas y alimentarios en la comunidad migrante.<\/figcaption>\n\t\t\t\t\t\t\t\t\t\t<\/figure>\n\t\t\t\t\t\t\t\t\t<\/div>\n\t\t\t\t\t<\/div>\n\t\t\t\t<\/div>\n\t\t<div data-particle_enable=\"false\" data-particle-mobile-disabled=\"false\" class=\"elementor-element elementor-element-d39a07f e-flex e-con-boxed e-con e-parent\" data-id=\"d39a07f\" data-element_type=\"container\" data-e-type=\"container\">\n\t\t\t\t\t<div class=\"e-con-inner\">\n\t\t\t\t<div class=\"elementor-element elementor-element-7212fef elementor-widget elementor-widget-html\" data-id=\"7212fef\" data-element_type=\"widget\" data-e-type=\"widget\" data-widget_type=\"html.default\">\n\t\t\t\t\t<blockquote class=\"twitter-tweet\"><p lang=\"es\" dir=\"ltr\">\u00bfSab\u00eda que el cardamomo es mucho m\u00e1s que una especia? Es un s\u00edmbolo de nuestra cultura gastron\u00f3mica y generaci\u00f3n de empleo. Descubra m\u00e1s detalles en nuestro segmento.<a href=\"https:\/\/twitter.com\/hashtag\/GuatemalaSaleAdelante?src=hash&amp;ref_src=twsrc%5Etfw\">#GuatemalaSaleAdelante<\/a> \ud83c\uddec\ud83c\uddf9 <a href=\"https:\/\/t.co\/81TVavnW9B\">pic.twitter.com\/81TVavnW9B<\/a><\/p>&mdash; MAGA Guatemala (@MagaGuatemala) <a href=\"https:\/\/twitter.com\/MagaGuatemala\/status\/1773379529022791707?ref_src=twsrc%5Etfw\">March 28, 2024<\/a><\/blockquote> <script async src=\"https:\/\/platform.twitter.com\/widgets.js\" charset=\"utf-8\"><\/script>\t\t\t\t<\/div>\n\t\t\t\t\t<\/div>\n\t\t\t\t<\/div>\n\t\t<div data-particle_enable=\"false\" data-particle-mobile-disabled=\"false\" class=\"elementor-element elementor-element-a134cd2 e-flex e-con-boxed e-con e-parent\" data-id=\"a134cd2\" data-element_type=\"container\" data-e-type=\"container\">\n\t\t\t\t\t<div class=\"e-con-inner\">\n\t\t\t\t<div class=\"elementor-element elementor-element-2ba62c9 elementor-widget elementor-widget-heading\" data-id=\"2ba62c9\" data-element_type=\"widget\" data-e-type=\"widget\" data-widget_type=\"heading.default\">\n\t\t\t\t\t<h3 class=\"elementor-heading-title elementor-size-default\">Reconocimiento mundial<\/h3>\t\t\t\t<\/div>\n\t\t\t\t\t<\/div>\n\t\t\t\t<\/div>\n\t\t<div data-particle_enable=\"false\" data-particle-mobile-disabled=\"false\" class=\"elementor-element elementor-element-0fe98ba e-flex e-con-boxed e-con e-parent\" data-id=\"0fe98ba\" data-element_type=\"container\" data-e-type=\"container\">\n\t\t\t\t\t<div class=\"e-con-inner\">\n\t\t\t\t<div class=\"elementor-element elementor-element-4542617 elementor-widget elementor-widget-text-editor\" data-id=\"4542617\" data-element_type=\"widget\" data-e-type=\"widget\" data-widget_type=\"text-editor.default\">\n\t\t\t\t\t\t\t\t\t<p><a href=\"https:\/\/inguat.gob.gt\/es\/\" target=\"_blank\" rel=\"noopener\">El Instituto Guatemalteco de Turismo (INGUAT)<\/a> ha empezado a incluir el cultivo del cardamomo como parte de sus rutas de turismo rural y agroturismo. \u201cEs un producto que da identidad al pa\u00eds. Queremos que los visitantes conozcan c\u00f3mo se cultiva y todo el trabajo que hay detr\u00e1s de cada grano\u201d, indic\u00f3 el INGUAT en una reciente campa\u00f1a.<\/p><p>En 2023, las exportaciones de cardamomo generaron m\u00e1s de US$1,000 millones, coloc\u00e1ndolo entre los tres productos m\u00e1s importantes para la balanza comercial de Guatemala, junto con el caf\u00e9 y el banano.<\/p>\t\t\t\t\t\t\t\t<\/div>\n\t\t\t\t\t<\/div>\n\t\t\t\t<\/div>\n\t\t<div data-particle_enable=\"false\" data-particle-mobile-disabled=\"false\" class=\"elementor-element elementor-element-055cac0 e-flex e-con-boxed e-con e-parent\" data-id=\"055cac0\" data-element_type=\"container\" data-e-type=\"container\">\n\t\t\t\t\t<div class=\"e-con-inner\">\n\t\t\t\t<div class=\"elementor-element elementor-element-285e480 elementor-widget elementor-widget-video\" data-id=\"285e480\" data-element_type=\"widget\" data-e-type=\"widget\" data-settings=\"{&quot;youtube_url&quot;:&quot;https:\\\/\\\/www.youtube.com\\\/watch?v=G5l0-hd7Es4&quot;,&quot;video_type&quot;:&quot;youtube&quot;,&quot;controls&quot;:&quot;yes&quot;}\" data-widget_type=\"video.default\">\n\t\t\t\t\t\t\t<div class=\"elementor-wrapper elementor-open-inline\">\n\t\t\t<div class=\"elementor-video\"><\/div>\t\t<\/div>\n\t\t\t\t\t\t<\/div>\n\t\t\t\t\t<\/div>\n\t\t\t\t<\/div>\n\t\t<div data-particle_enable=\"false\" data-particle-mobile-disabled=\"false\" class=\"elementor-element elementor-element-595382d e-flex e-con-boxed e-con e-parent\" data-id=\"595382d\" data-element_type=\"container\" data-e-type=\"container\">\n\t\t\t\t\t<div class=\"e-con-inner\">\n\t\t\t\t<div class=\"elementor-element elementor-element-3dbced5 elementor-widget elementor-widget-heading\" data-id=\"3dbced5\" data-element_type=\"widget\" data-e-type=\"widget\" data-widget_type=\"heading.default\">\n\t\t\t\t\t<h3 class=\"elementor-heading-title elementor-size-default\">Retos y sostenibilidad<\/h3>\t\t\t\t<\/div>\n\t\t\t\t\t<\/div>\n\t\t\t\t<\/div>\n\t\t<div data-particle_enable=\"false\" data-particle-mobile-disabled=\"false\" class=\"elementor-element elementor-element-460b687 e-flex e-con-boxed e-con e-parent\" data-id=\"460b687\" data-element_type=\"container\" data-e-type=\"container\">\n\t\t\t\t\t<div class=\"e-con-inner\">\n\t\t\t\t<div class=\"elementor-element elementor-element-1264e39 elementor-widget elementor-widget-text-editor\" data-id=\"1264e39\" data-element_type=\"widget\" data-e-type=\"widget\" data-widget_type=\"text-editor.default\">\n\t\t\t\t\t\t\t\t\t<p>A pesar del \u00e9xito comercial, los productores enfrentan desaf\u00edos como la variabilidad del clima, la volatilidad de los precios internacionales y la necesidad de pr\u00e1cticas m\u00e1s sostenibles para conservar los bosques y las fuentes de agua.<\/p><p>Organizaciones locales y cooperativas est\u00e1n trabajando para certificar cultivos bajo est\u00e1ndares org\u00e1nicos y de comercio justo, lo que abre la puerta a nuevos mercados m\u00e1s exigentes y conscientes.<\/p><p>El cardamomo es m\u00e1s que un grano arom\u00e1tico: es un s\u00edmbolo de trabajo, resistencia y orgullo nacional para miles de guatemaltecos. Su historia contin\u00faa escribi\u00e9ndose con cada cosecha que cruza fronteras, llevando el nombre de Guatemala a las tazas y cocinas del mundo entero.<\/p>\t\t\t\t\t\t\t\t<\/div>\n\t\t\t\t\t<\/div>\n\t\t\t\t<\/div>\n\t\t<div data-particle_enable=\"false\" data-particle-mobile-disabled=\"false\" class=\"elementor-element elementor-element-bad9829 e-flex e-con-boxed e-con e-parent\" data-id=\"bad9829\" data-element_type=\"container\" data-e-type=\"container\">\n\t\t\t\t\t<div class=\"e-con-inner\">\n\t\t\t\t<div class=\"elementor-element elementor-element-7883620 elementor-widget elementor-widget-heading\" data-id=\"7883620\" data-element_type=\"widget\" data-e-type=\"widget\" data-widget_type=\"heading.default\">\n\t\t\t\t\t<h4 class=\"elementor-heading-title elementor-size-default\">Exquisito sabor cardamomo en productos elaborados por emprendedores<\/h4>\t\t\t\t<\/div>\n\t\t\t\t\t<\/div>\n\t\t\t\t<\/div>\n\t\t<div data-particle_enable=\"false\" data-particle-mobile-disabled=\"false\" class=\"elementor-element elementor-element-c8ca6b0 e-flex e-con-boxed e-con e-parent\" data-id=\"c8ca6b0\" data-element_type=\"container\" data-e-type=\"container\">\n\t\t\t\t\t<div class=\"e-con-inner\">\n\t\t\t\t<div class=\"elementor-element elementor-element-d529b92 elementor-widget elementor-widget-image\" data-id=\"d529b92\" data-element_type=\"widget\" data-e-type=\"widget\" data-widget_type=\"image.default\">\n\t\t\t\t\t\t\t\t\t\t\t\t<figure class=\"wp-caption\">\n\t\t\t\t\t\t\t\t\t\t\t<a href=\"https:\/\/soymigrante.com\/mercado\/category-search?category=&#038;term=cardamomo\">\n\t\t\t\t\t\t\t<img loading=\"lazy\" decoding=\"async\" width=\"768\" height=\"308\" src=\"https:\/\/soymigrante.com\/revista\/wp-content\/uploads\/2025\/05\/soy-migrante-mercado-cardamomo-1024x411.png\" class=\"attachment-large size-large wp-image-35079\" alt=\"Chocolates de cardamomo, t\u00e9 con cardamomo y productos de caf\u00e9 de alta calidad en SoyMigrante.com REVISTA - Mercado, enfocados en productos de migrantes y comercio en Guatemala.\" srcset=\"https:\/\/soymigrante.com\/revista\/wp-content\/uploads\/2025\/05\/soy-migrante-mercado-cardamomo-1024x411.png 1024w, https:\/\/soymigrante.com\/revista\/wp-content\/uploads\/2025\/05\/soy-migrante-mercado-cardamomo-300x120.png 300w, https:\/\/soymigrante.com\/revista\/wp-content\/uploads\/2025\/05\/soy-migrante-mercado-cardamomo-768x308.png 768w, https:\/\/soymigrante.com\/revista\/wp-content\/uploads\/2025\/05\/soy-migrante-mercado-cardamomo-1536x616.png 1536w, https:\/\/soymigrante.com\/revista\/wp-content\/uploads\/2025\/05\/soy-migrante-mercado-cardamomo-750x301.webp 750w, https:\/\/soymigrante.com\/revista\/wp-content\/uploads\/2025\/05\/soy-migrante-mercado-cardamomo-1140x457.webp 1140w, https:\/\/soymigrante.com\/revista\/wp-content\/uploads\/2025\/05\/soy-migrante-mercado-cardamomo.webp 1920w\" sizes=\"(max-width: 768px) 100vw, 768px\" title=\"En SoyMigrante.com MERCADO HAY caf\u00e9s y chocolates  combinados con el exquisito sabor del cardamomo. Si deseas conocerlos y adquirirlos, clic en la imagen. \u2013 SoyMigrante.com REVISTA\" \/>\t\t\t\t\t\t\t\t<\/a>\n\t\t\t\t\t\t\t\t\t\t\t<figcaption class=\"widget-image-caption wp-caption-text\">Disfruta de chocolates, t\u00e9s y caf\u00e9s artesanales con ingredientes naturales en nuestra tienda en l\u00ednea en SoyMigrante.com, promoviendo productos culturales y tradicionales para la comunidad migrante y local.<\/figcaption>\n\t\t\t\t\t\t\t\t\t\t<\/figure>\n\t\t\t\t\t\t\t\t\t<\/div>\n\t\t\t\t\t<\/div>\n\t\t\t\t<\/div>\n\t\t<div data-particle_enable=\"false\" data-particle-mobile-disabled=\"false\" class=\"elementor-element elementor-element-c4fec74 e-flex e-con-boxed e-con e-parent\" data-id=\"c4fec74\" data-element_type=\"container\" data-e-type=\"container\">\n\t\t\t\t\t<div class=\"e-con-inner\">\n\t\t\t\t<div class=\"elementor-element elementor-element-e628457 elementor-widget elementor-widget-heading\" data-id=\"e628457\" data-element_type=\"widget\" data-e-type=\"widget\" data-widget_type=\"heading.default\">\n\t\t\t\t\t<h2 class=\"elementor-heading-title elementor-size-default\">Conoce m\u00e1s de Guatemala, ac\u00e1...<\/h2>\t\t\t\t<\/div>\n\t\t\t\t\t<\/div>\n\t\t\t\t<\/div>\n\t\t<div data-particle_enable=\"false\" data-particle-mobile-disabled=\"false\" class=\"elementor-element elementor-element-936b4b9 e-flex e-con-boxed e-con e-parent\" data-id=\"936b4b9\" data-element_type=\"container\" data-e-type=\"container\">\n\t\t\t\t\t<div class=\"e-con-inner\">\n\t\t\t\t<div class=\"elementor-element elementor-element-ffa3abd elementor-grid-eael-col-3 elementor-grid-tablet-eael-col-2 elementor-grid-mobile-eael-col-1 elementor-widget elementor-widget-eael-post-grid\" data-id=\"ffa3abd\" data-element_type=\"widget\" data-e-type=\"widget\" data-settings=\"{&quot;eael_post_grid_columns&quot;:&quot;eael-col-3&quot;,&quot;eael_post_grid_columns_tablet&quot;:&quot;eael-col-2&quot;,&quot;eael_post_grid_columns_mobile&quot;:&quot;eael-col-1&quot;}\" data-widget_type=\"eael-post-grid.default\">\n\t\t\t\t\t<div id=\"eael-post-grid-ffa3abd\" class=\"eael-post-grid-container\">\n            <div class=\"eael-post-grid eael-post-appender eael-post-appender-ffa3abd eael-post-grid-style-one\" data-layout-mode=\"masonry\"><article class=\"eael-grid-post  eael-post-grid-column eael-pg-post-19457 category-guate-nuestra\" data-id=\"19457\">\n        <div class=\"eael-grid-post-holder\">\n            <div class=\"eael-grid-post-holder-inner\"><div class=\"eael-entry-media\"><div class=\"eael-entry-overlay fade-in\"><i class=\"far fa-hand-pointer\" aria-hidden=\"true\"><\/i><a href=\"https:\/\/soymigrante.com\/revista\/atol-blanco-es-sabor-ancestral-que-nutre-se-disfruta-y-conecta-comunidades\/\"><\/a><\/div><div class=\"eael-entry-thumbnail \">\n                <img loading=\"lazy\" decoding=\"async\" width=\"510\" height=\"385\" src=\"https:\/\/soymigrante.com\/revista\/wp-content\/uploads\/2025\/01\/atol-blanco-1.webp\" class=\"attachment-large size-large wp-image-19482\" alt=\"Sabores tradicionales mexicanos en platos con salsas y bebidas t\u00edpicas, ideales para eventos culturales y culinarios.\" srcset=\"https:\/\/soymigrante.com\/revista\/wp-content\/uploads\/2025\/01\/atol-blanco-1.webp 510w, https:\/\/soymigrante.com\/revista\/wp-content\/uploads\/2025\/01\/atol-blanco-1-300x226.jpg 300w\" sizes=\"(max-width: 510px) 100vw, 510px\" \/>\n            <\/div>\n        <\/div><div class=\"eael-entry-wrapper\"><header class=\"eael-entry-header\"><h2 class=\"eael-entry-title\"><a class=\"eael-grid-post-link\" href=\"https:\/\/soymigrante.com\/revista\/atol-blanco-es-sabor-ancestral-que-nutre-se-disfruta-y-conecta-comunidades\/\" title=\"Atol Blanco es sabor ancestral que nutre, se disfruta y conecta  comunidades\">Atol Blanco es sabor ancestral que nutre, se disfruta y conecta  comunidades<\/a><\/h2><\/header><div class=\"eael-entry-content\">\n                        <div class=\"eael-grid-post-excerpt\"><a href=\"https:\/\/soymigrante.com\/revista\/atol-blanco-es-sabor-ancestral-que-nutre-se-disfruta-y-conecta-comunidades\/\" class=\"eael-post-elements-readmore-btn\">CONOCE SU HISTORIA <\/a><\/div>\n                    <\/div><\/div><\/div>\n        <\/div>\n    <\/article><article class=\"eael-grid-post  eael-post-grid-column eael-pg-post-7680 category-bienestar\" data-id=\"7680\">\n        <div class=\"eael-grid-post-holder\">\n            <div class=\"eael-grid-post-holder-inner\"><div class=\"eael-entry-media\"><div class=\"eael-entry-overlay fade-in\"><i class=\"far fa-hand-pointer\" aria-hidden=\"true\"><\/i><a href=\"https:\/\/soymigrante.com\/revista\/cual-es-el-origen-del-maiz-este-alimento-es-100-guatemalteco\/\"><\/a><\/div><div class=\"eael-entry-thumbnail \">\n                <img loading=\"lazy\" decoding=\"async\" width=\"1024\" height=\"682\" src=\"https:\/\/soymigrante.com\/revista\/wp-content\/uploads\/2024\/07\/corn-1235895_1280-1024x682.webp\" class=\"attachment-large size-large wp-image-7685\" alt=\"Ma\u00edz nativo diverso en colores y variedades, tradicional en la cultura agr\u00edcola latinoamericana, ilustrando la riqueza y diversidad de los cultivos tradicionales.\" \/>\n            <\/div>\n        <\/div><div class=\"eael-entry-wrapper\"><header class=\"eael-entry-header\"><h2 class=\"eael-entry-title\"><a class=\"eael-grid-post-link\" href=\"https:\/\/soymigrante.com\/revista\/cual-es-el-origen-del-maiz-este-alimento-es-100-guatemalteco\/\" title=\"\u00bfCu\u00e1l es el origen del ma\u00edz? Este alimento es 100% guatemalteco\">\u00bfCu\u00e1l es el origen del ma\u00edz? Este alimento es 100% guatemalteco<\/a><\/h2><\/header><div class=\"eael-entry-content\">\n                        <div class=\"eael-grid-post-excerpt\"><a href=\"https:\/\/soymigrante.com\/revista\/cual-es-el-origen-del-maiz-este-alimento-es-100-guatemalteco\/\" class=\"eael-post-elements-readmore-btn\">CONOCE SU HISTORIA <\/a><\/div>\n                    <\/div><\/div><\/div>\n        <\/div>\n    <\/article><article class=\"eael-grid-post  eael-post-grid-column eael-pg-post-5824 category-recetas-guatemaltecas\" data-id=\"5824\">\n        <div class=\"eael-grid-post-holder\">\n            <div class=\"eael-grid-post-holder-inner\"><div class=\"eael-entry-media\"><div class=\"eael-entry-overlay fade-in\"><i class=\"far fa-hand-pointer\" aria-hidden=\"true\"><\/i><a href=\"https:\/\/soymigrante.com\/revista\/receta-de-paches-quezaltecos-de-papa-que-delicia\/\"><\/a><\/div><div class=\"eael-entry-thumbnail \">\n                <img loading=\"lazy\" decoding=\"async\" width=\"1024\" height=\"681\" src=\"https:\/\/soymigrante.com\/revista\/wp-content\/uploads\/2024\/04\/receta-para-elaborar-paches-de-papa-xela-3-1024x681.webp\" class=\"attachment-large size-large wp-image-5825\" alt=\"receta para elaborar paches de papa xela. Recetas chapinas: Paches quezaltecos de papa \u00a1Qu\u00e9 delicia!\" srcset=\"https:\/\/soymigrante.com\/revista\/wp-content\/uploads\/2024\/04\/receta-para-elaborar-paches-de-papa-xela-3-1024x681.webp 1024w, https:\/\/soymigrante.com\/revista\/wp-content\/uploads\/2024\/04\/receta-para-elaborar-paches-de-papa-xela-3-300x200.webp 300w, https:\/\/soymigrante.com\/revista\/wp-content\/uploads\/2024\/04\/receta-para-elaborar-paches-de-papa-xela-3-768x511.webp 768w, https:\/\/soymigrante.com\/revista\/wp-content\/uploads\/2024\/04\/receta-para-elaborar-paches-de-papa-xela-3.webp 1920w\" sizes=\"(max-width: 1024px) 100vw, 1024px\" \/>\n            <\/div>\n        <\/div><div class=\"eael-entry-wrapper\"><header class=\"eael-entry-header\"><h2 class=\"eael-entry-title\"><a class=\"eael-grid-post-link\" href=\"https:\/\/soymigrante.com\/revista\/receta-de-paches-quezaltecos-de-papa-que-delicia\/\" title=\"Recetas chapinas: Paches quezaltecos de papa \u00a1Qu\u00e9 delicia!\">Recetas chapinas: Paches quezaltecos de papa \u00a1Qu\u00e9 delicia!<\/a><\/h2><\/header><div class=\"eael-entry-content\">\n                        <div class=\"eael-grid-post-excerpt\"><a href=\"https:\/\/soymigrante.com\/revista\/receta-de-paches-quezaltecos-de-papa-que-delicia\/\" class=\"eael-post-elements-readmore-btn\">CONOCE SU HISTORIA <\/a><\/div>\n                    <\/div><\/div><\/div>\n        <\/div>\n    <\/article><\/div>\n            <div class=\"clearfix\"><\/div>\n        <\/div>\t\t\t\t<\/div>\n\t\t\t\t\t<\/div>\n\t\t\t\t<\/div>\n\t\t\t\t<\/div>\n\t\t","protected":false},"excerpt":{"rendered":"<p>Guatemala es una potencia mundial del cultivo del cardamomo. De hecho tiene el primer lugar global en producci\u00f3n y exportaci\u00f3n de este grano arom\u00e1tico, que se vende sobre todo a pa\u00edses de Medio Oriente. Guatemala se ha posicionado como el principal exportador mundial de cardamomo, una especia arom\u00e1tica conocida por su alto valor en el [&hellip;]<\/p>\n","protected":false},"author":19,"featured_media":35091,"comment_status":"open","ping_status":"open","sticky":false,"template":"","format":"standard","meta":{"_acf_changed":false,"_eb_attr":"","footnotes":""},"categories":[58],"tags":[],"class_list":["post-34674","post","type-post","status-publish","format-standard","has-post-thumbnail","hentry","category-guate-nuestra"],"acf":[],"aioseo_notices":[],"aioseo_head":"\n\t\t<!-- All in One SEO Pro 4.9.6.2 - aioseo.com -->\n\t<meta name=\"description\" content=\"No hay guatemalteco, dentro o fuera del pa\u00eds, que no sepa lo que significa la expresi\u00f3n &quot;Jueves de paches&quot;: un platillo cl\u00e1sico de la gastronom\u00eda chapina. Esta es una receta de abuelita quetzalteca. Los paches de papa se encuentran dentro de esos sabores que distinguen a la comida chapina y que hasta tienen un d\u00eda\" \/>\n\t<meta name=\"robots\" content=\"max-snippet:-1, max-image-preview:large, max-video-preview:-1\" \/>\n\t<meta name=\"author\" content=\"Marysabel Aldana\"\/>\n\t<link rel=\"canonical\" href=\"https:\/\/soymigrante.com\/revista\/guatemala-es-la-potencia-mundial-del-cardamomo-el-oro-verde\/\" \/>\n\t<meta name=\"generator\" content=\"All in One SEO Pro (AIOSEO) 4.9.6.2\" \/>\n\n\t\t<link rel=\"preconnect\" href=\"https:\/\/fonts.googleapis.com\" crossorigin>\n<link rel=\"preconnect\" href=\"https:\/\/fonts.gstatic.com\" crossorigin>\n\t\t<meta property=\"og:locale\" content=\"es_ES\" \/>\n\t\t<meta property=\"og:site_name\" content=\"SoyMigrante.com REVISTA \u2013 Nuestra misi\u00f3n es reconocer y dignificar al migrante.\" \/>\n\t\t<meta property=\"og:type\" content=\"article\" \/>\n\t\t<meta property=\"og:title\" content=\"Guatemala es potencia mundial en producci\u00f3n de cardamomo\" \/>\n\t\t<meta property=\"og:description\" content=\"Cultivado mayoritariamente en Alta Verapaz, pero tambi\u00e9n en Pet\u00e9n, Izabal, Quich\u00e9 y Huehuetenango, el cardamomo guatemalteco se exporta a pa\u00edses de Oriente.\" \/>\n\t\t<meta property=\"og:url\" content=\"https:\/\/soymigrante.com\/revista\/guatemala-es-la-potencia-mundial-del-cardamomo-el-oro-verde\/\" \/>\n\t\t<meta property=\"og:image\" content=\"https:\/\/soymigrante.com\/revista\/wp-content\/uploads\/2025\/05\/cardamomo.webp\" \/>\n\t\t<meta property=\"og:image:secure_url\" content=\"https:\/\/soymigrante.com\/revista\/wp-content\/uploads\/2025\/05\/cardamomo.webp\" \/>\n\t\t<meta property=\"og:image:width\" content=\"1396\" \/>\n\t\t<meta property=\"og:image:height\" content=\"1396\" \/>\n\t\t<meta property=\"article:published_time\" content=\"2025-05-30T10:00:00+00:00\" \/>\n\t\t<meta property=\"article:modified_time\" content=\"2025-05-30T04:22:29+00:00\" \/>\n\t\t<meta property=\"article:publisher\" content=\"https:\/\/www.facebook.com\/soymigrantecom\" \/>\n\t\t<meta name=\"twitter:card\" content=\"summary_large_image\" \/>\n\t\t<meta name=\"twitter:site\" content=\"@SoyMigrante_com\" \/>\n\t\t<meta name=\"twitter:title\" content=\"Guatemala es potencia mundial en producci\u00f3n de cardamomo\" \/>\n\t\t<meta name=\"twitter:description\" content=\"Cultivado mayoritariamente en Alta Verapaz, pero tambi\u00e9n en Pet\u00e9n, Izabal, Quich\u00e9 y Huehuetenango, el cardamomo guatemalteco se exporta a pa\u00edses de Oriente.\" \/>\n\t\t<meta name=\"twitter:creator\" content=\"@SoyMigrante_com\" \/>\n\t\t<meta name=\"twitter:image\" content=\"https:\/\/soymigrante.com\/revista\/wp-content\/uploads\/2025\/05\/cardamomo.webp\" \/>\n\t\t<!-- All in One SEO Pro -->\r\n\t\t<title>Guatemala es potencia mundial en producci\u00f3n de cardamomo<\/title>\n\n","aioseo_head_json":{"title":"Guatemala es potencia mundial en producci\u00f3n de cardamomo","description":"Cultivado mayoritariamente en Alta Verapaz, pero tambi\u00e9n en Pet\u00e9n, Izabal, Quich\u00e9 y Huehuetenango, el cardamomo guatemalteco se exporta a pa\u00edses de Oriente.","canonical_url":"https:\/\/soymigrante.com\/revista\/guatemala-es-la-potencia-mundial-del-cardamomo-el-oro-verde\/","robots":"max-snippet:-1, max-image-preview:large, max-video-preview:-1","keywords":"","webmasterTools":{"miscellaneous":"&lt;link rel=\"preconnect\" href=\"https:\/\/fonts.googleapis.com\" crossorigin&gt;\n&lt;link rel=\"preconnect\" href=\"https:\/\/fonts.gstatic.com\" crossorigin&gt;"},"schema":null,"og:locale":"es_ES","og:site_name":"SoyMigrante.com REVISTA \u2013 Nuestra misi\u00f3n es reconocer y dignificar al migrante.","og:type":"article","og:title":"Guatemala es potencia mundial en producci\u00f3n de cardamomo","og:description":"Cultivado mayoritariamente en Alta Verapaz, pero tambi\u00e9n en Pet\u00e9n, Izabal, Quich\u00e9 y Huehuetenango, el cardamomo guatemalteco se exporta a pa\u00edses de Oriente.","og:url":"https:\/\/soymigrante.com\/revista\/guatemala-es-la-potencia-mundial-del-cardamomo-el-oro-verde\/","og:image":"https:\/\/soymigrante.com\/revista\/wp-content\/uploads\/2025\/05\/cardamomo.webp","og:image:secure_url":"https:\/\/soymigrante.com\/revista\/wp-content\/uploads\/2025\/05\/cardamomo.webp","og:image:width":1396,"og:image:height":1396,"article:published_time":"2025-05-30T10:00:00+00:00","article:modified_time":"2025-05-30T04:22:29+00:00","article:publisher":"https:\/\/www.facebook.com\/soymigrantecom","twitter:card":"summary_large_image","twitter:site":"@SoyMigrante_com","twitter:title":"Guatemala es potencia mundial en producci\u00f3n de cardamomo","twitter:description":"Cultivado mayoritariamente en Alta Verapaz, pero tambi\u00e9n en Pet\u00e9n, Izabal, Quich\u00e9 y Huehuetenango, el cardamomo guatemalteco se exporta a pa\u00edses de Oriente.","twitter:creator":"@SoyMigrante_com","twitter:image":"https:\/\/soymigrante.com\/revista\/wp-content\/uploads\/2025\/05\/cardamomo.webp"},"aioseo_meta_data":{"post_id":"34674","title":"Guatemala es potencia mundial en producci\u00f3n de cardamomo","description":"Cultivado mayoritariamente en Alta Verapaz, pero tambi\u00e9n en Pet\u00e9n, Izabal, Quich\u00e9 y Huehuetenango, el cardamomo guatemalteco se exporta a pa\u00edses de Oriente.","keywords":null,"keyphrases":{"focus":{"keyphrase":"Guatemala","score":91,"analysis":{"keyphraseInTitle":{"score":9,"maxScore":9,"error":0},"keyphraseInDescription":{"score":3,"maxScore":9,"error":1},"keyphraseLength":{"score":9,"maxScore":9,"error":0,"length":1},"keyphraseInURL":{"score":5,"maxScore":5,"error":0},"keyphraseInIntroduction":{"score":9,"maxScore":9,"error":0},"keyphraseInSubHeadings":{"score":9,"maxScore":9,"error":0},"keyphraseInImageAlt":{"score":9,"maxScore":9,"error":0},"keywordDensity":{"type":"best","score":9,"maxScore":9,"error":0}}},"additional":[{"keyphrase":"exportador","score":53,"analysis":{"keyphraseInDescription":{"score":3,"maxScore":9,"error":1},"keyphraseLength":{"score":9,"maxScore":9,"error":0,"length":1},"keyphraseInIntroduction":{"score":9,"maxScore":9,"error":0},"keyphraseInImageAlt":{"score":3,"maxScore":9,"error":1},"keywordDensity":{"score":0,"type":"low","maxScore":9,"error":1}}},{"keyphrase":"Cardamomo","score":100,"analysis":{"keyphraseInDescription":{"score":9,"maxScore":9,"error":0},"keyphraseLength":{"score":9,"maxScore":9,"error":0,"length":1},"keyphraseInIntroduction":{"score":9,"maxScore":9,"error":0},"keyphraseInImageAlt":{"score":9,"maxScore":9,"error":0},"keywordDensity":{"type":"best","score":9,"maxScore":9,"error":0}}}]},"primary_term":null,"canonical_url":null,"og_title":null,"og_description":null,"og_object_type":"default","og_image_type":"default","og_image_url":null,"og_image_width":null,"og_image_height":null,"og_image_custom_url":null,"og_image_custom_fields":null,"og_video":"","og_custom_url":null,"og_article_section":null,"og_article_tags":null,"twitter_use_og":false,"twitter_card":"default","twitter_image_type":"default","twitter_image_url":null,"twitter_image_custom_url":null,"twitter_image_custom_fields":null,"twitter_title":null,"twitter_description":null,"schema":{"blockGraphs":[],"customGraphs":[],"default":{"data":{"Article":[],"Course":[],"Dataset":[],"FAQPage":[],"Movie":[],"Person":[],"Product":[],"ProductReview":[],"Car":[],"Recipe":[],"Service":[],"SoftwareApplication":[],"WebPage":[]},"graphName":"none","isEnabled":true},"graphs":[]},"schema_type":"default","schema_type_options":null,"pillar_content":false,"robots_default":true,"robots_noindex":false,"robots_noarchive":false,"robots_nosnippet":false,"robots_nofollow":false,"robots_noimageindex":false,"robots_noodp":false,"robots_notranslate":false,"robots_max_snippet":"-1","robots_max_videopreview":"-1","robots_max_imagepreview":"large","priority":null,"frequency":"default","local_seo":null,"seo_analyzer_scan_date":"2025-10-09 05:30:12","breadcrumb_settings":null,"limit_modified_date":false,"reviewed_by":"0","open_ai":"{\"title\":{\"suggestions\":[],\"usage\":0},\"description\":{\"suggestions\":[],\"usage\":0}}","ai":null,"created":"2025-05-27 18:28:07","updated":"2026-02-04 23:51:19"},"aioseo_breadcrumb":"<div class=\"aioseo-breadcrumbs\"><span class=\"aioseo-breadcrumb\">\n\t<a href=\"https:\/\/soymigrante.com\/revista\" title=\"Home\">Home<\/a>\n<\/span><span class=\"aioseo-breadcrumb-separator\">\u00bb<\/span><span class=\"aioseo-breadcrumb\">\n\t<a href=\"https:\/\/soymigrante.com\/revista\/category\/guate-nuestra\/\" title=\"Guate Nuestra\">Guate Nuestra<\/a>\n<\/span><span class=\"aioseo-breadcrumb-separator\">\u00bb<\/span><span class=\"aioseo-breadcrumb\">\n\tGuatemala es potencia mundial de producci\u00f3n y exportaci\u00f3n de cardamomo: el \u201coro verde\u201d\n<\/span><\/div>","aioseo_breadcrumb_json":[{"label":"Home","link":"https:\/\/soymigrante.com\/revista"},{"label":"Guate Nuestra","link":"https:\/\/soymigrante.com\/revista\/category\/guate-nuestra\/"},{"label":"Guatemala es potencia mundial de producci\u00f3n y exportaci\u00f3n de cardamomo: el \u201coro verde\u201d","link":"https:\/\/soymigrante.com\/revista\/guatemala-es-la-potencia-mundial-del-cardamomo-el-oro-verde\/"}],"_links":{"self":[{"href":"https:\/\/soymigrante.com\/revista\/wp-json\/wp\/v2\/posts\/34674","targetHints":{"allow":["GET"]}}],"collection":[{"href":"https:\/\/soymigrante.com\/revista\/wp-json\/wp\/v2\/posts"}],"about":[{"href":"https:\/\/soymigrante.com\/revista\/wp-json\/wp\/v2\/types\/post"}],"author":[{"embeddable":true,"href":"https:\/\/soymigrante.com\/revista\/wp-json\/wp\/v2\/users\/19"}],"replies":[{"embeddable":true,"href":"https:\/\/soymigrante.com\/revista\/wp-json\/wp\/v2\/comments?post=34674"}],"version-history":[{"count":30,"href":"https:\/\/soymigrante.com\/revista\/wp-json\/wp\/v2\/posts\/34674\/revisions"}],"predecessor-version":[{"id":35094,"href":"https:\/\/soymigrante.com\/revista\/wp-json\/wp\/v2\/posts\/34674\/revisions\/35094"}],"wp:featuredmedia":[{"embeddable":true,"href":"https:\/\/soymigrante.com\/revista\/wp-json\/wp\/v2\/media\/35091"}],"wp:attachment":[{"href":"https:\/\/soymigrante.com\/revista\/wp-json\/wp\/v2\/media?parent=34674"}],"wp:term":[{"taxonomy":"category","embeddable":true,"href":"https:\/\/soymigrante.com\/revista\/wp-json\/wp\/v2\/categories?post=34674"},{"taxonomy":"post_tag","embeddable":true,"href":"https:\/\/soymigrante.com\/revista\/wp-json\/wp\/v2\/tags?post=34674"}],"curies":[{"name":"wp","href":"https:\/\/api.w.org\/{rel}","templated":true}]}}