{"id":34588,"date":"2025-05-27T04:00:00","date_gmt":"2025-05-27T10:00:00","guid":{"rendered":"https:\/\/soymigrante.com\/revista\/?p=34588"},"modified":"2025-05-26T22:32:25","modified_gmt":"2025-05-27T04:32:25","slug":"productos-guatemaltecos-migrantes-lo-que-se-cultiva-y-exporta","status":"publish","type":"post","link":"https:\/\/soymigrante.com\/revista\/productos-guatemaltecos-migrantes-lo-que-se-cultiva-y-exporta\/","title":{"rendered":"Productos guatemaltecos migrantes: lo que se cultiva y exporta"},"content":{"rendered":"\t\t<div data-elementor-type=\"wp-post\" data-elementor-id=\"34588\" class=\"elementor elementor-34588\" data-elementor-post-type=\"post\">\n\t\t\t\t<div data-particle_enable=\"false\" data-particle-mobile-disabled=\"false\" class=\"elementor-element elementor-element-9bc6c77 e-flex e-con-boxed e-con e-parent\" data-id=\"9bc6c77\" data-element_type=\"container\" data-e-type=\"container\">\n\t\t\t\t\t<div class=\"e-con-inner\">\n\t\t\t\t<div class=\"elementor-element elementor-element-ff83783 elementor-widget elementor-widget-heading\" data-id=\"ff83783\" data-element_type=\"widget\" data-e-type=\"widget\" data-widget_type=\"heading.default\">\n\t\t\t\t\t<h2 class=\"elementor-heading-title elementor-size-default\">Los productos migrantes guatemaltecos tienen un impacto global por su calidad y frescura. <\/h2>\t\t\t\t<\/div>\n\t\t\t\t\t<\/div>\n\t\t\t\t<\/div>\n\t\t<div data-particle_enable=\"false\" data-particle-mobile-disabled=\"false\" class=\"elementor-element elementor-element-4b6e74f e-flex e-con-boxed e-con e-parent\" data-id=\"4b6e74f\" data-element_type=\"container\" data-e-type=\"container\">\n\t\t\t\t\t<div class=\"e-con-inner\">\n\t\t\t\t<div class=\"elementor-element elementor-element-f2aefe3 elementor-widget elementor-widget-text-editor\" data-id=\"f2aefe3\" data-element_type=\"widget\" data-e-type=\"widget\" data-widget_type=\"text-editor.default\">\n\t\t\t\t\t\t\t\t\t<p>Los productos guatemaltecos tambi\u00e9n migran. <a href=\"https:\/\/soymigrante.com\/revista\/el-aguacate-guatemalteco-tambien-es-migrante-y-llega-al-mercado-de-ee-uu\/\" target=\"_blank\" rel=\"noopener\">Desde frutas tropicales hasta textiles artesanales, lo que se cultiva y produce en el pa\u00eds viaja miles de kil\u00f3metros para llegar a mesas, mercados y escaparates de distintas partes del mundo.<\/a><\/p><p>Detr\u00e1s de cada caja de banano o cada saco de caf\u00e9 exportado, hay manos guatemaltecas y una econom\u00eda nacional que se sostiene en gran parte gracias a estos ingresos.<\/p>\t\t\t\t\t\t\t\t<\/div>\n\t\t\t\t\t<\/div>\n\t\t\t\t<\/div>\n\t\t<div data-particle_enable=\"false\" data-particle-mobile-disabled=\"false\" class=\"elementor-element elementor-element-b246721 e-flex e-con-boxed e-con e-parent\" data-id=\"b246721\" data-element_type=\"container\" data-e-type=\"container\">\n\t\t\t\t\t<div class=\"e-con-inner\">\n\t\t\t\t<div class=\"elementor-element elementor-element-9e77a92 elementor-widget elementor-widget-heading\" data-id=\"9e77a92\" data-element_type=\"widget\" data-e-type=\"widget\" data-widget_type=\"heading.default\">\n\t\t\t\t\t<h3 class=\"elementor-heading-title elementor-size-default\">\u00bfA qu\u00e9 pa\u00edses se exporta Guatemala?<\/h3>\t\t\t\t<\/div>\n\t\t\t\t\t<\/div>\n\t\t\t\t<\/div>\n\t\t<div data-particle_enable=\"false\" data-particle-mobile-disabled=\"false\" class=\"elementor-element elementor-element-7cfab02 e-flex e-con-boxed e-con e-parent\" data-id=\"7cfab02\" data-element_type=\"container\" data-e-type=\"container\">\n\t\t\t\t\t<div class=\"e-con-inner\">\n\t\t\t\t<div class=\"elementor-element elementor-element-afc2d03 elementor-widget elementor-widget-text-editor\" data-id=\"afc2d03\" data-element_type=\"widget\" data-e-type=\"widget\" data-widget_type=\"text-editor.default\">\n\t\t\t\t\t\t\t\t\t<div><a href=\"https:\/\/soymigrante.com\/revista\/el-aguacate-guatemalteco-tambien-es-migrante-y-llega-al-mercado-de-ee-uu\/\" target=\"_blank\" rel=\"noopener\">Guatemala exporta productos a m\u00e1s de 130 pa\u00edses.<\/a> Sus principales socios comerciales son:<\/div><div>\u2022Estados Unidos, que recibe m\u00e1s del 30% del total de las exportaciones.<\/div><div>\u2022Centroam\u00e9rica (El Salvador, Honduras, Nicaragua, Costa Rica y Panam\u00e1), especialmente para productos industriales, alimentos y bebidas.<\/div><div>\u2022M\u00e9xico y pa\u00edses de Europa, como Alemania, B\u00e9lgica y Pa\u00edses Bajos, son tambi\u00e9n destinos clave, especialmente para productos agr\u00edcolas.<\/div><div>\u2022En a\u00f1os recientes, Asia ha comenzado a recibir mayores vol\u00famenes, con China e India mostrando inter\u00e9s por el az\u00facar y el cardamomo.<\/div>\t\t\t\t\t\t\t\t<\/div>\n\t\t\t\t\t<\/div>\n\t\t\t\t<\/div>\n\t\t<div data-particle_enable=\"false\" data-particle-mobile-disabled=\"false\" class=\"elementor-element elementor-element-23d94d8 e-flex e-con-boxed e-con e-parent\" data-id=\"23d94d8\" data-element_type=\"container\" data-e-type=\"container\">\n\t\t\t\t\t<div class=\"e-con-inner\">\n\t\t\t\t<div class=\"elementor-element elementor-element-627a105 elementor-widget elementor-widget-heading\" data-id=\"627a105\" data-element_type=\"widget\" data-e-type=\"widget\" data-widget_type=\"heading.default\">\n\t\t\t\t\t<h3 class=\"elementor-heading-title elementor-size-default\">\u00bfQu\u00e9 productos se exportan m\u00e1s?<\/h3>\t\t\t\t<\/div>\n\t\t\t\t\t<\/div>\n\t\t\t\t<\/div>\n\t\t<div data-particle_enable=\"false\" data-particle-mobile-disabled=\"false\" class=\"elementor-element elementor-element-1f481d3 e-flex e-con-boxed e-con e-parent\" data-id=\"1f481d3\" data-element_type=\"container\" data-e-type=\"container\">\n\t\t\t\t\t<div class=\"e-con-inner\">\n\t\t\t\t<div class=\"elementor-element elementor-element-c3f7f6d elementor-widget elementor-widget-text-editor\" data-id=\"c3f7f6d\" data-element_type=\"widget\" data-e-type=\"widget\" data-widget_type=\"text-editor.default\">\n\t\t\t\t\t\t\t\t\t<div><a href=\"https:\/\/soymigrante.com\/revista\/el-aguacate-guatemalteco-tambien-es-migrante-y-llega-al-mercado-de-ee-uu\/\" target=\"_blank\" rel=\"noopener\">Los productos estrella de la exportaci\u00f3n guatemalteca incluyen:<\/a><\/div><div><strong>\u2022Caf\u00e9<\/strong>: Uno de los principales productos desde el siglo XIX. Reconocido por su calidad y sabor, es altamente demandado en Estados Unidos, Europa y Jap\u00f3n.<\/div><div><strong>\u2022Banano:<\/strong> Otro gigante agr\u00edcola, exportado mayoritariamente hacia Estados Unidos.<\/div><div><strong>\u2022Cardamomo<\/strong>: Guatemala es el mayor exportador mundial de esta especia, con mercados en Medio Oriente, India y Europa.<\/div><div><strong>\u2022Az\u00facar:<\/strong> Uno de los productos agr\u00edcolas con mayor volumen de exportaci\u00f3n, principalmente hacia Am\u00e9rica y Asia.<\/div><div><strong>\u2022Vegetales frescos<\/strong> (guisquil, ejote franc\u00e9s, arveja china), frutas ex\u00f3ticas como mango, papaya y aguacate.<\/div><div><strong>\u2022Textiles y ropa<\/strong>: Hechos principalmente para el mercado estadounidense bajo reg\u00edmenes de maquila.<\/div><div>\u00a0<\/div><div>Tambi\u00e9n se exportan productos industriales, farmac\u00e9uticos, cosm\u00e9ticos naturales, bebidas y productos tradicionales como el ron guatemalteco, artesan\u00edas y chocolate de cacao puro.<\/div>\t\t\t\t\t\t\t\t<\/div>\n\t\t\t\t\t<\/div>\n\t\t\t\t<\/div>\n\t\t<div data-particle_enable=\"false\" data-particle-mobile-disabled=\"false\" class=\"elementor-element elementor-element-6933f11 e-flex e-con-boxed e-con e-parent\" data-id=\"6933f11\" data-element_type=\"container\" data-e-type=\"container\">\n\t\t\t\t\t<div class=\"e-con-inner\">\n\t\t\t\t<div class=\"elementor-element elementor-element-baa70c7 elementor-grid-eael-col-1 elementor-grid-tablet-eael-col-2 elementor-grid-mobile-eael-col-1 elementor-widget elementor-widget-eael-post-grid\" data-id=\"baa70c7\" data-element_type=\"widget\" data-e-type=\"widget\" data-settings=\"{&quot;eael_post_grid_columns&quot;:&quot;eael-col-1&quot;,&quot;eael_post_grid_columns_tablet&quot;:&quot;eael-col-2&quot;,&quot;eael_post_grid_columns_mobile&quot;:&quot;eael-col-1&quot;}\" data-widget_type=\"eael-post-grid.default\">\n\t\t\t\t\t<div id=\"eael-post-grid-baa70c7\" class=\"eael-post-grid-container\">\n            <div class=\"eael-post-grid eael-post-appender eael-post-appender-baa70c7 eael-post-grid-style-one\" data-layout-mode=\"masonry\"><article class=\"eael-grid-post  eael-post-grid-column eael-pg-post-13039 category-guate-nuestra\" data-id=\"13039\">\n        <div class=\"eael-grid-post-holder\">\n            <div class=\"eael-grid-post-holder-inner\"><div class=\"eael-entry-media\"><div class=\"eael-entry-overlay fade-in\"><i class=\"far fa-hand-pointer\" aria-hidden=\"true\"><\/i><a href=\"https:\/\/soymigrante.com\/revista\/el-aguacate-guatemalteco-tambien-es-migrante-y-llega-al-mercado-de-ee-uu\/\"><\/a><\/div><div class=\"eael-entry-thumbnail \">\n                <img fetchpriority=\"high\" decoding=\"async\" width=\"1024\" height=\"1024\" src=\"https:\/\/soymigrante.com\/revista\/wp-content\/uploads\/2024\/11\/aguacate-guatemalteco.webp\" class=\"attachment-large size-large wp-image-13252\" alt=\"Aguacate con semillas y banderas de Guatemala y Estados Unidos, s\u00edmbolo de migraci\u00f3n y comunidad latina.\" srcset=\"https:\/\/soymigrante.com\/revista\/wp-content\/uploads\/2024\/11\/aguacate-guatemalteco.webp 1024w, https:\/\/soymigrante.com\/revista\/wp-content\/uploads\/2024\/11\/aguacate-guatemalteco-300x300.jpg 300w, https:\/\/soymigrante.com\/revista\/wp-content\/uploads\/2024\/11\/aguacate-guatemalteco-150x150.jpg 150w, https:\/\/soymigrante.com\/revista\/wp-content\/uploads\/2024\/11\/aguacate-guatemalteco-768x768.jpg 768w, https:\/\/soymigrante.com\/revista\/wp-content\/uploads\/2024\/11\/aguacate-guatemalteco-75x75.webp 75w, https:\/\/soymigrante.com\/revista\/wp-content\/uploads\/2024\/11\/aguacate-guatemalteco-750x750.webp 750w\" sizes=\"(max-width: 1024px) 100vw, 1024px\" \/>\n            <\/div>\n        <\/div><div class=\"eael-entry-wrapper\"><header class=\"eael-entry-header\"><h2 class=\"eael-entry-title\"><a class=\"eael-grid-post-link\" href=\"https:\/\/soymigrante.com\/revista\/el-aguacate-guatemalteco-tambien-es-migrante-y-llega-al-mercado-de-ee-uu\/\" title=\"El aguacate guatemalteco tambi\u00e9n es migrante y est\u00e1 por llegar al mercado de Estados Unidos\">El aguacate guatemalteco tambi\u00e9n es migrante y est\u00e1 por llegar al mercado de Estados Unidos<\/a><\/h2><\/header><div class=\"eael-entry-content\">\n                        <div class=\"eael-grid-post-excerpt\"><a href=\"https:\/\/soymigrante.com\/revista\/el-aguacate-guatemalteco-tambien-es-migrante-y-llega-al-mercado-de-ee-uu\/\" class=\"eael-post-elements-readmore-btn\">CONOCE SU HISTORIA <\/a><\/div>\n                    <\/div><\/div><\/div>\n        <\/div>\n    <\/article><\/div>\n            <div class=\"clearfix\"><\/div>\n        <\/div>\t\t\t\t<\/div>\n\t\t\t\t\t<\/div>\n\t\t\t\t<\/div>\n\t\t<div data-particle_enable=\"false\" data-particle-mobile-disabled=\"false\" class=\"elementor-element elementor-element-a793944 e-flex e-con-boxed e-con e-parent\" data-id=\"a793944\" data-element_type=\"container\" data-e-type=\"container\">\n\t\t\t\t\t<div class=\"e-con-inner\">\n\t\t\t\t<div class=\"elementor-element elementor-element-ffabcfa elementor-widget elementor-widget-heading\" data-id=\"ffabcfa\" data-element_type=\"widget\" data-e-type=\"widget\" data-widget_type=\"heading.default\">\n\t\t\t\t\t<h3 class=\"elementor-heading-title elementor-size-default\">\u00bfDesde cu\u00e1ndo se exporta?<\/h3>\t\t\t\t<\/div>\n\t\t\t\t\t<\/div>\n\t\t\t\t<\/div>\n\t\t<div data-particle_enable=\"false\" data-particle-mobile-disabled=\"false\" class=\"elementor-element elementor-element-fd0d861 e-flex e-con-boxed e-con e-parent\" data-id=\"fd0d861\" data-element_type=\"container\" data-e-type=\"container\">\n\t\t\t\t\t<div class=\"e-con-inner\">\n\t\t\t\t<div class=\"elementor-element elementor-element-48be236 elementor-widget elementor-widget-text-editor\" data-id=\"48be236\" data-element_type=\"widget\" data-e-type=\"widget\" data-widget_type=\"text-editor.default\">\n\t\t\t\t\t\t\t\t\t<p>La exportaci\u00f3n en Guatemala tiene ra\u00edces hist\u00f3ricas. En el siglo XIX, el caf\u00e9 impuls\u00f3 la modernizaci\u00f3n del pa\u00eds y marc\u00f3 el inicio de la econom\u00eda de exportaci\u00f3n. Luego se sumaron productos como el banano (siglo XX), que transform\u00f3 la infraestructura nacional. <a href=\"https:\/\/soymigrante.com\/revista\/el-aguacate-guatemalteco-tambien-es-migrante-y-llega-al-mercado-de-ee-uu\/\" target=\"_blank\" rel=\"noopener\">Desde entonces, la econom\u00eda guatemalteca ha mantenido una fuerte dependencia de la exportaci\u00f3n agr\u00edcola.<\/a><\/p><p>En las \u00faltimas d\u00e9cadas, con tratados como el DR-CAFTA (Tratado de Libre Comercio entre Centroam\u00e9rica, Rep\u00fablica Dominicana y EE. UU.), y convenios con la Uni\u00f3n Europea, la presencia de productos guatemaltecos en el extranjero ha crecido de forma sostenida.<\/p>\t\t\t\t\t\t\t\t<\/div>\n\t\t\t\t\t<\/div>\n\t\t\t\t<\/div>\n\t\t<div data-particle_enable=\"false\" data-particle-mobile-disabled=\"false\" class=\"elementor-element elementor-element-694f824 e-flex e-con-boxed e-con e-parent\" data-id=\"694f824\" data-element_type=\"container\" data-e-type=\"container\">\n\t\t\t\t\t<div class=\"e-con-inner\">\n\t\t\t\t<div class=\"elementor-element elementor-element-3f899ca elementor-widget elementor-widget-heading\" data-id=\"3f899ca\" data-element_type=\"widget\" data-e-type=\"widget\" data-widget_type=\"heading.default\">\n\t\t\t\t\t<h3 class=\"elementor-heading-title elementor-size-default\">\u00bfQu\u00e9 se cultiva y qu\u00e9 representa para el pa\u00eds?<\/h3>\t\t\t\t<\/div>\n\t\t\t\t\t<\/div>\n\t\t\t\t<\/div>\n\t\t<div data-particle_enable=\"false\" data-particle-mobile-disabled=\"false\" class=\"elementor-element elementor-element-4359026 e-flex e-con-boxed e-con e-parent\" data-id=\"4359026\" data-element_type=\"container\" data-e-type=\"container\">\n\t\t\t\t\t<div class=\"e-con-inner\">\n\t\t\t\t<div class=\"elementor-element elementor-element-6c73b71 elementor-widget elementor-widget-text-editor\" data-id=\"6c73b71\" data-element_type=\"widget\" data-e-type=\"widget\" data-widget_type=\"text-editor.default\">\n\t\t\t\t\t\t\t\t\t<div><a href=\"https:\/\/soymigrante.com\/revista\/el-aguacate-guatemalteco-tambien-es-migrante-y-llega-al-mercado-de-ee-uu\/\" target=\"_blank\" rel=\"noopener\">Guatemala es un pa\u00eds agr\u00edcola por excelencia.<\/a> En las tierras del altiplano y las costas se cultivan:<\/div><div>\u2022Caf\u00e9 (Huehuetenango, Cob\u00e1n, Antigua, San Marcos)<\/div><div>\u2022Banano y pl\u00e1tano (Costa Sur)<\/div><div>\u2022Cardamomo (Alta Verapaz y regiones del norte)<\/div><div>\u2022Ca\u00f1a de az\u00facar (Costa Sur)<\/div><div>\u2022Hortalizas y frutas (regiones como Chimaltenango, Solol\u00e1, Sacatep\u00e9quez)<\/div><div>\u00a0<\/div><div>Adem\u00e1s, cultivos como el cacao, aguacate hass y macadamia est\u00e1n tomando fuerza como productos de exportaci\u00f3n emergente.<\/div>\t\t\t\t\t\t\t\t<\/div>\n\t\t\t\t\t<\/div>\n\t\t\t\t<\/div>\n\t\t<div data-particle_enable=\"false\" data-particle-mobile-disabled=\"false\" class=\"elementor-element elementor-element-88e5f81 e-flex e-con-boxed e-con e-parent\" data-id=\"88e5f81\" data-element_type=\"container\" data-e-type=\"container\">\n\t\t\t\t\t<div class=\"e-con-inner\">\n\t\t\t\t<div class=\"elementor-element elementor-element-d1af22f elementor-grid-eael-col-1 elementor-grid-tablet-eael-col-2 elementor-grid-mobile-eael-col-1 elementor-widget elementor-widget-eael-post-grid\" data-id=\"d1af22f\" data-element_type=\"widget\" data-e-type=\"widget\" data-settings=\"{&quot;eael_post_grid_columns&quot;:&quot;eael-col-1&quot;,&quot;eael_post_grid_columns_tablet&quot;:&quot;eael-col-2&quot;,&quot;eael_post_grid_columns_mobile&quot;:&quot;eael-col-1&quot;}\" data-widget_type=\"eael-post-grid.default\">\n\t\t\t\t\t<div id=\"eael-post-grid-d1af22f\" class=\"eael-post-grid-container\">\n            <div class=\"eael-post-grid eael-post-appender eael-post-appender-d1af22f eael-post-grid-style-one\" data-layout-mode=\"masonry\"><article class=\"eael-grid-post  eael-post-grid-column eael-pg-post-32077 category-guate-nuestra tags-mercado-emprendedores\" data-id=\"32077\">\n        <div class=\"eael-grid-post-holder\">\n            <div class=\"eael-grid-post-holder-inner\"><div class=\"eael-entry-media\"><div class=\"eael-entry-overlay fade-in\"><i class=\"far fa-hand-pointer\" aria-hidden=\"true\"><\/i><a href=\"https:\/\/soymigrante.com\/revista\/teddy-y-la-fabrica-de-chocolate-artesanal-vive-cacao-de-coban-esta-en-mercado\/\"><\/a><\/div><div class=\"eael-entry-thumbnail \">\n                <img decoding=\"async\" width=\"1024\" height=\"1024\" src=\"https:\/\/soymigrante.com\/revista\/wp-content\/uploads\/2025\/04\/cocoa-powder-and-beans-2024-12-21-02-58-00-utc-1024x1024.jpg\" class=\"attachment-large size-large wp-image-32078\" alt=\"Nueces de cacao y polvo de cacao en un saco de yute con menta, canela y an\u00eds estrellado, ingredientes esenciales en la cultura y gastronom\u00eda del cacao.\" srcset=\"https:\/\/soymigrante.com\/revista\/wp-content\/uploads\/2025\/04\/cocoa-powder-and-beans-2024-12-21-02-58-00-utc-1024x1024.jpg 1024w, https:\/\/soymigrante.com\/revista\/wp-content\/uploads\/2025\/04\/cocoa-powder-and-beans-2024-12-21-02-58-00-utc-300x300.jpg 300w, https:\/\/soymigrante.com\/revista\/wp-content\/uploads\/2025\/04\/cocoa-powder-and-beans-2024-12-21-02-58-00-utc-150x150.jpg 150w, https:\/\/soymigrante.com\/revista\/wp-content\/uploads\/2025\/04\/cocoa-powder-and-beans-2024-12-21-02-58-00-utc-768x768.jpg 768w, https:\/\/soymigrante.com\/revista\/wp-content\/uploads\/2025\/04\/cocoa-powder-and-beans-2024-12-21-02-58-00-utc-1536x1536.jpg 1536w, https:\/\/soymigrante.com\/revista\/wp-content\/uploads\/2025\/04\/cocoa-powder-and-beans-2024-12-21-02-58-00-utc-2048x2048.jpg 2048w, https:\/\/soymigrante.com\/revista\/wp-content\/uploads\/2025\/04\/cocoa-powder-and-beans-2024-12-21-02-58-00-utc-75x75.webp 75w, https:\/\/soymigrante.com\/revista\/wp-content\/uploads\/2025\/04\/cocoa-powder-and-beans-2024-12-21-02-58-00-utc-750x750.webp 750w, https:\/\/soymigrante.com\/revista\/wp-content\/uploads\/2025\/04\/cocoa-powder-and-beans-2024-12-21-02-58-00-utc-1140x1140.webp 1140w, https:\/\/soymigrante.com\/revista\/wp-content\/uploads\/2025\/04\/cocoa-powder-and-beans-2024-12-21-02-58-00-utc-scaled.webp 1920w\" sizes=\"(max-width: 1024px) 100vw, 1024px\" \/>\n            <\/div>\n        <\/div><div class=\"eael-entry-wrapper\"><header class=\"eael-entry-header\"><h2 class=\"eael-entry-title\"><a class=\"eael-grid-post-link\" href=\"https:\/\/soymigrante.com\/revista\/teddy-y-la-fabrica-de-chocolate-artesanal-vive-cacao-de-coban-esta-en-mercado\/\" title=\"Teddy y la f\u00e1brica de chocolate artesanal Vive Cacao, de Cob\u00e1n est\u00e1 en MERCADO\">Teddy y la f\u00e1brica de chocolate artesanal Vive Cacao, de Cob\u00e1n est\u00e1 en MERCADO<\/a><\/h2><\/header><div class=\"eael-entry-content\">\n                        <div class=\"eael-grid-post-excerpt\"><a href=\"https:\/\/soymigrante.com\/revista\/teddy-y-la-fabrica-de-chocolate-artesanal-vive-cacao-de-coban-esta-en-mercado\/\" class=\"eael-post-elements-readmore-btn\">CONOCE SU HISTORIA <\/a><\/div>\n                    <\/div><\/div><\/div>\n        <\/div>\n    <\/article><\/div>\n            <div class=\"clearfix\"><\/div>\n        <\/div>\t\t\t\t<\/div>\n\t\t\t\t\t<\/div>\n\t\t\t\t<\/div>\n\t\t<div data-particle_enable=\"false\" data-particle-mobile-disabled=\"false\" class=\"elementor-element elementor-element-e3a6d7a e-flex e-con-boxed e-con e-parent\" data-id=\"e3a6d7a\" data-element_type=\"container\" data-e-type=\"container\">\n\t\t\t\t\t<div class=\"e-con-inner\">\n\t\t\t\t<div class=\"elementor-element elementor-element-655b78b elementor-widget elementor-widget-heading\" data-id=\"655b78b\" data-element_type=\"widget\" data-e-type=\"widget\" data-widget_type=\"heading.default\">\n\t\t\t\t\t<h3 class=\"elementor-heading-title elementor-size-default\">\u00bfCu\u00e1nto ingreso generan las exportaciones?<\/h3>\t\t\t\t<\/div>\n\t\t\t\t\t<\/div>\n\t\t\t\t<\/div>\n\t\t<div data-particle_enable=\"false\" data-particle-mobile-disabled=\"false\" class=\"elementor-element elementor-element-ef66357 e-flex e-con-boxed e-con e-parent\" data-id=\"ef66357\" data-element_type=\"container\" data-e-type=\"container\">\n\t\t\t\t\t<div class=\"e-con-inner\">\n\t\t\t\t<div class=\"elementor-element elementor-element-c16ecea elementor-widget elementor-widget-text-editor\" data-id=\"c16ecea\" data-element_type=\"widget\" data-e-type=\"widget\" data-widget_type=\"text-editor.default\">\n\t\t\t\t\t\t\t\t\t<div>Seg\u00fan datos del <a href=\"https:\/\/soymigrante.com\/revista\/el-aguacate-guatemalteco-tambien-es-migrante-y-llega-al-mercado-de-ee-uu\/\" target=\"_blank\" rel=\"noopener\">Banco de Guatemala, en 2024<\/a> el pa\u00eds gener\u00f3 m\u00e1s de US$15,500 millones en exportaciones, una cifra hist\u00f3rica. Solo el sector agr\u00edcola represent\u00f3 cerca del 40% de ese total.<\/div><div>\u2022El caf\u00e9 aport\u00f3 m\u00e1s de US$1,000 millones<\/div><div>\u2022El cardamomo, pese a la fluctuaci\u00f3n de precios, alcanz\u00f3 m\u00e1s de US$600 millones<\/div><div>\u2022El az\u00facar super\u00f3 los US$900 millones<\/div><div>\u2022Los productos manufacturados y textiles tambi\u00e9n aportaron varios miles de millones.<\/div><div>\u00a0<\/div><div>Estas cifras no solo reflejan ingresos, sino tambi\u00e9n empleo: se estima que m\u00e1s de 1.5 millones de guatemaltecos trabajan directa o indirectamente en la cadena de exportaci\u00f3n.<\/div>\t\t\t\t\t\t\t\t<\/div>\n\t\t\t\t\t<\/div>\n\t\t\t\t<\/div>\n\t\t<div data-particle_enable=\"false\" data-particle-mobile-disabled=\"false\" class=\"elementor-element elementor-element-5bee441 e-flex e-con-boxed e-con e-parent\" data-id=\"5bee441\" data-element_type=\"container\" data-e-type=\"container\">\n\t\t\t\t\t<div class=\"e-con-inner\">\n\t\t\t\t<div class=\"elementor-element elementor-element-9397494 elementor-grid-eael-col-1 elementor-grid-tablet-eael-col-2 elementor-grid-mobile-eael-col-1 elementor-widget elementor-widget-eael-post-grid\" data-id=\"9397494\" data-element_type=\"widget\" data-e-type=\"widget\" data-settings=\"{&quot;eael_post_grid_columns&quot;:&quot;eael-col-1&quot;,&quot;eael_post_grid_columns_tablet&quot;:&quot;eael-col-2&quot;,&quot;eael_post_grid_columns_mobile&quot;:&quot;eael-col-1&quot;}\" data-widget_type=\"eael-post-grid.default\">\n\t\t\t\t\t<div id=\"eael-post-grid-9397494\" class=\"eael-post-grid-container\">\n            <div class=\"eael-post-grid eael-post-appender eael-post-appender-9397494 eael-post-grid-style-one\" data-layout-mode=\"masonry\"><article class=\"eael-grid-post  eael-post-grid-column eael-pg-post-25996 category-guate-nuestra\" data-id=\"25996\">\n        <div class=\"eael-grid-post-holder\">\n            <div class=\"eael-grid-post-holder-inner\"><div class=\"eael-entry-media\"><div class=\"eael-entry-overlay fade-in\"><i class=\"far fa-hand-pointer\" aria-hidden=\"true\"><\/i><a href=\"https:\/\/soymigrante.com\/revista\/pan-de-banano-guatemalteco-una-receta-llena-de-tradicion\/\"><\/a><\/div><div class=\"eael-entry-thumbnail \">\n                <img decoding=\"async\" width=\"259\" height=\"194\" src=\"https:\/\/soymigrante.com\/revista\/wp-content\/uploads\/2025\/02\/Pan-de-banano-3.webp\" class=\"attachment-large size-large wp-image-25997\" alt=\"Deliciosa barra de pan casero, producto de una panader\u00eda artesanal, ideal para desayunos y meriendas.\" \/>\n            <\/div>\n        <\/div><div class=\"eael-entry-wrapper\"><header class=\"eael-entry-header\"><h2 class=\"eael-entry-title\"><a class=\"eael-grid-post-link\" href=\"https:\/\/soymigrante.com\/revista\/pan-de-banano-guatemalteco-una-receta-llena-de-tradicion\/\" title=\"Pan de banano guatemalteco: una delicia llena de tradici\u00f3n\">Pan de banano guatemalteco: una delicia llena de tradici\u00f3n<\/a><\/h2><\/header><div class=\"eael-entry-content\">\n                        <div class=\"eael-grid-post-excerpt\"><a href=\"https:\/\/soymigrante.com\/revista\/pan-de-banano-guatemalteco-una-receta-llena-de-tradicion\/\" class=\"eael-post-elements-readmore-btn\">CONOCE SU HISTORIA <\/a><\/div>\n                    <\/div><\/div><\/div>\n        <\/div>\n    <\/article><\/div>\n            <div class=\"clearfix\"><\/div>\n        <\/div>\t\t\t\t<\/div>\n\t\t\t\t\t<\/div>\n\t\t\t\t<\/div>\n\t\t<div data-particle_enable=\"false\" data-particle-mobile-disabled=\"false\" class=\"elementor-element elementor-element-d19ba8d e-flex e-con-boxed e-con e-parent\" data-id=\"d19ba8d\" data-element_type=\"container\" data-e-type=\"container\">\n\t\t\t\t\t<div class=\"e-con-inner\">\n\t\t\t\t<div class=\"elementor-element elementor-element-1628a8b elementor-widget elementor-widget-heading\" data-id=\"1628a8b\" data-element_type=\"widget\" data-e-type=\"widget\" data-widget_type=\"heading.default\">\n\t\t\t\t\t<h3 class=\"elementor-heading-title elementor-size-default\">Un pa\u00eds que exporta historia, sabor y cultura<\/h3>\t\t\t\t<\/div>\n\t\t\t\t\t<\/div>\n\t\t\t\t<\/div>\n\t\t<div data-particle_enable=\"false\" data-particle-mobile-disabled=\"false\" class=\"elementor-element elementor-element-ae39190 e-flex e-con-boxed e-con e-parent\" data-id=\"ae39190\" data-element_type=\"container\" data-e-type=\"container\">\n\t\t\t\t\t<div class=\"e-con-inner\">\n\t\t\t\t<div class=\"elementor-element elementor-element-19833c9 elementor-widget elementor-widget-text-editor\" data-id=\"19833c9\" data-element_type=\"widget\" data-e-type=\"widget\" data-widget_type=\"text-editor.default\">\n\t\t\t\t\t\t\t\t\t<p><a href=\"https:\/\/soymigrante.com\/revista\/el-aguacate-guatemalteco-tambien-es-migrante-y-llega-al-mercado-de-ee-uu\/\" target=\"_blank\" rel=\"noopener\">Los productos guatemaltecos migrantes no son solo bienes econ\u00f3micos, tambi\u00e9n llevan consigo la identidad del pa\u00eds.<\/a> El aroma del caf\u00e9, el sabor del cardamomo, el color de los textiles, son embajadores culturales que abren puertas en el extranjero y conectan a los migrantes con sus ra\u00edces.<\/p><p>En cada rinc\u00f3n del mundo donde alguien disfruta un producto hecho en Guatemala, hay una parte del pa\u00eds que sigue latiendo, recordando que el trabajo de millones de manos sigue cruzando fronteras.<\/p>\t\t\t\t\t\t\t\t<\/div>\n\t\t\t\t\t<\/div>\n\t\t\t\t<\/div>\n\t\t<div data-particle_enable=\"false\" data-particle-mobile-disabled=\"false\" class=\"elementor-element elementor-element-68e67e4 e-flex e-con-boxed e-con e-parent\" data-id=\"68e67e4\" data-element_type=\"container\" data-e-type=\"container\">\n\t\t\t\t\t<div class=\"e-con-inner\">\n\t\t\t\t<div class=\"elementor-element elementor-element-47a7756 elementor-widget elementor-widget-heading\" data-id=\"47a7756\" data-element_type=\"widget\" data-e-type=\"widget\" data-widget_type=\"heading.default\">\n\t\t\t\t\t<h2 class=\"elementor-heading-title elementor-size-default\">Conoce m\u00e1s de Guatemala, ac\u00e1...<\/h2>\t\t\t\t<\/div>\n\t\t\t\t\t<\/div>\n\t\t\t\t<\/div>\n\t\t<div data-particle_enable=\"false\" data-particle-mobile-disabled=\"false\" class=\"elementor-element elementor-element-137dce8 e-flex e-con-boxed e-con e-parent\" data-id=\"137dce8\" data-element_type=\"container\" data-e-type=\"container\">\n\t\t\t\t\t<div class=\"e-con-inner\">\n\t\t\t\t<div class=\"elementor-element elementor-element-a015d2b elementor-grid-eael-col-3 elementor-grid-tablet-eael-col-2 elementor-grid-mobile-eael-col-1 elementor-widget elementor-widget-eael-post-grid\" data-id=\"a015d2b\" data-element_type=\"widget\" data-e-type=\"widget\" data-settings=\"{&quot;eael_post_grid_columns&quot;:&quot;eael-col-3&quot;,&quot;eael_post_grid_columns_tablet&quot;:&quot;eael-col-2&quot;,&quot;eael_post_grid_columns_mobile&quot;:&quot;eael-col-1&quot;}\" data-widget_type=\"eael-post-grid.default\">\n\t\t\t\t\t<div id=\"eael-post-grid-a015d2b\" class=\"eael-post-grid-container\">\n            <div class=\"eael-post-grid eael-post-appender eael-post-appender-a015d2b eael-post-grid-style-one\" data-layout-mode=\"masonry\"><article class=\"eael-grid-post  eael-post-grid-column eael-pg-post-13039 category-guate-nuestra\" data-id=\"13039\">\n        <div class=\"eael-grid-post-holder\">\n            <div class=\"eael-grid-post-holder-inner\"><div class=\"eael-entry-media\"><div class=\"eael-entry-overlay fade-in\"><i class=\"far fa-hand-pointer\" aria-hidden=\"true\"><\/i><a href=\"https:\/\/soymigrante.com\/revista\/el-aguacate-guatemalteco-tambien-es-migrante-y-llega-al-mercado-de-ee-uu\/\"><\/a><\/div><div class=\"eael-entry-thumbnail \">\n                <img fetchpriority=\"high\" decoding=\"async\" width=\"1024\" height=\"1024\" src=\"https:\/\/soymigrante.com\/revista\/wp-content\/uploads\/2024\/11\/aguacate-guatemalteco.webp\" class=\"attachment-large size-large wp-image-13252\" alt=\"Aguacate con semillas y banderas de Guatemala y Estados Unidos, s\u00edmbolo de migraci\u00f3n y comunidad latina.\" srcset=\"https:\/\/soymigrante.com\/revista\/wp-content\/uploads\/2024\/11\/aguacate-guatemalteco.webp 1024w, https:\/\/soymigrante.com\/revista\/wp-content\/uploads\/2024\/11\/aguacate-guatemalteco-300x300.jpg 300w, https:\/\/soymigrante.com\/revista\/wp-content\/uploads\/2024\/11\/aguacate-guatemalteco-150x150.jpg 150w, https:\/\/soymigrante.com\/revista\/wp-content\/uploads\/2024\/11\/aguacate-guatemalteco-768x768.jpg 768w, https:\/\/soymigrante.com\/revista\/wp-content\/uploads\/2024\/11\/aguacate-guatemalteco-75x75.webp 75w, https:\/\/soymigrante.com\/revista\/wp-content\/uploads\/2024\/11\/aguacate-guatemalteco-750x750.webp 750w\" sizes=\"(max-width: 1024px) 100vw, 1024px\" \/>\n            <\/div>\n        <\/div><div class=\"eael-entry-wrapper\"><header class=\"eael-entry-header\"><h2 class=\"eael-entry-title\"><a class=\"eael-grid-post-link\" href=\"https:\/\/soymigrante.com\/revista\/el-aguacate-guatemalteco-tambien-es-migrante-y-llega-al-mercado-de-ee-uu\/\" title=\"El aguacate guatemalteco tambi\u00e9n es migrante y est\u00e1 por llegar al mercado de Estados Unidos\">El aguacate guatemalteco tambi\u00e9n es migrante y est\u00e1 por llegar al mercado de Estados Unidos<\/a><\/h2><\/header><div class=\"eael-entry-content\">\n                        <div class=\"eael-grid-post-excerpt\"><a href=\"https:\/\/soymigrante.com\/revista\/el-aguacate-guatemalteco-tambien-es-migrante-y-llega-al-mercado-de-ee-uu\/\" class=\"eael-post-elements-readmore-btn\">CONOCE SU HISTORIA <\/a><\/div>\n                    <\/div><\/div><\/div>\n        <\/div>\n    <\/article><article class=\"eael-grid-post  eael-post-grid-column eael-pg-post-32077 category-guate-nuestra tags-mercado-emprendedores\" data-id=\"32077\">\n        <div class=\"eael-grid-post-holder\">\n            <div class=\"eael-grid-post-holder-inner\"><div class=\"eael-entry-media\"><div class=\"eael-entry-overlay fade-in\"><i class=\"far fa-hand-pointer\" aria-hidden=\"true\"><\/i><a href=\"https:\/\/soymigrante.com\/revista\/teddy-y-la-fabrica-de-chocolate-artesanal-vive-cacao-de-coban-esta-en-mercado\/\"><\/a><\/div><div class=\"eael-entry-thumbnail \">\n                <img decoding=\"async\" width=\"1024\" height=\"1024\" src=\"https:\/\/soymigrante.com\/revista\/wp-content\/uploads\/2025\/04\/cocoa-powder-and-beans-2024-12-21-02-58-00-utc-1024x1024.jpg\" class=\"attachment-large size-large wp-image-32078\" alt=\"Nueces de cacao y polvo de cacao en un saco de yute con menta, canela y an\u00eds estrellado, ingredientes esenciales en la cultura y gastronom\u00eda del cacao.\" srcset=\"https:\/\/soymigrante.com\/revista\/wp-content\/uploads\/2025\/04\/cocoa-powder-and-beans-2024-12-21-02-58-00-utc-1024x1024.jpg 1024w, https:\/\/soymigrante.com\/revista\/wp-content\/uploads\/2025\/04\/cocoa-powder-and-beans-2024-12-21-02-58-00-utc-300x300.jpg 300w, https:\/\/soymigrante.com\/revista\/wp-content\/uploads\/2025\/04\/cocoa-powder-and-beans-2024-12-21-02-58-00-utc-150x150.jpg 150w, https:\/\/soymigrante.com\/revista\/wp-content\/uploads\/2025\/04\/cocoa-powder-and-beans-2024-12-21-02-58-00-utc-768x768.jpg 768w, https:\/\/soymigrante.com\/revista\/wp-content\/uploads\/2025\/04\/cocoa-powder-and-beans-2024-12-21-02-58-00-utc-1536x1536.jpg 1536w, https:\/\/soymigrante.com\/revista\/wp-content\/uploads\/2025\/04\/cocoa-powder-and-beans-2024-12-21-02-58-00-utc-2048x2048.jpg 2048w, https:\/\/soymigrante.com\/revista\/wp-content\/uploads\/2025\/04\/cocoa-powder-and-beans-2024-12-21-02-58-00-utc-75x75.webp 75w, https:\/\/soymigrante.com\/revista\/wp-content\/uploads\/2025\/04\/cocoa-powder-and-beans-2024-12-21-02-58-00-utc-750x750.webp 750w, https:\/\/soymigrante.com\/revista\/wp-content\/uploads\/2025\/04\/cocoa-powder-and-beans-2024-12-21-02-58-00-utc-1140x1140.webp 1140w, https:\/\/soymigrante.com\/revista\/wp-content\/uploads\/2025\/04\/cocoa-powder-and-beans-2024-12-21-02-58-00-utc-scaled.webp 1920w\" sizes=\"(max-width: 1024px) 100vw, 1024px\" \/>\n            <\/div>\n        <\/div><div class=\"eael-entry-wrapper\"><header class=\"eael-entry-header\"><h2 class=\"eael-entry-title\"><a class=\"eael-grid-post-link\" href=\"https:\/\/soymigrante.com\/revista\/teddy-y-la-fabrica-de-chocolate-artesanal-vive-cacao-de-coban-esta-en-mercado\/\" title=\"Teddy y la f\u00e1brica de chocolate artesanal Vive Cacao, de Cob\u00e1n est\u00e1 en MERCADO\">Teddy y la f\u00e1brica de chocolate artesanal Vive Cacao, de Cob\u00e1n est\u00e1 en MERCADO<\/a><\/h2><\/header><div class=\"eael-entry-content\">\n                        <div class=\"eael-grid-post-excerpt\"><a href=\"https:\/\/soymigrante.com\/revista\/teddy-y-la-fabrica-de-chocolate-artesanal-vive-cacao-de-coban-esta-en-mercado\/\" class=\"eael-post-elements-readmore-btn\">CONOCE SU HISTORIA <\/a><\/div>\n                    <\/div><\/div><\/div>\n        <\/div>\n    <\/article><article class=\"eael-grid-post  eael-post-grid-column eael-pg-post-5499 category-estamos-unidos\" data-id=\"5499\">\n        <div class=\"eael-grid-post-holder\">\n            <div class=\"eael-grid-post-holder-inner\"><div class=\"eael-entry-media\"><div class=\"eael-entry-overlay fade-in\"><i class=\"far fa-hand-pointer\" aria-hidden=\"true\"><\/i><a href=\"https:\/\/soymigrante.com\/revista\/migrante-retornado-cafe-de-guatemala-campesinos-momostenango\/\"><\/a><\/div><div class=\"eael-entry-thumbnail \">\n                <img loading=\"lazy\" decoding=\"async\" width=\"1024\" height=\"668\" src=\"https:\/\/soymigrante.com\/revista\/wp-content\/uploads\/2024\/03\/Captura-de-pantalla-2024-03-19-093618-1024x668.webp\" class=\"attachment-large size-large wp-image-5500\" alt=\"Campesinos de Momostenango, Totonicap\u00e1n cultivan y cosechan el grano que llega a convertirse en la marca El alma del caf\u00e9 de Momostenango, distribuida por Momostipan, proyecto del migrante retornado Angel Ambrocio.\" srcset=\"https:\/\/soymigrante.com\/revista\/wp-content\/uploads\/2024\/03\/Captura-de-pantalla-2024-03-19-093618-1024x668.webp 1024w, https:\/\/soymigrante.com\/revista\/wp-content\/uploads\/2024\/03\/Captura-de-pantalla-2024-03-19-093618-300x196.webp 300w, https:\/\/soymigrante.com\/revista\/wp-content\/uploads\/2024\/03\/Captura-de-pantalla-2024-03-19-093618-768x501.webp 768w, https:\/\/soymigrante.com\/revista\/wp-content\/uploads\/2024\/03\/Captura-de-pantalla-2024-03-19-093618-750x489.webp 750w, https:\/\/soymigrante.com\/revista\/wp-content\/uploads\/2024\/03\/Captura-de-pantalla-2024-03-19-093618-1140x743.webp 1140w, https:\/\/soymigrante.com\/revista\/wp-content\/uploads\/2024\/03\/Captura-de-pantalla-2024-03-19-093618.webp 1353w\" sizes=\"(max-width: 1024px) 100vw, 1024px\" \/>\n            <\/div>\n        <\/div><div class=\"eael-entry-wrapper\"><header class=\"eael-entry-header\"><h2 class=\"eael-entry-title\"><a class=\"eael-grid-post-link\" href=\"https:\/\/soymigrante.com\/revista\/migrante-retornado-cafe-de-guatemala-campesinos-momostenango\/\" title=\"Caf\u00e9 de Guatemala: Migrante retornado impulsa a caficultores de Momostenango\">Caf\u00e9 de Guatemala: Migrante retornado impulsa a caficultores de Momostenango<\/a><\/h2><\/header><div class=\"eael-entry-content\">\n                        <div class=\"eael-grid-post-excerpt\"><a href=\"https:\/\/soymigrante.com\/revista\/migrante-retornado-cafe-de-guatemala-campesinos-momostenango\/\" class=\"eael-post-elements-readmore-btn\">CONOCE SU HISTORIA <\/a><\/div>\n                    <\/div><\/div><\/div>\n        <\/div>\n    <\/article><\/div>\n            <div class=\"clearfix\"><\/div>\n        <\/div>\t\t\t\t<\/div>\n\t\t\t\t\t<\/div>\n\t\t\t\t<\/div>\n\t\t\t\t<\/div>\n\t\t","protected":false},"excerpt":{"rendered":"<p>Los productos migrantes guatemaltecos tienen un impacto global por su calidad y frescura. Los productos guatemaltecos tambi\u00e9n migran. Desde frutas tropicales hasta textiles artesanales, lo que se cultiva y produce en el pa\u00eds viaja miles de kil\u00f3metros para llegar a mesas, mercados y escaparates de distintas partes del mundo. Detr\u00e1s de cada caja de banano [&hellip;]<\/p>\n","protected":false},"author":19,"featured_media":34589,"comment_status":"open","ping_status":"open","sticky":false,"template":"","format":"standard","meta":{"_acf_changed":false,"_eb_attr":"","footnotes":""},"categories":[58],"tags":[],"class_list":["post-34588","post","type-post","status-publish","format-standard","has-post-thumbnail","hentry","category-guate-nuestra"],"acf":[],"aioseo_notices":[],"aioseo_head":"\n\t\t<!-- All in One SEO Pro 4.9.6.2 - aioseo.com -->\n\t<meta name=\"description\" content=\"Alma del caf\u00e9 de Momostenango es el proyecto impulsado por el migrante \u00c1ngel Ambrocio y Momostip\u00e1n, que busca pagar precios dignos a los campesinos, procesar grano de alta calidad y distribuirlo sin fronteras. El migrante retornado guatemalteco sabe y disfruta la catadur\u00eda de caf\u00e9 todas las regiones del pa\u00eds. Est\u00e1 convencido de que Guatemala tiene\" \/>\n\t<meta name=\"robots\" content=\"max-snippet:-1, max-image-preview:large, max-video-preview:-1\" \/>\n\t<meta name=\"author\" content=\"Marysabel Aldana\"\/>\n\t<link rel=\"canonical\" href=\"https:\/\/soymigrante.com\/revista\/productos-guatemaltecos-migrantes-lo-que-se-cultiva-y-exporta\/\" \/>\n\t<meta name=\"generator\" content=\"All in One SEO Pro (AIOSEO) 4.9.6.2\" \/>\n\n\t\t<link rel=\"preconnect\" href=\"https:\/\/fonts.googleapis.com\" crossorigin>\n<link rel=\"preconnect\" href=\"https:\/\/fonts.gstatic.com\" crossorigin>\n\t\t<meta property=\"og:locale\" content=\"es_ES\" \/>\n\t\t<meta property=\"og:site_name\" content=\"SoyMigrante.com REVISTA \u2013 Nuestra misi\u00f3n es reconocer y dignificar al migrante.\" \/>\n\t\t<meta property=\"og:type\" content=\"article\" \/>\n\t\t<meta property=\"og:title\" content=\"Productos guatemaltecos migrantes: lo que se cultiva y exporta\" \/>\n\t\t<meta property=\"og:description\" content=\"Los productos migrantes guatemaltecos tienen un impacto global por su calidad y frescura. Los productos guatemaltecos tambi\u00e9n migran. Desde frutas tropicales hasta textiles artesanales, lo que se cultiva y produce en el pa\u00eds viaja miles de kil\u00f3metros para llegar a mesas, mercados y escaparates de distintas partes del mundo. Detr\u00e1s de cada caja de banano\" \/>\n\t\t<meta property=\"og:url\" content=\"https:\/\/soymigrante.com\/revista\/productos-guatemaltecos-migrantes-lo-que-se-cultiva-y-exporta\/\" \/>\n\t\t<meta property=\"og:image\" content=\"https:\/\/soymigrante.com\/revista\/wp-content\/uploads\/2025\/05\/cafe-e1748298090639.jpg\" \/>\n\t\t<meta property=\"og:image:secure_url\" content=\"https:\/\/soymigrante.com\/revista\/wp-content\/uploads\/2025\/05\/cafe-e1748298090639.jpg\" \/>\n\t\t<meta property=\"og:image:width\" content=\"657\" \/>\n\t\t<meta property=\"og:image:height\" content=\"657\" \/>\n\t\t<meta property=\"article:published_time\" content=\"2025-05-27T10:00:00+00:00\" \/>\n\t\t<meta property=\"article:modified_time\" content=\"2025-05-27T04:32:25+00:00\" \/>\n\t\t<meta property=\"article:publisher\" content=\"https:\/\/www.facebook.com\/soymigrantecom\" \/>\n\t\t<meta name=\"twitter:card\" content=\"summary_large_image\" \/>\n\t\t<meta name=\"twitter:site\" content=\"@SoyMigrante_com\" \/>\n\t\t<meta name=\"twitter:title\" content=\"Productos guatemaltecos migrantes: lo que se cultiva y exporta\" \/>\n\t\t<meta name=\"twitter:description\" content=\"Los productos migrantes guatemaltecos tienen un impacto global por su calidad y frescura. Los productos guatemaltecos tambi\u00e9n migran. Desde frutas tropicales hasta textiles artesanales, lo que se cultiva y produce en el pa\u00eds viaja miles de kil\u00f3metros para llegar a mesas, mercados y escaparates de distintas partes del mundo. Detr\u00e1s de cada caja de banano\" \/>\n\t\t<meta name=\"twitter:creator\" content=\"@SoyMigrante_com\" \/>\n\t\t<meta name=\"twitter:image\" content=\"https:\/\/soymigrante.com\/revista\/wp-content\/uploads\/2025\/05\/cafe-e1748298090639.jpg\" \/>\n\t\t<!-- All in One SEO Pro -->\r\n\t\t<title>Productos guatemaltecos migrantes: lo que se cultiva y exporta<\/title>\n\n","aioseo_head_json":{"title":"Productos guatemaltecos migrantes: lo que se cultiva y exporta","description":"Los productos migrantes guatemaltecos tienen un impacto global por su calidad y frescura. Los productos guatemaltecos tambi\u00e9n migran. Desde frutas tropicales hasta textiles artesanales, lo que se cultiva y produce en el pa\u00eds viaja miles de kil\u00f3metros para llegar a mesas, mercados y escaparates de distintas partes del mundo. Detr\u00e1s de cada caja de banano","canonical_url":"https:\/\/soymigrante.com\/revista\/productos-guatemaltecos-migrantes-lo-que-se-cultiva-y-exporta\/","robots":"max-snippet:-1, max-image-preview:large, max-video-preview:-1","keywords":"","webmasterTools":{"miscellaneous":"&lt;link rel=\"preconnect\" href=\"https:\/\/fonts.googleapis.com\" crossorigin&gt;\n&lt;link rel=\"preconnect\" href=\"https:\/\/fonts.gstatic.com\" crossorigin&gt;"},"schema":null,"og:locale":"es_ES","og:site_name":"SoyMigrante.com REVISTA \u2013 Nuestra misi\u00f3n es reconocer y dignificar al migrante.","og:type":"article","og:title":"Productos guatemaltecos migrantes: lo que se cultiva y exporta","og:description":"Los productos migrantes guatemaltecos tienen un impacto global por su calidad y frescura. Los productos guatemaltecos tambi\u00e9n migran. Desde frutas tropicales hasta textiles artesanales, lo que se cultiva y produce en el pa\u00eds viaja miles de kil\u00f3metros para llegar a mesas, mercados y escaparates de distintas partes del mundo. Detr\u00e1s de cada caja de banano","og:url":"https:\/\/soymigrante.com\/revista\/productos-guatemaltecos-migrantes-lo-que-se-cultiva-y-exporta\/","og:image":"https:\/\/soymigrante.com\/revista\/wp-content\/uploads\/2025\/05\/cafe-e1748298090639.jpg","og:image:secure_url":"https:\/\/soymigrante.com\/revista\/wp-content\/uploads\/2025\/05\/cafe-e1748298090639.jpg","og:image:width":657,"og:image:height":657,"article:published_time":"2025-05-27T10:00:00+00:00","article:modified_time":"2025-05-27T04:32:25+00:00","article:publisher":"https:\/\/www.facebook.com\/soymigrantecom","twitter:card":"summary_large_image","twitter:site":"@SoyMigrante_com","twitter:title":"Productos guatemaltecos migrantes: lo que se cultiva y exporta","twitter:description":"Los productos migrantes guatemaltecos tienen un impacto global por su calidad y frescura. Los productos guatemaltecos tambi\u00e9n migran. Desde frutas tropicales hasta textiles artesanales, lo que se cultiva y produce en el pa\u00eds viaja miles de kil\u00f3metros para llegar a mesas, mercados y escaparates de distintas partes del mundo. Detr\u00e1s de cada caja de banano","twitter:creator":"@SoyMigrante_com","twitter:image":"https:\/\/soymigrante.com\/revista\/wp-content\/uploads\/2025\/05\/cafe-e1748298090639.jpg"},"aioseo_meta_data":{"post_id":"34588","title":null,"description":null,"keywords":null,"keyphrases":{"focus":{"keyphrase":"guatemaltecos","score":82,"analysis":{"keyphraseInTitle":{"score":9,"maxScore":9,"error":0},"keyphraseInDescription":{"score":9,"maxScore":9,"error":0},"keyphraseLength":{"score":9,"maxScore":9,"error":0,"length":1},"keyphraseInURL":{"score":5,"maxScore":5,"error":0},"keyphraseInIntroduction":{"score":9,"maxScore":9,"error":0},"keyphraseInSubHeadings":{"score":3,"maxScore":9,"error":1},"keyphraseInImageAlt":{"score":3,"maxScore":9,"error":1},"keywordDensity":{"type":"best","score":9,"maxScore":9,"error":0}}},"additional":[{"keyphrase":"guatemaltecos","score":87,"analysis":{"keyphraseInDescription":{"score":9,"maxScore":9,"error":0},"keyphraseLength":{"score":9,"maxScore":9,"error":0,"length":1},"keyphraseInIntroduction":{"score":9,"maxScore":9,"error":0},"keyphraseInImageAlt":{"score":3,"maxScore":9,"error":1},"keywordDensity":{"type":"best","score":9,"maxScore":9,"error":0}}},{"keyphrase":"Migrantes","score":53,"analysis":{"keyphraseInDescription":{"score":9,"maxScore":9,"error":0},"keyphraseLength":{"score":9,"maxScore":9,"error":0,"length":1},"keyphraseInIntroduction":{"score":3,"maxScore":9,"error":1},"keyphraseInImageAlt":{"score":3,"maxScore":9,"error":1},"keywordDensity":{"score":0,"type":"low","maxScore":9,"error":1}}}]},"primary_term":null,"canonical_url":null,"og_title":null,"og_description":null,"og_object_type":"default","og_image_type":"default","og_image_url":null,"og_image_width":null,"og_image_height":null,"og_image_custom_url":null,"og_image_custom_fields":null,"og_video":"","og_custom_url":null,"og_article_section":null,"og_article_tags":null,"twitter_use_og":false,"twitter_card":"default","twitter_image_type":"default","twitter_image_url":null,"twitter_image_custom_url":null,"twitter_image_custom_fields":null,"twitter_title":null,"twitter_description":null,"schema":{"blockGraphs":[],"customGraphs":[],"default":{"data":{"Article":[],"Course":[],"Dataset":[],"FAQPage":[],"Movie":[],"Person":[],"Product":[],"ProductReview":[],"Car":[],"Recipe":[],"Service":[],"SoftwareApplication":[],"WebPage":[]},"graphName":"none","isEnabled":true},"graphs":[]},"schema_type":"default","schema_type_options":null,"pillar_content":false,"robots_default":true,"robots_noindex":false,"robots_noarchive":false,"robots_nosnippet":false,"robots_nofollow":false,"robots_noimageindex":false,"robots_noodp":false,"robots_notranslate":false,"robots_max_snippet":"-1","robots_max_videopreview":"-1","robots_max_imagepreview":"large","priority":null,"frequency":"default","local_seo":null,"seo_analyzer_scan_date":"2025-10-09 05:27:46","breadcrumb_settings":null,"limit_modified_date":false,"reviewed_by":null,"open_ai":"{\"title\":{\"suggestions\":[],\"usage\":0},\"description\":{\"suggestions\":[],\"usage\":0}}","ai":null,"created":"2025-05-26 22:21:31","updated":"2026-02-04 23:49:35"},"aioseo_breadcrumb":"<div class=\"aioseo-breadcrumbs\"><span class=\"aioseo-breadcrumb\">\n\t<a href=\"https:\/\/soymigrante.com\/revista\" title=\"Home\">Home<\/a>\n<\/span><span class=\"aioseo-breadcrumb-separator\">\u00bb<\/span><span class=\"aioseo-breadcrumb\">\n\t<a href=\"https:\/\/soymigrante.com\/revista\/category\/guate-nuestra\/\" title=\"Guate Nuestra\">Guate Nuestra<\/a>\n<\/span><span class=\"aioseo-breadcrumb-separator\">\u00bb<\/span><span class=\"aioseo-breadcrumb\">\n\tProductos guatemaltecos migrantes: lo que se cultiva y exporta\n<\/span><\/div>","aioseo_breadcrumb_json":[{"label":"Home","link":"https:\/\/soymigrante.com\/revista"},{"label":"Guate Nuestra","link":"https:\/\/soymigrante.com\/revista\/category\/guate-nuestra\/"},{"label":"Productos guatemaltecos migrantes: lo que se cultiva y exporta","link":"https:\/\/soymigrante.com\/revista\/productos-guatemaltecos-migrantes-lo-que-se-cultiva-y-exporta\/"}],"_links":{"self":[{"href":"https:\/\/soymigrante.com\/revista\/wp-json\/wp\/v2\/posts\/34588","targetHints":{"allow":["GET"]}}],"collection":[{"href":"https:\/\/soymigrante.com\/revista\/wp-json\/wp\/v2\/posts"}],"about":[{"href":"https:\/\/soymigrante.com\/revista\/wp-json\/wp\/v2\/types\/post"}],"author":[{"embeddable":true,"href":"https:\/\/soymigrante.com\/revista\/wp-json\/wp\/v2\/users\/19"}],"replies":[{"embeddable":true,"href":"https:\/\/soymigrante.com\/revista\/wp-json\/wp\/v2\/comments?post=34588"}],"version-history":[{"count":35,"href":"https:\/\/soymigrante.com\/revista\/wp-json\/wp\/v2\/posts\/34588\/revisions"}],"predecessor-version":[{"id":34641,"href":"https:\/\/soymigrante.com\/revista\/wp-json\/wp\/v2\/posts\/34588\/revisions\/34641"}],"wp:featuredmedia":[{"embeddable":true,"href":"https:\/\/soymigrante.com\/revista\/wp-json\/wp\/v2\/media\/34589"}],"wp:attachment":[{"href":"https:\/\/soymigrante.com\/revista\/wp-json\/wp\/v2\/media?parent=34588"}],"wp:term":[{"taxonomy":"category","embeddable":true,"href":"https:\/\/soymigrante.com\/revista\/wp-json\/wp\/v2\/categories?post=34588"},{"taxonomy":"post_tag","embeddable":true,"href":"https:\/\/soymigrante.com\/revista\/wp-json\/wp\/v2\/tags?post=34588"}],"curies":[{"name":"wp","href":"https:\/\/api.w.org\/{rel}","templated":true}]}}