{"id":34557,"date":"2025-05-29T16:18:16","date_gmt":"2025-05-29T22:18:16","guid":{"rendered":"https:\/\/soymigrante.com\/revista\/?p=34557"},"modified":"2025-08-27T10:03:24","modified_gmt":"2025-08-27T16:03:24","slug":"el-corazon-partido-entre-naciones-el-gran-costo-emocional-para-el-migrante","status":"publish","type":"post","link":"https:\/\/soymigrante.com\/revista\/el-corazon-partido-entre-naciones-el-gran-costo-emocional-para-el-migrante\/","title":{"rendered":"El coraz\u00f3n partido entre naciones: el gran costo emocional para el migrante"},"content":{"rendered":"\t\t<div data-elementor-type=\"wp-post\" data-elementor-id=\"34557\" class=\"elementor elementor-34557\" data-elementor-post-type=\"post\">\n\t\t\t\t<div data-particle_enable=\"false\" data-particle-mobile-disabled=\"false\" class=\"elementor-element elementor-element-8a6677f e-flex e-con-boxed e-con e-parent\" data-id=\"8a6677f\" data-element_type=\"container\" data-e-type=\"container\">\n\t\t\t\t\t<div class=\"e-con-inner\">\n\t\t\t\t<div class=\"elementor-element elementor-element-a63a1f6 elementor-widget elementor-widget-heading\" data-id=\"a63a1f6\" data-element_type=\"widget\" data-e-type=\"widget\" data-widget_type=\"heading.default\">\n\t\t\t\t\t<h2 class=\"elementor-heading-title elementor-size-default\">El costo emocional y existencial de ser migrante es alto, por dejar a sus familiares y cultura.<\/h2>\t\t\t\t<\/div>\n\t\t\t\t\t<\/div>\n\t\t\t\t<\/div>\n\t\t<div data-particle_enable=\"false\" data-particle-mobile-disabled=\"false\" class=\"elementor-element elementor-element-a18baaf e-flex e-con-boxed e-con e-parent\" data-id=\"a18baaf\" data-element_type=\"container\" data-e-type=\"container\">\n\t\t\t\t\t<div class=\"e-con-inner\">\n\t\t\t\t<div class=\"elementor-element elementor-element-af12e18 elementor-widget elementor-widget-text-editor\" data-id=\"af12e18\" data-element_type=\"widget\" data-e-type=\"widget\" data-widget_type=\"text-editor.default\">\n\t\t\t\t\t\t\t\t\t<p><a href=\"https:\/\/soymigrante.com\/revista\/consejos-para-ayudar-a-enfrentar-el-duelo-migratorio-en-ninos\/\" target=\"_blank\" rel=\"noopener\">Para quienes han migrado, vivir entre dos mundos es m\u00e1s que una met\u00e1fora.<\/a> Es una realidad constante. El coraz\u00f3n de quien parte queda dividido entre la tierra que lo vio nacer y aquella que le ofrece nuevas oportunidades.<\/p><p>Esta dualidad, muchas veces silenciosa, tiene un alto costo emocional y existencial que rara vez se visibiliza.<\/p><p>Los migrantes guatemaltecos en Estados Unidos, por ejemplo, suelen cargar con una sensaci\u00f3n de ausencia permanente. A pesar de trabajar duro, enviar remesas, y construir una vida desde cero, hay algo que no se puede transferir: la presencia.<\/p>\t\t\t\t\t\t\t\t<\/div>\n\t\t\t\t\t<\/div>\n\t\t\t\t<\/div>\n\t\t<div data-particle_enable=\"false\" data-particle-mobile-disabled=\"false\" class=\"elementor-element elementor-element-1e667ac e-flex e-con-boxed e-con e-parent\" data-id=\"1e667ac\" data-element_type=\"container\" data-e-type=\"container\">\n\t\t\t\t\t<div class=\"e-con-inner\">\n\t\t\t\t<div class=\"elementor-element elementor-element-aabf684 elementor-widget elementor-widget-image\" data-id=\"aabf684\" data-element_type=\"widget\" data-e-type=\"widget\" data-widget_type=\"image.default\">\n\t\t\t\t\t\t\t\t\t\t\t\t<figure class=\"wp-caption\">\n\t\t\t\t\t\t\t\t\t\t<img fetchpriority=\"high\" decoding=\"async\" width=\"768\" height=\"512\" src=\"https:\/\/soymigrante.com\/revista\/wp-content\/uploads\/2025\/05\/El-corazon-partido-entre-naciones-costo-emocional-del-migrante-1-1024x682.jpeg\" class=\"attachment-large size-large wp-image-34576\" alt=\"Diversi\u00f3n familiar al aire libre con ni\u00f1os y adultos jugando con burbujas en un parque verde. Fotos para revista SoyMigrante.com, que celebra la comunidad migrante y su integraci\u00f3n cultural.\" srcset=\"https:\/\/soymigrante.com\/revista\/wp-content\/uploads\/2025\/05\/El-corazon-partido-entre-naciones-costo-emocional-del-migrante-1-1024x682.jpeg 1024w, https:\/\/soymigrante.com\/revista\/wp-content\/uploads\/2025\/05\/El-corazon-partido-entre-naciones-costo-emocional-del-migrante-1-300x200.jpeg 300w, https:\/\/soymigrante.com\/revista\/wp-content\/uploads\/2025\/05\/El-corazon-partido-entre-naciones-costo-emocional-del-migrante-1-768x512.jpeg 768w, https:\/\/soymigrante.com\/revista\/wp-content\/uploads\/2025\/05\/El-corazon-partido-entre-naciones-costo-emocional-del-migrante-1-1536x1023.jpeg 1536w, https:\/\/soymigrante.com\/revista\/wp-content\/uploads\/2025\/05\/El-corazon-partido-entre-naciones-costo-emocional-del-migrante-1-750x500.webp 750w, https:\/\/soymigrante.com\/revista\/wp-content\/uploads\/2025\/05\/El-corazon-partido-entre-naciones-costo-emocional-del-migrante-1-1140x760.webp 1140w, https:\/\/soymigrante.com\/revista\/wp-content\/uploads\/2025\/05\/El-corazon-partido-entre-naciones-costo-emocional-del-migrante-1.webp 1600w\" sizes=\"(max-width: 768px) 100vw, 768px\" title=\"Los momentos que los migrantes m\u00e1s extra\u00f1an son cuando sus familias se re\u00fanen. (Foto: ENVATO) \u2013 SoyMigrante.com REVISTA\" \/>\t\t\t\t\t\t\t\t\t\t\t<figcaption class=\"widget-image-caption wp-caption-text\">Familia disfrutando en un parque, creando momentos felices y recordando la importancia de la uni\u00f3n y la diversidad cultural en la comunidad migrante.<\/figcaption>\n\t\t\t\t\t\t\t\t\t\t<\/figure>\n\t\t\t\t\t\t\t\t\t<\/div>\n\t\t\t\t\t<\/div>\n\t\t\t\t<\/div>\n\t\t<div data-particle_enable=\"false\" data-particle-mobile-disabled=\"false\" class=\"elementor-element elementor-element-f14a33c e-flex e-con-boxed e-con e-parent\" data-id=\"f14a33c\" data-element_type=\"container\" data-e-type=\"container\">\n\t\t\t\t\t<div class=\"e-con-inner\">\n\t\t\t\t<div class=\"elementor-element elementor-element-949e35f elementor-widget elementor-widget-heading\" data-id=\"949e35f\" data-element_type=\"widget\" data-e-type=\"widget\" data-widget_type=\"heading.default\">\n\t\t\t\t\t<h3 class=\"elementor-heading-title elementor-size-default\">Duelo migratorio<\/h3>\t\t\t\t<\/div>\n\t\t\t\t\t<\/div>\n\t\t\t\t<\/div>\n\t\t<div data-particle_enable=\"false\" data-particle-mobile-disabled=\"false\" class=\"elementor-element elementor-element-208cf5d e-flex e-con-boxed e-con e-parent\" data-id=\"208cf5d\" data-element_type=\"container\" data-e-type=\"container\">\n\t\t\t\t\t<div class=\"e-con-inner\">\n\t\t\t\t<div class=\"elementor-element elementor-element-30433cf elementor-widget elementor-widget-text-editor\" data-id=\"30433cf\" data-element_type=\"widget\" data-e-type=\"widget\" data-widget_type=\"text-editor.default\">\n\t\t\t\t\t\t\t\t\t<p>Los cumplea\u00f1os, bodas, graduaciones, funerales, o incluso un simple almuerzo familiar de domingo, suceden sin ellos. Y aunque la tecnolog\u00eda ayuda a estar \u201cpresentes\u201d, <a href=\"https:\/\/soymigrante.com\/revista\/consejos-para-ayudar-a-enfrentar-el-duelo-migratorio-en-ninos\/\" target=\"_blank\" rel=\"noopener\">no sustituye el abrazo, la mirada o la carcajada compartida.<\/a><\/p><p>\u201cUno trabaja con la mente aqu\u00ed, pero el coraz\u00f3n all\u00e1. A veces uno se pregunta si vale la pena tanto sacrificio\u201d, dice Marta G\u00f3mez, migrante guatemalteca en Nueva York desde hace siete a\u00f1os. \u201cMi hija ya es adolescente. Me la perd\u00ed de chiquita, y eso pesa\u201d.<\/p><p>El duelo migratorio \u2014ese sentimiento de p\u00e9rdida que acompa\u00f1a el desarraigo\u2014 no siempre se reconoce como tal. La nostalgia se acumula. Hay migrantes que sienten culpa por no estar en momentos importantes o por ver que sus familias siguen adelante sin ellos. Es una mezcla de orgullo y dolor. Orgullo por lo que se ha logrado, dolor por lo que no se ha vivido.<\/p>\t\t\t\t\t\t\t\t<\/div>\n\t\t\t\t\t<\/div>\n\t\t\t\t<\/div>\n\t\t<div data-particle_enable=\"false\" data-particle-mobile-disabled=\"false\" class=\"elementor-element elementor-element-8073726 e-flex e-con-boxed e-con e-parent\" data-id=\"8073726\" data-element_type=\"container\" data-e-type=\"container\">\n\t\t\t\t\t<div class=\"e-con-inner\">\n\t\t\t\t<div class=\"elementor-element elementor-element-c4c6596 elementor-grid-eael-col-1 elementor-grid-tablet-eael-col-2 elementor-grid-mobile-eael-col-1 elementor-widget elementor-widget-eael-post-grid\" data-id=\"c4c6596\" data-element_type=\"widget\" data-e-type=\"widget\" data-settings=\"{&quot;eael_post_grid_columns&quot;:&quot;eael-col-1&quot;,&quot;eael_post_grid_columns_tablet&quot;:&quot;eael-col-2&quot;,&quot;eael_post_grid_columns_mobile&quot;:&quot;eael-col-1&quot;}\" data-widget_type=\"eael-post-grid.default\">\n\t\t\t\t\t<div id=\"eael-post-grid-c4c6596\" class=\"eael-post-grid-container\">\n            <div class=\"eael-post-grid eael-post-appender eael-post-appender-c4c6596 eael-post-grid-style-one\" data-layout-mode=\"masonry\"><article class=\"eael-grid-post  eael-post-grid-column eael-pg-post-8629 category-salud-emocional tags-salud-emocional\" data-id=\"8629\">\n        <div class=\"eael-grid-post-holder\">\n            <div class=\"eael-grid-post-holder-inner\"><div class=\"eael-entry-media\"><div class=\"eael-entry-overlay fade-in\"><i class=\"far fa-hand-pointer\" aria-hidden=\"true\"><\/i><a href=\"https:\/\/soymigrante.com\/revista\/consejos-para-ayudar-a-enfrentar-el-duelo-migratorio-en-ninos\/\"><\/a><\/div><div class=\"eael-entry-thumbnail \">\n                <img decoding=\"async\" width=\"1024\" height=\"1024\" src=\"https:\/\/soymigrante.com\/revista\/wp-content\/uploads\/2024\/08\/Consejos-para-ayudar-a-enfrentar-el-duelo-migratorio-en-ninos2-scaled-e1725058578930-1024x1024.webp\" class=\"attachment-large size-large wp-image-8630\" alt=\"Perro de raza Golden Retriever con ni\u00f1a peque\u00f1a caminando por sendero de tierra, imagen en blanco y negro, enfoque en amistad y compa\u00f1\u00eda entre ni\u00f1os y mascotas.\" srcset=\"https:\/\/soymigrante.com\/revista\/wp-content\/uploads\/2024\/08\/Consejos-para-ayudar-a-enfrentar-el-duelo-migratorio-en-ninos2-scaled-e1725058578930-1024x1024.webp 1024w, https:\/\/soymigrante.com\/revista\/wp-content\/uploads\/2024\/08\/Consejos-para-ayudar-a-enfrentar-el-duelo-migratorio-en-ninos2-scaled-e1725058578930-300x300.webp 300w, https:\/\/soymigrante.com\/revista\/wp-content\/uploads\/2024\/08\/Consejos-para-ayudar-a-enfrentar-el-duelo-migratorio-en-ninos2-scaled-e1725058578930-150x150.webp 150w, https:\/\/soymigrante.com\/revista\/wp-content\/uploads\/2024\/08\/Consejos-para-ayudar-a-enfrentar-el-duelo-migratorio-en-ninos2-scaled-e1725058578930-768x768.webp 768w, https:\/\/soymigrante.com\/revista\/wp-content\/uploads\/2024\/08\/Consejos-para-ayudar-a-enfrentar-el-duelo-migratorio-en-ninos2-scaled-e1725058578930-75x75.webp 75w, https:\/\/soymigrante.com\/revista\/wp-content\/uploads\/2024\/08\/Consejos-para-ayudar-a-enfrentar-el-duelo-migratorio-en-ninos2-scaled-e1725058578930-750x750.webp 750w, https:\/\/soymigrante.com\/revista\/wp-content\/uploads\/2024\/08\/Consejos-para-ayudar-a-enfrentar-el-duelo-migratorio-en-ninos2-scaled-e1725058578930-1140x1140.webp 1140w, https:\/\/soymigrante.com\/revista\/wp-content\/uploads\/2024\/08\/Consejos-para-ayudar-a-enfrentar-el-duelo-migratorio-en-ninos2-scaled-e1725058578930.webp 1200w\" sizes=\"(max-width: 1024px) 100vw, 1024px\" \/>\n            <\/div>\n        <\/div><div class=\"eael-entry-wrapper\"><header class=\"eael-entry-header\"><h2 class=\"eael-entry-title\"><a class=\"eael-grid-post-link\" href=\"https:\/\/soymigrante.com\/revista\/consejos-para-ayudar-a-enfrentar-el-duelo-migratorio-en-ninos\/\" title=\"Consejos para ayudar a enfrentar el duelo migratorio en ni\u00f1os\">Consejos para ayudar a enfrentar el duelo migratorio en ni\u00f1os<\/a><\/h2><\/header><div class=\"eael-entry-content\">\n                        <div class=\"eael-grid-post-excerpt\"><a href=\"https:\/\/soymigrante.com\/revista\/consejos-para-ayudar-a-enfrentar-el-duelo-migratorio-en-ninos\/\" class=\"eael-post-elements-readmore-btn\">CONOCE SU HISTORIA <\/a><\/div>\n                    <\/div><\/div><\/div>\n        <\/div>\n    <\/article><\/div>\n            <div class=\"clearfix\"><\/div>\n        <\/div>\t\t\t\t<\/div>\n\t\t\t\t\t<\/div>\n\t\t\t\t<\/div>\n\t\t<div data-particle_enable=\"false\" data-particle-mobile-disabled=\"false\" class=\"elementor-element elementor-element-7a62309 e-flex e-con-boxed e-con e-parent\" data-id=\"7a62309\" data-element_type=\"container\" data-e-type=\"container\">\n\t\t\t\t\t<div class=\"e-con-inner\">\n\t\t\t\t<div class=\"elementor-element elementor-element-32731ca elementor-widget elementor-widget-heading\" data-id=\"32731ca\" data-element_type=\"widget\" data-e-type=\"widget\" data-widget_type=\"heading.default\">\n\t\t\t\t\t<h3 class=\"elementor-heading-title elementor-size-default\">C\u00f3mo sanar, resistir y valorar<\/h3>\t\t\t\t<\/div>\n\t\t\t\t\t<\/div>\n\t\t\t\t<\/div>\n\t\t<div data-particle_enable=\"false\" data-particle-mobile-disabled=\"false\" class=\"elementor-element elementor-element-38c867c e-flex e-con-boxed e-con e-parent\" data-id=\"38c867c\" data-element_type=\"container\" data-e-type=\"container\">\n\t\t\t\t\t<div class=\"e-con-inner\">\n\t\t\t\t<div class=\"elementor-element elementor-element-683ace9 elementor-widget elementor-widget-text-editor\" data-id=\"683ace9\" data-element_type=\"widget\" data-e-type=\"widget\" data-widget_type=\"text-editor.default\">\n\t\t\t\t\t\t\t\t\t<p><a href=\"https:\/\/soymigrante.com\/revista\/consejos-para-ayudar-a-enfrentar-el-duelo-migratorio-en-ninos\/\" target=\"_blank\" rel=\"noopener\">A pesar de este peso emocional, existen caminos para transitar el proceso con m\u00e1s conciencia y bienestar<\/a>. Aqu\u00ed algunos consejos \u00fatiles:<\/p><p><strong>1. Reconoce tus emociones:<\/strong><br \/>Sentir tristeza, frustraci\u00f3n o culpa no te hace d\u00e9bil. Es parte del proceso. Hablar de lo que sientes con otros migrantes, familiares o profesionales puede aliviar la carga.<\/p><p><strong>2. Revalora tu esfuerzo:<\/strong><br \/>El trabajo que haces no solo sostiene econ\u00f3micamente a tu familia, tambi\u00e9n es un acto de amor y sacrificio. Mereces reconocer tu esfuerzo sin minimizarlo.<\/p><p><strong>3. Crea nuevas tradiciones:<\/strong><br \/>Si no puedes estar en casa para un cumplea\u00f1os, organiza una videollamada especial, env\u00eda un regalo simb\u00f3lico o guarda una tradici\u00f3n compartida. Esas acciones ayudan a mantener el v\u00ednculo.<\/p><p><strong>4. Date espacios para ti:<\/strong><br \/>A veces, el migrante se olvida de s\u00ed mismo. Busca momentos para descansar, aprender algo nuevo o simplemente disfrutar. Tu bienestar tambi\u00e9n importa.<\/p><p><strong>5. Recuerda tu prop\u00f3sito:<\/strong><br \/>Volver a las razones que te hicieron migrar puede darte fuerza en los d\u00edas dif\u00edciles. Est\u00e1s construyendo un futuro que importa, aunque a veces cueste.<\/p>\t\t\t\t\t\t\t\t<\/div>\n\t\t\t\t\t<\/div>\n\t\t\t\t<\/div>\n\t\t<div data-particle_enable=\"false\" data-particle-mobile-disabled=\"false\" class=\"elementor-element elementor-element-ab13524 e-flex e-con-boxed e-con e-parent\" data-id=\"ab13524\" data-element_type=\"container\" data-e-type=\"container\">\n\t\t\t\t\t<div class=\"e-con-inner\">\n\t\t\t\t<div class=\"elementor-element elementor-element-bf48d40 elementor-grid-eael-col-1 elementor-grid-tablet-eael-col-2 elementor-grid-mobile-eael-col-1 elementor-widget elementor-widget-eael-post-grid\" data-id=\"bf48d40\" data-element_type=\"widget\" data-e-type=\"widget\" data-settings=\"{&quot;eael_post_grid_columns&quot;:&quot;eael-col-1&quot;,&quot;eael_post_grid_columns_tablet&quot;:&quot;eael-col-2&quot;,&quot;eael_post_grid_columns_mobile&quot;:&quot;eael-col-1&quot;}\" data-widget_type=\"eael-post-grid.default\">\n\t\t\t\t\t<div id=\"eael-post-grid-bf48d40\" class=\"eael-post-grid-container\">\n            <div class=\"eael-post-grid eael-post-appender eael-post-appender-bf48d40 eael-post-grid-style-one\" data-layout-mode=\"masonry\"><article class=\"eael-grid-post  eael-post-grid-column eael-pg-post-1235 category-bienestar\" data-id=\"1235\">\n        <div class=\"eael-grid-post-holder\">\n            <div class=\"eael-grid-post-holder-inner\"><div class=\"eael-entry-media\"><div class=\"eael-entry-overlay fade-in\"><i class=\"far fa-hand-pointer\" aria-hidden=\"true\"><\/i><a href=\"https:\/\/soymigrante.com\/revista\/superar-emociones-negativas-al-migrar\/\"><\/a><\/div><div class=\"eael-entry-thumbnail \">\n                <img decoding=\"async\" width=\"1024\" height=\"1024\" src=\"https:\/\/soymigrante.com\/revista\/wp-content\/uploads\/2023\/06\/SUPERAR-MIGRACION-ARTICULO-HENRY-ARMAS-1-1024x1024.png\" class=\"attachment-large size-large wp-image-1236\" alt=\"\" srcset=\"https:\/\/soymigrante.com\/revista\/wp-content\/uploads\/2023\/06\/SUPERAR-MIGRACION-ARTICULO-HENRY-ARMAS-1-1024x1024.png 1024w, https:\/\/soymigrante.com\/revista\/wp-content\/uploads\/2023\/06\/SUPERAR-MIGRACION-ARTICULO-HENRY-ARMAS-1-300x300.webp 300w, https:\/\/soymigrante.com\/revista\/wp-content\/uploads\/2023\/06\/SUPERAR-MIGRACION-ARTICULO-HENRY-ARMAS-1-150x150.webp 150w, https:\/\/soymigrante.com\/revista\/wp-content\/uploads\/2023\/06\/SUPERAR-MIGRACION-ARTICULO-HENRY-ARMAS-1-768x768.png 768w, https:\/\/soymigrante.com\/revista\/wp-content\/uploads\/2023\/06\/SUPERAR-MIGRACION-ARTICULO-HENRY-ARMAS-1-1536x1536.png 1536w, https:\/\/soymigrante.com\/revista\/wp-content\/uploads\/2023\/06\/SUPERAR-MIGRACION-ARTICULO-HENRY-ARMAS-1-2048x2048.png 2048w, https:\/\/soymigrante.com\/revista\/wp-content\/uploads\/2023\/06\/SUPERAR-MIGRACION-ARTICULO-HENRY-ARMAS-1-75x75.webp 75w, https:\/\/soymigrante.com\/revista\/wp-content\/uploads\/2023\/06\/SUPERAR-MIGRACION-ARTICULO-HENRY-ARMAS-1-750x750.webp 750w, https:\/\/soymigrante.com\/revista\/wp-content\/uploads\/2023\/06\/SUPERAR-MIGRACION-ARTICULO-HENRY-ARMAS-1-1140x1140.png 1140w, https:\/\/soymigrante.com\/revista\/wp-content\/uploads\/2023\/06\/SUPERAR-MIGRACION-ARTICULO-HENRY-ARMAS-1-600x600.png 600w, https:\/\/soymigrante.com\/revista\/wp-content\/uploads\/2023\/06\/SUPERAR-MIGRACION-ARTICULO-HENRY-ARMAS-1.webp 1919w\" sizes=\"(max-width: 1024px) 100vw, 1024px\" \/>\n            <\/div>\n        <\/div><div class=\"eael-entry-wrapper\"><header class=\"eael-entry-header\"><h2 class=\"eael-entry-title\"><a class=\"eael-grid-post-link\" href=\"https:\/\/soymigrante.com\/revista\/superar-emociones-negativas-al-migrar\/\" title=\"Cinco herramientas para superar emociones negativas al migrar\">Cinco herramientas para superar emociones negativas al migrar<\/a><\/h2><\/header><div class=\"eael-entry-content\">\n                        <div class=\"eael-grid-post-excerpt\"><a href=\"https:\/\/soymigrante.com\/revista\/superar-emociones-negativas-al-migrar\/\" class=\"eael-post-elements-readmore-btn\">CONOCE SU HISTORIA <\/a><\/div>\n                    <\/div><\/div><\/div>\n        <\/div>\n    <\/article><\/div>\n            <div class=\"clearfix\"><\/div>\n        <\/div>\t\t\t\t<\/div>\n\t\t\t\t\t<\/div>\n\t\t\t\t<\/div>\n\t\t<div data-particle_enable=\"false\" data-particle-mobile-disabled=\"false\" class=\"elementor-element elementor-element-c9a94c9 e-flex e-con-boxed e-con e-parent\" data-id=\"c9a94c9\" data-element_type=\"container\" data-e-type=\"container\">\n\t\t\t\t\t<div class=\"e-con-inner\">\n\t\t\t\t<div class=\"elementor-element elementor-element-985278f elementor-widget elementor-widget-text-editor\" data-id=\"985278f\" data-element_type=\"widget\" data-e-type=\"widget\" data-widget_type=\"text-editor.default\">\n\t\t\t\t\t\t\t\t\t<p><a href=\"https:\/\/soymigrante.com\/revista\/consejos-para-ayudar-a-enfrentar-el-duelo-migratorio-en-ninos\/\" target=\"_blank\" rel=\"noopener\">El coraz\u00f3n migrante, aunque partido entre naciones, tambi\u00e9n es un coraz\u00f3n valiente.<\/a> Capaz de amar en dos idiomas, de abrazar a la distancia, de sembrar ra\u00edces en tierra ajena sin olvidar su origen. Reconocer ese valor es el primer paso para sanar las heridas del camino.<\/p>\t\t\t\t\t\t\t\t<\/div>\n\t\t\t\t\t<\/div>\n\t\t\t\t<\/div>\n\t\t<div data-particle_enable=\"false\" data-particle-mobile-disabled=\"false\" class=\"elementor-element elementor-element-5d8e4ea e-flex e-con-boxed e-con e-parent\" data-id=\"5d8e4ea\" data-element_type=\"container\" data-e-type=\"container\">\n\t\t\t\t\t<div class=\"e-con-inner\">\n\t\t\t\t<div class=\"elementor-element elementor-element-aa9092d elementor-widget elementor-widget-heading\" data-id=\"aa9092d\" data-element_type=\"widget\" data-e-type=\"widget\" data-widget_type=\"heading.default\">\n\t\t\t\t\t<h2 class=\"elementor-heading-title elementor-size-default\">Conoce estas historias inspiradoras, ac\u00e1...<\/h2>\t\t\t\t<\/div>\n\t\t\t\t\t<\/div>\n\t\t\t\t<\/div>\n\t\t<div data-particle_enable=\"false\" data-particle-mobile-disabled=\"false\" class=\"elementor-element elementor-element-1bda009 e-flex e-con-boxed e-con e-parent\" data-id=\"1bda009\" data-element_type=\"container\" data-e-type=\"container\">\n\t\t\t\t\t<div class=\"e-con-inner\">\n\t\t\t\t<div class=\"elementor-element elementor-element-d8a42d1 elementor-grid-eael-col-3 elementor-grid-tablet-eael-col-2 elementor-grid-mobile-eael-col-1 elementor-widget elementor-widget-eael-post-grid\" data-id=\"d8a42d1\" data-element_type=\"widget\" data-e-type=\"widget\" data-settings=\"{&quot;eael_post_grid_columns&quot;:&quot;eael-col-3&quot;,&quot;eael_post_grid_columns_tablet&quot;:&quot;eael-col-2&quot;,&quot;eael_post_grid_columns_mobile&quot;:&quot;eael-col-1&quot;}\" data-widget_type=\"eael-post-grid.default\">\n\t\t\t\t\t<div id=\"eael-post-grid-d8a42d1\" class=\"eael-post-grid-container\">\n            <div class=\"eael-post-grid eael-post-appender eael-post-appender-d8a42d1 eael-post-grid-style-one\" data-layout-mode=\"masonry\"><article class=\"eael-grid-post  eael-post-grid-column eael-pg-post-2281 category-exitos\" data-id=\"2281\">\n        <div class=\"eael-grid-post-holder\">\n            <div class=\"eael-grid-post-holder-inner\"><div class=\"eael-entry-media\"><div class=\"eael-entry-overlay fade-in\"><i class=\"far fa-hand-pointer\" aria-hidden=\"true\"><\/i><a href=\"https:\/\/soymigrante.com\/revista\/rosario-rodriguez-cineasta-guatemalteca-nueva-york\/\"><\/a><\/div><div class=\"eael-entry-thumbnail \">\n                <img loading=\"lazy\" decoding=\"async\" width=\"1024\" height=\"834\" src=\"https:\/\/soymigrante.com\/revista\/wp-content\/uploads\/2023\/08\/rosie-1024x834.webp\" class=\"attachment-large size-large wp-image-2341\" alt=\"Rosario Rodr\u00edguez, cineasta guatemalteca y migrante\" srcset=\"https:\/\/soymigrante.com\/revista\/wp-content\/uploads\/2023\/08\/rosie-1024x834.webp 1024w, https:\/\/soymigrante.com\/revista\/wp-content\/uploads\/2023\/08\/rosie-300x244.webp 300w, https:\/\/soymigrante.com\/revista\/wp-content\/uploads\/2023\/08\/rosie-768x626.webp 768w, https:\/\/soymigrante.com\/revista\/wp-content\/uploads\/2023\/08\/rosie-750x611.webp 750w, https:\/\/soymigrante.com\/revista\/wp-content\/uploads\/2023\/08\/rosie-1140x929.webp 1140w, https:\/\/soymigrante.com\/revista\/wp-content\/uploads\/2023\/08\/rosie.webp 1425w\" sizes=\"(max-width: 1024px) 100vw, 1024px\" \/>\n            <\/div>\n        <\/div><div class=\"eael-entry-wrapper\"><header class=\"eael-entry-header\"><h2 class=\"eael-entry-title\"><a class=\"eael-grid-post-link\" href=\"https:\/\/soymigrante.com\/revista\/rosario-rodriguez-cineasta-guatemalteca-nueva-york\/\" title=\"Rosario Rodr\u00edguez: La cineasta guatemalteca que brilla en Nueva York\">Rosario Rodr\u00edguez: La cineasta guatemalteca que brilla en Nueva York<\/a><\/h2><\/header><div class=\"eael-entry-content\">\n                        <div class=\"eael-grid-post-excerpt\"><a href=\"https:\/\/soymigrante.com\/revista\/rosario-rodriguez-cineasta-guatemalteca-nueva-york\/\" class=\"eael-post-elements-readmore-btn\">CONOCE SU HISTORIA <\/a><\/div>\n                    <\/div><\/div><\/div>\n        <\/div>\n    <\/article><article class=\"eael-grid-post  eael-post-grid-column eael-pg-post-1571 category-exitos tags-nueva-york\" data-id=\"1571\">\n        <div class=\"eael-grid-post-holder\">\n            <div class=\"eael-grid-post-holder-inner\"><div class=\"eael-entry-media\"><div class=\"eael-entry-overlay fade-in\"><i class=\"far fa-hand-pointer\" aria-hidden=\"true\"><\/i><a href=\"https:\/\/soymigrante.com\/revista\/esposos-migrantes-luchan-por-un-sueno-en-nueva-york\/\"><\/a><\/div><div class=\"eael-entry-thumbnail \">\n                <img loading=\"lazy\" decoding=\"async\" width=\"1024\" height=\"746\" src=\"https:\/\/soymigrante.com\/revista\/wp-content\/uploads\/2023\/06\/JUAN-E-IRIS-YOJCOM-REDES-1024x746.webp\" class=\"attachment-large size-large wp-image-1573\" alt=\"Juan e Iris Yojcom, esposos migrantes guatemaltecos en Nueva York.\" srcset=\"https:\/\/soymigrante.com\/revista\/wp-content\/uploads\/2023\/06\/JUAN-E-IRIS-YOJCOM-REDES-1024x746.webp 1024w, https:\/\/soymigrante.com\/revista\/wp-content\/uploads\/2023\/06\/JUAN-E-IRIS-YOJCOM-REDES-300x219.webp 300w, https:\/\/soymigrante.com\/revista\/wp-content\/uploads\/2023\/06\/JUAN-E-IRIS-YOJCOM-REDES-768x560.webp 768w, https:\/\/soymigrante.com\/revista\/wp-content\/uploads\/2023\/06\/JUAN-E-IRIS-YOJCOM-REDES-120x86.webp 120w, https:\/\/soymigrante.com\/revista\/wp-content\/uploads\/2023\/06\/JUAN-E-IRIS-YOJCOM-REDES-750x547.webp 750w, https:\/\/soymigrante.com\/revista\/wp-content\/uploads\/2023\/06\/JUAN-E-IRIS-YOJCOM-REDES.webp 1095w\" sizes=\"(max-width: 1024px) 100vw, 1024px\" \/>\n            <\/div>\n        <\/div><div class=\"eael-entry-wrapper\"><header class=\"eael-entry-header\"><h2 class=\"eael-entry-title\"><a class=\"eael-grid-post-link\" href=\"https:\/\/soymigrante.com\/revista\/esposos-migrantes-luchan-por-un-sueno-en-nueva-york\/\" title=\"Esposos migrantes luchan por un sue\u00f1o guatemalteco en Nueva York\">Esposos migrantes luchan por un sue\u00f1o guatemalteco en Nueva York<\/a><\/h2><\/header><div class=\"eael-entry-content\">\n                        <div class=\"eael-grid-post-excerpt\"><a href=\"https:\/\/soymigrante.com\/revista\/esposos-migrantes-luchan-por-un-sueno-en-nueva-york\/\" class=\"eael-post-elements-readmore-btn\">CONOCE SU HISTORIA <\/a><\/div>\n                    <\/div><\/div><\/div>\n        <\/div>\n    <\/article><article class=\"eael-grid-post  eael-post-grid-column eael-pg-post-763 category-exitos-guatemala tags-california\" data-id=\"763\">\n        <div class=\"eael-grid-post-holder\">\n            <div class=\"eael-grid-post-holder-inner\"><div class=\"eael-entry-media\"><div class=\"eael-entry-overlay fade-in\"><i class=\"far fa-hand-pointer\" aria-hidden=\"true\"><\/i><a href=\"https:\/\/soymigrante.com\/revista\/biologo-lustra-el-mayor-tesoro-de-guatemala\/\"><\/a><\/div><div class=\"eael-entry-thumbnail \">\n                <img loading=\"lazy\" decoding=\"async\" width=\"1024\" height=\"769\" src=\"https:\/\/soymigrante.com\/revista\/wp-content\/uploads\/2023\/03\/SOY-MIGRANTE-RENE-CORADO-BIOLOGO-4-1024x769.jpg\" class=\"attachment-large size-large wp-image-809\" alt=\"Ren\u00e9 Corado, migrante y biologo director del museo de aves de Oxnard, California\" srcset=\"https:\/\/soymigrante.com\/revista\/wp-content\/uploads\/2023\/03\/SOY-MIGRANTE-RENE-CORADO-BIOLOGO-4-1024x769.jpg 1024w, https:\/\/soymigrante.com\/revista\/wp-content\/uploads\/2023\/03\/SOY-MIGRANTE-RENE-CORADO-BIOLOGO-4-300x225.webp 300w, https:\/\/soymigrante.com\/revista\/wp-content\/uploads\/2023\/03\/SOY-MIGRANTE-RENE-CORADO-BIOLOGO-4-768x577.jpg 768w, https:\/\/soymigrante.com\/revista\/wp-content\/uploads\/2023\/03\/SOY-MIGRANTE-RENE-CORADO-BIOLOGO-4-1536x1154.jpg 1536w, https:\/\/soymigrante.com\/revista\/wp-content\/uploads\/2023\/03\/SOY-MIGRANTE-RENE-CORADO-BIOLOGO-4-2048x1539.jpg 2048w, https:\/\/soymigrante.com\/revista\/wp-content\/uploads\/2023\/03\/SOY-MIGRANTE-RENE-CORADO-BIOLOGO-4-750x563.webp 750w, https:\/\/soymigrante.com\/revista\/wp-content\/uploads\/2023\/03\/SOY-MIGRANTE-RENE-CORADO-BIOLOGO-4-1140x856.jpg 1140w, https:\/\/soymigrante.com\/revista\/wp-content\/uploads\/2023\/03\/SOY-MIGRANTE-RENE-CORADO-BIOLOGO-4-scaled.webp 1920w\" sizes=\"(max-width: 1024px) 100vw, 1024px\" \/>\n            <\/div>\n        <\/div><div class=\"eael-entry-wrapper\"><header class=\"eael-entry-header\"><h2 class=\"eael-entry-title\"><a class=\"eael-grid-post-link\" href=\"https:\/\/soymigrante.com\/revista\/biologo-lustra-el-mayor-tesoro-de-guatemala\/\" title=\"Bi\u00f3logo migrante Ren\u00e9 Corado lustra el mayor tesoro de Guatemala\">Bi\u00f3logo migrante Ren\u00e9 Corado lustra el mayor tesoro de Guatemala<\/a><\/h2><\/header><div class=\"eael-entry-content\">\n                        <div class=\"eael-grid-post-excerpt\"><a href=\"https:\/\/soymigrante.com\/revista\/biologo-lustra-el-mayor-tesoro-de-guatemala\/\" class=\"eael-post-elements-readmore-btn\">CONOCE SU HISTORIA <\/a><\/div>\n                    <\/div><\/div><\/div>\n        <\/div>\n    <\/article><\/div>\n            <div class=\"clearfix\"><\/div>\n        <\/div>\t\t\t\t<\/div>\n\t\t\t\t\t<\/div>\n\t\t\t\t<\/div>\n\t\t\t\t<\/div>\n\t\t","protected":false},"excerpt":{"rendered":"<p>El costo emocional y existencial de ser migrante es alto, por dejar a sus familiares y cultura. Para quienes han migrado, vivir entre dos mundos es m\u00e1s que una met\u00e1fora. Es una realidad constante. El coraz\u00f3n de quien parte queda dividido entre la tierra que lo vio nacer y aquella que le ofrece nuevas oportunidades. [&hellip;]<\/p>\n","protected":false},"author":19,"featured_media":34558,"comment_status":"open","ping_status":"open","sticky":false,"template":"","format":"standard","meta":{"_acf_changed":false,"_eb_attr":"","footnotes":""},"categories":[259],"tags":[260],"class_list":["post-34557","post","type-post","status-publish","format-standard","has-post-thumbnail","hentry","category-salud-emocional","tag-salud-emocional"],"acf":[],"aioseo_notices":[],"aioseo_head":"\n\t\t<!-- All in One SEO Pro 4.9.6.2 - aioseo.com -->\n\t<meta name=\"description\" content=\"El bi\u00f3logo, escritor y migrante Ren\u00e9 Corado dirige el museo de aves de Camarillo, California; su ni\u00f1ez en Guatemala fue dif\u00edcil y por eso impulsa la educaci\u00f3n en su pa\u00eds. La vida del migrante guatemalteco Ren\u00e9 Corado est\u00e1 hecha de imposibles convertidos en posibilidad. \u00bfC\u00f3mo un ni\u00f1o lustrador llega a ser director de uno de\" \/>\n\t<meta name=\"robots\" content=\"max-snippet:-1, max-image-preview:large, max-video-preview:-1\" \/>\n\t<meta name=\"author\" content=\"Marysabel Aldana\"\/>\n\t<link rel=\"canonical\" href=\"https:\/\/soymigrante.com\/revista\/el-corazon-partido-entre-naciones-el-gran-costo-emocional-para-el-migrante\/\" \/>\n\t<meta name=\"generator\" content=\"All in One SEO Pro (AIOSEO) 4.9.6.2\" \/>\n\n\t\t<link rel=\"preconnect\" href=\"https:\/\/fonts.googleapis.com\" crossorigin>\n<link rel=\"preconnect\" href=\"https:\/\/fonts.gstatic.com\" crossorigin>\n\t\t<meta property=\"og:locale\" content=\"es_ES\" \/>\n\t\t<meta property=\"og:site_name\" content=\"SoyMigrante.com REVISTA \u2013 Nuestra misi\u00f3n es reconocer y dignificar al migrante.\" \/>\n\t\t<meta property=\"og:type\" content=\"article\" \/>\n\t\t<meta property=\"og:title\" content=\"El coraz\u00f3n partido entre naciones: el gran costo emocional para el migrante\" \/>\n\t\t<meta property=\"og:description\" content=\"El costo emocional y existencial de ser migrante es alto, por dejar a familiares, amigos, una vida cotidiana, para ir en busca de oportunidad econ\u00f3mica y laboral\" \/>\n\t\t<meta property=\"og:url\" content=\"https:\/\/soymigrante.com\/revista\/el-corazon-partido-entre-naciones-el-gran-costo-emocional-para-el-migrante\/\" \/>\n\t\t<meta property=\"og:image\" content=\"https:\/\/soymigrante.com\/revista\/wp-content\/uploads\/2025\/05\/El-corazon-partido-entre-naciones-costo-emocional-del-migrante-2-e1748296416837.webp\" \/>\n\t\t<meta property=\"og:image:secure_url\" content=\"https:\/\/soymigrante.com\/revista\/wp-content\/uploads\/2025\/05\/El-corazon-partido-entre-naciones-costo-emocional-del-migrante-2-e1748296416837.webp\" \/>\n\t\t<meta property=\"og:image:width\" content=\"1067\" \/>\n\t\t<meta property=\"og:image:height\" content=\"1067\" \/>\n\t\t<meta property=\"article:published_time\" content=\"2025-05-29T22:18:16+00:00\" \/>\n\t\t<meta property=\"article:modified_time\" content=\"2025-08-27T16:03:24+00:00\" \/>\n\t\t<meta property=\"article:publisher\" content=\"https:\/\/www.facebook.com\/soymigrantecom\" \/>\n\t\t<meta name=\"twitter:card\" content=\"summary_large_image\" \/>\n\t\t<meta name=\"twitter:site\" content=\"@SoyMigrante_com\" \/>\n\t\t<meta name=\"twitter:title\" content=\"El coraz\u00f3n partido entre naciones: el gran costo emocional para el migrante\" \/>\n\t\t<meta name=\"twitter:description\" content=\"El costo emocional y existencial de ser migrante es alto, por dejar a familiares, amigos, una vida cotidiana, para ir en busca de oportunidad econ\u00f3mica y laboral\" \/>\n\t\t<meta name=\"twitter:creator\" content=\"@SoyMigrante_com\" \/>\n\t\t<meta name=\"twitter:image\" content=\"https:\/\/soymigrante.com\/revista\/wp-content\/uploads\/2025\/05\/El-corazon-partido-entre-naciones-costo-emocional-del-migrante-2-e1748296416837.webp\" \/>\n\t\t<!-- All in One SEO Pro -->\r\n\t\t<title>El coraz\u00f3n partido entre naciones: el gran costo emocional para el migrante<\/title>\n\n","aioseo_head_json":{"title":"El coraz\u00f3n partido entre naciones: el gran costo emocional para el migrante","description":"El costo emocional y existencial de ser migrante es alto, por dejar a familiares, amigos, una vida cotidiana, para ir en busca de oportunidad econ\u00f3mica y laboral","canonical_url":"https:\/\/soymigrante.com\/revista\/el-corazon-partido-entre-naciones-el-gran-costo-emocional-para-el-migrante\/","robots":"max-snippet:-1, max-image-preview:large, max-video-preview:-1","keywords":"","webmasterTools":{"miscellaneous":"&lt;link rel=\"preconnect\" href=\"https:\/\/fonts.googleapis.com\" crossorigin&gt;\n&lt;link rel=\"preconnect\" href=\"https:\/\/fonts.gstatic.com\" crossorigin&gt;"},"schema":null,"og:locale":"es_ES","og:site_name":"SoyMigrante.com REVISTA \u2013 Nuestra misi\u00f3n es reconocer y dignificar al migrante.","og:type":"article","og:title":"El coraz\u00f3n partido entre naciones: el gran costo emocional para el migrante","og:description":"El costo emocional y existencial de ser migrante es alto, por dejar a familiares, amigos, una vida cotidiana, para ir en busca de oportunidad econ\u00f3mica y laboral","og:url":"https:\/\/soymigrante.com\/revista\/el-corazon-partido-entre-naciones-el-gran-costo-emocional-para-el-migrante\/","og:image":"https:\/\/soymigrante.com\/revista\/wp-content\/uploads\/2025\/05\/El-corazon-partido-entre-naciones-costo-emocional-del-migrante-2-e1748296416837.webp","og:image:secure_url":"https:\/\/soymigrante.com\/revista\/wp-content\/uploads\/2025\/05\/El-corazon-partido-entre-naciones-costo-emocional-del-migrante-2-e1748296416837.webp","og:image:width":1067,"og:image:height":1067,"article:published_time":"2025-05-29T22:18:16+00:00","article:modified_time":"2025-08-27T16:03:24+00:00","article:publisher":"https:\/\/www.facebook.com\/soymigrantecom","twitter:card":"summary_large_image","twitter:site":"@SoyMigrante_com","twitter:title":"El coraz\u00f3n partido entre naciones: el gran costo emocional para el migrante","twitter:description":"El costo emocional y existencial de ser migrante es alto, por dejar a familiares, amigos, una vida cotidiana, para ir en busca de oportunidad econ\u00f3mica y laboral","twitter:creator":"@SoyMigrante_com","twitter:image":"https:\/\/soymigrante.com\/revista\/wp-content\/uploads\/2025\/05\/El-corazon-partido-entre-naciones-costo-emocional-del-migrante-2-e1748296416837.webp"},"aioseo_meta_data":{"post_id":"34557","title":"#post_title","description":"El costo emocional y existencial de ser migrante es alto, por dejar a familiares, amigos, una vida cotidiana, para ir en busca de oportunidad econ\u00f3mica y laboral","keywords":null,"keyphrases":{"focus":{"keyphrase":"migrante","score":82,"analysis":{"keyphraseInTitle":{"score":9,"maxScore":9,"error":0},"keyphraseInDescription":{"score":9,"maxScore":9,"error":0},"keyphraseLength":{"score":9,"maxScore":9,"error":0,"length":1},"keyphraseInURL":{"score":5,"maxScore":5,"error":0},"keyphraseInIntroduction":{"score":3,"maxScore":9,"error":1},"keyphraseInSubHeadings":{"score":3,"maxScore":9,"error":1},"keyphraseInImageAlt":{"score":9,"maxScore":9,"error":0},"keywordDensity":{"type":"best","score":9,"maxScore":9,"error":0}}},"additional":[{"keyphrase":"Migrante","score":87,"analysis":{"keyphraseInDescription":{"score":9,"maxScore":9,"error":0},"keyphraseLength":{"score":9,"maxScore":9,"error":0,"length":1},"keyphraseInIntroduction":{"score":3,"maxScore":9,"error":1},"keyphraseInImageAlt":{"score":9,"maxScore":9,"error":0},"keywordDensity":{"type":"best","score":9,"maxScore":9,"error":0}}},{"keyphrase":"costo emocional","score":53,"analysis":{"keyphraseInDescription":{"score":9,"maxScore":9,"error":0},"keyphraseLength":{"score":9,"maxScore":9,"error":0,"length":2},"keyphraseInIntroduction":{"score":3,"maxScore":9,"error":1},"keyphraseInImageAlt":{"score":3,"maxScore":9,"error":1},"keywordDensity":{"score":0,"type":"low","maxScore":9,"error":1}}}]},"primary_term":null,"canonical_url":null,"og_title":null,"og_description":null,"og_object_type":"default","og_image_type":"default","og_image_url":null,"og_image_width":null,"og_image_height":null,"og_image_custom_url":null,"og_image_custom_fields":null,"og_video":"","og_custom_url":null,"og_article_section":null,"og_article_tags":null,"twitter_use_og":false,"twitter_card":"default","twitter_image_type":"default","twitter_image_url":null,"twitter_image_custom_url":null,"twitter_image_custom_fields":null,"twitter_title":null,"twitter_description":null,"schema":{"blockGraphs":[],"customGraphs":[],"default":{"data":{"Article":[],"Course":[],"Dataset":[],"FAQPage":[],"Movie":[],"Person":[],"Product":[],"ProductReview":[],"Car":[],"Recipe":[],"Service":[],"SoftwareApplication":[],"WebPage":[]},"graphName":"none","isEnabled":true},"graphs":[]},"schema_type":"default","schema_type_options":null,"pillar_content":false,"robots_default":true,"robots_noindex":false,"robots_noarchive":false,"robots_nosnippet":false,"robots_nofollow":false,"robots_noimageindex":false,"robots_noodp":false,"robots_notranslate":false,"robots_max_snippet":"-1","robots_max_videopreview":"-1","robots_max_imagepreview":"large","priority":null,"frequency":"default","local_seo":null,"seo_analyzer_scan_date":"2025-10-09 05:30:12","breadcrumb_settings":null,"limit_modified_date":false,"reviewed_by":"0","open_ai":"{\"title\":{\"suggestions\":[],\"usage\":0},\"description\":{\"suggestions\":[],\"usage\":0}}","ai":null,"created":"2025-05-26 21:55:15","updated":"2026-02-04 23:51:19"},"aioseo_breadcrumb":"<div class=\"aioseo-breadcrumbs\"><span class=\"aioseo-breadcrumb\">\n\t<a href=\"https:\/\/soymigrante.com\/revista\" title=\"Home\">Home<\/a>\n<\/span><span class=\"aioseo-breadcrumb-separator\">\u00bb<\/span><span class=\"aioseo-breadcrumb\">\n\t<a href=\"https:\/\/soymigrante.com\/revista\/category\/bienestar\/\" title=\"Bienestar\">Bienestar<\/a>\n<\/span><span class=\"aioseo-breadcrumb-separator\">\u00bb<\/span><span class=\"aioseo-breadcrumb\">\n\t<a href=\"https:\/\/soymigrante.com\/revista\/category\/bienestar\/salud-emocional\/\" title=\"Salud Emocional\">Salud Emocional<\/a>\n<\/span><span class=\"aioseo-breadcrumb-separator\">\u00bb<\/span><span class=\"aioseo-breadcrumb\">\n\tEl coraz\u00f3n partido entre naciones: el gran costo emocional para el migrante\n<\/span><\/div>","aioseo_breadcrumb_json":[{"label":"Home","link":"https:\/\/soymigrante.com\/revista"},{"label":"Bienestar","link":"https:\/\/soymigrante.com\/revista\/category\/bienestar\/"},{"label":"Salud Emocional","link":"https:\/\/soymigrante.com\/revista\/category\/bienestar\/salud-emocional\/"},{"label":"El coraz\u00f3n partido entre naciones: el gran costo emocional para el migrante","link":"https:\/\/soymigrante.com\/revista\/el-corazon-partido-entre-naciones-el-gran-costo-emocional-para-el-migrante\/"}],"_links":{"self":[{"href":"https:\/\/soymigrante.com\/revista\/wp-json\/wp\/v2\/posts\/34557","targetHints":{"allow":["GET"]}}],"collection":[{"href":"https:\/\/soymigrante.com\/revista\/wp-json\/wp\/v2\/posts"}],"about":[{"href":"https:\/\/soymigrante.com\/revista\/wp-json\/wp\/v2\/types\/post"}],"author":[{"embeddable":true,"href":"https:\/\/soymigrante.com\/revista\/wp-json\/wp\/v2\/users\/19"}],"replies":[{"embeddable":true,"href":"https:\/\/soymigrante.com\/revista\/wp-json\/wp\/v2\/comments?post=34557"}],"version-history":[{"count":15,"href":"https:\/\/soymigrante.com\/revista\/wp-json\/wp\/v2\/posts\/34557\/revisions"}],"predecessor-version":[{"id":35066,"href":"https:\/\/soymigrante.com\/revista\/wp-json\/wp\/v2\/posts\/34557\/revisions\/35066"}],"wp:featuredmedia":[{"embeddable":true,"href":"https:\/\/soymigrante.com\/revista\/wp-json\/wp\/v2\/media\/34558"}],"wp:attachment":[{"href":"https:\/\/soymigrante.com\/revista\/wp-json\/wp\/v2\/media?parent=34557"}],"wp:term":[{"taxonomy":"category","embeddable":true,"href":"https:\/\/soymigrante.com\/revista\/wp-json\/wp\/v2\/categories?post=34557"},{"taxonomy":"post_tag","embeddable":true,"href":"https:\/\/soymigrante.com\/revista\/wp-json\/wp\/v2\/tags?post=34557"}],"curies":[{"name":"wp","href":"https:\/\/api.w.org\/{rel}","templated":true}]}}